{"id":13681,"date":"2025-04-14T12:00:48","date_gmt":"2025-04-14T10:00:48","guid":{"rendered":"https:\/\/www.anovapeneira.gal\/?p=13681"},"modified":"2025-04-09T12:58:07","modified_gmt":"2025-04-09T10:58:07","slug":"o-bng-das-neves-renova-o-seu-grupo-municipal-2","status":"publish","type":"post","link":"https:\/\/www.anovapeneira.gal\/index.php\/2025\/04\/14\/o-bng-das-neves-renova-o-seu-grupo-municipal-2\/","title":{"rendered":"O BNG das Neves renova o seu grupo municipal"},"content":{"rendered":"\n<p><strong>A dimisi\u00f3n do ex alcalde das Neves, Xos\u00e9 Manuel Rodr\u00edguez e da concelleira Pilar Gonz\u00e1lez supuxo a entrada de d\u00faas novas concelleiras nacionalistas na corporaci\u00f3n, Roc\u00edo Barreiro e Alba Casas, e que o concelleiro \u00d3scar Gonz\u00e1lez asumira a responsabilidade de ser o novo portavoz do grupo municipal.<\/strong><\/p>\n\n\n\n<p><strong>\u00d3scar \u00e9 un rapaz de Taboexa, de 42 anos de idade, inform\u00e1tico de formaci\u00f3n que est\u00e1 moi implicado no tecido social das Neves, de feito \u00e9 o presidente da CM da s\u00faa parroquia. Quixemos co\u00f1ecelo mellor e falamos con el.<\/strong><\/p>\n\n\n\n<p><strong>\u00d3scar Gonz\u00e1lez voceiro municipal.<\/strong><\/p>\n\n\n\n<p>\u201c<strong>O goberno actual \u00e9 moi pobre,e est\u00e1 levando a As Neves a un evidente retroceso\u201d<\/strong><\/p>\n\n\n\n<p><strong>Hai poucos d\u00edas produciuse un importante relevo no voso grupo municipal. A dimisi\u00f3n de Xos\u00e9 e de Pilar provoca que entren d\u00faas concelleiras novas: Roc\u00edo e Alba, e que ti asumas a responsabilidade de ser o portavoz do grupo municipal. Con que \u00e1nimos encaras este cambio tan importante?<\/strong><\/p>\n\n\n\n<blockquote class=\"wp-block-quote is-layout-flow wp-block-quote-is-layout-flow\">\n<p>Os \u00e1nimos non poder\u00edan ser mellores. Estou tremendamente agradecido e honrado pola confianza que temos recibido de maneira un\u00e1nime da militancia das Neves, e coa intenci\u00f3n de dar o mellor de min mesmo para podermos obter a confianza da maior\u00eda social da nosa localidade.<\/p>\n<\/blockquote>\n\n\n\n<p><strong>Queremos co\u00f1ecerte un pouco mellor, \u00d3scar<\/strong><\/p>\n\n\n\n<blockquote class=\"wp-block-quote is-layout-flow wp-block-quote-is-layout-flow\">\n<p>Ben, pois eu son natural de Taboexa, te\u00f1o 42 anos, a mi\u00f1a formaci\u00f3n \u00e9 a de inform\u00e1tico, e neste momento traballo en funci\u00f3ns de encargado nunha empresa de obra p\u00fablica. Desde sempre tiven interese nos asuntos p\u00fablicos, e procurei participar no tecido social da nosa comunidade. Agora mesmo son presidente da CM de Taboexa e activista contra a instalaci\u00f3n de e\u00f3licos nos nosos montes.<\/p>\n<\/blockquote>\n\n\n\n<p><strong>Canto tempo levas como Concelleiro?<\/strong><\/p>\n\n\n\n<blockquote class=\"wp-block-quote is-layout-flow wp-block-quote-is-layout-flow\">\n<p>Desde o 2011. No mandato do 11 ao 15 estiven na oposici\u00f3n, entre o 15 e o 23 formei parte do goberno,e no actual mandato estou de novo na oposici\u00f3n.<\/p>\n<\/blockquote>\n\n\n\n<p><strong>Como valoras a dimisi\u00f3n de Xos\u00e9 Manuel Rodr\u00edguez?<\/strong><\/p>\n\n\n\n<blockquote class=\"wp-block-quote is-layout-flow wp-block-quote-is-layout-flow\">\n<p>Ben, el foi consciente de que o seu proxecto non recibiu a confianza necesaria para seguir gobernando e tomou a decisi\u00f3n de dar un paso atr\u00e1s. Unha decisi\u00f3n honesta e valente que eu valoro de maneira moi positiva.<\/p>\n<\/blockquote>\n\n\n\n<p><strong>Por que non obtivo a necesaria confianza nas elecci\u00f3ns do 23?<\/strong><\/p>\n\n\n\n<blockquote class=\"wp-block-quote is-layout-flow wp-block-quote-is-layout-flow\">\n<p>A campa\u00f1a sucia que desenvolveron tanto o PP como a Agrupaci\u00f3n de Electores, que ti\u00f1a por obxecto atacar \u00e1 imaxe persoal do anterior alcalde, tivo unha parte importante de culpa sen d\u00fabida algunha.<\/p>\n<\/blockquote>\n\n\n\n<p><strong>Danos o perfil das d\u00faas novas concelleiras, Roc\u00edo e Alba?<\/strong><\/p>\n\n\n\n<blockquote class=\"wp-block-quote is-layout-flow wp-block-quote-is-layout-flow\">\n<p>Roc\u00edo \u00e9 doutora en Qu\u00edmicas, foi concelleira de cultura e mocidade no mandato 19-23 e desenvolveu un magn\u00edfico traballo sen percibir ning\u00fan tipo de retribuci\u00f3n econ\u00f3mica. S\u00f3 por amor ao seu pobo. \u00c9 un luxo que nos poida acompa\u00f1ar de novo.<\/p>\n<\/blockquote>\n\n\n\n<blockquote class=\"wp-block-quote is-layout-flow wp-block-quote-is-layout-flow\">\n<p>Alba \u00e9 doutora en Arte, e unha persoa moi implicada no tecido social das Neves. Era unha das organizadoras do Urban Fest, e \u00e9 un reforzo de primeiro nivel para o noso grupo municipal.<\/p>\n<\/blockquote>\n\n\n\n<p><strong>Como valora o BNG ao actual goberno das Neves?<\/strong><\/p>\n\n\n\n<blockquote class=\"wp-block-quote is-layout-flow wp-block-quote-is-layout-flow\">\n<p>\u00c9 un goberno moi pobre que est\u00e1 levando ao noso concello a unha situaci\u00f3n de evidente retroceso.<\/p>\n<\/blockquote>\n\n\n\n<blockquote class=\"wp-block-quote is-layout-flow wp-block-quote-is-layout-flow\">\n<p>A xesti\u00f3n \u00e9 moi deficiente, a realidade econ\u00f3mica moi preocupante, vemos como os orzamentos do concello non deixan de baixar, e o que \u00e9 especialmente grave \u00e9 que carecen de modelo de vila. Non saben a onde queren ir, e polo tanto non hai ning\u00fan tipo de cami\u00f1o pol\u00edtico dese\u00f1ado. O goberno das Neves lim\u00edtase \u00e1 xestionar como poden o d\u00eda a d\u00eda, e para iso mal.<\/p>\n<\/blockquote>\n\n\n\n<p><strong>A estafa de 8.000\u20ac que sufriu o Concello das Neves foi unha cuesti\u00f3n de mala sorte, ou de neglixencia?<\/strong><\/p>\n\n\n\n<blockquote class=\"wp-block-quote is-layout-flow wp-block-quote-is-layout-flow\">\n<p>Imos ver: cando algu\u00e9n est\u00e1 a xestionar cartos p\u00fablicos ten que e ser moi escrupuloso pois manexa di\u00f1eiro que non \u00e9 seu. \u00c9 para o ben com\u00fan.<\/p>\n<\/blockquote>\n\n\n\n<blockquote class=\"wp-block-quote is-layout-flow wp-block-quote-is-layout-flow\">\n<p>Nese asunto polo que me preguntas hai unha vontade de estafar por parte de quen env\u00eda o correo. Pero tam\u00e9n hai unha evidente neglixencia por quen o recibe. Se un suposto provedor do concello env\u00eda un correo dicindo que a partir de agora as facturas deben de ser abonadas a un novo n\u00famero de conta, o concello est\u00e1 na obriga de comprobar que a mensaxe sexa veraz e debe de exixir \u00e1 empresa un certificado de titularidade bancaria.<\/p>\n<\/blockquote>\n\n\n\n<blockquote class=\"wp-block-quote is-layout-flow wp-block-quote-is-layout-flow\">\n<p>Se non o fai e paga sen m\u00e1is, a neglixencia \u00e9 notoria. E esa neglixencia fixo que 8.000\u20ac que eran da veci\u00f1anza das Neves foran roubados.<\/p>\n<\/blockquote>\n\n\n\n<p><strong>Antes me dic\u00edas que ao teu xu\u00edzo o actual goberno carece de modelo de Vila. Ter un modelo e un plan dese\u00f1ado para chegar a el \u00e9, segundo o meu punto de vista, o que diferencia a un bo goberno dun malo. Podes dicir con rotundidade que o goberno das Neves non est\u00e1 a facer nada para tratar de combater os graves problemas estruturais que ten As Neves?<\/strong><\/p>\n\n\n\n<blockquote class=\"wp-block-quote is-layout-flow wp-block-quote-is-layout-flow\">\n<p>Si, podo dicilo. E lamento moito dicilo, pero \u00e9 a realidade. Non nos consta que o goberno estea a facer nada para abordar as deficiencias estruturais que existen no noso Concello. E iso que todos os concelleiros te\u00f1en dedicaci\u00f3n, maior ou menor, pero todos cobran. E a\u00ednda as\u00ed a s\u00faa ineficacia \u00e9 manifesta.<\/p>\n<\/blockquote>\n\n\n\n<p><strong>Alg\u00fan exemplo desa suposta ineficacia?<\/strong><\/p>\n\n\n\n<blockquote class=\"wp-block-quote is-layout-flow wp-block-quote-is-layout-flow\">\n<p>A xesti\u00f3n do SAF. Este goberno vai ter un oco na historia; vai ser o goberno cuxa incompetencia levou \u00e1 primeira folga de persoal que traballa para o Concello .Polo menos que eu recorde nunca se deu un caso parecido na nosa historia. Non parece que vaiamos ter un novo contrato do SAF ata despois do ver\u00e1n.<\/p>\n<\/blockquote>\n\n\n\n<p><strong>A relaci\u00f3n da Xunta co goberno actual \u00e9 a mesma que a que ti\u00f1a co goberno do BNG?<\/strong><\/p>\n\n\n\n<blockquote class=\"wp-block-quote is-layout-flow wp-block-quote-is-layout-flow\">\n<p>Non, de ningunha maneira. A colaboraci\u00f3n da Xunta co noso goberno foi ningunha. Houbo proxectos que presentamos n\u00f3s aos que se nos dixo reiteradamente que non, e que poucos d\u00edas despois de que o PP recuperase o goberno do Concello recibiron o visto bo da Xunta.<\/p>\n<\/blockquote>\n\n\n\n<p><strong>Por exemplo?<\/strong><\/p>\n\n\n\n<blockquote class=\"wp-block-quote is-layout-flow wp-block-quote-is-layout-flow\">\n<p>O enlace de Setados. N\u00f3s pedimos que se arranxase ese grave problema viario en diversas ocasi\u00f3ns e a resposta foi sempre a mesma:Non. A conselleira Ethel V\u00e1zquez chegounos a dicir que iso non era unha prioridade porque al\u00ed non tivera habido mortos. E esa mesma conselleira foi a que anunciou, pouco despois de que o PP ga\u00f1ase a alcald\u00eda das Neves, que a Xunta se \u00eda implicar na soluci\u00f3n dese asunto.<\/p>\n<\/blockquote>\n\n\n\n<blockquote class=\"wp-block-quote is-layout-flow wp-block-quote-is-layout-flow\">\n<p>O PP trata de maneira diferente \u00e1s persoas segundo vivan en concellos gobernados por eles ou non. E esa forma de gobernar \u00e9 a todas luces lamentable.<\/p>\n<\/blockquote>\n\n\n\n<p><strong>Rematamos \u00d3scar: que pode esperar un veci\u00f1o ou veci\u00f1a das Neves do BNG nestes dous anos que faltan para o vindeiro proceso electoral?<\/strong><\/p>\n\n\n\n<blockquote class=\"wp-block-quote is-layout-flow wp-block-quote-is-layout-flow\">\n<p>O BNG ten un aval hist\u00f3rico non s\u00f3 nas Neves sen\u00f3n en todo o pa\u00eds galego: Somos unha forza pegada \u00e1 realidade social do noso pobo, que non obedece a ning\u00fan outro interese que ao do ben com\u00fan do pobo galego. O BNG das Neves est\u00e1 ao dispor de toda a veci\u00f1anza para axudar a solucionar problemas e a mellorar a vida diaria. Convido a calquera veci\u00f1o ou veci\u00f1a das Neves que te\u00f1a interese en que no noso pobo haxa servizos, oportunidades e se trate a todas as persoas de maneira escrupulosamente xusta a que nos co\u00f1eza.<\/p>\n<\/blockquote>\n\n\n\n<blockquote class=\"wp-block-quote is-layout-flow wp-block-quote-is-layout-flow\">\n<p>Temos un equipo marabilloso e, con toda a humildade,digo que aspiramos a obter a confianza da maior\u00eda da sociedade nas elecci\u00f3ns do 2027.<\/p>\n<\/blockquote>\n","protected":false},"excerpt":{"rendered":"<div class=\"mh-excerpt\"><p>A dimisi\u00f3n do ex alcalde das Neves, Xos\u00e9 Manuel Rodr\u00edguez e da concelleira Pilar Gonz\u00e1lez supuxo a entrada de d\u00faas novas concelleiras nacionalistas na corporaci\u00f3n <a class=\"mh-excerpt-more\" href=\"https:\/\/www.anovapeneira.gal\/index.php\/2025\/04\/14\/o-bng-das-neves-renova-o-seu-grupo-municipal-2\/\" title=\"O BNG das Neves renova o seu grupo municipal\">[&#8230;]<\/a><\/p>\n<\/div>","protected":false},"author":2,"featured_media":13684,"comment_status":"open","ping_status":"open","sticky":false,"template":"","format":"standard","meta":{"_exactmetrics_skip_tracking":false,"_exactmetrics_sitenote_active":false,"_exactmetrics_sitenote_note":"","_exactmetrics_sitenote_category":0,"footnotes":""},"categories":[267],"tags":[546],"class_list":{"0":"post-13681","1":"post","2":"type-post","3":"status-publish","4":"format-standard","5":"has-post-thumbnail","7":"category-condado-entrevistas","8":"tag-concello-das-neves"},"yoast_head":"<!-- This site is optimized with the Yoast SEO plugin v27.4 - https:\/\/yoast.com\/product\/yoast-seo-wordpress\/ -->\n<title>O BNG das Neves renova o seu grupo municipal -<\/title>\n<meta name=\"robots\" content=\"index, follow, max-snippet:-1, max-image-preview:large, max-video-preview:-1\" \/>\n<link rel=\"canonical\" href=\"https:\/\/www.anovapeneira.gal\/index.php\/2025\/04\/14\/o-bng-das-neves-renova-o-seu-grupo-municipal-2\/\" \/>\n<meta property=\"og:locale\" content=\"gl_ES\" \/>\n<meta property=\"og:type\" content=\"article\" \/>\n<meta property=\"og:title\" content=\"O BNG das Neves renova o seu grupo municipal -\" \/>\n<meta property=\"og:description\" content=\"A dimisi\u00f3n do ex alcalde das Neves, Xos\u00e9 Manuel Rodr\u00edguez e da concelleira Pilar Gonz\u00e1lez supuxo a entrada de d\u00faas novas concelleiras nacionalistas na corporaci\u00f3n [...]\" \/>\n<meta property=\"og:url\" content=\"https:\/\/www.anovapeneira.gal\/index.php\/2025\/04\/14\/o-bng-das-neves-renova-o-seu-grupo-municipal-2\/\" \/>\n<meta property=\"article:publisher\" content=\"https:\/\/www.facebook.com\/anovapeneira\" \/>\n<meta property=\"article:published_time\" content=\"2025-04-14T10:00:48+00:00\" \/>\n<meta property=\"og:image\" content=\"https:\/\/www.anovapeneira.gal\/wp-content\/uploads\/2025\/04\/bng_as_neves.png\" \/>\n\t<meta property=\"og:image:width\" content=\"720\" \/>\n\t<meta property=\"og:image:height\" content=\"432\" \/>\n\t<meta property=\"og:image:type\" content=\"image\/png\" \/>\n<meta name=\"author\" content=\"Tino Lago\" \/>\n<meta name=\"twitter:card\" content=\"summary_large_image\" \/>\n<meta name=\"twitter:creator\" content=\"@APeneira\" \/>\n<meta name=\"twitter:site\" content=\"@APeneira\" \/>\n<meta name=\"twitter:label1\" content=\"Escrito por\" \/>\n\t<meta name=\"twitter:data1\" content=\"Tino Lago\" \/>\n\t<meta name=\"twitter:label2\" content=\"Tempo de lectura\" \/>\n\t<meta name=\"twitter:data2\" content=\"3 minutos\" \/>\n<script type=\"application\/ld+json\" class=\"yoast-schema-graph\">{\"@context\":\"https:\\\/\\\/schema.org\",\"@graph\":[{\"@type\":\"Article\",\"@id\":\"https:\\\/\\\/www.anovapeneira.gal\\\/index.php\\\/2025\\\/04\\\/14\\\/o-bng-das-neves-renova-o-seu-grupo-municipal-2\\\/#article\",\"isPartOf\":{\"@id\":\"https:\\\/\\\/www.anovapeneira.gal\\\/index.php\\\/2025\\\/04\\\/14\\\/o-bng-das-neves-renova-o-seu-grupo-municipal-2\\\/\"},\"author\":{\"name\":\"Tino Lago\",\"@id\":\"https:\\\/\\\/www.anovapeneira.gal\\\/#\\\/schema\\\/person\\\/424dfe65e3070fd8a44d22d2c088762a\"},\"headline\":\"O BNG das Neves renova o seu grupo municipal\",\"datePublished\":\"2025-04-14T10:00:48+00:00\",\"mainEntityOfPage\":{\"@id\":\"https:\\\/\\\/www.anovapeneira.gal\\\/index.php\\\/2025\\\/04\\\/14\\\/o-bng-das-neves-renova-o-seu-grupo-municipal-2\\\/\"},\"wordCount\":1295,\"commentCount\":0,\"publisher\":{\"@id\":\"https:\\\/\\\/www.anovapeneira.gal\\\/#organization\"},\"image\":{\"@id\":\"https:\\\/\\\/www.anovapeneira.gal\\\/index.php\\\/2025\\\/04\\\/14\\\/o-bng-das-neves-renova-o-seu-grupo-municipal-2\\\/#primaryimage\"},\"thumbnailUrl\":\"https:\\\/\\\/www.anovapeneira.gal\\\/wp-content\\\/uploads\\\/2025\\\/04\\\/bng_as_neves.png\",\"keywords\":[\"Concello das Neves\"],\"articleSection\":[\"Condado\"],\"inLanguage\":\"gl-ES\",\"potentialAction\":[{\"@type\":\"CommentAction\",\"name\":\"Comment\",\"target\":[\"https:\\\/\\\/www.anovapeneira.gal\\\/index.php\\\/2025\\\/04\\\/14\\\/o-bng-das-neves-renova-o-seu-grupo-municipal-2\\\/#respond\"]}]},{\"@type\":\"WebPage\",\"@id\":\"https:\\\/\\\/www.anovapeneira.gal\\\/index.php\\\/2025\\\/04\\\/14\\\/o-bng-das-neves-renova-o-seu-grupo-municipal-2\\\/\",\"url\":\"https:\\\/\\\/www.anovapeneira.gal\\\/index.php\\\/2025\\\/04\\\/14\\\/o-bng-das-neves-renova-o-seu-grupo-municipal-2\\\/\",\"name\":\"O BNG das Neves renova o seu grupo municipal -\",\"isPartOf\":{\"@id\":\"https:\\\/\\\/www.anovapeneira.gal\\\/#website\"},\"primaryImageOfPage\":{\"@id\":\"https:\\\/\\\/www.anovapeneira.gal\\\/index.php\\\/2025\\\/04\\\/14\\\/o-bng-das-neves-renova-o-seu-grupo-municipal-2\\\/#primaryimage\"},\"image\":{\"@id\":\"https:\\\/\\\/www.anovapeneira.gal\\\/index.php\\\/2025\\\/04\\\/14\\\/o-bng-das-neves-renova-o-seu-grupo-municipal-2\\\/#primaryimage\"},\"thumbnailUrl\":\"https:\\\/\\\/www.anovapeneira.gal\\\/wp-content\\\/uploads\\\/2025\\\/04\\\/bng_as_neves.png\",\"datePublished\":\"2025-04-14T10:00:48+00:00\",\"breadcrumb\":{\"@id\":\"https:\\\/\\\/www.anovapeneira.gal\\\/index.php\\\/2025\\\/04\\\/14\\\/o-bng-das-neves-renova-o-seu-grupo-municipal-2\\\/#breadcrumb\"},\"inLanguage\":\"gl-ES\",\"potentialAction\":[{\"@type\":\"ReadAction\",\"target\":[\"https:\\\/\\\/www.anovapeneira.gal\\\/index.php\\\/2025\\\/04\\\/14\\\/o-bng-das-neves-renova-o-seu-grupo-municipal-2\\\/\"]}]},{\"@type\":\"ImageObject\",\"inLanguage\":\"gl-ES\",\"@id\":\"https:\\\/\\\/www.anovapeneira.gal\\\/index.php\\\/2025\\\/04\\\/14\\\/o-bng-das-neves-renova-o-seu-grupo-municipal-2\\\/#primaryimage\",\"url\":\"https:\\\/\\\/www.anovapeneira.gal\\\/wp-content\\\/uploads\\\/2025\\\/04\\\/bng_as_neves.png\",\"contentUrl\":\"https:\\\/\\\/www.anovapeneira.gal\\\/wp-content\\\/uploads\\\/2025\\\/04\\\/bng_as_neves.png\",\"width\":720,\"height\":432,\"caption\":\"BNG as Neves\"},{\"@type\":\"BreadcrumbList\",\"@id\":\"https:\\\/\\\/www.anovapeneira.gal\\\/index.php\\\/2025\\\/04\\\/14\\\/o-bng-das-neves-renova-o-seu-grupo-municipal-2\\\/#breadcrumb\",\"itemListElement\":[{\"@type\":\"ListItem\",\"position\":1,\"name\":\"Portada\",\"item\":\"https:\\\/\\\/www.anovapeneira.gal\\\/\"},{\"@type\":\"ListItem\",\"position\":2,\"name\":\"O BNG das Neves renova o seu grupo municipal\"}]},{\"@type\":\"WebSite\",\"@id\":\"https:\\\/\\\/www.anovapeneira.gal\\\/#website\",\"url\":\"https:\\\/\\\/www.anovapeneira.gal\\\/\",\"name\":\"\",\"description\":\"Xornal galego de informaci\u00f3n xeral Publicaci\u00f3n mensual de novas de Galicia e en especial dos Concellos da sur da provincia de Pontevedra.\",\"publisher\":{\"@id\":\"https:\\\/\\\/www.anovapeneira.gal\\\/#organization\"},\"potentialAction\":[{\"@type\":\"SearchAction\",\"target\":{\"@type\":\"EntryPoint\",\"urlTemplate\":\"https:\\\/\\\/www.anovapeneira.gal\\\/?s={search_term_string}\"},\"query-input\":{\"@type\":\"PropertyValueSpecification\",\"valueRequired\":true,\"valueName\":\"search_term_string\"}}],\"inLanguage\":\"gl-ES\"},{\"@type\":\"Organization\",\"@id\":\"https:\\\/\\\/www.anovapeneira.gal\\\/#organization\",\"name\":\"A Nova Peneira\",\"url\":\"https:\\\/\\\/www.anovapeneira.gal\\\/\",\"logo\":{\"@type\":\"ImageObject\",\"inLanguage\":\"gl-ES\",\"@id\":\"https:\\\/\\\/www.anovapeneira.gal\\\/#\\\/schema\\\/logo\\\/image\\\/\",\"url\":\"http:\\\/\\\/www.anovapeneira.gal\\\/wp-content\\\/uploads\\\/2019\\\/06\\\/logo_a_nova_peneira_portal_web.png\",\"contentUrl\":\"http:\\\/\\\/www.anovapeneira.gal\\\/wp-content\\\/uploads\\\/2019\\\/06\\\/logo_a_nova_peneira_portal_web.png\",\"width\":300,\"height\":100,\"caption\":\"A Nova Peneira\"},\"image\":{\"@id\":\"https:\\\/\\\/www.anovapeneira.gal\\\/#\\\/schema\\\/logo\\\/image\\\/\"},\"sameAs\":[\"https:\\\/\\\/www.facebook.com\\\/anovapeneira\",\"https:\\\/\\\/x.com\\\/APeneira\"]},{\"@type\":\"Person\",\"@id\":\"https:\\\/\\\/www.anovapeneira.gal\\\/#\\\/schema\\\/person\\\/424dfe65e3070fd8a44d22d2c088762a\",\"name\":\"Tino Lago\",\"image\":{\"@type\":\"ImageObject\",\"inLanguage\":\"gl-ES\",\"@id\":\"https:\\\/\\\/secure.gravatar.com\\\/avatar\\\/b3df6a06e44bab3111583b90f0f33a0379ee5e3d22cbadd232d39f21c30c62be?s=96&d=mm&r=g\",\"url\":\"https:\\\/\\\/secure.gravatar.com\\\/avatar\\\/b3df6a06e44bab3111583b90f0f33a0379ee5e3d22cbadd232d39f21c30c62be?s=96&d=mm&r=g\",\"contentUrl\":\"https:\\\/\\\/secure.gravatar.com\\\/avatar\\\/b3df6a06e44bab3111583b90f0f33a0379ee5e3d22cbadd232d39f21c30c62be?s=96&d=mm&r=g\",\"caption\":\"Tino Lago\"},\"sameAs\":[\"http:\\\/\\\/www.anovapeneira.gal\"],\"url\":\"https:\\\/\\\/www.anovapeneira.gal\\\/index.php\\\/author\\\/director\\\/\"}]}<\/script>\n<!-- \/ Yoast SEO plugin. -->","yoast_head_json":{"title":"O BNG das Neves renova o seu grupo municipal -","robots":{"index":"index","follow":"follow","max-snippet":"max-snippet:-1","max-image-preview":"max-image-preview:large","max-video-preview":"max-video-preview:-1"},"canonical":"https:\/\/www.anovapeneira.gal\/index.php\/2025\/04\/14\/o-bng-das-neves-renova-o-seu-grupo-municipal-2\/","og_locale":"gl_ES","og_type":"article","og_title":"O BNG das Neves renova o seu grupo municipal -","og_description":"A dimisi\u00f3n do ex alcalde das Neves, Xos\u00e9 Manuel Rodr\u00edguez e da concelleira Pilar Gonz\u00e1lez supuxo a entrada de d\u00faas novas concelleiras nacionalistas na corporaci\u00f3n [...]","og_url":"https:\/\/www.anovapeneira.gal\/index.php\/2025\/04\/14\/o-bng-das-neves-renova-o-seu-grupo-municipal-2\/","article_publisher":"https:\/\/www.facebook.com\/anovapeneira","article_published_time":"2025-04-14T10:00:48+00:00","og_image":[{"width":720,"height":432,"url":"https:\/\/www.anovapeneira.gal\/wp-content\/uploads\/2025\/04\/bng_as_neves.png","type":"image\/png"}],"author":"Tino Lago","twitter_card":"summary_large_image","twitter_creator":"@APeneira","twitter_site":"@APeneira","twitter_misc":{"Escrito por":"Tino Lago","Tempo de lectura":"3 minutos"},"schema":{"@context":"https:\/\/schema.org","@graph":[{"@type":"Article","@id":"https:\/\/www.anovapeneira.gal\/index.php\/2025\/04\/14\/o-bng-das-neves-renova-o-seu-grupo-municipal-2\/#article","isPartOf":{"@id":"https:\/\/www.anovapeneira.gal\/index.php\/2025\/04\/14\/o-bng-das-neves-renova-o-seu-grupo-municipal-2\/"},"author":{"name":"Tino Lago","@id":"https:\/\/www.anovapeneira.gal\/#\/schema\/person\/424dfe65e3070fd8a44d22d2c088762a"},"headline":"O BNG das Neves renova o seu grupo municipal","datePublished":"2025-04-14T10:00:48+00:00","mainEntityOfPage":{"@id":"https:\/\/www.anovapeneira.gal\/index.php\/2025\/04\/14\/o-bng-das-neves-renova-o-seu-grupo-municipal-2\/"},"wordCount":1295,"commentCount":0,"publisher":{"@id":"https:\/\/www.anovapeneira.gal\/#organization"},"image":{"@id":"https:\/\/www.anovapeneira.gal\/index.php\/2025\/04\/14\/o-bng-das-neves-renova-o-seu-grupo-municipal-2\/#primaryimage"},"thumbnailUrl":"https:\/\/www.anovapeneira.gal\/wp-content\/uploads\/2025\/04\/bng_as_neves.png","keywords":["Concello das Neves"],"articleSection":["Condado"],"inLanguage":"gl-ES","potentialAction":[{"@type":"CommentAction","name":"Comment","target":["https:\/\/www.anovapeneira.gal\/index.php\/2025\/04\/14\/o-bng-das-neves-renova-o-seu-grupo-municipal-2\/#respond"]}]},{"@type":"WebPage","@id":"https:\/\/www.anovapeneira.gal\/index.php\/2025\/04\/14\/o-bng-das-neves-renova-o-seu-grupo-municipal-2\/","url":"https:\/\/www.anovapeneira.gal\/index.php\/2025\/04\/14\/o-bng-das-neves-renova-o-seu-grupo-municipal-2\/","name":"O BNG das Neves renova o seu grupo municipal -","isPartOf":{"@id":"https:\/\/www.anovapeneira.gal\/#website"},"primaryImageOfPage":{"@id":"https:\/\/www.anovapeneira.gal\/index.php\/2025\/04\/14\/o-bng-das-neves-renova-o-seu-grupo-municipal-2\/#primaryimage"},"image":{"@id":"https:\/\/www.anovapeneira.gal\/index.php\/2025\/04\/14\/o-bng-das-neves-renova-o-seu-grupo-municipal-2\/#primaryimage"},"thumbnailUrl":"https:\/\/www.anovapeneira.gal\/wp-content\/uploads\/2025\/04\/bng_as_neves.png","datePublished":"2025-04-14T10:00:48+00:00","breadcrumb":{"@id":"https:\/\/www.anovapeneira.gal\/index.php\/2025\/04\/14\/o-bng-das-neves-renova-o-seu-grupo-municipal-2\/#breadcrumb"},"inLanguage":"gl-ES","potentialAction":[{"@type":"ReadAction","target":["https:\/\/www.anovapeneira.gal\/index.php\/2025\/04\/14\/o-bng-das-neves-renova-o-seu-grupo-municipal-2\/"]}]},{"@type":"ImageObject","inLanguage":"gl-ES","@id":"https:\/\/www.anovapeneira.gal\/index.php\/2025\/04\/14\/o-bng-das-neves-renova-o-seu-grupo-municipal-2\/#primaryimage","url":"https:\/\/www.anovapeneira.gal\/wp-content\/uploads\/2025\/04\/bng_as_neves.png","contentUrl":"https:\/\/www.anovapeneira.gal\/wp-content\/uploads\/2025\/04\/bng_as_neves.png","width":720,"height":432,"caption":"BNG as Neves"},{"@type":"BreadcrumbList","@id":"https:\/\/www.anovapeneira.gal\/index.php\/2025\/04\/14\/o-bng-das-neves-renova-o-seu-grupo-municipal-2\/#breadcrumb","itemListElement":[{"@type":"ListItem","position":1,"name":"Portada","item":"https:\/\/www.anovapeneira.gal\/"},{"@type":"ListItem","position":2,"name":"O BNG das Neves renova o seu grupo municipal"}]},{"@type":"WebSite","@id":"https:\/\/www.anovapeneira.gal\/#website","url":"https:\/\/www.anovapeneira.gal\/","name":"","description":"Xornal galego de informaci\u00f3n xeral Publicaci\u00f3n mensual de novas de Galicia e en especial dos Concellos da sur da provincia de Pontevedra.","publisher":{"@id":"https:\/\/www.anovapeneira.gal\/#organization"},"potentialAction":[{"@type":"SearchAction","target":{"@type":"EntryPoint","urlTemplate":"https:\/\/www.anovapeneira.gal\/?s={search_term_string}"},"query-input":{"@type":"PropertyValueSpecification","valueRequired":true,"valueName":"search_term_string"}}],"inLanguage":"gl-ES"},{"@type":"Organization","@id":"https:\/\/www.anovapeneira.gal\/#organization","name":"A Nova Peneira","url":"https:\/\/www.anovapeneira.gal\/","logo":{"@type":"ImageObject","inLanguage":"gl-ES","@id":"https:\/\/www.anovapeneira.gal\/#\/schema\/logo\/image\/","url":"http:\/\/www.anovapeneira.gal\/wp-content\/uploads\/2019\/06\/logo_a_nova_peneira_portal_web.png","contentUrl":"http:\/\/www.anovapeneira.gal\/wp-content\/uploads\/2019\/06\/logo_a_nova_peneira_portal_web.png","width":300,"height":100,"caption":"A Nova Peneira"},"image":{"@id":"https:\/\/www.anovapeneira.gal\/#\/schema\/logo\/image\/"},"sameAs":["https:\/\/www.facebook.com\/anovapeneira","https:\/\/x.com\/APeneira"]},{"@type":"Person","@id":"https:\/\/www.anovapeneira.gal\/#\/schema\/person\/424dfe65e3070fd8a44d22d2c088762a","name":"Tino Lago","image":{"@type":"ImageObject","inLanguage":"gl-ES","@id":"https:\/\/secure.gravatar.com\/avatar\/b3df6a06e44bab3111583b90f0f33a0379ee5e3d22cbadd232d39f21c30c62be?s=96&d=mm&r=g","url":"https:\/\/secure.gravatar.com\/avatar\/b3df6a06e44bab3111583b90f0f33a0379ee5e3d22cbadd232d39f21c30c62be?s=96&d=mm&r=g","contentUrl":"https:\/\/secure.gravatar.com\/avatar\/b3df6a06e44bab3111583b90f0f33a0379ee5e3d22cbadd232d39f21c30c62be?s=96&d=mm&r=g","caption":"Tino Lago"},"sameAs":["http:\/\/www.anovapeneira.gal"],"url":"https:\/\/www.anovapeneira.gal\/index.php\/author\/director\/"}]}},"jetpack_featured_media_url":"https:\/\/www.anovapeneira.gal\/wp-content\/uploads\/2025\/04\/bng_as_neves.png","_links":{"self":[{"href":"https:\/\/www.anovapeneira.gal\/index.php\/wp-json\/wp\/v2\/posts\/13681","targetHints":{"allow":["GET"]}}],"collection":[{"href":"https:\/\/www.anovapeneira.gal\/index.php\/wp-json\/wp\/v2\/posts"}],"about":[{"href":"https:\/\/www.anovapeneira.gal\/index.php\/wp-json\/wp\/v2\/types\/post"}],"author":[{"embeddable":true,"href":"https:\/\/www.anovapeneira.gal\/index.php\/wp-json\/wp\/v2\/users\/2"}],"replies":[{"embeddable":true,"href":"https:\/\/www.anovapeneira.gal\/index.php\/wp-json\/wp\/v2\/comments?post=13681"}],"version-history":[{"count":2,"href":"https:\/\/www.anovapeneira.gal\/index.php\/wp-json\/wp\/v2\/posts\/13681\/revisions"}],"predecessor-version":[{"id":13685,"href":"https:\/\/www.anovapeneira.gal\/index.php\/wp-json\/wp\/v2\/posts\/13681\/revisions\/13685"}],"wp:featuredmedia":[{"embeddable":true,"href":"https:\/\/www.anovapeneira.gal\/index.php\/wp-json\/wp\/v2\/media\/13684"}],"wp:attachment":[{"href":"https:\/\/www.anovapeneira.gal\/index.php\/wp-json\/wp\/v2\/media?parent=13681"}],"wp:term":[{"taxonomy":"category","embeddable":true,"href":"https:\/\/www.anovapeneira.gal\/index.php\/wp-json\/wp\/v2\/categories?post=13681"},{"taxonomy":"post_tag","embeddable":true,"href":"https:\/\/www.anovapeneira.gal\/index.php\/wp-json\/wp\/v2\/tags?post=13681"}],"curies":[{"name":"wp","href":"https:\/\/api.w.org\/{rel}","templated":true}]}}