{"id":13686,"date":"2025-04-15T10:00:23","date_gmt":"2025-04-15T08:00:23","guid":{"rendered":"https:\/\/www.anovapeneira.gal\/?p=13686"},"modified":"2025-04-09T13:00:45","modified_gmt":"2025-04-09T11:00:45","slug":"a-dia-de-hoxe-as-maiores-necesidades-de-persoal-concentranse-no-corpo-de-mestres-e-mestras-con-40-vacantes-e-no-de-secundaria-con-38","status":"publish","type":"post","link":"https:\/\/www.anovapeneira.gal\/index.php\/2025\/04\/15\/a-dia-de-hoxe-as-maiores-necesidades-de-persoal-concentranse-no-corpo-de-mestres-e-mestras-con-40-vacantes-e-no-de-secundaria-con-38\/","title":{"rendered":"A d\u00eda de hoxe as maiores necesidades de persoal conc\u00e9ntranse no corpo de mestres e mestras con 40 vacantes e no de secundaria con 38"},"content":{"rendered":"\n<h2 class=\"wp-block-heading\"><strong>Educaci\u00f3n ten preto de 100 vacantes de profesorado sen cubrir para aforrar en salarios m\u00e1is de tres semanas<\/strong><\/h2>\n\n\n\n<p><strong>Tal e como \u00e9 costume desde o inicio dos recortes de 2010, a Consellar\u00eda finalizou os chamamentos para a cobertura de substituci\u00f3ns d\u00faas semanas antes do per\u00edodo non lectivo de Semana Santa. Desde o d\u00eda 1 non houbo m\u00e1is chamamentos (a\u00ednda que hai vacantes subidas con data do 31 de marzo), o que na pr\u00e1ctica significa que at\u00e9 o d\u00eda 23 non se incorporar\u00e1n os e as docentes que os centros demandan.<\/strong><\/p>\n\n\n\n<p>M\u00e1is de tres semanas, ou o que \u00e9 o mesmo, 23 d\u00edas son os que a Consellar\u00eda vai aforrar en salarios de docentes que precisan os centros educativos p\u00fablicos dado que o \u00faltimo d\u00eda no que realizou chamamentos das listaxes de substituci\u00f3n foi o martes da semana pasada e non o volver\u00e1 facer at\u00e9 o d\u00eda 22. Con todo, hai vacantes subidas con data do 31 de marzo e as incorporaci\u00f3ns do profesorado substituto non se producir\u00e1n como m\u00ednimo at\u00e9 o m\u00e9rcores 23. Esta constante na actuaci\u00f3n da Consellar\u00eda antes dos per\u00edodos lectivos do Nadal e de Semana Santa (en menor medida antes do Entroido) e durante o mes de xu\u00f1o fai que, na pr\u00e1ctica durante arredor de 10 semanas do curso acad\u00e9mico non se estean a cubrir as substituci\u00f3ns que demandan os centros.<\/p>\n\n\n\n<p>A d\u00eda de hoxe entre as vacantes que hai subidas at\u00f3panse varias xubilaci\u00f3ns, moitas baixas por enfermidade que se prev\u00e9n de longa duraci\u00f3n, permisos de paternidade, titor\u00edas en Primaria e Infantil e especialistas en atenci\u00f3n \u00e1 diversidade coincidindo co momento previo \u00e1 avaliaci\u00f3n e \u00e1 entrega das cualificaci\u00f3ns. \u00c9 precisamente nestes per\u00edodos cando a ausencia de profesorado se fai m\u00e1is evidente e cando os centros sofren m\u00e1is que non se cubran canto antes estas substituci\u00f3ns. De feito, \u00e9 habitual que o alumnado leve nas cualificaci\u00f3ns algunha materia con PC (Pendente de Cualificaci\u00f3n) por este motivo.<\/p>\n\n\n\n<p>A isto x\u00fantase a pol\u00edtica da Consellar\u00eda de borrar as baixas que entenden que non superar\u00e1n os 15 d\u00edas, as\u00ed como a de chamar os venres para que a persoa substituta se incorpore o luns e aforrar o salario tam\u00e9n da fin de semana, non mudou, malia as reiteradas petici\u00f3ns de que se rectificase por parte da CIG-Ensino cada vez que se abordou a negociaci\u00f3n do Acordo de condici\u00f3ns laborais do persoal interino e substituto asinado por unha minor\u00eda sindical coa Consellar\u00eda.<\/p>\n\n\n\n<p>Tanto o persoal substituto, que ve como as s\u00faas posibilidades de traballar ao longo de curso se reducen considerabelmente, como os propios centros amosan o seu rexeitamento a esta medida que non fai m\u00e1is que amosar a mesquindade da administraci\u00f3n. Tanto \u00e9 as\u00ed que nalgunha das vacantes colgadas na aplicaci\u00f3n de substituci\u00f3ns da web da Consellar\u00eda aparece expresamente a mensaxe por parte dos centros de que non se borre unha vacante e de que urxe a s\u00faa cobertura.<\/p>\n\n\n\n<p>A administraci\u00f3n desatende, unha vez m\u00e1is, as demandas da comunidade educativa e deixa en mans dos escasos cadros de persoal dos centros que se organicen sen o profesorado necesario coa intenci\u00f3n de que \u00e1 volta das vacaci\u00f3ns algunha destas vacantes non siga sendo necesaria. Para o sindicato este desprezo e abandono por parte da Consellar\u00eda a respecto dos seus recursos humanos contrasta co despilfarro e propaganda que destila a web oficial da Consellar\u00eda e as redes sociais do conselleiro nesta \u00faltima lexislatura, quen semella que est\u00e1 todo o d\u00eda de evento en evento e que pouco ou nada co\u00f1ece a realidade dos centros educativos ag\u00e1s cando precisa unha foto de autobombo.<\/p>\n\n\n\n<p><strong>Chamamento da CIG-Ensino \u00e1 protesta e \u00e1 uni\u00f3n do profesorado<\/strong><\/p>\n\n\n\n<p>O sindicato maioritario no ensino p\u00fablico anima o persoal docente e as direcci\u00f3ns dos centros a que socialicen esta situaci\u00f3n de recorte de persoal, non s\u00f3 xa nos efectivos que precisar\u00edan desde comezos de curso para unha atenci\u00f3n educativa de calidade, sen\u00f3n ao respecto da non cobertura en tempo e forma de substituci\u00f3ns por xubilaci\u00f3ns, baixas ou permisos, coas familias e co propio alumnado. Actuar con responsabilidade asumindo a ausencia dos compa\u00f1eiros e compa\u00f1eiras de maneira \u00e1s veces case heroica sup\u00f3n na pr\u00e1ctica ocultarlle \u00e1 sociedade a mala xesti\u00f3n da Consellar\u00eda e que esta pense que \u201caguantamos todo o que nos boten\u201d. As\u00ed pois, desde a CIG instamos a todo o persoal docente a que denuncie estas decisi\u00f3ns coa comunidade educativa e a que reclame diante da inspecci\u00f3n o persoal que precisa. As\u00ed mesmo apelamos \u00e1 uni\u00f3n de todo o colectivo docente, sexa cal sexa a s\u00faa especialidade ou etapa na que imparte aulas a protestar fronte aos abusos da administraci\u00f3n.<\/p>\n","protected":false},"excerpt":{"rendered":"<div class=\"mh-excerpt\"><p>Tal e como \u00e9 costume desde o inicio dos recortes de 2010, a Consellar\u00eda finalizou os chamamentos para a cobertura de substituci\u00f3ns d\u00faas semanas antes do per\u00edodo non lectivo de Semana Santa <a class=\"mh-excerpt-more\" href=\"https:\/\/www.anovapeneira.gal\/index.php\/2025\/04\/15\/a-dia-de-hoxe-as-maiores-necesidades-de-persoal-concentranse-no-corpo-de-mestres-e-mestras-con-40-vacantes-e-no-de-secundaria-con-38\/\" title=\"A d\u00eda de hoxe as maiores necesidades de persoal conc\u00e9ntranse no corpo de mestres e mestras con 40 vacantes e no de secundaria con 38\">[&#8230;]<\/a><\/p>\n<\/div>","protected":false},"author":3,"featured_media":632,"comment_status":"open","ping_status":"open","sticky":false,"template":"","format":"standard","meta":{"_exactmetrics_skip_tracking":false,"_exactmetrics_sitenote_active":false,"_exactmetrics_sitenote_note":"","_exactmetrics_sitenote_category":0,"footnotes":""},"categories":[263],"tags":[1452],"class_list":{"0":"post-13686","1":"post","2":"type-post","3":"status-publish","4":"format-standard","5":"has-post-thumbnail","7":"category-novas","8":"tag-ensiono"},"yoast_head":"<!-- This site is optimized with the Yoast SEO plugin v27.4 - https:\/\/yoast.com\/product\/yoast-seo-wordpress\/ -->\n<title>A d\u00eda de hoxe as maiores necesidades de persoal conc\u00e9ntranse no corpo de mestres e mestras con 40 vacantes e no de secundaria con 38 -<\/title>\n<meta name=\"robots\" content=\"index, follow, max-snippet:-1, max-image-preview:large, max-video-preview:-1\" \/>\n<link rel=\"canonical\" href=\"https:\/\/www.anovapeneira.gal\/index.php\/2025\/04\/15\/a-dia-de-hoxe-as-maiores-necesidades-de-persoal-concentranse-no-corpo-de-mestres-e-mestras-con-40-vacantes-e-no-de-secundaria-con-38\/\" \/>\n<meta property=\"og:locale\" content=\"gl_ES\" \/>\n<meta property=\"og:type\" content=\"article\" \/>\n<meta property=\"og:title\" content=\"A d\u00eda de hoxe as maiores necesidades de persoal conc\u00e9ntranse no corpo de mestres e mestras con 40 vacantes e no de secundaria con 38 -\" \/>\n<meta property=\"og:description\" content=\"Tal e como \u00e9 costume desde o inicio dos recortes de 2010, a Consellar\u00eda finalizou os chamamentos para a cobertura de substituci\u00f3ns d\u00faas semanas antes do per\u00edodo non lectivo de Semana Santa [...]\" \/>\n<meta property=\"og:url\" content=\"https:\/\/www.anovapeneira.gal\/index.php\/2025\/04\/15\/a-dia-de-hoxe-as-maiores-necesidades-de-persoal-concentranse-no-corpo-de-mestres-e-mestras-con-40-vacantes-e-no-de-secundaria-con-38\/\" \/>\n<meta property=\"article:publisher\" content=\"https:\/\/www.facebook.com\/anovapeneira\" \/>\n<meta property=\"article:published_time\" content=\"2025-04-15T08:00:23+00:00\" \/>\n<meta property=\"og:image\" content=\"https:\/\/www.anovapeneira.gal\/wp-content\/uploads\/2019\/07\/CIG_a_nova_peneira.png\" \/>\n\t<meta property=\"og:image:width\" content=\"720\" \/>\n\t<meta property=\"og:image:height\" content=\"473\" \/>\n\t<meta property=\"og:image:type\" content=\"image\/png\" \/>\n<meta name=\"author\" content=\"Redacci\u00f3n A Nova Peneira\" \/>\n<meta name=\"twitter:card\" content=\"summary_large_image\" \/>\n<meta name=\"twitter:creator\" content=\"@APeneira\" \/>\n<meta name=\"twitter:site\" content=\"@APeneira\" \/>\n<meta name=\"twitter:label1\" content=\"Escrito por\" \/>\n\t<meta name=\"twitter:data1\" content=\"Redacci\u00f3n A Nova Peneira\" \/>\n\t<meta name=\"twitter:label2\" content=\"Tempo de lectura\" \/>\n\t<meta name=\"twitter:data2\" content=\"5 minutos\" \/>\n<script type=\"application\/ld+json\" class=\"yoast-schema-graph\">{\"@context\":\"https:\\\/\\\/schema.org\",\"@graph\":[{\"@type\":\"Article\",\"@id\":\"https:\\\/\\\/www.anovapeneira.gal\\\/index.php\\\/2025\\\/04\\\/15\\\/a-dia-de-hoxe-as-maiores-necesidades-de-persoal-concentranse-no-corpo-de-mestres-e-mestras-con-40-vacantes-e-no-de-secundaria-con-38\\\/#article\",\"isPartOf\":{\"@id\":\"https:\\\/\\\/www.anovapeneira.gal\\\/index.php\\\/2025\\\/04\\\/15\\\/a-dia-de-hoxe-as-maiores-necesidades-de-persoal-concentranse-no-corpo-de-mestres-e-mestras-con-40-vacantes-e-no-de-secundaria-con-38\\\/\"},\"author\":{\"name\":\"Redacci\u00f3n A Nova Peneira\",\"@id\":\"https:\\\/\\\/www.anovapeneira.gal\\\/#\\\/schema\\\/person\\\/b93e3f8932e3f8da96334607eb6ac6aa\"},\"headline\":\"A d\u00eda de hoxe as maiores necesidades de persoal conc\u00e9ntranse no corpo de mestres e mestras con 40 vacantes e no de secundaria con 38\",\"datePublished\":\"2025-04-15T08:00:23+00:00\",\"mainEntityOfPage\":{\"@id\":\"https:\\\/\\\/www.anovapeneira.gal\\\/index.php\\\/2025\\\/04\\\/15\\\/a-dia-de-hoxe-as-maiores-necesidades-de-persoal-concentranse-no-corpo-de-mestres-e-mestras-con-40-vacantes-e-no-de-secundaria-con-38\\\/\"},\"wordCount\":854,\"commentCount\":0,\"publisher\":{\"@id\":\"https:\\\/\\\/www.anovapeneira.gal\\\/#organization\"},\"image\":{\"@id\":\"https:\\\/\\\/www.anovapeneira.gal\\\/index.php\\\/2025\\\/04\\\/15\\\/a-dia-de-hoxe-as-maiores-necesidades-de-persoal-concentranse-no-corpo-de-mestres-e-mestras-con-40-vacantes-e-no-de-secundaria-con-38\\\/#primaryimage\"},\"thumbnailUrl\":\"https:\\\/\\\/www.anovapeneira.gal\\\/wp-content\\\/uploads\\\/2019\\\/07\\\/CIG_a_nova_peneira.png\",\"keywords\":[\"Ensiono\"],\"articleSection\":[\"Novas\"],\"inLanguage\":\"gl-ES\",\"potentialAction\":[{\"@type\":\"CommentAction\",\"name\":\"Comment\",\"target\":[\"https:\\\/\\\/www.anovapeneira.gal\\\/index.php\\\/2025\\\/04\\\/15\\\/a-dia-de-hoxe-as-maiores-necesidades-de-persoal-concentranse-no-corpo-de-mestres-e-mestras-con-40-vacantes-e-no-de-secundaria-con-38\\\/#respond\"]}]},{\"@type\":\"WebPage\",\"@id\":\"https:\\\/\\\/www.anovapeneira.gal\\\/index.php\\\/2025\\\/04\\\/15\\\/a-dia-de-hoxe-as-maiores-necesidades-de-persoal-concentranse-no-corpo-de-mestres-e-mestras-con-40-vacantes-e-no-de-secundaria-con-38\\\/\",\"url\":\"https:\\\/\\\/www.anovapeneira.gal\\\/index.php\\\/2025\\\/04\\\/15\\\/a-dia-de-hoxe-as-maiores-necesidades-de-persoal-concentranse-no-corpo-de-mestres-e-mestras-con-40-vacantes-e-no-de-secundaria-con-38\\\/\",\"name\":\"A d\u00eda de hoxe as maiores necesidades de persoal conc\u00e9ntranse no corpo de mestres e mestras con 40 vacantes e no de secundaria con 38 -\",\"isPartOf\":{\"@id\":\"https:\\\/\\\/www.anovapeneira.gal\\\/#website\"},\"primaryImageOfPage\":{\"@id\":\"https:\\\/\\\/www.anovapeneira.gal\\\/index.php\\\/2025\\\/04\\\/15\\\/a-dia-de-hoxe-as-maiores-necesidades-de-persoal-concentranse-no-corpo-de-mestres-e-mestras-con-40-vacantes-e-no-de-secundaria-con-38\\\/#primaryimage\"},\"image\":{\"@id\":\"https:\\\/\\\/www.anovapeneira.gal\\\/index.php\\\/2025\\\/04\\\/15\\\/a-dia-de-hoxe-as-maiores-necesidades-de-persoal-concentranse-no-corpo-de-mestres-e-mestras-con-40-vacantes-e-no-de-secundaria-con-38\\\/#primaryimage\"},\"thumbnailUrl\":\"https:\\\/\\\/www.anovapeneira.gal\\\/wp-content\\\/uploads\\\/2019\\\/07\\\/CIG_a_nova_peneira.png\",\"datePublished\":\"2025-04-15T08:00:23+00:00\",\"breadcrumb\":{\"@id\":\"https:\\\/\\\/www.anovapeneira.gal\\\/index.php\\\/2025\\\/04\\\/15\\\/a-dia-de-hoxe-as-maiores-necesidades-de-persoal-concentranse-no-corpo-de-mestres-e-mestras-con-40-vacantes-e-no-de-secundaria-con-38\\\/#breadcrumb\"},\"inLanguage\":\"gl-ES\",\"potentialAction\":[{\"@type\":\"ReadAction\",\"target\":[\"https:\\\/\\\/www.anovapeneira.gal\\\/index.php\\\/2025\\\/04\\\/15\\\/a-dia-de-hoxe-as-maiores-necesidades-de-persoal-concentranse-no-corpo-de-mestres-e-mestras-con-40-vacantes-e-no-de-secundaria-con-38\\\/\"]}]},{\"@type\":\"ImageObject\",\"inLanguage\":\"gl-ES\",\"@id\":\"https:\\\/\\\/www.anovapeneira.gal\\\/index.php\\\/2025\\\/04\\\/15\\\/a-dia-de-hoxe-as-maiores-necesidades-de-persoal-concentranse-no-corpo-de-mestres-e-mestras-con-40-vacantes-e-no-de-secundaria-con-38\\\/#primaryimage\",\"url\":\"https:\\\/\\\/www.anovapeneira.gal\\\/wp-content\\\/uploads\\\/2019\\\/07\\\/CIG_a_nova_peneira.png\",\"contentUrl\":\"https:\\\/\\\/www.anovapeneira.gal\\\/wp-content\\\/uploads\\\/2019\\\/07\\\/CIG_a_nova_peneira.png\",\"width\":720,\"height\":473,\"caption\":\"Confederaci\u00f3n Intersindical Galega A Nova Peneira\"},{\"@type\":\"BreadcrumbList\",\"@id\":\"https:\\\/\\\/www.anovapeneira.gal\\\/index.php\\\/2025\\\/04\\\/15\\\/a-dia-de-hoxe-as-maiores-necesidades-de-persoal-concentranse-no-corpo-de-mestres-e-mestras-con-40-vacantes-e-no-de-secundaria-con-38\\\/#breadcrumb\",\"itemListElement\":[{\"@type\":\"ListItem\",\"position\":1,\"name\":\"Portada\",\"item\":\"https:\\\/\\\/www.anovapeneira.gal\\\/\"},{\"@type\":\"ListItem\",\"position\":2,\"name\":\"A d\u00eda de hoxe as maiores necesidades de persoal conc\u00e9ntranse no corpo de mestres e mestras con 40 vacantes e no de secundaria con 38\"}]},{\"@type\":\"WebSite\",\"@id\":\"https:\\\/\\\/www.anovapeneira.gal\\\/#website\",\"url\":\"https:\\\/\\\/www.anovapeneira.gal\\\/\",\"name\":\"\",\"description\":\"Xornal galego de informaci\u00f3n xeral Publicaci\u00f3n mensual de novas de Galicia e en especial dos Concellos da sur da provincia de Pontevedra.\",\"publisher\":{\"@id\":\"https:\\\/\\\/www.anovapeneira.gal\\\/#organization\"},\"potentialAction\":[{\"@type\":\"SearchAction\",\"target\":{\"@type\":\"EntryPoint\",\"urlTemplate\":\"https:\\\/\\\/www.anovapeneira.gal\\\/?s={search_term_string}\"},\"query-input\":{\"@type\":\"PropertyValueSpecification\",\"valueRequired\":true,\"valueName\":\"search_term_string\"}}],\"inLanguage\":\"gl-ES\"},{\"@type\":\"Organization\",\"@id\":\"https:\\\/\\\/www.anovapeneira.gal\\\/#organization\",\"name\":\"A Nova Peneira\",\"url\":\"https:\\\/\\\/www.anovapeneira.gal\\\/\",\"logo\":{\"@type\":\"ImageObject\",\"inLanguage\":\"gl-ES\",\"@id\":\"https:\\\/\\\/www.anovapeneira.gal\\\/#\\\/schema\\\/logo\\\/image\\\/\",\"url\":\"http:\\\/\\\/www.anovapeneira.gal\\\/wp-content\\\/uploads\\\/2019\\\/06\\\/logo_a_nova_peneira_portal_web.png\",\"contentUrl\":\"http:\\\/\\\/www.anovapeneira.gal\\\/wp-content\\\/uploads\\\/2019\\\/06\\\/logo_a_nova_peneira_portal_web.png\",\"width\":300,\"height\":100,\"caption\":\"A Nova Peneira\"},\"image\":{\"@id\":\"https:\\\/\\\/www.anovapeneira.gal\\\/#\\\/schema\\\/logo\\\/image\\\/\"},\"sameAs\":[\"https:\\\/\\\/www.facebook.com\\\/anovapeneira\",\"https:\\\/\\\/x.com\\\/APeneira\"]},{\"@type\":\"Person\",\"@id\":\"https:\\\/\\\/www.anovapeneira.gal\\\/#\\\/schema\\\/person\\\/b93e3f8932e3f8da96334607eb6ac6aa\",\"name\":\"Redacci\u00f3n A Nova Peneira\",\"image\":{\"@type\":\"ImageObject\",\"inLanguage\":\"gl-ES\",\"@id\":\"https:\\\/\\\/secure.gravatar.com\\\/avatar\\\/c052a2551a06e23fac63626232eaa90abd78dbcf1700fc46a2b2c89fd27b735f?s=96&d=mm&r=g\",\"url\":\"https:\\\/\\\/secure.gravatar.com\\\/avatar\\\/c052a2551a06e23fac63626232eaa90abd78dbcf1700fc46a2b2c89fd27b735f?s=96&d=mm&r=g\",\"contentUrl\":\"https:\\\/\\\/secure.gravatar.com\\\/avatar\\\/c052a2551a06e23fac63626232eaa90abd78dbcf1700fc46a2b2c89fd27b735f?s=96&d=mm&r=g\",\"caption\":\"Redacci\u00f3n A Nova Peneira\"},\"sameAs\":[\"http:\\\/\\\/www.anovapeneira.gal\\\/\"],\"url\":\"https:\\\/\\\/www.anovapeneira.gal\\\/index.php\\\/author\\\/redactor\\\/\"}]}<\/script>\n<!-- \/ Yoast SEO plugin. -->","yoast_head_json":{"title":"A d\u00eda de hoxe as maiores necesidades de persoal conc\u00e9ntranse no corpo de mestres e mestras con 40 vacantes e no de secundaria con 38 -","robots":{"index":"index","follow":"follow","max-snippet":"max-snippet:-1","max-image-preview":"max-image-preview:large","max-video-preview":"max-video-preview:-1"},"canonical":"https:\/\/www.anovapeneira.gal\/index.php\/2025\/04\/15\/a-dia-de-hoxe-as-maiores-necesidades-de-persoal-concentranse-no-corpo-de-mestres-e-mestras-con-40-vacantes-e-no-de-secundaria-con-38\/","og_locale":"gl_ES","og_type":"article","og_title":"A d\u00eda de hoxe as maiores necesidades de persoal conc\u00e9ntranse no corpo de mestres e mestras con 40 vacantes e no de secundaria con 38 -","og_description":"Tal e como \u00e9 costume desde o inicio dos recortes de 2010, a Consellar\u00eda finalizou os chamamentos para a cobertura de substituci\u00f3ns d\u00faas semanas antes do per\u00edodo non lectivo de Semana Santa [...]","og_url":"https:\/\/www.anovapeneira.gal\/index.php\/2025\/04\/15\/a-dia-de-hoxe-as-maiores-necesidades-de-persoal-concentranse-no-corpo-de-mestres-e-mestras-con-40-vacantes-e-no-de-secundaria-con-38\/","article_publisher":"https:\/\/www.facebook.com\/anovapeneira","article_published_time":"2025-04-15T08:00:23+00:00","og_image":[{"width":720,"height":473,"url":"https:\/\/www.anovapeneira.gal\/wp-content\/uploads\/2019\/07\/CIG_a_nova_peneira.png","type":"image\/png"}],"author":"Redacci\u00f3n A Nova Peneira","twitter_card":"summary_large_image","twitter_creator":"@APeneira","twitter_site":"@APeneira","twitter_misc":{"Escrito por":"Redacci\u00f3n A Nova Peneira","Tempo de lectura":"5 minutos"},"schema":{"@context":"https:\/\/schema.org","@graph":[{"@type":"Article","@id":"https:\/\/www.anovapeneira.gal\/index.php\/2025\/04\/15\/a-dia-de-hoxe-as-maiores-necesidades-de-persoal-concentranse-no-corpo-de-mestres-e-mestras-con-40-vacantes-e-no-de-secundaria-con-38\/#article","isPartOf":{"@id":"https:\/\/www.anovapeneira.gal\/index.php\/2025\/04\/15\/a-dia-de-hoxe-as-maiores-necesidades-de-persoal-concentranse-no-corpo-de-mestres-e-mestras-con-40-vacantes-e-no-de-secundaria-con-38\/"},"author":{"name":"Redacci\u00f3n A Nova Peneira","@id":"https:\/\/www.anovapeneira.gal\/#\/schema\/person\/b93e3f8932e3f8da96334607eb6ac6aa"},"headline":"A d\u00eda de hoxe as maiores necesidades de persoal conc\u00e9ntranse no corpo de mestres e mestras con 40 vacantes e no de secundaria con 38","datePublished":"2025-04-15T08:00:23+00:00","mainEntityOfPage":{"@id":"https:\/\/www.anovapeneira.gal\/index.php\/2025\/04\/15\/a-dia-de-hoxe-as-maiores-necesidades-de-persoal-concentranse-no-corpo-de-mestres-e-mestras-con-40-vacantes-e-no-de-secundaria-con-38\/"},"wordCount":854,"commentCount":0,"publisher":{"@id":"https:\/\/www.anovapeneira.gal\/#organization"},"image":{"@id":"https:\/\/www.anovapeneira.gal\/index.php\/2025\/04\/15\/a-dia-de-hoxe-as-maiores-necesidades-de-persoal-concentranse-no-corpo-de-mestres-e-mestras-con-40-vacantes-e-no-de-secundaria-con-38\/#primaryimage"},"thumbnailUrl":"https:\/\/www.anovapeneira.gal\/wp-content\/uploads\/2019\/07\/CIG_a_nova_peneira.png","keywords":["Ensiono"],"articleSection":["Novas"],"inLanguage":"gl-ES","potentialAction":[{"@type":"CommentAction","name":"Comment","target":["https:\/\/www.anovapeneira.gal\/index.php\/2025\/04\/15\/a-dia-de-hoxe-as-maiores-necesidades-de-persoal-concentranse-no-corpo-de-mestres-e-mestras-con-40-vacantes-e-no-de-secundaria-con-38\/#respond"]}]},{"@type":"WebPage","@id":"https:\/\/www.anovapeneira.gal\/index.php\/2025\/04\/15\/a-dia-de-hoxe-as-maiores-necesidades-de-persoal-concentranse-no-corpo-de-mestres-e-mestras-con-40-vacantes-e-no-de-secundaria-con-38\/","url":"https:\/\/www.anovapeneira.gal\/index.php\/2025\/04\/15\/a-dia-de-hoxe-as-maiores-necesidades-de-persoal-concentranse-no-corpo-de-mestres-e-mestras-con-40-vacantes-e-no-de-secundaria-con-38\/","name":"A d\u00eda de hoxe as maiores necesidades de persoal conc\u00e9ntranse no corpo de mestres e mestras con 40 vacantes e no de secundaria con 38 -","isPartOf":{"@id":"https:\/\/www.anovapeneira.gal\/#website"},"primaryImageOfPage":{"@id":"https:\/\/www.anovapeneira.gal\/index.php\/2025\/04\/15\/a-dia-de-hoxe-as-maiores-necesidades-de-persoal-concentranse-no-corpo-de-mestres-e-mestras-con-40-vacantes-e-no-de-secundaria-con-38\/#primaryimage"},"image":{"@id":"https:\/\/www.anovapeneira.gal\/index.php\/2025\/04\/15\/a-dia-de-hoxe-as-maiores-necesidades-de-persoal-concentranse-no-corpo-de-mestres-e-mestras-con-40-vacantes-e-no-de-secundaria-con-38\/#primaryimage"},"thumbnailUrl":"https:\/\/www.anovapeneira.gal\/wp-content\/uploads\/2019\/07\/CIG_a_nova_peneira.png","datePublished":"2025-04-15T08:00:23+00:00","breadcrumb":{"@id":"https:\/\/www.anovapeneira.gal\/index.php\/2025\/04\/15\/a-dia-de-hoxe-as-maiores-necesidades-de-persoal-concentranse-no-corpo-de-mestres-e-mestras-con-40-vacantes-e-no-de-secundaria-con-38\/#breadcrumb"},"inLanguage":"gl-ES","potentialAction":[{"@type":"ReadAction","target":["https:\/\/www.anovapeneira.gal\/index.php\/2025\/04\/15\/a-dia-de-hoxe-as-maiores-necesidades-de-persoal-concentranse-no-corpo-de-mestres-e-mestras-con-40-vacantes-e-no-de-secundaria-con-38\/"]}]},{"@type":"ImageObject","inLanguage":"gl-ES","@id":"https:\/\/www.anovapeneira.gal\/index.php\/2025\/04\/15\/a-dia-de-hoxe-as-maiores-necesidades-de-persoal-concentranse-no-corpo-de-mestres-e-mestras-con-40-vacantes-e-no-de-secundaria-con-38\/#primaryimage","url":"https:\/\/www.anovapeneira.gal\/wp-content\/uploads\/2019\/07\/CIG_a_nova_peneira.png","contentUrl":"https:\/\/www.anovapeneira.gal\/wp-content\/uploads\/2019\/07\/CIG_a_nova_peneira.png","width":720,"height":473,"caption":"Confederaci\u00f3n Intersindical Galega A Nova Peneira"},{"@type":"BreadcrumbList","@id":"https:\/\/www.anovapeneira.gal\/index.php\/2025\/04\/15\/a-dia-de-hoxe-as-maiores-necesidades-de-persoal-concentranse-no-corpo-de-mestres-e-mestras-con-40-vacantes-e-no-de-secundaria-con-38\/#breadcrumb","itemListElement":[{"@type":"ListItem","position":1,"name":"Portada","item":"https:\/\/www.anovapeneira.gal\/"},{"@type":"ListItem","position":2,"name":"A d\u00eda de hoxe as maiores necesidades de persoal conc\u00e9ntranse no corpo de mestres e mestras con 40 vacantes e no de secundaria con 38"}]},{"@type":"WebSite","@id":"https:\/\/www.anovapeneira.gal\/#website","url":"https:\/\/www.anovapeneira.gal\/","name":"","description":"Xornal galego de informaci\u00f3n xeral Publicaci\u00f3n mensual de novas de Galicia e en especial dos Concellos da sur da provincia de Pontevedra.","publisher":{"@id":"https:\/\/www.anovapeneira.gal\/#organization"},"potentialAction":[{"@type":"SearchAction","target":{"@type":"EntryPoint","urlTemplate":"https:\/\/www.anovapeneira.gal\/?s={search_term_string}"},"query-input":{"@type":"PropertyValueSpecification","valueRequired":true,"valueName":"search_term_string"}}],"inLanguage":"gl-ES"},{"@type":"Organization","@id":"https:\/\/www.anovapeneira.gal\/#organization","name":"A Nova Peneira","url":"https:\/\/www.anovapeneira.gal\/","logo":{"@type":"ImageObject","inLanguage":"gl-ES","@id":"https:\/\/www.anovapeneira.gal\/#\/schema\/logo\/image\/","url":"http:\/\/www.anovapeneira.gal\/wp-content\/uploads\/2019\/06\/logo_a_nova_peneira_portal_web.png","contentUrl":"http:\/\/www.anovapeneira.gal\/wp-content\/uploads\/2019\/06\/logo_a_nova_peneira_portal_web.png","width":300,"height":100,"caption":"A Nova Peneira"},"image":{"@id":"https:\/\/www.anovapeneira.gal\/#\/schema\/logo\/image\/"},"sameAs":["https:\/\/www.facebook.com\/anovapeneira","https:\/\/x.com\/APeneira"]},{"@type":"Person","@id":"https:\/\/www.anovapeneira.gal\/#\/schema\/person\/b93e3f8932e3f8da96334607eb6ac6aa","name":"Redacci\u00f3n A Nova Peneira","image":{"@type":"ImageObject","inLanguage":"gl-ES","@id":"https:\/\/secure.gravatar.com\/avatar\/c052a2551a06e23fac63626232eaa90abd78dbcf1700fc46a2b2c89fd27b735f?s=96&d=mm&r=g","url":"https:\/\/secure.gravatar.com\/avatar\/c052a2551a06e23fac63626232eaa90abd78dbcf1700fc46a2b2c89fd27b735f?s=96&d=mm&r=g","contentUrl":"https:\/\/secure.gravatar.com\/avatar\/c052a2551a06e23fac63626232eaa90abd78dbcf1700fc46a2b2c89fd27b735f?s=96&d=mm&r=g","caption":"Redacci\u00f3n A Nova Peneira"},"sameAs":["http:\/\/www.anovapeneira.gal\/"],"url":"https:\/\/www.anovapeneira.gal\/index.php\/author\/redactor\/"}]}},"jetpack_featured_media_url":"https:\/\/www.anovapeneira.gal\/wp-content\/uploads\/2019\/07\/CIG_a_nova_peneira.png","_links":{"self":[{"href":"https:\/\/www.anovapeneira.gal\/index.php\/wp-json\/wp\/v2\/posts\/13686","targetHints":{"allow":["GET"]}}],"collection":[{"href":"https:\/\/www.anovapeneira.gal\/index.php\/wp-json\/wp\/v2\/posts"}],"about":[{"href":"https:\/\/www.anovapeneira.gal\/index.php\/wp-json\/wp\/v2\/types\/post"}],"author":[{"embeddable":true,"href":"https:\/\/www.anovapeneira.gal\/index.php\/wp-json\/wp\/v2\/users\/3"}],"replies":[{"embeddable":true,"href":"https:\/\/www.anovapeneira.gal\/index.php\/wp-json\/wp\/v2\/comments?post=13686"}],"version-history":[{"count":1,"href":"https:\/\/www.anovapeneira.gal\/index.php\/wp-json\/wp\/v2\/posts\/13686\/revisions"}],"predecessor-version":[{"id":13687,"href":"https:\/\/www.anovapeneira.gal\/index.php\/wp-json\/wp\/v2\/posts\/13686\/revisions\/13687"}],"wp:featuredmedia":[{"embeddable":true,"href":"https:\/\/www.anovapeneira.gal\/index.php\/wp-json\/wp\/v2\/media\/632"}],"wp:attachment":[{"href":"https:\/\/www.anovapeneira.gal\/index.php\/wp-json\/wp\/v2\/media?parent=13686"}],"wp:term":[{"taxonomy":"category","embeddable":true,"href":"https:\/\/www.anovapeneira.gal\/index.php\/wp-json\/wp\/v2\/categories?post=13686"},{"taxonomy":"post_tag","embeddable":true,"href":"https:\/\/www.anovapeneira.gal\/index.php\/wp-json\/wp\/v2\/tags?post=13686"}],"curies":[{"name":"wp","href":"https:\/\/api.w.org\/{rel}","templated":true}]}}