{"id":13688,"date":"2025-04-15T12:00:09","date_gmt":"2025-04-15T10:00:09","guid":{"rendered":"https:\/\/www.anovapeneira.gal\/?p=13688"},"modified":"2025-04-10T10:02:28","modified_gmt":"2025-04-10T08:02:28","slug":"o-bng-de-mondariz-escolle-a-unha-nova-responsable-local","status":"publish","type":"post","link":"https:\/\/www.anovapeneira.gal\/index.php\/2025\/04\/15\/o-bng-de-mondariz-escolle-a-unha-nova-responsable-local\/","title":{"rendered":"O BNG de Mondariz escolle a unha nova responsable local"},"content":{"rendered":"\n<p><strong>Aos que xa pasamos dos 50, e levamos toda unha vida na defensa dos intereses de Galicia, contribu\u00edndo o mellor que soubemos e podemos, seguro que con moitos erros, a que a conciencia colectiva de sermos pobo galego poida seguir viva nas futuras xeraci\u00f3ns do noso pa\u00eds, ilusi\u00f3nanos, case dir\u00eda emoci\u00f3namos, ver como hai mozos e mozas que est\u00e1n dispostos e dispostas a tomar o relevo compromet\u00e9ndose activamente na pol\u00edtica. Unha delas \u00e9 Alba, nova responsable local do BNG en Mondariz. E n\u00f3s fomos co\u00f1ecela<\/strong><\/p>\n\n\n\n<p><strong>Alba Sanjurjo.<\/strong><\/p>\n\n\n\n<h2 class=\"wp-block-heading\">\u201c <strong>O BNG de Mondariz, sexa no goberno sexa na oposici\u00f3n, nunca vai abdicar das s\u00faas responsabilidades. \u201c<\/strong><\/h2>\n\n\n\n<p><strong>Alba, queremos co\u00f1ecerte un pouco<\/strong><\/p>\n\n\n\n<blockquote class=\"wp-block-quote is-layout-flow wp-block-quote-is-layout-flow\">\n<p>Pois son unha moza da Mari\u00f1a, en concreto de Viveiro, te\u00f1o trinta e catro anos e xa levo algo m\u00e1is de tres vivindo, co meu compa\u00f1eiro e a mi\u00f1a filla, en Mondariz.<\/p>\n<\/blockquote>\n\n\n\n<p><strong>Caramba, Viveiro non \u00e9 que estea a\u00ed ao lado. Como \u00e9 que chegaches a Mondariz?<\/strong><\/p>\n\n\n\n<blockquote class=\"wp-block-quote is-layout-flow wp-block-quote-is-layout-flow\">\n<p>Os cami\u00f1os da vida foron os que me trouxeron ata aqu\u00ed. N\u00f3s estabamos vivindo na Coru\u00f1a, aquilo rematou e \u00e1 mi\u00f1a parella xurdiulle a posibilidade de formarse en Vigo. Buscamos algo nas proximidades, ambos ti\u00f1amos claro que queriamos vivir no rural,e apareceu nas nosas vidas a marabillosa vila de Mondariz.<\/p>\n<\/blockquote>\n\n\n\n<p><strong>Tal como falas deduzo que est\u00e1s contenta vivindo onde vives?<\/strong><\/p>\n\n\n\n<blockquote class=\"wp-block-quote is-layout-flow wp-block-quote-is-layout-flow\">\n<p>Si abof\u00e9 que si o estamos .Non s\u00f3 eu, sen\u00f3n tam\u00e9n as outras d\u00faas persoas da mi\u00f1a familia<\/p>\n<\/blockquote>\n\n\n\n<p><strong>Que formaci\u00f3n tes?<\/strong><\/p>\n\n\n\n<blockquote class=\"wp-block-quote is-layout-flow wp-block-quote-is-layout-flow\">\n<p>Fixen Administraci\u00f3n e Finanzas e ao rematar Educaci\u00f3n Infantil, os estudos sempre os compatibilicei con traballos na hostaler\u00eda, supermercados, panader\u00eda.<\/p>\n<\/blockquote>\n\n\n\n<p><strong>E agora mesmo en que traballas?<\/strong><\/p>\n\n\n\n<blockquote class=\"wp-block-quote is-layout-flow wp-block-quote-is-layout-flow\">\n<p>Agora estou en situaci\u00f3n de desemprego.<\/p>\n<\/blockquote>\n\n\n\n<p><strong>Cando e como comezou a t\u00faa relaci\u00f3n coa pol\u00edtica?<\/strong><\/p>\n\n\n\n<blockquote class=\"wp-block-quote is-layout-flow wp-block-quote-is-layout-flow\">\n<p>Con 18 anos comecei a sentir interese polos asuntos p\u00fablicos. A analizar a realidade que me tocou vivir e a darme de conta de que non abonda con mirar para outro lado, nin sequera con protestar. Se queremos deixarlle un mundo mellor \u00e1s nosas fillas e fillos, no que te\u00f1an oportunidades suficientes para se converter en mulleres e homes independentes e libres ,\u00e9 necesario implicarse.<\/p>\n<\/blockquote>\n\n\n\n<p><strong>E al\u00ed xa comezaches a militar?<\/strong><\/p>\n\n\n\n<blockquote class=\"wp-block-quote is-layout-flow wp-block-quote-is-layout-flow\">\n<p>Non, aos 18 anos comecei no activismo social. Un pouco m\u00e1is tarde, arredor de hai 9 ou 10 anos iniciei a mi\u00f1a militancia pol\u00edtica. Naquel momento hist\u00f3rico a situaci\u00f3n do nacionalismo era convulsa, eu cheguei a Alternativa por Viveiro e pronto deime de conta de onde estaba a seriedade, o rigor e o compromiso co pa\u00eds : no BNG<\/p>\n<\/blockquote>\n\n\n\n<p><strong>Cando chegas a Mondariz, quen estaba de alcalde?<\/strong><\/p>\n\n\n\n<blockquote class=\"wp-block-quote is-layout-flow wp-block-quote-is-layout-flow\">\n<p>O compa\u00f1eiro Xos\u00e9 Emilio.<\/p>\n<\/blockquote>\n\n\n\n<p><strong>Como chegas a ser a Responsable Local?<\/strong><\/p>\n\n\n\n<blockquote class=\"wp-block-quote is-layout-flow wp-block-quote-is-layout-flow\">\n<p>Eu formaba parte do Consello Local. Levaba a \u00e1rea de Acci\u00f3n Feminista. No BNG de Mondariz xa exist\u00eda daquela un marabilloso equipo, s\u00f3lido, solvente e entregado ao ben com\u00fan do noso pobo.<\/p>\n<\/blockquote>\n\n\n\n<p><strong>Por que dis que \u00e9 un \u201c equipo serio\u201d?<\/strong><\/p>\n\n\n\n<blockquote class=\"wp-block-quote is-layout-flow wp-block-quote-is-layout-flow\">\n<p>Porque ambas cousas son verdade. \u00c9 un equipo artellado sobre o traballo en com\u00fan, non sobre o hiperliderado de ningunha persoa en concreto, e desde logo a nosa seriedade \u00e9 de tal magnitude que nunca abdicariamos das responsabilidades nas que nos sit\u00fae a veci\u00f1anza de Mondariz. Pero coincidiu nun momento no que os referentes hist\u00f3ricos do nacionalismo consideraban necesario un relevo xeracional, e os compa\u00f1eiros e compa\u00f1eiras honr\u00e1ronme coa s\u00faa confianza.<\/p>\n<\/blockquote>\n\n\n\n<p><strong>Como levas este nomeamento, non che deu un pouco de vertixe comezar a expo\u00f1erte publicamente?<\/strong><\/p>\n\n\n\n<blockquote class=\"wp-block-quote is-layout-flow wp-block-quote-is-layout-flow\">\n<p>Si,reco\u00f1ezo que non estou afeita \u00e1 exposici\u00f3n p\u00fablica. Pero como che dixen antes: para constru\u00edr unha Galiza m\u00e1is xusta e un mundo mellor para os que ve\u00f1en despois non podemos pornos de perfil e deixar que sexan outras persoas as que se impliquen.<\/p>\n<\/blockquote>\n\n\n\n<p><strong>Cales son as li\u00f1as de traballo m\u00e1is importantes que tes previsto desenvolver?<\/strong><\/p>\n\n\n\n<blockquote class=\"wp-block-quote is-layout-flow wp-block-quote-is-layout-flow\">\n<p>Fundamentalmente: Multiplicar o contacto social. O BNG ten que estar en todos os sitios,en todos os colectivos, en todas as situaci\u00f3ns de abuso ou inxustiza e ofrecer alternativas \u00fatiles, humanas e xustas que confronten co PP.<\/p>\n<\/blockquote>\n\n\n\n<p><strong>Como valoras a situaci\u00f3n pol\u00edtica de Mondariz despois da dimisi\u00f3n de todo un goberno e a chegada do PP?<\/strong><\/p>\n\n\n\n<blockquote class=\"wp-block-quote is-layout-flow wp-block-quote-is-layout-flow\">\n<p>\u00c9 complexa. A dimisi\u00f3n do anterior goberno s\u00f3 pode ser valorada de maneira moi negativa. Unha irresponsabilidade absoluta cara os veci\u00f1os e veci\u00f1as da vila, un feito in\u00e9dito na historia do Estado Espa\u00f1ol, e que amosa que son merecedores de moi pouca confianza . Calis deulle as costas \u00e1 sociedade de Mondariz. O BNG vai seguir traballando con serenidade para tratar de chegar a maior\u00eda social do noso pobo. As persoas que nos rodean que te\u00f1an a certeza de que o BNG \u00e9 unha organizaci\u00f3n seria, responsable e sensata e que sempre vai a estar, tanto cando toque goberno como cando toque oposici\u00f3n.<\/p>\n<\/blockquote>\n\n\n\n<p><strong>Que expectativas observas na sociedade de Mondariz con relaci\u00f3n ao voso traballo?<\/strong><\/p>\n\n\n\n<blockquote class=\"wp-block-quote is-layout-flow wp-block-quote-is-layout-flow\">\n<p>Unha importante onda de simpat\u00eda, que vai na li\u00f1a da situaci\u00f3n xeral do Bloque en todo o pa\u00eds. O PP vive dos nosos proxectos, non te\u00f1en nada que achegar que mereza a pena. Do anterior goberno, pois xa falamos. E o BNG no seu sitio: na defensa dos intereses de Mondariz, de Galiza enteira e de todas as causas xustas. Conf\u00edo en que a maior\u00eda da veci\u00f1anza estea nesa li\u00f1a tam\u00e9n. Desde logo por ilusi\u00f3n e traballo deste consello local e desta responsable non vai quedar.<\/p>\n<\/blockquote>\n\n\n\n<p><strong>\u00c9 moi pronto para penar en candidato ou candidata \u00e1 alcald\u00eda?<\/strong><\/p>\n\n\n\n<blockquote class=\"wp-block-quote is-layout-flow wp-block-quote-is-layout-flow\">\n<p>O BNG \u00e9 unha organizaci\u00f3n democr\u00e1tica e as candidaturas electorais son decisi\u00f3ns colectivas que teremos que tomar entre o conxunto da asemblea. Eu son unha militante m\u00e1is e estou ao dispor do que digan os compa\u00f1eiros e compa\u00f1eiras. Pero faltan dous anos e o tempo pasa moi r\u00e1pido. Ese debate ter\u00e9molo pronto para poder comezar a traballar canto antes.<\/p>\n<\/blockquote>\n","protected":false},"excerpt":{"rendered":"<div class=\"mh-excerpt\"><p>Aos que xa pasamos dos 50, e levamos toda unha vida na defensa dos intereses de Galicia, contribu\u00edndo o mellor que soubemos e podemos, seguro que con moitos erros, a que a conciencia colectiva de <a class=\"mh-excerpt-more\" href=\"https:\/\/www.anovapeneira.gal\/index.php\/2025\/04\/15\/o-bng-de-mondariz-escolle-a-unha-nova-responsable-local\/\" title=\"O BNG de Mondariz escolle a unha nova responsable local\">[&#8230;]<\/a><\/p>\n<\/div>","protected":false},"author":2,"featured_media":13689,"comment_status":"open","ping_status":"open","sticky":false,"template":"","format":"standard","meta":{"_exactmetrics_skip_tracking":false,"_exactmetrics_sitenote_active":false,"_exactmetrics_sitenote_note":"","_exactmetrics_sitenote_category":0,"footnotes":""},"categories":[267],"tags":[405],"class_list":{"0":"post-13688","1":"post","2":"type-post","3":"status-publish","4":"format-standard","5":"has-post-thumbnail","7":"category-condado-entrevistas","8":"tag-concello-de-mondariz"},"yoast_head":"<!-- This site is optimized with the Yoast SEO plugin v27.4 - https:\/\/yoast.com\/product\/yoast-seo-wordpress\/ -->\n<title>O BNG de Mondariz escolle a unha nova responsable local -<\/title>\n<meta name=\"robots\" content=\"index, follow, max-snippet:-1, max-image-preview:large, max-video-preview:-1\" \/>\n<link rel=\"canonical\" href=\"https:\/\/www.anovapeneira.gal\/index.php\/2025\/04\/15\/o-bng-de-mondariz-escolle-a-unha-nova-responsable-local\/\" \/>\n<meta property=\"og:locale\" content=\"gl_ES\" \/>\n<meta property=\"og:type\" content=\"article\" \/>\n<meta property=\"og:title\" content=\"O BNG de Mondariz escolle a unha nova responsable local -\" \/>\n<meta property=\"og:description\" content=\"Aos que xa pasamos dos 50, e levamos toda unha vida na defensa dos intereses de Galicia, contribu\u00edndo o mellor que soubemos e podemos, seguro que con moitos erros, a que a conciencia colectiva de [...]\" \/>\n<meta property=\"og:url\" content=\"https:\/\/www.anovapeneira.gal\/index.php\/2025\/04\/15\/o-bng-de-mondariz-escolle-a-unha-nova-responsable-local\/\" \/>\n<meta property=\"article:publisher\" content=\"https:\/\/www.facebook.com\/anovapeneira\" \/>\n<meta property=\"article:published_time\" content=\"2025-04-15T10:00:09+00:00\" \/>\n<meta property=\"og:image\" content=\"https:\/\/www.anovapeneira.gal\/wp-content\/uploads\/2025\/04\/alba_Sanjurjo_mondariz.png\" \/>\n\t<meta property=\"og:image:width\" content=\"720\" \/>\n\t<meta property=\"og:image:height\" content=\"432\" \/>\n\t<meta property=\"og:image:type\" content=\"image\/png\" \/>\n<meta name=\"author\" content=\"Tino Lago\" \/>\n<meta name=\"twitter:card\" content=\"summary_large_image\" \/>\n<meta name=\"twitter:creator\" content=\"@APeneira\" \/>\n<meta name=\"twitter:site\" content=\"@APeneira\" \/>\n<meta name=\"twitter:label1\" content=\"Escrito por\" \/>\n\t<meta name=\"twitter:data1\" content=\"Tino Lago\" \/>\n\t<meta name=\"twitter:label2\" content=\"Tempo de lectura\" \/>\n\t<meta name=\"twitter:data2\" content=\"2 minutos\" \/>\n<script type=\"application\/ld+json\" class=\"yoast-schema-graph\">{\"@context\":\"https:\\\/\\\/schema.org\",\"@graph\":[{\"@type\":\"Article\",\"@id\":\"https:\\\/\\\/www.anovapeneira.gal\\\/index.php\\\/2025\\\/04\\\/15\\\/o-bng-de-mondariz-escolle-a-unha-nova-responsable-local\\\/#article\",\"isPartOf\":{\"@id\":\"https:\\\/\\\/www.anovapeneira.gal\\\/index.php\\\/2025\\\/04\\\/15\\\/o-bng-de-mondariz-escolle-a-unha-nova-responsable-local\\\/\"},\"author\":{\"name\":\"Tino Lago\",\"@id\":\"https:\\\/\\\/www.anovapeneira.gal\\\/#\\\/schema\\\/person\\\/424dfe65e3070fd8a44d22d2c088762a\"},\"headline\":\"O BNG de Mondariz escolle a unha nova responsable local\",\"datePublished\":\"2025-04-15T10:00:09+00:00\",\"mainEntityOfPage\":{\"@id\":\"https:\\\/\\\/www.anovapeneira.gal\\\/index.php\\\/2025\\\/04\\\/15\\\/o-bng-de-mondariz-escolle-a-unha-nova-responsable-local\\\/\"},\"wordCount\":1026,\"commentCount\":0,\"publisher\":{\"@id\":\"https:\\\/\\\/www.anovapeneira.gal\\\/#organization\"},\"image\":{\"@id\":\"https:\\\/\\\/www.anovapeneira.gal\\\/index.php\\\/2025\\\/04\\\/15\\\/o-bng-de-mondariz-escolle-a-unha-nova-responsable-local\\\/#primaryimage\"},\"thumbnailUrl\":\"https:\\\/\\\/www.anovapeneira.gal\\\/wp-content\\\/uploads\\\/2025\\\/04\\\/alba_Sanjurjo_mondariz.png\",\"keywords\":[\"Concello de Mondariz\"],\"articleSection\":[\"Condado\"],\"inLanguage\":\"gl-ES\",\"potentialAction\":[{\"@type\":\"CommentAction\",\"name\":\"Comment\",\"target\":[\"https:\\\/\\\/www.anovapeneira.gal\\\/index.php\\\/2025\\\/04\\\/15\\\/o-bng-de-mondariz-escolle-a-unha-nova-responsable-local\\\/#respond\"]}]},{\"@type\":\"WebPage\",\"@id\":\"https:\\\/\\\/www.anovapeneira.gal\\\/index.php\\\/2025\\\/04\\\/15\\\/o-bng-de-mondariz-escolle-a-unha-nova-responsable-local\\\/\",\"url\":\"https:\\\/\\\/www.anovapeneira.gal\\\/index.php\\\/2025\\\/04\\\/15\\\/o-bng-de-mondariz-escolle-a-unha-nova-responsable-local\\\/\",\"name\":\"O BNG de Mondariz escolle a unha nova responsable local -\",\"isPartOf\":{\"@id\":\"https:\\\/\\\/www.anovapeneira.gal\\\/#website\"},\"primaryImageOfPage\":{\"@id\":\"https:\\\/\\\/www.anovapeneira.gal\\\/index.php\\\/2025\\\/04\\\/15\\\/o-bng-de-mondariz-escolle-a-unha-nova-responsable-local\\\/#primaryimage\"},\"image\":{\"@id\":\"https:\\\/\\\/www.anovapeneira.gal\\\/index.php\\\/2025\\\/04\\\/15\\\/o-bng-de-mondariz-escolle-a-unha-nova-responsable-local\\\/#primaryimage\"},\"thumbnailUrl\":\"https:\\\/\\\/www.anovapeneira.gal\\\/wp-content\\\/uploads\\\/2025\\\/04\\\/alba_Sanjurjo_mondariz.png\",\"datePublished\":\"2025-04-15T10:00:09+00:00\",\"breadcrumb\":{\"@id\":\"https:\\\/\\\/www.anovapeneira.gal\\\/index.php\\\/2025\\\/04\\\/15\\\/o-bng-de-mondariz-escolle-a-unha-nova-responsable-local\\\/#breadcrumb\"},\"inLanguage\":\"gl-ES\",\"potentialAction\":[{\"@type\":\"ReadAction\",\"target\":[\"https:\\\/\\\/www.anovapeneira.gal\\\/index.php\\\/2025\\\/04\\\/15\\\/o-bng-de-mondariz-escolle-a-unha-nova-responsable-local\\\/\"]}]},{\"@type\":\"ImageObject\",\"inLanguage\":\"gl-ES\",\"@id\":\"https:\\\/\\\/www.anovapeneira.gal\\\/index.php\\\/2025\\\/04\\\/15\\\/o-bng-de-mondariz-escolle-a-unha-nova-responsable-local\\\/#primaryimage\",\"url\":\"https:\\\/\\\/www.anovapeneira.gal\\\/wp-content\\\/uploads\\\/2025\\\/04\\\/alba_Sanjurjo_mondariz.png\",\"contentUrl\":\"https:\\\/\\\/www.anovapeneira.gal\\\/wp-content\\\/uploads\\\/2025\\\/04\\\/alba_Sanjurjo_mondariz.png\",\"width\":720,\"height\":432,\"caption\":\"Alba Sanjurjo\"},{\"@type\":\"BreadcrumbList\",\"@id\":\"https:\\\/\\\/www.anovapeneira.gal\\\/index.php\\\/2025\\\/04\\\/15\\\/o-bng-de-mondariz-escolle-a-unha-nova-responsable-local\\\/#breadcrumb\",\"itemListElement\":[{\"@type\":\"ListItem\",\"position\":1,\"name\":\"Portada\",\"item\":\"https:\\\/\\\/www.anovapeneira.gal\\\/\"},{\"@type\":\"ListItem\",\"position\":2,\"name\":\"O BNG de Mondariz escolle a unha nova responsable local\"}]},{\"@type\":\"WebSite\",\"@id\":\"https:\\\/\\\/www.anovapeneira.gal\\\/#website\",\"url\":\"https:\\\/\\\/www.anovapeneira.gal\\\/\",\"name\":\"\",\"description\":\"Xornal galego de informaci\u00f3n xeral Publicaci\u00f3n mensual de novas de Galicia e en especial dos Concellos da sur da provincia de Pontevedra.\",\"publisher\":{\"@id\":\"https:\\\/\\\/www.anovapeneira.gal\\\/#organization\"},\"potentialAction\":[{\"@type\":\"SearchAction\",\"target\":{\"@type\":\"EntryPoint\",\"urlTemplate\":\"https:\\\/\\\/www.anovapeneira.gal\\\/?s={search_term_string}\"},\"query-input\":{\"@type\":\"PropertyValueSpecification\",\"valueRequired\":true,\"valueName\":\"search_term_string\"}}],\"inLanguage\":\"gl-ES\"},{\"@type\":\"Organization\",\"@id\":\"https:\\\/\\\/www.anovapeneira.gal\\\/#organization\",\"name\":\"A Nova Peneira\",\"url\":\"https:\\\/\\\/www.anovapeneira.gal\\\/\",\"logo\":{\"@type\":\"ImageObject\",\"inLanguage\":\"gl-ES\",\"@id\":\"https:\\\/\\\/www.anovapeneira.gal\\\/#\\\/schema\\\/logo\\\/image\\\/\",\"url\":\"http:\\\/\\\/www.anovapeneira.gal\\\/wp-content\\\/uploads\\\/2019\\\/06\\\/logo_a_nova_peneira_portal_web.png\",\"contentUrl\":\"http:\\\/\\\/www.anovapeneira.gal\\\/wp-content\\\/uploads\\\/2019\\\/06\\\/logo_a_nova_peneira_portal_web.png\",\"width\":300,\"height\":100,\"caption\":\"A Nova Peneira\"},\"image\":{\"@id\":\"https:\\\/\\\/www.anovapeneira.gal\\\/#\\\/schema\\\/logo\\\/image\\\/\"},\"sameAs\":[\"https:\\\/\\\/www.facebook.com\\\/anovapeneira\",\"https:\\\/\\\/x.com\\\/APeneira\"]},{\"@type\":\"Person\",\"@id\":\"https:\\\/\\\/www.anovapeneira.gal\\\/#\\\/schema\\\/person\\\/424dfe65e3070fd8a44d22d2c088762a\",\"name\":\"Tino Lago\",\"image\":{\"@type\":\"ImageObject\",\"inLanguage\":\"gl-ES\",\"@id\":\"https:\\\/\\\/secure.gravatar.com\\\/avatar\\\/b3df6a06e44bab3111583b90f0f33a0379ee5e3d22cbadd232d39f21c30c62be?s=96&d=mm&r=g\",\"url\":\"https:\\\/\\\/secure.gravatar.com\\\/avatar\\\/b3df6a06e44bab3111583b90f0f33a0379ee5e3d22cbadd232d39f21c30c62be?s=96&d=mm&r=g\",\"contentUrl\":\"https:\\\/\\\/secure.gravatar.com\\\/avatar\\\/b3df6a06e44bab3111583b90f0f33a0379ee5e3d22cbadd232d39f21c30c62be?s=96&d=mm&r=g\",\"caption\":\"Tino Lago\"},\"sameAs\":[\"http:\\\/\\\/www.anovapeneira.gal\"],\"url\":\"https:\\\/\\\/www.anovapeneira.gal\\\/index.php\\\/author\\\/director\\\/\"}]}<\/script>\n<!-- \/ Yoast SEO plugin. -->","yoast_head_json":{"title":"O BNG de Mondariz escolle a unha nova responsable local -","robots":{"index":"index","follow":"follow","max-snippet":"max-snippet:-1","max-image-preview":"max-image-preview:large","max-video-preview":"max-video-preview:-1"},"canonical":"https:\/\/www.anovapeneira.gal\/index.php\/2025\/04\/15\/o-bng-de-mondariz-escolle-a-unha-nova-responsable-local\/","og_locale":"gl_ES","og_type":"article","og_title":"O BNG de Mondariz escolle a unha nova responsable local -","og_description":"Aos que xa pasamos dos 50, e levamos toda unha vida na defensa dos intereses de Galicia, contribu\u00edndo o mellor que soubemos e podemos, seguro que con moitos erros, a que a conciencia colectiva de [...]","og_url":"https:\/\/www.anovapeneira.gal\/index.php\/2025\/04\/15\/o-bng-de-mondariz-escolle-a-unha-nova-responsable-local\/","article_publisher":"https:\/\/www.facebook.com\/anovapeneira","article_published_time":"2025-04-15T10:00:09+00:00","og_image":[{"width":720,"height":432,"url":"https:\/\/www.anovapeneira.gal\/wp-content\/uploads\/2025\/04\/alba_Sanjurjo_mondariz.png","type":"image\/png"}],"author":"Tino Lago","twitter_card":"summary_large_image","twitter_creator":"@APeneira","twitter_site":"@APeneira","twitter_misc":{"Escrito por":"Tino Lago","Tempo de lectura":"2 minutos"},"schema":{"@context":"https:\/\/schema.org","@graph":[{"@type":"Article","@id":"https:\/\/www.anovapeneira.gal\/index.php\/2025\/04\/15\/o-bng-de-mondariz-escolle-a-unha-nova-responsable-local\/#article","isPartOf":{"@id":"https:\/\/www.anovapeneira.gal\/index.php\/2025\/04\/15\/o-bng-de-mondariz-escolle-a-unha-nova-responsable-local\/"},"author":{"name":"Tino Lago","@id":"https:\/\/www.anovapeneira.gal\/#\/schema\/person\/424dfe65e3070fd8a44d22d2c088762a"},"headline":"O BNG de Mondariz escolle a unha nova responsable local","datePublished":"2025-04-15T10:00:09+00:00","mainEntityOfPage":{"@id":"https:\/\/www.anovapeneira.gal\/index.php\/2025\/04\/15\/o-bng-de-mondariz-escolle-a-unha-nova-responsable-local\/"},"wordCount":1026,"commentCount":0,"publisher":{"@id":"https:\/\/www.anovapeneira.gal\/#organization"},"image":{"@id":"https:\/\/www.anovapeneira.gal\/index.php\/2025\/04\/15\/o-bng-de-mondariz-escolle-a-unha-nova-responsable-local\/#primaryimage"},"thumbnailUrl":"https:\/\/www.anovapeneira.gal\/wp-content\/uploads\/2025\/04\/alba_Sanjurjo_mondariz.png","keywords":["Concello de Mondariz"],"articleSection":["Condado"],"inLanguage":"gl-ES","potentialAction":[{"@type":"CommentAction","name":"Comment","target":["https:\/\/www.anovapeneira.gal\/index.php\/2025\/04\/15\/o-bng-de-mondariz-escolle-a-unha-nova-responsable-local\/#respond"]}]},{"@type":"WebPage","@id":"https:\/\/www.anovapeneira.gal\/index.php\/2025\/04\/15\/o-bng-de-mondariz-escolle-a-unha-nova-responsable-local\/","url":"https:\/\/www.anovapeneira.gal\/index.php\/2025\/04\/15\/o-bng-de-mondariz-escolle-a-unha-nova-responsable-local\/","name":"O BNG de Mondariz escolle a unha nova responsable local -","isPartOf":{"@id":"https:\/\/www.anovapeneira.gal\/#website"},"primaryImageOfPage":{"@id":"https:\/\/www.anovapeneira.gal\/index.php\/2025\/04\/15\/o-bng-de-mondariz-escolle-a-unha-nova-responsable-local\/#primaryimage"},"image":{"@id":"https:\/\/www.anovapeneira.gal\/index.php\/2025\/04\/15\/o-bng-de-mondariz-escolle-a-unha-nova-responsable-local\/#primaryimage"},"thumbnailUrl":"https:\/\/www.anovapeneira.gal\/wp-content\/uploads\/2025\/04\/alba_Sanjurjo_mondariz.png","datePublished":"2025-04-15T10:00:09+00:00","breadcrumb":{"@id":"https:\/\/www.anovapeneira.gal\/index.php\/2025\/04\/15\/o-bng-de-mondariz-escolle-a-unha-nova-responsable-local\/#breadcrumb"},"inLanguage":"gl-ES","potentialAction":[{"@type":"ReadAction","target":["https:\/\/www.anovapeneira.gal\/index.php\/2025\/04\/15\/o-bng-de-mondariz-escolle-a-unha-nova-responsable-local\/"]}]},{"@type":"ImageObject","inLanguage":"gl-ES","@id":"https:\/\/www.anovapeneira.gal\/index.php\/2025\/04\/15\/o-bng-de-mondariz-escolle-a-unha-nova-responsable-local\/#primaryimage","url":"https:\/\/www.anovapeneira.gal\/wp-content\/uploads\/2025\/04\/alba_Sanjurjo_mondariz.png","contentUrl":"https:\/\/www.anovapeneira.gal\/wp-content\/uploads\/2025\/04\/alba_Sanjurjo_mondariz.png","width":720,"height":432,"caption":"Alba Sanjurjo"},{"@type":"BreadcrumbList","@id":"https:\/\/www.anovapeneira.gal\/index.php\/2025\/04\/15\/o-bng-de-mondariz-escolle-a-unha-nova-responsable-local\/#breadcrumb","itemListElement":[{"@type":"ListItem","position":1,"name":"Portada","item":"https:\/\/www.anovapeneira.gal\/"},{"@type":"ListItem","position":2,"name":"O BNG de Mondariz escolle a unha nova responsable local"}]},{"@type":"WebSite","@id":"https:\/\/www.anovapeneira.gal\/#website","url":"https:\/\/www.anovapeneira.gal\/","name":"","description":"Xornal galego de informaci\u00f3n xeral Publicaci\u00f3n mensual de novas de Galicia e en especial dos Concellos da sur da provincia de Pontevedra.","publisher":{"@id":"https:\/\/www.anovapeneira.gal\/#organization"},"potentialAction":[{"@type":"SearchAction","target":{"@type":"EntryPoint","urlTemplate":"https:\/\/www.anovapeneira.gal\/?s={search_term_string}"},"query-input":{"@type":"PropertyValueSpecification","valueRequired":true,"valueName":"search_term_string"}}],"inLanguage":"gl-ES"},{"@type":"Organization","@id":"https:\/\/www.anovapeneira.gal\/#organization","name":"A Nova Peneira","url":"https:\/\/www.anovapeneira.gal\/","logo":{"@type":"ImageObject","inLanguage":"gl-ES","@id":"https:\/\/www.anovapeneira.gal\/#\/schema\/logo\/image\/","url":"http:\/\/www.anovapeneira.gal\/wp-content\/uploads\/2019\/06\/logo_a_nova_peneira_portal_web.png","contentUrl":"http:\/\/www.anovapeneira.gal\/wp-content\/uploads\/2019\/06\/logo_a_nova_peneira_portal_web.png","width":300,"height":100,"caption":"A Nova Peneira"},"image":{"@id":"https:\/\/www.anovapeneira.gal\/#\/schema\/logo\/image\/"},"sameAs":["https:\/\/www.facebook.com\/anovapeneira","https:\/\/x.com\/APeneira"]},{"@type":"Person","@id":"https:\/\/www.anovapeneira.gal\/#\/schema\/person\/424dfe65e3070fd8a44d22d2c088762a","name":"Tino Lago","image":{"@type":"ImageObject","inLanguage":"gl-ES","@id":"https:\/\/secure.gravatar.com\/avatar\/b3df6a06e44bab3111583b90f0f33a0379ee5e3d22cbadd232d39f21c30c62be?s=96&d=mm&r=g","url":"https:\/\/secure.gravatar.com\/avatar\/b3df6a06e44bab3111583b90f0f33a0379ee5e3d22cbadd232d39f21c30c62be?s=96&d=mm&r=g","contentUrl":"https:\/\/secure.gravatar.com\/avatar\/b3df6a06e44bab3111583b90f0f33a0379ee5e3d22cbadd232d39f21c30c62be?s=96&d=mm&r=g","caption":"Tino Lago"},"sameAs":["http:\/\/www.anovapeneira.gal"],"url":"https:\/\/www.anovapeneira.gal\/index.php\/author\/director\/"}]}},"jetpack_featured_media_url":"https:\/\/www.anovapeneira.gal\/wp-content\/uploads\/2025\/04\/alba_Sanjurjo_mondariz.png","_links":{"self":[{"href":"https:\/\/www.anovapeneira.gal\/index.php\/wp-json\/wp\/v2\/posts\/13688","targetHints":{"allow":["GET"]}}],"collection":[{"href":"https:\/\/www.anovapeneira.gal\/index.php\/wp-json\/wp\/v2\/posts"}],"about":[{"href":"https:\/\/www.anovapeneira.gal\/index.php\/wp-json\/wp\/v2\/types\/post"}],"author":[{"embeddable":true,"href":"https:\/\/www.anovapeneira.gal\/index.php\/wp-json\/wp\/v2\/users\/2"}],"replies":[{"embeddable":true,"href":"https:\/\/www.anovapeneira.gal\/index.php\/wp-json\/wp\/v2\/comments?post=13688"}],"version-history":[{"count":1,"href":"https:\/\/www.anovapeneira.gal\/index.php\/wp-json\/wp\/v2\/posts\/13688\/revisions"}],"predecessor-version":[{"id":13690,"href":"https:\/\/www.anovapeneira.gal\/index.php\/wp-json\/wp\/v2\/posts\/13688\/revisions\/13690"}],"wp:featuredmedia":[{"embeddable":true,"href":"https:\/\/www.anovapeneira.gal\/index.php\/wp-json\/wp\/v2\/media\/13689"}],"wp:attachment":[{"href":"https:\/\/www.anovapeneira.gal\/index.php\/wp-json\/wp\/v2\/media?parent=13688"}],"wp:term":[{"taxonomy":"category","embeddable":true,"href":"https:\/\/www.anovapeneira.gal\/index.php\/wp-json\/wp\/v2\/categories?post=13688"},{"taxonomy":"post_tag","embeddable":true,"href":"https:\/\/www.anovapeneira.gal\/index.php\/wp-json\/wp\/v2\/tags?post=13688"}],"curies":[{"name":"wp","href":"https:\/\/api.w.org\/{rel}","templated":true}]}}