{"id":13691,"date":"2025-04-16T10:00:27","date_gmt":"2025-04-16T08:00:27","guid":{"rendered":"https:\/\/www.anovapeneira.gal\/?p=13691"},"modified":"2025-04-10T10:12:55","modified_gmt":"2025-04-10T08:12:55","slug":"lembranzas-do-rabelo-tortoreos-e-as-neves","status":"publish","type":"post","link":"https:\/\/www.anovapeneira.gal\/index.php\/2025\/04\/16\/lembranzas-do-rabelo-tortoreos-e-as-neves\/","title":{"rendered":"Lembranzas do rabelo, tortoreos e as neves"},"content":{"rendered":"\n<pre class=\"wp-block-verse\">Manuel Alfonso Est\u00e9vez, fillo de Fornelos da Ribeira.<\/pre>\n\n\n\n<p>Logo de anos de ausencia, no ano 1.957 entrei naquela coci\u00f1a e lin toda a historia da mi\u00f1a infancia, e o sentarme naqueles bancos da galer\u00eda, renovei a cinza da ladeira e descorr\u00edn na memoria a cortina do tempo, que aparec\u00eda espida, desconxuntada coas cores da traxedia. Chorei e vin mentalmente que estaba o meu lado a t\u00eda Pepita da que gardo na memoria aqueles anos pasados.<\/p>\n\n\n\n<p>\u00a1Cantas veces fun a coci\u00f1a e al\u00ed no recuncho estaba a t\u00eda Pepita a luz do candil, fiando e mirando o pucheiro que ferv\u00eda arredor da lume!<\/p>\n\n\n\n<p>As palabras da nai de Pilar Barbeito que eu chamaba Pilari\u00f1a, ca\u00edan na mi\u00f1a alma e as sent\u00eda no coraz\u00f3n. Ti\u00f1a ent\u00f3n, a alma demasiado tenra e os temores esvaraban coa esperanza\u2026<\/p>\n\n\n\n<p>Agora vivo da memoria e l\u00e9mbrome cada d\u00eda daqueles domingos de ir a misa e logo do serm\u00f3n como o crego rogaba polos fieis e as benditas \u00e1nimas do purgatorio que agora xa non existen; e por aqueles que est\u00e1n loitando entre a vida e a morte. \u00a1Non era para menos! Porque a realidade, a beleza, e as chispas moribundas, son como o neno nos brazos abertos, escoitando:<\/p>\n\n\n\n<p>A tarde morr\u00eda<\/p>\n\n\n\n<p>o fogo se apagaba<\/p>\n\n\n\n<p>o Sol se fund\u00eda<\/p>\n\n\n\n<p>e o eido se animaba<\/p>\n\n\n\n<p>O Rabelo, se r\u00eda<\/p>\n\n\n\n<p>se cargaba de aire rumoroso<\/p>\n\n\n\n<p>e as follas das \u00e1rbores trem\u00edan,<\/p>\n\n\n\n<p>o Ceo azul, rico fulgores<\/p>\n\n\n\n<p>que a luz crepuscular derret\u00eda\u2026<\/p>\n\n\n\n<p>Sempre lembrarei aquela noite que quedaba fermosa onde o Sol acababa de posarse a L\u00faa, sobre o monte San Nomedio, por onde se posan os resplandores da luz que van a morrer tamizando as \u00e1rbores e vi\u00f1edos que van como a espuma bule-bule o rio, con un Ceo limpo, aire fresco e toda a ribeira poboada de merlos e outros paxari\u00f1os.<\/p>\n\n\n\n<p>Atr\u00e1s quedaba o inverno, a vida na coci\u00f1a, e o verdadeiro fogar onde se lembraban tempos pasados. Logo, aquelas tardes asfixiantes, o horizonte pardo, o Sol envolto en teas grises, e sobre todo o cume de San Nomedio, con nubes negras. O vento e os paxaros durmindo con os rumorosos pinos\u2026 O casta\u00f1o, os contos e lendas que soaban a gritos co tempo. Pero se aproximaba outra vez o inverno e o clima se convert\u00eda bruscamente. Pola ma\u00f1\u00e1 pasaba unha densa n\u00e9boa pecadora, cando o Sol se \u00eda, quedando un ambiente morno, sereno, sen ru\u00eddos con aquel crep\u00fasculo que non deb\u00eda morrer nunca. As \u00e1rbores empezaron a po\u00f1erse de cores febres de cor oxidado, tristes, avermellados, que contrastaban co verde forte, intenso, incluso, esmaltando dos prados.<\/p>\n\n\n\n<p>L\u00e9mbrome, por \u00faltimo, do eido do Rabelo, aquela tarde triste onde o Sol se ocultaba para morrer convid\u00e1ndonos o recollemento interior, mentres as nubes suced\u00edan a ratos entre o Sol do outono, precursora dunha agon\u00eda breve.<\/p>\n\n\n\n<p>Un d\u00eda quixen sentarme co amigo Enrique Rodr\u00edguez M\u00e9ndez e a s\u00faa dona, Pilar Barbeitos Est\u00e9vez, contemplando o Sol, a placidez da ribeira, o silencio, a ca\u00edda da tarde,contemplando os vi\u00f1edos, metido na coci\u00f1a co pensamento no eido e percibir as charamuscas do lume con aquel Sol xa tenue, como un asub\u00edo musicado daqueles tempos. E quero darlle as grazas A Nova Peneira, por darme esta oportunidade.<\/p>\n\n\n\n<p><\/p>\n","protected":false},"excerpt":{"rendered":"<div class=\"mh-excerpt\"><p>Logo de anos de ausencia, no ano 1.957 entrei naquela coci\u00f1a e lin toda a historia da mi\u00f1a infancia, e o sentarme naqueles bancos da galer\u00eda <a class=\"mh-excerpt-more\" href=\"https:\/\/www.anovapeneira.gal\/index.php\/2025\/04\/16\/lembranzas-do-rabelo-tortoreos-e-as-neves\/\" title=\"Lembranzas do rabelo, tortoreos e as neves\">[&#8230;]<\/a><\/p>\n<\/div>","protected":false},"author":40,"featured_media":5108,"comment_status":"open","ping_status":"open","sticky":false,"template":"","format":"standard","meta":{"_exactmetrics_skip_tracking":false,"_exactmetrics_sitenote_active":false,"_exactmetrics_sitenote_note":"","_exactmetrics_sitenote_category":0,"footnotes":""},"categories":[7],"tags":[1257],"class_list":{"0":"post-13691","1":"post","2":"type-post","3":"status-publish","4":"format-standard","5":"has-post-thumbnail","7":"category-artigos-de-opinion","8":"tag-manuel-alfonso-estevez"},"yoast_head":"<!-- This site is optimized with the Yoast SEO plugin v27.4 - https:\/\/yoast.com\/product\/yoast-seo-wordpress\/ -->\n<title>Lembranzas do rabelo, tortoreos e as neves -<\/title>\n<meta name=\"robots\" content=\"index, follow, max-snippet:-1, max-image-preview:large, max-video-preview:-1\" \/>\n<link rel=\"canonical\" href=\"https:\/\/www.anovapeneira.gal\/index.php\/2025\/04\/16\/lembranzas-do-rabelo-tortoreos-e-as-neves\/\" \/>\n<meta property=\"og:locale\" content=\"gl_ES\" \/>\n<meta property=\"og:type\" content=\"article\" \/>\n<meta property=\"og:title\" content=\"Lembranzas do rabelo, tortoreos e as neves -\" \/>\n<meta property=\"og:description\" content=\"Logo de anos de ausencia, no ano 1.957 entrei naquela coci\u00f1a e lin toda a historia da mi\u00f1a infancia, e o sentarme naqueles bancos da galer\u00eda [...]\" \/>\n<meta property=\"og:url\" content=\"https:\/\/www.anovapeneira.gal\/index.php\/2025\/04\/16\/lembranzas-do-rabelo-tortoreos-e-as-neves\/\" \/>\n<meta property=\"article:publisher\" content=\"https:\/\/www.facebook.com\/anovapeneira\" \/>\n<meta property=\"article:published_time\" content=\"2025-04-16T08:00:27+00:00\" \/>\n<meta property=\"og:image\" content=\"https:\/\/www.anovapeneira.gal\/wp-content\/uploads\/2021\/03\/manuel_alfonso_estevez.jpg\" \/>\n\t<meta property=\"og:image:width\" content=\"720\" \/>\n\t<meta property=\"og:image:height\" content=\"432\" \/>\n\t<meta property=\"og:image:type\" content=\"image\/jpeg\" \/>\n<meta name=\"author\" content=\"Manuel Alfonso Est\u00e9vez\" \/>\n<meta name=\"twitter:card\" content=\"summary_large_image\" \/>\n<meta name=\"twitter:creator\" content=\"@APeneira\" \/>\n<meta name=\"twitter:site\" content=\"@APeneira\" \/>\n<meta name=\"twitter:label1\" content=\"Escrito por\" \/>\n\t<meta name=\"twitter:data1\" content=\"Manuel Alfonso Est\u00e9vez\" \/>\n\t<meta name=\"twitter:label2\" content=\"Tempo de lectura\" \/>\n\t<meta name=\"twitter:data2\" content=\"4 minutos\" \/>\n<script type=\"application\/ld+json\" class=\"yoast-schema-graph\">{\"@context\":\"https:\\\/\\\/schema.org\",\"@graph\":[{\"@type\":\"Article\",\"@id\":\"https:\\\/\\\/www.anovapeneira.gal\\\/index.php\\\/2025\\\/04\\\/16\\\/lembranzas-do-rabelo-tortoreos-e-as-neves\\\/#article\",\"isPartOf\":{\"@id\":\"https:\\\/\\\/www.anovapeneira.gal\\\/index.php\\\/2025\\\/04\\\/16\\\/lembranzas-do-rabelo-tortoreos-e-as-neves\\\/\"},\"author\":{\"name\":\"Manuel Alfonso Est\u00e9vez\",\"@id\":\"https:\\\/\\\/www.anovapeneira.gal\\\/#\\\/schema\\\/person\\\/6561b93d53e7a32f5d814768163bae2a\"},\"headline\":\"Lembranzas do rabelo, tortoreos e as neves\",\"datePublished\":\"2025-04-16T08:00:27+00:00\",\"mainEntityOfPage\":{\"@id\":\"https:\\\/\\\/www.anovapeneira.gal\\\/index.php\\\/2025\\\/04\\\/16\\\/lembranzas-do-rabelo-tortoreos-e-as-neves\\\/\"},\"wordCount\":582,\"commentCount\":0,\"publisher\":{\"@id\":\"https:\\\/\\\/www.anovapeneira.gal\\\/#organization\"},\"image\":{\"@id\":\"https:\\\/\\\/www.anovapeneira.gal\\\/index.php\\\/2025\\\/04\\\/16\\\/lembranzas-do-rabelo-tortoreos-e-as-neves\\\/#primaryimage\"},\"thumbnailUrl\":\"https:\\\/\\\/www.anovapeneira.gal\\\/wp-content\\\/uploads\\\/2021\\\/03\\\/manuel_alfonso_estevez.jpg\",\"keywords\":[\"Manuel Alfonso Est\u00e9vez\"],\"articleSection\":[\"Artigos de opini\u00f3n\"],\"inLanguage\":\"gl-ES\",\"potentialAction\":[{\"@type\":\"CommentAction\",\"name\":\"Comment\",\"target\":[\"https:\\\/\\\/www.anovapeneira.gal\\\/index.php\\\/2025\\\/04\\\/16\\\/lembranzas-do-rabelo-tortoreos-e-as-neves\\\/#respond\"]}]},{\"@type\":\"WebPage\",\"@id\":\"https:\\\/\\\/www.anovapeneira.gal\\\/index.php\\\/2025\\\/04\\\/16\\\/lembranzas-do-rabelo-tortoreos-e-as-neves\\\/\",\"url\":\"https:\\\/\\\/www.anovapeneira.gal\\\/index.php\\\/2025\\\/04\\\/16\\\/lembranzas-do-rabelo-tortoreos-e-as-neves\\\/\",\"name\":\"Lembranzas do rabelo, tortoreos e as neves -\",\"isPartOf\":{\"@id\":\"https:\\\/\\\/www.anovapeneira.gal\\\/#website\"},\"primaryImageOfPage\":{\"@id\":\"https:\\\/\\\/www.anovapeneira.gal\\\/index.php\\\/2025\\\/04\\\/16\\\/lembranzas-do-rabelo-tortoreos-e-as-neves\\\/#primaryimage\"},\"image\":{\"@id\":\"https:\\\/\\\/www.anovapeneira.gal\\\/index.php\\\/2025\\\/04\\\/16\\\/lembranzas-do-rabelo-tortoreos-e-as-neves\\\/#primaryimage\"},\"thumbnailUrl\":\"https:\\\/\\\/www.anovapeneira.gal\\\/wp-content\\\/uploads\\\/2021\\\/03\\\/manuel_alfonso_estevez.jpg\",\"datePublished\":\"2025-04-16T08:00:27+00:00\",\"breadcrumb\":{\"@id\":\"https:\\\/\\\/www.anovapeneira.gal\\\/index.php\\\/2025\\\/04\\\/16\\\/lembranzas-do-rabelo-tortoreos-e-as-neves\\\/#breadcrumb\"},\"inLanguage\":\"gl-ES\",\"potentialAction\":[{\"@type\":\"ReadAction\",\"target\":[\"https:\\\/\\\/www.anovapeneira.gal\\\/index.php\\\/2025\\\/04\\\/16\\\/lembranzas-do-rabelo-tortoreos-e-as-neves\\\/\"]}]},{\"@type\":\"ImageObject\",\"inLanguage\":\"gl-ES\",\"@id\":\"https:\\\/\\\/www.anovapeneira.gal\\\/index.php\\\/2025\\\/04\\\/16\\\/lembranzas-do-rabelo-tortoreos-e-as-neves\\\/#primaryimage\",\"url\":\"https:\\\/\\\/www.anovapeneira.gal\\\/wp-content\\\/uploads\\\/2021\\\/03\\\/manuel_alfonso_estevez.jpg\",\"contentUrl\":\"https:\\\/\\\/www.anovapeneira.gal\\\/wp-content\\\/uploads\\\/2021\\\/03\\\/manuel_alfonso_estevez.jpg\",\"width\":720,\"height\":432,\"caption\":\"Manuel Alfonso Est\u00e9vez. Historia viva de Fornelos da Ribeira\"},{\"@type\":\"BreadcrumbList\",\"@id\":\"https:\\\/\\\/www.anovapeneira.gal\\\/index.php\\\/2025\\\/04\\\/16\\\/lembranzas-do-rabelo-tortoreos-e-as-neves\\\/#breadcrumb\",\"itemListElement\":[{\"@type\":\"ListItem\",\"position\":1,\"name\":\"Portada\",\"item\":\"https:\\\/\\\/www.anovapeneira.gal\\\/\"},{\"@type\":\"ListItem\",\"position\":2,\"name\":\"Lembranzas do rabelo, tortoreos e as neves\"}]},{\"@type\":\"WebSite\",\"@id\":\"https:\\\/\\\/www.anovapeneira.gal\\\/#website\",\"url\":\"https:\\\/\\\/www.anovapeneira.gal\\\/\",\"name\":\"\",\"description\":\"Xornal galego de informaci\u00f3n xeral Publicaci\u00f3n mensual de novas de Galicia e en especial dos Concellos da sur da provincia de Pontevedra.\",\"publisher\":{\"@id\":\"https:\\\/\\\/www.anovapeneira.gal\\\/#organization\"},\"potentialAction\":[{\"@type\":\"SearchAction\",\"target\":{\"@type\":\"EntryPoint\",\"urlTemplate\":\"https:\\\/\\\/www.anovapeneira.gal\\\/?s={search_term_string}\"},\"query-input\":{\"@type\":\"PropertyValueSpecification\",\"valueRequired\":true,\"valueName\":\"search_term_string\"}}],\"inLanguage\":\"gl-ES\"},{\"@type\":\"Organization\",\"@id\":\"https:\\\/\\\/www.anovapeneira.gal\\\/#organization\",\"name\":\"A Nova Peneira\",\"url\":\"https:\\\/\\\/www.anovapeneira.gal\\\/\",\"logo\":{\"@type\":\"ImageObject\",\"inLanguage\":\"gl-ES\",\"@id\":\"https:\\\/\\\/www.anovapeneira.gal\\\/#\\\/schema\\\/logo\\\/image\\\/\",\"url\":\"http:\\\/\\\/www.anovapeneira.gal\\\/wp-content\\\/uploads\\\/2019\\\/06\\\/logo_a_nova_peneira_portal_web.png\",\"contentUrl\":\"http:\\\/\\\/www.anovapeneira.gal\\\/wp-content\\\/uploads\\\/2019\\\/06\\\/logo_a_nova_peneira_portal_web.png\",\"width\":300,\"height\":100,\"caption\":\"A Nova Peneira\"},\"image\":{\"@id\":\"https:\\\/\\\/www.anovapeneira.gal\\\/#\\\/schema\\\/logo\\\/image\\\/\"},\"sameAs\":[\"https:\\\/\\\/www.facebook.com\\\/anovapeneira\",\"https:\\\/\\\/x.com\\\/APeneira\"]},{\"@type\":\"Person\",\"@id\":\"https:\\\/\\\/www.anovapeneira.gal\\\/#\\\/schema\\\/person\\\/6561b93d53e7a32f5d814768163bae2a\",\"name\":\"Manuel Alfonso Est\u00e9vez\",\"image\":{\"@type\":\"ImageObject\",\"inLanguage\":\"gl-ES\",\"@id\":\"https:\\\/\\\/secure.gravatar.com\\\/avatar\\\/f5d3e86603a02dabc520fdacad8691552cb5b3b57ede8828ababc7095c054594?s=96&d=mm&r=g\",\"url\":\"https:\\\/\\\/secure.gravatar.com\\\/avatar\\\/f5d3e86603a02dabc520fdacad8691552cb5b3b57ede8828ababc7095c054594?s=96&d=mm&r=g\",\"contentUrl\":\"https:\\\/\\\/secure.gravatar.com\\\/avatar\\\/f5d3e86603a02dabc520fdacad8691552cb5b3b57ede8828ababc7095c054594?s=96&d=mm&r=g\",\"caption\":\"Manuel Alfonso Est\u00e9vez\"},\"url\":\"https:\\\/\\\/www.anovapeneira.gal\\\/index.php\\\/author\\\/manuelalfonso\\\/\"}]}<\/script>\n<!-- \/ Yoast SEO plugin. -->","yoast_head_json":{"title":"Lembranzas do rabelo, tortoreos e as neves -","robots":{"index":"index","follow":"follow","max-snippet":"max-snippet:-1","max-image-preview":"max-image-preview:large","max-video-preview":"max-video-preview:-1"},"canonical":"https:\/\/www.anovapeneira.gal\/index.php\/2025\/04\/16\/lembranzas-do-rabelo-tortoreos-e-as-neves\/","og_locale":"gl_ES","og_type":"article","og_title":"Lembranzas do rabelo, tortoreos e as neves -","og_description":"Logo de anos de ausencia, no ano 1.957 entrei naquela coci\u00f1a e lin toda a historia da mi\u00f1a infancia, e o sentarme naqueles bancos da galer\u00eda [...]","og_url":"https:\/\/www.anovapeneira.gal\/index.php\/2025\/04\/16\/lembranzas-do-rabelo-tortoreos-e-as-neves\/","article_publisher":"https:\/\/www.facebook.com\/anovapeneira","article_published_time":"2025-04-16T08:00:27+00:00","og_image":[{"width":720,"height":432,"url":"https:\/\/www.anovapeneira.gal\/wp-content\/uploads\/2021\/03\/manuel_alfonso_estevez.jpg","type":"image\/jpeg"}],"author":"Manuel Alfonso Est\u00e9vez","twitter_card":"summary_large_image","twitter_creator":"@APeneira","twitter_site":"@APeneira","twitter_misc":{"Escrito por":"Manuel Alfonso Est\u00e9vez","Tempo de lectura":"4 minutos"},"schema":{"@context":"https:\/\/schema.org","@graph":[{"@type":"Article","@id":"https:\/\/www.anovapeneira.gal\/index.php\/2025\/04\/16\/lembranzas-do-rabelo-tortoreos-e-as-neves\/#article","isPartOf":{"@id":"https:\/\/www.anovapeneira.gal\/index.php\/2025\/04\/16\/lembranzas-do-rabelo-tortoreos-e-as-neves\/"},"author":{"name":"Manuel Alfonso Est\u00e9vez","@id":"https:\/\/www.anovapeneira.gal\/#\/schema\/person\/6561b93d53e7a32f5d814768163bae2a"},"headline":"Lembranzas do rabelo, tortoreos e as neves","datePublished":"2025-04-16T08:00:27+00:00","mainEntityOfPage":{"@id":"https:\/\/www.anovapeneira.gal\/index.php\/2025\/04\/16\/lembranzas-do-rabelo-tortoreos-e-as-neves\/"},"wordCount":582,"commentCount":0,"publisher":{"@id":"https:\/\/www.anovapeneira.gal\/#organization"},"image":{"@id":"https:\/\/www.anovapeneira.gal\/index.php\/2025\/04\/16\/lembranzas-do-rabelo-tortoreos-e-as-neves\/#primaryimage"},"thumbnailUrl":"https:\/\/www.anovapeneira.gal\/wp-content\/uploads\/2021\/03\/manuel_alfonso_estevez.jpg","keywords":["Manuel Alfonso Est\u00e9vez"],"articleSection":["Artigos de opini\u00f3n"],"inLanguage":"gl-ES","potentialAction":[{"@type":"CommentAction","name":"Comment","target":["https:\/\/www.anovapeneira.gal\/index.php\/2025\/04\/16\/lembranzas-do-rabelo-tortoreos-e-as-neves\/#respond"]}]},{"@type":"WebPage","@id":"https:\/\/www.anovapeneira.gal\/index.php\/2025\/04\/16\/lembranzas-do-rabelo-tortoreos-e-as-neves\/","url":"https:\/\/www.anovapeneira.gal\/index.php\/2025\/04\/16\/lembranzas-do-rabelo-tortoreos-e-as-neves\/","name":"Lembranzas do rabelo, tortoreos e as neves -","isPartOf":{"@id":"https:\/\/www.anovapeneira.gal\/#website"},"primaryImageOfPage":{"@id":"https:\/\/www.anovapeneira.gal\/index.php\/2025\/04\/16\/lembranzas-do-rabelo-tortoreos-e-as-neves\/#primaryimage"},"image":{"@id":"https:\/\/www.anovapeneira.gal\/index.php\/2025\/04\/16\/lembranzas-do-rabelo-tortoreos-e-as-neves\/#primaryimage"},"thumbnailUrl":"https:\/\/www.anovapeneira.gal\/wp-content\/uploads\/2021\/03\/manuel_alfonso_estevez.jpg","datePublished":"2025-04-16T08:00:27+00:00","breadcrumb":{"@id":"https:\/\/www.anovapeneira.gal\/index.php\/2025\/04\/16\/lembranzas-do-rabelo-tortoreos-e-as-neves\/#breadcrumb"},"inLanguage":"gl-ES","potentialAction":[{"@type":"ReadAction","target":["https:\/\/www.anovapeneira.gal\/index.php\/2025\/04\/16\/lembranzas-do-rabelo-tortoreos-e-as-neves\/"]}]},{"@type":"ImageObject","inLanguage":"gl-ES","@id":"https:\/\/www.anovapeneira.gal\/index.php\/2025\/04\/16\/lembranzas-do-rabelo-tortoreos-e-as-neves\/#primaryimage","url":"https:\/\/www.anovapeneira.gal\/wp-content\/uploads\/2021\/03\/manuel_alfonso_estevez.jpg","contentUrl":"https:\/\/www.anovapeneira.gal\/wp-content\/uploads\/2021\/03\/manuel_alfonso_estevez.jpg","width":720,"height":432,"caption":"Manuel Alfonso Est\u00e9vez. Historia viva de Fornelos da Ribeira"},{"@type":"BreadcrumbList","@id":"https:\/\/www.anovapeneira.gal\/index.php\/2025\/04\/16\/lembranzas-do-rabelo-tortoreos-e-as-neves\/#breadcrumb","itemListElement":[{"@type":"ListItem","position":1,"name":"Portada","item":"https:\/\/www.anovapeneira.gal\/"},{"@type":"ListItem","position":2,"name":"Lembranzas do rabelo, tortoreos e as neves"}]},{"@type":"WebSite","@id":"https:\/\/www.anovapeneira.gal\/#website","url":"https:\/\/www.anovapeneira.gal\/","name":"","description":"Xornal galego de informaci\u00f3n xeral Publicaci\u00f3n mensual de novas de Galicia e en especial dos Concellos da sur da provincia de Pontevedra.","publisher":{"@id":"https:\/\/www.anovapeneira.gal\/#organization"},"potentialAction":[{"@type":"SearchAction","target":{"@type":"EntryPoint","urlTemplate":"https:\/\/www.anovapeneira.gal\/?s={search_term_string}"},"query-input":{"@type":"PropertyValueSpecification","valueRequired":true,"valueName":"search_term_string"}}],"inLanguage":"gl-ES"},{"@type":"Organization","@id":"https:\/\/www.anovapeneira.gal\/#organization","name":"A Nova Peneira","url":"https:\/\/www.anovapeneira.gal\/","logo":{"@type":"ImageObject","inLanguage":"gl-ES","@id":"https:\/\/www.anovapeneira.gal\/#\/schema\/logo\/image\/","url":"http:\/\/www.anovapeneira.gal\/wp-content\/uploads\/2019\/06\/logo_a_nova_peneira_portal_web.png","contentUrl":"http:\/\/www.anovapeneira.gal\/wp-content\/uploads\/2019\/06\/logo_a_nova_peneira_portal_web.png","width":300,"height":100,"caption":"A Nova Peneira"},"image":{"@id":"https:\/\/www.anovapeneira.gal\/#\/schema\/logo\/image\/"},"sameAs":["https:\/\/www.facebook.com\/anovapeneira","https:\/\/x.com\/APeneira"]},{"@type":"Person","@id":"https:\/\/www.anovapeneira.gal\/#\/schema\/person\/6561b93d53e7a32f5d814768163bae2a","name":"Manuel Alfonso Est\u00e9vez","image":{"@type":"ImageObject","inLanguage":"gl-ES","@id":"https:\/\/secure.gravatar.com\/avatar\/f5d3e86603a02dabc520fdacad8691552cb5b3b57ede8828ababc7095c054594?s=96&d=mm&r=g","url":"https:\/\/secure.gravatar.com\/avatar\/f5d3e86603a02dabc520fdacad8691552cb5b3b57ede8828ababc7095c054594?s=96&d=mm&r=g","contentUrl":"https:\/\/secure.gravatar.com\/avatar\/f5d3e86603a02dabc520fdacad8691552cb5b3b57ede8828ababc7095c054594?s=96&d=mm&r=g","caption":"Manuel Alfonso Est\u00e9vez"},"url":"https:\/\/www.anovapeneira.gal\/index.php\/author\/manuelalfonso\/"}]}},"jetpack_featured_media_url":"https:\/\/www.anovapeneira.gal\/wp-content\/uploads\/2021\/03\/manuel_alfonso_estevez.jpg","_links":{"self":[{"href":"https:\/\/www.anovapeneira.gal\/index.php\/wp-json\/wp\/v2\/posts\/13691","targetHints":{"allow":["GET"]}}],"collection":[{"href":"https:\/\/www.anovapeneira.gal\/index.php\/wp-json\/wp\/v2\/posts"}],"about":[{"href":"https:\/\/www.anovapeneira.gal\/index.php\/wp-json\/wp\/v2\/types\/post"}],"author":[{"embeddable":true,"href":"https:\/\/www.anovapeneira.gal\/index.php\/wp-json\/wp\/v2\/users\/40"}],"replies":[{"embeddable":true,"href":"https:\/\/www.anovapeneira.gal\/index.php\/wp-json\/wp\/v2\/comments?post=13691"}],"version-history":[{"count":2,"href":"https:\/\/www.anovapeneira.gal\/index.php\/wp-json\/wp\/v2\/posts\/13691\/revisions"}],"predecessor-version":[{"id":13695,"href":"https:\/\/www.anovapeneira.gal\/index.php\/wp-json\/wp\/v2\/posts\/13691\/revisions\/13695"}],"wp:featuredmedia":[{"embeddable":true,"href":"https:\/\/www.anovapeneira.gal\/index.php\/wp-json\/wp\/v2\/media\/5108"}],"wp:attachment":[{"href":"https:\/\/www.anovapeneira.gal\/index.php\/wp-json\/wp\/v2\/media?parent=13691"}],"wp:term":[{"taxonomy":"category","embeddable":true,"href":"https:\/\/www.anovapeneira.gal\/index.php\/wp-json\/wp\/v2\/categories?post=13691"},{"taxonomy":"post_tag","embeddable":true,"href":"https:\/\/www.anovapeneira.gal\/index.php\/wp-json\/wp\/v2\/tags?post=13691"}],"curies":[{"name":"wp","href":"https:\/\/api.w.org\/{rel}","templated":true}]}}