{"id":13702,"date":"2025-04-17T10:00:33","date_gmt":"2025-04-17T08:00:33","guid":{"rendered":"https:\/\/www.anovapeneira.gal\/?p=13702"},"modified":"2025-04-11T14:13:59","modified_gmt":"2025-04-11T12:13:59","slug":"o-bng-de-forcarei-lamenta-as-ultimas-decisions-do-goberno-do-psoe","status":"publish","type":"post","link":"https:\/\/www.anovapeneira.gal\/index.php\/2025\/04\/17\/o-bng-de-forcarei-lamenta-as-ultimas-decisions-do-goberno-do-psoe\/","title":{"rendered":"O BNG de Forcarei lamenta as \u00faltimas decisi\u00f3ns do goberno do PSOE"},"content":{"rendered":"\n<h2 class=\"wp-block-heading\">Dende o grupo municipal do BNG-Foro Forcarei vemos con preocupaci\u00f3n as \u00faltimas decisi\u00f3ns tomadas de xeito unilateral polo PSOE en Forcarei.<\/h2>\n\n\n\n<p>Vimos de pedir que se estableza horario de atenci\u00f3n ao p\u00fablico dous d\u00edas \u00e1 semana da arquitecta contratada, publicando o mesmo para co\u00f1ecemento e uso da veci\u00f1anza do servizo contratado.<\/p>\n\n\n\n<p>Esiximos igualdade co resto de traballadores municipais e que se leve control de rexistro horario, rexistro que por outra banda \u00e9 obrigatorio por lei e para dar cumprimento \u00e1 adxudicaci\u00f3n.<\/p>\n\n\n\n<p>\u00c9 tam\u00e9n equivocado ao noso entender non pedir orzamento para este servizo a ning\u00fan aut\u00f3nomo do concello de Forcarei, pedindo s\u00f3 a empresas de outros concellos.<\/p>\n\n\n\n<p>Consideramos desatinado o escrito dirixido \u00e1 comunidade de montes de A Madalena en contestaci\u00f3n \u00e1 solicitude de uso conveniado do circu\u00edto para os d\u00edas 9 e 10 de maio para a celebraci\u00f3n dunha proba de motociclismo.<\/p>\n\n\n\n<p>\u00c9 inadmisible que un concello pida datos econ\u00f3micos a unha comunidade de montes, \u00e9 unha intromisi\u00f3n equivocada. As comunidades de montes deben dar contas aos seus comuneiros, que son os que son soberanos para controlar a s\u00faa directiva, xam\u00e1is un concello debe ao noso entender entrometerse no funcionamento das comunidades que dinamizan as aldeas, en todo caso as asambleas de esas comunidades son quen debe velar por elo.<\/p>\n\n\n\n<p>Consideramos igualmente equivocado a contrataci\u00f3n mediante convenio da xesti\u00f3n do ximnasio. Dende o BNG queremos saber se se ofreceu ao anterior concesionario as mesmas condici\u00f3ns en tempo para evitar o seu peche ou se pola contra, nunha negociaci\u00f3n sen publicidade, se melloraron as condici\u00f3ns a un novo empresario.<\/p>\n\n\n\n<p>\u00c9 unha contrataci\u00f3n inxusta, que perxudica \u00e1 veci\u00f1anza e que s\u00f3 favorece a un empresario en detrimento da anterior concesionaria, a cal prestaba un servizo mod\u00e9lico.<\/p>\n\n\n\n<p>Dende o BNG esiximos que se potencien as empresas con sede en Forcarei e que se dea un trato en IGUALDADE nas contrataci\u00f3ns p\u00fablicas.<\/p>\n\n\n\n<p>Pregunt\u00e1monos por qu\u00e9 esta sa\u00edda non se ofreceu en decembro ao anterior concesionario mantendo unha maquinaria e instalaci\u00f3ns excelentes.<\/p>\n\n\n\n<p>Por \u00faltimo, lamentamos que dende o PSOE se est\u00e9 a priorizar adxudicar en exclusiva o plan concellos a negociar un orzamento municipal que dea sa\u00edda e estabilidade a toda a veci\u00f1anza.<\/p>\n\n\n\n<p>Adxudicar o plan concellos deixa moi pouco marxe para negociar uns orzamentos, condenando a asociaci\u00f3ns, proveedores e veci\u00f1anza en xeral a un novo calvario por ausencia de contas actualizadas.<\/p>\n\n\n\n<p>Dende o BNG invitamos tam\u00e9n ao PSOE a reconsiderar unha actuaci\u00f3n que est\u00e1 levando a xesti\u00f3n municipal a disfunci\u00f3ns que en nada benefician \u00e1 veci\u00f1anza, que xestione en tempo as distintas actuaci\u00f3ns necesarias e que o faga con transparencia, en igualdade e dando oportunidades \u00e1s empresas e aut\u00f3nomos do concello.<\/p>\n\n\n\n<pre class=\"wp-block-verse\">Roberto Jorge Correa<\/pre>\n\n\n\n<pre class=\"wp-block-verse\">Concelleiro do grupo municipal do Bloque Nacionalista Galego<\/pre>\n","protected":false},"excerpt":{"rendered":"<div class=\"mh-excerpt\"><p>Dende o grupo municipal do BNG-Foro Forcarei vemos con preocupaci\u00f3n as \u00faltimas decisi\u00f3ns tomadas de xeito unilateral polo PSOE en Forcarei. <a class=\"mh-excerpt-more\" href=\"https:\/\/www.anovapeneira.gal\/index.php\/2025\/04\/17\/o-bng-de-forcarei-lamenta-as-ultimas-decisions-do-goberno-do-psoe\/\" title=\"O BNG de Forcarei lamenta as \u00faltimas decisi\u00f3ns do goberno do PSOE\">[&#8230;]<\/a><\/p>\n<\/div>","protected":false},"author":3,"featured_media":3867,"comment_status":"open","ping_status":"open","sticky":false,"template":"","format":"standard","meta":{"_exactmetrics_skip_tracking":false,"_exactmetrics_sitenote_active":false,"_exactmetrics_sitenote_note":"","_exactmetrics_sitenote_category":0,"footnotes":""},"categories":[26],"tags":[1188],"class_list":{"0":"post-13702","1":"post","2":"type-post","3":"status-publish","4":"format-standard","5":"has-post-thumbnail","7":"category-pontevedra","8":"tag-concello-de-forcarei"},"yoast_head":"<!-- This site is optimized with the Yoast SEO plugin v27.5 - https:\/\/yoast.com\/product\/yoast-seo-wordpress\/ -->\n<title>O BNG de Forcarei lamenta as \u00faltimas decisi\u00f3ns do goberno do PSOE -<\/title>\n<meta name=\"robots\" content=\"index, follow, max-snippet:-1, max-image-preview:large, max-video-preview:-1\" \/>\n<link rel=\"canonical\" href=\"https:\/\/www.anovapeneira.gal\/index.php\/2025\/04\/17\/o-bng-de-forcarei-lamenta-as-ultimas-decisions-do-goberno-do-psoe\/\" \/>\n<meta property=\"og:locale\" content=\"gl_ES\" \/>\n<meta property=\"og:type\" content=\"article\" \/>\n<meta property=\"og:title\" content=\"O BNG de Forcarei lamenta as \u00faltimas decisi\u00f3ns do goberno do PSOE -\" \/>\n<meta property=\"og:description\" content=\"Dende o grupo municipal do BNG-Foro Forcarei vemos con preocupaci\u00f3n as \u00faltimas decisi\u00f3ns tomadas de xeito unilateral polo PSOE en Forcarei. [...]\" \/>\n<meta property=\"og:url\" content=\"https:\/\/www.anovapeneira.gal\/index.php\/2025\/04\/17\/o-bng-de-forcarei-lamenta-as-ultimas-decisions-do-goberno-do-psoe\/\" \/>\n<meta property=\"article:publisher\" content=\"https:\/\/www.facebook.com\/anovapeneira\" \/>\n<meta property=\"article:published_time\" content=\"2025-04-17T08:00:33+00:00\" \/>\n<meta property=\"og:image\" content=\"https:\/\/www.anovapeneira.gal\/wp-content\/uploads\/2020\/09\/bng_forcarei_a_nova_peneira.jpg\" \/>\n\t<meta property=\"og:image:width\" content=\"720\" \/>\n\t<meta property=\"og:image:height\" content=\"432\" \/>\n\t<meta property=\"og:image:type\" content=\"image\/jpeg\" \/>\n<meta name=\"author\" content=\"Redacci\u00f3n A Nova Peneira\" \/>\n<meta name=\"twitter:card\" content=\"summary_large_image\" \/>\n<meta name=\"twitter:creator\" content=\"@APeneira\" \/>\n<meta name=\"twitter:site\" content=\"@APeneira\" \/>\n<meta name=\"twitter:label1\" content=\"Escrito por\" \/>\n\t<meta name=\"twitter:data1\" content=\"Redacci\u00f3n A Nova Peneira\" \/>\n\t<meta name=\"twitter:label2\" content=\"Tempo de lectura\" \/>\n\t<meta name=\"twitter:data2\" content=\"3 minutos\" \/>\n<script type=\"application\/ld+json\" class=\"yoast-schema-graph\">{\"@context\":\"https:\\\/\\\/schema.org\",\"@graph\":[{\"@type\":\"Article\",\"@id\":\"https:\\\/\\\/www.anovapeneira.gal\\\/index.php\\\/2025\\\/04\\\/17\\\/o-bng-de-forcarei-lamenta-as-ultimas-decisions-do-goberno-do-psoe\\\/#article\",\"isPartOf\":{\"@id\":\"https:\\\/\\\/www.anovapeneira.gal\\\/index.php\\\/2025\\\/04\\\/17\\\/o-bng-de-forcarei-lamenta-as-ultimas-decisions-do-goberno-do-psoe\\\/\"},\"author\":{\"name\":\"Redacci\u00f3n A Nova Peneira\",\"@id\":\"https:\\\/\\\/www.anovapeneira.gal\\\/#\\\/schema\\\/person\\\/b93e3f8932e3f8da96334607eb6ac6aa\"},\"headline\":\"O BNG de Forcarei lamenta as \u00faltimas decisi\u00f3ns do goberno do PSOE\",\"datePublished\":\"2025-04-17T08:00:33+00:00\",\"mainEntityOfPage\":{\"@id\":\"https:\\\/\\\/www.anovapeneira.gal\\\/index.php\\\/2025\\\/04\\\/17\\\/o-bng-de-forcarei-lamenta-as-ultimas-decisions-do-goberno-do-psoe\\\/\"},\"wordCount\":481,\"commentCount\":0,\"publisher\":{\"@id\":\"https:\\\/\\\/www.anovapeneira.gal\\\/#organization\"},\"image\":{\"@id\":\"https:\\\/\\\/www.anovapeneira.gal\\\/index.php\\\/2025\\\/04\\\/17\\\/o-bng-de-forcarei-lamenta-as-ultimas-decisions-do-goberno-do-psoe\\\/#primaryimage\"},\"thumbnailUrl\":\"https:\\\/\\\/www.anovapeneira.gal\\\/wp-content\\\/uploads\\\/2020\\\/09\\\/bng_forcarei_a_nova_peneira.jpg\",\"keywords\":[\"Concello de Forcarei\"],\"articleSection\":[\"Pontevedra\"],\"inLanguage\":\"gl-ES\",\"potentialAction\":[{\"@type\":\"CommentAction\",\"name\":\"Comment\",\"target\":[\"https:\\\/\\\/www.anovapeneira.gal\\\/index.php\\\/2025\\\/04\\\/17\\\/o-bng-de-forcarei-lamenta-as-ultimas-decisions-do-goberno-do-psoe\\\/#respond\"]}]},{\"@type\":\"WebPage\",\"@id\":\"https:\\\/\\\/www.anovapeneira.gal\\\/index.php\\\/2025\\\/04\\\/17\\\/o-bng-de-forcarei-lamenta-as-ultimas-decisions-do-goberno-do-psoe\\\/\",\"url\":\"https:\\\/\\\/www.anovapeneira.gal\\\/index.php\\\/2025\\\/04\\\/17\\\/o-bng-de-forcarei-lamenta-as-ultimas-decisions-do-goberno-do-psoe\\\/\",\"name\":\"O BNG de Forcarei lamenta as \u00faltimas decisi\u00f3ns do goberno do PSOE -\",\"isPartOf\":{\"@id\":\"https:\\\/\\\/www.anovapeneira.gal\\\/#website\"},\"primaryImageOfPage\":{\"@id\":\"https:\\\/\\\/www.anovapeneira.gal\\\/index.php\\\/2025\\\/04\\\/17\\\/o-bng-de-forcarei-lamenta-as-ultimas-decisions-do-goberno-do-psoe\\\/#primaryimage\"},\"image\":{\"@id\":\"https:\\\/\\\/www.anovapeneira.gal\\\/index.php\\\/2025\\\/04\\\/17\\\/o-bng-de-forcarei-lamenta-as-ultimas-decisions-do-goberno-do-psoe\\\/#primaryimage\"},\"thumbnailUrl\":\"https:\\\/\\\/www.anovapeneira.gal\\\/wp-content\\\/uploads\\\/2020\\\/09\\\/bng_forcarei_a_nova_peneira.jpg\",\"datePublished\":\"2025-04-17T08:00:33+00:00\",\"breadcrumb\":{\"@id\":\"https:\\\/\\\/www.anovapeneira.gal\\\/index.php\\\/2025\\\/04\\\/17\\\/o-bng-de-forcarei-lamenta-as-ultimas-decisions-do-goberno-do-psoe\\\/#breadcrumb\"},\"inLanguage\":\"gl-ES\",\"potentialAction\":[{\"@type\":\"ReadAction\",\"target\":[\"https:\\\/\\\/www.anovapeneira.gal\\\/index.php\\\/2025\\\/04\\\/17\\\/o-bng-de-forcarei-lamenta-as-ultimas-decisions-do-goberno-do-psoe\\\/\"]}]},{\"@type\":\"ImageObject\",\"inLanguage\":\"gl-ES\",\"@id\":\"https:\\\/\\\/www.anovapeneira.gal\\\/index.php\\\/2025\\\/04\\\/17\\\/o-bng-de-forcarei-lamenta-as-ultimas-decisions-do-goberno-do-psoe\\\/#primaryimage\",\"url\":\"https:\\\/\\\/www.anovapeneira.gal\\\/wp-content\\\/uploads\\\/2020\\\/09\\\/bng_forcarei_a_nova_peneira.jpg\",\"contentUrl\":\"https:\\\/\\\/www.anovapeneira.gal\\\/wp-content\\\/uploads\\\/2020\\\/09\\\/bng_forcarei_a_nova_peneira.jpg\",\"width\":720,\"height\":432,\"caption\":\"Roberto Jorge Correa, concelleiro do BNG no Concello de Forcarei\"},{\"@type\":\"BreadcrumbList\",\"@id\":\"https:\\\/\\\/www.anovapeneira.gal\\\/index.php\\\/2025\\\/04\\\/17\\\/o-bng-de-forcarei-lamenta-as-ultimas-decisions-do-goberno-do-psoe\\\/#breadcrumb\",\"itemListElement\":[{\"@type\":\"ListItem\",\"position\":1,\"name\":\"Portada\",\"item\":\"https:\\\/\\\/www.anovapeneira.gal\\\/\"},{\"@type\":\"ListItem\",\"position\":2,\"name\":\"O BNG de Forcarei lamenta as \u00faltimas decisi\u00f3ns do goberno do PSOE\"}]},{\"@type\":\"WebSite\",\"@id\":\"https:\\\/\\\/www.anovapeneira.gal\\\/#website\",\"url\":\"https:\\\/\\\/www.anovapeneira.gal\\\/\",\"name\":\"\",\"description\":\"Xornal galego de informaci\u00f3n xeral Publicaci\u00f3n mensual de novas de Galicia e en especial dos Concellos da sur da provincia de Pontevedra.\",\"publisher\":{\"@id\":\"https:\\\/\\\/www.anovapeneira.gal\\\/#organization\"},\"potentialAction\":[{\"@type\":\"SearchAction\",\"target\":{\"@type\":\"EntryPoint\",\"urlTemplate\":\"https:\\\/\\\/www.anovapeneira.gal\\\/?s={search_term_string}\"},\"query-input\":{\"@type\":\"PropertyValueSpecification\",\"valueRequired\":true,\"valueName\":\"search_term_string\"}}],\"inLanguage\":\"gl-ES\"},{\"@type\":\"Organization\",\"@id\":\"https:\\\/\\\/www.anovapeneira.gal\\\/#organization\",\"name\":\"A Nova Peneira\",\"url\":\"https:\\\/\\\/www.anovapeneira.gal\\\/\",\"logo\":{\"@type\":\"ImageObject\",\"inLanguage\":\"gl-ES\",\"@id\":\"https:\\\/\\\/www.anovapeneira.gal\\\/#\\\/schema\\\/logo\\\/image\\\/\",\"url\":\"http:\\\/\\\/www.anovapeneira.gal\\\/wp-content\\\/uploads\\\/2019\\\/06\\\/logo_a_nova_peneira_portal_web.png\",\"contentUrl\":\"http:\\\/\\\/www.anovapeneira.gal\\\/wp-content\\\/uploads\\\/2019\\\/06\\\/logo_a_nova_peneira_portal_web.png\",\"width\":300,\"height\":100,\"caption\":\"A Nova Peneira\"},\"image\":{\"@id\":\"https:\\\/\\\/www.anovapeneira.gal\\\/#\\\/schema\\\/logo\\\/image\\\/\"},\"sameAs\":[\"https:\\\/\\\/www.facebook.com\\\/anovapeneira\",\"https:\\\/\\\/x.com\\\/APeneira\"]},{\"@type\":\"Person\",\"@id\":\"https:\\\/\\\/www.anovapeneira.gal\\\/#\\\/schema\\\/person\\\/b93e3f8932e3f8da96334607eb6ac6aa\",\"name\":\"Redacci\u00f3n A Nova Peneira\",\"image\":{\"@type\":\"ImageObject\",\"inLanguage\":\"gl-ES\",\"@id\":\"https:\\\/\\\/secure.gravatar.com\\\/avatar\\\/c052a2551a06e23fac63626232eaa90abd78dbcf1700fc46a2b2c89fd27b735f?s=96&d=mm&r=g\",\"url\":\"https:\\\/\\\/secure.gravatar.com\\\/avatar\\\/c052a2551a06e23fac63626232eaa90abd78dbcf1700fc46a2b2c89fd27b735f?s=96&d=mm&r=g\",\"contentUrl\":\"https:\\\/\\\/secure.gravatar.com\\\/avatar\\\/c052a2551a06e23fac63626232eaa90abd78dbcf1700fc46a2b2c89fd27b735f?s=96&d=mm&r=g\",\"caption\":\"Redacci\u00f3n A Nova Peneira\"},\"sameAs\":[\"http:\\\/\\\/www.anovapeneira.gal\\\/\"],\"url\":\"https:\\\/\\\/www.anovapeneira.gal\\\/index.php\\\/author\\\/redactor\\\/\"}]}<\/script>\n<!-- \/ Yoast SEO plugin. -->","yoast_head_json":{"title":"O BNG de Forcarei lamenta as \u00faltimas decisi\u00f3ns do goberno do PSOE -","robots":{"index":"index","follow":"follow","max-snippet":"max-snippet:-1","max-image-preview":"max-image-preview:large","max-video-preview":"max-video-preview:-1"},"canonical":"https:\/\/www.anovapeneira.gal\/index.php\/2025\/04\/17\/o-bng-de-forcarei-lamenta-as-ultimas-decisions-do-goberno-do-psoe\/","og_locale":"gl_ES","og_type":"article","og_title":"O BNG de Forcarei lamenta as \u00faltimas decisi\u00f3ns do goberno do PSOE -","og_description":"Dende o grupo municipal do BNG-Foro Forcarei vemos con preocupaci\u00f3n as \u00faltimas decisi\u00f3ns tomadas de xeito unilateral polo PSOE en Forcarei. [...]","og_url":"https:\/\/www.anovapeneira.gal\/index.php\/2025\/04\/17\/o-bng-de-forcarei-lamenta-as-ultimas-decisions-do-goberno-do-psoe\/","article_publisher":"https:\/\/www.facebook.com\/anovapeneira","article_published_time":"2025-04-17T08:00:33+00:00","og_image":[{"width":720,"height":432,"url":"https:\/\/www.anovapeneira.gal\/wp-content\/uploads\/2020\/09\/bng_forcarei_a_nova_peneira.jpg","type":"image\/jpeg"}],"author":"Redacci\u00f3n A Nova Peneira","twitter_card":"summary_large_image","twitter_creator":"@APeneira","twitter_site":"@APeneira","twitter_misc":{"Escrito por":"Redacci\u00f3n A Nova Peneira","Tempo de lectura":"3 minutos"},"schema":{"@context":"https:\/\/schema.org","@graph":[{"@type":"Article","@id":"https:\/\/www.anovapeneira.gal\/index.php\/2025\/04\/17\/o-bng-de-forcarei-lamenta-as-ultimas-decisions-do-goberno-do-psoe\/#article","isPartOf":{"@id":"https:\/\/www.anovapeneira.gal\/index.php\/2025\/04\/17\/o-bng-de-forcarei-lamenta-as-ultimas-decisions-do-goberno-do-psoe\/"},"author":{"name":"Redacci\u00f3n A Nova Peneira","@id":"https:\/\/www.anovapeneira.gal\/#\/schema\/person\/b93e3f8932e3f8da96334607eb6ac6aa"},"headline":"O BNG de Forcarei lamenta as \u00faltimas decisi\u00f3ns do goberno do PSOE","datePublished":"2025-04-17T08:00:33+00:00","mainEntityOfPage":{"@id":"https:\/\/www.anovapeneira.gal\/index.php\/2025\/04\/17\/o-bng-de-forcarei-lamenta-as-ultimas-decisions-do-goberno-do-psoe\/"},"wordCount":481,"commentCount":0,"publisher":{"@id":"https:\/\/www.anovapeneira.gal\/#organization"},"image":{"@id":"https:\/\/www.anovapeneira.gal\/index.php\/2025\/04\/17\/o-bng-de-forcarei-lamenta-as-ultimas-decisions-do-goberno-do-psoe\/#primaryimage"},"thumbnailUrl":"https:\/\/www.anovapeneira.gal\/wp-content\/uploads\/2020\/09\/bng_forcarei_a_nova_peneira.jpg","keywords":["Concello de Forcarei"],"articleSection":["Pontevedra"],"inLanguage":"gl-ES","potentialAction":[{"@type":"CommentAction","name":"Comment","target":["https:\/\/www.anovapeneira.gal\/index.php\/2025\/04\/17\/o-bng-de-forcarei-lamenta-as-ultimas-decisions-do-goberno-do-psoe\/#respond"]}]},{"@type":"WebPage","@id":"https:\/\/www.anovapeneira.gal\/index.php\/2025\/04\/17\/o-bng-de-forcarei-lamenta-as-ultimas-decisions-do-goberno-do-psoe\/","url":"https:\/\/www.anovapeneira.gal\/index.php\/2025\/04\/17\/o-bng-de-forcarei-lamenta-as-ultimas-decisions-do-goberno-do-psoe\/","name":"O BNG de Forcarei lamenta as \u00faltimas decisi\u00f3ns do goberno do PSOE -","isPartOf":{"@id":"https:\/\/www.anovapeneira.gal\/#website"},"primaryImageOfPage":{"@id":"https:\/\/www.anovapeneira.gal\/index.php\/2025\/04\/17\/o-bng-de-forcarei-lamenta-as-ultimas-decisions-do-goberno-do-psoe\/#primaryimage"},"image":{"@id":"https:\/\/www.anovapeneira.gal\/index.php\/2025\/04\/17\/o-bng-de-forcarei-lamenta-as-ultimas-decisions-do-goberno-do-psoe\/#primaryimage"},"thumbnailUrl":"https:\/\/www.anovapeneira.gal\/wp-content\/uploads\/2020\/09\/bng_forcarei_a_nova_peneira.jpg","datePublished":"2025-04-17T08:00:33+00:00","breadcrumb":{"@id":"https:\/\/www.anovapeneira.gal\/index.php\/2025\/04\/17\/o-bng-de-forcarei-lamenta-as-ultimas-decisions-do-goberno-do-psoe\/#breadcrumb"},"inLanguage":"gl-ES","potentialAction":[{"@type":"ReadAction","target":["https:\/\/www.anovapeneira.gal\/index.php\/2025\/04\/17\/o-bng-de-forcarei-lamenta-as-ultimas-decisions-do-goberno-do-psoe\/"]}]},{"@type":"ImageObject","inLanguage":"gl-ES","@id":"https:\/\/www.anovapeneira.gal\/index.php\/2025\/04\/17\/o-bng-de-forcarei-lamenta-as-ultimas-decisions-do-goberno-do-psoe\/#primaryimage","url":"https:\/\/www.anovapeneira.gal\/wp-content\/uploads\/2020\/09\/bng_forcarei_a_nova_peneira.jpg","contentUrl":"https:\/\/www.anovapeneira.gal\/wp-content\/uploads\/2020\/09\/bng_forcarei_a_nova_peneira.jpg","width":720,"height":432,"caption":"Roberto Jorge Correa, concelleiro do BNG no Concello de Forcarei"},{"@type":"BreadcrumbList","@id":"https:\/\/www.anovapeneira.gal\/index.php\/2025\/04\/17\/o-bng-de-forcarei-lamenta-as-ultimas-decisions-do-goberno-do-psoe\/#breadcrumb","itemListElement":[{"@type":"ListItem","position":1,"name":"Portada","item":"https:\/\/www.anovapeneira.gal\/"},{"@type":"ListItem","position":2,"name":"O BNG de Forcarei lamenta as \u00faltimas decisi\u00f3ns do goberno do PSOE"}]},{"@type":"WebSite","@id":"https:\/\/www.anovapeneira.gal\/#website","url":"https:\/\/www.anovapeneira.gal\/","name":"","description":"Xornal galego de informaci\u00f3n xeral Publicaci\u00f3n mensual de novas de Galicia e en especial dos Concellos da sur da provincia de Pontevedra.","publisher":{"@id":"https:\/\/www.anovapeneira.gal\/#organization"},"potentialAction":[{"@type":"SearchAction","target":{"@type":"EntryPoint","urlTemplate":"https:\/\/www.anovapeneira.gal\/?s={search_term_string}"},"query-input":{"@type":"PropertyValueSpecification","valueRequired":true,"valueName":"search_term_string"}}],"inLanguage":"gl-ES"},{"@type":"Organization","@id":"https:\/\/www.anovapeneira.gal\/#organization","name":"A Nova Peneira","url":"https:\/\/www.anovapeneira.gal\/","logo":{"@type":"ImageObject","inLanguage":"gl-ES","@id":"https:\/\/www.anovapeneira.gal\/#\/schema\/logo\/image\/","url":"http:\/\/www.anovapeneira.gal\/wp-content\/uploads\/2019\/06\/logo_a_nova_peneira_portal_web.png","contentUrl":"http:\/\/www.anovapeneira.gal\/wp-content\/uploads\/2019\/06\/logo_a_nova_peneira_portal_web.png","width":300,"height":100,"caption":"A Nova Peneira"},"image":{"@id":"https:\/\/www.anovapeneira.gal\/#\/schema\/logo\/image\/"},"sameAs":["https:\/\/www.facebook.com\/anovapeneira","https:\/\/x.com\/APeneira"]},{"@type":"Person","@id":"https:\/\/www.anovapeneira.gal\/#\/schema\/person\/b93e3f8932e3f8da96334607eb6ac6aa","name":"Redacci\u00f3n A Nova Peneira","image":{"@type":"ImageObject","inLanguage":"gl-ES","@id":"https:\/\/secure.gravatar.com\/avatar\/c052a2551a06e23fac63626232eaa90abd78dbcf1700fc46a2b2c89fd27b735f?s=96&d=mm&r=g","url":"https:\/\/secure.gravatar.com\/avatar\/c052a2551a06e23fac63626232eaa90abd78dbcf1700fc46a2b2c89fd27b735f?s=96&d=mm&r=g","contentUrl":"https:\/\/secure.gravatar.com\/avatar\/c052a2551a06e23fac63626232eaa90abd78dbcf1700fc46a2b2c89fd27b735f?s=96&d=mm&r=g","caption":"Redacci\u00f3n A Nova Peneira"},"sameAs":["http:\/\/www.anovapeneira.gal\/"],"url":"https:\/\/www.anovapeneira.gal\/index.php\/author\/redactor\/"}]}},"jetpack_featured_media_url":"https:\/\/www.anovapeneira.gal\/wp-content\/uploads\/2020\/09\/bng_forcarei_a_nova_peneira.jpg","_links":{"self":[{"href":"https:\/\/www.anovapeneira.gal\/index.php\/wp-json\/wp\/v2\/posts\/13702","targetHints":{"allow":["GET"]}}],"collection":[{"href":"https:\/\/www.anovapeneira.gal\/index.php\/wp-json\/wp\/v2\/posts"}],"about":[{"href":"https:\/\/www.anovapeneira.gal\/index.php\/wp-json\/wp\/v2\/types\/post"}],"author":[{"embeddable":true,"href":"https:\/\/www.anovapeneira.gal\/index.php\/wp-json\/wp\/v2\/users\/3"}],"replies":[{"embeddable":true,"href":"https:\/\/www.anovapeneira.gal\/index.php\/wp-json\/wp\/v2\/comments?post=13702"}],"version-history":[{"count":1,"href":"https:\/\/www.anovapeneira.gal\/index.php\/wp-json\/wp\/v2\/posts\/13702\/revisions"}],"predecessor-version":[{"id":13703,"href":"https:\/\/www.anovapeneira.gal\/index.php\/wp-json\/wp\/v2\/posts\/13702\/revisions\/13703"}],"wp:featuredmedia":[{"embeddable":true,"href":"https:\/\/www.anovapeneira.gal\/index.php\/wp-json\/wp\/v2\/media\/3867"}],"wp:attachment":[{"href":"https:\/\/www.anovapeneira.gal\/index.php\/wp-json\/wp\/v2\/media?parent=13702"}],"wp:term":[{"taxonomy":"category","embeddable":true,"href":"https:\/\/www.anovapeneira.gal\/index.php\/wp-json\/wp\/v2\/categories?post=13702"},{"taxonomy":"post_tag","embeddable":true,"href":"https:\/\/www.anovapeneira.gal\/index.php\/wp-json\/wp\/v2\/tags?post=13702"}],"curies":[{"name":"wp","href":"https:\/\/api.w.org\/{rel}","templated":true}]}}