{"id":13725,"date":"2025-04-21T10:00:54","date_gmt":"2025-04-21T08:00:54","guid":{"rendered":"https:\/\/www.anovapeneira.gal\/?p=13725"},"modified":"2025-04-14T10:02:12","modified_gmt":"2025-04-14T08:02:12","slug":"illa-de-toralla-unha-aldraxe-vergonenta","status":"publish","type":"post","link":"https:\/\/www.anovapeneira.gal\/index.php\/2025\/04\/21\/illa-de-toralla-unha-aldraxe-vergonenta\/","title":{"rendered":"Illa de Toralla, unha aldraxe vergo\u00f1enta"},"content":{"rendered":"\n<p>Os privilexios nunca se levaron ben coa liberdade colectiva nin coa democracia, porque estes son fillos do abuso, da inxustiza e do crime. Os privilexios poden levar a que unha pequena porci\u00f3n de terra se converta nunha orx\u00eda dos peores vicios do sistema capitalista. A illa de Toralla \u00e9 un pequeno pero significativo anaco de terra situado na r\u00eda de Vigo, unha das m\u00e1is co\u00f1ecidas da costa sur galega. A illa, de gran valor ambiental e arqueol\u00f3xico, ten sido obxecto de controversia ao longo das \u00faltimas d\u00e9cadas debido \u00e1 s\u00faa exposici\u00f3n \u00e1 presi\u00f3n do desenvolvemento urban\u00edstico m\u00e1is irracional e abusivo, \u00e1 s\u00faa importancia no contexto hist\u00f3rico e \u00e1s ameazas que o crecemento e a expansi\u00f3n do tixolo poden provocar no ecosistema natural. Neste breve artigo, anal\u00edzase a illa de Toralla dende tres perspectivas fundamentais: a urban\u00edstica, a arqueol\u00f3xica e a ecol\u00f3xica, subli\u00f1ando os problemas que xorden cando se intentan compaxinar os intereses econ\u00f3micos \u2013ego\u00edstas, elitistas e especulativos\u2013 co respecto ao patrimonio, ao ben com\u00fan e \u00e1 natureza.<\/p>\n\n\n\n<p><strong>Un crime urban\u00edstico<\/strong><\/p>\n\n\n\n<p>A illa de Toralla \u00e9 un espazo que, lamentablemente, sufriu a especulaci\u00f3n urban\u00edstica en m\u00faltiples ocasi\u00f3ns, primeiro ao abeiro da ditadura fascista, despois co \u201cdeixar facer\u201d dos mandatarios da \u201cdemocracia\u201d m\u00e1is corrupta de Europa. Durante as \u00faltimas d\u00e9cadas, foron propostos proxectos para seguir constru\u00edndo no illote, o que xerou debates sobre os l\u00edmites do crecemento e sobre o respecto ao medio ambiente. A construci\u00f3n de edificios ou infraestruturas nesta illa, cunha localizaci\u00f3n tan estrat\u00e9xica, foi vista como unha oportunidade para ampliar a zona de vivenda \u2013segunda vivenda, e moitos casos\u2013 e de lecer dos m\u00e1is privilexiados, pero tam\u00e9n sup\u00f3n unha ameaza para a s\u00faa integridade. Neste contexto, Toralla converteuse nun s\u00edmbolo das tensi\u00f3ns entre un desenvolvemento urban\u00edstico agresivo e desmedido e a protecci\u00f3n do patrimonio natural. O interese por urbanizar a illa non s\u00f3 est\u00e1 vinculado ao aumento incesante da oferta de vivenda ou a creaci\u00f3n de novas zonas de lecer, sen\u00f3n tam\u00e9n \u00e1 visi\u00f3n de que o crecemento econ\u00f3mico e os intereses privados duns poucos deben prevalecer sobre outros valores. O perigo m\u00e1is evidente \u00e9 a destruci\u00f3n do seu ecosistema \u00fanico e a s\u00faa conversi\u00f3n nun lugar masificado, onde o beneficio econ\u00f3mico se ver\u00eda, na mellor das hip\u00f3teses, temporalmente amortizado, pero onde a perda patrimonial ser\u00e1 irrevers\u00edbel.<\/p>\n\n\n\n<p><strong>Unha desfeita arqueol\u00f3xica<\/strong><\/p>\n\n\n\n<p>A illa de Toralla tam\u00e9n \u00e9 un importante xacemento arqueol\u00f3xico, situado xusto diante do de Toralla en Oia, na mal chamada \u201cfinca de Mirambell\u201d. Durante escavaci\u00f3ns realizadas na zona, atop\u00e1ronse restos dunha antiga aldea galaica e vestixios de poboadores prehist\u00f3ricos que fixeron desta illa un espazo de relevancia hist\u00f3rica. A presenza tam\u00e9n de vestixios que datan da Idade do Ferro e do per\u00edodo romano confiren \u00e1 illa un valor arqueol\u00f3xico excepcional. A s\u00faa importancia como lugar de estudo e preservaci\u00f3n do pasado reflexa a complexidade e a riqueza do patrimonio nacional galego. Polo tanto, os proxectos urban\u00edsticos ou de infraestrutura non s\u00f3 ameazan o ecosistema natural, sen\u00f3n que tam\u00e9n po\u00f1en en perigo un valioso legado hist\u00f3rico que nos pertence a todos e a todas. A urbanizaci\u00f3n e a construci\u00f3n de novas infraestruturas destruir\u00e1n novos restos arqueol\u00f3xicos e dificultar\u00e1n o traballo dos especialistas que se encargan de preservalos. A falta de sensibilizaci\u00f3n social, o suborno aos respons\u00e1beis pol\u00edticos ou a presi\u00f3n por acelerar m\u00e1is a\u00ednda o desenvolvemento urbano en \u00e1reas de alto interese arqueol\u00f3xico son factores que agravan a desfeita.<\/p>\n\n\n\n<p><strong>Unha agresi\u00f3n ecol\u00f3xica<\/strong><\/p>\n\n\n\n<p>A dimensi\u00f3n ecol\u00f3xica \u00e9, sen d\u00fabida, unha das m\u00e1is cr\u00edticas cando se fala da illa de Toralla. A s\u00faa situaci\u00f3n dentro da r\u00eda de Vigo, nun entorno natural de grande valor, e o seu ecosistema litoral, que alberga unha gran diversidade de especies mari\u00f1as e terrestres, fai dela un refuxio de biodiversidade. A illa est\u00e1 formada por zonas de alta importancia ecol\u00f3xica, nas que se desenvolven comunidades de plantas, animais e ecosistemas sensibles ao impacto humano. Os dubidosos proxectos de urbanizaci\u00f3n no illote implican un risco directo para a flora e fauna local. A destruci\u00f3n dos h\u00e1bitats naturais e a contaminaci\u00f3n derivada da construci\u00f3n ou o turismo en masa afectan \u00e1 calidade ambiental da r\u00eda e \u00e1 vida das especies que nela habitan. A presenza de especies aut\u00f3ctonas que dependen do ecosistema intacto da illa est\u00e1 sempre en xogo, e este \u00e9 un aspecto que, a mi\u00fado, non se ten en conta nos debates sobre o futuro da illa. A construci\u00f3n de novas infraestruturas tam\u00e9n pode implicar a alteraci\u00f3n dos fluxos naturais de auga e a modificaci\u00f3n dos h\u00e1bitats acu\u00e1ticos dos que vive moita xente do mar: mari\u00f1eiros e mari\u00f1eiras, mariscadoras e mariscadores&#8230; Dado que a r\u00eda de Vigo \u00e9 unha \u00e1rea especialmente sens\u00edbel, calquera intervenci\u00f3n no ecosistema das illas e praias da zona pode ter consecuencias non s\u00f3 para Toralla, sen\u00f3n tam\u00e9n para as zonas circundantes.<\/p>\n\n\n\n<p><strong>E logo, que?<\/strong><\/p>\n\n\n\n<p>A illa de Toralla \u00e9 un lugar que est\u00e1 no punto de encontro de m\u00faltiples intereses e valores. \u00c9 un s\u00edmbolo dos peores aspectos do sistema capitalista: todos. Desde a s\u00faa riqueza ecol\u00f3xica, pasando polo seu patrimonio arqueol\u00f3xico, ata as demandas urban\u00edsticas, a illa representa un microcosmos das tensi\u00f3ns que definen o futuro das nosas paisaxes naturais. Os problemas que se presentan neste espazo son, en moitos sentidos, os mesmos que afectan a moitas outras \u00e1reas costeiras en Galiza e no mundo: o conflito entre irracional desenvolvemento urbano e a necesaria conservaci\u00f3n ambiental, e a necesidade de atopar un equilibrio entre os intereses econ\u00f3micos duns poucos e a preservaci\u00f3n dos nosos recursos naturais e culturais. Nun momento de urxente cambio clim\u00e1tico e de esgotamento dos recursos naturais, a reflexi\u00f3n sobre o futuro de Toralla deber\u00eda estar centrada no respecto ao medio ambiente e ao patrimonio hist\u00f3rico de todas e todos, do com\u00fan. As soluci\u00f3ns a este problema requiren a implicaci\u00f3n da sociedade civil e dos especialistas en patrimonio e medio ambiente, de maneira que se poidan atopar alternativas que respecten tanto a historia como a natureza da illa, garantindo a s\u00faa conservaci\u00f3n para as xeraci\u00f3ns futuras.<\/p>\n","protected":false},"excerpt":{"rendered":"<div class=\"mh-excerpt\"><p>Os privilexios nunca se levaron ben coa liberdade colectiva nin coa democracia, porque estes son fillos do abuso, da inxustiza e do crime <a class=\"mh-excerpt-more\" href=\"https:\/\/www.anovapeneira.gal\/index.php\/2025\/04\/21\/illa-de-toralla-unha-aldraxe-vergonenta\/\" title=\"Illa de Toralla, unha aldraxe vergo\u00f1enta\">[&#8230;]<\/a><\/p>\n<\/div>","protected":false},"author":20,"featured_media":6779,"comment_status":"open","ping_status":"open","sticky":false,"template":"","format":"standard","meta":{"_exactmetrics_skip_tracking":false,"_exactmetrics_sitenote_active":false,"_exactmetrics_sitenote_note":"","_exactmetrics_sitenote_category":0,"footnotes":""},"categories":[7],"tags":[],"class_list":{"0":"post-13725","1":"post","2":"type-post","3":"status-publish","4":"format-standard","5":"has-post-thumbnail","7":"category-artigos-de-opinion"},"yoast_head":"<!-- This site is optimized with the Yoast SEO plugin v27.4 - https:\/\/yoast.com\/product\/yoast-seo-wordpress\/ -->\n<title>Illa de Toralla, unha aldraxe vergo\u00f1enta -<\/title>\n<meta name=\"robots\" content=\"index, follow, max-snippet:-1, max-image-preview:large, max-video-preview:-1\" \/>\n<link rel=\"canonical\" href=\"https:\/\/www.anovapeneira.gal\/index.php\/2025\/04\/21\/illa-de-toralla-unha-aldraxe-vergonenta\/\" \/>\n<meta property=\"og:locale\" content=\"gl_ES\" \/>\n<meta property=\"og:type\" content=\"article\" \/>\n<meta property=\"og:title\" content=\"Illa de Toralla, unha aldraxe vergo\u00f1enta -\" \/>\n<meta property=\"og:description\" content=\"Os privilexios nunca se levaron ben coa liberdade colectiva nin coa democracia, porque estes son fillos do abuso, da inxustiza e do crime [...]\" \/>\n<meta property=\"og:url\" content=\"https:\/\/www.anovapeneira.gal\/index.php\/2025\/04\/21\/illa-de-toralla-unha-aldraxe-vergonenta\/\" \/>\n<meta property=\"article:publisher\" content=\"https:\/\/www.facebook.com\/anovapeneira\" \/>\n<meta property=\"article:published_time\" content=\"2025-04-21T08:00:54+00:00\" \/>\n<meta property=\"og:image\" content=\"https:\/\/www.anovapeneira.gal\/wp-content\/uploads\/2022\/01\/moncho_lareu.jpg\" \/>\n\t<meta property=\"og:image:width\" content=\"720\" \/>\n\t<meta property=\"og:image:height\" content=\"432\" \/>\n\t<meta property=\"og:image:type\" content=\"image\/jpeg\" \/>\n<meta name=\"author\" content=\"Moncho Lareu\" \/>\n<meta name=\"twitter:card\" content=\"summary_large_image\" \/>\n<meta name=\"twitter:creator\" content=\"@APeneira\" \/>\n<meta name=\"twitter:site\" content=\"@APeneira\" \/>\n<meta name=\"twitter:label1\" content=\"Escrito por\" \/>\n\t<meta name=\"twitter:data1\" content=\"Moncho Lareu\" \/>\n\t<meta name=\"twitter:label2\" content=\"Tempo de lectura\" \/>\n\t<meta name=\"twitter:data2\" content=\"6 minutos\" \/>\n<script type=\"application\/ld+json\" class=\"yoast-schema-graph\">{\"@context\":\"https:\\\/\\\/schema.org\",\"@graph\":[{\"@type\":\"Article\",\"@id\":\"https:\\\/\\\/www.anovapeneira.gal\\\/index.php\\\/2025\\\/04\\\/21\\\/illa-de-toralla-unha-aldraxe-vergonenta\\\/#article\",\"isPartOf\":{\"@id\":\"https:\\\/\\\/www.anovapeneira.gal\\\/index.php\\\/2025\\\/04\\\/21\\\/illa-de-toralla-unha-aldraxe-vergonenta\\\/\"},\"author\":{\"name\":\"Moncho Lareu\",\"@id\":\"https:\\\/\\\/www.anovapeneira.gal\\\/#\\\/schema\\\/person\\\/3df7d3e1f38ddcee2ddb9d0bee1a0628\"},\"headline\":\"Illa de Toralla, unha aldraxe vergo\u00f1enta\",\"datePublished\":\"2025-04-21T08:00:54+00:00\",\"mainEntityOfPage\":{\"@id\":\"https:\\\/\\\/www.anovapeneira.gal\\\/index.php\\\/2025\\\/04\\\/21\\\/illa-de-toralla-unha-aldraxe-vergonenta\\\/\"},\"wordCount\":1117,\"commentCount\":0,\"publisher\":{\"@id\":\"https:\\\/\\\/www.anovapeneira.gal\\\/#organization\"},\"image\":{\"@id\":\"https:\\\/\\\/www.anovapeneira.gal\\\/index.php\\\/2025\\\/04\\\/21\\\/illa-de-toralla-unha-aldraxe-vergonenta\\\/#primaryimage\"},\"thumbnailUrl\":\"https:\\\/\\\/www.anovapeneira.gal\\\/wp-content\\\/uploads\\\/2022\\\/01\\\/moncho_lareu.jpg\",\"articleSection\":[\"Artigos de opini\u00f3n\"],\"inLanguage\":\"gl-ES\",\"potentialAction\":[{\"@type\":\"CommentAction\",\"name\":\"Comment\",\"target\":[\"https:\\\/\\\/www.anovapeneira.gal\\\/index.php\\\/2025\\\/04\\\/21\\\/illa-de-toralla-unha-aldraxe-vergonenta\\\/#respond\"]}]},{\"@type\":\"WebPage\",\"@id\":\"https:\\\/\\\/www.anovapeneira.gal\\\/index.php\\\/2025\\\/04\\\/21\\\/illa-de-toralla-unha-aldraxe-vergonenta\\\/\",\"url\":\"https:\\\/\\\/www.anovapeneira.gal\\\/index.php\\\/2025\\\/04\\\/21\\\/illa-de-toralla-unha-aldraxe-vergonenta\\\/\",\"name\":\"Illa de Toralla, unha aldraxe vergo\u00f1enta -\",\"isPartOf\":{\"@id\":\"https:\\\/\\\/www.anovapeneira.gal\\\/#website\"},\"primaryImageOfPage\":{\"@id\":\"https:\\\/\\\/www.anovapeneira.gal\\\/index.php\\\/2025\\\/04\\\/21\\\/illa-de-toralla-unha-aldraxe-vergonenta\\\/#primaryimage\"},\"image\":{\"@id\":\"https:\\\/\\\/www.anovapeneira.gal\\\/index.php\\\/2025\\\/04\\\/21\\\/illa-de-toralla-unha-aldraxe-vergonenta\\\/#primaryimage\"},\"thumbnailUrl\":\"https:\\\/\\\/www.anovapeneira.gal\\\/wp-content\\\/uploads\\\/2022\\\/01\\\/moncho_lareu.jpg\",\"datePublished\":\"2025-04-21T08:00:54+00:00\",\"breadcrumb\":{\"@id\":\"https:\\\/\\\/www.anovapeneira.gal\\\/index.php\\\/2025\\\/04\\\/21\\\/illa-de-toralla-unha-aldraxe-vergonenta\\\/#breadcrumb\"},\"inLanguage\":\"gl-ES\",\"potentialAction\":[{\"@type\":\"ReadAction\",\"target\":[\"https:\\\/\\\/www.anovapeneira.gal\\\/index.php\\\/2025\\\/04\\\/21\\\/illa-de-toralla-unha-aldraxe-vergonenta\\\/\"]}]},{\"@type\":\"ImageObject\",\"inLanguage\":\"gl-ES\",\"@id\":\"https:\\\/\\\/www.anovapeneira.gal\\\/index.php\\\/2025\\\/04\\\/21\\\/illa-de-toralla-unha-aldraxe-vergonenta\\\/#primaryimage\",\"url\":\"https:\\\/\\\/www.anovapeneira.gal\\\/wp-content\\\/uploads\\\/2022\\\/01\\\/moncho_lareu.jpg\",\"contentUrl\":\"https:\\\/\\\/www.anovapeneira.gal\\\/wp-content\\\/uploads\\\/2022\\\/01\\\/moncho_lareu.jpg\",\"width\":720,\"height\":432,\"caption\":\"Moncho Lareu, Profesor\"},{\"@type\":\"BreadcrumbList\",\"@id\":\"https:\\\/\\\/www.anovapeneira.gal\\\/index.php\\\/2025\\\/04\\\/21\\\/illa-de-toralla-unha-aldraxe-vergonenta\\\/#breadcrumb\",\"itemListElement\":[{\"@type\":\"ListItem\",\"position\":1,\"name\":\"Portada\",\"item\":\"https:\\\/\\\/www.anovapeneira.gal\\\/\"},{\"@type\":\"ListItem\",\"position\":2,\"name\":\"Illa de Toralla, unha aldraxe vergo\u00f1enta\"}]},{\"@type\":\"WebSite\",\"@id\":\"https:\\\/\\\/www.anovapeneira.gal\\\/#website\",\"url\":\"https:\\\/\\\/www.anovapeneira.gal\\\/\",\"name\":\"\",\"description\":\"Xornal galego de informaci\u00f3n xeral Publicaci\u00f3n mensual de novas de Galicia e en especial dos Concellos da sur da provincia de Pontevedra.\",\"publisher\":{\"@id\":\"https:\\\/\\\/www.anovapeneira.gal\\\/#organization\"},\"potentialAction\":[{\"@type\":\"SearchAction\",\"target\":{\"@type\":\"EntryPoint\",\"urlTemplate\":\"https:\\\/\\\/www.anovapeneira.gal\\\/?s={search_term_string}\"},\"query-input\":{\"@type\":\"PropertyValueSpecification\",\"valueRequired\":true,\"valueName\":\"search_term_string\"}}],\"inLanguage\":\"gl-ES\"},{\"@type\":\"Organization\",\"@id\":\"https:\\\/\\\/www.anovapeneira.gal\\\/#organization\",\"name\":\"A Nova Peneira\",\"url\":\"https:\\\/\\\/www.anovapeneira.gal\\\/\",\"logo\":{\"@type\":\"ImageObject\",\"inLanguage\":\"gl-ES\",\"@id\":\"https:\\\/\\\/www.anovapeneira.gal\\\/#\\\/schema\\\/logo\\\/image\\\/\",\"url\":\"http:\\\/\\\/www.anovapeneira.gal\\\/wp-content\\\/uploads\\\/2019\\\/06\\\/logo_a_nova_peneira_portal_web.png\",\"contentUrl\":\"http:\\\/\\\/www.anovapeneira.gal\\\/wp-content\\\/uploads\\\/2019\\\/06\\\/logo_a_nova_peneira_portal_web.png\",\"width\":300,\"height\":100,\"caption\":\"A Nova Peneira\"},\"image\":{\"@id\":\"https:\\\/\\\/www.anovapeneira.gal\\\/#\\\/schema\\\/logo\\\/image\\\/\"},\"sameAs\":[\"https:\\\/\\\/www.facebook.com\\\/anovapeneira\",\"https:\\\/\\\/x.com\\\/APeneira\"]},{\"@type\":\"Person\",\"@id\":\"https:\\\/\\\/www.anovapeneira.gal\\\/#\\\/schema\\\/person\\\/3df7d3e1f38ddcee2ddb9d0bee1a0628\",\"name\":\"Moncho Lareu\",\"image\":{\"@type\":\"ImageObject\",\"inLanguage\":\"gl-ES\",\"@id\":\"https:\\\/\\\/secure.gravatar.com\\\/avatar\\\/47b1711433a3b83d9747992d63c05708f734f76ad2d588ae93638a06737a5471?s=96&d=mm&r=g\",\"url\":\"https:\\\/\\\/secure.gravatar.com\\\/avatar\\\/47b1711433a3b83d9747992d63c05708f734f76ad2d588ae93638a06737a5471?s=96&d=mm&r=g\",\"contentUrl\":\"https:\\\/\\\/secure.gravatar.com\\\/avatar\\\/47b1711433a3b83d9747992d63c05708f734f76ad2d588ae93638a06737a5471?s=96&d=mm&r=g\",\"caption\":\"Moncho Lareu\"},\"sameAs\":[\"http:\\\/\\\/www.anovapeneira.gal\\\/\"],\"url\":\"https:\\\/\\\/www.anovapeneira.gal\\\/index.php\\\/author\\\/moncho-lareu\\\/\"}]}<\/script>\n<!-- \/ Yoast SEO plugin. -->","yoast_head_json":{"title":"Illa de Toralla, unha aldraxe vergo\u00f1enta -","robots":{"index":"index","follow":"follow","max-snippet":"max-snippet:-1","max-image-preview":"max-image-preview:large","max-video-preview":"max-video-preview:-1"},"canonical":"https:\/\/www.anovapeneira.gal\/index.php\/2025\/04\/21\/illa-de-toralla-unha-aldraxe-vergonenta\/","og_locale":"gl_ES","og_type":"article","og_title":"Illa de Toralla, unha aldraxe vergo\u00f1enta -","og_description":"Os privilexios nunca se levaron ben coa liberdade colectiva nin coa democracia, porque estes son fillos do abuso, da inxustiza e do crime [...]","og_url":"https:\/\/www.anovapeneira.gal\/index.php\/2025\/04\/21\/illa-de-toralla-unha-aldraxe-vergonenta\/","article_publisher":"https:\/\/www.facebook.com\/anovapeneira","article_published_time":"2025-04-21T08:00:54+00:00","og_image":[{"width":720,"height":432,"url":"https:\/\/www.anovapeneira.gal\/wp-content\/uploads\/2022\/01\/moncho_lareu.jpg","type":"image\/jpeg"}],"author":"Moncho Lareu","twitter_card":"summary_large_image","twitter_creator":"@APeneira","twitter_site":"@APeneira","twitter_misc":{"Escrito por":"Moncho Lareu","Tempo de lectura":"6 minutos"},"schema":{"@context":"https:\/\/schema.org","@graph":[{"@type":"Article","@id":"https:\/\/www.anovapeneira.gal\/index.php\/2025\/04\/21\/illa-de-toralla-unha-aldraxe-vergonenta\/#article","isPartOf":{"@id":"https:\/\/www.anovapeneira.gal\/index.php\/2025\/04\/21\/illa-de-toralla-unha-aldraxe-vergonenta\/"},"author":{"name":"Moncho Lareu","@id":"https:\/\/www.anovapeneira.gal\/#\/schema\/person\/3df7d3e1f38ddcee2ddb9d0bee1a0628"},"headline":"Illa de Toralla, unha aldraxe vergo\u00f1enta","datePublished":"2025-04-21T08:00:54+00:00","mainEntityOfPage":{"@id":"https:\/\/www.anovapeneira.gal\/index.php\/2025\/04\/21\/illa-de-toralla-unha-aldraxe-vergonenta\/"},"wordCount":1117,"commentCount":0,"publisher":{"@id":"https:\/\/www.anovapeneira.gal\/#organization"},"image":{"@id":"https:\/\/www.anovapeneira.gal\/index.php\/2025\/04\/21\/illa-de-toralla-unha-aldraxe-vergonenta\/#primaryimage"},"thumbnailUrl":"https:\/\/www.anovapeneira.gal\/wp-content\/uploads\/2022\/01\/moncho_lareu.jpg","articleSection":["Artigos de opini\u00f3n"],"inLanguage":"gl-ES","potentialAction":[{"@type":"CommentAction","name":"Comment","target":["https:\/\/www.anovapeneira.gal\/index.php\/2025\/04\/21\/illa-de-toralla-unha-aldraxe-vergonenta\/#respond"]}]},{"@type":"WebPage","@id":"https:\/\/www.anovapeneira.gal\/index.php\/2025\/04\/21\/illa-de-toralla-unha-aldraxe-vergonenta\/","url":"https:\/\/www.anovapeneira.gal\/index.php\/2025\/04\/21\/illa-de-toralla-unha-aldraxe-vergonenta\/","name":"Illa de Toralla, unha aldraxe vergo\u00f1enta -","isPartOf":{"@id":"https:\/\/www.anovapeneira.gal\/#website"},"primaryImageOfPage":{"@id":"https:\/\/www.anovapeneira.gal\/index.php\/2025\/04\/21\/illa-de-toralla-unha-aldraxe-vergonenta\/#primaryimage"},"image":{"@id":"https:\/\/www.anovapeneira.gal\/index.php\/2025\/04\/21\/illa-de-toralla-unha-aldraxe-vergonenta\/#primaryimage"},"thumbnailUrl":"https:\/\/www.anovapeneira.gal\/wp-content\/uploads\/2022\/01\/moncho_lareu.jpg","datePublished":"2025-04-21T08:00:54+00:00","breadcrumb":{"@id":"https:\/\/www.anovapeneira.gal\/index.php\/2025\/04\/21\/illa-de-toralla-unha-aldraxe-vergonenta\/#breadcrumb"},"inLanguage":"gl-ES","potentialAction":[{"@type":"ReadAction","target":["https:\/\/www.anovapeneira.gal\/index.php\/2025\/04\/21\/illa-de-toralla-unha-aldraxe-vergonenta\/"]}]},{"@type":"ImageObject","inLanguage":"gl-ES","@id":"https:\/\/www.anovapeneira.gal\/index.php\/2025\/04\/21\/illa-de-toralla-unha-aldraxe-vergonenta\/#primaryimage","url":"https:\/\/www.anovapeneira.gal\/wp-content\/uploads\/2022\/01\/moncho_lareu.jpg","contentUrl":"https:\/\/www.anovapeneira.gal\/wp-content\/uploads\/2022\/01\/moncho_lareu.jpg","width":720,"height":432,"caption":"Moncho Lareu, Profesor"},{"@type":"BreadcrumbList","@id":"https:\/\/www.anovapeneira.gal\/index.php\/2025\/04\/21\/illa-de-toralla-unha-aldraxe-vergonenta\/#breadcrumb","itemListElement":[{"@type":"ListItem","position":1,"name":"Portada","item":"https:\/\/www.anovapeneira.gal\/"},{"@type":"ListItem","position":2,"name":"Illa de Toralla, unha aldraxe vergo\u00f1enta"}]},{"@type":"WebSite","@id":"https:\/\/www.anovapeneira.gal\/#website","url":"https:\/\/www.anovapeneira.gal\/","name":"","description":"Xornal galego de informaci\u00f3n xeral Publicaci\u00f3n mensual de novas de Galicia e en especial dos Concellos da sur da provincia de Pontevedra.","publisher":{"@id":"https:\/\/www.anovapeneira.gal\/#organization"},"potentialAction":[{"@type":"SearchAction","target":{"@type":"EntryPoint","urlTemplate":"https:\/\/www.anovapeneira.gal\/?s={search_term_string}"},"query-input":{"@type":"PropertyValueSpecification","valueRequired":true,"valueName":"search_term_string"}}],"inLanguage":"gl-ES"},{"@type":"Organization","@id":"https:\/\/www.anovapeneira.gal\/#organization","name":"A Nova Peneira","url":"https:\/\/www.anovapeneira.gal\/","logo":{"@type":"ImageObject","inLanguage":"gl-ES","@id":"https:\/\/www.anovapeneira.gal\/#\/schema\/logo\/image\/","url":"http:\/\/www.anovapeneira.gal\/wp-content\/uploads\/2019\/06\/logo_a_nova_peneira_portal_web.png","contentUrl":"http:\/\/www.anovapeneira.gal\/wp-content\/uploads\/2019\/06\/logo_a_nova_peneira_portal_web.png","width":300,"height":100,"caption":"A Nova Peneira"},"image":{"@id":"https:\/\/www.anovapeneira.gal\/#\/schema\/logo\/image\/"},"sameAs":["https:\/\/www.facebook.com\/anovapeneira","https:\/\/x.com\/APeneira"]},{"@type":"Person","@id":"https:\/\/www.anovapeneira.gal\/#\/schema\/person\/3df7d3e1f38ddcee2ddb9d0bee1a0628","name":"Moncho Lareu","image":{"@type":"ImageObject","inLanguage":"gl-ES","@id":"https:\/\/secure.gravatar.com\/avatar\/47b1711433a3b83d9747992d63c05708f734f76ad2d588ae93638a06737a5471?s=96&d=mm&r=g","url":"https:\/\/secure.gravatar.com\/avatar\/47b1711433a3b83d9747992d63c05708f734f76ad2d588ae93638a06737a5471?s=96&d=mm&r=g","contentUrl":"https:\/\/secure.gravatar.com\/avatar\/47b1711433a3b83d9747992d63c05708f734f76ad2d588ae93638a06737a5471?s=96&d=mm&r=g","caption":"Moncho Lareu"},"sameAs":["http:\/\/www.anovapeneira.gal\/"],"url":"https:\/\/www.anovapeneira.gal\/index.php\/author\/moncho-lareu\/"}]}},"jetpack_featured_media_url":"https:\/\/www.anovapeneira.gal\/wp-content\/uploads\/2022\/01\/moncho_lareu.jpg","_links":{"self":[{"href":"https:\/\/www.anovapeneira.gal\/index.php\/wp-json\/wp\/v2\/posts\/13725","targetHints":{"allow":["GET"]}}],"collection":[{"href":"https:\/\/www.anovapeneira.gal\/index.php\/wp-json\/wp\/v2\/posts"}],"about":[{"href":"https:\/\/www.anovapeneira.gal\/index.php\/wp-json\/wp\/v2\/types\/post"}],"author":[{"embeddable":true,"href":"https:\/\/www.anovapeneira.gal\/index.php\/wp-json\/wp\/v2\/users\/20"}],"replies":[{"embeddable":true,"href":"https:\/\/www.anovapeneira.gal\/index.php\/wp-json\/wp\/v2\/comments?post=13725"}],"version-history":[{"count":1,"href":"https:\/\/www.anovapeneira.gal\/index.php\/wp-json\/wp\/v2\/posts\/13725\/revisions"}],"predecessor-version":[{"id":13726,"href":"https:\/\/www.anovapeneira.gal\/index.php\/wp-json\/wp\/v2\/posts\/13725\/revisions\/13726"}],"wp:featuredmedia":[{"embeddable":true,"href":"https:\/\/www.anovapeneira.gal\/index.php\/wp-json\/wp\/v2\/media\/6779"}],"wp:attachment":[{"href":"https:\/\/www.anovapeneira.gal\/index.php\/wp-json\/wp\/v2\/media?parent=13725"}],"wp:term":[{"taxonomy":"category","embeddable":true,"href":"https:\/\/www.anovapeneira.gal\/index.php\/wp-json\/wp\/v2\/categories?post=13725"},{"taxonomy":"post_tag","embeddable":true,"href":"https:\/\/www.anovapeneira.gal\/index.php\/wp-json\/wp\/v2\/tags?post=13725"}],"curies":[{"name":"wp","href":"https:\/\/api.w.org\/{rel}","templated":true}]}}