{"id":13728,"date":"2025-04-21T12:00:28","date_gmt":"2025-04-21T10:00:28","guid":{"rendered":"https:\/\/www.anovapeneira.gal\/?p=13728"},"modified":"2025-04-14T10:07:49","modified_gmt":"2025-04-14T08:07:49","slug":"o-bng-reclama-o-goberno-do-pp-que-retome-as-negociacions-co-estado-sobre-corenta-novas-transferencias-a-galiza","status":"publish","type":"post","link":"https:\/\/www.anovapeneira.gal\/index.php\/2025\/04\/21\/o-bng-reclama-o-goberno-do-pp-que-retome-as-negociacions-co-estado-sobre-corenta-novas-transferencias-a-galiza\/","title":{"rendered":"O BNG reclama o Goberno do PP que retome as negociaci\u00f3ns co Estado sobre corenta novas transferencias a Galiza"},"content":{"rendered":"\n<h2 class=\"wp-block-heading\"><strong>Autoestradas, meteorolox\u00eda, tr\u00e1fico e seguridade viaria, inspecci\u00f3n laboral, salvamento ou emigraci\u00f3n, entre as competencias paralizadas desde 2008<\/strong><\/h2>\n\n\n\n<p><strong>Tabar\u00e9s denuncia que, a\u00ednda co litoral, Galiza est\u00e1 no pen\u00faltimo vag\u00f3n de cola, xunto \u00e1 Rioxa e Castela-A Mancha, de traspasos recibidos en 17 anos<\/strong><\/p>\n\n\n\n<p><strong>Santiago de Compostela, 10 de abril, 2025.<\/strong> <\/p>\n\n\n\n<p>O portavoz de Presidencia do BNG no Parlamento, Iago Tabar\u00e9s, emprazou ao Executivo de Rueda a retomar as negociaci\u00f3ns co Estado sobre corenta novas competencias a Galiza, paralizadas dende que o PP accedeu \u00e1 Xunta. \u201c\u00c9 unha boa nova que logo de dezasete anos Galiza retome o cami\u00f1o de incrementar o autogoberno, pero ser\u00eda moito mellor que non sexa un feito epis\u00f3dico\u201d, asegurou en relaci\u00f3n \u00e1 formalizaci\u00f3n, no d\u00eda de onte, do traspaso das competencias sobre ordenaci\u00f3n do litoral.<\/p>\n\n\n\n<p>\u201cXa deixamos o vag\u00f3n de cola de transferencias recibidas nos \u00faltimos 16 anos, que ocupabamos con Murcia, para estar a\u00ednda no pen\u00faltimo vag\u00f3n con A Rioxa e Castela-A Mancha\u201d, manifestou, para destacar a continuaci\u00f3n que a <em>sequ\u00ed<\/em>a <em>competencial<\/em> nestes \u00faltimos anos foi debida \u00e1 \u201ccontumaz oposici\u00f3n da Xunta, m\u00e1is pendente da estratexia partidista que lle marca G\u00e9nova que de atender os intereses dos galegos e as galegas\u201d.<\/p>\n\n\n\n<p>Subli\u00f1ou, neste punto, que o Goberno do Estado xa se ti\u00f1a comprometido co BNG formalmente a negociar a transferencia de competencias previstas no Estatuto ou acordadas no Parlamento, m\u00e1is o PP optou durante todos estes anos por frear o nivel de autogoberno de Galiza prexudicando as\u00ed os intereses dos galegos e as galegas e o seu benestar.<\/p>\n\n\n\n<p>\u00c9 por iso que o BNG reclama agora ao Goberno do PP que sexa \u201ccoherente\u201d e, reco\u00f1ecendo que un maior nivel de autogoberno \u00e9 positivo para os intereses de Galiza, para unha mellor xesti\u00f3n dos recursos p\u00fablicos e para tomar decisi\u00f3ns m\u00e1is acertadas, reclame a convocatoria da Comisi\u00f3n Mixta de Transferencias para negociar co Estado corenta novos espazos competenciais.<\/p>\n\n\n\n<p>Inclu\u00edu, entre estes, a transferencia da AP-9 e a AP-53, da xesti\u00f3n do Ingreso M\u00ednimo Vital, e Meteorolox\u00eda e Investigaci\u00f3n Oceanogr\u00e1fica. M\u00e1is tam\u00e9n, engadiu, aquelas transferencias que xa se estaban negociando en 2008 co ministro Jordi Sevilla, como Salvamento Mar\u00edtimo e Loita contra a Contaminaci\u00f3n Mari\u00f1a, e Tr\u00e1fico e Seguridade Viaria, que considerou especialmente importante polas circunstancias espec\u00edficas de Galiza en canto a dispersi\u00f3n de poboaci\u00f3n, quil\u00f3metros de estradas, orograf\u00eda ou climatolox\u00eda. \u201cGaliza \u00e9 a cuarta comunidade en n\u00famero de mortos en accidentes de circulaci\u00f3n e a segunda en accidentes con animais\u201d, salientou.<\/p>\n\n\n\n<p>Do mesmo xeito, destacou a importancia que ter\u00eda para Galiza as competencias sobre Inspecci\u00f3n laboral \u2014as taxas de sinistralidade laboral do Pa\u00eds seguen a ser das m\u00e1is altas do Estado\u2014 e as de Emigraci\u00f3n e Inmigraci\u00f3n, para a determinaci\u00f3n de continxentes, a xesti\u00f3n de autorizaci\u00f3ns de traballo ou pol\u00edticas de integraci\u00f3n.<\/p>\n\n\n\n<p>Xunto a estas, que xa se negociaban no 2008, o BNG considera \u201cesencial\u201d negociar as transferencias sobre as que xa existe un acordo parlamentario, como as relativas a portos e aeroportos de interese xeral e instituci\u00f3ns penitenciarias \u2014nomeadamente de sa\u00fade penitenciaria\u2014. Tam\u00e9n, as de Servizos e Infraestruturas viarias e ferroviarias que permitir\u00edan ter en Galiza, subli\u00f1ou, unha rede de proximidade como xa te\u00f1en outros territorios; ou os activos da Sareb, importantes para a promoci\u00f3n de vivenda p\u00fablica.<\/p>\n\n\n\n<p>O BNG demanda para Galiza, as\u00ed mesmo, as competencias en materia de planta de demarcaci\u00f3n xudicial, que Tabar\u00e9s tomou como exemplo de por que \u00e9 importante xestionar dende o Pa\u00eds. Referiuse as\u00ed \u00e1 decisi\u00f3n do Goberno do Estado de crear unidades xudiciais de violencia contra a muller en Vigo ou en A Coru\u00f1a a costa dun xulgado de instruci\u00f3n, o que sup\u00f3n \u201cvestir un santo para espir outro\u201d. Criticou, no mesmo sentido, a decisi\u00f3n de centralizar nun xulgado \u00fanico en Santiago os casos de violencia de x\u00e9nero do partido xudicial de Ribeira.<\/p>\n\n\n\n<p>\u201cO que lle pedimos ao PP \u00e9 que contin\u00fae a reclamar m\u00e1is autogoberno, m\u00e1is transferencias e maior capacidade de decisi\u00f3n para Galiza, porque iso \u00e9 bo para a cidadan\u00eda, para a xesti\u00f3n eficaz dos recursos p\u00fablicos e para acertar nas decisi\u00f3ns que se toman\u201d, conclu\u00edu.<\/p>\n","protected":false},"excerpt":{"rendered":"<div class=\"mh-excerpt\"><p>Autoestradas, meteorolox\u00eda, tr\u00e1fico e seguridade viaria, inspecci\u00f3n laboral, salvamento ou emigraci\u00f3n, entre as competencias paralizadas desde 2008 <a class=\"mh-excerpt-more\" href=\"https:\/\/www.anovapeneira.gal\/index.php\/2025\/04\/21\/o-bng-reclama-o-goberno-do-pp-que-retome-as-negociacions-co-estado-sobre-corenta-novas-transferencias-a-galiza\/\" title=\"O BNG reclama o Goberno do PP que retome as negociaci\u00f3ns co Estado sobre corenta novas transferencias a Galiza\">[&#8230;]<\/a><\/p>\n<\/div>","protected":false},"author":3,"featured_media":13729,"comment_status":"open","ping_status":"open","sticky":false,"template":"","format":"standard","meta":{"_exactmetrics_skip_tracking":false,"_exactmetrics_sitenote_active":false,"_exactmetrics_sitenote_note":"","_exactmetrics_sitenote_category":0,"footnotes":""},"categories":[263],"tags":[],"class_list":{"0":"post-13728","1":"post","2":"type-post","3":"status-publish","4":"format-standard","5":"has-post-thumbnail","7":"category-novas"},"yoast_head":"<!-- This site is optimized with the Yoast SEO plugin v27.4 - https:\/\/yoast.com\/product\/yoast-seo-wordpress\/ -->\n<title>O BNG reclama o Goberno do PP que retome as negociaci\u00f3ns co Estado sobre corenta novas transferencias a Galiza -<\/title>\n<meta name=\"robots\" content=\"index, follow, max-snippet:-1, max-image-preview:large, max-video-preview:-1\" \/>\n<link rel=\"canonical\" href=\"https:\/\/www.anovapeneira.gal\/index.php\/2025\/04\/21\/o-bng-reclama-o-goberno-do-pp-que-retome-as-negociacions-co-estado-sobre-corenta-novas-transferencias-a-galiza\/\" \/>\n<meta property=\"og:locale\" content=\"gl_ES\" \/>\n<meta property=\"og:type\" content=\"article\" \/>\n<meta property=\"og:title\" content=\"O BNG reclama o Goberno do PP que retome as negociaci\u00f3ns co Estado sobre corenta novas transferencias a Galiza -\" \/>\n<meta property=\"og:description\" content=\"Autoestradas, meteorolox\u00eda, tr\u00e1fico e seguridade viaria, inspecci\u00f3n laboral, salvamento ou emigraci\u00f3n, entre as competencias paralizadas desde 2008 [...]\" \/>\n<meta property=\"og:url\" content=\"https:\/\/www.anovapeneira.gal\/index.php\/2025\/04\/21\/o-bng-reclama-o-goberno-do-pp-que-retome-as-negociacions-co-estado-sobre-corenta-novas-transferencias-a-galiza\/\" \/>\n<meta property=\"article:publisher\" content=\"https:\/\/www.facebook.com\/anovapeneira\" \/>\n<meta property=\"article:published_time\" content=\"2025-04-21T10:00:28+00:00\" \/>\n<meta property=\"og:image\" content=\"https:\/\/www.anovapeneira.gal\/wp-content\/uploads\/2025\/04\/iago_tabares.jpg\" \/>\n\t<meta property=\"og:image:width\" content=\"720\" \/>\n\t<meta property=\"og:image:height\" content=\"432\" \/>\n\t<meta property=\"og:image:type\" content=\"image\/jpeg\" \/>\n<meta name=\"author\" content=\"Redacci\u00f3n A Nova Peneira\" \/>\n<meta name=\"twitter:card\" content=\"summary_large_image\" \/>\n<meta name=\"twitter:creator\" content=\"@APeneira\" \/>\n<meta name=\"twitter:site\" content=\"@APeneira\" \/>\n<meta name=\"twitter:label1\" content=\"Escrito por\" \/>\n\t<meta name=\"twitter:data1\" content=\"Redacci\u00f3n A Nova Peneira\" \/>\n\t<meta name=\"twitter:label2\" content=\"Tempo de lectura\" \/>\n\t<meta name=\"twitter:data2\" content=\"4 minutos\" \/>\n<script type=\"application\/ld+json\" class=\"yoast-schema-graph\">{\"@context\":\"https:\\\/\\\/schema.org\",\"@graph\":[{\"@type\":\"Article\",\"@id\":\"https:\\\/\\\/www.anovapeneira.gal\\\/index.php\\\/2025\\\/04\\\/21\\\/o-bng-reclama-o-goberno-do-pp-que-retome-as-negociacions-co-estado-sobre-corenta-novas-transferencias-a-galiza\\\/#article\",\"isPartOf\":{\"@id\":\"https:\\\/\\\/www.anovapeneira.gal\\\/index.php\\\/2025\\\/04\\\/21\\\/o-bng-reclama-o-goberno-do-pp-que-retome-as-negociacions-co-estado-sobre-corenta-novas-transferencias-a-galiza\\\/\"},\"author\":{\"name\":\"Redacci\u00f3n A Nova Peneira\",\"@id\":\"https:\\\/\\\/www.anovapeneira.gal\\\/#\\\/schema\\\/person\\\/b93e3f8932e3f8da96334607eb6ac6aa\"},\"headline\":\"O BNG reclama o Goberno do PP que retome as negociaci\u00f3ns co Estado sobre corenta novas transferencias a Galiza\",\"datePublished\":\"2025-04-21T10:00:28+00:00\",\"mainEntityOfPage\":{\"@id\":\"https:\\\/\\\/www.anovapeneira.gal\\\/index.php\\\/2025\\\/04\\\/21\\\/o-bng-reclama-o-goberno-do-pp-que-retome-as-negociacions-co-estado-sobre-corenta-novas-transferencias-a-galiza\\\/\"},\"wordCount\":762,\"commentCount\":0,\"publisher\":{\"@id\":\"https:\\\/\\\/www.anovapeneira.gal\\\/#organization\"},\"image\":{\"@id\":\"https:\\\/\\\/www.anovapeneira.gal\\\/index.php\\\/2025\\\/04\\\/21\\\/o-bng-reclama-o-goberno-do-pp-que-retome-as-negociacions-co-estado-sobre-corenta-novas-transferencias-a-galiza\\\/#primaryimage\"},\"thumbnailUrl\":\"https:\\\/\\\/www.anovapeneira.gal\\\/wp-content\\\/uploads\\\/2025\\\/04\\\/iago_tabares.jpg\",\"articleSection\":[\"Novas\"],\"inLanguage\":\"gl-ES\",\"potentialAction\":[{\"@type\":\"CommentAction\",\"name\":\"Comment\",\"target\":[\"https:\\\/\\\/www.anovapeneira.gal\\\/index.php\\\/2025\\\/04\\\/21\\\/o-bng-reclama-o-goberno-do-pp-que-retome-as-negociacions-co-estado-sobre-corenta-novas-transferencias-a-galiza\\\/#respond\"]}]},{\"@type\":\"WebPage\",\"@id\":\"https:\\\/\\\/www.anovapeneira.gal\\\/index.php\\\/2025\\\/04\\\/21\\\/o-bng-reclama-o-goberno-do-pp-que-retome-as-negociacions-co-estado-sobre-corenta-novas-transferencias-a-galiza\\\/\",\"url\":\"https:\\\/\\\/www.anovapeneira.gal\\\/index.php\\\/2025\\\/04\\\/21\\\/o-bng-reclama-o-goberno-do-pp-que-retome-as-negociacions-co-estado-sobre-corenta-novas-transferencias-a-galiza\\\/\",\"name\":\"O BNG reclama o Goberno do PP que retome as negociaci\u00f3ns co Estado sobre corenta novas transferencias a Galiza -\",\"isPartOf\":{\"@id\":\"https:\\\/\\\/www.anovapeneira.gal\\\/#website\"},\"primaryImageOfPage\":{\"@id\":\"https:\\\/\\\/www.anovapeneira.gal\\\/index.php\\\/2025\\\/04\\\/21\\\/o-bng-reclama-o-goberno-do-pp-que-retome-as-negociacions-co-estado-sobre-corenta-novas-transferencias-a-galiza\\\/#primaryimage\"},\"image\":{\"@id\":\"https:\\\/\\\/www.anovapeneira.gal\\\/index.php\\\/2025\\\/04\\\/21\\\/o-bng-reclama-o-goberno-do-pp-que-retome-as-negociacions-co-estado-sobre-corenta-novas-transferencias-a-galiza\\\/#primaryimage\"},\"thumbnailUrl\":\"https:\\\/\\\/www.anovapeneira.gal\\\/wp-content\\\/uploads\\\/2025\\\/04\\\/iago_tabares.jpg\",\"datePublished\":\"2025-04-21T10:00:28+00:00\",\"breadcrumb\":{\"@id\":\"https:\\\/\\\/www.anovapeneira.gal\\\/index.php\\\/2025\\\/04\\\/21\\\/o-bng-reclama-o-goberno-do-pp-que-retome-as-negociacions-co-estado-sobre-corenta-novas-transferencias-a-galiza\\\/#breadcrumb\"},\"inLanguage\":\"gl-ES\",\"potentialAction\":[{\"@type\":\"ReadAction\",\"target\":[\"https:\\\/\\\/www.anovapeneira.gal\\\/index.php\\\/2025\\\/04\\\/21\\\/o-bng-reclama-o-goberno-do-pp-que-retome-as-negociacions-co-estado-sobre-corenta-novas-transferencias-a-galiza\\\/\"]}]},{\"@type\":\"ImageObject\",\"inLanguage\":\"gl-ES\",\"@id\":\"https:\\\/\\\/www.anovapeneira.gal\\\/index.php\\\/2025\\\/04\\\/21\\\/o-bng-reclama-o-goberno-do-pp-que-retome-as-negociacions-co-estado-sobre-corenta-novas-transferencias-a-galiza\\\/#primaryimage\",\"url\":\"https:\\\/\\\/www.anovapeneira.gal\\\/wp-content\\\/uploads\\\/2025\\\/04\\\/iago_tabares.jpg\",\"contentUrl\":\"https:\\\/\\\/www.anovapeneira.gal\\\/wp-content\\\/uploads\\\/2025\\\/04\\\/iago_tabares.jpg\",\"width\":720,\"height\":432,\"caption\":\"Iago Tabares BNG\"},{\"@type\":\"BreadcrumbList\",\"@id\":\"https:\\\/\\\/www.anovapeneira.gal\\\/index.php\\\/2025\\\/04\\\/21\\\/o-bng-reclama-o-goberno-do-pp-que-retome-as-negociacions-co-estado-sobre-corenta-novas-transferencias-a-galiza\\\/#breadcrumb\",\"itemListElement\":[{\"@type\":\"ListItem\",\"position\":1,\"name\":\"Portada\",\"item\":\"https:\\\/\\\/www.anovapeneira.gal\\\/\"},{\"@type\":\"ListItem\",\"position\":2,\"name\":\"O BNG reclama o Goberno do PP que retome as negociaci\u00f3ns co Estado sobre corenta novas transferencias a Galiza\"}]},{\"@type\":\"WebSite\",\"@id\":\"https:\\\/\\\/www.anovapeneira.gal\\\/#website\",\"url\":\"https:\\\/\\\/www.anovapeneira.gal\\\/\",\"name\":\"\",\"description\":\"Xornal galego de informaci\u00f3n xeral Publicaci\u00f3n mensual de novas de Galicia e en especial dos Concellos da sur da provincia de Pontevedra.\",\"publisher\":{\"@id\":\"https:\\\/\\\/www.anovapeneira.gal\\\/#organization\"},\"potentialAction\":[{\"@type\":\"SearchAction\",\"target\":{\"@type\":\"EntryPoint\",\"urlTemplate\":\"https:\\\/\\\/www.anovapeneira.gal\\\/?s={search_term_string}\"},\"query-input\":{\"@type\":\"PropertyValueSpecification\",\"valueRequired\":true,\"valueName\":\"search_term_string\"}}],\"inLanguage\":\"gl-ES\"},{\"@type\":\"Organization\",\"@id\":\"https:\\\/\\\/www.anovapeneira.gal\\\/#organization\",\"name\":\"A Nova Peneira\",\"url\":\"https:\\\/\\\/www.anovapeneira.gal\\\/\",\"logo\":{\"@type\":\"ImageObject\",\"inLanguage\":\"gl-ES\",\"@id\":\"https:\\\/\\\/www.anovapeneira.gal\\\/#\\\/schema\\\/logo\\\/image\\\/\",\"url\":\"http:\\\/\\\/www.anovapeneira.gal\\\/wp-content\\\/uploads\\\/2019\\\/06\\\/logo_a_nova_peneira_portal_web.png\",\"contentUrl\":\"http:\\\/\\\/www.anovapeneira.gal\\\/wp-content\\\/uploads\\\/2019\\\/06\\\/logo_a_nova_peneira_portal_web.png\",\"width\":300,\"height\":100,\"caption\":\"A Nova Peneira\"},\"image\":{\"@id\":\"https:\\\/\\\/www.anovapeneira.gal\\\/#\\\/schema\\\/logo\\\/image\\\/\"},\"sameAs\":[\"https:\\\/\\\/www.facebook.com\\\/anovapeneira\",\"https:\\\/\\\/x.com\\\/APeneira\"]},{\"@type\":\"Person\",\"@id\":\"https:\\\/\\\/www.anovapeneira.gal\\\/#\\\/schema\\\/person\\\/b93e3f8932e3f8da96334607eb6ac6aa\",\"name\":\"Redacci\u00f3n A Nova Peneira\",\"image\":{\"@type\":\"ImageObject\",\"inLanguage\":\"gl-ES\",\"@id\":\"https:\\\/\\\/secure.gravatar.com\\\/avatar\\\/c052a2551a06e23fac63626232eaa90abd78dbcf1700fc46a2b2c89fd27b735f?s=96&d=mm&r=g\",\"url\":\"https:\\\/\\\/secure.gravatar.com\\\/avatar\\\/c052a2551a06e23fac63626232eaa90abd78dbcf1700fc46a2b2c89fd27b735f?s=96&d=mm&r=g\",\"contentUrl\":\"https:\\\/\\\/secure.gravatar.com\\\/avatar\\\/c052a2551a06e23fac63626232eaa90abd78dbcf1700fc46a2b2c89fd27b735f?s=96&d=mm&r=g\",\"caption\":\"Redacci\u00f3n A Nova Peneira\"},\"sameAs\":[\"http:\\\/\\\/www.anovapeneira.gal\\\/\"],\"url\":\"https:\\\/\\\/www.anovapeneira.gal\\\/index.php\\\/author\\\/redactor\\\/\"}]}<\/script>\n<!-- \/ Yoast SEO plugin. -->","yoast_head_json":{"title":"O BNG reclama o Goberno do PP que retome as negociaci\u00f3ns co Estado sobre corenta novas transferencias a Galiza -","robots":{"index":"index","follow":"follow","max-snippet":"max-snippet:-1","max-image-preview":"max-image-preview:large","max-video-preview":"max-video-preview:-1"},"canonical":"https:\/\/www.anovapeneira.gal\/index.php\/2025\/04\/21\/o-bng-reclama-o-goberno-do-pp-que-retome-as-negociacions-co-estado-sobre-corenta-novas-transferencias-a-galiza\/","og_locale":"gl_ES","og_type":"article","og_title":"O BNG reclama o Goberno do PP que retome as negociaci\u00f3ns co Estado sobre corenta novas transferencias a Galiza -","og_description":"Autoestradas, meteorolox\u00eda, tr\u00e1fico e seguridade viaria, inspecci\u00f3n laboral, salvamento ou emigraci\u00f3n, entre as competencias paralizadas desde 2008 [...]","og_url":"https:\/\/www.anovapeneira.gal\/index.php\/2025\/04\/21\/o-bng-reclama-o-goberno-do-pp-que-retome-as-negociacions-co-estado-sobre-corenta-novas-transferencias-a-galiza\/","article_publisher":"https:\/\/www.facebook.com\/anovapeneira","article_published_time":"2025-04-21T10:00:28+00:00","og_image":[{"width":720,"height":432,"url":"https:\/\/www.anovapeneira.gal\/wp-content\/uploads\/2025\/04\/iago_tabares.jpg","type":"image\/jpeg"}],"author":"Redacci\u00f3n A Nova Peneira","twitter_card":"summary_large_image","twitter_creator":"@APeneira","twitter_site":"@APeneira","twitter_misc":{"Escrito por":"Redacci\u00f3n A Nova Peneira","Tempo de lectura":"4 minutos"},"schema":{"@context":"https:\/\/schema.org","@graph":[{"@type":"Article","@id":"https:\/\/www.anovapeneira.gal\/index.php\/2025\/04\/21\/o-bng-reclama-o-goberno-do-pp-que-retome-as-negociacions-co-estado-sobre-corenta-novas-transferencias-a-galiza\/#article","isPartOf":{"@id":"https:\/\/www.anovapeneira.gal\/index.php\/2025\/04\/21\/o-bng-reclama-o-goberno-do-pp-que-retome-as-negociacions-co-estado-sobre-corenta-novas-transferencias-a-galiza\/"},"author":{"name":"Redacci\u00f3n A Nova Peneira","@id":"https:\/\/www.anovapeneira.gal\/#\/schema\/person\/b93e3f8932e3f8da96334607eb6ac6aa"},"headline":"O BNG reclama o Goberno do PP que retome as negociaci\u00f3ns co Estado sobre corenta novas transferencias a Galiza","datePublished":"2025-04-21T10:00:28+00:00","mainEntityOfPage":{"@id":"https:\/\/www.anovapeneira.gal\/index.php\/2025\/04\/21\/o-bng-reclama-o-goberno-do-pp-que-retome-as-negociacions-co-estado-sobre-corenta-novas-transferencias-a-galiza\/"},"wordCount":762,"commentCount":0,"publisher":{"@id":"https:\/\/www.anovapeneira.gal\/#organization"},"image":{"@id":"https:\/\/www.anovapeneira.gal\/index.php\/2025\/04\/21\/o-bng-reclama-o-goberno-do-pp-que-retome-as-negociacions-co-estado-sobre-corenta-novas-transferencias-a-galiza\/#primaryimage"},"thumbnailUrl":"https:\/\/www.anovapeneira.gal\/wp-content\/uploads\/2025\/04\/iago_tabares.jpg","articleSection":["Novas"],"inLanguage":"gl-ES","potentialAction":[{"@type":"CommentAction","name":"Comment","target":["https:\/\/www.anovapeneira.gal\/index.php\/2025\/04\/21\/o-bng-reclama-o-goberno-do-pp-que-retome-as-negociacions-co-estado-sobre-corenta-novas-transferencias-a-galiza\/#respond"]}]},{"@type":"WebPage","@id":"https:\/\/www.anovapeneira.gal\/index.php\/2025\/04\/21\/o-bng-reclama-o-goberno-do-pp-que-retome-as-negociacions-co-estado-sobre-corenta-novas-transferencias-a-galiza\/","url":"https:\/\/www.anovapeneira.gal\/index.php\/2025\/04\/21\/o-bng-reclama-o-goberno-do-pp-que-retome-as-negociacions-co-estado-sobre-corenta-novas-transferencias-a-galiza\/","name":"O BNG reclama o Goberno do PP que retome as negociaci\u00f3ns co Estado sobre corenta novas transferencias a Galiza -","isPartOf":{"@id":"https:\/\/www.anovapeneira.gal\/#website"},"primaryImageOfPage":{"@id":"https:\/\/www.anovapeneira.gal\/index.php\/2025\/04\/21\/o-bng-reclama-o-goberno-do-pp-que-retome-as-negociacions-co-estado-sobre-corenta-novas-transferencias-a-galiza\/#primaryimage"},"image":{"@id":"https:\/\/www.anovapeneira.gal\/index.php\/2025\/04\/21\/o-bng-reclama-o-goberno-do-pp-que-retome-as-negociacions-co-estado-sobre-corenta-novas-transferencias-a-galiza\/#primaryimage"},"thumbnailUrl":"https:\/\/www.anovapeneira.gal\/wp-content\/uploads\/2025\/04\/iago_tabares.jpg","datePublished":"2025-04-21T10:00:28+00:00","breadcrumb":{"@id":"https:\/\/www.anovapeneira.gal\/index.php\/2025\/04\/21\/o-bng-reclama-o-goberno-do-pp-que-retome-as-negociacions-co-estado-sobre-corenta-novas-transferencias-a-galiza\/#breadcrumb"},"inLanguage":"gl-ES","potentialAction":[{"@type":"ReadAction","target":["https:\/\/www.anovapeneira.gal\/index.php\/2025\/04\/21\/o-bng-reclama-o-goberno-do-pp-que-retome-as-negociacions-co-estado-sobre-corenta-novas-transferencias-a-galiza\/"]}]},{"@type":"ImageObject","inLanguage":"gl-ES","@id":"https:\/\/www.anovapeneira.gal\/index.php\/2025\/04\/21\/o-bng-reclama-o-goberno-do-pp-que-retome-as-negociacions-co-estado-sobre-corenta-novas-transferencias-a-galiza\/#primaryimage","url":"https:\/\/www.anovapeneira.gal\/wp-content\/uploads\/2025\/04\/iago_tabares.jpg","contentUrl":"https:\/\/www.anovapeneira.gal\/wp-content\/uploads\/2025\/04\/iago_tabares.jpg","width":720,"height":432,"caption":"Iago Tabares BNG"},{"@type":"BreadcrumbList","@id":"https:\/\/www.anovapeneira.gal\/index.php\/2025\/04\/21\/o-bng-reclama-o-goberno-do-pp-que-retome-as-negociacions-co-estado-sobre-corenta-novas-transferencias-a-galiza\/#breadcrumb","itemListElement":[{"@type":"ListItem","position":1,"name":"Portada","item":"https:\/\/www.anovapeneira.gal\/"},{"@type":"ListItem","position":2,"name":"O BNG reclama o Goberno do PP que retome as negociaci\u00f3ns co Estado sobre corenta novas transferencias a Galiza"}]},{"@type":"WebSite","@id":"https:\/\/www.anovapeneira.gal\/#website","url":"https:\/\/www.anovapeneira.gal\/","name":"","description":"Xornal galego de informaci\u00f3n xeral Publicaci\u00f3n mensual de novas de Galicia e en especial dos Concellos da sur da provincia de Pontevedra.","publisher":{"@id":"https:\/\/www.anovapeneira.gal\/#organization"},"potentialAction":[{"@type":"SearchAction","target":{"@type":"EntryPoint","urlTemplate":"https:\/\/www.anovapeneira.gal\/?s={search_term_string}"},"query-input":{"@type":"PropertyValueSpecification","valueRequired":true,"valueName":"search_term_string"}}],"inLanguage":"gl-ES"},{"@type":"Organization","@id":"https:\/\/www.anovapeneira.gal\/#organization","name":"A Nova Peneira","url":"https:\/\/www.anovapeneira.gal\/","logo":{"@type":"ImageObject","inLanguage":"gl-ES","@id":"https:\/\/www.anovapeneira.gal\/#\/schema\/logo\/image\/","url":"http:\/\/www.anovapeneira.gal\/wp-content\/uploads\/2019\/06\/logo_a_nova_peneira_portal_web.png","contentUrl":"http:\/\/www.anovapeneira.gal\/wp-content\/uploads\/2019\/06\/logo_a_nova_peneira_portal_web.png","width":300,"height":100,"caption":"A Nova Peneira"},"image":{"@id":"https:\/\/www.anovapeneira.gal\/#\/schema\/logo\/image\/"},"sameAs":["https:\/\/www.facebook.com\/anovapeneira","https:\/\/x.com\/APeneira"]},{"@type":"Person","@id":"https:\/\/www.anovapeneira.gal\/#\/schema\/person\/b93e3f8932e3f8da96334607eb6ac6aa","name":"Redacci\u00f3n A Nova Peneira","image":{"@type":"ImageObject","inLanguage":"gl-ES","@id":"https:\/\/secure.gravatar.com\/avatar\/c052a2551a06e23fac63626232eaa90abd78dbcf1700fc46a2b2c89fd27b735f?s=96&d=mm&r=g","url":"https:\/\/secure.gravatar.com\/avatar\/c052a2551a06e23fac63626232eaa90abd78dbcf1700fc46a2b2c89fd27b735f?s=96&d=mm&r=g","contentUrl":"https:\/\/secure.gravatar.com\/avatar\/c052a2551a06e23fac63626232eaa90abd78dbcf1700fc46a2b2c89fd27b735f?s=96&d=mm&r=g","caption":"Redacci\u00f3n A Nova Peneira"},"sameAs":["http:\/\/www.anovapeneira.gal\/"],"url":"https:\/\/www.anovapeneira.gal\/index.php\/author\/redactor\/"}]}},"jetpack_featured_media_url":"https:\/\/www.anovapeneira.gal\/wp-content\/uploads\/2025\/04\/iago_tabares.jpg","_links":{"self":[{"href":"https:\/\/www.anovapeneira.gal\/index.php\/wp-json\/wp\/v2\/posts\/13728","targetHints":{"allow":["GET"]}}],"collection":[{"href":"https:\/\/www.anovapeneira.gal\/index.php\/wp-json\/wp\/v2\/posts"}],"about":[{"href":"https:\/\/www.anovapeneira.gal\/index.php\/wp-json\/wp\/v2\/types\/post"}],"author":[{"embeddable":true,"href":"https:\/\/www.anovapeneira.gal\/index.php\/wp-json\/wp\/v2\/users\/3"}],"replies":[{"embeddable":true,"href":"https:\/\/www.anovapeneira.gal\/index.php\/wp-json\/wp\/v2\/comments?post=13728"}],"version-history":[{"count":2,"href":"https:\/\/www.anovapeneira.gal\/index.php\/wp-json\/wp\/v2\/posts\/13728\/revisions"}],"predecessor-version":[{"id":13731,"href":"https:\/\/www.anovapeneira.gal\/index.php\/wp-json\/wp\/v2\/posts\/13728\/revisions\/13731"}],"wp:featuredmedia":[{"embeddable":true,"href":"https:\/\/www.anovapeneira.gal\/index.php\/wp-json\/wp\/v2\/media\/13729"}],"wp:attachment":[{"href":"https:\/\/www.anovapeneira.gal\/index.php\/wp-json\/wp\/v2\/media?parent=13728"}],"wp:term":[{"taxonomy":"category","embeddable":true,"href":"https:\/\/www.anovapeneira.gal\/index.php\/wp-json\/wp\/v2\/categories?post=13728"},{"taxonomy":"post_tag","embeddable":true,"href":"https:\/\/www.anovapeneira.gal\/index.php\/wp-json\/wp\/v2\/tags?post=13728"}],"curies":[{"name":"wp","href":"https:\/\/api.w.org\/{rel}","templated":true}]}}