{"id":13737,"date":"2025-04-22T12:00:43","date_gmt":"2025-04-22T10:00:43","guid":{"rendered":"https:\/\/www.anovapeneira.gal\/?p=13737"},"modified":"2025-04-14T10:21:00","modified_gmt":"2025-04-14T08:21:00","slug":"a-sementeira-de-corzans-achegase-a-sua-maioria-de-idade","status":"publish","type":"post","link":"https:\/\/www.anovapeneira.gal\/index.php\/2025\/04\/22\/a-sementeira-de-corzans-achegase-a-sua-maioria-de-idade\/","title":{"rendered":"A Sementeira de Corz\u00e1ns ach\u00e9gase \u00e1 s\u00faa maior\u00eda de idade"},"content":{"rendered":"\n<p>A Sementeira de Corz\u00e1ns celebrar\u00e1 a s\u00faa XVII edici\u00f3n, como sempre na \u00e1rea recreativa Mu\u00ed\u00f1o da Ponte desta parroquia de Salvaterra, os vindeiros 9, 10 e 11 de maio. Este evento que trata de amosar, reco\u00f1ecer e celebrar as formas e modos labregos tradicionais est\u00e1 adquirindo unha dimensi\u00f3n extraordinaria, ata tal punto que xa o podemos considerar como un dos imprescindibles no calendario de toda a comarca do Condado Paradanta e incluso do pa\u00eds galego, pois son moitas as persoas de todos os puntos de Galicia que se achegan ata Corz\u00e1ns para gozar dunha festa que este ano ten un cartel extraordinario.<\/p>\n\n\n\n<p>Organizar un festival, que este ano durar\u00e1 tres d\u00edas, desta dimensi\u00f3n, con actuaci\u00f3ns musicais de grupos de primeiro nivel e cun elenco de actividades tan amplo e variado que \u00e9 apto para todo tipo de p\u00fablicos e idades, \u00e9 tremendamente dif\u00edcil e o m\u00e9rito de quen o fai, a AC Quinta do Pi\u00f1eiro de Corz\u00e1ns, \u00e9 incuestionable. A alma mater desa asociaci\u00f3n e quen leva o peso da organizaci\u00f3n \u00e9 o noso amigo Francisco Sousa, vela\u00ed vai a conversa que tivemos con el.<\/p>\n\n\n\n<p><strong>Francisco Sousa.<\/strong><\/p>\n\n\n\n<p><strong>Secretario da AC Quinta do Pi\u00f1eiro de Corz\u00e1ns<\/strong><\/p>\n\n\n\n<h2 class=\"wp-block-heading\">\u201c <strong>A Sementeira de Corz\u00e1ns \u00e9 un traballo colectivo feito con ilusi\u00f3n, esforzo e amor\u201d<\/strong><\/h2>\n\n\n\n<p><strong>Que d\u00edas celebramos a sementeira este 2025?<\/strong><\/p>\n\n\n\n<blockquote class=\"wp-block-quote is-layout-flow wp-block-quote-is-layout-flow\">\n<p>O 9, 10 e 11 de Maio.<\/p>\n<\/blockquote>\n\n\n\n<p><strong>Tres d\u00edas. Falo de memoria pero te\u00f1o a sensaci\u00f3n de que este ano \u00e9 m\u00e1is grande do habitual. Equiv\u00f3come?<\/strong><\/p>\n\n\n\n<blockquote class=\"wp-block-quote is-layout-flow wp-block-quote-is-layout-flow\">\n<p>Non, non te equivocas. Este ano temos un d\u00eda m\u00e1is, o d\u00eda 9.Nesa xornada, que ser\u00e1 pola ma\u00f1\u00e1, imos facer unha sementeira inclusiva cos nenos e nenas dos colexios de Salvaterra e tam\u00e9n cos centros Adapta e Avelai\u00f1a de Ponteareas.<\/p>\n<\/blockquote>\n\n\n\n<p><strong>Aumentar un d\u00eda a duraci\u00f3n do evento, e que sexa un d\u00eda dedicado \u00e1 inclusi\u00f3n fala moi ben da dimensi\u00f3n que est\u00e1 a coller A SEMENTEIRA<\/strong><\/p>\n\n\n\n<blockquote class=\"wp-block-quote is-layout-flow wp-block-quote-is-layout-flow\">\n<p>Moitas grazas Tino. A verdade \u00e9 que estamos moi satisfeitos. Cada vez a afluencia \u00e9 maior e a nosa dimensi\u00f3n parece que vai adquirindo ano tras ano m\u00e1is relevancia.<\/p>\n<\/blockquote>\n\n\n\n<p><strong>Cantas Sementeiras levamos xa, Fran?<\/strong><\/p>\n\n\n\n<blockquote class=\"wp-block-quote is-layout-flow wp-block-quote-is-layout-flow\">\n<p>Esta \u00e9 a edici\u00f3n n\u00famero 17.Estamos a piques de chegarmos \u00e1 maior\u00eda de idade.<\/p>\n<\/blockquote>\n\n\n\n<p><strong>Sementaremos no sitio habitual, supo\u00f1o?<\/strong><\/p>\n\n\n\n<blockquote class=\"wp-block-quote is-layout-flow wp-block-quote-is-layout-flow\">\n<p>Si. Na \u00e1rea recreativa Mu\u00ed\u00f1o da Ponte.<\/p>\n<\/blockquote>\n\n\n\n<p><strong>Cando comezastes pensabades que iades chegar a adquirir a dimensi\u00f3n que tendes na actualidade?<\/strong><\/p>\n\n\n\n<blockquote class=\"wp-block-quote is-layout-flow wp-block-quote-is-layout-flow\">\n<p>Non, a verdade \u00e9 que non. Sempre procuramos facer as cousas ben, ir aos poucos e tratar de que veci\u00f1anza de Corz\u00e1ns se sentira identificada e orgullosa deste evento que facemos n\u00f3s, pero que \u00e9 de todos os que no pasado no presente e no futuro te\u00f1an identificaci\u00f3n emocional cunha aldea galega, con calquera aldea galega. Por\u00e9n parece que o noso esforzo chega non s\u00f3 a Corz\u00e1ns a Salvaterra ou ao Condado sen\u00f3n a moitos lugares de Galicia. E n\u00f3s, todos os que facemos parte da sementeira, desde logo que estamos profundamente agradecidos e honrados pola confianza.<\/p>\n<\/blockquote>\n\n\n\n<p><strong>A sementeira de Corz\u00e1ns \u00e9 Fran?<\/strong><\/p>\n\n\n\n<blockquote class=\"wp-block-quote is-layout-flow wp-block-quote-is-layout-flow\">\n<p>Ha, ha, ha ha. Non, de ningunha maneira. Fran \u00e9 a cara m\u00e1is co\u00f1ecida, pero a Sementeira de Corz\u00e1ns \u00e9 un colectivo de persoas que a organizamos con ilusi\u00f3n, con esforzo e con amor.<\/p>\n<\/blockquote>\n\n\n\n<p><strong>Vamos peneirar os tres d\u00edas de Sementeira: Que temos o venres 9?<\/strong><\/p>\n\n\n\n<blockquote class=\"wp-block-quote is-layout-flow wp-block-quote-is-layout-flow\">\n<p>O venres, como che dixen teremos a xornada inclusiva. Ser\u00e1 en horario de ma\u00f1\u00e1 e nos visitar\u00e1n arredor de 70 nenos dos coles de Salvaterra e entre 30 e 40 persoas dos centros Adapta e Avelai\u00f1a de Ponteareas. Faremos con eles actividades de labranza e de sementeira. Entendemos que vai ser unha xornada inclusiva, positiva e incluso emotiva.<\/p>\n<\/blockquote>\n\n\n\n<p><strong>Chegamos ao s\u00e1bado. Que teremos ese d\u00eda?<\/strong><\/p>\n\n\n\n<blockquote class=\"wp-block-quote is-layout-flow wp-block-quote-is-layout-flow\">\n<p>\u00c1s 10:00 saen os tractores que ir\u00e1n por todas as parroquias e polo centro de Salvaterra, ata \u00e1s 18:00 que ve\u00f1en de volta e quedan concentrados no recinto da festa. En relaci\u00f3n \u00e1s actuaci\u00f3ns que ve\u00f1en a continuaci\u00f3n quero deixar claro que a pr\u00e1ctica totalidade son en idioma galego:<\/p>\n<\/blockquote>\n\n\n\n<blockquote class=\"wp-block-quote is-layout-flow wp-block-quote-is-layout-flow\">\n<p>-Ese d\u00eda temos \u00e1s 14:00 a sesi\u00f3n verm\u00fa con \u201c Terapia de grupo\u201d.<\/p>\n<\/blockquote>\n\n\n\n<blockquote class=\"wp-block-quote is-layout-flow wp-block-quote-is-layout-flow\">\n<p>-Posteriormente gozaremos da m\u00fasica dos \u201c Baracuncas\u201dque estar\u00e1n animando a festa por todo o recinto.<\/p>\n<\/blockquote>\n\n\n\n<blockquote class=\"wp-block-quote is-layout-flow wp-block-quote-is-layout-flow\">\n<p>-Tam\u00e9n teremos distintos obradoiros: oler\u00eda,mu\u00ed\u00f1os&#8230;.<\/p>\n<\/blockquote>\n\n\n\n<blockquote class=\"wp-block-quote is-layout-flow wp-block-quote-is-layout-flow\">\n<p>-As 18:00 haber\u00e1 unha actuaci\u00f3n musical para os m\u00e1is cativos do grupo \u201c Pakolas\u201d<\/p>\n<\/blockquote>\n\n\n\n<blockquote class=\"wp-block-quote is-layout-flow wp-block-quote-is-layout-flow\">\n<p>-\u00c1s 20:00 xa comezan os concertos para os adultos cos grupos: \u201c Son das tabernas\u201d \u201c A banda da loba\u201d \u201cDakidarria\u201d e rematamos cos \u201c Storrentos\u201d<\/p>\n<\/blockquote>\n\n\n\n<p>\u201c<strong>A banda da loba, Dakidarr\u00eda, Storrentos\u201d<\/strong>&#8230;.<strong>Impresionante o cartel desta edici\u00f3n<\/strong><\/p>\n\n\n\n<blockquote class=\"wp-block-quote is-layout-flow wp-block-quote-is-layout-flow\">\n<p>Moitas grazas, a verdade \u00e9 que nos quedou un cartel de moita calidade, si. Hai que dicir tam\u00e9n que nos momentos de parada o festival estar\u00e1 amenizado polo DJ Carlos Crespo.<\/p>\n<\/blockquote>\n\n\n\n<p><strong>De que poderemos gozar o domingo?<\/strong><\/p>\n\n\n\n<blockquote class=\"wp-block-quote is-layout-flow wp-block-quote-is-layout-flow\">\n<p>Comezaremos \u00e1s 11:00 coa labranza e a sementeira animadas polo grupo de gaitas \u201cNaiama\u201d e polas cantareiras de Fiolledo.<\/p>\n<\/blockquote>\n\n\n\n<blockquote class=\"wp-block-quote is-layout-flow wp-block-quote-is-layout-flow\">\n<p>\u00c1s 13:30 teremos o preg\u00f3n<\/p>\n<\/blockquote>\n\n\n\n<p><strong>Quen o d\u00e1?<\/strong><\/p>\n\n\n\n<blockquote class=\"wp-block-quote is-layout-flow wp-block-quote-is-layout-flow\">\n<p>Luis Zahera<\/p>\n<\/blockquote>\n\n\n\n<p><strong>Insisto no do cartel estelar Fran. O ano 2026 teredes unha edici\u00f3n un tanto especial pois facedes a maior\u00eda de idade, pero vaiche ser moi dif\u00edcil superar o cartel do 2025?<\/strong><\/p>\n\n\n\n<blockquote class=\"wp-block-quote is-layout-flow wp-block-quote-is-layout-flow\">\n<p>Ben, como dic\u00eda Julio C\u00e9sar \u201c cando cheguemos a ese r\u00edo xa cruzaremos esa ponte\u201d.De momento a\u00ednda non pasou a edici\u00f3n do 25 e non toca pensar na do 26.Estamos moi ilusionados en que a sementeira deste ano saia preciosa..A verdade \u00e9 que ter a Luis Zahera con n\u00f3s \u00e9 unha aut\u00e9ntica honra.<\/p>\n<\/blockquote>\n\n\n\n<p><strong>E despois do preg\u00f3n?<\/strong><\/p>\n\n\n\n<blockquote class=\"wp-block-quote is-layout-flow wp-block-quote-is-layout-flow\">\n<p>Temos a parada para xantar, haber\u00e1 todo tipo de postos incluso coa opci\u00f3n de comida vegana. Comida e bebida haber\u00e1 de maneira permanente desde o s\u00e1bado \u00e1s d\u00faas da tarde ata o domingo \u00e1 noite cando remate a festa.<\/p>\n<\/blockquote>\n\n\n\n<blockquote class=\"wp-block-quote is-layout-flow wp-block-quote-is-layout-flow\">\n<p>O momento da comida estar\u00e1 animado pola fanfarra \u201cFurruxas\u201d de Caldas de Reis. Arredor das catro da tarde teremos as espectaculares olimp\u00edadas agr\u00edcolas. Estas duran ata m\u00e1is ou menos \u00e1s 6 da tarde. A esa hora teremos aos \u201c Festicultores\u201d ata \u00e1s 20:00 que poderemos gozar do concurso de traxes labregos tradicionais. Remataremos o festival sobre as 21:30 coa banda \u201c Catuxa Sal\u00f3m\u201d.<\/p>\n<\/blockquote>\n\n\n\n<p><strong>A calidade e densidade do programa que nos acabas de explicar son enormes. Canto tempo leva organizar todo iso?<\/strong><\/p>\n\n\n\n<blockquote class=\"wp-block-quote is-layout-flow wp-block-quote-is-layout-flow\">\n<p>Leva moito tempo si. Case case enganchamos unha edici\u00f3n coa seguinte, pero o certo \u00e9 que desde setembro comezamos a traballar con forza.<\/p>\n<\/blockquote>\n\n\n\n<p><strong>Como tedes as expectativas de asistencia?<\/strong><\/p>\n\n\n\n<blockquote class=\"wp-block-quote is-layout-flow wp-block-quote-is-layout-flow\">\n<p>Moi elevadas, se o tempo nos acompa\u00f1a, que espero que si, penso que imos ter moito p\u00fablico. Polas nosas contas o ano pasado pasaron pola Sementeira entre 12 e 15 mil persoas, e este ano creo que incluso pode ser algo m\u00e1is. Temos xente de toda Galicia e de f\u00f3ra da nosa comunidade tam\u00e9n.<\/p>\n<\/blockquote>\n\n\n\n<p><strong>A organizaci\u00f3n dun evento desta magnitude require dun esforzo inmenso para os organizadores, especialmente para ti que es a cabeza visible. Compensa Fran?<\/strong><\/p>\n\n\n\n<blockquote class=\"wp-block-quote is-layout-flow wp-block-quote-is-layout-flow\">\n<p>F\u00e1goo non para buscar ning\u00fan tipo de compensaci\u00f3n nin de reco\u00f1ecemento. F\u00e1goo porque me me gusta, por amor ao pobo de Corz\u00e1ns e \u00e1s nosas tradici\u00f3ns e forma de vida. Cando ves a resposta da xente compensa, si.<\/p>\n<\/blockquote>\n\n\n\n<p><strong>Algunha vez pensaches en deixalo?<\/strong><\/p>\n\n\n\n<blockquote class=\"wp-block-quote is-layout-flow wp-block-quote-is-layout-flow\">\n<p>Todos os anos.<\/p>\n<\/blockquote>\n\n\n\n<p><strong>Ha, ha, ha ha. Non mo podo crer<\/strong><\/p>\n\n\n\n<blockquote class=\"wp-block-quote is-layout-flow wp-block-quote-is-layout-flow\">\n<p>Pois \u00e9 tal cal as\u00ed. Agora ben, como che dixen antes,cando vexo a resposta da xente xa se me pasa o desacougo de inmediato, e xa me volven entrar os folgos para pensar na seguinte edici\u00f3n.<\/p>\n<\/blockquote>\n\n\n\n<p><strong>Cando ti non esteas a Sementeira ten futuro?<\/strong><\/p>\n\n\n\n<blockquote class=\"wp-block-quote is-layout-flow wp-block-quote-is-layout-flow\">\n<p>Agardo que si.<\/p>\n<\/blockquote>\n\n\n\n<p><strong>Como se financia a Sementeira?<\/strong><\/p>\n\n\n\n<blockquote class=\"wp-block-quote is-layout-flow wp-block-quote-is-layout-flow\">\n<p>A entrada \u00e9 completamente de balde. O financiamento consegu\u00edmolo coas consumici\u00f3ns que se fan na festa, a axuda de patrocinadores privados, empresas e negocios aos que nunca me vou cansar de agradecer a s\u00faa xenerosidade,e as subvenci\u00f3ns institucionais.<\/p>\n<\/blockquote>\n\n\n\n<p><strong>Que tal se porta con v\u00f3s o Concello de Salvaterra?<\/strong><\/p>\n\n\n\n<blockquote class=\"wp-block-quote is-layout-flow wp-block-quote-is-layout-flow\">\n<p>Moi ben, igual que todos os anos.<\/p>\n<\/blockquote>\n\n\n\n<p><strong>Moitas grazas Fran. V\u00e9monos o 9, 10 e 11 de maio na Sementeira de Corz\u00e1ns<\/strong><\/p>\n\n\n\n<blockquote class=\"wp-block-quote is-layout-flow wp-block-quote-is-layout-flow\">\n<p>Grazas a ti, Tino. Ser\u00e1 un pracer verte na nosa Sementeira. Igualmente convido a todos os lectores e lectoras de A Nova Peneira a que se acheguen a eses d\u00edas a Corz\u00e1ns a acompa\u00f1arnos nesas datas tan especiais para n\u00f3s.<\/p>\n<\/blockquote>\n","protected":false},"excerpt":{"rendered":"<div class=\"mh-excerpt\"><p>A Sementeira de Corz\u00e1ns celebrar\u00e1 a s\u00faa XVII edici\u00f3n, como sempre na \u00e1rea recreativa Mu\u00ed\u00f1o da Ponte desta parroquia de Salvaterra, os vindeiros 9, 10 e 11 de maio <a class=\"mh-excerpt-more\" href=\"https:\/\/www.anovapeneira.gal\/index.php\/2025\/04\/22\/a-sementeira-de-corzans-achegase-a-sua-maioria-de-idade\/\" title=\"A Sementeira de Corz\u00e1ns ach\u00e9gase \u00e1 s\u00faa maior\u00eda de idade\">[&#8230;]<\/a><\/p>\n<\/div>","protected":false},"author":3,"featured_media":13738,"comment_status":"open","ping_status":"open","sticky":false,"template":"","format":"standard","meta":{"_exactmetrics_skip_tracking":false,"_exactmetrics_sitenote_active":false,"_exactmetrics_sitenote_note":"","_exactmetrics_sitenote_category":0,"footnotes":""},"categories":[25],"tags":[1300],"class_list":{"0":"post-13737","1":"post","2":"type-post","3":"status-publish","4":"format-standard","5":"has-post-thumbnail","7":"category-condado","8":"tag-concello-de-salvaterra-de-mino"},"yoast_head":"<!-- This site is optimized with the Yoast SEO plugin v27.4 - https:\/\/yoast.com\/product\/yoast-seo-wordpress\/ -->\n<title>A Sementeira de Corz\u00e1ns ach\u00e9gase \u00e1 s\u00faa maior\u00eda de idade -<\/title>\n<meta name=\"robots\" content=\"index, follow, max-snippet:-1, max-image-preview:large, max-video-preview:-1\" \/>\n<link rel=\"canonical\" href=\"https:\/\/www.anovapeneira.gal\/index.php\/2025\/04\/22\/a-sementeira-de-corzans-achegase-a-sua-maioria-de-idade\/\" \/>\n<meta property=\"og:locale\" content=\"gl_ES\" \/>\n<meta property=\"og:type\" content=\"article\" \/>\n<meta property=\"og:title\" content=\"A Sementeira de Corz\u00e1ns ach\u00e9gase \u00e1 s\u00faa maior\u00eda de idade -\" \/>\n<meta property=\"og:description\" content=\"A Sementeira de Corz\u00e1ns celebrar\u00e1 a s\u00faa XVII edici\u00f3n, como sempre na \u00e1rea recreativa Mu\u00ed\u00f1o da Ponte desta parroquia de Salvaterra, os vindeiros 9, 10 e 11 de maio [...]\" \/>\n<meta property=\"og:url\" content=\"https:\/\/www.anovapeneira.gal\/index.php\/2025\/04\/22\/a-sementeira-de-corzans-achegase-a-sua-maioria-de-idade\/\" \/>\n<meta property=\"article:publisher\" content=\"https:\/\/www.facebook.com\/anovapeneira\" \/>\n<meta property=\"article:published_time\" content=\"2025-04-22T10:00:43+00:00\" \/>\n<meta property=\"og:image\" content=\"https:\/\/www.anovapeneira.gal\/wp-content\/uploads\/2025\/04\/sementerira_salvaterra.jpg\" \/>\n\t<meta property=\"og:image:width\" content=\"720\" \/>\n\t<meta property=\"og:image:height\" content=\"432\" \/>\n\t<meta property=\"og:image:type\" content=\"image\/jpeg\" \/>\n<meta name=\"author\" content=\"Redacci\u00f3n A Nova Peneira\" \/>\n<meta name=\"twitter:card\" content=\"summary_large_image\" \/>\n<meta name=\"twitter:creator\" content=\"@APeneira\" \/>\n<meta name=\"twitter:site\" content=\"@APeneira\" \/>\n<meta name=\"twitter:label1\" content=\"Escrito por\" \/>\n\t<meta name=\"twitter:data1\" content=\"Redacci\u00f3n A Nova Peneira\" \/>\n\t<meta name=\"twitter:label2\" content=\"Tempo de lectura\" \/>\n\t<meta name=\"twitter:data2\" content=\"3 minutos\" \/>\n<script type=\"application\/ld+json\" class=\"yoast-schema-graph\">{\"@context\":\"https:\\\/\\\/schema.org\",\"@graph\":[{\"@type\":\"Article\",\"@id\":\"https:\\\/\\\/www.anovapeneira.gal\\\/index.php\\\/2025\\\/04\\\/22\\\/a-sementeira-de-corzans-achegase-a-sua-maioria-de-idade\\\/#article\",\"isPartOf\":{\"@id\":\"https:\\\/\\\/www.anovapeneira.gal\\\/index.php\\\/2025\\\/04\\\/22\\\/a-sementeira-de-corzans-achegase-a-sua-maioria-de-idade\\\/\"},\"author\":{\"name\":\"Redacci\u00f3n A Nova Peneira\",\"@id\":\"https:\\\/\\\/www.anovapeneira.gal\\\/#\\\/schema\\\/person\\\/b93e3f8932e3f8da96334607eb6ac6aa\"},\"headline\":\"A Sementeira de Corz\u00e1ns ach\u00e9gase \u00e1 s\u00faa maior\u00eda de idade\",\"datePublished\":\"2025-04-22T10:00:43+00:00\",\"mainEntityOfPage\":{\"@id\":\"https:\\\/\\\/www.anovapeneira.gal\\\/index.php\\\/2025\\\/04\\\/22\\\/a-sementeira-de-corzans-achegase-a-sua-maioria-de-idade\\\/\"},\"wordCount\":1414,\"commentCount\":0,\"publisher\":{\"@id\":\"https:\\\/\\\/www.anovapeneira.gal\\\/#organization\"},\"image\":{\"@id\":\"https:\\\/\\\/www.anovapeneira.gal\\\/index.php\\\/2025\\\/04\\\/22\\\/a-sementeira-de-corzans-achegase-a-sua-maioria-de-idade\\\/#primaryimage\"},\"thumbnailUrl\":\"https:\\\/\\\/www.anovapeneira.gal\\\/wp-content\\\/uploads\\\/2025\\\/04\\\/sementerira_salvaterra.jpg\",\"keywords\":[\"Concello de Salvaterra de Mi\u00f1o\"],\"articleSection\":[\"Condado\"],\"inLanguage\":\"gl-ES\",\"potentialAction\":[{\"@type\":\"CommentAction\",\"name\":\"Comment\",\"target\":[\"https:\\\/\\\/www.anovapeneira.gal\\\/index.php\\\/2025\\\/04\\\/22\\\/a-sementeira-de-corzans-achegase-a-sua-maioria-de-idade\\\/#respond\"]}]},{\"@type\":\"WebPage\",\"@id\":\"https:\\\/\\\/www.anovapeneira.gal\\\/index.php\\\/2025\\\/04\\\/22\\\/a-sementeira-de-corzans-achegase-a-sua-maioria-de-idade\\\/\",\"url\":\"https:\\\/\\\/www.anovapeneira.gal\\\/index.php\\\/2025\\\/04\\\/22\\\/a-sementeira-de-corzans-achegase-a-sua-maioria-de-idade\\\/\",\"name\":\"A Sementeira de Corz\u00e1ns ach\u00e9gase \u00e1 s\u00faa maior\u00eda de idade -\",\"isPartOf\":{\"@id\":\"https:\\\/\\\/www.anovapeneira.gal\\\/#website\"},\"primaryImageOfPage\":{\"@id\":\"https:\\\/\\\/www.anovapeneira.gal\\\/index.php\\\/2025\\\/04\\\/22\\\/a-sementeira-de-corzans-achegase-a-sua-maioria-de-idade\\\/#primaryimage\"},\"image\":{\"@id\":\"https:\\\/\\\/www.anovapeneira.gal\\\/index.php\\\/2025\\\/04\\\/22\\\/a-sementeira-de-corzans-achegase-a-sua-maioria-de-idade\\\/#primaryimage\"},\"thumbnailUrl\":\"https:\\\/\\\/www.anovapeneira.gal\\\/wp-content\\\/uploads\\\/2025\\\/04\\\/sementerira_salvaterra.jpg\",\"datePublished\":\"2025-04-22T10:00:43+00:00\",\"breadcrumb\":{\"@id\":\"https:\\\/\\\/www.anovapeneira.gal\\\/index.php\\\/2025\\\/04\\\/22\\\/a-sementeira-de-corzans-achegase-a-sua-maioria-de-idade\\\/#breadcrumb\"},\"inLanguage\":\"gl-ES\",\"potentialAction\":[{\"@type\":\"ReadAction\",\"target\":[\"https:\\\/\\\/www.anovapeneira.gal\\\/index.php\\\/2025\\\/04\\\/22\\\/a-sementeira-de-corzans-achegase-a-sua-maioria-de-idade\\\/\"]}]},{\"@type\":\"ImageObject\",\"inLanguage\":\"gl-ES\",\"@id\":\"https:\\\/\\\/www.anovapeneira.gal\\\/index.php\\\/2025\\\/04\\\/22\\\/a-sementeira-de-corzans-achegase-a-sua-maioria-de-idade\\\/#primaryimage\",\"url\":\"https:\\\/\\\/www.anovapeneira.gal\\\/wp-content\\\/uploads\\\/2025\\\/04\\\/sementerira_salvaterra.jpg\",\"contentUrl\":\"https:\\\/\\\/www.anovapeneira.gal\\\/wp-content\\\/uploads\\\/2025\\\/04\\\/sementerira_salvaterra.jpg\",\"width\":720,\"height\":432,\"caption\":\"Sementeira de Corz\u00e1ns\"},{\"@type\":\"BreadcrumbList\",\"@id\":\"https:\\\/\\\/www.anovapeneira.gal\\\/index.php\\\/2025\\\/04\\\/22\\\/a-sementeira-de-corzans-achegase-a-sua-maioria-de-idade\\\/#breadcrumb\",\"itemListElement\":[{\"@type\":\"ListItem\",\"position\":1,\"name\":\"Portada\",\"item\":\"https:\\\/\\\/www.anovapeneira.gal\\\/\"},{\"@type\":\"ListItem\",\"position\":2,\"name\":\"A Sementeira de Corz\u00e1ns ach\u00e9gase \u00e1 s\u00faa maior\u00eda de idade\"}]},{\"@type\":\"WebSite\",\"@id\":\"https:\\\/\\\/www.anovapeneira.gal\\\/#website\",\"url\":\"https:\\\/\\\/www.anovapeneira.gal\\\/\",\"name\":\"\",\"description\":\"Xornal galego de informaci\u00f3n xeral Publicaci\u00f3n mensual de novas de Galicia e en especial dos Concellos da sur da provincia de Pontevedra.\",\"publisher\":{\"@id\":\"https:\\\/\\\/www.anovapeneira.gal\\\/#organization\"},\"potentialAction\":[{\"@type\":\"SearchAction\",\"target\":{\"@type\":\"EntryPoint\",\"urlTemplate\":\"https:\\\/\\\/www.anovapeneira.gal\\\/?s={search_term_string}\"},\"query-input\":{\"@type\":\"PropertyValueSpecification\",\"valueRequired\":true,\"valueName\":\"search_term_string\"}}],\"inLanguage\":\"gl-ES\"},{\"@type\":\"Organization\",\"@id\":\"https:\\\/\\\/www.anovapeneira.gal\\\/#organization\",\"name\":\"A Nova Peneira\",\"url\":\"https:\\\/\\\/www.anovapeneira.gal\\\/\",\"logo\":{\"@type\":\"ImageObject\",\"inLanguage\":\"gl-ES\",\"@id\":\"https:\\\/\\\/www.anovapeneira.gal\\\/#\\\/schema\\\/logo\\\/image\\\/\",\"url\":\"http:\\\/\\\/www.anovapeneira.gal\\\/wp-content\\\/uploads\\\/2019\\\/06\\\/logo_a_nova_peneira_portal_web.png\",\"contentUrl\":\"http:\\\/\\\/www.anovapeneira.gal\\\/wp-content\\\/uploads\\\/2019\\\/06\\\/logo_a_nova_peneira_portal_web.png\",\"width\":300,\"height\":100,\"caption\":\"A Nova Peneira\"},\"image\":{\"@id\":\"https:\\\/\\\/www.anovapeneira.gal\\\/#\\\/schema\\\/logo\\\/image\\\/\"},\"sameAs\":[\"https:\\\/\\\/www.facebook.com\\\/anovapeneira\",\"https:\\\/\\\/x.com\\\/APeneira\"]},{\"@type\":\"Person\",\"@id\":\"https:\\\/\\\/www.anovapeneira.gal\\\/#\\\/schema\\\/person\\\/b93e3f8932e3f8da96334607eb6ac6aa\",\"name\":\"Redacci\u00f3n A Nova Peneira\",\"image\":{\"@type\":\"ImageObject\",\"inLanguage\":\"gl-ES\",\"@id\":\"https:\\\/\\\/secure.gravatar.com\\\/avatar\\\/c052a2551a06e23fac63626232eaa90abd78dbcf1700fc46a2b2c89fd27b735f?s=96&d=mm&r=g\",\"url\":\"https:\\\/\\\/secure.gravatar.com\\\/avatar\\\/c052a2551a06e23fac63626232eaa90abd78dbcf1700fc46a2b2c89fd27b735f?s=96&d=mm&r=g\",\"contentUrl\":\"https:\\\/\\\/secure.gravatar.com\\\/avatar\\\/c052a2551a06e23fac63626232eaa90abd78dbcf1700fc46a2b2c89fd27b735f?s=96&d=mm&r=g\",\"caption\":\"Redacci\u00f3n A Nova Peneira\"},\"sameAs\":[\"http:\\\/\\\/www.anovapeneira.gal\\\/\"],\"url\":\"https:\\\/\\\/www.anovapeneira.gal\\\/index.php\\\/author\\\/redactor\\\/\"}]}<\/script>\n<!-- \/ Yoast SEO plugin. -->","yoast_head_json":{"title":"A Sementeira de Corz\u00e1ns ach\u00e9gase \u00e1 s\u00faa maior\u00eda de idade -","robots":{"index":"index","follow":"follow","max-snippet":"max-snippet:-1","max-image-preview":"max-image-preview:large","max-video-preview":"max-video-preview:-1"},"canonical":"https:\/\/www.anovapeneira.gal\/index.php\/2025\/04\/22\/a-sementeira-de-corzans-achegase-a-sua-maioria-de-idade\/","og_locale":"gl_ES","og_type":"article","og_title":"A Sementeira de Corz\u00e1ns ach\u00e9gase \u00e1 s\u00faa maior\u00eda de idade -","og_description":"A Sementeira de Corz\u00e1ns celebrar\u00e1 a s\u00faa XVII edici\u00f3n, como sempre na \u00e1rea recreativa Mu\u00ed\u00f1o da Ponte desta parroquia de Salvaterra, os vindeiros 9, 10 e 11 de maio [...]","og_url":"https:\/\/www.anovapeneira.gal\/index.php\/2025\/04\/22\/a-sementeira-de-corzans-achegase-a-sua-maioria-de-idade\/","article_publisher":"https:\/\/www.facebook.com\/anovapeneira","article_published_time":"2025-04-22T10:00:43+00:00","og_image":[{"width":720,"height":432,"url":"https:\/\/www.anovapeneira.gal\/wp-content\/uploads\/2025\/04\/sementerira_salvaterra.jpg","type":"image\/jpeg"}],"author":"Redacci\u00f3n A Nova Peneira","twitter_card":"summary_large_image","twitter_creator":"@APeneira","twitter_site":"@APeneira","twitter_misc":{"Escrito por":"Redacci\u00f3n A Nova Peneira","Tempo de lectura":"3 minutos"},"schema":{"@context":"https:\/\/schema.org","@graph":[{"@type":"Article","@id":"https:\/\/www.anovapeneira.gal\/index.php\/2025\/04\/22\/a-sementeira-de-corzans-achegase-a-sua-maioria-de-idade\/#article","isPartOf":{"@id":"https:\/\/www.anovapeneira.gal\/index.php\/2025\/04\/22\/a-sementeira-de-corzans-achegase-a-sua-maioria-de-idade\/"},"author":{"name":"Redacci\u00f3n A Nova Peneira","@id":"https:\/\/www.anovapeneira.gal\/#\/schema\/person\/b93e3f8932e3f8da96334607eb6ac6aa"},"headline":"A Sementeira de Corz\u00e1ns ach\u00e9gase \u00e1 s\u00faa maior\u00eda de idade","datePublished":"2025-04-22T10:00:43+00:00","mainEntityOfPage":{"@id":"https:\/\/www.anovapeneira.gal\/index.php\/2025\/04\/22\/a-sementeira-de-corzans-achegase-a-sua-maioria-de-idade\/"},"wordCount":1414,"commentCount":0,"publisher":{"@id":"https:\/\/www.anovapeneira.gal\/#organization"},"image":{"@id":"https:\/\/www.anovapeneira.gal\/index.php\/2025\/04\/22\/a-sementeira-de-corzans-achegase-a-sua-maioria-de-idade\/#primaryimage"},"thumbnailUrl":"https:\/\/www.anovapeneira.gal\/wp-content\/uploads\/2025\/04\/sementerira_salvaterra.jpg","keywords":["Concello de Salvaterra de Mi\u00f1o"],"articleSection":["Condado"],"inLanguage":"gl-ES","potentialAction":[{"@type":"CommentAction","name":"Comment","target":["https:\/\/www.anovapeneira.gal\/index.php\/2025\/04\/22\/a-sementeira-de-corzans-achegase-a-sua-maioria-de-idade\/#respond"]}]},{"@type":"WebPage","@id":"https:\/\/www.anovapeneira.gal\/index.php\/2025\/04\/22\/a-sementeira-de-corzans-achegase-a-sua-maioria-de-idade\/","url":"https:\/\/www.anovapeneira.gal\/index.php\/2025\/04\/22\/a-sementeira-de-corzans-achegase-a-sua-maioria-de-idade\/","name":"A Sementeira de Corz\u00e1ns ach\u00e9gase \u00e1 s\u00faa maior\u00eda de idade -","isPartOf":{"@id":"https:\/\/www.anovapeneira.gal\/#website"},"primaryImageOfPage":{"@id":"https:\/\/www.anovapeneira.gal\/index.php\/2025\/04\/22\/a-sementeira-de-corzans-achegase-a-sua-maioria-de-idade\/#primaryimage"},"image":{"@id":"https:\/\/www.anovapeneira.gal\/index.php\/2025\/04\/22\/a-sementeira-de-corzans-achegase-a-sua-maioria-de-idade\/#primaryimage"},"thumbnailUrl":"https:\/\/www.anovapeneira.gal\/wp-content\/uploads\/2025\/04\/sementerira_salvaterra.jpg","datePublished":"2025-04-22T10:00:43+00:00","breadcrumb":{"@id":"https:\/\/www.anovapeneira.gal\/index.php\/2025\/04\/22\/a-sementeira-de-corzans-achegase-a-sua-maioria-de-idade\/#breadcrumb"},"inLanguage":"gl-ES","potentialAction":[{"@type":"ReadAction","target":["https:\/\/www.anovapeneira.gal\/index.php\/2025\/04\/22\/a-sementeira-de-corzans-achegase-a-sua-maioria-de-idade\/"]}]},{"@type":"ImageObject","inLanguage":"gl-ES","@id":"https:\/\/www.anovapeneira.gal\/index.php\/2025\/04\/22\/a-sementeira-de-corzans-achegase-a-sua-maioria-de-idade\/#primaryimage","url":"https:\/\/www.anovapeneira.gal\/wp-content\/uploads\/2025\/04\/sementerira_salvaterra.jpg","contentUrl":"https:\/\/www.anovapeneira.gal\/wp-content\/uploads\/2025\/04\/sementerira_salvaterra.jpg","width":720,"height":432,"caption":"Sementeira de Corz\u00e1ns"},{"@type":"BreadcrumbList","@id":"https:\/\/www.anovapeneira.gal\/index.php\/2025\/04\/22\/a-sementeira-de-corzans-achegase-a-sua-maioria-de-idade\/#breadcrumb","itemListElement":[{"@type":"ListItem","position":1,"name":"Portada","item":"https:\/\/www.anovapeneira.gal\/"},{"@type":"ListItem","position":2,"name":"A Sementeira de Corz\u00e1ns ach\u00e9gase \u00e1 s\u00faa maior\u00eda de idade"}]},{"@type":"WebSite","@id":"https:\/\/www.anovapeneira.gal\/#website","url":"https:\/\/www.anovapeneira.gal\/","name":"","description":"Xornal galego de informaci\u00f3n xeral Publicaci\u00f3n mensual de novas de Galicia e en especial dos Concellos da sur da provincia de Pontevedra.","publisher":{"@id":"https:\/\/www.anovapeneira.gal\/#organization"},"potentialAction":[{"@type":"SearchAction","target":{"@type":"EntryPoint","urlTemplate":"https:\/\/www.anovapeneira.gal\/?s={search_term_string}"},"query-input":{"@type":"PropertyValueSpecification","valueRequired":true,"valueName":"search_term_string"}}],"inLanguage":"gl-ES"},{"@type":"Organization","@id":"https:\/\/www.anovapeneira.gal\/#organization","name":"A Nova Peneira","url":"https:\/\/www.anovapeneira.gal\/","logo":{"@type":"ImageObject","inLanguage":"gl-ES","@id":"https:\/\/www.anovapeneira.gal\/#\/schema\/logo\/image\/","url":"http:\/\/www.anovapeneira.gal\/wp-content\/uploads\/2019\/06\/logo_a_nova_peneira_portal_web.png","contentUrl":"http:\/\/www.anovapeneira.gal\/wp-content\/uploads\/2019\/06\/logo_a_nova_peneira_portal_web.png","width":300,"height":100,"caption":"A Nova Peneira"},"image":{"@id":"https:\/\/www.anovapeneira.gal\/#\/schema\/logo\/image\/"},"sameAs":["https:\/\/www.facebook.com\/anovapeneira","https:\/\/x.com\/APeneira"]},{"@type":"Person","@id":"https:\/\/www.anovapeneira.gal\/#\/schema\/person\/b93e3f8932e3f8da96334607eb6ac6aa","name":"Redacci\u00f3n A Nova Peneira","image":{"@type":"ImageObject","inLanguage":"gl-ES","@id":"https:\/\/secure.gravatar.com\/avatar\/c052a2551a06e23fac63626232eaa90abd78dbcf1700fc46a2b2c89fd27b735f?s=96&d=mm&r=g","url":"https:\/\/secure.gravatar.com\/avatar\/c052a2551a06e23fac63626232eaa90abd78dbcf1700fc46a2b2c89fd27b735f?s=96&d=mm&r=g","contentUrl":"https:\/\/secure.gravatar.com\/avatar\/c052a2551a06e23fac63626232eaa90abd78dbcf1700fc46a2b2c89fd27b735f?s=96&d=mm&r=g","caption":"Redacci\u00f3n A Nova Peneira"},"sameAs":["http:\/\/www.anovapeneira.gal\/"],"url":"https:\/\/www.anovapeneira.gal\/index.php\/author\/redactor\/"}]}},"jetpack_featured_media_url":"https:\/\/www.anovapeneira.gal\/wp-content\/uploads\/2025\/04\/sementerira_salvaterra.jpg","_links":{"self":[{"href":"https:\/\/www.anovapeneira.gal\/index.php\/wp-json\/wp\/v2\/posts\/13737","targetHints":{"allow":["GET"]}}],"collection":[{"href":"https:\/\/www.anovapeneira.gal\/index.php\/wp-json\/wp\/v2\/posts"}],"about":[{"href":"https:\/\/www.anovapeneira.gal\/index.php\/wp-json\/wp\/v2\/types\/post"}],"author":[{"embeddable":true,"href":"https:\/\/www.anovapeneira.gal\/index.php\/wp-json\/wp\/v2\/users\/3"}],"replies":[{"embeddable":true,"href":"https:\/\/www.anovapeneira.gal\/index.php\/wp-json\/wp\/v2\/comments?post=13737"}],"version-history":[{"count":1,"href":"https:\/\/www.anovapeneira.gal\/index.php\/wp-json\/wp\/v2\/posts\/13737\/revisions"}],"predecessor-version":[{"id":13739,"href":"https:\/\/www.anovapeneira.gal\/index.php\/wp-json\/wp\/v2\/posts\/13737\/revisions\/13739"}],"wp:featuredmedia":[{"embeddable":true,"href":"https:\/\/www.anovapeneira.gal\/index.php\/wp-json\/wp\/v2\/media\/13738"}],"wp:attachment":[{"href":"https:\/\/www.anovapeneira.gal\/index.php\/wp-json\/wp\/v2\/media?parent=13737"}],"wp:term":[{"taxonomy":"category","embeddable":true,"href":"https:\/\/www.anovapeneira.gal\/index.php\/wp-json\/wp\/v2\/categories?post=13737"},{"taxonomy":"post_tag","embeddable":true,"href":"https:\/\/www.anovapeneira.gal\/index.php\/wp-json\/wp\/v2\/tags?post=13737"}],"curies":[{"name":"wp","href":"https:\/\/api.w.org\/{rel}","templated":true}]}}