{"id":13756,"date":"2025-04-23T12:00:54","date_gmt":"2025-04-23T10:00:54","guid":{"rendered":"https:\/\/www.anovapeneira.gal\/?p=13756"},"modified":"2025-04-21T11:29:52","modified_gmt":"2025-04-21T09:29:52","slug":"ecoloxistas-en-accion-denuncia-que-o-proxecto-gs360-do-celta-segue-sendo-un-pelotazo-urbanistico-en-terreos-forestais","status":"publish","type":"post","link":"https:\/\/www.anovapeneira.gal\/index.php\/2025\/04\/23\/ecoloxistas-en-accion-denuncia-que-o-proxecto-gs360-do-celta-segue-sendo-un-pelotazo-urbanistico-en-terreos-forestais\/","title":{"rendered":"Ecoloxistas en Acci\u00f3n denuncia que o proxecto GS360 do Celta segue sendo un pelotazo urban\u00edstico en terreos forestais"},"content":{"rendered":"\n<p>Ecoloxistas en Acci\u00f3n denuncia que a aprobaci\u00f3n definitiva da ampliaci\u00f3n da cidade deportiva do Celta en Mos como Proxecto de Interese Auton\u00f3mico (PIA), realizada pola Xunta, encubre unha operaci\u00f3n de pelotazo urban\u00edstico coa apropiaci\u00f3n de terreo forestal para a s\u00faa posterior recualificaci\u00f3n.<\/p>\n\n\n\n<p>A organizaci\u00f3n ecoloxista celebra que grazas a gran mobilizaci\u00f3n veci\u00f1al reduciuse moito a superficie de monte deforestada para o GS-360, pero lamenta que este tipo de proxectos non se fagan en zonas urbanizadas para dotaci\u00f3ns deportivas.<\/p>\n\n\n\n<p>Ecoloxistas en Acci\u00f3n denuncia que a rec\u00e9n declaraci\u00f3n realizada pola Xunta de Galicia aprobando como Proxecto de Interese Auton\u00f3mico (PIA) a ampliaci\u00f3n da cidade deportiva do Celta en Mos sup\u00f3n unha recalificaci\u00f3n de solo r\u00fastico non urbanizable, que pasa a urbanizable. Para Xaqu\u00edn Pastoriza, voceiro da organizaci\u00f3n ecoloxista, esta aprobaci\u00f3n \u00e9 \u201cun pelotazo urban\u00edstico en toda regra e unha apropiaci\u00f3n de monte comunal, coa conseguinte perda de arboredo e biodiversidade, para entregalo a un proxecto privado, non a unha obra de interese p\u00fablica, como un hospital.\u201d<\/p>\n\n\n\n<p>Sinalan tam\u00e9n que a Xunta ampara as\u00ed as numerosas ilegalidades cometidas desde o principio da construci\u00f3n da Cidade Deportiva do Real Club Celta, denunciadas pola Comunidade de Montes de Tameiga e Ecoloxistas en Acci\u00f3n. Ilegalidades confirmadas pola xustiza, xa que esta declarou en 2023 que a licenza para a construci\u00f3n fora ilegal. Ademais, estase a relizar unha fragmentaci\u00f3n por fases do proxecto, o que permitu ao Celta eludir unha avaliaci\u00f3n ambiental completa.<\/p>\n\n\n\n<p>Para Ecoloxistas en Acci\u00f3n se ben \u00e9 certo que o proxecto final sup\u00f3n unha rebaixa moi importante con respecto ao primeiro proxecto, aparellado cun macro centro comercial que devastaba m\u00e1is de un mill\u00f3n e medio de metros cadrados, e incluso menor ao orixinal GS-360 que prev\u00eda a expropiaci\u00f3n dunha gran superficie de monte comunal en Tameiga para construir un estadio de f\u00fatbol e un gran pavill\u00f3n multiusos. Esta actuaci\u00f3n deber\u00eda terse desenvolvido nunha zona urbanizada cualificada para dotaci\u00f3n deportiva e non nunha zona forestal.<\/p>\n\n\n\n<p>Lembran que esta reducci\u00f3n do impacto do proxecto foi grazas \u00e1 exemplar mobilizaci\u00f3n veci\u00f1al e do ecoloxismo galego que mantivo o pulso durante m\u00e1is de seis anos. \u201cAled\u00e1monos desta vitoria da<br>veci\u00f1anza comuneira de Tameiga, pero non podemos esquecer o papel do PP impulsando esta desfeita tanto a nivel municipal en Mos, como a trav\u00e9s da Xunta de Galicia, que tenta enmascarar con esta declaraci\u00f3n de PIA unha actuaci\u00f3n ilegal\u201d, declara Xaqu\u00edn Pastoriza, voceiro de Ecoloxistas en Acci\u00f3n.<\/p>\n\n\n\n<p>Ecoloxistas en Acci\u00f3n anuncia que seguir\u00e1n vixiantes ante os pelotazos e as ilegalidades urban\u00edsticas que se pretenden perpetrar no monte galego. Para a organizaci\u00f3n ecoloxista os montes comunais deber\u00edan ser unha figura de protecci\u00f3n ambiental por si mesmos, xa que cumpren un papel fundamental na loita contra o cambio clim\u00e1tico e polos servizos ecosist\u00e9micos que prestan \u00e1 sociedade.<\/p>\n","protected":false},"excerpt":{"rendered":"<div class=\"mh-excerpt\"><p>Ecoloxistas en Acci\u00f3n denuncia que a aprobaci\u00f3n definitiva da ampliaci\u00f3n da cidade deportiva do Celta en Mos como Proxecto de Interese Auton\u00f3mico (PIA), realizada pola Xunta, encubre unha operaci\u00f3n de pelotazo urban\u00edstico coa apropiaci\u00f3n de terreo forestal para a s\u00faa posterior recualificaci\u00f3n. <a class=\"mh-excerpt-more\" href=\"https:\/\/www.anovapeneira.gal\/index.php\/2025\/04\/23\/ecoloxistas-en-accion-denuncia-que-o-proxecto-gs360-do-celta-segue-sendo-un-pelotazo-urbanistico-en-terreos-forestais\/\" title=\"Ecoloxistas en Acci\u00f3n denuncia que o proxecto GS360 do Celta segue sendo un pelotazo urban\u00edstico en terreos forestais\">[&#8230;]<\/a><\/p>\n<\/div>","protected":false},"author":3,"featured_media":13758,"comment_status":"open","ping_status":"open","sticky":false,"template":"","format":"standard","meta":{"_exactmetrics_skip_tracking":false,"_exactmetrics_sitenote_active":false,"_exactmetrics_sitenote_note":"","_exactmetrics_sitenote_category":0,"footnotes":""},"categories":[23],"tags":[218],"class_list":{"0":"post-13756","1":"post","2":"type-post","3":"status-publish","4":"format-standard","5":"has-post-thumbnail","7":"category-a-lourina","8":"tag-concello-de-mos"},"yoast_head":"<!-- This site is optimized with the Yoast SEO plugin v27.4 - https:\/\/yoast.com\/product\/yoast-seo-wordpress\/ -->\n<title>Ecoloxistas en Acci\u00f3n denuncia que o proxecto GS360 do Celta segue sendo un pelotazo urban\u00edstico en terreos forestais -<\/title>\n<meta name=\"robots\" content=\"index, follow, max-snippet:-1, max-image-preview:large, max-video-preview:-1\" \/>\n<link rel=\"canonical\" href=\"https:\/\/www.anovapeneira.gal\/index.php\/2025\/04\/23\/ecoloxistas-en-accion-denuncia-que-o-proxecto-gs360-do-celta-segue-sendo-un-pelotazo-urbanistico-en-terreos-forestais\/\" \/>\n<meta property=\"og:locale\" content=\"gl_ES\" \/>\n<meta property=\"og:type\" content=\"article\" \/>\n<meta property=\"og:title\" content=\"Ecoloxistas en Acci\u00f3n denuncia que o proxecto GS360 do Celta segue sendo un pelotazo urban\u00edstico en terreos forestais -\" \/>\n<meta property=\"og:description\" content=\"Ecoloxistas en Acci\u00f3n denuncia que a aprobaci\u00f3n definitiva da ampliaci\u00f3n da cidade deportiva do Celta en Mos como Proxecto de Interese Auton\u00f3mico (PIA), realizada pola Xunta, encubre unha operaci\u00f3n de pelotazo urban\u00edstico coa apropiaci\u00f3n de terreo forestal para a s\u00faa posterior recualificaci\u00f3n. [...]\" \/>\n<meta property=\"og:url\" content=\"https:\/\/www.anovapeneira.gal\/index.php\/2025\/04\/23\/ecoloxistas-en-accion-denuncia-que-o-proxecto-gs360-do-celta-segue-sendo-un-pelotazo-urbanistico-en-terreos-forestais\/\" \/>\n<meta property=\"article:publisher\" content=\"https:\/\/www.facebook.com\/anovapeneira\" \/>\n<meta property=\"article:published_time\" content=\"2025-04-23T10:00:54+00:00\" \/>\n<meta property=\"og:image\" content=\"https:\/\/www.anovapeneira.gal\/wp-content\/uploads\/2025\/04\/celta_green_peace.jpg\" \/>\n\t<meta property=\"og:image:width\" content=\"720\" \/>\n\t<meta property=\"og:image:height\" content=\"432\" \/>\n\t<meta property=\"og:image:type\" content=\"image\/jpeg\" \/>\n<meta name=\"author\" content=\"Redacci\u00f3n A Nova Peneira\" \/>\n<meta name=\"twitter:card\" content=\"summary_large_image\" \/>\n<meta name=\"twitter:creator\" content=\"@APeneira\" \/>\n<meta name=\"twitter:site\" content=\"@APeneira\" \/>\n<meta name=\"twitter:label1\" content=\"Escrito por\" \/>\n\t<meta name=\"twitter:data1\" content=\"Redacci\u00f3n A Nova Peneira\" \/>\n\t<meta name=\"twitter:label2\" content=\"Tempo de lectura\" \/>\n\t<meta name=\"twitter:data2\" content=\"3 minutos\" \/>\n<script type=\"application\/ld+json\" class=\"yoast-schema-graph\">{\"@context\":\"https:\\\/\\\/schema.org\",\"@graph\":[{\"@type\":\"Article\",\"@id\":\"https:\\\/\\\/www.anovapeneira.gal\\\/index.php\\\/2025\\\/04\\\/23\\\/ecoloxistas-en-accion-denuncia-que-o-proxecto-gs360-do-celta-segue-sendo-un-pelotazo-urbanistico-en-terreos-forestais\\\/#article\",\"isPartOf\":{\"@id\":\"https:\\\/\\\/www.anovapeneira.gal\\\/index.php\\\/2025\\\/04\\\/23\\\/ecoloxistas-en-accion-denuncia-que-o-proxecto-gs360-do-celta-segue-sendo-un-pelotazo-urbanistico-en-terreos-forestais\\\/\"},\"author\":{\"name\":\"Redacci\u00f3n A Nova Peneira\",\"@id\":\"https:\\\/\\\/www.anovapeneira.gal\\\/#\\\/schema\\\/person\\\/b93e3f8932e3f8da96334607eb6ac6aa\"},\"headline\":\"Ecoloxistas en Acci\u00f3n denuncia que o proxecto GS360 do Celta segue sendo un pelotazo urban\u00edstico en terreos forestais\",\"datePublished\":\"2025-04-23T10:00:54+00:00\",\"mainEntityOfPage\":{\"@id\":\"https:\\\/\\\/www.anovapeneira.gal\\\/index.php\\\/2025\\\/04\\\/23\\\/ecoloxistas-en-accion-denuncia-que-o-proxecto-gs360-do-celta-segue-sendo-un-pelotazo-urbanistico-en-terreos-forestais\\\/\"},\"wordCount\":533,\"commentCount\":0,\"publisher\":{\"@id\":\"https:\\\/\\\/www.anovapeneira.gal\\\/#organization\"},\"image\":{\"@id\":\"https:\\\/\\\/www.anovapeneira.gal\\\/index.php\\\/2025\\\/04\\\/23\\\/ecoloxistas-en-accion-denuncia-que-o-proxecto-gs360-do-celta-segue-sendo-un-pelotazo-urbanistico-en-terreos-forestais\\\/#primaryimage\"},\"thumbnailUrl\":\"https:\\\/\\\/www.anovapeneira.gal\\\/wp-content\\\/uploads\\\/2025\\\/04\\\/celta_green_peace.jpg\",\"keywords\":[\"Concello de Mos\"],\"articleSection\":[\"A Louri\u00f1a\"],\"inLanguage\":\"gl-ES\",\"potentialAction\":[{\"@type\":\"CommentAction\",\"name\":\"Comment\",\"target\":[\"https:\\\/\\\/www.anovapeneira.gal\\\/index.php\\\/2025\\\/04\\\/23\\\/ecoloxistas-en-accion-denuncia-que-o-proxecto-gs360-do-celta-segue-sendo-un-pelotazo-urbanistico-en-terreos-forestais\\\/#respond\"]}]},{\"@type\":\"WebPage\",\"@id\":\"https:\\\/\\\/www.anovapeneira.gal\\\/index.php\\\/2025\\\/04\\\/23\\\/ecoloxistas-en-accion-denuncia-que-o-proxecto-gs360-do-celta-segue-sendo-un-pelotazo-urbanistico-en-terreos-forestais\\\/\",\"url\":\"https:\\\/\\\/www.anovapeneira.gal\\\/index.php\\\/2025\\\/04\\\/23\\\/ecoloxistas-en-accion-denuncia-que-o-proxecto-gs360-do-celta-segue-sendo-un-pelotazo-urbanistico-en-terreos-forestais\\\/\",\"name\":\"Ecoloxistas en Acci\u00f3n denuncia que o proxecto GS360 do Celta segue sendo un pelotazo urban\u00edstico en terreos forestais -\",\"isPartOf\":{\"@id\":\"https:\\\/\\\/www.anovapeneira.gal\\\/#website\"},\"primaryImageOfPage\":{\"@id\":\"https:\\\/\\\/www.anovapeneira.gal\\\/index.php\\\/2025\\\/04\\\/23\\\/ecoloxistas-en-accion-denuncia-que-o-proxecto-gs360-do-celta-segue-sendo-un-pelotazo-urbanistico-en-terreos-forestais\\\/#primaryimage\"},\"image\":{\"@id\":\"https:\\\/\\\/www.anovapeneira.gal\\\/index.php\\\/2025\\\/04\\\/23\\\/ecoloxistas-en-accion-denuncia-que-o-proxecto-gs360-do-celta-segue-sendo-un-pelotazo-urbanistico-en-terreos-forestais\\\/#primaryimage\"},\"thumbnailUrl\":\"https:\\\/\\\/www.anovapeneira.gal\\\/wp-content\\\/uploads\\\/2025\\\/04\\\/celta_green_peace.jpg\",\"datePublished\":\"2025-04-23T10:00:54+00:00\",\"breadcrumb\":{\"@id\":\"https:\\\/\\\/www.anovapeneira.gal\\\/index.php\\\/2025\\\/04\\\/23\\\/ecoloxistas-en-accion-denuncia-que-o-proxecto-gs360-do-celta-segue-sendo-un-pelotazo-urbanistico-en-terreos-forestais\\\/#breadcrumb\"},\"inLanguage\":\"gl-ES\",\"potentialAction\":[{\"@type\":\"ReadAction\",\"target\":[\"https:\\\/\\\/www.anovapeneira.gal\\\/index.php\\\/2025\\\/04\\\/23\\\/ecoloxistas-en-accion-denuncia-que-o-proxecto-gs360-do-celta-segue-sendo-un-pelotazo-urbanistico-en-terreos-forestais\\\/\"]}]},{\"@type\":\"ImageObject\",\"inLanguage\":\"gl-ES\",\"@id\":\"https:\\\/\\\/www.anovapeneira.gal\\\/index.php\\\/2025\\\/04\\\/23\\\/ecoloxistas-en-accion-denuncia-que-o-proxecto-gs360-do-celta-segue-sendo-un-pelotazo-urbanistico-en-terreos-forestais\\\/#primaryimage\",\"url\":\"https:\\\/\\\/www.anovapeneira.gal\\\/wp-content\\\/uploads\\\/2025\\\/04\\\/celta_green_peace.jpg\",\"contentUrl\":\"https:\\\/\\\/www.anovapeneira.gal\\\/wp-content\\\/uploads\\\/2025\\\/04\\\/celta_green_peace.jpg\",\"width\":720,\"height\":432,\"caption\":\"Ecoloxistas en Acci\u00f3n denuncia que o proxecto GS360 do Celta segue sendo un pelotazo urban\u00edstico en terreos forestais\"},{\"@type\":\"BreadcrumbList\",\"@id\":\"https:\\\/\\\/www.anovapeneira.gal\\\/index.php\\\/2025\\\/04\\\/23\\\/ecoloxistas-en-accion-denuncia-que-o-proxecto-gs360-do-celta-segue-sendo-un-pelotazo-urbanistico-en-terreos-forestais\\\/#breadcrumb\",\"itemListElement\":[{\"@type\":\"ListItem\",\"position\":1,\"name\":\"Portada\",\"item\":\"https:\\\/\\\/www.anovapeneira.gal\\\/\"},{\"@type\":\"ListItem\",\"position\":2,\"name\":\"Ecoloxistas en Acci\u00f3n denuncia que o proxecto GS360 do Celta segue sendo un pelotazo urban\u00edstico en terreos forestais\"}]},{\"@type\":\"WebSite\",\"@id\":\"https:\\\/\\\/www.anovapeneira.gal\\\/#website\",\"url\":\"https:\\\/\\\/www.anovapeneira.gal\\\/\",\"name\":\"\",\"description\":\"Xornal galego de informaci\u00f3n xeral Publicaci\u00f3n mensual de novas de Galicia e en especial dos Concellos da sur da provincia de Pontevedra.\",\"publisher\":{\"@id\":\"https:\\\/\\\/www.anovapeneira.gal\\\/#organization\"},\"potentialAction\":[{\"@type\":\"SearchAction\",\"target\":{\"@type\":\"EntryPoint\",\"urlTemplate\":\"https:\\\/\\\/www.anovapeneira.gal\\\/?s={search_term_string}\"},\"query-input\":{\"@type\":\"PropertyValueSpecification\",\"valueRequired\":true,\"valueName\":\"search_term_string\"}}],\"inLanguage\":\"gl-ES\"},{\"@type\":\"Organization\",\"@id\":\"https:\\\/\\\/www.anovapeneira.gal\\\/#organization\",\"name\":\"A Nova Peneira\",\"url\":\"https:\\\/\\\/www.anovapeneira.gal\\\/\",\"logo\":{\"@type\":\"ImageObject\",\"inLanguage\":\"gl-ES\",\"@id\":\"https:\\\/\\\/www.anovapeneira.gal\\\/#\\\/schema\\\/logo\\\/image\\\/\",\"url\":\"http:\\\/\\\/www.anovapeneira.gal\\\/wp-content\\\/uploads\\\/2019\\\/06\\\/logo_a_nova_peneira_portal_web.png\",\"contentUrl\":\"http:\\\/\\\/www.anovapeneira.gal\\\/wp-content\\\/uploads\\\/2019\\\/06\\\/logo_a_nova_peneira_portal_web.png\",\"width\":300,\"height\":100,\"caption\":\"A Nova Peneira\"},\"image\":{\"@id\":\"https:\\\/\\\/www.anovapeneira.gal\\\/#\\\/schema\\\/logo\\\/image\\\/\"},\"sameAs\":[\"https:\\\/\\\/www.facebook.com\\\/anovapeneira\",\"https:\\\/\\\/x.com\\\/APeneira\"]},{\"@type\":\"Person\",\"@id\":\"https:\\\/\\\/www.anovapeneira.gal\\\/#\\\/schema\\\/person\\\/b93e3f8932e3f8da96334607eb6ac6aa\",\"name\":\"Redacci\u00f3n A Nova Peneira\",\"image\":{\"@type\":\"ImageObject\",\"inLanguage\":\"gl-ES\",\"@id\":\"https:\\\/\\\/secure.gravatar.com\\\/avatar\\\/c052a2551a06e23fac63626232eaa90abd78dbcf1700fc46a2b2c89fd27b735f?s=96&d=mm&r=g\",\"url\":\"https:\\\/\\\/secure.gravatar.com\\\/avatar\\\/c052a2551a06e23fac63626232eaa90abd78dbcf1700fc46a2b2c89fd27b735f?s=96&d=mm&r=g\",\"contentUrl\":\"https:\\\/\\\/secure.gravatar.com\\\/avatar\\\/c052a2551a06e23fac63626232eaa90abd78dbcf1700fc46a2b2c89fd27b735f?s=96&d=mm&r=g\",\"caption\":\"Redacci\u00f3n A Nova Peneira\"},\"sameAs\":[\"http:\\\/\\\/www.anovapeneira.gal\\\/\"],\"url\":\"https:\\\/\\\/www.anovapeneira.gal\\\/index.php\\\/author\\\/redactor\\\/\"}]}<\/script>\n<!-- \/ Yoast SEO plugin. -->","yoast_head_json":{"title":"Ecoloxistas en Acci\u00f3n denuncia que o proxecto GS360 do Celta segue sendo un pelotazo urban\u00edstico en terreos forestais -","robots":{"index":"index","follow":"follow","max-snippet":"max-snippet:-1","max-image-preview":"max-image-preview:large","max-video-preview":"max-video-preview:-1"},"canonical":"https:\/\/www.anovapeneira.gal\/index.php\/2025\/04\/23\/ecoloxistas-en-accion-denuncia-que-o-proxecto-gs360-do-celta-segue-sendo-un-pelotazo-urbanistico-en-terreos-forestais\/","og_locale":"gl_ES","og_type":"article","og_title":"Ecoloxistas en Acci\u00f3n denuncia que o proxecto GS360 do Celta segue sendo un pelotazo urban\u00edstico en terreos forestais -","og_description":"Ecoloxistas en Acci\u00f3n denuncia que a aprobaci\u00f3n definitiva da ampliaci\u00f3n da cidade deportiva do Celta en Mos como Proxecto de Interese Auton\u00f3mico (PIA), realizada pola Xunta, encubre unha operaci\u00f3n de pelotazo urban\u00edstico coa apropiaci\u00f3n de terreo forestal para a s\u00faa posterior recualificaci\u00f3n. [...]","og_url":"https:\/\/www.anovapeneira.gal\/index.php\/2025\/04\/23\/ecoloxistas-en-accion-denuncia-que-o-proxecto-gs360-do-celta-segue-sendo-un-pelotazo-urbanistico-en-terreos-forestais\/","article_publisher":"https:\/\/www.facebook.com\/anovapeneira","article_published_time":"2025-04-23T10:00:54+00:00","og_image":[{"width":720,"height":432,"url":"https:\/\/www.anovapeneira.gal\/wp-content\/uploads\/2025\/04\/celta_green_peace.jpg","type":"image\/jpeg"}],"author":"Redacci\u00f3n A Nova Peneira","twitter_card":"summary_large_image","twitter_creator":"@APeneira","twitter_site":"@APeneira","twitter_misc":{"Escrito por":"Redacci\u00f3n A Nova Peneira","Tempo de lectura":"3 minutos"},"schema":{"@context":"https:\/\/schema.org","@graph":[{"@type":"Article","@id":"https:\/\/www.anovapeneira.gal\/index.php\/2025\/04\/23\/ecoloxistas-en-accion-denuncia-que-o-proxecto-gs360-do-celta-segue-sendo-un-pelotazo-urbanistico-en-terreos-forestais\/#article","isPartOf":{"@id":"https:\/\/www.anovapeneira.gal\/index.php\/2025\/04\/23\/ecoloxistas-en-accion-denuncia-que-o-proxecto-gs360-do-celta-segue-sendo-un-pelotazo-urbanistico-en-terreos-forestais\/"},"author":{"name":"Redacci\u00f3n A Nova Peneira","@id":"https:\/\/www.anovapeneira.gal\/#\/schema\/person\/b93e3f8932e3f8da96334607eb6ac6aa"},"headline":"Ecoloxistas en Acci\u00f3n denuncia que o proxecto GS360 do Celta segue sendo un pelotazo urban\u00edstico en terreos forestais","datePublished":"2025-04-23T10:00:54+00:00","mainEntityOfPage":{"@id":"https:\/\/www.anovapeneira.gal\/index.php\/2025\/04\/23\/ecoloxistas-en-accion-denuncia-que-o-proxecto-gs360-do-celta-segue-sendo-un-pelotazo-urbanistico-en-terreos-forestais\/"},"wordCount":533,"commentCount":0,"publisher":{"@id":"https:\/\/www.anovapeneira.gal\/#organization"},"image":{"@id":"https:\/\/www.anovapeneira.gal\/index.php\/2025\/04\/23\/ecoloxistas-en-accion-denuncia-que-o-proxecto-gs360-do-celta-segue-sendo-un-pelotazo-urbanistico-en-terreos-forestais\/#primaryimage"},"thumbnailUrl":"https:\/\/www.anovapeneira.gal\/wp-content\/uploads\/2025\/04\/celta_green_peace.jpg","keywords":["Concello de Mos"],"articleSection":["A Louri\u00f1a"],"inLanguage":"gl-ES","potentialAction":[{"@type":"CommentAction","name":"Comment","target":["https:\/\/www.anovapeneira.gal\/index.php\/2025\/04\/23\/ecoloxistas-en-accion-denuncia-que-o-proxecto-gs360-do-celta-segue-sendo-un-pelotazo-urbanistico-en-terreos-forestais\/#respond"]}]},{"@type":"WebPage","@id":"https:\/\/www.anovapeneira.gal\/index.php\/2025\/04\/23\/ecoloxistas-en-accion-denuncia-que-o-proxecto-gs360-do-celta-segue-sendo-un-pelotazo-urbanistico-en-terreos-forestais\/","url":"https:\/\/www.anovapeneira.gal\/index.php\/2025\/04\/23\/ecoloxistas-en-accion-denuncia-que-o-proxecto-gs360-do-celta-segue-sendo-un-pelotazo-urbanistico-en-terreos-forestais\/","name":"Ecoloxistas en Acci\u00f3n denuncia que o proxecto GS360 do Celta segue sendo un pelotazo urban\u00edstico en terreos forestais -","isPartOf":{"@id":"https:\/\/www.anovapeneira.gal\/#website"},"primaryImageOfPage":{"@id":"https:\/\/www.anovapeneira.gal\/index.php\/2025\/04\/23\/ecoloxistas-en-accion-denuncia-que-o-proxecto-gs360-do-celta-segue-sendo-un-pelotazo-urbanistico-en-terreos-forestais\/#primaryimage"},"image":{"@id":"https:\/\/www.anovapeneira.gal\/index.php\/2025\/04\/23\/ecoloxistas-en-accion-denuncia-que-o-proxecto-gs360-do-celta-segue-sendo-un-pelotazo-urbanistico-en-terreos-forestais\/#primaryimage"},"thumbnailUrl":"https:\/\/www.anovapeneira.gal\/wp-content\/uploads\/2025\/04\/celta_green_peace.jpg","datePublished":"2025-04-23T10:00:54+00:00","breadcrumb":{"@id":"https:\/\/www.anovapeneira.gal\/index.php\/2025\/04\/23\/ecoloxistas-en-accion-denuncia-que-o-proxecto-gs360-do-celta-segue-sendo-un-pelotazo-urbanistico-en-terreos-forestais\/#breadcrumb"},"inLanguage":"gl-ES","potentialAction":[{"@type":"ReadAction","target":["https:\/\/www.anovapeneira.gal\/index.php\/2025\/04\/23\/ecoloxistas-en-accion-denuncia-que-o-proxecto-gs360-do-celta-segue-sendo-un-pelotazo-urbanistico-en-terreos-forestais\/"]}]},{"@type":"ImageObject","inLanguage":"gl-ES","@id":"https:\/\/www.anovapeneira.gal\/index.php\/2025\/04\/23\/ecoloxistas-en-accion-denuncia-que-o-proxecto-gs360-do-celta-segue-sendo-un-pelotazo-urbanistico-en-terreos-forestais\/#primaryimage","url":"https:\/\/www.anovapeneira.gal\/wp-content\/uploads\/2025\/04\/celta_green_peace.jpg","contentUrl":"https:\/\/www.anovapeneira.gal\/wp-content\/uploads\/2025\/04\/celta_green_peace.jpg","width":720,"height":432,"caption":"Ecoloxistas en Acci\u00f3n denuncia que o proxecto GS360 do Celta segue sendo un pelotazo urban\u00edstico en terreos forestais"},{"@type":"BreadcrumbList","@id":"https:\/\/www.anovapeneira.gal\/index.php\/2025\/04\/23\/ecoloxistas-en-accion-denuncia-que-o-proxecto-gs360-do-celta-segue-sendo-un-pelotazo-urbanistico-en-terreos-forestais\/#breadcrumb","itemListElement":[{"@type":"ListItem","position":1,"name":"Portada","item":"https:\/\/www.anovapeneira.gal\/"},{"@type":"ListItem","position":2,"name":"Ecoloxistas en Acci\u00f3n denuncia que o proxecto GS360 do Celta segue sendo un pelotazo urban\u00edstico en terreos forestais"}]},{"@type":"WebSite","@id":"https:\/\/www.anovapeneira.gal\/#website","url":"https:\/\/www.anovapeneira.gal\/","name":"","description":"Xornal galego de informaci\u00f3n xeral Publicaci\u00f3n mensual de novas de Galicia e en especial dos Concellos da sur da provincia de Pontevedra.","publisher":{"@id":"https:\/\/www.anovapeneira.gal\/#organization"},"potentialAction":[{"@type":"SearchAction","target":{"@type":"EntryPoint","urlTemplate":"https:\/\/www.anovapeneira.gal\/?s={search_term_string}"},"query-input":{"@type":"PropertyValueSpecification","valueRequired":true,"valueName":"search_term_string"}}],"inLanguage":"gl-ES"},{"@type":"Organization","@id":"https:\/\/www.anovapeneira.gal\/#organization","name":"A Nova Peneira","url":"https:\/\/www.anovapeneira.gal\/","logo":{"@type":"ImageObject","inLanguage":"gl-ES","@id":"https:\/\/www.anovapeneira.gal\/#\/schema\/logo\/image\/","url":"http:\/\/www.anovapeneira.gal\/wp-content\/uploads\/2019\/06\/logo_a_nova_peneira_portal_web.png","contentUrl":"http:\/\/www.anovapeneira.gal\/wp-content\/uploads\/2019\/06\/logo_a_nova_peneira_portal_web.png","width":300,"height":100,"caption":"A Nova Peneira"},"image":{"@id":"https:\/\/www.anovapeneira.gal\/#\/schema\/logo\/image\/"},"sameAs":["https:\/\/www.facebook.com\/anovapeneira","https:\/\/x.com\/APeneira"]},{"@type":"Person","@id":"https:\/\/www.anovapeneira.gal\/#\/schema\/person\/b93e3f8932e3f8da96334607eb6ac6aa","name":"Redacci\u00f3n A Nova Peneira","image":{"@type":"ImageObject","inLanguage":"gl-ES","@id":"https:\/\/secure.gravatar.com\/avatar\/c052a2551a06e23fac63626232eaa90abd78dbcf1700fc46a2b2c89fd27b735f?s=96&d=mm&r=g","url":"https:\/\/secure.gravatar.com\/avatar\/c052a2551a06e23fac63626232eaa90abd78dbcf1700fc46a2b2c89fd27b735f?s=96&d=mm&r=g","contentUrl":"https:\/\/secure.gravatar.com\/avatar\/c052a2551a06e23fac63626232eaa90abd78dbcf1700fc46a2b2c89fd27b735f?s=96&d=mm&r=g","caption":"Redacci\u00f3n A Nova Peneira"},"sameAs":["http:\/\/www.anovapeneira.gal\/"],"url":"https:\/\/www.anovapeneira.gal\/index.php\/author\/redactor\/"}]}},"jetpack_featured_media_url":"https:\/\/www.anovapeneira.gal\/wp-content\/uploads\/2025\/04\/celta_green_peace.jpg","_links":{"self":[{"href":"https:\/\/www.anovapeneira.gal\/index.php\/wp-json\/wp\/v2\/posts\/13756","targetHints":{"allow":["GET"]}}],"collection":[{"href":"https:\/\/www.anovapeneira.gal\/index.php\/wp-json\/wp\/v2\/posts"}],"about":[{"href":"https:\/\/www.anovapeneira.gal\/index.php\/wp-json\/wp\/v2\/types\/post"}],"author":[{"embeddable":true,"href":"https:\/\/www.anovapeneira.gal\/index.php\/wp-json\/wp\/v2\/users\/3"}],"replies":[{"embeddable":true,"href":"https:\/\/www.anovapeneira.gal\/index.php\/wp-json\/wp\/v2\/comments?post=13756"}],"version-history":[{"count":2,"href":"https:\/\/www.anovapeneira.gal\/index.php\/wp-json\/wp\/v2\/posts\/13756\/revisions"}],"predecessor-version":[{"id":13759,"href":"https:\/\/www.anovapeneira.gal\/index.php\/wp-json\/wp\/v2\/posts\/13756\/revisions\/13759"}],"wp:featuredmedia":[{"embeddable":true,"href":"https:\/\/www.anovapeneira.gal\/index.php\/wp-json\/wp\/v2\/media\/13758"}],"wp:attachment":[{"href":"https:\/\/www.anovapeneira.gal\/index.php\/wp-json\/wp\/v2\/media?parent=13756"}],"wp:term":[{"taxonomy":"category","embeddable":true,"href":"https:\/\/www.anovapeneira.gal\/index.php\/wp-json\/wp\/v2\/categories?post=13756"},{"taxonomy":"post_tag","embeddable":true,"href":"https:\/\/www.anovapeneira.gal\/index.php\/wp-json\/wp\/v2\/tags?post=13756"}],"curies":[{"name":"wp","href":"https:\/\/api.w.org\/{rel}","templated":true}]}}