{"id":13762,"date":"2025-04-24T12:00:23","date_gmt":"2025-04-24T10:00:23","guid":{"rendered":"https:\/\/www.anovapeneira.gal\/?p=13762"},"modified":"2025-04-22T09:35:50","modified_gmt":"2025-04-22T07:35:50","slug":"xornadas-da-memoria-en-salceda-de-caselas","status":"publish","type":"post","link":"https:\/\/www.anovapeneira.gal\/index.php\/2025\/04\/24\/xornadas-da-memoria-en-salceda-de-caselas\/","title":{"rendered":"Xornadas da memoria en Salceda de Caselas"},"content":{"rendered":"\n<pre class=\"wp-block-verse\"><strong>Helena Pousa<\/strong><\/pre>\n\n\n\n<p>\u00c9 complexo idear como achegar a Memoria Hist\u00f3rica ao p\u00fablico, concienciado ou non, pois \u00e9 un tema a\u00ednda non ben recibido en moitos ambientes. O franquismo permanece activo anos despois porque soubo inocular o medo e o silencio. E agora, como consecuencia, a desinformaci\u00f3n, o desleixo e o desinterese nos m\u00e1is novos. De a\u00ed que nas Xornadas da Memoria en Salceda de Caselas, organizadas pola Comisi\u00f3n pola Recuperaci\u00f3n da Memoria Hist\u00f3rica do Baixo Mi\u00f1o, O Condado e A Louri\u00f1a, cunha axuda do Ministerio de Memoria Democr\u00e1tica e a colaboraci\u00f3n do Concello, se quixesen ofrecer actividades variadas que puidesen reclamar a atenci\u00f3n de persoas de diferentes gustos e idades. E grazas a propor actividades diversas conseguimos a afluencia dun p\u00fablico variado que pululou por Salceda na fin de semana do 11 ao 13 de abril.<\/p>\n\n\n\n<p>O venres 11 inauguramos unha exposici\u00f3n que titulamos <em>Olladas apagadas.<\/em> O t\u00edtulo fai referencia \u00e1s v\u00edtimas asasinadas impunemente, que fecharon os seus ollos para sempre. En varios paneis pod\u00edanse ver cales eran os lugares m\u00e1is ferozmente castigados polos golpistas nas tres comarcas en que traballa a Comisi\u00f3n organizadora. Sobresaen con moito o n\u00famero de persoas mortas na Guarda, polo campo de concentraci\u00f3n, e Tui por ser cabeza do Partido xudicial. Mais tam\u00e9n aparec\u00edan moitas noutros lugares, o que nos permite falar sen d\u00fabidas de m\u00e1is de 650 persoas asasinadas. Unha cifra que supera en moito a barallada nas primeiras investigaci\u00f3ns feitas anos antes. Dado que se fac\u00eda en Salceda, hab\u00eda un panel dedicado \u00e1s 40 persoas mortas neste municipio, veci\u00f1os ou non. Os seus nomes \u00edan acompa\u00f1ados dalg\u00fan dato biogr\u00e1fico e da s\u00faa fotograf\u00eda se a tivermos Na exposici\u00f3n unicamente se expuxeron os datos validados e recadados polo historiador Xos\u00e9 Ram\u00f3n Paz Ant\u00f3n ao longo de moitos anos de investigaci\u00f3n, porque non se poden inclu\u00edr moitos outros ata que non estean ben confirmados.<\/p>\n\n\n\n<p>A seguir presentamos un v\u00eddeo sobre a exhumaci\u00f3n da fosa de Cabreira, feito grazas a colaboraci\u00f3n desinteresada de Santiago Baz Lomba. Nel resumimos o que aconteceu desde que se iniciaron os tr\u00e1mites para a posible intervenci\u00f3n de HISTAGRA ata chegar ao d\u00eda a d\u00eda da escavaci\u00f3n. No v\u00eddeo perc\u00edbese os nervios do p\u00fablico por comprobar que a documentaci\u00f3n oral, gardada pola xente de Cabreira desde hab\u00eda 89 anos, era certa. E a satisfacci\u00f3n de Anxo e Xaque de Salvaterra porque coa s\u00faa teimos\u00eda puidemos ir m\u00e1is al\u00e1 para que esta fosa non acabase, como en moitos outros casos, s\u00f3 en investigaci\u00f3ns documentais.<\/p>\n\n\n\n<p>No s\u00e1bado houbo charlas de persoas vindas de diferentes partes do Estado, escollidas adrede por teren que ver con dous dos temas centrais das Xornadas: as exhumaci\u00f3ns e a sinalizaci\u00f3n de Lugares de Memoria. Para o primeiro dos temas foron convidados dous especialistas de Valencia, Andrea Moreno e Tono Vizca\u00edno, que deixaron ao p\u00fablico abraiado coas magn\u00edficas explicaci\u00f3ns sobre a exposici\u00f3n ideada en Paterna, un municipio pr\u00f3ximo \u00e1 cidade de Valencia, con obxectos das exhumaci\u00f3ns dalgunhas das 150 fosas localizadas neste pequeno municipio co\u00f1ecido como o \u2018pared\u00f3n do terror\u2019.<\/p>\n\n\n\n<p>Respecto das fosas tam\u00e9n falou Gustavo Hervella de HISTAGRA, para explicar as fosas que exhumaron durante catro anos, de 2021 a 2024, en diferentes lugares de Galiza, entre as que est\u00e1n a de Vilagarc\u00eda, o Val en Nar\u00f3n, ou a de Cabreira e novembro de 2024.<\/p>\n\n\n\n<p>Outra tem\u00e1tica central destas xornadas xirou sobre como marcar os Lugares de Memoria. Os relatores convidados foron Pedro Rasc\u00f3n e Calros Solla. Pedro Rasc\u00f3n, da Asociaci\u00f3n de familiares de fusilados de Navarra (AFFNA36), explicounos que a Lei navarra, m\u00e1is ampla e progresista, permite marcar moitos lugares como espazos de memoria, como un reloxo onde se agochou un perseguido varios d\u00edas e as\u00ed logrou librarse da morte. E, por suposto, falounos do principal monumento memorial\u00edstico navarro, o <em><strong>Parque da Memoria<\/strong><\/em> de Sartaguda, un xard\u00edn en memoria das v\u00edtimas navarras asasinadas despois do 36, impulsado pola s\u00faa asociaci\u00f3n e a Asociaci\u00f3n del pueblo de las viudas de Sartaguda, nun terreo cedido polo Concello. Nun muro est\u00e1n escritos os nomes de todas as persoas asasinadas en Navarra tralo golpe militar e al\u00ed os familiares acoden a tocar cos seus dedos o nome do seu parente. A seguir, Calros Solla explicounos como comezaron nunha leira da s\u00faa propiedade en Meilide, Cerdedo, a render homenaxe \u00e1s v\u00edtimas do seu concello colocando unhas laudas esculpidas por Marcos Escudero, decoradas con alg\u00fan elemento que recorda a persoa falecida. A primeira delas foi en homenaxe ao poeta morto no exilio, Xos\u00e9 Otero Espasand\u00edn. Despois deles falou a alcaldesa Loli Casti\u00f1eira para presentar un futuro proxecto que pretende darlle m\u00e1is significaci\u00f3n e maior visibilidade \u00e1 Volta da Moura, en colaboraci\u00f3n cos concellos lim\u00edtrofes.<\/p>\n\n\n\n<figure class=\"wp-block-image size-large\"><img loading=\"lazy\" decoding=\"async\" width=\"1024\" height=\"682\" src=\"https:\/\/www.anovapeneira.gal\/wp-content\/uploads\/2025\/04\/imagen-1024x682.png\" alt=\"\" class=\"wp-image-13764\" srcset=\"https:\/\/www.anovapeneira.gal\/wp-content\/uploads\/2025\/04\/imagen-1024x682.png 1024w, https:\/\/www.anovapeneira.gal\/wp-content\/uploads\/2025\/04\/imagen-300x200.png 300w, https:\/\/www.anovapeneira.gal\/wp-content\/uploads\/2025\/04\/imagen-768x512.png 768w, https:\/\/www.anovapeneira.gal\/wp-content\/uploads\/2025\/04\/imagen.png 1463w\" sizes=\"auto, (max-width: 1024px) 100vw, 1024px\" \/><figcaption class=\"wp-element-caption\"><br><em>Calros Solla explica ode se lle ocorreu ubicar o Campo das laudas nunha leira s\u00faa, no concello de Cerdedo \/f. Demetrio Monteagudo<\/em><\/figcaption><\/figure>\n\n\n\n<figure class=\"wp-block-image size-large\"><img loading=\"lazy\" decoding=\"async\" width=\"1024\" height=\"460\" src=\"https:\/\/www.anovapeneira.gal\/wp-content\/uploads\/2025\/04\/imagen-1-1024x460.png\" alt=\"\" class=\"wp-image-13765\" srcset=\"https:\/\/www.anovapeneira.gal\/wp-content\/uploads\/2025\/04\/imagen-1-1024x460.png 1024w, https:\/\/www.anovapeneira.gal\/wp-content\/uploads\/2025\/04\/imagen-1-300x135.png 300w, https:\/\/www.anovapeneira.gal\/wp-content\/uploads\/2025\/04\/imagen-1-768x345.png 768w, https:\/\/www.anovapeneira.gal\/wp-content\/uploads\/2025\/04\/imagen-1-1536x690.png 1536w, https:\/\/www.anovapeneira.gal\/wp-content\/uploads\/2025\/04\/imagen-1.png 1600w\" sizes=\"auto, (max-width: 1024px) 100vw, 1024px\" \/><figcaption class=\"wp-element-caption\"><br><em>Na Volta da Moura Quico Paz Ant\u00f3n e unha familiar dun paseado explican o que aqu\u00ed pasou ao p\u00fablico<\/em><\/figcaption><\/figure>\n\n\n\n<p>O colof\u00f3n destas xornadas foi a estrea de <em>Con zocas non se pode fuxir<\/em>, obra teatral encargada \u00e1 escritora Raquel Castro. Foi, sen d\u00fabida, a actividade m\u00e1is visitada, porque o p\u00fablico encheu a rebentar o Auditorio Municipal. Convidamos a moitos familiares de Florentina Fern\u00e1ndez, que vi\u00f1eron de Mos e de Cesantes, e de Amador Rodr\u00edguez Solla, de Salceda. Foi o acto m\u00e1is emocionante e emotivo de todos, porque a estupenda actuaci\u00f3n de Ana San Fernando e Marcos Grandal e o texto de Raquel Castro chegaron ao coraz\u00f3n. Para moitos destes familiares foi un momento de catarse, de reparaci\u00f3n, tanto para a familia de Florentina, asasinada nos montes de Budi\u00f1o (Salceda) como para a familia de Amador. Unha das fillas de Amador mostroulle ao p\u00fablico unha talli\u00f1a feita polo seu pai cos \u00f3sos que lle daban as monxas cando estivo encarcerado en Pamplona, e que ela conserva como un tesouro.<\/p>\n\n\n\n<figure class=\"wp-block-image size-large\"><img loading=\"lazy\" decoding=\"async\" width=\"711\" height=\"1024\" src=\"https:\/\/www.anovapeneira.gal\/wp-content\/uploads\/2025\/04\/imagen-2-711x1024.png\" alt=\"\" class=\"wp-image-13766\" srcset=\"https:\/\/www.anovapeneira.gal\/wp-content\/uploads\/2025\/04\/imagen-2-711x1024.png 711w, https:\/\/www.anovapeneira.gal\/wp-content\/uploads\/2025\/04\/imagen-2-208x300.png 208w, https:\/\/www.anovapeneira.gal\/wp-content\/uploads\/2025\/04\/imagen-2-768x1106.png 768w, https:\/\/www.anovapeneira.gal\/wp-content\/uploads\/2025\/04\/imagen-2.png 773w\" sizes=\"auto, (max-width: 711px) 100vw, 711px\" \/><figcaption class=\"wp-element-caption\"><em>Raquel Castro con actores e familiares dos protagonistas de Con zocas non se pode fuxir<\/em><\/figcaption><\/figure>\n\n\n\n<p>E para finalizar, o domingo elaboramos un roteiro pola senda do Caselas con explicaci\u00f3ns do gu\u00eda m\u00e1is informado da historia de Salceda, Marcos Besada. Fixemos unha fermosa cami\u00f1ada ata o lugar onde se ergeu o monumento aos canteiros da Pico\u00f1a, obra de Manolo Sestelo.<\/p>\n","protected":false},"excerpt":{"rendered":"<div class=\"mh-excerpt\"><p>Helena Pousa \u00c9 complexo idear como achegar a Memoria Hist\u00f3rica ao p\u00fablico, concienciado ou non, pois \u00e9 un tema a\u00ednda non ben recibido en moitos ambientes. O franquismo permanece activo anos despois porque soubo inocular <a class=\"mh-excerpt-more\" href=\"https:\/\/www.anovapeneira.gal\/index.php\/2025\/04\/24\/xornadas-da-memoria-en-salceda-de-caselas\/\" title=\"Xornadas da memoria en Salceda de Caselas\">[&#8230;]<\/a><\/p>\n<\/div>","protected":false},"author":3,"featured_media":13767,"comment_status":"open","ping_status":"open","sticky":false,"template":"","format":"standard","meta":{"_exactmetrics_skip_tracking":false,"_exactmetrics_sitenote_active":false,"_exactmetrics_sitenote_note":"","_exactmetrics_sitenote_category":0,"footnotes":""},"categories":[490],"tags":[1307],"class_list":{"0":"post-13762","1":"post","2":"type-post","3":"status-publish","4":"format-standard","5":"has-post-thumbnail","7":"category-a-lourina-reportaxes","8":"tag-concello-de-salceda"},"yoast_head":"<!-- This site is optimized with the Yoast SEO plugin v27.4 - https:\/\/yoast.com\/product\/yoast-seo-wordpress\/ -->\n<title>Xornadas da memoria en Salceda de Caselas -<\/title>\n<meta name=\"robots\" content=\"index, follow, max-snippet:-1, max-image-preview:large, max-video-preview:-1\" \/>\n<link rel=\"canonical\" href=\"https:\/\/www.anovapeneira.gal\/index.php\/2025\/04\/24\/xornadas-da-memoria-en-salceda-de-caselas\/\" \/>\n<meta property=\"og:locale\" content=\"gl_ES\" \/>\n<meta property=\"og:type\" content=\"article\" \/>\n<meta property=\"og:title\" content=\"Xornadas da memoria en Salceda de Caselas -\" \/>\n<meta property=\"og:description\" content=\"Helena Pousa \u00c9 complexo idear como achegar a Memoria Hist\u00f3rica ao p\u00fablico, concienciado ou non, pois \u00e9 un tema a\u00ednda non ben recibido en moitos ambientes. O franquismo permanece activo anos despois porque soubo inocular [...]\" \/>\n<meta property=\"og:url\" content=\"https:\/\/www.anovapeneira.gal\/index.php\/2025\/04\/24\/xornadas-da-memoria-en-salceda-de-caselas\/\" \/>\n<meta property=\"article:publisher\" content=\"https:\/\/www.facebook.com\/anovapeneira\" \/>\n<meta property=\"article:published_time\" content=\"2025-04-24T10:00:23+00:00\" \/>\n<meta property=\"og:image\" content=\"https:\/\/www.anovapeneira.gal\/wp-content\/uploads\/2025\/04\/memoria_historica_salceda.jpg\" \/>\n\t<meta property=\"og:image:width\" content=\"720\" \/>\n\t<meta property=\"og:image:height\" content=\"432\" \/>\n\t<meta property=\"og:image:type\" content=\"image\/jpeg\" \/>\n<meta name=\"author\" content=\"Redacci\u00f3n A Nova Peneira\" \/>\n<meta name=\"twitter:card\" content=\"summary_large_image\" \/>\n<meta name=\"twitter:creator\" content=\"@APeneira\" \/>\n<meta name=\"twitter:site\" content=\"@APeneira\" \/>\n<meta name=\"twitter:label1\" content=\"Escrito por\" \/>\n\t<meta name=\"twitter:data1\" content=\"Redacci\u00f3n A Nova Peneira\" \/>\n\t<meta name=\"twitter:label2\" content=\"Tempo de lectura\" \/>\n\t<meta name=\"twitter:data2\" content=\"7 minutos\" \/>\n<script type=\"application\/ld+json\" class=\"yoast-schema-graph\">{\"@context\":\"https:\\\/\\\/schema.org\",\"@graph\":[{\"@type\":\"Article\",\"@id\":\"https:\\\/\\\/www.anovapeneira.gal\\\/index.php\\\/2025\\\/04\\\/24\\\/xornadas-da-memoria-en-salceda-de-caselas\\\/#article\",\"isPartOf\":{\"@id\":\"https:\\\/\\\/www.anovapeneira.gal\\\/index.php\\\/2025\\\/04\\\/24\\\/xornadas-da-memoria-en-salceda-de-caselas\\\/\"},\"author\":{\"name\":\"Redacci\u00f3n A Nova Peneira\",\"@id\":\"https:\\\/\\\/www.anovapeneira.gal\\\/#\\\/schema\\\/person\\\/b93e3f8932e3f8da96334607eb6ac6aa\"},\"headline\":\"Xornadas da memoria en Salceda de Caselas\",\"datePublished\":\"2025-04-24T10:00:23+00:00\",\"mainEntityOfPage\":{\"@id\":\"https:\\\/\\\/www.anovapeneira.gal\\\/index.php\\\/2025\\\/04\\\/24\\\/xornadas-da-memoria-en-salceda-de-caselas\\\/\"},\"wordCount\":1126,\"commentCount\":0,\"publisher\":{\"@id\":\"https:\\\/\\\/www.anovapeneira.gal\\\/#organization\"},\"image\":{\"@id\":\"https:\\\/\\\/www.anovapeneira.gal\\\/index.php\\\/2025\\\/04\\\/24\\\/xornadas-da-memoria-en-salceda-de-caselas\\\/#primaryimage\"},\"thumbnailUrl\":\"https:\\\/\\\/www.anovapeneira.gal\\\/wp-content\\\/uploads\\\/2025\\\/04\\\/memoria_historica_salceda.jpg\",\"keywords\":[\"Concello de Salceda\"],\"articleSection\":[\"A Louri\u00f1a\"],\"inLanguage\":\"gl-ES\",\"potentialAction\":[{\"@type\":\"CommentAction\",\"name\":\"Comment\",\"target\":[\"https:\\\/\\\/www.anovapeneira.gal\\\/index.php\\\/2025\\\/04\\\/24\\\/xornadas-da-memoria-en-salceda-de-caselas\\\/#respond\"]}]},{\"@type\":\"WebPage\",\"@id\":\"https:\\\/\\\/www.anovapeneira.gal\\\/index.php\\\/2025\\\/04\\\/24\\\/xornadas-da-memoria-en-salceda-de-caselas\\\/\",\"url\":\"https:\\\/\\\/www.anovapeneira.gal\\\/index.php\\\/2025\\\/04\\\/24\\\/xornadas-da-memoria-en-salceda-de-caselas\\\/\",\"name\":\"Xornadas da memoria en Salceda de Caselas -\",\"isPartOf\":{\"@id\":\"https:\\\/\\\/www.anovapeneira.gal\\\/#website\"},\"primaryImageOfPage\":{\"@id\":\"https:\\\/\\\/www.anovapeneira.gal\\\/index.php\\\/2025\\\/04\\\/24\\\/xornadas-da-memoria-en-salceda-de-caselas\\\/#primaryimage\"},\"image\":{\"@id\":\"https:\\\/\\\/www.anovapeneira.gal\\\/index.php\\\/2025\\\/04\\\/24\\\/xornadas-da-memoria-en-salceda-de-caselas\\\/#primaryimage\"},\"thumbnailUrl\":\"https:\\\/\\\/www.anovapeneira.gal\\\/wp-content\\\/uploads\\\/2025\\\/04\\\/memoria_historica_salceda.jpg\",\"datePublished\":\"2025-04-24T10:00:23+00:00\",\"breadcrumb\":{\"@id\":\"https:\\\/\\\/www.anovapeneira.gal\\\/index.php\\\/2025\\\/04\\\/24\\\/xornadas-da-memoria-en-salceda-de-caselas\\\/#breadcrumb\"},\"inLanguage\":\"gl-ES\",\"potentialAction\":[{\"@type\":\"ReadAction\",\"target\":[\"https:\\\/\\\/www.anovapeneira.gal\\\/index.php\\\/2025\\\/04\\\/24\\\/xornadas-da-memoria-en-salceda-de-caselas\\\/\"]}]},{\"@type\":\"ImageObject\",\"inLanguage\":\"gl-ES\",\"@id\":\"https:\\\/\\\/www.anovapeneira.gal\\\/index.php\\\/2025\\\/04\\\/24\\\/xornadas-da-memoria-en-salceda-de-caselas\\\/#primaryimage\",\"url\":\"https:\\\/\\\/www.anovapeneira.gal\\\/wp-content\\\/uploads\\\/2025\\\/04\\\/memoria_historica_salceda.jpg\",\"contentUrl\":\"https:\\\/\\\/www.anovapeneira.gal\\\/wp-content\\\/uploads\\\/2025\\\/04\\\/memoria_historica_salceda.jpg\",\"width\":720,\"height\":432,\"caption\":\"Andrea Moreno e Tono Vizca\u00edno mostran alg\u00fans dos obxectos que o enterrador gardou en Paterna para entregar \u00e1 familia \\\/F Demetrio Monteagudo\"},{\"@type\":\"BreadcrumbList\",\"@id\":\"https:\\\/\\\/www.anovapeneira.gal\\\/index.php\\\/2025\\\/04\\\/24\\\/xornadas-da-memoria-en-salceda-de-caselas\\\/#breadcrumb\",\"itemListElement\":[{\"@type\":\"ListItem\",\"position\":1,\"name\":\"Portada\",\"item\":\"https:\\\/\\\/www.anovapeneira.gal\\\/\"},{\"@type\":\"ListItem\",\"position\":2,\"name\":\"Xornadas da memoria en Salceda de Caselas\"}]},{\"@type\":\"WebSite\",\"@id\":\"https:\\\/\\\/www.anovapeneira.gal\\\/#website\",\"url\":\"https:\\\/\\\/www.anovapeneira.gal\\\/\",\"name\":\"\",\"description\":\"Xornal galego de informaci\u00f3n xeral Publicaci\u00f3n mensual de novas de Galicia e en especial dos Concellos da sur da provincia de Pontevedra.\",\"publisher\":{\"@id\":\"https:\\\/\\\/www.anovapeneira.gal\\\/#organization\"},\"potentialAction\":[{\"@type\":\"SearchAction\",\"target\":{\"@type\":\"EntryPoint\",\"urlTemplate\":\"https:\\\/\\\/www.anovapeneira.gal\\\/?s={search_term_string}\"},\"query-input\":{\"@type\":\"PropertyValueSpecification\",\"valueRequired\":true,\"valueName\":\"search_term_string\"}}],\"inLanguage\":\"gl-ES\"},{\"@type\":\"Organization\",\"@id\":\"https:\\\/\\\/www.anovapeneira.gal\\\/#organization\",\"name\":\"A Nova Peneira\",\"url\":\"https:\\\/\\\/www.anovapeneira.gal\\\/\",\"logo\":{\"@type\":\"ImageObject\",\"inLanguage\":\"gl-ES\",\"@id\":\"https:\\\/\\\/www.anovapeneira.gal\\\/#\\\/schema\\\/logo\\\/image\\\/\",\"url\":\"http:\\\/\\\/www.anovapeneira.gal\\\/wp-content\\\/uploads\\\/2019\\\/06\\\/logo_a_nova_peneira_portal_web.png\",\"contentUrl\":\"http:\\\/\\\/www.anovapeneira.gal\\\/wp-content\\\/uploads\\\/2019\\\/06\\\/logo_a_nova_peneira_portal_web.png\",\"width\":300,\"height\":100,\"caption\":\"A Nova Peneira\"},\"image\":{\"@id\":\"https:\\\/\\\/www.anovapeneira.gal\\\/#\\\/schema\\\/logo\\\/image\\\/\"},\"sameAs\":[\"https:\\\/\\\/www.facebook.com\\\/anovapeneira\",\"https:\\\/\\\/x.com\\\/APeneira\"]},{\"@type\":\"Person\",\"@id\":\"https:\\\/\\\/www.anovapeneira.gal\\\/#\\\/schema\\\/person\\\/b93e3f8932e3f8da96334607eb6ac6aa\",\"name\":\"Redacci\u00f3n A Nova Peneira\",\"image\":{\"@type\":\"ImageObject\",\"inLanguage\":\"gl-ES\",\"@id\":\"https:\\\/\\\/secure.gravatar.com\\\/avatar\\\/c052a2551a06e23fac63626232eaa90abd78dbcf1700fc46a2b2c89fd27b735f?s=96&d=mm&r=g\",\"url\":\"https:\\\/\\\/secure.gravatar.com\\\/avatar\\\/c052a2551a06e23fac63626232eaa90abd78dbcf1700fc46a2b2c89fd27b735f?s=96&d=mm&r=g\",\"contentUrl\":\"https:\\\/\\\/secure.gravatar.com\\\/avatar\\\/c052a2551a06e23fac63626232eaa90abd78dbcf1700fc46a2b2c89fd27b735f?s=96&d=mm&r=g\",\"caption\":\"Redacci\u00f3n A Nova Peneira\"},\"sameAs\":[\"http:\\\/\\\/www.anovapeneira.gal\\\/\"],\"url\":\"https:\\\/\\\/www.anovapeneira.gal\\\/index.php\\\/author\\\/redactor\\\/\"}]}<\/script>\n<!-- \/ Yoast SEO plugin. -->","yoast_head_json":{"title":"Xornadas da memoria en Salceda de Caselas -","robots":{"index":"index","follow":"follow","max-snippet":"max-snippet:-1","max-image-preview":"max-image-preview:large","max-video-preview":"max-video-preview:-1"},"canonical":"https:\/\/www.anovapeneira.gal\/index.php\/2025\/04\/24\/xornadas-da-memoria-en-salceda-de-caselas\/","og_locale":"gl_ES","og_type":"article","og_title":"Xornadas da memoria en Salceda de Caselas -","og_description":"Helena Pousa \u00c9 complexo idear como achegar a Memoria Hist\u00f3rica ao p\u00fablico, concienciado ou non, pois \u00e9 un tema a\u00ednda non ben recibido en moitos ambientes. O franquismo permanece activo anos despois porque soubo inocular [...]","og_url":"https:\/\/www.anovapeneira.gal\/index.php\/2025\/04\/24\/xornadas-da-memoria-en-salceda-de-caselas\/","article_publisher":"https:\/\/www.facebook.com\/anovapeneira","article_published_time":"2025-04-24T10:00:23+00:00","og_image":[{"width":720,"height":432,"url":"https:\/\/www.anovapeneira.gal\/wp-content\/uploads\/2025\/04\/memoria_historica_salceda.jpg","type":"image\/jpeg"}],"author":"Redacci\u00f3n A Nova Peneira","twitter_card":"summary_large_image","twitter_creator":"@APeneira","twitter_site":"@APeneira","twitter_misc":{"Escrito por":"Redacci\u00f3n A Nova Peneira","Tempo de lectura":"7 minutos"},"schema":{"@context":"https:\/\/schema.org","@graph":[{"@type":"Article","@id":"https:\/\/www.anovapeneira.gal\/index.php\/2025\/04\/24\/xornadas-da-memoria-en-salceda-de-caselas\/#article","isPartOf":{"@id":"https:\/\/www.anovapeneira.gal\/index.php\/2025\/04\/24\/xornadas-da-memoria-en-salceda-de-caselas\/"},"author":{"name":"Redacci\u00f3n A Nova Peneira","@id":"https:\/\/www.anovapeneira.gal\/#\/schema\/person\/b93e3f8932e3f8da96334607eb6ac6aa"},"headline":"Xornadas da memoria en Salceda de Caselas","datePublished":"2025-04-24T10:00:23+00:00","mainEntityOfPage":{"@id":"https:\/\/www.anovapeneira.gal\/index.php\/2025\/04\/24\/xornadas-da-memoria-en-salceda-de-caselas\/"},"wordCount":1126,"commentCount":0,"publisher":{"@id":"https:\/\/www.anovapeneira.gal\/#organization"},"image":{"@id":"https:\/\/www.anovapeneira.gal\/index.php\/2025\/04\/24\/xornadas-da-memoria-en-salceda-de-caselas\/#primaryimage"},"thumbnailUrl":"https:\/\/www.anovapeneira.gal\/wp-content\/uploads\/2025\/04\/memoria_historica_salceda.jpg","keywords":["Concello de Salceda"],"articleSection":["A Louri\u00f1a"],"inLanguage":"gl-ES","potentialAction":[{"@type":"CommentAction","name":"Comment","target":["https:\/\/www.anovapeneira.gal\/index.php\/2025\/04\/24\/xornadas-da-memoria-en-salceda-de-caselas\/#respond"]}]},{"@type":"WebPage","@id":"https:\/\/www.anovapeneira.gal\/index.php\/2025\/04\/24\/xornadas-da-memoria-en-salceda-de-caselas\/","url":"https:\/\/www.anovapeneira.gal\/index.php\/2025\/04\/24\/xornadas-da-memoria-en-salceda-de-caselas\/","name":"Xornadas da memoria en Salceda de Caselas -","isPartOf":{"@id":"https:\/\/www.anovapeneira.gal\/#website"},"primaryImageOfPage":{"@id":"https:\/\/www.anovapeneira.gal\/index.php\/2025\/04\/24\/xornadas-da-memoria-en-salceda-de-caselas\/#primaryimage"},"image":{"@id":"https:\/\/www.anovapeneira.gal\/index.php\/2025\/04\/24\/xornadas-da-memoria-en-salceda-de-caselas\/#primaryimage"},"thumbnailUrl":"https:\/\/www.anovapeneira.gal\/wp-content\/uploads\/2025\/04\/memoria_historica_salceda.jpg","datePublished":"2025-04-24T10:00:23+00:00","breadcrumb":{"@id":"https:\/\/www.anovapeneira.gal\/index.php\/2025\/04\/24\/xornadas-da-memoria-en-salceda-de-caselas\/#breadcrumb"},"inLanguage":"gl-ES","potentialAction":[{"@type":"ReadAction","target":["https:\/\/www.anovapeneira.gal\/index.php\/2025\/04\/24\/xornadas-da-memoria-en-salceda-de-caselas\/"]}]},{"@type":"ImageObject","inLanguage":"gl-ES","@id":"https:\/\/www.anovapeneira.gal\/index.php\/2025\/04\/24\/xornadas-da-memoria-en-salceda-de-caselas\/#primaryimage","url":"https:\/\/www.anovapeneira.gal\/wp-content\/uploads\/2025\/04\/memoria_historica_salceda.jpg","contentUrl":"https:\/\/www.anovapeneira.gal\/wp-content\/uploads\/2025\/04\/memoria_historica_salceda.jpg","width":720,"height":432,"caption":"Andrea Moreno e Tono Vizca\u00edno mostran alg\u00fans dos obxectos que o enterrador gardou en Paterna para entregar \u00e1 familia \/F Demetrio Monteagudo"},{"@type":"BreadcrumbList","@id":"https:\/\/www.anovapeneira.gal\/index.php\/2025\/04\/24\/xornadas-da-memoria-en-salceda-de-caselas\/#breadcrumb","itemListElement":[{"@type":"ListItem","position":1,"name":"Portada","item":"https:\/\/www.anovapeneira.gal\/"},{"@type":"ListItem","position":2,"name":"Xornadas da memoria en Salceda de Caselas"}]},{"@type":"WebSite","@id":"https:\/\/www.anovapeneira.gal\/#website","url":"https:\/\/www.anovapeneira.gal\/","name":"","description":"Xornal galego de informaci\u00f3n xeral Publicaci\u00f3n mensual de novas de Galicia e en especial dos Concellos da sur da provincia de Pontevedra.","publisher":{"@id":"https:\/\/www.anovapeneira.gal\/#organization"},"potentialAction":[{"@type":"SearchAction","target":{"@type":"EntryPoint","urlTemplate":"https:\/\/www.anovapeneira.gal\/?s={search_term_string}"},"query-input":{"@type":"PropertyValueSpecification","valueRequired":true,"valueName":"search_term_string"}}],"inLanguage":"gl-ES"},{"@type":"Organization","@id":"https:\/\/www.anovapeneira.gal\/#organization","name":"A Nova Peneira","url":"https:\/\/www.anovapeneira.gal\/","logo":{"@type":"ImageObject","inLanguage":"gl-ES","@id":"https:\/\/www.anovapeneira.gal\/#\/schema\/logo\/image\/","url":"http:\/\/www.anovapeneira.gal\/wp-content\/uploads\/2019\/06\/logo_a_nova_peneira_portal_web.png","contentUrl":"http:\/\/www.anovapeneira.gal\/wp-content\/uploads\/2019\/06\/logo_a_nova_peneira_portal_web.png","width":300,"height":100,"caption":"A Nova Peneira"},"image":{"@id":"https:\/\/www.anovapeneira.gal\/#\/schema\/logo\/image\/"},"sameAs":["https:\/\/www.facebook.com\/anovapeneira","https:\/\/x.com\/APeneira"]},{"@type":"Person","@id":"https:\/\/www.anovapeneira.gal\/#\/schema\/person\/b93e3f8932e3f8da96334607eb6ac6aa","name":"Redacci\u00f3n A Nova Peneira","image":{"@type":"ImageObject","inLanguage":"gl-ES","@id":"https:\/\/secure.gravatar.com\/avatar\/c052a2551a06e23fac63626232eaa90abd78dbcf1700fc46a2b2c89fd27b735f?s=96&d=mm&r=g","url":"https:\/\/secure.gravatar.com\/avatar\/c052a2551a06e23fac63626232eaa90abd78dbcf1700fc46a2b2c89fd27b735f?s=96&d=mm&r=g","contentUrl":"https:\/\/secure.gravatar.com\/avatar\/c052a2551a06e23fac63626232eaa90abd78dbcf1700fc46a2b2c89fd27b735f?s=96&d=mm&r=g","caption":"Redacci\u00f3n A Nova Peneira"},"sameAs":["http:\/\/www.anovapeneira.gal\/"],"url":"https:\/\/www.anovapeneira.gal\/index.php\/author\/redactor\/"}]}},"jetpack_featured_media_url":"https:\/\/www.anovapeneira.gal\/wp-content\/uploads\/2025\/04\/memoria_historica_salceda.jpg","_links":{"self":[{"href":"https:\/\/www.anovapeneira.gal\/index.php\/wp-json\/wp\/v2\/posts\/13762","targetHints":{"allow":["GET"]}}],"collection":[{"href":"https:\/\/www.anovapeneira.gal\/index.php\/wp-json\/wp\/v2\/posts"}],"about":[{"href":"https:\/\/www.anovapeneira.gal\/index.php\/wp-json\/wp\/v2\/types\/post"}],"author":[{"embeddable":true,"href":"https:\/\/www.anovapeneira.gal\/index.php\/wp-json\/wp\/v2\/users\/3"}],"replies":[{"embeddable":true,"href":"https:\/\/www.anovapeneira.gal\/index.php\/wp-json\/wp\/v2\/comments?post=13762"}],"version-history":[{"count":2,"href":"https:\/\/www.anovapeneira.gal\/index.php\/wp-json\/wp\/v2\/posts\/13762\/revisions"}],"predecessor-version":[{"id":13770,"href":"https:\/\/www.anovapeneira.gal\/index.php\/wp-json\/wp\/v2\/posts\/13762\/revisions\/13770"}],"wp:featuredmedia":[{"embeddable":true,"href":"https:\/\/www.anovapeneira.gal\/index.php\/wp-json\/wp\/v2\/media\/13767"}],"wp:attachment":[{"href":"https:\/\/www.anovapeneira.gal\/index.php\/wp-json\/wp\/v2\/media?parent=13762"}],"wp:term":[{"taxonomy":"category","embeddable":true,"href":"https:\/\/www.anovapeneira.gal\/index.php\/wp-json\/wp\/v2\/categories?post=13762"},{"taxonomy":"post_tag","embeddable":true,"href":"https:\/\/www.anovapeneira.gal\/index.php\/wp-json\/wp\/v2\/tags?post=13762"}],"curies":[{"name":"wp","href":"https:\/\/api.w.org\/{rel}","templated":true}]}}