{"id":13771,"date":"2025-04-25T12:00:28","date_gmt":"2025-04-25T10:00:28","guid":{"rendered":"https:\/\/www.anovapeneira.gal\/?p=13771"},"modified":"2025-04-22T11:46:49","modified_gmt":"2025-04-22T09:46:49","slug":"globalizacion-e-novas-cidadanias","status":"publish","type":"post","link":"https:\/\/www.anovapeneira.gal\/index.php\/2025\/04\/25\/globalizacion-e-novas-cidadanias\/","title":{"rendered":"Globalizaci\u00f3n e novas cidadan\u00edas"},"content":{"rendered":"\n<figure class=\"wp-block-image size-large is-resized\"><img loading=\"lazy\" decoding=\"async\" width=\"818\" height=\"1024\" src=\"https:\/\/www.anovapeneira.gal\/wp-content\/uploads\/2024\/08\/oscar_lomba2-818x1024.jpg\" alt=\"\" class=\"wp-image-12311\" style=\"width:77px;height:auto\" srcset=\"https:\/\/www.anovapeneira.gal\/wp-content\/uploads\/2024\/08\/oscar_lomba2-818x1024.jpg 818w, https:\/\/www.anovapeneira.gal\/wp-content\/uploads\/2024\/08\/oscar_lomba2-240x300.jpg 240w, https:\/\/www.anovapeneira.gal\/wp-content\/uploads\/2024\/08\/oscar_lomba2-768x961.jpg 768w, https:\/\/www.anovapeneira.gal\/wp-content\/uploads\/2024\/08\/oscar_lomba2-1228x1536.jpg 1228w, https:\/\/www.anovapeneira.gal\/wp-content\/uploads\/2024\/08\/oscar_lomba2.jpg 1242w\" sizes=\"auto, (max-width: 818px) 100vw, 818px\" \/><\/figure>\n\n\n\n<pre class=\"wp-block-verse\">\u00d3scar Lomba<\/pre>\n\n\n\n<p>Nunha sociedade marcada pola mobilidade global, os Estados-naci\u00f3n enfr\u00f3ntase a unha contradici\u00f3n estrutural: mentres as persoas cruzan fronteiras na procura de dignidade, as estruturas legais e simb\u00f3licas seguen defendendo fronteiras de exclusi\u00f3n. O estado espa\u00f1ol, como moitos outros estados do sur de Europa, converteuse nun espazo receptor de migraci\u00f3ns diversas, e con iso, nun escenario de transformaci\u00f3n silenciosa. Mais a presenza crecente dos chamados \u201cnovos cidad\u00e1ns\u201d non garante, por si soa, a s\u00faa integraci\u00f3n efectiva nin a s\u00faa influencia real no dese\u00f1o da vida colectiva.<\/p>\n\n\n\n<p>O termo \u201cnovo cidad\u00e1n\u201d oculta, en moitos casos, un paradoxo: a condici\u00f3n formal de cidadan\u00eda non implica necesariamente unha pertenza real ao corpo pol\u00edtico. Acceder \u00e1 nacionalidade pode ser, e con frecuencia \u00e9, un proceso longo, desigual e condicionado por criterios hist\u00f3ricos e coloniais. Por\u00e9n mesmo aqueles que obtiveron o DNI espa\u00f1ol seguen atopando barreiras invis\u00edbeis para exercer plenamente os seus dereitos pol\u00edticos e sociais. A participaci\u00f3n electoral, por exemplo, vese limitada por factores como a desinformaci\u00f3n, a desconfianza no sistema ou a falta de representaci\u00f3n nos partidos tradicionais. A democracia representativa presume de universalidade, mais est\u00e1 constru\u00edda sobre exclusi\u00f3ns selectivas. Quen ten dereito a decidir? Quen aparece nas campa\u00f1as electorais como interlocutor lex\u00edtimo? Os partidos pol\u00edticos, en moitos casos, seguen operando con marcos nacionais exclu\u00edntes, onde o suxeito pol\u00edtico \u201clex\u00edtimo\u201d contin\u00faa sendo home, branco, aut\u00f3ctono e de clase media.<\/p>\n\n\n\n<p>No terreo econ\u00f3mico, a narrativa oficial tende a presentar aos inmigrantes como forza de traballo \u00fatil, mesmo imprescind\u00edbel, para manter sectores produtivos que a poboaci\u00f3n aut\u00f3ctona abandona: coidados, hostaler\u00eda, agricultura\u2026 Por\u00e9n esta \u201cutilidade econ\u00f3mica\u201d non se traduce en reco\u00f1ecemento social nin en dereitos laborais garantidos. Ao contrario: a econom\u00eda espa\u00f1ola sostense, en boa parte, sobre o traballo precario e mal remunerado dunha man de obra racializada, moitas veces sen contrato e sen protecci\u00f3n legal efectiva. A contribuci\u00f3n econ\u00f3mica dos novos cidad\u00e1ns \u00e9, pois, unha contribuci\u00f3n invisibilizada ou instrumentalizada. Celebramos a s\u00faa presenza cando conv\u00e9n ao mercado, mais silenciamos as s\u00faas demandas cando po\u00f1en en cuesti\u00f3n o statu quo. Esta l\u00f3xica utilitarista perpet\u00faa unha desigualdade estrutural, xa que o suxeito migrante \u00e9 benvido como traballador, por\u00e9n non como cidad\u00e1n pleno.<\/p>\n\n\n\n<p>A integraci\u00f3n, termo amplamente utilizado no discurso pol\u00edtico, adoita formularse como un proceso unilateral: os que chegan deben adaptarse, aprender, asimilar. Por\u00e9n rara vez se formula como un proceso bidireccional, onde a sociedade receptora tam\u00e9n se transforma, se cuestiona e se reconfigura. A diversidade cultural, en lugar de ser reco\u00f1ecida como un valor democr\u00e1tico, \u00e9 frecuentemente tratada como problema a xestionar ou risco a neutralizar. As linguas, as pr\u00e1cticas relixiosas, os corpos e as facianas que non encaixan no modelo normativo da identidade nacional e cultural, seguen sendo obxecto de sospeita. A islamofobia, o racismo institucional, o clasismo e a violencia simb\u00f3lica constit\u00faen mecanismos permanentes de exclusi\u00f3n, mesmo cando non son expl\u00edcitos. O multiculturalismo sen equidade conv\u00e9rtese nun decorado hip\u00f3crita, que oculta a persistencia dunha l\u00f3xica colonial no coraz\u00f3n das democracias europeas.<\/p>\n\n\n\n<p>Se queremos pensar en serio o papel dos novos cidad\u00e1ns na pol\u00edtica e na econom\u00eda, c\u00f3mpre abandonar a visi\u00f3n asistencialista ou benintencionada, e avanzar cara a unha comprensi\u00f3n radical da cidadan\u00eda. Isto implica reco\u00f1ecer que a cidadan\u00eda non \u00e9 s\u00f3 un status legal, sen\u00f3n un proceso pol\u00edtico en disputa. Non se trata s\u00f3 de integrar a quen chega, sen\u00f3n de reconstru\u00edr o propio suxeito pol\u00edtico desde a pluralidade. A econom\u00eda non pode seguir funcionando sobre a precarizaci\u00f3n estrutural de mill\u00f3ns de persoas racializadas. A pol\u00edtica non pode seguir exclu\u00edndo sistematicamente a voces que cuestionan os marcos herdados. O suxeito democr\u00e1tico do s\u00e9culo XXI xa non \u00e9 o cidad\u00e1n abstracto dos manuais, sen\u00f3n un suxeito concreto, real, diverso e en movemento.<\/p>\n\n\n\n<p>A nova cidadan\u00eda reclama non s\u00f3 novos dereitos \u2014como poder residir sen condici\u00f3ns nin ameazas de expulsi\u00f3n, participar politicamente en todos os niveis, contar cun sustento vital b\u00e1sico e vivir libres de persecuci\u00f3n, estigmatizaci\u00f3n ou control por motivos raciais ou culturais. \u2014, sen\u00f3n tam\u00e9n unha transformaci\u00f3n profunda da imaxinaci\u00f3n colectiva. \u00c9 necesario abandonar a ollada que percibe os novos cidad\u00e1ns como &#8216;outros&#8217; que deben ser integrados, para comezar a reco\u00f1ecelos como parte constitu\u00ednte dunha comunidade pol\u00edtica esencialmente plural, diversa e poli\u00e9drica. A forza emerxente dos novos cidad\u00e1ns non reside s\u00f3 na s\u00faa capacidade num\u00e9rica ou no seu peso econ\u00f3mico. Reside, sobre todo, no potencial transformador que encerran as s\u00faas loitas pola dignidade, participaci\u00f3n, voz e pertenza. Se o estado espa\u00f1ol quere ser unha democracia real e non s\u00f3 unha ficci\u00f3n institucional, debe abrir os seus espazos de decisi\u00f3n, redistribu\u00edr os seus recursos e pluralizar os seus s\u00edmbolos. Non abonda con tolerar a diversidade: c\u00f3mpre constru\u00edr igualdade. Non chega con reco\u00f1ecer o esforzo das persoas migrantes: c\u00f3mpre garantirlles poder efectivo. Porque sen xustiza migratoria, non hai xustiza social. E sen xustiza social, non hai democracia.<\/p>\n","protected":false},"excerpt":{"rendered":"<div class=\"mh-excerpt\"><p>Nunha sociedade marcada pola mobilidade global, os Estados-naci\u00f3n enfr\u00f3ntase a unha contradici\u00f3n estrutural: mentres as persoas cruzan fronteiras na procura de dignidade, as estruturas legais e simb\u00f3licas seguen defendendo fronteiras de exclusi\u00f3n <a class=\"mh-excerpt-more\" href=\"https:\/\/www.anovapeneira.gal\/index.php\/2025\/04\/25\/globalizacion-e-novas-cidadanias\/\" title=\"Globalizaci\u00f3n e novas cidadan\u00edas\">[&#8230;]<\/a><\/p>\n<\/div>","protected":false},"author":12,"featured_media":584,"comment_status":"open","ping_status":"open","sticky":false,"template":"","format":"standard","meta":{"_exactmetrics_skip_tracking":false,"_exactmetrics_sitenote_active":false,"_exactmetrics_sitenote_note":"","_exactmetrics_sitenote_category":0,"footnotes":""},"categories":[7],"tags":[],"class_list":{"0":"post-13771","1":"post","2":"type-post","3":"status-publish","4":"format-standard","5":"has-post-thumbnail","7":"category-artigos-de-opinion"},"yoast_head":"<!-- This site is optimized with the Yoast SEO plugin v27.4 - https:\/\/yoast.com\/product\/yoast-seo-wordpress\/ -->\n<title>Globalizaci\u00f3n e novas cidadan\u00edas -<\/title>\n<meta name=\"robots\" content=\"index, follow, max-snippet:-1, max-image-preview:large, max-video-preview:-1\" \/>\n<link rel=\"canonical\" href=\"https:\/\/www.anovapeneira.gal\/index.php\/2025\/04\/25\/globalizacion-e-novas-cidadanias\/\" \/>\n<meta property=\"og:locale\" content=\"gl_ES\" \/>\n<meta property=\"og:type\" content=\"article\" \/>\n<meta property=\"og:title\" content=\"Globalizaci\u00f3n e novas cidadan\u00edas -\" \/>\n<meta property=\"og:description\" content=\"Nunha sociedade marcada pola mobilidade global, os Estados-naci\u00f3n enfr\u00f3ntase a unha contradici\u00f3n estrutural: mentres as persoas cruzan fronteiras na procura de dignidade, as estruturas legais e simb\u00f3licas seguen defendendo fronteiras de exclusi\u00f3n [...]\" \/>\n<meta property=\"og:url\" content=\"https:\/\/www.anovapeneira.gal\/index.php\/2025\/04\/25\/globalizacion-e-novas-cidadanias\/\" \/>\n<meta property=\"article:publisher\" content=\"https:\/\/www.facebook.com\/anovapeneira\" \/>\n<meta property=\"article:published_time\" content=\"2025-04-25T10:00:28+00:00\" \/>\n<meta property=\"og:image\" content=\"https:\/\/www.anovapeneira.gal\/wp-content\/uploads\/2019\/07\/ARTIGO_DE_OPINION_A_NOVA_PENEIRA.jpg\" \/>\n\t<meta property=\"og:image:width\" content=\"720\" \/>\n\t<meta property=\"og:image:height\" content=\"473\" \/>\n\t<meta property=\"og:image:type\" content=\"image\/jpeg\" \/>\n<meta name=\"author\" content=\"Artigos Opini\u00f3n\" \/>\n<meta name=\"twitter:card\" content=\"summary_large_image\" \/>\n<meta name=\"twitter:creator\" content=\"@APeneira\" \/>\n<meta name=\"twitter:site\" content=\"@APeneira\" \/>\n<meta name=\"twitter:label1\" content=\"Escrito por\" \/>\n\t<meta name=\"twitter:data1\" content=\"Artigos Opini\u00f3n\" \/>\n\t<meta name=\"twitter:label2\" content=\"Tempo de lectura\" \/>\n\t<meta name=\"twitter:data2\" content=\"5 minutos\" \/>\n<script type=\"application\/ld+json\" class=\"yoast-schema-graph\">{\"@context\":\"https:\\\/\\\/schema.org\",\"@graph\":[{\"@type\":\"Article\",\"@id\":\"https:\\\/\\\/www.anovapeneira.gal\\\/index.php\\\/2025\\\/04\\\/25\\\/globalizacion-e-novas-cidadanias\\\/#article\",\"isPartOf\":{\"@id\":\"https:\\\/\\\/www.anovapeneira.gal\\\/index.php\\\/2025\\\/04\\\/25\\\/globalizacion-e-novas-cidadanias\\\/\"},\"author\":{\"name\":\"Artigos Opini\u00f3n\",\"@id\":\"https:\\\/\\\/www.anovapeneira.gal\\\/#\\\/schema\\\/person\\\/f18a4feb302e8f20bcef4490b5b60bb3\"},\"headline\":\"Globalizaci\u00f3n e novas cidadan\u00edas\",\"datePublished\":\"2025-04-25T10:00:28+00:00\",\"mainEntityOfPage\":{\"@id\":\"https:\\\/\\\/www.anovapeneira.gal\\\/index.php\\\/2025\\\/04\\\/25\\\/globalizacion-e-novas-cidadanias\\\/\"},\"wordCount\":914,\"commentCount\":0,\"publisher\":{\"@id\":\"https:\\\/\\\/www.anovapeneira.gal\\\/#organization\"},\"image\":{\"@id\":\"https:\\\/\\\/www.anovapeneira.gal\\\/index.php\\\/2025\\\/04\\\/25\\\/globalizacion-e-novas-cidadanias\\\/#primaryimage\"},\"thumbnailUrl\":\"https:\\\/\\\/www.anovapeneira.gal\\\/wp-content\\\/uploads\\\/2019\\\/07\\\/ARTIGO_DE_OPINION_A_NOVA_PENEIRA.jpg\",\"articleSection\":[\"Artigos de opini\u00f3n\"],\"inLanguage\":\"gl-ES\",\"potentialAction\":[{\"@type\":\"CommentAction\",\"name\":\"Comment\",\"target\":[\"https:\\\/\\\/www.anovapeneira.gal\\\/index.php\\\/2025\\\/04\\\/25\\\/globalizacion-e-novas-cidadanias\\\/#respond\"]}]},{\"@type\":\"WebPage\",\"@id\":\"https:\\\/\\\/www.anovapeneira.gal\\\/index.php\\\/2025\\\/04\\\/25\\\/globalizacion-e-novas-cidadanias\\\/\",\"url\":\"https:\\\/\\\/www.anovapeneira.gal\\\/index.php\\\/2025\\\/04\\\/25\\\/globalizacion-e-novas-cidadanias\\\/\",\"name\":\"Globalizaci\u00f3n e novas cidadan\u00edas -\",\"isPartOf\":{\"@id\":\"https:\\\/\\\/www.anovapeneira.gal\\\/#website\"},\"primaryImageOfPage\":{\"@id\":\"https:\\\/\\\/www.anovapeneira.gal\\\/index.php\\\/2025\\\/04\\\/25\\\/globalizacion-e-novas-cidadanias\\\/#primaryimage\"},\"image\":{\"@id\":\"https:\\\/\\\/www.anovapeneira.gal\\\/index.php\\\/2025\\\/04\\\/25\\\/globalizacion-e-novas-cidadanias\\\/#primaryimage\"},\"thumbnailUrl\":\"https:\\\/\\\/www.anovapeneira.gal\\\/wp-content\\\/uploads\\\/2019\\\/07\\\/ARTIGO_DE_OPINION_A_NOVA_PENEIRA.jpg\",\"datePublished\":\"2025-04-25T10:00:28+00:00\",\"breadcrumb\":{\"@id\":\"https:\\\/\\\/www.anovapeneira.gal\\\/index.php\\\/2025\\\/04\\\/25\\\/globalizacion-e-novas-cidadanias\\\/#breadcrumb\"},\"inLanguage\":\"gl-ES\",\"potentialAction\":[{\"@type\":\"ReadAction\",\"target\":[\"https:\\\/\\\/www.anovapeneira.gal\\\/index.php\\\/2025\\\/04\\\/25\\\/globalizacion-e-novas-cidadanias\\\/\"]}]},{\"@type\":\"ImageObject\",\"inLanguage\":\"gl-ES\",\"@id\":\"https:\\\/\\\/www.anovapeneira.gal\\\/index.php\\\/2025\\\/04\\\/25\\\/globalizacion-e-novas-cidadanias\\\/#primaryimage\",\"url\":\"https:\\\/\\\/www.anovapeneira.gal\\\/wp-content\\\/uploads\\\/2019\\\/07\\\/ARTIGO_DE_OPINION_A_NOVA_PENEIRA.jpg\",\"contentUrl\":\"https:\\\/\\\/www.anovapeneira.gal\\\/wp-content\\\/uploads\\\/2019\\\/07\\\/ARTIGO_DE_OPINION_A_NOVA_PENEIRA.jpg\",\"width\":720,\"height\":473,\"caption\":\"Artigo de opini\u00f3n A Nova Peneira\"},{\"@type\":\"BreadcrumbList\",\"@id\":\"https:\\\/\\\/www.anovapeneira.gal\\\/index.php\\\/2025\\\/04\\\/25\\\/globalizacion-e-novas-cidadanias\\\/#breadcrumb\",\"itemListElement\":[{\"@type\":\"ListItem\",\"position\":1,\"name\":\"Portada\",\"item\":\"https:\\\/\\\/www.anovapeneira.gal\\\/\"},{\"@type\":\"ListItem\",\"position\":2,\"name\":\"Globalizaci\u00f3n e novas cidadan\u00edas\"}]},{\"@type\":\"WebSite\",\"@id\":\"https:\\\/\\\/www.anovapeneira.gal\\\/#website\",\"url\":\"https:\\\/\\\/www.anovapeneira.gal\\\/\",\"name\":\"\",\"description\":\"Xornal galego de informaci\u00f3n xeral Publicaci\u00f3n mensual de novas de Galicia e en especial dos Concellos da sur da provincia de Pontevedra.\",\"publisher\":{\"@id\":\"https:\\\/\\\/www.anovapeneira.gal\\\/#organization\"},\"potentialAction\":[{\"@type\":\"SearchAction\",\"target\":{\"@type\":\"EntryPoint\",\"urlTemplate\":\"https:\\\/\\\/www.anovapeneira.gal\\\/?s={search_term_string}\"},\"query-input\":{\"@type\":\"PropertyValueSpecification\",\"valueRequired\":true,\"valueName\":\"search_term_string\"}}],\"inLanguage\":\"gl-ES\"},{\"@type\":\"Organization\",\"@id\":\"https:\\\/\\\/www.anovapeneira.gal\\\/#organization\",\"name\":\"A Nova Peneira\",\"url\":\"https:\\\/\\\/www.anovapeneira.gal\\\/\",\"logo\":{\"@type\":\"ImageObject\",\"inLanguage\":\"gl-ES\",\"@id\":\"https:\\\/\\\/www.anovapeneira.gal\\\/#\\\/schema\\\/logo\\\/image\\\/\",\"url\":\"http:\\\/\\\/www.anovapeneira.gal\\\/wp-content\\\/uploads\\\/2019\\\/06\\\/logo_a_nova_peneira_portal_web.png\",\"contentUrl\":\"http:\\\/\\\/www.anovapeneira.gal\\\/wp-content\\\/uploads\\\/2019\\\/06\\\/logo_a_nova_peneira_portal_web.png\",\"width\":300,\"height\":100,\"caption\":\"A Nova Peneira\"},\"image\":{\"@id\":\"https:\\\/\\\/www.anovapeneira.gal\\\/#\\\/schema\\\/logo\\\/image\\\/\"},\"sameAs\":[\"https:\\\/\\\/www.facebook.com\\\/anovapeneira\",\"https:\\\/\\\/x.com\\\/APeneira\"]},{\"@type\":\"Person\",\"@id\":\"https:\\\/\\\/www.anovapeneira.gal\\\/#\\\/schema\\\/person\\\/f18a4feb302e8f20bcef4490b5b60bb3\",\"name\":\"Artigos Opini\u00f3n\",\"image\":{\"@type\":\"ImageObject\",\"inLanguage\":\"gl-ES\",\"@id\":\"https:\\\/\\\/secure.gravatar.com\\\/avatar\\\/072844300f4881150aee2da4278f7a65d16eefdf8262eb67085f1e702de2b959?s=96&d=mm&r=g\",\"url\":\"https:\\\/\\\/secure.gravatar.com\\\/avatar\\\/072844300f4881150aee2da4278f7a65d16eefdf8262eb67085f1e702de2b959?s=96&d=mm&r=g\",\"contentUrl\":\"https:\\\/\\\/secure.gravatar.com\\\/avatar\\\/072844300f4881150aee2da4278f7a65d16eefdf8262eb67085f1e702de2b959?s=96&d=mm&r=g\",\"caption\":\"Artigos Opini\u00f3n\"},\"sameAs\":[\"http:\\\/\\\/anovapeneira.gal\"],\"url\":\"https:\\\/\\\/www.anovapeneira.gal\\\/index.php\\\/author\\\/artigosopinion\\\/\"}]}<\/script>\n<!-- \/ Yoast SEO plugin. -->","yoast_head_json":{"title":"Globalizaci\u00f3n e novas cidadan\u00edas -","robots":{"index":"index","follow":"follow","max-snippet":"max-snippet:-1","max-image-preview":"max-image-preview:large","max-video-preview":"max-video-preview:-1"},"canonical":"https:\/\/www.anovapeneira.gal\/index.php\/2025\/04\/25\/globalizacion-e-novas-cidadanias\/","og_locale":"gl_ES","og_type":"article","og_title":"Globalizaci\u00f3n e novas cidadan\u00edas -","og_description":"Nunha sociedade marcada pola mobilidade global, os Estados-naci\u00f3n enfr\u00f3ntase a unha contradici\u00f3n estrutural: mentres as persoas cruzan fronteiras na procura de dignidade, as estruturas legais e simb\u00f3licas seguen defendendo fronteiras de exclusi\u00f3n [...]","og_url":"https:\/\/www.anovapeneira.gal\/index.php\/2025\/04\/25\/globalizacion-e-novas-cidadanias\/","article_publisher":"https:\/\/www.facebook.com\/anovapeneira","article_published_time":"2025-04-25T10:00:28+00:00","og_image":[{"width":720,"height":473,"url":"https:\/\/www.anovapeneira.gal\/wp-content\/uploads\/2019\/07\/ARTIGO_DE_OPINION_A_NOVA_PENEIRA.jpg","type":"image\/jpeg"}],"author":"Artigos Opini\u00f3n","twitter_card":"summary_large_image","twitter_creator":"@APeneira","twitter_site":"@APeneira","twitter_misc":{"Escrito por":"Artigos Opini\u00f3n","Tempo de lectura":"5 minutos"},"schema":{"@context":"https:\/\/schema.org","@graph":[{"@type":"Article","@id":"https:\/\/www.anovapeneira.gal\/index.php\/2025\/04\/25\/globalizacion-e-novas-cidadanias\/#article","isPartOf":{"@id":"https:\/\/www.anovapeneira.gal\/index.php\/2025\/04\/25\/globalizacion-e-novas-cidadanias\/"},"author":{"name":"Artigos Opini\u00f3n","@id":"https:\/\/www.anovapeneira.gal\/#\/schema\/person\/f18a4feb302e8f20bcef4490b5b60bb3"},"headline":"Globalizaci\u00f3n e novas cidadan\u00edas","datePublished":"2025-04-25T10:00:28+00:00","mainEntityOfPage":{"@id":"https:\/\/www.anovapeneira.gal\/index.php\/2025\/04\/25\/globalizacion-e-novas-cidadanias\/"},"wordCount":914,"commentCount":0,"publisher":{"@id":"https:\/\/www.anovapeneira.gal\/#organization"},"image":{"@id":"https:\/\/www.anovapeneira.gal\/index.php\/2025\/04\/25\/globalizacion-e-novas-cidadanias\/#primaryimage"},"thumbnailUrl":"https:\/\/www.anovapeneira.gal\/wp-content\/uploads\/2019\/07\/ARTIGO_DE_OPINION_A_NOVA_PENEIRA.jpg","articleSection":["Artigos de opini\u00f3n"],"inLanguage":"gl-ES","potentialAction":[{"@type":"CommentAction","name":"Comment","target":["https:\/\/www.anovapeneira.gal\/index.php\/2025\/04\/25\/globalizacion-e-novas-cidadanias\/#respond"]}]},{"@type":"WebPage","@id":"https:\/\/www.anovapeneira.gal\/index.php\/2025\/04\/25\/globalizacion-e-novas-cidadanias\/","url":"https:\/\/www.anovapeneira.gal\/index.php\/2025\/04\/25\/globalizacion-e-novas-cidadanias\/","name":"Globalizaci\u00f3n e novas cidadan\u00edas -","isPartOf":{"@id":"https:\/\/www.anovapeneira.gal\/#website"},"primaryImageOfPage":{"@id":"https:\/\/www.anovapeneira.gal\/index.php\/2025\/04\/25\/globalizacion-e-novas-cidadanias\/#primaryimage"},"image":{"@id":"https:\/\/www.anovapeneira.gal\/index.php\/2025\/04\/25\/globalizacion-e-novas-cidadanias\/#primaryimage"},"thumbnailUrl":"https:\/\/www.anovapeneira.gal\/wp-content\/uploads\/2019\/07\/ARTIGO_DE_OPINION_A_NOVA_PENEIRA.jpg","datePublished":"2025-04-25T10:00:28+00:00","breadcrumb":{"@id":"https:\/\/www.anovapeneira.gal\/index.php\/2025\/04\/25\/globalizacion-e-novas-cidadanias\/#breadcrumb"},"inLanguage":"gl-ES","potentialAction":[{"@type":"ReadAction","target":["https:\/\/www.anovapeneira.gal\/index.php\/2025\/04\/25\/globalizacion-e-novas-cidadanias\/"]}]},{"@type":"ImageObject","inLanguage":"gl-ES","@id":"https:\/\/www.anovapeneira.gal\/index.php\/2025\/04\/25\/globalizacion-e-novas-cidadanias\/#primaryimage","url":"https:\/\/www.anovapeneira.gal\/wp-content\/uploads\/2019\/07\/ARTIGO_DE_OPINION_A_NOVA_PENEIRA.jpg","contentUrl":"https:\/\/www.anovapeneira.gal\/wp-content\/uploads\/2019\/07\/ARTIGO_DE_OPINION_A_NOVA_PENEIRA.jpg","width":720,"height":473,"caption":"Artigo de opini\u00f3n A Nova Peneira"},{"@type":"BreadcrumbList","@id":"https:\/\/www.anovapeneira.gal\/index.php\/2025\/04\/25\/globalizacion-e-novas-cidadanias\/#breadcrumb","itemListElement":[{"@type":"ListItem","position":1,"name":"Portada","item":"https:\/\/www.anovapeneira.gal\/"},{"@type":"ListItem","position":2,"name":"Globalizaci\u00f3n e novas cidadan\u00edas"}]},{"@type":"WebSite","@id":"https:\/\/www.anovapeneira.gal\/#website","url":"https:\/\/www.anovapeneira.gal\/","name":"","description":"Xornal galego de informaci\u00f3n xeral Publicaci\u00f3n mensual de novas de Galicia e en especial dos Concellos da sur da provincia de Pontevedra.","publisher":{"@id":"https:\/\/www.anovapeneira.gal\/#organization"},"potentialAction":[{"@type":"SearchAction","target":{"@type":"EntryPoint","urlTemplate":"https:\/\/www.anovapeneira.gal\/?s={search_term_string}"},"query-input":{"@type":"PropertyValueSpecification","valueRequired":true,"valueName":"search_term_string"}}],"inLanguage":"gl-ES"},{"@type":"Organization","@id":"https:\/\/www.anovapeneira.gal\/#organization","name":"A Nova Peneira","url":"https:\/\/www.anovapeneira.gal\/","logo":{"@type":"ImageObject","inLanguage":"gl-ES","@id":"https:\/\/www.anovapeneira.gal\/#\/schema\/logo\/image\/","url":"http:\/\/www.anovapeneira.gal\/wp-content\/uploads\/2019\/06\/logo_a_nova_peneira_portal_web.png","contentUrl":"http:\/\/www.anovapeneira.gal\/wp-content\/uploads\/2019\/06\/logo_a_nova_peneira_portal_web.png","width":300,"height":100,"caption":"A Nova Peneira"},"image":{"@id":"https:\/\/www.anovapeneira.gal\/#\/schema\/logo\/image\/"},"sameAs":["https:\/\/www.facebook.com\/anovapeneira","https:\/\/x.com\/APeneira"]},{"@type":"Person","@id":"https:\/\/www.anovapeneira.gal\/#\/schema\/person\/f18a4feb302e8f20bcef4490b5b60bb3","name":"Artigos Opini\u00f3n","image":{"@type":"ImageObject","inLanguage":"gl-ES","@id":"https:\/\/secure.gravatar.com\/avatar\/072844300f4881150aee2da4278f7a65d16eefdf8262eb67085f1e702de2b959?s=96&d=mm&r=g","url":"https:\/\/secure.gravatar.com\/avatar\/072844300f4881150aee2da4278f7a65d16eefdf8262eb67085f1e702de2b959?s=96&d=mm&r=g","contentUrl":"https:\/\/secure.gravatar.com\/avatar\/072844300f4881150aee2da4278f7a65d16eefdf8262eb67085f1e702de2b959?s=96&d=mm&r=g","caption":"Artigos Opini\u00f3n"},"sameAs":["http:\/\/anovapeneira.gal"],"url":"https:\/\/www.anovapeneira.gal\/index.php\/author\/artigosopinion\/"}]}},"jetpack_featured_media_url":"https:\/\/www.anovapeneira.gal\/wp-content\/uploads\/2019\/07\/ARTIGO_DE_OPINION_A_NOVA_PENEIRA.jpg","_links":{"self":[{"href":"https:\/\/www.anovapeneira.gal\/index.php\/wp-json\/wp\/v2\/posts\/13771","targetHints":{"allow":["GET"]}}],"collection":[{"href":"https:\/\/www.anovapeneira.gal\/index.php\/wp-json\/wp\/v2\/posts"}],"about":[{"href":"https:\/\/www.anovapeneira.gal\/index.php\/wp-json\/wp\/v2\/types\/post"}],"author":[{"embeddable":true,"href":"https:\/\/www.anovapeneira.gal\/index.php\/wp-json\/wp\/v2\/users\/12"}],"replies":[{"embeddable":true,"href":"https:\/\/www.anovapeneira.gal\/index.php\/wp-json\/wp\/v2\/comments?post=13771"}],"version-history":[{"count":1,"href":"https:\/\/www.anovapeneira.gal\/index.php\/wp-json\/wp\/v2\/posts\/13771\/revisions"}],"predecessor-version":[{"id":13772,"href":"https:\/\/www.anovapeneira.gal\/index.php\/wp-json\/wp\/v2\/posts\/13771\/revisions\/13772"}],"wp:featuredmedia":[{"embeddable":true,"href":"https:\/\/www.anovapeneira.gal\/index.php\/wp-json\/wp\/v2\/media\/584"}],"wp:attachment":[{"href":"https:\/\/www.anovapeneira.gal\/index.php\/wp-json\/wp\/v2\/media?parent=13771"}],"wp:term":[{"taxonomy":"category","embeddable":true,"href":"https:\/\/www.anovapeneira.gal\/index.php\/wp-json\/wp\/v2\/categories?post=13771"},{"taxonomy":"post_tag","embeddable":true,"href":"https:\/\/www.anovapeneira.gal\/index.php\/wp-json\/wp\/v2\/tags?post=13771"}],"curies":[{"name":"wp","href":"https:\/\/api.w.org\/{rel}","templated":true}]}}