{"id":13777,"date":"2025-04-28T10:00:50","date_gmt":"2025-04-28T08:00:50","guid":{"rendered":"https:\/\/www.anovapeneira.gal\/?p=13777"},"modified":"2025-04-25T10:33:14","modified_gmt":"2025-04-25T08:33:14","slug":"iv-edicion-da-feira-de-saude-e-benestar-feiramos","status":"publish","type":"post","link":"https:\/\/www.anovapeneira.gal\/index.php\/2025\/04\/28\/iv-edicion-da-feira-de-saude-e-benestar-feiramos\/","title":{"rendered":"IV Edici\u00f3n da Feira de Sa\u00fade e Benestar FEIRAMOS"},"content":{"rendered":"\n<p><strong>Os pr\u00f3ximos 10 e 11 de maio no pavill\u00f3n \u00d3scar Pereiro de Mos vaise celebrar a IV edici\u00f3n de FEIRAMOS, unha feira de sa\u00fade e benestar que presentar\u00e1 un abano enorme de terapias e talleres orientados \u00e1 sa\u00fade f\u00edsica e emocional das persoas. Este evento est\u00e1 organizado por Noelia Conde, unha terapeuta mosense coa que de novo foi un pracer conversar.<\/strong><\/p>\n\n\n\n<p><strong>Noelia Conde Lago, organizadora .<\/strong><\/p>\n\n\n\n<p>\u201c <strong>Estou moi agradecida ao pobo de Mos pola acollida que nos d\u00e1\u201d<\/strong><\/p>\n\n\n\n<p><strong>Parece que o evento vaise consolidando,Xa imos pola IV edici\u00f3n<\/strong><strong>?<\/strong><\/p>\n\n\n\n<blockquote class=\"wp-block-quote is-layout-flow wp-block-quote-is-layout-flow\">\n<p>Pois si. Estou moi satisfeita de como nos est\u00e1 a recibir o p\u00fablico de Mos. Menos a a segunda edici\u00f3n que fixemos en Ponteareas, o resto foron aqu\u00ed ,e o resultado \u00e9 moi positivo.<\/p>\n<\/blockquote>\n\n\n\n<p><strong>En que datas se celebra o evento?<\/strong><\/p>\n\n\n\n<blockquote class=\"wp-block-quote is-layout-flow wp-block-quote-is-layout-flow\">\n<p>Ser\u00e1n os pr\u00f3ximos d\u00edas 10 e 11 de maio no Pavill\u00f3n \u00d3scar Pereiro.<\/p>\n<\/blockquote>\n\n\n\n<p><strong>En que horario?<\/strong><\/p>\n\n\n\n<blockquote class=\"wp-block-quote is-layout-flow wp-block-quote-is-layout-flow\">\n<p>De 11:00h. da ma\u00f1\u00e1 \u00e1s 21:00h da noite ininterrompidamente o s\u00e1bado e domingo. Haber\u00e1 postos de comida para poder pasar o d\u00eda.<\/p>\n<\/blockquote>\n\n\n\n<p><strong>En que consiste o evento?<\/strong><\/p>\n\n\n\n<blockquote class=\"wp-block-quote is-layout-flow wp-block-quote-is-layout-flow\">\n<p>Vai a estar dividido por zonas, unha ser\u00e1 para conferencias durante todo o d\u00eda. Outra zona ser\u00e1 onde se impartir\u00e1n os talleres, noutro espazo haber\u00e1 terapeutas profesionais facendo consultas e logo haber\u00e1 postos de venda de produtos. Haber\u00e1 actividades todo o d\u00eda tanto para rapaces ou rapazas pequenos ata as persoas maiores. Tam\u00e9n estar\u00e1 Mobles Soli\u00f1o, teremos camas articuladas para persoas maiores ou con problemas de mobilidade.<\/p>\n<\/blockquote>\n\n\n\n<p><strong>Que hai para nenos e nenas pequenas, e que hai para persoas maiores?<\/strong><\/p>\n\n\n\n<blockquote class=\"wp-block-quote is-layout-flow wp-block-quote-is-layout-flow\">\n<p>Para \u00e1 rapazada pequena hai inchables e estar\u00e1 o s\u00e1bado pola tarde Tatarina que \u00e9 un grupo que fai contacontos, monicreques e xogos. O domingo tarde estar\u00e1 unha persoa facendo un contacontos.<\/p>\n<\/blockquote>\n\n\n\n<blockquote class=\"wp-block-quote is-layout-flow wp-block-quote-is-layout-flow\">\n<p>E para os adultos todo o mencionado antes, engadir que haber\u00e1 masaxes, acupuntura, reflexolox\u00eda astr\u00f3loga, esta o ano pasado foi un \u00e9xito. Un terapeuta explicara o que \u00e9 a hipnose e far\u00e1 unha pequena pr\u00e1ctica. Numerolox\u00eda cabal\u00edstica que ser\u00e1 algo novo deste ano.<\/p>\n<\/blockquote>\n\n\n\n<p><strong>En que consiste?<\/strong><\/p>\n\n\n\n<blockquote class=\"wp-block-quote is-layout-flow wp-block-quote-is-layout-flow\">\n<p>Faise coa t\u00faa data de nacemento, a suma dos n\u00fameros dir\u00e1 trazos da t\u00faa personalidade.<\/p>\n<\/blockquote>\n\n\n\n<blockquote class=\"wp-block-quote is-layout-flow wp-block-quote-is-layout-flow\">\n<p>Tam\u00e9n haber\u00e1 unha doula, esta \u00e9 unha persoa equivalente a matrona de partos da sanidade. A doula \u00e9 unha profesional que acompa\u00f1a \u00e1 muller durante o embarazo, o parto e o posparto, brindando apoio emocional, f\u00edsico e informativo para as mulleres que queren ter un parto natural, como se fac\u00eda antigamente na casa.<\/p>\n<\/blockquote>\n\n\n\n<blockquote class=\"wp-block-quote is-layout-flow wp-block-quote-is-layout-flow\">\n<p>Tam\u00e9n teremos diferentes tipos de talleres m\u00e1is enfocados ao estr\u00e9s de tipo mindfulness que \u00e9 unha t\u00e9cnica de meditaci\u00f3n que busca adestrar a mente para centrar a atenci\u00f3n e dirixir os pensamentos. Taller de coach, de feng shui. Este ano temos m\u00e1is talleres ca en ningunha outra edici\u00f3n.<\/p>\n<\/blockquote>\n\n\n\n<p><strong>Cantos talleres hai?<\/strong><\/p>\n\n\n\n<blockquote class=\"wp-block-quote is-layout-flow wp-block-quote-is-layout-flow\">\n<p>Repartidos nos dous d\u00edas haber\u00e1 dez talleres.<\/p>\n<\/blockquote>\n\n\n\n<blockquote class=\"wp-block-quote is-layout-flow wp-block-quote-is-layout-flow\">\n<p>Este ano tam\u00e9n temos a charla de Eva L\u00f3pez, a psic\u00f3loga de Vigo que vai falar das parellas. Como novidade contamos coa protecci\u00f3n civil e a polic\u00eda local de Mos que nos vai falar de temas de seguridade viaria cos nenos e nenas nos coches. Eu darei unha charla de como as sas emoci\u00f3ns afectan na nosa sa\u00fade.<\/p>\n<\/blockquote>\n\n\n\n<p><strong>Cando \u00e9 a t\u00faa charla?<\/strong><\/p>\n\n\n\n<blockquote class=\"wp-block-quote is-layout-flow wp-block-quote-is-layout-flow\">\n<p>O domingo pola tarde.<\/p>\n<\/blockquote>\n\n\n\n<p><strong>As emoci\u00f3ns afectan \u00e1 sa\u00fade f\u00edsica?<\/strong><\/p>\n\n\n\n<blockquote class=\"wp-block-quote is-layout-flow wp-block-quote-is-layout-flow\">\n<p>Si, completamente. Cando recibes unha mala nova como consecuencia parece que o est\u00f3mago se bloquea, ou cando o teu xefe che carga de traballo e con presas normalmente parece que tes un peso enorme nas costas.<\/p>\n<\/blockquote>\n\n\n\n<p><strong>Isto como se xestiona?<\/strong><\/p>\n\n\n\n<blockquote class=\"wp-block-quote is-layout-flow wp-block-quote-is-layout-flow\">\n<p>Escoitando ao corpo en todo momento. Eu fago Bio-descodificaci\u00f3n para isto.<\/p>\n<\/blockquote>\n\n\n\n<p><strong>Isto en que consiste?<\/strong><\/p>\n\n\n\n<blockquote class=\"wp-block-quote is-layout-flow wp-block-quote-is-layout-flow\">\n<p>Esta t\u00e9cnica creouna Hamer, un doutor que xa faleceu, e \u00e9 sobre a s\u00faa propia historia vital. A el mat\u00e1ronlle un fillo nun barco e despois disto el padeceu un cancro de pr\u00f3stata e a s\u00faa muller un cancro de peito.<\/p>\n<\/blockquote>\n\n\n\n<p><strong>E consideraba que estas enfermidades eran causas directas pola morte dun fillo?<\/strong><\/p>\n\n\n\n<blockquote class=\"wp-block-quote is-layout-flow wp-block-quote-is-layout-flow\">\n<p>Si, por ese trauma vivido. Comezou a estudar como saen manchas no corpo que identifican a doenza dun \u00f3rgano.<\/p>\n<\/blockquote>\n\n\n\n<blockquote class=\"wp-block-quote is-layout-flow wp-block-quote-is-layout-flow\">\n<p>Para tratar estas doenzas levamos as persoas \u00e1 orixe, no noso ciclo de vida, ao mellor tes unha doenza agora de adulto por algo que che pasou na nenez. Estas terapias son complexas e acabas revivindo traumas e chorando moit\u00edsimo. Cando o botas para fora, coma por arte de maxia, a dor desaparece.<\/p>\n<\/blockquote>\n\n\n\n<p><strong>Como so<\/strong><strong>n<\/strong><strong> as expectativas de asistencia?<\/strong><\/p>\n\n\n\n<blockquote class=\"wp-block-quote is-layout-flow wp-block-quote-is-layout-flow\">\n<p>O ano pasado o s\u00e1bado foi un \u00e9xito, sobre todo coa charla da psic\u00f3loga. Este ano adaptamos a data entre todos para que no coincida con ning\u00fan outro evento e agardamos que vaia todo moi ben.<\/p>\n<\/blockquote>\n\n\n\n<p><strong>A entrada \u00e9 de balde?<\/strong><\/p>\n\n\n\n<blockquote class=\"wp-block-quote is-layout-flow wp-block-quote-is-layout-flow\">\n<p>Si, todo \u00e9 gratu\u00edto, o \u00fanico que ten custo \u00e9 se queres mercar algo.Se asistes a algunha terapia ou alg\u00fan taller tam\u00e9n ten custe, estes oscilan entre os 10 e os 20\u20ac.<\/p>\n<\/blockquote>\n\n\n\n<blockquote class=\"wp-block-quote is-layout-flow wp-block-quote-is-layout-flow\">\n<p>Con todo para este ano temos unha previsi\u00f3n moi optimista de asistencia, quedei moi satisfeita nas edici\u00f3ns anteriores e considero que este evento debe perdurar no tempo polo ben da nosa sa\u00fade.<\/p>\n<\/blockquote>\n\n\n\n<blockquote class=\"wp-block-quote is-layout-flow wp-block-quote-is-layout-flow\">\n<p>Para agradecer \u00e1 xente a s\u00faa asistencia, as persoas que te\u00f1an 5\u20ac de gasto dar\u00e1selle unha papeleta para participar en varios sorteos.<\/p>\n<\/blockquote>\n\n\n\n<p><strong>Que ides sortear?<\/strong><\/p>\n\n\n\n<blockquote class=\"wp-block-quote is-layout-flow wp-block-quote-is-layout-flow\">\n<p>Cestas de produtos, consultas con desconto e unha tablet o domingo \u00e1 noite antes de rematar o evento. Ademais, se antes do cinco de maio entras na nosa web e te rexistras para alg\u00fan taller, xa entras directamente no sorteo da tablet.<\/p>\n<\/blockquote>\n\n\n\n<p><strong>Como se financia este evento?<\/strong><\/p>\n\n\n\n<blockquote class=\"wp-block-quote is-layout-flow wp-block-quote-is-layout-flow\">\n<p>Os Postos pagan unha cota.<\/p>\n<\/blockquote>\n\n\n\n<p><strong>O Concello de Mos que tal se porta?<\/strong><\/p>\n\n\n\n<blockquote class=\"wp-block-quote is-layout-flow wp-block-quote-is-layout-flow\">\n<p>O concello sufraga a publicidade, este ano manda a polic\u00eda e a protecci\u00f3n civil, pr\u00e9stanos o equipo audiovisual e c\u00e9denos as instalaci\u00f3ns e as cadeiras.<\/p>\n<\/blockquote>\n\n\n\n<p><strong>Achega econ\u00f3mica faivos?<\/strong><\/p>\n\n\n\n<blockquote class=\"wp-block-quote is-layout-flow wp-block-quote-is-layout-flow\">\n<p>Non, iso non.<\/p>\n<\/blockquote>\n\n\n\n<p><strong>E quen che axuda na organizaci\u00f3n?<\/strong><\/p>\n\n\n\n<blockquote class=\"wp-block-quote is-layout-flow wp-block-quote-is-layout-flow\">\n<p>Ningu\u00e9n, iso f\u00e1goo eu soa. E case non te\u00f1o ning\u00fan rendemento econ\u00f3mico por facelo, isto \u00e9 para dar a co\u00f1ecer a nosa profesi\u00f3n e ensinarlle a xente que hai outras alternativas \u00e1 medicina tradicional. O d\u00eda 23 de abril \u00e1s 19:00h. fixemos a presentaci\u00f3n da Feira no Multiusos coa alcaldesa, na que dei unha charla de alimentaci\u00f3n.<\/p>\n<\/blockquote>\n\n\n\n<blockquote class=\"wp-block-quote is-layout-flow wp-block-quote-is-layout-flow\">\n<p>Por outra parte agora tam\u00e9n estou co Congreso de Naturopat\u00eda de Galicia o 26 de abril, eu son a presidenta do Organizaci\u00f3n Colexial Naturop\u00e1tica FENACO.<\/p>\n<\/blockquote>\n\n\n\n<p><strong>E podes conciliar ben <\/strong><strong>todo iso<\/strong><strong> coa t\u00faa vida profesional e persoal<\/strong><strong>?<\/strong><\/p>\n\n\n\n<blockquote class=\"wp-block-quote is-layout-flow wp-block-quote-is-layout-flow\">\n<p>Non sei onde quito o tempo e as enerx\u00edas, pero si, si que podo. No que respecta ao meu negocio, agora mesmo estamos co traslado de gabinete, marchamos para Puxeiros, enfronte o colexio Lar na Avda. Rebull\u00f3n. Meu home \u00e9 o quiromasaxista e tam\u00e9n fai Reiki e limpezas enerx\u00e9ticas. Eu trato as enfermidades desde a s\u00faa orixe, traballo a parte f\u00edsica, a parte emocional e parte enerx\u00e9tica. Segundo a doenza que te\u00f1an as persoas podo dicirlle que alimentos as poden estar provocando, facer tratamento con acupuntura e traballar a parte emocional.<\/p>\n<\/blockquote>\n\n\n\n<p><strong>Cando comezades en Puxeiros?<\/strong><\/p>\n\n\n\n<blockquote class=\"wp-block-quote is-layout-flow wp-block-quote-is-layout-flow\">\n<p>Esperando a rematar co carpinteiro para poder trasladarnos, ser\u00e1 m\u00e1is pronto que tarde.<\/p>\n<\/blockquote>\n\n\n\n<p><strong>Ilusionada co cambio?<\/strong><\/p>\n\n\n\n<blockquote class=\"wp-block-quote is-layout-flow wp-block-quote-is-layout-flow\">\n<p>Si,moito.<\/p>\n<\/blockquote>\n\n\n\n<p><strong>Ilusionada con esta nova edici\u00f3n de Feira Mos?<\/strong><\/p>\n\n\n\n<blockquote class=\"wp-block-quote is-layout-flow wp-block-quote-is-layout-flow\">\n<p>Si, claro. Todo o que sexa axudar aos demais fai que a vida pague a pena.<\/p>\n\n\n\n<figure class=\"wp-block-image size-large\"><img loading=\"lazy\" decoding=\"async\" width=\"581\" height=\"1024\" src=\"https:\/\/www.anovapeneira.gal\/wp-content\/uploads\/2025\/04\/feira_mos-581x1024.jpg\" alt=\"\" class=\"wp-image-13780\" srcset=\"https:\/\/www.anovapeneira.gal\/wp-content\/uploads\/2025\/04\/feira_mos-581x1024.jpg 581w, https:\/\/www.anovapeneira.gal\/wp-content\/uploads\/2025\/04\/feira_mos-170x300.jpg 170w, https:\/\/www.anovapeneira.gal\/wp-content\/uploads\/2025\/04\/feira_mos-768x1354.jpg 768w, https:\/\/www.anovapeneira.gal\/wp-content\/uploads\/2025\/04\/feira_mos-871x1536.jpg 871w, https:\/\/www.anovapeneira.gal\/wp-content\/uploads\/2025\/04\/feira_mos.jpg 1050w\" sizes=\"auto, (max-width: 581px) 100vw, 581px\" \/><\/figure>\n\n\n\n<p><\/p>\n<\/blockquote>\n","protected":false},"excerpt":{"rendered":"<div class=\"mh-excerpt\"><p>Os pr\u00f3ximos 10 e 11 de maio no pavill\u00f3n \u00d3scar Pereiro de Mos vaise celebrar a IV edici\u00f3n de FEIRAMOS, unha feira de sa\u00fade e benestar que presentar\u00e1 un abano enorme de terapias e talleres orientados \u00e1 sa\u00fade f\u00edsica e emocional das persoas <a class=\"mh-excerpt-more\" href=\"https:\/\/www.anovapeneira.gal\/index.php\/2025\/04\/28\/iv-edicion-da-feira-de-saude-e-benestar-feiramos\/\" title=\"IV Edici\u00f3n da Feira de Sa\u00fade e Benestar FEIRAMOS\">[&#8230;]<\/a><\/p>\n<\/div>","protected":false},"author":3,"featured_media":13778,"comment_status":"open","ping_status":"open","sticky":false,"template":"","format":"standard","meta":{"_exactmetrics_skip_tracking":false,"_exactmetrics_sitenote_active":false,"_exactmetrics_sitenote_note":"","_exactmetrics_sitenote_category":0,"footnotes":""},"categories":[23],"tags":[218],"class_list":{"0":"post-13777","1":"post","2":"type-post","3":"status-publish","4":"format-standard","5":"has-post-thumbnail","7":"category-a-lourina","8":"tag-concello-de-mos"},"yoast_head":"<!-- This site is optimized with the Yoast SEO plugin v27.4 - https:\/\/yoast.com\/product\/yoast-seo-wordpress\/ -->\n<title>IV Edici\u00f3n da Feira de Sa\u00fade e Benestar FEIRAMOS -<\/title>\n<meta name=\"robots\" content=\"index, follow, max-snippet:-1, max-image-preview:large, max-video-preview:-1\" \/>\n<link rel=\"canonical\" href=\"https:\/\/www.anovapeneira.gal\/index.php\/2025\/04\/28\/iv-edicion-da-feira-de-saude-e-benestar-feiramos\/\" \/>\n<meta property=\"og:locale\" content=\"gl_ES\" \/>\n<meta property=\"og:type\" content=\"article\" \/>\n<meta property=\"og:title\" content=\"IV Edici\u00f3n da Feira de Sa\u00fade e Benestar FEIRAMOS -\" \/>\n<meta property=\"og:description\" content=\"Os pr\u00f3ximos 10 e 11 de maio no pavill\u00f3n \u00d3scar Pereiro de Mos vaise celebrar a IV edici\u00f3n de FEIRAMOS, unha feira de sa\u00fade e benestar que presentar\u00e1 un abano enorme de terapias e talleres orientados \u00e1 sa\u00fade f\u00edsica e emocional das persoas [...]\" \/>\n<meta property=\"og:url\" content=\"https:\/\/www.anovapeneira.gal\/index.php\/2025\/04\/28\/iv-edicion-da-feira-de-saude-e-benestar-feiramos\/\" \/>\n<meta property=\"article:publisher\" content=\"https:\/\/www.facebook.com\/anovapeneira\" \/>\n<meta property=\"article:published_time\" content=\"2025-04-28T08:00:50+00:00\" \/>\n<meta property=\"og:image\" content=\"https:\/\/www.anovapeneira.gal\/wp-content\/uploads\/2025\/04\/noelia_conde.jpg\" \/>\n\t<meta property=\"og:image:width\" content=\"527\" \/>\n\t<meta property=\"og:image:height\" content=\"261\" \/>\n\t<meta property=\"og:image:type\" content=\"image\/jpeg\" \/>\n<meta name=\"author\" content=\"Redacci\u00f3n A Nova Peneira\" \/>\n<meta name=\"twitter:card\" content=\"summary_large_image\" \/>\n<meta name=\"twitter:creator\" content=\"@APeneira\" \/>\n<meta name=\"twitter:site\" content=\"@APeneira\" \/>\n<meta name=\"twitter:label1\" content=\"Escrito por\" \/>\n\t<meta name=\"twitter:data1\" content=\"Redacci\u00f3n A Nova Peneira\" \/>\n\t<meta name=\"twitter:label2\" content=\"Tempo de lectura\" \/>\n\t<meta name=\"twitter:data2\" content=\"2 minutos\" \/>\n<script type=\"application\/ld+json\" class=\"yoast-schema-graph\">{\"@context\":\"https:\\\/\\\/schema.org\",\"@graph\":[{\"@type\":\"Article\",\"@id\":\"https:\\\/\\\/www.anovapeneira.gal\\\/index.php\\\/2025\\\/04\\\/28\\\/iv-edicion-da-feira-de-saude-e-benestar-feiramos\\\/#article\",\"isPartOf\":{\"@id\":\"https:\\\/\\\/www.anovapeneira.gal\\\/index.php\\\/2025\\\/04\\\/28\\\/iv-edicion-da-feira-de-saude-e-benestar-feiramos\\\/\"},\"author\":{\"name\":\"Redacci\u00f3n A Nova Peneira\",\"@id\":\"https:\\\/\\\/www.anovapeneira.gal\\\/#\\\/schema\\\/person\\\/b93e3f8932e3f8da96334607eb6ac6aa\"},\"headline\":\"IV Edici\u00f3n da Feira de Sa\u00fade e Benestar FEIRAMOS\",\"datePublished\":\"2025-04-28T08:00:50+00:00\",\"mainEntityOfPage\":{\"@id\":\"https:\\\/\\\/www.anovapeneira.gal\\\/index.php\\\/2025\\\/04\\\/28\\\/iv-edicion-da-feira-de-saude-e-benestar-feiramos\\\/\"},\"wordCount\":1262,\"commentCount\":0,\"publisher\":{\"@id\":\"https:\\\/\\\/www.anovapeneira.gal\\\/#organization\"},\"image\":{\"@id\":\"https:\\\/\\\/www.anovapeneira.gal\\\/index.php\\\/2025\\\/04\\\/28\\\/iv-edicion-da-feira-de-saude-e-benestar-feiramos\\\/#primaryimage\"},\"thumbnailUrl\":\"https:\\\/\\\/www.anovapeneira.gal\\\/wp-content\\\/uploads\\\/2025\\\/04\\\/noelia_conde.jpg\",\"keywords\":[\"Concello de Mos\"],\"articleSection\":[\"A Louri\u00f1a\"],\"inLanguage\":\"gl-ES\",\"potentialAction\":[{\"@type\":\"CommentAction\",\"name\":\"Comment\",\"target\":[\"https:\\\/\\\/www.anovapeneira.gal\\\/index.php\\\/2025\\\/04\\\/28\\\/iv-edicion-da-feira-de-saude-e-benestar-feiramos\\\/#respond\"]}]},{\"@type\":\"WebPage\",\"@id\":\"https:\\\/\\\/www.anovapeneira.gal\\\/index.php\\\/2025\\\/04\\\/28\\\/iv-edicion-da-feira-de-saude-e-benestar-feiramos\\\/\",\"url\":\"https:\\\/\\\/www.anovapeneira.gal\\\/index.php\\\/2025\\\/04\\\/28\\\/iv-edicion-da-feira-de-saude-e-benestar-feiramos\\\/\",\"name\":\"IV Edici\u00f3n da Feira de Sa\u00fade e Benestar FEIRAMOS -\",\"isPartOf\":{\"@id\":\"https:\\\/\\\/www.anovapeneira.gal\\\/#website\"},\"primaryImageOfPage\":{\"@id\":\"https:\\\/\\\/www.anovapeneira.gal\\\/index.php\\\/2025\\\/04\\\/28\\\/iv-edicion-da-feira-de-saude-e-benestar-feiramos\\\/#primaryimage\"},\"image\":{\"@id\":\"https:\\\/\\\/www.anovapeneira.gal\\\/index.php\\\/2025\\\/04\\\/28\\\/iv-edicion-da-feira-de-saude-e-benestar-feiramos\\\/#primaryimage\"},\"thumbnailUrl\":\"https:\\\/\\\/www.anovapeneira.gal\\\/wp-content\\\/uploads\\\/2025\\\/04\\\/noelia_conde.jpg\",\"datePublished\":\"2025-04-28T08:00:50+00:00\",\"breadcrumb\":{\"@id\":\"https:\\\/\\\/www.anovapeneira.gal\\\/index.php\\\/2025\\\/04\\\/28\\\/iv-edicion-da-feira-de-saude-e-benestar-feiramos\\\/#breadcrumb\"},\"inLanguage\":\"gl-ES\",\"potentialAction\":[{\"@type\":\"ReadAction\",\"target\":[\"https:\\\/\\\/www.anovapeneira.gal\\\/index.php\\\/2025\\\/04\\\/28\\\/iv-edicion-da-feira-de-saude-e-benestar-feiramos\\\/\"]}]},{\"@type\":\"ImageObject\",\"inLanguage\":\"gl-ES\",\"@id\":\"https:\\\/\\\/www.anovapeneira.gal\\\/index.php\\\/2025\\\/04\\\/28\\\/iv-edicion-da-feira-de-saude-e-benestar-feiramos\\\/#primaryimage\",\"url\":\"https:\\\/\\\/www.anovapeneira.gal\\\/wp-content\\\/uploads\\\/2025\\\/04\\\/noelia_conde.jpg\",\"contentUrl\":\"https:\\\/\\\/www.anovapeneira.gal\\\/wp-content\\\/uploads\\\/2025\\\/04\\\/noelia_conde.jpg\",\"width\":527,\"height\":261,\"caption\":\"Noelia Conde\"},{\"@type\":\"BreadcrumbList\",\"@id\":\"https:\\\/\\\/www.anovapeneira.gal\\\/index.php\\\/2025\\\/04\\\/28\\\/iv-edicion-da-feira-de-saude-e-benestar-feiramos\\\/#breadcrumb\",\"itemListElement\":[{\"@type\":\"ListItem\",\"position\":1,\"name\":\"Portada\",\"item\":\"https:\\\/\\\/www.anovapeneira.gal\\\/\"},{\"@type\":\"ListItem\",\"position\":2,\"name\":\"IV Edici\u00f3n da Feira de Sa\u00fade e Benestar FEIRAMOS\"}]},{\"@type\":\"WebSite\",\"@id\":\"https:\\\/\\\/www.anovapeneira.gal\\\/#website\",\"url\":\"https:\\\/\\\/www.anovapeneira.gal\\\/\",\"name\":\"\",\"description\":\"Xornal galego de informaci\u00f3n xeral Publicaci\u00f3n mensual de novas de Galicia e en especial dos Concellos da sur da provincia de Pontevedra.\",\"publisher\":{\"@id\":\"https:\\\/\\\/www.anovapeneira.gal\\\/#organization\"},\"potentialAction\":[{\"@type\":\"SearchAction\",\"target\":{\"@type\":\"EntryPoint\",\"urlTemplate\":\"https:\\\/\\\/www.anovapeneira.gal\\\/?s={search_term_string}\"},\"query-input\":{\"@type\":\"PropertyValueSpecification\",\"valueRequired\":true,\"valueName\":\"search_term_string\"}}],\"inLanguage\":\"gl-ES\"},{\"@type\":\"Organization\",\"@id\":\"https:\\\/\\\/www.anovapeneira.gal\\\/#organization\",\"name\":\"A Nova Peneira\",\"url\":\"https:\\\/\\\/www.anovapeneira.gal\\\/\",\"logo\":{\"@type\":\"ImageObject\",\"inLanguage\":\"gl-ES\",\"@id\":\"https:\\\/\\\/www.anovapeneira.gal\\\/#\\\/schema\\\/logo\\\/image\\\/\",\"url\":\"http:\\\/\\\/www.anovapeneira.gal\\\/wp-content\\\/uploads\\\/2019\\\/06\\\/logo_a_nova_peneira_portal_web.png\",\"contentUrl\":\"http:\\\/\\\/www.anovapeneira.gal\\\/wp-content\\\/uploads\\\/2019\\\/06\\\/logo_a_nova_peneira_portal_web.png\",\"width\":300,\"height\":100,\"caption\":\"A Nova Peneira\"},\"image\":{\"@id\":\"https:\\\/\\\/www.anovapeneira.gal\\\/#\\\/schema\\\/logo\\\/image\\\/\"},\"sameAs\":[\"https:\\\/\\\/www.facebook.com\\\/anovapeneira\",\"https:\\\/\\\/x.com\\\/APeneira\"]},{\"@type\":\"Person\",\"@id\":\"https:\\\/\\\/www.anovapeneira.gal\\\/#\\\/schema\\\/person\\\/b93e3f8932e3f8da96334607eb6ac6aa\",\"name\":\"Redacci\u00f3n A Nova Peneira\",\"image\":{\"@type\":\"ImageObject\",\"inLanguage\":\"gl-ES\",\"@id\":\"https:\\\/\\\/secure.gravatar.com\\\/avatar\\\/c052a2551a06e23fac63626232eaa90abd78dbcf1700fc46a2b2c89fd27b735f?s=96&d=mm&r=g\",\"url\":\"https:\\\/\\\/secure.gravatar.com\\\/avatar\\\/c052a2551a06e23fac63626232eaa90abd78dbcf1700fc46a2b2c89fd27b735f?s=96&d=mm&r=g\",\"contentUrl\":\"https:\\\/\\\/secure.gravatar.com\\\/avatar\\\/c052a2551a06e23fac63626232eaa90abd78dbcf1700fc46a2b2c89fd27b735f?s=96&d=mm&r=g\",\"caption\":\"Redacci\u00f3n A Nova Peneira\"},\"sameAs\":[\"http:\\\/\\\/www.anovapeneira.gal\\\/\"],\"url\":\"https:\\\/\\\/www.anovapeneira.gal\\\/index.php\\\/author\\\/redactor\\\/\"}]}<\/script>\n<!-- \/ Yoast SEO plugin. -->","yoast_head_json":{"title":"IV Edici\u00f3n da Feira de Sa\u00fade e Benestar FEIRAMOS -","robots":{"index":"index","follow":"follow","max-snippet":"max-snippet:-1","max-image-preview":"max-image-preview:large","max-video-preview":"max-video-preview:-1"},"canonical":"https:\/\/www.anovapeneira.gal\/index.php\/2025\/04\/28\/iv-edicion-da-feira-de-saude-e-benestar-feiramos\/","og_locale":"gl_ES","og_type":"article","og_title":"IV Edici\u00f3n da Feira de Sa\u00fade e Benestar FEIRAMOS -","og_description":"Os pr\u00f3ximos 10 e 11 de maio no pavill\u00f3n \u00d3scar Pereiro de Mos vaise celebrar a IV edici\u00f3n de FEIRAMOS, unha feira de sa\u00fade e benestar que presentar\u00e1 un abano enorme de terapias e talleres orientados \u00e1 sa\u00fade f\u00edsica e emocional das persoas [...]","og_url":"https:\/\/www.anovapeneira.gal\/index.php\/2025\/04\/28\/iv-edicion-da-feira-de-saude-e-benestar-feiramos\/","article_publisher":"https:\/\/www.facebook.com\/anovapeneira","article_published_time":"2025-04-28T08:00:50+00:00","og_image":[{"width":527,"height":261,"url":"https:\/\/www.anovapeneira.gal\/wp-content\/uploads\/2025\/04\/noelia_conde.jpg","type":"image\/jpeg"}],"author":"Redacci\u00f3n A Nova Peneira","twitter_card":"summary_large_image","twitter_creator":"@APeneira","twitter_site":"@APeneira","twitter_misc":{"Escrito por":"Redacci\u00f3n A Nova Peneira","Tempo de lectura":"2 minutos"},"schema":{"@context":"https:\/\/schema.org","@graph":[{"@type":"Article","@id":"https:\/\/www.anovapeneira.gal\/index.php\/2025\/04\/28\/iv-edicion-da-feira-de-saude-e-benestar-feiramos\/#article","isPartOf":{"@id":"https:\/\/www.anovapeneira.gal\/index.php\/2025\/04\/28\/iv-edicion-da-feira-de-saude-e-benestar-feiramos\/"},"author":{"name":"Redacci\u00f3n A Nova Peneira","@id":"https:\/\/www.anovapeneira.gal\/#\/schema\/person\/b93e3f8932e3f8da96334607eb6ac6aa"},"headline":"IV Edici\u00f3n da Feira de Sa\u00fade e Benestar FEIRAMOS","datePublished":"2025-04-28T08:00:50+00:00","mainEntityOfPage":{"@id":"https:\/\/www.anovapeneira.gal\/index.php\/2025\/04\/28\/iv-edicion-da-feira-de-saude-e-benestar-feiramos\/"},"wordCount":1262,"commentCount":0,"publisher":{"@id":"https:\/\/www.anovapeneira.gal\/#organization"},"image":{"@id":"https:\/\/www.anovapeneira.gal\/index.php\/2025\/04\/28\/iv-edicion-da-feira-de-saude-e-benestar-feiramos\/#primaryimage"},"thumbnailUrl":"https:\/\/www.anovapeneira.gal\/wp-content\/uploads\/2025\/04\/noelia_conde.jpg","keywords":["Concello de Mos"],"articleSection":["A Louri\u00f1a"],"inLanguage":"gl-ES","potentialAction":[{"@type":"CommentAction","name":"Comment","target":["https:\/\/www.anovapeneira.gal\/index.php\/2025\/04\/28\/iv-edicion-da-feira-de-saude-e-benestar-feiramos\/#respond"]}]},{"@type":"WebPage","@id":"https:\/\/www.anovapeneira.gal\/index.php\/2025\/04\/28\/iv-edicion-da-feira-de-saude-e-benestar-feiramos\/","url":"https:\/\/www.anovapeneira.gal\/index.php\/2025\/04\/28\/iv-edicion-da-feira-de-saude-e-benestar-feiramos\/","name":"IV Edici\u00f3n da Feira de Sa\u00fade e Benestar FEIRAMOS -","isPartOf":{"@id":"https:\/\/www.anovapeneira.gal\/#website"},"primaryImageOfPage":{"@id":"https:\/\/www.anovapeneira.gal\/index.php\/2025\/04\/28\/iv-edicion-da-feira-de-saude-e-benestar-feiramos\/#primaryimage"},"image":{"@id":"https:\/\/www.anovapeneira.gal\/index.php\/2025\/04\/28\/iv-edicion-da-feira-de-saude-e-benestar-feiramos\/#primaryimage"},"thumbnailUrl":"https:\/\/www.anovapeneira.gal\/wp-content\/uploads\/2025\/04\/noelia_conde.jpg","datePublished":"2025-04-28T08:00:50+00:00","breadcrumb":{"@id":"https:\/\/www.anovapeneira.gal\/index.php\/2025\/04\/28\/iv-edicion-da-feira-de-saude-e-benestar-feiramos\/#breadcrumb"},"inLanguage":"gl-ES","potentialAction":[{"@type":"ReadAction","target":["https:\/\/www.anovapeneira.gal\/index.php\/2025\/04\/28\/iv-edicion-da-feira-de-saude-e-benestar-feiramos\/"]}]},{"@type":"ImageObject","inLanguage":"gl-ES","@id":"https:\/\/www.anovapeneira.gal\/index.php\/2025\/04\/28\/iv-edicion-da-feira-de-saude-e-benestar-feiramos\/#primaryimage","url":"https:\/\/www.anovapeneira.gal\/wp-content\/uploads\/2025\/04\/noelia_conde.jpg","contentUrl":"https:\/\/www.anovapeneira.gal\/wp-content\/uploads\/2025\/04\/noelia_conde.jpg","width":527,"height":261,"caption":"Noelia Conde"},{"@type":"BreadcrumbList","@id":"https:\/\/www.anovapeneira.gal\/index.php\/2025\/04\/28\/iv-edicion-da-feira-de-saude-e-benestar-feiramos\/#breadcrumb","itemListElement":[{"@type":"ListItem","position":1,"name":"Portada","item":"https:\/\/www.anovapeneira.gal\/"},{"@type":"ListItem","position":2,"name":"IV Edici\u00f3n da Feira de Sa\u00fade e Benestar FEIRAMOS"}]},{"@type":"WebSite","@id":"https:\/\/www.anovapeneira.gal\/#website","url":"https:\/\/www.anovapeneira.gal\/","name":"","description":"Xornal galego de informaci\u00f3n xeral Publicaci\u00f3n mensual de novas de Galicia e en especial dos Concellos da sur da provincia de Pontevedra.","publisher":{"@id":"https:\/\/www.anovapeneira.gal\/#organization"},"potentialAction":[{"@type":"SearchAction","target":{"@type":"EntryPoint","urlTemplate":"https:\/\/www.anovapeneira.gal\/?s={search_term_string}"},"query-input":{"@type":"PropertyValueSpecification","valueRequired":true,"valueName":"search_term_string"}}],"inLanguage":"gl-ES"},{"@type":"Organization","@id":"https:\/\/www.anovapeneira.gal\/#organization","name":"A Nova Peneira","url":"https:\/\/www.anovapeneira.gal\/","logo":{"@type":"ImageObject","inLanguage":"gl-ES","@id":"https:\/\/www.anovapeneira.gal\/#\/schema\/logo\/image\/","url":"http:\/\/www.anovapeneira.gal\/wp-content\/uploads\/2019\/06\/logo_a_nova_peneira_portal_web.png","contentUrl":"http:\/\/www.anovapeneira.gal\/wp-content\/uploads\/2019\/06\/logo_a_nova_peneira_portal_web.png","width":300,"height":100,"caption":"A Nova Peneira"},"image":{"@id":"https:\/\/www.anovapeneira.gal\/#\/schema\/logo\/image\/"},"sameAs":["https:\/\/www.facebook.com\/anovapeneira","https:\/\/x.com\/APeneira"]},{"@type":"Person","@id":"https:\/\/www.anovapeneira.gal\/#\/schema\/person\/b93e3f8932e3f8da96334607eb6ac6aa","name":"Redacci\u00f3n A Nova Peneira","image":{"@type":"ImageObject","inLanguage":"gl-ES","@id":"https:\/\/secure.gravatar.com\/avatar\/c052a2551a06e23fac63626232eaa90abd78dbcf1700fc46a2b2c89fd27b735f?s=96&d=mm&r=g","url":"https:\/\/secure.gravatar.com\/avatar\/c052a2551a06e23fac63626232eaa90abd78dbcf1700fc46a2b2c89fd27b735f?s=96&d=mm&r=g","contentUrl":"https:\/\/secure.gravatar.com\/avatar\/c052a2551a06e23fac63626232eaa90abd78dbcf1700fc46a2b2c89fd27b735f?s=96&d=mm&r=g","caption":"Redacci\u00f3n A Nova Peneira"},"sameAs":["http:\/\/www.anovapeneira.gal\/"],"url":"https:\/\/www.anovapeneira.gal\/index.php\/author\/redactor\/"}]}},"jetpack_featured_media_url":"https:\/\/www.anovapeneira.gal\/wp-content\/uploads\/2025\/04\/noelia_conde.jpg","_links":{"self":[{"href":"https:\/\/www.anovapeneira.gal\/index.php\/wp-json\/wp\/v2\/posts\/13777","targetHints":{"allow":["GET"]}}],"collection":[{"href":"https:\/\/www.anovapeneira.gal\/index.php\/wp-json\/wp\/v2\/posts"}],"about":[{"href":"https:\/\/www.anovapeneira.gal\/index.php\/wp-json\/wp\/v2\/types\/post"}],"author":[{"embeddable":true,"href":"https:\/\/www.anovapeneira.gal\/index.php\/wp-json\/wp\/v2\/users\/3"}],"replies":[{"embeddable":true,"href":"https:\/\/www.anovapeneira.gal\/index.php\/wp-json\/wp\/v2\/comments?post=13777"}],"version-history":[{"count":2,"href":"https:\/\/www.anovapeneira.gal\/index.php\/wp-json\/wp\/v2\/posts\/13777\/revisions"}],"predecessor-version":[{"id":13782,"href":"https:\/\/www.anovapeneira.gal\/index.php\/wp-json\/wp\/v2\/posts\/13777\/revisions\/13782"}],"wp:featuredmedia":[{"embeddable":true,"href":"https:\/\/www.anovapeneira.gal\/index.php\/wp-json\/wp\/v2\/media\/13778"}],"wp:attachment":[{"href":"https:\/\/www.anovapeneira.gal\/index.php\/wp-json\/wp\/v2\/media?parent=13777"}],"wp:term":[{"taxonomy":"category","embeddable":true,"href":"https:\/\/www.anovapeneira.gal\/index.php\/wp-json\/wp\/v2\/categories?post=13777"},{"taxonomy":"post_tag","embeddable":true,"href":"https:\/\/www.anovapeneira.gal\/index.php\/wp-json\/wp\/v2\/tags?post=13777"}],"curies":[{"name":"wp","href":"https:\/\/api.w.org\/{rel}","templated":true}]}}