{"id":13783,"date":"2025-04-28T12:00:39","date_gmt":"2025-04-28T10:00:39","guid":{"rendered":"https:\/\/www.anovapeneira.gal\/?p=13783"},"modified":"2025-04-25T10:41:21","modified_gmt":"2025-04-25T08:41:21","slug":"a-macrocelulosa-de-altri-ameaza-existencial-para-a-comarca-da-ulloa","status":"publish","type":"post","link":"https:\/\/www.anovapeneira.gal\/index.php\/2025\/04\/28\/a-macrocelulosa-de-altri-ameaza-existencial-para-a-comarca-da-ulloa\/","title":{"rendered":"A macrocelulosa de Altri ameaza existencial para a comarca da Ulloa"},"content":{"rendered":"\n<p><strong>No coraz\u00f3n de Galicia, na comarca da Ulloa e no concello de Palas de Rei, os irresponsables que gobernan a Xunta pretenden instalar unha macrocelulosa, moito m\u00e1is grande que a que desde hai d\u00e9cadas tortura \u00e1 R\u00eda de Pontevedra, para producir 400.000 toneladas de celulosa e 200.000 de Lyocell. A empresa precisar\u00eda consumir a mesma cantidade de auga que a que bebe toda a provincia de Lugo e enormes cantidade de madeira de eucalipto. A contestaci\u00f3n social a ese disparate, que por\u00eda en serio perigo \u00e1 comarca da Ulloa e \u00e1 r\u00eda de Arousa, \u00e9 enorme e est\u00e1 fundamentalmente artellada arredor da plataforma Ulloa Viva. N\u00f3s falamos con Braulio, un membro da s\u00faa xunta directiva provisoria.<\/strong><\/p>\n\n\n\n<p><strong>Braulio Vilari\u00f1o Varela, membro da xunta directiva provisoria da plataforma Ulloa Viva.<\/strong><\/p>\n\n\n\n<p>\u201c<strong>Altri \u00e9 un proxecto que arrasar\u00eda a comarca da Ulloa e ter\u00eda consecuencias funestas para Galicia enteira. Temos que paralo. Deb\u00e9mosllo a quen estivo antes que n\u00f3s, e sobre todo deb\u00e9mosllo aos que ve\u00f1an despois\u201d<\/strong><\/p>\n\n\n\n<p><strong>Ti es veci\u00f1o de Palas de Rei, verdade?<\/strong><\/p>\n\n\n\n<blockquote class=\"wp-block-quote is-layout-flow wp-block-quote-is-layout-flow\">\n<p>Son veci\u00f1o e nativo de Palas de Rei. Estiven un tempo vivindo en Vigo, cando era neno, e tam\u00e9n en Compostela, pero a gora vivo na localidade na que nac\u00edn. Cando os cami\u00f1os da vida me levaron a vivir f\u00f3ra, nunca deixei de manter un profundo v\u00ednculo con Palas.<\/p>\n<\/blockquote>\n\n\n\n<p><strong>Cando volviches definitivamente a Palas?<\/strong><\/p>\n\n\n\n<blockquote class=\"wp-block-quote is-layout-flow wp-block-quote-is-layout-flow\">\n<p>No ano 2013.<\/p>\n<\/blockquote>\n\n\n\n<p><strong>A que te dedicaches na t\u00faa vida profesional?<\/strong><\/p>\n\n\n\n<blockquote class=\"wp-block-quote is-layout-flow wp-block-quote-is-layout-flow\">\n<p>Traballei en diversos sectores, fundamentalmente na hostalar\u00eda. Tiven bastantes anos un local en Santiago, o Modus Vivendi.<\/p>\n<\/blockquote>\n\n\n\n<p><strong>Vaia, o mundo \u00e9 un pano. Eu cando estudaba a carreira en Santiago fun cliente dese local<\/strong><\/p>\n\n\n\n<blockquote class=\"wp-block-quote is-layout-flow wp-block-quote-is-layout-flow\">\n<p>Pois vaia,o mundo \u00e9 un pano desde logo que si.<\/p>\n<\/blockquote>\n\n\n\n<p><strong>Como \u00e9 Palas de Rei?<\/strong><\/p>\n\n\n\n<blockquote class=\"wp-block-quote is-layout-flow wp-block-quote-is-layout-flow\">\n<p>\u00c9 un concello moi grande, ter\u00e1 arredor de 400 quil\u00f3metros cadrados, cos n\u00facleos de poboaci\u00f3n moi espallados, como moitos concellos do rural galego, e que ter\u00e1 arredor de 3.000 habitantes. F\u00edxate ata que punto \u00e9 as\u00ed que, al\u00e9n do casco urbano, temos 43 parroquias. O cami\u00f1o de Santiago, tanto o primitivo como o franc\u00e9s, pasan polo noso Concello. Somos parte da Comarca da Ulloa.<\/p>\n<\/blockquote>\n\n\n\n<p><strong>Que outros Concellos forman parte desa comarca?<\/strong><\/p>\n\n\n\n<blockquote class=\"wp-block-quote is-layout-flow wp-block-quote-is-layout-flow\">\n<p>Antas de Ulla, e Monterroso. Os tres concellos formamos a comarca da Ulloa que ten unha identidade comarcal moi marcada.<\/p>\n<\/blockquote>\n\n\n\n<p><strong>Cales son os motores econ\u00f3micos da comarca da Ulloa?<\/strong><\/p>\n\n\n\n<blockquote class=\"wp-block-quote is-layout-flow wp-block-quote-is-layout-flow\">\n<p>Al\u00e9n dun pequeno sector servizos: gasolineiras,cafeter\u00edas, funerarias&#8230;.somos unha comarca que vive do cami\u00f1o de Santiago e que \u00e9 esencialmente agrogandeira,Temos un sector moi importante de produci\u00f3n l\u00e1ctea e unha moi relevante orientaci\u00f3n cara ao ecol\u00f3xico. Contamos con produtores non s\u00f3 de alimentos sen\u00f3n tam\u00e9n de herbas medicinais, leite, iogur e carne ecol\u00f3xicas&#8230;<\/p>\n<\/blockquote>\n\n\n\n<p><strong>Grandes industrias hai?<\/strong><\/p>\n\n\n\n<blockquote class=\"wp-block-quote is-layout-flow wp-block-quote-is-layout-flow\">\n<p>Temos no pol\u00edgono industrial unha que produce roupa deportiva e monta instalaci\u00f3ns de deportes que xera m\u00e1is emprego do que poder\u00eda xerar Altri se se chegase a instalar. Nesa empresa hai xente moi nova, moi preparada e fundamentalmente do entorno.<\/p>\n<\/blockquote>\n\n\n\n<blockquote class=\"wp-block-quote is-layout-flow wp-block-quote-is-layout-flow\">\n<p>Tam\u00e9n temos unha das maiores produtoras de ovos de todo o estado, que igualmente ten m\u00e1is empregados dos que poder\u00eda ter Altri.<\/p>\n<\/blockquote>\n\n\n\n<blockquote class=\"wp-block-quote is-layout-flow wp-block-quote-is-layout-flow\">\n<p>Agora naceu unha nova industria que se dedica \u00e1 produci\u00f3n de prote\u00edna animal a base de larva de mosca.<\/p>\n<\/blockquote>\n\n\n\n<p><strong>A Ulloa precisa a Altri?<\/strong><\/p>\n\n\n\n<blockquote class=\"wp-block-quote is-layout-flow wp-block-quote-is-layout-flow\">\n<p>Non, para nada. Somos unha comarca en crecemento que non precisamos para nada o proxecto desa empresa. Se se instalase por\u00eda en risco a moitos postos de traballo que xa existen.<\/p>\n<\/blockquote>\n\n\n\n<p><strong>Cales son os principais atractivos naturais da Ulloa?<\/strong><\/p>\n\n\n\n<blockquote class=\"wp-block-quote is-layout-flow wp-block-quote-is-layout-flow\">\n<p>O bosque aut\u00f3ctono acolledor de vida, en perigo por mor da proliferaci\u00f3n de eucaliptos, varios r\u00edos limpos, entre os que c\u00f3mpre salientar ao r\u00edo Ulla que como sabes conforma a r\u00eda de Arousa, unha das zonas de maior e mellor produci\u00f3n de marisco.<\/p>\n<\/blockquote>\n\n\n\n<blockquote class=\"wp-block-quote is-layout-flow wp-block-quote-is-layout-flow\">\n<p>A variedade de paisaxes \u00e9 tam\u00e9n parte da alma da Ulloa. E non \u00e9 o mesmo a variedade de bosques e multiplicidade de que vida que se d\u00e1 na vexetaci\u00f3n aut\u00f3ctona c\u00e1s masas pardas e uniformes das plantaci\u00f3ns de eucaliptos.<\/p>\n<\/blockquote>\n\n\n\n<p><strong>A enorme beleza da vosa comarca imaxino que a far\u00e1 receptora dun turismo de calidade?<\/strong><\/p>\n\n\n\n<blockquote class=\"wp-block-quote is-layout-flow wp-block-quote-is-layout-flow\">\n<p>Si, as\u00ed \u00e9. De feito temos numerosas casas de turismo rural que viven das persoas que ve\u00f1en a co\u00f1ecer os nosos r\u00edos e bosques e os indubidables tesouros naturais que agochan. Pero \u00e9 un turismo equilibrado, que crea riqueza sen agredir ao entorno no que vivimos.<\/p>\n<\/blockquote>\n\n\n\n<p><strong>A plataforma Ulloa Viva, da que es membro, onde naceu?<\/strong><\/p>\n\n\n\n<blockquote class=\"wp-block-quote is-layout-flow wp-block-quote-is-layout-flow\">\n<p>Naceu en Palas.<\/p>\n<\/blockquote>\n\n\n\n<p><strong>Cantos socios e socias tendes?<\/strong><\/p>\n\n\n\n<blockquote class=\"wp-block-quote is-layout-flow wp-block-quote-is-layout-flow\">\n<p>Arredor de 1.500 en toda Galicia.<\/p>\n<\/blockquote>\n\n\n\n<p><strong>Tedes implantaci\u00f3n en todo o pa\u00eds?<\/strong><\/p>\n\n\n\n<blockquote class=\"wp-block-quote is-layout-flow wp-block-quote-is-layout-flow\">\n<p>Temos socios e socias en toda Galicia, si, porque Altri xa se converteu nun problema nacional. Se se acabase por instalar as s\u00faas funestas consecuencias afectar\u00edan a todo o pa\u00eds.<\/p>\n<\/blockquote>\n\n\n\n<p><strong>Ulloa Viva \u00e9 unha plataforma da sociedade civil organizada?, ou \u00e9,como di o PP, un sat\u00e9lite do nacionalismo?<\/strong><\/p>\n\n\n\n<blockquote class=\"wp-block-quote is-layout-flow wp-block-quote-is-layout-flow\">\n<p>D\u00edgocho con rotundidade absoluta e sen ning\u00fan tipo de matiz: Ulloa viva \u00e9 unha plataforma transversal da sociedade civil organizada. Na nosa plataforma convivimos persoas de moi diferente adscrici\u00f3n ideol\u00f3xica, tam\u00e9n as hai do PP. \u00c9 m\u00e1is; un fen\u00f3meno que acontece con certa frecuencia \u00e9 que hai persoas na plataforma claramente connotadas co PP que te\u00f1en medo a significarse publicamente. Pero est\u00e1n, e sendo do PP non queren a Altri na nosa comarca.<\/p>\n<\/blockquote>\n\n\n\n<p><strong>Que nos dis do papel das distintas forzas pol\u00edticas?<\/strong><\/p>\n\n\n\n<blockquote class=\"wp-block-quote is-layout-flow wp-block-quote-is-layout-flow\">\n<p>O BNG foi o primeiro que se puxo do noso lado e que manifestou con claridade a s\u00faa posici\u00f3n contraria a Altri e ergueu a s\u00faa voz con contundencia na defensa do territorio. O PSOE tardou bastante, pero parece que comeza a amosar tam\u00e9n a s\u00faa posici\u00f3n contraria, a\u00ednda que non coa contundencia que a n\u00f3s nos gustar\u00eda. O PP pois que dicir , son os impulsores deste disparate.<\/p>\n<\/blockquote>\n\n\n\n<blockquote class=\"wp-block-quote is-layout-flow wp-block-quote-is-layout-flow\">\n<p>Quero agradecer tam\u00e9n a visita que nos fixo, e o apoio incondicional que nos deu, o coordinador estatal de Izquierda Unida.<\/p>\n<\/blockquote>\n\n\n\n<p><strong>Quen goberna nos 3 concellos da Ulloa e que posici\u00f3n te\u00f1en as 3 alcald\u00edas?<\/strong><\/p>\n\n\n\n<blockquote class=\"wp-block-quote is-layout-flow wp-block-quote-is-layout-flow\">\n<p>En Antas de Ulla goberna o PSOE, est\u00e1n en contra, e en Palas e Monterroso goberna o PP e est\u00e1n a favor de Altri.<\/p>\n<\/blockquote>\n\n\n\n<p><strong>Que consecuencias ter\u00eda a implantaci\u00f3n de Altri?<\/strong><\/p>\n\n\n\n<blockquote class=\"wp-block-quote is-layout-flow wp-block-quote-is-layout-flow\">\n<p>As consecuencias ser\u00edan desastrosas tanto econ\u00f3micas, como sociais, como ambientais:<\/p>\n<\/blockquote>\n\n\n\n<blockquote class=\"wp-block-quote is-layout-flow wp-block-quote-is-layout-flow\">\n<p>-Destruir\u00eda unha enorme cantidade de postos de traballo.<\/p>\n\n\n\n<p>-Haber\u00eda perigo real para a sa\u00fade das persoas.<\/p>\n\n\n\n<p>-Fomentar\u00eda o despoboamento da nosa comarca e o abandono do rural.<\/p>\n\n\n\n<p>-Arrasar\u00eda cun territorio de enorme riqueza ambiental que nunca, nunca xamais, volver\u00eda a ser como \u00e9 agora.<\/p>\n<\/blockquote>\n\n\n\n<p><strong>As consecuencias que describes afectar\u00edan s\u00f3 \u00e1 comarca da Ulloa?<\/strong><\/p>\n\n\n\n<blockquote class=\"wp-block-quote is-layout-flow wp-block-quote-is-layout-flow\">\n<p>Non, claro que non. Afectar\u00edan a todo o pa\u00eds. O proxecto da macro celulosa de Altri \u00e9 unha bomba ambiental para Galicia enteira.<\/p>\n<\/blockquote>\n\n\n\n<p><strong>Poder\u00eda por en perigo existencial ao r\u00edo Ulla?<\/strong><\/p>\n\n\n\n<blockquote class=\"wp-block-quote is-layout-flow wp-block-quote-is-layout-flow\">\n<p>Si, desde logo que si, e \u00e1 r\u00eda de Arousa tam\u00e9n.<\/p>\n<\/blockquote>\n\n\n\n<p><strong>Cantos postos de traballo crear\u00eda Altri se finalmente se instala?<\/strong><\/p>\n\n\n\n<blockquote class=\"wp-block-quote is-layout-flow wp-block-quote-is-layout-flow\">\n<p>Comezaron falando de 2.500 e logo foron baixando. N\u00f3s calculamos que entre t\u00e9cnicos e operarios ser\u00edan arredor de 250.En calquera caso moitos menos dos que destruir\u00eda.<\/p>\n<\/blockquote>\n\n\n\n<p><strong>Cal \u00e9 a t\u00faa percepci\u00f3n de como pode rematar este tema?<\/strong><\/p>\n\n\n\n<blockquote class=\"wp-block-quote is-layout-flow wp-block-quote-is-layout-flow\">\n<p>Eu creo que non se vai instalar. E d\u00edgoo porque a contestaci\u00f3n social \u00e9 enorme. A inmensa maior\u00eda da sociedade da comarca da Ulloa est\u00e1 en contra de que se instale esa empresa nas nosas terras. E estamos dispostos a chegar ata ao final para que non se instale. A grande maior\u00eda da Ulloa est\u00e1 en contra de Altri pero non toda, tam\u00e9n hai persoas que est\u00e1n a favor. Entre elas un palense ao que consideramos o grande responsable de que esteamos nesta situaci\u00f3n.<\/p>\n<\/blockquote>\n\n\n\n<p><strong>Ref\u00edreste a Pepe Blanco?<\/strong><\/p>\n\n\n\n<blockquote class=\"wp-block-quote is-layout-flow wp-block-quote-is-layout-flow\">\n<p>Si, ref\u00edrome a Pepe Blanco. Hai moitos veci\u00f1os e veci\u00f1as de Palas de Rei que non queremos nin velo diante.<\/p>\n<\/blockquote>\n\n\n\n<p><strong>Moitas grazas Braulio<\/strong><\/p>\n\n\n\n<blockquote class=\"wp-block-quote is-layout-flow wp-block-quote-is-layout-flow\">\n<p>Moitas grazas a v\u00f3s. Se me permites quixera convidar aos lectores e lectoras a que tomen partido e nos boten unha man, porque a forza da sociedade civil organizada \u00e9 imparable e \u00e9 a \u00fanica maneira de frear os abusos e as inxustizas. Altri \u00e9 un proxecto que arrasar\u00eda a comarca da Ulloa e ter\u00eda consecuencias nefastas para Galicia enteira. Temos que paralo, deb\u00e9mosllo a quen estivo antes que n\u00f3s e sobre todo deb\u00e9mosllo a quen ve\u00f1a despois.<\/p>\n<\/blockquote>\n","protected":false},"excerpt":{"rendered":"<div class=\"mh-excerpt\"><p>No coraz\u00f3n de Galicia, na comarca da Ulloa e no concello de Palas de Rei, os irresponsables que gobernan a Xunta pretenden instalar unha macrocelulosa, moito m\u00e1is grande que a que desde hai d\u00e9cadas tortura \u00e1 R\u00eda de Pontevedra, para producir 400.000 toneladas de celulosa e 200.000 de Lyocell. <a class=\"mh-excerpt-more\" href=\"https:\/\/www.anovapeneira.gal\/index.php\/2025\/04\/28\/a-macrocelulosa-de-altri-ameaza-existencial-para-a-comarca-da-ulloa\/\" title=\"A macrocelulosa de Altri ameaza existencial para a comarca da Ulloa\">[&#8230;]<\/a><\/p>\n<\/div>","protected":false},"author":2,"featured_media":13784,"comment_status":"open","ping_status":"open","sticky":false,"template":"","format":"standard","meta":{"_exactmetrics_skip_tracking":false,"_exactmetrics_sitenote_active":false,"_exactmetrics_sitenote_note":"","_exactmetrics_sitenote_category":0,"footnotes":""},"categories":[264],"tags":[1398],"class_list":{"0":"post-13783","1":"post","2":"type-post","3":"status-publish","4":"format-standard","5":"has-post-thumbnail","7":"category-entrevistas-galicia","8":"tag-altri"},"yoast_head":"<!-- This site is optimized with the Yoast SEO plugin v27.4 - https:\/\/yoast.com\/product\/yoast-seo-wordpress\/ -->\n<title>A macrocelulosa de Altri ameaza existencial para a comarca da Ulloa -<\/title>\n<meta name=\"robots\" content=\"index, follow, max-snippet:-1, max-image-preview:large, max-video-preview:-1\" \/>\n<link rel=\"canonical\" href=\"https:\/\/www.anovapeneira.gal\/index.php\/2025\/04\/28\/a-macrocelulosa-de-altri-ameaza-existencial-para-a-comarca-da-ulloa\/\" \/>\n<meta property=\"og:locale\" content=\"gl_ES\" \/>\n<meta property=\"og:type\" content=\"article\" \/>\n<meta property=\"og:title\" content=\"A macrocelulosa de Altri ameaza existencial para a comarca da Ulloa -\" \/>\n<meta property=\"og:description\" content=\"No coraz\u00f3n de Galicia, na comarca da Ulloa e no concello de Palas de Rei, os irresponsables que gobernan a Xunta pretenden instalar unha macrocelulosa, moito m\u00e1is grande que a que desde hai d\u00e9cadas tortura \u00e1 R\u00eda de Pontevedra, para producir 400.000 toneladas de celulosa e 200.000 de Lyocell. [...]\" \/>\n<meta property=\"og:url\" content=\"https:\/\/www.anovapeneira.gal\/index.php\/2025\/04\/28\/a-macrocelulosa-de-altri-ameaza-existencial-para-a-comarca-da-ulloa\/\" \/>\n<meta property=\"article:publisher\" content=\"https:\/\/www.facebook.com\/anovapeneira\" \/>\n<meta property=\"article:published_time\" content=\"2025-04-28T10:00:39+00:00\" \/>\n<meta property=\"og:image\" content=\"https:\/\/www.anovapeneira.gal\/wp-content\/uploads\/2025\/04\/altri.jpg\" \/>\n\t<meta property=\"og:image:width\" content=\"720\" \/>\n\t<meta property=\"og:image:height\" content=\"432\" \/>\n\t<meta property=\"og:image:type\" content=\"image\/jpeg\" \/>\n<meta name=\"author\" content=\"Tino Lago\" \/>\n<meta name=\"twitter:card\" content=\"summary_large_image\" \/>\n<meta name=\"twitter:creator\" content=\"@APeneira\" \/>\n<meta name=\"twitter:site\" content=\"@APeneira\" \/>\n<meta name=\"twitter:label1\" content=\"Escrito por\" \/>\n\t<meta name=\"twitter:data1\" content=\"Tino Lago\" \/>\n\t<meta name=\"twitter:label2\" content=\"Tempo de lectura\" \/>\n\t<meta name=\"twitter:data2\" content=\"3 minutos\" \/>\n<script type=\"application\/ld+json\" class=\"yoast-schema-graph\">{\"@context\":\"https:\\\/\\\/schema.org\",\"@graph\":[{\"@type\":\"Article\",\"@id\":\"https:\\\/\\\/www.anovapeneira.gal\\\/index.php\\\/2025\\\/04\\\/28\\\/a-macrocelulosa-de-altri-ameaza-existencial-para-a-comarca-da-ulloa\\\/#article\",\"isPartOf\":{\"@id\":\"https:\\\/\\\/www.anovapeneira.gal\\\/index.php\\\/2025\\\/04\\\/28\\\/a-macrocelulosa-de-altri-ameaza-existencial-para-a-comarca-da-ulloa\\\/\"},\"author\":{\"name\":\"Tino Lago\",\"@id\":\"https:\\\/\\\/www.anovapeneira.gal\\\/#\\\/schema\\\/person\\\/424dfe65e3070fd8a44d22d2c088762a\"},\"headline\":\"A macrocelulosa de Altri ameaza existencial para a comarca da Ulloa\",\"datePublished\":\"2025-04-28T10:00:39+00:00\",\"mainEntityOfPage\":{\"@id\":\"https:\\\/\\\/www.anovapeneira.gal\\\/index.php\\\/2025\\\/04\\\/28\\\/a-macrocelulosa-de-altri-ameaza-existencial-para-a-comarca-da-ulloa\\\/\"},\"wordCount\":1463,\"commentCount\":0,\"publisher\":{\"@id\":\"https:\\\/\\\/www.anovapeneira.gal\\\/#organization\"},\"image\":{\"@id\":\"https:\\\/\\\/www.anovapeneira.gal\\\/index.php\\\/2025\\\/04\\\/28\\\/a-macrocelulosa-de-altri-ameaza-existencial-para-a-comarca-da-ulloa\\\/#primaryimage\"},\"thumbnailUrl\":\"https:\\\/\\\/www.anovapeneira.gal\\\/wp-content\\\/uploads\\\/2025\\\/04\\\/altri.jpg\",\"keywords\":[\"Altri\"],\"articleSection\":[\"Entrevistas\"],\"inLanguage\":\"gl-ES\",\"potentialAction\":[{\"@type\":\"CommentAction\",\"name\":\"Comment\",\"target\":[\"https:\\\/\\\/www.anovapeneira.gal\\\/index.php\\\/2025\\\/04\\\/28\\\/a-macrocelulosa-de-altri-ameaza-existencial-para-a-comarca-da-ulloa\\\/#respond\"]}]},{\"@type\":\"WebPage\",\"@id\":\"https:\\\/\\\/www.anovapeneira.gal\\\/index.php\\\/2025\\\/04\\\/28\\\/a-macrocelulosa-de-altri-ameaza-existencial-para-a-comarca-da-ulloa\\\/\",\"url\":\"https:\\\/\\\/www.anovapeneira.gal\\\/index.php\\\/2025\\\/04\\\/28\\\/a-macrocelulosa-de-altri-ameaza-existencial-para-a-comarca-da-ulloa\\\/\",\"name\":\"A macrocelulosa de Altri ameaza existencial para a comarca da Ulloa -\",\"isPartOf\":{\"@id\":\"https:\\\/\\\/www.anovapeneira.gal\\\/#website\"},\"primaryImageOfPage\":{\"@id\":\"https:\\\/\\\/www.anovapeneira.gal\\\/index.php\\\/2025\\\/04\\\/28\\\/a-macrocelulosa-de-altri-ameaza-existencial-para-a-comarca-da-ulloa\\\/#primaryimage\"},\"image\":{\"@id\":\"https:\\\/\\\/www.anovapeneira.gal\\\/index.php\\\/2025\\\/04\\\/28\\\/a-macrocelulosa-de-altri-ameaza-existencial-para-a-comarca-da-ulloa\\\/#primaryimage\"},\"thumbnailUrl\":\"https:\\\/\\\/www.anovapeneira.gal\\\/wp-content\\\/uploads\\\/2025\\\/04\\\/altri.jpg\",\"datePublished\":\"2025-04-28T10:00:39+00:00\",\"breadcrumb\":{\"@id\":\"https:\\\/\\\/www.anovapeneira.gal\\\/index.php\\\/2025\\\/04\\\/28\\\/a-macrocelulosa-de-altri-ameaza-existencial-para-a-comarca-da-ulloa\\\/#breadcrumb\"},\"inLanguage\":\"gl-ES\",\"potentialAction\":[{\"@type\":\"ReadAction\",\"target\":[\"https:\\\/\\\/www.anovapeneira.gal\\\/index.php\\\/2025\\\/04\\\/28\\\/a-macrocelulosa-de-altri-ameaza-existencial-para-a-comarca-da-ulloa\\\/\"]}]},{\"@type\":\"ImageObject\",\"inLanguage\":\"gl-ES\",\"@id\":\"https:\\\/\\\/www.anovapeneira.gal\\\/index.php\\\/2025\\\/04\\\/28\\\/a-macrocelulosa-de-altri-ameaza-existencial-para-a-comarca-da-ulloa\\\/#primaryimage\",\"url\":\"https:\\\/\\\/www.anovapeneira.gal\\\/wp-content\\\/uploads\\\/2025\\\/04\\\/altri.jpg\",\"contentUrl\":\"https:\\\/\\\/www.anovapeneira.gal\\\/wp-content\\\/uploads\\\/2025\\\/04\\\/altri.jpg\",\"width\":720,\"height\":432,\"caption\":\"Braulio Vilari\u00f1o Varela\"},{\"@type\":\"BreadcrumbList\",\"@id\":\"https:\\\/\\\/www.anovapeneira.gal\\\/index.php\\\/2025\\\/04\\\/28\\\/a-macrocelulosa-de-altri-ameaza-existencial-para-a-comarca-da-ulloa\\\/#breadcrumb\",\"itemListElement\":[{\"@type\":\"ListItem\",\"position\":1,\"name\":\"Portada\",\"item\":\"https:\\\/\\\/www.anovapeneira.gal\\\/\"},{\"@type\":\"ListItem\",\"position\":2,\"name\":\"A macrocelulosa de Altri ameaza existencial para a comarca da Ulloa\"}]},{\"@type\":\"WebSite\",\"@id\":\"https:\\\/\\\/www.anovapeneira.gal\\\/#website\",\"url\":\"https:\\\/\\\/www.anovapeneira.gal\\\/\",\"name\":\"\",\"description\":\"Xornal galego de informaci\u00f3n xeral Publicaci\u00f3n mensual de novas de Galicia e en especial dos Concellos da sur da provincia de Pontevedra.\",\"publisher\":{\"@id\":\"https:\\\/\\\/www.anovapeneira.gal\\\/#organization\"},\"potentialAction\":[{\"@type\":\"SearchAction\",\"target\":{\"@type\":\"EntryPoint\",\"urlTemplate\":\"https:\\\/\\\/www.anovapeneira.gal\\\/?s={search_term_string}\"},\"query-input\":{\"@type\":\"PropertyValueSpecification\",\"valueRequired\":true,\"valueName\":\"search_term_string\"}}],\"inLanguage\":\"gl-ES\"},{\"@type\":\"Organization\",\"@id\":\"https:\\\/\\\/www.anovapeneira.gal\\\/#organization\",\"name\":\"A Nova Peneira\",\"url\":\"https:\\\/\\\/www.anovapeneira.gal\\\/\",\"logo\":{\"@type\":\"ImageObject\",\"inLanguage\":\"gl-ES\",\"@id\":\"https:\\\/\\\/www.anovapeneira.gal\\\/#\\\/schema\\\/logo\\\/image\\\/\",\"url\":\"http:\\\/\\\/www.anovapeneira.gal\\\/wp-content\\\/uploads\\\/2019\\\/06\\\/logo_a_nova_peneira_portal_web.png\",\"contentUrl\":\"http:\\\/\\\/www.anovapeneira.gal\\\/wp-content\\\/uploads\\\/2019\\\/06\\\/logo_a_nova_peneira_portal_web.png\",\"width\":300,\"height\":100,\"caption\":\"A Nova Peneira\"},\"image\":{\"@id\":\"https:\\\/\\\/www.anovapeneira.gal\\\/#\\\/schema\\\/logo\\\/image\\\/\"},\"sameAs\":[\"https:\\\/\\\/www.facebook.com\\\/anovapeneira\",\"https:\\\/\\\/x.com\\\/APeneira\"]},{\"@type\":\"Person\",\"@id\":\"https:\\\/\\\/www.anovapeneira.gal\\\/#\\\/schema\\\/person\\\/424dfe65e3070fd8a44d22d2c088762a\",\"name\":\"Tino Lago\",\"image\":{\"@type\":\"ImageObject\",\"inLanguage\":\"gl-ES\",\"@id\":\"https:\\\/\\\/secure.gravatar.com\\\/avatar\\\/b3df6a06e44bab3111583b90f0f33a0379ee5e3d22cbadd232d39f21c30c62be?s=96&d=mm&r=g\",\"url\":\"https:\\\/\\\/secure.gravatar.com\\\/avatar\\\/b3df6a06e44bab3111583b90f0f33a0379ee5e3d22cbadd232d39f21c30c62be?s=96&d=mm&r=g\",\"contentUrl\":\"https:\\\/\\\/secure.gravatar.com\\\/avatar\\\/b3df6a06e44bab3111583b90f0f33a0379ee5e3d22cbadd232d39f21c30c62be?s=96&d=mm&r=g\",\"caption\":\"Tino Lago\"},\"sameAs\":[\"http:\\\/\\\/www.anovapeneira.gal\"],\"url\":\"https:\\\/\\\/www.anovapeneira.gal\\\/index.php\\\/author\\\/director\\\/\"}]}<\/script>\n<!-- \/ Yoast SEO plugin. -->","yoast_head_json":{"title":"A macrocelulosa de Altri ameaza existencial para a comarca da Ulloa -","robots":{"index":"index","follow":"follow","max-snippet":"max-snippet:-1","max-image-preview":"max-image-preview:large","max-video-preview":"max-video-preview:-1"},"canonical":"https:\/\/www.anovapeneira.gal\/index.php\/2025\/04\/28\/a-macrocelulosa-de-altri-ameaza-existencial-para-a-comarca-da-ulloa\/","og_locale":"gl_ES","og_type":"article","og_title":"A macrocelulosa de Altri ameaza existencial para a comarca da Ulloa -","og_description":"No coraz\u00f3n de Galicia, na comarca da Ulloa e no concello de Palas de Rei, os irresponsables que gobernan a Xunta pretenden instalar unha macrocelulosa, moito m\u00e1is grande que a que desde hai d\u00e9cadas tortura \u00e1 R\u00eda de Pontevedra, para producir 400.000 toneladas de celulosa e 200.000 de Lyocell. [...]","og_url":"https:\/\/www.anovapeneira.gal\/index.php\/2025\/04\/28\/a-macrocelulosa-de-altri-ameaza-existencial-para-a-comarca-da-ulloa\/","article_publisher":"https:\/\/www.facebook.com\/anovapeneira","article_published_time":"2025-04-28T10:00:39+00:00","og_image":[{"width":720,"height":432,"url":"https:\/\/www.anovapeneira.gal\/wp-content\/uploads\/2025\/04\/altri.jpg","type":"image\/jpeg"}],"author":"Tino Lago","twitter_card":"summary_large_image","twitter_creator":"@APeneira","twitter_site":"@APeneira","twitter_misc":{"Escrito por":"Tino Lago","Tempo de lectura":"3 minutos"},"schema":{"@context":"https:\/\/schema.org","@graph":[{"@type":"Article","@id":"https:\/\/www.anovapeneira.gal\/index.php\/2025\/04\/28\/a-macrocelulosa-de-altri-ameaza-existencial-para-a-comarca-da-ulloa\/#article","isPartOf":{"@id":"https:\/\/www.anovapeneira.gal\/index.php\/2025\/04\/28\/a-macrocelulosa-de-altri-ameaza-existencial-para-a-comarca-da-ulloa\/"},"author":{"name":"Tino Lago","@id":"https:\/\/www.anovapeneira.gal\/#\/schema\/person\/424dfe65e3070fd8a44d22d2c088762a"},"headline":"A macrocelulosa de Altri ameaza existencial para a comarca da Ulloa","datePublished":"2025-04-28T10:00:39+00:00","mainEntityOfPage":{"@id":"https:\/\/www.anovapeneira.gal\/index.php\/2025\/04\/28\/a-macrocelulosa-de-altri-ameaza-existencial-para-a-comarca-da-ulloa\/"},"wordCount":1463,"commentCount":0,"publisher":{"@id":"https:\/\/www.anovapeneira.gal\/#organization"},"image":{"@id":"https:\/\/www.anovapeneira.gal\/index.php\/2025\/04\/28\/a-macrocelulosa-de-altri-ameaza-existencial-para-a-comarca-da-ulloa\/#primaryimage"},"thumbnailUrl":"https:\/\/www.anovapeneira.gal\/wp-content\/uploads\/2025\/04\/altri.jpg","keywords":["Altri"],"articleSection":["Entrevistas"],"inLanguage":"gl-ES","potentialAction":[{"@type":"CommentAction","name":"Comment","target":["https:\/\/www.anovapeneira.gal\/index.php\/2025\/04\/28\/a-macrocelulosa-de-altri-ameaza-existencial-para-a-comarca-da-ulloa\/#respond"]}]},{"@type":"WebPage","@id":"https:\/\/www.anovapeneira.gal\/index.php\/2025\/04\/28\/a-macrocelulosa-de-altri-ameaza-existencial-para-a-comarca-da-ulloa\/","url":"https:\/\/www.anovapeneira.gal\/index.php\/2025\/04\/28\/a-macrocelulosa-de-altri-ameaza-existencial-para-a-comarca-da-ulloa\/","name":"A macrocelulosa de Altri ameaza existencial para a comarca da Ulloa -","isPartOf":{"@id":"https:\/\/www.anovapeneira.gal\/#website"},"primaryImageOfPage":{"@id":"https:\/\/www.anovapeneira.gal\/index.php\/2025\/04\/28\/a-macrocelulosa-de-altri-ameaza-existencial-para-a-comarca-da-ulloa\/#primaryimage"},"image":{"@id":"https:\/\/www.anovapeneira.gal\/index.php\/2025\/04\/28\/a-macrocelulosa-de-altri-ameaza-existencial-para-a-comarca-da-ulloa\/#primaryimage"},"thumbnailUrl":"https:\/\/www.anovapeneira.gal\/wp-content\/uploads\/2025\/04\/altri.jpg","datePublished":"2025-04-28T10:00:39+00:00","breadcrumb":{"@id":"https:\/\/www.anovapeneira.gal\/index.php\/2025\/04\/28\/a-macrocelulosa-de-altri-ameaza-existencial-para-a-comarca-da-ulloa\/#breadcrumb"},"inLanguage":"gl-ES","potentialAction":[{"@type":"ReadAction","target":["https:\/\/www.anovapeneira.gal\/index.php\/2025\/04\/28\/a-macrocelulosa-de-altri-ameaza-existencial-para-a-comarca-da-ulloa\/"]}]},{"@type":"ImageObject","inLanguage":"gl-ES","@id":"https:\/\/www.anovapeneira.gal\/index.php\/2025\/04\/28\/a-macrocelulosa-de-altri-ameaza-existencial-para-a-comarca-da-ulloa\/#primaryimage","url":"https:\/\/www.anovapeneira.gal\/wp-content\/uploads\/2025\/04\/altri.jpg","contentUrl":"https:\/\/www.anovapeneira.gal\/wp-content\/uploads\/2025\/04\/altri.jpg","width":720,"height":432,"caption":"Braulio Vilari\u00f1o Varela"},{"@type":"BreadcrumbList","@id":"https:\/\/www.anovapeneira.gal\/index.php\/2025\/04\/28\/a-macrocelulosa-de-altri-ameaza-existencial-para-a-comarca-da-ulloa\/#breadcrumb","itemListElement":[{"@type":"ListItem","position":1,"name":"Portada","item":"https:\/\/www.anovapeneira.gal\/"},{"@type":"ListItem","position":2,"name":"A macrocelulosa de Altri ameaza existencial para a comarca da Ulloa"}]},{"@type":"WebSite","@id":"https:\/\/www.anovapeneira.gal\/#website","url":"https:\/\/www.anovapeneira.gal\/","name":"","description":"Xornal galego de informaci\u00f3n xeral Publicaci\u00f3n mensual de novas de Galicia e en especial dos Concellos da sur da provincia de Pontevedra.","publisher":{"@id":"https:\/\/www.anovapeneira.gal\/#organization"},"potentialAction":[{"@type":"SearchAction","target":{"@type":"EntryPoint","urlTemplate":"https:\/\/www.anovapeneira.gal\/?s={search_term_string}"},"query-input":{"@type":"PropertyValueSpecification","valueRequired":true,"valueName":"search_term_string"}}],"inLanguage":"gl-ES"},{"@type":"Organization","@id":"https:\/\/www.anovapeneira.gal\/#organization","name":"A Nova Peneira","url":"https:\/\/www.anovapeneira.gal\/","logo":{"@type":"ImageObject","inLanguage":"gl-ES","@id":"https:\/\/www.anovapeneira.gal\/#\/schema\/logo\/image\/","url":"http:\/\/www.anovapeneira.gal\/wp-content\/uploads\/2019\/06\/logo_a_nova_peneira_portal_web.png","contentUrl":"http:\/\/www.anovapeneira.gal\/wp-content\/uploads\/2019\/06\/logo_a_nova_peneira_portal_web.png","width":300,"height":100,"caption":"A Nova Peneira"},"image":{"@id":"https:\/\/www.anovapeneira.gal\/#\/schema\/logo\/image\/"},"sameAs":["https:\/\/www.facebook.com\/anovapeneira","https:\/\/x.com\/APeneira"]},{"@type":"Person","@id":"https:\/\/www.anovapeneira.gal\/#\/schema\/person\/424dfe65e3070fd8a44d22d2c088762a","name":"Tino Lago","image":{"@type":"ImageObject","inLanguage":"gl-ES","@id":"https:\/\/secure.gravatar.com\/avatar\/b3df6a06e44bab3111583b90f0f33a0379ee5e3d22cbadd232d39f21c30c62be?s=96&d=mm&r=g","url":"https:\/\/secure.gravatar.com\/avatar\/b3df6a06e44bab3111583b90f0f33a0379ee5e3d22cbadd232d39f21c30c62be?s=96&d=mm&r=g","contentUrl":"https:\/\/secure.gravatar.com\/avatar\/b3df6a06e44bab3111583b90f0f33a0379ee5e3d22cbadd232d39f21c30c62be?s=96&d=mm&r=g","caption":"Tino Lago"},"sameAs":["http:\/\/www.anovapeneira.gal"],"url":"https:\/\/www.anovapeneira.gal\/index.php\/author\/director\/"}]}},"jetpack_featured_media_url":"https:\/\/www.anovapeneira.gal\/wp-content\/uploads\/2025\/04\/altri.jpg","_links":{"self":[{"href":"https:\/\/www.anovapeneira.gal\/index.php\/wp-json\/wp\/v2\/posts\/13783","targetHints":{"allow":["GET"]}}],"collection":[{"href":"https:\/\/www.anovapeneira.gal\/index.php\/wp-json\/wp\/v2\/posts"}],"about":[{"href":"https:\/\/www.anovapeneira.gal\/index.php\/wp-json\/wp\/v2\/types\/post"}],"author":[{"embeddable":true,"href":"https:\/\/www.anovapeneira.gal\/index.php\/wp-json\/wp\/v2\/users\/2"}],"replies":[{"embeddable":true,"href":"https:\/\/www.anovapeneira.gal\/index.php\/wp-json\/wp\/v2\/comments?post=13783"}],"version-history":[{"count":1,"href":"https:\/\/www.anovapeneira.gal\/index.php\/wp-json\/wp\/v2\/posts\/13783\/revisions"}],"predecessor-version":[{"id":13785,"href":"https:\/\/www.anovapeneira.gal\/index.php\/wp-json\/wp\/v2\/posts\/13783\/revisions\/13785"}],"wp:featuredmedia":[{"embeddable":true,"href":"https:\/\/www.anovapeneira.gal\/index.php\/wp-json\/wp\/v2\/media\/13784"}],"wp:attachment":[{"href":"https:\/\/www.anovapeneira.gal\/index.php\/wp-json\/wp\/v2\/media?parent=13783"}],"wp:term":[{"taxonomy":"category","embeddable":true,"href":"https:\/\/www.anovapeneira.gal\/index.php\/wp-json\/wp\/v2\/categories?post=13783"},{"taxonomy":"post_tag","embeddable":true,"href":"https:\/\/www.anovapeneira.gal\/index.php\/wp-json\/wp\/v2\/tags?post=13783"}],"curies":[{"name":"wp","href":"https:\/\/api.w.org\/{rel}","templated":true}]}}