{"id":13786,"date":"2025-04-29T10:00:36","date_gmt":"2025-04-29T08:00:36","guid":{"rendered":"https:\/\/www.anovapeneira.gal\/?p=13786"},"modified":"2025-04-25T10:45:56","modified_gmt":"2025-04-25T08:45:56","slug":"xxvi-edicion-do-festival-de-monicreques-de-redondela","status":"publish","type":"post","link":"https:\/\/www.anovapeneira.gal\/index.php\/2025\/04\/29\/xxvi-edicion-do-festival-de-monicreques-de-redondela\/","title":{"rendered":"XXVI edici\u00f3n do festival de monicreques de Redondela"},"content":{"rendered":"\n<p><strong>Entre o 12 e o 18 de maio vaise celebrar en Redondela a XXVI edici\u00f3n do<\/strong><\/p>\n\n\n\n<p>\u201c <strong>festival internacional de t\u00edteres \u201c memorial Juanjo Amoedo. Este grande evento de monicreques xa \u00e9 un cl\u00e1sico no universo cultural non s\u00f3 de Redondela, sen\u00f3n de Galicia enteira, e n\u00f3s non podemos deixar de darlle o espazo que merece nas nosas p\u00e1xinas.<\/strong><\/p>\n\n\n\n<p><strong>Ao longo da historia universal do pensamento hai d\u00faas visi\u00f3ns opostas acerca de cal debe de ser a finalidade da arte: hai quen di que a arte debe de cinguirse \u00e1 busca da beleza est\u00e9tica, e hai quen opina, coma min, que a arte non se pode separar do contexto no que vive e debe de ser cr\u00edtica, aceda, corrosiva e penetrar ata o m\u00e1is profundo das raz\u00f3ns das cousas. Exactamente iso pensa Luis Crespo, o director do festival de monicreques de Redondela, por iso nos gusta tanto. Un director que, non sei se nunca llo dixeron, ten o mesmo sorriso que ti\u00f1a Dar\u00edo Fo, por iso nos gusta m\u00e1is. Vela\u00ed vai o que deu de si a nosa conversa<\/strong><\/p>\n\n\n\n<p><strong>Luis Crespo, director.<\/strong><\/p>\n\n\n\n<p>\u201c<strong>A nosa intenci\u00f3n \u00e9 deixar pegada no coraz\u00f3n dos espectadores e espectadoras\u201d<\/strong><\/p>\n\n\n\n<p><strong>Comezamos o cami\u00f1o cara ao medio s\u00e9culo do festival,Luis?<\/strong><\/p>\n\n\n\n<blockquote class=\"wp-block-quote is-layout-flow wp-block-quote-is-layout-flow\">\n<p>Comezamos con moit\u00edsima ilusi\u00f3n e toneladas de folgos a XXVI edici\u00f3n do noso festival, cando digo noso ref\u00edrome a todo o pobo de Redondela, coa intenci\u00f3n de converter ao noso pobo nun escenario internacional de espect\u00e1culos de monicreques que nos fagan gozar a todas e a todos.<\/p>\n<\/blockquote>\n\n\n\n<p><strong>Cantos escenarios haber\u00e1?<\/strong><\/p>\n\n\n\n<blockquote class=\"wp-block-quote is-layout-flow wp-block-quote-is-layout-flow\">\n<p>Na r\u00faa arredor de 10 ou 12, con arredor de 45 funci\u00f3ns. En sala teremos en torno a 20 funci\u00f3ns. Se non me falla a memoria creo que en total faremos 67 representaci\u00f3ns, nos 7 d\u00edas que dura o festival.<\/p>\n<\/blockquote>\n\n\n\n<p><strong>Teremos compa\u00f1\u00edas de pa\u00edses diversos?<\/strong><\/p>\n\n\n\n<blockquote class=\"wp-block-quote is-layout-flow wp-block-quote-is-layout-flow\">\n<p>Si, contaremos con grupos de Arxentina, Italia, Brasil, Chile,Portugal&#8230;..A verdade \u00e9 que n\u00f3s traballamos cun sistema que trata de traer compa\u00f1\u00edas de calidade que est\u00e1n en disposici\u00f3n de vir cando facemos o festival. Non \u00e9 tanto traer compa\u00f1\u00edas de moitos pa\u00edses para encher, sen\u00f3n traer calidade con independencia de onde ve\u00f1a.<\/p>\n<\/blockquote>\n\n\n\n<blockquote class=\"wp-block-quote is-layout-flow wp-block-quote-is-layout-flow\">\n<p>Podes ter a seguridade, Marcos, que cada compa\u00f1\u00eda que traemos \u00e9 porque ten algo que ten a capacidade de engaiolar.<\/p>\n<\/blockquote>\n\n\n\n<p><strong>Segovia ten un papel importante na vida do festival?<\/strong><\/p>\n\n\n\n<blockquote class=\"wp-block-quote is-layout-flow wp-block-quote-is-layout-flow\">\n<p>Abof\u00e9 que o ten. Este festival nace grazas a Segovia, e n\u00f3s levamos con Segovia os nosos 26 anos de vida.<\/p>\n<\/blockquote>\n\n\n\n<p><strong>F\u00e1lanos desa relaci\u00f3n con Segovia<\/strong><\/p>\n\n\n\n<blockquote class=\"wp-block-quote is-layout-flow wp-block-quote-is-layout-flow\">\n<p>Juanjo Amoedo era presidente da AV de Redondela, e nunha viaxe que fixera \u201cTanxarina\u201d a Segovia foi con eles ao \u201cTitirimundi\u201d, un festival de monicreques que hai nesa cidade. Al\u00ed d\u00e1se de conta que algo semellante poder\u00eda casar moi ben no pobo de Redondela. Cando el formula a proposta un desgraciado accidente fai que morra.<\/p>\n<\/blockquote>\n\n\n\n<blockquote class=\"wp-block-quote is-layout-flow wp-block-quote-is-layout-flow\">\n<p>Despois da s\u00faa morte teceuse como unha especie de rede de afectos e emoci\u00f3ns que propiciou que diferentes persoas e colectivos se puxeran de acordo para crear o 1\u00ba festival na s\u00faa honra.<\/p>\n<\/blockquote>\n\n\n\n<p><strong>Cando po\u00f1edes \u00e1 venda \u00e1s camisetas?<\/strong><\/p>\n\n\n\n<blockquote class=\"wp-block-quote is-layout-flow wp-block-quote-is-layout-flow\">\n<p>O festival comeza o 12 de maio, e as vendas comezar\u00e1n a fin de semana anterior. A partir do d\u00eda 9 \u00e1s 17:00 abrimos as vendas de camisetas e os despachos de billetes.<\/p>\n<\/blockquote>\n\n\n\n<p><strong>Venda on line tendes?<\/strong><\/p>\n\n\n\n<blockquote class=\"wp-block-quote is-layout-flow wp-block-quote-is-layout-flow\">\n<p>Non, nese sentido somos un pouco antisistema. Desa maneira o pobo de Redondela pode mercar as entradas sen problema.<\/p>\n<\/blockquote>\n\n\n\n<p><strong>Teremos pasacalles este ano?<\/strong><\/p>\n\n\n\n<blockquote class=\"wp-block-quote is-layout-flow wp-block-quote-is-layout-flow\">\n<p>Por suposto que si. Imos traer \u201c Os cabalos de Menorca\u201d, que \u00e9 un espect\u00e1culo que sempre deixa pegada na alma das persoas. Imos traer un caracol xigante que \u00e9 o que vai facer a Ruada.\u201d Os tres porqui\u00f1os\u201d far\u00e1n un ser\u00e1n que tratar\u00e1 de acertar o folclore galego aos m\u00e1is cativos.<\/p>\n<\/blockquote>\n\n\n\n<p><strong>Como se portou o Concello con v\u00f3s?<\/strong><\/p>\n\n\n\n<blockquote class=\"wp-block-quote is-layout-flow wp-block-quote-is-layout-flow\">\n<p>O Concello sempre se porta ben con n\u00f3s. Temos uns protocolos e asinamos o convenio 30 d\u00edas antes da celebraci\u00f3n do festival, para que nos fagan o ingreso e podermos traballar con tranquilidade.<\/p>\n<\/blockquote>\n\n\n\n<blockquote class=\"wp-block-quote is-layout-flow wp-block-quote-is-layout-flow\">\n<p>Te\u00f1o que dicir que tanto Digna como Rita te\u00f1en un nivel de compromiso moi importante, e eu s\u00f3 podo agradecer a s\u00faa eficacia na xesti\u00f3n.<\/p>\n<\/blockquote>\n\n\n\n<p><strong>Sen o apoio do Concello o festival ser\u00eda posible?<\/strong><\/p>\n\n\n\n<blockquote class=\"wp-block-quote is-layout-flow wp-block-quote-is-layout-flow\">\n<p>Sen a simbiose entre \u201c Xente Titiriteira\u201d e o Concello non, non ser\u00eda posible. Te\u00f1o que dicir que en 26 anos penso que temos demostrado que somos un festival importante para Redondela, e creo que temos ga\u00f1ado o respecto de toda a corporaci\u00f3n. Entendo que o apoio do Concello ao festival est\u00e1 garantido con independencia das futuras conxunturas pol\u00edticas.<\/p>\n<\/blockquote>\n\n\n\n<p><strong>Os comezos do festival foron moi duros?<\/strong><\/p>\n\n\n\n<blockquote class=\"wp-block-quote is-layout-flow wp-block-quote-is-layout-flow\">\n<p>Eu dir\u00eda que foron ilusionantes. Era algo moi emocional, a figura de Juanjo estaba moi presente pois hab\u00eda moi pouco tempo que morrera. Eu sumeime \u00e1 edici\u00f3n n\u00famero 4 e te\u00f1o que dicir que estou moi orgulloso de que ao longo de todos estes anos mantiveramos os nosos criterios art\u00edsticos.<\/p>\n<\/blockquote>\n\n\n\n<p><strong>Dic\u00edas que te incorporaches na edici\u00f3n n\u00famero 4, levamos 26.Qu\u00e9dalle moito a Luis Crespo nos monicreques?<\/strong><\/p>\n\n\n\n<blockquote class=\"wp-block-quote is-layout-flow wp-block-quote-is-layout-flow\">\n<p>Pois todos os anos penso o mesmo. Vou empregar un s\u00edmil futbol\u00edstico para poder contestar con propiedade e dicir que imos partido a partido, \u00e9 dicir; edici\u00f3n a edici\u00f3n.<\/p>\n<\/blockquote>\n\n\n\n<p><strong>Cando remata unha edici\u00f3n xa comezas a pensar na seguinte?<\/strong><\/p>\n\n\n\n<blockquote class=\"wp-block-quote is-layout-flow wp-block-quote-is-layout-flow\">\n<p>Cando termina unha edici\u00f3n comeza unha etapa moi dura relacionado coas xesti\u00f3ns administrativas coa DEPO e coa Xunta para que fagan efectivas as s\u00faas achegas o antes posible. Cando rematamos n\u00f3s temos os cartos que nos d\u00e1 o Concello e o que xeramos n\u00f3s, pero o restante tarda varios meses e iso pode ser un problema moi serio para n\u00f3s.<\/p>\n<\/blockquote>\n\n\n\n<p><strong>E facer o festival sen saber exactamente canto podedes recibir da DEPO e da Xunta non sup\u00f3n un risco?<\/strong><\/p>\n\n\n\n<blockquote class=\"wp-block-quote is-layout-flow wp-block-quote-is-layout-flow\">\n<p>E tanto que o sup\u00f3n. \u00c1s veces temos sufrido moito con iso.<\/p>\n<\/blockquote>\n\n\n\n<p><strong>Supo\u00f1o que como sempre teremos campa\u00f1a escolar?<\/strong><\/p>\n\n\n\n<blockquote class=\"wp-block-quote is-layout-flow wp-block-quote-is-layout-flow\">\n<p>Si claro, dedicada aos colexios p\u00fablicos de Redondela. Creo que son 1.143 rapaces e rapazas os que pasar\u00e1n polos nosos escenarios.<\/p>\n<\/blockquote>\n\n\n\n<p><strong>As propostas de sala como as tedes artelladas?<\/strong><\/p>\n\n\n\n<blockquote class=\"wp-block-quote is-layout-flow wp-block-quote-is-layout-flow\">\n<p>Igual que o ano pasado temos unha proposta de luns a xoves,que \u00e9 unha proposta familiar. E o venres s\u00e1bado e domingo temos unha programaci\u00f3n especial para adultos.<\/p>\n<\/blockquote>\n\n\n\n<blockquote class=\"wp-block-quote is-layout-flow wp-block-quote-is-layout-flow\">\n<p>Temos unha funci\u00f3n que nos ilusiona moito que poremos para maiores de 16 anos porque vai mergullarse na intimidade dunha relaci\u00f3n. Quero dicir que levamos 11 anos tratando de traer esa compa\u00f1\u00eda e por raz\u00f3ns diversas non o puidemos facer ata agora.<\/p>\n<\/blockquote>\n\n\n\n<p><strong>Imaxino que compa\u00f1\u00edas galegas haber\u00e1?<\/strong><\/p>\n\n\n\n<blockquote class=\"wp-block-quote is-layout-flow wp-block-quote-is-layout-flow\">\n<p>Por descontado que si: Tanxarina, Cachirulo&#8230;. E un grupo de pandeireteiras para homenaxear \u00e1s galardoadas coas letras galegas deste ano, tam\u00e9n.<\/p>\n<\/blockquote>\n\n\n\n<p><strong>Rematamos Luis cunha pregunta da que me interesa moito co\u00f1ecer a t\u00faa opini\u00f3n: Que \u00e9 o teatro para ti?<\/strong><\/p>\n\n\n\n<blockquote class=\"wp-block-quote is-layout-flow wp-block-quote-is-layout-flow\">\n<p>O teatro \u00e9 un reflexo da vida, penetra nas emoci\u00f3ns profundas do pobo co que consigue tecer v\u00ednculos sociais moi s\u00f3lidos e axuda a ser mellores persoas, polo menos esa \u00e9 a intenci\u00f3n dos que facemos o festival: deixar pegada no coraz\u00f3n de quen nos ve.<\/p>\n<\/blockquote>\n","protected":false},"excerpt":{"rendered":"<div class=\"mh-excerpt\"><p>\u201c festival internacional de t\u00edteres \u201c memorial Juanjo Amoedo. Este grande evento de monicreques xa \u00e9 un cl\u00e1sico no universo cultural non s\u00f3 de Redondela, sen\u00f3n de Galicia enteira, e n\u00f3s non podemos deixar de darlle o espazo que merece nas nosas p\u00e1xinas. <a class=\"mh-excerpt-more\" href=\"https:\/\/www.anovapeneira.gal\/index.php\/2025\/04\/29\/xxvi-edicion-do-festival-de-monicreques-de-redondela\/\" title=\"XXVI edici\u00f3n do festival de monicreques de Redondela\">[&#8230;]<\/a><\/p>\n<\/div>","protected":false},"author":6,"featured_media":13787,"comment_status":"open","ping_status":"open","sticky":false,"template":"","format":"standard","meta":{"_exactmetrics_skip_tracking":false,"_exactmetrics_sitenote_active":false,"_exactmetrics_sitenote_note":"","_exactmetrics_sitenote_category":0,"footnotes":""},"categories":[270],"tags":[171],"class_list":{"0":"post-13786","1":"post","2":"type-post","3":"status-publish","4":"format-standard","5":"has-post-thumbnail","7":"category-redondela-entrevistas","8":"tag-concello-de-redondela"},"yoast_head":"<!-- This site is optimized with the Yoast SEO plugin v27.4 - https:\/\/yoast.com\/product\/yoast-seo-wordpress\/ -->\n<title>XXVI edici\u00f3n do festival de monicreques de Redondela -<\/title>\n<meta name=\"robots\" content=\"index, follow, max-snippet:-1, max-image-preview:large, max-video-preview:-1\" \/>\n<link rel=\"canonical\" href=\"https:\/\/www.anovapeneira.gal\/index.php\/2025\/04\/29\/xxvi-edicion-do-festival-de-monicreques-de-redondela\/\" \/>\n<meta property=\"og:locale\" content=\"gl_ES\" \/>\n<meta property=\"og:type\" content=\"article\" \/>\n<meta property=\"og:title\" content=\"XXVI edici\u00f3n do festival de monicreques de Redondela -\" \/>\n<meta property=\"og:description\" content=\"\u201c festival internacional de t\u00edteres \u201c memorial Juanjo Amoedo. Este grande evento de monicreques xa \u00e9 un cl\u00e1sico no universo cultural non s\u00f3 de Redondela, sen\u00f3n de Galicia enteira, e n\u00f3s non podemos deixar de darlle o espazo que merece nas nosas p\u00e1xinas. [...]\" \/>\n<meta property=\"og:url\" content=\"https:\/\/www.anovapeneira.gal\/index.php\/2025\/04\/29\/xxvi-edicion-do-festival-de-monicreques-de-redondela\/\" \/>\n<meta property=\"article:publisher\" content=\"https:\/\/www.facebook.com\/anovapeneira\" \/>\n<meta property=\"article:published_time\" content=\"2025-04-29T08:00:36+00:00\" \/>\n<meta property=\"og:image\" content=\"https:\/\/www.anovapeneira.gal\/wp-content\/uploads\/2025\/04\/titeres.jpg\" \/>\n\t<meta property=\"og:image:width\" content=\"720\" \/>\n\t<meta property=\"og:image:height\" content=\"432\" \/>\n\t<meta property=\"og:image:type\" content=\"image\/jpeg\" \/>\n<meta name=\"author\" content=\"Marcos Santos\" \/>\n<meta name=\"twitter:card\" content=\"summary_large_image\" \/>\n<meta name=\"twitter:creator\" content=\"@APeneira\" \/>\n<meta name=\"twitter:site\" content=\"@APeneira\" \/>\n<meta name=\"twitter:label1\" content=\"Escrito por\" \/>\n\t<meta name=\"twitter:data1\" content=\"Marcos Santos\" \/>\n\t<meta name=\"twitter:label2\" content=\"Tempo de lectura\" \/>\n\t<meta name=\"twitter:data2\" content=\"3 minutos\" \/>\n<script type=\"application\/ld+json\" class=\"yoast-schema-graph\">{\"@context\":\"https:\\\/\\\/schema.org\",\"@graph\":[{\"@type\":\"Article\",\"@id\":\"https:\\\/\\\/www.anovapeneira.gal\\\/index.php\\\/2025\\\/04\\\/29\\\/xxvi-edicion-do-festival-de-monicreques-de-redondela\\\/#article\",\"isPartOf\":{\"@id\":\"https:\\\/\\\/www.anovapeneira.gal\\\/index.php\\\/2025\\\/04\\\/29\\\/xxvi-edicion-do-festival-de-monicreques-de-redondela\\\/\"},\"author\":{\"name\":\"Marcos Santos\",\"@id\":\"https:\\\/\\\/www.anovapeneira.gal\\\/#\\\/schema\\\/person\\\/d9d84823564720e7593293bab054e52d\"},\"headline\":\"XXVI edici\u00f3n do festival de monicreques de Redondela\",\"datePublished\":\"2025-04-29T08:00:36+00:00\",\"mainEntityOfPage\":{\"@id\":\"https:\\\/\\\/www.anovapeneira.gal\\\/index.php\\\/2025\\\/04\\\/29\\\/xxvi-edicion-do-festival-de-monicreques-de-redondela\\\/\"},\"wordCount\":1231,\"commentCount\":0,\"publisher\":{\"@id\":\"https:\\\/\\\/www.anovapeneira.gal\\\/#organization\"},\"image\":{\"@id\":\"https:\\\/\\\/www.anovapeneira.gal\\\/index.php\\\/2025\\\/04\\\/29\\\/xxvi-edicion-do-festival-de-monicreques-de-redondela\\\/#primaryimage\"},\"thumbnailUrl\":\"https:\\\/\\\/www.anovapeneira.gal\\\/wp-content\\\/uploads\\\/2025\\\/04\\\/titeres.jpg\",\"keywords\":[\"Concello de Redondela\"],\"articleSection\":[\"Redondela\"],\"inLanguage\":\"gl-ES\",\"potentialAction\":[{\"@type\":\"CommentAction\",\"name\":\"Comment\",\"target\":[\"https:\\\/\\\/www.anovapeneira.gal\\\/index.php\\\/2025\\\/04\\\/29\\\/xxvi-edicion-do-festival-de-monicreques-de-redondela\\\/#respond\"]}]},{\"@type\":\"WebPage\",\"@id\":\"https:\\\/\\\/www.anovapeneira.gal\\\/index.php\\\/2025\\\/04\\\/29\\\/xxvi-edicion-do-festival-de-monicreques-de-redondela\\\/\",\"url\":\"https:\\\/\\\/www.anovapeneira.gal\\\/index.php\\\/2025\\\/04\\\/29\\\/xxvi-edicion-do-festival-de-monicreques-de-redondela\\\/\",\"name\":\"XXVI edici\u00f3n do festival de monicreques de Redondela -\",\"isPartOf\":{\"@id\":\"https:\\\/\\\/www.anovapeneira.gal\\\/#website\"},\"primaryImageOfPage\":{\"@id\":\"https:\\\/\\\/www.anovapeneira.gal\\\/index.php\\\/2025\\\/04\\\/29\\\/xxvi-edicion-do-festival-de-monicreques-de-redondela\\\/#primaryimage\"},\"image\":{\"@id\":\"https:\\\/\\\/www.anovapeneira.gal\\\/index.php\\\/2025\\\/04\\\/29\\\/xxvi-edicion-do-festival-de-monicreques-de-redondela\\\/#primaryimage\"},\"thumbnailUrl\":\"https:\\\/\\\/www.anovapeneira.gal\\\/wp-content\\\/uploads\\\/2025\\\/04\\\/titeres.jpg\",\"datePublished\":\"2025-04-29T08:00:36+00:00\",\"breadcrumb\":{\"@id\":\"https:\\\/\\\/www.anovapeneira.gal\\\/index.php\\\/2025\\\/04\\\/29\\\/xxvi-edicion-do-festival-de-monicreques-de-redondela\\\/#breadcrumb\"},\"inLanguage\":\"gl-ES\",\"potentialAction\":[{\"@type\":\"ReadAction\",\"target\":[\"https:\\\/\\\/www.anovapeneira.gal\\\/index.php\\\/2025\\\/04\\\/29\\\/xxvi-edicion-do-festival-de-monicreques-de-redondela\\\/\"]}]},{\"@type\":\"ImageObject\",\"inLanguage\":\"gl-ES\",\"@id\":\"https:\\\/\\\/www.anovapeneira.gal\\\/index.php\\\/2025\\\/04\\\/29\\\/xxvi-edicion-do-festival-de-monicreques-de-redondela\\\/#primaryimage\",\"url\":\"https:\\\/\\\/www.anovapeneira.gal\\\/wp-content\\\/uploads\\\/2025\\\/04\\\/titeres.jpg\",\"contentUrl\":\"https:\\\/\\\/www.anovapeneira.gal\\\/wp-content\\\/uploads\\\/2025\\\/04\\\/titeres.jpg\",\"width\":720,\"height\":432,\"caption\":\"Luis Crespo\"},{\"@type\":\"BreadcrumbList\",\"@id\":\"https:\\\/\\\/www.anovapeneira.gal\\\/index.php\\\/2025\\\/04\\\/29\\\/xxvi-edicion-do-festival-de-monicreques-de-redondela\\\/#breadcrumb\",\"itemListElement\":[{\"@type\":\"ListItem\",\"position\":1,\"name\":\"Portada\",\"item\":\"https:\\\/\\\/www.anovapeneira.gal\\\/\"},{\"@type\":\"ListItem\",\"position\":2,\"name\":\"XXVI edici\u00f3n do festival de monicreques de Redondela\"}]},{\"@type\":\"WebSite\",\"@id\":\"https:\\\/\\\/www.anovapeneira.gal\\\/#website\",\"url\":\"https:\\\/\\\/www.anovapeneira.gal\\\/\",\"name\":\"\",\"description\":\"Xornal galego de informaci\u00f3n xeral Publicaci\u00f3n mensual de novas de Galicia e en especial dos Concellos da sur da provincia de Pontevedra.\",\"publisher\":{\"@id\":\"https:\\\/\\\/www.anovapeneira.gal\\\/#organization\"},\"potentialAction\":[{\"@type\":\"SearchAction\",\"target\":{\"@type\":\"EntryPoint\",\"urlTemplate\":\"https:\\\/\\\/www.anovapeneira.gal\\\/?s={search_term_string}\"},\"query-input\":{\"@type\":\"PropertyValueSpecification\",\"valueRequired\":true,\"valueName\":\"search_term_string\"}}],\"inLanguage\":\"gl-ES\"},{\"@type\":\"Organization\",\"@id\":\"https:\\\/\\\/www.anovapeneira.gal\\\/#organization\",\"name\":\"A Nova Peneira\",\"url\":\"https:\\\/\\\/www.anovapeneira.gal\\\/\",\"logo\":{\"@type\":\"ImageObject\",\"inLanguage\":\"gl-ES\",\"@id\":\"https:\\\/\\\/www.anovapeneira.gal\\\/#\\\/schema\\\/logo\\\/image\\\/\",\"url\":\"http:\\\/\\\/www.anovapeneira.gal\\\/wp-content\\\/uploads\\\/2019\\\/06\\\/logo_a_nova_peneira_portal_web.png\",\"contentUrl\":\"http:\\\/\\\/www.anovapeneira.gal\\\/wp-content\\\/uploads\\\/2019\\\/06\\\/logo_a_nova_peneira_portal_web.png\",\"width\":300,\"height\":100,\"caption\":\"A Nova Peneira\"},\"image\":{\"@id\":\"https:\\\/\\\/www.anovapeneira.gal\\\/#\\\/schema\\\/logo\\\/image\\\/\"},\"sameAs\":[\"https:\\\/\\\/www.facebook.com\\\/anovapeneira\",\"https:\\\/\\\/x.com\\\/APeneira\"]},{\"@type\":\"Person\",\"@id\":\"https:\\\/\\\/www.anovapeneira.gal\\\/#\\\/schema\\\/person\\\/d9d84823564720e7593293bab054e52d\",\"name\":\"Marcos Santos\",\"image\":{\"@type\":\"ImageObject\",\"inLanguage\":\"gl-ES\",\"@id\":\"https:\\\/\\\/secure.gravatar.com\\\/avatar\\\/0e8017099a7a47c0a9d2275e865fe326484561eb3d70649069e4b8e61a8d2e8c?s=96&d=mm&r=g\",\"url\":\"https:\\\/\\\/secure.gravatar.com\\\/avatar\\\/0e8017099a7a47c0a9d2275e865fe326484561eb3d70649069e4b8e61a8d2e8c?s=96&d=mm&r=g\",\"contentUrl\":\"https:\\\/\\\/secure.gravatar.com\\\/avatar\\\/0e8017099a7a47c0a9d2275e865fe326484561eb3d70649069e4b8e61a8d2e8c?s=96&d=mm&r=g\",\"caption\":\"Marcos Santos\"},\"sameAs\":[\"http:\\\/\\\/anovapeneira.gal\"],\"url\":\"https:\\\/\\\/www.anovapeneira.gal\\\/index.php\\\/author\\\/marcos-santos\\\/\"}]}<\/script>\n<!-- \/ Yoast SEO plugin. -->","yoast_head_json":{"title":"XXVI edici\u00f3n do festival de monicreques de Redondela -","robots":{"index":"index","follow":"follow","max-snippet":"max-snippet:-1","max-image-preview":"max-image-preview:large","max-video-preview":"max-video-preview:-1"},"canonical":"https:\/\/www.anovapeneira.gal\/index.php\/2025\/04\/29\/xxvi-edicion-do-festival-de-monicreques-de-redondela\/","og_locale":"gl_ES","og_type":"article","og_title":"XXVI edici\u00f3n do festival de monicreques de Redondela -","og_description":"\u201c festival internacional de t\u00edteres \u201c memorial Juanjo Amoedo. Este grande evento de monicreques xa \u00e9 un cl\u00e1sico no universo cultural non s\u00f3 de Redondela, sen\u00f3n de Galicia enteira, e n\u00f3s non podemos deixar de darlle o espazo que merece nas nosas p\u00e1xinas. [...]","og_url":"https:\/\/www.anovapeneira.gal\/index.php\/2025\/04\/29\/xxvi-edicion-do-festival-de-monicreques-de-redondela\/","article_publisher":"https:\/\/www.facebook.com\/anovapeneira","article_published_time":"2025-04-29T08:00:36+00:00","og_image":[{"width":720,"height":432,"url":"https:\/\/www.anovapeneira.gal\/wp-content\/uploads\/2025\/04\/titeres.jpg","type":"image\/jpeg"}],"author":"Marcos Santos","twitter_card":"summary_large_image","twitter_creator":"@APeneira","twitter_site":"@APeneira","twitter_misc":{"Escrito por":"Marcos Santos","Tempo de lectura":"3 minutos"},"schema":{"@context":"https:\/\/schema.org","@graph":[{"@type":"Article","@id":"https:\/\/www.anovapeneira.gal\/index.php\/2025\/04\/29\/xxvi-edicion-do-festival-de-monicreques-de-redondela\/#article","isPartOf":{"@id":"https:\/\/www.anovapeneira.gal\/index.php\/2025\/04\/29\/xxvi-edicion-do-festival-de-monicreques-de-redondela\/"},"author":{"name":"Marcos Santos","@id":"https:\/\/www.anovapeneira.gal\/#\/schema\/person\/d9d84823564720e7593293bab054e52d"},"headline":"XXVI edici\u00f3n do festival de monicreques de Redondela","datePublished":"2025-04-29T08:00:36+00:00","mainEntityOfPage":{"@id":"https:\/\/www.anovapeneira.gal\/index.php\/2025\/04\/29\/xxvi-edicion-do-festival-de-monicreques-de-redondela\/"},"wordCount":1231,"commentCount":0,"publisher":{"@id":"https:\/\/www.anovapeneira.gal\/#organization"},"image":{"@id":"https:\/\/www.anovapeneira.gal\/index.php\/2025\/04\/29\/xxvi-edicion-do-festival-de-monicreques-de-redondela\/#primaryimage"},"thumbnailUrl":"https:\/\/www.anovapeneira.gal\/wp-content\/uploads\/2025\/04\/titeres.jpg","keywords":["Concello de Redondela"],"articleSection":["Redondela"],"inLanguage":"gl-ES","potentialAction":[{"@type":"CommentAction","name":"Comment","target":["https:\/\/www.anovapeneira.gal\/index.php\/2025\/04\/29\/xxvi-edicion-do-festival-de-monicreques-de-redondela\/#respond"]}]},{"@type":"WebPage","@id":"https:\/\/www.anovapeneira.gal\/index.php\/2025\/04\/29\/xxvi-edicion-do-festival-de-monicreques-de-redondela\/","url":"https:\/\/www.anovapeneira.gal\/index.php\/2025\/04\/29\/xxvi-edicion-do-festival-de-monicreques-de-redondela\/","name":"XXVI edici\u00f3n do festival de monicreques de Redondela -","isPartOf":{"@id":"https:\/\/www.anovapeneira.gal\/#website"},"primaryImageOfPage":{"@id":"https:\/\/www.anovapeneira.gal\/index.php\/2025\/04\/29\/xxvi-edicion-do-festival-de-monicreques-de-redondela\/#primaryimage"},"image":{"@id":"https:\/\/www.anovapeneira.gal\/index.php\/2025\/04\/29\/xxvi-edicion-do-festival-de-monicreques-de-redondela\/#primaryimage"},"thumbnailUrl":"https:\/\/www.anovapeneira.gal\/wp-content\/uploads\/2025\/04\/titeres.jpg","datePublished":"2025-04-29T08:00:36+00:00","breadcrumb":{"@id":"https:\/\/www.anovapeneira.gal\/index.php\/2025\/04\/29\/xxvi-edicion-do-festival-de-monicreques-de-redondela\/#breadcrumb"},"inLanguage":"gl-ES","potentialAction":[{"@type":"ReadAction","target":["https:\/\/www.anovapeneira.gal\/index.php\/2025\/04\/29\/xxvi-edicion-do-festival-de-monicreques-de-redondela\/"]}]},{"@type":"ImageObject","inLanguage":"gl-ES","@id":"https:\/\/www.anovapeneira.gal\/index.php\/2025\/04\/29\/xxvi-edicion-do-festival-de-monicreques-de-redondela\/#primaryimage","url":"https:\/\/www.anovapeneira.gal\/wp-content\/uploads\/2025\/04\/titeres.jpg","contentUrl":"https:\/\/www.anovapeneira.gal\/wp-content\/uploads\/2025\/04\/titeres.jpg","width":720,"height":432,"caption":"Luis Crespo"},{"@type":"BreadcrumbList","@id":"https:\/\/www.anovapeneira.gal\/index.php\/2025\/04\/29\/xxvi-edicion-do-festival-de-monicreques-de-redondela\/#breadcrumb","itemListElement":[{"@type":"ListItem","position":1,"name":"Portada","item":"https:\/\/www.anovapeneira.gal\/"},{"@type":"ListItem","position":2,"name":"XXVI edici\u00f3n do festival de monicreques de Redondela"}]},{"@type":"WebSite","@id":"https:\/\/www.anovapeneira.gal\/#website","url":"https:\/\/www.anovapeneira.gal\/","name":"","description":"Xornal galego de informaci\u00f3n xeral Publicaci\u00f3n mensual de novas de Galicia e en especial dos Concellos da sur da provincia de Pontevedra.","publisher":{"@id":"https:\/\/www.anovapeneira.gal\/#organization"},"potentialAction":[{"@type":"SearchAction","target":{"@type":"EntryPoint","urlTemplate":"https:\/\/www.anovapeneira.gal\/?s={search_term_string}"},"query-input":{"@type":"PropertyValueSpecification","valueRequired":true,"valueName":"search_term_string"}}],"inLanguage":"gl-ES"},{"@type":"Organization","@id":"https:\/\/www.anovapeneira.gal\/#organization","name":"A Nova Peneira","url":"https:\/\/www.anovapeneira.gal\/","logo":{"@type":"ImageObject","inLanguage":"gl-ES","@id":"https:\/\/www.anovapeneira.gal\/#\/schema\/logo\/image\/","url":"http:\/\/www.anovapeneira.gal\/wp-content\/uploads\/2019\/06\/logo_a_nova_peneira_portal_web.png","contentUrl":"http:\/\/www.anovapeneira.gal\/wp-content\/uploads\/2019\/06\/logo_a_nova_peneira_portal_web.png","width":300,"height":100,"caption":"A Nova Peneira"},"image":{"@id":"https:\/\/www.anovapeneira.gal\/#\/schema\/logo\/image\/"},"sameAs":["https:\/\/www.facebook.com\/anovapeneira","https:\/\/x.com\/APeneira"]},{"@type":"Person","@id":"https:\/\/www.anovapeneira.gal\/#\/schema\/person\/d9d84823564720e7593293bab054e52d","name":"Marcos Santos","image":{"@type":"ImageObject","inLanguage":"gl-ES","@id":"https:\/\/secure.gravatar.com\/avatar\/0e8017099a7a47c0a9d2275e865fe326484561eb3d70649069e4b8e61a8d2e8c?s=96&d=mm&r=g","url":"https:\/\/secure.gravatar.com\/avatar\/0e8017099a7a47c0a9d2275e865fe326484561eb3d70649069e4b8e61a8d2e8c?s=96&d=mm&r=g","contentUrl":"https:\/\/secure.gravatar.com\/avatar\/0e8017099a7a47c0a9d2275e865fe326484561eb3d70649069e4b8e61a8d2e8c?s=96&d=mm&r=g","caption":"Marcos Santos"},"sameAs":["http:\/\/anovapeneira.gal"],"url":"https:\/\/www.anovapeneira.gal\/index.php\/author\/marcos-santos\/"}]}},"jetpack_featured_media_url":"https:\/\/www.anovapeneira.gal\/wp-content\/uploads\/2025\/04\/titeres.jpg","_links":{"self":[{"href":"https:\/\/www.anovapeneira.gal\/index.php\/wp-json\/wp\/v2\/posts\/13786","targetHints":{"allow":["GET"]}}],"collection":[{"href":"https:\/\/www.anovapeneira.gal\/index.php\/wp-json\/wp\/v2\/posts"}],"about":[{"href":"https:\/\/www.anovapeneira.gal\/index.php\/wp-json\/wp\/v2\/types\/post"}],"author":[{"embeddable":true,"href":"https:\/\/www.anovapeneira.gal\/index.php\/wp-json\/wp\/v2\/users\/6"}],"replies":[{"embeddable":true,"href":"https:\/\/www.anovapeneira.gal\/index.php\/wp-json\/wp\/v2\/comments?post=13786"}],"version-history":[{"count":1,"href":"https:\/\/www.anovapeneira.gal\/index.php\/wp-json\/wp\/v2\/posts\/13786\/revisions"}],"predecessor-version":[{"id":13788,"href":"https:\/\/www.anovapeneira.gal\/index.php\/wp-json\/wp\/v2\/posts\/13786\/revisions\/13788"}],"wp:featuredmedia":[{"embeddable":true,"href":"https:\/\/www.anovapeneira.gal\/index.php\/wp-json\/wp\/v2\/media\/13787"}],"wp:attachment":[{"href":"https:\/\/www.anovapeneira.gal\/index.php\/wp-json\/wp\/v2\/media?parent=13786"}],"wp:term":[{"taxonomy":"category","embeddable":true,"href":"https:\/\/www.anovapeneira.gal\/index.php\/wp-json\/wp\/v2\/categories?post=13786"},{"taxonomy":"post_tag","embeddable":true,"href":"https:\/\/www.anovapeneira.gal\/index.php\/wp-json\/wp\/v2\/tags?post=13786"}],"curies":[{"name":"wp","href":"https:\/\/api.w.org\/{rel}","templated":true}]}}