{"id":13794,"date":"2025-04-30T10:00:53","date_gmt":"2025-04-30T08:00:53","guid":{"rendered":"https:\/\/www.anovapeneira.gal\/?p=13794"},"modified":"2025-04-28T12:20:13","modified_gmt":"2025-04-28T10:20:13","slug":"aaron-franco-presidente-da-ac-almuinha-de-marin","status":"publish","type":"post","link":"https:\/\/www.anovapeneira.gal\/index.php\/2025\/04\/30\/aaron-franco-presidente-da-ac-almuinha-de-marin\/","title":{"rendered":"Aar\u00f3n Franco, presidente da AC Almuinha de Mar\u00edn"},"content":{"rendered":"\n<p>O noso colaborador Aar\u00f3n Franco ven de ser nomeado presidente da Asociaci\u00f3n Cultural Almuinha de Mar\u00edn. Este colectivo nace hai 17 anos cos obxectivos de promover e defender os sinais de identidade do pa\u00eds , al\u00e9n de exercer a solidariedade internacionalista cos pobos asoballados do mundo. O seu nome xorde en homenaxe a un Mar\u00edn que foi e que a voracidade especulativa do capitalismo depredador fixo que xa non sexa, pois Almuinha era unha praia que estaba en pleno coraz\u00f3n da Vila, onde agora hai unha estrada. Aar\u00f3n accede ao cargo con moita ilusi\u00f3n e con todas as ga\u00f1as de espetar un Que se fodan\u00a1 inmenso, a todos aqueles que pensen que o tecido social marinense s\u00f3 est\u00e1 formado polos segmentos rancios e casposos das partes m\u00e1is conservadoras da sociedade, que representa a actual alcaldesa Mar\u00eda Ramallo. Hai unha segmento importante do pobo de Mar\u00edn; digno, rebelde e vivo que quere seguir amosando que ten conciencia de seren pobo galego. Como sempre foi un pracer conversar con Aar\u00f3n.<\/p>\n\n\n\n<p>\u201c<strong>O Concello de Mar\u00edn precisa con suma urxencia democratizar as s\u00faas relaci\u00f3ns co tecido asociativo local\u201d<\/strong><\/p>\n\n\n\n<p><strong>Aar\u00f3n que \u00e9 a Asociaci\u00f3n Cultural Almuinha e cando nace?<\/strong><\/p>\n\n\n\n<blockquote class=\"wp-block-quote is-layout-flow wp-block-quote-is-layout-flow\">\n<p>A AC Almuinha nace no ano 2008 co obxectivo de promover, divulgar e difundir todo o que est\u00e1 vencellado con este pa\u00eds. Coa lingua, coa cultura e coa xustiza social, sen deixar de lado o concepto de solidariedade internacionalista e moi vencellada \u00e1 defensa dos dereitos dos pobos oprimidos como os palestinos ou os saharau\u00eds, etc.<\/p>\n<\/blockquote>\n\n\n\n<p><strong>Quen fundou a asociaci\u00f3n?<\/strong><\/p>\n\n\n\n<blockquote class=\"wp-block-quote is-layout-flow wp-block-quote-is-layout-flow\">\n<p>Entre os seus fundadores \u00e9 preciso destacar o papel tan relevante que tivo Xurxo Agra Do Pazo, que foi o anterior presidente.<\/p>\n<\/blockquote>\n\n\n\n<p><strong>Que campos de actuaci\u00f3n abrangue?<\/strong><\/p>\n\n\n\n<blockquote class=\"wp-block-quote is-layout-flow wp-block-quote-is-layout-flow\">\n<p>Neste momento a nosa actuaci\u00f3n est\u00e1 mantendo as ideas orixinais, as\u00ed por exemplo o pr\u00f3ximo 12 de maio temos unha charla de Palestina que impartir\u00e1 un m\u00e9dico palestino. Estamos intentando ir un pouco m\u00e1is al\u00e1, nun momento de crise onde todos os elementos identitarios da nosa lingua e da nosa cultura en xeral estanse a perder, e queremos facer unha forte aposta pola literatura galega e por todos aqueles elementos que forman parte da nosa m\u00fasica tradicional. Comezamos o ano pasado con talleres de pandeireta, baile galego &#8230;<\/p>\n<\/blockquote>\n\n\n\n<p><strong>Onde os desenvolvedes?<\/strong><\/p>\n\n\n\n<blockquote class=\"wp-block-quote is-layout-flow wp-block-quote-is-layout-flow\">\n<p>Estamos fac\u00e9ndoo na casa da Veigui\u00f1a, no local de BNG .<\/p>\n<\/blockquote>\n\n\n\n<p><strong>E s\u00f3 tedes presenza en Mar\u00edn ou estades fora do termo municipal ?<\/strong><\/p>\n\n\n\n<blockquote class=\"wp-block-quote is-layout-flow wp-block-quote-is-layout-flow\">\n<p>Somos unha asociaci\u00f3n de car\u00e1cter galego e temos colaboraci\u00f3ns con outras asociaci\u00f3ns do pa\u00eds.<\/p>\n<\/blockquote>\n\n\n\n<p><strong>O nome de \u201cAlmuinha\u201d ten un v\u00ednculo moi concreto con Mar\u00edn, en que consiste?<\/strong><\/p>\n\n\n\n<blockquote class=\"wp-block-quote is-layout-flow wp-block-quote-is-layout-flow\">\n<p>Mar\u00edn foi unha vila que cedeu moitos espazos ao mar, a xente nova non sabe que cando vai cami\u00f1ando entrando por Mar\u00edn, antes nese espazo hab\u00eda unha praia chamada Almuinha. E o nome desa asociaci\u00f3n xorde como recordo dese espazo que era tan importante en Mar\u00edn.<\/p>\n<\/blockquote>\n\n\n\n<p><strong>Xa non existe este areal?<\/strong><\/p>\n\n\n\n<blockquote class=\"wp-block-quote is-layout-flow wp-block-quote-is-layout-flow\">\n<p>Non, esta praia estaba onde est\u00e1 agora a Avda. Ourense.<\/p>\n<\/blockquote>\n\n\n\n<p><strong>Ent\u00f3n houbo un momento na historia no que o mar de Mar\u00edn chegaba xusto ata a Alameda?<\/strong><\/p>\n\n\n\n<blockquote class=\"wp-block-quote is-layout-flow wp-block-quote-is-layout-flow\">\n<p>Si, o nome da asociaci\u00f3n e por facerlle unha homenaxe ao Mar\u00edn que xa non \u00e9.<\/p>\n<\/blockquote>\n\n\n\n<p><strong>Cando chegas \u00e1 presidencia da asociaci\u00f3n?<\/strong><\/p>\n\n\n\n<blockquote class=\"wp-block-quote is-layout-flow wp-block-quote-is-layout-flow\">\n<p>De maneira oficiosa comezo al\u00e1 polo mes de abril do ano pasado. Xa organizamos o primeiro festival do D\u00eda das Letras Galegas no ano 24, pero o meu nomeamento oficial foi no mes de outubro do pasado ano.<\/p>\n<\/blockquote>\n\n\n\n<p><strong>Aar\u00f3n, ti es un activista pol\u00edtico e social, tes un negocio do que vives, es colaborador de A Nova Peneira e tes unha vida persoal. De onde sacas o temo para presidir a asociaci\u00f3n cultural a parte das t\u00faas m\u00faltiples facetas vitais?<\/strong><\/p>\n\n\n\n<blockquote class=\"wp-block-quote is-layout-flow wp-block-quote-is-layout-flow\">\n<p>Os d\u00edas deber\u00edan ter 30 horas para min, traballo moito diante dun caf\u00e9 con leite para estas cousas.<\/p>\n<\/blockquote>\n\n\n\n<p><strong>Cantas persoas sodes na directiva?<\/strong><\/p>\n\n\n\n<blockquote class=\"wp-block-quote is-layout-flow wp-block-quote-is-layout-flow\">\n<p>Acomp\u00e1\u00f1anme catro persoas: Davinia, Helena, Laura e o proio Xurxo, que \u00e9 fundamental que non deixara de estar na xunta directiva. Estou moi satisfeito porque hai persoas que me te\u00f1en manifestado o seu interese por participar en Almuinha e colaborar nos actos que facemos.<\/p>\n<\/blockquote>\n\n\n\n<p><strong>Cales son as actividades principais que tedes previsto desenvolver no futuro inmediato?<\/strong><\/p>\n\n\n\n<blockquote class=\"wp-block-quote is-layout-flow wp-block-quote-is-layout-flow\">\n<p>De aqu\u00ed a final de curso teremos na nosa vila a charla sobre Palestina \u00e1 que antes me refer\u00edn, teremos tam\u00e9n en Mar\u00edn unha colaboraci\u00f3n coa plataforma Ulloa Viva e faremos un acto sobre Altri. Faremos o II festival das letras, que para n\u00f3s \u00e9 fundamental e continuaremos con diversas presentaci\u00f3ns de libros.<\/p>\n<\/blockquote>\n\n\n\n<p><strong>\u00c9 dicir: tes previsto manter unha actividade regular?<\/strong><\/p>\n\n\n\n<blockquote class=\"wp-block-quote is-layout-flow wp-block-quote-is-layout-flow\">\n<p>Si, agora mesmo estamos case a acto por semana, pero a ese ritmo non podemos seguir moito tempo m\u00e1is. Non temos estrutura para organizar un acto todas as semanas, temos moitas ga\u00f1as, moita ilusi\u00f3n, pero a realidade \u00e9 a que. Imos intentar meternos nun m\u00ednimo dun acto ao mes.<\/p>\n<\/blockquote>\n\n\n\n<p><strong>Como vos financiades?<\/strong><\/p>\n\n\n\n<blockquote class=\"wp-block-quote is-layout-flow wp-block-quote-is-layout-flow\">\n<p>Auto financiamento puro e duro.<\/p>\n<\/blockquote>\n\n\n\n<p><strong>Sufragades v\u00f3s os gastos de carteis e publicidade dos actos que organizades?<\/strong><\/p>\n\n\n\n<blockquote class=\"wp-block-quote is-layout-flow wp-block-quote-is-layout-flow\">\n<p>Absolutamente todo. No anterior festival das letras montamos unha barra a prezos populares e algo de cartos puidemos quitar.<\/p>\n<\/blockquote>\n\n\n\n<p><strong>O Concello de Mar\u00edn non vos fai ning\u00fan tipo de achega econ\u00f3mica?<\/strong><\/p>\n\n\n\n<blockquote class=\"wp-block-quote is-layout-flow wp-block-quote-is-layout-flow\">\n<p>Efectivamente, non nos d\u00e1 absolutamente nada. Pero non \u00e9 s\u00f3 iso, \u00e9 que ten unha actitude hostil cara a n\u00f3s que chegou ao punto de negarnos unhas botellas de auga nun acto. O Concello de Mar\u00edn precisa con suma urxencia democratizar as s\u00faas relaci\u00f3ns co tecido asociativo local.<\/p>\n<\/blockquote>\n","protected":false},"excerpt":{"rendered":"<div class=\"mh-excerpt\"><p>O noso colaborador Aar\u00f3n Franco ven de ser nomeado presidente da Asociaci\u00f3n Cultural Almuinha de Mar\u00edn. Este colectivo nace hai 17 anos cos obxectivos de promover e defender os sinais de identidade do pa\u00eds , al\u00e9n de exercer a solidariedade internacionalista cos pobos asoballados do mundo. <a class=\"mh-excerpt-more\" href=\"https:\/\/www.anovapeneira.gal\/index.php\/2025\/04\/30\/aaron-franco-presidente-da-ac-almuinha-de-marin\/\" title=\"Aar\u00f3n Franco, presidente da AC Almuinha de Mar\u00edn\">[&#8230;]<\/a><\/p>\n<\/div>","protected":false},"author":3,"featured_media":13795,"comment_status":"open","ping_status":"open","sticky":false,"template":"","format":"standard","meta":{"_exactmetrics_skip_tracking":false,"_exactmetrics_sitenote_active":false,"_exactmetrics_sitenote_note":"","_exactmetrics_sitenote_category":0,"footnotes":""},"categories":[22],"tags":[144],"class_list":{"0":"post-13794","1":"post","2":"type-post","3":"status-publish","4":"format-standard","5":"has-post-thumbnail","7":"category-morrazo","8":"tag-concello-de-marin"},"yoast_head":"<!-- This site is optimized with the Yoast SEO plugin v27.4 - https:\/\/yoast.com\/product\/yoast-seo-wordpress\/ -->\n<title>Aar\u00f3n Franco, presidente da AC Almuinha de Mar\u00edn -<\/title>\n<meta name=\"robots\" content=\"index, follow, max-snippet:-1, max-image-preview:large, max-video-preview:-1\" \/>\n<link rel=\"canonical\" href=\"https:\/\/www.anovapeneira.gal\/index.php\/2025\/04\/30\/aaron-franco-presidente-da-ac-almuinha-de-marin\/\" \/>\n<meta property=\"og:locale\" content=\"gl_ES\" \/>\n<meta property=\"og:type\" content=\"article\" \/>\n<meta property=\"og:title\" content=\"Aar\u00f3n Franco, presidente da AC Almuinha de Mar\u00edn -\" \/>\n<meta property=\"og:description\" content=\"O noso colaborador Aar\u00f3n Franco ven de ser nomeado presidente da Asociaci\u00f3n Cultural Almuinha de Mar\u00edn. Este colectivo nace hai 17 anos cos obxectivos de promover e defender os sinais de identidade do pa\u00eds , al\u00e9n de exercer a solidariedade internacionalista cos pobos asoballados do mundo. [...]\" \/>\n<meta property=\"og:url\" content=\"https:\/\/www.anovapeneira.gal\/index.php\/2025\/04\/30\/aaron-franco-presidente-da-ac-almuinha-de-marin\/\" \/>\n<meta property=\"article:publisher\" content=\"https:\/\/www.facebook.com\/anovapeneira\" \/>\n<meta property=\"article:published_time\" content=\"2025-04-30T08:00:53+00:00\" \/>\n<meta property=\"og:image\" content=\"https:\/\/www.anovapeneira.gal\/wp-content\/uploads\/2025\/04\/aaron_aluminha_marin.jpg\" \/>\n\t<meta property=\"og:image:width\" content=\"720\" \/>\n\t<meta property=\"og:image:height\" content=\"432\" \/>\n\t<meta property=\"og:image:type\" content=\"image\/jpeg\" \/>\n<meta name=\"author\" content=\"Redacci\u00f3n A Nova Peneira\" \/>\n<meta name=\"twitter:card\" content=\"summary_large_image\" \/>\n<meta name=\"twitter:creator\" content=\"@APeneira\" \/>\n<meta name=\"twitter:site\" content=\"@APeneira\" \/>\n<meta name=\"twitter:label1\" content=\"Escrito por\" \/>\n\t<meta name=\"twitter:data1\" content=\"Redacci\u00f3n A Nova Peneira\" \/>\n\t<meta name=\"twitter:label2\" content=\"Tempo de lectura\" \/>\n\t<meta name=\"twitter:data2\" content=\"3 minutos\" \/>\n<script type=\"application\/ld+json\" class=\"yoast-schema-graph\">{\"@context\":\"https:\\\/\\\/schema.org\",\"@graph\":[{\"@type\":\"Article\",\"@id\":\"https:\\\/\\\/www.anovapeneira.gal\\\/index.php\\\/2025\\\/04\\\/30\\\/aaron-franco-presidente-da-ac-almuinha-de-marin\\\/#article\",\"isPartOf\":{\"@id\":\"https:\\\/\\\/www.anovapeneira.gal\\\/index.php\\\/2025\\\/04\\\/30\\\/aaron-franco-presidente-da-ac-almuinha-de-marin\\\/\"},\"author\":{\"name\":\"Redacci\u00f3n A Nova Peneira\",\"@id\":\"https:\\\/\\\/www.anovapeneira.gal\\\/#\\\/schema\\\/person\\\/b93e3f8932e3f8da96334607eb6ac6aa\"},\"headline\":\"Aar\u00f3n Franco, presidente da AC Almuinha de Mar\u00edn\",\"datePublished\":\"2025-04-30T08:00:53+00:00\",\"mainEntityOfPage\":{\"@id\":\"https:\\\/\\\/www.anovapeneira.gal\\\/index.php\\\/2025\\\/04\\\/30\\\/aaron-franco-presidente-da-ac-almuinha-de-marin\\\/\"},\"wordCount\":958,\"commentCount\":0,\"publisher\":{\"@id\":\"https:\\\/\\\/www.anovapeneira.gal\\\/#organization\"},\"image\":{\"@id\":\"https:\\\/\\\/www.anovapeneira.gal\\\/index.php\\\/2025\\\/04\\\/30\\\/aaron-franco-presidente-da-ac-almuinha-de-marin\\\/#primaryimage\"},\"thumbnailUrl\":\"https:\\\/\\\/www.anovapeneira.gal\\\/wp-content\\\/uploads\\\/2025\\\/04\\\/aaron_aluminha_marin.jpg\",\"keywords\":[\"Concello de Mar\u00edn\"],\"articleSection\":[\"Morrazo\"],\"inLanguage\":\"gl-ES\",\"potentialAction\":[{\"@type\":\"CommentAction\",\"name\":\"Comment\",\"target\":[\"https:\\\/\\\/www.anovapeneira.gal\\\/index.php\\\/2025\\\/04\\\/30\\\/aaron-franco-presidente-da-ac-almuinha-de-marin\\\/#respond\"]}]},{\"@type\":\"WebPage\",\"@id\":\"https:\\\/\\\/www.anovapeneira.gal\\\/index.php\\\/2025\\\/04\\\/30\\\/aaron-franco-presidente-da-ac-almuinha-de-marin\\\/\",\"url\":\"https:\\\/\\\/www.anovapeneira.gal\\\/index.php\\\/2025\\\/04\\\/30\\\/aaron-franco-presidente-da-ac-almuinha-de-marin\\\/\",\"name\":\"Aar\u00f3n Franco, presidente da AC Almuinha de Mar\u00edn -\",\"isPartOf\":{\"@id\":\"https:\\\/\\\/www.anovapeneira.gal\\\/#website\"},\"primaryImageOfPage\":{\"@id\":\"https:\\\/\\\/www.anovapeneira.gal\\\/index.php\\\/2025\\\/04\\\/30\\\/aaron-franco-presidente-da-ac-almuinha-de-marin\\\/#primaryimage\"},\"image\":{\"@id\":\"https:\\\/\\\/www.anovapeneira.gal\\\/index.php\\\/2025\\\/04\\\/30\\\/aaron-franco-presidente-da-ac-almuinha-de-marin\\\/#primaryimage\"},\"thumbnailUrl\":\"https:\\\/\\\/www.anovapeneira.gal\\\/wp-content\\\/uploads\\\/2025\\\/04\\\/aaron_aluminha_marin.jpg\",\"datePublished\":\"2025-04-30T08:00:53+00:00\",\"breadcrumb\":{\"@id\":\"https:\\\/\\\/www.anovapeneira.gal\\\/index.php\\\/2025\\\/04\\\/30\\\/aaron-franco-presidente-da-ac-almuinha-de-marin\\\/#breadcrumb\"},\"inLanguage\":\"gl-ES\",\"potentialAction\":[{\"@type\":\"ReadAction\",\"target\":[\"https:\\\/\\\/www.anovapeneira.gal\\\/index.php\\\/2025\\\/04\\\/30\\\/aaron-franco-presidente-da-ac-almuinha-de-marin\\\/\"]}]},{\"@type\":\"ImageObject\",\"inLanguage\":\"gl-ES\",\"@id\":\"https:\\\/\\\/www.anovapeneira.gal\\\/index.php\\\/2025\\\/04\\\/30\\\/aaron-franco-presidente-da-ac-almuinha-de-marin\\\/#primaryimage\",\"url\":\"https:\\\/\\\/www.anovapeneira.gal\\\/wp-content\\\/uploads\\\/2025\\\/04\\\/aaron_aluminha_marin.jpg\",\"contentUrl\":\"https:\\\/\\\/www.anovapeneira.gal\\\/wp-content\\\/uploads\\\/2025\\\/04\\\/aaron_aluminha_marin.jpg\",\"width\":720,\"height\":432,\"caption\":\"Aar\u00f3n Franco, presidente da AC Almuinha de Mar\u00edn\"},{\"@type\":\"BreadcrumbList\",\"@id\":\"https:\\\/\\\/www.anovapeneira.gal\\\/index.php\\\/2025\\\/04\\\/30\\\/aaron-franco-presidente-da-ac-almuinha-de-marin\\\/#breadcrumb\",\"itemListElement\":[{\"@type\":\"ListItem\",\"position\":1,\"name\":\"Portada\",\"item\":\"https:\\\/\\\/www.anovapeneira.gal\\\/\"},{\"@type\":\"ListItem\",\"position\":2,\"name\":\"Aar\u00f3n Franco, presidente da AC Almuinha de Mar\u00edn\"}]},{\"@type\":\"WebSite\",\"@id\":\"https:\\\/\\\/www.anovapeneira.gal\\\/#website\",\"url\":\"https:\\\/\\\/www.anovapeneira.gal\\\/\",\"name\":\"\",\"description\":\"Xornal galego de informaci\u00f3n xeral Publicaci\u00f3n mensual de novas de Galicia e en especial dos Concellos da sur da provincia de Pontevedra.\",\"publisher\":{\"@id\":\"https:\\\/\\\/www.anovapeneira.gal\\\/#organization\"},\"potentialAction\":[{\"@type\":\"SearchAction\",\"target\":{\"@type\":\"EntryPoint\",\"urlTemplate\":\"https:\\\/\\\/www.anovapeneira.gal\\\/?s={search_term_string}\"},\"query-input\":{\"@type\":\"PropertyValueSpecification\",\"valueRequired\":true,\"valueName\":\"search_term_string\"}}],\"inLanguage\":\"gl-ES\"},{\"@type\":\"Organization\",\"@id\":\"https:\\\/\\\/www.anovapeneira.gal\\\/#organization\",\"name\":\"A Nova Peneira\",\"url\":\"https:\\\/\\\/www.anovapeneira.gal\\\/\",\"logo\":{\"@type\":\"ImageObject\",\"inLanguage\":\"gl-ES\",\"@id\":\"https:\\\/\\\/www.anovapeneira.gal\\\/#\\\/schema\\\/logo\\\/image\\\/\",\"url\":\"http:\\\/\\\/www.anovapeneira.gal\\\/wp-content\\\/uploads\\\/2019\\\/06\\\/logo_a_nova_peneira_portal_web.png\",\"contentUrl\":\"http:\\\/\\\/www.anovapeneira.gal\\\/wp-content\\\/uploads\\\/2019\\\/06\\\/logo_a_nova_peneira_portal_web.png\",\"width\":300,\"height\":100,\"caption\":\"A Nova Peneira\"},\"image\":{\"@id\":\"https:\\\/\\\/www.anovapeneira.gal\\\/#\\\/schema\\\/logo\\\/image\\\/\"},\"sameAs\":[\"https:\\\/\\\/www.facebook.com\\\/anovapeneira\",\"https:\\\/\\\/x.com\\\/APeneira\"]},{\"@type\":\"Person\",\"@id\":\"https:\\\/\\\/www.anovapeneira.gal\\\/#\\\/schema\\\/person\\\/b93e3f8932e3f8da96334607eb6ac6aa\",\"name\":\"Redacci\u00f3n A Nova Peneira\",\"image\":{\"@type\":\"ImageObject\",\"inLanguage\":\"gl-ES\",\"@id\":\"https:\\\/\\\/secure.gravatar.com\\\/avatar\\\/c052a2551a06e23fac63626232eaa90abd78dbcf1700fc46a2b2c89fd27b735f?s=96&d=mm&r=g\",\"url\":\"https:\\\/\\\/secure.gravatar.com\\\/avatar\\\/c052a2551a06e23fac63626232eaa90abd78dbcf1700fc46a2b2c89fd27b735f?s=96&d=mm&r=g\",\"contentUrl\":\"https:\\\/\\\/secure.gravatar.com\\\/avatar\\\/c052a2551a06e23fac63626232eaa90abd78dbcf1700fc46a2b2c89fd27b735f?s=96&d=mm&r=g\",\"caption\":\"Redacci\u00f3n A Nova Peneira\"},\"sameAs\":[\"http:\\\/\\\/www.anovapeneira.gal\\\/\"],\"url\":\"https:\\\/\\\/www.anovapeneira.gal\\\/index.php\\\/author\\\/redactor\\\/\"}]}<\/script>\n<!-- \/ Yoast SEO plugin. -->","yoast_head_json":{"title":"Aar\u00f3n Franco, presidente da AC Almuinha de Mar\u00edn -","robots":{"index":"index","follow":"follow","max-snippet":"max-snippet:-1","max-image-preview":"max-image-preview:large","max-video-preview":"max-video-preview:-1"},"canonical":"https:\/\/www.anovapeneira.gal\/index.php\/2025\/04\/30\/aaron-franco-presidente-da-ac-almuinha-de-marin\/","og_locale":"gl_ES","og_type":"article","og_title":"Aar\u00f3n Franco, presidente da AC Almuinha de Mar\u00edn -","og_description":"O noso colaborador Aar\u00f3n Franco ven de ser nomeado presidente da Asociaci\u00f3n Cultural Almuinha de Mar\u00edn. Este colectivo nace hai 17 anos cos obxectivos de promover e defender os sinais de identidade do pa\u00eds , al\u00e9n de exercer a solidariedade internacionalista cos pobos asoballados do mundo. [...]","og_url":"https:\/\/www.anovapeneira.gal\/index.php\/2025\/04\/30\/aaron-franco-presidente-da-ac-almuinha-de-marin\/","article_publisher":"https:\/\/www.facebook.com\/anovapeneira","article_published_time":"2025-04-30T08:00:53+00:00","og_image":[{"width":720,"height":432,"url":"https:\/\/www.anovapeneira.gal\/wp-content\/uploads\/2025\/04\/aaron_aluminha_marin.jpg","type":"image\/jpeg"}],"author":"Redacci\u00f3n A Nova Peneira","twitter_card":"summary_large_image","twitter_creator":"@APeneira","twitter_site":"@APeneira","twitter_misc":{"Escrito por":"Redacci\u00f3n A Nova Peneira","Tempo de lectura":"3 minutos"},"schema":{"@context":"https:\/\/schema.org","@graph":[{"@type":"Article","@id":"https:\/\/www.anovapeneira.gal\/index.php\/2025\/04\/30\/aaron-franco-presidente-da-ac-almuinha-de-marin\/#article","isPartOf":{"@id":"https:\/\/www.anovapeneira.gal\/index.php\/2025\/04\/30\/aaron-franco-presidente-da-ac-almuinha-de-marin\/"},"author":{"name":"Redacci\u00f3n A Nova Peneira","@id":"https:\/\/www.anovapeneira.gal\/#\/schema\/person\/b93e3f8932e3f8da96334607eb6ac6aa"},"headline":"Aar\u00f3n Franco, presidente da AC Almuinha de Mar\u00edn","datePublished":"2025-04-30T08:00:53+00:00","mainEntityOfPage":{"@id":"https:\/\/www.anovapeneira.gal\/index.php\/2025\/04\/30\/aaron-franco-presidente-da-ac-almuinha-de-marin\/"},"wordCount":958,"commentCount":0,"publisher":{"@id":"https:\/\/www.anovapeneira.gal\/#organization"},"image":{"@id":"https:\/\/www.anovapeneira.gal\/index.php\/2025\/04\/30\/aaron-franco-presidente-da-ac-almuinha-de-marin\/#primaryimage"},"thumbnailUrl":"https:\/\/www.anovapeneira.gal\/wp-content\/uploads\/2025\/04\/aaron_aluminha_marin.jpg","keywords":["Concello de Mar\u00edn"],"articleSection":["Morrazo"],"inLanguage":"gl-ES","potentialAction":[{"@type":"CommentAction","name":"Comment","target":["https:\/\/www.anovapeneira.gal\/index.php\/2025\/04\/30\/aaron-franco-presidente-da-ac-almuinha-de-marin\/#respond"]}]},{"@type":"WebPage","@id":"https:\/\/www.anovapeneira.gal\/index.php\/2025\/04\/30\/aaron-franco-presidente-da-ac-almuinha-de-marin\/","url":"https:\/\/www.anovapeneira.gal\/index.php\/2025\/04\/30\/aaron-franco-presidente-da-ac-almuinha-de-marin\/","name":"Aar\u00f3n Franco, presidente da AC Almuinha de Mar\u00edn -","isPartOf":{"@id":"https:\/\/www.anovapeneira.gal\/#website"},"primaryImageOfPage":{"@id":"https:\/\/www.anovapeneira.gal\/index.php\/2025\/04\/30\/aaron-franco-presidente-da-ac-almuinha-de-marin\/#primaryimage"},"image":{"@id":"https:\/\/www.anovapeneira.gal\/index.php\/2025\/04\/30\/aaron-franco-presidente-da-ac-almuinha-de-marin\/#primaryimage"},"thumbnailUrl":"https:\/\/www.anovapeneira.gal\/wp-content\/uploads\/2025\/04\/aaron_aluminha_marin.jpg","datePublished":"2025-04-30T08:00:53+00:00","breadcrumb":{"@id":"https:\/\/www.anovapeneira.gal\/index.php\/2025\/04\/30\/aaron-franco-presidente-da-ac-almuinha-de-marin\/#breadcrumb"},"inLanguage":"gl-ES","potentialAction":[{"@type":"ReadAction","target":["https:\/\/www.anovapeneira.gal\/index.php\/2025\/04\/30\/aaron-franco-presidente-da-ac-almuinha-de-marin\/"]}]},{"@type":"ImageObject","inLanguage":"gl-ES","@id":"https:\/\/www.anovapeneira.gal\/index.php\/2025\/04\/30\/aaron-franco-presidente-da-ac-almuinha-de-marin\/#primaryimage","url":"https:\/\/www.anovapeneira.gal\/wp-content\/uploads\/2025\/04\/aaron_aluminha_marin.jpg","contentUrl":"https:\/\/www.anovapeneira.gal\/wp-content\/uploads\/2025\/04\/aaron_aluminha_marin.jpg","width":720,"height":432,"caption":"Aar\u00f3n Franco, presidente da AC Almuinha de Mar\u00edn"},{"@type":"BreadcrumbList","@id":"https:\/\/www.anovapeneira.gal\/index.php\/2025\/04\/30\/aaron-franco-presidente-da-ac-almuinha-de-marin\/#breadcrumb","itemListElement":[{"@type":"ListItem","position":1,"name":"Portada","item":"https:\/\/www.anovapeneira.gal\/"},{"@type":"ListItem","position":2,"name":"Aar\u00f3n Franco, presidente da AC Almuinha de Mar\u00edn"}]},{"@type":"WebSite","@id":"https:\/\/www.anovapeneira.gal\/#website","url":"https:\/\/www.anovapeneira.gal\/","name":"","description":"Xornal galego de informaci\u00f3n xeral Publicaci\u00f3n mensual de novas de Galicia e en especial dos Concellos da sur da provincia de Pontevedra.","publisher":{"@id":"https:\/\/www.anovapeneira.gal\/#organization"},"potentialAction":[{"@type":"SearchAction","target":{"@type":"EntryPoint","urlTemplate":"https:\/\/www.anovapeneira.gal\/?s={search_term_string}"},"query-input":{"@type":"PropertyValueSpecification","valueRequired":true,"valueName":"search_term_string"}}],"inLanguage":"gl-ES"},{"@type":"Organization","@id":"https:\/\/www.anovapeneira.gal\/#organization","name":"A Nova Peneira","url":"https:\/\/www.anovapeneira.gal\/","logo":{"@type":"ImageObject","inLanguage":"gl-ES","@id":"https:\/\/www.anovapeneira.gal\/#\/schema\/logo\/image\/","url":"http:\/\/www.anovapeneira.gal\/wp-content\/uploads\/2019\/06\/logo_a_nova_peneira_portal_web.png","contentUrl":"http:\/\/www.anovapeneira.gal\/wp-content\/uploads\/2019\/06\/logo_a_nova_peneira_portal_web.png","width":300,"height":100,"caption":"A Nova Peneira"},"image":{"@id":"https:\/\/www.anovapeneira.gal\/#\/schema\/logo\/image\/"},"sameAs":["https:\/\/www.facebook.com\/anovapeneira","https:\/\/x.com\/APeneira"]},{"@type":"Person","@id":"https:\/\/www.anovapeneira.gal\/#\/schema\/person\/b93e3f8932e3f8da96334607eb6ac6aa","name":"Redacci\u00f3n A Nova Peneira","image":{"@type":"ImageObject","inLanguage":"gl-ES","@id":"https:\/\/secure.gravatar.com\/avatar\/c052a2551a06e23fac63626232eaa90abd78dbcf1700fc46a2b2c89fd27b735f?s=96&d=mm&r=g","url":"https:\/\/secure.gravatar.com\/avatar\/c052a2551a06e23fac63626232eaa90abd78dbcf1700fc46a2b2c89fd27b735f?s=96&d=mm&r=g","contentUrl":"https:\/\/secure.gravatar.com\/avatar\/c052a2551a06e23fac63626232eaa90abd78dbcf1700fc46a2b2c89fd27b735f?s=96&d=mm&r=g","caption":"Redacci\u00f3n A Nova Peneira"},"sameAs":["http:\/\/www.anovapeneira.gal\/"],"url":"https:\/\/www.anovapeneira.gal\/index.php\/author\/redactor\/"}]}},"jetpack_featured_media_url":"https:\/\/www.anovapeneira.gal\/wp-content\/uploads\/2025\/04\/aaron_aluminha_marin.jpg","_links":{"self":[{"href":"https:\/\/www.anovapeneira.gal\/index.php\/wp-json\/wp\/v2\/posts\/13794","targetHints":{"allow":["GET"]}}],"collection":[{"href":"https:\/\/www.anovapeneira.gal\/index.php\/wp-json\/wp\/v2\/posts"}],"about":[{"href":"https:\/\/www.anovapeneira.gal\/index.php\/wp-json\/wp\/v2\/types\/post"}],"author":[{"embeddable":true,"href":"https:\/\/www.anovapeneira.gal\/index.php\/wp-json\/wp\/v2\/users\/3"}],"replies":[{"embeddable":true,"href":"https:\/\/www.anovapeneira.gal\/index.php\/wp-json\/wp\/v2\/comments?post=13794"}],"version-history":[{"count":2,"href":"https:\/\/www.anovapeneira.gal\/index.php\/wp-json\/wp\/v2\/posts\/13794\/revisions"}],"predecessor-version":[{"id":13797,"href":"https:\/\/www.anovapeneira.gal\/index.php\/wp-json\/wp\/v2\/posts\/13794\/revisions\/13797"}],"wp:featuredmedia":[{"embeddable":true,"href":"https:\/\/www.anovapeneira.gal\/index.php\/wp-json\/wp\/v2\/media\/13795"}],"wp:attachment":[{"href":"https:\/\/www.anovapeneira.gal\/index.php\/wp-json\/wp\/v2\/media?parent=13794"}],"wp:term":[{"taxonomy":"category","embeddable":true,"href":"https:\/\/www.anovapeneira.gal\/index.php\/wp-json\/wp\/v2\/categories?post=13794"},{"taxonomy":"post_tag","embeddable":true,"href":"https:\/\/www.anovapeneira.gal\/index.php\/wp-json\/wp\/v2\/tags?post=13794"}],"curies":[{"name":"wp","href":"https:\/\/api.w.org\/{rel}","templated":true}]}}