{"id":1380,"date":"2019-09-30T10:00:08","date_gmt":"2019-09-30T08:00:08","guid":{"rendered":"http:\/\/www.anovapeneira.gal\/?p=1380"},"modified":"2019-09-29T17:58:55","modified_gmt":"2019-09-29T15:58:55","slug":"salceda-aproba-inicialmente-uns-orzamentos-de-4-809-240-e","status":"publish","type":"post","link":"https:\/\/www.anovapeneira.gal\/index.php\/2019\/09\/30\/salceda-aproba-inicialmente-uns-orzamentos-de-4-809-240-e\/","title":{"rendered":"Salceda aproba inicialmente uns orzamentos de 4.809.240 \u20ac"},"content":{"rendered":"\n<h2 class=\"wp-block-heading\"><em>O\norzamento sup\u00f3n un incremento de 700.000 \u20ac con respecto ao\norzamento vixente, prorrogado dende 2016<\/em><\/h2>\n\n\n\n<p><strong>Salceda de Caselas, 25 de setembro de 2019<\/strong><\/p>\n\n\n\n<p> O\ngoberno de Salceda (Movemento Salceda e PSOE) ven de aprobar\ninicialmente en pleno os orzamentos para este ano 2019, cos votos en\ncontra do PP, que ascenden a unha cantidade de 4.809.240 \u20ac.<\/p>\n\n\n\n<p>Cabe\nlembrar que os orzamentos vixentes actualmente no Concello de Salceda\nest\u00e1n prorrogados dende o ano 2016, polo que xa non respond\u00edan \u00e1\nrealidade social e econ\u00f3mica de Salceda. De feito, o remanente de\ntesourer\u00eda existente posibilitou o incremento dos orzamentos en\n700.000 \u20ac, que sen d\u00fabida contribuir\u00e1n ao bo funcionamento dos\ndiferentes servizos municipais.<\/p>\n\n\n\n<p>Destaca\nno documento o incremento da partida destinada a un servizo tan\nfundamental como o servizo de axuda no fogar (SAF), que pasa de\n200.000 a 400.000 \u20ac, garantindo as\u00ed a cobertura das horas de\nservizo que se foron incrementando nos \u00faltimos anos, e que est\u00e1n en\ntorno \u00e1s 2.500 horas anuais entre os servizos por dependencia e por\nlibre concurrencia.<\/p>\n\n\n\n<p>O\ncap\u00edtulo de persoal, con 1.499.979,35 \u20ac consignados, sup\u00f3n un 30%\ndo Orzamento, increment\u00e1ndose nuns 60.000\u20ac. Este cap\u00edtulo\npresenta novidades con respecto ao orzamento vixente, xa que se prev\u00e9\nunha praza de tesourer\u00eda de habilitaci\u00f3n nacional, obrigatoria para\nConcellos de mais de 5.000 habitantes, as\u00ed como a dun Oficial de\nPolic\u00eda, tam\u00e9n obrigatoria por lei. Ademais d\u00f3tanse ao 100% prazas\nque no orzamento anterior figuraban por un tempo determinado. O\nincremento de 60.000 \u20ac servir\u00e1 tam\u00e9n para dar cobertura a\ndiversas obrigas e gastos producidos nos \u00faltimos anos, como o\ncumprimento de sentencias, os incrementos salariais derivados dos\nOrzamentos Xerais do Estado, etc.<\/p>\n\n\n\n<p>En\ncanto \u00e1s subvenci\u00f3ns para entidades culturais, deportivas e\nsociais, mant\u00e9\u00f1ense os 92.000 \u20ac consignados, garantindo as\u00ed o\napoio a estas entidades que contrib\u00faen \u00e1 dinamizaci\u00f3n de Salceda,\nnun momento en que a tendencia das diferentes administraci\u00f3ns e a\nreducir este tipo de aportaci\u00f3ns, e incluso a eliminalas en varios\ncasos.<\/p>\n\n\n\n<p>En\ncanto ao cap\u00edtulo de investimentos, rec\u00f3llense 313.835,38 \u20ac que\nservir\u00e1n para levar a cabo pequenas obras de grande importancia para\no d\u00eda a d\u00eda da veci\u00f1anza de Salceda, que se realizar\u00e1n a trav\u00e9s\ndas diferentes \u00e1reas de goberno.<\/p>\n\n\n\n<p>Luc\u00eda\nPereira, Concelleira de facenda (MS), defendeu os orzamentos alegando\nque \u201cse axustan \u00e1 realidade de Salceda, e ofrecen a garant\u00eda\nprecisa para manter os servizos ofertados para a veci\u00f1anza de\nSalceda que se viron incrementados constantemente ao longo dos\n\u00faltimos anos\u201d.<\/p>\n\n\n\n<p>Gela\nLedo, que actuou como voceira do PSOE, afirmou que est\u00e1n a cumprir o\nobxectivo recollido no pacto de goberno entre PSOE e MS de presentar\nuns orzamentos cada ano, que fagan que a situaci\u00f3n econ\u00f3mica do\nConcello se vexa reflexada nun documento actualizado e realista.<\/p>\n\n\n\n<p>Loli\nCasti\u00f1eira, Alcaldesa de Salceda, lembrou que estamos nun momento\nimportante, coa existencia dun goberno forte en maior\u00eda, que\npermitir\u00e1 sacar adiante documentos tan importantes como este, que\ngarantan a prestaci\u00f3n de numerosos servizos \u00e1 cidadan\u00eda por parte\ndo Concello, e que o fagan con transparencia e obxectividade, como\npremisa fundamental deste equipo de goberno.<\/p>\n","protected":false},"excerpt":{"rendered":"<div class=\"mh-excerpt\"><p>O orzamento sup\u00f3n un incremento de 700.000 \u20ac con respecto ao orzamento vixente, prorrogado dende 2016 <a class=\"mh-excerpt-more\" href=\"https:\/\/www.anovapeneira.gal\/index.php\/2019\/09\/30\/salceda-aproba-inicialmente-uns-orzamentos-de-4-809-240-e\/\" title=\"Salceda aproba inicialmente uns orzamentos de 4.809.240 \u20ac\">[&#8230;]<\/a><\/p>\n<\/div>","protected":false},"author":3,"featured_media":1382,"comment_status":"open","ping_status":"open","sticky":false,"template":"","format":"standard","meta":{"_exactmetrics_skip_tracking":false,"_exactmetrics_sitenote_active":false,"_exactmetrics_sitenote_note":"","_exactmetrics_sitenote_category":0,"footnotes":""},"categories":[23],"tags":[359,623],"class_list":{"0":"post-1380","1":"post","2":"type-post","3":"status-publish","4":"format-standard","5":"has-post-thumbnail","7":"category-a-lourina","8":"tag-concello-de-salceda-de-caselas","9":"tag-orzamento"},"yoast_head":"<!-- This site is optimized with the Yoast SEO plugin v27.4 - https:\/\/yoast.com\/product\/yoast-seo-wordpress\/ -->\n<title>Salceda aproba inicialmente uns orzamentos de 4.809.240 \u20ac -<\/title>\n<meta name=\"robots\" content=\"index, follow, max-snippet:-1, max-image-preview:large, max-video-preview:-1\" \/>\n<link rel=\"canonical\" href=\"https:\/\/www.anovapeneira.gal\/index.php\/2019\/09\/30\/salceda-aproba-inicialmente-uns-orzamentos-de-4-809-240-e\/\" \/>\n<meta property=\"og:locale\" content=\"gl_ES\" \/>\n<meta property=\"og:type\" content=\"article\" \/>\n<meta property=\"og:title\" content=\"Salceda aproba inicialmente uns orzamentos de 4.809.240 \u20ac -\" \/>\n<meta property=\"og:description\" content=\"O orzamento sup\u00f3n un incremento de 700.000 \u20ac con respecto ao orzamento vixente, prorrogado dende 2016 [...]\" \/>\n<meta property=\"og:url\" content=\"https:\/\/www.anovapeneira.gal\/index.php\/2019\/09\/30\/salceda-aproba-inicialmente-uns-orzamentos-de-4-809-240-e\/\" \/>\n<meta property=\"article:publisher\" content=\"https:\/\/www.facebook.com\/anovapeneira\" \/>\n<meta property=\"article:published_time\" content=\"2019-09-30T08:00:08+00:00\" \/>\n<meta property=\"og:image\" content=\"https:\/\/www.anovapeneira.gal\/wp-content\/uploads\/2019\/09\/SALCEDA_a_nova_peneira.jpg\" \/>\n\t<meta property=\"og:image:width\" content=\"720\" \/>\n\t<meta property=\"og:image:height\" content=\"473\" \/>\n\t<meta property=\"og:image:type\" content=\"image\/jpeg\" \/>\n<meta name=\"author\" content=\"Redacci\u00f3n A Nova Peneira\" \/>\n<meta name=\"twitter:card\" content=\"summary_large_image\" \/>\n<meta name=\"twitter:creator\" content=\"@APeneira\" \/>\n<meta name=\"twitter:site\" content=\"@APeneira\" \/>\n<meta name=\"twitter:label1\" content=\"Escrito por\" \/>\n\t<meta name=\"twitter:data1\" content=\"Redacci\u00f3n A Nova Peneira\" \/>\n\t<meta name=\"twitter:label2\" content=\"Tempo de lectura\" \/>\n\t<meta name=\"twitter:data2\" content=\"3 minutos\" \/>\n<script type=\"application\/ld+json\" class=\"yoast-schema-graph\">{\"@context\":\"https:\\\/\\\/schema.org\",\"@graph\":[{\"@type\":\"Article\",\"@id\":\"https:\\\/\\\/www.anovapeneira.gal\\\/index.php\\\/2019\\\/09\\\/30\\\/salceda-aproba-inicialmente-uns-orzamentos-de-4-809-240-e\\\/#article\",\"isPartOf\":{\"@id\":\"https:\\\/\\\/www.anovapeneira.gal\\\/index.php\\\/2019\\\/09\\\/30\\\/salceda-aproba-inicialmente-uns-orzamentos-de-4-809-240-e\\\/\"},\"author\":{\"name\":\"Redacci\u00f3n A Nova Peneira\",\"@id\":\"https:\\\/\\\/www.anovapeneira.gal\\\/#\\\/schema\\\/person\\\/b93e3f8932e3f8da96334607eb6ac6aa\"},\"headline\":\"Salceda aproba inicialmente uns orzamentos de 4.809.240 \u20ac\",\"datePublished\":\"2019-09-30T08:00:08+00:00\",\"mainEntityOfPage\":{\"@id\":\"https:\\\/\\\/www.anovapeneira.gal\\\/index.php\\\/2019\\\/09\\\/30\\\/salceda-aproba-inicialmente-uns-orzamentos-de-4-809-240-e\\\/\"},\"wordCount\":527,\"commentCount\":0,\"publisher\":{\"@id\":\"https:\\\/\\\/www.anovapeneira.gal\\\/#organization\"},\"image\":{\"@id\":\"https:\\\/\\\/www.anovapeneira.gal\\\/index.php\\\/2019\\\/09\\\/30\\\/salceda-aproba-inicialmente-uns-orzamentos-de-4-809-240-e\\\/#primaryimage\"},\"thumbnailUrl\":\"https:\\\/\\\/www.anovapeneira.gal\\\/wp-content\\\/uploads\\\/2019\\\/09\\\/SALCEDA_a_nova_peneira.jpg\",\"keywords\":[\"Concello de Salceda de Caselas\",\"Orzamento\"],\"articleSection\":[\"A Louri\u00f1a\"],\"inLanguage\":\"gl-ES\",\"potentialAction\":[{\"@type\":\"CommentAction\",\"name\":\"Comment\",\"target\":[\"https:\\\/\\\/www.anovapeneira.gal\\\/index.php\\\/2019\\\/09\\\/30\\\/salceda-aproba-inicialmente-uns-orzamentos-de-4-809-240-e\\\/#respond\"]}]},{\"@type\":\"WebPage\",\"@id\":\"https:\\\/\\\/www.anovapeneira.gal\\\/index.php\\\/2019\\\/09\\\/30\\\/salceda-aproba-inicialmente-uns-orzamentos-de-4-809-240-e\\\/\",\"url\":\"https:\\\/\\\/www.anovapeneira.gal\\\/index.php\\\/2019\\\/09\\\/30\\\/salceda-aproba-inicialmente-uns-orzamentos-de-4-809-240-e\\\/\",\"name\":\"Salceda aproba inicialmente uns orzamentos de 4.809.240 \u20ac -\",\"isPartOf\":{\"@id\":\"https:\\\/\\\/www.anovapeneira.gal\\\/#website\"},\"primaryImageOfPage\":{\"@id\":\"https:\\\/\\\/www.anovapeneira.gal\\\/index.php\\\/2019\\\/09\\\/30\\\/salceda-aproba-inicialmente-uns-orzamentos-de-4-809-240-e\\\/#primaryimage\"},\"image\":{\"@id\":\"https:\\\/\\\/www.anovapeneira.gal\\\/index.php\\\/2019\\\/09\\\/30\\\/salceda-aproba-inicialmente-uns-orzamentos-de-4-809-240-e\\\/#primaryimage\"},\"thumbnailUrl\":\"https:\\\/\\\/www.anovapeneira.gal\\\/wp-content\\\/uploads\\\/2019\\\/09\\\/SALCEDA_a_nova_peneira.jpg\",\"datePublished\":\"2019-09-30T08:00:08+00:00\",\"breadcrumb\":{\"@id\":\"https:\\\/\\\/www.anovapeneira.gal\\\/index.php\\\/2019\\\/09\\\/30\\\/salceda-aproba-inicialmente-uns-orzamentos-de-4-809-240-e\\\/#breadcrumb\"},\"inLanguage\":\"gl-ES\",\"potentialAction\":[{\"@type\":\"ReadAction\",\"target\":[\"https:\\\/\\\/www.anovapeneira.gal\\\/index.php\\\/2019\\\/09\\\/30\\\/salceda-aproba-inicialmente-uns-orzamentos-de-4-809-240-e\\\/\"]}]},{\"@type\":\"ImageObject\",\"inLanguage\":\"gl-ES\",\"@id\":\"https:\\\/\\\/www.anovapeneira.gal\\\/index.php\\\/2019\\\/09\\\/30\\\/salceda-aproba-inicialmente-uns-orzamentos-de-4-809-240-e\\\/#primaryimage\",\"url\":\"https:\\\/\\\/www.anovapeneira.gal\\\/wp-content\\\/uploads\\\/2019\\\/09\\\/SALCEDA_a_nova_peneira.jpg\",\"contentUrl\":\"https:\\\/\\\/www.anovapeneira.gal\\\/wp-content\\\/uploads\\\/2019\\\/09\\\/SALCEDA_a_nova_peneira.jpg\",\"width\":720,\"height\":473,\"caption\":\"Concello de Salceda A Nova peneira\"},{\"@type\":\"BreadcrumbList\",\"@id\":\"https:\\\/\\\/www.anovapeneira.gal\\\/index.php\\\/2019\\\/09\\\/30\\\/salceda-aproba-inicialmente-uns-orzamentos-de-4-809-240-e\\\/#breadcrumb\",\"itemListElement\":[{\"@type\":\"ListItem\",\"position\":1,\"name\":\"Portada\",\"item\":\"https:\\\/\\\/www.anovapeneira.gal\\\/\"},{\"@type\":\"ListItem\",\"position\":2,\"name\":\"Salceda aproba inicialmente uns orzamentos de 4.809.240 \u20ac\"}]},{\"@type\":\"WebSite\",\"@id\":\"https:\\\/\\\/www.anovapeneira.gal\\\/#website\",\"url\":\"https:\\\/\\\/www.anovapeneira.gal\\\/\",\"name\":\"\",\"description\":\"Xornal galego de informaci\u00f3n xeral Publicaci\u00f3n mensual de novas de Galicia e en especial dos Concellos da sur da provincia de Pontevedra.\",\"publisher\":{\"@id\":\"https:\\\/\\\/www.anovapeneira.gal\\\/#organization\"},\"potentialAction\":[{\"@type\":\"SearchAction\",\"target\":{\"@type\":\"EntryPoint\",\"urlTemplate\":\"https:\\\/\\\/www.anovapeneira.gal\\\/?s={search_term_string}\"},\"query-input\":{\"@type\":\"PropertyValueSpecification\",\"valueRequired\":true,\"valueName\":\"search_term_string\"}}],\"inLanguage\":\"gl-ES\"},{\"@type\":\"Organization\",\"@id\":\"https:\\\/\\\/www.anovapeneira.gal\\\/#organization\",\"name\":\"A Nova Peneira\",\"url\":\"https:\\\/\\\/www.anovapeneira.gal\\\/\",\"logo\":{\"@type\":\"ImageObject\",\"inLanguage\":\"gl-ES\",\"@id\":\"https:\\\/\\\/www.anovapeneira.gal\\\/#\\\/schema\\\/logo\\\/image\\\/\",\"url\":\"http:\\\/\\\/www.anovapeneira.gal\\\/wp-content\\\/uploads\\\/2019\\\/06\\\/logo_a_nova_peneira_portal_web.png\",\"contentUrl\":\"http:\\\/\\\/www.anovapeneira.gal\\\/wp-content\\\/uploads\\\/2019\\\/06\\\/logo_a_nova_peneira_portal_web.png\",\"width\":300,\"height\":100,\"caption\":\"A Nova Peneira\"},\"image\":{\"@id\":\"https:\\\/\\\/www.anovapeneira.gal\\\/#\\\/schema\\\/logo\\\/image\\\/\"},\"sameAs\":[\"https:\\\/\\\/www.facebook.com\\\/anovapeneira\",\"https:\\\/\\\/x.com\\\/APeneira\"]},{\"@type\":\"Person\",\"@id\":\"https:\\\/\\\/www.anovapeneira.gal\\\/#\\\/schema\\\/person\\\/b93e3f8932e3f8da96334607eb6ac6aa\",\"name\":\"Redacci\u00f3n A Nova Peneira\",\"image\":{\"@type\":\"ImageObject\",\"inLanguage\":\"gl-ES\",\"@id\":\"https:\\\/\\\/secure.gravatar.com\\\/avatar\\\/c052a2551a06e23fac63626232eaa90abd78dbcf1700fc46a2b2c89fd27b735f?s=96&d=mm&r=g\",\"url\":\"https:\\\/\\\/secure.gravatar.com\\\/avatar\\\/c052a2551a06e23fac63626232eaa90abd78dbcf1700fc46a2b2c89fd27b735f?s=96&d=mm&r=g\",\"contentUrl\":\"https:\\\/\\\/secure.gravatar.com\\\/avatar\\\/c052a2551a06e23fac63626232eaa90abd78dbcf1700fc46a2b2c89fd27b735f?s=96&d=mm&r=g\",\"caption\":\"Redacci\u00f3n A Nova Peneira\"},\"sameAs\":[\"http:\\\/\\\/www.anovapeneira.gal\\\/\"],\"url\":\"https:\\\/\\\/www.anovapeneira.gal\\\/index.php\\\/author\\\/redactor\\\/\"}]}<\/script>\n<!-- \/ Yoast SEO plugin. -->","yoast_head_json":{"title":"Salceda aproba inicialmente uns orzamentos de 4.809.240 \u20ac -","robots":{"index":"index","follow":"follow","max-snippet":"max-snippet:-1","max-image-preview":"max-image-preview:large","max-video-preview":"max-video-preview:-1"},"canonical":"https:\/\/www.anovapeneira.gal\/index.php\/2019\/09\/30\/salceda-aproba-inicialmente-uns-orzamentos-de-4-809-240-e\/","og_locale":"gl_ES","og_type":"article","og_title":"Salceda aproba inicialmente uns orzamentos de 4.809.240 \u20ac -","og_description":"O orzamento sup\u00f3n un incremento de 700.000 \u20ac con respecto ao orzamento vixente, prorrogado dende 2016 [...]","og_url":"https:\/\/www.anovapeneira.gal\/index.php\/2019\/09\/30\/salceda-aproba-inicialmente-uns-orzamentos-de-4-809-240-e\/","article_publisher":"https:\/\/www.facebook.com\/anovapeneira","article_published_time":"2019-09-30T08:00:08+00:00","og_image":[{"width":720,"height":473,"url":"https:\/\/www.anovapeneira.gal\/wp-content\/uploads\/2019\/09\/SALCEDA_a_nova_peneira.jpg","type":"image\/jpeg"}],"author":"Redacci\u00f3n A Nova Peneira","twitter_card":"summary_large_image","twitter_creator":"@APeneira","twitter_site":"@APeneira","twitter_misc":{"Escrito por":"Redacci\u00f3n A Nova Peneira","Tempo de lectura":"3 minutos"},"schema":{"@context":"https:\/\/schema.org","@graph":[{"@type":"Article","@id":"https:\/\/www.anovapeneira.gal\/index.php\/2019\/09\/30\/salceda-aproba-inicialmente-uns-orzamentos-de-4-809-240-e\/#article","isPartOf":{"@id":"https:\/\/www.anovapeneira.gal\/index.php\/2019\/09\/30\/salceda-aproba-inicialmente-uns-orzamentos-de-4-809-240-e\/"},"author":{"name":"Redacci\u00f3n A Nova Peneira","@id":"https:\/\/www.anovapeneira.gal\/#\/schema\/person\/b93e3f8932e3f8da96334607eb6ac6aa"},"headline":"Salceda aproba inicialmente uns orzamentos de 4.809.240 \u20ac","datePublished":"2019-09-30T08:00:08+00:00","mainEntityOfPage":{"@id":"https:\/\/www.anovapeneira.gal\/index.php\/2019\/09\/30\/salceda-aproba-inicialmente-uns-orzamentos-de-4-809-240-e\/"},"wordCount":527,"commentCount":0,"publisher":{"@id":"https:\/\/www.anovapeneira.gal\/#organization"},"image":{"@id":"https:\/\/www.anovapeneira.gal\/index.php\/2019\/09\/30\/salceda-aproba-inicialmente-uns-orzamentos-de-4-809-240-e\/#primaryimage"},"thumbnailUrl":"https:\/\/www.anovapeneira.gal\/wp-content\/uploads\/2019\/09\/SALCEDA_a_nova_peneira.jpg","keywords":["Concello de Salceda de Caselas","Orzamento"],"articleSection":["A Louri\u00f1a"],"inLanguage":"gl-ES","potentialAction":[{"@type":"CommentAction","name":"Comment","target":["https:\/\/www.anovapeneira.gal\/index.php\/2019\/09\/30\/salceda-aproba-inicialmente-uns-orzamentos-de-4-809-240-e\/#respond"]}]},{"@type":"WebPage","@id":"https:\/\/www.anovapeneira.gal\/index.php\/2019\/09\/30\/salceda-aproba-inicialmente-uns-orzamentos-de-4-809-240-e\/","url":"https:\/\/www.anovapeneira.gal\/index.php\/2019\/09\/30\/salceda-aproba-inicialmente-uns-orzamentos-de-4-809-240-e\/","name":"Salceda aproba inicialmente uns orzamentos de 4.809.240 \u20ac -","isPartOf":{"@id":"https:\/\/www.anovapeneira.gal\/#website"},"primaryImageOfPage":{"@id":"https:\/\/www.anovapeneira.gal\/index.php\/2019\/09\/30\/salceda-aproba-inicialmente-uns-orzamentos-de-4-809-240-e\/#primaryimage"},"image":{"@id":"https:\/\/www.anovapeneira.gal\/index.php\/2019\/09\/30\/salceda-aproba-inicialmente-uns-orzamentos-de-4-809-240-e\/#primaryimage"},"thumbnailUrl":"https:\/\/www.anovapeneira.gal\/wp-content\/uploads\/2019\/09\/SALCEDA_a_nova_peneira.jpg","datePublished":"2019-09-30T08:00:08+00:00","breadcrumb":{"@id":"https:\/\/www.anovapeneira.gal\/index.php\/2019\/09\/30\/salceda-aproba-inicialmente-uns-orzamentos-de-4-809-240-e\/#breadcrumb"},"inLanguage":"gl-ES","potentialAction":[{"@type":"ReadAction","target":["https:\/\/www.anovapeneira.gal\/index.php\/2019\/09\/30\/salceda-aproba-inicialmente-uns-orzamentos-de-4-809-240-e\/"]}]},{"@type":"ImageObject","inLanguage":"gl-ES","@id":"https:\/\/www.anovapeneira.gal\/index.php\/2019\/09\/30\/salceda-aproba-inicialmente-uns-orzamentos-de-4-809-240-e\/#primaryimage","url":"https:\/\/www.anovapeneira.gal\/wp-content\/uploads\/2019\/09\/SALCEDA_a_nova_peneira.jpg","contentUrl":"https:\/\/www.anovapeneira.gal\/wp-content\/uploads\/2019\/09\/SALCEDA_a_nova_peneira.jpg","width":720,"height":473,"caption":"Concello de Salceda A Nova peneira"},{"@type":"BreadcrumbList","@id":"https:\/\/www.anovapeneira.gal\/index.php\/2019\/09\/30\/salceda-aproba-inicialmente-uns-orzamentos-de-4-809-240-e\/#breadcrumb","itemListElement":[{"@type":"ListItem","position":1,"name":"Portada","item":"https:\/\/www.anovapeneira.gal\/"},{"@type":"ListItem","position":2,"name":"Salceda aproba inicialmente uns orzamentos de 4.809.240 \u20ac"}]},{"@type":"WebSite","@id":"https:\/\/www.anovapeneira.gal\/#website","url":"https:\/\/www.anovapeneira.gal\/","name":"","description":"Xornal galego de informaci\u00f3n xeral Publicaci\u00f3n mensual de novas de Galicia e en especial dos Concellos da sur da provincia de Pontevedra.","publisher":{"@id":"https:\/\/www.anovapeneira.gal\/#organization"},"potentialAction":[{"@type":"SearchAction","target":{"@type":"EntryPoint","urlTemplate":"https:\/\/www.anovapeneira.gal\/?s={search_term_string}"},"query-input":{"@type":"PropertyValueSpecification","valueRequired":true,"valueName":"search_term_string"}}],"inLanguage":"gl-ES"},{"@type":"Organization","@id":"https:\/\/www.anovapeneira.gal\/#organization","name":"A Nova Peneira","url":"https:\/\/www.anovapeneira.gal\/","logo":{"@type":"ImageObject","inLanguage":"gl-ES","@id":"https:\/\/www.anovapeneira.gal\/#\/schema\/logo\/image\/","url":"http:\/\/www.anovapeneira.gal\/wp-content\/uploads\/2019\/06\/logo_a_nova_peneira_portal_web.png","contentUrl":"http:\/\/www.anovapeneira.gal\/wp-content\/uploads\/2019\/06\/logo_a_nova_peneira_portal_web.png","width":300,"height":100,"caption":"A Nova Peneira"},"image":{"@id":"https:\/\/www.anovapeneira.gal\/#\/schema\/logo\/image\/"},"sameAs":["https:\/\/www.facebook.com\/anovapeneira","https:\/\/x.com\/APeneira"]},{"@type":"Person","@id":"https:\/\/www.anovapeneira.gal\/#\/schema\/person\/b93e3f8932e3f8da96334607eb6ac6aa","name":"Redacci\u00f3n A Nova Peneira","image":{"@type":"ImageObject","inLanguage":"gl-ES","@id":"https:\/\/secure.gravatar.com\/avatar\/c052a2551a06e23fac63626232eaa90abd78dbcf1700fc46a2b2c89fd27b735f?s=96&d=mm&r=g","url":"https:\/\/secure.gravatar.com\/avatar\/c052a2551a06e23fac63626232eaa90abd78dbcf1700fc46a2b2c89fd27b735f?s=96&d=mm&r=g","contentUrl":"https:\/\/secure.gravatar.com\/avatar\/c052a2551a06e23fac63626232eaa90abd78dbcf1700fc46a2b2c89fd27b735f?s=96&d=mm&r=g","caption":"Redacci\u00f3n A Nova Peneira"},"sameAs":["http:\/\/www.anovapeneira.gal\/"],"url":"https:\/\/www.anovapeneira.gal\/index.php\/author\/redactor\/"}]}},"jetpack_featured_media_url":"https:\/\/www.anovapeneira.gal\/wp-content\/uploads\/2019\/09\/SALCEDA_a_nova_peneira.jpg","_links":{"self":[{"href":"https:\/\/www.anovapeneira.gal\/index.php\/wp-json\/wp\/v2\/posts\/1380","targetHints":{"allow":["GET"]}}],"collection":[{"href":"https:\/\/www.anovapeneira.gal\/index.php\/wp-json\/wp\/v2\/posts"}],"about":[{"href":"https:\/\/www.anovapeneira.gal\/index.php\/wp-json\/wp\/v2\/types\/post"}],"author":[{"embeddable":true,"href":"https:\/\/www.anovapeneira.gal\/index.php\/wp-json\/wp\/v2\/users\/3"}],"replies":[{"embeddable":true,"href":"https:\/\/www.anovapeneira.gal\/index.php\/wp-json\/wp\/v2\/comments?post=1380"}],"version-history":[{"count":1,"href":"https:\/\/www.anovapeneira.gal\/index.php\/wp-json\/wp\/v2\/posts\/1380\/revisions"}],"predecessor-version":[{"id":1383,"href":"https:\/\/www.anovapeneira.gal\/index.php\/wp-json\/wp\/v2\/posts\/1380\/revisions\/1383"}],"wp:featuredmedia":[{"embeddable":true,"href":"https:\/\/www.anovapeneira.gal\/index.php\/wp-json\/wp\/v2\/media\/1382"}],"wp:attachment":[{"href":"https:\/\/www.anovapeneira.gal\/index.php\/wp-json\/wp\/v2\/media?parent=1380"}],"wp:term":[{"taxonomy":"category","embeddable":true,"href":"https:\/\/www.anovapeneira.gal\/index.php\/wp-json\/wp\/v2\/categories?post=1380"},{"taxonomy":"post_tag","embeddable":true,"href":"https:\/\/www.anovapeneira.gal\/index.php\/wp-json\/wp\/v2\/tags?post=1380"}],"curies":[{"name":"wp","href":"https:\/\/api.w.org\/{rel}","templated":true}]}}