{"id":13802,"date":"2025-05-01T12:00:59","date_gmt":"2025-05-01T10:00:59","guid":{"rendered":"https:\/\/www.anovapeneira.gal\/?p=13802"},"modified":"2025-04-29T12:19:03","modified_gmt":"2025-04-29T10:19:03","slug":"xxxviii-festa-do-choco-de-redondela","status":"publish","type":"post","link":"https:\/\/www.anovapeneira.gal\/index.php\/2025\/05\/01\/xxxviii-festa-do-choco-de-redondela\/","title":{"rendered":"XXXVIII Festa do Choco de Redondela"},"content":{"rendered":"\n<p><strong>En breves d\u00edas o noso pobo vivir\u00e1 unha das s\u00faas festas m\u00e1is importantes, a festa do choco, que este ano alcanza xa a s\u00faa trix\u00e9simo oitava edici\u00f3n. O que inicialmente nace como uha idea dos hostaleiros locais para promover un dos produtos estrela da nosa gastronom\u00eda, hoxe, case catro d\u00e9cadas despois, converteuse nun dos eventos imprescindibles do pa\u00eds galego que cada ano atrae a milleiros de persoas, que ve\u00f1en a desgustar con n\u00f3s o mellor choco do mundo, o choco de Redondela.<\/strong><\/p>\n\n\n\n<p><strong>Falamos con Rita, a concelleira responsable da s\u00faa organizaci\u00f3n. E malia que a intenci\u00f3n da conversa era preguntarlle pola edici\u00f3n do choco do presente ano, non me puiden resistir e tam\u00e9n tratamos alg\u00fans temas de actualidade. En calquera caso falar cunha persoa amable, cordial e solvente como Rita sempre \u00e9 un pracer para min. Vela\u00ed vai o que deu de si a nosa charla.<\/strong><\/p>\n\n\n\n<p><strong>Rita P\u00e9rez, concelleira de cultura do Concello de Redondela.<\/strong><\/p>\n\n\n\n<h2 class=\"wp-block-heading\">\u201c<strong>A festa do Choco \u00e9 de toda Redondela no seu conxunto, e este goberno traballa para que cada veci\u00f1o e cada veci\u00f1a, con independencia do lugar de Redondela no que viva, as\u00ed o sinta\u201d<\/strong><\/h2>\n\n\n\n<p><strong>Por que estiveron as bandeiras do Concello a media hasta?<\/strong><\/p>\n\n\n\n<blockquote class=\"wp-block-quote is-layout-flow wp-block-quote-is-layout-flow\">\n<p>Porque o goberno do estado decretou tres d\u00edas de loito oficial pola morte do Papa Francisco.<\/p>\n<\/blockquote>\n\n\n\n<p><strong>Pero Espa\u00f1a \u00e9 un estado aconfesional<\/strong><\/p>\n\n\n\n<blockquote class=\"wp-block-quote is-layout-flow wp-block-quote-is-layout-flow\">\n<p>Si, xa sei. Pero \u00e9 evidente que a s\u00faa figura ti\u00f1a unha dimensi\u00f3n de enorme relevancia para centos de mill\u00f3ns de persoas, e de a\u00ed a decisi\u00f3n tomada polo goberno.<\/p>\n<\/blockquote>\n\n\n\n<p><strong>E cando morra o em\u00e9rito tam\u00e9n ides po\u00f1er a bandeira a media hasta?<\/strong><\/p>\n\n\n\n<blockquote class=\"wp-block-quote is-layout-flow wp-block-quote-is-layout-flow\">\n<p>Non te\u00f1o a capacidade para predicir o futuro, e polo tanto non podo contestar a esa pregunta.<\/p>\n<\/blockquote>\n\n\n\n<p><strong>Que nos dis sobre a pol\u00e9mica do Altri-Lixo deste ano?<\/strong><\/p>\n\n\n\n<blockquote class=\"wp-block-quote is-layout-flow wp-block-quote-is-layout-flow\">\n<p>Te\u00f1o que dicir que non comprendo o correo que recibiron os institutos. Este \u00e9 un evento que se celebra no noso concello desde hai moito tempo ,e que nunca deu o m\u00e1is m\u00ednimo problema. Este ano, igual que todos os anteriores, o certame dedicouse a unha cuesti\u00f3n medio ambiental concreta e non vexo onde est\u00e1 o conflito.<\/p>\n<\/blockquote>\n\n\n\n<blockquote class=\"wp-block-quote is-layout-flow wp-block-quote-is-layout-flow\">\n<p>\u00c9 que faltar\u00eda m\u00e1is que os organizadores dun evento non puideran elixir con liberdade a que tema dedican ese evento\u00a1\u00a1\u00a1.Agardo que os centros de ensino non se vexan condicionados e poidan seguir operando con liberdade.<\/p>\n<\/blockquote>\n\n\n\n<blockquote class=\"wp-block-quote is-layout-flow wp-block-quote-is-layout-flow\">\n<p>Rechazo completamente esa actuaci\u00f3n da Xunta.<\/p>\n<\/blockquote>\n\n\n\n<p><strong>Foi como unha especie de coacci\u00f3n?<\/strong><\/p>\n\n\n\n<blockquote class=\"wp-block-quote is-layout-flow wp-block-quote-is-layout-flow\">\n<p>Ao meu xu\u00edzo si. En calquera caso \u00e9 de sentido com\u00fan que loitar pola sa\u00fade do planeta, que non se deteriore e que poida seguir sendo un fogar habitable para as futuras xeraci\u00f3ns da especie humana, \u00e9 estar no lado correcto da historia.<\/p>\n<\/blockquote>\n\n\n\n<p><strong>Entramos na \u00e9poca do ano na que a conceller\u00eda de cultura de Redondela conv\u00e9rtese nun fervedoiro de traballo e nun continuo maremoto de actividade?<\/strong><\/p>\n\n\n\n<blockquote class=\"wp-block-quote is-layout-flow wp-block-quote-is-layout-flow\">\n<p>Pois si. A Primavera de Redondela \u00e9 unha estaci\u00f3n preciosa non s\u00f3 porque agroma a luz e a vida, sen\u00f3n tam\u00e9n porque o noso pobo \u00e9 un volc\u00e1n de cultura en constante ebulici\u00f3n, con tal intensidade e densidade que ter a honra de xestionar a cultura do meu pobo \u00e9 desas cousas que sei que me vai deixar pegada na alma todo o que me quede de vida.<\/p>\n<\/blockquote>\n\n\n\n<blockquote class=\"wp-block-quote is-layout-flow wp-block-quote-is-layout-flow\">\n<p>Comezamos o 1 do 5 cos Maios, unha festa secular que sempre nos enche o coraz\u00f3n de ledicia e o esp\u00edrito de ansias de xustiza.<\/p>\n<\/blockquote>\n\n\n\n<blockquote class=\"wp-block-quote is-layout-flow wp-block-quote-is-layout-flow\">\n<p>Logo temos a nosa festa do Choco, xa tan cerca das 4 d\u00e9cadas de vida.<\/p>\n<\/blockquote>\n\n\n\n<p><strong>Vamos ter carpa degustaci\u00f3n?<\/strong><\/p>\n\n\n\n<blockquote class=\"wp-block-quote is-layout-flow wp-block-quote-is-layout-flow\">\n<p>Si.<\/p>\n<\/blockquote>\n\n\n\n<p><strong>Na carpa que nos poderemos atopar?<\/strong><\/p>\n\n\n\n<blockquote class=\"wp-block-quote is-layout-flow wp-block-quote-is-layout-flow\">\n<p>Diversos locais de Redondela preparando chocos en todas a s\u00faas variedades: empanada, na s\u00faa tinta, \u00e1 prancha, con fideos&#8230;.<\/p>\n<\/blockquote>\n\n\n\n<p><strong>Que sabes ti do ruxe ruxe de que foi en Chapela onde se comezou a fraguar a festa do Choco?<\/strong><\/p>\n\n\n\n<blockquote class=\"wp-block-quote is-layout-flow wp-block-quote-is-layout-flow\">\n<p>Non digo nin que si nin que non. Pero se \u00e9 as\u00ed, a min non me consta. O que podo dicir ao respecto \u00e9 que esta festa representa a toda Redondela no seu conxunto e o noso goberno quere darlle o valor necesario para que cada redondel\u00e1n e cada redondel\u00e1, viva onde viva,sinta que esta \u00e9 a s\u00faa festa.<\/p>\n<\/blockquote>\n\n\n\n<p><strong>C\u00f3ntanos as principais caracter\u00edsticas desta edici\u00f3n?<\/strong><\/p>\n\n\n\n<blockquote class=\"wp-block-quote is-layout-flow wp-block-quote-is-layout-flow\">\n<p>O venres d\u00eda 9 \u00e1s 19:30 inauguraremos a carpa e como sempre teremos a orquestra de saxos do conservatorio de Redondela. Ese venres teremos varias actuaci\u00f3ns entre elas a de \u201cOs Sat\u00e9lites\u201d.<\/p>\n<\/blockquote>\n\n\n\n<blockquote class=\"wp-block-quote is-layout-flow wp-block-quote-is-layout-flow\">\n<p>O s\u00e1bado teremos moitas cousas entre eles \u00e1 \u201c Orquestra Mondrag\u00f3n\u201d e unha sesi\u00f3n DJ para os m\u00e1is novos e novas<\/p>\n<\/blockquote>\n\n\n\n<p><strong>Para ti e para min ent\u00f3n<\/strong><\/p>\n\n\n\n<blockquote class=\"wp-block-quote is-layout-flow wp-block-quote-is-layout-flow\">\n<p>Ha, ha, ha, si claro e para os que son m\u00e1is novos ca n\u00f3s tam\u00e9n.<\/p>\n<\/blockquote>\n\n\n\n<p><strong>Ben, antes mencionaches \u00e1 orquestra Mondrag\u00f3n pero non ao grupo estelar que vai actuar ese d\u00eda<\/strong><\/p>\n\n\n\n<blockquote class=\"wp-block-quote is-layout-flow wp-block-quote-is-layout-flow\">\n<p>Perd\u00f3n, perd\u00f3n, vaia lapsus imperdoable pola mi\u00f1a banda .Teremos \u00e1 Rondalla de Redondela.<\/p>\n<\/blockquote>\n\n\n\n<p><strong>Vaia planazo concelleira\u00a1<\/strong><\/p>\n\n\n\n<blockquote class=\"wp-block-quote is-layout-flow wp-block-quote-is-layout-flow\">\n<p>Imperdible Marcos, non pode haber ning\u00fan lector nin lectora de ANP que ese d\u00eda non se achegue a Redondela a acompa\u00f1arnos. A\u00ednda que, considerando que estou falando cun rondalleiro, me vas permitir facer unha humilde suxesti\u00f3n para dicir que vos falta algunha voz feminina.<\/p>\n<\/blockquote>\n\n\n\n<p><strong>Tes raz\u00f3n, estou de acordo. E o domingo cal vai ser o prato principal?<\/strong><\/p>\n\n\n\n<blockquote class=\"wp-block-quote is-layout-flow wp-block-quote-is-layout-flow\">\n<p>\u201cO Combo dominicano\u201d<\/p>\n<\/blockquote>\n\n\n\n<p><strong>Quen vai ser o pregoeiro ou pregoeira?<\/strong><\/p>\n\n\n\n<blockquote class=\"wp-block-quote is-layout-flow wp-block-quote-is-layout-flow\">\n<p>Este ano vai ser unha muller: a grande c\u00f3mica Mar\u00eda Foscaldo que ten un personaxe de moito \u00e9xito\u201d Virtudes a repunante\u201d.\u00c9 unha influencer que soubo ga\u00f1arse un espazo moi importante, \u00e9 simp\u00e1tica en grao superlativo e sei que non vai deixar a ningu\u00e9n indiferente. E por outra parte \u00e9 unha persoa encantadora que fai moi agradable traballar con ela.<\/p>\n<\/blockquote>\n\n\n\n<p><strong>Que previsi\u00f3n de consumo de choco tendes para esta festa?<\/strong><\/p>\n\n\n\n<blockquote class=\"wp-block-quote is-layout-flow wp-block-quote-is-layout-flow\">\n<p>Non che podo dicir exactamente, pero hai pouco falaba coa confrar\u00eda e seica vai moi ben a cousa pois xa te\u00f1en milleiros de quilos vendidos. Como sabes \u00e9 requisito imprescindible que o choco que se consuma te\u00f1a a denominaci\u00f3n de orixe de Choco de Redondela.<\/p>\n<\/blockquote>\n","protected":false},"excerpt":{"rendered":"<div class=\"mh-excerpt\"><p>En breves d\u00edas o noso pobo vivir\u00e1 unha das s\u00faas festas m\u00e1is importantes, a festa do choco, que este ano alcanza xa a s\u00faa trix\u00e9simo oitava edici\u00f3n. <a class=\"mh-excerpt-more\" href=\"https:\/\/www.anovapeneira.gal\/index.php\/2025\/05\/01\/xxxviii-festa-do-choco-de-redondela\/\" title=\"XXXVIII Festa do Choco de Redondela\">[&#8230;]<\/a><\/p>\n<\/div>","protected":false},"author":6,"featured_media":13803,"comment_status":"open","ping_status":"open","sticky":false,"template":"","format":"standard","meta":{"_exactmetrics_skip_tracking":false,"_exactmetrics_sitenote_active":false,"_exactmetrics_sitenote_note":"","_exactmetrics_sitenote_category":0,"footnotes":""},"categories":[270],"tags":[171],"class_list":{"0":"post-13802","1":"post","2":"type-post","3":"status-publish","4":"format-standard","5":"has-post-thumbnail","7":"category-redondela-entrevistas","8":"tag-concello-de-redondela"},"yoast_head":"<!-- This site is optimized with the Yoast SEO plugin v27.4 - https:\/\/yoast.com\/product\/yoast-seo-wordpress\/ -->\n<title>XXXVIII Festa do Choco de Redondela -<\/title>\n<meta name=\"robots\" content=\"index, follow, max-snippet:-1, max-image-preview:large, max-video-preview:-1\" \/>\n<link rel=\"canonical\" href=\"https:\/\/www.anovapeneira.gal\/index.php\/2025\/05\/01\/xxxviii-festa-do-choco-de-redondela\/\" \/>\n<meta property=\"og:locale\" content=\"gl_ES\" \/>\n<meta property=\"og:type\" content=\"article\" \/>\n<meta property=\"og:title\" content=\"XXXVIII Festa do Choco de Redondela -\" \/>\n<meta property=\"og:description\" content=\"En breves d\u00edas o noso pobo vivir\u00e1 unha das s\u00faas festas m\u00e1is importantes, a festa do choco, que este ano alcanza xa a s\u00faa trix\u00e9simo oitava edici\u00f3n. [...]\" \/>\n<meta property=\"og:url\" content=\"https:\/\/www.anovapeneira.gal\/index.php\/2025\/05\/01\/xxxviii-festa-do-choco-de-redondela\/\" \/>\n<meta property=\"article:publisher\" content=\"https:\/\/www.facebook.com\/anovapeneira\" \/>\n<meta property=\"article:published_time\" content=\"2025-05-01T10:00:59+00:00\" \/>\n<meta property=\"og:image\" content=\"https:\/\/www.anovapeneira.gal\/wp-content\/uploads\/2025\/04\/rita_redondela.jpg\" \/>\n\t<meta property=\"og:image:width\" content=\"720\" \/>\n\t<meta property=\"og:image:height\" content=\"432\" \/>\n\t<meta property=\"og:image:type\" content=\"image\/jpeg\" \/>\n<meta name=\"author\" content=\"Marcos Santos\" \/>\n<meta name=\"twitter:card\" content=\"summary_large_image\" \/>\n<meta name=\"twitter:creator\" content=\"@APeneira\" \/>\n<meta name=\"twitter:site\" content=\"@APeneira\" \/>\n<meta name=\"twitter:label1\" content=\"Escrito por\" \/>\n\t<meta name=\"twitter:data1\" content=\"Marcos Santos\" \/>\n\t<meta name=\"twitter:label2\" content=\"Tempo de lectura\" \/>\n\t<meta name=\"twitter:data2\" content=\"3 minutos\" \/>\n<script type=\"application\/ld+json\" class=\"yoast-schema-graph\">{\"@context\":\"https:\\\/\\\/schema.org\",\"@graph\":[{\"@type\":\"Article\",\"@id\":\"https:\\\/\\\/www.anovapeneira.gal\\\/index.php\\\/2025\\\/05\\\/01\\\/xxxviii-festa-do-choco-de-redondela\\\/#article\",\"isPartOf\":{\"@id\":\"https:\\\/\\\/www.anovapeneira.gal\\\/index.php\\\/2025\\\/05\\\/01\\\/xxxviii-festa-do-choco-de-redondela\\\/\"},\"author\":{\"name\":\"Marcos Santos\",\"@id\":\"https:\\\/\\\/www.anovapeneira.gal\\\/#\\\/schema\\\/person\\\/d9d84823564720e7593293bab054e52d\"},\"headline\":\"XXXVIII Festa do Choco de Redondela\",\"datePublished\":\"2025-05-01T10:00:59+00:00\",\"mainEntityOfPage\":{\"@id\":\"https:\\\/\\\/www.anovapeneira.gal\\\/index.php\\\/2025\\\/05\\\/01\\\/xxxviii-festa-do-choco-de-redondela\\\/\"},\"wordCount\":1048,\"commentCount\":0,\"publisher\":{\"@id\":\"https:\\\/\\\/www.anovapeneira.gal\\\/#organization\"},\"image\":{\"@id\":\"https:\\\/\\\/www.anovapeneira.gal\\\/index.php\\\/2025\\\/05\\\/01\\\/xxxviii-festa-do-choco-de-redondela\\\/#primaryimage\"},\"thumbnailUrl\":\"https:\\\/\\\/www.anovapeneira.gal\\\/wp-content\\\/uploads\\\/2025\\\/04\\\/rita_redondela.jpg\",\"keywords\":[\"Concello de Redondela\"],\"articleSection\":[\"Redondela\"],\"inLanguage\":\"gl-ES\",\"potentialAction\":[{\"@type\":\"CommentAction\",\"name\":\"Comment\",\"target\":[\"https:\\\/\\\/www.anovapeneira.gal\\\/index.php\\\/2025\\\/05\\\/01\\\/xxxviii-festa-do-choco-de-redondela\\\/#respond\"]}]},{\"@type\":\"WebPage\",\"@id\":\"https:\\\/\\\/www.anovapeneira.gal\\\/index.php\\\/2025\\\/05\\\/01\\\/xxxviii-festa-do-choco-de-redondela\\\/\",\"url\":\"https:\\\/\\\/www.anovapeneira.gal\\\/index.php\\\/2025\\\/05\\\/01\\\/xxxviii-festa-do-choco-de-redondela\\\/\",\"name\":\"XXXVIII Festa do Choco de Redondela -\",\"isPartOf\":{\"@id\":\"https:\\\/\\\/www.anovapeneira.gal\\\/#website\"},\"primaryImageOfPage\":{\"@id\":\"https:\\\/\\\/www.anovapeneira.gal\\\/index.php\\\/2025\\\/05\\\/01\\\/xxxviii-festa-do-choco-de-redondela\\\/#primaryimage\"},\"image\":{\"@id\":\"https:\\\/\\\/www.anovapeneira.gal\\\/index.php\\\/2025\\\/05\\\/01\\\/xxxviii-festa-do-choco-de-redondela\\\/#primaryimage\"},\"thumbnailUrl\":\"https:\\\/\\\/www.anovapeneira.gal\\\/wp-content\\\/uploads\\\/2025\\\/04\\\/rita_redondela.jpg\",\"datePublished\":\"2025-05-01T10:00:59+00:00\",\"breadcrumb\":{\"@id\":\"https:\\\/\\\/www.anovapeneira.gal\\\/index.php\\\/2025\\\/05\\\/01\\\/xxxviii-festa-do-choco-de-redondela\\\/#breadcrumb\"},\"inLanguage\":\"gl-ES\",\"potentialAction\":[{\"@type\":\"ReadAction\",\"target\":[\"https:\\\/\\\/www.anovapeneira.gal\\\/index.php\\\/2025\\\/05\\\/01\\\/xxxviii-festa-do-choco-de-redondela\\\/\"]}]},{\"@type\":\"ImageObject\",\"inLanguage\":\"gl-ES\",\"@id\":\"https:\\\/\\\/www.anovapeneira.gal\\\/index.php\\\/2025\\\/05\\\/01\\\/xxxviii-festa-do-choco-de-redondela\\\/#primaryimage\",\"url\":\"https:\\\/\\\/www.anovapeneira.gal\\\/wp-content\\\/uploads\\\/2025\\\/04\\\/rita_redondela.jpg\",\"contentUrl\":\"https:\\\/\\\/www.anovapeneira.gal\\\/wp-content\\\/uploads\\\/2025\\\/04\\\/rita_redondela.jpg\",\"width\":720,\"height\":432,\"caption\":\"Rita Redondela\"},{\"@type\":\"BreadcrumbList\",\"@id\":\"https:\\\/\\\/www.anovapeneira.gal\\\/index.php\\\/2025\\\/05\\\/01\\\/xxxviii-festa-do-choco-de-redondela\\\/#breadcrumb\",\"itemListElement\":[{\"@type\":\"ListItem\",\"position\":1,\"name\":\"Portada\",\"item\":\"https:\\\/\\\/www.anovapeneira.gal\\\/\"},{\"@type\":\"ListItem\",\"position\":2,\"name\":\"XXXVIII Festa do Choco de Redondela\"}]},{\"@type\":\"WebSite\",\"@id\":\"https:\\\/\\\/www.anovapeneira.gal\\\/#website\",\"url\":\"https:\\\/\\\/www.anovapeneira.gal\\\/\",\"name\":\"\",\"description\":\"Xornal galego de informaci\u00f3n xeral Publicaci\u00f3n mensual de novas de Galicia e en especial dos Concellos da sur da provincia de Pontevedra.\",\"publisher\":{\"@id\":\"https:\\\/\\\/www.anovapeneira.gal\\\/#organization\"},\"potentialAction\":[{\"@type\":\"SearchAction\",\"target\":{\"@type\":\"EntryPoint\",\"urlTemplate\":\"https:\\\/\\\/www.anovapeneira.gal\\\/?s={search_term_string}\"},\"query-input\":{\"@type\":\"PropertyValueSpecification\",\"valueRequired\":true,\"valueName\":\"search_term_string\"}}],\"inLanguage\":\"gl-ES\"},{\"@type\":\"Organization\",\"@id\":\"https:\\\/\\\/www.anovapeneira.gal\\\/#organization\",\"name\":\"A Nova Peneira\",\"url\":\"https:\\\/\\\/www.anovapeneira.gal\\\/\",\"logo\":{\"@type\":\"ImageObject\",\"inLanguage\":\"gl-ES\",\"@id\":\"https:\\\/\\\/www.anovapeneira.gal\\\/#\\\/schema\\\/logo\\\/image\\\/\",\"url\":\"http:\\\/\\\/www.anovapeneira.gal\\\/wp-content\\\/uploads\\\/2019\\\/06\\\/logo_a_nova_peneira_portal_web.png\",\"contentUrl\":\"http:\\\/\\\/www.anovapeneira.gal\\\/wp-content\\\/uploads\\\/2019\\\/06\\\/logo_a_nova_peneira_portal_web.png\",\"width\":300,\"height\":100,\"caption\":\"A Nova Peneira\"},\"image\":{\"@id\":\"https:\\\/\\\/www.anovapeneira.gal\\\/#\\\/schema\\\/logo\\\/image\\\/\"},\"sameAs\":[\"https:\\\/\\\/www.facebook.com\\\/anovapeneira\",\"https:\\\/\\\/x.com\\\/APeneira\"]},{\"@type\":\"Person\",\"@id\":\"https:\\\/\\\/www.anovapeneira.gal\\\/#\\\/schema\\\/person\\\/d9d84823564720e7593293bab054e52d\",\"name\":\"Marcos Santos\",\"image\":{\"@type\":\"ImageObject\",\"inLanguage\":\"gl-ES\",\"@id\":\"https:\\\/\\\/secure.gravatar.com\\\/avatar\\\/0e8017099a7a47c0a9d2275e865fe326484561eb3d70649069e4b8e61a8d2e8c?s=96&d=mm&r=g\",\"url\":\"https:\\\/\\\/secure.gravatar.com\\\/avatar\\\/0e8017099a7a47c0a9d2275e865fe326484561eb3d70649069e4b8e61a8d2e8c?s=96&d=mm&r=g\",\"contentUrl\":\"https:\\\/\\\/secure.gravatar.com\\\/avatar\\\/0e8017099a7a47c0a9d2275e865fe326484561eb3d70649069e4b8e61a8d2e8c?s=96&d=mm&r=g\",\"caption\":\"Marcos Santos\"},\"sameAs\":[\"http:\\\/\\\/anovapeneira.gal\"],\"url\":\"https:\\\/\\\/www.anovapeneira.gal\\\/index.php\\\/author\\\/marcos-santos\\\/\"}]}<\/script>\n<!-- \/ Yoast SEO plugin. -->","yoast_head_json":{"title":"XXXVIII Festa do Choco de Redondela -","robots":{"index":"index","follow":"follow","max-snippet":"max-snippet:-1","max-image-preview":"max-image-preview:large","max-video-preview":"max-video-preview:-1"},"canonical":"https:\/\/www.anovapeneira.gal\/index.php\/2025\/05\/01\/xxxviii-festa-do-choco-de-redondela\/","og_locale":"gl_ES","og_type":"article","og_title":"XXXVIII Festa do Choco de Redondela -","og_description":"En breves d\u00edas o noso pobo vivir\u00e1 unha das s\u00faas festas m\u00e1is importantes, a festa do choco, que este ano alcanza xa a s\u00faa trix\u00e9simo oitava edici\u00f3n. [...]","og_url":"https:\/\/www.anovapeneira.gal\/index.php\/2025\/05\/01\/xxxviii-festa-do-choco-de-redondela\/","article_publisher":"https:\/\/www.facebook.com\/anovapeneira","article_published_time":"2025-05-01T10:00:59+00:00","og_image":[{"width":720,"height":432,"url":"https:\/\/www.anovapeneira.gal\/wp-content\/uploads\/2025\/04\/rita_redondela.jpg","type":"image\/jpeg"}],"author":"Marcos Santos","twitter_card":"summary_large_image","twitter_creator":"@APeneira","twitter_site":"@APeneira","twitter_misc":{"Escrito por":"Marcos Santos","Tempo de lectura":"3 minutos"},"schema":{"@context":"https:\/\/schema.org","@graph":[{"@type":"Article","@id":"https:\/\/www.anovapeneira.gal\/index.php\/2025\/05\/01\/xxxviii-festa-do-choco-de-redondela\/#article","isPartOf":{"@id":"https:\/\/www.anovapeneira.gal\/index.php\/2025\/05\/01\/xxxviii-festa-do-choco-de-redondela\/"},"author":{"name":"Marcos Santos","@id":"https:\/\/www.anovapeneira.gal\/#\/schema\/person\/d9d84823564720e7593293bab054e52d"},"headline":"XXXVIII Festa do Choco de Redondela","datePublished":"2025-05-01T10:00:59+00:00","mainEntityOfPage":{"@id":"https:\/\/www.anovapeneira.gal\/index.php\/2025\/05\/01\/xxxviii-festa-do-choco-de-redondela\/"},"wordCount":1048,"commentCount":0,"publisher":{"@id":"https:\/\/www.anovapeneira.gal\/#organization"},"image":{"@id":"https:\/\/www.anovapeneira.gal\/index.php\/2025\/05\/01\/xxxviii-festa-do-choco-de-redondela\/#primaryimage"},"thumbnailUrl":"https:\/\/www.anovapeneira.gal\/wp-content\/uploads\/2025\/04\/rita_redondela.jpg","keywords":["Concello de Redondela"],"articleSection":["Redondela"],"inLanguage":"gl-ES","potentialAction":[{"@type":"CommentAction","name":"Comment","target":["https:\/\/www.anovapeneira.gal\/index.php\/2025\/05\/01\/xxxviii-festa-do-choco-de-redondela\/#respond"]}]},{"@type":"WebPage","@id":"https:\/\/www.anovapeneira.gal\/index.php\/2025\/05\/01\/xxxviii-festa-do-choco-de-redondela\/","url":"https:\/\/www.anovapeneira.gal\/index.php\/2025\/05\/01\/xxxviii-festa-do-choco-de-redondela\/","name":"XXXVIII Festa do Choco de Redondela -","isPartOf":{"@id":"https:\/\/www.anovapeneira.gal\/#website"},"primaryImageOfPage":{"@id":"https:\/\/www.anovapeneira.gal\/index.php\/2025\/05\/01\/xxxviii-festa-do-choco-de-redondela\/#primaryimage"},"image":{"@id":"https:\/\/www.anovapeneira.gal\/index.php\/2025\/05\/01\/xxxviii-festa-do-choco-de-redondela\/#primaryimage"},"thumbnailUrl":"https:\/\/www.anovapeneira.gal\/wp-content\/uploads\/2025\/04\/rita_redondela.jpg","datePublished":"2025-05-01T10:00:59+00:00","breadcrumb":{"@id":"https:\/\/www.anovapeneira.gal\/index.php\/2025\/05\/01\/xxxviii-festa-do-choco-de-redondela\/#breadcrumb"},"inLanguage":"gl-ES","potentialAction":[{"@type":"ReadAction","target":["https:\/\/www.anovapeneira.gal\/index.php\/2025\/05\/01\/xxxviii-festa-do-choco-de-redondela\/"]}]},{"@type":"ImageObject","inLanguage":"gl-ES","@id":"https:\/\/www.anovapeneira.gal\/index.php\/2025\/05\/01\/xxxviii-festa-do-choco-de-redondela\/#primaryimage","url":"https:\/\/www.anovapeneira.gal\/wp-content\/uploads\/2025\/04\/rita_redondela.jpg","contentUrl":"https:\/\/www.anovapeneira.gal\/wp-content\/uploads\/2025\/04\/rita_redondela.jpg","width":720,"height":432,"caption":"Rita Redondela"},{"@type":"BreadcrumbList","@id":"https:\/\/www.anovapeneira.gal\/index.php\/2025\/05\/01\/xxxviii-festa-do-choco-de-redondela\/#breadcrumb","itemListElement":[{"@type":"ListItem","position":1,"name":"Portada","item":"https:\/\/www.anovapeneira.gal\/"},{"@type":"ListItem","position":2,"name":"XXXVIII Festa do Choco de Redondela"}]},{"@type":"WebSite","@id":"https:\/\/www.anovapeneira.gal\/#website","url":"https:\/\/www.anovapeneira.gal\/","name":"","description":"Xornal galego de informaci\u00f3n xeral Publicaci\u00f3n mensual de novas de Galicia e en especial dos Concellos da sur da provincia de Pontevedra.","publisher":{"@id":"https:\/\/www.anovapeneira.gal\/#organization"},"potentialAction":[{"@type":"SearchAction","target":{"@type":"EntryPoint","urlTemplate":"https:\/\/www.anovapeneira.gal\/?s={search_term_string}"},"query-input":{"@type":"PropertyValueSpecification","valueRequired":true,"valueName":"search_term_string"}}],"inLanguage":"gl-ES"},{"@type":"Organization","@id":"https:\/\/www.anovapeneira.gal\/#organization","name":"A Nova Peneira","url":"https:\/\/www.anovapeneira.gal\/","logo":{"@type":"ImageObject","inLanguage":"gl-ES","@id":"https:\/\/www.anovapeneira.gal\/#\/schema\/logo\/image\/","url":"http:\/\/www.anovapeneira.gal\/wp-content\/uploads\/2019\/06\/logo_a_nova_peneira_portal_web.png","contentUrl":"http:\/\/www.anovapeneira.gal\/wp-content\/uploads\/2019\/06\/logo_a_nova_peneira_portal_web.png","width":300,"height":100,"caption":"A Nova Peneira"},"image":{"@id":"https:\/\/www.anovapeneira.gal\/#\/schema\/logo\/image\/"},"sameAs":["https:\/\/www.facebook.com\/anovapeneira","https:\/\/x.com\/APeneira"]},{"@type":"Person","@id":"https:\/\/www.anovapeneira.gal\/#\/schema\/person\/d9d84823564720e7593293bab054e52d","name":"Marcos Santos","image":{"@type":"ImageObject","inLanguage":"gl-ES","@id":"https:\/\/secure.gravatar.com\/avatar\/0e8017099a7a47c0a9d2275e865fe326484561eb3d70649069e4b8e61a8d2e8c?s=96&d=mm&r=g","url":"https:\/\/secure.gravatar.com\/avatar\/0e8017099a7a47c0a9d2275e865fe326484561eb3d70649069e4b8e61a8d2e8c?s=96&d=mm&r=g","contentUrl":"https:\/\/secure.gravatar.com\/avatar\/0e8017099a7a47c0a9d2275e865fe326484561eb3d70649069e4b8e61a8d2e8c?s=96&d=mm&r=g","caption":"Marcos Santos"},"sameAs":["http:\/\/anovapeneira.gal"],"url":"https:\/\/www.anovapeneira.gal\/index.php\/author\/marcos-santos\/"}]}},"jetpack_featured_media_url":"https:\/\/www.anovapeneira.gal\/wp-content\/uploads\/2025\/04\/rita_redondela.jpg","_links":{"self":[{"href":"https:\/\/www.anovapeneira.gal\/index.php\/wp-json\/wp\/v2\/posts\/13802","targetHints":{"allow":["GET"]}}],"collection":[{"href":"https:\/\/www.anovapeneira.gal\/index.php\/wp-json\/wp\/v2\/posts"}],"about":[{"href":"https:\/\/www.anovapeneira.gal\/index.php\/wp-json\/wp\/v2\/types\/post"}],"author":[{"embeddable":true,"href":"https:\/\/www.anovapeneira.gal\/index.php\/wp-json\/wp\/v2\/users\/6"}],"replies":[{"embeddable":true,"href":"https:\/\/www.anovapeneira.gal\/index.php\/wp-json\/wp\/v2\/comments?post=13802"}],"version-history":[{"count":1,"href":"https:\/\/www.anovapeneira.gal\/index.php\/wp-json\/wp\/v2\/posts\/13802\/revisions"}],"predecessor-version":[{"id":13804,"href":"https:\/\/www.anovapeneira.gal\/index.php\/wp-json\/wp\/v2\/posts\/13802\/revisions\/13804"}],"wp:featuredmedia":[{"embeddable":true,"href":"https:\/\/www.anovapeneira.gal\/index.php\/wp-json\/wp\/v2\/media\/13803"}],"wp:attachment":[{"href":"https:\/\/www.anovapeneira.gal\/index.php\/wp-json\/wp\/v2\/media?parent=13802"}],"wp:term":[{"taxonomy":"category","embeddable":true,"href":"https:\/\/www.anovapeneira.gal\/index.php\/wp-json\/wp\/v2\/categories?post=13802"},{"taxonomy":"post_tag","embeddable":true,"href":"https:\/\/www.anovapeneira.gal\/index.php\/wp-json\/wp\/v2\/tags?post=13802"}],"curies":[{"name":"wp","href":"https:\/\/api.w.org\/{rel}","templated":true}]}}