{"id":13812,"date":"2025-05-02T12:00:50","date_gmt":"2025-05-02T10:00:50","guid":{"rendered":"https:\/\/www.anovapeneira.gal\/?p=13812"},"modified":"2025-04-30T10:50:13","modified_gmt":"2025-04-30T08:50:13","slug":"o-pp-de-redondela-aprobara-os-orzamentos-municipais-2025-se-a-alcaldesa-e-o-goberno-local-dimiten-e-se-celebra-un-novo-pleno-de-investidura","status":"publish","type":"post","link":"https:\/\/www.anovapeneira.gal\/index.php\/2025\/05\/02\/o-pp-de-redondela-aprobara-os-orzamentos-municipais-2025-se-a-alcaldesa-e-o-goberno-local-dimiten-e-se-celebra-un-novo-pleno-de-investidura\/","title":{"rendered":"O PP de Redondela aprobar\u00e1 os Orzamentos Municipais 2025 se a alcaldesa e o goberno local dimiten e se celebra un novo pleno de investidura"},"content":{"rendered":"\n<p>Os populares apelan, ao igual que Digna Rivas, \u00e1 \u201c<em>responsabilidade<\/em>\u201d para que a corporaci\u00f3n te\u00f1a a oportunidade de elixir a un goberno m\u00e1is forte e menos err\u00e1tico para rematar os dous anos de mandato e aceptar\u00eda unhas contas \u201c<em>moi diferentes \u00e1s que far\u00edamos n\u00f3s<\/em>\u201d<\/p>\n\n\n\n<p>\u00b7 \u201c<em>A nova investidura ser\u00eda moi\u00fatil, xa que servir\u00eda para saber cal \u00e9 aposici\u00f3n do BNG e non po\u00f1er\u00eda en perigo un goberno de esquerdas serealmente est\u00e1n unidos e, do contrario, haber\u00eda un goberno do PP m\u00e1is forte con dez votos que o bipartito con oito<\/em>\u201d, sinala Bas<\/p>\n\n\n\n<p><strong>Redondela, 24 de abril de 2025.<\/strong><\/p>\n\n\n\n<p>O grupo municipal do PP de Redondela v\u00e9n de ofrecer o seu voto favorable aos Orzamentos Municipais 2025, que se debater\u00e1n e votar\u00e1n no pleno desta noite, se a alcaldesa Digna Rivas presenta a s\u00faa dimisi\u00f3n antes da sesi\u00f3n da corporaci\u00f3n e posteriormente se produce a renuncia de todo o goberno local para a celebraci\u00f3n dun posterior pleno de investidura.<\/p>\n\n\n\n<p>\u201cA alcaldesa chamou \u00e1 responsabilidade para aprobar as contas e n\u00f3s collemos o testemu\u00f1o a\u00ednda que ese proxecto econ\u00f3mico \u00e9 moi diferente ao que far\u00edamos n\u00f3s, xa que cremos que Redondela precisa doutros orzamentos. Pero estamos dispostos a facer ese esforzo, pero a cambio tam\u00e9n apelamos \u00e1 responsabilidade dun executivo municipal que non funciona para que a corporaci\u00f3n te\u00f1a a oportunidade de elixir a un goberno m\u00e1is forte e menos err\u00e1tico para rematar os dous anos de mandato\u201d, ofertou o voceiro municipal, Javier Bas.<\/p>\n\n\n\n<p>\u201cCremos que os orzamentos presentados son malos \u00e9 que s\u00f3 serven para actualizar as cifras, pero tam\u00e9n cremos que o bipartito \u00e9 malo. Ent\u00f3n, estamos dispostos a aceptar esas contas se, a cambio, o pleno ten a oportunidade de cambiar a un goberno malo\u201d, engadiu o concelleiro popular.<\/p>\n\n\n\n<p>Javier Bas tam\u00e9n considerou que o novo pleno de investidura ser\u00eda \u201c<em>moi \u00fatil<\/em>\u201d, posto que servir\u00eda para saber cal \u00e9 a posici\u00f3n do BNG, \u201c<em>xa que quere semellar <\/em><em>que<\/em><em>fai<\/em><em>de<\/em><em>oposici\u00f3n<\/em><em>con<\/em><em>fortes<\/em><em>cr\u00edticas<\/em><em>ao<\/em><em>goberno<\/em><em>municipal,<\/em><em>pero<\/em><em>na<\/em><em>realidade, <\/em><em>mentres non<\/em><em>se<\/em><em>demostre<\/em><em>o<\/em><em>contrario,<\/em><em>sempre<\/em><em>o<\/em><em>acaba<\/em><em>apoiando, polo<\/em><em>que,<\/em><em>un novo pleno de investidura fixar\u00eda a s\u00faa postura real e os veci\u00f1os deixar\u00edan de sufrir<\/em><em>a<\/em><em>s\u00faa<\/em><em>incertidume<\/em><em>e<\/em><em>os<\/em><em>seus<\/em><em>xogos<\/em><em>de<\/em><em>trileiros<\/em>\u201d.<\/p>\n\n\n\n<p>Ademais, para o PP redondel\u00e1n a dimisi\u00f3n da alcaldesa e do goberno local \u201c<em>non ter\u00eda<\/em><em>porque<\/em><em>po\u00f1er<\/em><em>en<\/em><em>perigo<\/em><em>un<\/em><em>goberno<\/em><em>das<\/em><em>forzas<\/em><em>de<\/em><em>esquerdas<\/em><em>se<\/em><em>realmente <\/em><em>est\u00e1n<\/em><em>unidos<\/em><em>e<\/em><em>o<\/em><em>Bloque<\/em><em>volve<\/em><em>darlles<\/em><em>o<\/em><em>seu<\/em><em>voto,<\/em><em>co<\/em><em>cal<\/em><em>se<\/em><em>acabar\u00edan<\/em><em>todas<\/em><em>estas <\/em><em>leas e poder\u00edan centrarse nos veci\u00f1os<\/em>\u201d. \u201c<em>En caso contrario, se non hai acordo entre<\/em><em>eles,<\/em><em>haber\u00eda<\/em><em>un<\/em><em>goberno<\/em><em>do<\/em><em>PP<\/em><em>moito<\/em><em>m\u00e1is<\/em><em>forte<\/em><em>que<\/em><em>o<\/em><em>actual,<\/em><em>xa<\/em><em>que<\/em><em>ter\u00eda dez votos fronte aos oito do actual bipartito<\/em>\u201d, apostillou o voceiro popular, que cre que a Digna Rivas e ao PSOE \u201c<em>convenlles<\/em><em>esta<\/em><em>oferta,<\/em><em>posto<\/em><em>que<\/em><em>aprobar\u00edan<\/em><em>os <\/em><em>orzamentos e<\/em><em>deixar\u00edan<\/em><em>de<\/em><em>sufrir<\/em><em>as ameazas<\/em><em>e<\/em><em>chantaxes<\/em><em>do<\/em><em>BNG<\/em>\u201d.<\/p>\n\n\n\n<p>Finalmente, Javier Bas deixou claro que o obxectivo \u00faltimo e irrenunciable do PP \u00e9 que Digna Rivas deixe de ser alcaldesa, \u201c<em>xa que \u00e9 a \u00fanica responsable da p\u00e9sima xesti\u00f3n econ\u00f3mica, da nula atenci\u00f3n veci\u00f1al e da falta de proxectos, investimentos<\/em><em>e<\/em><em>equipamentos\u201d<\/em><em>para<\/em><em>o<\/em><em>cuarto<\/em><em>concello<\/em><em>da<\/em><em>provincia,<\/em><em>polo<\/em><em>que<\/em><em>os populares non aceptar\u00e1n en ning\u00fan caso a proposta dunha cuesti\u00f3n de confianza, \u201cxa que \u00e9 unha ferramenta que empregan os matrimonios mal <\/em><em>avenidos<\/em><em>de<\/em><em>PSOE<\/em><em>e<\/em><em>BNG<\/em><em>para<\/em><em>aprobar<\/em><em>uns<\/em><em>orzamentos<\/em><em>e<\/em><em>seguir<\/em><em>aumentando<\/em><em>a <\/em><em>desconfianza<\/em><em>entre<\/em><em>eles<\/em>\u201d.<\/p>\n","protected":false},"excerpt":{"rendered":"<div class=\"mh-excerpt\"><p>Os populares apelan, ao igual que Digna Rivas, \u00e1 \u201cresponsabilidade\u201d para que a corporaci\u00f3n te\u00f1a a oportunidade de elixir a un goberno m\u00e1is forte e menos err\u00e1tico para rematar os dous anos de mandato e aceptar\u00eda unhas contas \u201cmoi diferentes \u00e1s que far\u00edamos n\u00f3s\u201d <a class=\"mh-excerpt-more\" href=\"https:\/\/www.anovapeneira.gal\/index.php\/2025\/05\/02\/o-pp-de-redondela-aprobara-os-orzamentos-municipais-2025-se-a-alcaldesa-e-o-goberno-local-dimiten-e-se-celebra-un-novo-pleno-de-investidura\/\" title=\"O PP de Redondela aprobar\u00e1 os Orzamentos Municipais 2025 se a alcaldesa e o goberno local dimiten e se celebra un novo pleno de investidura\">[&#8230;]<\/a><\/p>\n<\/div>","protected":false},"author":3,"featured_media":9476,"comment_status":"open","ping_status":"open","sticky":false,"template":"","format":"standard","meta":{"_exactmetrics_skip_tracking":false,"_exactmetrics_sitenote_active":false,"_exactmetrics_sitenote_note":"","_exactmetrics_sitenote_category":0,"footnotes":""},"categories":[24],"tags":[171],"class_list":{"0":"post-13812","1":"post","2":"type-post","3":"status-publish","4":"format-standard","5":"has-post-thumbnail","7":"category-redondela","8":"tag-concello-de-redondela"},"yoast_head":"<!-- This site is optimized with the Yoast SEO plugin v27.4 - https:\/\/yoast.com\/product\/yoast-seo-wordpress\/ -->\n<title>O PP de Redondela aprobar\u00e1 os Orzamentos Municipais 2025 se a alcaldesa e o goberno local dimiten e se celebra un novo pleno de investidura -<\/title>\n<meta name=\"robots\" content=\"index, follow, max-snippet:-1, max-image-preview:large, max-video-preview:-1\" \/>\n<link rel=\"canonical\" href=\"https:\/\/www.anovapeneira.gal\/index.php\/2025\/05\/02\/o-pp-de-redondela-aprobara-os-orzamentos-municipais-2025-se-a-alcaldesa-e-o-goberno-local-dimiten-e-se-celebra-un-novo-pleno-de-investidura\/\" \/>\n<meta property=\"og:locale\" content=\"gl_ES\" \/>\n<meta property=\"og:type\" content=\"article\" \/>\n<meta property=\"og:title\" content=\"O PP de Redondela aprobar\u00e1 os Orzamentos Municipais 2025 se a alcaldesa e o goberno local dimiten e se celebra un novo pleno de investidura -\" \/>\n<meta property=\"og:description\" content=\"Os populares apelan, ao igual que Digna Rivas, \u00e1 \u201cresponsabilidade\u201d para que a corporaci\u00f3n te\u00f1a a oportunidade de elixir a un goberno m\u00e1is forte e menos err\u00e1tico para rematar os dous anos de mandato e aceptar\u00eda unhas contas \u201cmoi diferentes \u00e1s que far\u00edamos n\u00f3s\u201d [...]\" \/>\n<meta property=\"og:url\" content=\"https:\/\/www.anovapeneira.gal\/index.php\/2025\/05\/02\/o-pp-de-redondela-aprobara-os-orzamentos-municipais-2025-se-a-alcaldesa-e-o-goberno-local-dimiten-e-se-celebra-un-novo-pleno-de-investidura\/\" \/>\n<meta property=\"article:publisher\" content=\"https:\/\/www.facebook.com\/anovapeneira\" \/>\n<meta property=\"article:published_time\" content=\"2025-05-02T10:00:50+00:00\" \/>\n<meta property=\"og:image\" content=\"https:\/\/www.anovapeneira.gal\/wp-content\/uploads\/2023\/04\/pp_redondela.jpg\" \/>\n\t<meta property=\"og:image:width\" content=\"720\" \/>\n\t<meta property=\"og:image:height\" content=\"432\" \/>\n\t<meta property=\"og:image:type\" content=\"image\/jpeg\" \/>\n<meta name=\"author\" content=\"Redacci\u00f3n A Nova Peneira\" \/>\n<meta name=\"twitter:card\" content=\"summary_large_image\" \/>\n<meta name=\"twitter:creator\" content=\"@APeneira\" \/>\n<meta name=\"twitter:site\" content=\"@APeneira\" \/>\n<meta name=\"twitter:label1\" content=\"Escrito por\" \/>\n\t<meta name=\"twitter:data1\" content=\"Redacci\u00f3n A Nova Peneira\" \/>\n\t<meta name=\"twitter:label2\" content=\"Tempo de lectura\" \/>\n\t<meta name=\"twitter:data2\" content=\"4 minutos\" \/>\n<script type=\"application\/ld+json\" class=\"yoast-schema-graph\">{\"@context\":\"https:\\\/\\\/schema.org\",\"@graph\":[{\"@type\":\"Article\",\"@id\":\"https:\\\/\\\/www.anovapeneira.gal\\\/index.php\\\/2025\\\/05\\\/02\\\/o-pp-de-redondela-aprobara-os-orzamentos-municipais-2025-se-a-alcaldesa-e-o-goberno-local-dimiten-e-se-celebra-un-novo-pleno-de-investidura\\\/#article\",\"isPartOf\":{\"@id\":\"https:\\\/\\\/www.anovapeneira.gal\\\/index.php\\\/2025\\\/05\\\/02\\\/o-pp-de-redondela-aprobara-os-orzamentos-municipais-2025-se-a-alcaldesa-e-o-goberno-local-dimiten-e-se-celebra-un-novo-pleno-de-investidura\\\/\"},\"author\":{\"name\":\"Redacci\u00f3n A Nova Peneira\",\"@id\":\"https:\\\/\\\/www.anovapeneira.gal\\\/#\\\/schema\\\/person\\\/b93e3f8932e3f8da96334607eb6ac6aa\"},\"headline\":\"O PP de Redondela aprobar\u00e1 os Orzamentos Municipais 2025 se a alcaldesa e o goberno local dimiten e se celebra un novo pleno de investidura\",\"datePublished\":\"2025-05-02T10:00:50+00:00\",\"mainEntityOfPage\":{\"@id\":\"https:\\\/\\\/www.anovapeneira.gal\\\/index.php\\\/2025\\\/05\\\/02\\\/o-pp-de-redondela-aprobara-os-orzamentos-municipais-2025-se-a-alcaldesa-e-o-goberno-local-dimiten-e-se-celebra-un-novo-pleno-de-investidura\\\/\"},\"wordCount\":647,\"commentCount\":0,\"publisher\":{\"@id\":\"https:\\\/\\\/www.anovapeneira.gal\\\/#organization\"},\"image\":{\"@id\":\"https:\\\/\\\/www.anovapeneira.gal\\\/index.php\\\/2025\\\/05\\\/02\\\/o-pp-de-redondela-aprobara-os-orzamentos-municipais-2025-se-a-alcaldesa-e-o-goberno-local-dimiten-e-se-celebra-un-novo-pleno-de-investidura\\\/#primaryimage\"},\"thumbnailUrl\":\"https:\\\/\\\/www.anovapeneira.gal\\\/wp-content\\\/uploads\\\/2023\\\/04\\\/pp_redondela.jpg\",\"keywords\":[\"Concello de Redondela\"],\"articleSection\":[\"Redondela\"],\"inLanguage\":\"gl-ES\",\"potentialAction\":[{\"@type\":\"CommentAction\",\"name\":\"Comment\",\"target\":[\"https:\\\/\\\/www.anovapeneira.gal\\\/index.php\\\/2025\\\/05\\\/02\\\/o-pp-de-redondela-aprobara-os-orzamentos-municipais-2025-se-a-alcaldesa-e-o-goberno-local-dimiten-e-se-celebra-un-novo-pleno-de-investidura\\\/#respond\"]}]},{\"@type\":\"WebPage\",\"@id\":\"https:\\\/\\\/www.anovapeneira.gal\\\/index.php\\\/2025\\\/05\\\/02\\\/o-pp-de-redondela-aprobara-os-orzamentos-municipais-2025-se-a-alcaldesa-e-o-goberno-local-dimiten-e-se-celebra-un-novo-pleno-de-investidura\\\/\",\"url\":\"https:\\\/\\\/www.anovapeneira.gal\\\/index.php\\\/2025\\\/05\\\/02\\\/o-pp-de-redondela-aprobara-os-orzamentos-municipais-2025-se-a-alcaldesa-e-o-goberno-local-dimiten-e-se-celebra-un-novo-pleno-de-investidura\\\/\",\"name\":\"O PP de Redondela aprobar\u00e1 os Orzamentos Municipais 2025 se a alcaldesa e o goberno local dimiten e se celebra un novo pleno de investidura -\",\"isPartOf\":{\"@id\":\"https:\\\/\\\/www.anovapeneira.gal\\\/#website\"},\"primaryImageOfPage\":{\"@id\":\"https:\\\/\\\/www.anovapeneira.gal\\\/index.php\\\/2025\\\/05\\\/02\\\/o-pp-de-redondela-aprobara-os-orzamentos-municipais-2025-se-a-alcaldesa-e-o-goberno-local-dimiten-e-se-celebra-un-novo-pleno-de-investidura\\\/#primaryimage\"},\"image\":{\"@id\":\"https:\\\/\\\/www.anovapeneira.gal\\\/index.php\\\/2025\\\/05\\\/02\\\/o-pp-de-redondela-aprobara-os-orzamentos-municipais-2025-se-a-alcaldesa-e-o-goberno-local-dimiten-e-se-celebra-un-novo-pleno-de-investidura\\\/#primaryimage\"},\"thumbnailUrl\":\"https:\\\/\\\/www.anovapeneira.gal\\\/wp-content\\\/uploads\\\/2023\\\/04\\\/pp_redondela.jpg\",\"datePublished\":\"2025-05-02T10:00:50+00:00\",\"breadcrumb\":{\"@id\":\"https:\\\/\\\/www.anovapeneira.gal\\\/index.php\\\/2025\\\/05\\\/02\\\/o-pp-de-redondela-aprobara-os-orzamentos-municipais-2025-se-a-alcaldesa-e-o-goberno-local-dimiten-e-se-celebra-un-novo-pleno-de-investidura\\\/#breadcrumb\"},\"inLanguage\":\"gl-ES\",\"potentialAction\":[{\"@type\":\"ReadAction\",\"target\":[\"https:\\\/\\\/www.anovapeneira.gal\\\/index.php\\\/2025\\\/05\\\/02\\\/o-pp-de-redondela-aprobara-os-orzamentos-municipais-2025-se-a-alcaldesa-e-o-goberno-local-dimiten-e-se-celebra-un-novo-pleno-de-investidura\\\/\"]}]},{\"@type\":\"ImageObject\",\"inLanguage\":\"gl-ES\",\"@id\":\"https:\\\/\\\/www.anovapeneira.gal\\\/index.php\\\/2025\\\/05\\\/02\\\/o-pp-de-redondela-aprobara-os-orzamentos-municipais-2025-se-a-alcaldesa-e-o-goberno-local-dimiten-e-se-celebra-un-novo-pleno-de-investidura\\\/#primaryimage\",\"url\":\"https:\\\/\\\/www.anovapeneira.gal\\\/wp-content\\\/uploads\\\/2023\\\/04\\\/pp_redondela.jpg\",\"contentUrl\":\"https:\\\/\\\/www.anovapeneira.gal\\\/wp-content\\\/uploads\\\/2023\\\/04\\\/pp_redondela.jpg\",\"width\":720,\"height\":432,\"caption\":\"Javier Bas candidato do PP \u00e1 alcald\u00eda de Redondela\"},{\"@type\":\"BreadcrumbList\",\"@id\":\"https:\\\/\\\/www.anovapeneira.gal\\\/index.php\\\/2025\\\/05\\\/02\\\/o-pp-de-redondela-aprobara-os-orzamentos-municipais-2025-se-a-alcaldesa-e-o-goberno-local-dimiten-e-se-celebra-un-novo-pleno-de-investidura\\\/#breadcrumb\",\"itemListElement\":[{\"@type\":\"ListItem\",\"position\":1,\"name\":\"Portada\",\"item\":\"https:\\\/\\\/www.anovapeneira.gal\\\/\"},{\"@type\":\"ListItem\",\"position\":2,\"name\":\"O PP de Redondela aprobar\u00e1 os Orzamentos Municipais 2025 se a alcaldesa e o goberno local dimiten e se celebra un novo pleno de investidura\"}]},{\"@type\":\"WebSite\",\"@id\":\"https:\\\/\\\/www.anovapeneira.gal\\\/#website\",\"url\":\"https:\\\/\\\/www.anovapeneira.gal\\\/\",\"name\":\"\",\"description\":\"Xornal galego de informaci\u00f3n xeral Publicaci\u00f3n mensual de novas de Galicia e en especial dos Concellos da sur da provincia de Pontevedra.\",\"publisher\":{\"@id\":\"https:\\\/\\\/www.anovapeneira.gal\\\/#organization\"},\"potentialAction\":[{\"@type\":\"SearchAction\",\"target\":{\"@type\":\"EntryPoint\",\"urlTemplate\":\"https:\\\/\\\/www.anovapeneira.gal\\\/?s={search_term_string}\"},\"query-input\":{\"@type\":\"PropertyValueSpecification\",\"valueRequired\":true,\"valueName\":\"search_term_string\"}}],\"inLanguage\":\"gl-ES\"},{\"@type\":\"Organization\",\"@id\":\"https:\\\/\\\/www.anovapeneira.gal\\\/#organization\",\"name\":\"A Nova Peneira\",\"url\":\"https:\\\/\\\/www.anovapeneira.gal\\\/\",\"logo\":{\"@type\":\"ImageObject\",\"inLanguage\":\"gl-ES\",\"@id\":\"https:\\\/\\\/www.anovapeneira.gal\\\/#\\\/schema\\\/logo\\\/image\\\/\",\"url\":\"http:\\\/\\\/www.anovapeneira.gal\\\/wp-content\\\/uploads\\\/2019\\\/06\\\/logo_a_nova_peneira_portal_web.png\",\"contentUrl\":\"http:\\\/\\\/www.anovapeneira.gal\\\/wp-content\\\/uploads\\\/2019\\\/06\\\/logo_a_nova_peneira_portal_web.png\",\"width\":300,\"height\":100,\"caption\":\"A Nova Peneira\"},\"image\":{\"@id\":\"https:\\\/\\\/www.anovapeneira.gal\\\/#\\\/schema\\\/logo\\\/image\\\/\"},\"sameAs\":[\"https:\\\/\\\/www.facebook.com\\\/anovapeneira\",\"https:\\\/\\\/x.com\\\/APeneira\"]},{\"@type\":\"Person\",\"@id\":\"https:\\\/\\\/www.anovapeneira.gal\\\/#\\\/schema\\\/person\\\/b93e3f8932e3f8da96334607eb6ac6aa\",\"name\":\"Redacci\u00f3n A Nova Peneira\",\"image\":{\"@type\":\"ImageObject\",\"inLanguage\":\"gl-ES\",\"@id\":\"https:\\\/\\\/secure.gravatar.com\\\/avatar\\\/c052a2551a06e23fac63626232eaa90abd78dbcf1700fc46a2b2c89fd27b735f?s=96&d=mm&r=g\",\"url\":\"https:\\\/\\\/secure.gravatar.com\\\/avatar\\\/c052a2551a06e23fac63626232eaa90abd78dbcf1700fc46a2b2c89fd27b735f?s=96&d=mm&r=g\",\"contentUrl\":\"https:\\\/\\\/secure.gravatar.com\\\/avatar\\\/c052a2551a06e23fac63626232eaa90abd78dbcf1700fc46a2b2c89fd27b735f?s=96&d=mm&r=g\",\"caption\":\"Redacci\u00f3n A Nova Peneira\"},\"sameAs\":[\"http:\\\/\\\/www.anovapeneira.gal\\\/\"],\"url\":\"https:\\\/\\\/www.anovapeneira.gal\\\/index.php\\\/author\\\/redactor\\\/\"}]}<\/script>\n<!-- \/ Yoast SEO plugin. -->","yoast_head_json":{"title":"O PP de Redondela aprobar\u00e1 os Orzamentos Municipais 2025 se a alcaldesa e o goberno local dimiten e se celebra un novo pleno de investidura -","robots":{"index":"index","follow":"follow","max-snippet":"max-snippet:-1","max-image-preview":"max-image-preview:large","max-video-preview":"max-video-preview:-1"},"canonical":"https:\/\/www.anovapeneira.gal\/index.php\/2025\/05\/02\/o-pp-de-redondela-aprobara-os-orzamentos-municipais-2025-se-a-alcaldesa-e-o-goberno-local-dimiten-e-se-celebra-un-novo-pleno-de-investidura\/","og_locale":"gl_ES","og_type":"article","og_title":"O PP de Redondela aprobar\u00e1 os Orzamentos Municipais 2025 se a alcaldesa e o goberno local dimiten e se celebra un novo pleno de investidura -","og_description":"Os populares apelan, ao igual que Digna Rivas, \u00e1 \u201cresponsabilidade\u201d para que a corporaci\u00f3n te\u00f1a a oportunidade de elixir a un goberno m\u00e1is forte e menos err\u00e1tico para rematar os dous anos de mandato e aceptar\u00eda unhas contas \u201cmoi diferentes \u00e1s que far\u00edamos n\u00f3s\u201d [...]","og_url":"https:\/\/www.anovapeneira.gal\/index.php\/2025\/05\/02\/o-pp-de-redondela-aprobara-os-orzamentos-municipais-2025-se-a-alcaldesa-e-o-goberno-local-dimiten-e-se-celebra-un-novo-pleno-de-investidura\/","article_publisher":"https:\/\/www.facebook.com\/anovapeneira","article_published_time":"2025-05-02T10:00:50+00:00","og_image":[{"width":720,"height":432,"url":"https:\/\/www.anovapeneira.gal\/wp-content\/uploads\/2023\/04\/pp_redondela.jpg","type":"image\/jpeg"}],"author":"Redacci\u00f3n A Nova Peneira","twitter_card":"summary_large_image","twitter_creator":"@APeneira","twitter_site":"@APeneira","twitter_misc":{"Escrito por":"Redacci\u00f3n A Nova Peneira","Tempo de lectura":"4 minutos"},"schema":{"@context":"https:\/\/schema.org","@graph":[{"@type":"Article","@id":"https:\/\/www.anovapeneira.gal\/index.php\/2025\/05\/02\/o-pp-de-redondela-aprobara-os-orzamentos-municipais-2025-se-a-alcaldesa-e-o-goberno-local-dimiten-e-se-celebra-un-novo-pleno-de-investidura\/#article","isPartOf":{"@id":"https:\/\/www.anovapeneira.gal\/index.php\/2025\/05\/02\/o-pp-de-redondela-aprobara-os-orzamentos-municipais-2025-se-a-alcaldesa-e-o-goberno-local-dimiten-e-se-celebra-un-novo-pleno-de-investidura\/"},"author":{"name":"Redacci\u00f3n A Nova Peneira","@id":"https:\/\/www.anovapeneira.gal\/#\/schema\/person\/b93e3f8932e3f8da96334607eb6ac6aa"},"headline":"O PP de Redondela aprobar\u00e1 os Orzamentos Municipais 2025 se a alcaldesa e o goberno local dimiten e se celebra un novo pleno de investidura","datePublished":"2025-05-02T10:00:50+00:00","mainEntityOfPage":{"@id":"https:\/\/www.anovapeneira.gal\/index.php\/2025\/05\/02\/o-pp-de-redondela-aprobara-os-orzamentos-municipais-2025-se-a-alcaldesa-e-o-goberno-local-dimiten-e-se-celebra-un-novo-pleno-de-investidura\/"},"wordCount":647,"commentCount":0,"publisher":{"@id":"https:\/\/www.anovapeneira.gal\/#organization"},"image":{"@id":"https:\/\/www.anovapeneira.gal\/index.php\/2025\/05\/02\/o-pp-de-redondela-aprobara-os-orzamentos-municipais-2025-se-a-alcaldesa-e-o-goberno-local-dimiten-e-se-celebra-un-novo-pleno-de-investidura\/#primaryimage"},"thumbnailUrl":"https:\/\/www.anovapeneira.gal\/wp-content\/uploads\/2023\/04\/pp_redondela.jpg","keywords":["Concello de Redondela"],"articleSection":["Redondela"],"inLanguage":"gl-ES","potentialAction":[{"@type":"CommentAction","name":"Comment","target":["https:\/\/www.anovapeneira.gal\/index.php\/2025\/05\/02\/o-pp-de-redondela-aprobara-os-orzamentos-municipais-2025-se-a-alcaldesa-e-o-goberno-local-dimiten-e-se-celebra-un-novo-pleno-de-investidura\/#respond"]}]},{"@type":"WebPage","@id":"https:\/\/www.anovapeneira.gal\/index.php\/2025\/05\/02\/o-pp-de-redondela-aprobara-os-orzamentos-municipais-2025-se-a-alcaldesa-e-o-goberno-local-dimiten-e-se-celebra-un-novo-pleno-de-investidura\/","url":"https:\/\/www.anovapeneira.gal\/index.php\/2025\/05\/02\/o-pp-de-redondela-aprobara-os-orzamentos-municipais-2025-se-a-alcaldesa-e-o-goberno-local-dimiten-e-se-celebra-un-novo-pleno-de-investidura\/","name":"O PP de Redondela aprobar\u00e1 os Orzamentos Municipais 2025 se a alcaldesa e o goberno local dimiten e se celebra un novo pleno de investidura -","isPartOf":{"@id":"https:\/\/www.anovapeneira.gal\/#website"},"primaryImageOfPage":{"@id":"https:\/\/www.anovapeneira.gal\/index.php\/2025\/05\/02\/o-pp-de-redondela-aprobara-os-orzamentos-municipais-2025-se-a-alcaldesa-e-o-goberno-local-dimiten-e-se-celebra-un-novo-pleno-de-investidura\/#primaryimage"},"image":{"@id":"https:\/\/www.anovapeneira.gal\/index.php\/2025\/05\/02\/o-pp-de-redondela-aprobara-os-orzamentos-municipais-2025-se-a-alcaldesa-e-o-goberno-local-dimiten-e-se-celebra-un-novo-pleno-de-investidura\/#primaryimage"},"thumbnailUrl":"https:\/\/www.anovapeneira.gal\/wp-content\/uploads\/2023\/04\/pp_redondela.jpg","datePublished":"2025-05-02T10:00:50+00:00","breadcrumb":{"@id":"https:\/\/www.anovapeneira.gal\/index.php\/2025\/05\/02\/o-pp-de-redondela-aprobara-os-orzamentos-municipais-2025-se-a-alcaldesa-e-o-goberno-local-dimiten-e-se-celebra-un-novo-pleno-de-investidura\/#breadcrumb"},"inLanguage":"gl-ES","potentialAction":[{"@type":"ReadAction","target":["https:\/\/www.anovapeneira.gal\/index.php\/2025\/05\/02\/o-pp-de-redondela-aprobara-os-orzamentos-municipais-2025-se-a-alcaldesa-e-o-goberno-local-dimiten-e-se-celebra-un-novo-pleno-de-investidura\/"]}]},{"@type":"ImageObject","inLanguage":"gl-ES","@id":"https:\/\/www.anovapeneira.gal\/index.php\/2025\/05\/02\/o-pp-de-redondela-aprobara-os-orzamentos-municipais-2025-se-a-alcaldesa-e-o-goberno-local-dimiten-e-se-celebra-un-novo-pleno-de-investidura\/#primaryimage","url":"https:\/\/www.anovapeneira.gal\/wp-content\/uploads\/2023\/04\/pp_redondela.jpg","contentUrl":"https:\/\/www.anovapeneira.gal\/wp-content\/uploads\/2023\/04\/pp_redondela.jpg","width":720,"height":432,"caption":"Javier Bas candidato do PP \u00e1 alcald\u00eda de Redondela"},{"@type":"BreadcrumbList","@id":"https:\/\/www.anovapeneira.gal\/index.php\/2025\/05\/02\/o-pp-de-redondela-aprobara-os-orzamentos-municipais-2025-se-a-alcaldesa-e-o-goberno-local-dimiten-e-se-celebra-un-novo-pleno-de-investidura\/#breadcrumb","itemListElement":[{"@type":"ListItem","position":1,"name":"Portada","item":"https:\/\/www.anovapeneira.gal\/"},{"@type":"ListItem","position":2,"name":"O PP de Redondela aprobar\u00e1 os Orzamentos Municipais 2025 se a alcaldesa e o goberno local dimiten e se celebra un novo pleno de investidura"}]},{"@type":"WebSite","@id":"https:\/\/www.anovapeneira.gal\/#website","url":"https:\/\/www.anovapeneira.gal\/","name":"","description":"Xornal galego de informaci\u00f3n xeral Publicaci\u00f3n mensual de novas de Galicia e en especial dos Concellos da sur da provincia de Pontevedra.","publisher":{"@id":"https:\/\/www.anovapeneira.gal\/#organization"},"potentialAction":[{"@type":"SearchAction","target":{"@type":"EntryPoint","urlTemplate":"https:\/\/www.anovapeneira.gal\/?s={search_term_string}"},"query-input":{"@type":"PropertyValueSpecification","valueRequired":true,"valueName":"search_term_string"}}],"inLanguage":"gl-ES"},{"@type":"Organization","@id":"https:\/\/www.anovapeneira.gal\/#organization","name":"A Nova Peneira","url":"https:\/\/www.anovapeneira.gal\/","logo":{"@type":"ImageObject","inLanguage":"gl-ES","@id":"https:\/\/www.anovapeneira.gal\/#\/schema\/logo\/image\/","url":"http:\/\/www.anovapeneira.gal\/wp-content\/uploads\/2019\/06\/logo_a_nova_peneira_portal_web.png","contentUrl":"http:\/\/www.anovapeneira.gal\/wp-content\/uploads\/2019\/06\/logo_a_nova_peneira_portal_web.png","width":300,"height":100,"caption":"A Nova Peneira"},"image":{"@id":"https:\/\/www.anovapeneira.gal\/#\/schema\/logo\/image\/"},"sameAs":["https:\/\/www.facebook.com\/anovapeneira","https:\/\/x.com\/APeneira"]},{"@type":"Person","@id":"https:\/\/www.anovapeneira.gal\/#\/schema\/person\/b93e3f8932e3f8da96334607eb6ac6aa","name":"Redacci\u00f3n A Nova Peneira","image":{"@type":"ImageObject","inLanguage":"gl-ES","@id":"https:\/\/secure.gravatar.com\/avatar\/c052a2551a06e23fac63626232eaa90abd78dbcf1700fc46a2b2c89fd27b735f?s=96&d=mm&r=g","url":"https:\/\/secure.gravatar.com\/avatar\/c052a2551a06e23fac63626232eaa90abd78dbcf1700fc46a2b2c89fd27b735f?s=96&d=mm&r=g","contentUrl":"https:\/\/secure.gravatar.com\/avatar\/c052a2551a06e23fac63626232eaa90abd78dbcf1700fc46a2b2c89fd27b735f?s=96&d=mm&r=g","caption":"Redacci\u00f3n A Nova Peneira"},"sameAs":["http:\/\/www.anovapeneira.gal\/"],"url":"https:\/\/www.anovapeneira.gal\/index.php\/author\/redactor\/"}]}},"jetpack_featured_media_url":"https:\/\/www.anovapeneira.gal\/wp-content\/uploads\/2023\/04\/pp_redondela.jpg","_links":{"self":[{"href":"https:\/\/www.anovapeneira.gal\/index.php\/wp-json\/wp\/v2\/posts\/13812","targetHints":{"allow":["GET"]}}],"collection":[{"href":"https:\/\/www.anovapeneira.gal\/index.php\/wp-json\/wp\/v2\/posts"}],"about":[{"href":"https:\/\/www.anovapeneira.gal\/index.php\/wp-json\/wp\/v2\/types\/post"}],"author":[{"embeddable":true,"href":"https:\/\/www.anovapeneira.gal\/index.php\/wp-json\/wp\/v2\/users\/3"}],"replies":[{"embeddable":true,"href":"https:\/\/www.anovapeneira.gal\/index.php\/wp-json\/wp\/v2\/comments?post=13812"}],"version-history":[{"count":1,"href":"https:\/\/www.anovapeneira.gal\/index.php\/wp-json\/wp\/v2\/posts\/13812\/revisions"}],"predecessor-version":[{"id":13813,"href":"https:\/\/www.anovapeneira.gal\/index.php\/wp-json\/wp\/v2\/posts\/13812\/revisions\/13813"}],"wp:featuredmedia":[{"embeddable":true,"href":"https:\/\/www.anovapeneira.gal\/index.php\/wp-json\/wp\/v2\/media\/9476"}],"wp:attachment":[{"href":"https:\/\/www.anovapeneira.gal\/index.php\/wp-json\/wp\/v2\/media?parent=13812"}],"wp:term":[{"taxonomy":"category","embeddable":true,"href":"https:\/\/www.anovapeneira.gal\/index.php\/wp-json\/wp\/v2\/categories?post=13812"},{"taxonomy":"post_tag","embeddable":true,"href":"https:\/\/www.anovapeneira.gal\/index.php\/wp-json\/wp\/v2\/tags?post=13812"}],"curies":[{"name":"wp","href":"https:\/\/api.w.org\/{rel}","templated":true}]}}