{"id":13852,"date":"2025-05-07T10:00:03","date_gmt":"2025-05-07T08:00:03","guid":{"rendered":"https:\/\/www.anovapeneira.gal\/?p=13852"},"modified":"2025-05-05T09:56:13","modified_gmt":"2025-05-05T07:56:13","slug":"a-reaccion-do-estado-espanol-non-foi-a-reaccion-propia-dun-estado-plenamente-democratico","status":"publish","type":"post","link":"https:\/\/www.anovapeneira.gal\/index.php\/2025\/05\/07\/a-reaccion-do-estado-espanol-non-foi-a-reaccion-propia-dun-estado-plenamente-democratico\/","title":{"rendered":"\u201cA reacci\u00f3n do estado espa\u00f1ol, non foi a reacci\u00f3n propia dun estado plenamente democr\u00e1tico\u201d"},"content":{"rendered":"\n<p>O pasado 25 de abril, Mar\u00edn acolleu unha visita pol\u00edtica de relevancia estatal e, ao tempo, de fonda carga simb\u00f3lica. Artur Mas i Gavarr\u00f3, ex presidente da Generalitat de Catalunya, participou nunha conferencia organizada por Grupo Aberto sobre a cuesti\u00f3n da plurinacionalidade no estado espa\u00f1ol. F\u00edxoo nun contexto pol\u00edtico particularmente significativo: mentres os ventos centralizadores sopran con forza dende Madrid e a ultradereita marca o ton de boa parte do debate p\u00fablico, algunhas voces insisten en que a \u00fanica sa\u00edda democr\u00e1tica para as naci\u00f3ns sen estado pasa polo reco\u00f1ecemento efectivo da s\u00faa soberan\u00eda e dereitos colectivos.<\/p>\n\n\n\n<p>Artur Mas (Barcelona, 1956), figura chave do nacionalismo catal\u00e1n contempor\u00e1neo, iniciouse na pol\u00edtica institucional da man de Converg\u00e8ncia Democr\u00e0tica de Catalunya nos anos 80, chegando \u00e1 presidencia da Generalitat en 2010. Durante os seus mandatos (2010-2015), impulsou o proceso soberanista catal\u00e1n con decisi\u00f3ns que marcaron un antes e un despois na historia recente do estado espa\u00f1ol: o impulso \u00e1 consulta do 9 de novembro de 2014 e a convocatoria das elecci\u00f3ns plebiscitarias de 2015 foron fitos que consolidaron o novo ciclo independentista. A s\u00faa figura \u00e9 inseparable dese momento de eclosi\u00f3n democr\u00e1tica catal\u00e1 que desafiou a estrutura uninacional do Estado e abriu o cami\u00f1o para a autodeterminaci\u00f3n como demanda pol\u00edtica lex\u00edtima.<\/p>\n\n\n\n<p>A\u00ednda que retirado da primeira li\u00f1a institucional, Mas segue a ter un papel activo como analista, conferenciante e referente pol\u00edtico. Participa en espazos de debate sobre o futuro das naci\u00f3ns sen estado e a reforma da estrutural territorial espa\u00f1ola.<\/p>\n\n\n\n<p>O seu paso por Galiza, e concretamente por Mar\u00edn, d\u00e1lle tam\u00e9n unha dimensi\u00f3n de di\u00e1logo entre naci\u00f3ns irm\u00e1s. A presenza de Mas serve para lembrar que a cuesti\u00f3n nacional non \u00e9 exclusiva dun pobo nin dunha rexi\u00f3n, sen\u00f3n que forma parte dun problema estrutural do estado espa\u00f1ol: a s\u00faa incapacidade para integrar democraticamente a pluralidade nacional existente. O conflito catal\u00e1n, lonxe de estar resolto, permanece nunha especie de impasse post-represivo: sen soluci\u00f3ns pol\u00edticas de fondo, sen reco\u00f1ecemento efectivo do dereito a decidir, e cunhas negociaci\u00f3ns que, se existen, transcorren nas marxes do marcado.<\/p>\n\n\n\n<p>Desde Galiza, onde tam\u00e9n padecemos a recentralizaci\u00f3n, o desprezo pola nosa lingua e cultura, a infrarrepresentaci\u00f3n institucional e un modelo econ\u00f3mico dependente, resulta imprescindible escoitar e debater coas voces que, desde outras naci\u00f3ns do estado, reclaman unha transformaci\u00f3n profunda do marco pol\u00edtico. Mais tam\u00e9n \u00e9 necesario exercer unha ollada cr\u00edtica: o soberanismo galego de esquerdas non pode esquecer que a plurinacionalidade, como principio pol\u00edtico, non pode reducirse a un encaixe negociado co centro, sen\u00f3n que debe estar ao servizo da autodeterminaci\u00f3n real dos pobos. A experiencia catal\u00e1, cos seus avances e limitaci\u00f3ns, ofrece aprendizaxes valiosas para a Galiza que quere existir por si mesma.<\/p>\n\n\n\n<p>Esta entrevista busca afondar no pensamento actual de Artur Mas sobre a plurinacionalidade, o dereito a decidir e a viabilidade dunha v\u00eda democr\u00e1tica para as naci\u00f3ns sen estado no actual contexto europeo. Queremos saber que lecci\u00f3ns extrae da experiencia catal\u00e1, como ve o futuro pol\u00edtico do seu pa\u00eds e que ollada ten sobre o conxunto do estado.<\/p>\n\n\n\n<p>Nun tempo no que se volve falar de reformas constitucionais, de descentralizaci\u00f3n asim\u00e9trica e de federalismos te\u00f3ricos, c\u00f3mpre preguntarse: que tipo de estado ser\u00eda capaz de garantir a igualdade entre as naci\u00f3ns e o respecto aos dereitos colectivos? Existe a\u00ednda espazo para unha soluci\u00f3n pactada ou estamos xa nun escenario de ruptura inevitable? E, m\u00e1is al\u00e1 de Catalu\u00f1a, que papel poden xogar Galiza e o resto das naci\u00f3ns perif\u00e9ricas na construci\u00f3n dese novo horizonte?<\/p>\n\n\n\n<p>Con estas preguntas abrimos unha conversa que aspira a ser honesta, reflexiva e \u00fatil para o noso presente colectivo.<\/p>\n\n\n\n<figure class=\"wp-block-image size-large\"><img loading=\"lazy\" decoding=\"async\" width=\"1024\" height=\"546\" src=\"https:\/\/www.anovapeneira.gal\/wp-content\/uploads\/2025\/05\/Artur-Mas.Interior-1024x546.jpg\" alt=\"\" class=\"wp-image-13854\" srcset=\"https:\/\/www.anovapeneira.gal\/wp-content\/uploads\/2025\/05\/Artur-Mas.Interior-1024x546.jpg 1024w, https:\/\/www.anovapeneira.gal\/wp-content\/uploads\/2025\/05\/Artur-Mas.Interior-300x160.jpg 300w, https:\/\/www.anovapeneira.gal\/wp-content\/uploads\/2025\/05\/Artur-Mas.Interior-768x409.jpg 768w, https:\/\/www.anovapeneira.gal\/wp-content\/uploads\/2025\/05\/Artur-Mas.Interior-1536x818.jpg 1536w, https:\/\/www.anovapeneira.gal\/wp-content\/uploads\/2025\/05\/Artur-Mas.Interior.jpg 1736w\" sizes=\"auto, (max-width: 1024px) 100vw, 1024px\" \/><\/figure>\n\n\n\n<p><strong>Como observa o panorama pol\u00edtico actual en Catalunya?<\/strong><\/p>\n\n\n\n<blockquote class=\"wp-block-quote is-layout-flow wp-block-quote-is-layout-flow\">\n<p>Estamos nunha \u00e9poca en Catalunya de cambio, de cambio significativo, un cambio que a min non me comprace nin me gusta porque este cambio pasa por perder un goberno catalanista perder, o que a\u00ednda \u00e9 m\u00e1is grave, unha maior\u00eda catalanista no Parlamento de Catalu\u00f1a. Cun goberno presidido por un PSC que non \u00e9 un partido hoxe en d\u00eda de estrita obediencia catal\u00e1, sen\u00f3n que ten unha dependencia, a\u00ednda que non org\u00e1nica si pol\u00edtica, do PSOE moi grande e isto l\u00e9vanos a esta situaci\u00f3n, onde a diferenza dos \u00faltimos 44 anos, nos que tiveramos maior\u00eda catalanista do Parlamento, neste momento se perdeu. Para os que apostamos a fondo polo proceso soberanista, esta situaci\u00f3n interp\u00e9lanos e por tanto hai que tentar primeiro, convivir con iso porque \u00e9 a vontade da xente de Catalu\u00f1a. Isto \u00e9 a democracia, non sempre o resultado das elecci\u00f3ns \u00e9 o que che gusta. En segundo lugar, non soamente hai que convivir con iso sen\u00f3n que hai que tentar cambialo, e sobre todo ten que mudalo a xente que hoxe est\u00e1 na primeira li\u00f1a pol\u00edtica e que debe artellar un proxecto co que volver ter unha certa hexemon\u00eda en Catalu\u00f1a.<\/p>\n<\/blockquote>\n\n\n\n<p><strong>E no estado espa\u00f1ol como observa o escenario?<\/strong><\/p>\n\n\n\n<blockquote class=\"wp-block-quote is-layout-flow wp-block-quote-is-layout-flow\">\n<p>En Espa\u00f1a hai un goberno que ten unha aritm\u00e9tica tremendamente complicada, e o resultado desa aritm\u00e9tica \u00e9 dobre xa que, por unha banda impide efectivamente que o PP e VOX gobernen, isto \u00e9 certo, pero non posibilita facer practicamente nada. Unha situaci\u00f3n na que un mesmo di, si, mellor que non estean PP e VOX, si, de acordo, a\u00ed estamos de acordo, pero iso non deber\u00eda ser suficiente para conformarse. Isto deber\u00eda ir acompa\u00f1ado dunha axenda pol\u00edtica reformista, porque se hai un goberno de socialistas, pero sobre todo que est\u00e1 coaligado parlamentariamente cunha chea de forzas que se reivindican progresistas, iso deber\u00eda conlevar unha axenda transformadora, unha axenda de modernizaci\u00f3n moi potente. Iso non est\u00e1 a pasar, xa que practicamente non se aproban leis significativas, os orzamentos tampouco e o que hai, en definitiva, \u00e9 un bloqueo moi relevante que d\u00e1 esta sensaci\u00f3n de tempo perdido.<\/p>\n<\/blockquote>\n\n\n\n<p><strong>Recentemente afirmou que o independentismo non est\u00e1 nas condici\u00f3ns de avanzar. Que factores cre que contribu\u00edron a esta situaci\u00f3n?<\/strong><\/p>\n\n\n\n<blockquote class=\"wp-block-quote is-layout-flow wp-block-quote-is-layout-flow\">\n<p>Basicamente dous factores un externo e outro interno. Como factor externo, podemos facer menci\u00f3n ao bloqueo de calquera opci\u00f3n de di\u00e1logo por parte do estado espa\u00f1ol, acompa\u00f1ado dunha represi\u00f3n dur\u00edsima contra os partidos e os l\u00edderes do proceso independentista. Iso nun pa\u00eds que se autodenomina democr\u00e1tico deixa moito que desexar. Respecto ao factor interno, hai que sinalar a falta de perspectiva, o feito de pasar uns cantos anos, desde o ano 2017 concretamente pelex\u00e1ndose, mir\u00e1ndose de esguello, con envexas, con axendas persoais e sobre todo con axendas de partido. Non se pode defender un proxecto como a soberan\u00eda dun pa\u00eds, ou nin sequera o dereito de autodeterminaci\u00f3n, cando todo o mundo se ollaba de esguello e \u00eda \u00e1 s\u00faa mentres se pelexaba internamente. Ese \u00e9 o factor interno que desgraciadamente existiu e a\u00ednda que me doa dicilo, foi e \u00e9 as\u00ed .<\/p>\n<\/blockquote>\n\n\n\n<p><strong>Cal \u00e9 a s\u00faa opini\u00f3n sobre a proposta de financiamento singular para Catalu\u00f1a?<\/strong><\/p>\n\n\n\n<blockquote class=\"wp-block-quote is-layout-flow wp-block-quote-is-layout-flow\">\n<p>Pois \u00e9 a mesma que fixen eu hai 15 anos atr\u00e1s, no 2011, a Mariano Rajoy. Eu chameille pacto fiscal a\u00ednda que na li\u00f1a do concerto econ\u00f3mico, agora ch\u00e1manlle singularidade fiscal pero no fondo, cando ti les o contido, \u00e9 exactamente o mesmo. Estamos a falar de que Catalu\u00f1a te\u00f1a un financiamento propio, que non quere dicir privilexiado, quere dicir propio. Non digo que te\u00f1a que ser como os vascos ou como o navarros pero en canto aos poderes ten que ser m\u00e1is ou menos o mesmo e poderes quere dicir d\u00faas cousas: que o teu Parlamento, neste caso o catal\u00e1n, ten ampla capacidade para modificar os impostos e en segundo lugar, que ti xestionas a fiscalidade, polo tanto ti tes a Axencia Tributaria.<\/p>\n<\/blockquote>\n\n\n\n<p><strong>Noutra orde de cousas, considera que a continuidade de l\u00edderes como Puigdemont \u00e9 beneficiosa para o movemento independentista?<\/strong><\/p>\n\n\n\n<blockquote class=\"wp-block-quote is-layout-flow wp-block-quote-is-layout-flow\">\n<p>Eu atopeime nesa situaci\u00f3n, non exactamente igual, pero si similar e o presidente Pujol tam\u00e9n se atopou cunha situaci\u00f3n as\u00ed . \u00c9 o president Puigdemont o que debe tomar esa decisi\u00f3n, \u00e9 o l\u00edder dun proxecto o que ten que preparar a s\u00faa substituci\u00f3n. O certo \u00e9 que Junts e o president Puigdemont te\u00f1en cohesi\u00f3n interna, non \u00e9 as\u00ed o caso do Junqueras, pero si que \u00e9 o caso de Puigdemont, ent\u00f3n \u00e9 o l\u00edder o que ten que marcar a axenda da s\u00faa substituci\u00f3n, non se lle pode impo\u00f1er, creo eu.<\/p>\n<\/blockquote>\n\n\n\n<p><strong>Pero o espazo converxente que agora representa Junts sufriu disgregaci\u00f3ns m\u00faltiples como foi o caso de Uni\u00f3, PDCAT\u2026<\/strong><\/p>\n\n\n\n<blockquote class=\"wp-block-quote is-layout-flow wp-block-quote-is-layout-flow\">\n<p>\u00c9 certo pero esa disgregaci\u00f3n cada vez \u00e9 menor porque se vai reagrupando ese espazo aos poucos. A min doeume moito no seu momento a disgregaci\u00f3n, porque era a primeira vez que hab\u00eda unha resta interna no canto dunha suma, non ti\u00f1amos tradici\u00f3n diso e efectivamente foi moi negativo. Agora estamos m\u00e1is no terreo de recompo\u00f1er ese espazo, que no terreo de manter a disgregaci\u00f3n. Dito isto vou ao mesmo argumento de antes, Puigdemont \u00e9 un home que hoxe en d\u00eda ten un liderado dentro de Junts que non \u00e9 discutido e polo tanto ten cohesi\u00f3n interna. Junqueras non ten esa cohesi\u00f3n e a proba \u00e9 que, para ser president de Esquerra, tivo que enfrontarse a varios candidatos e ao final el ga\u00f1ou, si, pero por unha marxe moi xusta.<\/p>\n<\/blockquote>\n\n\n\n<p><strong>A s\u00faa proposta de di\u00e1logo con Alian\u00e7a Catalana xerou controversia. Poder\u00eda aclarar a s\u00faa posici\u00f3n respecto a esta formaci\u00f3n?<\/strong><\/p>\n\n\n\n<blockquote class=\"wp-block-quote is-layout-flow wp-block-quote-is-layout-flow\">\n<p>Hai d\u00faas maneiras de combater a este tipo de formaci\u00f3ns pol\u00edticas de extrema dereita. A primeira establecendo un cord\u00f3n sanitario, e a segunda maneira \u00e9 confrontando ideas. Hai que mesmo apertalos continuamente para que non se escondan, para que contrasten as s\u00faas propostas connosco e non deixalos cun discurso illado e sen contraste. Hai que combatelos contrastando propostas, porque cando se contrasten as propostas chegarase \u00e1 conclusi\u00f3n de que esta xente non ten soluci\u00f3ns.<\/p>\n<\/blockquote>\n\n\n\n<p><strong>Este tipo de interacci\u00f3ns poden acabar por lexitimar discursos xen\u00f3fobos e exclu\u00edntes<\/strong>.<\/p>\n\n\n\n<blockquote class=\"wp-block-quote is-layout-flow wp-block-quote-is-layout-flow\">\n<p>Lexit\u00edmaos o voto da xente, nunha democracia quen lexitima a un partido pol\u00edtico \u00e9 o voto da xente, por tanto o que toca \u00e9 combater as propostas diante da opini\u00f3n p\u00fablica, non escond\u00e9ndose. Alian\u00e7a catalana, como VOX en Espa\u00f1a, non ten boas soluci\u00f3ns, falan moito, iso si, pero non te\u00f1en soluci\u00f3ns e a proba \u00e9 que cando gobernan non achegan nada. Mire os referentes a nivel mundial, Bolsonaro en Brasil un desastre, Trump en 90 d\u00edas organizou un caos a nivel mundial, chegando a perder xa, moito apoio popular nos EEUU con propostas que resultar\u00edan ser un absoluto drama para a vida da xente e para a econom\u00eda.<\/p>\n<\/blockquote>\n\n\n\n<p><strong>Que opina do cambio de posici\u00f3n de Junts respecto \u00e1 pol\u00edtica migratoria?<\/strong><\/p>\n\n\n\n<blockquote class=\"wp-block-quote is-layout-flow wp-block-quote-is-layout-flow\">\n<p>Eu creo que fixo ben, a\u00ednda que vaia por diante que Catalunya \u00e9 un pa\u00eds de de inmigrantes. Catalunya \u00e9 un pa\u00eds de inmigrantes, o 70% da poboaci\u00f3n catal\u00e1 actual non ten orixes catal\u00e1s, se o miramos a nivel de segunda ou terceira xeraci\u00f3n, por tanto \u00e9 unha sociedade que est\u00e1 afeita ao fen\u00f3meno da inmigraci\u00f3n desde hai d\u00e9cadas e non se afundiu, nin se rachou. Pero si \u00e9 certo que hai moito movemento inmigratorio, curto no tempo, que esta tensionando determinados servizos.<\/p>\n<\/blockquote>\n\n\n\n<p><strong>Quixera falar da Operaci\u00f3n Catalu\u00f1a, algo que afectou directamente \u00e1 s\u00faa figura pol\u00edtica. Como viviu esa persecuci\u00f3n?<\/strong><\/p>\n\n\n\n<blockquote class=\"wp-block-quote is-layout-flow wp-block-quote-is-layout-flow\">\n<p>Pois mire eu vivino no seu momento con moito cabreo porque eu sab\u00eda desde o primeiro momento que aquelo era falso. Moita xente creu o que se dic\u00eda, pero eu sab\u00eda que non era verdade. O que sucedeu ten unha carga delituosa e inmoral moi alta que quixo alterar directamente, e conseguiuno en parte, un resultado electoral. Estamos a falar dun corpo armado que utilizaron para fabricar informes falsos con aparencia de verdadeiros, en colaboraci\u00f3n con xu\u00edces e fiscais, desde o Ministerio do interior e gastando fondos p\u00fablicos, \u00e9 dicir, pagados polos impostos de todos, para mentir e acusar a determinados l\u00edderes de corrupci\u00f3n. Por tanto, eu vivino cun sentido da inxustiza moi grande e cun cabreo importante pero non agachei a cabeza e segu\u00edn loitando e combatendo.<\/p>\n<\/blockquote>\n\n\n\n<p><strong>\u00c9 o estado espa\u00f1ol, un estado democr\u00e1tico?<\/strong><\/p>\n\n\n\n<blockquote class=\"wp-block-quote is-layout-flow wp-block-quote-is-layout-flow\">\n<p>Eu creo que \u00e9 un estado que ten unha vontade real de ser unha democracia pero que cando ten diante un gran reto democr\u00e1tico con mai\u00fasculas, como o catal\u00e1n, ensina as s\u00faas enormes debilidades democr\u00e1ticas, e d\u00edgoo sendo consciente de que o que formulabamos desde Catalu\u00f1a era moi dif\u00edcil de que chegase a bo porto. Con todo si que aspirabamos a que a reacci\u00f3n do estado espa\u00f1ol non fose unha reacci\u00f3n da \u00e9poca de Franco. Aspirabamos a que fose unha reacci\u00f3n do s\u00e9culo XXI, dunha Espa\u00f1a que leva 40 anos metida en Europa. Aspirabamos a iso, o que non quere dicir que che dean a raz\u00f3n, pero quere dicir que te\u00f1en que escoitarte, que te\u00f1en que atopar a maneira de dialogar, que te\u00f1en que atopar a maneira de fabricar unha arquitectura pol\u00edtica que permita dar unha sa\u00edda pol\u00edtica a unha cuesti\u00f3n que no fondo era un conflito constitucional. Pois non, mand\u00e1ronnos \u00e1 polic\u00eda, peg\u00e1ronnos, d\u00e9ronnos golpes, mandaron a xente \u00e1 prisi\u00f3n, obrigaron a xente a quedar no exilio, inhabilitaron unha chea de l\u00edderes que a\u00ednda hoxe non se poden presentar as elecci\u00f3ns ou non poden exercer cargos de goberno, tentaron arruinar economicamente familias catal\u00e1s que apostaran pola autodeterminaci\u00f3n etc\u00e9tera. Iso non \u00e9 unha reacci\u00f3n dun estado plenamente democr\u00e1tico.<\/p>\n<\/blockquote>\n\n\n\n<p><strong>De feito a lei de aministia est\u00e1 non aire&#8230;<\/strong><\/p>\n\n\n\n<blockquote class=\"wp-block-quote is-layout-flow wp-block-quote-is-layout-flow\">\n<p>Apr\u00f3base a lei de amnist\u00eda nas Cortes Xerais. Est\u00e1 publicada no BOE e asinada polo xefe do estado, o mesmo do discurso do 3 de outubro, e a\u00ednda as\u00ed moitos estamos a\u00ed, nas pav\u00edas, sen saber que pasar\u00e1. Eu tam\u00e9n son un cidad\u00e1n ademais de pol\u00edtico. Entr\u00e1ronme nos meus dispositivos m\u00f3biles ata o punto no que de acordo coas probas periciais se demostrou que acceder\u00e1n ate 32 veces durante cinco anos chegando a substraerme 500 megas de informaci\u00f3n.<\/p>\n<\/blockquote>\n\n\n\n<p><strong>Cre que sen a Operaci\u00f3n Catalu\u00f1a, Converg\u00e8ncia seguir\u00eda existindo?<\/strong><\/p>\n\n\n\n<blockquote class=\"wp-block-quote is-layout-flow wp-block-quote-is-layout-flow\">\n<p>Con moita probabilidade.<\/p>\n<\/blockquote>\n\n\n\n<p><strong>No medio desa operaci\u00f3n, tivo lugar a confesi\u00f3n de Jordi Pujol sobre a s\u00faa fortuna familiar, algo que sen d\u00fabida foi un punto de inflexi\u00f3n para Converg\u00e8ncia. Como afectou iso ao partido?<\/strong><\/p>\n\n\n\n<blockquote class=\"wp-block-quote is-layout-flow wp-block-quote-is-layout-flow\">\n<p>Foi unha bomba nuclear. Unha bomba at\u00f3mica.<\/p>\n<\/blockquote>\n\n\n\n<p><strong>A s\u00faa relaci\u00f3n con Junts per Catalunya \u00e9 ambigua. Ten intenci\u00f3n de afiliarse ao partido?<\/strong><\/p>\n\n\n\n<blockquote class=\"wp-block-quote is-layout-flow wp-block-quote-is-layout-flow\">\n<p>Se a algu\u00e9n me sinto pr\u00f3ximo \u00e9 a Junts, e non soamente me sinto pr\u00f3ximo sen\u00f3n que en primeiro lugar os voto e en segundo lugar axudo sempre que mo piden. Soamente hai que seguir as mi\u00f1as redes sociais para ver ata que punto eu dou apoio a moit\u00edsima xente de Junts cando se me pide. Estiven moitos anos miitando e como ex presidente da Generalitat eu ded\u00edcome precisamente a iso, \u00e1 mi\u00f1a funci\u00f3n de ex presidente. Non militar subli\u00f1a o meu perfil institucional porque creo que cando eu falo, podo falar con moita maior liberdade e a xente que recibe o que eu digo p\u00f3deo interpretar dunha maneira diferente. Non engano a ningu\u00e9n, apoio e voto a Junts, pero ao non ser un militante, iso a min d\u00e1me moita liberdade de comunicaci\u00f3n e mesmo de pensamento, ao non ter que seguir unhas directrices concretas. Creo que me permite facer un mellor servizo.<\/p>\n<\/blockquote>\n\n\n\n<p><strong>Cre que Junts est\u00e1 a representar adecuadamente o legado de Converg\u00e8ncia?<\/strong><\/p>\n\n\n\n<blockquote class=\"wp-block-quote is-layout-flow wp-block-quote-is-layout-flow\">\n<p>Nalg\u00fan momento alg\u00fans de n\u00f3s quedaramos un pouco desconcertados por algunhas decisi\u00f3ns, pero co paso do tempo eu creo que Junts vai tomando conciencia de que non hai que replicar mimeticamente o que era Converg\u00e8ncia, non se trata diso, pero si que se trata de organizar un proxecto pol\u00edtico que sexa central no pa\u00eds, e que consiga ser un referente suficientemente potente como para que sexa o partido m\u00e1is votado nas elecci\u00f3ns ao Parlamento catal\u00e1n, algo que si foi Converg\u00e8ncia durante toda a s\u00faa historia.<\/p>\n<\/blockquote>\n\n\n\n<p><strong>Considera que a amnist\u00eda para os l\u00edderes do &#8216;proc\u00e9s&#8217; \u00e9 suficiente ou deber\u00eda ir acompa\u00f1ada doutras medidas?<\/strong><\/p>\n\n\n\n<blockquote class=\"wp-block-quote is-layout-flow wp-block-quote-is-layout-flow\">\n<p>A amnist\u00eda ten que ir acompa\u00f1ada doutras medidas por suposto, o que ocorre \u00e9 que a amnist\u00eda se se consegue implementar, \u00e9 o que eu \u00e1s veces definino como po\u00f1er o contador a cero. Po\u00f1er o contador a cero non significa a soluci\u00f3n pero significa a posibilidade de chegar a unha soluci\u00f3n, non a certeza, si, pero a posibilidade de chegar a soluci\u00f3ns.<\/p>\n<\/blockquote>\n\n\n\n<p><strong>A s\u00faa relaci\u00f3n con Carles Puigdemont foi chave no pasado. Como valora a s\u00faa evoluci\u00f3n pol\u00edtica desde 2017 e a s\u00faa influencia actual non movemento independentista?<\/strong><\/p>\n\n\n\n<blockquote class=\"wp-block-quote is-layout-flow wp-block-quote-is-layout-flow\">\n<p>Optou por unha carta que foi o exilio e sa\u00edulle ben politicamente. Desde o punto de vista persoal xa non podo dicir o mesmo, porque de quedarse ter\u00eda ido a prisi\u00f3n e agora estar\u00eda f\u00f3ra. Ademais, eu creo que o feito de que el estea desde fai xa bastantes anos f\u00f3ra, lle resta capacidade de mellorar o resultado de Junts. Que o principal l\u00edder non te\u00f1a unha conexi\u00f3n diaria coa pulsi\u00f3n do pa\u00eds non pode sumar, isto sempre resta algo e despois hai unha realidade, que \u00e9 que non goberna. O principal reto \u00e9 converter a Junts nunha forza de goberno que consiga ser o principal referente pol\u00edtico.<\/p>\n<\/blockquote>\n\n\n\n<p><strong>Vostede fala a mi\u00fado da necesidade de \u201creconstru\u00edr unha centralidade catal\u00e1\u201d. Que significa exactamente esa centralidade?<\/strong><\/p>\n\n\n\n<blockquote class=\"wp-block-quote is-layout-flow wp-block-quote-is-layout-flow\">\n<p>Centralidade significa que a ti che ten que votar xente que pode votar dereita ou esquerda noutro tipo de elecci\u00f3ns \u00e9 dicir para ser un partido central en Catalu\u00f1a, sobre todo no Parlamento catal\u00e1n, deben votarche non soamente os moi nacionalistas ou independentistas, te\u00f1en que votarche tam\u00e9n as xentes que noutros procesos poidan votar PSOE ou ERC.<\/p>\n<\/blockquote>\n\n\n\n<p><strong>Moitos votantes novos non se identifican coa Converg\u00e8ncia que vostede liderou, asoci\u00e1ndoa coa austeridade e co neoliberalismo. Con recortes que vostede mesmo fixo. Como se reconstr\u00fae a confianza, sabendo que Junts \u00e9 o partido herdeiro dese espazo pol\u00edtico?<\/strong><\/p>\n\n\n\n<blockquote class=\"wp-block-quote is-layout-flow wp-block-quote-is-layout-flow\">\n<p>Non creo que iso estea a lastrar, pero en todo caso \u00e9 un discurso repetitivo por parte doutros partidos porque tampouco saben a onde collerse. \u00c9 un argumento que cae polo seu propio peso porque cando o goberno noso tivo que facer os recortes, a pregunta que haber\u00eda que facerse \u00e9 que pa\u00eds de Europa non os fac\u00eda. Aplicamos unha cirurx\u00eda sen afectar os \u00f3rganos vitais do sistema, mantendo o esencial. A n\u00f3s non nos fixeron nin unha folga. Ning\u00fan goberno recortou por gusto, mire en Grecia, gobernando un partido de extrema esquerda, Syriza, organizouse un referendo para dicirlle non a Bruxelas, para dicir _non imos aplicar as vosas medidas de austeridade\u201d, ga\u00f1aron o referendo e ao cabo de poucos d\u00edas aplicaron recortes.<\/p>\n<\/blockquote>\n\n\n\n<p><strong>Despois de dimitir o ministro de econom\u00eda porque non estaba disposto a asumir eses recortes e ese engano<\/strong>.<\/p>\n\n\n\n<blockquote class=\"wp-block-quote is-layout-flow wp-block-quote-is-layout-flow\">\n<p>Si, pero Tsipras aos poucos d\u00edas recortou brutalmente as pensi\u00f3ns, e estou seguro que non o fixo por gusto. Ningu\u00e9n o fixo. Espa\u00f1a case \u00e9 intervida, Italia igual, en Francia Fran\u00e7ois Hollande do Partido socialista aplicou recortes, aqu\u00ed a cuesti\u00f3n \u00e9 que ningu\u00e9n quer\u00eda aos homes de negro.<\/p>\n<\/blockquote>\n\n\n\n<blockquote class=\"wp-block-quote is-layout-flow wp-block-quote-is-layout-flow\">\n<p>N\u00f3s, como digo, aplicamos cirurx\u00eda fina para que non caera o sistema, e non caeu.<\/p>\n<\/blockquote>\n\n\n\n<p><strong>M\u00e1is despois o arrastre deses recortes, sacou a flote as carencias cando chegou a pandemia.<\/strong><\/p>\n\n\n\n<blockquote class=\"wp-block-quote is-layout-flow wp-block-quote-is-layout-flow\">\n<p>A pandemia chega no 2020, fac\u00eda moitos anos dos nosos gobernos.<\/p>\n<\/blockquote>\n\n\n\n<p><strong>O espazo converxente goberna ata o 2017.<\/strong><\/p>\n\n\n\n<blockquote class=\"wp-block-quote is-layout-flow wp-block-quote-is-layout-flow\">\n<p>Pero a culpa neste caso ser\u00e1 dos que despois non souberon intervir, gozando xa dunha mellor situaci\u00f3n econ\u00f3mica.<\/p>\n<\/blockquote>\n\n\n\n<p><strong>Como ve a proposta dun referendo acordado ao estilo do modelo escoc\u00e9s? Segue sendo viable esa opci\u00f3n a medio prazo?<\/strong><\/p>\n\n\n\n<blockquote class=\"wp-block-quote is-layout-flow wp-block-quote-is-layout-flow\">\n<p>Deber\u00eda selo, pero non o vai ser porque en Espa\u00f1a \u00e9 unha quimera, \u00e9 unha ilusi\u00f3n \u00f3ptica total.<\/p>\n<\/blockquote>\n\n\n\n<p><strong>Vostede participou no impulso do proc\u00e9s desde estruturas moi institucionais. Cre que hai espazo para recuperar o esp\u00edrito popular e desobediente das mobilizaci\u00f3ns de 2012-2014?<\/strong><\/p>\n\n\n\n<blockquote class=\"wp-block-quote is-layout-flow wp-block-quote-is-layout-flow\">\n<p>Eu creo que agora non, pero o xerme est\u00e1 a\u00ed, o xerme est\u00e1 a\u00ed pero hai demasiada xente decepcionada e encabuxada, as\u00ed de claro. Pero o xerme est\u00e1 a\u00ed e iso \u00e9 o que non se deber\u00eda esquecer a ning\u00fan nivel, porque Catalu\u00f1a ciclicamente entra nunha fase, non digo de revoluci\u00f3n porque as cousas son moi pac\u00edficas e tranquilas, pero si de xenio. Isto quere dicir que \u00e9 un pa\u00eds vivo e \u00e9 unha sociedade viva que sente o propio.<\/p>\n<\/blockquote>\n\n\n\n<p><strong>Desde Galiza, moitas e moitos vivimos o proc\u00e9s con esperanza e admiraci\u00f3n, como un espello no que mirar a nosa propia loita pola soberan\u00eda. Que aprendizaxes cre que pode compartir o pobo catal\u00e1n co galego neste momento de reorganizaci\u00f3n dos movementos independentistas?<\/strong><\/p>\n\n\n\n<blockquote class=\"wp-block-quote is-layout-flow wp-block-quote-is-layout-flow\">\n<p>Pois mire para min hai tres aprendizaxes fundamentais. O primeiro que hai que saber, e n\u00f3s experiment\u00e1molo en carne propia, \u00e9 que 50 anos despois de morto Franco, Espa\u00f1a non cambiou tanto para ben, e que o estado espa\u00f1ol segue sendo o que demostrou ser nestes \u00faltimos anos. Diante, insisto, dun movemento pac\u00edfico e democr\u00e1tico onde non hab\u00eda pistolas, nin hab\u00eda bombas.<\/p>\n<\/blockquote>\n\n\n\n<blockquote class=\"wp-block-quote is-layout-flow wp-block-quote-is-layout-flow\">\n<p>En segundo lugar, hai que ter en conta \u00e1 Uni\u00f3n Europea que \u00e9 fundamentalmente unha agrupaci\u00f3n de estados que se axudan entre eles. Temos o reto colectivo de que cada vez sexa menos isto e cada vez sexa m\u00e1is un ben democr\u00e1tico por riba da estrutura tradicional de Estados, e iso tam\u00e9n o vimos nestes \u00faltimos anos. Polo tanto aqueloutra ilusi\u00f3n \u00f3ptica de pensar que, a\u00ednda que en Espa\u00f1a non nos entendan, xa nos vir\u00e1 a axudar Europa, non. Iso non \u00e9 certo actualmente.<\/p>\n<\/blockquote>\n\n\n\n<blockquote class=\"wp-block-quote is-layout-flow wp-block-quote-is-layout-flow\">\n<p>O terceiro elemento \u00e9 de orde interna, e \u00e9 que cando ti vas expo\u00f1erte a un enorme reto de pa\u00eds como \u00e9 a soberan\u00eda, tes que ir ben equipado, tes que estar moi unido, pero de verdade non de boca para f\u00f3ra, e tes que sacrificar temporalmente a t\u00faa ideolox\u00eda en beneficio do reto com\u00fan.<\/p>\n<\/blockquote>\n\n\n\n<blockquote class=\"wp-block-quote is-layout-flow wp-block-quote-is-layout-flow\">\n<p>Polo tanto para min as tres lecci\u00f3ns son esas: a reacci\u00f3n do estado espa\u00f1ol diante dun reto como o que Catalu\u00f1a puxo enriba da mesa, segundo, que significa a Uni\u00f3n Europea, e terceiro, cales son as equipaxes internas que tes para percorrer o cami\u00f1o. Se esas equipaxes non as tes, non inicies o cami\u00f1o, esa ser\u00eda a mi\u00f1a recomendaci\u00f3n, pero se os tes podes facelo.<\/p>\n<\/blockquote>\n\n\n\n<p><strong>Xa para rematar, que consello lle dar\u00eda \u00e1s novas xeraci\u00f3ns de pol\u00edticos e pol\u00edticas que comezan a s\u00faa traxectoria dentro do soberanismo?<\/strong><\/p>\n\n\n\n<blockquote class=\"wp-block-quote is-layout-flow wp-block-quote-is-layout-flow\">\n<p>O primeiro \u00e9 que tes que crer moito no que est\u00e1s a facer, porque sen\u00f3n corres o risco de naufragar. A mi\u00f1a primeira reflexi\u00f3n \u00e9 esta, non te metas nunha operaci\u00f3n de gran envergadura pol\u00edtica se non est\u00e1s seguro do que est\u00e1s a facer e a defender.<\/p>\n<\/blockquote>\n\n\n\n<blockquote class=\"wp-block-quote is-layout-flow wp-block-quote-is-layout-flow\">\n<p>A segunda reflexi\u00f3n, para un mozo sobre todo, \u00e9 e esa apl\u00edcoma a min mesmo, se queres na vida dedicarte \u00e1 pol\u00edtica e non o fas, vas arrepentirte m\u00e1is de non facelo que de facelo. A\u00ednda que non che saia ben ao 100%, pero \u00e9 peor o sentimento co paso do tempo de \u201ceu isto xa non o poderei facer\u201d. Esa \u00e9 unha carga moi forte sobre ti mesmo, o pensar \u201cxa non te\u00f1o tempo de facer iso\u201d. Que non cheguen nunca a esta conclusi\u00f3n a\u00ednda que non che saia de todo ben faino.<\/p>\n<\/blockquote>\n\n\n\n<p><strong>Grazas president.<\/strong><\/p>\n","protected":false},"excerpt":{"rendered":"<div class=\"mh-excerpt\"><p>O pasado 25 de abril, Mar\u00edn acolleu unha visita pol\u00edtica de relevancia estatal e, ao tempo, de fonda carga simb\u00f3lica. Artur Mas i Gavarr\u00f3, ex presidente da Generalitat de Catalunya, participou nunha conferencia organizada por Grupo Aberto sobre a cuesti\u00f3n da plurinacionalidade no estado espa\u00f1ol <a class=\"mh-excerpt-more\" href=\"https:\/\/www.anovapeneira.gal\/index.php\/2025\/05\/07\/a-reaccion-do-estado-espanol-non-foi-a-reaccion-propia-dun-estado-plenamente-democratico\/\" title=\"\u201cA reacci\u00f3n do estado espa\u00f1ol, non foi a reacci\u00f3n propia dun estado plenamente democr\u00e1tico\u201d\">[&#8230;]<\/a><\/p>\n<\/div>","protected":false},"author":23,"featured_media":13853,"comment_status":"open","ping_status":"open","sticky":false,"template":"","format":"standard","meta":{"_exactmetrics_skip_tracking":false,"_exactmetrics_sitenote_active":false,"_exactmetrics_sitenote_note":"","_exactmetrics_sitenote_category":0,"footnotes":""},"categories":[264],"tags":[144],"class_list":{"0":"post-13852","1":"post","2":"type-post","3":"status-publish","4":"format-standard","5":"has-post-thumbnail","7":"category-entrevistas-galicia","8":"tag-concello-de-marin"},"yoast_head":"<!-- This site is optimized with the Yoast SEO plugin v27.4 - https:\/\/yoast.com\/product\/yoast-seo-wordpress\/ -->\n<title>\u201cA reacci\u00f3n do estado espa\u00f1ol, non foi a reacci\u00f3n propia dun estado plenamente democr\u00e1tico\u201d -<\/title>\n<meta name=\"robots\" content=\"index, follow, max-snippet:-1, max-image-preview:large, max-video-preview:-1\" \/>\n<link rel=\"canonical\" href=\"https:\/\/www.anovapeneira.gal\/index.php\/2025\/05\/07\/a-reaccion-do-estado-espanol-non-foi-a-reaccion-propia-dun-estado-plenamente-democratico\/\" \/>\n<meta property=\"og:locale\" content=\"gl_ES\" \/>\n<meta property=\"og:type\" content=\"article\" \/>\n<meta property=\"og:title\" content=\"\u201cA reacci\u00f3n do estado espa\u00f1ol, non foi a reacci\u00f3n propia dun estado plenamente democr\u00e1tico\u201d -\" \/>\n<meta property=\"og:description\" content=\"O pasado 25 de abril, Mar\u00edn acolleu unha visita pol\u00edtica de relevancia estatal e, ao tempo, de fonda carga simb\u00f3lica. Artur Mas i Gavarr\u00f3, ex presidente da Generalitat de Catalunya, participou nunha conferencia organizada por Grupo Aberto sobre a cuesti\u00f3n da plurinacionalidade no estado espa\u00f1ol [...]\" \/>\n<meta property=\"og:url\" content=\"https:\/\/www.anovapeneira.gal\/index.php\/2025\/05\/07\/a-reaccion-do-estado-espanol-non-foi-a-reaccion-propia-dun-estado-plenamente-democratico\/\" \/>\n<meta property=\"article:publisher\" content=\"https:\/\/www.facebook.com\/anovapeneira\" \/>\n<meta property=\"article:published_time\" content=\"2025-05-07T08:00:03+00:00\" \/>\n<meta property=\"og:image\" content=\"https:\/\/www.anovapeneira.gal\/wp-content\/uploads\/2025\/05\/Artur_Mas_Portada.jpg\" \/>\n\t<meta property=\"og:image:width\" content=\"720\" \/>\n\t<meta property=\"og:image:height\" content=\"432\" \/>\n\t<meta property=\"og:image:type\" content=\"image\/jpeg\" \/>\n<meta name=\"author\" content=\"Aar\u00f3n Franco\" \/>\n<meta name=\"twitter:card\" content=\"summary_large_image\" \/>\n<meta name=\"twitter:creator\" content=\"@APeneira\" \/>\n<meta name=\"twitter:site\" content=\"@APeneira\" \/>\n<meta name=\"twitter:label1\" content=\"Escrito por\" \/>\n\t<meta name=\"twitter:data1\" content=\"Aar\u00f3n Franco\" \/>\n\t<meta name=\"twitter:label2\" content=\"Tempo de lectura\" \/>\n\t<meta name=\"twitter:data2\" content=\"7 minutos\" \/>\n<script type=\"application\/ld+json\" class=\"yoast-schema-graph\">{\"@context\":\"https:\\\/\\\/schema.org\",\"@graph\":[{\"@type\":\"Article\",\"@id\":\"https:\\\/\\\/www.anovapeneira.gal\\\/index.php\\\/2025\\\/05\\\/07\\\/a-reaccion-do-estado-espanol-non-foi-a-reaccion-propia-dun-estado-plenamente-democratico\\\/#article\",\"isPartOf\":{\"@id\":\"https:\\\/\\\/www.anovapeneira.gal\\\/index.php\\\/2025\\\/05\\\/07\\\/a-reaccion-do-estado-espanol-non-foi-a-reaccion-propia-dun-estado-plenamente-democratico\\\/\"},\"author\":{\"name\":\"Aar\u00f3n Franco\",\"@id\":\"https:\\\/\\\/www.anovapeneira.gal\\\/#\\\/schema\\\/person\\\/a907e49c1885c12d6f281770afd68766\"},\"headline\":\"\u201cA reacci\u00f3n do estado espa\u00f1ol, non foi a reacci\u00f3n propia dun estado plenamente democr\u00e1tico\u201d\",\"datePublished\":\"2025-05-07T08:00:03+00:00\",\"mainEntityOfPage\":{\"@id\":\"https:\\\/\\\/www.anovapeneira.gal\\\/index.php\\\/2025\\\/05\\\/07\\\/a-reaccion-do-estado-espanol-non-foi-a-reaccion-propia-dun-estado-plenamente-democratico\\\/\"},\"wordCount\":4145,\"commentCount\":0,\"publisher\":{\"@id\":\"https:\\\/\\\/www.anovapeneira.gal\\\/#organization\"},\"image\":{\"@id\":\"https:\\\/\\\/www.anovapeneira.gal\\\/index.php\\\/2025\\\/05\\\/07\\\/a-reaccion-do-estado-espanol-non-foi-a-reaccion-propia-dun-estado-plenamente-democratico\\\/#primaryimage\"},\"thumbnailUrl\":\"https:\\\/\\\/www.anovapeneira.gal\\\/wp-content\\\/uploads\\\/2025\\\/05\\\/Artur_Mas_Portada.jpg\",\"keywords\":[\"Concello de Mar\u00edn\"],\"articleSection\":[\"Entrevistas\"],\"inLanguage\":\"gl-ES\",\"potentialAction\":[{\"@type\":\"CommentAction\",\"name\":\"Comment\",\"target\":[\"https:\\\/\\\/www.anovapeneira.gal\\\/index.php\\\/2025\\\/05\\\/07\\\/a-reaccion-do-estado-espanol-non-foi-a-reaccion-propia-dun-estado-plenamente-democratico\\\/#respond\"]}]},{\"@type\":\"WebPage\",\"@id\":\"https:\\\/\\\/www.anovapeneira.gal\\\/index.php\\\/2025\\\/05\\\/07\\\/a-reaccion-do-estado-espanol-non-foi-a-reaccion-propia-dun-estado-plenamente-democratico\\\/\",\"url\":\"https:\\\/\\\/www.anovapeneira.gal\\\/index.php\\\/2025\\\/05\\\/07\\\/a-reaccion-do-estado-espanol-non-foi-a-reaccion-propia-dun-estado-plenamente-democratico\\\/\",\"name\":\"\u201cA reacci\u00f3n do estado espa\u00f1ol, non foi a reacci\u00f3n propia dun estado plenamente democr\u00e1tico\u201d -\",\"isPartOf\":{\"@id\":\"https:\\\/\\\/www.anovapeneira.gal\\\/#website\"},\"primaryImageOfPage\":{\"@id\":\"https:\\\/\\\/www.anovapeneira.gal\\\/index.php\\\/2025\\\/05\\\/07\\\/a-reaccion-do-estado-espanol-non-foi-a-reaccion-propia-dun-estado-plenamente-democratico\\\/#primaryimage\"},\"image\":{\"@id\":\"https:\\\/\\\/www.anovapeneira.gal\\\/index.php\\\/2025\\\/05\\\/07\\\/a-reaccion-do-estado-espanol-non-foi-a-reaccion-propia-dun-estado-plenamente-democratico\\\/#primaryimage\"},\"thumbnailUrl\":\"https:\\\/\\\/www.anovapeneira.gal\\\/wp-content\\\/uploads\\\/2025\\\/05\\\/Artur_Mas_Portada.jpg\",\"datePublished\":\"2025-05-07T08:00:03+00:00\",\"breadcrumb\":{\"@id\":\"https:\\\/\\\/www.anovapeneira.gal\\\/index.php\\\/2025\\\/05\\\/07\\\/a-reaccion-do-estado-espanol-non-foi-a-reaccion-propia-dun-estado-plenamente-democratico\\\/#breadcrumb\"},\"inLanguage\":\"gl-ES\",\"potentialAction\":[{\"@type\":\"ReadAction\",\"target\":[\"https:\\\/\\\/www.anovapeneira.gal\\\/index.php\\\/2025\\\/05\\\/07\\\/a-reaccion-do-estado-espanol-non-foi-a-reaccion-propia-dun-estado-plenamente-democratico\\\/\"]}]},{\"@type\":\"ImageObject\",\"inLanguage\":\"gl-ES\",\"@id\":\"https:\\\/\\\/www.anovapeneira.gal\\\/index.php\\\/2025\\\/05\\\/07\\\/a-reaccion-do-estado-espanol-non-foi-a-reaccion-propia-dun-estado-plenamente-democratico\\\/#primaryimage\",\"url\":\"https:\\\/\\\/www.anovapeneira.gal\\\/wp-content\\\/uploads\\\/2025\\\/05\\\/Artur_Mas_Portada.jpg\",\"contentUrl\":\"https:\\\/\\\/www.anovapeneira.gal\\\/wp-content\\\/uploads\\\/2025\\\/05\\\/Artur_Mas_Portada.jpg\",\"width\":720,\"height\":432},{\"@type\":\"BreadcrumbList\",\"@id\":\"https:\\\/\\\/www.anovapeneira.gal\\\/index.php\\\/2025\\\/05\\\/07\\\/a-reaccion-do-estado-espanol-non-foi-a-reaccion-propia-dun-estado-plenamente-democratico\\\/#breadcrumb\",\"itemListElement\":[{\"@type\":\"ListItem\",\"position\":1,\"name\":\"Portada\",\"item\":\"https:\\\/\\\/www.anovapeneira.gal\\\/\"},{\"@type\":\"ListItem\",\"position\":2,\"name\":\"\u201cA reacci\u00f3n do estado espa\u00f1ol, non foi a reacci\u00f3n propia dun estado plenamente democr\u00e1tico\u201d\"}]},{\"@type\":\"WebSite\",\"@id\":\"https:\\\/\\\/www.anovapeneira.gal\\\/#website\",\"url\":\"https:\\\/\\\/www.anovapeneira.gal\\\/\",\"name\":\"\",\"description\":\"Xornal galego de informaci\u00f3n xeral Publicaci\u00f3n mensual de novas de Galicia e en especial dos Concellos da sur da provincia de Pontevedra.\",\"publisher\":{\"@id\":\"https:\\\/\\\/www.anovapeneira.gal\\\/#organization\"},\"potentialAction\":[{\"@type\":\"SearchAction\",\"target\":{\"@type\":\"EntryPoint\",\"urlTemplate\":\"https:\\\/\\\/www.anovapeneira.gal\\\/?s={search_term_string}\"},\"query-input\":{\"@type\":\"PropertyValueSpecification\",\"valueRequired\":true,\"valueName\":\"search_term_string\"}}],\"inLanguage\":\"gl-ES\"},{\"@type\":\"Organization\",\"@id\":\"https:\\\/\\\/www.anovapeneira.gal\\\/#organization\",\"name\":\"A Nova Peneira\",\"url\":\"https:\\\/\\\/www.anovapeneira.gal\\\/\",\"logo\":{\"@type\":\"ImageObject\",\"inLanguage\":\"gl-ES\",\"@id\":\"https:\\\/\\\/www.anovapeneira.gal\\\/#\\\/schema\\\/logo\\\/image\\\/\",\"url\":\"http:\\\/\\\/www.anovapeneira.gal\\\/wp-content\\\/uploads\\\/2019\\\/06\\\/logo_a_nova_peneira_portal_web.png\",\"contentUrl\":\"http:\\\/\\\/www.anovapeneira.gal\\\/wp-content\\\/uploads\\\/2019\\\/06\\\/logo_a_nova_peneira_portal_web.png\",\"width\":300,\"height\":100,\"caption\":\"A Nova Peneira\"},\"image\":{\"@id\":\"https:\\\/\\\/www.anovapeneira.gal\\\/#\\\/schema\\\/logo\\\/image\\\/\"},\"sameAs\":[\"https:\\\/\\\/www.facebook.com\\\/anovapeneira\",\"https:\\\/\\\/x.com\\\/APeneira\"]},{\"@type\":\"Person\",\"@id\":\"https:\\\/\\\/www.anovapeneira.gal\\\/#\\\/schema\\\/person\\\/a907e49c1885c12d6f281770afd68766\",\"name\":\"Aar\u00f3n Franco\",\"image\":{\"@type\":\"ImageObject\",\"inLanguage\":\"gl-ES\",\"@id\":\"https:\\\/\\\/secure.gravatar.com\\\/avatar\\\/82f0614fe09ae3f066983f8d670d0ff15a0917fefe52b93ffa425275b87d6102?s=96&d=mm&r=g\",\"url\":\"https:\\\/\\\/secure.gravatar.com\\\/avatar\\\/82f0614fe09ae3f066983f8d670d0ff15a0917fefe52b93ffa425275b87d6102?s=96&d=mm&r=g\",\"contentUrl\":\"https:\\\/\\\/secure.gravatar.com\\\/avatar\\\/82f0614fe09ae3f066983f8d670d0ff15a0917fefe52b93ffa425275b87d6102?s=96&d=mm&r=g\",\"caption\":\"Aar\u00f3n Franco\"},\"sameAs\":[\"http:\\\/\\\/www.anovapeneira.gal\\\/\"],\"url\":\"https:\\\/\\\/www.anovapeneira.gal\\\/index.php\\\/author\\\/aaron-franco\\\/\"}]}<\/script>\n<!-- \/ Yoast SEO plugin. -->","yoast_head_json":{"title":"\u201cA reacci\u00f3n do estado espa\u00f1ol, non foi a reacci\u00f3n propia dun estado plenamente democr\u00e1tico\u201d -","robots":{"index":"index","follow":"follow","max-snippet":"max-snippet:-1","max-image-preview":"max-image-preview:large","max-video-preview":"max-video-preview:-1"},"canonical":"https:\/\/www.anovapeneira.gal\/index.php\/2025\/05\/07\/a-reaccion-do-estado-espanol-non-foi-a-reaccion-propia-dun-estado-plenamente-democratico\/","og_locale":"gl_ES","og_type":"article","og_title":"\u201cA reacci\u00f3n do estado espa\u00f1ol, non foi a reacci\u00f3n propia dun estado plenamente democr\u00e1tico\u201d -","og_description":"O pasado 25 de abril, Mar\u00edn acolleu unha visita pol\u00edtica de relevancia estatal e, ao tempo, de fonda carga simb\u00f3lica. Artur Mas i Gavarr\u00f3, ex presidente da Generalitat de Catalunya, participou nunha conferencia organizada por Grupo Aberto sobre a cuesti\u00f3n da plurinacionalidade no estado espa\u00f1ol [...]","og_url":"https:\/\/www.anovapeneira.gal\/index.php\/2025\/05\/07\/a-reaccion-do-estado-espanol-non-foi-a-reaccion-propia-dun-estado-plenamente-democratico\/","article_publisher":"https:\/\/www.facebook.com\/anovapeneira","article_published_time":"2025-05-07T08:00:03+00:00","og_image":[{"width":720,"height":432,"url":"https:\/\/www.anovapeneira.gal\/wp-content\/uploads\/2025\/05\/Artur_Mas_Portada.jpg","type":"image\/jpeg"}],"author":"Aar\u00f3n Franco","twitter_card":"summary_large_image","twitter_creator":"@APeneira","twitter_site":"@APeneira","twitter_misc":{"Escrito por":"Aar\u00f3n Franco","Tempo de lectura":"7 minutos"},"schema":{"@context":"https:\/\/schema.org","@graph":[{"@type":"Article","@id":"https:\/\/www.anovapeneira.gal\/index.php\/2025\/05\/07\/a-reaccion-do-estado-espanol-non-foi-a-reaccion-propia-dun-estado-plenamente-democratico\/#article","isPartOf":{"@id":"https:\/\/www.anovapeneira.gal\/index.php\/2025\/05\/07\/a-reaccion-do-estado-espanol-non-foi-a-reaccion-propia-dun-estado-plenamente-democratico\/"},"author":{"name":"Aar\u00f3n Franco","@id":"https:\/\/www.anovapeneira.gal\/#\/schema\/person\/a907e49c1885c12d6f281770afd68766"},"headline":"\u201cA reacci\u00f3n do estado espa\u00f1ol, non foi a reacci\u00f3n propia dun estado plenamente democr\u00e1tico\u201d","datePublished":"2025-05-07T08:00:03+00:00","mainEntityOfPage":{"@id":"https:\/\/www.anovapeneira.gal\/index.php\/2025\/05\/07\/a-reaccion-do-estado-espanol-non-foi-a-reaccion-propia-dun-estado-plenamente-democratico\/"},"wordCount":4145,"commentCount":0,"publisher":{"@id":"https:\/\/www.anovapeneira.gal\/#organization"},"image":{"@id":"https:\/\/www.anovapeneira.gal\/index.php\/2025\/05\/07\/a-reaccion-do-estado-espanol-non-foi-a-reaccion-propia-dun-estado-plenamente-democratico\/#primaryimage"},"thumbnailUrl":"https:\/\/www.anovapeneira.gal\/wp-content\/uploads\/2025\/05\/Artur_Mas_Portada.jpg","keywords":["Concello de Mar\u00edn"],"articleSection":["Entrevistas"],"inLanguage":"gl-ES","potentialAction":[{"@type":"CommentAction","name":"Comment","target":["https:\/\/www.anovapeneira.gal\/index.php\/2025\/05\/07\/a-reaccion-do-estado-espanol-non-foi-a-reaccion-propia-dun-estado-plenamente-democratico\/#respond"]}]},{"@type":"WebPage","@id":"https:\/\/www.anovapeneira.gal\/index.php\/2025\/05\/07\/a-reaccion-do-estado-espanol-non-foi-a-reaccion-propia-dun-estado-plenamente-democratico\/","url":"https:\/\/www.anovapeneira.gal\/index.php\/2025\/05\/07\/a-reaccion-do-estado-espanol-non-foi-a-reaccion-propia-dun-estado-plenamente-democratico\/","name":"\u201cA reacci\u00f3n do estado espa\u00f1ol, non foi a reacci\u00f3n propia dun estado plenamente democr\u00e1tico\u201d -","isPartOf":{"@id":"https:\/\/www.anovapeneira.gal\/#website"},"primaryImageOfPage":{"@id":"https:\/\/www.anovapeneira.gal\/index.php\/2025\/05\/07\/a-reaccion-do-estado-espanol-non-foi-a-reaccion-propia-dun-estado-plenamente-democratico\/#primaryimage"},"image":{"@id":"https:\/\/www.anovapeneira.gal\/index.php\/2025\/05\/07\/a-reaccion-do-estado-espanol-non-foi-a-reaccion-propia-dun-estado-plenamente-democratico\/#primaryimage"},"thumbnailUrl":"https:\/\/www.anovapeneira.gal\/wp-content\/uploads\/2025\/05\/Artur_Mas_Portada.jpg","datePublished":"2025-05-07T08:00:03+00:00","breadcrumb":{"@id":"https:\/\/www.anovapeneira.gal\/index.php\/2025\/05\/07\/a-reaccion-do-estado-espanol-non-foi-a-reaccion-propia-dun-estado-plenamente-democratico\/#breadcrumb"},"inLanguage":"gl-ES","potentialAction":[{"@type":"ReadAction","target":["https:\/\/www.anovapeneira.gal\/index.php\/2025\/05\/07\/a-reaccion-do-estado-espanol-non-foi-a-reaccion-propia-dun-estado-plenamente-democratico\/"]}]},{"@type":"ImageObject","inLanguage":"gl-ES","@id":"https:\/\/www.anovapeneira.gal\/index.php\/2025\/05\/07\/a-reaccion-do-estado-espanol-non-foi-a-reaccion-propia-dun-estado-plenamente-democratico\/#primaryimage","url":"https:\/\/www.anovapeneira.gal\/wp-content\/uploads\/2025\/05\/Artur_Mas_Portada.jpg","contentUrl":"https:\/\/www.anovapeneira.gal\/wp-content\/uploads\/2025\/05\/Artur_Mas_Portada.jpg","width":720,"height":432},{"@type":"BreadcrumbList","@id":"https:\/\/www.anovapeneira.gal\/index.php\/2025\/05\/07\/a-reaccion-do-estado-espanol-non-foi-a-reaccion-propia-dun-estado-plenamente-democratico\/#breadcrumb","itemListElement":[{"@type":"ListItem","position":1,"name":"Portada","item":"https:\/\/www.anovapeneira.gal\/"},{"@type":"ListItem","position":2,"name":"\u201cA reacci\u00f3n do estado espa\u00f1ol, non foi a reacci\u00f3n propia dun estado plenamente democr\u00e1tico\u201d"}]},{"@type":"WebSite","@id":"https:\/\/www.anovapeneira.gal\/#website","url":"https:\/\/www.anovapeneira.gal\/","name":"","description":"Xornal galego de informaci\u00f3n xeral Publicaci\u00f3n mensual de novas de Galicia e en especial dos Concellos da sur da provincia de Pontevedra.","publisher":{"@id":"https:\/\/www.anovapeneira.gal\/#organization"},"potentialAction":[{"@type":"SearchAction","target":{"@type":"EntryPoint","urlTemplate":"https:\/\/www.anovapeneira.gal\/?s={search_term_string}"},"query-input":{"@type":"PropertyValueSpecification","valueRequired":true,"valueName":"search_term_string"}}],"inLanguage":"gl-ES"},{"@type":"Organization","@id":"https:\/\/www.anovapeneira.gal\/#organization","name":"A Nova Peneira","url":"https:\/\/www.anovapeneira.gal\/","logo":{"@type":"ImageObject","inLanguage":"gl-ES","@id":"https:\/\/www.anovapeneira.gal\/#\/schema\/logo\/image\/","url":"http:\/\/www.anovapeneira.gal\/wp-content\/uploads\/2019\/06\/logo_a_nova_peneira_portal_web.png","contentUrl":"http:\/\/www.anovapeneira.gal\/wp-content\/uploads\/2019\/06\/logo_a_nova_peneira_portal_web.png","width":300,"height":100,"caption":"A Nova Peneira"},"image":{"@id":"https:\/\/www.anovapeneira.gal\/#\/schema\/logo\/image\/"},"sameAs":["https:\/\/www.facebook.com\/anovapeneira","https:\/\/x.com\/APeneira"]},{"@type":"Person","@id":"https:\/\/www.anovapeneira.gal\/#\/schema\/person\/a907e49c1885c12d6f281770afd68766","name":"Aar\u00f3n Franco","image":{"@type":"ImageObject","inLanguage":"gl-ES","@id":"https:\/\/secure.gravatar.com\/avatar\/82f0614fe09ae3f066983f8d670d0ff15a0917fefe52b93ffa425275b87d6102?s=96&d=mm&r=g","url":"https:\/\/secure.gravatar.com\/avatar\/82f0614fe09ae3f066983f8d670d0ff15a0917fefe52b93ffa425275b87d6102?s=96&d=mm&r=g","contentUrl":"https:\/\/secure.gravatar.com\/avatar\/82f0614fe09ae3f066983f8d670d0ff15a0917fefe52b93ffa425275b87d6102?s=96&d=mm&r=g","caption":"Aar\u00f3n Franco"},"sameAs":["http:\/\/www.anovapeneira.gal\/"],"url":"https:\/\/www.anovapeneira.gal\/index.php\/author\/aaron-franco\/"}]}},"jetpack_featured_media_url":"https:\/\/www.anovapeneira.gal\/wp-content\/uploads\/2025\/05\/Artur_Mas_Portada.jpg","_links":{"self":[{"href":"https:\/\/www.anovapeneira.gal\/index.php\/wp-json\/wp\/v2\/posts\/13852","targetHints":{"allow":["GET"]}}],"collection":[{"href":"https:\/\/www.anovapeneira.gal\/index.php\/wp-json\/wp\/v2\/posts"}],"about":[{"href":"https:\/\/www.anovapeneira.gal\/index.php\/wp-json\/wp\/v2\/types\/post"}],"author":[{"embeddable":true,"href":"https:\/\/www.anovapeneira.gal\/index.php\/wp-json\/wp\/v2\/users\/23"}],"replies":[{"embeddable":true,"href":"https:\/\/www.anovapeneira.gal\/index.php\/wp-json\/wp\/v2\/comments?post=13852"}],"version-history":[{"count":2,"href":"https:\/\/www.anovapeneira.gal\/index.php\/wp-json\/wp\/v2\/posts\/13852\/revisions"}],"predecessor-version":[{"id":13856,"href":"https:\/\/www.anovapeneira.gal\/index.php\/wp-json\/wp\/v2\/posts\/13852\/revisions\/13856"}],"wp:featuredmedia":[{"embeddable":true,"href":"https:\/\/www.anovapeneira.gal\/index.php\/wp-json\/wp\/v2\/media\/13853"}],"wp:attachment":[{"href":"https:\/\/www.anovapeneira.gal\/index.php\/wp-json\/wp\/v2\/media?parent=13852"}],"wp:term":[{"taxonomy":"category","embeddable":true,"href":"https:\/\/www.anovapeneira.gal\/index.php\/wp-json\/wp\/v2\/categories?post=13852"},{"taxonomy":"post_tag","embeddable":true,"href":"https:\/\/www.anovapeneira.gal\/index.php\/wp-json\/wp\/v2\/tags?post=13852"}],"curies":[{"name":"wp","href":"https:\/\/api.w.org\/{rel}","templated":true}]}}