{"id":13857,"date":"2025-05-07T12:00:11","date_gmt":"2025-05-07T10:00:11","guid":{"rendered":"https:\/\/www.anovapeneira.gal\/?p=13857"},"modified":"2025-05-07T13:27:54","modified_gmt":"2025-05-07T11:27:54","slug":"lino-costas-coordinador-nacional-de-esquerda-unida","status":"publish","type":"post","link":"https:\/\/www.anovapeneira.gal\/index.php\/2025\/05\/07\/lino-costas-coordinador-nacional-de-esquerda-unida\/","title":{"rendered":"Lino Costas coordinador nacional de Esquerda Unida"},"content":{"rendered":"\n<p><strong>O pasado 12 de abril Esquerda Unida celebrou a s\u00faa asemblea nacional na que renovaron os seus \u00f3rganos de direcci\u00f3n. Para suceder \u00e1 viguesa Eva Solla compet\u00edan d\u00faas candidaturas. A ga\u00f1adora co 58% dos votos estaba encabezada por Lino Costas, ex concelleiro de Esquerda Unida en Ponteareas e un hist\u00f3rico traballador do sector do metal. N\u00f3s acheg\u00e1monos a Ponteareas para co\u00f1ecer ao que ser\u00e1 o vindeiro l\u00edder desta organizaci\u00f3n pol\u00edtica en Galicia.<\/strong><\/p>\n\n\n\n<h2 class=\"wp-block-heading\">\u201c <strong>Cando a mi\u00f1a etapa como coordinador nacional remate, estarei satisfeito se conseguimos deixar unha Esquerda Unida m\u00e1is forte, con m\u00e1is base social e con maior penetraci\u00f3n no tecido asociativo galego.\u201d<\/strong><\/h2>\n\n\n\n<p><strong>Queremos co\u00f1ecerte mellor. De onde es ti e a que te dedicas?.<\/strong><\/p>\n\n\n\n<blockquote class=\"wp-block-quote is-layout-flow wp-block-quote-is-layout-flow\">\n<p>Eu nac\u00edn en Matam\u00e1, crieime en Camos, e levo m\u00e1is de 20 anos vivindo en Ponteareas.<\/p>\n<\/blockquote>\n\n\n\n<p><strong>Por que chegaches a Ponteareas?<\/strong><\/p>\n\n\n\n<blockquote class=\"wp-block-quote is-layout-flow wp-block-quote-is-layout-flow\">\n<p>Porque naquel momento nesta vila se pod\u00eda acceder a unha vivenda a un prezo m\u00e1is ou menos accesible. Son caldereiro e traballo no sector do metal nunha empresa de Tui.<\/p>\n<\/blockquote>\n\n\n\n<p><strong>Como e cando comezou a t\u00faa relaci\u00f3n coa pol\u00edtica?<\/strong><\/p>\n\n\n\n<blockquote class=\"wp-block-quote is-layout-flow wp-block-quote-is-layout-flow\">\n<p>Foi a principios deste s\u00e9culo. Cando aconteceu a 2\u00ba guerra de Iraq. Naquel momento sent\u00edn a necesidade de participar en pol\u00edtica. Fun ao local de Esquerda Unida en Vigo e afilieime.<\/p>\n<\/blockquote>\n\n\n\n<p><strong>Por que motivo en Esquerda Unida?<\/strong><\/p>\n\n\n\n<blockquote class=\"wp-block-quote is-layout-flow wp-block-quote-is-layout-flow\">\n<p>\u00c9 a organizaci\u00f3n que m\u00e1is se parece \u00e1 mi\u00f1a forma de entender a realidade. Sempre tiven moi clara a conciencia de clase, e considero a Izquierda Unida como o instrumento m\u00e1is adecuado para a defensa dos intereses da clase traballadora.<\/p>\n<\/blockquote>\n\n\n\n<p><strong>A t\u00faa militancia foi ininterrompida todos estes anos?<\/strong><\/p>\n\n\n\n<blockquote class=\"wp-block-quote is-layout-flow wp-block-quote-is-layout-flow\">\n<p>Si.<\/p>\n<\/blockquote>\n\n\n\n<p><strong>Custou moito convencerte para encabezar a candidatura que resultou ga\u00f1adora na vosa asemblea nacional?<\/strong><\/p>\n\n\n\n<blockquote class=\"wp-block-quote is-layout-flow wp-block-quote-is-layout-flow\">\n<p>Un pouco si que me custou. Implica moita responsabilidade e a verdade decidirme si que foi resultado dun intenso proceso de reflexi\u00f3n.<\/p>\n<\/blockquote>\n\n\n\n<p><strong>A candidatura derrotada quitou unha considerable porcentaxe de apoios, un 42%.Existe risco de que do congreso do 12 de abril saia unha esquerda Unida fracturada?<\/strong><\/p>\n\n\n\n<blockquote class=\"wp-block-quote is-layout-flow wp-block-quote-is-layout-flow\">\n<p>Non deber\u00eda. De feito estou traballando con absoluta vontade integradora para que a coordinadora que sa\u00edu do congreso, formada por 12 persoas da nosa candidatura, e 8 da candidatura que encabezaba a compa\u00f1eira Alba,resulte un \u00f3rgano pol\u00edtico no que exista absoluta comodidade e que todos rememos na mesma direcci\u00f3n: fortalecer a Esquerda Unida.<\/p>\n<\/blockquote>\n\n\n\n<blockquote class=\"wp-block-quote is-layout-flow wp-block-quote-is-layout-flow\">\n<p>Todos os afiliados e todas as afiliadas debemos de sentirnos representados por igual. Esa \u00e9 a mi\u00f1a intenci\u00f3n e porei o mellor de min mesmo para que sexa as\u00ed.<\/p>\n<\/blockquote>\n\n\n\n<p><strong>E que percibes nas persoas que conformaron a outra candidatura?<\/strong><\/p>\n\n\n\n<blockquote class=\"wp-block-quote is-layout-flow wp-block-quote-is-layout-flow\">\n<p>Indicios moi positivos de que van polo mesmo cami\u00f1o de unidade. A confrontaci\u00f3n interna ser\u00eda mala para todos. Estou convencido de que as\u00ed o entendemos todos e que desta asemblea sair\u00e1 unha Esquerda Unida m\u00e1is s\u00f3lida e forte.<\/p>\n<\/blockquote>\n\n\n\n<p><strong>Cal \u00e9 a t\u00faa opini\u00f3n ao respecto de como se debera artellar, no estado, o espazo pol\u00edtico que est\u00e1 \u00e1 esquerda do PSOE?<\/strong><\/p>\n\n\n\n<blockquote class=\"wp-block-quote is-layout-flow wp-block-quote-is-layout-flow\">\n<p>Na mi\u00f1a opini\u00f3n nos anteriores procesos de confluencias houbo escaso respecto cara a nosa organizaci\u00f3n por parte doutras que acaban de chegar, que carecen de corpo militante e que son pouco m\u00e1is que organizaci\u00f3ns virtuais.<\/p>\n<\/blockquote>\n\n\n\n<blockquote class=\"wp-block-quote is-layout-flow wp-block-quote-is-layout-flow\">\n<p>N\u00f3s temos que fortalecer a nosa organizaci\u00f3n sobre os valores que nos caracterizaron ao longo da nosa historia. Acordos e confluencias si, pero con respecto cara a nosa organizaci\u00f3n. De feito iso foi o que aprobou Izquierda Unida a nivel federal.<\/p>\n<\/blockquote>\n\n\n\n<p><strong>Tendo en conta que Podemos xa anunciou que a s\u00faa candidata \u00e1 presidencia do goberno vai ser Irene Montero, ves posibilidades realistas de casar todo ese espazo co respecto que demandas para a vosa organizaci\u00f3n?<\/strong><\/p>\n\n\n\n<blockquote class=\"wp-block-quote is-layout-flow wp-block-quote-is-layout-flow\">\n<p>Eles poden dicir o que lles pareza oportuno. Pero os tempos dir\u00e1n o que acontece en realidade.<\/p>\n<\/blockquote>\n\n\n\n<p><strong>Cal \u00e9 a t\u00faa posici\u00f3n ao respecto da cuesti\u00f3n nacional no estado espa\u00f1ol?<\/strong><\/p>\n\n\n\n<blockquote class=\"wp-block-quote is-layout-flow wp-block-quote-is-layout-flow\">\n<p>A mesma que a de Esquerda Unida.<\/p>\n<\/blockquote>\n\n\n\n<p><strong>Reco\u00f1eces o car\u00e1cter plurinacional do estado ?<\/strong><\/p>\n\n\n\n<blockquote class=\"wp-block-quote is-layout-flow wp-block-quote-is-layout-flow\">\n<p>Indiscutiblemente si. Agora ben eu, como esquerda unida, considero o modelo federal do estado como o m\u00e1is adecuado.<\/p>\n<\/blockquote>\n\n\n\n<p><strong>Yolanda D\u00edaz \u00e9 un activo pol\u00edtico para o futuro, ou est\u00e1 amortizada?<\/strong><\/p>\n\n\n\n<blockquote class=\"wp-block-quote is-layout-flow wp-block-quote-is-layout-flow\">\n<p>Ela vai por libre. Non sei que quere nin que pensa. Xa che digo que se cre que pode manexar a nosa organizaci\u00f3n desde f\u00f3ra, non ten posibilidade algunha de \u00e9xito.<\/p>\n<\/blockquote>\n\n\n\n<p><strong>Segue sendo militante de Esquerda Unida?<\/strong><\/p>\n\n\n\n<blockquote class=\"wp-block-quote is-layout-flow wp-block-quote-is-layout-flow\">\n<p>Non.<\/p>\n<\/blockquote>\n\n\n\n<p><strong>Do PC?<\/strong><\/p>\n\n\n\n<blockquote class=\"wp-block-quote is-layout-flow wp-block-quote-is-layout-flow\">\n<p>Creo que si.<\/p>\n<\/blockquote>\n\n\n\n<p><strong>Cal \u00e9 a t\u00faa valoraci\u00f3n global da acci\u00f3n pol\u00edtica de Sumar no goberno do estado?<\/strong><\/p>\n\n\n\n<blockquote class=\"wp-block-quote is-layout-flow wp-block-quote-is-layout-flow\">\n<p>Hai algunha cuesti\u00f3n que \u00e9 positiva. A\u00ednda que non sexan medidas de grande calado si que melloran as condici\u00f3ns da clase traballadora.<\/p>\n<\/blockquote>\n\n\n\n<p><strong>Por exemplo?<\/strong><\/p>\n\n\n\n<blockquote class=\"wp-block-quote is-layout-flow wp-block-quote-is-layout-flow\">\n<p>A reforma laboral. Non foi a que agardabamos n\u00f3s pero si que mellora o anterior. Eu estou de acordo en que \u00e1s veces p\u00f3dese facer o que se pode facer, pero hai que seguir avanzando e non estancarse.<\/p>\n<\/blockquote>\n\n\n\n<p><strong>Como valoras o traballo pol\u00edtico do secretario de estado, e militante de Esquerda Unida, Ruben P\u00e9rez?<\/strong><\/p>\n\n\n\n<blockquote class=\"wp-block-quote is-layout-flow wp-block-quote-is-layout-flow\">\n<p>Non co\u00f1ezo o seu traballo en profundidade como para poder opinar con rigor.<\/p>\n<\/blockquote>\n\n\n\n<p><strong>En relaci\u00f3n a Galicia, hai espazo para Esquerda Unida?<\/strong><\/p>\n\n\n\n<blockquote class=\"wp-block-quote is-layout-flow wp-block-quote-is-layout-flow\">\n<p>Galicia \u00e9 un territorio complicado para unha organizaci\u00f3n como a nosa. Pero espazo si que hai,sempre que sexamos capaces de medrar en base social e de facelo a trav\u00e9s dos concellos.<\/p>\n<\/blockquote>\n\n\n\n<p><strong>E ves posible a captaci\u00f3n de novos militantes e simpatizantes que poidan ensanchar a vosa base social e en consecuencia facer m\u00e1is grande o voso espazo?<\/strong><\/p>\n\n\n\n<blockquote class=\"wp-block-quote is-layout-flow wp-block-quote-is-layout-flow\">\n<p>Estou convencido que si. De feito a experiencia que temos en Ponteareas coa coalici\u00f3n Ponteareas en Com\u00fan, ens\u00ednanos que se estamos nos conflitos do d\u00eda a d\u00eda, se traballamos c\u00f3bado con c\u00f3bado coa sociedade e se facemos pol\u00edtica sen esquecer os valores hist\u00f3ricos de esquerda unida, a nosa incidencia real na sociedade aumenta significativamente.<\/p>\n<\/blockquote>\n\n\n\n<p><strong>Unha persoa de esquerdas que habitualmente vote ao BNG que diferencias pode atopar en Esquerda Unida?<\/strong><\/p>\n\n\n\n<blockquote class=\"wp-block-quote is-layout-flow wp-block-quote-is-layout-flow\">\n<p>Hai unha diferencia fundamental: O BNG prioriza a cuesti\u00f3n nacional e n\u00f3s d\u00e1moslle m\u00e1is importancia \u00e1 cuesti\u00f3n de clase.<\/p>\n<\/blockquote>\n\n\n\n<p><strong>Antes falabas de Ponteareas. Neste concello tedes un concelleiro de Esquerda Unida, que se presentou na coalici\u00f3n Ponteareas en Com\u00fan. El \u00e9 Manoel Ucha. Como valoras o seu traballo?<\/strong><\/p>\n\n\n\n<blockquote class=\"wp-block-quote is-layout-flow wp-block-quote-is-layout-flow\">\n<p>Manoel \u00e9 un cadro pol\u00edtico de enorme relevancia na nosa organizaci\u00f3n, e un exemplo do que debe de ser un pol\u00edtico de esquerdas. \u00c9 un home que procede dos movementos sociais, e un tipo que dignifica \u00e1 pol\u00edtica no sentido de que o seu \u00fanico obxectivo \u00e9 contribu\u00edr ao ben com\u00fan.<\/p>\n<\/blockquote>\n\n\n\n<blockquote class=\"wp-block-quote is-layout-flow wp-block-quote-is-layout-flow\">\n<p>Est\u00e1 facendo un traballo soberbio no concello e, sen \u00e1nimo de molestar a ningu\u00e9n, d\u00edgoche que a oposici\u00f3n rela ao goberno de Ponteareas \u00e9 el.<\/p>\n<\/blockquote>\n\n\n\n<p><strong>Ves perspectivas de crecemento electoral en Ponteareas?<\/strong><\/p>\n\n\n\n<blockquote class=\"wp-block-quote is-layout-flow wp-block-quote-is-layout-flow\">\n<p>Si, arredor do proxecto de Ponteareas en Com\u00fan foise achegando unha mocidade moi activa que nos ilusiona e que nos ensina onde est\u00e1 o cami\u00f1o para podermos medrar.<\/p>\n<\/blockquote>\n\n\n\n<p><strong>E o traballo de Aurora, a vosa concelleira en Cangas, como o valoras?<\/strong><\/p>\n\n\n\n<blockquote class=\"wp-block-quote is-layout-flow wp-block-quote-is-layout-flow\">\n<p>Cangas sempre foi unha vila de enorme complexidade pol\u00edtica para a esquerda, pois houbo momentos hist\u00f3ricos nos que estaba todo tan atomizado que era verdadeiramente dif\u00edcil tecer alianzas para a construci\u00f3n de espazos s\u00f3lidos. Eu estou moi orgulloso dos compa\u00f1eiros e compa\u00f1eiras de Esquerda Unida en Cangas, pois nun contexto de moita dificultade pol\u00edtica para n\u00f3s souberon manter a representaci\u00f3n nesa localidade. E en canto ao traballo da compa\u00f1eira Aurora no goberno de Cangas, ten todo o meu apoio e respecto.<\/p>\n<\/blockquote>\n\n\n\n<p><strong>Cal \u00e9 a posici\u00f3n pol\u00edtica de Esquerda Unida ao respecto de Altri?<\/strong><\/p>\n\n\n\n<blockquote class=\"wp-block-quote is-layout-flow wp-block-quote-is-layout-flow\">\n<p>Necesitamos unha nova planta de Celulosa? Non, claramente non. A finalidade de Altri \u00e9 beneficiar ao conxunto da sociedade galega ou facer que se lucren uns cantos?.Claramente \u00e9 unha empresa que vai beneficiar ao capital, non ao pobo galego. E a\u00ednda por riba cun impacto demoledor na zona na que se pretende instalar. A conclusi\u00f3n \u00e9 evidente: Estamos en contra do proxecto de Altri.<\/p>\n<\/blockquote>\n\n\n\n<blockquote class=\"wp-block-quote is-layout-flow wp-block-quote-is-layout-flow\">\n<p>N\u00f3s estamos a favor da creaci\u00f3n de industria, sempre que sexa necesaria, beneficiosa para a clase traballadora e respectuosa coa contorna. No caso de Altri non se dan ningunha desas tres condici\u00f3ns.<\/p>\n<\/blockquote>\n\n\n\n<p><strong>Estivestes reunidos coa plataforma Ulloa Viva, verdade?<\/strong><\/p>\n\n\n\n<blockquote class=\"wp-block-quote is-layout-flow wp-block-quote-is-layout-flow\">\n<p>Si, veu o compa\u00f1eiro Antonio Maillo, coordinador federal de Izquierda Unida, e tivemos ocasi\u00f3n de expresarlles o total apoio da nosa organizaci\u00f3n a esa plataforma da sociedade civil.<\/p>\n<\/blockquote>\n\n\n\n<p><strong>Facemos esta entrevista o 30 de abril, supo\u00f1o que ma\u00f1\u00e1 ir\u00e1s a algunha das manifestaci\u00f3ns do 1\u00ba de maio?<\/strong><\/p>\n\n\n\n<blockquote class=\"wp-block-quote is-layout-flow wp-block-quote-is-layout-flow\">\n<p>Si, claro.<\/p>\n<\/blockquote>\n\n\n\n<p><strong>A cal das tres?<\/strong><\/p>\n\n\n\n<blockquote class=\"wp-block-quote is-layout-flow wp-block-quote-is-layout-flow\">\n<p>Irei como sempre \u00e1 de CCOO.<\/p>\n<\/blockquote>\n\n\n\n<p><strong>Ben, houbo un tempo que estiveches na CIG<\/strong><\/p>\n\n\n\n<blockquote class=\"wp-block-quote is-layout-flow wp-block-quote-is-layout-flow\">\n<p>Xa choveu moito daquela.<\/p>\n<\/blockquote>\n\n\n\n<p><strong>Por que cambiaches da CIG para COO?<\/strong><\/p>\n\n\n\n<blockquote class=\"wp-block-quote is-layout-flow wp-block-quote-is-layout-flow\">\n<p>Por determinadas posturas e contradici\u00f3ns que no seu momento vin na CIG e non me gustaron.<\/p>\n<\/blockquote>\n\n\n\n<p><strong>O ano pasado, a federaci\u00f3n de industria de CCOO quitou un comunicado apoiando ao proxecto de Altri. Cal \u00e9 a t\u00faa opini\u00f3n ao respecto?<\/strong><\/p>\n\n\n\n<blockquote class=\"wp-block-quote is-layout-flow wp-block-quote-is-layout-flow\">\n<p>Ese comunicado foi inmediatamente desautorizado pola direcci\u00f3n do sindicato. Non \u00e9 a posici\u00f3n de CCOO. A mi\u00f1a opini\u00f3n ao respecto \u00e9 a mesma que expresei cando me preguntaches por Altri.<\/p>\n<\/blockquote>\n\n\n\n<p><strong>En que situaci\u00f3n che gustar\u00eda que deixar a Esquerda Unida cando remate a t\u00faa etapa como Coordinador Nacional?<\/strong><\/p>\n\n\n\n<blockquote class=\"wp-block-quote is-layout-flow wp-block-quote-is-layout-flow\">\n<p>Estarei satisfeito se conseguimos aumentar en todo o posible a nosa base social e a nosa penetraci\u00f3n no tecido asociativo galego.<\/p>\n<\/blockquote>\n","protected":false},"excerpt":{"rendered":"<div class=\"mh-excerpt\"><p>O pasado 12 de abril Esquerda Unida celebrou a s\u00faa asemblea nacional na que renovaron os seus \u00f3rganos de direcci\u00f3n. Para suceder \u00e1 viguesa Eva Solla compet\u00edan d\u00faas candidaturas <a class=\"mh-excerpt-more\" href=\"https:\/\/www.anovapeneira.gal\/index.php\/2025\/05\/07\/lino-costas-coordinador-nacional-de-esquerda-unida\/\" title=\"Lino Costas coordinador nacional de Esquerda Unida\">[&#8230;]<\/a><\/p>\n<\/div>","protected":false},"author":2,"featured_media":13858,"comment_status":"open","ping_status":"open","sticky":false,"template":"","format":"standard","meta":{"_exactmetrics_skip_tracking":false,"_exactmetrics_sitenote_active":false,"_exactmetrics_sitenote_note":"","_exactmetrics_sitenote_category":0,"footnotes":""},"categories":[1,272],"tags":[],"class_list":{"0":"post-13857","1":"post","2":"type-post","3":"status-publish","4":"format-standard","5":"has-post-thumbnail","7":"category-sin-categoria","8":"category-vigo-entrevistas"},"yoast_head":"<!-- This site is optimized with the Yoast SEO plugin v27.4 - https:\/\/yoast.com\/product\/yoast-seo-wordpress\/ -->\n<title>Lino Costas coordinador nacional de Esquerda Unida -<\/title>\n<meta name=\"robots\" content=\"index, follow, max-snippet:-1, max-image-preview:large, max-video-preview:-1\" \/>\n<link rel=\"canonical\" href=\"https:\/\/www.anovapeneira.gal\/index.php\/2025\/05\/07\/lino-costas-coordinador-nacional-de-esquerda-unida\/\" \/>\n<meta property=\"og:locale\" content=\"gl_ES\" \/>\n<meta property=\"og:type\" content=\"article\" \/>\n<meta property=\"og:title\" content=\"Lino Costas coordinador nacional de Esquerda Unida -\" \/>\n<meta property=\"og:description\" content=\"O pasado 12 de abril Esquerda Unida celebrou a s\u00faa asemblea nacional na que renovaron os seus \u00f3rganos de direcci\u00f3n. Para suceder \u00e1 viguesa Eva Solla compet\u00edan d\u00faas candidaturas [...]\" \/>\n<meta property=\"og:url\" content=\"https:\/\/www.anovapeneira.gal\/index.php\/2025\/05\/07\/lino-costas-coordinador-nacional-de-esquerda-unida\/\" \/>\n<meta property=\"article:publisher\" content=\"https:\/\/www.facebook.com\/anovapeneira\" \/>\n<meta property=\"article:published_time\" content=\"2025-05-07T10:00:11+00:00\" \/>\n<meta property=\"article:modified_time\" content=\"2025-05-07T11:27:54+00:00\" \/>\n<meta property=\"og:image\" content=\"https:\/\/www.anovapeneira.gal\/wp-content\/uploads\/2025\/05\/lino_Costas.jpg\" \/>\n\t<meta property=\"og:image:width\" content=\"720\" \/>\n\t<meta property=\"og:image:height\" content=\"432\" \/>\n\t<meta property=\"og:image:type\" content=\"image\/jpeg\" \/>\n<meta name=\"author\" content=\"Tino Lago\" \/>\n<meta name=\"twitter:card\" content=\"summary_large_image\" \/>\n<meta name=\"twitter:creator\" content=\"@APeneira\" \/>\n<meta name=\"twitter:site\" content=\"@APeneira\" \/>\n<meta name=\"twitter:label1\" content=\"Escrito por\" \/>\n\t<meta name=\"twitter:data1\" content=\"Tino Lago\" \/>\n\t<meta name=\"twitter:label2\" content=\"Tempo de lectura\" \/>\n\t<meta name=\"twitter:data2\" content=\"4 minutos\" \/>\n<script type=\"application\/ld+json\" class=\"yoast-schema-graph\">{\"@context\":\"https:\\\/\\\/schema.org\",\"@graph\":[{\"@type\":\"Article\",\"@id\":\"https:\\\/\\\/www.anovapeneira.gal\\\/index.php\\\/2025\\\/05\\\/07\\\/lino-costas-coordinador-nacional-de-esquerda-unida\\\/#article\",\"isPartOf\":{\"@id\":\"https:\\\/\\\/www.anovapeneira.gal\\\/index.php\\\/2025\\\/05\\\/07\\\/lino-costas-coordinador-nacional-de-esquerda-unida\\\/\"},\"author\":{\"name\":\"Tino Lago\",\"@id\":\"https:\\\/\\\/www.anovapeneira.gal\\\/#\\\/schema\\\/person\\\/424dfe65e3070fd8a44d22d2c088762a\"},\"headline\":\"Lino Costas coordinador nacional de Esquerda Unida\",\"datePublished\":\"2025-05-07T10:00:11+00:00\",\"dateModified\":\"2025-05-07T11:27:54+00:00\",\"mainEntityOfPage\":{\"@id\":\"https:\\\/\\\/www.anovapeneira.gal\\\/index.php\\\/2025\\\/05\\\/07\\\/lino-costas-coordinador-nacional-de-esquerda-unida\\\/\"},\"wordCount\":1623,\"commentCount\":0,\"publisher\":{\"@id\":\"https:\\\/\\\/www.anovapeneira.gal\\\/#organization\"},\"image\":{\"@id\":\"https:\\\/\\\/www.anovapeneira.gal\\\/index.php\\\/2025\\\/05\\\/07\\\/lino-costas-coordinador-nacional-de-esquerda-unida\\\/#primaryimage\"},\"thumbnailUrl\":\"https:\\\/\\\/www.anovapeneira.gal\\\/wp-content\\\/uploads\\\/2025\\\/05\\\/lino_Costas.jpg\",\"articleSection\":[\"Sin categor\u00eda\",\"Vigo\"],\"inLanguage\":\"gl-ES\",\"potentialAction\":[{\"@type\":\"CommentAction\",\"name\":\"Comment\",\"target\":[\"https:\\\/\\\/www.anovapeneira.gal\\\/index.php\\\/2025\\\/05\\\/07\\\/lino-costas-coordinador-nacional-de-esquerda-unida\\\/#respond\"]}]},{\"@type\":\"WebPage\",\"@id\":\"https:\\\/\\\/www.anovapeneira.gal\\\/index.php\\\/2025\\\/05\\\/07\\\/lino-costas-coordinador-nacional-de-esquerda-unida\\\/\",\"url\":\"https:\\\/\\\/www.anovapeneira.gal\\\/index.php\\\/2025\\\/05\\\/07\\\/lino-costas-coordinador-nacional-de-esquerda-unida\\\/\",\"name\":\"Lino Costas coordinador nacional de Esquerda Unida -\",\"isPartOf\":{\"@id\":\"https:\\\/\\\/www.anovapeneira.gal\\\/#website\"},\"primaryImageOfPage\":{\"@id\":\"https:\\\/\\\/www.anovapeneira.gal\\\/index.php\\\/2025\\\/05\\\/07\\\/lino-costas-coordinador-nacional-de-esquerda-unida\\\/#primaryimage\"},\"image\":{\"@id\":\"https:\\\/\\\/www.anovapeneira.gal\\\/index.php\\\/2025\\\/05\\\/07\\\/lino-costas-coordinador-nacional-de-esquerda-unida\\\/#primaryimage\"},\"thumbnailUrl\":\"https:\\\/\\\/www.anovapeneira.gal\\\/wp-content\\\/uploads\\\/2025\\\/05\\\/lino_Costas.jpg\",\"datePublished\":\"2025-05-07T10:00:11+00:00\",\"dateModified\":\"2025-05-07T11:27:54+00:00\",\"breadcrumb\":{\"@id\":\"https:\\\/\\\/www.anovapeneira.gal\\\/index.php\\\/2025\\\/05\\\/07\\\/lino-costas-coordinador-nacional-de-esquerda-unida\\\/#breadcrumb\"},\"inLanguage\":\"gl-ES\",\"potentialAction\":[{\"@type\":\"ReadAction\",\"target\":[\"https:\\\/\\\/www.anovapeneira.gal\\\/index.php\\\/2025\\\/05\\\/07\\\/lino-costas-coordinador-nacional-de-esquerda-unida\\\/\"]}]},{\"@type\":\"ImageObject\",\"inLanguage\":\"gl-ES\",\"@id\":\"https:\\\/\\\/www.anovapeneira.gal\\\/index.php\\\/2025\\\/05\\\/07\\\/lino-costas-coordinador-nacional-de-esquerda-unida\\\/#primaryimage\",\"url\":\"https:\\\/\\\/www.anovapeneira.gal\\\/wp-content\\\/uploads\\\/2025\\\/05\\\/lino_Costas.jpg\",\"contentUrl\":\"https:\\\/\\\/www.anovapeneira.gal\\\/wp-content\\\/uploads\\\/2025\\\/05\\\/lino_Costas.jpg\",\"width\":720,\"height\":432,\"caption\":\"Lino Costas\"},{\"@type\":\"BreadcrumbList\",\"@id\":\"https:\\\/\\\/www.anovapeneira.gal\\\/index.php\\\/2025\\\/05\\\/07\\\/lino-costas-coordinador-nacional-de-esquerda-unida\\\/#breadcrumb\",\"itemListElement\":[{\"@type\":\"ListItem\",\"position\":1,\"name\":\"Portada\",\"item\":\"https:\\\/\\\/www.anovapeneira.gal\\\/\"},{\"@type\":\"ListItem\",\"position\":2,\"name\":\"Lino Costas coordinador nacional de Esquerda Unida\"}]},{\"@type\":\"WebSite\",\"@id\":\"https:\\\/\\\/www.anovapeneira.gal\\\/#website\",\"url\":\"https:\\\/\\\/www.anovapeneira.gal\\\/\",\"name\":\"\",\"description\":\"Xornal galego de informaci\u00f3n xeral Publicaci\u00f3n mensual de novas de Galicia e en especial dos Concellos da sur da provincia de Pontevedra.\",\"publisher\":{\"@id\":\"https:\\\/\\\/www.anovapeneira.gal\\\/#organization\"},\"potentialAction\":[{\"@type\":\"SearchAction\",\"target\":{\"@type\":\"EntryPoint\",\"urlTemplate\":\"https:\\\/\\\/www.anovapeneira.gal\\\/?s={search_term_string}\"},\"query-input\":{\"@type\":\"PropertyValueSpecification\",\"valueRequired\":true,\"valueName\":\"search_term_string\"}}],\"inLanguage\":\"gl-ES\"},{\"@type\":\"Organization\",\"@id\":\"https:\\\/\\\/www.anovapeneira.gal\\\/#organization\",\"name\":\"A Nova Peneira\",\"url\":\"https:\\\/\\\/www.anovapeneira.gal\\\/\",\"logo\":{\"@type\":\"ImageObject\",\"inLanguage\":\"gl-ES\",\"@id\":\"https:\\\/\\\/www.anovapeneira.gal\\\/#\\\/schema\\\/logo\\\/image\\\/\",\"url\":\"http:\\\/\\\/www.anovapeneira.gal\\\/wp-content\\\/uploads\\\/2019\\\/06\\\/logo_a_nova_peneira_portal_web.png\",\"contentUrl\":\"http:\\\/\\\/www.anovapeneira.gal\\\/wp-content\\\/uploads\\\/2019\\\/06\\\/logo_a_nova_peneira_portal_web.png\",\"width\":300,\"height\":100,\"caption\":\"A Nova Peneira\"},\"image\":{\"@id\":\"https:\\\/\\\/www.anovapeneira.gal\\\/#\\\/schema\\\/logo\\\/image\\\/\"},\"sameAs\":[\"https:\\\/\\\/www.facebook.com\\\/anovapeneira\",\"https:\\\/\\\/x.com\\\/APeneira\"]},{\"@type\":\"Person\",\"@id\":\"https:\\\/\\\/www.anovapeneira.gal\\\/#\\\/schema\\\/person\\\/424dfe65e3070fd8a44d22d2c088762a\",\"name\":\"Tino Lago\",\"image\":{\"@type\":\"ImageObject\",\"inLanguage\":\"gl-ES\",\"@id\":\"https:\\\/\\\/secure.gravatar.com\\\/avatar\\\/b3df6a06e44bab3111583b90f0f33a0379ee5e3d22cbadd232d39f21c30c62be?s=96&d=mm&r=g\",\"url\":\"https:\\\/\\\/secure.gravatar.com\\\/avatar\\\/b3df6a06e44bab3111583b90f0f33a0379ee5e3d22cbadd232d39f21c30c62be?s=96&d=mm&r=g\",\"contentUrl\":\"https:\\\/\\\/secure.gravatar.com\\\/avatar\\\/b3df6a06e44bab3111583b90f0f33a0379ee5e3d22cbadd232d39f21c30c62be?s=96&d=mm&r=g\",\"caption\":\"Tino Lago\"},\"sameAs\":[\"http:\\\/\\\/www.anovapeneira.gal\"],\"url\":\"https:\\\/\\\/www.anovapeneira.gal\\\/index.php\\\/author\\\/director\\\/\"}]}<\/script>\n<!-- \/ Yoast SEO plugin. -->","yoast_head_json":{"title":"Lino Costas coordinador nacional de Esquerda Unida -","robots":{"index":"index","follow":"follow","max-snippet":"max-snippet:-1","max-image-preview":"max-image-preview:large","max-video-preview":"max-video-preview:-1"},"canonical":"https:\/\/www.anovapeneira.gal\/index.php\/2025\/05\/07\/lino-costas-coordinador-nacional-de-esquerda-unida\/","og_locale":"gl_ES","og_type":"article","og_title":"Lino Costas coordinador nacional de Esquerda Unida -","og_description":"O pasado 12 de abril Esquerda Unida celebrou a s\u00faa asemblea nacional na que renovaron os seus \u00f3rganos de direcci\u00f3n. Para suceder \u00e1 viguesa Eva Solla compet\u00edan d\u00faas candidaturas [...]","og_url":"https:\/\/www.anovapeneira.gal\/index.php\/2025\/05\/07\/lino-costas-coordinador-nacional-de-esquerda-unida\/","article_publisher":"https:\/\/www.facebook.com\/anovapeneira","article_published_time":"2025-05-07T10:00:11+00:00","article_modified_time":"2025-05-07T11:27:54+00:00","og_image":[{"width":720,"height":432,"url":"https:\/\/www.anovapeneira.gal\/wp-content\/uploads\/2025\/05\/lino_Costas.jpg","type":"image\/jpeg"}],"author":"Tino Lago","twitter_card":"summary_large_image","twitter_creator":"@APeneira","twitter_site":"@APeneira","twitter_misc":{"Escrito por":"Tino Lago","Tempo de lectura":"4 minutos"},"schema":{"@context":"https:\/\/schema.org","@graph":[{"@type":"Article","@id":"https:\/\/www.anovapeneira.gal\/index.php\/2025\/05\/07\/lino-costas-coordinador-nacional-de-esquerda-unida\/#article","isPartOf":{"@id":"https:\/\/www.anovapeneira.gal\/index.php\/2025\/05\/07\/lino-costas-coordinador-nacional-de-esquerda-unida\/"},"author":{"name":"Tino Lago","@id":"https:\/\/www.anovapeneira.gal\/#\/schema\/person\/424dfe65e3070fd8a44d22d2c088762a"},"headline":"Lino Costas coordinador nacional de Esquerda Unida","datePublished":"2025-05-07T10:00:11+00:00","dateModified":"2025-05-07T11:27:54+00:00","mainEntityOfPage":{"@id":"https:\/\/www.anovapeneira.gal\/index.php\/2025\/05\/07\/lino-costas-coordinador-nacional-de-esquerda-unida\/"},"wordCount":1623,"commentCount":0,"publisher":{"@id":"https:\/\/www.anovapeneira.gal\/#organization"},"image":{"@id":"https:\/\/www.anovapeneira.gal\/index.php\/2025\/05\/07\/lino-costas-coordinador-nacional-de-esquerda-unida\/#primaryimage"},"thumbnailUrl":"https:\/\/www.anovapeneira.gal\/wp-content\/uploads\/2025\/05\/lino_Costas.jpg","articleSection":["Sin categor\u00eda","Vigo"],"inLanguage":"gl-ES","potentialAction":[{"@type":"CommentAction","name":"Comment","target":["https:\/\/www.anovapeneira.gal\/index.php\/2025\/05\/07\/lino-costas-coordinador-nacional-de-esquerda-unida\/#respond"]}]},{"@type":"WebPage","@id":"https:\/\/www.anovapeneira.gal\/index.php\/2025\/05\/07\/lino-costas-coordinador-nacional-de-esquerda-unida\/","url":"https:\/\/www.anovapeneira.gal\/index.php\/2025\/05\/07\/lino-costas-coordinador-nacional-de-esquerda-unida\/","name":"Lino Costas coordinador nacional de Esquerda Unida -","isPartOf":{"@id":"https:\/\/www.anovapeneira.gal\/#website"},"primaryImageOfPage":{"@id":"https:\/\/www.anovapeneira.gal\/index.php\/2025\/05\/07\/lino-costas-coordinador-nacional-de-esquerda-unida\/#primaryimage"},"image":{"@id":"https:\/\/www.anovapeneira.gal\/index.php\/2025\/05\/07\/lino-costas-coordinador-nacional-de-esquerda-unida\/#primaryimage"},"thumbnailUrl":"https:\/\/www.anovapeneira.gal\/wp-content\/uploads\/2025\/05\/lino_Costas.jpg","datePublished":"2025-05-07T10:00:11+00:00","dateModified":"2025-05-07T11:27:54+00:00","breadcrumb":{"@id":"https:\/\/www.anovapeneira.gal\/index.php\/2025\/05\/07\/lino-costas-coordinador-nacional-de-esquerda-unida\/#breadcrumb"},"inLanguage":"gl-ES","potentialAction":[{"@type":"ReadAction","target":["https:\/\/www.anovapeneira.gal\/index.php\/2025\/05\/07\/lino-costas-coordinador-nacional-de-esquerda-unida\/"]}]},{"@type":"ImageObject","inLanguage":"gl-ES","@id":"https:\/\/www.anovapeneira.gal\/index.php\/2025\/05\/07\/lino-costas-coordinador-nacional-de-esquerda-unida\/#primaryimage","url":"https:\/\/www.anovapeneira.gal\/wp-content\/uploads\/2025\/05\/lino_Costas.jpg","contentUrl":"https:\/\/www.anovapeneira.gal\/wp-content\/uploads\/2025\/05\/lino_Costas.jpg","width":720,"height":432,"caption":"Lino Costas"},{"@type":"BreadcrumbList","@id":"https:\/\/www.anovapeneira.gal\/index.php\/2025\/05\/07\/lino-costas-coordinador-nacional-de-esquerda-unida\/#breadcrumb","itemListElement":[{"@type":"ListItem","position":1,"name":"Portada","item":"https:\/\/www.anovapeneira.gal\/"},{"@type":"ListItem","position":2,"name":"Lino Costas coordinador nacional de Esquerda Unida"}]},{"@type":"WebSite","@id":"https:\/\/www.anovapeneira.gal\/#website","url":"https:\/\/www.anovapeneira.gal\/","name":"","description":"Xornal galego de informaci\u00f3n xeral Publicaci\u00f3n mensual de novas de Galicia e en especial dos Concellos da sur da provincia de Pontevedra.","publisher":{"@id":"https:\/\/www.anovapeneira.gal\/#organization"},"potentialAction":[{"@type":"SearchAction","target":{"@type":"EntryPoint","urlTemplate":"https:\/\/www.anovapeneira.gal\/?s={search_term_string}"},"query-input":{"@type":"PropertyValueSpecification","valueRequired":true,"valueName":"search_term_string"}}],"inLanguage":"gl-ES"},{"@type":"Organization","@id":"https:\/\/www.anovapeneira.gal\/#organization","name":"A Nova Peneira","url":"https:\/\/www.anovapeneira.gal\/","logo":{"@type":"ImageObject","inLanguage":"gl-ES","@id":"https:\/\/www.anovapeneira.gal\/#\/schema\/logo\/image\/","url":"http:\/\/www.anovapeneira.gal\/wp-content\/uploads\/2019\/06\/logo_a_nova_peneira_portal_web.png","contentUrl":"http:\/\/www.anovapeneira.gal\/wp-content\/uploads\/2019\/06\/logo_a_nova_peneira_portal_web.png","width":300,"height":100,"caption":"A Nova Peneira"},"image":{"@id":"https:\/\/www.anovapeneira.gal\/#\/schema\/logo\/image\/"},"sameAs":["https:\/\/www.facebook.com\/anovapeneira","https:\/\/x.com\/APeneira"]},{"@type":"Person","@id":"https:\/\/www.anovapeneira.gal\/#\/schema\/person\/424dfe65e3070fd8a44d22d2c088762a","name":"Tino Lago","image":{"@type":"ImageObject","inLanguage":"gl-ES","@id":"https:\/\/secure.gravatar.com\/avatar\/b3df6a06e44bab3111583b90f0f33a0379ee5e3d22cbadd232d39f21c30c62be?s=96&d=mm&r=g","url":"https:\/\/secure.gravatar.com\/avatar\/b3df6a06e44bab3111583b90f0f33a0379ee5e3d22cbadd232d39f21c30c62be?s=96&d=mm&r=g","contentUrl":"https:\/\/secure.gravatar.com\/avatar\/b3df6a06e44bab3111583b90f0f33a0379ee5e3d22cbadd232d39f21c30c62be?s=96&d=mm&r=g","caption":"Tino Lago"},"sameAs":["http:\/\/www.anovapeneira.gal"],"url":"https:\/\/www.anovapeneira.gal\/index.php\/author\/director\/"}]}},"jetpack_featured_media_url":"https:\/\/www.anovapeneira.gal\/wp-content\/uploads\/2025\/05\/lino_Costas.jpg","_links":{"self":[{"href":"https:\/\/www.anovapeneira.gal\/index.php\/wp-json\/wp\/v2\/posts\/13857","targetHints":{"allow":["GET"]}}],"collection":[{"href":"https:\/\/www.anovapeneira.gal\/index.php\/wp-json\/wp\/v2\/posts"}],"about":[{"href":"https:\/\/www.anovapeneira.gal\/index.php\/wp-json\/wp\/v2\/types\/post"}],"author":[{"embeddable":true,"href":"https:\/\/www.anovapeneira.gal\/index.php\/wp-json\/wp\/v2\/users\/2"}],"replies":[{"embeddable":true,"href":"https:\/\/www.anovapeneira.gal\/index.php\/wp-json\/wp\/v2\/comments?post=13857"}],"version-history":[{"count":2,"href":"https:\/\/www.anovapeneira.gal\/index.php\/wp-json\/wp\/v2\/posts\/13857\/revisions"}],"predecessor-version":[{"id":13872,"href":"https:\/\/www.anovapeneira.gal\/index.php\/wp-json\/wp\/v2\/posts\/13857\/revisions\/13872"}],"wp:featuredmedia":[{"embeddable":true,"href":"https:\/\/www.anovapeneira.gal\/index.php\/wp-json\/wp\/v2\/media\/13858"}],"wp:attachment":[{"href":"https:\/\/www.anovapeneira.gal\/index.php\/wp-json\/wp\/v2\/media?parent=13857"}],"wp:term":[{"taxonomy":"category","embeddable":true,"href":"https:\/\/www.anovapeneira.gal\/index.php\/wp-json\/wp\/v2\/categories?post=13857"},{"taxonomy":"post_tag","embeddable":true,"href":"https:\/\/www.anovapeneira.gal\/index.php\/wp-json\/wp\/v2\/tags?post=13857"}],"curies":[{"name":"wp","href":"https:\/\/api.w.org\/{rel}","templated":true}]}}