{"id":13860,"date":"2025-05-08T12:00:18","date_gmt":"2025-05-08T10:00:18","guid":{"rendered":"https:\/\/www.anovapeneira.gal\/?p=13860"},"modified":"2025-05-05T10:04:35","modified_gmt":"2025-05-05T08:04:35","slug":"baixarse-do-matrix","status":"publish","type":"post","link":"https:\/\/www.anovapeneira.gal\/index.php\/2025\/05\/08\/baixarse-do-matrix\/","title":{"rendered":"Baixarse do Matrix"},"content":{"rendered":"\n<figure class=\"wp-block-image size-full is-resized\"><img loading=\"lazy\" decoding=\"async\" width=\"513\" height=\"662\" src=\"https:\/\/www.anovapeneira.gal\/wp-content\/uploads\/2024\/03\/Aaron-foto-actual.jpg\" alt=\"\" class=\"wp-image-11469\" style=\"width:74px;height:auto\" srcset=\"https:\/\/www.anovapeneira.gal\/wp-content\/uploads\/2024\/03\/Aaron-foto-actual.jpg 513w, https:\/\/www.anovapeneira.gal\/wp-content\/uploads\/2024\/03\/Aaron-foto-actual-232x300.jpg 232w\" sizes=\"auto, (max-width: 513px) 100vw, 513px\" \/><figcaption class=\"wp-element-caption\">Aar\u00f3n Franco, mestre, historiador e poeta.<\/figcaption><\/figure>\n\n\n\n<p>Mar\u00edn, 28 de abril do ano 2025.<\/p>\n\n\n\n<p>Onte baixei do mundo. Non. Un instante de silencio. Desconectar por uns minutos do ru\u00eddo constante, da carreira infinita que marca os d\u00edas coma se a vida fose a roda dun h\u00e1mster. Foi un xesto pequeno, case invisible. Pero neses intres sent\u00edn algo que raramente deixamos entrar: a conciencia brutal de que non somos nada.<\/p>\n\n\n\n<p>Vivimos como se f\u00f3semos eternos, como se todo nos pertencese por dereito. Facemos plans, proxectos, ambici\u00f3ns. E est\u00e1 ben. Non se trata de renunciar \u00e1 esperanza, sen\u00f3n de non esquecer que, baixo todas esas capas de ocupaci\u00f3n e progreso, seguimos sendo fr\u00e1xiles. En realidade, cada vez m\u00e1is fr\u00e1xiles. Cantos de n\u00f3s seriamos quen de sobrevivir sen luz durante unha semana? Sen auga da billa, sen conexi\u00f3n a internet, sen o refuxio dos nosos h\u00e1bitos (e h\u00e1bitats) tecnol\u00f3xicos? Falamos de intelixencias artificiais, de viaxes ao espazo, de robots que poden pintar cadros, e esquecemos que hai xente que a\u00ednda vive sen acceso garantido \u00e1 auga potable.<\/p>\n\n\n\n<p>\u00c9 curioso este tempo: mentres so\u00f1amos con colonizar Marte, deixamos que a nosa terra se afogue na contaminaci\u00f3n e no esquecemento. Mentres falamos da revoluci\u00f3n dixital, cada vez m\u00e1is persoas se senten desconectadas de si mesmas, atrapadas nunha vida que non escolleron, repetindo rutinas que non cuestionan. Vivimos no Matrix, e non \u00e9 unha met\u00e1fora de ciencia ficci\u00f3n. \u00c9 a descrici\u00f3n m\u00e1is exacta do noso d\u00eda a d\u00eda: un sistema que nos fai crer que todo est\u00e1 ben mentres imos perdendo, a anacos, o sentido da realidade.<\/p>\n\n\n\n<p>\u00c1s veces penso que xa non sabemos ver. Non o digo con desprezo, sen\u00f3n con tristeza. Non sabemos ver o milagre dunha vela acesa nun cuarto escuro, nin sentimos gratitude por poder premer un interruptor e facer que todo se ilumine. Non apreciamos o que sup\u00f3n abrir unha billa e que corra auga limpa. D\u00e1molo por feito, como se todo iso fose natural, eterno. Mais non o \u00e9. E cando todo iso desaparece, s\u00f3 ent\u00f3n tomamos conciencia do que ti\u00f1amos.<\/p>\n\n\n\n<p>Quizais por iso a mi\u00f1a reflexi\u00f3n te\u00f1a un ton pesimista. Non porque non crea na humanidade, ao contrario, sen\u00f3n porque vexo como nos afastamos cada vez m\u00e1is do esencial. Temos a capacidade de parar, de escoitar, de sentir. Mais fac\u00e9molo cada vez menos. Estamos tan ocupados producindo, competindo, que se nos escapa o tempo de simplemente ser. Inxeridos nos marcos que o capitalismo imp\u00f3n.<\/p>\n\n\n\n<p>Baixarse do mundo non \u00e9 unha fuxida. \u00c9 un acto de humildade. \u00c9 reco\u00f1ecer que non controlamos nada, que todo \u00e9 provisional. Que a vida, malia as aparencias, \u00e9 fr\u00e1xil coma un sopro. E nese reco\u00f1ecemento, quizais, estea o principio dunha nova forma de estar. M\u00e1is presente. M\u00e1is consciente.<br>Nestes d\u00edas, un corte de luz durante unhas horas provocou escenas de p\u00e1nico, indignaci\u00f3n e sensaci\u00f3n de colapso. Sen Wi-Fi, sen calefacci\u00f3n, sen a rutina intacta, sentimos que o mundo se derrubaba. E mentres tanto, en Palestina \u2014e en tantos outros lugares esquecidos\u2014, mill\u00f3ns de persoas sobreviven sen luz, sen auga, sen teito, sen comida. Non por unhas horas. Por d\u00edas, semanas, meses. Quizais baixar do Matrix tam\u00e9n sexa mirar cara a eles e preguntarnos que estamos facendo coa nosa propia humanidade.<\/p>\n\n\n\n<p><br><\/p>\n","protected":false},"excerpt":{"rendered":"<div class=\"mh-excerpt\"><p>Onte baixei do mundo. Non. Un instante de silencio. Desconectar por uns minutos do ru\u00eddo constante, da carreira infinita que marca os d\u00edas coma se a vida fose a roda dun h\u00e1mster.<br \/>\n <a class=\"mh-excerpt-more\" href=\"https:\/\/www.anovapeneira.gal\/index.php\/2025\/05\/08\/baixarse-do-matrix\/\" title=\"Baixarse do Matrix\">[&#8230;]<\/a><\/p>\n<\/div>","protected":false},"author":23,"featured_media":584,"comment_status":"open","ping_status":"open","sticky":false,"template":"","format":"standard","meta":{"_exactmetrics_skip_tracking":false,"_exactmetrics_sitenote_active":false,"_exactmetrics_sitenote_note":"","_exactmetrics_sitenote_category":0,"footnotes":""},"categories":[7],"tags":[],"class_list":{"0":"post-13860","1":"post","2":"type-post","3":"status-publish","4":"format-standard","5":"has-post-thumbnail","7":"category-artigos-de-opinion"},"yoast_head":"<!-- This site is optimized with the Yoast SEO plugin v27.4 - https:\/\/yoast.com\/product\/yoast-seo-wordpress\/ -->\n<title>Baixarse do Matrix -<\/title>\n<meta name=\"robots\" content=\"index, follow, max-snippet:-1, max-image-preview:large, max-video-preview:-1\" \/>\n<link rel=\"canonical\" href=\"https:\/\/www.anovapeneira.gal\/index.php\/2025\/05\/08\/baixarse-do-matrix\/\" \/>\n<meta property=\"og:locale\" content=\"gl_ES\" \/>\n<meta property=\"og:type\" content=\"article\" \/>\n<meta property=\"og:title\" content=\"Baixarse do Matrix -\" \/>\n<meta property=\"og:description\" content=\"Onte baixei do mundo. Non. Un instante de silencio. Desconectar por uns minutos do ru\u00eddo constante, da carreira infinita que marca os d\u00edas coma se a vida fose a roda dun h\u00e1mster. [...]\" \/>\n<meta property=\"og:url\" content=\"https:\/\/www.anovapeneira.gal\/index.php\/2025\/05\/08\/baixarse-do-matrix\/\" \/>\n<meta property=\"article:publisher\" content=\"https:\/\/www.facebook.com\/anovapeneira\" \/>\n<meta property=\"article:published_time\" content=\"2025-05-08T10:00:18+00:00\" \/>\n<meta property=\"og:image\" content=\"https:\/\/www.anovapeneira.gal\/wp-content\/uploads\/2019\/07\/ARTIGO_DE_OPINION_A_NOVA_PENEIRA.jpg\" \/>\n\t<meta property=\"og:image:width\" content=\"720\" \/>\n\t<meta property=\"og:image:height\" content=\"473\" \/>\n\t<meta property=\"og:image:type\" content=\"image\/jpeg\" \/>\n<meta name=\"author\" content=\"Aar\u00f3n Franco\" \/>\n<meta name=\"twitter:card\" content=\"summary_large_image\" \/>\n<meta name=\"twitter:creator\" content=\"@APeneira\" \/>\n<meta name=\"twitter:site\" content=\"@APeneira\" \/>\n<meta name=\"twitter:label1\" content=\"Escrito por\" \/>\n\t<meta name=\"twitter:data1\" content=\"Aar\u00f3n Franco\" \/>\n\t<meta name=\"twitter:label2\" content=\"Tempo de lectura\" \/>\n\t<meta name=\"twitter:data2\" content=\"4 minutos\" \/>\n<script type=\"application\/ld+json\" class=\"yoast-schema-graph\">{\"@context\":\"https:\\\/\\\/schema.org\",\"@graph\":[{\"@type\":\"Article\",\"@id\":\"https:\\\/\\\/www.anovapeneira.gal\\\/index.php\\\/2025\\\/05\\\/08\\\/baixarse-do-matrix\\\/#article\",\"isPartOf\":{\"@id\":\"https:\\\/\\\/www.anovapeneira.gal\\\/index.php\\\/2025\\\/05\\\/08\\\/baixarse-do-matrix\\\/\"},\"author\":{\"name\":\"Aar\u00f3n Franco\",\"@id\":\"https:\\\/\\\/www.anovapeneira.gal\\\/#\\\/schema\\\/person\\\/a907e49c1885c12d6f281770afd68766\"},\"headline\":\"Baixarse do Matrix\",\"datePublished\":\"2025-05-08T10:00:18+00:00\",\"mainEntityOfPage\":{\"@id\":\"https:\\\/\\\/www.anovapeneira.gal\\\/index.php\\\/2025\\\/05\\\/08\\\/baixarse-do-matrix\\\/\"},\"wordCount\":579,\"commentCount\":0,\"publisher\":{\"@id\":\"https:\\\/\\\/www.anovapeneira.gal\\\/#organization\"},\"image\":{\"@id\":\"https:\\\/\\\/www.anovapeneira.gal\\\/index.php\\\/2025\\\/05\\\/08\\\/baixarse-do-matrix\\\/#primaryimage\"},\"thumbnailUrl\":\"https:\\\/\\\/www.anovapeneira.gal\\\/wp-content\\\/uploads\\\/2019\\\/07\\\/ARTIGO_DE_OPINION_A_NOVA_PENEIRA.jpg\",\"articleSection\":[\"Artigos de opini\u00f3n\"],\"inLanguage\":\"gl-ES\",\"potentialAction\":[{\"@type\":\"CommentAction\",\"name\":\"Comment\",\"target\":[\"https:\\\/\\\/www.anovapeneira.gal\\\/index.php\\\/2025\\\/05\\\/08\\\/baixarse-do-matrix\\\/#respond\"]}]},{\"@type\":\"WebPage\",\"@id\":\"https:\\\/\\\/www.anovapeneira.gal\\\/index.php\\\/2025\\\/05\\\/08\\\/baixarse-do-matrix\\\/\",\"url\":\"https:\\\/\\\/www.anovapeneira.gal\\\/index.php\\\/2025\\\/05\\\/08\\\/baixarse-do-matrix\\\/\",\"name\":\"Baixarse do Matrix -\",\"isPartOf\":{\"@id\":\"https:\\\/\\\/www.anovapeneira.gal\\\/#website\"},\"primaryImageOfPage\":{\"@id\":\"https:\\\/\\\/www.anovapeneira.gal\\\/index.php\\\/2025\\\/05\\\/08\\\/baixarse-do-matrix\\\/#primaryimage\"},\"image\":{\"@id\":\"https:\\\/\\\/www.anovapeneira.gal\\\/index.php\\\/2025\\\/05\\\/08\\\/baixarse-do-matrix\\\/#primaryimage\"},\"thumbnailUrl\":\"https:\\\/\\\/www.anovapeneira.gal\\\/wp-content\\\/uploads\\\/2019\\\/07\\\/ARTIGO_DE_OPINION_A_NOVA_PENEIRA.jpg\",\"datePublished\":\"2025-05-08T10:00:18+00:00\",\"breadcrumb\":{\"@id\":\"https:\\\/\\\/www.anovapeneira.gal\\\/index.php\\\/2025\\\/05\\\/08\\\/baixarse-do-matrix\\\/#breadcrumb\"},\"inLanguage\":\"gl-ES\",\"potentialAction\":[{\"@type\":\"ReadAction\",\"target\":[\"https:\\\/\\\/www.anovapeneira.gal\\\/index.php\\\/2025\\\/05\\\/08\\\/baixarse-do-matrix\\\/\"]}]},{\"@type\":\"ImageObject\",\"inLanguage\":\"gl-ES\",\"@id\":\"https:\\\/\\\/www.anovapeneira.gal\\\/index.php\\\/2025\\\/05\\\/08\\\/baixarse-do-matrix\\\/#primaryimage\",\"url\":\"https:\\\/\\\/www.anovapeneira.gal\\\/wp-content\\\/uploads\\\/2019\\\/07\\\/ARTIGO_DE_OPINION_A_NOVA_PENEIRA.jpg\",\"contentUrl\":\"https:\\\/\\\/www.anovapeneira.gal\\\/wp-content\\\/uploads\\\/2019\\\/07\\\/ARTIGO_DE_OPINION_A_NOVA_PENEIRA.jpg\",\"width\":720,\"height\":473,\"caption\":\"Artigo de opini\u00f3n A Nova Peneira\"},{\"@type\":\"BreadcrumbList\",\"@id\":\"https:\\\/\\\/www.anovapeneira.gal\\\/index.php\\\/2025\\\/05\\\/08\\\/baixarse-do-matrix\\\/#breadcrumb\",\"itemListElement\":[{\"@type\":\"ListItem\",\"position\":1,\"name\":\"Portada\",\"item\":\"https:\\\/\\\/www.anovapeneira.gal\\\/\"},{\"@type\":\"ListItem\",\"position\":2,\"name\":\"Baixarse do Matrix\"}]},{\"@type\":\"WebSite\",\"@id\":\"https:\\\/\\\/www.anovapeneira.gal\\\/#website\",\"url\":\"https:\\\/\\\/www.anovapeneira.gal\\\/\",\"name\":\"\",\"description\":\"Xornal galego de informaci\u00f3n xeral Publicaci\u00f3n mensual de novas de Galicia e en especial dos Concellos da sur da provincia de Pontevedra.\",\"publisher\":{\"@id\":\"https:\\\/\\\/www.anovapeneira.gal\\\/#organization\"},\"potentialAction\":[{\"@type\":\"SearchAction\",\"target\":{\"@type\":\"EntryPoint\",\"urlTemplate\":\"https:\\\/\\\/www.anovapeneira.gal\\\/?s={search_term_string}\"},\"query-input\":{\"@type\":\"PropertyValueSpecification\",\"valueRequired\":true,\"valueName\":\"search_term_string\"}}],\"inLanguage\":\"gl-ES\"},{\"@type\":\"Organization\",\"@id\":\"https:\\\/\\\/www.anovapeneira.gal\\\/#organization\",\"name\":\"A Nova Peneira\",\"url\":\"https:\\\/\\\/www.anovapeneira.gal\\\/\",\"logo\":{\"@type\":\"ImageObject\",\"inLanguage\":\"gl-ES\",\"@id\":\"https:\\\/\\\/www.anovapeneira.gal\\\/#\\\/schema\\\/logo\\\/image\\\/\",\"url\":\"http:\\\/\\\/www.anovapeneira.gal\\\/wp-content\\\/uploads\\\/2019\\\/06\\\/logo_a_nova_peneira_portal_web.png\",\"contentUrl\":\"http:\\\/\\\/www.anovapeneira.gal\\\/wp-content\\\/uploads\\\/2019\\\/06\\\/logo_a_nova_peneira_portal_web.png\",\"width\":300,\"height\":100,\"caption\":\"A Nova Peneira\"},\"image\":{\"@id\":\"https:\\\/\\\/www.anovapeneira.gal\\\/#\\\/schema\\\/logo\\\/image\\\/\"},\"sameAs\":[\"https:\\\/\\\/www.facebook.com\\\/anovapeneira\",\"https:\\\/\\\/x.com\\\/APeneira\"]},{\"@type\":\"Person\",\"@id\":\"https:\\\/\\\/www.anovapeneira.gal\\\/#\\\/schema\\\/person\\\/a907e49c1885c12d6f281770afd68766\",\"name\":\"Aar\u00f3n Franco\",\"image\":{\"@type\":\"ImageObject\",\"inLanguage\":\"gl-ES\",\"@id\":\"https:\\\/\\\/secure.gravatar.com\\\/avatar\\\/82f0614fe09ae3f066983f8d670d0ff15a0917fefe52b93ffa425275b87d6102?s=96&d=mm&r=g\",\"url\":\"https:\\\/\\\/secure.gravatar.com\\\/avatar\\\/82f0614fe09ae3f066983f8d670d0ff15a0917fefe52b93ffa425275b87d6102?s=96&d=mm&r=g\",\"contentUrl\":\"https:\\\/\\\/secure.gravatar.com\\\/avatar\\\/82f0614fe09ae3f066983f8d670d0ff15a0917fefe52b93ffa425275b87d6102?s=96&d=mm&r=g\",\"caption\":\"Aar\u00f3n Franco\"},\"sameAs\":[\"http:\\\/\\\/www.anovapeneira.gal\\\/\"],\"url\":\"https:\\\/\\\/www.anovapeneira.gal\\\/index.php\\\/author\\\/aaron-franco\\\/\"}]}<\/script>\n<!-- \/ Yoast SEO plugin. -->","yoast_head_json":{"title":"Baixarse do Matrix -","robots":{"index":"index","follow":"follow","max-snippet":"max-snippet:-1","max-image-preview":"max-image-preview:large","max-video-preview":"max-video-preview:-1"},"canonical":"https:\/\/www.anovapeneira.gal\/index.php\/2025\/05\/08\/baixarse-do-matrix\/","og_locale":"gl_ES","og_type":"article","og_title":"Baixarse do Matrix -","og_description":"Onte baixei do mundo. Non. Un instante de silencio. Desconectar por uns minutos do ru\u00eddo constante, da carreira infinita que marca os d\u00edas coma se a vida fose a roda dun h\u00e1mster. [...]","og_url":"https:\/\/www.anovapeneira.gal\/index.php\/2025\/05\/08\/baixarse-do-matrix\/","article_publisher":"https:\/\/www.facebook.com\/anovapeneira","article_published_time":"2025-05-08T10:00:18+00:00","og_image":[{"width":720,"height":473,"url":"https:\/\/www.anovapeneira.gal\/wp-content\/uploads\/2019\/07\/ARTIGO_DE_OPINION_A_NOVA_PENEIRA.jpg","type":"image\/jpeg"}],"author":"Aar\u00f3n Franco","twitter_card":"summary_large_image","twitter_creator":"@APeneira","twitter_site":"@APeneira","twitter_misc":{"Escrito por":"Aar\u00f3n Franco","Tempo de lectura":"4 minutos"},"schema":{"@context":"https:\/\/schema.org","@graph":[{"@type":"Article","@id":"https:\/\/www.anovapeneira.gal\/index.php\/2025\/05\/08\/baixarse-do-matrix\/#article","isPartOf":{"@id":"https:\/\/www.anovapeneira.gal\/index.php\/2025\/05\/08\/baixarse-do-matrix\/"},"author":{"name":"Aar\u00f3n Franco","@id":"https:\/\/www.anovapeneira.gal\/#\/schema\/person\/a907e49c1885c12d6f281770afd68766"},"headline":"Baixarse do Matrix","datePublished":"2025-05-08T10:00:18+00:00","mainEntityOfPage":{"@id":"https:\/\/www.anovapeneira.gal\/index.php\/2025\/05\/08\/baixarse-do-matrix\/"},"wordCount":579,"commentCount":0,"publisher":{"@id":"https:\/\/www.anovapeneira.gal\/#organization"},"image":{"@id":"https:\/\/www.anovapeneira.gal\/index.php\/2025\/05\/08\/baixarse-do-matrix\/#primaryimage"},"thumbnailUrl":"https:\/\/www.anovapeneira.gal\/wp-content\/uploads\/2019\/07\/ARTIGO_DE_OPINION_A_NOVA_PENEIRA.jpg","articleSection":["Artigos de opini\u00f3n"],"inLanguage":"gl-ES","potentialAction":[{"@type":"CommentAction","name":"Comment","target":["https:\/\/www.anovapeneira.gal\/index.php\/2025\/05\/08\/baixarse-do-matrix\/#respond"]}]},{"@type":"WebPage","@id":"https:\/\/www.anovapeneira.gal\/index.php\/2025\/05\/08\/baixarse-do-matrix\/","url":"https:\/\/www.anovapeneira.gal\/index.php\/2025\/05\/08\/baixarse-do-matrix\/","name":"Baixarse do Matrix -","isPartOf":{"@id":"https:\/\/www.anovapeneira.gal\/#website"},"primaryImageOfPage":{"@id":"https:\/\/www.anovapeneira.gal\/index.php\/2025\/05\/08\/baixarse-do-matrix\/#primaryimage"},"image":{"@id":"https:\/\/www.anovapeneira.gal\/index.php\/2025\/05\/08\/baixarse-do-matrix\/#primaryimage"},"thumbnailUrl":"https:\/\/www.anovapeneira.gal\/wp-content\/uploads\/2019\/07\/ARTIGO_DE_OPINION_A_NOVA_PENEIRA.jpg","datePublished":"2025-05-08T10:00:18+00:00","breadcrumb":{"@id":"https:\/\/www.anovapeneira.gal\/index.php\/2025\/05\/08\/baixarse-do-matrix\/#breadcrumb"},"inLanguage":"gl-ES","potentialAction":[{"@type":"ReadAction","target":["https:\/\/www.anovapeneira.gal\/index.php\/2025\/05\/08\/baixarse-do-matrix\/"]}]},{"@type":"ImageObject","inLanguage":"gl-ES","@id":"https:\/\/www.anovapeneira.gal\/index.php\/2025\/05\/08\/baixarse-do-matrix\/#primaryimage","url":"https:\/\/www.anovapeneira.gal\/wp-content\/uploads\/2019\/07\/ARTIGO_DE_OPINION_A_NOVA_PENEIRA.jpg","contentUrl":"https:\/\/www.anovapeneira.gal\/wp-content\/uploads\/2019\/07\/ARTIGO_DE_OPINION_A_NOVA_PENEIRA.jpg","width":720,"height":473,"caption":"Artigo de opini\u00f3n A Nova Peneira"},{"@type":"BreadcrumbList","@id":"https:\/\/www.anovapeneira.gal\/index.php\/2025\/05\/08\/baixarse-do-matrix\/#breadcrumb","itemListElement":[{"@type":"ListItem","position":1,"name":"Portada","item":"https:\/\/www.anovapeneira.gal\/"},{"@type":"ListItem","position":2,"name":"Baixarse do Matrix"}]},{"@type":"WebSite","@id":"https:\/\/www.anovapeneira.gal\/#website","url":"https:\/\/www.anovapeneira.gal\/","name":"","description":"Xornal galego de informaci\u00f3n xeral Publicaci\u00f3n mensual de novas de Galicia e en especial dos Concellos da sur da provincia de Pontevedra.","publisher":{"@id":"https:\/\/www.anovapeneira.gal\/#organization"},"potentialAction":[{"@type":"SearchAction","target":{"@type":"EntryPoint","urlTemplate":"https:\/\/www.anovapeneira.gal\/?s={search_term_string}"},"query-input":{"@type":"PropertyValueSpecification","valueRequired":true,"valueName":"search_term_string"}}],"inLanguage":"gl-ES"},{"@type":"Organization","@id":"https:\/\/www.anovapeneira.gal\/#organization","name":"A Nova Peneira","url":"https:\/\/www.anovapeneira.gal\/","logo":{"@type":"ImageObject","inLanguage":"gl-ES","@id":"https:\/\/www.anovapeneira.gal\/#\/schema\/logo\/image\/","url":"http:\/\/www.anovapeneira.gal\/wp-content\/uploads\/2019\/06\/logo_a_nova_peneira_portal_web.png","contentUrl":"http:\/\/www.anovapeneira.gal\/wp-content\/uploads\/2019\/06\/logo_a_nova_peneira_portal_web.png","width":300,"height":100,"caption":"A Nova Peneira"},"image":{"@id":"https:\/\/www.anovapeneira.gal\/#\/schema\/logo\/image\/"},"sameAs":["https:\/\/www.facebook.com\/anovapeneira","https:\/\/x.com\/APeneira"]},{"@type":"Person","@id":"https:\/\/www.anovapeneira.gal\/#\/schema\/person\/a907e49c1885c12d6f281770afd68766","name":"Aar\u00f3n Franco","image":{"@type":"ImageObject","inLanguage":"gl-ES","@id":"https:\/\/secure.gravatar.com\/avatar\/82f0614fe09ae3f066983f8d670d0ff15a0917fefe52b93ffa425275b87d6102?s=96&d=mm&r=g","url":"https:\/\/secure.gravatar.com\/avatar\/82f0614fe09ae3f066983f8d670d0ff15a0917fefe52b93ffa425275b87d6102?s=96&d=mm&r=g","contentUrl":"https:\/\/secure.gravatar.com\/avatar\/82f0614fe09ae3f066983f8d670d0ff15a0917fefe52b93ffa425275b87d6102?s=96&d=mm&r=g","caption":"Aar\u00f3n Franco"},"sameAs":["http:\/\/www.anovapeneira.gal\/"],"url":"https:\/\/www.anovapeneira.gal\/index.php\/author\/aaron-franco\/"}]}},"jetpack_featured_media_url":"https:\/\/www.anovapeneira.gal\/wp-content\/uploads\/2019\/07\/ARTIGO_DE_OPINION_A_NOVA_PENEIRA.jpg","_links":{"self":[{"href":"https:\/\/www.anovapeneira.gal\/index.php\/wp-json\/wp\/v2\/posts\/13860","targetHints":{"allow":["GET"]}}],"collection":[{"href":"https:\/\/www.anovapeneira.gal\/index.php\/wp-json\/wp\/v2\/posts"}],"about":[{"href":"https:\/\/www.anovapeneira.gal\/index.php\/wp-json\/wp\/v2\/types\/post"}],"author":[{"embeddable":true,"href":"https:\/\/www.anovapeneira.gal\/index.php\/wp-json\/wp\/v2\/users\/23"}],"replies":[{"embeddable":true,"href":"https:\/\/www.anovapeneira.gal\/index.php\/wp-json\/wp\/v2\/comments?post=13860"}],"version-history":[{"count":2,"href":"https:\/\/www.anovapeneira.gal\/index.php\/wp-json\/wp\/v2\/posts\/13860\/revisions"}],"predecessor-version":[{"id":13862,"href":"https:\/\/www.anovapeneira.gal\/index.php\/wp-json\/wp\/v2\/posts\/13860\/revisions\/13862"}],"wp:featuredmedia":[{"embeddable":true,"href":"https:\/\/www.anovapeneira.gal\/index.php\/wp-json\/wp\/v2\/media\/584"}],"wp:attachment":[{"href":"https:\/\/www.anovapeneira.gal\/index.php\/wp-json\/wp\/v2\/media?parent=13860"}],"wp:term":[{"taxonomy":"category","embeddable":true,"href":"https:\/\/www.anovapeneira.gal\/index.php\/wp-json\/wp\/v2\/categories?post=13860"},{"taxonomy":"post_tag","embeddable":true,"href":"https:\/\/www.anovapeneira.gal\/index.php\/wp-json\/wp\/v2\/tags?post=13860"}],"curies":[{"name":"wp","href":"https:\/\/api.w.org\/{rel}","templated":true}]}}