{"id":13863,"date":"2025-05-09T10:00:07","date_gmt":"2025-05-09T08:00:07","guid":{"rendered":"https:\/\/www.anovapeneira.gal\/?p=13863"},"modified":"2025-05-05T10:06:23","modified_gmt":"2025-05-05T08:06:23","slug":"apaga-o-candil","status":"publish","type":"post","link":"https:\/\/www.anovapeneira.gal\/index.php\/2025\/05\/09\/apaga-o-candil\/","title":{"rendered":"Apaga o candil"},"content":{"rendered":"\n<figure class=\"wp-block-image size-full is-resized\"><img loading=\"lazy\" decoding=\"async\" width=\"190\" height=\"222\" src=\"https:\/\/www.anovapeneira.gal\/wp-content\/uploads\/2019\/07\/pedro_cortegoso_opinion_a_nova_peneira_bn.jpg\" alt=\"Pedro M. Cortegoso Gago Artigo Opini\u00f3n A Nova Peneira\" class=\"wp-image-464\" style=\"width:79px;height:auto\"\/><figcaption class=\"wp-element-caption\">Pedro M. Cortegoso Gago\nTraballador do Sergas<\/figcaption><\/figure>\n\n\n\n<p>Non fai moito tempo era habitual que en Galiza se fora a luz e tiv\u00e9ramos que pasar horas e horas ilumin\u00e1ndonos con candeas ou lanternas. Normalmente isto acontec\u00eda cando hab\u00eda mal tempo e a choiva e o vento fac\u00edan das s\u00faas nunhas li\u00f1as deterioradas que non chegaban a todos os recunchos do noso pa\u00eds. Por iso que o apagamento acontecido o pasado 28 de abril a moitos xa nos colleu adestrados e sen necesidade de mercar as presas un kit de supervivencia.<\/p>\n\n\n\n<p>A pesares de ter os nosos vales asolagados para producir electricidade en grandes encoros, a prioridade non era nen \u00e9 darnos servizo sen\u00f3n enviar esta enerx\u00eda a Madrid. Niso non cambiou moito o conto e fomos dos \u00faltimos en volver a ter enerx\u00eda. A electricidade e os beneficios seguen indo para f\u00f3ra.<\/p>\n\n\n\n<p>Por\u00e9n, hoxe o tempo dos asolagamentos dou paso \u00e1 especulaci\u00f3n da renov\u00e1beis que encheu os nosos montes de mu\u00ed\u00f1os de vento e a meseta espa\u00f1ola de placas solares. Alg\u00fans entendidos na materia din que o \u201cpelotazo\u201d renov\u00e1bel e a s\u00faa proliferaci\u00f3n descontrolada poden estar detr\u00e1s do colapso do sistema el\u00e9ctrico do pasado 28 de abril. Desconectar as plantas de produci\u00f3n solar e e\u00f3lica non pasaba pola cabeza dunhas empresas que te\u00f1en unhas ganancias garantidas, a\u00ednda que o prezo da enerx\u00edas sexa de cero euros no mercado.<\/p>\n\n\n\n<p>Se o acontecido \u00e9 preocupante e alterou por unhas horas as nosas vidas, creo que tam\u00e9n o \u00e9 escoitar ao Presidente do Goberno Espa\u00f1ol na s\u00faa comparecencia ante os medios dicir que non ten nin idea do que pasou. Como \u00e9 preocupante que Red El\u00e9ctrica de Espa\u00f1a (REE), onde o estado ten o 20% das acci\u00f3ns, e as compa\u00f1\u00edas el\u00e9ctricas non lle dean informaci\u00f3n, cando te\u00f1en os datos e saben o que pasou realmente.<\/p>\n\n\n\n<p><strong>Quen manda no estado espa\u00f1ol? <\/strong><strong>A<\/strong><strong>s el\u00e9ctricas? <\/strong>Parece que si, que mandan e mandan moito. E os que obedecen son recompensados con postos nos consellos de administraci\u00f3n e grandes remuneraci\u00f3ns, como os ex-presidentes Felipe Gonz\u00e1lez e Aznar. E estas empresas non lle fan ascos a ning\u00fan partido, sexan PSOE, PP ou o PNV.<\/p>\n\n\n\n<p>O sector el\u00e9ctrico no estado espa\u00f1ol est\u00e1 repartido entre unhas poucas trasnacionais: Iberdrola, Natugy, Endesa, EDP e Repsol. Estas empresas aumentaron as tarifas entre o ano 2018 e 2021 nun 500%, convertendo o recibo da luz nun problema m\u00e1is para a subsistencia da maior\u00eda. Con total impunidade baleiran embalses, para producir electricidade barata, po\u00f1endo en perigo o subministro de auga \u00e1 poboaci\u00f3n e \u00e1 agricultura.<\/p>\n\n\n\n<p>A encargada de controlar o subministro da electricidade polas li\u00f1as de alta tensi\u00f3n \u00e9 unha empresa privatizada, Red El\u00e9ctrica de Espa\u00f1a (refuxio de personaxes do PSOE e do PP), e a\u00ednda que o 20% pertence ao estado por medio da SEPI, o 80% restante das acci\u00f3ns cotizan nos mercados financeiros. E xa sabemos que o \u00fanico importante nunha empresa privada \u00e9 encher os petos dos accionistas.<\/p>\n\n\n\n<p>Cada vez que prendemos a luz pagamos os \u201cservizos\u201d de Red El\u00e9ctrica de Espa\u00f1a, as peaxes que aparecen nas facturas, e de paso facemos un pouco m\u00e1is rico a Amancio Ortega ou aos propietarios de BlackRock (o maior fondo de especulaci\u00f3n do mundo).<\/p>\n\n\n\n<p><strong>A privatizaci\u00f3n e a nosa dependencia son o problema.<\/strong><\/p>\n\n\n\n<p>O problema \u00e9 a privatizaci\u00f3n do sistema el\u00e9ctrico no estado espa\u00f1ol, as empresas privadas non est\u00e1n para satisfacer as nosas necesidades, nin para garantir a seguridade do subministro el\u00e9ctrico. Est\u00e1n para ga\u00f1ar cartos, e cantos m\u00e1is mellor. Por iso non lles importa se as li\u00f1as e as instalaci\u00f3ns est\u00e1n en condici\u00f3ns, ou se meten na rede moita produci\u00f3n para seguir ga\u00f1ando cartos.<\/p>\n\n\n\n<p>O problema \u00e9 que Galiza non ten capacidade para planificar a sua produci\u00f3n e distribuci\u00f3n de enerx\u00eda. A que temos est\u00e1 dese\u00f1ada desde os tempos de Franco para subministrar enerx\u00eda barata a outras zonas do estado espa\u00f1ol. Os encoros e os parques e\u00f3licos non se colocan en funci\u00f3n das nosas necesidades, fanse para aumentar os beneficios de grandes empresas \u00e1s que non lles importan as nosas aldeas, os nosos vales, os nosos montes e as nosas r\u00edas.<\/p>\n\n\n\n<p>Seguimos sendo unha colonia e o noso papel \u00e9 de subministradores de cousas baratas a Espa\u00f1a, sexa enerx\u00eda, materias primas ou persoas. Por iso temos que apandar con e\u00f3licos e celulosas mentres fechan explotaci\u00f3ns gandeiras e despezan barcos pesqueiros.<\/p>\n\n\n\n<p>Vai sendo hora de que organicemos os nosos apagamentos, nacionalicemos as el\u00e9ctricas e desconect\u00e9monos de Espa\u00f1a.<\/p>\n\n\n\n<p>Mar\u00edn, 2 de maio de 2025.<\/p>\n\n\n\n<p>Asdo: Pedro M. Cortegoso Gago<\/p>\n","protected":false},"excerpt":{"rendered":"<div class=\"mh-excerpt\"><p>Non fai moito tempo era habitual que en Galiza se fora a luz e tiv\u00e9ramos que pasar horas e horas ilumin\u00e1ndonos con candeas ou lanternas. <a class=\"mh-excerpt-more\" href=\"https:\/\/www.anovapeneira.gal\/index.php\/2025\/05\/09\/apaga-o-candil\/\" title=\"Apaga o candil\">[&#8230;]<\/a><\/p>\n<\/div>","protected":false},"author":4,"featured_media":584,"comment_status":"open","ping_status":"open","sticky":false,"template":"","format":"standard","meta":{"_exactmetrics_skip_tracking":false,"_exactmetrics_sitenote_active":false,"_exactmetrics_sitenote_note":"","_exactmetrics_sitenote_category":0,"footnotes":""},"categories":[7],"tags":[],"class_list":{"0":"post-13863","1":"post","2":"type-post","3":"status-publish","4":"format-standard","5":"has-post-thumbnail","7":"category-artigos-de-opinion"},"yoast_head":"<!-- This site is optimized with the Yoast SEO plugin v27.4 - https:\/\/yoast.com\/product\/yoast-seo-wordpress\/ -->\n<title>Apaga o candil -<\/title>\n<meta name=\"robots\" content=\"index, follow, max-snippet:-1, max-image-preview:large, max-video-preview:-1\" \/>\n<link rel=\"canonical\" href=\"https:\/\/www.anovapeneira.gal\/index.php\/2025\/05\/09\/apaga-o-candil\/\" \/>\n<meta property=\"og:locale\" content=\"gl_ES\" \/>\n<meta property=\"og:type\" content=\"article\" \/>\n<meta property=\"og:title\" content=\"Apaga o candil -\" \/>\n<meta property=\"og:description\" content=\"Non fai moito tempo era habitual que en Galiza se fora a luz e tiv\u00e9ramos que pasar horas e horas ilumin\u00e1ndonos con candeas ou lanternas. [...]\" \/>\n<meta property=\"og:url\" content=\"https:\/\/www.anovapeneira.gal\/index.php\/2025\/05\/09\/apaga-o-candil\/\" \/>\n<meta property=\"article:publisher\" content=\"https:\/\/www.facebook.com\/anovapeneira\" \/>\n<meta property=\"article:published_time\" content=\"2025-05-09T08:00:07+00:00\" \/>\n<meta property=\"og:image\" content=\"https:\/\/www.anovapeneira.gal\/wp-content\/uploads\/2019\/07\/ARTIGO_DE_OPINION_A_NOVA_PENEIRA.jpg\" \/>\n\t<meta property=\"og:image:width\" content=\"720\" \/>\n\t<meta property=\"og:image:height\" content=\"473\" \/>\n\t<meta property=\"og:image:type\" content=\"image\/jpeg\" \/>\n<meta name=\"author\" content=\"Pedro M. Cortegoso Gago\" \/>\n<meta name=\"twitter:card\" content=\"summary_large_image\" \/>\n<meta name=\"twitter:creator\" content=\"@APeneira\" \/>\n<meta name=\"twitter:site\" content=\"@APeneira\" \/>\n<meta name=\"twitter:label1\" content=\"Escrito por\" \/>\n\t<meta name=\"twitter:data1\" content=\"Pedro M. Cortegoso Gago\" \/>\n\t<meta name=\"twitter:label2\" content=\"Tempo de lectura\" \/>\n\t<meta name=\"twitter:data2\" content=\"5 minutos\" \/>\n<script type=\"application\/ld+json\" class=\"yoast-schema-graph\">{\"@context\":\"https:\\\/\\\/schema.org\",\"@graph\":[{\"@type\":\"Article\",\"@id\":\"https:\\\/\\\/www.anovapeneira.gal\\\/index.php\\\/2025\\\/05\\\/09\\\/apaga-o-candil\\\/#article\",\"isPartOf\":{\"@id\":\"https:\\\/\\\/www.anovapeneira.gal\\\/index.php\\\/2025\\\/05\\\/09\\\/apaga-o-candil\\\/\"},\"author\":{\"name\":\"Pedro M. Cortegoso Gago\",\"@id\":\"https:\\\/\\\/www.anovapeneira.gal\\\/#\\\/schema\\\/person\\\/c04a9c9f722c9446e71ae434c0353337\"},\"headline\":\"Apaga o candil\",\"datePublished\":\"2025-05-09T08:00:07+00:00\",\"mainEntityOfPage\":{\"@id\":\"https:\\\/\\\/www.anovapeneira.gal\\\/index.php\\\/2025\\\/05\\\/09\\\/apaga-o-candil\\\/\"},\"wordCount\":816,\"commentCount\":0,\"publisher\":{\"@id\":\"https:\\\/\\\/www.anovapeneira.gal\\\/#organization\"},\"image\":{\"@id\":\"https:\\\/\\\/www.anovapeneira.gal\\\/index.php\\\/2025\\\/05\\\/09\\\/apaga-o-candil\\\/#primaryimage\"},\"thumbnailUrl\":\"https:\\\/\\\/www.anovapeneira.gal\\\/wp-content\\\/uploads\\\/2019\\\/07\\\/ARTIGO_DE_OPINION_A_NOVA_PENEIRA.jpg\",\"articleSection\":[\"Artigos de opini\u00f3n\"],\"inLanguage\":\"gl-ES\",\"potentialAction\":[{\"@type\":\"CommentAction\",\"name\":\"Comment\",\"target\":[\"https:\\\/\\\/www.anovapeneira.gal\\\/index.php\\\/2025\\\/05\\\/09\\\/apaga-o-candil\\\/#respond\"]}]},{\"@type\":\"WebPage\",\"@id\":\"https:\\\/\\\/www.anovapeneira.gal\\\/index.php\\\/2025\\\/05\\\/09\\\/apaga-o-candil\\\/\",\"url\":\"https:\\\/\\\/www.anovapeneira.gal\\\/index.php\\\/2025\\\/05\\\/09\\\/apaga-o-candil\\\/\",\"name\":\"Apaga o candil -\",\"isPartOf\":{\"@id\":\"https:\\\/\\\/www.anovapeneira.gal\\\/#website\"},\"primaryImageOfPage\":{\"@id\":\"https:\\\/\\\/www.anovapeneira.gal\\\/index.php\\\/2025\\\/05\\\/09\\\/apaga-o-candil\\\/#primaryimage\"},\"image\":{\"@id\":\"https:\\\/\\\/www.anovapeneira.gal\\\/index.php\\\/2025\\\/05\\\/09\\\/apaga-o-candil\\\/#primaryimage\"},\"thumbnailUrl\":\"https:\\\/\\\/www.anovapeneira.gal\\\/wp-content\\\/uploads\\\/2019\\\/07\\\/ARTIGO_DE_OPINION_A_NOVA_PENEIRA.jpg\",\"datePublished\":\"2025-05-09T08:00:07+00:00\",\"breadcrumb\":{\"@id\":\"https:\\\/\\\/www.anovapeneira.gal\\\/index.php\\\/2025\\\/05\\\/09\\\/apaga-o-candil\\\/#breadcrumb\"},\"inLanguage\":\"gl-ES\",\"potentialAction\":[{\"@type\":\"ReadAction\",\"target\":[\"https:\\\/\\\/www.anovapeneira.gal\\\/index.php\\\/2025\\\/05\\\/09\\\/apaga-o-candil\\\/\"]}]},{\"@type\":\"ImageObject\",\"inLanguage\":\"gl-ES\",\"@id\":\"https:\\\/\\\/www.anovapeneira.gal\\\/index.php\\\/2025\\\/05\\\/09\\\/apaga-o-candil\\\/#primaryimage\",\"url\":\"https:\\\/\\\/www.anovapeneira.gal\\\/wp-content\\\/uploads\\\/2019\\\/07\\\/ARTIGO_DE_OPINION_A_NOVA_PENEIRA.jpg\",\"contentUrl\":\"https:\\\/\\\/www.anovapeneira.gal\\\/wp-content\\\/uploads\\\/2019\\\/07\\\/ARTIGO_DE_OPINION_A_NOVA_PENEIRA.jpg\",\"width\":720,\"height\":473,\"caption\":\"Artigo de opini\u00f3n A Nova Peneira\"},{\"@type\":\"BreadcrumbList\",\"@id\":\"https:\\\/\\\/www.anovapeneira.gal\\\/index.php\\\/2025\\\/05\\\/09\\\/apaga-o-candil\\\/#breadcrumb\",\"itemListElement\":[{\"@type\":\"ListItem\",\"position\":1,\"name\":\"Portada\",\"item\":\"https:\\\/\\\/www.anovapeneira.gal\\\/\"},{\"@type\":\"ListItem\",\"position\":2,\"name\":\"Apaga o candil\"}]},{\"@type\":\"WebSite\",\"@id\":\"https:\\\/\\\/www.anovapeneira.gal\\\/#website\",\"url\":\"https:\\\/\\\/www.anovapeneira.gal\\\/\",\"name\":\"\",\"description\":\"Xornal galego de informaci\u00f3n xeral Publicaci\u00f3n mensual de novas de Galicia e en especial dos Concellos da sur da provincia de Pontevedra.\",\"publisher\":{\"@id\":\"https:\\\/\\\/www.anovapeneira.gal\\\/#organization\"},\"potentialAction\":[{\"@type\":\"SearchAction\",\"target\":{\"@type\":\"EntryPoint\",\"urlTemplate\":\"https:\\\/\\\/www.anovapeneira.gal\\\/?s={search_term_string}\"},\"query-input\":{\"@type\":\"PropertyValueSpecification\",\"valueRequired\":true,\"valueName\":\"search_term_string\"}}],\"inLanguage\":\"gl-ES\"},{\"@type\":\"Organization\",\"@id\":\"https:\\\/\\\/www.anovapeneira.gal\\\/#organization\",\"name\":\"A Nova Peneira\",\"url\":\"https:\\\/\\\/www.anovapeneira.gal\\\/\",\"logo\":{\"@type\":\"ImageObject\",\"inLanguage\":\"gl-ES\",\"@id\":\"https:\\\/\\\/www.anovapeneira.gal\\\/#\\\/schema\\\/logo\\\/image\\\/\",\"url\":\"http:\\\/\\\/www.anovapeneira.gal\\\/wp-content\\\/uploads\\\/2019\\\/06\\\/logo_a_nova_peneira_portal_web.png\",\"contentUrl\":\"http:\\\/\\\/www.anovapeneira.gal\\\/wp-content\\\/uploads\\\/2019\\\/06\\\/logo_a_nova_peneira_portal_web.png\",\"width\":300,\"height\":100,\"caption\":\"A Nova Peneira\"},\"image\":{\"@id\":\"https:\\\/\\\/www.anovapeneira.gal\\\/#\\\/schema\\\/logo\\\/image\\\/\"},\"sameAs\":[\"https:\\\/\\\/www.facebook.com\\\/anovapeneira\",\"https:\\\/\\\/x.com\\\/APeneira\"]},{\"@type\":\"Person\",\"@id\":\"https:\\\/\\\/www.anovapeneira.gal\\\/#\\\/schema\\\/person\\\/c04a9c9f722c9446e71ae434c0353337\",\"name\":\"Pedro M. Cortegoso Gago\",\"image\":{\"@type\":\"ImageObject\",\"inLanguage\":\"gl-ES\",\"@id\":\"https:\\\/\\\/secure.gravatar.com\\\/avatar\\\/1613b27278a972c04db5c2f04fb2cbfa9edb58d6c3e2547817ecb8240eb58381?s=96&d=mm&r=g\",\"url\":\"https:\\\/\\\/secure.gravatar.com\\\/avatar\\\/1613b27278a972c04db5c2f04fb2cbfa9edb58d6c3e2547817ecb8240eb58381?s=96&d=mm&r=g\",\"contentUrl\":\"https:\\\/\\\/secure.gravatar.com\\\/avatar\\\/1613b27278a972c04db5c2f04fb2cbfa9edb58d6c3e2547817ecb8240eb58381?s=96&d=mm&r=g\",\"caption\":\"Pedro M. Cortegoso Gago\"},\"sameAs\":[\"http:\\\/\\\/anovapeneira.gal\"],\"url\":\"https:\\\/\\\/www.anovapeneira.gal\\\/index.php\\\/author\\\/opinionpcortegoso\\\/\"}]}<\/script>\n<!-- \/ Yoast SEO plugin. -->","yoast_head_json":{"title":"Apaga o candil -","robots":{"index":"index","follow":"follow","max-snippet":"max-snippet:-1","max-image-preview":"max-image-preview:large","max-video-preview":"max-video-preview:-1"},"canonical":"https:\/\/www.anovapeneira.gal\/index.php\/2025\/05\/09\/apaga-o-candil\/","og_locale":"gl_ES","og_type":"article","og_title":"Apaga o candil -","og_description":"Non fai moito tempo era habitual que en Galiza se fora a luz e tiv\u00e9ramos que pasar horas e horas ilumin\u00e1ndonos con candeas ou lanternas. [...]","og_url":"https:\/\/www.anovapeneira.gal\/index.php\/2025\/05\/09\/apaga-o-candil\/","article_publisher":"https:\/\/www.facebook.com\/anovapeneira","article_published_time":"2025-05-09T08:00:07+00:00","og_image":[{"width":720,"height":473,"url":"https:\/\/www.anovapeneira.gal\/wp-content\/uploads\/2019\/07\/ARTIGO_DE_OPINION_A_NOVA_PENEIRA.jpg","type":"image\/jpeg"}],"author":"Pedro M. Cortegoso Gago","twitter_card":"summary_large_image","twitter_creator":"@APeneira","twitter_site":"@APeneira","twitter_misc":{"Escrito por":"Pedro M. Cortegoso Gago","Tempo de lectura":"5 minutos"},"schema":{"@context":"https:\/\/schema.org","@graph":[{"@type":"Article","@id":"https:\/\/www.anovapeneira.gal\/index.php\/2025\/05\/09\/apaga-o-candil\/#article","isPartOf":{"@id":"https:\/\/www.anovapeneira.gal\/index.php\/2025\/05\/09\/apaga-o-candil\/"},"author":{"name":"Pedro M. Cortegoso Gago","@id":"https:\/\/www.anovapeneira.gal\/#\/schema\/person\/c04a9c9f722c9446e71ae434c0353337"},"headline":"Apaga o candil","datePublished":"2025-05-09T08:00:07+00:00","mainEntityOfPage":{"@id":"https:\/\/www.anovapeneira.gal\/index.php\/2025\/05\/09\/apaga-o-candil\/"},"wordCount":816,"commentCount":0,"publisher":{"@id":"https:\/\/www.anovapeneira.gal\/#organization"},"image":{"@id":"https:\/\/www.anovapeneira.gal\/index.php\/2025\/05\/09\/apaga-o-candil\/#primaryimage"},"thumbnailUrl":"https:\/\/www.anovapeneira.gal\/wp-content\/uploads\/2019\/07\/ARTIGO_DE_OPINION_A_NOVA_PENEIRA.jpg","articleSection":["Artigos de opini\u00f3n"],"inLanguage":"gl-ES","potentialAction":[{"@type":"CommentAction","name":"Comment","target":["https:\/\/www.anovapeneira.gal\/index.php\/2025\/05\/09\/apaga-o-candil\/#respond"]}]},{"@type":"WebPage","@id":"https:\/\/www.anovapeneira.gal\/index.php\/2025\/05\/09\/apaga-o-candil\/","url":"https:\/\/www.anovapeneira.gal\/index.php\/2025\/05\/09\/apaga-o-candil\/","name":"Apaga o candil -","isPartOf":{"@id":"https:\/\/www.anovapeneira.gal\/#website"},"primaryImageOfPage":{"@id":"https:\/\/www.anovapeneira.gal\/index.php\/2025\/05\/09\/apaga-o-candil\/#primaryimage"},"image":{"@id":"https:\/\/www.anovapeneira.gal\/index.php\/2025\/05\/09\/apaga-o-candil\/#primaryimage"},"thumbnailUrl":"https:\/\/www.anovapeneira.gal\/wp-content\/uploads\/2019\/07\/ARTIGO_DE_OPINION_A_NOVA_PENEIRA.jpg","datePublished":"2025-05-09T08:00:07+00:00","breadcrumb":{"@id":"https:\/\/www.anovapeneira.gal\/index.php\/2025\/05\/09\/apaga-o-candil\/#breadcrumb"},"inLanguage":"gl-ES","potentialAction":[{"@type":"ReadAction","target":["https:\/\/www.anovapeneira.gal\/index.php\/2025\/05\/09\/apaga-o-candil\/"]}]},{"@type":"ImageObject","inLanguage":"gl-ES","@id":"https:\/\/www.anovapeneira.gal\/index.php\/2025\/05\/09\/apaga-o-candil\/#primaryimage","url":"https:\/\/www.anovapeneira.gal\/wp-content\/uploads\/2019\/07\/ARTIGO_DE_OPINION_A_NOVA_PENEIRA.jpg","contentUrl":"https:\/\/www.anovapeneira.gal\/wp-content\/uploads\/2019\/07\/ARTIGO_DE_OPINION_A_NOVA_PENEIRA.jpg","width":720,"height":473,"caption":"Artigo de opini\u00f3n A Nova Peneira"},{"@type":"BreadcrumbList","@id":"https:\/\/www.anovapeneira.gal\/index.php\/2025\/05\/09\/apaga-o-candil\/#breadcrumb","itemListElement":[{"@type":"ListItem","position":1,"name":"Portada","item":"https:\/\/www.anovapeneira.gal\/"},{"@type":"ListItem","position":2,"name":"Apaga o candil"}]},{"@type":"WebSite","@id":"https:\/\/www.anovapeneira.gal\/#website","url":"https:\/\/www.anovapeneira.gal\/","name":"","description":"Xornal galego de informaci\u00f3n xeral Publicaci\u00f3n mensual de novas de Galicia e en especial dos Concellos da sur da provincia de Pontevedra.","publisher":{"@id":"https:\/\/www.anovapeneira.gal\/#organization"},"potentialAction":[{"@type":"SearchAction","target":{"@type":"EntryPoint","urlTemplate":"https:\/\/www.anovapeneira.gal\/?s={search_term_string}"},"query-input":{"@type":"PropertyValueSpecification","valueRequired":true,"valueName":"search_term_string"}}],"inLanguage":"gl-ES"},{"@type":"Organization","@id":"https:\/\/www.anovapeneira.gal\/#organization","name":"A Nova Peneira","url":"https:\/\/www.anovapeneira.gal\/","logo":{"@type":"ImageObject","inLanguage":"gl-ES","@id":"https:\/\/www.anovapeneira.gal\/#\/schema\/logo\/image\/","url":"http:\/\/www.anovapeneira.gal\/wp-content\/uploads\/2019\/06\/logo_a_nova_peneira_portal_web.png","contentUrl":"http:\/\/www.anovapeneira.gal\/wp-content\/uploads\/2019\/06\/logo_a_nova_peneira_portal_web.png","width":300,"height":100,"caption":"A Nova Peneira"},"image":{"@id":"https:\/\/www.anovapeneira.gal\/#\/schema\/logo\/image\/"},"sameAs":["https:\/\/www.facebook.com\/anovapeneira","https:\/\/x.com\/APeneira"]},{"@type":"Person","@id":"https:\/\/www.anovapeneira.gal\/#\/schema\/person\/c04a9c9f722c9446e71ae434c0353337","name":"Pedro M. Cortegoso Gago","image":{"@type":"ImageObject","inLanguage":"gl-ES","@id":"https:\/\/secure.gravatar.com\/avatar\/1613b27278a972c04db5c2f04fb2cbfa9edb58d6c3e2547817ecb8240eb58381?s=96&d=mm&r=g","url":"https:\/\/secure.gravatar.com\/avatar\/1613b27278a972c04db5c2f04fb2cbfa9edb58d6c3e2547817ecb8240eb58381?s=96&d=mm&r=g","contentUrl":"https:\/\/secure.gravatar.com\/avatar\/1613b27278a972c04db5c2f04fb2cbfa9edb58d6c3e2547817ecb8240eb58381?s=96&d=mm&r=g","caption":"Pedro M. Cortegoso Gago"},"sameAs":["http:\/\/anovapeneira.gal"],"url":"https:\/\/www.anovapeneira.gal\/index.php\/author\/opinionpcortegoso\/"}]}},"jetpack_featured_media_url":"https:\/\/www.anovapeneira.gal\/wp-content\/uploads\/2019\/07\/ARTIGO_DE_OPINION_A_NOVA_PENEIRA.jpg","_links":{"self":[{"href":"https:\/\/www.anovapeneira.gal\/index.php\/wp-json\/wp\/v2\/posts\/13863","targetHints":{"allow":["GET"]}}],"collection":[{"href":"https:\/\/www.anovapeneira.gal\/index.php\/wp-json\/wp\/v2\/posts"}],"about":[{"href":"https:\/\/www.anovapeneira.gal\/index.php\/wp-json\/wp\/v2\/types\/post"}],"author":[{"embeddable":true,"href":"https:\/\/www.anovapeneira.gal\/index.php\/wp-json\/wp\/v2\/users\/4"}],"replies":[{"embeddable":true,"href":"https:\/\/www.anovapeneira.gal\/index.php\/wp-json\/wp\/v2\/comments?post=13863"}],"version-history":[{"count":1,"href":"https:\/\/www.anovapeneira.gal\/index.php\/wp-json\/wp\/v2\/posts\/13863\/revisions"}],"predecessor-version":[{"id":13864,"href":"https:\/\/www.anovapeneira.gal\/index.php\/wp-json\/wp\/v2\/posts\/13863\/revisions\/13864"}],"wp:featuredmedia":[{"embeddable":true,"href":"https:\/\/www.anovapeneira.gal\/index.php\/wp-json\/wp\/v2\/media\/584"}],"wp:attachment":[{"href":"https:\/\/www.anovapeneira.gal\/index.php\/wp-json\/wp\/v2\/media?parent=13863"}],"wp:term":[{"taxonomy":"category","embeddable":true,"href":"https:\/\/www.anovapeneira.gal\/index.php\/wp-json\/wp\/v2\/categories?post=13863"},{"taxonomy":"post_tag","embeddable":true,"href":"https:\/\/www.anovapeneira.gal\/index.php\/wp-json\/wp\/v2\/tags?post=13863"}],"curies":[{"name":"wp","href":"https:\/\/api.w.org\/{rel}","templated":true}]}}