{"id":13865,"date":"2025-05-09T12:00:46","date_gmt":"2025-05-09T10:00:46","guid":{"rendered":"https:\/\/www.anovapeneira.gal\/?p=13865"},"modified":"2025-05-05T10:11:01","modified_gmt":"2025-05-05T08:11:01","slug":"aitor-bouzada-presidente-do-tomino-fc","status":"publish","type":"post","link":"https:\/\/www.anovapeneira.gal\/index.php\/2025\/05\/09\/aitor-bouzada-presidente-do-tomino-fc\/","title":{"rendered":"Aitor Bouzada, presidente do Tomi\u00f1o FC"},"content":{"rendered":"\n<p><strong>O pasado ano o Tomi\u00f1o FC escoll\u00eda aun novo presidente, un mozo moi novo que acced\u00eda ao cargo con moita ilusi\u00f3n e ga\u00f1as de facer ben as cousas. No seu primeiro ano na presidencia logrou o ascenso a 1\u00ba categor\u00eda auton\u00f3mica e crear catro equipos de canteira, pois ata o momento o Tomi\u00f1o s\u00f3 ti\u00f1a equipo s\u00e9nior e equipo de veteranos, al\u00e9n dun importante aumento no n\u00famero de socios e de socias, co que semella que a s\u00faa xesti\u00f3n pode cualificarse de momento como un \u00e9xito. N\u00f3s acheg\u00e1monos ata o Alivio para,un ano despois, volver conversar con Aitor e ver como marchan as cousas para o Tomi\u00f1o FC.<\/strong><\/p>\n\n\n\n<h2 class=\"wp-block-heading\">\u201c<strong>A preferente \u00e9 a nosa categor\u00eda natural. Debemos tratar de ascender e consolidarnos\u201d<\/strong><\/h2>\n\n\n\n<p><strong>Cando falamos o ano pasado o equipo compet\u00eda na 2\u00ba auton\u00f3mica. Coment\u00e1raseme que o obxectivo deportivo era claramente o ascenso. Misi\u00f3n cumprida, verdade?<\/strong><\/p>\n\n\n\n<blockquote class=\"wp-block-quote is-layout-flow wp-block-quote-is-layout-flow\">\n<p>Si, a pasada temporada cumprimos o obxectivo, e grazas a Deus puidemos acadar o ascenso.<\/p>\n<\/blockquote>\n\n\n\n<p><strong>Ben,con respecto absoluto \u00e1s t\u00faas crenzas, eu creo que Deus non existe, e se puidestes ascender ser\u00eda porque fixestes ben as cousas, supo\u00f1o?<\/strong><\/p>\n\n\n\n<blockquote class=\"wp-block-quote is-layout-flow wp-block-quote-is-layout-flow\">\n<p>Ha, ha,, ha, ha&#8230;En calquera caso grazas pola t\u00faa valoraci\u00f3n positiva. Seguro que sempre se pode facer mellor, pero o certo \u00e9 que o ascenso do ano pasado foi unha enorme alegr\u00eda tanto persoal como colectiva para toda as persoas que formamos este proxecto.<\/p>\n<\/blockquote>\n\n\n\n<p><strong>Este ano o obxectivo ser\u00eda conservar a categor\u00eda?<\/strong><\/p>\n\n\n\n<blockquote class=\"wp-block-quote is-layout-flow wp-block-quote-is-layout-flow\">\n<p>Si, e a falta de d\u00faas xornadas para rematar a liga<strong>( facemos esta entrevista o 3 de maio), <\/strong>xa acadamos o obxectivo, e a temporada vindeira, tam\u00e9n competiremos en primeira.<\/p>\n<\/blockquote>\n\n\n\n<p><strong>Custou moito manter a categor\u00eda?<\/strong><\/p>\n\n\n\n<blockquote class=\"wp-block-quote is-layout-flow wp-block-quote-is-layout-flow\">\n<p>Si, basicamente porque \u00e9 unha liga moi igualada.<\/p>\n<\/blockquote>\n\n\n\n<p><strong>So\u00f1ar cun Tomi\u00f1o en preferente a medio prazo, \u00e9 un obxectivo realista?<\/strong><\/p>\n\n\n\n<blockquote class=\"wp-block-quote is-layout-flow wp-block-quote-is-layout-flow\">\n<p>Non \u00e9 unha meta doada, pero tampouco \u00e9 nin moito menos imposible. \u00c9 realista, si, dif\u00edcil pero posible. A min ilusi\u00f3name unha barbaridade so\u00f1ar cun Tomi\u00f1o en preferente, e aseg\u00faroche que vou pelexar todo o que poida para tratar de converter o desexo en realidade.<\/p>\n<\/blockquote>\n\n\n\n<blockquote class=\"wp-block-quote is-layout-flow wp-block-quote-is-layout-flow\">\n<p>Toda a directiva temos claro que na seguinte temporada debemos dar un salto de calidade para intentar estar nos postos de arriba.<\/p>\n<\/blockquote>\n\n\n\n<p><strong>Cal \u00e9 a categor\u00eda natural na que deber\u00eda consolidarse o Tomi\u00f1o, por poboaci\u00f3n, afecci\u00f3n e capacidade econ\u00f3mica?<\/strong><\/p>\n\n\n\n<blockquote class=\"wp-block-quote is-layout-flow wp-block-quote-is-layout-flow\">\n<p>O Tomi\u00f1o ten que estar en preferente e consolidarse al\u00ed. Esa \u00e9 a nosa categor\u00eda natural.<\/p>\n<\/blockquote>\n\n\n\n<p><strong>Como levastes a cuesti\u00f3n econ\u00f3mica esta temporada?<\/strong><\/p>\n\n\n\n<blockquote class=\"wp-block-quote is-layout-flow wp-block-quote-is-layout-flow\">\n<p>Bastante ben. Tivemos unha suba importante de socios e de socias, estamos case en 400. O grande apoio do pobo de Tomi\u00f1o axudounos moito, e aproveito as vosas p\u00e1xinas para expresar o meu agradecemento m\u00e1is profundo aos socios, colaboradores e patrocinadores.<\/p>\n<\/blockquote>\n\n\n\n<p><strong>O Concello que tal se portou con v\u00f3s este ano?<\/strong><\/p>\n\n\n\n<blockquote class=\"wp-block-quote is-layout-flow wp-block-quote-is-layout-flow\">\n<p>O Concello sempre nos apoiou. Como \u00e9 normal aspiramos a m\u00e1is, pero somos conscientes de que en Tomi\u00f1o hai moitos clubs, e hai que repartir para todos.<\/p>\n<\/blockquote>\n\n\n\n<p><strong>O ano pasado s\u00f3 ti\u00f1ades dous equipos: S\u00e9niors e veteranos. Dix\u00e9rasme que unha das t\u00faas teimas m\u00e1is importantes era facer canteira. Consegu\u00edstelo?<\/strong><\/p>\n\n\n\n<blockquote class=\"wp-block-quote is-layout-flow wp-block-quote-is-layout-flow\">\n<p>Non fomos capaces de quitar todos os equipos que queriamos, pero penso que o resultado do traballo foi bastante bo. Fixemos catro equipos de canteira. Pasamos de 2 a 6 equipos, e para ser s\u00f3 nun ano coido que podemos estar satisfeitos. Quixera salientar o tremendo \u00e9xito do noso equipo cadete que no seu primeiro ano de vida vai disputar a fase de ascenso.<\/p>\n<\/blockquote>\n\n\n\n<blockquote class=\"wp-block-quote is-layout-flow wp-block-quote-is-layout-flow\">\n<p>Para min, mirar aos nenos no campo do Alivio \u00e9 algo que me gratifica enormemente, se cadra \u00e9 o que m\u00e1is satisfacci\u00f3n me d\u00e1 desta etapa na presidencia.<\/p>\n<\/blockquote>\n\n\n\n<p><strong>A situaci\u00f3n do f\u00fatbol en Tomi\u00f1o \u00e9 un tanto xerogl\u00edfica. Con independencia dos equipos das parroquias, na propia vila hai 3 equipos distintos: o feminino, o AD e v\u00f3s. Oll\u00e1ndoo desde f\u00f3ra parece pouco sensato. Non hai posibilidade de cami\u00f1ar cara a unha integraci\u00f3n?<\/strong><\/p>\n\n\n\n<blockquote class=\"wp-block-quote is-layout-flow wp-block-quote-is-layout-flow\">\n<p>A min tam\u00e9n me parece pouco sensato. Agora mesmo non, non a hai. E non precisamente por n\u00f3s. Agora ben,a vida d\u00e1 moitas voltas e no futuro xa se ver\u00e1. S\u00f3 podo dicir ao respecto que mentres eu sexa presidente os outros dous equipos de Tomi\u00f1o sempre me van encontrar coa man tendida e con plena disposici\u00f3n ao di\u00e1logo respectuoso e leal, por suposto que sen ning\u00fan tipo de apriorismo.<\/p>\n<\/blockquote>\n\n\n\n<p><strong>Outra cuesti\u00f3n que me comentaras o ano pasado \u00e9 que a directiva estaba composta por 8 homes e 0 mulleres, e que ti\u00f1as a intenci\u00f3n de incorporar a algunha muller. Consegu\u00edstelo?<\/strong><\/p>\n\n\n\n<blockquote class=\"wp-block-quote is-layout-flow wp-block-quote-is-layout-flow\">\n<p>Non de todo, pero estamos no cami\u00f1o e acabaremos por conseguilo. Na directiva a\u00ednda non, pero temos varias mulleres que colaboran con n\u00f3s no d\u00eda a d\u00eda do club.<\/p>\n<\/blockquote>\n\n\n\n<p><strong>Cantas fichas tedes?<\/strong><\/p>\n\n\n\n<blockquote class=\"wp-block-quote is-layout-flow wp-block-quote-is-layout-flow\">\n<p>Arredor de 80.<\/p>\n<\/blockquote>\n\n\n\n<p><strong>Como levas a combinaci\u00f3n da presidencia coa vida laboral e persoal?<\/strong><\/p>\n\n\n\n<blockquote class=\"wp-block-quote is-layout-flow wp-block-quote-is-layout-flow\">\n<p>Ultimamente con algo de abafo. O club exixe moito tempo e \u00e1s veces e dif\u00edcil de combinar coas outras facetas da vida. Pero afortunadamente te\u00f1o uns compa\u00f1eiros marabillosos, incluso alg\u00fan que lle dedica ao club m\u00e1is tempo ca min, que me facilitan moito o traballo.<\/p>\n<\/blockquote>\n\n\n\n<p><strong>De novo con absoluto respecto \u00e1 t\u00faa forma de pensar vasme permitir comentarche unha cuesti\u00f3n que non me gusta de v\u00f3s<\/strong><\/p>\n\n\n\n<blockquote class=\"wp-block-quote is-layout-flow wp-block-quote-is-layout-flow\">\n<p>Si, claro, o que queiras con total liberdade.<\/p>\n<\/blockquote>\n\n\n\n<p><strong>En Tomi\u00f1o hai moita xente que fala galego, e todas as vosas comunicaci\u00f3ns sempre son en idioma castel\u00e1n. Por que non facedes o esforzo de tratar de empregar tam\u00e9n o galego?<\/strong><\/p>\n\n\n\n<blockquote class=\"wp-block-quote is-layout-flow wp-block-quote-is-layout-flow\">\n<p>Pois non por nada en particular. Comezamos as\u00ed, e as\u00ed seguimos. Se eu mesmo son galego falante. Pero tomo nota da t\u00faa suxesti\u00f3n, que recibo co mesmo respecto con que a emites, e trataremos de mellorar. Eu desde logo que quero que os dous idiomas que se falan en Galicia nunca desaparezan.<\/p>\n<\/blockquote>\n\n\n\n<p><strong>Como levas ter a un Tomi\u00f1es, como Pablo Dur\u00e1n, xogando en 1\u00ba divisi\u00f3n?<\/strong><\/p>\n\n\n\n<blockquote class=\"wp-block-quote is-layout-flow wp-block-quote-is-layout-flow\">\n<p>L\u00e9voo con orgullo infinito. \u00c9 unha satisfacci\u00f3n enorme velo no Celta e velo a ese nivel. De feito antes de que chegara a 1\u00ba divisi\u00f3n n\u00f3s xa fixemos o trofeo Pablo Dur\u00e1n como homenaxe a quen \u00e9 un grande amigo noso, e un embaixador de Tomi\u00f1o polo mundo adiante.<\/p>\n<\/blockquote>\n\n\n\n<p><strong>Unha \u00faltima cuesti\u00f3n un pouco persoal. Ti de que equipo es?<\/strong><\/p>\n\n\n\n<blockquote class=\"wp-block-quote is-layout-flow wp-block-quote-is-layout-flow\">\n<p>Ha, ha, ha,ha. Son do Real Madrid.<\/p>\n<\/blockquote>\n\n\n\n<p><strong>E que opina un seareiro madridista dos v\u00eddeos de Real Madrid TV?<\/strong><\/p>\n\n\n\n<blockquote class=\"wp-block-quote is-layout-flow wp-block-quote-is-layout-flow\">\n<p>Estou en contra desde logo. O Madrid ten que estar por riba diso, e non debe de meterlle presi\u00f3n aos \u00e1rbitros de ning\u00fan modo. Os \u00e1rbitros, como calquera ser humano, \u00e1s veces erran, pero fano tanto a favor como en contra. E todos os clubs debemos de respectalos.<\/p>\n<\/blockquote>\n","protected":false},"excerpt":{"rendered":"<div class=\"mh-excerpt\"><p>O pasado ano o Tomi\u00f1o FC escoll\u00eda aun novo presidente, un mozo moi novo que acced\u00eda ao cargo con moita ilusi\u00f3n e ga\u00f1as de facer ben as cousas <a class=\"mh-excerpt-more\" href=\"https:\/\/www.anovapeneira.gal\/index.php\/2025\/05\/09\/aitor-bouzada-presidente-do-tomino-fc\/\" title=\"Aitor Bouzada, presidente do Tomi\u00f1o FC\">[&#8230;]<\/a><\/p>\n<\/div>","protected":false},"author":3,"featured_media":13866,"comment_status":"open","ping_status":"open","sticky":false,"template":"","format":"standard","meta":{"_exactmetrics_skip_tracking":false,"_exactmetrics_sitenote_active":false,"_exactmetrics_sitenote_note":"","_exactmetrics_sitenote_category":0,"footnotes":""},"categories":[491],"tags":[81],"class_list":{"0":"post-13865","1":"post","2":"type-post","3":"status-publish","4":"format-standard","5":"has-post-thumbnail","7":"category-baixo-mino-reportaxes","8":"tag-concello-de-tomino"},"yoast_head":"<!-- This site is optimized with the Yoast SEO plugin v27.4 - https:\/\/yoast.com\/product\/yoast-seo-wordpress\/ -->\n<title>Aitor Bouzada, presidente do Tomi\u00f1o FC -<\/title>\n<meta name=\"robots\" content=\"index, follow, max-snippet:-1, max-image-preview:large, max-video-preview:-1\" \/>\n<link rel=\"canonical\" href=\"https:\/\/www.anovapeneira.gal\/index.php\/2025\/05\/09\/aitor-bouzada-presidente-do-tomino-fc\/\" \/>\n<meta property=\"og:locale\" content=\"gl_ES\" \/>\n<meta property=\"og:type\" content=\"article\" \/>\n<meta property=\"og:title\" content=\"Aitor Bouzada, presidente do Tomi\u00f1o FC -\" \/>\n<meta property=\"og:description\" content=\"O pasado ano o Tomi\u00f1o FC escoll\u00eda aun novo presidente, un mozo moi novo que acced\u00eda ao cargo con moita ilusi\u00f3n e ga\u00f1as de facer ben as cousas [...]\" \/>\n<meta property=\"og:url\" content=\"https:\/\/www.anovapeneira.gal\/index.php\/2025\/05\/09\/aitor-bouzada-presidente-do-tomino-fc\/\" \/>\n<meta property=\"article:publisher\" content=\"https:\/\/www.facebook.com\/anovapeneira\" \/>\n<meta property=\"article:published_time\" content=\"2025-05-09T10:00:46+00:00\" \/>\n<meta property=\"og:image\" content=\"https:\/\/www.anovapeneira.gal\/wp-content\/uploads\/2025\/05\/tominho_fc.jpg\" \/>\n\t<meta property=\"og:image:width\" content=\"720\" \/>\n\t<meta property=\"og:image:height\" content=\"432\" \/>\n\t<meta property=\"og:image:type\" content=\"image\/jpeg\" \/>\n<meta name=\"author\" content=\"Redacci\u00f3n A Nova Peneira\" \/>\n<meta name=\"twitter:card\" content=\"summary_large_image\" \/>\n<meta name=\"twitter:creator\" content=\"@APeneira\" \/>\n<meta name=\"twitter:site\" content=\"@APeneira\" \/>\n<meta name=\"twitter:label1\" content=\"Escrito por\" \/>\n\t<meta name=\"twitter:data1\" content=\"Redacci\u00f3n A Nova Peneira\" \/>\n\t<meta name=\"twitter:label2\" content=\"Tempo de lectura\" \/>\n\t<meta name=\"twitter:data2\" content=\"3 minutos\" \/>\n<script type=\"application\/ld+json\" class=\"yoast-schema-graph\">{\"@context\":\"https:\\\/\\\/schema.org\",\"@graph\":[{\"@type\":\"Article\",\"@id\":\"https:\\\/\\\/www.anovapeneira.gal\\\/index.php\\\/2025\\\/05\\\/09\\\/aitor-bouzada-presidente-do-tomino-fc\\\/#article\",\"isPartOf\":{\"@id\":\"https:\\\/\\\/www.anovapeneira.gal\\\/index.php\\\/2025\\\/05\\\/09\\\/aitor-bouzada-presidente-do-tomino-fc\\\/\"},\"author\":{\"name\":\"Redacci\u00f3n A Nova Peneira\",\"@id\":\"https:\\\/\\\/www.anovapeneira.gal\\\/#\\\/schema\\\/person\\\/b93e3f8932e3f8da96334607eb6ac6aa\"},\"headline\":\"Aitor Bouzada, presidente do Tomi\u00f1o FC\",\"datePublished\":\"2025-05-09T10:00:46+00:00\",\"mainEntityOfPage\":{\"@id\":\"https:\\\/\\\/www.anovapeneira.gal\\\/index.php\\\/2025\\\/05\\\/09\\\/aitor-bouzada-presidente-do-tomino-fc\\\/\"},\"wordCount\":1175,\"commentCount\":0,\"publisher\":{\"@id\":\"https:\\\/\\\/www.anovapeneira.gal\\\/#organization\"},\"image\":{\"@id\":\"https:\\\/\\\/www.anovapeneira.gal\\\/index.php\\\/2025\\\/05\\\/09\\\/aitor-bouzada-presidente-do-tomino-fc\\\/#primaryimage\"},\"thumbnailUrl\":\"https:\\\/\\\/www.anovapeneira.gal\\\/wp-content\\\/uploads\\\/2025\\\/05\\\/tominho_fc.jpg\",\"keywords\":[\"Concello de Tomi\u00f1o\"],\"articleSection\":[\"Baixo Mi\u00f1o\"],\"inLanguage\":\"gl-ES\",\"potentialAction\":[{\"@type\":\"CommentAction\",\"name\":\"Comment\",\"target\":[\"https:\\\/\\\/www.anovapeneira.gal\\\/index.php\\\/2025\\\/05\\\/09\\\/aitor-bouzada-presidente-do-tomino-fc\\\/#respond\"]}]},{\"@type\":\"WebPage\",\"@id\":\"https:\\\/\\\/www.anovapeneira.gal\\\/index.php\\\/2025\\\/05\\\/09\\\/aitor-bouzada-presidente-do-tomino-fc\\\/\",\"url\":\"https:\\\/\\\/www.anovapeneira.gal\\\/index.php\\\/2025\\\/05\\\/09\\\/aitor-bouzada-presidente-do-tomino-fc\\\/\",\"name\":\"Aitor Bouzada, presidente do Tomi\u00f1o FC -\",\"isPartOf\":{\"@id\":\"https:\\\/\\\/www.anovapeneira.gal\\\/#website\"},\"primaryImageOfPage\":{\"@id\":\"https:\\\/\\\/www.anovapeneira.gal\\\/index.php\\\/2025\\\/05\\\/09\\\/aitor-bouzada-presidente-do-tomino-fc\\\/#primaryimage\"},\"image\":{\"@id\":\"https:\\\/\\\/www.anovapeneira.gal\\\/index.php\\\/2025\\\/05\\\/09\\\/aitor-bouzada-presidente-do-tomino-fc\\\/#primaryimage\"},\"thumbnailUrl\":\"https:\\\/\\\/www.anovapeneira.gal\\\/wp-content\\\/uploads\\\/2025\\\/05\\\/tominho_fc.jpg\",\"datePublished\":\"2025-05-09T10:00:46+00:00\",\"breadcrumb\":{\"@id\":\"https:\\\/\\\/www.anovapeneira.gal\\\/index.php\\\/2025\\\/05\\\/09\\\/aitor-bouzada-presidente-do-tomino-fc\\\/#breadcrumb\"},\"inLanguage\":\"gl-ES\",\"potentialAction\":[{\"@type\":\"ReadAction\",\"target\":[\"https:\\\/\\\/www.anovapeneira.gal\\\/index.php\\\/2025\\\/05\\\/09\\\/aitor-bouzada-presidente-do-tomino-fc\\\/\"]}]},{\"@type\":\"ImageObject\",\"inLanguage\":\"gl-ES\",\"@id\":\"https:\\\/\\\/www.anovapeneira.gal\\\/index.php\\\/2025\\\/05\\\/09\\\/aitor-bouzada-presidente-do-tomino-fc\\\/#primaryimage\",\"url\":\"https:\\\/\\\/www.anovapeneira.gal\\\/wp-content\\\/uploads\\\/2025\\\/05\\\/tominho_fc.jpg\",\"contentUrl\":\"https:\\\/\\\/www.anovapeneira.gal\\\/wp-content\\\/uploads\\\/2025\\\/05\\\/tominho_fc.jpg\",\"width\":720,\"height\":432,\"caption\":\"Aitor Bouzada, presidente do Tomi\u00f1o FC\"},{\"@type\":\"BreadcrumbList\",\"@id\":\"https:\\\/\\\/www.anovapeneira.gal\\\/index.php\\\/2025\\\/05\\\/09\\\/aitor-bouzada-presidente-do-tomino-fc\\\/#breadcrumb\",\"itemListElement\":[{\"@type\":\"ListItem\",\"position\":1,\"name\":\"Portada\",\"item\":\"https:\\\/\\\/www.anovapeneira.gal\\\/\"},{\"@type\":\"ListItem\",\"position\":2,\"name\":\"Aitor Bouzada, presidente do Tomi\u00f1o FC\"}]},{\"@type\":\"WebSite\",\"@id\":\"https:\\\/\\\/www.anovapeneira.gal\\\/#website\",\"url\":\"https:\\\/\\\/www.anovapeneira.gal\\\/\",\"name\":\"\",\"description\":\"Xornal galego de informaci\u00f3n xeral Publicaci\u00f3n mensual de novas de Galicia e en especial dos Concellos da sur da provincia de Pontevedra.\",\"publisher\":{\"@id\":\"https:\\\/\\\/www.anovapeneira.gal\\\/#organization\"},\"potentialAction\":[{\"@type\":\"SearchAction\",\"target\":{\"@type\":\"EntryPoint\",\"urlTemplate\":\"https:\\\/\\\/www.anovapeneira.gal\\\/?s={search_term_string}\"},\"query-input\":{\"@type\":\"PropertyValueSpecification\",\"valueRequired\":true,\"valueName\":\"search_term_string\"}}],\"inLanguage\":\"gl-ES\"},{\"@type\":\"Organization\",\"@id\":\"https:\\\/\\\/www.anovapeneira.gal\\\/#organization\",\"name\":\"A Nova Peneira\",\"url\":\"https:\\\/\\\/www.anovapeneira.gal\\\/\",\"logo\":{\"@type\":\"ImageObject\",\"inLanguage\":\"gl-ES\",\"@id\":\"https:\\\/\\\/www.anovapeneira.gal\\\/#\\\/schema\\\/logo\\\/image\\\/\",\"url\":\"http:\\\/\\\/www.anovapeneira.gal\\\/wp-content\\\/uploads\\\/2019\\\/06\\\/logo_a_nova_peneira_portal_web.png\",\"contentUrl\":\"http:\\\/\\\/www.anovapeneira.gal\\\/wp-content\\\/uploads\\\/2019\\\/06\\\/logo_a_nova_peneira_portal_web.png\",\"width\":300,\"height\":100,\"caption\":\"A Nova Peneira\"},\"image\":{\"@id\":\"https:\\\/\\\/www.anovapeneira.gal\\\/#\\\/schema\\\/logo\\\/image\\\/\"},\"sameAs\":[\"https:\\\/\\\/www.facebook.com\\\/anovapeneira\",\"https:\\\/\\\/x.com\\\/APeneira\"]},{\"@type\":\"Person\",\"@id\":\"https:\\\/\\\/www.anovapeneira.gal\\\/#\\\/schema\\\/person\\\/b93e3f8932e3f8da96334607eb6ac6aa\",\"name\":\"Redacci\u00f3n A Nova Peneira\",\"image\":{\"@type\":\"ImageObject\",\"inLanguage\":\"gl-ES\",\"@id\":\"https:\\\/\\\/secure.gravatar.com\\\/avatar\\\/c052a2551a06e23fac63626232eaa90abd78dbcf1700fc46a2b2c89fd27b735f?s=96&d=mm&r=g\",\"url\":\"https:\\\/\\\/secure.gravatar.com\\\/avatar\\\/c052a2551a06e23fac63626232eaa90abd78dbcf1700fc46a2b2c89fd27b735f?s=96&d=mm&r=g\",\"contentUrl\":\"https:\\\/\\\/secure.gravatar.com\\\/avatar\\\/c052a2551a06e23fac63626232eaa90abd78dbcf1700fc46a2b2c89fd27b735f?s=96&d=mm&r=g\",\"caption\":\"Redacci\u00f3n A Nova Peneira\"},\"sameAs\":[\"http:\\\/\\\/www.anovapeneira.gal\\\/\"],\"url\":\"https:\\\/\\\/www.anovapeneira.gal\\\/index.php\\\/author\\\/redactor\\\/\"}]}<\/script>\n<!-- \/ Yoast SEO plugin. -->","yoast_head_json":{"title":"Aitor Bouzada, presidente do Tomi\u00f1o FC -","robots":{"index":"index","follow":"follow","max-snippet":"max-snippet:-1","max-image-preview":"max-image-preview:large","max-video-preview":"max-video-preview:-1"},"canonical":"https:\/\/www.anovapeneira.gal\/index.php\/2025\/05\/09\/aitor-bouzada-presidente-do-tomino-fc\/","og_locale":"gl_ES","og_type":"article","og_title":"Aitor Bouzada, presidente do Tomi\u00f1o FC -","og_description":"O pasado ano o Tomi\u00f1o FC escoll\u00eda aun novo presidente, un mozo moi novo que acced\u00eda ao cargo con moita ilusi\u00f3n e ga\u00f1as de facer ben as cousas [...]","og_url":"https:\/\/www.anovapeneira.gal\/index.php\/2025\/05\/09\/aitor-bouzada-presidente-do-tomino-fc\/","article_publisher":"https:\/\/www.facebook.com\/anovapeneira","article_published_time":"2025-05-09T10:00:46+00:00","og_image":[{"width":720,"height":432,"url":"https:\/\/www.anovapeneira.gal\/wp-content\/uploads\/2025\/05\/tominho_fc.jpg","type":"image\/jpeg"}],"author":"Redacci\u00f3n A Nova Peneira","twitter_card":"summary_large_image","twitter_creator":"@APeneira","twitter_site":"@APeneira","twitter_misc":{"Escrito por":"Redacci\u00f3n A Nova Peneira","Tempo de lectura":"3 minutos"},"schema":{"@context":"https:\/\/schema.org","@graph":[{"@type":"Article","@id":"https:\/\/www.anovapeneira.gal\/index.php\/2025\/05\/09\/aitor-bouzada-presidente-do-tomino-fc\/#article","isPartOf":{"@id":"https:\/\/www.anovapeneira.gal\/index.php\/2025\/05\/09\/aitor-bouzada-presidente-do-tomino-fc\/"},"author":{"name":"Redacci\u00f3n A Nova Peneira","@id":"https:\/\/www.anovapeneira.gal\/#\/schema\/person\/b93e3f8932e3f8da96334607eb6ac6aa"},"headline":"Aitor Bouzada, presidente do Tomi\u00f1o FC","datePublished":"2025-05-09T10:00:46+00:00","mainEntityOfPage":{"@id":"https:\/\/www.anovapeneira.gal\/index.php\/2025\/05\/09\/aitor-bouzada-presidente-do-tomino-fc\/"},"wordCount":1175,"commentCount":0,"publisher":{"@id":"https:\/\/www.anovapeneira.gal\/#organization"},"image":{"@id":"https:\/\/www.anovapeneira.gal\/index.php\/2025\/05\/09\/aitor-bouzada-presidente-do-tomino-fc\/#primaryimage"},"thumbnailUrl":"https:\/\/www.anovapeneira.gal\/wp-content\/uploads\/2025\/05\/tominho_fc.jpg","keywords":["Concello de Tomi\u00f1o"],"articleSection":["Baixo Mi\u00f1o"],"inLanguage":"gl-ES","potentialAction":[{"@type":"CommentAction","name":"Comment","target":["https:\/\/www.anovapeneira.gal\/index.php\/2025\/05\/09\/aitor-bouzada-presidente-do-tomino-fc\/#respond"]}]},{"@type":"WebPage","@id":"https:\/\/www.anovapeneira.gal\/index.php\/2025\/05\/09\/aitor-bouzada-presidente-do-tomino-fc\/","url":"https:\/\/www.anovapeneira.gal\/index.php\/2025\/05\/09\/aitor-bouzada-presidente-do-tomino-fc\/","name":"Aitor Bouzada, presidente do Tomi\u00f1o FC -","isPartOf":{"@id":"https:\/\/www.anovapeneira.gal\/#website"},"primaryImageOfPage":{"@id":"https:\/\/www.anovapeneira.gal\/index.php\/2025\/05\/09\/aitor-bouzada-presidente-do-tomino-fc\/#primaryimage"},"image":{"@id":"https:\/\/www.anovapeneira.gal\/index.php\/2025\/05\/09\/aitor-bouzada-presidente-do-tomino-fc\/#primaryimage"},"thumbnailUrl":"https:\/\/www.anovapeneira.gal\/wp-content\/uploads\/2025\/05\/tominho_fc.jpg","datePublished":"2025-05-09T10:00:46+00:00","breadcrumb":{"@id":"https:\/\/www.anovapeneira.gal\/index.php\/2025\/05\/09\/aitor-bouzada-presidente-do-tomino-fc\/#breadcrumb"},"inLanguage":"gl-ES","potentialAction":[{"@type":"ReadAction","target":["https:\/\/www.anovapeneira.gal\/index.php\/2025\/05\/09\/aitor-bouzada-presidente-do-tomino-fc\/"]}]},{"@type":"ImageObject","inLanguage":"gl-ES","@id":"https:\/\/www.anovapeneira.gal\/index.php\/2025\/05\/09\/aitor-bouzada-presidente-do-tomino-fc\/#primaryimage","url":"https:\/\/www.anovapeneira.gal\/wp-content\/uploads\/2025\/05\/tominho_fc.jpg","contentUrl":"https:\/\/www.anovapeneira.gal\/wp-content\/uploads\/2025\/05\/tominho_fc.jpg","width":720,"height":432,"caption":"Aitor Bouzada, presidente do Tomi\u00f1o FC"},{"@type":"BreadcrumbList","@id":"https:\/\/www.anovapeneira.gal\/index.php\/2025\/05\/09\/aitor-bouzada-presidente-do-tomino-fc\/#breadcrumb","itemListElement":[{"@type":"ListItem","position":1,"name":"Portada","item":"https:\/\/www.anovapeneira.gal\/"},{"@type":"ListItem","position":2,"name":"Aitor Bouzada, presidente do Tomi\u00f1o FC"}]},{"@type":"WebSite","@id":"https:\/\/www.anovapeneira.gal\/#website","url":"https:\/\/www.anovapeneira.gal\/","name":"","description":"Xornal galego de informaci\u00f3n xeral Publicaci\u00f3n mensual de novas de Galicia e en especial dos Concellos da sur da provincia de Pontevedra.","publisher":{"@id":"https:\/\/www.anovapeneira.gal\/#organization"},"potentialAction":[{"@type":"SearchAction","target":{"@type":"EntryPoint","urlTemplate":"https:\/\/www.anovapeneira.gal\/?s={search_term_string}"},"query-input":{"@type":"PropertyValueSpecification","valueRequired":true,"valueName":"search_term_string"}}],"inLanguage":"gl-ES"},{"@type":"Organization","@id":"https:\/\/www.anovapeneira.gal\/#organization","name":"A Nova Peneira","url":"https:\/\/www.anovapeneira.gal\/","logo":{"@type":"ImageObject","inLanguage":"gl-ES","@id":"https:\/\/www.anovapeneira.gal\/#\/schema\/logo\/image\/","url":"http:\/\/www.anovapeneira.gal\/wp-content\/uploads\/2019\/06\/logo_a_nova_peneira_portal_web.png","contentUrl":"http:\/\/www.anovapeneira.gal\/wp-content\/uploads\/2019\/06\/logo_a_nova_peneira_portal_web.png","width":300,"height":100,"caption":"A Nova Peneira"},"image":{"@id":"https:\/\/www.anovapeneira.gal\/#\/schema\/logo\/image\/"},"sameAs":["https:\/\/www.facebook.com\/anovapeneira","https:\/\/x.com\/APeneira"]},{"@type":"Person","@id":"https:\/\/www.anovapeneira.gal\/#\/schema\/person\/b93e3f8932e3f8da96334607eb6ac6aa","name":"Redacci\u00f3n A Nova Peneira","image":{"@type":"ImageObject","inLanguage":"gl-ES","@id":"https:\/\/secure.gravatar.com\/avatar\/c052a2551a06e23fac63626232eaa90abd78dbcf1700fc46a2b2c89fd27b735f?s=96&d=mm&r=g","url":"https:\/\/secure.gravatar.com\/avatar\/c052a2551a06e23fac63626232eaa90abd78dbcf1700fc46a2b2c89fd27b735f?s=96&d=mm&r=g","contentUrl":"https:\/\/secure.gravatar.com\/avatar\/c052a2551a06e23fac63626232eaa90abd78dbcf1700fc46a2b2c89fd27b735f?s=96&d=mm&r=g","caption":"Redacci\u00f3n A Nova Peneira"},"sameAs":["http:\/\/www.anovapeneira.gal\/"],"url":"https:\/\/www.anovapeneira.gal\/index.php\/author\/redactor\/"}]}},"jetpack_featured_media_url":"https:\/\/www.anovapeneira.gal\/wp-content\/uploads\/2025\/05\/tominho_fc.jpg","_links":{"self":[{"href":"https:\/\/www.anovapeneira.gal\/index.php\/wp-json\/wp\/v2\/posts\/13865","targetHints":{"allow":["GET"]}}],"collection":[{"href":"https:\/\/www.anovapeneira.gal\/index.php\/wp-json\/wp\/v2\/posts"}],"about":[{"href":"https:\/\/www.anovapeneira.gal\/index.php\/wp-json\/wp\/v2\/types\/post"}],"author":[{"embeddable":true,"href":"https:\/\/www.anovapeneira.gal\/index.php\/wp-json\/wp\/v2\/users\/3"}],"replies":[{"embeddable":true,"href":"https:\/\/www.anovapeneira.gal\/index.php\/wp-json\/wp\/v2\/comments?post=13865"}],"version-history":[{"count":1,"href":"https:\/\/www.anovapeneira.gal\/index.php\/wp-json\/wp\/v2\/posts\/13865\/revisions"}],"predecessor-version":[{"id":13867,"href":"https:\/\/www.anovapeneira.gal\/index.php\/wp-json\/wp\/v2\/posts\/13865\/revisions\/13867"}],"wp:featuredmedia":[{"embeddable":true,"href":"https:\/\/www.anovapeneira.gal\/index.php\/wp-json\/wp\/v2\/media\/13866"}],"wp:attachment":[{"href":"https:\/\/www.anovapeneira.gal\/index.php\/wp-json\/wp\/v2\/media?parent=13865"}],"wp:term":[{"taxonomy":"category","embeddable":true,"href":"https:\/\/www.anovapeneira.gal\/index.php\/wp-json\/wp\/v2\/categories?post=13865"},{"taxonomy":"post_tag","embeddable":true,"href":"https:\/\/www.anovapeneira.gal\/index.php\/wp-json\/wp\/v2\/tags?post=13865"}],"curies":[{"name":"wp","href":"https:\/\/api.w.org\/{rel}","templated":true}]}}