{"id":1387,"date":"2019-09-30T14:00:07","date_gmt":"2019-09-30T12:00:07","guid":{"rendered":"http:\/\/www.anovapeneira.gal\/?p=1387"},"modified":"2019-09-29T18:12:31","modified_gmt":"2019-09-29T16:12:31","slug":"manifestacion-nacional-o-vindeiro-20-de-outubro-en-compostela-por-un-monte-galego-con-futuro","status":"publish","type":"post","link":"https:\/\/www.anovapeneira.gal\/index.php\/2019\/09\/30\/manifestacion-nacional-o-vindeiro-20-de-outubro-en-compostela-por-un-monte-galego-con-futuro\/","title":{"rendered":"Manifestaci\u00f3n nacional o vindeiro 20 de outubro en Compostela \u201cPor un monte galego con futuro\u201d"},"content":{"rendered":"\n<h2 class=\"wp-block-heading\">Est\u00e1 prevista a sa\u00edda\ndesde a Alameda para as 12:00 horas<\/h2>\n\n\n\n<p>\u201cPor un monte galego con futuro\u201d\nanunciou esta ma\u00f1\u00e1, en rolda de prensa, a convocatoria dunha\nmanifestaci\u00f3n nacional para o d\u00eda 20 de outubro, con sa\u00edda \u00e1s\n12:00 horas da Alameda compostel\u00e1. A plataforma fai o chamamento \u00e1\nmobilizaci\u00f3n coincidindo coa convocatoria, a nivel mundial, de todo\ntipo de acci\u00f3ns contra o cambio clim\u00e1tico. \n<\/p>\n\n\n\n<p>\nUnha\ncambio clim\u00e1tico contra o que o secretario xeral da CIG, Paulo\nCarril, considerou que hai que loitar, o que \u201cen Galiza pasa por\ndefender, entre outras cuesti\u00f3ns, outra xesti\u00f3n do monte acorde coa\nactual emerxencia clim\u00e1tica, o quencemento global e a perda de\nbiodiversidade\u201d, asegurou. \n<\/p>\n\n\n\n<p>\nNeste\nsentido matizou que no noso pa\u00eds a situaci\u00f3n \u00e9 especialmente grave\nporque o 94% do noso territorio \u00e9 superficie rural e \u201choxe est\u00e1\nbaixo un risco potencial, visto cal \u00e9 o dese\u00f1o que para o monte\ngalego ten o PP ou o goberno espa\u00f1ol do PSOE a trav\u00e9s do Ministerio\nde Transici\u00f3n Enerx\u00e9tica\u201d. Unha visi\u00f3n de \u201cgran eucaliptal\u201d\nque \u00e9 precisamente o contrario a favorecer a \u201cbiodiversidade nun\nmedio rural vivo\u201d.<\/p>\n\n\n\n<p>\nAnte\nisto, a plataforma \u2013que lanzou esta campa\u00f1a xa no mes de xullo-\nconsidera que no actual contexto de mudanza clim\u00e1tica o papel dos\necosistemas forestais vai resultar chave para mitigar os efectos do\nquecemento global, como reservas de carbono mais tam\u00e9n de\necosistemas que garantan o mantemento desa biodversidade, a\nregulaci\u00f3n do ciclo da auga, a fertilidade do solo, a capacidade de\npurificaci\u00f3n da auga e do ar ou a loita contra a erosi\u00f3n entre\noutros. \n<\/p>\n\n\n\n<p>\nPor\niso cuestionaron tanto o borrador da Estratexia Galega contra o\nCambio Clim\u00e1tico como o Plan Forestal que tramita a Xunta de Galiza.\nNun caso porque prioriza fixar m\u00e1is carbono en m\u00e1is madeira o m\u00e1is\nr\u00e1pido pos\u00edbel, o que potenciar\u00e1 o cultivo do eucalipto e doutras\nespecies de crecemento r\u00e1pido e noutro porque promove a ocupaci\u00f3n\nde 35.000 ha m\u00e1is de eucalipto sobre un exceso, que xa hai, de\n300.000 ha con respecto \u00e1 planificaci\u00f3n anterior. \n<\/p>\n\n\n\n<p>\nNeste\nsentido, o secretario xeral da CIG rexeitou este modelo de\n\u201ccapitalismo voraz\u201d que intensifica, en Galiza, un \u201cespolio de\ncorte colonial\u201d dos noso recursos e materias primas como o que\npromove, ademais, a chamada Lei de Depredaci\u00f3n \u201csen importarlle o\ndano social e medioambiental que produce\u201d. Por iso defendeu un\noutro modelo que favoreza que nese 94% do noso territorio se poida\ncrear \u201criqueza social, emprego e industria\u201d baixo par\u00e1metros de\nsustentabilidade e respecto ao medio ambiente.<\/p>\n\n\n\n<p>\n<strong>Anulaci\u00f3n\nda proposta de revisi\u00f3n do Plan Forestal de Galiza<\/strong><\/p>\n\n\n\n<p>\nDe\na\u00ed que con esta mobilizaci\u00f3n a plataforma demande das\nadministraci\u00f3ns galega e estatal que aposten por unha planificaci\u00f3n\npara o monte galego que te\u00f1a en conta o actual contexto de perda\nacelerada de biodiversidade porque afonda nos efectos do cambio\nclim\u00e1tico, incrementando ao mesmo tempo o n\u00famero, extensi\u00f3n e\nvirulencia dos incendios forestais.<\/p>\n\n\n\n<p>\nAdemais,\nsegundo explicou Bel\u00e9n Rodr\u00edguez, de ADEGA, recl\u00e1mase tam\u00e9n a\nanulaci\u00f3n da actual proposta de revisi\u00f3n do Plan Forestal de Galiza\ne a elaboraci\u00f3n dun novo documento que parta de informaci\u00f3n\nactualizada sobre a situaci\u00f3n do monte galego, contando cunha\nparticipaci\u00f3n equilibrada de todos os axentes sociais e que siga,\ncomo principios reitores, a diversidade de h\u00e1bitats e especies, a\nmultifuncionalidade de uso, o fomento do arborado aut\u00f3ctono e unha\nmoratoria do eucalipto, o mantemento dos servizos ecosist\u00e9micos, a\nnon privatizaci\u00f3n dos montes veci\u00f1ais, e a creaci\u00f3n de emprego e a\nsustentabilidade econ\u00f3mica e social.<\/p>\n\n\n\n<p>\nEn\ntodo caso Carril considerou a xornada mundial de mobilizaci\u00f3n\nprevista para o d\u00eda 27 de setembro como antesala da convocada pola\nplataforma \u201cpara denunciar os retos que temos na sociedade galega\npara facer fronte ao cambio clim\u00e1tico\u201d e, ao tempo, para \u201ccensurar\na fraude de moitos que se apuntan ao cambio clim\u00e1tico cando son\ncausantes, precisamente, destas pol\u00edticas econ\u00f3micas, sociais e\nforestais que en Galiza o est\u00e1n alimentando de cara ao futuro\u201d.<\/p>\n","protected":false},"excerpt":{"rendered":"<div class=\"mh-excerpt\"><p>\u201cPor un monte galego con futuro\u201d anunciou esta ma\u00f1\u00e1, en rolda de prensa, a convocatoria dunha manifestaci\u00f3n nacional para o d\u00eda 20 de outubro, con sa\u00edda \u00e1s 12:00 horas da Alameda compostel\u00e1 <a class=\"mh-excerpt-more\" href=\"https:\/\/www.anovapeneira.gal\/index.php\/2019\/09\/30\/manifestacion-nacional-o-vindeiro-20-de-outubro-en-compostela-por-un-monte-galego-con-futuro\/\" title=\"Manifestaci\u00f3n nacional o vindeiro 20 de outubro en Compostela \u201cPor un monte galego con futuro\u201d\">[&#8230;]<\/a><\/p>\n<\/div>","protected":false},"author":3,"featured_media":632,"comment_status":"open","ping_status":"open","sticky":false,"template":"","format":"standard","meta":{"_exactmetrics_skip_tracking":false,"_exactmetrics_sitenote_active":false,"_exactmetrics_sitenote_note":"","_exactmetrics_sitenote_category":0,"footnotes":""},"categories":[263],"tags":[88,625,159,626],"class_list":{"0":"post-1387","1":"post","2":"type-post","3":"status-publish","4":"format-standard","5":"has-post-thumbnail","7":"category-novas","8":"tag-cig","9":"tag-manifestacion","10":"tag-medio-ambiente","11":"tag-por-un-monte-galego-con-futuro"},"yoast_head":"<!-- This site is optimized with the Yoast SEO plugin v27.4 - https:\/\/yoast.com\/product\/yoast-seo-wordpress\/ -->\n<title>Manifestaci\u00f3n nacional o vindeiro 20 de outubro en Compostela \u201cPor un monte galego con futuro\u201d -<\/title>\n<meta name=\"robots\" content=\"index, follow, max-snippet:-1, max-image-preview:large, max-video-preview:-1\" \/>\n<link rel=\"canonical\" href=\"https:\/\/www.anovapeneira.gal\/index.php\/2019\/09\/30\/manifestacion-nacional-o-vindeiro-20-de-outubro-en-compostela-por-un-monte-galego-con-futuro\/\" \/>\n<meta property=\"og:locale\" content=\"gl_ES\" \/>\n<meta property=\"og:type\" content=\"article\" \/>\n<meta property=\"og:title\" content=\"Manifestaci\u00f3n nacional o vindeiro 20 de outubro en Compostela \u201cPor un monte galego con futuro\u201d -\" \/>\n<meta property=\"og:description\" content=\"\u201cPor un monte galego con futuro\u201d anunciou esta ma\u00f1\u00e1, en rolda de prensa, a convocatoria dunha manifestaci\u00f3n nacional para o d\u00eda 20 de outubro, con sa\u00edda \u00e1s 12:00 horas da Alameda compostel\u00e1 [...]\" \/>\n<meta property=\"og:url\" content=\"https:\/\/www.anovapeneira.gal\/index.php\/2019\/09\/30\/manifestacion-nacional-o-vindeiro-20-de-outubro-en-compostela-por-un-monte-galego-con-futuro\/\" \/>\n<meta property=\"article:publisher\" content=\"https:\/\/www.facebook.com\/anovapeneira\" \/>\n<meta property=\"article:published_time\" content=\"2019-09-30T12:00:07+00:00\" \/>\n<meta property=\"og:image\" content=\"https:\/\/www.anovapeneira.gal\/wp-content\/uploads\/2019\/07\/CIG_a_nova_peneira.png\" \/>\n\t<meta property=\"og:image:width\" content=\"720\" \/>\n\t<meta property=\"og:image:height\" content=\"473\" \/>\n\t<meta property=\"og:image:type\" content=\"image\/png\" \/>\n<meta name=\"author\" content=\"Redacci\u00f3n A Nova Peneira\" \/>\n<meta name=\"twitter:card\" content=\"summary_large_image\" \/>\n<meta name=\"twitter:creator\" content=\"@APeneira\" \/>\n<meta name=\"twitter:site\" content=\"@APeneira\" \/>\n<meta name=\"twitter:label1\" content=\"Escrito por\" \/>\n\t<meta name=\"twitter:data1\" content=\"Redacci\u00f3n A Nova Peneira\" \/>\n\t<meta name=\"twitter:label2\" content=\"Tempo de lectura\" \/>\n\t<meta name=\"twitter:data2\" content=\"4 minutos\" \/>\n<script type=\"application\/ld+json\" class=\"yoast-schema-graph\">{\"@context\":\"https:\\\/\\\/schema.org\",\"@graph\":[{\"@type\":\"Article\",\"@id\":\"https:\\\/\\\/www.anovapeneira.gal\\\/index.php\\\/2019\\\/09\\\/30\\\/manifestacion-nacional-o-vindeiro-20-de-outubro-en-compostela-por-un-monte-galego-con-futuro\\\/#article\",\"isPartOf\":{\"@id\":\"https:\\\/\\\/www.anovapeneira.gal\\\/index.php\\\/2019\\\/09\\\/30\\\/manifestacion-nacional-o-vindeiro-20-de-outubro-en-compostela-por-un-monte-galego-con-futuro\\\/\"},\"author\":{\"name\":\"Redacci\u00f3n A Nova Peneira\",\"@id\":\"https:\\\/\\\/www.anovapeneira.gal\\\/#\\\/schema\\\/person\\\/b93e3f8932e3f8da96334607eb6ac6aa\"},\"headline\":\"Manifestaci\u00f3n nacional o vindeiro 20 de outubro en Compostela \u201cPor un monte galego con futuro\u201d\",\"datePublished\":\"2019-09-30T12:00:07+00:00\",\"mainEntityOfPage\":{\"@id\":\"https:\\\/\\\/www.anovapeneira.gal\\\/index.php\\\/2019\\\/09\\\/30\\\/manifestacion-nacional-o-vindeiro-20-de-outubro-en-compostela-por-un-monte-galego-con-futuro\\\/\"},\"wordCount\":717,\"commentCount\":0,\"publisher\":{\"@id\":\"https:\\\/\\\/www.anovapeneira.gal\\\/#organization\"},\"image\":{\"@id\":\"https:\\\/\\\/www.anovapeneira.gal\\\/index.php\\\/2019\\\/09\\\/30\\\/manifestacion-nacional-o-vindeiro-20-de-outubro-en-compostela-por-un-monte-galego-con-futuro\\\/#primaryimage\"},\"thumbnailUrl\":\"https:\\\/\\\/www.anovapeneira.gal\\\/wp-content\\\/uploads\\\/2019\\\/07\\\/CIG_a_nova_peneira.png\",\"keywords\":[\"CIG\",\"Manifestaci\u00f3n\",\"Medio Ambiente\",\"Por un monte galego con futuro\"],\"articleSection\":[\"Novas\"],\"inLanguage\":\"gl-ES\",\"potentialAction\":[{\"@type\":\"CommentAction\",\"name\":\"Comment\",\"target\":[\"https:\\\/\\\/www.anovapeneira.gal\\\/index.php\\\/2019\\\/09\\\/30\\\/manifestacion-nacional-o-vindeiro-20-de-outubro-en-compostela-por-un-monte-galego-con-futuro\\\/#respond\"]}]},{\"@type\":\"WebPage\",\"@id\":\"https:\\\/\\\/www.anovapeneira.gal\\\/index.php\\\/2019\\\/09\\\/30\\\/manifestacion-nacional-o-vindeiro-20-de-outubro-en-compostela-por-un-monte-galego-con-futuro\\\/\",\"url\":\"https:\\\/\\\/www.anovapeneira.gal\\\/index.php\\\/2019\\\/09\\\/30\\\/manifestacion-nacional-o-vindeiro-20-de-outubro-en-compostela-por-un-monte-galego-con-futuro\\\/\",\"name\":\"Manifestaci\u00f3n nacional o vindeiro 20 de outubro en Compostela \u201cPor un monte galego con futuro\u201d -\",\"isPartOf\":{\"@id\":\"https:\\\/\\\/www.anovapeneira.gal\\\/#website\"},\"primaryImageOfPage\":{\"@id\":\"https:\\\/\\\/www.anovapeneira.gal\\\/index.php\\\/2019\\\/09\\\/30\\\/manifestacion-nacional-o-vindeiro-20-de-outubro-en-compostela-por-un-monte-galego-con-futuro\\\/#primaryimage\"},\"image\":{\"@id\":\"https:\\\/\\\/www.anovapeneira.gal\\\/index.php\\\/2019\\\/09\\\/30\\\/manifestacion-nacional-o-vindeiro-20-de-outubro-en-compostela-por-un-monte-galego-con-futuro\\\/#primaryimage\"},\"thumbnailUrl\":\"https:\\\/\\\/www.anovapeneira.gal\\\/wp-content\\\/uploads\\\/2019\\\/07\\\/CIG_a_nova_peneira.png\",\"datePublished\":\"2019-09-30T12:00:07+00:00\",\"breadcrumb\":{\"@id\":\"https:\\\/\\\/www.anovapeneira.gal\\\/index.php\\\/2019\\\/09\\\/30\\\/manifestacion-nacional-o-vindeiro-20-de-outubro-en-compostela-por-un-monte-galego-con-futuro\\\/#breadcrumb\"},\"inLanguage\":\"gl-ES\",\"potentialAction\":[{\"@type\":\"ReadAction\",\"target\":[\"https:\\\/\\\/www.anovapeneira.gal\\\/index.php\\\/2019\\\/09\\\/30\\\/manifestacion-nacional-o-vindeiro-20-de-outubro-en-compostela-por-un-monte-galego-con-futuro\\\/\"]}]},{\"@type\":\"ImageObject\",\"inLanguage\":\"gl-ES\",\"@id\":\"https:\\\/\\\/www.anovapeneira.gal\\\/index.php\\\/2019\\\/09\\\/30\\\/manifestacion-nacional-o-vindeiro-20-de-outubro-en-compostela-por-un-monte-galego-con-futuro\\\/#primaryimage\",\"url\":\"https:\\\/\\\/www.anovapeneira.gal\\\/wp-content\\\/uploads\\\/2019\\\/07\\\/CIG_a_nova_peneira.png\",\"contentUrl\":\"https:\\\/\\\/www.anovapeneira.gal\\\/wp-content\\\/uploads\\\/2019\\\/07\\\/CIG_a_nova_peneira.png\",\"width\":720,\"height\":473,\"caption\":\"Confederaci\u00f3n Intersindical Galega A Nova Peneira\"},{\"@type\":\"BreadcrumbList\",\"@id\":\"https:\\\/\\\/www.anovapeneira.gal\\\/index.php\\\/2019\\\/09\\\/30\\\/manifestacion-nacional-o-vindeiro-20-de-outubro-en-compostela-por-un-monte-galego-con-futuro\\\/#breadcrumb\",\"itemListElement\":[{\"@type\":\"ListItem\",\"position\":1,\"name\":\"Portada\",\"item\":\"https:\\\/\\\/www.anovapeneira.gal\\\/\"},{\"@type\":\"ListItem\",\"position\":2,\"name\":\"Manifestaci\u00f3n nacional o vindeiro 20 de outubro en Compostela \u201cPor un monte galego con futuro\u201d\"}]},{\"@type\":\"WebSite\",\"@id\":\"https:\\\/\\\/www.anovapeneira.gal\\\/#website\",\"url\":\"https:\\\/\\\/www.anovapeneira.gal\\\/\",\"name\":\"\",\"description\":\"Xornal galego de informaci\u00f3n xeral Publicaci\u00f3n mensual de novas de Galicia e en especial dos Concellos da sur da provincia de Pontevedra.\",\"publisher\":{\"@id\":\"https:\\\/\\\/www.anovapeneira.gal\\\/#organization\"},\"potentialAction\":[{\"@type\":\"SearchAction\",\"target\":{\"@type\":\"EntryPoint\",\"urlTemplate\":\"https:\\\/\\\/www.anovapeneira.gal\\\/?s={search_term_string}\"},\"query-input\":{\"@type\":\"PropertyValueSpecification\",\"valueRequired\":true,\"valueName\":\"search_term_string\"}}],\"inLanguage\":\"gl-ES\"},{\"@type\":\"Organization\",\"@id\":\"https:\\\/\\\/www.anovapeneira.gal\\\/#organization\",\"name\":\"A Nova Peneira\",\"url\":\"https:\\\/\\\/www.anovapeneira.gal\\\/\",\"logo\":{\"@type\":\"ImageObject\",\"inLanguage\":\"gl-ES\",\"@id\":\"https:\\\/\\\/www.anovapeneira.gal\\\/#\\\/schema\\\/logo\\\/image\\\/\",\"url\":\"http:\\\/\\\/www.anovapeneira.gal\\\/wp-content\\\/uploads\\\/2019\\\/06\\\/logo_a_nova_peneira_portal_web.png\",\"contentUrl\":\"http:\\\/\\\/www.anovapeneira.gal\\\/wp-content\\\/uploads\\\/2019\\\/06\\\/logo_a_nova_peneira_portal_web.png\",\"width\":300,\"height\":100,\"caption\":\"A Nova Peneira\"},\"image\":{\"@id\":\"https:\\\/\\\/www.anovapeneira.gal\\\/#\\\/schema\\\/logo\\\/image\\\/\"},\"sameAs\":[\"https:\\\/\\\/www.facebook.com\\\/anovapeneira\",\"https:\\\/\\\/x.com\\\/APeneira\"]},{\"@type\":\"Person\",\"@id\":\"https:\\\/\\\/www.anovapeneira.gal\\\/#\\\/schema\\\/person\\\/b93e3f8932e3f8da96334607eb6ac6aa\",\"name\":\"Redacci\u00f3n A Nova Peneira\",\"image\":{\"@type\":\"ImageObject\",\"inLanguage\":\"gl-ES\",\"@id\":\"https:\\\/\\\/secure.gravatar.com\\\/avatar\\\/c052a2551a06e23fac63626232eaa90abd78dbcf1700fc46a2b2c89fd27b735f?s=96&d=mm&r=g\",\"url\":\"https:\\\/\\\/secure.gravatar.com\\\/avatar\\\/c052a2551a06e23fac63626232eaa90abd78dbcf1700fc46a2b2c89fd27b735f?s=96&d=mm&r=g\",\"contentUrl\":\"https:\\\/\\\/secure.gravatar.com\\\/avatar\\\/c052a2551a06e23fac63626232eaa90abd78dbcf1700fc46a2b2c89fd27b735f?s=96&d=mm&r=g\",\"caption\":\"Redacci\u00f3n A Nova Peneira\"},\"sameAs\":[\"http:\\\/\\\/www.anovapeneira.gal\\\/\"],\"url\":\"https:\\\/\\\/www.anovapeneira.gal\\\/index.php\\\/author\\\/redactor\\\/\"}]}<\/script>\n<!-- \/ Yoast SEO plugin. -->","yoast_head_json":{"title":"Manifestaci\u00f3n nacional o vindeiro 20 de outubro en Compostela \u201cPor un monte galego con futuro\u201d -","robots":{"index":"index","follow":"follow","max-snippet":"max-snippet:-1","max-image-preview":"max-image-preview:large","max-video-preview":"max-video-preview:-1"},"canonical":"https:\/\/www.anovapeneira.gal\/index.php\/2019\/09\/30\/manifestacion-nacional-o-vindeiro-20-de-outubro-en-compostela-por-un-monte-galego-con-futuro\/","og_locale":"gl_ES","og_type":"article","og_title":"Manifestaci\u00f3n nacional o vindeiro 20 de outubro en Compostela \u201cPor un monte galego con futuro\u201d -","og_description":"\u201cPor un monte galego con futuro\u201d anunciou esta ma\u00f1\u00e1, en rolda de prensa, a convocatoria dunha manifestaci\u00f3n nacional para o d\u00eda 20 de outubro, con sa\u00edda \u00e1s 12:00 horas da Alameda compostel\u00e1 [...]","og_url":"https:\/\/www.anovapeneira.gal\/index.php\/2019\/09\/30\/manifestacion-nacional-o-vindeiro-20-de-outubro-en-compostela-por-un-monte-galego-con-futuro\/","article_publisher":"https:\/\/www.facebook.com\/anovapeneira","article_published_time":"2019-09-30T12:00:07+00:00","og_image":[{"width":720,"height":473,"url":"https:\/\/www.anovapeneira.gal\/wp-content\/uploads\/2019\/07\/CIG_a_nova_peneira.png","type":"image\/png"}],"author":"Redacci\u00f3n A Nova Peneira","twitter_card":"summary_large_image","twitter_creator":"@APeneira","twitter_site":"@APeneira","twitter_misc":{"Escrito por":"Redacci\u00f3n A Nova Peneira","Tempo de lectura":"4 minutos"},"schema":{"@context":"https:\/\/schema.org","@graph":[{"@type":"Article","@id":"https:\/\/www.anovapeneira.gal\/index.php\/2019\/09\/30\/manifestacion-nacional-o-vindeiro-20-de-outubro-en-compostela-por-un-monte-galego-con-futuro\/#article","isPartOf":{"@id":"https:\/\/www.anovapeneira.gal\/index.php\/2019\/09\/30\/manifestacion-nacional-o-vindeiro-20-de-outubro-en-compostela-por-un-monte-galego-con-futuro\/"},"author":{"name":"Redacci\u00f3n A Nova Peneira","@id":"https:\/\/www.anovapeneira.gal\/#\/schema\/person\/b93e3f8932e3f8da96334607eb6ac6aa"},"headline":"Manifestaci\u00f3n nacional o vindeiro 20 de outubro en Compostela \u201cPor un monte galego con futuro\u201d","datePublished":"2019-09-30T12:00:07+00:00","mainEntityOfPage":{"@id":"https:\/\/www.anovapeneira.gal\/index.php\/2019\/09\/30\/manifestacion-nacional-o-vindeiro-20-de-outubro-en-compostela-por-un-monte-galego-con-futuro\/"},"wordCount":717,"commentCount":0,"publisher":{"@id":"https:\/\/www.anovapeneira.gal\/#organization"},"image":{"@id":"https:\/\/www.anovapeneira.gal\/index.php\/2019\/09\/30\/manifestacion-nacional-o-vindeiro-20-de-outubro-en-compostela-por-un-monte-galego-con-futuro\/#primaryimage"},"thumbnailUrl":"https:\/\/www.anovapeneira.gal\/wp-content\/uploads\/2019\/07\/CIG_a_nova_peneira.png","keywords":["CIG","Manifestaci\u00f3n","Medio Ambiente","Por un monte galego con futuro"],"articleSection":["Novas"],"inLanguage":"gl-ES","potentialAction":[{"@type":"CommentAction","name":"Comment","target":["https:\/\/www.anovapeneira.gal\/index.php\/2019\/09\/30\/manifestacion-nacional-o-vindeiro-20-de-outubro-en-compostela-por-un-monte-galego-con-futuro\/#respond"]}]},{"@type":"WebPage","@id":"https:\/\/www.anovapeneira.gal\/index.php\/2019\/09\/30\/manifestacion-nacional-o-vindeiro-20-de-outubro-en-compostela-por-un-monte-galego-con-futuro\/","url":"https:\/\/www.anovapeneira.gal\/index.php\/2019\/09\/30\/manifestacion-nacional-o-vindeiro-20-de-outubro-en-compostela-por-un-monte-galego-con-futuro\/","name":"Manifestaci\u00f3n nacional o vindeiro 20 de outubro en Compostela \u201cPor un monte galego con futuro\u201d -","isPartOf":{"@id":"https:\/\/www.anovapeneira.gal\/#website"},"primaryImageOfPage":{"@id":"https:\/\/www.anovapeneira.gal\/index.php\/2019\/09\/30\/manifestacion-nacional-o-vindeiro-20-de-outubro-en-compostela-por-un-monte-galego-con-futuro\/#primaryimage"},"image":{"@id":"https:\/\/www.anovapeneira.gal\/index.php\/2019\/09\/30\/manifestacion-nacional-o-vindeiro-20-de-outubro-en-compostela-por-un-monte-galego-con-futuro\/#primaryimage"},"thumbnailUrl":"https:\/\/www.anovapeneira.gal\/wp-content\/uploads\/2019\/07\/CIG_a_nova_peneira.png","datePublished":"2019-09-30T12:00:07+00:00","breadcrumb":{"@id":"https:\/\/www.anovapeneira.gal\/index.php\/2019\/09\/30\/manifestacion-nacional-o-vindeiro-20-de-outubro-en-compostela-por-un-monte-galego-con-futuro\/#breadcrumb"},"inLanguage":"gl-ES","potentialAction":[{"@type":"ReadAction","target":["https:\/\/www.anovapeneira.gal\/index.php\/2019\/09\/30\/manifestacion-nacional-o-vindeiro-20-de-outubro-en-compostela-por-un-monte-galego-con-futuro\/"]}]},{"@type":"ImageObject","inLanguage":"gl-ES","@id":"https:\/\/www.anovapeneira.gal\/index.php\/2019\/09\/30\/manifestacion-nacional-o-vindeiro-20-de-outubro-en-compostela-por-un-monte-galego-con-futuro\/#primaryimage","url":"https:\/\/www.anovapeneira.gal\/wp-content\/uploads\/2019\/07\/CIG_a_nova_peneira.png","contentUrl":"https:\/\/www.anovapeneira.gal\/wp-content\/uploads\/2019\/07\/CIG_a_nova_peneira.png","width":720,"height":473,"caption":"Confederaci\u00f3n Intersindical Galega A Nova Peneira"},{"@type":"BreadcrumbList","@id":"https:\/\/www.anovapeneira.gal\/index.php\/2019\/09\/30\/manifestacion-nacional-o-vindeiro-20-de-outubro-en-compostela-por-un-monte-galego-con-futuro\/#breadcrumb","itemListElement":[{"@type":"ListItem","position":1,"name":"Portada","item":"https:\/\/www.anovapeneira.gal\/"},{"@type":"ListItem","position":2,"name":"Manifestaci\u00f3n nacional o vindeiro 20 de outubro en Compostela \u201cPor un monte galego con futuro\u201d"}]},{"@type":"WebSite","@id":"https:\/\/www.anovapeneira.gal\/#website","url":"https:\/\/www.anovapeneira.gal\/","name":"","description":"Xornal galego de informaci\u00f3n xeral Publicaci\u00f3n mensual de novas de Galicia e en especial dos Concellos da sur da provincia de Pontevedra.","publisher":{"@id":"https:\/\/www.anovapeneira.gal\/#organization"},"potentialAction":[{"@type":"SearchAction","target":{"@type":"EntryPoint","urlTemplate":"https:\/\/www.anovapeneira.gal\/?s={search_term_string}"},"query-input":{"@type":"PropertyValueSpecification","valueRequired":true,"valueName":"search_term_string"}}],"inLanguage":"gl-ES"},{"@type":"Organization","@id":"https:\/\/www.anovapeneira.gal\/#organization","name":"A Nova Peneira","url":"https:\/\/www.anovapeneira.gal\/","logo":{"@type":"ImageObject","inLanguage":"gl-ES","@id":"https:\/\/www.anovapeneira.gal\/#\/schema\/logo\/image\/","url":"http:\/\/www.anovapeneira.gal\/wp-content\/uploads\/2019\/06\/logo_a_nova_peneira_portal_web.png","contentUrl":"http:\/\/www.anovapeneira.gal\/wp-content\/uploads\/2019\/06\/logo_a_nova_peneira_portal_web.png","width":300,"height":100,"caption":"A Nova Peneira"},"image":{"@id":"https:\/\/www.anovapeneira.gal\/#\/schema\/logo\/image\/"},"sameAs":["https:\/\/www.facebook.com\/anovapeneira","https:\/\/x.com\/APeneira"]},{"@type":"Person","@id":"https:\/\/www.anovapeneira.gal\/#\/schema\/person\/b93e3f8932e3f8da96334607eb6ac6aa","name":"Redacci\u00f3n A Nova Peneira","image":{"@type":"ImageObject","inLanguage":"gl-ES","@id":"https:\/\/secure.gravatar.com\/avatar\/c052a2551a06e23fac63626232eaa90abd78dbcf1700fc46a2b2c89fd27b735f?s=96&d=mm&r=g","url":"https:\/\/secure.gravatar.com\/avatar\/c052a2551a06e23fac63626232eaa90abd78dbcf1700fc46a2b2c89fd27b735f?s=96&d=mm&r=g","contentUrl":"https:\/\/secure.gravatar.com\/avatar\/c052a2551a06e23fac63626232eaa90abd78dbcf1700fc46a2b2c89fd27b735f?s=96&d=mm&r=g","caption":"Redacci\u00f3n A Nova Peneira"},"sameAs":["http:\/\/www.anovapeneira.gal\/"],"url":"https:\/\/www.anovapeneira.gal\/index.php\/author\/redactor\/"}]}},"jetpack_featured_media_url":"https:\/\/www.anovapeneira.gal\/wp-content\/uploads\/2019\/07\/CIG_a_nova_peneira.png","_links":{"self":[{"href":"https:\/\/www.anovapeneira.gal\/index.php\/wp-json\/wp\/v2\/posts\/1387","targetHints":{"allow":["GET"]}}],"collection":[{"href":"https:\/\/www.anovapeneira.gal\/index.php\/wp-json\/wp\/v2\/posts"}],"about":[{"href":"https:\/\/www.anovapeneira.gal\/index.php\/wp-json\/wp\/v2\/types\/post"}],"author":[{"embeddable":true,"href":"https:\/\/www.anovapeneira.gal\/index.php\/wp-json\/wp\/v2\/users\/3"}],"replies":[{"embeddable":true,"href":"https:\/\/www.anovapeneira.gal\/index.php\/wp-json\/wp\/v2\/comments?post=1387"}],"version-history":[{"count":1,"href":"https:\/\/www.anovapeneira.gal\/index.php\/wp-json\/wp\/v2\/posts\/1387\/revisions"}],"predecessor-version":[{"id":1388,"href":"https:\/\/www.anovapeneira.gal\/index.php\/wp-json\/wp\/v2\/posts\/1387\/revisions\/1388"}],"wp:featuredmedia":[{"embeddable":true,"href":"https:\/\/www.anovapeneira.gal\/index.php\/wp-json\/wp\/v2\/media\/632"}],"wp:attachment":[{"href":"https:\/\/www.anovapeneira.gal\/index.php\/wp-json\/wp\/v2\/media?parent=1387"}],"wp:term":[{"taxonomy":"category","embeddable":true,"href":"https:\/\/www.anovapeneira.gal\/index.php\/wp-json\/wp\/v2\/categories?post=1387"},{"taxonomy":"post_tag","embeddable":true,"href":"https:\/\/www.anovapeneira.gal\/index.php\/wp-json\/wp\/v2\/tags?post=1387"}],"curies":[{"name":"wp","href":"https:\/\/api.w.org\/{rel}","templated":true}]}}