{"id":13873,"date":"2025-05-08T12:43:36","date_gmt":"2025-05-08T10:43:36","guid":{"rendered":"https:\/\/www.anovapeneira.gal\/?p=13873"},"modified":"2025-05-08T12:43:37","modified_gmt":"2025-05-08T10:43:37","slug":"hijos-de-la-luz-y-de-la-ira-ed-olifante-zaragoza-2023-e-sombra-de-luna-ed-juglar-toledo-2024","status":"publish","type":"post","link":"https:\/\/www.anovapeneira.gal\/index.php\/2025\/05\/08\/hijos-de-la-luz-y-de-la-ira-ed-olifante-zaragoza-2023-e-sombra-de-luna-ed-juglar-toledo-2024\/","title":{"rendered":"&#8220;HIJOS DE LA LUZ Y DE LA IRA&#8221;. Ed. Olifante Zaragoza 2023 e &#8221; SOMBRA DE LUNA &#8220;. Ed. Juglar. Toledo 2024"},"content":{"rendered":"\n<p>Do poeta de A Guarda Francisco \u00c1lvarez Koki. Ambos libros son de tem\u00e1tica social e Neoyorkina. A Terraza 7 \u00e9 xa un icono da comunidade de emigrantes en xeral, xa que al\u00ed hai unha axenda cultural todo ano, con actividades de todo tipo, dende presentaci\u00f3ns de libros ata concertos de jazz, mon\u00f3logos ou rap. Os libros foron presentados polo poeta e profesor da universidade City College, ( Cuny.) de Nova York. Carlos Aguasaco. Quen diante de un bo n\u00famero de o\u00edntes falou sobre a poes\u00eda e a obra do poeta Guard\u00e9s. Quen despois da presentaci\u00f3n leu poemas de ambos libros, cerrando a lectura como fai sempre con un poema en galego. Ao final o autor dos libros firmou exemplares para o p\u00fablico presente.<\/p>\n\n\n\n<p><\/p>\n","protected":false},"excerpt":{"rendered":"<div class=\"mh-excerpt\"><p>Do poeta de A Guarda Francisco \u00c1lvarez Koki. Ambos libros son de tem\u00e1tica social e Neoyorkina. A Terraza 7 \u00e9 xa un icono da comunidade de emigrantes en xeral, xa que al\u00ed hai unha axenda cultural todo ano, con actividades de todo tipo, dende presentaci\u00f3ns de libros ata concertos de jazz <a class=\"mh-excerpt-more\" href=\"https:\/\/www.anovapeneira.gal\/index.php\/2025\/05\/08\/hijos-de-la-luz-y-de-la-ira-ed-olifante-zaragoza-2023-e-sombra-de-luna-ed-juglar-toledo-2024\/\" title=\"&#8220;HIJOS DE LA LUZ Y DE LA IRA&#8221;. Ed. Olifante Zaragoza 2023 e &#8221; SOMBRA DE LUNA &#8220;. Ed. Juglar. Toledo 2024\">[&#8230;]<\/a><\/p>\n<\/div>","protected":false},"author":3,"featured_media":13874,"comment_status":"open","ping_status":"open","sticky":false,"template":"","format":"standard","meta":{"_exactmetrics_skip_tracking":false,"_exactmetrics_sitenote_active":false,"_exactmetrics_sitenote_note":"","_exactmetrics_sitenote_category":0,"footnotes":""},"categories":[21],"tags":[1440],"class_list":{"0":"post-13873","1":"post","2":"type-post","3":"status-publish","4":"format-standard","5":"has-post-thumbnail","7":"category-baixo-mino","8":"tag-concello-da-garda"},"yoast_head":"<!-- This site is optimized with the Yoast SEO plugin v27.4 - https:\/\/yoast.com\/product\/yoast-seo-wordpress\/ -->\n<title>&quot;HIJOS DE LA LUZ Y DE LA IRA&quot;. Ed. Olifante Zaragoza 2023 e &quot; SOMBRA DE LUNA &quot;. Ed. Juglar. Toledo 2024 -<\/title>\n<meta name=\"robots\" content=\"index, follow, max-snippet:-1, max-image-preview:large, max-video-preview:-1\" \/>\n<link rel=\"canonical\" href=\"https:\/\/www.anovapeneira.gal\/index.php\/2025\/05\/08\/hijos-de-la-luz-y-de-la-ira-ed-olifante-zaragoza-2023-e-sombra-de-luna-ed-juglar-toledo-2024\/\" \/>\n<meta property=\"og:locale\" content=\"gl_ES\" \/>\n<meta property=\"og:type\" content=\"article\" \/>\n<meta property=\"og:title\" content=\"&quot;HIJOS DE LA LUZ Y DE LA IRA&quot;. Ed. Olifante Zaragoza 2023 e &quot; SOMBRA DE LUNA &quot;. Ed. Juglar. Toledo 2024 -\" \/>\n<meta property=\"og:description\" content=\"Do poeta de A Guarda Francisco \u00c1lvarez Koki. Ambos libros son de tem\u00e1tica social e Neoyorkina. A Terraza 7 \u00e9 xa un icono da comunidade de emigrantes en xeral, xa que al\u00ed hai unha axenda cultural todo ano, con actividades de todo tipo, dende presentaci\u00f3ns de libros ata concertos de jazz [...]\" \/>\n<meta property=\"og:url\" content=\"https:\/\/www.anovapeneira.gal\/index.php\/2025\/05\/08\/hijos-de-la-luz-y-de-la-ira-ed-olifante-zaragoza-2023-e-sombra-de-luna-ed-juglar-toledo-2024\/\" \/>\n<meta property=\"article:publisher\" content=\"https:\/\/www.facebook.com\/anovapeneira\" \/>\n<meta property=\"article:published_time\" content=\"2025-05-08T10:43:36+00:00\" \/>\n<meta property=\"article:modified_time\" content=\"2025-05-08T10:43:37+00:00\" \/>\n<meta property=\"og:image\" content=\"https:\/\/www.anovapeneira.gal\/wp-content\/uploads\/2025\/05\/oki.jpg\" \/>\n\t<meta property=\"og:image:width\" content=\"720\" \/>\n\t<meta property=\"og:image:height\" content=\"432\" \/>\n\t<meta property=\"og:image:type\" content=\"image\/jpeg\" \/>\n<meta name=\"author\" content=\"Redacci\u00f3n A Nova Peneira\" \/>\n<meta name=\"twitter:card\" content=\"summary_large_image\" \/>\n<meta name=\"twitter:creator\" content=\"@APeneira\" \/>\n<meta name=\"twitter:site\" content=\"@APeneira\" \/>\n<meta name=\"twitter:label1\" content=\"Escrito por\" \/>\n\t<meta name=\"twitter:data1\" content=\"Redacci\u00f3n A Nova Peneira\" \/>\n\t<meta name=\"twitter:label2\" content=\"Tempo de lectura\" \/>\n\t<meta name=\"twitter:data2\" content=\"1 minuto\" \/>\n<script type=\"application\/ld+json\" class=\"yoast-schema-graph\">{\"@context\":\"https:\\\/\\\/schema.org\",\"@graph\":[{\"@type\":\"Article\",\"@id\":\"https:\\\/\\\/www.anovapeneira.gal\\\/index.php\\\/2025\\\/05\\\/08\\\/hijos-de-la-luz-y-de-la-ira-ed-olifante-zaragoza-2023-e-sombra-de-luna-ed-juglar-toledo-2024\\\/#article\",\"isPartOf\":{\"@id\":\"https:\\\/\\\/www.anovapeneira.gal\\\/index.php\\\/2025\\\/05\\\/08\\\/hijos-de-la-luz-y-de-la-ira-ed-olifante-zaragoza-2023-e-sombra-de-luna-ed-juglar-toledo-2024\\\/\"},\"author\":{\"name\":\"Redacci\u00f3n A Nova Peneira\",\"@id\":\"https:\\\/\\\/www.anovapeneira.gal\\\/#\\\/schema\\\/person\\\/b93e3f8932e3f8da96334607eb6ac6aa\"},\"headline\":\"&#8220;HIJOS DE LA LUZ Y DE LA IRA&#8221;. Ed. Olifante Zaragoza 2023 e &#8221; SOMBRA DE LUNA &#8220;. Ed. Juglar. Toledo 2024\",\"datePublished\":\"2025-05-08T10:43:36+00:00\",\"dateModified\":\"2025-05-08T10:43:37+00:00\",\"mainEntityOfPage\":{\"@id\":\"https:\\\/\\\/www.anovapeneira.gal\\\/index.php\\\/2025\\\/05\\\/08\\\/hijos-de-la-luz-y-de-la-ira-ed-olifante-zaragoza-2023-e-sombra-de-luna-ed-juglar-toledo-2024\\\/\"},\"wordCount\":147,\"commentCount\":0,\"publisher\":{\"@id\":\"https:\\\/\\\/www.anovapeneira.gal\\\/#organization\"},\"image\":{\"@id\":\"https:\\\/\\\/www.anovapeneira.gal\\\/index.php\\\/2025\\\/05\\\/08\\\/hijos-de-la-luz-y-de-la-ira-ed-olifante-zaragoza-2023-e-sombra-de-luna-ed-juglar-toledo-2024\\\/#primaryimage\"},\"thumbnailUrl\":\"https:\\\/\\\/www.anovapeneira.gal\\\/wp-content\\\/uploads\\\/2025\\\/05\\\/oki.jpg\",\"keywords\":[\"Concello da Garda\"],\"articleSection\":[\"Baixo Mi\u00f1o\"],\"inLanguage\":\"gl-ES\",\"potentialAction\":[{\"@type\":\"CommentAction\",\"name\":\"Comment\",\"target\":[\"https:\\\/\\\/www.anovapeneira.gal\\\/index.php\\\/2025\\\/05\\\/08\\\/hijos-de-la-luz-y-de-la-ira-ed-olifante-zaragoza-2023-e-sombra-de-luna-ed-juglar-toledo-2024\\\/#respond\"]}]},{\"@type\":\"WebPage\",\"@id\":\"https:\\\/\\\/www.anovapeneira.gal\\\/index.php\\\/2025\\\/05\\\/08\\\/hijos-de-la-luz-y-de-la-ira-ed-olifante-zaragoza-2023-e-sombra-de-luna-ed-juglar-toledo-2024\\\/\",\"url\":\"https:\\\/\\\/www.anovapeneira.gal\\\/index.php\\\/2025\\\/05\\\/08\\\/hijos-de-la-luz-y-de-la-ira-ed-olifante-zaragoza-2023-e-sombra-de-luna-ed-juglar-toledo-2024\\\/\",\"name\":\"\\\"HIJOS DE LA LUZ Y DE LA IRA\\\". Ed. Olifante Zaragoza 2023 e \\\" SOMBRA DE LUNA \\\". Ed. Juglar. Toledo 2024 -\",\"isPartOf\":{\"@id\":\"https:\\\/\\\/www.anovapeneira.gal\\\/#website\"},\"primaryImageOfPage\":{\"@id\":\"https:\\\/\\\/www.anovapeneira.gal\\\/index.php\\\/2025\\\/05\\\/08\\\/hijos-de-la-luz-y-de-la-ira-ed-olifante-zaragoza-2023-e-sombra-de-luna-ed-juglar-toledo-2024\\\/#primaryimage\"},\"image\":{\"@id\":\"https:\\\/\\\/www.anovapeneira.gal\\\/index.php\\\/2025\\\/05\\\/08\\\/hijos-de-la-luz-y-de-la-ira-ed-olifante-zaragoza-2023-e-sombra-de-luna-ed-juglar-toledo-2024\\\/#primaryimage\"},\"thumbnailUrl\":\"https:\\\/\\\/www.anovapeneira.gal\\\/wp-content\\\/uploads\\\/2025\\\/05\\\/oki.jpg\",\"datePublished\":\"2025-05-08T10:43:36+00:00\",\"dateModified\":\"2025-05-08T10:43:37+00:00\",\"breadcrumb\":{\"@id\":\"https:\\\/\\\/www.anovapeneira.gal\\\/index.php\\\/2025\\\/05\\\/08\\\/hijos-de-la-luz-y-de-la-ira-ed-olifante-zaragoza-2023-e-sombra-de-luna-ed-juglar-toledo-2024\\\/#breadcrumb\"},\"inLanguage\":\"gl-ES\",\"potentialAction\":[{\"@type\":\"ReadAction\",\"target\":[\"https:\\\/\\\/www.anovapeneira.gal\\\/index.php\\\/2025\\\/05\\\/08\\\/hijos-de-la-luz-y-de-la-ira-ed-olifante-zaragoza-2023-e-sombra-de-luna-ed-juglar-toledo-2024\\\/\"]}]},{\"@type\":\"ImageObject\",\"inLanguage\":\"gl-ES\",\"@id\":\"https:\\\/\\\/www.anovapeneira.gal\\\/index.php\\\/2025\\\/05\\\/08\\\/hijos-de-la-luz-y-de-la-ira-ed-olifante-zaragoza-2023-e-sombra-de-luna-ed-juglar-toledo-2024\\\/#primaryimage\",\"url\":\"https:\\\/\\\/www.anovapeneira.gal\\\/wp-content\\\/uploads\\\/2025\\\/05\\\/oki.jpg\",\"contentUrl\":\"https:\\\/\\\/www.anovapeneira.gal\\\/wp-content\\\/uploads\\\/2025\\\/05\\\/oki.jpg\",\"width\":720,\"height\":432,\"caption\":\"Francisco \u00c1lvarez Koki\"},{\"@type\":\"BreadcrumbList\",\"@id\":\"https:\\\/\\\/www.anovapeneira.gal\\\/index.php\\\/2025\\\/05\\\/08\\\/hijos-de-la-luz-y-de-la-ira-ed-olifante-zaragoza-2023-e-sombra-de-luna-ed-juglar-toledo-2024\\\/#breadcrumb\",\"itemListElement\":[{\"@type\":\"ListItem\",\"position\":1,\"name\":\"Portada\",\"item\":\"https:\\\/\\\/www.anovapeneira.gal\\\/\"},{\"@type\":\"ListItem\",\"position\":2,\"name\":\"&#8220;HIJOS DE LA LUZ Y DE LA IRA&#8221;. Ed. Olifante Zaragoza 2023 e &#8221; SOMBRA DE LUNA &#8220;. Ed. Juglar. Toledo 2024\"}]},{\"@type\":\"WebSite\",\"@id\":\"https:\\\/\\\/www.anovapeneira.gal\\\/#website\",\"url\":\"https:\\\/\\\/www.anovapeneira.gal\\\/\",\"name\":\"\",\"description\":\"Xornal galego de informaci\u00f3n xeral Publicaci\u00f3n mensual de novas de Galicia e en especial dos Concellos da sur da provincia de Pontevedra.\",\"publisher\":{\"@id\":\"https:\\\/\\\/www.anovapeneira.gal\\\/#organization\"},\"potentialAction\":[{\"@type\":\"SearchAction\",\"target\":{\"@type\":\"EntryPoint\",\"urlTemplate\":\"https:\\\/\\\/www.anovapeneira.gal\\\/?s={search_term_string}\"},\"query-input\":{\"@type\":\"PropertyValueSpecification\",\"valueRequired\":true,\"valueName\":\"search_term_string\"}}],\"inLanguage\":\"gl-ES\"},{\"@type\":\"Organization\",\"@id\":\"https:\\\/\\\/www.anovapeneira.gal\\\/#organization\",\"name\":\"A Nova Peneira\",\"url\":\"https:\\\/\\\/www.anovapeneira.gal\\\/\",\"logo\":{\"@type\":\"ImageObject\",\"inLanguage\":\"gl-ES\",\"@id\":\"https:\\\/\\\/www.anovapeneira.gal\\\/#\\\/schema\\\/logo\\\/image\\\/\",\"url\":\"http:\\\/\\\/www.anovapeneira.gal\\\/wp-content\\\/uploads\\\/2019\\\/06\\\/logo_a_nova_peneira_portal_web.png\",\"contentUrl\":\"http:\\\/\\\/www.anovapeneira.gal\\\/wp-content\\\/uploads\\\/2019\\\/06\\\/logo_a_nova_peneira_portal_web.png\",\"width\":300,\"height\":100,\"caption\":\"A Nova Peneira\"},\"image\":{\"@id\":\"https:\\\/\\\/www.anovapeneira.gal\\\/#\\\/schema\\\/logo\\\/image\\\/\"},\"sameAs\":[\"https:\\\/\\\/www.facebook.com\\\/anovapeneira\",\"https:\\\/\\\/x.com\\\/APeneira\"]},{\"@type\":\"Person\",\"@id\":\"https:\\\/\\\/www.anovapeneira.gal\\\/#\\\/schema\\\/person\\\/b93e3f8932e3f8da96334607eb6ac6aa\",\"name\":\"Redacci\u00f3n A Nova Peneira\",\"image\":{\"@type\":\"ImageObject\",\"inLanguage\":\"gl-ES\",\"@id\":\"https:\\\/\\\/secure.gravatar.com\\\/avatar\\\/c052a2551a06e23fac63626232eaa90abd78dbcf1700fc46a2b2c89fd27b735f?s=96&d=mm&r=g\",\"url\":\"https:\\\/\\\/secure.gravatar.com\\\/avatar\\\/c052a2551a06e23fac63626232eaa90abd78dbcf1700fc46a2b2c89fd27b735f?s=96&d=mm&r=g\",\"contentUrl\":\"https:\\\/\\\/secure.gravatar.com\\\/avatar\\\/c052a2551a06e23fac63626232eaa90abd78dbcf1700fc46a2b2c89fd27b735f?s=96&d=mm&r=g\",\"caption\":\"Redacci\u00f3n A Nova Peneira\"},\"sameAs\":[\"http:\\\/\\\/www.anovapeneira.gal\\\/\"],\"url\":\"https:\\\/\\\/www.anovapeneira.gal\\\/index.php\\\/author\\\/redactor\\\/\"}]}<\/script>\n<!-- \/ Yoast SEO plugin. -->","yoast_head_json":{"title":"\"HIJOS DE LA LUZ Y DE LA IRA\". Ed. Olifante Zaragoza 2023 e \" SOMBRA DE LUNA \". Ed. Juglar. Toledo 2024 -","robots":{"index":"index","follow":"follow","max-snippet":"max-snippet:-1","max-image-preview":"max-image-preview:large","max-video-preview":"max-video-preview:-1"},"canonical":"https:\/\/www.anovapeneira.gal\/index.php\/2025\/05\/08\/hijos-de-la-luz-y-de-la-ira-ed-olifante-zaragoza-2023-e-sombra-de-luna-ed-juglar-toledo-2024\/","og_locale":"gl_ES","og_type":"article","og_title":"\"HIJOS DE LA LUZ Y DE LA IRA\". Ed. Olifante Zaragoza 2023 e \" SOMBRA DE LUNA \". Ed. Juglar. Toledo 2024 -","og_description":"Do poeta de A Guarda Francisco \u00c1lvarez Koki. Ambos libros son de tem\u00e1tica social e Neoyorkina. A Terraza 7 \u00e9 xa un icono da comunidade de emigrantes en xeral, xa que al\u00ed hai unha axenda cultural todo ano, con actividades de todo tipo, dende presentaci\u00f3ns de libros ata concertos de jazz [...]","og_url":"https:\/\/www.anovapeneira.gal\/index.php\/2025\/05\/08\/hijos-de-la-luz-y-de-la-ira-ed-olifante-zaragoza-2023-e-sombra-de-luna-ed-juglar-toledo-2024\/","article_publisher":"https:\/\/www.facebook.com\/anovapeneira","article_published_time":"2025-05-08T10:43:36+00:00","article_modified_time":"2025-05-08T10:43:37+00:00","og_image":[{"width":720,"height":432,"url":"https:\/\/www.anovapeneira.gal\/wp-content\/uploads\/2025\/05\/oki.jpg","type":"image\/jpeg"}],"author":"Redacci\u00f3n A Nova Peneira","twitter_card":"summary_large_image","twitter_creator":"@APeneira","twitter_site":"@APeneira","twitter_misc":{"Escrito por":"Redacci\u00f3n A Nova Peneira","Tempo de lectura":"1 minuto"},"schema":{"@context":"https:\/\/schema.org","@graph":[{"@type":"Article","@id":"https:\/\/www.anovapeneira.gal\/index.php\/2025\/05\/08\/hijos-de-la-luz-y-de-la-ira-ed-olifante-zaragoza-2023-e-sombra-de-luna-ed-juglar-toledo-2024\/#article","isPartOf":{"@id":"https:\/\/www.anovapeneira.gal\/index.php\/2025\/05\/08\/hijos-de-la-luz-y-de-la-ira-ed-olifante-zaragoza-2023-e-sombra-de-luna-ed-juglar-toledo-2024\/"},"author":{"name":"Redacci\u00f3n A Nova Peneira","@id":"https:\/\/www.anovapeneira.gal\/#\/schema\/person\/b93e3f8932e3f8da96334607eb6ac6aa"},"headline":"&#8220;HIJOS DE LA LUZ Y DE LA IRA&#8221;. Ed. Olifante Zaragoza 2023 e &#8221; SOMBRA DE LUNA &#8220;. Ed. Juglar. Toledo 2024","datePublished":"2025-05-08T10:43:36+00:00","dateModified":"2025-05-08T10:43:37+00:00","mainEntityOfPage":{"@id":"https:\/\/www.anovapeneira.gal\/index.php\/2025\/05\/08\/hijos-de-la-luz-y-de-la-ira-ed-olifante-zaragoza-2023-e-sombra-de-luna-ed-juglar-toledo-2024\/"},"wordCount":147,"commentCount":0,"publisher":{"@id":"https:\/\/www.anovapeneira.gal\/#organization"},"image":{"@id":"https:\/\/www.anovapeneira.gal\/index.php\/2025\/05\/08\/hijos-de-la-luz-y-de-la-ira-ed-olifante-zaragoza-2023-e-sombra-de-luna-ed-juglar-toledo-2024\/#primaryimage"},"thumbnailUrl":"https:\/\/www.anovapeneira.gal\/wp-content\/uploads\/2025\/05\/oki.jpg","keywords":["Concello da Garda"],"articleSection":["Baixo Mi\u00f1o"],"inLanguage":"gl-ES","potentialAction":[{"@type":"CommentAction","name":"Comment","target":["https:\/\/www.anovapeneira.gal\/index.php\/2025\/05\/08\/hijos-de-la-luz-y-de-la-ira-ed-olifante-zaragoza-2023-e-sombra-de-luna-ed-juglar-toledo-2024\/#respond"]}]},{"@type":"WebPage","@id":"https:\/\/www.anovapeneira.gal\/index.php\/2025\/05\/08\/hijos-de-la-luz-y-de-la-ira-ed-olifante-zaragoza-2023-e-sombra-de-luna-ed-juglar-toledo-2024\/","url":"https:\/\/www.anovapeneira.gal\/index.php\/2025\/05\/08\/hijos-de-la-luz-y-de-la-ira-ed-olifante-zaragoza-2023-e-sombra-de-luna-ed-juglar-toledo-2024\/","name":"\"HIJOS DE LA LUZ Y DE LA IRA\". Ed. Olifante Zaragoza 2023 e \" SOMBRA DE LUNA \". Ed. Juglar. Toledo 2024 -","isPartOf":{"@id":"https:\/\/www.anovapeneira.gal\/#website"},"primaryImageOfPage":{"@id":"https:\/\/www.anovapeneira.gal\/index.php\/2025\/05\/08\/hijos-de-la-luz-y-de-la-ira-ed-olifante-zaragoza-2023-e-sombra-de-luna-ed-juglar-toledo-2024\/#primaryimage"},"image":{"@id":"https:\/\/www.anovapeneira.gal\/index.php\/2025\/05\/08\/hijos-de-la-luz-y-de-la-ira-ed-olifante-zaragoza-2023-e-sombra-de-luna-ed-juglar-toledo-2024\/#primaryimage"},"thumbnailUrl":"https:\/\/www.anovapeneira.gal\/wp-content\/uploads\/2025\/05\/oki.jpg","datePublished":"2025-05-08T10:43:36+00:00","dateModified":"2025-05-08T10:43:37+00:00","breadcrumb":{"@id":"https:\/\/www.anovapeneira.gal\/index.php\/2025\/05\/08\/hijos-de-la-luz-y-de-la-ira-ed-olifante-zaragoza-2023-e-sombra-de-luna-ed-juglar-toledo-2024\/#breadcrumb"},"inLanguage":"gl-ES","potentialAction":[{"@type":"ReadAction","target":["https:\/\/www.anovapeneira.gal\/index.php\/2025\/05\/08\/hijos-de-la-luz-y-de-la-ira-ed-olifante-zaragoza-2023-e-sombra-de-luna-ed-juglar-toledo-2024\/"]}]},{"@type":"ImageObject","inLanguage":"gl-ES","@id":"https:\/\/www.anovapeneira.gal\/index.php\/2025\/05\/08\/hijos-de-la-luz-y-de-la-ira-ed-olifante-zaragoza-2023-e-sombra-de-luna-ed-juglar-toledo-2024\/#primaryimage","url":"https:\/\/www.anovapeneira.gal\/wp-content\/uploads\/2025\/05\/oki.jpg","contentUrl":"https:\/\/www.anovapeneira.gal\/wp-content\/uploads\/2025\/05\/oki.jpg","width":720,"height":432,"caption":"Francisco \u00c1lvarez Koki"},{"@type":"BreadcrumbList","@id":"https:\/\/www.anovapeneira.gal\/index.php\/2025\/05\/08\/hijos-de-la-luz-y-de-la-ira-ed-olifante-zaragoza-2023-e-sombra-de-luna-ed-juglar-toledo-2024\/#breadcrumb","itemListElement":[{"@type":"ListItem","position":1,"name":"Portada","item":"https:\/\/www.anovapeneira.gal\/"},{"@type":"ListItem","position":2,"name":"&#8220;HIJOS DE LA LUZ Y DE LA IRA&#8221;. Ed. Olifante Zaragoza 2023 e &#8221; SOMBRA DE LUNA &#8220;. Ed. Juglar. Toledo 2024"}]},{"@type":"WebSite","@id":"https:\/\/www.anovapeneira.gal\/#website","url":"https:\/\/www.anovapeneira.gal\/","name":"","description":"Xornal galego de informaci\u00f3n xeral Publicaci\u00f3n mensual de novas de Galicia e en especial dos Concellos da sur da provincia de Pontevedra.","publisher":{"@id":"https:\/\/www.anovapeneira.gal\/#organization"},"potentialAction":[{"@type":"SearchAction","target":{"@type":"EntryPoint","urlTemplate":"https:\/\/www.anovapeneira.gal\/?s={search_term_string}"},"query-input":{"@type":"PropertyValueSpecification","valueRequired":true,"valueName":"search_term_string"}}],"inLanguage":"gl-ES"},{"@type":"Organization","@id":"https:\/\/www.anovapeneira.gal\/#organization","name":"A Nova Peneira","url":"https:\/\/www.anovapeneira.gal\/","logo":{"@type":"ImageObject","inLanguage":"gl-ES","@id":"https:\/\/www.anovapeneira.gal\/#\/schema\/logo\/image\/","url":"http:\/\/www.anovapeneira.gal\/wp-content\/uploads\/2019\/06\/logo_a_nova_peneira_portal_web.png","contentUrl":"http:\/\/www.anovapeneira.gal\/wp-content\/uploads\/2019\/06\/logo_a_nova_peneira_portal_web.png","width":300,"height":100,"caption":"A Nova Peneira"},"image":{"@id":"https:\/\/www.anovapeneira.gal\/#\/schema\/logo\/image\/"},"sameAs":["https:\/\/www.facebook.com\/anovapeneira","https:\/\/x.com\/APeneira"]},{"@type":"Person","@id":"https:\/\/www.anovapeneira.gal\/#\/schema\/person\/b93e3f8932e3f8da96334607eb6ac6aa","name":"Redacci\u00f3n A Nova Peneira","image":{"@type":"ImageObject","inLanguage":"gl-ES","@id":"https:\/\/secure.gravatar.com\/avatar\/c052a2551a06e23fac63626232eaa90abd78dbcf1700fc46a2b2c89fd27b735f?s=96&d=mm&r=g","url":"https:\/\/secure.gravatar.com\/avatar\/c052a2551a06e23fac63626232eaa90abd78dbcf1700fc46a2b2c89fd27b735f?s=96&d=mm&r=g","contentUrl":"https:\/\/secure.gravatar.com\/avatar\/c052a2551a06e23fac63626232eaa90abd78dbcf1700fc46a2b2c89fd27b735f?s=96&d=mm&r=g","caption":"Redacci\u00f3n A Nova Peneira"},"sameAs":["http:\/\/www.anovapeneira.gal\/"],"url":"https:\/\/www.anovapeneira.gal\/index.php\/author\/redactor\/"}]}},"jetpack_featured_media_url":"https:\/\/www.anovapeneira.gal\/wp-content\/uploads\/2025\/05\/oki.jpg","_links":{"self":[{"href":"https:\/\/www.anovapeneira.gal\/index.php\/wp-json\/wp\/v2\/posts\/13873","targetHints":{"allow":["GET"]}}],"collection":[{"href":"https:\/\/www.anovapeneira.gal\/index.php\/wp-json\/wp\/v2\/posts"}],"about":[{"href":"https:\/\/www.anovapeneira.gal\/index.php\/wp-json\/wp\/v2\/types\/post"}],"author":[{"embeddable":true,"href":"https:\/\/www.anovapeneira.gal\/index.php\/wp-json\/wp\/v2\/users\/3"}],"replies":[{"embeddable":true,"href":"https:\/\/www.anovapeneira.gal\/index.php\/wp-json\/wp\/v2\/comments?post=13873"}],"version-history":[{"count":1,"href":"https:\/\/www.anovapeneira.gal\/index.php\/wp-json\/wp\/v2\/posts\/13873\/revisions"}],"predecessor-version":[{"id":13875,"href":"https:\/\/www.anovapeneira.gal\/index.php\/wp-json\/wp\/v2\/posts\/13873\/revisions\/13875"}],"wp:featuredmedia":[{"embeddable":true,"href":"https:\/\/www.anovapeneira.gal\/index.php\/wp-json\/wp\/v2\/media\/13874"}],"wp:attachment":[{"href":"https:\/\/www.anovapeneira.gal\/index.php\/wp-json\/wp\/v2\/media?parent=13873"}],"wp:term":[{"taxonomy":"category","embeddable":true,"href":"https:\/\/www.anovapeneira.gal\/index.php\/wp-json\/wp\/v2\/categories?post=13873"},{"taxonomy":"post_tag","embeddable":true,"href":"https:\/\/www.anovapeneira.gal\/index.php\/wp-json\/wp\/v2\/tags?post=13873"}],"curies":[{"name":"wp","href":"https:\/\/api.w.org\/{rel}","templated":true}]}}