{"id":13876,"date":"2025-05-12T10:00:49","date_gmt":"2025-05-12T08:00:49","guid":{"rendered":"https:\/\/www.anovapeneira.gal\/?p=13876"},"modified":"2025-05-08T12:50:10","modified_gmt":"2025-05-08T10:50:10","slug":"comite-antifascista-da-lourina","status":"publish","type":"post","link":"https:\/\/www.anovapeneira.gal\/index.php\/2025\/05\/12\/comite-antifascista-da-lourina\/","title":{"rendered":"Comit\u00e9 Antifascista da Louri\u00f1a"},"content":{"rendered":"\n<p><strong>Juana Capdevielle foi unha brillante intelectual nacida en 1905 e asasinada en 1936. Ela era unha pedagoga de enorme solvencia e desempe\u00f1ou un papel moi importante na educaci\u00f3n p\u00fablica durante a Rep\u00fablica. Estaba casada con Francisco Carballo, gobernador civil da Coru\u00f1a, que foi tam\u00e9n asasinado poucos d\u00edas antes ca Juana.<\/strong><\/p>\n\n\n\n<p><strong>Juana foi asasinada, torturada, e presuntamente violada por un grupo de fascistas que a levaron da casa na que se refuxiaba e a asasinaron salvaxemente nunha cuneta. O asasinato de Juana \u00e9 un exemplo de como a brutalidade fascista reacciona ante a luz da intelixencia e a liberdade. Pois como Juana, m\u00e1is de 100.000 casos de asasinatos extraxudiciais ateigan as cunetas, cami\u00f1os e corredoiras do estado espa\u00f1ol. Toda esta barbarie foi causada non polo azar nin por xeraci\u00f3n espont\u00e1nea, foi causada polo fascismo. Xa que logo calquera colectivo que leve o ep\u00edgrafe de \u201cantifascista\u201d vai ter a nosa simpat\u00eda e aqu\u00ed as s\u00faas p\u00e1xinas para expresarse cando considere. Ante o fascismo non se pode ser indiferente, nin mirar a outro lado. Mill\u00f3ns de persoas sufriron e sofren no mundo a barbarie do fascismo, e como di o noso entrevistado de hoxe\u201d \u201c a \u00fanica maneira de pasar por esta vida sendo un ser humano decente, \u00e9 ser antifascista\u201d, palabras que subscribimos e compartimos absolutamente.<\/strong><\/p>\n\n\n\n<p><strong>Na comarca da Louri\u00f1a funciona desde hai alg\u00fans anos un colectivo denominado \u201c Comit\u00e9 antifascista\u201d, e n\u00f3s fomos co\u00f1ecelos. Falamos con Paulo, un dos membros fundadores .El e un mozo de Tameiga de 33 anos de idade que nos atendeu con moita amabilidade.<\/strong><\/p>\n\n\n\n<p><strong>Paulo Vila, membro fundador.<\/strong><\/p>\n\n\n\n<h2 class=\"wp-block-heading\">\u201c<strong>A maior\u00eda da sociedade a\u00ednda non \u00e9 consciente do perigo que sup\u00f3n o fascismo\u201d<\/strong><\/h2>\n\n\n\n<p><strong>Cando nace o comit\u00e9 e por que motivo?<\/strong><\/p>\n\n\n\n<blockquote class=\"wp-block-quote is-layout-flow wp-block-quote-is-layout-flow\">\n<p>Nacemos no ver\u00e1n do ano 2020 perante ao auxe do fascismo que nese ano comezouse a experimentar no estado espa\u00f1ol, en coincidencia coa eclosi\u00f3n da organizaci\u00f3n VOX.<\/p>\n<\/blockquote>\n\n\n\n<blockquote class=\"wp-block-quote is-layout-flow wp-block-quote-is-layout-flow\">\n<p>Nese momento un grupo de persoas decidimos organizarnos para amosar explicitamente a nosa oposici\u00f3n \u00e1 barbarie que representa o fascismo.<\/p>\n<\/blockquote>\n\n\n\n<p><strong>Nacedes dalgunha organizaci\u00f3n pol\u00edtica en concreto?<\/strong><\/p>\n\n\n\n<blockquote class=\"wp-block-quote is-layout-flow wp-block-quote-is-layout-flow\">\n<p>Non. Somos un colectivo transversal formado por persoas con militancia pol\u00edtica e por outras que non a te\u00f1en. O que nos une \u00e9 a nosa radical oposici\u00f3n ao fascismo. Consideramos que perante a eclosi\u00f3n de colectivos e persoas que representan o mesmo espazo pol\u00edtico que foi responsable dunha das etapas m\u00e1is terribles da historia da humanidade, non se pode mirar a outro lado.<\/p>\n<\/blockquote>\n\n\n\n<p><strong>Calquera persoa que sinta a necesidade de expresar a s\u00faa oposici\u00f3n ao fascismo pode colaborar con v\u00f3s?<\/strong><\/p>\n\n\n\n<blockquote class=\"wp-block-quote is-layout-flow wp-block-quote-is-layout-flow\">\n<p>Estariamos encantados de que sexa as\u00ed.<\/p>\n<\/blockquote>\n\n\n\n<p><strong>Que \u00e1mbito de actuaci\u00f3n abranguedes?<\/strong><\/p>\n\n\n\n<blockquote class=\"wp-block-quote is-layout-flow wp-block-quote-is-layout-flow\">\n<p>A comarca da Louri\u00f1a, especialmente Mos e O Porri\u00f1o.<\/p>\n<\/blockquote>\n\n\n\n<p><strong>Cales son as vosas principais li\u00f1as de actuaci\u00f3n?<\/strong><\/p>\n\n\n\n<blockquote class=\"wp-block-quote is-layout-flow wp-block-quote-is-layout-flow\">\n<p>O noso campo de actuaci\u00f3n fundamental \u00e9 a r\u00faa. Facemos actividade de denuncia do fascismo e do imperialismo, en todos os contextos que podemos. O noso obxectivo \u00e9 concienciar a quen non estea concienciado de que ante o fascismo non cabe a equidistancia, pois incluso os equidistantes corren o risco de seren devorados pola besta.<\/p>\n<\/blockquote>\n\n\n\n<blockquote class=\"wp-block-quote is-layout-flow wp-block-quote-is-layout-flow\">\n<p>A gravidade do actual xenocidio sionista contra o pobo de Palestina, fai que esteamos especialmente centrados na denuncia de algo tan terrible. De feito facemos unha ou d\u00faas concentraci\u00f3ns mensuais para expresar a nosa rotunda condena a agresi\u00f3n sionista e a nosa total solidariedade co pobo palestino.<\/p>\n<\/blockquote>\n\n\n\n<p><strong>Onde facedes esas concentraci\u00f3ns?<\/strong><\/p>\n\n\n\n<blockquote class=\"wp-block-quote is-layout-flow wp-block-quote-is-layout-flow\">\n<p>No Porri\u00f1o, fronte o concello.<\/p>\n<\/blockquote>\n\n\n\n<p><strong>Se alg\u00fan lector ou lectora tivera interese en participar, como ter\u00eda que facer?<\/strong><\/p>\n\n\n\n<blockquote class=\"wp-block-quote is-layout-flow wp-block-quote-is-layout-flow\">\n<p>Anunci\u00e1molas v\u00eda redes sociais. S\u00f3 estar atento ou atenta \u00e1s nosas redes, e cando anunciemos a pr\u00f3xima achegarse e sumarse. As mobilizaci\u00f3ns enc\u00e1dranse nas que organiza a coordinadora galega de solidariedade con Palestina.<\/p>\n<\/blockquote>\n\n\n\n<p><strong>Local f\u00edsico tendes?<\/strong><\/p>\n\n\n\n<blockquote class=\"wp-block-quote is-layout-flow wp-block-quote-is-layout-flow\">\n<p>Non.<\/p>\n<\/blockquote>\n\n\n\n<p><strong>Como vos financiades?<\/strong><\/p>\n\n\n\n<blockquote class=\"wp-block-quote is-layout-flow wp-block-quote-is-layout-flow\">\n<p>Autofinanci\u00e1monos. Todo o material de propaganda \u00e9 artesanal e caseiro.<\/p>\n<\/blockquote>\n\n\n\n<p><strong>Xa, pero os carteis e as faixas, por moi caseiras que sexan, hai que pagalas<\/strong><\/p>\n\n\n\n<blockquote class=\"wp-block-quote is-layout-flow wp-block-quote-is-layout-flow\">\n<p>Si, claro. Cada un de n\u00f3s achega o que pode. Non estamos nisto nin para facer negocio nin por ningunha outra raz\u00f3n que non sexan os principios.<\/p>\n<\/blockquote>\n\n\n\n<p><strong>Que pulsi\u00f3n maioritaria percibes nas r\u00faas da Louri\u00f1a en relaci\u00f3n ao fascismo:Simpat\u00eda,antipat\u00eda ou indiferenza?<\/strong><\/p>\n\n\n\n<blockquote class=\"wp-block-quote is-layout-flow wp-block-quote-is-layout-flow\">\n<p>Eu creo que a ampla maior\u00eda da sociedade a\u00ednda non \u00e9 consciente do perigo que sup\u00f3n. C\u00f3mpre realizar moito traballo pol\u00edtico para tratar de mudar aos poucos esa situaci\u00f3n.<\/p>\n<\/blockquote>\n\n\n\n<p><strong>Non \u00e9 nada f\u00e1cil, iso que dis. Chegarlle \u00e1 conciencia dunha soa persoa \u00e9 moi complicado, e facelo a un nivel que te\u00f1a incidencia social \u00e9 unha tarefa herc\u00falea<\/strong><\/p>\n\n\n\n<blockquote class=\"wp-block-quote is-layout-flow wp-block-quote-is-layout-flow\">\n<p>Son consciente abof\u00e9. Pero n\u00f3s somos moi teimudos.<\/p>\n<\/blockquote>\n\n\n\n<p><strong>Ti es de Mos, que relaci\u00f3n tendes coas tres forzas pol\u00edticas que te\u00f1en representaci\u00f3n no concello?<\/strong><\/p>\n\n\n\n<blockquote class=\"wp-block-quote is-layout-flow wp-block-quote-is-layout-flow\">\n<p>Co BNG temos unha relaci\u00f3n cordial, temos diferenzas pero prima a cordialidade. De feito compartimos loitas com\u00fans como a solidariedade con Palestina ou a oposici\u00f3n ao imperialismo. Co PSOE non temos relaci\u00f3n algunha. Entendemos que son traidores \u00e1 clase obreira. Se coincidimos nalg\u00fan acto saud\u00e1molos de maneira educada, pero non existe ning\u00fan tipo de relaci\u00f3n pol\u00edtica. E co PP simplemente dicir que son os nosos inimigos. E ao inimigo hai que derrotalo. O goberno de Mos e a s\u00faa alcaldesa en particular, son para n\u00f3s a ant\u00edtese do que pode significar a pol\u00edtica decente.<\/p>\n<\/blockquote>\n\n\n\n<p><strong>O futuro para o comit\u00e9, cal \u00e9?<\/strong><\/p>\n\n\n\n<blockquote class=\"wp-block-quote is-layout-flow wp-block-quote-is-layout-flow\">\n<p>A nosa intenci\u00f3n \u00e9 coller a m\u00e1xima forza posible para podermos concienciar a moita xente da nosa comarca de que ser antifascista \u00e9 a \u00fanica maneira de pasar por esta vida sendo un ser humano decente.<\/p>\n<\/blockquote>\n","protected":false},"excerpt":{"rendered":"<div class=\"mh-excerpt\"><p>Juana Capdevielle foi unha brillante intelectual nacida en 1905 e asasinada en 1936. Ela era unha pedagoga de enorme solvencia e desempe\u00f1ou un papel moi importante na educaci\u00f3n p\u00fablica durante a Rep\u00fablica. Estaba casada con <a class=\"mh-excerpt-more\" href=\"https:\/\/www.anovapeneira.gal\/index.php\/2025\/05\/12\/comite-antifascista-da-lourina\/\" title=\"Comit\u00e9 Antifascista da Louri\u00f1a\">[&#8230;]<\/a><\/p>\n<\/div>","protected":false},"author":3,"featured_media":13877,"comment_status":"open","ping_status":"open","sticky":false,"template":"","format":"standard","meta":{"_exactmetrics_skip_tracking":false,"_exactmetrics_sitenote_active":false,"_exactmetrics_sitenote_note":"","_exactmetrics_sitenote_category":0,"footnotes":""},"categories":[265],"tags":[],"class_list":{"0":"post-13876","1":"post","2":"type-post","3":"status-publish","4":"format-standard","5":"has-post-thumbnail","7":"category-a-lourina-entrevistas"},"yoast_head":"<!-- This site is optimized with the Yoast SEO plugin v27.4 - https:\/\/yoast.com\/product\/yoast-seo-wordpress\/ -->\n<title>Comit\u00e9 Antifascista da Louri\u00f1a -<\/title>\n<meta name=\"robots\" content=\"index, follow, max-snippet:-1, max-image-preview:large, max-video-preview:-1\" \/>\n<link rel=\"canonical\" href=\"https:\/\/www.anovapeneira.gal\/index.php\/2025\/05\/12\/comite-antifascista-da-lourina\/\" \/>\n<meta property=\"og:locale\" content=\"gl_ES\" \/>\n<meta property=\"og:type\" content=\"article\" \/>\n<meta property=\"og:title\" content=\"Comit\u00e9 Antifascista da Louri\u00f1a -\" \/>\n<meta property=\"og:description\" content=\"Juana Capdevielle foi unha brillante intelectual nacida en 1905 e asasinada en 1936. Ela era unha pedagoga de enorme solvencia e desempe\u00f1ou un papel moi importante na educaci\u00f3n p\u00fablica durante a Rep\u00fablica. Estaba casada con [...]\" \/>\n<meta property=\"og:url\" content=\"https:\/\/www.anovapeneira.gal\/index.php\/2025\/05\/12\/comite-antifascista-da-lourina\/\" \/>\n<meta property=\"article:publisher\" content=\"https:\/\/www.facebook.com\/anovapeneira\" \/>\n<meta property=\"article:published_time\" content=\"2025-05-12T08:00:49+00:00\" \/>\n<meta property=\"og:image\" content=\"https:\/\/www.anovapeneira.gal\/wp-content\/uploads\/2025\/05\/paulo_vila.jpg\" \/>\n\t<meta property=\"og:image:width\" content=\"720\" \/>\n\t<meta property=\"og:image:height\" content=\"432\" \/>\n\t<meta property=\"og:image:type\" content=\"image\/jpeg\" \/>\n<meta name=\"author\" content=\"Redacci\u00f3n A Nova Peneira\" \/>\n<meta name=\"twitter:card\" content=\"summary_large_image\" \/>\n<meta name=\"twitter:creator\" content=\"@APeneira\" \/>\n<meta name=\"twitter:site\" content=\"@APeneira\" \/>\n<meta name=\"twitter:label1\" content=\"Escrito por\" \/>\n\t<meta name=\"twitter:data1\" content=\"Redacci\u00f3n A Nova Peneira\" \/>\n\t<meta name=\"twitter:label2\" content=\"Tempo de lectura\" \/>\n\t<meta name=\"twitter:data2\" content=\"3 minutos\" \/>\n<script type=\"application\/ld+json\" class=\"yoast-schema-graph\">{\"@context\":\"https:\\\/\\\/schema.org\",\"@graph\":[{\"@type\":\"Article\",\"@id\":\"https:\\\/\\\/www.anovapeneira.gal\\\/index.php\\\/2025\\\/05\\\/12\\\/comite-antifascista-da-lourina\\\/#article\",\"isPartOf\":{\"@id\":\"https:\\\/\\\/www.anovapeneira.gal\\\/index.php\\\/2025\\\/05\\\/12\\\/comite-antifascista-da-lourina\\\/\"},\"author\":{\"name\":\"Redacci\u00f3n A Nova Peneira\",\"@id\":\"https:\\\/\\\/www.anovapeneira.gal\\\/#\\\/schema\\\/person\\\/b93e3f8932e3f8da96334607eb6ac6aa\"},\"headline\":\"Comit\u00e9 Antifascista da Louri\u00f1a\",\"datePublished\":\"2025-05-12T08:00:49+00:00\",\"mainEntityOfPage\":{\"@id\":\"https:\\\/\\\/www.anovapeneira.gal\\\/index.php\\\/2025\\\/05\\\/12\\\/comite-antifascista-da-lourina\\\/\"},\"wordCount\":974,\"commentCount\":0,\"publisher\":{\"@id\":\"https:\\\/\\\/www.anovapeneira.gal\\\/#organization\"},\"image\":{\"@id\":\"https:\\\/\\\/www.anovapeneira.gal\\\/index.php\\\/2025\\\/05\\\/12\\\/comite-antifascista-da-lourina\\\/#primaryimage\"},\"thumbnailUrl\":\"https:\\\/\\\/www.anovapeneira.gal\\\/wp-content\\\/uploads\\\/2025\\\/05\\\/paulo_vila.jpg\",\"articleSection\":[\"A Louri\u00f1a\"],\"inLanguage\":\"gl-ES\",\"potentialAction\":[{\"@type\":\"CommentAction\",\"name\":\"Comment\",\"target\":[\"https:\\\/\\\/www.anovapeneira.gal\\\/index.php\\\/2025\\\/05\\\/12\\\/comite-antifascista-da-lourina\\\/#respond\"]}]},{\"@type\":\"WebPage\",\"@id\":\"https:\\\/\\\/www.anovapeneira.gal\\\/index.php\\\/2025\\\/05\\\/12\\\/comite-antifascista-da-lourina\\\/\",\"url\":\"https:\\\/\\\/www.anovapeneira.gal\\\/index.php\\\/2025\\\/05\\\/12\\\/comite-antifascista-da-lourina\\\/\",\"name\":\"Comit\u00e9 Antifascista da Louri\u00f1a -\",\"isPartOf\":{\"@id\":\"https:\\\/\\\/www.anovapeneira.gal\\\/#website\"},\"primaryImageOfPage\":{\"@id\":\"https:\\\/\\\/www.anovapeneira.gal\\\/index.php\\\/2025\\\/05\\\/12\\\/comite-antifascista-da-lourina\\\/#primaryimage\"},\"image\":{\"@id\":\"https:\\\/\\\/www.anovapeneira.gal\\\/index.php\\\/2025\\\/05\\\/12\\\/comite-antifascista-da-lourina\\\/#primaryimage\"},\"thumbnailUrl\":\"https:\\\/\\\/www.anovapeneira.gal\\\/wp-content\\\/uploads\\\/2025\\\/05\\\/paulo_vila.jpg\",\"datePublished\":\"2025-05-12T08:00:49+00:00\",\"breadcrumb\":{\"@id\":\"https:\\\/\\\/www.anovapeneira.gal\\\/index.php\\\/2025\\\/05\\\/12\\\/comite-antifascista-da-lourina\\\/#breadcrumb\"},\"inLanguage\":\"gl-ES\",\"potentialAction\":[{\"@type\":\"ReadAction\",\"target\":[\"https:\\\/\\\/www.anovapeneira.gal\\\/index.php\\\/2025\\\/05\\\/12\\\/comite-antifascista-da-lourina\\\/\"]}]},{\"@type\":\"ImageObject\",\"inLanguage\":\"gl-ES\",\"@id\":\"https:\\\/\\\/www.anovapeneira.gal\\\/index.php\\\/2025\\\/05\\\/12\\\/comite-antifascista-da-lourina\\\/#primaryimage\",\"url\":\"https:\\\/\\\/www.anovapeneira.gal\\\/wp-content\\\/uploads\\\/2025\\\/05\\\/paulo_vila.jpg\",\"contentUrl\":\"https:\\\/\\\/www.anovapeneira.gal\\\/wp-content\\\/uploads\\\/2025\\\/05\\\/paulo_vila.jpg\",\"width\":720,\"height\":432,\"caption\":\"Paulo Vila\"},{\"@type\":\"BreadcrumbList\",\"@id\":\"https:\\\/\\\/www.anovapeneira.gal\\\/index.php\\\/2025\\\/05\\\/12\\\/comite-antifascista-da-lourina\\\/#breadcrumb\",\"itemListElement\":[{\"@type\":\"ListItem\",\"position\":1,\"name\":\"Portada\",\"item\":\"https:\\\/\\\/www.anovapeneira.gal\\\/\"},{\"@type\":\"ListItem\",\"position\":2,\"name\":\"Comit\u00e9 Antifascista da Louri\u00f1a\"}]},{\"@type\":\"WebSite\",\"@id\":\"https:\\\/\\\/www.anovapeneira.gal\\\/#website\",\"url\":\"https:\\\/\\\/www.anovapeneira.gal\\\/\",\"name\":\"\",\"description\":\"Xornal galego de informaci\u00f3n xeral Publicaci\u00f3n mensual de novas de Galicia e en especial dos Concellos da sur da provincia de Pontevedra.\",\"publisher\":{\"@id\":\"https:\\\/\\\/www.anovapeneira.gal\\\/#organization\"},\"potentialAction\":[{\"@type\":\"SearchAction\",\"target\":{\"@type\":\"EntryPoint\",\"urlTemplate\":\"https:\\\/\\\/www.anovapeneira.gal\\\/?s={search_term_string}\"},\"query-input\":{\"@type\":\"PropertyValueSpecification\",\"valueRequired\":true,\"valueName\":\"search_term_string\"}}],\"inLanguage\":\"gl-ES\"},{\"@type\":\"Organization\",\"@id\":\"https:\\\/\\\/www.anovapeneira.gal\\\/#organization\",\"name\":\"A Nova Peneira\",\"url\":\"https:\\\/\\\/www.anovapeneira.gal\\\/\",\"logo\":{\"@type\":\"ImageObject\",\"inLanguage\":\"gl-ES\",\"@id\":\"https:\\\/\\\/www.anovapeneira.gal\\\/#\\\/schema\\\/logo\\\/image\\\/\",\"url\":\"http:\\\/\\\/www.anovapeneira.gal\\\/wp-content\\\/uploads\\\/2019\\\/06\\\/logo_a_nova_peneira_portal_web.png\",\"contentUrl\":\"http:\\\/\\\/www.anovapeneira.gal\\\/wp-content\\\/uploads\\\/2019\\\/06\\\/logo_a_nova_peneira_portal_web.png\",\"width\":300,\"height\":100,\"caption\":\"A Nova Peneira\"},\"image\":{\"@id\":\"https:\\\/\\\/www.anovapeneira.gal\\\/#\\\/schema\\\/logo\\\/image\\\/\"},\"sameAs\":[\"https:\\\/\\\/www.facebook.com\\\/anovapeneira\",\"https:\\\/\\\/x.com\\\/APeneira\"]},{\"@type\":\"Person\",\"@id\":\"https:\\\/\\\/www.anovapeneira.gal\\\/#\\\/schema\\\/person\\\/b93e3f8932e3f8da96334607eb6ac6aa\",\"name\":\"Redacci\u00f3n A Nova Peneira\",\"image\":{\"@type\":\"ImageObject\",\"inLanguage\":\"gl-ES\",\"@id\":\"https:\\\/\\\/secure.gravatar.com\\\/avatar\\\/c052a2551a06e23fac63626232eaa90abd78dbcf1700fc46a2b2c89fd27b735f?s=96&d=mm&r=g\",\"url\":\"https:\\\/\\\/secure.gravatar.com\\\/avatar\\\/c052a2551a06e23fac63626232eaa90abd78dbcf1700fc46a2b2c89fd27b735f?s=96&d=mm&r=g\",\"contentUrl\":\"https:\\\/\\\/secure.gravatar.com\\\/avatar\\\/c052a2551a06e23fac63626232eaa90abd78dbcf1700fc46a2b2c89fd27b735f?s=96&d=mm&r=g\",\"caption\":\"Redacci\u00f3n A Nova Peneira\"},\"sameAs\":[\"http:\\\/\\\/www.anovapeneira.gal\\\/\"],\"url\":\"https:\\\/\\\/www.anovapeneira.gal\\\/index.php\\\/author\\\/redactor\\\/\"}]}<\/script>\n<!-- \/ Yoast SEO plugin. -->","yoast_head_json":{"title":"Comit\u00e9 Antifascista da Louri\u00f1a -","robots":{"index":"index","follow":"follow","max-snippet":"max-snippet:-1","max-image-preview":"max-image-preview:large","max-video-preview":"max-video-preview:-1"},"canonical":"https:\/\/www.anovapeneira.gal\/index.php\/2025\/05\/12\/comite-antifascista-da-lourina\/","og_locale":"gl_ES","og_type":"article","og_title":"Comit\u00e9 Antifascista da Louri\u00f1a -","og_description":"Juana Capdevielle foi unha brillante intelectual nacida en 1905 e asasinada en 1936. Ela era unha pedagoga de enorme solvencia e desempe\u00f1ou un papel moi importante na educaci\u00f3n p\u00fablica durante a Rep\u00fablica. Estaba casada con [...]","og_url":"https:\/\/www.anovapeneira.gal\/index.php\/2025\/05\/12\/comite-antifascista-da-lourina\/","article_publisher":"https:\/\/www.facebook.com\/anovapeneira","article_published_time":"2025-05-12T08:00:49+00:00","og_image":[{"width":720,"height":432,"url":"https:\/\/www.anovapeneira.gal\/wp-content\/uploads\/2025\/05\/paulo_vila.jpg","type":"image\/jpeg"}],"author":"Redacci\u00f3n A Nova Peneira","twitter_card":"summary_large_image","twitter_creator":"@APeneira","twitter_site":"@APeneira","twitter_misc":{"Escrito por":"Redacci\u00f3n A Nova Peneira","Tempo de lectura":"3 minutos"},"schema":{"@context":"https:\/\/schema.org","@graph":[{"@type":"Article","@id":"https:\/\/www.anovapeneira.gal\/index.php\/2025\/05\/12\/comite-antifascista-da-lourina\/#article","isPartOf":{"@id":"https:\/\/www.anovapeneira.gal\/index.php\/2025\/05\/12\/comite-antifascista-da-lourina\/"},"author":{"name":"Redacci\u00f3n A Nova Peneira","@id":"https:\/\/www.anovapeneira.gal\/#\/schema\/person\/b93e3f8932e3f8da96334607eb6ac6aa"},"headline":"Comit\u00e9 Antifascista da Louri\u00f1a","datePublished":"2025-05-12T08:00:49+00:00","mainEntityOfPage":{"@id":"https:\/\/www.anovapeneira.gal\/index.php\/2025\/05\/12\/comite-antifascista-da-lourina\/"},"wordCount":974,"commentCount":0,"publisher":{"@id":"https:\/\/www.anovapeneira.gal\/#organization"},"image":{"@id":"https:\/\/www.anovapeneira.gal\/index.php\/2025\/05\/12\/comite-antifascista-da-lourina\/#primaryimage"},"thumbnailUrl":"https:\/\/www.anovapeneira.gal\/wp-content\/uploads\/2025\/05\/paulo_vila.jpg","articleSection":["A Louri\u00f1a"],"inLanguage":"gl-ES","potentialAction":[{"@type":"CommentAction","name":"Comment","target":["https:\/\/www.anovapeneira.gal\/index.php\/2025\/05\/12\/comite-antifascista-da-lourina\/#respond"]}]},{"@type":"WebPage","@id":"https:\/\/www.anovapeneira.gal\/index.php\/2025\/05\/12\/comite-antifascista-da-lourina\/","url":"https:\/\/www.anovapeneira.gal\/index.php\/2025\/05\/12\/comite-antifascista-da-lourina\/","name":"Comit\u00e9 Antifascista da Louri\u00f1a -","isPartOf":{"@id":"https:\/\/www.anovapeneira.gal\/#website"},"primaryImageOfPage":{"@id":"https:\/\/www.anovapeneira.gal\/index.php\/2025\/05\/12\/comite-antifascista-da-lourina\/#primaryimage"},"image":{"@id":"https:\/\/www.anovapeneira.gal\/index.php\/2025\/05\/12\/comite-antifascista-da-lourina\/#primaryimage"},"thumbnailUrl":"https:\/\/www.anovapeneira.gal\/wp-content\/uploads\/2025\/05\/paulo_vila.jpg","datePublished":"2025-05-12T08:00:49+00:00","breadcrumb":{"@id":"https:\/\/www.anovapeneira.gal\/index.php\/2025\/05\/12\/comite-antifascista-da-lourina\/#breadcrumb"},"inLanguage":"gl-ES","potentialAction":[{"@type":"ReadAction","target":["https:\/\/www.anovapeneira.gal\/index.php\/2025\/05\/12\/comite-antifascista-da-lourina\/"]}]},{"@type":"ImageObject","inLanguage":"gl-ES","@id":"https:\/\/www.anovapeneira.gal\/index.php\/2025\/05\/12\/comite-antifascista-da-lourina\/#primaryimage","url":"https:\/\/www.anovapeneira.gal\/wp-content\/uploads\/2025\/05\/paulo_vila.jpg","contentUrl":"https:\/\/www.anovapeneira.gal\/wp-content\/uploads\/2025\/05\/paulo_vila.jpg","width":720,"height":432,"caption":"Paulo Vila"},{"@type":"BreadcrumbList","@id":"https:\/\/www.anovapeneira.gal\/index.php\/2025\/05\/12\/comite-antifascista-da-lourina\/#breadcrumb","itemListElement":[{"@type":"ListItem","position":1,"name":"Portada","item":"https:\/\/www.anovapeneira.gal\/"},{"@type":"ListItem","position":2,"name":"Comit\u00e9 Antifascista da Louri\u00f1a"}]},{"@type":"WebSite","@id":"https:\/\/www.anovapeneira.gal\/#website","url":"https:\/\/www.anovapeneira.gal\/","name":"","description":"Xornal galego de informaci\u00f3n xeral Publicaci\u00f3n mensual de novas de Galicia e en especial dos Concellos da sur da provincia de Pontevedra.","publisher":{"@id":"https:\/\/www.anovapeneira.gal\/#organization"},"potentialAction":[{"@type":"SearchAction","target":{"@type":"EntryPoint","urlTemplate":"https:\/\/www.anovapeneira.gal\/?s={search_term_string}"},"query-input":{"@type":"PropertyValueSpecification","valueRequired":true,"valueName":"search_term_string"}}],"inLanguage":"gl-ES"},{"@type":"Organization","@id":"https:\/\/www.anovapeneira.gal\/#organization","name":"A Nova Peneira","url":"https:\/\/www.anovapeneira.gal\/","logo":{"@type":"ImageObject","inLanguage":"gl-ES","@id":"https:\/\/www.anovapeneira.gal\/#\/schema\/logo\/image\/","url":"http:\/\/www.anovapeneira.gal\/wp-content\/uploads\/2019\/06\/logo_a_nova_peneira_portal_web.png","contentUrl":"http:\/\/www.anovapeneira.gal\/wp-content\/uploads\/2019\/06\/logo_a_nova_peneira_portal_web.png","width":300,"height":100,"caption":"A Nova Peneira"},"image":{"@id":"https:\/\/www.anovapeneira.gal\/#\/schema\/logo\/image\/"},"sameAs":["https:\/\/www.facebook.com\/anovapeneira","https:\/\/x.com\/APeneira"]},{"@type":"Person","@id":"https:\/\/www.anovapeneira.gal\/#\/schema\/person\/b93e3f8932e3f8da96334607eb6ac6aa","name":"Redacci\u00f3n A Nova Peneira","image":{"@type":"ImageObject","inLanguage":"gl-ES","@id":"https:\/\/secure.gravatar.com\/avatar\/c052a2551a06e23fac63626232eaa90abd78dbcf1700fc46a2b2c89fd27b735f?s=96&d=mm&r=g","url":"https:\/\/secure.gravatar.com\/avatar\/c052a2551a06e23fac63626232eaa90abd78dbcf1700fc46a2b2c89fd27b735f?s=96&d=mm&r=g","contentUrl":"https:\/\/secure.gravatar.com\/avatar\/c052a2551a06e23fac63626232eaa90abd78dbcf1700fc46a2b2c89fd27b735f?s=96&d=mm&r=g","caption":"Redacci\u00f3n A Nova Peneira"},"sameAs":["http:\/\/www.anovapeneira.gal\/"],"url":"https:\/\/www.anovapeneira.gal\/index.php\/author\/redactor\/"}]}},"jetpack_featured_media_url":"https:\/\/www.anovapeneira.gal\/wp-content\/uploads\/2025\/05\/paulo_vila.jpg","_links":{"self":[{"href":"https:\/\/www.anovapeneira.gal\/index.php\/wp-json\/wp\/v2\/posts\/13876","targetHints":{"allow":["GET"]}}],"collection":[{"href":"https:\/\/www.anovapeneira.gal\/index.php\/wp-json\/wp\/v2\/posts"}],"about":[{"href":"https:\/\/www.anovapeneira.gal\/index.php\/wp-json\/wp\/v2\/types\/post"}],"author":[{"embeddable":true,"href":"https:\/\/www.anovapeneira.gal\/index.php\/wp-json\/wp\/v2\/users\/3"}],"replies":[{"embeddable":true,"href":"https:\/\/www.anovapeneira.gal\/index.php\/wp-json\/wp\/v2\/comments?post=13876"}],"version-history":[{"count":1,"href":"https:\/\/www.anovapeneira.gal\/index.php\/wp-json\/wp\/v2\/posts\/13876\/revisions"}],"predecessor-version":[{"id":13878,"href":"https:\/\/www.anovapeneira.gal\/index.php\/wp-json\/wp\/v2\/posts\/13876\/revisions\/13878"}],"wp:featuredmedia":[{"embeddable":true,"href":"https:\/\/www.anovapeneira.gal\/index.php\/wp-json\/wp\/v2\/media\/13877"}],"wp:attachment":[{"href":"https:\/\/www.anovapeneira.gal\/index.php\/wp-json\/wp\/v2\/media?parent=13876"}],"wp:term":[{"taxonomy":"category","embeddable":true,"href":"https:\/\/www.anovapeneira.gal\/index.php\/wp-json\/wp\/v2\/categories?post=13876"},{"taxonomy":"post_tag","embeddable":true,"href":"https:\/\/www.anovapeneira.gal\/index.php\/wp-json\/wp\/v2\/tags?post=13876"}],"curies":[{"name":"wp","href":"https:\/\/api.w.org\/{rel}","templated":true}]}}