{"id":13879,"date":"2025-05-12T12:00:50","date_gmt":"2025-05-12T10:00:50","guid":{"rendered":"https:\/\/www.anovapeneira.gal\/?p=13879"},"modified":"2025-05-08T12:54:07","modified_gmt":"2025-05-08T10:54:07","slug":"o-apagamento","status":"publish","type":"post","link":"https:\/\/www.anovapeneira.gal\/index.php\/2025\/05\/12\/o-apagamento\/","title":{"rendered":"O Apagamento"},"content":{"rendered":"\n<figure class=\"wp-block-image size-full is-resized\"><img loading=\"lazy\" decoding=\"async\" width=\"190\" height=\"222\" src=\"https:\/\/www.anovapeneira.gal\/wp-content\/uploads\/2019\/05\/tino_lago_director_a_nova_peneira.jpg\" alt=\"Tino Lago director a Nova Peneira\" class=\"wp-image-189\" style=\"width:82px;height:auto\"\/><figcaption class=\"wp-element-caption\">Tino Lago director a Nova Peneira<\/figcaption><\/figure>\n\n\n\n<h2 class=\"wp-block-heading\">\u201cNun mundo tan singular, que vivir s\u00f3 \u00e9 so\u00f1ar, e a experiencia ens\u00edname que o home que vive, so\u00f1a o que \u00e9, ata despertar.\u201d<\/h2>\n\n\n\n<pre class=\"wp-block-verse\">Calder\u00f3n De La Barca.<\/pre>\n\n\n\n<p>O pasado luns 28 de abril , no que parec\u00eda ser un luminoso d\u00eda primaveral normal, a pen\u00ednsula ib\u00e9rica sufriu un apagamento xeral que a tivo, dependendo das zonas, m\u00e1is de 12 horas sen subministro el\u00e9ctrico. O incidente aconteceu \u00e1s 12:30, e no que \u00e1 nosa \u00e1rea de influencia se refire, o sur da provincia de Pontevedra, non foi ata arredor das d\u00faas ou tres da ma\u00f1\u00e1 do martes cando se restableceu o subministro. Na mi\u00f1a casa en concreto, na cidade de Vigo, chegou \u00e1s 3:15 da ma\u00f1\u00e1. Noutras zonas do estado a luz volveu moito antes. Por exemplo \u00e1s 20:30 da tarde escoitaba unha emisora de radio na que informaban de que nese momento acababan de recuperar o subministro da luz nos seus estudios, en pleno centro de Madrid. Galicia foi das \u00faltimas zonas do estado en recobrar a normalidade, o que resulta moi curioso e \u00e9 , ou polo menos parece ser, un indicio da nosa condici\u00f3n de pa\u00eds colonizado. Como \u00e9 posible que Madrid, que non produce electricidade, recupere o subministro el\u00e9ctrico sete horas antes que o noso pa\u00eds, que si a produce e fornece de electricidade a outras comunidades do estado?<\/p>\n\n\n\n<p>O episodio in\u00e9dito dun apagamento xeral en toda a pen\u00ednsula f\u00edxonos tomar conciencia unha vez m\u00e1is, e xa van varias nestes \u00faltimos anos, da nosa extrema fraxilidade, e de que, como describ\u00eda o grande autor Barroco que abre este artigo en \u201c La vida es sue\u00f1o\u201d, a vida \u00e9 un breve suspiro,unha pinga de auga no medio da inmensidade do oc\u00e9ano, un so\u00f1o \u00ednfimo no tempo infinito do que podemos despertar en calquera momento.<\/p>\n\n\n\n<p>Nos momentos nos que non nos \u00e9 posible vivir o d\u00eda a d\u00eda coti\u00e1, d\u00e1monos de conta do tesouro que sup\u00f3n a normalidade:poder ver a luz, poder comer todos os d\u00edas, poder ler, poder cami\u00f1ar, interactuar con outras persoas&#8230; en definitiva, vivir com normalidade, sempre que sexa nunhas condici\u00f3ns de m\u00ednima dignidade, \u00e9 o aut\u00e9ntico agasallo con que a ese prodixio da casualidade, que somos cada ser humano, nos premia o so\u00f1o da vida, ata que chegue o inevitable despertar e todo se acabe.<\/p>\n\n\n\n<p>Non te\u00f1o nin idea do motivo polo que se produciu o apagamento. Pero sospeito que se unha semana despois, que \u00e9 cando escribo este artigo, non se deron a\u00ednda as explicaci\u00f3ns necesarias e suficientes \u00e9 porque o incidente debeu de ser de extrema gravidade. As\u00ed mesmo sospeito tam\u00e9n, que o apagamento non foi m\u00e1is ca unha consecuencia a maiores do problema real ;que \u00e9 o que orixina as guerras, a pobreza e os diversos conflitos que fan que noutros lugares do mundo a normalidade sexa unha permanente tortura. Ese problema, esa peste que azouta \u00e1 humanidade non \u00e9 outra que o capitalismo.<\/p>\n\n\n\n<p>O capitalismo \u00e9 un sistema de organizaci\u00f3n social que precisa o crecemento econ\u00f3mico perpetuo para poder funcionar. Se hai crecemento econ\u00f3mico as empresas te\u00f1en beneficios, necesitan producir m\u00e1is e xa que logo te\u00f1en que contratar a m\u00e1is persoal. En consecuencia as taxas de desemprego dimin\u00faen, e semella que todo funciona m\u00e1is ou menos ben.<\/p>\n\n\n\n<p>Pero o capitalismo non \u00e9 viable no tempo, porque o crecemento perpetuo \u00e9 total e absolutamente imposible. A actividade econ\u00f3mica consiste na fabricaci\u00f3ns de bens e na produci\u00f3n de servizos que se venden para obter beneficios. Para poder fabricar calquera cousa son necesarias materias primas e fontes de enerx\u00eda, que non son infinitas. Ambas te\u00f1en un l\u00edmite f\u00edsico claro e definido, o planeta terra.<\/p>\n\n\n\n<p>Que pasar\u00e1 cando se comecen a esgotar?: pois que entraremos nunha espiral de guerras e conflitos diversos para controlar o que quede, que se agochar\u00e1n co verniz da democracia ou da liberdade. Estamos xa nesa fase da historia?.Non o sei, pero non o desboto.<\/p>\n\n\n\n<p>En calquera caso se non \u00e9 agora ser\u00e1 con seguridade no futuro, pero o capitalismo vai levar inexorablemente \u00e1 extinci\u00f3n da especie humana e probablemente \u00e1 morte do planeta terra. Agardo que a humanidade sexa capaz de decatarse antes e de constru\u00edr algo parecido ao socialismo. No caso contrario nun futuro non moi lonxano nin haber\u00e1 humanidade, nin haber\u00e1 planeta.<\/p>\n","protected":false},"excerpt":{"rendered":"<div class=\"mh-excerpt\"><p>O pasado luns 28 de abril , no que parec\u00eda ser un luminoso d\u00eda primaveral normal, a pen\u00ednsula ib\u00e9rica sufriu un apagamento xeral que a tivo, dependendo das zonas, m\u00e1is de 12 horas sen subministro el\u00e9ctrico <a class=\"mh-excerpt-more\" href=\"https:\/\/www.anovapeneira.gal\/index.php\/2025\/05\/12\/o-apagamento\/\" title=\"O Apagamento\">[&#8230;]<\/a><\/p>\n<\/div>","protected":false},"author":2,"featured_media":13880,"comment_status":"open","ping_status":"open","sticky":false,"template":"","format":"standard","meta":{"_exactmetrics_skip_tracking":false,"_exactmetrics_sitenote_active":false,"_exactmetrics_sitenote_note":"","_exactmetrics_sitenote_category":0,"footnotes":""},"categories":[61],"tags":[],"class_list":{"0":"post-13879","1":"post","2":"type-post","3":"status-publish","4":"format-standard","5":"has-post-thumbnail","7":"category-artigo-editorial"},"yoast_head":"<!-- This site is optimized with the Yoast SEO plugin v27.4 - https:\/\/yoast.com\/product\/yoast-seo-wordpress\/ -->\n<title>O Apagamento -<\/title>\n<meta name=\"robots\" content=\"index, follow, max-snippet:-1, max-image-preview:large, max-video-preview:-1\" \/>\n<link rel=\"canonical\" href=\"https:\/\/www.anovapeneira.gal\/index.php\/2025\/05\/12\/o-apagamento\/\" \/>\n<meta property=\"og:locale\" content=\"gl_ES\" \/>\n<meta property=\"og:type\" content=\"article\" \/>\n<meta property=\"og:title\" content=\"O Apagamento -\" \/>\n<meta property=\"og:description\" content=\"O pasado luns 28 de abril , no que parec\u00eda ser un luminoso d\u00eda primaveral normal, a pen\u00ednsula ib\u00e9rica sufriu un apagamento xeral que a tivo, dependendo das zonas, m\u00e1is de 12 horas sen subministro el\u00e9ctrico [...]\" \/>\n<meta property=\"og:url\" content=\"https:\/\/www.anovapeneira.gal\/index.php\/2025\/05\/12\/o-apagamento\/\" \/>\n<meta property=\"article:publisher\" content=\"https:\/\/www.facebook.com\/anovapeneira\" \/>\n<meta property=\"article:published_time\" content=\"2025-05-12T10:00:50+00:00\" \/>\n<meta property=\"og:image\" content=\"https:\/\/www.anovapeneira.gal\/wp-content\/uploads\/2025\/05\/apagamento.png\" \/>\n\t<meta property=\"og:image:width\" content=\"720\" \/>\n\t<meta property=\"og:image:height\" content=\"432\" \/>\n\t<meta property=\"og:image:type\" content=\"image\/png\" \/>\n<meta name=\"author\" content=\"Tino Lago\" \/>\n<meta name=\"twitter:card\" content=\"summary_large_image\" \/>\n<meta name=\"twitter:creator\" content=\"@APeneira\" \/>\n<meta name=\"twitter:site\" content=\"@APeneira\" \/>\n<meta name=\"twitter:label1\" content=\"Escrito por\" \/>\n\t<meta name=\"twitter:data1\" content=\"Tino Lago\" \/>\n\t<meta name=\"twitter:label2\" content=\"Tempo de lectura\" \/>\n\t<meta name=\"twitter:data2\" content=\"5 minutos\" \/>\n<script type=\"application\/ld+json\" class=\"yoast-schema-graph\">{\"@context\":\"https:\\\/\\\/schema.org\",\"@graph\":[{\"@type\":\"Article\",\"@id\":\"https:\\\/\\\/www.anovapeneira.gal\\\/index.php\\\/2025\\\/05\\\/12\\\/o-apagamento\\\/#article\",\"isPartOf\":{\"@id\":\"https:\\\/\\\/www.anovapeneira.gal\\\/index.php\\\/2025\\\/05\\\/12\\\/o-apagamento\\\/\"},\"author\":{\"name\":\"Tino Lago\",\"@id\":\"https:\\\/\\\/www.anovapeneira.gal\\\/#\\\/schema\\\/person\\\/424dfe65e3070fd8a44d22d2c088762a\"},\"headline\":\"O Apagamento\",\"datePublished\":\"2025-05-12T10:00:50+00:00\",\"mainEntityOfPage\":{\"@id\":\"https:\\\/\\\/www.anovapeneira.gal\\\/index.php\\\/2025\\\/05\\\/12\\\/o-apagamento\\\/\"},\"wordCount\":742,\"commentCount\":0,\"publisher\":{\"@id\":\"https:\\\/\\\/www.anovapeneira.gal\\\/#organization\"},\"image\":{\"@id\":\"https:\\\/\\\/www.anovapeneira.gal\\\/index.php\\\/2025\\\/05\\\/12\\\/o-apagamento\\\/#primaryimage\"},\"thumbnailUrl\":\"https:\\\/\\\/www.anovapeneira.gal\\\/wp-content\\\/uploads\\\/2025\\\/05\\\/apagamento.png\",\"articleSection\":[\"Artigo editorial\"],\"inLanguage\":\"gl-ES\",\"potentialAction\":[{\"@type\":\"CommentAction\",\"name\":\"Comment\",\"target\":[\"https:\\\/\\\/www.anovapeneira.gal\\\/index.php\\\/2025\\\/05\\\/12\\\/o-apagamento\\\/#respond\"]}]},{\"@type\":\"WebPage\",\"@id\":\"https:\\\/\\\/www.anovapeneira.gal\\\/index.php\\\/2025\\\/05\\\/12\\\/o-apagamento\\\/\",\"url\":\"https:\\\/\\\/www.anovapeneira.gal\\\/index.php\\\/2025\\\/05\\\/12\\\/o-apagamento\\\/\",\"name\":\"O Apagamento -\",\"isPartOf\":{\"@id\":\"https:\\\/\\\/www.anovapeneira.gal\\\/#website\"},\"primaryImageOfPage\":{\"@id\":\"https:\\\/\\\/www.anovapeneira.gal\\\/index.php\\\/2025\\\/05\\\/12\\\/o-apagamento\\\/#primaryimage\"},\"image\":{\"@id\":\"https:\\\/\\\/www.anovapeneira.gal\\\/index.php\\\/2025\\\/05\\\/12\\\/o-apagamento\\\/#primaryimage\"},\"thumbnailUrl\":\"https:\\\/\\\/www.anovapeneira.gal\\\/wp-content\\\/uploads\\\/2025\\\/05\\\/apagamento.png\",\"datePublished\":\"2025-05-12T10:00:50+00:00\",\"breadcrumb\":{\"@id\":\"https:\\\/\\\/www.anovapeneira.gal\\\/index.php\\\/2025\\\/05\\\/12\\\/o-apagamento\\\/#breadcrumb\"},\"inLanguage\":\"gl-ES\",\"potentialAction\":[{\"@type\":\"ReadAction\",\"target\":[\"https:\\\/\\\/www.anovapeneira.gal\\\/index.php\\\/2025\\\/05\\\/12\\\/o-apagamento\\\/\"]}]},{\"@type\":\"ImageObject\",\"inLanguage\":\"gl-ES\",\"@id\":\"https:\\\/\\\/www.anovapeneira.gal\\\/index.php\\\/2025\\\/05\\\/12\\\/o-apagamento\\\/#primaryimage\",\"url\":\"https:\\\/\\\/www.anovapeneira.gal\\\/wp-content\\\/uploads\\\/2025\\\/05\\\/apagamento.png\",\"contentUrl\":\"https:\\\/\\\/www.anovapeneira.gal\\\/wp-content\\\/uploads\\\/2025\\\/05\\\/apagamento.png\",\"width\":720,\"height\":432},{\"@type\":\"BreadcrumbList\",\"@id\":\"https:\\\/\\\/www.anovapeneira.gal\\\/index.php\\\/2025\\\/05\\\/12\\\/o-apagamento\\\/#breadcrumb\",\"itemListElement\":[{\"@type\":\"ListItem\",\"position\":1,\"name\":\"Portada\",\"item\":\"https:\\\/\\\/www.anovapeneira.gal\\\/\"},{\"@type\":\"ListItem\",\"position\":2,\"name\":\"O Apagamento\"}]},{\"@type\":\"WebSite\",\"@id\":\"https:\\\/\\\/www.anovapeneira.gal\\\/#website\",\"url\":\"https:\\\/\\\/www.anovapeneira.gal\\\/\",\"name\":\"\",\"description\":\"Xornal galego de informaci\u00f3n xeral Publicaci\u00f3n mensual de novas de Galicia e en especial dos Concellos da sur da provincia de Pontevedra.\",\"publisher\":{\"@id\":\"https:\\\/\\\/www.anovapeneira.gal\\\/#organization\"},\"potentialAction\":[{\"@type\":\"SearchAction\",\"target\":{\"@type\":\"EntryPoint\",\"urlTemplate\":\"https:\\\/\\\/www.anovapeneira.gal\\\/?s={search_term_string}\"},\"query-input\":{\"@type\":\"PropertyValueSpecification\",\"valueRequired\":true,\"valueName\":\"search_term_string\"}}],\"inLanguage\":\"gl-ES\"},{\"@type\":\"Organization\",\"@id\":\"https:\\\/\\\/www.anovapeneira.gal\\\/#organization\",\"name\":\"A Nova Peneira\",\"url\":\"https:\\\/\\\/www.anovapeneira.gal\\\/\",\"logo\":{\"@type\":\"ImageObject\",\"inLanguage\":\"gl-ES\",\"@id\":\"https:\\\/\\\/www.anovapeneira.gal\\\/#\\\/schema\\\/logo\\\/image\\\/\",\"url\":\"http:\\\/\\\/www.anovapeneira.gal\\\/wp-content\\\/uploads\\\/2019\\\/06\\\/logo_a_nova_peneira_portal_web.png\",\"contentUrl\":\"http:\\\/\\\/www.anovapeneira.gal\\\/wp-content\\\/uploads\\\/2019\\\/06\\\/logo_a_nova_peneira_portal_web.png\",\"width\":300,\"height\":100,\"caption\":\"A Nova Peneira\"},\"image\":{\"@id\":\"https:\\\/\\\/www.anovapeneira.gal\\\/#\\\/schema\\\/logo\\\/image\\\/\"},\"sameAs\":[\"https:\\\/\\\/www.facebook.com\\\/anovapeneira\",\"https:\\\/\\\/x.com\\\/APeneira\"]},{\"@type\":\"Person\",\"@id\":\"https:\\\/\\\/www.anovapeneira.gal\\\/#\\\/schema\\\/person\\\/424dfe65e3070fd8a44d22d2c088762a\",\"name\":\"Tino Lago\",\"image\":{\"@type\":\"ImageObject\",\"inLanguage\":\"gl-ES\",\"@id\":\"https:\\\/\\\/secure.gravatar.com\\\/avatar\\\/b3df6a06e44bab3111583b90f0f33a0379ee5e3d22cbadd232d39f21c30c62be?s=96&d=mm&r=g\",\"url\":\"https:\\\/\\\/secure.gravatar.com\\\/avatar\\\/b3df6a06e44bab3111583b90f0f33a0379ee5e3d22cbadd232d39f21c30c62be?s=96&d=mm&r=g\",\"contentUrl\":\"https:\\\/\\\/secure.gravatar.com\\\/avatar\\\/b3df6a06e44bab3111583b90f0f33a0379ee5e3d22cbadd232d39f21c30c62be?s=96&d=mm&r=g\",\"caption\":\"Tino Lago\"},\"sameAs\":[\"http:\\\/\\\/www.anovapeneira.gal\"],\"url\":\"https:\\\/\\\/www.anovapeneira.gal\\\/index.php\\\/author\\\/director\\\/\"}]}<\/script>\n<!-- \/ Yoast SEO plugin. -->","yoast_head_json":{"title":"O Apagamento -","robots":{"index":"index","follow":"follow","max-snippet":"max-snippet:-1","max-image-preview":"max-image-preview:large","max-video-preview":"max-video-preview:-1"},"canonical":"https:\/\/www.anovapeneira.gal\/index.php\/2025\/05\/12\/o-apagamento\/","og_locale":"gl_ES","og_type":"article","og_title":"O Apagamento -","og_description":"O pasado luns 28 de abril , no que parec\u00eda ser un luminoso d\u00eda primaveral normal, a pen\u00ednsula ib\u00e9rica sufriu un apagamento xeral que a tivo, dependendo das zonas, m\u00e1is de 12 horas sen subministro el\u00e9ctrico [...]","og_url":"https:\/\/www.anovapeneira.gal\/index.php\/2025\/05\/12\/o-apagamento\/","article_publisher":"https:\/\/www.facebook.com\/anovapeneira","article_published_time":"2025-05-12T10:00:50+00:00","og_image":[{"width":720,"height":432,"url":"https:\/\/www.anovapeneira.gal\/wp-content\/uploads\/2025\/05\/apagamento.png","type":"image\/png"}],"author":"Tino Lago","twitter_card":"summary_large_image","twitter_creator":"@APeneira","twitter_site":"@APeneira","twitter_misc":{"Escrito por":"Tino Lago","Tempo de lectura":"5 minutos"},"schema":{"@context":"https:\/\/schema.org","@graph":[{"@type":"Article","@id":"https:\/\/www.anovapeneira.gal\/index.php\/2025\/05\/12\/o-apagamento\/#article","isPartOf":{"@id":"https:\/\/www.anovapeneira.gal\/index.php\/2025\/05\/12\/o-apagamento\/"},"author":{"name":"Tino Lago","@id":"https:\/\/www.anovapeneira.gal\/#\/schema\/person\/424dfe65e3070fd8a44d22d2c088762a"},"headline":"O Apagamento","datePublished":"2025-05-12T10:00:50+00:00","mainEntityOfPage":{"@id":"https:\/\/www.anovapeneira.gal\/index.php\/2025\/05\/12\/o-apagamento\/"},"wordCount":742,"commentCount":0,"publisher":{"@id":"https:\/\/www.anovapeneira.gal\/#organization"},"image":{"@id":"https:\/\/www.anovapeneira.gal\/index.php\/2025\/05\/12\/o-apagamento\/#primaryimage"},"thumbnailUrl":"https:\/\/www.anovapeneira.gal\/wp-content\/uploads\/2025\/05\/apagamento.png","articleSection":["Artigo editorial"],"inLanguage":"gl-ES","potentialAction":[{"@type":"CommentAction","name":"Comment","target":["https:\/\/www.anovapeneira.gal\/index.php\/2025\/05\/12\/o-apagamento\/#respond"]}]},{"@type":"WebPage","@id":"https:\/\/www.anovapeneira.gal\/index.php\/2025\/05\/12\/o-apagamento\/","url":"https:\/\/www.anovapeneira.gal\/index.php\/2025\/05\/12\/o-apagamento\/","name":"O Apagamento -","isPartOf":{"@id":"https:\/\/www.anovapeneira.gal\/#website"},"primaryImageOfPage":{"@id":"https:\/\/www.anovapeneira.gal\/index.php\/2025\/05\/12\/o-apagamento\/#primaryimage"},"image":{"@id":"https:\/\/www.anovapeneira.gal\/index.php\/2025\/05\/12\/o-apagamento\/#primaryimage"},"thumbnailUrl":"https:\/\/www.anovapeneira.gal\/wp-content\/uploads\/2025\/05\/apagamento.png","datePublished":"2025-05-12T10:00:50+00:00","breadcrumb":{"@id":"https:\/\/www.anovapeneira.gal\/index.php\/2025\/05\/12\/o-apagamento\/#breadcrumb"},"inLanguage":"gl-ES","potentialAction":[{"@type":"ReadAction","target":["https:\/\/www.anovapeneira.gal\/index.php\/2025\/05\/12\/o-apagamento\/"]}]},{"@type":"ImageObject","inLanguage":"gl-ES","@id":"https:\/\/www.anovapeneira.gal\/index.php\/2025\/05\/12\/o-apagamento\/#primaryimage","url":"https:\/\/www.anovapeneira.gal\/wp-content\/uploads\/2025\/05\/apagamento.png","contentUrl":"https:\/\/www.anovapeneira.gal\/wp-content\/uploads\/2025\/05\/apagamento.png","width":720,"height":432},{"@type":"BreadcrumbList","@id":"https:\/\/www.anovapeneira.gal\/index.php\/2025\/05\/12\/o-apagamento\/#breadcrumb","itemListElement":[{"@type":"ListItem","position":1,"name":"Portada","item":"https:\/\/www.anovapeneira.gal\/"},{"@type":"ListItem","position":2,"name":"O Apagamento"}]},{"@type":"WebSite","@id":"https:\/\/www.anovapeneira.gal\/#website","url":"https:\/\/www.anovapeneira.gal\/","name":"","description":"Xornal galego de informaci\u00f3n xeral Publicaci\u00f3n mensual de novas de Galicia e en especial dos Concellos da sur da provincia de Pontevedra.","publisher":{"@id":"https:\/\/www.anovapeneira.gal\/#organization"},"potentialAction":[{"@type":"SearchAction","target":{"@type":"EntryPoint","urlTemplate":"https:\/\/www.anovapeneira.gal\/?s={search_term_string}"},"query-input":{"@type":"PropertyValueSpecification","valueRequired":true,"valueName":"search_term_string"}}],"inLanguage":"gl-ES"},{"@type":"Organization","@id":"https:\/\/www.anovapeneira.gal\/#organization","name":"A Nova Peneira","url":"https:\/\/www.anovapeneira.gal\/","logo":{"@type":"ImageObject","inLanguage":"gl-ES","@id":"https:\/\/www.anovapeneira.gal\/#\/schema\/logo\/image\/","url":"http:\/\/www.anovapeneira.gal\/wp-content\/uploads\/2019\/06\/logo_a_nova_peneira_portal_web.png","contentUrl":"http:\/\/www.anovapeneira.gal\/wp-content\/uploads\/2019\/06\/logo_a_nova_peneira_portal_web.png","width":300,"height":100,"caption":"A Nova Peneira"},"image":{"@id":"https:\/\/www.anovapeneira.gal\/#\/schema\/logo\/image\/"},"sameAs":["https:\/\/www.facebook.com\/anovapeneira","https:\/\/x.com\/APeneira"]},{"@type":"Person","@id":"https:\/\/www.anovapeneira.gal\/#\/schema\/person\/424dfe65e3070fd8a44d22d2c088762a","name":"Tino Lago","image":{"@type":"ImageObject","inLanguage":"gl-ES","@id":"https:\/\/secure.gravatar.com\/avatar\/b3df6a06e44bab3111583b90f0f33a0379ee5e3d22cbadd232d39f21c30c62be?s=96&d=mm&r=g","url":"https:\/\/secure.gravatar.com\/avatar\/b3df6a06e44bab3111583b90f0f33a0379ee5e3d22cbadd232d39f21c30c62be?s=96&d=mm&r=g","contentUrl":"https:\/\/secure.gravatar.com\/avatar\/b3df6a06e44bab3111583b90f0f33a0379ee5e3d22cbadd232d39f21c30c62be?s=96&d=mm&r=g","caption":"Tino Lago"},"sameAs":["http:\/\/www.anovapeneira.gal"],"url":"https:\/\/www.anovapeneira.gal\/index.php\/author\/director\/"}]}},"jetpack_featured_media_url":"https:\/\/www.anovapeneira.gal\/wp-content\/uploads\/2025\/05\/apagamento.png","_links":{"self":[{"href":"https:\/\/www.anovapeneira.gal\/index.php\/wp-json\/wp\/v2\/posts\/13879","targetHints":{"allow":["GET"]}}],"collection":[{"href":"https:\/\/www.anovapeneira.gal\/index.php\/wp-json\/wp\/v2\/posts"}],"about":[{"href":"https:\/\/www.anovapeneira.gal\/index.php\/wp-json\/wp\/v2\/types\/post"}],"author":[{"embeddable":true,"href":"https:\/\/www.anovapeneira.gal\/index.php\/wp-json\/wp\/v2\/users\/2"}],"replies":[{"embeddable":true,"href":"https:\/\/www.anovapeneira.gal\/index.php\/wp-json\/wp\/v2\/comments?post=13879"}],"version-history":[{"count":1,"href":"https:\/\/www.anovapeneira.gal\/index.php\/wp-json\/wp\/v2\/posts\/13879\/revisions"}],"predecessor-version":[{"id":13881,"href":"https:\/\/www.anovapeneira.gal\/index.php\/wp-json\/wp\/v2\/posts\/13879\/revisions\/13881"}],"wp:featuredmedia":[{"embeddable":true,"href":"https:\/\/www.anovapeneira.gal\/index.php\/wp-json\/wp\/v2\/media\/13880"}],"wp:attachment":[{"href":"https:\/\/www.anovapeneira.gal\/index.php\/wp-json\/wp\/v2\/media?parent=13879"}],"wp:term":[{"taxonomy":"category","embeddable":true,"href":"https:\/\/www.anovapeneira.gal\/index.php\/wp-json\/wp\/v2\/categories?post=13879"},{"taxonomy":"post_tag","embeddable":true,"href":"https:\/\/www.anovapeneira.gal\/index.php\/wp-json\/wp\/v2\/tags?post=13879"}],"curies":[{"name":"wp","href":"https:\/\/api.w.org\/{rel}","templated":true}]}}