{"id":13886,"date":"2025-05-13T10:25:41","date_gmt":"2025-05-13T08:25:41","guid":{"rendered":"https:\/\/www.anovapeneira.gal\/?p=13886"},"modified":"2025-05-13T10:25:42","modified_gmt":"2025-05-13T08:25:42","slug":"analise-da-liga-de-futbol-de-primeira-division-o-valor-do-propio","status":"publish","type":"post","link":"https:\/\/www.anovapeneira.gal\/index.php\/2025\/05\/13\/analise-da-liga-de-futbol-de-primeira-division-o-valor-do-propio\/","title":{"rendered":"An\u00e1lise da liga de f\u00fatbol de primeira divisi\u00f3n: O valor do propio"},"content":{"rendered":"\n<h2 class=\"wp-block-heading\"><strong>\u00c9dgar Mart\u00ednez Philippon. Director deportivo e adestrador das ED Salvaterra<\/strong><\/h2>\n\n\n\n<p>A falta de tres xornadas para o remate da 1\u00aa Divisi\u00f3n, coa resaca do \u201ccl\u00e1sico\u201d e cun Celta rumbo firme cara Europa, se poden sacar varias conclusi\u00f3ns sobre a influencia da canteira e a impotencia, as veces, da carteira.<\/p>\n\n\n\n<p>Al\u00e1 polo mes de agosto cando arrancaba a tempada, o Real Madrid aterraba os seus detractores, cun conxunto tan envexable como inalcanzable para o resto de equipos da m\u00e1xima categor\u00eda nacional, e tam\u00e9n en Europa.<\/p>\n\n\n\n<p>O recente Campi\u00f3n de liga e Champions comezaba unha nova era gal\u00e1ctica coa chegada de Kylian Mbapp\u00e9, que fac\u00eda m\u00e1is forte se cabe ao conxunto da capital, mentres o seu m\u00e1ximo rival vi\u00f1a dunha desfeita deportiva, econ\u00f3mica e estrutural.<\/p>\n\n\n\n<p>Pois ben, logo de oito meses de competici\u00f3n as cousas son ben distintas e non queda outra que reco\u00f1ecer que os cartos non sempre son sin\u00f3nimo de \u00e9xito; por unha banda temos a un Bar\u00e7a a piques da bancarrota que ten o doblete na man, a un Madrid en ru\u00edna deportiva coas arcas cheas, e a un Celta emerxente co xusto pero con moit\u00edsimo valor humano e facendo enorme o significado de EQUIPO.<\/p>\n\n\n\n<p>Nunha era dominada polo medi\u00e1tico, polo todo ou nada, por pelexar polas mellores fichaxes(case sempre de f\u00f3ra)\u2026 en resumo, nunha era onde o menos importante semella ser o propio xogo, te\u00f1en que vir os da casa a resolver a papeleta en tempos de austeridade e dificultade \u00e1 hora de facerse con servizo de xogadores de renome.<\/p>\n\n\n\n<p>No caso do Bar\u00e7a, unha canteira que suma, suma moito, xogadores que noutra situaci\u00f3n estar\u00edan a\u00ednda no Bar\u00e7a \u201cB\u201d ou no equipo xuvenil, hoxe son Campi\u00f3ns de Liga, de Copa, e recentemente eliminados en semifinais de Champions.<\/p>\n\n\n\n<p>Pero se existe un equipo que bateu forte na liga, un equipo revelaci\u00f3n que ten a s\u00faa afecci\u00f3n namorada, ese \u00e9 o Real Club Celta.<\/p>\n\n\n\n<p>Ser\u00eda de necios non reco\u00f1ecer o que sup\u00f3n, o que significa para os seus seguidores que un equipo tan \u201caut\u00f3ctono\u201d estea moi preto de clasificarse para Europa. A d\u00eda de hoxe se atopan no 7\u00ba posto con 49 puntos, xogando con rapaces, cos da casa, dirixidos magnificamente por Claudio Gir\u00e1ldez.<\/p>\n\n\n\n<p>Podemos entender esta clasificaci\u00f3n como un dato, ou podemos darlle a magnitude que leva impl\u00edcita tendo en conta o adestrador que o preced\u00eda, os cartos que supuxo e a presa que ti\u00f1a o equipo por rematar sufrindo a tempada 23\/24.<\/p>\n\n\n\n<p>Era momento de tomar decisi\u00f3ns e o Celta apostou por Claudio, e Claudio apostou por rapaces da canteira, por un estilo propio e unha valent\u00eda competitiva que logo de 35 xornadas xa \u00e9 unha realidade.<\/p>\n\n\n\n<p>Equipos como o Sevilla, hist\u00f3rico e acostumado a Europa, at\u00f3pase na loita polo descenso, mentres que o Valencia parece que se resiste a quedar fora da competici\u00f3n Europea, a\u00ednda que non o ten nada doado.<\/p>\n\n\n\n<p>Mentres tanto, o Atlhetic Club de Bilbao, marca o liderado dos \u201cmortais\u201d, sempre fiel \u00f3s seus valores, cunha idiosincrasia que os fai \u00fanicos.<\/p>\n\n\n\n<p>O final de tempada deixa cabida a unha reflexi\u00f3n, e \u00e9 que nun tempo onde o t\u00e1ctico est\u00e1 tan igualado e o f\u00edsico resulta tan importante, o aspecto t\u00e9cnico ten que adaptarse as d\u00faas primeiras aniquilando calquera indicio de creatividade\u2026 ten que ser o talento da canteira semella ser a soluci\u00f3n obrigada para moitos, e \u00e1s veces, \u00e9 a mellor soluci\u00f3n.<\/p>\n","protected":false},"excerpt":{"rendered":"<div class=\"mh-excerpt\"><p>\u00c9dgar Mart\u00ednez Philippon. Director deportivo e adestrador das ED Salvaterra <a class=\"mh-excerpt-more\" href=\"https:\/\/www.anovapeneira.gal\/index.php\/2025\/05\/13\/analise-da-liga-de-futbol-de-primeira-division-o-valor-do-propio\/\" title=\"An\u00e1lise da liga de f\u00fatbol de primeira divisi\u00f3n: O valor do propio\">[&#8230;]<\/a><\/p>\n<\/div>","protected":false},"author":3,"featured_media":11746,"comment_status":"open","ping_status":"open","sticky":false,"template":"","format":"standard","meta":{"_exactmetrics_skip_tracking":false,"_exactmetrics_sitenote_active":false,"_exactmetrics_sitenote_note":"","_exactmetrics_sitenote_category":0,"footnotes":""},"categories":[19],"tags":[227],"class_list":{"0":"post-13886","1":"post","2":"type-post","3":"status-publish","4":"format-standard","5":"has-post-thumbnail","7":"category-vigo","8":"tag-concello-de-vigo"},"yoast_head":"<!-- This site is optimized with the Yoast SEO plugin v27.4 - https:\/\/yoast.com\/product\/yoast-seo-wordpress\/ -->\n<title>An\u00e1lise da liga de f\u00fatbol de primeira divisi\u00f3n: O valor do propio -<\/title>\n<meta name=\"robots\" content=\"index, follow, max-snippet:-1, max-image-preview:large, max-video-preview:-1\" \/>\n<link rel=\"canonical\" href=\"https:\/\/www.anovapeneira.gal\/index.php\/2025\/05\/13\/analise-da-liga-de-futbol-de-primeira-division-o-valor-do-propio\/\" \/>\n<meta property=\"og:locale\" content=\"gl_ES\" \/>\n<meta property=\"og:type\" content=\"article\" \/>\n<meta property=\"og:title\" content=\"An\u00e1lise da liga de f\u00fatbol de primeira divisi\u00f3n: O valor do propio -\" \/>\n<meta property=\"og:description\" content=\"\u00c9dgar Mart\u00ednez Philippon. Director deportivo e adestrador das ED Salvaterra [...]\" \/>\n<meta property=\"og:url\" content=\"https:\/\/www.anovapeneira.gal\/index.php\/2025\/05\/13\/analise-da-liga-de-futbol-de-primeira-division-o-valor-do-propio\/\" \/>\n<meta property=\"article:publisher\" content=\"https:\/\/www.facebook.com\/anovapeneira\" \/>\n<meta property=\"article:published_time\" content=\"2025-05-13T08:25:41+00:00\" \/>\n<meta property=\"article:modified_time\" content=\"2025-05-13T08:25:42+00:00\" \/>\n<meta property=\"og:image\" content=\"https:\/\/www.anovapeneira.gal\/wp-content\/uploads\/2024\/05\/edgar_martinez.png\" \/>\n\t<meta property=\"og:image:width\" content=\"720\" \/>\n\t<meta property=\"og:image:height\" content=\"432\" \/>\n\t<meta property=\"og:image:type\" content=\"image\/png\" \/>\n<meta name=\"author\" content=\"Redacci\u00f3n A Nova Peneira\" \/>\n<meta name=\"twitter:card\" content=\"summary_large_image\" \/>\n<meta name=\"twitter:creator\" content=\"@APeneira\" \/>\n<meta name=\"twitter:site\" content=\"@APeneira\" \/>\n<meta name=\"twitter:label1\" content=\"Escrito por\" \/>\n\t<meta name=\"twitter:data1\" content=\"Redacci\u00f3n A Nova Peneira\" \/>\n\t<meta name=\"twitter:label2\" content=\"Tempo de lectura\" \/>\n\t<meta name=\"twitter:data2\" content=\"4 minutos\" \/>\n<script type=\"application\/ld+json\" class=\"yoast-schema-graph\">{\"@context\":\"https:\\\/\\\/schema.org\",\"@graph\":[{\"@type\":\"Article\",\"@id\":\"https:\\\/\\\/www.anovapeneira.gal\\\/index.php\\\/2025\\\/05\\\/13\\\/analise-da-liga-de-futbol-de-primeira-division-o-valor-do-propio\\\/#article\",\"isPartOf\":{\"@id\":\"https:\\\/\\\/www.anovapeneira.gal\\\/index.php\\\/2025\\\/05\\\/13\\\/analise-da-liga-de-futbol-de-primeira-division-o-valor-do-propio\\\/\"},\"author\":{\"name\":\"Redacci\u00f3n A Nova Peneira\",\"@id\":\"https:\\\/\\\/www.anovapeneira.gal\\\/#\\\/schema\\\/person\\\/b93e3f8932e3f8da96334607eb6ac6aa\"},\"headline\":\"An\u00e1lise da liga de f\u00fatbol de primeira divisi\u00f3n: O valor do propio\",\"datePublished\":\"2025-05-13T08:25:41+00:00\",\"dateModified\":\"2025-05-13T08:25:42+00:00\",\"mainEntityOfPage\":{\"@id\":\"https:\\\/\\\/www.anovapeneira.gal\\\/index.php\\\/2025\\\/05\\\/13\\\/analise-da-liga-de-futbol-de-primeira-division-o-valor-do-propio\\\/\"},\"wordCount\":619,\"commentCount\":0,\"publisher\":{\"@id\":\"https:\\\/\\\/www.anovapeneira.gal\\\/#organization\"},\"image\":{\"@id\":\"https:\\\/\\\/www.anovapeneira.gal\\\/index.php\\\/2025\\\/05\\\/13\\\/analise-da-liga-de-futbol-de-primeira-division-o-valor-do-propio\\\/#primaryimage\"},\"thumbnailUrl\":\"https:\\\/\\\/www.anovapeneira.gal\\\/wp-content\\\/uploads\\\/2024\\\/05\\\/edgar_martinez.png\",\"keywords\":[\"Concello de Vigo\"],\"articleSection\":[\"Vigo\"],\"inLanguage\":\"gl-ES\",\"potentialAction\":[{\"@type\":\"CommentAction\",\"name\":\"Comment\",\"target\":[\"https:\\\/\\\/www.anovapeneira.gal\\\/index.php\\\/2025\\\/05\\\/13\\\/analise-da-liga-de-futbol-de-primeira-division-o-valor-do-propio\\\/#respond\"]}]},{\"@type\":\"WebPage\",\"@id\":\"https:\\\/\\\/www.anovapeneira.gal\\\/index.php\\\/2025\\\/05\\\/13\\\/analise-da-liga-de-futbol-de-primeira-division-o-valor-do-propio\\\/\",\"url\":\"https:\\\/\\\/www.anovapeneira.gal\\\/index.php\\\/2025\\\/05\\\/13\\\/analise-da-liga-de-futbol-de-primeira-division-o-valor-do-propio\\\/\",\"name\":\"An\u00e1lise da liga de f\u00fatbol de primeira divisi\u00f3n: O valor do propio -\",\"isPartOf\":{\"@id\":\"https:\\\/\\\/www.anovapeneira.gal\\\/#website\"},\"primaryImageOfPage\":{\"@id\":\"https:\\\/\\\/www.anovapeneira.gal\\\/index.php\\\/2025\\\/05\\\/13\\\/analise-da-liga-de-futbol-de-primeira-division-o-valor-do-propio\\\/#primaryimage\"},\"image\":{\"@id\":\"https:\\\/\\\/www.anovapeneira.gal\\\/index.php\\\/2025\\\/05\\\/13\\\/analise-da-liga-de-futbol-de-primeira-division-o-valor-do-propio\\\/#primaryimage\"},\"thumbnailUrl\":\"https:\\\/\\\/www.anovapeneira.gal\\\/wp-content\\\/uploads\\\/2024\\\/05\\\/edgar_martinez.png\",\"datePublished\":\"2025-05-13T08:25:41+00:00\",\"dateModified\":\"2025-05-13T08:25:42+00:00\",\"breadcrumb\":{\"@id\":\"https:\\\/\\\/www.anovapeneira.gal\\\/index.php\\\/2025\\\/05\\\/13\\\/analise-da-liga-de-futbol-de-primeira-division-o-valor-do-propio\\\/#breadcrumb\"},\"inLanguage\":\"gl-ES\",\"potentialAction\":[{\"@type\":\"ReadAction\",\"target\":[\"https:\\\/\\\/www.anovapeneira.gal\\\/index.php\\\/2025\\\/05\\\/13\\\/analise-da-liga-de-futbol-de-primeira-division-o-valor-do-propio\\\/\"]}]},{\"@type\":\"ImageObject\",\"inLanguage\":\"gl-ES\",\"@id\":\"https:\\\/\\\/www.anovapeneira.gal\\\/index.php\\\/2025\\\/05\\\/13\\\/analise-da-liga-de-futbol-de-primeira-division-o-valor-do-propio\\\/#primaryimage\",\"url\":\"https:\\\/\\\/www.anovapeneira.gal\\\/wp-content\\\/uploads\\\/2024\\\/05\\\/edgar_martinez.png\",\"contentUrl\":\"https:\\\/\\\/www.anovapeneira.gal\\\/wp-content\\\/uploads\\\/2024\\\/05\\\/edgar_martinez.png\",\"width\":720,\"height\":432,\"caption\":\"\u00c9dgar Mart\u00ednez Philippon director das Escolas Deportivas de Salvaterra\"},{\"@type\":\"BreadcrumbList\",\"@id\":\"https:\\\/\\\/www.anovapeneira.gal\\\/index.php\\\/2025\\\/05\\\/13\\\/analise-da-liga-de-futbol-de-primeira-division-o-valor-do-propio\\\/#breadcrumb\",\"itemListElement\":[{\"@type\":\"ListItem\",\"position\":1,\"name\":\"Portada\",\"item\":\"https:\\\/\\\/www.anovapeneira.gal\\\/\"},{\"@type\":\"ListItem\",\"position\":2,\"name\":\"An\u00e1lise da liga de f\u00fatbol de primeira divisi\u00f3n: O valor do propio\"}]},{\"@type\":\"WebSite\",\"@id\":\"https:\\\/\\\/www.anovapeneira.gal\\\/#website\",\"url\":\"https:\\\/\\\/www.anovapeneira.gal\\\/\",\"name\":\"\",\"description\":\"Xornal galego de informaci\u00f3n xeral Publicaci\u00f3n mensual de novas de Galicia e en especial dos Concellos da sur da provincia de Pontevedra.\",\"publisher\":{\"@id\":\"https:\\\/\\\/www.anovapeneira.gal\\\/#organization\"},\"potentialAction\":[{\"@type\":\"SearchAction\",\"target\":{\"@type\":\"EntryPoint\",\"urlTemplate\":\"https:\\\/\\\/www.anovapeneira.gal\\\/?s={search_term_string}\"},\"query-input\":{\"@type\":\"PropertyValueSpecification\",\"valueRequired\":true,\"valueName\":\"search_term_string\"}}],\"inLanguage\":\"gl-ES\"},{\"@type\":\"Organization\",\"@id\":\"https:\\\/\\\/www.anovapeneira.gal\\\/#organization\",\"name\":\"A Nova Peneira\",\"url\":\"https:\\\/\\\/www.anovapeneira.gal\\\/\",\"logo\":{\"@type\":\"ImageObject\",\"inLanguage\":\"gl-ES\",\"@id\":\"https:\\\/\\\/www.anovapeneira.gal\\\/#\\\/schema\\\/logo\\\/image\\\/\",\"url\":\"http:\\\/\\\/www.anovapeneira.gal\\\/wp-content\\\/uploads\\\/2019\\\/06\\\/logo_a_nova_peneira_portal_web.png\",\"contentUrl\":\"http:\\\/\\\/www.anovapeneira.gal\\\/wp-content\\\/uploads\\\/2019\\\/06\\\/logo_a_nova_peneira_portal_web.png\",\"width\":300,\"height\":100,\"caption\":\"A Nova Peneira\"},\"image\":{\"@id\":\"https:\\\/\\\/www.anovapeneira.gal\\\/#\\\/schema\\\/logo\\\/image\\\/\"},\"sameAs\":[\"https:\\\/\\\/www.facebook.com\\\/anovapeneira\",\"https:\\\/\\\/x.com\\\/APeneira\"]},{\"@type\":\"Person\",\"@id\":\"https:\\\/\\\/www.anovapeneira.gal\\\/#\\\/schema\\\/person\\\/b93e3f8932e3f8da96334607eb6ac6aa\",\"name\":\"Redacci\u00f3n A Nova Peneira\",\"image\":{\"@type\":\"ImageObject\",\"inLanguage\":\"gl-ES\",\"@id\":\"https:\\\/\\\/secure.gravatar.com\\\/avatar\\\/c052a2551a06e23fac63626232eaa90abd78dbcf1700fc46a2b2c89fd27b735f?s=96&d=mm&r=g\",\"url\":\"https:\\\/\\\/secure.gravatar.com\\\/avatar\\\/c052a2551a06e23fac63626232eaa90abd78dbcf1700fc46a2b2c89fd27b735f?s=96&d=mm&r=g\",\"contentUrl\":\"https:\\\/\\\/secure.gravatar.com\\\/avatar\\\/c052a2551a06e23fac63626232eaa90abd78dbcf1700fc46a2b2c89fd27b735f?s=96&d=mm&r=g\",\"caption\":\"Redacci\u00f3n A Nova Peneira\"},\"sameAs\":[\"http:\\\/\\\/www.anovapeneira.gal\\\/\"],\"url\":\"https:\\\/\\\/www.anovapeneira.gal\\\/index.php\\\/author\\\/redactor\\\/\"}]}<\/script>\n<!-- \/ Yoast SEO plugin. -->","yoast_head_json":{"title":"An\u00e1lise da liga de f\u00fatbol de primeira divisi\u00f3n: O valor do propio -","robots":{"index":"index","follow":"follow","max-snippet":"max-snippet:-1","max-image-preview":"max-image-preview:large","max-video-preview":"max-video-preview:-1"},"canonical":"https:\/\/www.anovapeneira.gal\/index.php\/2025\/05\/13\/analise-da-liga-de-futbol-de-primeira-division-o-valor-do-propio\/","og_locale":"gl_ES","og_type":"article","og_title":"An\u00e1lise da liga de f\u00fatbol de primeira divisi\u00f3n: O valor do propio -","og_description":"\u00c9dgar Mart\u00ednez Philippon. Director deportivo e adestrador das ED Salvaterra [...]","og_url":"https:\/\/www.anovapeneira.gal\/index.php\/2025\/05\/13\/analise-da-liga-de-futbol-de-primeira-division-o-valor-do-propio\/","article_publisher":"https:\/\/www.facebook.com\/anovapeneira","article_published_time":"2025-05-13T08:25:41+00:00","article_modified_time":"2025-05-13T08:25:42+00:00","og_image":[{"width":720,"height":432,"url":"https:\/\/www.anovapeneira.gal\/wp-content\/uploads\/2024\/05\/edgar_martinez.png","type":"image\/png"}],"author":"Redacci\u00f3n A Nova Peneira","twitter_card":"summary_large_image","twitter_creator":"@APeneira","twitter_site":"@APeneira","twitter_misc":{"Escrito por":"Redacci\u00f3n A Nova Peneira","Tempo de lectura":"4 minutos"},"schema":{"@context":"https:\/\/schema.org","@graph":[{"@type":"Article","@id":"https:\/\/www.anovapeneira.gal\/index.php\/2025\/05\/13\/analise-da-liga-de-futbol-de-primeira-division-o-valor-do-propio\/#article","isPartOf":{"@id":"https:\/\/www.anovapeneira.gal\/index.php\/2025\/05\/13\/analise-da-liga-de-futbol-de-primeira-division-o-valor-do-propio\/"},"author":{"name":"Redacci\u00f3n A Nova Peneira","@id":"https:\/\/www.anovapeneira.gal\/#\/schema\/person\/b93e3f8932e3f8da96334607eb6ac6aa"},"headline":"An\u00e1lise da liga de f\u00fatbol de primeira divisi\u00f3n: O valor do propio","datePublished":"2025-05-13T08:25:41+00:00","dateModified":"2025-05-13T08:25:42+00:00","mainEntityOfPage":{"@id":"https:\/\/www.anovapeneira.gal\/index.php\/2025\/05\/13\/analise-da-liga-de-futbol-de-primeira-division-o-valor-do-propio\/"},"wordCount":619,"commentCount":0,"publisher":{"@id":"https:\/\/www.anovapeneira.gal\/#organization"},"image":{"@id":"https:\/\/www.anovapeneira.gal\/index.php\/2025\/05\/13\/analise-da-liga-de-futbol-de-primeira-division-o-valor-do-propio\/#primaryimage"},"thumbnailUrl":"https:\/\/www.anovapeneira.gal\/wp-content\/uploads\/2024\/05\/edgar_martinez.png","keywords":["Concello de Vigo"],"articleSection":["Vigo"],"inLanguage":"gl-ES","potentialAction":[{"@type":"CommentAction","name":"Comment","target":["https:\/\/www.anovapeneira.gal\/index.php\/2025\/05\/13\/analise-da-liga-de-futbol-de-primeira-division-o-valor-do-propio\/#respond"]}]},{"@type":"WebPage","@id":"https:\/\/www.anovapeneira.gal\/index.php\/2025\/05\/13\/analise-da-liga-de-futbol-de-primeira-division-o-valor-do-propio\/","url":"https:\/\/www.anovapeneira.gal\/index.php\/2025\/05\/13\/analise-da-liga-de-futbol-de-primeira-division-o-valor-do-propio\/","name":"An\u00e1lise da liga de f\u00fatbol de primeira divisi\u00f3n: O valor do propio -","isPartOf":{"@id":"https:\/\/www.anovapeneira.gal\/#website"},"primaryImageOfPage":{"@id":"https:\/\/www.anovapeneira.gal\/index.php\/2025\/05\/13\/analise-da-liga-de-futbol-de-primeira-division-o-valor-do-propio\/#primaryimage"},"image":{"@id":"https:\/\/www.anovapeneira.gal\/index.php\/2025\/05\/13\/analise-da-liga-de-futbol-de-primeira-division-o-valor-do-propio\/#primaryimage"},"thumbnailUrl":"https:\/\/www.anovapeneira.gal\/wp-content\/uploads\/2024\/05\/edgar_martinez.png","datePublished":"2025-05-13T08:25:41+00:00","dateModified":"2025-05-13T08:25:42+00:00","breadcrumb":{"@id":"https:\/\/www.anovapeneira.gal\/index.php\/2025\/05\/13\/analise-da-liga-de-futbol-de-primeira-division-o-valor-do-propio\/#breadcrumb"},"inLanguage":"gl-ES","potentialAction":[{"@type":"ReadAction","target":["https:\/\/www.anovapeneira.gal\/index.php\/2025\/05\/13\/analise-da-liga-de-futbol-de-primeira-division-o-valor-do-propio\/"]}]},{"@type":"ImageObject","inLanguage":"gl-ES","@id":"https:\/\/www.anovapeneira.gal\/index.php\/2025\/05\/13\/analise-da-liga-de-futbol-de-primeira-division-o-valor-do-propio\/#primaryimage","url":"https:\/\/www.anovapeneira.gal\/wp-content\/uploads\/2024\/05\/edgar_martinez.png","contentUrl":"https:\/\/www.anovapeneira.gal\/wp-content\/uploads\/2024\/05\/edgar_martinez.png","width":720,"height":432,"caption":"\u00c9dgar Mart\u00ednez Philippon director das Escolas Deportivas de Salvaterra"},{"@type":"BreadcrumbList","@id":"https:\/\/www.anovapeneira.gal\/index.php\/2025\/05\/13\/analise-da-liga-de-futbol-de-primeira-division-o-valor-do-propio\/#breadcrumb","itemListElement":[{"@type":"ListItem","position":1,"name":"Portada","item":"https:\/\/www.anovapeneira.gal\/"},{"@type":"ListItem","position":2,"name":"An\u00e1lise da liga de f\u00fatbol de primeira divisi\u00f3n: O valor do propio"}]},{"@type":"WebSite","@id":"https:\/\/www.anovapeneira.gal\/#website","url":"https:\/\/www.anovapeneira.gal\/","name":"","description":"Xornal galego de informaci\u00f3n xeral Publicaci\u00f3n mensual de novas de Galicia e en especial dos Concellos da sur da provincia de Pontevedra.","publisher":{"@id":"https:\/\/www.anovapeneira.gal\/#organization"},"potentialAction":[{"@type":"SearchAction","target":{"@type":"EntryPoint","urlTemplate":"https:\/\/www.anovapeneira.gal\/?s={search_term_string}"},"query-input":{"@type":"PropertyValueSpecification","valueRequired":true,"valueName":"search_term_string"}}],"inLanguage":"gl-ES"},{"@type":"Organization","@id":"https:\/\/www.anovapeneira.gal\/#organization","name":"A Nova Peneira","url":"https:\/\/www.anovapeneira.gal\/","logo":{"@type":"ImageObject","inLanguage":"gl-ES","@id":"https:\/\/www.anovapeneira.gal\/#\/schema\/logo\/image\/","url":"http:\/\/www.anovapeneira.gal\/wp-content\/uploads\/2019\/06\/logo_a_nova_peneira_portal_web.png","contentUrl":"http:\/\/www.anovapeneira.gal\/wp-content\/uploads\/2019\/06\/logo_a_nova_peneira_portal_web.png","width":300,"height":100,"caption":"A Nova Peneira"},"image":{"@id":"https:\/\/www.anovapeneira.gal\/#\/schema\/logo\/image\/"},"sameAs":["https:\/\/www.facebook.com\/anovapeneira","https:\/\/x.com\/APeneira"]},{"@type":"Person","@id":"https:\/\/www.anovapeneira.gal\/#\/schema\/person\/b93e3f8932e3f8da96334607eb6ac6aa","name":"Redacci\u00f3n A Nova Peneira","image":{"@type":"ImageObject","inLanguage":"gl-ES","@id":"https:\/\/secure.gravatar.com\/avatar\/c052a2551a06e23fac63626232eaa90abd78dbcf1700fc46a2b2c89fd27b735f?s=96&d=mm&r=g","url":"https:\/\/secure.gravatar.com\/avatar\/c052a2551a06e23fac63626232eaa90abd78dbcf1700fc46a2b2c89fd27b735f?s=96&d=mm&r=g","contentUrl":"https:\/\/secure.gravatar.com\/avatar\/c052a2551a06e23fac63626232eaa90abd78dbcf1700fc46a2b2c89fd27b735f?s=96&d=mm&r=g","caption":"Redacci\u00f3n A Nova Peneira"},"sameAs":["http:\/\/www.anovapeneira.gal\/"],"url":"https:\/\/www.anovapeneira.gal\/index.php\/author\/redactor\/"}]}},"jetpack_featured_media_url":"https:\/\/www.anovapeneira.gal\/wp-content\/uploads\/2024\/05\/edgar_martinez.png","_links":{"self":[{"href":"https:\/\/www.anovapeneira.gal\/index.php\/wp-json\/wp\/v2\/posts\/13886","targetHints":{"allow":["GET"]}}],"collection":[{"href":"https:\/\/www.anovapeneira.gal\/index.php\/wp-json\/wp\/v2\/posts"}],"about":[{"href":"https:\/\/www.anovapeneira.gal\/index.php\/wp-json\/wp\/v2\/types\/post"}],"author":[{"embeddable":true,"href":"https:\/\/www.anovapeneira.gal\/index.php\/wp-json\/wp\/v2\/users\/3"}],"replies":[{"embeddable":true,"href":"https:\/\/www.anovapeneira.gal\/index.php\/wp-json\/wp\/v2\/comments?post=13886"}],"version-history":[{"count":1,"href":"https:\/\/www.anovapeneira.gal\/index.php\/wp-json\/wp\/v2\/posts\/13886\/revisions"}],"predecessor-version":[{"id":13887,"href":"https:\/\/www.anovapeneira.gal\/index.php\/wp-json\/wp\/v2\/posts\/13886\/revisions\/13887"}],"wp:featuredmedia":[{"embeddable":true,"href":"https:\/\/www.anovapeneira.gal\/index.php\/wp-json\/wp\/v2\/media\/11746"}],"wp:attachment":[{"href":"https:\/\/www.anovapeneira.gal\/index.php\/wp-json\/wp\/v2\/media?parent=13886"}],"wp:term":[{"taxonomy":"category","embeddable":true,"href":"https:\/\/www.anovapeneira.gal\/index.php\/wp-json\/wp\/v2\/categories?post=13886"},{"taxonomy":"post_tag","embeddable":true,"href":"https:\/\/www.anovapeneira.gal\/index.php\/wp-json\/wp\/v2\/tags?post=13886"}],"curies":[{"name":"wp","href":"https:\/\/api.w.org\/{rel}","templated":true}]}}