{"id":13891,"date":"2025-05-14T12:00:54","date_gmt":"2025-05-14T10:00:54","guid":{"rendered":"https:\/\/www.anovapeneira.gal\/?p=13891"},"modified":"2025-05-13T10:37:09","modified_gmt":"2025-05-13T08:37:09","slug":"descubrindo-que-temos-diferentes-tipos-de-medio-ambiente","status":"publish","type":"post","link":"https:\/\/www.anovapeneira.gal\/index.php\/2025\/05\/14\/descubrindo-que-temos-diferentes-tipos-de-medio-ambiente\/","title":{"rendered":"Descubrindo que temos diferentes tipos de medio ambiente"},"content":{"rendered":"\n<pre class=\"wp-block-verse\"><strong>Victoria Alonso, voceira do PSOE de Mos<\/strong><\/pre>\n\n\n\n<p>Pode parecer unha toler\u00eda se dicimos que hai diferentes tipos de medio ambiente pero atendendo as diferentes e variantes posturas do Partido Popular, hai que conclu\u00edr que habelos hailos. A\u00ednda que tam\u00e9n ter\u00edamos que dicir que a palabra mentira est\u00e1 no medio de todo o que ten que ver con Altri e o PP.<\/p>\n\n\n\n<p>Na nosa provincia temos unha f\u00e1brica de celulosa dende hai m\u00e1is de 50 anos. Dende os tempos de Cui\u00f1a levamos escoitando a cantilena de que ENCE non se pod\u00eda trasladar da r\u00eda de Pontevedra porque non hab\u00eda ningunha outra situaci\u00f3n posible para unha celulosa en toda Galicia. Ning\u00fan lugar que soportara este estigma medioambiental, onde captar toda a auga que se necesita e vertela. A Xunta de Galicia encargou a unha consultora finlandesa un estudo para ratificar esta versi\u00f3n. E agora hai outra Declaraci\u00f3n de Impacto Ambiental que di que si, que se pode facer en Palas de Rei e, ademais, noutras 6 localidades. As\u00ed que pasamos de que non hai ning\u00fan lugar en Galicia a que hai 7. Esta declaraci\u00f3n de impacto ambiental di que non pasa nada por verter 46 mill\u00f3ns de litros de augas industriais no R\u00edo Ulla, nin por constru\u00edr unha celulosa ao lado do Cami\u00f1o de Santiago, nin por instalar unhas chemineas de 75 metros nunha zona de alto valor natural e agrogandeiro e nin por incrementar a demanda de eucalipto en 1,2 mill\u00f3ns de toneladas ao ano.<\/p>\n\n\n\n<p>Outra das mentiras que rodean a todo este desprop\u00f3sito de Altri \u00e9 o dos postos de traballo. Fai 5 anos de que Feijoo empezou a falar do proxecto GAMA, e falaba de 2.500 postos de traballo. Cando o proxecto finalmente se presentou, ademais de non ser unha f\u00e1brica de fibra t\u00e9xtil , sen\u00f3n unha celulosa, o n\u00famero de postos de traballo pasou de 2.500 a 500. No \u00faltimo pleno municipal, a concelleira e tam\u00e9n parlamentaria, falaba de 4.000 e a alcaldesa dic\u00eda que esta cantidade incluso se poder\u00eda duplicar. Perm\u00edtannos que sexamos esc\u00e9pticos porque todos sabemos que en ENCE, por po\u00f1er un exemplo, tam\u00e9n falan de milleiros de postos e logo te\u00f1en en n\u00f3mina a menos de 250 persoas.<\/p>\n\n\n\n<p>As\u00ed que temos un proxecto industrial para crear 250 postos de traballo que aspiraba a captar 250 mill\u00f3ns de euros p\u00fablicos. Ou sexa, un mill\u00f3n de euros de subvenci\u00f3n por cada posto de traballo!!! Non lles parece obsceno!!! Dende o Goberno Central xa trasladaron que non van apoiar con fondos p\u00fablicos este proxecto\u2026 Pero se tan bo \u00e9, por que non o financia a Xunta de Galicia? \u00bfSer\u00e1 porque resulta inexplicable que unha empresa portuguesa, \u00e9 dicir, procedente dun pa\u00eds cuns custos salariais moito m\u00e1is baixos e onde practicamente se regala o solo industrial ve\u00f1a asentarse a Galicia para ocupar 366 hect\u00e1reas, moito m\u00e1is que a planta de Ence en Pontevedra? \u00bfComo \u00e9 posible que unha empresa contaminante descarte Portugal e aposte por Galicia? E a gran pregunta: \u00bfcomo \u00e9 posible que a Xunta apoie isto? Igual ten algo que ver coa pr\u00f3rroga da concesi\u00f3n de Ence ata 2073 polo Goberno de Rajoy.<\/p>\n\n\n\n<p>Trala recente preocupaci\u00f3n do grupo municipal do PP de Mos polas tra\u00eddas de augas e monte, dicimos trala porque cando fal\u00e1bamos do proxecto do Celta non hab\u00eda tanto interese polas augas nin o monte. Pero dende que se fala do proxecto do t\u00fanel, proxecto que a alcaldesa defend\u00eda e op\u00faxose cando o presentou o goberno central, o monte, a auga e o dereito a reivindicaci\u00f3n da veci\u00f1anza tomaron moita presenza. Entend\u00edamos que ter\u00edan que estar en contra desde proxecto, pois non. O PP de Mos defendeu a macrocelulosa Altri como unha gran oportunidade, chegando incluso a vendelo case como unha empresa sostible. Alg\u00fans ou desco\u00f1ecen o que implica a defensa do medio ambiente ou carecen de vergo\u00f1a, est\u00e1 claro que te\u00f1en estes principios pero si non pegan ben con este tema&#8230; espera, que tam\u00e9n te\u00f1en estes outros.<\/p>\n","protected":false},"excerpt":{"rendered":"<div class=\"mh-excerpt\"><p>Victoria Alonso, voceira do PSOE de Mos Pode parecer unha toler\u00eda se dicimos que hai diferentes tipos de medio ambiente pero atendendo as diferentes e variantes posturas do Partido Popular, hai que conclu\u00edr que habelos <a class=\"mh-excerpt-more\" href=\"https:\/\/www.anovapeneira.gal\/index.php\/2025\/05\/14\/descubrindo-que-temos-diferentes-tipos-de-medio-ambiente\/\" title=\"Descubrindo que temos diferentes tipos de medio ambiente\">[&#8230;]<\/a><\/p>\n<\/div>","protected":false},"author":12,"featured_media":10266,"comment_status":"open","ping_status":"open","sticky":false,"template":"","format":"standard","meta":{"_exactmetrics_skip_tracking":false,"_exactmetrics_sitenote_active":false,"_exactmetrics_sitenote_note":"","_exactmetrics_sitenote_category":0,"footnotes":""},"categories":[7],"tags":[],"class_list":{"0":"post-13891","1":"post","2":"type-post","3":"status-publish","4":"format-standard","5":"has-post-thumbnail","7":"category-artigos-de-opinion"},"yoast_head":"<!-- This site is optimized with the Yoast SEO plugin v27.4 - https:\/\/yoast.com\/product\/yoast-seo-wordpress\/ -->\n<title>Descubrindo que temos diferentes tipos de medio ambiente -<\/title>\n<meta name=\"robots\" content=\"index, follow, max-snippet:-1, max-image-preview:large, max-video-preview:-1\" \/>\n<link rel=\"canonical\" href=\"https:\/\/www.anovapeneira.gal\/index.php\/2025\/05\/14\/descubrindo-que-temos-diferentes-tipos-de-medio-ambiente\/\" \/>\n<meta property=\"og:locale\" content=\"gl_ES\" \/>\n<meta property=\"og:type\" content=\"article\" \/>\n<meta property=\"og:title\" content=\"Descubrindo que temos diferentes tipos de medio ambiente -\" \/>\n<meta property=\"og:description\" content=\"Victoria Alonso, voceira do PSOE de Mos Pode parecer unha toler\u00eda se dicimos que hai diferentes tipos de medio ambiente pero atendendo as diferentes e variantes posturas do Partido Popular, hai que conclu\u00edr que habelos [...]\" \/>\n<meta property=\"og:url\" content=\"https:\/\/www.anovapeneira.gal\/index.php\/2025\/05\/14\/descubrindo-que-temos-diferentes-tipos-de-medio-ambiente\/\" \/>\n<meta property=\"article:publisher\" content=\"https:\/\/www.facebook.com\/anovapeneira\" \/>\n<meta property=\"article:published_time\" content=\"2025-05-14T10:00:54+00:00\" \/>\n<meta property=\"og:image\" content=\"https:\/\/www.anovapeneira.gal\/wp-content\/uploads\/2023\/08\/victoria_psoe_mos.jpg\" \/>\n\t<meta property=\"og:image:width\" content=\"720\" \/>\n\t<meta property=\"og:image:height\" content=\"432\" \/>\n\t<meta property=\"og:image:type\" content=\"image\/jpeg\" \/>\n<meta name=\"author\" content=\"Artigos Opini\u00f3n\" \/>\n<meta name=\"twitter:card\" content=\"summary_large_image\" \/>\n<meta name=\"twitter:creator\" content=\"@APeneira\" \/>\n<meta name=\"twitter:site\" content=\"@APeneira\" \/>\n<meta name=\"twitter:label1\" content=\"Escrito por\" \/>\n\t<meta name=\"twitter:data1\" content=\"Artigos Opini\u00f3n\" \/>\n\t<meta name=\"twitter:label2\" content=\"Tempo de lectura\" \/>\n\t<meta name=\"twitter:data2\" content=\"4 minutos\" \/>\n<script type=\"application\/ld+json\" class=\"yoast-schema-graph\">{\"@context\":\"https:\\\/\\\/schema.org\",\"@graph\":[{\"@type\":\"Article\",\"@id\":\"https:\\\/\\\/www.anovapeneira.gal\\\/index.php\\\/2025\\\/05\\\/14\\\/descubrindo-que-temos-diferentes-tipos-de-medio-ambiente\\\/#article\",\"isPartOf\":{\"@id\":\"https:\\\/\\\/www.anovapeneira.gal\\\/index.php\\\/2025\\\/05\\\/14\\\/descubrindo-que-temos-diferentes-tipos-de-medio-ambiente\\\/\"},\"author\":{\"name\":\"Artigos Opini\u00f3n\",\"@id\":\"https:\\\/\\\/www.anovapeneira.gal\\\/#\\\/schema\\\/person\\\/f18a4feb302e8f20bcef4490b5b60bb3\"},\"headline\":\"Descubrindo que temos diferentes tipos de medio ambiente\",\"datePublished\":\"2025-05-14T10:00:54+00:00\",\"mainEntityOfPage\":{\"@id\":\"https:\\\/\\\/www.anovapeneira.gal\\\/index.php\\\/2025\\\/05\\\/14\\\/descubrindo-que-temos-diferentes-tipos-de-medio-ambiente\\\/\"},\"wordCount\":697,\"commentCount\":0,\"publisher\":{\"@id\":\"https:\\\/\\\/www.anovapeneira.gal\\\/#organization\"},\"image\":{\"@id\":\"https:\\\/\\\/www.anovapeneira.gal\\\/index.php\\\/2025\\\/05\\\/14\\\/descubrindo-que-temos-diferentes-tipos-de-medio-ambiente\\\/#primaryimage\"},\"thumbnailUrl\":\"https:\\\/\\\/www.anovapeneira.gal\\\/wp-content\\\/uploads\\\/2023\\\/08\\\/victoria_psoe_mos.jpg\",\"articleSection\":[\"Artigos de opini\u00f3n\"],\"inLanguage\":\"gl-ES\",\"potentialAction\":[{\"@type\":\"CommentAction\",\"name\":\"Comment\",\"target\":[\"https:\\\/\\\/www.anovapeneira.gal\\\/index.php\\\/2025\\\/05\\\/14\\\/descubrindo-que-temos-diferentes-tipos-de-medio-ambiente\\\/#respond\"]}]},{\"@type\":\"WebPage\",\"@id\":\"https:\\\/\\\/www.anovapeneira.gal\\\/index.php\\\/2025\\\/05\\\/14\\\/descubrindo-que-temos-diferentes-tipos-de-medio-ambiente\\\/\",\"url\":\"https:\\\/\\\/www.anovapeneira.gal\\\/index.php\\\/2025\\\/05\\\/14\\\/descubrindo-que-temos-diferentes-tipos-de-medio-ambiente\\\/\",\"name\":\"Descubrindo que temos diferentes tipos de medio ambiente -\",\"isPartOf\":{\"@id\":\"https:\\\/\\\/www.anovapeneira.gal\\\/#website\"},\"primaryImageOfPage\":{\"@id\":\"https:\\\/\\\/www.anovapeneira.gal\\\/index.php\\\/2025\\\/05\\\/14\\\/descubrindo-que-temos-diferentes-tipos-de-medio-ambiente\\\/#primaryimage\"},\"image\":{\"@id\":\"https:\\\/\\\/www.anovapeneira.gal\\\/index.php\\\/2025\\\/05\\\/14\\\/descubrindo-que-temos-diferentes-tipos-de-medio-ambiente\\\/#primaryimage\"},\"thumbnailUrl\":\"https:\\\/\\\/www.anovapeneira.gal\\\/wp-content\\\/uploads\\\/2023\\\/08\\\/victoria_psoe_mos.jpg\",\"datePublished\":\"2025-05-14T10:00:54+00:00\",\"breadcrumb\":{\"@id\":\"https:\\\/\\\/www.anovapeneira.gal\\\/index.php\\\/2025\\\/05\\\/14\\\/descubrindo-que-temos-diferentes-tipos-de-medio-ambiente\\\/#breadcrumb\"},\"inLanguage\":\"gl-ES\",\"potentialAction\":[{\"@type\":\"ReadAction\",\"target\":[\"https:\\\/\\\/www.anovapeneira.gal\\\/index.php\\\/2025\\\/05\\\/14\\\/descubrindo-que-temos-diferentes-tipos-de-medio-ambiente\\\/\"]}]},{\"@type\":\"ImageObject\",\"inLanguage\":\"gl-ES\",\"@id\":\"https:\\\/\\\/www.anovapeneira.gal\\\/index.php\\\/2025\\\/05\\\/14\\\/descubrindo-que-temos-diferentes-tipos-de-medio-ambiente\\\/#primaryimage\",\"url\":\"https:\\\/\\\/www.anovapeneira.gal\\\/wp-content\\\/uploads\\\/2023\\\/08\\\/victoria_psoe_mos.jpg\",\"contentUrl\":\"https:\\\/\\\/www.anovapeneira.gal\\\/wp-content\\\/uploads\\\/2023\\\/08\\\/victoria_psoe_mos.jpg\",\"width\":720,\"height\":432,\"caption\":\"Victoria Alonso voceira do PSOE de Mos\"},{\"@type\":\"BreadcrumbList\",\"@id\":\"https:\\\/\\\/www.anovapeneira.gal\\\/index.php\\\/2025\\\/05\\\/14\\\/descubrindo-que-temos-diferentes-tipos-de-medio-ambiente\\\/#breadcrumb\",\"itemListElement\":[{\"@type\":\"ListItem\",\"position\":1,\"name\":\"Portada\",\"item\":\"https:\\\/\\\/www.anovapeneira.gal\\\/\"},{\"@type\":\"ListItem\",\"position\":2,\"name\":\"Descubrindo que temos diferentes tipos de medio ambiente\"}]},{\"@type\":\"WebSite\",\"@id\":\"https:\\\/\\\/www.anovapeneira.gal\\\/#website\",\"url\":\"https:\\\/\\\/www.anovapeneira.gal\\\/\",\"name\":\"\",\"description\":\"Xornal galego de informaci\u00f3n xeral Publicaci\u00f3n mensual de novas de Galicia e en especial dos Concellos da sur da provincia de Pontevedra.\",\"publisher\":{\"@id\":\"https:\\\/\\\/www.anovapeneira.gal\\\/#organization\"},\"potentialAction\":[{\"@type\":\"SearchAction\",\"target\":{\"@type\":\"EntryPoint\",\"urlTemplate\":\"https:\\\/\\\/www.anovapeneira.gal\\\/?s={search_term_string}\"},\"query-input\":{\"@type\":\"PropertyValueSpecification\",\"valueRequired\":true,\"valueName\":\"search_term_string\"}}],\"inLanguage\":\"gl-ES\"},{\"@type\":\"Organization\",\"@id\":\"https:\\\/\\\/www.anovapeneira.gal\\\/#organization\",\"name\":\"A Nova Peneira\",\"url\":\"https:\\\/\\\/www.anovapeneira.gal\\\/\",\"logo\":{\"@type\":\"ImageObject\",\"inLanguage\":\"gl-ES\",\"@id\":\"https:\\\/\\\/www.anovapeneira.gal\\\/#\\\/schema\\\/logo\\\/image\\\/\",\"url\":\"http:\\\/\\\/www.anovapeneira.gal\\\/wp-content\\\/uploads\\\/2019\\\/06\\\/logo_a_nova_peneira_portal_web.png\",\"contentUrl\":\"http:\\\/\\\/www.anovapeneira.gal\\\/wp-content\\\/uploads\\\/2019\\\/06\\\/logo_a_nova_peneira_portal_web.png\",\"width\":300,\"height\":100,\"caption\":\"A Nova Peneira\"},\"image\":{\"@id\":\"https:\\\/\\\/www.anovapeneira.gal\\\/#\\\/schema\\\/logo\\\/image\\\/\"},\"sameAs\":[\"https:\\\/\\\/www.facebook.com\\\/anovapeneira\",\"https:\\\/\\\/x.com\\\/APeneira\"]},{\"@type\":\"Person\",\"@id\":\"https:\\\/\\\/www.anovapeneira.gal\\\/#\\\/schema\\\/person\\\/f18a4feb302e8f20bcef4490b5b60bb3\",\"name\":\"Artigos Opini\u00f3n\",\"image\":{\"@type\":\"ImageObject\",\"inLanguage\":\"gl-ES\",\"@id\":\"https:\\\/\\\/secure.gravatar.com\\\/avatar\\\/072844300f4881150aee2da4278f7a65d16eefdf8262eb67085f1e702de2b959?s=96&d=mm&r=g\",\"url\":\"https:\\\/\\\/secure.gravatar.com\\\/avatar\\\/072844300f4881150aee2da4278f7a65d16eefdf8262eb67085f1e702de2b959?s=96&d=mm&r=g\",\"contentUrl\":\"https:\\\/\\\/secure.gravatar.com\\\/avatar\\\/072844300f4881150aee2da4278f7a65d16eefdf8262eb67085f1e702de2b959?s=96&d=mm&r=g\",\"caption\":\"Artigos Opini\u00f3n\"},\"sameAs\":[\"http:\\\/\\\/anovapeneira.gal\"],\"url\":\"https:\\\/\\\/www.anovapeneira.gal\\\/index.php\\\/author\\\/artigosopinion\\\/\"}]}<\/script>\n<!-- \/ Yoast SEO plugin. -->","yoast_head_json":{"title":"Descubrindo que temos diferentes tipos de medio ambiente -","robots":{"index":"index","follow":"follow","max-snippet":"max-snippet:-1","max-image-preview":"max-image-preview:large","max-video-preview":"max-video-preview:-1"},"canonical":"https:\/\/www.anovapeneira.gal\/index.php\/2025\/05\/14\/descubrindo-que-temos-diferentes-tipos-de-medio-ambiente\/","og_locale":"gl_ES","og_type":"article","og_title":"Descubrindo que temos diferentes tipos de medio ambiente -","og_description":"Victoria Alonso, voceira do PSOE de Mos Pode parecer unha toler\u00eda se dicimos que hai diferentes tipos de medio ambiente pero atendendo as diferentes e variantes posturas do Partido Popular, hai que conclu\u00edr que habelos [...]","og_url":"https:\/\/www.anovapeneira.gal\/index.php\/2025\/05\/14\/descubrindo-que-temos-diferentes-tipos-de-medio-ambiente\/","article_publisher":"https:\/\/www.facebook.com\/anovapeneira","article_published_time":"2025-05-14T10:00:54+00:00","og_image":[{"width":720,"height":432,"url":"https:\/\/www.anovapeneira.gal\/wp-content\/uploads\/2023\/08\/victoria_psoe_mos.jpg","type":"image\/jpeg"}],"author":"Artigos Opini\u00f3n","twitter_card":"summary_large_image","twitter_creator":"@APeneira","twitter_site":"@APeneira","twitter_misc":{"Escrito por":"Artigos Opini\u00f3n","Tempo de lectura":"4 minutos"},"schema":{"@context":"https:\/\/schema.org","@graph":[{"@type":"Article","@id":"https:\/\/www.anovapeneira.gal\/index.php\/2025\/05\/14\/descubrindo-que-temos-diferentes-tipos-de-medio-ambiente\/#article","isPartOf":{"@id":"https:\/\/www.anovapeneira.gal\/index.php\/2025\/05\/14\/descubrindo-que-temos-diferentes-tipos-de-medio-ambiente\/"},"author":{"name":"Artigos Opini\u00f3n","@id":"https:\/\/www.anovapeneira.gal\/#\/schema\/person\/f18a4feb302e8f20bcef4490b5b60bb3"},"headline":"Descubrindo que temos diferentes tipos de medio ambiente","datePublished":"2025-05-14T10:00:54+00:00","mainEntityOfPage":{"@id":"https:\/\/www.anovapeneira.gal\/index.php\/2025\/05\/14\/descubrindo-que-temos-diferentes-tipos-de-medio-ambiente\/"},"wordCount":697,"commentCount":0,"publisher":{"@id":"https:\/\/www.anovapeneira.gal\/#organization"},"image":{"@id":"https:\/\/www.anovapeneira.gal\/index.php\/2025\/05\/14\/descubrindo-que-temos-diferentes-tipos-de-medio-ambiente\/#primaryimage"},"thumbnailUrl":"https:\/\/www.anovapeneira.gal\/wp-content\/uploads\/2023\/08\/victoria_psoe_mos.jpg","articleSection":["Artigos de opini\u00f3n"],"inLanguage":"gl-ES","potentialAction":[{"@type":"CommentAction","name":"Comment","target":["https:\/\/www.anovapeneira.gal\/index.php\/2025\/05\/14\/descubrindo-que-temos-diferentes-tipos-de-medio-ambiente\/#respond"]}]},{"@type":"WebPage","@id":"https:\/\/www.anovapeneira.gal\/index.php\/2025\/05\/14\/descubrindo-que-temos-diferentes-tipos-de-medio-ambiente\/","url":"https:\/\/www.anovapeneira.gal\/index.php\/2025\/05\/14\/descubrindo-que-temos-diferentes-tipos-de-medio-ambiente\/","name":"Descubrindo que temos diferentes tipos de medio ambiente -","isPartOf":{"@id":"https:\/\/www.anovapeneira.gal\/#website"},"primaryImageOfPage":{"@id":"https:\/\/www.anovapeneira.gal\/index.php\/2025\/05\/14\/descubrindo-que-temos-diferentes-tipos-de-medio-ambiente\/#primaryimage"},"image":{"@id":"https:\/\/www.anovapeneira.gal\/index.php\/2025\/05\/14\/descubrindo-que-temos-diferentes-tipos-de-medio-ambiente\/#primaryimage"},"thumbnailUrl":"https:\/\/www.anovapeneira.gal\/wp-content\/uploads\/2023\/08\/victoria_psoe_mos.jpg","datePublished":"2025-05-14T10:00:54+00:00","breadcrumb":{"@id":"https:\/\/www.anovapeneira.gal\/index.php\/2025\/05\/14\/descubrindo-que-temos-diferentes-tipos-de-medio-ambiente\/#breadcrumb"},"inLanguage":"gl-ES","potentialAction":[{"@type":"ReadAction","target":["https:\/\/www.anovapeneira.gal\/index.php\/2025\/05\/14\/descubrindo-que-temos-diferentes-tipos-de-medio-ambiente\/"]}]},{"@type":"ImageObject","inLanguage":"gl-ES","@id":"https:\/\/www.anovapeneira.gal\/index.php\/2025\/05\/14\/descubrindo-que-temos-diferentes-tipos-de-medio-ambiente\/#primaryimage","url":"https:\/\/www.anovapeneira.gal\/wp-content\/uploads\/2023\/08\/victoria_psoe_mos.jpg","contentUrl":"https:\/\/www.anovapeneira.gal\/wp-content\/uploads\/2023\/08\/victoria_psoe_mos.jpg","width":720,"height":432,"caption":"Victoria Alonso voceira do PSOE de Mos"},{"@type":"BreadcrumbList","@id":"https:\/\/www.anovapeneira.gal\/index.php\/2025\/05\/14\/descubrindo-que-temos-diferentes-tipos-de-medio-ambiente\/#breadcrumb","itemListElement":[{"@type":"ListItem","position":1,"name":"Portada","item":"https:\/\/www.anovapeneira.gal\/"},{"@type":"ListItem","position":2,"name":"Descubrindo que temos diferentes tipos de medio ambiente"}]},{"@type":"WebSite","@id":"https:\/\/www.anovapeneira.gal\/#website","url":"https:\/\/www.anovapeneira.gal\/","name":"","description":"Xornal galego de informaci\u00f3n xeral Publicaci\u00f3n mensual de novas de Galicia e en especial dos Concellos da sur da provincia de Pontevedra.","publisher":{"@id":"https:\/\/www.anovapeneira.gal\/#organization"},"potentialAction":[{"@type":"SearchAction","target":{"@type":"EntryPoint","urlTemplate":"https:\/\/www.anovapeneira.gal\/?s={search_term_string}"},"query-input":{"@type":"PropertyValueSpecification","valueRequired":true,"valueName":"search_term_string"}}],"inLanguage":"gl-ES"},{"@type":"Organization","@id":"https:\/\/www.anovapeneira.gal\/#organization","name":"A Nova Peneira","url":"https:\/\/www.anovapeneira.gal\/","logo":{"@type":"ImageObject","inLanguage":"gl-ES","@id":"https:\/\/www.anovapeneira.gal\/#\/schema\/logo\/image\/","url":"http:\/\/www.anovapeneira.gal\/wp-content\/uploads\/2019\/06\/logo_a_nova_peneira_portal_web.png","contentUrl":"http:\/\/www.anovapeneira.gal\/wp-content\/uploads\/2019\/06\/logo_a_nova_peneira_portal_web.png","width":300,"height":100,"caption":"A Nova Peneira"},"image":{"@id":"https:\/\/www.anovapeneira.gal\/#\/schema\/logo\/image\/"},"sameAs":["https:\/\/www.facebook.com\/anovapeneira","https:\/\/x.com\/APeneira"]},{"@type":"Person","@id":"https:\/\/www.anovapeneira.gal\/#\/schema\/person\/f18a4feb302e8f20bcef4490b5b60bb3","name":"Artigos Opini\u00f3n","image":{"@type":"ImageObject","inLanguage":"gl-ES","@id":"https:\/\/secure.gravatar.com\/avatar\/072844300f4881150aee2da4278f7a65d16eefdf8262eb67085f1e702de2b959?s=96&d=mm&r=g","url":"https:\/\/secure.gravatar.com\/avatar\/072844300f4881150aee2da4278f7a65d16eefdf8262eb67085f1e702de2b959?s=96&d=mm&r=g","contentUrl":"https:\/\/secure.gravatar.com\/avatar\/072844300f4881150aee2da4278f7a65d16eefdf8262eb67085f1e702de2b959?s=96&d=mm&r=g","caption":"Artigos Opini\u00f3n"},"sameAs":["http:\/\/anovapeneira.gal"],"url":"https:\/\/www.anovapeneira.gal\/index.php\/author\/artigosopinion\/"}]}},"jetpack_featured_media_url":"https:\/\/www.anovapeneira.gal\/wp-content\/uploads\/2023\/08\/victoria_psoe_mos.jpg","_links":{"self":[{"href":"https:\/\/www.anovapeneira.gal\/index.php\/wp-json\/wp\/v2\/posts\/13891","targetHints":{"allow":["GET"]}}],"collection":[{"href":"https:\/\/www.anovapeneira.gal\/index.php\/wp-json\/wp\/v2\/posts"}],"about":[{"href":"https:\/\/www.anovapeneira.gal\/index.php\/wp-json\/wp\/v2\/types\/post"}],"author":[{"embeddable":true,"href":"https:\/\/www.anovapeneira.gal\/index.php\/wp-json\/wp\/v2\/users\/12"}],"replies":[{"embeddable":true,"href":"https:\/\/www.anovapeneira.gal\/index.php\/wp-json\/wp\/v2\/comments?post=13891"}],"version-history":[{"count":1,"href":"https:\/\/www.anovapeneira.gal\/index.php\/wp-json\/wp\/v2\/posts\/13891\/revisions"}],"predecessor-version":[{"id":13892,"href":"https:\/\/www.anovapeneira.gal\/index.php\/wp-json\/wp\/v2\/posts\/13891\/revisions\/13892"}],"wp:featuredmedia":[{"embeddable":true,"href":"https:\/\/www.anovapeneira.gal\/index.php\/wp-json\/wp\/v2\/media\/10266"}],"wp:attachment":[{"href":"https:\/\/www.anovapeneira.gal\/index.php\/wp-json\/wp\/v2\/media?parent=13891"}],"wp:term":[{"taxonomy":"category","embeddable":true,"href":"https:\/\/www.anovapeneira.gal\/index.php\/wp-json\/wp\/v2\/categories?post=13891"},{"taxonomy":"post_tag","embeddable":true,"href":"https:\/\/www.anovapeneira.gal\/index.php\/wp-json\/wp\/v2\/tags?post=13891"}],"curies":[{"name":"wp","href":"https:\/\/api.w.org\/{rel}","templated":true}]}}