{"id":13893,"date":"2025-05-15T10:00:54","date_gmt":"2025-05-15T08:00:54","guid":{"rendered":"https:\/\/www.anovapeneira.gal\/?p=13893"},"modified":"2025-05-15T10:30:28","modified_gmt":"2025-05-15T08:30:28","slug":"cousas-de-salvaterra-sempre-nos-fica-portugal","status":"publish","type":"post","link":"https:\/\/www.anovapeneira.gal\/index.php\/2025\/05\/15\/cousas-de-salvaterra-sempre-nos-fica-portugal\/","title":{"rendered":"Cousas de Salvaterra. Sempre nos fica Portugal"},"content":{"rendered":"\n<figure class=\"wp-block-image size-large is-resized\"><img loading=\"lazy\" decoding=\"async\" width=\"1024\" height=\"1024\" src=\"https:\/\/www.anovapeneira.gal\/wp-content\/uploads\/2025\/02\/xaque_p-1024x1024.jpg\" alt=\"Xaque\" class=\"wp-image-13386\" style=\"width:112px;height:auto\" srcset=\"https:\/\/www.anovapeneira.gal\/wp-content\/uploads\/2025\/02\/xaque_p-1024x1024.jpg 1024w, https:\/\/www.anovapeneira.gal\/wp-content\/uploads\/2025\/02\/xaque_p-300x300.jpg 300w, https:\/\/www.anovapeneira.gal\/wp-content\/uploads\/2025\/02\/xaque_p-150x150.jpg 150w, https:\/\/www.anovapeneira.gal\/wp-content\/uploads\/2025\/02\/xaque_p-768x768.jpg 768w, https:\/\/www.anovapeneira.gal\/wp-content\/uploads\/2025\/02\/xaque_p.jpg 1080w\" sizes=\"auto, (max-width: 1024px) 100vw, 1024px\" \/><figcaption class=\"wp-element-caption\">Ant\u00f3n Lourenzo, veci\u00f1o da Vila<\/figcaption><\/figure>\n\n\n\n<p>Corr\u00eda o ano 1983, era inverno, sempre era inverno ag\u00e1s os meses de xullo e agosto, naquel val sempre hab\u00eda dous meses de bo tempo e o resto invern\u00eda. Dentro desa invern\u00eda hab\u00eda m\u00e1is ou menos crueza, as veces a dureza do tempo era moi notable, lembro especialmente ese inverno que mesmo parece surrealista.<\/p>\n\n\n\n<p>Fun traballar \u00f3 cami\u00f1o de ferro o 03 de maio de 1982 como especialista de estaci\u00f3ns, o que antigamente chamaban garda-agullas. A praza que me tocara era na estaci\u00f3n de Lubi\u00e1n, Zamora, entre os portos do Padornelo e da Canda. O primeiro que me atopei nesa altura do ano foi uns cadornos de xeo, resto das \u00faltimas neves, pendurados das xestas, dos codesos e das ribanceiras.<\/p>\n\n\n\n<p>Outra cousa que moito me chamou a atenci\u00f3n foi que as xentes daquel lugar falaban galego, un galego peculiar da zona. Ignoraba eu ent\u00f3n a existencia das comarcas estremeiras coa Galiza onde se fala galego, Seabra ou Sanabria, en Zamora, O Bierzo e A Cabreira, en Ponferrada, Le\u00f3n.<\/p>\n\n\n\n<p>A primeira noite, un novo compa\u00f1eiro asturiano m\u00e1is eu, tivemos que pasala nunha casa particular da aldea pr\u00f3xima, Hedroso, xa que non hab\u00eda aloxamento preto. Curiosa foi a reacci\u00f3n do asturiano cando o principio da noite alarmouse por uns ru\u00eddos, tranquiliceino reparando que baixo a noso cuarto estaba a corte do gando, o ru\u00eddo vi\u00f1a dos animais.<\/p>\n\n\n\n<p>Dende o punto de vista laboral nunca poderei esquecer aqueles duros d\u00edas de inverno nos que se foi o subministro el\u00e9ctrico durante unha semana. Non foi unha ca\u00edda xeral da tensi\u00f3n que afectara aquela zona, \u00e1 comarca ou \u00e1 provincia, non, tan s\u00f3 fora na estaci\u00f3n de Lubi\u00e1n. Quen ti\u00f1a que repola estaba en Ourense e t\u00edvonos sete d\u00edas abandonados.<\/p>\n\n\n\n<p>A falta de enerx\u00eda afectaba exclusivamente a estaci\u00f3n, xa que logo, afectaba \u00f3 desenrolo do traballo e tam\u00e9n a nosa vida privada xa que viviamos, na casa da estaci\u00f3n o xefe, os demais empregados en casas m\u00e1is retiradas, case todas en mal estado de conservaci\u00f3n.<\/p>\n\n\n\n<p>Lembro o xefe, sentado diante da s\u00faa mesa de traballo, tapado ata as orellas polo fr\u00edo \u00e1 luz dun candil de petr\u00f3leo, buf\u00e1ndolle o libro do bloqueo telef\u00f3nico<sup>1<\/sup>, para poder escribir nel. A caldeira da calefacci\u00f3n non funcionaba correctamente, os fortes ventos revocaban o fume e sa\u00eda o po da cinza que inundaba todo. Polas portas e xanelas entraba auga e vento, polas fendas. Iso si, dispu\u00f1amos de carb\u00f3n gratu\u00edto todo o ano, este en principio era fornecido para uso da estaci\u00f3n, pero con tolerancia, tam\u00e9n podiamos dispor del nas casas dos empregados. As\u00ed era que a coci\u00f1a de ferro estaba acesa d\u00eda e noite, esta dispu\u00f1a dun caldeiri\u00f1o que nos fornec\u00eda auga quente sanitaria.<\/p>\n\n\n\n<p>Os cruces de trens requir\u00edan mover as agullas das distintas v\u00edas, pod\u00edanse facer dende un cadro de control local, si funcionaba, sen\u00f3n hab\u00eda que desprazarse ata o lugar por riba da neve e facer o movemento con unha manivela. E as\u00ed d\u00eda e noite a quendas durante todos eses d\u00edas.<\/p>\n\n\n\n<p>As horas mortas do servizo entre trens, que as hab\u00eda, dab\u00e1moslle os naipes. Xunt\u00e1base connosco o empregado de correos que vi\u00f1a t\u00f3dolos d\u00edas, a ma\u00f1\u00e1 e a tarde, atender o seu servizo pendente do tren correo de Medina do Campo a Ourense e V\/V, a media ma\u00f1\u00e1 e a tarde. Ti\u00f1amos poucos viaxeiros.<\/p>\n\n\n\n<p>Os demais trens eran o da primeira hora que circulaba entre Pobra de Seabra e Ourense, voltaba a noiti\u00f1a. Pola tarde pasaba o Talgo a Madr\u00edd, e V\/V, pola noite circulaban os expresos Vigo-Madrid e V\/V, Coru\u00f1a \u2013 Madrid e V\/V. Na \u00e9poca de Nadal circulaba o tren especial R\u00edo Mi\u00f1o, Vigo-Madrid e V\/V.<\/p>\n\n\n\n<p>No plano privado, a vida era dif\u00edcil no sentido de que para fornecerse de calquera cousa hab\u00eda que desprazarse dous quil\u00f3metros ata Lubi\u00e1n, para cousas menores, pero se queriamos carnes ou outras cousas, hab\u00eda que desprazarse uns 25 km ou ben A Gudi\u00f1a, ou ben a Pobra de Seabra. Dispu\u00f1a dun carro que nos facilitaba a vida, o resto depend\u00eda de min en grande medida, tomaba nota dos pedidos dos compa\u00f1eiros e fac\u00eda as encomendas. Aproveitaba cando levaba o neno, que ti\u00f1a uns cinco anos, a escola. Na escola tivo por primeiro mestre a Xos\u00e9 Manuel Pazos Varela, quen cos anos acabou sendo alcalde de Cangas do Morrazo, o que por certo, era gran amigo do Director deste xornal, morreu pronto contaba 63 anos de idade. Lembro tam\u00e9n cando polas tardes, este Xos\u00e9 dirix\u00eda un pequeno grupo de teatro que nos fac\u00eda felices, todo en galego.<\/p>\n\n\n\n<p>O peor era cando remataba a quenda de d\u00eda, sobre as seis e media da tarde. Fac\u00edase pronto de noite, reuni\u00e1monos na mi\u00f1a casa, o xefe Avelino, a mi\u00f1a muller Isabel, o neno Diego, mais eu, e non ti\u00f1amos outra maneira de pasar as horas que xogando, a luz dunha candea, a o xogo do parch\u00eds e da oca, pois hab\u00eda que entreter tam\u00e9n o pequeno ata a hora de cear, o que tam\u00e9n faciamos xuntos. Non ti\u00f1amos televisi\u00f3n, nin radio, nin farrapos de gaita, pero eramos x\u00f3venes e todo o aturamos.<\/p>\n\n\n\n<p>Conto todas estas lembranzas agarimosas, (moitas m\u00e1is fican no tinteiro), porque o pasado luns d\u00eda 28 de abril ficamos sen luz na casa. O ver que non se repu\u00f1a, pregunteille a unha veci\u00f1a, quen me dixo que estaban escoitando pola radio que o apag\u00f3n era xeralizado en toda a Pen\u00ednsula e ata parte da Franza. Voltei a casa preocupado e acend\u00edn un pequeno transistor que por acaso a\u00ednda ti\u00f1a pillas, as\u00ed corroborei a informaci\u00f3n. O pouco chegou o meu fillo Xabier, coa muller Maite e co beb\u00e9 Iago, de seis meses, xa que moraban en Ourense e na s\u00faa casa t\u00f3dolos aparellos eran exclusivamente el\u00e9tricos, non pod\u00edan sequera ba\u00f1ar o pequerrecho.<\/p>\n\n\n\n<p>De momento partex\u00e1monos o fornecemento de produtos b\u00e1sicos para subsistir varios d\u00edas, xa que as noticias que chegaban a trav\u00e9s do transistor non eran tranquilizadoras e a cousa pod\u00eda durar pouco, ou durar varios d\u00edas.<\/p>\n\n\n\n<p>Desprazados os comercios de Salvaterra, estaban pechados, de seguido cruzamos o Mi\u00f1o e acab\u00e1ronse os problemas de fornecemento, os chinos fart\u00e1ronse de vender candeas e cobrando con tarxeta, o Continente a pleno rendemento, podendo adquirir o que nos interesaba, e pago con tarxeta tam\u00e9n.<\/p>\n\n\n\n<p>E nunca mellor dito, sempre nos fica Portugal, \u00a1OBRIGADO PORTUGAL!<\/p>\n\n\n\n<p><br>1.- Antigo sistema de seguridade na circulaci\u00f3n dos trens, utilizado cando o moderno Control de Tr\u00e1fico Centralizado, C.T.C., non funciona.<\/p>\n\n\n\n<figure class=\"wp-block-image size-full\"><img loading=\"lazy\" decoding=\"async\" width=\"543\" height=\"649\" src=\"https:\/\/www.anovapeneira.gal\/wp-content\/uploads\/2025\/05\/imagen.png\" alt=\"\" class=\"wp-image-13895\" srcset=\"https:\/\/www.anovapeneira.gal\/wp-content\/uploads\/2025\/05\/imagen.png 543w, https:\/\/www.anovapeneira.gal\/wp-content\/uploads\/2025\/05\/imagen-251x300.png 251w\" sizes=\"auto, (max-width: 543px) 100vw, 543px\" \/><figcaption class=\"wp-element-caption\"><br>Na estaci\u00f3n de Lubi\u00e1n, 1983.<\/figcaption><\/figure>\n","protected":false},"excerpt":{"rendered":"<div class=\"mh-excerpt\"><p>Corr\u00eda o ano 1983, era inverno, sempre era inverno ag\u00e1s os meses de xullo e agosto, naquel val sempre hab\u00eda dous meses de bo tempo e o resto invern\u00eda. Dentro desa invern\u00eda hab\u00eda m\u00e1is ou menos crueza, as veces a dureza do tempo era moi notable, lembro especialmente ese inverno que mesmo parece surrealista <a class=\"mh-excerpt-more\" href=\"https:\/\/www.anovapeneira.gal\/index.php\/2025\/05\/15\/cousas-de-salvaterra-sempre-nos-fica-portugal\/\" title=\"Cousas de Salvaterra. Sempre nos fica Portugal\">[&#8230;]<\/a><\/p>\n<\/div>","protected":false},"author":1,"featured_media":13894,"comment_status":"open","ping_status":"open","sticky":false,"template":"","format":"standard","meta":{"_exactmetrics_skip_tracking":false,"_exactmetrics_sitenote_active":false,"_exactmetrics_sitenote_note":"","_exactmetrics_sitenote_category":0,"footnotes":""},"categories":[1],"tags":[],"class_list":{"0":"post-13893","1":"post","2":"type-post","3":"status-publish","4":"format-standard","5":"has-post-thumbnail","7":"category-sin-categoria"},"yoast_head":"<!-- This site is optimized with the Yoast SEO plugin v27.4 - https:\/\/yoast.com\/product\/yoast-seo-wordpress\/ -->\n<title>Cousas de Salvaterra. Sempre nos fica Portugal -<\/title>\n<meta name=\"robots\" content=\"index, follow, max-snippet:-1, max-image-preview:large, max-video-preview:-1\" \/>\n<link rel=\"canonical\" href=\"https:\/\/www.anovapeneira.gal\/index.php\/2025\/05\/15\/cousas-de-salvaterra-sempre-nos-fica-portugal\/\" \/>\n<meta property=\"og:locale\" content=\"gl_ES\" \/>\n<meta property=\"og:type\" content=\"article\" \/>\n<meta property=\"og:title\" content=\"Cousas de Salvaterra. Sempre nos fica Portugal -\" \/>\n<meta property=\"og:description\" content=\"Corr\u00eda o ano 1983, era inverno, sempre era inverno ag\u00e1s os meses de xullo e agosto, naquel val sempre hab\u00eda dous meses de bo tempo e o resto invern\u00eda. Dentro desa invern\u00eda hab\u00eda m\u00e1is ou menos crueza, as veces a dureza do tempo era moi notable, lembro especialmente ese inverno que mesmo parece surrealista [...]\" \/>\n<meta property=\"og:url\" content=\"https:\/\/www.anovapeneira.gal\/index.php\/2025\/05\/15\/cousas-de-salvaterra-sempre-nos-fica-portugal\/\" \/>\n<meta property=\"article:publisher\" content=\"https:\/\/www.facebook.com\/anovapeneira\" \/>\n<meta property=\"article:author\" content=\"https:\/\/www.facebook.com\/anovapeneira\/\" \/>\n<meta property=\"article:published_time\" content=\"2025-05-15T08:00:54+00:00\" \/>\n<meta property=\"article:modified_time\" content=\"2025-05-15T08:30:28+00:00\" \/>\n<meta property=\"og:image\" content=\"https:\/\/www.anovapeneira.gal\/wp-content\/uploads\/2025\/05\/estacion_lubian.jpg\" \/>\n\t<meta property=\"og:image:width\" content=\"720\" \/>\n\t<meta property=\"og:image:height\" content=\"432\" \/>\n\t<meta property=\"og:image:type\" content=\"image\/jpeg\" \/>\n<meta name=\"author\" content=\"admin\" \/>\n<meta name=\"twitter:card\" content=\"summary_large_image\" \/>\n<meta name=\"twitter:creator\" content=\"@APeneira\" \/>\n<meta name=\"twitter:site\" content=\"@APeneira\" \/>\n<meta name=\"twitter:label1\" content=\"Escrito por\" \/>\n\t<meta name=\"twitter:data1\" content=\"admin\" \/>\n\t<meta name=\"twitter:label2\" content=\"Tempo de lectura\" \/>\n\t<meta name=\"twitter:data2\" content=\"7 minutos\" \/>\n<script type=\"application\/ld+json\" class=\"yoast-schema-graph\">{\"@context\":\"https:\\\/\\\/schema.org\",\"@graph\":[{\"@type\":\"Article\",\"@id\":\"https:\\\/\\\/www.anovapeneira.gal\\\/index.php\\\/2025\\\/05\\\/15\\\/cousas-de-salvaterra-sempre-nos-fica-portugal\\\/#article\",\"isPartOf\":{\"@id\":\"https:\\\/\\\/www.anovapeneira.gal\\\/index.php\\\/2025\\\/05\\\/15\\\/cousas-de-salvaterra-sempre-nos-fica-portugal\\\/\"},\"author\":{\"name\":\"admin\",\"@id\":\"https:\\\/\\\/www.anovapeneira.gal\\\/#\\\/schema\\\/person\\\/fb77575328c93684dae4b0075f90c2cb\"},\"headline\":\"Cousas de Salvaterra. Sempre nos fica Portugal\",\"datePublished\":\"2025-05-15T08:00:54+00:00\",\"dateModified\":\"2025-05-15T08:30:28+00:00\",\"mainEntityOfPage\":{\"@id\":\"https:\\\/\\\/www.anovapeneira.gal\\\/index.php\\\/2025\\\/05\\\/15\\\/cousas-de-salvaterra-sempre-nos-fica-portugal\\\/\"},\"wordCount\":1202,\"commentCount\":0,\"publisher\":{\"@id\":\"https:\\\/\\\/www.anovapeneira.gal\\\/#organization\"},\"image\":{\"@id\":\"https:\\\/\\\/www.anovapeneira.gal\\\/index.php\\\/2025\\\/05\\\/15\\\/cousas-de-salvaterra-sempre-nos-fica-portugal\\\/#primaryimage\"},\"thumbnailUrl\":\"https:\\\/\\\/www.anovapeneira.gal\\\/wp-content\\\/uploads\\\/2025\\\/05\\\/estacion_lubian.jpg\",\"articleSection\":[\"Sin categor\u00eda\"],\"inLanguage\":\"gl-ES\",\"potentialAction\":[{\"@type\":\"CommentAction\",\"name\":\"Comment\",\"target\":[\"https:\\\/\\\/www.anovapeneira.gal\\\/index.php\\\/2025\\\/05\\\/15\\\/cousas-de-salvaterra-sempre-nos-fica-portugal\\\/#respond\"]}]},{\"@type\":\"WebPage\",\"@id\":\"https:\\\/\\\/www.anovapeneira.gal\\\/index.php\\\/2025\\\/05\\\/15\\\/cousas-de-salvaterra-sempre-nos-fica-portugal\\\/\",\"url\":\"https:\\\/\\\/www.anovapeneira.gal\\\/index.php\\\/2025\\\/05\\\/15\\\/cousas-de-salvaterra-sempre-nos-fica-portugal\\\/\",\"name\":\"Cousas de Salvaterra. Sempre nos fica Portugal -\",\"isPartOf\":{\"@id\":\"https:\\\/\\\/www.anovapeneira.gal\\\/#website\"},\"primaryImageOfPage\":{\"@id\":\"https:\\\/\\\/www.anovapeneira.gal\\\/index.php\\\/2025\\\/05\\\/15\\\/cousas-de-salvaterra-sempre-nos-fica-portugal\\\/#primaryimage\"},\"image\":{\"@id\":\"https:\\\/\\\/www.anovapeneira.gal\\\/index.php\\\/2025\\\/05\\\/15\\\/cousas-de-salvaterra-sempre-nos-fica-portugal\\\/#primaryimage\"},\"thumbnailUrl\":\"https:\\\/\\\/www.anovapeneira.gal\\\/wp-content\\\/uploads\\\/2025\\\/05\\\/estacion_lubian.jpg\",\"datePublished\":\"2025-05-15T08:00:54+00:00\",\"dateModified\":\"2025-05-15T08:30:28+00:00\",\"breadcrumb\":{\"@id\":\"https:\\\/\\\/www.anovapeneira.gal\\\/index.php\\\/2025\\\/05\\\/15\\\/cousas-de-salvaterra-sempre-nos-fica-portugal\\\/#breadcrumb\"},\"inLanguage\":\"gl-ES\",\"potentialAction\":[{\"@type\":\"ReadAction\",\"target\":[\"https:\\\/\\\/www.anovapeneira.gal\\\/index.php\\\/2025\\\/05\\\/15\\\/cousas-de-salvaterra-sempre-nos-fica-portugal\\\/\"]}]},{\"@type\":\"ImageObject\",\"inLanguage\":\"gl-ES\",\"@id\":\"https:\\\/\\\/www.anovapeneira.gal\\\/index.php\\\/2025\\\/05\\\/15\\\/cousas-de-salvaterra-sempre-nos-fica-portugal\\\/#primaryimage\",\"url\":\"https:\\\/\\\/www.anovapeneira.gal\\\/wp-content\\\/uploads\\\/2025\\\/05\\\/estacion_lubian.jpg\",\"contentUrl\":\"https:\\\/\\\/www.anovapeneira.gal\\\/wp-content\\\/uploads\\\/2025\\\/05\\\/estacion_lubian.jpg\",\"width\":720,\"height\":432,\"caption\":\"Estaci\u00f3n de Lubi\u00e1n\"},{\"@type\":\"BreadcrumbList\",\"@id\":\"https:\\\/\\\/www.anovapeneira.gal\\\/index.php\\\/2025\\\/05\\\/15\\\/cousas-de-salvaterra-sempre-nos-fica-portugal\\\/#breadcrumb\",\"itemListElement\":[{\"@type\":\"ListItem\",\"position\":1,\"name\":\"Portada\",\"item\":\"https:\\\/\\\/www.anovapeneira.gal\\\/\"},{\"@type\":\"ListItem\",\"position\":2,\"name\":\"Cousas de Salvaterra. Sempre nos fica Portugal\"}]},{\"@type\":\"WebSite\",\"@id\":\"https:\\\/\\\/www.anovapeneira.gal\\\/#website\",\"url\":\"https:\\\/\\\/www.anovapeneira.gal\\\/\",\"name\":\"\",\"description\":\"Xornal galego de informaci\u00f3n xeral Publicaci\u00f3n mensual de novas de Galicia e en especial dos Concellos da sur da provincia de Pontevedra.\",\"publisher\":{\"@id\":\"https:\\\/\\\/www.anovapeneira.gal\\\/#organization\"},\"potentialAction\":[{\"@type\":\"SearchAction\",\"target\":{\"@type\":\"EntryPoint\",\"urlTemplate\":\"https:\\\/\\\/www.anovapeneira.gal\\\/?s={search_term_string}\"},\"query-input\":{\"@type\":\"PropertyValueSpecification\",\"valueRequired\":true,\"valueName\":\"search_term_string\"}}],\"inLanguage\":\"gl-ES\"},{\"@type\":\"Organization\",\"@id\":\"https:\\\/\\\/www.anovapeneira.gal\\\/#organization\",\"name\":\"A Nova Peneira\",\"url\":\"https:\\\/\\\/www.anovapeneira.gal\\\/\",\"logo\":{\"@type\":\"ImageObject\",\"inLanguage\":\"gl-ES\",\"@id\":\"https:\\\/\\\/www.anovapeneira.gal\\\/#\\\/schema\\\/logo\\\/image\\\/\",\"url\":\"http:\\\/\\\/www.anovapeneira.gal\\\/wp-content\\\/uploads\\\/2019\\\/06\\\/logo_a_nova_peneira_portal_web.png\",\"contentUrl\":\"http:\\\/\\\/www.anovapeneira.gal\\\/wp-content\\\/uploads\\\/2019\\\/06\\\/logo_a_nova_peneira_portal_web.png\",\"width\":300,\"height\":100,\"caption\":\"A Nova Peneira\"},\"image\":{\"@id\":\"https:\\\/\\\/www.anovapeneira.gal\\\/#\\\/schema\\\/logo\\\/image\\\/\"},\"sameAs\":[\"https:\\\/\\\/www.facebook.com\\\/anovapeneira\",\"https:\\\/\\\/x.com\\\/APeneira\"]},{\"@type\":\"Person\",\"@id\":\"https:\\\/\\\/www.anovapeneira.gal\\\/#\\\/schema\\\/person\\\/fb77575328c93684dae4b0075f90c2cb\",\"name\":\"admin\",\"image\":{\"@type\":\"ImageObject\",\"inLanguage\":\"gl-ES\",\"@id\":\"https:\\\/\\\/secure.gravatar.com\\\/avatar\\\/df15c36ce375448325e0bc870e91bbee95947a002eb98dcfd6c2b053e18843e9?s=96&d=mm&r=g\",\"url\":\"https:\\\/\\\/secure.gravatar.com\\\/avatar\\\/df15c36ce375448325e0bc870e91bbee95947a002eb98dcfd6c2b053e18843e9?s=96&d=mm&r=g\",\"contentUrl\":\"https:\\\/\\\/secure.gravatar.com\\\/avatar\\\/df15c36ce375448325e0bc870e91bbee95947a002eb98dcfd6c2b053e18843e9?s=96&d=mm&r=g\",\"caption\":\"admin\"},\"description\":\"Xornal galego de informaci\u00f3n xeral Publicaci\u00f3n mensual de novas de Galicia e en especial dos Concellos da sur da provincia de Pontevedra.\",\"sameAs\":[\"http:\\\/\\\/www.anovapeneira.gal\\\/\",\"https:\\\/\\\/www.facebook.com\\\/anovapeneira\\\/\"],\"url\":\"https:\\\/\\\/www.anovapeneira.gal\\\/index.php\\\/author\\\/admin\\\/\"}]}<\/script>\n<!-- \/ Yoast SEO plugin. -->","yoast_head_json":{"title":"Cousas de Salvaterra. Sempre nos fica Portugal -","robots":{"index":"index","follow":"follow","max-snippet":"max-snippet:-1","max-image-preview":"max-image-preview:large","max-video-preview":"max-video-preview:-1"},"canonical":"https:\/\/www.anovapeneira.gal\/index.php\/2025\/05\/15\/cousas-de-salvaterra-sempre-nos-fica-portugal\/","og_locale":"gl_ES","og_type":"article","og_title":"Cousas de Salvaterra. Sempre nos fica Portugal -","og_description":"Corr\u00eda o ano 1983, era inverno, sempre era inverno ag\u00e1s os meses de xullo e agosto, naquel val sempre hab\u00eda dous meses de bo tempo e o resto invern\u00eda. Dentro desa invern\u00eda hab\u00eda m\u00e1is ou menos crueza, as veces a dureza do tempo era moi notable, lembro especialmente ese inverno que mesmo parece surrealista [...]","og_url":"https:\/\/www.anovapeneira.gal\/index.php\/2025\/05\/15\/cousas-de-salvaterra-sempre-nos-fica-portugal\/","article_publisher":"https:\/\/www.facebook.com\/anovapeneira","article_author":"https:\/\/www.facebook.com\/anovapeneira\/","article_published_time":"2025-05-15T08:00:54+00:00","article_modified_time":"2025-05-15T08:30:28+00:00","og_image":[{"width":720,"height":432,"url":"https:\/\/www.anovapeneira.gal\/wp-content\/uploads\/2025\/05\/estacion_lubian.jpg","type":"image\/jpeg"}],"author":"admin","twitter_card":"summary_large_image","twitter_creator":"@APeneira","twitter_site":"@APeneira","twitter_misc":{"Escrito por":"admin","Tempo de lectura":"7 minutos"},"schema":{"@context":"https:\/\/schema.org","@graph":[{"@type":"Article","@id":"https:\/\/www.anovapeneira.gal\/index.php\/2025\/05\/15\/cousas-de-salvaterra-sempre-nos-fica-portugal\/#article","isPartOf":{"@id":"https:\/\/www.anovapeneira.gal\/index.php\/2025\/05\/15\/cousas-de-salvaterra-sempre-nos-fica-portugal\/"},"author":{"name":"admin","@id":"https:\/\/www.anovapeneira.gal\/#\/schema\/person\/fb77575328c93684dae4b0075f90c2cb"},"headline":"Cousas de Salvaterra. Sempre nos fica Portugal","datePublished":"2025-05-15T08:00:54+00:00","dateModified":"2025-05-15T08:30:28+00:00","mainEntityOfPage":{"@id":"https:\/\/www.anovapeneira.gal\/index.php\/2025\/05\/15\/cousas-de-salvaterra-sempre-nos-fica-portugal\/"},"wordCount":1202,"commentCount":0,"publisher":{"@id":"https:\/\/www.anovapeneira.gal\/#organization"},"image":{"@id":"https:\/\/www.anovapeneira.gal\/index.php\/2025\/05\/15\/cousas-de-salvaterra-sempre-nos-fica-portugal\/#primaryimage"},"thumbnailUrl":"https:\/\/www.anovapeneira.gal\/wp-content\/uploads\/2025\/05\/estacion_lubian.jpg","articleSection":["Sin categor\u00eda"],"inLanguage":"gl-ES","potentialAction":[{"@type":"CommentAction","name":"Comment","target":["https:\/\/www.anovapeneira.gal\/index.php\/2025\/05\/15\/cousas-de-salvaterra-sempre-nos-fica-portugal\/#respond"]}]},{"@type":"WebPage","@id":"https:\/\/www.anovapeneira.gal\/index.php\/2025\/05\/15\/cousas-de-salvaterra-sempre-nos-fica-portugal\/","url":"https:\/\/www.anovapeneira.gal\/index.php\/2025\/05\/15\/cousas-de-salvaterra-sempre-nos-fica-portugal\/","name":"Cousas de Salvaterra. Sempre nos fica Portugal -","isPartOf":{"@id":"https:\/\/www.anovapeneira.gal\/#website"},"primaryImageOfPage":{"@id":"https:\/\/www.anovapeneira.gal\/index.php\/2025\/05\/15\/cousas-de-salvaterra-sempre-nos-fica-portugal\/#primaryimage"},"image":{"@id":"https:\/\/www.anovapeneira.gal\/index.php\/2025\/05\/15\/cousas-de-salvaterra-sempre-nos-fica-portugal\/#primaryimage"},"thumbnailUrl":"https:\/\/www.anovapeneira.gal\/wp-content\/uploads\/2025\/05\/estacion_lubian.jpg","datePublished":"2025-05-15T08:00:54+00:00","dateModified":"2025-05-15T08:30:28+00:00","breadcrumb":{"@id":"https:\/\/www.anovapeneira.gal\/index.php\/2025\/05\/15\/cousas-de-salvaterra-sempre-nos-fica-portugal\/#breadcrumb"},"inLanguage":"gl-ES","potentialAction":[{"@type":"ReadAction","target":["https:\/\/www.anovapeneira.gal\/index.php\/2025\/05\/15\/cousas-de-salvaterra-sempre-nos-fica-portugal\/"]}]},{"@type":"ImageObject","inLanguage":"gl-ES","@id":"https:\/\/www.anovapeneira.gal\/index.php\/2025\/05\/15\/cousas-de-salvaterra-sempre-nos-fica-portugal\/#primaryimage","url":"https:\/\/www.anovapeneira.gal\/wp-content\/uploads\/2025\/05\/estacion_lubian.jpg","contentUrl":"https:\/\/www.anovapeneira.gal\/wp-content\/uploads\/2025\/05\/estacion_lubian.jpg","width":720,"height":432,"caption":"Estaci\u00f3n de Lubi\u00e1n"},{"@type":"BreadcrumbList","@id":"https:\/\/www.anovapeneira.gal\/index.php\/2025\/05\/15\/cousas-de-salvaterra-sempre-nos-fica-portugal\/#breadcrumb","itemListElement":[{"@type":"ListItem","position":1,"name":"Portada","item":"https:\/\/www.anovapeneira.gal\/"},{"@type":"ListItem","position":2,"name":"Cousas de Salvaterra. Sempre nos fica Portugal"}]},{"@type":"WebSite","@id":"https:\/\/www.anovapeneira.gal\/#website","url":"https:\/\/www.anovapeneira.gal\/","name":"","description":"Xornal galego de informaci\u00f3n xeral Publicaci\u00f3n mensual de novas de Galicia e en especial dos Concellos da sur da provincia de Pontevedra.","publisher":{"@id":"https:\/\/www.anovapeneira.gal\/#organization"},"potentialAction":[{"@type":"SearchAction","target":{"@type":"EntryPoint","urlTemplate":"https:\/\/www.anovapeneira.gal\/?s={search_term_string}"},"query-input":{"@type":"PropertyValueSpecification","valueRequired":true,"valueName":"search_term_string"}}],"inLanguage":"gl-ES"},{"@type":"Organization","@id":"https:\/\/www.anovapeneira.gal\/#organization","name":"A Nova Peneira","url":"https:\/\/www.anovapeneira.gal\/","logo":{"@type":"ImageObject","inLanguage":"gl-ES","@id":"https:\/\/www.anovapeneira.gal\/#\/schema\/logo\/image\/","url":"http:\/\/www.anovapeneira.gal\/wp-content\/uploads\/2019\/06\/logo_a_nova_peneira_portal_web.png","contentUrl":"http:\/\/www.anovapeneira.gal\/wp-content\/uploads\/2019\/06\/logo_a_nova_peneira_portal_web.png","width":300,"height":100,"caption":"A Nova Peneira"},"image":{"@id":"https:\/\/www.anovapeneira.gal\/#\/schema\/logo\/image\/"},"sameAs":["https:\/\/www.facebook.com\/anovapeneira","https:\/\/x.com\/APeneira"]},{"@type":"Person","@id":"https:\/\/www.anovapeneira.gal\/#\/schema\/person\/fb77575328c93684dae4b0075f90c2cb","name":"admin","image":{"@type":"ImageObject","inLanguage":"gl-ES","@id":"https:\/\/secure.gravatar.com\/avatar\/df15c36ce375448325e0bc870e91bbee95947a002eb98dcfd6c2b053e18843e9?s=96&d=mm&r=g","url":"https:\/\/secure.gravatar.com\/avatar\/df15c36ce375448325e0bc870e91bbee95947a002eb98dcfd6c2b053e18843e9?s=96&d=mm&r=g","contentUrl":"https:\/\/secure.gravatar.com\/avatar\/df15c36ce375448325e0bc870e91bbee95947a002eb98dcfd6c2b053e18843e9?s=96&d=mm&r=g","caption":"admin"},"description":"Xornal galego de informaci\u00f3n xeral Publicaci\u00f3n mensual de novas de Galicia e en especial dos Concellos da sur da provincia de Pontevedra.","sameAs":["http:\/\/www.anovapeneira.gal\/","https:\/\/www.facebook.com\/anovapeneira\/"],"url":"https:\/\/www.anovapeneira.gal\/index.php\/author\/admin\/"}]}},"jetpack_featured_media_url":"https:\/\/www.anovapeneira.gal\/wp-content\/uploads\/2025\/05\/estacion_lubian.jpg","_links":{"self":[{"href":"https:\/\/www.anovapeneira.gal\/index.php\/wp-json\/wp\/v2\/posts\/13893","targetHints":{"allow":["GET"]}}],"collection":[{"href":"https:\/\/www.anovapeneira.gal\/index.php\/wp-json\/wp\/v2\/posts"}],"about":[{"href":"https:\/\/www.anovapeneira.gal\/index.php\/wp-json\/wp\/v2\/types\/post"}],"author":[{"embeddable":true,"href":"https:\/\/www.anovapeneira.gal\/index.php\/wp-json\/wp\/v2\/users\/1"}],"replies":[{"embeddable":true,"href":"https:\/\/www.anovapeneira.gal\/index.php\/wp-json\/wp\/v2\/comments?post=13893"}],"version-history":[{"count":2,"href":"https:\/\/www.anovapeneira.gal\/index.php\/wp-json\/wp\/v2\/posts\/13893\/revisions"}],"predecessor-version":[{"id":13928,"href":"https:\/\/www.anovapeneira.gal\/index.php\/wp-json\/wp\/v2\/posts\/13893\/revisions\/13928"}],"wp:featuredmedia":[{"embeddable":true,"href":"https:\/\/www.anovapeneira.gal\/index.php\/wp-json\/wp\/v2\/media\/13894"}],"wp:attachment":[{"href":"https:\/\/www.anovapeneira.gal\/index.php\/wp-json\/wp\/v2\/media?parent=13893"}],"wp:term":[{"taxonomy":"category","embeddable":true,"href":"https:\/\/www.anovapeneira.gal\/index.php\/wp-json\/wp\/v2\/categories?post=13893"},{"taxonomy":"post_tag","embeddable":true,"href":"https:\/\/www.anovapeneira.gal\/index.php\/wp-json\/wp\/v2\/tags?post=13893"}],"curies":[{"name":"wp","href":"https:\/\/api.w.org\/{rel}","templated":true}]}}