{"id":13908,"date":"2025-05-16T12:00:29","date_gmt":"2025-05-16T10:00:29","guid":{"rendered":"https:\/\/www.anovapeneira.gal\/?p=13908"},"modified":"2025-05-14T10:17:47","modified_gmt":"2025-05-14T08:17:47","slug":"unhas-instalacions-dignas-para-o-ges","status":"publish","type":"post","link":"https:\/\/www.anovapeneira.gal\/index.php\/2025\/05\/16\/unhas-instalacions-dignas-para-o-ges\/","title":{"rendered":"Unhas instalaci\u00f3ns dignas para o GES"},"content":{"rendered":"\n<pre class=\"wp-block-verse\">Xavier Rodr\u00edguez BNG de Nigr\u00e1n<\/pre>\n\n\n\n<p>O Grupo de Emerxencias Supramunicipal (GES) \u00e9 un servizo mancomunado decisivo para a seguridade de todos os mi\u00f1oranos. Est\u00e1n cando aparece un lume, cando ocorre un accidente de tr\u00e1fico ou en calquera sinistro que supo\u00f1a un risco. E este grupo tan decisivo para as nosas vidas, ten que soportar unhas instalaci\u00f3ns que non s\u00f3 son indignas dun servizo de emerxencias, sen\u00f3n que non deber\u00edan acoller ningunha actividade laboral polo perigo para a integridade f\u00edsica dos seus traballadores.<\/p>\n\n\n\n<p>Ademais diso, o GES do Val Mi\u00f1or \u00e9 un servizo con s\u00f3 12 traballadores cos que se fan quendas de 2 efectivos cando, como m\u00ednimo e por seguridade, deber\u00edan ser de 3. Un n\u00famero escaso mesmo para mobilizar o n\u00famero de veh\u00edculos dos que dispo\u00f1en, pero sobre todo claramente insuficiente para facer fronte \u00e1s pos\u00edbeis emerxencias da poboaci\u00f3n habitual do Val Mi\u00f1or, 45.000 habitantes que se ven triplicados en \u00e9poca estival.<\/p>\n\n\n\n<p>Para poder cubrir as quendas con m\u00e1is efectivos estase a recorrer \u00e1s horas extras voluntarias, no canto de reforzar o servizo con novas contrataci\u00f3ns, tal como est\u00e1 establecido xa no convenio asinado en 2018 que contemplaba que en 2021 deber\u00edan incrementar seis efectivos at\u00e9 acadar 18 traballadores\/as. Se a esta situaci\u00f3n se lle suman baixas, permisos ou vacaci\u00f3ns, as quendas chegan a ser dunha soa persoa ou, no peor dos casos, o servizo pecha por falta de persoal, como xa ten pasado moitas veces.<\/p>\n\n\n\n<p>A esta situaci\u00f3n hai que lle engadir as derivadas da non soluci\u00f3n do caso de acoso sufrido no seo do GES agora xudicializado, sumado \u00e1 paralizaci\u00f3n do proceso de estabilizaci\u00f3n dos postos de traballo, ambos os dous asuntos dilatados varios anos no tempo pola inacci\u00f3n reiterada da Xunta de Goberno da Mancomunidade formada polos alcaldes dos tres concellos do Val.<\/p>\n\n\n\n<p>Por outra banda, a propia localizaci\u00f3n da sede, a car\u00f3n dun instituto onde en determinados momentos se concentra gran cantidade de veh\u00edculos, cun acceso estreito, sup\u00f3n un atranco engadido para toda a veci\u00f1anza do Val Mi\u00f1or, ao incrementar potencialmente os tempos de resposta ante unha emerxencia. Por esta raz\u00f3n o BNG leva demandando dende fai varios mandatos que a Mancomunidade do Val Mi\u00f1or aborde, co necesario concurso das outras administraci\u00f3ns, a construci\u00f3n dunhas instalaci\u00f3ns axeitadas para o GES pero, a pesar de aprobar as moci\u00f3ns que neste sentido se ten presentado, ningunha acci\u00f3n seria se realizou para materializala.<\/p>\n\n\n\n<p>O feito de ser un servizo mancomunado pero que ocupa parte dunha edificaci\u00f3n do Concello de Nigr\u00e1n est\u00e1 provocando que ningu\u00e9n se faga cargo do seu mantemento, co deterioro acelerado das dependencias.<\/p>\n\n\n\n<p>O goberno municipal de Nigr\u00e1n non debera eludir a responsabilidade que ten. Ante a falla de unhas instalaci\u00f3ns propias, o GES ocupa un inmoble do concello compartido con outros servizos municipais, e como titular do edificio \u00e9 tam\u00e9n respons\u00e1bel das actividades que se desenvolven nel. O persoal de emerxencias traballa entre paredes descunchadas, goteiras, elevada humidade e fungos. O falso teito veuse abaixo recentemente por segunda vez podendo ter causado un accidente grave. A instalaci\u00f3n el\u00e9ctrica est\u00e1 deteriorada e transitan por escaleiras sen pasam\u00e1ns.<\/p>\n\n\n\n<p>Non se trata de mirar para outro lado, tr\u00e1tase de que se por desgracia ocorre un accidente, o Concello de Nigr\u00e1n, como propietario das instalaci\u00f3ns, ser\u00e1 tam\u00e9n respons\u00e1bel del.<\/p>\n\n\n\n<p>Recentemente foron aprobados os orzamentos municipais e, ante a escasa cantidade consignada para inversi\u00f3ns reais, o goberno de Nigr\u00e1n gab\u00e1base do amplo remanente de tesourar\u00eda que permitir\u00eda acometelas. Pois ben, a\u00ed ten un destino para parte dese remanente. Acondicionar un inmoble da s\u00faa titularidade onde \u00e9 un perigo que se estea exercendo calquera actividade humana.<\/p>\n","protected":false},"excerpt":{"rendered":"<div class=\"mh-excerpt\"><p>Xavier Rodr\u00edguez BNG de Nigr\u00e1n O Grupo de Emerxencias Supramunicipal (GES) \u00e9 un servizo mancomunado decisivo para a seguridade de todos os mi\u00f1oranos. Est\u00e1n cando aparece un lume, cando ocorre un accidente de tr\u00e1fico ou <a class=\"mh-excerpt-more\" href=\"https:\/\/www.anovapeneira.gal\/index.php\/2025\/05\/16\/unhas-instalacions-dignas-para-o-ges\/\" title=\"Unhas instalaci\u00f3ns dignas para o GES\">[&#8230;]<\/a><\/p>\n<\/div>","protected":false},"author":16,"featured_media":13644,"comment_status":"open","ping_status":"open","sticky":false,"template":"","format":"standard","meta":{"_exactmetrics_skip_tracking":false,"_exactmetrics_sitenote_active":false,"_exactmetrics_sitenote_note":"","_exactmetrics_sitenote_category":0,"footnotes":""},"categories":[7],"tags":[135],"class_list":{"0":"post-13908","1":"post","2":"type-post","3":"status-publish","4":"format-standard","5":"has-post-thumbnail","7":"category-artigos-de-opinion","8":"tag-concello-de-nigran"},"yoast_head":"<!-- This site is optimized with the Yoast SEO plugin v27.4 - https:\/\/yoast.com\/product\/yoast-seo-wordpress\/ -->\n<title>Unhas instalaci\u00f3ns dignas para o GES -<\/title>\n<meta name=\"robots\" content=\"index, follow, max-snippet:-1, max-image-preview:large, max-video-preview:-1\" \/>\n<link rel=\"canonical\" href=\"https:\/\/www.anovapeneira.gal\/index.php\/2025\/05\/16\/unhas-instalacions-dignas-para-o-ges\/\" \/>\n<meta property=\"og:locale\" content=\"gl_ES\" \/>\n<meta property=\"og:type\" content=\"article\" \/>\n<meta property=\"og:title\" content=\"Unhas instalaci\u00f3ns dignas para o GES -\" \/>\n<meta property=\"og:description\" content=\"Xavier Rodr\u00edguez BNG de Nigr\u00e1n O Grupo de Emerxencias Supramunicipal (GES) \u00e9 un servizo mancomunado decisivo para a seguridade de todos os mi\u00f1oranos. Est\u00e1n cando aparece un lume, cando ocorre un accidente de tr\u00e1fico ou [...]\" \/>\n<meta property=\"og:url\" content=\"https:\/\/www.anovapeneira.gal\/index.php\/2025\/05\/16\/unhas-instalacions-dignas-para-o-ges\/\" \/>\n<meta property=\"article:publisher\" content=\"https:\/\/www.facebook.com\/anovapeneira\" \/>\n<meta property=\"article:published_time\" content=\"2025-05-16T10:00:29+00:00\" \/>\n<meta property=\"og:image\" content=\"https:\/\/www.anovapeneira.gal\/wp-content\/uploads\/2025\/04\/xavier-nigran.png\" \/>\n\t<meta property=\"og:image:width\" content=\"720\" \/>\n\t<meta property=\"og:image:height\" content=\"432\" \/>\n\t<meta property=\"og:image:type\" content=\"image\/png\" \/>\n<meta name=\"author\" content=\"Xavier Rodr\u00edguez\" \/>\n<meta name=\"twitter:card\" content=\"summary_large_image\" \/>\n<meta name=\"twitter:creator\" content=\"@APeneira\" \/>\n<meta name=\"twitter:site\" content=\"@APeneira\" \/>\n<meta name=\"twitter:label1\" content=\"Escrito por\" \/>\n\t<meta name=\"twitter:data1\" content=\"Xavier Rodr\u00edguez\" \/>\n\t<meta name=\"twitter:label2\" content=\"Tempo de lectura\" \/>\n\t<meta name=\"twitter:data2\" content=\"4 minutos\" \/>\n<script type=\"application\/ld+json\" class=\"yoast-schema-graph\">{\"@context\":\"https:\\\/\\\/schema.org\",\"@graph\":[{\"@type\":\"Article\",\"@id\":\"https:\\\/\\\/www.anovapeneira.gal\\\/index.php\\\/2025\\\/05\\\/16\\\/unhas-instalacions-dignas-para-o-ges\\\/#article\",\"isPartOf\":{\"@id\":\"https:\\\/\\\/www.anovapeneira.gal\\\/index.php\\\/2025\\\/05\\\/16\\\/unhas-instalacions-dignas-para-o-ges\\\/\"},\"author\":{\"name\":\"Xavier Rodr\u00edguez\",\"@id\":\"https:\\\/\\\/www.anovapeneira.gal\\\/#\\\/schema\\\/person\\\/e598b63030664c413236c3f685e56918\"},\"headline\":\"Unhas instalaci\u00f3ns dignas para o GES\",\"datePublished\":\"2025-05-16T10:00:29+00:00\",\"mainEntityOfPage\":{\"@id\":\"https:\\\/\\\/www.anovapeneira.gal\\\/index.php\\\/2025\\\/05\\\/16\\\/unhas-instalacions-dignas-para-o-ges\\\/\"},\"wordCount\":648,\"commentCount\":0,\"publisher\":{\"@id\":\"https:\\\/\\\/www.anovapeneira.gal\\\/#organization\"},\"image\":{\"@id\":\"https:\\\/\\\/www.anovapeneira.gal\\\/index.php\\\/2025\\\/05\\\/16\\\/unhas-instalacions-dignas-para-o-ges\\\/#primaryimage\"},\"thumbnailUrl\":\"https:\\\/\\\/www.anovapeneira.gal\\\/wp-content\\\/uploads\\\/2025\\\/04\\\/xavier-nigran.png\",\"keywords\":[\"Concello de Nigr\u00e1n\"],\"articleSection\":[\"Artigos de opini\u00f3n\"],\"inLanguage\":\"gl-ES\",\"potentialAction\":[{\"@type\":\"CommentAction\",\"name\":\"Comment\",\"target\":[\"https:\\\/\\\/www.anovapeneira.gal\\\/index.php\\\/2025\\\/05\\\/16\\\/unhas-instalacions-dignas-para-o-ges\\\/#respond\"]}]},{\"@type\":\"WebPage\",\"@id\":\"https:\\\/\\\/www.anovapeneira.gal\\\/index.php\\\/2025\\\/05\\\/16\\\/unhas-instalacions-dignas-para-o-ges\\\/\",\"url\":\"https:\\\/\\\/www.anovapeneira.gal\\\/index.php\\\/2025\\\/05\\\/16\\\/unhas-instalacions-dignas-para-o-ges\\\/\",\"name\":\"Unhas instalaci\u00f3ns dignas para o GES -\",\"isPartOf\":{\"@id\":\"https:\\\/\\\/www.anovapeneira.gal\\\/#website\"},\"primaryImageOfPage\":{\"@id\":\"https:\\\/\\\/www.anovapeneira.gal\\\/index.php\\\/2025\\\/05\\\/16\\\/unhas-instalacions-dignas-para-o-ges\\\/#primaryimage\"},\"image\":{\"@id\":\"https:\\\/\\\/www.anovapeneira.gal\\\/index.php\\\/2025\\\/05\\\/16\\\/unhas-instalacions-dignas-para-o-ges\\\/#primaryimage\"},\"thumbnailUrl\":\"https:\\\/\\\/www.anovapeneira.gal\\\/wp-content\\\/uploads\\\/2025\\\/04\\\/xavier-nigran.png\",\"datePublished\":\"2025-05-16T10:00:29+00:00\",\"breadcrumb\":{\"@id\":\"https:\\\/\\\/www.anovapeneira.gal\\\/index.php\\\/2025\\\/05\\\/16\\\/unhas-instalacions-dignas-para-o-ges\\\/#breadcrumb\"},\"inLanguage\":\"gl-ES\",\"potentialAction\":[{\"@type\":\"ReadAction\",\"target\":[\"https:\\\/\\\/www.anovapeneira.gal\\\/index.php\\\/2025\\\/05\\\/16\\\/unhas-instalacions-dignas-para-o-ges\\\/\"]}]},{\"@type\":\"ImageObject\",\"inLanguage\":\"gl-ES\",\"@id\":\"https:\\\/\\\/www.anovapeneira.gal\\\/index.php\\\/2025\\\/05\\\/16\\\/unhas-instalacions-dignas-para-o-ges\\\/#primaryimage\",\"url\":\"https:\\\/\\\/www.anovapeneira.gal\\\/wp-content\\\/uploads\\\/2025\\\/04\\\/xavier-nigran.png\",\"contentUrl\":\"https:\\\/\\\/www.anovapeneira.gal\\\/wp-content\\\/uploads\\\/2025\\\/04\\\/xavier-nigran.png\",\"width\":720,\"height\":432,\"caption\":\"Xavier Rodr\u00edguez Nigr\u00e1n BNG\"},{\"@type\":\"BreadcrumbList\",\"@id\":\"https:\\\/\\\/www.anovapeneira.gal\\\/index.php\\\/2025\\\/05\\\/16\\\/unhas-instalacions-dignas-para-o-ges\\\/#breadcrumb\",\"itemListElement\":[{\"@type\":\"ListItem\",\"position\":1,\"name\":\"Portada\",\"item\":\"https:\\\/\\\/www.anovapeneira.gal\\\/\"},{\"@type\":\"ListItem\",\"position\":2,\"name\":\"Unhas instalaci\u00f3ns dignas para o GES\"}]},{\"@type\":\"WebSite\",\"@id\":\"https:\\\/\\\/www.anovapeneira.gal\\\/#website\",\"url\":\"https:\\\/\\\/www.anovapeneira.gal\\\/\",\"name\":\"\",\"description\":\"Xornal galego de informaci\u00f3n xeral Publicaci\u00f3n mensual de novas de Galicia e en especial dos Concellos da sur da provincia de Pontevedra.\",\"publisher\":{\"@id\":\"https:\\\/\\\/www.anovapeneira.gal\\\/#organization\"},\"potentialAction\":[{\"@type\":\"SearchAction\",\"target\":{\"@type\":\"EntryPoint\",\"urlTemplate\":\"https:\\\/\\\/www.anovapeneira.gal\\\/?s={search_term_string}\"},\"query-input\":{\"@type\":\"PropertyValueSpecification\",\"valueRequired\":true,\"valueName\":\"search_term_string\"}}],\"inLanguage\":\"gl-ES\"},{\"@type\":\"Organization\",\"@id\":\"https:\\\/\\\/www.anovapeneira.gal\\\/#organization\",\"name\":\"A Nova Peneira\",\"url\":\"https:\\\/\\\/www.anovapeneira.gal\\\/\",\"logo\":{\"@type\":\"ImageObject\",\"inLanguage\":\"gl-ES\",\"@id\":\"https:\\\/\\\/www.anovapeneira.gal\\\/#\\\/schema\\\/logo\\\/image\\\/\",\"url\":\"http:\\\/\\\/www.anovapeneira.gal\\\/wp-content\\\/uploads\\\/2019\\\/06\\\/logo_a_nova_peneira_portal_web.png\",\"contentUrl\":\"http:\\\/\\\/www.anovapeneira.gal\\\/wp-content\\\/uploads\\\/2019\\\/06\\\/logo_a_nova_peneira_portal_web.png\",\"width\":300,\"height\":100,\"caption\":\"A Nova Peneira\"},\"image\":{\"@id\":\"https:\\\/\\\/www.anovapeneira.gal\\\/#\\\/schema\\\/logo\\\/image\\\/\"},\"sameAs\":[\"https:\\\/\\\/www.facebook.com\\\/anovapeneira\",\"https:\\\/\\\/x.com\\\/APeneira\"]},{\"@type\":\"Person\",\"@id\":\"https:\\\/\\\/www.anovapeneira.gal\\\/#\\\/schema\\\/person\\\/e598b63030664c413236c3f685e56918\",\"name\":\"Xavier Rodr\u00edguez\",\"image\":{\"@type\":\"ImageObject\",\"inLanguage\":\"gl-ES\",\"@id\":\"https:\\\/\\\/secure.gravatar.com\\\/avatar\\\/d9b9f992d649071928b76ede112924ee61e9f7be582c6755dc0932efc9f011eb?s=96&d=mm&r=g\",\"url\":\"https:\\\/\\\/secure.gravatar.com\\\/avatar\\\/d9b9f992d649071928b76ede112924ee61e9f7be582c6755dc0932efc9f011eb?s=96&d=mm&r=g\",\"contentUrl\":\"https:\\\/\\\/secure.gravatar.com\\\/avatar\\\/d9b9f992d649071928b76ede112924ee61e9f7be582c6755dc0932efc9f011eb?s=96&d=mm&r=g\",\"caption\":\"Xavier Rodr\u00edguez\"},\"sameAs\":[\"http:\\\/\\\/www.anovapeneira.gal\\\/\"],\"url\":\"https:\\\/\\\/www.anovapeneira.gal\\\/index.php\\\/author\\\/xavierrodriguez\\\/\"}]}<\/script>\n<!-- \/ Yoast SEO plugin. -->","yoast_head_json":{"title":"Unhas instalaci\u00f3ns dignas para o GES -","robots":{"index":"index","follow":"follow","max-snippet":"max-snippet:-1","max-image-preview":"max-image-preview:large","max-video-preview":"max-video-preview:-1"},"canonical":"https:\/\/www.anovapeneira.gal\/index.php\/2025\/05\/16\/unhas-instalacions-dignas-para-o-ges\/","og_locale":"gl_ES","og_type":"article","og_title":"Unhas instalaci\u00f3ns dignas para o GES -","og_description":"Xavier Rodr\u00edguez BNG de Nigr\u00e1n O Grupo de Emerxencias Supramunicipal (GES) \u00e9 un servizo mancomunado decisivo para a seguridade de todos os mi\u00f1oranos. Est\u00e1n cando aparece un lume, cando ocorre un accidente de tr\u00e1fico ou [...]","og_url":"https:\/\/www.anovapeneira.gal\/index.php\/2025\/05\/16\/unhas-instalacions-dignas-para-o-ges\/","article_publisher":"https:\/\/www.facebook.com\/anovapeneira","article_published_time":"2025-05-16T10:00:29+00:00","og_image":[{"width":720,"height":432,"url":"https:\/\/www.anovapeneira.gal\/wp-content\/uploads\/2025\/04\/xavier-nigran.png","type":"image\/png"}],"author":"Xavier Rodr\u00edguez","twitter_card":"summary_large_image","twitter_creator":"@APeneira","twitter_site":"@APeneira","twitter_misc":{"Escrito por":"Xavier Rodr\u00edguez","Tempo de lectura":"4 minutos"},"schema":{"@context":"https:\/\/schema.org","@graph":[{"@type":"Article","@id":"https:\/\/www.anovapeneira.gal\/index.php\/2025\/05\/16\/unhas-instalacions-dignas-para-o-ges\/#article","isPartOf":{"@id":"https:\/\/www.anovapeneira.gal\/index.php\/2025\/05\/16\/unhas-instalacions-dignas-para-o-ges\/"},"author":{"name":"Xavier Rodr\u00edguez","@id":"https:\/\/www.anovapeneira.gal\/#\/schema\/person\/e598b63030664c413236c3f685e56918"},"headline":"Unhas instalaci\u00f3ns dignas para o GES","datePublished":"2025-05-16T10:00:29+00:00","mainEntityOfPage":{"@id":"https:\/\/www.anovapeneira.gal\/index.php\/2025\/05\/16\/unhas-instalacions-dignas-para-o-ges\/"},"wordCount":648,"commentCount":0,"publisher":{"@id":"https:\/\/www.anovapeneira.gal\/#organization"},"image":{"@id":"https:\/\/www.anovapeneira.gal\/index.php\/2025\/05\/16\/unhas-instalacions-dignas-para-o-ges\/#primaryimage"},"thumbnailUrl":"https:\/\/www.anovapeneira.gal\/wp-content\/uploads\/2025\/04\/xavier-nigran.png","keywords":["Concello de Nigr\u00e1n"],"articleSection":["Artigos de opini\u00f3n"],"inLanguage":"gl-ES","potentialAction":[{"@type":"CommentAction","name":"Comment","target":["https:\/\/www.anovapeneira.gal\/index.php\/2025\/05\/16\/unhas-instalacions-dignas-para-o-ges\/#respond"]}]},{"@type":"WebPage","@id":"https:\/\/www.anovapeneira.gal\/index.php\/2025\/05\/16\/unhas-instalacions-dignas-para-o-ges\/","url":"https:\/\/www.anovapeneira.gal\/index.php\/2025\/05\/16\/unhas-instalacions-dignas-para-o-ges\/","name":"Unhas instalaci\u00f3ns dignas para o GES -","isPartOf":{"@id":"https:\/\/www.anovapeneira.gal\/#website"},"primaryImageOfPage":{"@id":"https:\/\/www.anovapeneira.gal\/index.php\/2025\/05\/16\/unhas-instalacions-dignas-para-o-ges\/#primaryimage"},"image":{"@id":"https:\/\/www.anovapeneira.gal\/index.php\/2025\/05\/16\/unhas-instalacions-dignas-para-o-ges\/#primaryimage"},"thumbnailUrl":"https:\/\/www.anovapeneira.gal\/wp-content\/uploads\/2025\/04\/xavier-nigran.png","datePublished":"2025-05-16T10:00:29+00:00","breadcrumb":{"@id":"https:\/\/www.anovapeneira.gal\/index.php\/2025\/05\/16\/unhas-instalacions-dignas-para-o-ges\/#breadcrumb"},"inLanguage":"gl-ES","potentialAction":[{"@type":"ReadAction","target":["https:\/\/www.anovapeneira.gal\/index.php\/2025\/05\/16\/unhas-instalacions-dignas-para-o-ges\/"]}]},{"@type":"ImageObject","inLanguage":"gl-ES","@id":"https:\/\/www.anovapeneira.gal\/index.php\/2025\/05\/16\/unhas-instalacions-dignas-para-o-ges\/#primaryimage","url":"https:\/\/www.anovapeneira.gal\/wp-content\/uploads\/2025\/04\/xavier-nigran.png","contentUrl":"https:\/\/www.anovapeneira.gal\/wp-content\/uploads\/2025\/04\/xavier-nigran.png","width":720,"height":432,"caption":"Xavier Rodr\u00edguez Nigr\u00e1n BNG"},{"@type":"BreadcrumbList","@id":"https:\/\/www.anovapeneira.gal\/index.php\/2025\/05\/16\/unhas-instalacions-dignas-para-o-ges\/#breadcrumb","itemListElement":[{"@type":"ListItem","position":1,"name":"Portada","item":"https:\/\/www.anovapeneira.gal\/"},{"@type":"ListItem","position":2,"name":"Unhas instalaci\u00f3ns dignas para o GES"}]},{"@type":"WebSite","@id":"https:\/\/www.anovapeneira.gal\/#website","url":"https:\/\/www.anovapeneira.gal\/","name":"","description":"Xornal galego de informaci\u00f3n xeral Publicaci\u00f3n mensual de novas de Galicia e en especial dos Concellos da sur da provincia de Pontevedra.","publisher":{"@id":"https:\/\/www.anovapeneira.gal\/#organization"},"potentialAction":[{"@type":"SearchAction","target":{"@type":"EntryPoint","urlTemplate":"https:\/\/www.anovapeneira.gal\/?s={search_term_string}"},"query-input":{"@type":"PropertyValueSpecification","valueRequired":true,"valueName":"search_term_string"}}],"inLanguage":"gl-ES"},{"@type":"Organization","@id":"https:\/\/www.anovapeneira.gal\/#organization","name":"A Nova Peneira","url":"https:\/\/www.anovapeneira.gal\/","logo":{"@type":"ImageObject","inLanguage":"gl-ES","@id":"https:\/\/www.anovapeneira.gal\/#\/schema\/logo\/image\/","url":"http:\/\/www.anovapeneira.gal\/wp-content\/uploads\/2019\/06\/logo_a_nova_peneira_portal_web.png","contentUrl":"http:\/\/www.anovapeneira.gal\/wp-content\/uploads\/2019\/06\/logo_a_nova_peneira_portal_web.png","width":300,"height":100,"caption":"A Nova Peneira"},"image":{"@id":"https:\/\/www.anovapeneira.gal\/#\/schema\/logo\/image\/"},"sameAs":["https:\/\/www.facebook.com\/anovapeneira","https:\/\/x.com\/APeneira"]},{"@type":"Person","@id":"https:\/\/www.anovapeneira.gal\/#\/schema\/person\/e598b63030664c413236c3f685e56918","name":"Xavier Rodr\u00edguez","image":{"@type":"ImageObject","inLanguage":"gl-ES","@id":"https:\/\/secure.gravatar.com\/avatar\/d9b9f992d649071928b76ede112924ee61e9f7be582c6755dc0932efc9f011eb?s=96&d=mm&r=g","url":"https:\/\/secure.gravatar.com\/avatar\/d9b9f992d649071928b76ede112924ee61e9f7be582c6755dc0932efc9f011eb?s=96&d=mm&r=g","contentUrl":"https:\/\/secure.gravatar.com\/avatar\/d9b9f992d649071928b76ede112924ee61e9f7be582c6755dc0932efc9f011eb?s=96&d=mm&r=g","caption":"Xavier Rodr\u00edguez"},"sameAs":["http:\/\/www.anovapeneira.gal\/"],"url":"https:\/\/www.anovapeneira.gal\/index.php\/author\/xavierrodriguez\/"}]}},"jetpack_featured_media_url":"https:\/\/www.anovapeneira.gal\/wp-content\/uploads\/2025\/04\/xavier-nigran.png","_links":{"self":[{"href":"https:\/\/www.anovapeneira.gal\/index.php\/wp-json\/wp\/v2\/posts\/13908","targetHints":{"allow":["GET"]}}],"collection":[{"href":"https:\/\/www.anovapeneira.gal\/index.php\/wp-json\/wp\/v2\/posts"}],"about":[{"href":"https:\/\/www.anovapeneira.gal\/index.php\/wp-json\/wp\/v2\/types\/post"}],"author":[{"embeddable":true,"href":"https:\/\/www.anovapeneira.gal\/index.php\/wp-json\/wp\/v2\/users\/16"}],"replies":[{"embeddable":true,"href":"https:\/\/www.anovapeneira.gal\/index.php\/wp-json\/wp\/v2\/comments?post=13908"}],"version-history":[{"count":2,"href":"https:\/\/www.anovapeneira.gal\/index.php\/wp-json\/wp\/v2\/posts\/13908\/revisions"}],"predecessor-version":[{"id":13910,"href":"https:\/\/www.anovapeneira.gal\/index.php\/wp-json\/wp\/v2\/posts\/13908\/revisions\/13910"}],"wp:featuredmedia":[{"embeddable":true,"href":"https:\/\/www.anovapeneira.gal\/index.php\/wp-json\/wp\/v2\/media\/13644"}],"wp:attachment":[{"href":"https:\/\/www.anovapeneira.gal\/index.php\/wp-json\/wp\/v2\/media?parent=13908"}],"wp:term":[{"taxonomy":"category","embeddable":true,"href":"https:\/\/www.anovapeneira.gal\/index.php\/wp-json\/wp\/v2\/categories?post=13908"},{"taxonomy":"post_tag","embeddable":true,"href":"https:\/\/www.anovapeneira.gal\/index.php\/wp-json\/wp\/v2\/tags?post=13908"}],"curies":[{"name":"wp","href":"https:\/\/api.w.org\/{rel}","templated":true}]}}