{"id":13911,"date":"2025-05-19T10:00:30","date_gmt":"2025-05-19T08:00:30","guid":{"rendered":"https:\/\/www.anovapeneira.gal\/?p=13911"},"modified":"2025-05-14T10:28:55","modified_gmt":"2025-05-14T08:28:55","slug":"a-danza-das-espadas-a-piques-de-alumear-de-novo-as-ruas-de-redondela","status":"publish","type":"post","link":"https:\/\/www.anovapeneira.gal\/index.php\/2025\/05\/19\/a-danza-das-espadas-a-piques-de-alumear-de-novo-as-ruas-de-redondela\/","title":{"rendered":"A danza das espadas a piques de alumear de novo as r\u00faas de Redondela"},"content":{"rendered":"\n<p><strong>En pouco m\u00e1is dun mes as r\u00faas de Redondela volver\u00e1n a vivir un dos espect\u00e1culos m\u00e1is significativos da nosa vida social e cultural, a danza das espadas. Non hai un s\u00f3 redondel\u00e1n nin unha soa redondel\u00e1 que non sinta unha treboada de amor por Redondela, cando se menciona este acontecemento, tan importante na nosa historia e que ten tanto que ver na construci\u00f3n da nosa identidade popular. Este humilde cronista da vida da vila da que \u00e9 un orgulloso fillo, non pod\u00eda deixar,este ano tampouco, de conversar con d\u00faas das persoas m\u00e1is relevantes no desenvolvemento do espect\u00e1culo: Quico, co director, e Rafa, m\u00fasico. Vela\u00ed vai o que deu de si a nosa conversa.<\/strong><\/p>\n\n\n\n<p><strong>Quico L\u00f3pez e \u00c1ngel Balado<\/strong><\/p>\n\n\n\n<h2 class=\"wp-block-heading\">\u201c <strong>A danza de espadas \u00e9 o m\u00e1is importante expo\u00f1ente da tradici\u00f3n cultural de Redondela\u201d<\/strong><\/h2>\n\n\n\n<p><strong>Quico \u00e9 co director da danza de espadas, e \u00c1ngel e m\u00fasico da devandita danza . Rafa al\u00e9n de gaiteiro \u00e9 traballador do sector do autom\u00f3bil, e Quico \u00e9 mestre de educaci\u00f3n primaria.<\/strong><\/p>\n\n\n\n<p><strong>Supo\u00f1o que estaredes preparando todo en modo de m\u00e1xima intensidade?<\/strong><\/p>\n\n\n\n<blockquote class=\"wp-block-quote is-layout-flow wp-block-quote-is-layout-flow\">\n<p>Comezamos a principios de mes e agora empezamos a aumentar progresivamente a intensidade dos ensaios ata chegar ao 19, que \u00e9 o xoves da Coca<\/p>\n<\/blockquote>\n\n\n\n<p><strong>Os ensaios onde son?<\/strong><\/p>\n\n\n\n<blockquote class=\"wp-block-quote is-layout-flow wp-block-quote-is-layout-flow\">\n<p>No Floriani.<\/p>\n<\/blockquote>\n\n\n\n<p><strong>Incorporouse xente nova?<\/strong><\/p>\n\n\n\n<blockquote class=\"wp-block-quote is-layout-flow wp-block-quote-is-layout-flow\">\n<p>Si, este ano chegou unha rapaza nova e tres rapaces tam\u00e9n. Dous deles xa bailaran.<\/p>\n<\/blockquote>\n\n\n\n<p><strong>Seleccionades aos candidatos potenciais?<\/strong><\/p>\n\n\n\n<blockquote class=\"wp-block-quote is-layout-flow wp-block-quote-is-layout-flow\">\n<p>Non, o que facemos \u00e9 unha xuntanza no multiusos o venres anterior ao comezo dos ensaios, e al\u00ed incorp\u00f3rase a xente que quere bailar. Al\u00ed decidimos cantos vamos a ensaiar e imos organizando todo o proceso.<\/p>\n<\/blockquote>\n\n\n\n<p><strong>Canta xente baila?<\/strong><\/p>\n\n\n\n<blockquote class=\"wp-block-quote is-layout-flow wp-block-quote-is-layout-flow\">\n<p>Xefe e bailar\u00edns son en total 21.Como sempre ve\u00f1en 3 ou catro m\u00e1is, o que facemos \u00e9 alg\u00fan relevo.<\/p>\n<\/blockquote>\n\n\n\n<p><strong>Hai alg\u00fan abano de idade para poder bailar?<\/strong><\/p>\n\n\n\n<blockquote class=\"wp-block-quote is-layout-flow wp-block-quote-is-layout-flow\">\n<p>O aconsellable \u00e9 entre 17 e 27 anos.<\/p>\n<\/blockquote>\n\n\n\n<p><strong>Ti, antes de co dirixir bailabas?<\/strong><\/p>\n\n\n\n<blockquote class=\"wp-block-quote is-layout-flow wp-block-quote-is-layout-flow\">\n<p>Si, de feito retireime aos 33 anos. Antes non hab\u00eda tantas persoas e bailabamos xente m\u00e1is maior que agora. A verdade chegar a realizar a funci\u00f3n que fago agora foi un pouco de casualidade.<\/p>\n<\/blockquote>\n\n\n\n<p><strong>Cantos anos levas na direcci\u00f3n?<\/strong><\/p>\n\n\n\n<blockquote class=\"wp-block-quote is-layout-flow wp-block-quote-is-layout-flow\">\n<p>Arredor de 15.<\/p>\n<\/blockquote>\n\n\n\n<p><strong>E ti, \u00c1ngel. Cantos anos levas p\u00f3ndolle m\u00fasica a unha das tradici\u00f3ns m\u00e1is fermosas de Redondela?<\/strong><\/p>\n\n\n\n<blockquote class=\"wp-block-quote is-layout-flow wp-block-quote-is-layout-flow\">\n<p>Levo 13 anos.<\/p>\n<\/blockquote>\n\n\n\n<p><strong>Para o lector e a lectora que non a co\u00f1eza: describide de forma sint\u00e9tica o que \u00e9 a danza de espadas?<\/strong><\/p>\n\n\n\n<blockquote class=\"wp-block-quote is-layout-flow wp-block-quote-is-layout-flow\">\n<p>\u00c9 unha danza tradicional galega que ten a s\u00faa orixe nas danzas gremiais que se fac\u00edan en todo o litoral galego. Hai danzas en moitos sitios: Mar\u00edn, Bueu, Baiona..Imaxinamos que a s\u00faa orixe e pag\u00e1 e que logo a igrexa terminou por absorber e levalas ao corpus.<\/p>\n<\/blockquote>\n\n\n\n<blockquote class=\"wp-block-quote is-layout-flow wp-block-quote-is-layout-flow\">\n<p>Probablemente grazas a esa asimilaci\u00f3n que fixo a igrexa, a danza puido perpetuarse.<\/p>\n<\/blockquote>\n\n\n\n<p><strong>Supo\u00f1o que cada unha ter\u00e1 as s\u00faas peculiaridades?<\/strong><\/p>\n\n\n\n<blockquote class=\"wp-block-quote is-layout-flow wp-block-quote-is-layout-flow\">\n<p>Si, claro. Na nosa temos por exemplo \u00e1s Penlas e \u00e1s burras, que marcan claramente a s\u00faa singularidade.<\/p>\n<\/blockquote>\n\n\n\n<p><strong>E a m\u00fasica?<\/strong><\/p>\n\n\n\n<blockquote class=\"wp-block-quote is-layout-flow wp-block-quote-is-layout-flow\">\n<p>Existen numerosas versi\u00f3ns, e como case toda a m\u00fasica tradicional galega foi recollida pola tradici\u00f3n oral.<\/p>\n<\/blockquote>\n\n\n\n<p><strong>Malia que existen distintas danzas semellantes, eu creo que a nosa ten un significado moi especial para Redondela. Pensades o mesmo?<\/strong><\/p>\n\n\n\n<blockquote class=\"wp-block-quote is-layout-flow wp-block-quote-is-layout-flow\">\n<p>Por descontado que pensamos o mesmo. A danza de espadas \u00e9 o m\u00e1ximo expo\u00f1ente cultural e tradicional de Redondela. Hai outras figuras de enorme relevancia na construci\u00f3n da arquitectura cultural de Redondela, como por exemplo \u201c Xan Carall\u00e1s\u201d, pero ao noso xu\u00edzo a danza de espadas ocupa o primeiro posto no podio.<\/p>\n<\/blockquote>\n\n\n\n<p><strong>En realidade a danza ten algo que ver co mito da Coca en si?<\/strong><\/p>\n\n\n\n<blockquote class=\"wp-block-quote is-layout-flow wp-block-quote-is-layout-flow\">\n<p>Evidentemente iso \u00e9 unha lenda incorporada a posteriori.<\/p>\n<\/blockquote>\n\n\n\n<p><strong>Entrando un pouco no terreo persoal: que significa para v\u00f3s a danza das espadas en particular e a festa da Coca en xeral?<\/strong><\/p>\n\n\n\n<blockquote class=\"wp-block-quote is-layout-flow wp-block-quote-is-layout-flow\">\n<p>Para ambos \u00e9 unha honra podermos participar no que, como antes mencionamos, \u00e9, ao noso xu\u00edzo, o maior expo\u00f1ente cultural e tradicional de Redondela .A Coca, a danza, Redondela en xeral foron constru\u00eddas a trav\u00e9s da suma da vontade colectiva de moitas xeraci\u00f3ns de redondel\u00e1ns e redondel\u00e1s, que contribu\u00edron co seu esforzo e talento \u00e1 nosa singularidade na historia. E, para n\u00f3s poder contribu\u00edr a que se mante\u00f1a vivo nas xeraci\u00f3ns posteriores o que nos define como pobo, \u00e9 unha inmensa honra que non se pode expresar de maneira suficiente con palabras.<\/p>\n<\/blockquote>\n\n\n\n<p><strong>Ben, eu vou tratar de expresalo coas mi\u00f1as palabras o mellor que saiba<\/strong><\/p>\n\n\n\n<blockquote class=\"wp-block-quote is-layout-flow wp-block-quote-is-layout-flow\">\n<p>Ha, ha , ha, ha&#8230; e seguro que o fas moi ben, Marcos, pero o sentimento \u00e9 tan grande que non te chegar\u00edan todas as p\u00e1xinas do teu peri\u00f3dico para podelo facer de maneira adecuada.<\/p>\n<\/blockquote>\n\n\n\n<p><strong>Hai relevo na seguinte xeraci\u00f3n?<\/strong><\/p>\n\n\n\n<blockquote class=\"wp-block-quote is-layout-flow wp-block-quote-is-layout-flow\">\n<p>Si, teno que haber sen o mellor x\u00e9nero de d\u00fabida.<\/p>\n<\/blockquote>\n\n\n\n<p><strong>E volos dous tendes corda para moito tempo m\u00e1is?<\/strong><\/p>\n\n\n\n<blockquote class=\"wp-block-quote is-layout-flow wp-block-quote-is-layout-flow\">\n<p>Algo tan importante para Redondela como a danza das espadas non pode depender de ningunha persoa en concreto. N\u00f3s estamos xa, digamos que na pr\u00f3rroga da nosa contribuci\u00f3n persoal. Ten que entrar outra xente que achegue outros puntos de vista e a ilusi\u00f3n da mocidade.<\/p>\n<\/blockquote>\n\n\n\n<p><strong>Unha \u00faltima pregunta: O domingo como se baila con resaca?<\/strong><\/p>\n\n\n\n<blockquote class=\"wp-block-quote is-layout-flow wp-block-quote-is-layout-flow\">\n<p>Ha, ha, ha ha&#8230; De resaca nada. Esa \u00e9 unha lenda urbanas que non se corresponde coa realidade. O que se baila \u00e9 con paix\u00f3n, con toneladas de paix\u00f3n.<\/p>\n<\/blockquote>\n","protected":false},"excerpt":{"rendered":"<div class=\"mh-excerpt\"><p>En pouco m\u00e1is dun mes as r\u00faas de Redondela volver\u00e1n a vivir un dos espect\u00e1culos m\u00e1is significativos da nosa vida social e cultural, a danza das espadas <a class=\"mh-excerpt-more\" href=\"https:\/\/www.anovapeneira.gal\/index.php\/2025\/05\/19\/a-danza-das-espadas-a-piques-de-alumear-de-novo-as-ruas-de-redondela\/\" title=\"A danza das espadas a piques de alumear de novo as r\u00faas de Redondela\">[&#8230;]<\/a><\/p>\n<\/div>","protected":false},"author":6,"featured_media":13913,"comment_status":"open","ping_status":"open","sticky":false,"template":"","format":"standard","meta":{"_exactmetrics_skip_tracking":false,"_exactmetrics_sitenote_active":false,"_exactmetrics_sitenote_note":"","_exactmetrics_sitenote_category":0,"footnotes":""},"categories":[270],"tags":[171],"class_list":{"0":"post-13911","1":"post","2":"type-post","3":"status-publish","4":"format-standard","5":"has-post-thumbnail","7":"category-redondela-entrevistas","8":"tag-concello-de-redondela"},"yoast_head":"<!-- This site is optimized with the Yoast SEO plugin v27.4 - https:\/\/yoast.com\/product\/yoast-seo-wordpress\/ -->\n<title>A danza das espadas a piques de alumear de novo as r\u00faas de Redondela -<\/title>\n<meta name=\"robots\" content=\"index, follow, max-snippet:-1, max-image-preview:large, max-video-preview:-1\" \/>\n<link rel=\"canonical\" href=\"https:\/\/www.anovapeneira.gal\/index.php\/2025\/05\/19\/a-danza-das-espadas-a-piques-de-alumear-de-novo-as-ruas-de-redondela\/\" \/>\n<meta property=\"og:locale\" content=\"gl_ES\" \/>\n<meta property=\"og:type\" content=\"article\" \/>\n<meta property=\"og:title\" content=\"A danza das espadas a piques de alumear de novo as r\u00faas de Redondela -\" \/>\n<meta property=\"og:description\" content=\"En pouco m\u00e1is dun mes as r\u00faas de Redondela volver\u00e1n a vivir un dos espect\u00e1culos m\u00e1is significativos da nosa vida social e cultural, a danza das espadas [...]\" \/>\n<meta property=\"og:url\" content=\"https:\/\/www.anovapeneira.gal\/index.php\/2025\/05\/19\/a-danza-das-espadas-a-piques-de-alumear-de-novo-as-ruas-de-redondela\/\" \/>\n<meta property=\"article:publisher\" content=\"https:\/\/www.facebook.com\/anovapeneira\" \/>\n<meta property=\"article:published_time\" content=\"2025-05-19T08:00:30+00:00\" \/>\n<meta property=\"og:image\" content=\"https:\/\/www.anovapeneira.gal\/wp-content\/uploads\/2025\/05\/danza_espadas.jpg\" \/>\n\t<meta property=\"og:image:width\" content=\"720\" \/>\n\t<meta property=\"og:image:height\" content=\"432\" \/>\n\t<meta property=\"og:image:type\" content=\"image\/jpeg\" \/>\n<meta name=\"author\" content=\"Marcos Santos\" \/>\n<meta name=\"twitter:card\" content=\"summary_large_image\" \/>\n<meta name=\"twitter:creator\" content=\"@APeneira\" \/>\n<meta name=\"twitter:site\" content=\"@APeneira\" \/>\n<meta name=\"twitter:label1\" content=\"Escrito por\" \/>\n\t<meta name=\"twitter:data1\" content=\"Marcos Santos\" \/>\n\t<meta name=\"twitter:label2\" content=\"Tempo de lectura\" \/>\n\t<meta name=\"twitter:data2\" content=\"3 minutos\" \/>\n<script type=\"application\/ld+json\" class=\"yoast-schema-graph\">{\"@context\":\"https:\\\/\\\/schema.org\",\"@graph\":[{\"@type\":\"Article\",\"@id\":\"https:\\\/\\\/www.anovapeneira.gal\\\/index.php\\\/2025\\\/05\\\/19\\\/a-danza-das-espadas-a-piques-de-alumear-de-novo-as-ruas-de-redondela\\\/#article\",\"isPartOf\":{\"@id\":\"https:\\\/\\\/www.anovapeneira.gal\\\/index.php\\\/2025\\\/05\\\/19\\\/a-danza-das-espadas-a-piques-de-alumear-de-novo-as-ruas-de-redondela\\\/\"},\"author\":{\"name\":\"Marcos Santos\",\"@id\":\"https:\\\/\\\/www.anovapeneira.gal\\\/#\\\/schema\\\/person\\\/d9d84823564720e7593293bab054e52d\"},\"headline\":\"A danza das espadas a piques de alumear de novo as r\u00faas de Redondela\",\"datePublished\":\"2025-05-19T08:00:30+00:00\",\"mainEntityOfPage\":{\"@id\":\"https:\\\/\\\/www.anovapeneira.gal\\\/index.php\\\/2025\\\/05\\\/19\\\/a-danza-das-espadas-a-piques-de-alumear-de-novo-as-ruas-de-redondela\\\/\"},\"wordCount\":931,\"commentCount\":0,\"publisher\":{\"@id\":\"https:\\\/\\\/www.anovapeneira.gal\\\/#organization\"},\"image\":{\"@id\":\"https:\\\/\\\/www.anovapeneira.gal\\\/index.php\\\/2025\\\/05\\\/19\\\/a-danza-das-espadas-a-piques-de-alumear-de-novo-as-ruas-de-redondela\\\/#primaryimage\"},\"thumbnailUrl\":\"https:\\\/\\\/www.anovapeneira.gal\\\/wp-content\\\/uploads\\\/2025\\\/05\\\/danza_espadas.jpg\",\"keywords\":[\"Concello de Redondela\"],\"articleSection\":[\"Redondela\"],\"inLanguage\":\"gl-ES\",\"potentialAction\":[{\"@type\":\"CommentAction\",\"name\":\"Comment\",\"target\":[\"https:\\\/\\\/www.anovapeneira.gal\\\/index.php\\\/2025\\\/05\\\/19\\\/a-danza-das-espadas-a-piques-de-alumear-de-novo-as-ruas-de-redondela\\\/#respond\"]}]},{\"@type\":\"WebPage\",\"@id\":\"https:\\\/\\\/www.anovapeneira.gal\\\/index.php\\\/2025\\\/05\\\/19\\\/a-danza-das-espadas-a-piques-de-alumear-de-novo-as-ruas-de-redondela\\\/\",\"url\":\"https:\\\/\\\/www.anovapeneira.gal\\\/index.php\\\/2025\\\/05\\\/19\\\/a-danza-das-espadas-a-piques-de-alumear-de-novo-as-ruas-de-redondela\\\/\",\"name\":\"A danza das espadas a piques de alumear de novo as r\u00faas de Redondela -\",\"isPartOf\":{\"@id\":\"https:\\\/\\\/www.anovapeneira.gal\\\/#website\"},\"primaryImageOfPage\":{\"@id\":\"https:\\\/\\\/www.anovapeneira.gal\\\/index.php\\\/2025\\\/05\\\/19\\\/a-danza-das-espadas-a-piques-de-alumear-de-novo-as-ruas-de-redondela\\\/#primaryimage\"},\"image\":{\"@id\":\"https:\\\/\\\/www.anovapeneira.gal\\\/index.php\\\/2025\\\/05\\\/19\\\/a-danza-das-espadas-a-piques-de-alumear-de-novo-as-ruas-de-redondela\\\/#primaryimage\"},\"thumbnailUrl\":\"https:\\\/\\\/www.anovapeneira.gal\\\/wp-content\\\/uploads\\\/2025\\\/05\\\/danza_espadas.jpg\",\"datePublished\":\"2025-05-19T08:00:30+00:00\",\"breadcrumb\":{\"@id\":\"https:\\\/\\\/www.anovapeneira.gal\\\/index.php\\\/2025\\\/05\\\/19\\\/a-danza-das-espadas-a-piques-de-alumear-de-novo-as-ruas-de-redondela\\\/#breadcrumb\"},\"inLanguage\":\"gl-ES\",\"potentialAction\":[{\"@type\":\"ReadAction\",\"target\":[\"https:\\\/\\\/www.anovapeneira.gal\\\/index.php\\\/2025\\\/05\\\/19\\\/a-danza-das-espadas-a-piques-de-alumear-de-novo-as-ruas-de-redondela\\\/\"]}]},{\"@type\":\"ImageObject\",\"inLanguage\":\"gl-ES\",\"@id\":\"https:\\\/\\\/www.anovapeneira.gal\\\/index.php\\\/2025\\\/05\\\/19\\\/a-danza-das-espadas-a-piques-de-alumear-de-novo-as-ruas-de-redondela\\\/#primaryimage\",\"url\":\"https:\\\/\\\/www.anovapeneira.gal\\\/wp-content\\\/uploads\\\/2025\\\/05\\\/danza_espadas.jpg\",\"contentUrl\":\"https:\\\/\\\/www.anovapeneira.gal\\\/wp-content\\\/uploads\\\/2025\\\/05\\\/danza_espadas.jpg\",\"width\":720,\"height\":432},{\"@type\":\"BreadcrumbList\",\"@id\":\"https:\\\/\\\/www.anovapeneira.gal\\\/index.php\\\/2025\\\/05\\\/19\\\/a-danza-das-espadas-a-piques-de-alumear-de-novo-as-ruas-de-redondela\\\/#breadcrumb\",\"itemListElement\":[{\"@type\":\"ListItem\",\"position\":1,\"name\":\"Portada\",\"item\":\"https:\\\/\\\/www.anovapeneira.gal\\\/\"},{\"@type\":\"ListItem\",\"position\":2,\"name\":\"A danza das espadas a piques de alumear de novo as r\u00faas de Redondela\"}]},{\"@type\":\"WebSite\",\"@id\":\"https:\\\/\\\/www.anovapeneira.gal\\\/#website\",\"url\":\"https:\\\/\\\/www.anovapeneira.gal\\\/\",\"name\":\"\",\"description\":\"Xornal galego de informaci\u00f3n xeral Publicaci\u00f3n mensual de novas de Galicia e en especial dos Concellos da sur da provincia de Pontevedra.\",\"publisher\":{\"@id\":\"https:\\\/\\\/www.anovapeneira.gal\\\/#organization\"},\"potentialAction\":[{\"@type\":\"SearchAction\",\"target\":{\"@type\":\"EntryPoint\",\"urlTemplate\":\"https:\\\/\\\/www.anovapeneira.gal\\\/?s={search_term_string}\"},\"query-input\":{\"@type\":\"PropertyValueSpecification\",\"valueRequired\":true,\"valueName\":\"search_term_string\"}}],\"inLanguage\":\"gl-ES\"},{\"@type\":\"Organization\",\"@id\":\"https:\\\/\\\/www.anovapeneira.gal\\\/#organization\",\"name\":\"A Nova Peneira\",\"url\":\"https:\\\/\\\/www.anovapeneira.gal\\\/\",\"logo\":{\"@type\":\"ImageObject\",\"inLanguage\":\"gl-ES\",\"@id\":\"https:\\\/\\\/www.anovapeneira.gal\\\/#\\\/schema\\\/logo\\\/image\\\/\",\"url\":\"http:\\\/\\\/www.anovapeneira.gal\\\/wp-content\\\/uploads\\\/2019\\\/06\\\/logo_a_nova_peneira_portal_web.png\",\"contentUrl\":\"http:\\\/\\\/www.anovapeneira.gal\\\/wp-content\\\/uploads\\\/2019\\\/06\\\/logo_a_nova_peneira_portal_web.png\",\"width\":300,\"height\":100,\"caption\":\"A Nova Peneira\"},\"image\":{\"@id\":\"https:\\\/\\\/www.anovapeneira.gal\\\/#\\\/schema\\\/logo\\\/image\\\/\"},\"sameAs\":[\"https:\\\/\\\/www.facebook.com\\\/anovapeneira\",\"https:\\\/\\\/x.com\\\/APeneira\"]},{\"@type\":\"Person\",\"@id\":\"https:\\\/\\\/www.anovapeneira.gal\\\/#\\\/schema\\\/person\\\/d9d84823564720e7593293bab054e52d\",\"name\":\"Marcos Santos\",\"image\":{\"@type\":\"ImageObject\",\"inLanguage\":\"gl-ES\",\"@id\":\"https:\\\/\\\/secure.gravatar.com\\\/avatar\\\/0e8017099a7a47c0a9d2275e865fe326484561eb3d70649069e4b8e61a8d2e8c?s=96&d=mm&r=g\",\"url\":\"https:\\\/\\\/secure.gravatar.com\\\/avatar\\\/0e8017099a7a47c0a9d2275e865fe326484561eb3d70649069e4b8e61a8d2e8c?s=96&d=mm&r=g\",\"contentUrl\":\"https:\\\/\\\/secure.gravatar.com\\\/avatar\\\/0e8017099a7a47c0a9d2275e865fe326484561eb3d70649069e4b8e61a8d2e8c?s=96&d=mm&r=g\",\"caption\":\"Marcos Santos\"},\"sameAs\":[\"http:\\\/\\\/anovapeneira.gal\"],\"url\":\"https:\\\/\\\/www.anovapeneira.gal\\\/index.php\\\/author\\\/marcos-santos\\\/\"}]}<\/script>\n<!-- \/ Yoast SEO plugin. -->","yoast_head_json":{"title":"A danza das espadas a piques de alumear de novo as r\u00faas de Redondela -","robots":{"index":"index","follow":"follow","max-snippet":"max-snippet:-1","max-image-preview":"max-image-preview:large","max-video-preview":"max-video-preview:-1"},"canonical":"https:\/\/www.anovapeneira.gal\/index.php\/2025\/05\/19\/a-danza-das-espadas-a-piques-de-alumear-de-novo-as-ruas-de-redondela\/","og_locale":"gl_ES","og_type":"article","og_title":"A danza das espadas a piques de alumear de novo as r\u00faas de Redondela -","og_description":"En pouco m\u00e1is dun mes as r\u00faas de Redondela volver\u00e1n a vivir un dos espect\u00e1culos m\u00e1is significativos da nosa vida social e cultural, a danza das espadas [...]","og_url":"https:\/\/www.anovapeneira.gal\/index.php\/2025\/05\/19\/a-danza-das-espadas-a-piques-de-alumear-de-novo-as-ruas-de-redondela\/","article_publisher":"https:\/\/www.facebook.com\/anovapeneira","article_published_time":"2025-05-19T08:00:30+00:00","og_image":[{"width":720,"height":432,"url":"https:\/\/www.anovapeneira.gal\/wp-content\/uploads\/2025\/05\/danza_espadas.jpg","type":"image\/jpeg"}],"author":"Marcos Santos","twitter_card":"summary_large_image","twitter_creator":"@APeneira","twitter_site":"@APeneira","twitter_misc":{"Escrito por":"Marcos Santos","Tempo de lectura":"3 minutos"},"schema":{"@context":"https:\/\/schema.org","@graph":[{"@type":"Article","@id":"https:\/\/www.anovapeneira.gal\/index.php\/2025\/05\/19\/a-danza-das-espadas-a-piques-de-alumear-de-novo-as-ruas-de-redondela\/#article","isPartOf":{"@id":"https:\/\/www.anovapeneira.gal\/index.php\/2025\/05\/19\/a-danza-das-espadas-a-piques-de-alumear-de-novo-as-ruas-de-redondela\/"},"author":{"name":"Marcos Santos","@id":"https:\/\/www.anovapeneira.gal\/#\/schema\/person\/d9d84823564720e7593293bab054e52d"},"headline":"A danza das espadas a piques de alumear de novo as r\u00faas de Redondela","datePublished":"2025-05-19T08:00:30+00:00","mainEntityOfPage":{"@id":"https:\/\/www.anovapeneira.gal\/index.php\/2025\/05\/19\/a-danza-das-espadas-a-piques-de-alumear-de-novo-as-ruas-de-redondela\/"},"wordCount":931,"commentCount":0,"publisher":{"@id":"https:\/\/www.anovapeneira.gal\/#organization"},"image":{"@id":"https:\/\/www.anovapeneira.gal\/index.php\/2025\/05\/19\/a-danza-das-espadas-a-piques-de-alumear-de-novo-as-ruas-de-redondela\/#primaryimage"},"thumbnailUrl":"https:\/\/www.anovapeneira.gal\/wp-content\/uploads\/2025\/05\/danza_espadas.jpg","keywords":["Concello de Redondela"],"articleSection":["Redondela"],"inLanguage":"gl-ES","potentialAction":[{"@type":"CommentAction","name":"Comment","target":["https:\/\/www.anovapeneira.gal\/index.php\/2025\/05\/19\/a-danza-das-espadas-a-piques-de-alumear-de-novo-as-ruas-de-redondela\/#respond"]}]},{"@type":"WebPage","@id":"https:\/\/www.anovapeneira.gal\/index.php\/2025\/05\/19\/a-danza-das-espadas-a-piques-de-alumear-de-novo-as-ruas-de-redondela\/","url":"https:\/\/www.anovapeneira.gal\/index.php\/2025\/05\/19\/a-danza-das-espadas-a-piques-de-alumear-de-novo-as-ruas-de-redondela\/","name":"A danza das espadas a piques de alumear de novo as r\u00faas de Redondela -","isPartOf":{"@id":"https:\/\/www.anovapeneira.gal\/#website"},"primaryImageOfPage":{"@id":"https:\/\/www.anovapeneira.gal\/index.php\/2025\/05\/19\/a-danza-das-espadas-a-piques-de-alumear-de-novo-as-ruas-de-redondela\/#primaryimage"},"image":{"@id":"https:\/\/www.anovapeneira.gal\/index.php\/2025\/05\/19\/a-danza-das-espadas-a-piques-de-alumear-de-novo-as-ruas-de-redondela\/#primaryimage"},"thumbnailUrl":"https:\/\/www.anovapeneira.gal\/wp-content\/uploads\/2025\/05\/danza_espadas.jpg","datePublished":"2025-05-19T08:00:30+00:00","breadcrumb":{"@id":"https:\/\/www.anovapeneira.gal\/index.php\/2025\/05\/19\/a-danza-das-espadas-a-piques-de-alumear-de-novo-as-ruas-de-redondela\/#breadcrumb"},"inLanguage":"gl-ES","potentialAction":[{"@type":"ReadAction","target":["https:\/\/www.anovapeneira.gal\/index.php\/2025\/05\/19\/a-danza-das-espadas-a-piques-de-alumear-de-novo-as-ruas-de-redondela\/"]}]},{"@type":"ImageObject","inLanguage":"gl-ES","@id":"https:\/\/www.anovapeneira.gal\/index.php\/2025\/05\/19\/a-danza-das-espadas-a-piques-de-alumear-de-novo-as-ruas-de-redondela\/#primaryimage","url":"https:\/\/www.anovapeneira.gal\/wp-content\/uploads\/2025\/05\/danza_espadas.jpg","contentUrl":"https:\/\/www.anovapeneira.gal\/wp-content\/uploads\/2025\/05\/danza_espadas.jpg","width":720,"height":432},{"@type":"BreadcrumbList","@id":"https:\/\/www.anovapeneira.gal\/index.php\/2025\/05\/19\/a-danza-das-espadas-a-piques-de-alumear-de-novo-as-ruas-de-redondela\/#breadcrumb","itemListElement":[{"@type":"ListItem","position":1,"name":"Portada","item":"https:\/\/www.anovapeneira.gal\/"},{"@type":"ListItem","position":2,"name":"A danza das espadas a piques de alumear de novo as r\u00faas de Redondela"}]},{"@type":"WebSite","@id":"https:\/\/www.anovapeneira.gal\/#website","url":"https:\/\/www.anovapeneira.gal\/","name":"","description":"Xornal galego de informaci\u00f3n xeral Publicaci\u00f3n mensual de novas de Galicia e en especial dos Concellos da sur da provincia de Pontevedra.","publisher":{"@id":"https:\/\/www.anovapeneira.gal\/#organization"},"potentialAction":[{"@type":"SearchAction","target":{"@type":"EntryPoint","urlTemplate":"https:\/\/www.anovapeneira.gal\/?s={search_term_string}"},"query-input":{"@type":"PropertyValueSpecification","valueRequired":true,"valueName":"search_term_string"}}],"inLanguage":"gl-ES"},{"@type":"Organization","@id":"https:\/\/www.anovapeneira.gal\/#organization","name":"A Nova Peneira","url":"https:\/\/www.anovapeneira.gal\/","logo":{"@type":"ImageObject","inLanguage":"gl-ES","@id":"https:\/\/www.anovapeneira.gal\/#\/schema\/logo\/image\/","url":"http:\/\/www.anovapeneira.gal\/wp-content\/uploads\/2019\/06\/logo_a_nova_peneira_portal_web.png","contentUrl":"http:\/\/www.anovapeneira.gal\/wp-content\/uploads\/2019\/06\/logo_a_nova_peneira_portal_web.png","width":300,"height":100,"caption":"A Nova Peneira"},"image":{"@id":"https:\/\/www.anovapeneira.gal\/#\/schema\/logo\/image\/"},"sameAs":["https:\/\/www.facebook.com\/anovapeneira","https:\/\/x.com\/APeneira"]},{"@type":"Person","@id":"https:\/\/www.anovapeneira.gal\/#\/schema\/person\/d9d84823564720e7593293bab054e52d","name":"Marcos Santos","image":{"@type":"ImageObject","inLanguage":"gl-ES","@id":"https:\/\/secure.gravatar.com\/avatar\/0e8017099a7a47c0a9d2275e865fe326484561eb3d70649069e4b8e61a8d2e8c?s=96&d=mm&r=g","url":"https:\/\/secure.gravatar.com\/avatar\/0e8017099a7a47c0a9d2275e865fe326484561eb3d70649069e4b8e61a8d2e8c?s=96&d=mm&r=g","contentUrl":"https:\/\/secure.gravatar.com\/avatar\/0e8017099a7a47c0a9d2275e865fe326484561eb3d70649069e4b8e61a8d2e8c?s=96&d=mm&r=g","caption":"Marcos Santos"},"sameAs":["http:\/\/anovapeneira.gal"],"url":"https:\/\/www.anovapeneira.gal\/index.php\/author\/marcos-santos\/"}]}},"jetpack_featured_media_url":"https:\/\/www.anovapeneira.gal\/wp-content\/uploads\/2025\/05\/danza_espadas.jpg","_links":{"self":[{"href":"https:\/\/www.anovapeneira.gal\/index.php\/wp-json\/wp\/v2\/posts\/13911","targetHints":{"allow":["GET"]}}],"collection":[{"href":"https:\/\/www.anovapeneira.gal\/index.php\/wp-json\/wp\/v2\/posts"}],"about":[{"href":"https:\/\/www.anovapeneira.gal\/index.php\/wp-json\/wp\/v2\/types\/post"}],"author":[{"embeddable":true,"href":"https:\/\/www.anovapeneira.gal\/index.php\/wp-json\/wp\/v2\/users\/6"}],"replies":[{"embeddable":true,"href":"https:\/\/www.anovapeneira.gal\/index.php\/wp-json\/wp\/v2\/comments?post=13911"}],"version-history":[{"count":2,"href":"https:\/\/www.anovapeneira.gal\/index.php\/wp-json\/wp\/v2\/posts\/13911\/revisions"}],"predecessor-version":[{"id":13914,"href":"https:\/\/www.anovapeneira.gal\/index.php\/wp-json\/wp\/v2\/posts\/13911\/revisions\/13914"}],"wp:featuredmedia":[{"embeddable":true,"href":"https:\/\/www.anovapeneira.gal\/index.php\/wp-json\/wp\/v2\/media\/13913"}],"wp:attachment":[{"href":"https:\/\/www.anovapeneira.gal\/index.php\/wp-json\/wp\/v2\/media?parent=13911"}],"wp:term":[{"taxonomy":"category","embeddable":true,"href":"https:\/\/www.anovapeneira.gal\/index.php\/wp-json\/wp\/v2\/categories?post=13911"},{"taxonomy":"post_tag","embeddable":true,"href":"https:\/\/www.anovapeneira.gal\/index.php\/wp-json\/wp\/v2\/tags?post=13911"}],"curies":[{"name":"wp","href":"https:\/\/api.w.org\/{rel}","templated":true}]}}