{"id":13915,"date":"2025-05-19T12:00:47","date_gmt":"2025-05-19T10:00:47","guid":{"rendered":"https:\/\/www.anovapeneira.gal\/?p=13915"},"modified":"2025-05-14T11:08:18","modified_gmt":"2025-05-14T09:08:18","slug":"o-bng-de-marin-a-plena-maquina","status":"publish","type":"post","link":"https:\/\/www.anovapeneira.gal\/index.php\/2025\/05\/19\/o-bng-de-marin-a-plena-maquina\/","title":{"rendered":"O BNG de Mar\u00edn a plena m\u00e1quina"},"content":{"rendered":"\n<p><strong>Se hai algo que me molesta, porque \u00e9 manifestamente inxusto,\u00e9 cando algu\u00e9n denigra a pr\u00e1ctica pol\u00edtica co absurdo t\u00f3pico de \u201c todos son iguais\u201d. Xeralmente ese tipo de excreci\u00f3ns biliares parten de persoas que na s\u00faa vida perderon un minuto do seu tempo en ning\u00fan proxecto colectivo, e \u00e1s que iso de contribu\u00edr ao ben com\u00fan s\u00f3alles tan lonxe como lles puidera soar calquera poema da Grecia cl\u00e1sica escrito en grego cl\u00e1sico.<\/strong><\/p>\n\n\n\n<p><strong>A pol\u00edtica, entendida como o uso de parte do tempo persoal de quen se dedica a ela para contribu\u00edr ao ben com\u00fan, \u00e9 a parte m\u00e1is nobre \u00e9 sa do ser humano. A pol\u00edtica, entendida como unha ferramenta para o beneficio propio ou para alimentar as pulsi\u00f3ns narcisistas(tam\u00e9n os hai as\u00ed) est\u00e1 nas ant\u00edpodas do que debe ser a pr\u00e1ctica pol\u00edtica.<\/strong><\/p>\n\n\n\n<p><strong>Pol\u00edticos e pol\u00edticas como as concelleiras e o concelleiro de BNG de Mar\u00edn, fan que a esperanza nun futuro decente para a humanidade poida seguir existindo. En apenas dous anos de mandato levan trasladadas ao pleno 24 moci\u00f3ns, 18 propias e 6 veci\u00f1ais, e m\u00e1is de 240 rogos e preguntas. Algunhas delas tan importantes como a da adquisici\u00f3n do edificio Baladr\u00f3n, a construci\u00f3n dun aparcadoiro en altura, ou a proposta estrela, que nos comentar\u00e1n nesta conversa, de abrir Mar\u00edn ao mar&#8230;Todas estas propostas levan un inmenso e rigoroso esforzo detr\u00e1s. Esforzo que fan quitando tempo dos seus traballos particulares, e das s\u00faas vidas persoais .Falamos co grupo municipal ao completo: Luc\u00eda, a voceira, Tino, concelleiro, e Davinia e Celia, concelleiras.<\/strong><\/p>\n\n\n\n<p><strong>Luc\u00eda Santos, Davinia Lojo, Tino Iglesias e Celia Santom\u00e9<\/strong><\/p>\n\n\n\n<h2 class=\"wp-block-heading\">\u201c<strong>O BNG \u00e9 alternativa realista a este goberno paralizado e de pose\u201d<\/strong><\/h2>\n\n\n\n<p><strong>Estamos no ecuador do mandato. Como valorades estes dous primeiros anos?<\/strong><\/p>\n\n\n\n<blockquote class=\"wp-block-quote is-layout-flow wp-block-quote-is-layout-flow\">\n<p>A valoraci\u00f3n \u00e9 moi negativa. O goberno actual \u00e9 claramente continu\u00edsta na par\u00e1lise pol\u00edtica, no desleixo ante os graves problemas estruturais que padece Mar\u00edn, en non asumir as s\u00faas responsabilidades e en botarlle a culpa de todo aos demais.<\/p>\n<\/blockquote>\n\n\n\n<p><strong>Como vai o problema da perda de poboaci\u00f3n?<\/strong><\/p>\n\n\n\n<blockquote class=\"wp-block-quote is-layout-flow wp-block-quote-is-layout-flow\">\n<p>Por desgraza non mellorou en nada. Seguimos perdendo habitantes de maneira constante.<\/p>\n<\/blockquote>\n\n\n\n<p><strong>Xa leva moito tempo a tendencia descendente, verdade?<\/strong><\/p>\n\n\n\n<blockquote class=\"wp-block-quote is-layout-flow wp-block-quote-is-layout-flow\">\n<p>Si, demasiado tempo. Levamos as\u00ed desde que Mar\u00eda Ramallo accedeu \u00e1 alcald\u00eda de Mar\u00edn.<\/p>\n<\/blockquote>\n\n\n\n<p><strong>Se facemos unha ollada global aos servizos dos que disp\u00f3n a veci\u00f1anza de Mar\u00edn?<\/strong><\/p>\n\n\n\n<blockquote class=\"wp-block-quote is-layout-flow wp-block-quote-is-layout-flow\">\n<p>Pois veriamos como non deixan de deteriorarse.<\/p>\n<\/blockquote>\n\n\n\n<p><strong>Un mozo ou unha moza de Mar\u00edn que se queira independizar e constru\u00edr un proxecto vital na vila na que naceu, teno complicado?<\/strong><\/p>\n\n\n\n<blockquote class=\"wp-block-quote is-layout-flow wp-block-quote-is-layout-flow\">\n<p>Non o ten complicado, teno imposible. En Mar\u00edn non hai pisos que se poidan alugar a un prezo accesible. O fen\u00f3meno das vivendas de uso tur\u00edstico espallouse de maneira alarmante e \u00e9 un problema grav\u00edsimo para a vida normal. O BNG bota de menos unha actuaci\u00f3n firme e decidida do goberno municipal, tendente a combater este grave problema. En realidade case podemos eliminar os adxectivos, botamos de menos calquera tipo de actuaci\u00f3n porque o goberno local non fai nada en absoluto.<\/p>\n<\/blockquote>\n\n\n\n<p><strong>Mantemos esta conversa en Seixo porque as\u00ed volo ped\u00edn eu. Sabedes por que?<\/strong><\/p>\n\n\n\n<blockquote class=\"wp-block-quote is-layout-flow wp-block-quote-is-layout-flow\">\n<p>Pois, non. Supomos que polo encanto especial que ten Seixo.<\/p>\n<\/blockquote>\n\n\n\n<p><strong>A verdade \u00e9 que a\u00ednda que \u00e9 certo que Seixo ten un encanto especial, non \u00e9 por iso. Fac\u00e9mola en Seixo porque non me apetec\u00eda romperme a cabeza dando voltas para topar un sitio para aparcar en Mar\u00edn<\/strong><\/p>\n\n\n\n<blockquote class=\"wp-block-quote is-layout-flow wp-block-quote-is-layout-flow\">\n<p>En verdade \u00e9 un problema moi serio, e non ten pinta de mellorar. Pero si, aparcar en Mar\u00edn \u00e1s veces conv\u00e9rtese nun verdadeiro suplicio.<\/p>\n<\/blockquote>\n\n\n\n<p><strong>Non mellorou nada este asunto?<\/strong><\/p>\n\n\n\n<blockquote class=\"wp-block-quote is-layout-flow wp-block-quote-is-layout-flow\">\n<p>Non, nada en absoluto. \u00c9 m\u00e1is, vai a peor. Ampl\u00edanse beirarr\u00faas e elim\u00ednanse prazas de aparcamento sen ofrecer alternativas suficientes.<\/p>\n<\/blockquote>\n\n\n\n<p><strong>A estad\u00eda da herdeira \u00e1 xefatura do estado na escola naval de Mar\u00edn serviu de algo para mellorar a vida da veci\u00f1anza?<\/strong><\/p>\n\n\n\n<blockquote class=\"wp-block-quote is-layout-flow wp-block-quote-is-layout-flow\">\n<p>Pois non, non tivo a m\u00e1is m\u00ednima incidencia na vida da nosa localidade.<\/p>\n<\/blockquote>\n\n\n\n<p><strong>Como est\u00e1 a situaci\u00f3n da sanidade?<\/strong><\/p>\n\n\n\n<blockquote class=\"wp-block-quote is-layout-flow wp-block-quote-is-layout-flow\">\n<p>Tampouco d\u00e1 mellorado. Seguimos con escaseza de m\u00e9dicos, non se cobren as baixas ou vacaci\u00f3ns, listas de espera interminables, \u00e1s veces acceder a un especialista \u00e9 enormemente dif\u00edcil, houbo d\u00edas nos que non tivemos servizo de urxencias, e unha situaci\u00f3n xeral moi deficiente.<\/p>\n<\/blockquote>\n\n\n\n<p><strong>O goberno de Marin ten alg\u00fan tipo de plan dese\u00f1ado para combater os problemas estruturais que padece a vila?<\/strong><\/p>\n\n\n\n<blockquote class=\"wp-block-quote is-layout-flow wp-block-quote-is-layout-flow\">\n<p>Non. O goberno de Mar\u00edn lim\u00edtase a xestionar como pode o d\u00eda a d\u00eda, e incluso iso o fai mal.<\/p>\n<\/blockquote>\n\n\n\n<p><strong>Por que?<\/strong><\/p>\n\n\n\n<blockquote class=\"wp-block-quote is-layout-flow wp-block-quote-is-layout-flow\">\n<p>Porque danlle prioridade \u00e1 imaxe medi\u00e1tica da alcaldesa sobre a resoluci\u00f3n dos problemas reais de Mar\u00edn. Para a nosa alcaldesa \u00e9 m\u00e1is importante a foto que a resoluci\u00f3n dos problemas.<\/p>\n<\/blockquote>\n\n\n\n<p><strong>Sobre a relaci\u00f3n do goberno local co importante tecido asociativo marinense, que tendes que dicir?<\/strong><\/p>\n\n\n\n<blockquote class=\"wp-block-quote is-layout-flow wp-block-quote-is-layout-flow\">\n<p>D\u00faas cuesti\u00f3ns:-A actividade cultural de Marin existe grazas ao seu tecido asociativo. O goberno de Mar\u00eda Ramallo aprov\u00e9itase do traballo dos colectivos culturais de maneira vergonzosa- O goberno non trata por igual aos colectivos que identifica como \u201c amigos\u201d que aos que identifica como \u201c non amigos\u201d.<\/p>\n<\/blockquote>\n\n\n\n<p><strong>Ben, analizado o goberno agora t\u00f3calle ao BNG. Que fixo o BNG nestes dous anos de oposici\u00f3n?<\/strong><\/p>\n\n\n\n<blockquote class=\"wp-block-quote is-layout-flow wp-block-quote-is-layout-flow\">\n<p>Non paramos de trasladar propostas concretas para mellorar a calidade de vida da veci\u00f1anza. Propostas rigorosas, viables e que son resultado dun minucioso traballo de documentaci\u00f3n e an\u00e1lise previos.<\/p>\n<\/blockquote>\n\n\n\n<p><strong>Iso de que non parades de trasladar propostas p\u00f3dese demostrar?<\/strong><\/p>\n\n\n\n<blockquote class=\"wp-block-quote is-layout-flow wp-block-quote-is-layout-flow\">\n<p>Cremos que obxectivamente si:No que vai de mandato levamos a pleno 18 moci\u00f3ns propias, 6 moci\u00f3ns cidad\u00e1s e 240 rogos e preguntas. En todos e cada un dos casos son resultado dun intenso traballo previo, e cun obxectivo definido: O ben com\u00fan.<\/p>\n<\/blockquote>\n\n\n\n<p><strong>Baixemos ao terreo do concreto. Non \u00e9 necesario que describades as 24 moci\u00f3ns e as 240 preguntas, pero si quixera co\u00f1ecer algunha das m\u00e1is importantes?<\/strong><\/p>\n\n\n\n<blockquote class=\"wp-block-quote is-layout-flow wp-block-quote-is-layout-flow\">\n<p>Ha, ha, ha, ha. De acordo:<\/p>\n<\/blockquote>\n\n\n\n<blockquote class=\"wp-block-quote is-layout-flow wp-block-quote-is-layout-flow\">\n<p>Creo que foi moi importante a nosa campa\u00f1a que propu\u00f1a a adquisici\u00f3n do edificio de Baladr\u00f3n para convertelo nun ben p\u00fablico, que puidera beneficiar ao conxunto da veci\u00f1anza de Mar\u00edn. Lamentablemente o PP dixo Non.<\/p>\n<\/blockquote>\n\n\n\n<p><strong>Por que?<\/strong><\/p>\n\n\n\n<blockquote class=\"wp-block-quote is-layout-flow wp-block-quote-is-layout-flow\">\n<p>Ningu\u00e9n con sentido com\u00fan \u00e9 capaz de explicar a negativa do PP.<\/p>\n<\/blockquote>\n\n\n\n<p><strong>En que situaci\u00f3n est\u00e1 ese edificio agora?<\/strong><\/p>\n\n\n\n<blockquote class=\"wp-block-quote is-layout-flow wp-block-quote-is-layout-flow\">\n<p>Pois de algunha maneira a nosa campa\u00f1a serviu para p\u00f3r no foco a situaci\u00f3n dese inmoble en pleno centro de Mar\u00edn, e unha promotora privada mercouno. Agora mesmo est\u00e1n a piques de iniciar a s\u00faa rehabilitaci\u00f3n. De feito os propietarios cham\u00e1ronnos para darnos as grazas, a\u00ednda que tanto eles como o BNG o que queriamos \u00e9 que ese edificio pasase a ser p\u00fablico. Non sabemos que uso lle te\u00f1en previsto dar os novos propietarios, pero polo menos conseguiuse eliminar o problema dese edificio abandonado en pleno centro de Mar\u00edn.<\/p>\n<\/blockquote>\n\n\n\n<p><strong>Ben, dic\u00eddeme algunha proposta relevante m\u00e1is das que te\u00f1ades trasladado?<\/strong><\/p>\n\n\n\n<blockquote class=\"wp-block-quote is-layout-flow wp-block-quote-is-layout-flow\">\n<p><strong>&#8211;<\/strong>A dotaci\u00f3n de nova vivenda social, para tratar de combater o grave problema de acceso \u00e1 vivenda \u00e1 que antes nos referimos. Mar\u00edn leva d\u00e9cadas sen constru\u00edr vivenda social e, lamentablemente o PP segue rexeitando facer fronte a este enorme d\u00e9ficit que padece a nosa localidade.<\/p>\n<\/blockquote>\n\n\n\n<blockquote class=\"wp-block-quote is-layout-flow wp-block-quote-is-layout-flow\">\n<p>-O proxecto estrela do PP de Mar\u00edn, facer un aparcadoiro soterrado no parque Eguren, resultou ser un proxecto frustrado. N\u00f3s, despois du minucioso estudo con distintos axentes especializados, e coa intenci\u00f3n de contribu\u00edr a resolver os graves problemas de mobilidade que padecemos, propuxemos facer un aparcadoiro en altura.<\/p>\n<\/blockquote>\n\n\n\n<blockquote class=\"wp-block-quote is-layout-flow wp-block-quote-is-layout-flow\">\n<p>-Levamos a pleno a necesidade de acudir a unha li\u00f1a de axudas en concreto para actuar nos dous cascos hist\u00f3ricos de Mar\u00edn.<\/p>\n<\/blockquote>\n\n\n\n<blockquote class=\"wp-block-quote is-layout-flow wp-block-quote-is-layout-flow\">\n<p>-En cada pleno facemos de altofalante de problemas concretos diversos que afectan \u00e1 veci\u00f1anza. Temos unha caixa de correo cidad\u00e1 aberta, para estarmos en contacto directo cos nosos veci\u00f1os e veci\u00f1as, que leva recollidas m\u00e1is de 250 petici\u00f3ns.<\/p>\n<\/blockquote>\n\n\n\n<blockquote class=\"wp-block-quote is-layout-flow wp-block-quote-is-layout-flow\">\n<p>-A nosa campa\u00f1a de abrir Mar\u00edn ao mar<\/p>\n<\/blockquote>\n\n\n\n<p><strong>Cal \u00e9 o motivo desa campa\u00f1a? E en que consiste?<\/strong><\/p>\n\n\n\n<blockquote class=\"wp-block-quote is-layout-flow wp-block-quote-is-layout-flow\">\n<p>Chegou o momento de que Mar\u00edn comece a recuperar espazos que no seu d\u00eda foron cedidos \u00e1 escola naval militar e ao porto, en prexu\u00edzo dos seus aut\u00e9nticos donos; o conxunto do pobo de Mar\u00edn.<\/p>\n<\/blockquote>\n\n\n\n<blockquote class=\"wp-block-quote is-layout-flow wp-block-quote-is-layout-flow\">\n<p>Desde a rotonda de Praceres ata Portocelo hai tres quil\u00f3metros de distancia nos que o mar de Mar\u00edn est\u00e1 vetado para o pobo de Mar\u00edn.<\/p>\n<\/blockquote>\n\n\n\n<p><strong>A vosa proposta \u00e9 econ\u00f3mica e socialmente viable?<\/strong><\/p>\n\n\n\n<blockquote class=\"wp-block-quote is-layout-flow wp-block-quote-is-layout-flow\">\n<p>Total e absolutamente. Hai numerosos exemplos que as\u00ed o amosan como por exemplo nas cidades de Ferrol, ou f\u00f3ra de Galiza na cidade de Ceuta. Al\u00e9n de ser posible, \u00e9 necesario. Mar\u00edn ten unha enorme necesidade de espazos verdes e a recuperaci\u00f3n de terreos que son do pobo de Mar\u00edn \u00e9 unha demanda hist\u00f3rica moi importante \u00e1 que case nunca se lle prestou a atenci\u00f3n debida.<\/p>\n<\/blockquote>\n\n\n\n<p><strong>Hai alg\u00fan antecedente hist\u00f3rico que fose nesa li\u00f1a?<\/strong><\/p>\n\n\n\n<blockquote class=\"wp-block-quote is-layout-flow wp-block-quote-is-layout-flow\">\n<p>Hai dous:- No ano 2008 a deputada do BNG Olaia Fern\u00e1ndez Davila instou no parlamento \u00e1 devoluci\u00f3n da illa de Tambo, que si se conseguiu. \u00c9 un exemplo claro de que a nosa proposta si \u00e9 posible.<\/p>\n<\/blockquote>\n\n\n\n<blockquote class=\"wp-block-quote is-layout-flow wp-block-quote-is-layout-flow\">\n<p>-En abril do 2020 o deputado do BNG N\u00e9stor Rego solicitou a cesi\u00f3n do hospital naval de Mar\u00edn que estaba sen uso para que pasase ao SERGAS, algo que non se logrou.<\/p>\n<\/blockquote>\n\n\n\n<p><strong>Canta extensi\u00f3n de terreo ocupan a autoridade portuaria e a escola naval?<\/strong><\/p>\n\n\n\n<blockquote class=\"wp-block-quote is-layout-flow wp-block-quote-is-layout-flow\">\n<p>105 hect\u00e1reas. A autoridade portuaria ocupa 750.000 metros cadrados e a escola naval militar 305.000.<\/p>\n<\/blockquote>\n\n\n\n<p><strong>A extensi\u00f3n de terreo que pedides recuperar para a veci\u00f1anza cal \u00e9?<\/strong><\/p>\n\n\n\n<blockquote class=\"wp-block-quote is-layout-flow wp-block-quote-is-layout-flow\">\n<p>Moi pequena, arredor de 20.000 metros cadrados, s\u00f3 d\u00faas hect\u00e1reas das 105 que nos ocupan. Para eles non supor\u00eda nada, pero para o pobo de Mar\u00edn si supor\u00eda moito.<\/p>\n<\/blockquote>\n\n\n\n<p><strong>Ped\u00edstelo formalmente? Ou \u00e9 unha proposta te\u00f3rica?<\/strong><\/p>\n\n\n\n<blockquote class=\"wp-block-quote is-layout-flow wp-block-quote-is-layout-flow\">\n<p>Ped\u00edmolo formalmente no parlamento do estado, e sa\u00edu publicado no Bolet\u00edn oficial do Congreso a primeiros do mes de abril.<\/p>\n<\/blockquote>\n\n\n\n<p><strong>En que fase estamos agora?<\/strong><\/p>\n\n\n\n<blockquote class=\"wp-block-quote is-layout-flow wp-block-quote-is-layout-flow\">\n<p>Agardando a que se leve \u00e1s comisi\u00f3ns correspondentes, que se debata e que nos dean unha resposta. Quen ten a potestade de dicir si ou non, non ao BNG sen\u00f3n \u00e1 cidadan\u00eda de Mar\u00edn, son os ministerios de defensa e transportes. Ese \u00e9 o motivo polo que o levamos ao parlamento do estado.<\/p>\n<\/blockquote>\n\n\n\n<p><strong>A nivel municipal traslad\u00e1stelo?<\/strong><\/p>\n\n\n\n<blockquote class=\"wp-block-quote is-layout-flow wp-block-quote-is-layout-flow\">\n<p>Levar\u00e9molo ao pleno do mes de xu\u00f1o. Tam\u00e9n faremos un acto p\u00fablico para explicarllo \u00e1 veci\u00f1anza.<\/p>\n<\/blockquote>\n\n\n\n<p><strong>Que posici\u00f3n esperades que te\u00f1a o goberno local?<\/strong><\/p>\n\n\n\n<blockquote class=\"wp-block-quote is-layout-flow wp-block-quote-is-layout-flow\">\n<p>O l\u00f3xico ser\u00eda que o apoiaran. Se pensan no ben de Mar\u00edn t\u00e9\u00f1eno que apoiar, pero haber\u00e1 que agardar a ver que fan.<\/p>\n<\/blockquote>\n\n\n\n<p><strong>Rematamos: Que expectativas temos para o 2027?<\/strong><\/p>\n\n\n\n<blockquote class=\"wp-block-quote is-layout-flow wp-block-quote-is-layout-flow\">\n<p>A pulsi\u00f3n maioritaria que notamos nas r\u00faas \u00e9 a da unha enorme onda de simpat\u00eda. Nas auton\u00f3micas tivemos un resultado soberbio e agardamos continuar nesa li\u00f1a. O BNG \u00e9 a alternativa realista a un goberno paralizado e de pose. N\u00f3s seguiremos traballando arreo para ofrecer alternativas s\u00f3lidas que incidan directamente na mellora da vida coti\u00e1 da veci\u00f1anza, coa esperanza de chegar ao coraz\u00f3n da maior\u00eda social do pobo de Mar\u00edn<\/p>\n<\/blockquote>\n","protected":false},"excerpt":{"rendered":"<div class=\"mh-excerpt\"><p>Se hai algo que me molesta, porque \u00e9 manifestamente inxusto,\u00e9 cando algu\u00e9n denigra a pr\u00e1ctica pol\u00edtica co absurdo t\u00f3pico de \u201c todos son iguais\u201d. <a class=\"mh-excerpt-more\" href=\"https:\/\/www.anovapeneira.gal\/index.php\/2025\/05\/19\/o-bng-de-marin-a-plena-maquina\/\" title=\"O BNG de Mar\u00edn a plena m\u00e1quina\">[&#8230;]<\/a><\/p>\n<\/div>","protected":false},"author":2,"featured_media":13916,"comment_status":"open","ping_status":"open","sticky":false,"template":"","format":"standard","meta":{"_exactmetrics_skip_tracking":false,"_exactmetrics_sitenote_active":false,"_exactmetrics_sitenote_note":"","_exactmetrics_sitenote_category":0,"footnotes":""},"categories":[268],"tags":[144],"class_list":{"0":"post-13915","1":"post","2":"type-post","3":"status-publish","4":"format-standard","5":"has-post-thumbnail","7":"category-morrazo-entrevistas","8":"tag-concello-de-marin"},"yoast_head":"<!-- This site is optimized with the Yoast SEO plugin v27.4 - https:\/\/yoast.com\/product\/yoast-seo-wordpress\/ -->\n<title>O BNG de Mar\u00edn a plena m\u00e1quina -<\/title>\n<meta name=\"robots\" content=\"index, follow, max-snippet:-1, max-image-preview:large, max-video-preview:-1\" \/>\n<link rel=\"canonical\" href=\"https:\/\/www.anovapeneira.gal\/index.php\/2025\/05\/19\/o-bng-de-marin-a-plena-maquina\/\" \/>\n<meta property=\"og:locale\" content=\"gl_ES\" \/>\n<meta property=\"og:type\" content=\"article\" \/>\n<meta property=\"og:title\" content=\"O BNG de Mar\u00edn a plena m\u00e1quina -\" \/>\n<meta property=\"og:description\" content=\"Se hai algo que me molesta, porque \u00e9 manifestamente inxusto,\u00e9 cando algu\u00e9n denigra a pr\u00e1ctica pol\u00edtica co absurdo t\u00f3pico de \u201c todos son iguais\u201d. [...]\" \/>\n<meta property=\"og:url\" content=\"https:\/\/www.anovapeneira.gal\/index.php\/2025\/05\/19\/o-bng-de-marin-a-plena-maquina\/\" \/>\n<meta property=\"article:publisher\" content=\"https:\/\/www.facebook.com\/anovapeneira\" \/>\n<meta property=\"article:published_time\" content=\"2025-05-19T10:00:47+00:00\" \/>\n<meta property=\"og:image\" content=\"https:\/\/www.anovapeneira.gal\/wp-content\/uploads\/2025\/05\/bng_marin.jpg\" \/>\n\t<meta property=\"og:image:width\" content=\"720\" \/>\n\t<meta property=\"og:image:height\" content=\"432\" \/>\n\t<meta property=\"og:image:type\" content=\"image\/jpeg\" \/>\n<meta name=\"author\" content=\"Tino Lago\" \/>\n<meta name=\"twitter:card\" content=\"summary_large_image\" \/>\n<meta name=\"twitter:creator\" content=\"@APeneira\" \/>\n<meta name=\"twitter:site\" content=\"@APeneira\" \/>\n<meta name=\"twitter:label1\" content=\"Escrito por\" \/>\n\t<meta name=\"twitter:data1\" content=\"Tino Lago\" \/>\n\t<meta name=\"twitter:label2\" content=\"Tempo de lectura\" \/>\n\t<meta name=\"twitter:data2\" content=\"4 minutos\" \/>\n<script type=\"application\/ld+json\" class=\"yoast-schema-graph\">{\"@context\":\"https:\\\/\\\/schema.org\",\"@graph\":[{\"@type\":\"Article\",\"@id\":\"https:\\\/\\\/www.anovapeneira.gal\\\/index.php\\\/2025\\\/05\\\/19\\\/o-bng-de-marin-a-plena-maquina\\\/#article\",\"isPartOf\":{\"@id\":\"https:\\\/\\\/www.anovapeneira.gal\\\/index.php\\\/2025\\\/05\\\/19\\\/o-bng-de-marin-a-plena-maquina\\\/\"},\"author\":{\"name\":\"Tino Lago\",\"@id\":\"https:\\\/\\\/www.anovapeneira.gal\\\/#\\\/schema\\\/person\\\/424dfe65e3070fd8a44d22d2c088762a\"},\"headline\":\"O BNG de Mar\u00edn a plena m\u00e1quina\",\"datePublished\":\"2025-05-19T10:00:47+00:00\",\"mainEntityOfPage\":{\"@id\":\"https:\\\/\\\/www.anovapeneira.gal\\\/index.php\\\/2025\\\/05\\\/19\\\/o-bng-de-marin-a-plena-maquina\\\/\"},\"wordCount\":1939,\"commentCount\":0,\"publisher\":{\"@id\":\"https:\\\/\\\/www.anovapeneira.gal\\\/#organization\"},\"image\":{\"@id\":\"https:\\\/\\\/www.anovapeneira.gal\\\/index.php\\\/2025\\\/05\\\/19\\\/o-bng-de-marin-a-plena-maquina\\\/#primaryimage\"},\"thumbnailUrl\":\"https:\\\/\\\/www.anovapeneira.gal\\\/wp-content\\\/uploads\\\/2025\\\/05\\\/bng_marin.jpg\",\"keywords\":[\"Concello de Mar\u00edn\"],\"articleSection\":[\"Morrazo\"],\"inLanguage\":\"gl-ES\",\"potentialAction\":[{\"@type\":\"CommentAction\",\"name\":\"Comment\",\"target\":[\"https:\\\/\\\/www.anovapeneira.gal\\\/index.php\\\/2025\\\/05\\\/19\\\/o-bng-de-marin-a-plena-maquina\\\/#respond\"]}]},{\"@type\":\"WebPage\",\"@id\":\"https:\\\/\\\/www.anovapeneira.gal\\\/index.php\\\/2025\\\/05\\\/19\\\/o-bng-de-marin-a-plena-maquina\\\/\",\"url\":\"https:\\\/\\\/www.anovapeneira.gal\\\/index.php\\\/2025\\\/05\\\/19\\\/o-bng-de-marin-a-plena-maquina\\\/\",\"name\":\"O BNG de Mar\u00edn a plena m\u00e1quina -\",\"isPartOf\":{\"@id\":\"https:\\\/\\\/www.anovapeneira.gal\\\/#website\"},\"primaryImageOfPage\":{\"@id\":\"https:\\\/\\\/www.anovapeneira.gal\\\/index.php\\\/2025\\\/05\\\/19\\\/o-bng-de-marin-a-plena-maquina\\\/#primaryimage\"},\"image\":{\"@id\":\"https:\\\/\\\/www.anovapeneira.gal\\\/index.php\\\/2025\\\/05\\\/19\\\/o-bng-de-marin-a-plena-maquina\\\/#primaryimage\"},\"thumbnailUrl\":\"https:\\\/\\\/www.anovapeneira.gal\\\/wp-content\\\/uploads\\\/2025\\\/05\\\/bng_marin.jpg\",\"datePublished\":\"2025-05-19T10:00:47+00:00\",\"breadcrumb\":{\"@id\":\"https:\\\/\\\/www.anovapeneira.gal\\\/index.php\\\/2025\\\/05\\\/19\\\/o-bng-de-marin-a-plena-maquina\\\/#breadcrumb\"},\"inLanguage\":\"gl-ES\",\"potentialAction\":[{\"@type\":\"ReadAction\",\"target\":[\"https:\\\/\\\/www.anovapeneira.gal\\\/index.php\\\/2025\\\/05\\\/19\\\/o-bng-de-marin-a-plena-maquina\\\/\"]}]},{\"@type\":\"ImageObject\",\"inLanguage\":\"gl-ES\",\"@id\":\"https:\\\/\\\/www.anovapeneira.gal\\\/index.php\\\/2025\\\/05\\\/19\\\/o-bng-de-marin-a-plena-maquina\\\/#primaryimage\",\"url\":\"https:\\\/\\\/www.anovapeneira.gal\\\/wp-content\\\/uploads\\\/2025\\\/05\\\/bng_marin.jpg\",\"contentUrl\":\"https:\\\/\\\/www.anovapeneira.gal\\\/wp-content\\\/uploads\\\/2025\\\/05\\\/bng_marin.jpg\",\"width\":720,\"height\":432},{\"@type\":\"BreadcrumbList\",\"@id\":\"https:\\\/\\\/www.anovapeneira.gal\\\/index.php\\\/2025\\\/05\\\/19\\\/o-bng-de-marin-a-plena-maquina\\\/#breadcrumb\",\"itemListElement\":[{\"@type\":\"ListItem\",\"position\":1,\"name\":\"Portada\",\"item\":\"https:\\\/\\\/www.anovapeneira.gal\\\/\"},{\"@type\":\"ListItem\",\"position\":2,\"name\":\"O BNG de Mar\u00edn a plena m\u00e1quina\"}]},{\"@type\":\"WebSite\",\"@id\":\"https:\\\/\\\/www.anovapeneira.gal\\\/#website\",\"url\":\"https:\\\/\\\/www.anovapeneira.gal\\\/\",\"name\":\"\",\"description\":\"Xornal galego de informaci\u00f3n xeral Publicaci\u00f3n mensual de novas de Galicia e en especial dos Concellos da sur da provincia de Pontevedra.\",\"publisher\":{\"@id\":\"https:\\\/\\\/www.anovapeneira.gal\\\/#organization\"},\"potentialAction\":[{\"@type\":\"SearchAction\",\"target\":{\"@type\":\"EntryPoint\",\"urlTemplate\":\"https:\\\/\\\/www.anovapeneira.gal\\\/?s={search_term_string}\"},\"query-input\":{\"@type\":\"PropertyValueSpecification\",\"valueRequired\":true,\"valueName\":\"search_term_string\"}}],\"inLanguage\":\"gl-ES\"},{\"@type\":\"Organization\",\"@id\":\"https:\\\/\\\/www.anovapeneira.gal\\\/#organization\",\"name\":\"A Nova Peneira\",\"url\":\"https:\\\/\\\/www.anovapeneira.gal\\\/\",\"logo\":{\"@type\":\"ImageObject\",\"inLanguage\":\"gl-ES\",\"@id\":\"https:\\\/\\\/www.anovapeneira.gal\\\/#\\\/schema\\\/logo\\\/image\\\/\",\"url\":\"http:\\\/\\\/www.anovapeneira.gal\\\/wp-content\\\/uploads\\\/2019\\\/06\\\/logo_a_nova_peneira_portal_web.png\",\"contentUrl\":\"http:\\\/\\\/www.anovapeneira.gal\\\/wp-content\\\/uploads\\\/2019\\\/06\\\/logo_a_nova_peneira_portal_web.png\",\"width\":300,\"height\":100,\"caption\":\"A Nova Peneira\"},\"image\":{\"@id\":\"https:\\\/\\\/www.anovapeneira.gal\\\/#\\\/schema\\\/logo\\\/image\\\/\"},\"sameAs\":[\"https:\\\/\\\/www.facebook.com\\\/anovapeneira\",\"https:\\\/\\\/x.com\\\/APeneira\"]},{\"@type\":\"Person\",\"@id\":\"https:\\\/\\\/www.anovapeneira.gal\\\/#\\\/schema\\\/person\\\/424dfe65e3070fd8a44d22d2c088762a\",\"name\":\"Tino Lago\",\"image\":{\"@type\":\"ImageObject\",\"inLanguage\":\"gl-ES\",\"@id\":\"https:\\\/\\\/secure.gravatar.com\\\/avatar\\\/b3df6a06e44bab3111583b90f0f33a0379ee5e3d22cbadd232d39f21c30c62be?s=96&d=mm&r=g\",\"url\":\"https:\\\/\\\/secure.gravatar.com\\\/avatar\\\/b3df6a06e44bab3111583b90f0f33a0379ee5e3d22cbadd232d39f21c30c62be?s=96&d=mm&r=g\",\"contentUrl\":\"https:\\\/\\\/secure.gravatar.com\\\/avatar\\\/b3df6a06e44bab3111583b90f0f33a0379ee5e3d22cbadd232d39f21c30c62be?s=96&d=mm&r=g\",\"caption\":\"Tino Lago\"},\"sameAs\":[\"http:\\\/\\\/www.anovapeneira.gal\"],\"url\":\"https:\\\/\\\/www.anovapeneira.gal\\\/index.php\\\/author\\\/director\\\/\"}]}<\/script>\n<!-- \/ Yoast SEO plugin. -->","yoast_head_json":{"title":"O BNG de Mar\u00edn a plena m\u00e1quina -","robots":{"index":"index","follow":"follow","max-snippet":"max-snippet:-1","max-image-preview":"max-image-preview:large","max-video-preview":"max-video-preview:-1"},"canonical":"https:\/\/www.anovapeneira.gal\/index.php\/2025\/05\/19\/o-bng-de-marin-a-plena-maquina\/","og_locale":"gl_ES","og_type":"article","og_title":"O BNG de Mar\u00edn a plena m\u00e1quina -","og_description":"Se hai algo que me molesta, porque \u00e9 manifestamente inxusto,\u00e9 cando algu\u00e9n denigra a pr\u00e1ctica pol\u00edtica co absurdo t\u00f3pico de \u201c todos son iguais\u201d. [...]","og_url":"https:\/\/www.anovapeneira.gal\/index.php\/2025\/05\/19\/o-bng-de-marin-a-plena-maquina\/","article_publisher":"https:\/\/www.facebook.com\/anovapeneira","article_published_time":"2025-05-19T10:00:47+00:00","og_image":[{"width":720,"height":432,"url":"https:\/\/www.anovapeneira.gal\/wp-content\/uploads\/2025\/05\/bng_marin.jpg","type":"image\/jpeg"}],"author":"Tino Lago","twitter_card":"summary_large_image","twitter_creator":"@APeneira","twitter_site":"@APeneira","twitter_misc":{"Escrito por":"Tino Lago","Tempo de lectura":"4 minutos"},"schema":{"@context":"https:\/\/schema.org","@graph":[{"@type":"Article","@id":"https:\/\/www.anovapeneira.gal\/index.php\/2025\/05\/19\/o-bng-de-marin-a-plena-maquina\/#article","isPartOf":{"@id":"https:\/\/www.anovapeneira.gal\/index.php\/2025\/05\/19\/o-bng-de-marin-a-plena-maquina\/"},"author":{"name":"Tino Lago","@id":"https:\/\/www.anovapeneira.gal\/#\/schema\/person\/424dfe65e3070fd8a44d22d2c088762a"},"headline":"O BNG de Mar\u00edn a plena m\u00e1quina","datePublished":"2025-05-19T10:00:47+00:00","mainEntityOfPage":{"@id":"https:\/\/www.anovapeneira.gal\/index.php\/2025\/05\/19\/o-bng-de-marin-a-plena-maquina\/"},"wordCount":1939,"commentCount":0,"publisher":{"@id":"https:\/\/www.anovapeneira.gal\/#organization"},"image":{"@id":"https:\/\/www.anovapeneira.gal\/index.php\/2025\/05\/19\/o-bng-de-marin-a-plena-maquina\/#primaryimage"},"thumbnailUrl":"https:\/\/www.anovapeneira.gal\/wp-content\/uploads\/2025\/05\/bng_marin.jpg","keywords":["Concello de Mar\u00edn"],"articleSection":["Morrazo"],"inLanguage":"gl-ES","potentialAction":[{"@type":"CommentAction","name":"Comment","target":["https:\/\/www.anovapeneira.gal\/index.php\/2025\/05\/19\/o-bng-de-marin-a-plena-maquina\/#respond"]}]},{"@type":"WebPage","@id":"https:\/\/www.anovapeneira.gal\/index.php\/2025\/05\/19\/o-bng-de-marin-a-plena-maquina\/","url":"https:\/\/www.anovapeneira.gal\/index.php\/2025\/05\/19\/o-bng-de-marin-a-plena-maquina\/","name":"O BNG de Mar\u00edn a plena m\u00e1quina -","isPartOf":{"@id":"https:\/\/www.anovapeneira.gal\/#website"},"primaryImageOfPage":{"@id":"https:\/\/www.anovapeneira.gal\/index.php\/2025\/05\/19\/o-bng-de-marin-a-plena-maquina\/#primaryimage"},"image":{"@id":"https:\/\/www.anovapeneira.gal\/index.php\/2025\/05\/19\/o-bng-de-marin-a-plena-maquina\/#primaryimage"},"thumbnailUrl":"https:\/\/www.anovapeneira.gal\/wp-content\/uploads\/2025\/05\/bng_marin.jpg","datePublished":"2025-05-19T10:00:47+00:00","breadcrumb":{"@id":"https:\/\/www.anovapeneira.gal\/index.php\/2025\/05\/19\/o-bng-de-marin-a-plena-maquina\/#breadcrumb"},"inLanguage":"gl-ES","potentialAction":[{"@type":"ReadAction","target":["https:\/\/www.anovapeneira.gal\/index.php\/2025\/05\/19\/o-bng-de-marin-a-plena-maquina\/"]}]},{"@type":"ImageObject","inLanguage":"gl-ES","@id":"https:\/\/www.anovapeneira.gal\/index.php\/2025\/05\/19\/o-bng-de-marin-a-plena-maquina\/#primaryimage","url":"https:\/\/www.anovapeneira.gal\/wp-content\/uploads\/2025\/05\/bng_marin.jpg","contentUrl":"https:\/\/www.anovapeneira.gal\/wp-content\/uploads\/2025\/05\/bng_marin.jpg","width":720,"height":432},{"@type":"BreadcrumbList","@id":"https:\/\/www.anovapeneira.gal\/index.php\/2025\/05\/19\/o-bng-de-marin-a-plena-maquina\/#breadcrumb","itemListElement":[{"@type":"ListItem","position":1,"name":"Portada","item":"https:\/\/www.anovapeneira.gal\/"},{"@type":"ListItem","position":2,"name":"O BNG de Mar\u00edn a plena m\u00e1quina"}]},{"@type":"WebSite","@id":"https:\/\/www.anovapeneira.gal\/#website","url":"https:\/\/www.anovapeneira.gal\/","name":"","description":"Xornal galego de informaci\u00f3n xeral Publicaci\u00f3n mensual de novas de Galicia e en especial dos Concellos da sur da provincia de Pontevedra.","publisher":{"@id":"https:\/\/www.anovapeneira.gal\/#organization"},"potentialAction":[{"@type":"SearchAction","target":{"@type":"EntryPoint","urlTemplate":"https:\/\/www.anovapeneira.gal\/?s={search_term_string}"},"query-input":{"@type":"PropertyValueSpecification","valueRequired":true,"valueName":"search_term_string"}}],"inLanguage":"gl-ES"},{"@type":"Organization","@id":"https:\/\/www.anovapeneira.gal\/#organization","name":"A Nova Peneira","url":"https:\/\/www.anovapeneira.gal\/","logo":{"@type":"ImageObject","inLanguage":"gl-ES","@id":"https:\/\/www.anovapeneira.gal\/#\/schema\/logo\/image\/","url":"http:\/\/www.anovapeneira.gal\/wp-content\/uploads\/2019\/06\/logo_a_nova_peneira_portal_web.png","contentUrl":"http:\/\/www.anovapeneira.gal\/wp-content\/uploads\/2019\/06\/logo_a_nova_peneira_portal_web.png","width":300,"height":100,"caption":"A Nova Peneira"},"image":{"@id":"https:\/\/www.anovapeneira.gal\/#\/schema\/logo\/image\/"},"sameAs":["https:\/\/www.facebook.com\/anovapeneira","https:\/\/x.com\/APeneira"]},{"@type":"Person","@id":"https:\/\/www.anovapeneira.gal\/#\/schema\/person\/424dfe65e3070fd8a44d22d2c088762a","name":"Tino Lago","image":{"@type":"ImageObject","inLanguage":"gl-ES","@id":"https:\/\/secure.gravatar.com\/avatar\/b3df6a06e44bab3111583b90f0f33a0379ee5e3d22cbadd232d39f21c30c62be?s=96&d=mm&r=g","url":"https:\/\/secure.gravatar.com\/avatar\/b3df6a06e44bab3111583b90f0f33a0379ee5e3d22cbadd232d39f21c30c62be?s=96&d=mm&r=g","contentUrl":"https:\/\/secure.gravatar.com\/avatar\/b3df6a06e44bab3111583b90f0f33a0379ee5e3d22cbadd232d39f21c30c62be?s=96&d=mm&r=g","caption":"Tino Lago"},"sameAs":["http:\/\/www.anovapeneira.gal"],"url":"https:\/\/www.anovapeneira.gal\/index.php\/author\/director\/"}]}},"jetpack_featured_media_url":"https:\/\/www.anovapeneira.gal\/wp-content\/uploads\/2025\/05\/bng_marin.jpg","_links":{"self":[{"href":"https:\/\/www.anovapeneira.gal\/index.php\/wp-json\/wp\/v2\/posts\/13915","targetHints":{"allow":["GET"]}}],"collection":[{"href":"https:\/\/www.anovapeneira.gal\/index.php\/wp-json\/wp\/v2\/posts"}],"about":[{"href":"https:\/\/www.anovapeneira.gal\/index.php\/wp-json\/wp\/v2\/types\/post"}],"author":[{"embeddable":true,"href":"https:\/\/www.anovapeneira.gal\/index.php\/wp-json\/wp\/v2\/users\/2"}],"replies":[{"embeddable":true,"href":"https:\/\/www.anovapeneira.gal\/index.php\/wp-json\/wp\/v2\/comments?post=13915"}],"version-history":[{"count":1,"href":"https:\/\/www.anovapeneira.gal\/index.php\/wp-json\/wp\/v2\/posts\/13915\/revisions"}],"predecessor-version":[{"id":13917,"href":"https:\/\/www.anovapeneira.gal\/index.php\/wp-json\/wp\/v2\/posts\/13915\/revisions\/13917"}],"wp:featuredmedia":[{"embeddable":true,"href":"https:\/\/www.anovapeneira.gal\/index.php\/wp-json\/wp\/v2\/media\/13916"}],"wp:attachment":[{"href":"https:\/\/www.anovapeneira.gal\/index.php\/wp-json\/wp\/v2\/media?parent=13915"}],"wp:term":[{"taxonomy":"category","embeddable":true,"href":"https:\/\/www.anovapeneira.gal\/index.php\/wp-json\/wp\/v2\/categories?post=13915"},{"taxonomy":"post_tag","embeddable":true,"href":"https:\/\/www.anovapeneira.gal\/index.php\/wp-json\/wp\/v2\/tags?post=13915"}],"curies":[{"name":"wp","href":"https:\/\/api.w.org\/{rel}","templated":true}]}}