{"id":13919,"date":"2025-05-20T10:00:55","date_gmt":"2025-05-20T08:00:55","guid":{"rendered":"https:\/\/www.anovapeneira.gal\/?p=13919"},"modified":"2025-05-15T10:09:04","modified_gmt":"2025-05-15T08:09:04","slug":"javier-bas-presidente-do-pp-de-redondela-4","status":"publish","type":"post","link":"https:\/\/www.anovapeneira.gal\/index.php\/2025\/05\/20\/javier-bas-presidente-do-pp-de-redondela-4\/","title":{"rendered":"Javier Bas presidente do PP de Redondela"},"content":{"rendered":"\n<p><strong>Volvemos falar cos responsables pol\u00edticos de Redondela ante a complicada situaci\u00f3n pol\u00edtica que vive a vila. Fac\u00e9molo desta volta co ex alcalde popular Javier Bas.<\/strong><\/p>\n\n\n\n<h2 class=\"wp-block-heading\">\u201c<strong>Redondela vive unha situaci\u00f3n ca\u00f3tica que ten como m\u00e1xima culpable a Digna Rivas, e da que AER e o BNG son tam\u00e9n responsables\u201d<\/strong><\/h2>\n\n\n\n<p><strong>Faime unha valoraci\u00f3n sint\u00e9tica da situaci\u00f3n pol\u00edtica que vive Redondela nestes momentos?<\/strong><\/p>\n\n\n\n<blockquote class=\"wp-block-quote is-layout-flow wp-block-quote-is-layout-flow\">\n<p>Estamos a ver como o goberno sa\u00eddo do ano 23 \u00e9 un proxecto fracasado. O \u00fanico nexo com\u00fan que ti\u00f1an os 3 partidos responsables do goberno que padece Redondela era que non goberne o partido popular. Non hai nada dirixido ao ben com\u00fan da veci\u00f1anza de Redondela, e cando digo nada quero dicir nada en absoluto. O pacto que fixo alcaldesa a Digna Rivas s\u00f3 estaba motivado por intereses persoais, intereses partidistas e pola vontade de impedir que o partido m\u00e1is votado en Redondela puidera gobernar.<\/p>\n<\/blockquote>\n\n\n\n<blockquote class=\"wp-block-quote is-layout-flow wp-block-quote-is-layout-flow\">\n<p>O fracaso estaba cantado. E por desgraza quen o est\u00e1 a padecer agora \u00e9 o conxunto da veci\u00f1anza de Redondela.<\/p>\n<\/blockquote>\n\n\n\n<p><strong>Que sa\u00edda pode ter esta situaci\u00f3n?<\/strong><\/p>\n\n\n\n<blockquote class=\"wp-block-quote is-layout-flow wp-block-quote-is-layout-flow\">\n<p>A responsable da situaci\u00f3n \u00e9 Digna Rivas. Quero recordar que n\u00f3s gobernamos entre o 11 e o 19 sempre en minor\u00eda. E nunha situaci\u00f3n aritm\u00e9tica minoritaria soubemos manter a estabilidade, e incluso levar a Redondela a niveis pr\u00f3ximos \u00e1 excelencia.<\/p>\n<\/blockquote>\n\n\n\n<p><strong>En que campos?<\/strong><\/p>\n\n\n\n<blockquote class=\"wp-block-quote is-layout-flow wp-block-quote-is-layout-flow\">\n<p>Pois por citar alg\u00fan exemplo:<\/p>\n<\/blockquote>\n\n\n\n<blockquote class=\"wp-block-quote is-layout-flow wp-block-quote-is-layout-flow\">\n<p>-Saneamos as contas<\/p>\n\n\n\n<p>-O conservatorio acadara o reco\u00f1ecemento escolar da UNESCO<\/p>\n\n\n\n<p>-Redondela foi cidade amiga da infancia<\/p>\n\n\n\n<p>&#8211; Fomos l\u00edderes galegos en transparencia. En Galicia hai m\u00e1is de 300 Concellos e no noso mandato Redondela foi o n\u00famero 1 en transparencia<\/p>\n\n\n\n<p>&#8230;.<\/p>\n\n\n\n<p>Entra a actual alcaldesa, comeza a comportarse de maneira autoritaria e ca\u00f3tica e todo se acaba. E isto non \u00e9 que o diga eu, dino os seus propios socios de goberno.<\/p>\n<\/blockquote>\n\n\n\n<p><strong>Que din os socios de goberno: que a alcaldesa se comporta de maneira ca\u00f3tica e autoritaria?<\/strong><\/p>\n\n\n\n<blockquote class=\"wp-block-quote is-layout-flow wp-block-quote-is-layout-flow\">\n<p>Si. O caos non \u00e9 de agora, xa ven do principio .Recorda que no primeiro mandato AER chega a deixar o goberno.<\/p>\n<\/blockquote>\n\n\n\n<blockquote class=\"wp-block-quote is-layout-flow wp-block-quote-is-layout-flow\">\n<p>A alcaldesa \u00e9 a responsable desta situaci\u00f3n porque pola s\u00faa incapacidade pol\u00edtica e o seu talante autoritario, non \u00e9 capaz de artellar maior\u00edas estables, cando ten a posibilidade aritm\u00e9tica de facelo.<\/p>\n<\/blockquote>\n\n\n\n<p><strong>\u00c9 a \u00fanica responsable?<\/strong><\/p>\n\n\n\n<blockquote class=\"wp-block-quote is-layout-flow wp-block-quote-is-layout-flow\">\n<p>Non. \u00c9 a m\u00e1xima responsable, pero non a \u00fanica responsable. AER e o BNG te\u00f1en tam\u00e9n un elevado nivel de responsabilidade. AER ten a m\u00e1xima responsabilidade porque incumpriu o seu compromiso de campa\u00f1a de que non \u00eda pactar con Digna Rivas.<\/p>\n<\/blockquote>\n\n\n\n<p><strong>Ben, tam\u00e9n dixeron que non pactar\u00edan con Javier Bas<\/strong><\/p>\n\n\n\n<blockquote class=\"wp-block-quote is-layout-flow wp-block-quote-is-layout-flow\">\n<p>Ben, vale, pois incumpriron o 50% do seu compromiso de campa\u00f1a, pero iso non lles exime de responsabilidade. En canto ao BNG te\u00f1en unha actitude irresponsable. Non queren formar parte do goberno, algo inexplicable e que est\u00e1 nas ant\u00edpodas do sentido com\u00fan, non apoian ao goberno e tampouco facilitan un goberno alternativo.<\/p>\n<\/blockquote>\n\n\n\n<blockquote class=\"wp-block-quote is-layout-flow wp-block-quote-is-layout-flow\">\n<p>A actitude irresponsable do BNG, igual que \u00e1 do \u201ccan do hortelano\u201d que nin come nin deixa comer, facilita que Redondela estea na actual situaci\u00f3n de caos pol\u00edtico e econ\u00f3mico, e en palabras do concelleiro de AER esteamos a vivir un goberno zombi.<\/p>\n<\/blockquote>\n\n\n\n<p><strong>E o PP non ten ningunha responsabilidade?<\/strong><\/p>\n\n\n\n<blockquote class=\"wp-block-quote is-layout-flow wp-block-quote-is-layout-flow\">\n<p>N\u00f3s fomos vetados desde o primeiro momento, desde o inicio. Nin sequera nos permitiron participar dos acordos do pleno de investidura. Malia todo n\u00f3s propuxemos unha sa\u00edda<\/p>\n<\/blockquote>\n\n\n\n<p><strong>En que consistir\u00eda?<\/strong><\/p>\n\n\n\n<blockquote class=\"wp-block-quote is-layout-flow wp-block-quote-is-layout-flow\">\n<p>O problema do BNG, entendemos n\u00f3s, non \u00e9 co PSOE \u00e9 con Digna Rivas. Parece ser que a eles non os ti\u00f1an en conta para a toma de decisi\u00f3ns. A nosa alternativa era aprobar os orzamentos se Digna Rivas dimitira e convocaba outro pleno de investidura para que o BNG e AER decidan se queren apoiar ou non.<\/p>\n<\/blockquote>\n\n\n\n<p><strong>O voceiro de AER apelou \u00e1 vosa responsabilidade<\/strong><\/p>\n\n\n\n<blockquote class=\"wp-block-quote is-layout-flow wp-block-quote-is-layout-flow\">\n<p>Ten graza si. N\u00f3s somos 10, f\u00e1ltanos un voto para poder cambiar as cousas. O voceiro de AER teno moi f\u00e1cil: 10+1=11.E 11 \u00e9 a maior\u00eda do pleno de Redondela.<\/p>\n<\/blockquote>\n\n\n\n<p><strong>Digna Rivas manifestou que ten intenci\u00f3n de esgotar o mandato. Pero non \u00e1 posible estar as\u00ed dous anos, cun goberno sen posibilidade algunha de aprobar nada e coa tensi\u00f3n e o conflito instalados permanentemente no Concello. Teredes que p\u00f3rvos de acordo dalg\u00fan modo para buscar algunha sa\u00edda?<\/strong><\/p>\n\n\n\n<blockquote class=\"wp-block-quote is-layout-flow wp-block-quote-is-layout-flow\">\n<p>A \u00fanica sa\u00edda posible \u00e9 a responsabilidade colectiva do PSOE, BNG e AER, que se po\u00f1an de acordo dunha vez, que deixen de mirar o interese partidista dunha vez, e que comecen a traballar polo interese colectivo de Redondela dunha vez.<\/p>\n<\/blockquote>\n\n\n\n<blockquote class=\"wp-block-quote is-layout-flow wp-block-quote-is-layout-flow\">\n<p>N\u00f3s formulamos unha sa\u00edda, a alcaldesa non a aceptou. Te\u00f1en que ser eles agora .E te\u00f1en que ser os tres, non vale nin p\u00f3rse de perfil nin mirar para outro lado.<\/p>\n<\/blockquote>\n\n\n\n<p><strong>E se eles non se po\u00f1en de acordo?<\/strong><\/p>\n\n\n\n<blockquote class=\"wp-block-quote is-layout-flow wp-block-quote-is-layout-flow\">\n<p>N\u00f3s estamos aqu\u00ed.<\/p>\n<\/blockquote>\n\n\n\n<p><strong>Para que?<\/strong><\/p>\n\n\n\n<blockquote class=\"wp-block-quote is-layout-flow wp-block-quote-is-layout-flow\">\n<p>Para un cambio de goberno.<\/p>\n<\/blockquote>\n\n\n\n<p><strong>Con quen?<\/strong><\/p>\n\n\n\n<blockquote class=\"wp-block-quote is-layout-flow wp-block-quote-is-layout-flow\">\n<p>Eu non estou pechado a nada, e estou disposto a escoitar todo. Ollo, iso non quere dicir que estea disposto a tragar con todo, que non o estou nin de lonxe, pero si estou disposto a escoitar todo. E se o que se nos formula \u00e9 estabilidade e beneficio para o conxunto de Redondela, escoitar\u00e9molo con toda a predisposici\u00f3n.<\/p>\n<\/blockquote>\n\n\n\n<p><strong>Contemplas a hip\u00f3tese de que poidamos estar as\u00ed dous anos?<\/strong><\/p>\n\n\n\n<blockquote class=\"wp-block-quote is-layout-flow wp-block-quote-is-layout-flow\">\n<p>Claramente si. E incluso contemplo a posibilidade de que vaia a peor.<\/p>\n<\/blockquote>\n\n\n\n<p><strong>Ben, xa co\u00f1ecemos o teu punto de vista sobre a situaci\u00f3n pol\u00edtica. Agora d\u00e1me a t\u00faa visi\u00f3n sobre como vai a xesti\u00f3n neste ecuador do mandato?<\/strong><\/p>\n\n\n\n<blockquote class=\"wp-block-quote is-layout-flow wp-block-quote-is-layout-flow\">\n<p>A xesti\u00f3n \u00e9 desastrosa. As parroquias est\u00e1n abandonadas, a seguridade est\u00e1 moi mal xestionada. A situaci\u00f3n econ\u00f3mica \u00e9 a que \u00e9: por primeira vez na historia foron intervidos os pagos por parte da administraci\u00f3n central, e fomos obrigados a realizar un plan de axuste. A taxa do lixo sobe de maneira escandalosa para pagar as facturas froito da s\u00faa incompetencia. Aos veci\u00f1os nin se lles recibe nin se lles atende&#8230;<\/p>\n<\/blockquote>\n\n\n\n<blockquote class=\"wp-block-quote is-layout-flow wp-block-quote-is-layout-flow\">\n<p>En definitiva ela perdeu a confianza do pleno, dos seus compa\u00f1eiros, do seu partido, dos traballadores do Concello, dos maiores de Redondela&#8230;. que m\u00e1is quere para darse de conta de que ela \u00e9 o problema&#8230;.<\/p>\n<\/blockquote>\n\n\n\n<p><strong>Que opinas da pol\u00e9mica das peonalizaci\u00f3ns?<\/strong><\/p>\n\n\n\n<blockquote class=\"wp-block-quote is-layout-flow wp-block-quote-is-layout-flow\">\n<p>Que \u00e9 outro exemplo m\u00e1is do car\u00e1cter autoritario desta alcaldesa. Un asunto deste calibre non se pode abordar sen ter en conta \u00e1 veci\u00f1anza.<\/p>\n<\/blockquote>\n\n\n\n<p><strong>A expulsi\u00f3n da concelleira Jessica Garc\u00eda do pleno, pareceuche xusta o inxusta?<\/strong><\/p>\n\n\n\n<blockquote class=\"wp-block-quote is-layout-flow wp-block-quote-is-layout-flow\">\n<p>Esa expulsi\u00f3n, despois das tres chamadas \u00e1 orde regulamentarias, xorde nun pleno no que o ambiente \u00e9 irrespirable, no que incluso se chegou a aludir de maneira inaceptable a cuesti\u00f3ns persoais da se\u00f1ora Garc\u00eda e de outro concelleiro do BNG. E a responsable desta situaci\u00f3n non \u00e9 outra que a alcaldesa pois non sabe dirixir un pleno.<\/p>\n<\/blockquote>\n\n\n\n<p><strong>Rematamos. Antes dic\u00edasme que o PP non ten responsabilidade na actual situaci\u00f3n. Tampouco a tendes no feito de que o concelleiro Alberto \u00c1lvarez estea levando varias \u00e1reas sen cobrar soldo alg\u00fan?<\/strong><\/p>\n\n\n\n<blockquote class=\"wp-block-quote is-layout-flow wp-block-quote-is-layout-flow\">\n<p>Como antes che dixen:N\u00f3s fomos vetados no pleno de investidura, polo tanto votamos todo en contra. E agora que te\u00f1en un problema cun salario recorren a n\u00f3s\u00a1\u00a1\u00a1.A\u00ednda as\u00ed non dixemos que non,puxemos d\u00faas condici\u00f3ns. Eliminar o persoal de confianza do BNG, que aceptaron, e baixar a taxa de lixo, que non aceptaron. Polo tanto que non nos atrib\u00faan unha responsabilidade que n\u00f3s non temos. N\u00f3s non puxemos a esta persoa no goberno. O problema cre\u00e1rono eles, e eles son os que o te\u00f1en que resolver.<\/p>\n<\/blockquote>\n","protected":false},"excerpt":{"rendered":"<div class=\"mh-excerpt\"><p>Volvemos falar cos responsables pol\u00edticos de Redondela ante a complicada situaci\u00f3n pol\u00edtica que vive a vila. Fac\u00e9molo desta volta co ex alcalde popular Javier Bas. <a class=\"mh-excerpt-more\" href=\"https:\/\/www.anovapeneira.gal\/index.php\/2025\/05\/20\/javier-bas-presidente-do-pp-de-redondela-4\/\" title=\"Javier Bas presidente do PP de Redondela\">[&#8230;]<\/a><\/p>\n<\/div>","protected":false},"author":2,"featured_media":13920,"comment_status":"open","ping_status":"open","sticky":false,"template":"","format":"standard","meta":{"_exactmetrics_skip_tracking":false,"_exactmetrics_sitenote_active":false,"_exactmetrics_sitenote_note":"","_exactmetrics_sitenote_category":0,"footnotes":""},"categories":[270],"tags":[],"class_list":{"0":"post-13919","1":"post","2":"type-post","3":"status-publish","4":"format-standard","5":"has-post-thumbnail","7":"category-redondela-entrevistas"},"yoast_head":"<!-- This site is optimized with the Yoast SEO plugin v27.4 - https:\/\/yoast.com\/product\/yoast-seo-wordpress\/ -->\n<title>Javier Bas presidente do PP de Redondela -<\/title>\n<meta name=\"robots\" content=\"index, follow, max-snippet:-1, max-image-preview:large, max-video-preview:-1\" \/>\n<link rel=\"canonical\" href=\"https:\/\/www.anovapeneira.gal\/index.php\/2025\/05\/20\/javier-bas-presidente-do-pp-de-redondela-4\/\" \/>\n<meta property=\"og:locale\" content=\"gl_ES\" \/>\n<meta property=\"og:type\" content=\"article\" \/>\n<meta property=\"og:title\" content=\"Javier Bas presidente do PP de Redondela -\" \/>\n<meta property=\"og:description\" content=\"Volvemos falar cos responsables pol\u00edticos de Redondela ante a complicada situaci\u00f3n pol\u00edtica que vive a vila. Fac\u00e9molo desta volta co ex alcalde popular Javier Bas. [...]\" \/>\n<meta property=\"og:url\" content=\"https:\/\/www.anovapeneira.gal\/index.php\/2025\/05\/20\/javier-bas-presidente-do-pp-de-redondela-4\/\" \/>\n<meta property=\"article:publisher\" content=\"https:\/\/www.facebook.com\/anovapeneira\" \/>\n<meta property=\"article:published_time\" content=\"2025-05-20T08:00:55+00:00\" \/>\n<meta property=\"og:image\" content=\"https:\/\/www.anovapeneira.gal\/wp-content\/uploads\/2025\/05\/javier_bas.jpg\" \/>\n\t<meta property=\"og:image:width\" content=\"720\" \/>\n\t<meta property=\"og:image:height\" content=\"432\" \/>\n\t<meta property=\"og:image:type\" content=\"image\/jpeg\" \/>\n<meta name=\"author\" content=\"Tino Lago\" \/>\n<meta name=\"twitter:card\" content=\"summary_large_image\" \/>\n<meta name=\"twitter:creator\" content=\"@APeneira\" \/>\n<meta name=\"twitter:site\" content=\"@APeneira\" \/>\n<meta name=\"twitter:label1\" content=\"Escrito por\" \/>\n\t<meta name=\"twitter:data1\" content=\"Tino Lago\" \/>\n\t<meta name=\"twitter:label2\" content=\"Tempo de lectura\" \/>\n\t<meta name=\"twitter:data2\" content=\"2 minutos\" \/>\n<script type=\"application\/ld+json\" class=\"yoast-schema-graph\">{\"@context\":\"https:\\\/\\\/schema.org\",\"@graph\":[{\"@type\":\"Article\",\"@id\":\"https:\\\/\\\/www.anovapeneira.gal\\\/index.php\\\/2025\\\/05\\\/20\\\/javier-bas-presidente-do-pp-de-redondela-4\\\/#article\",\"isPartOf\":{\"@id\":\"https:\\\/\\\/www.anovapeneira.gal\\\/index.php\\\/2025\\\/05\\\/20\\\/javier-bas-presidente-do-pp-de-redondela-4\\\/\"},\"author\":{\"name\":\"Tino Lago\",\"@id\":\"https:\\\/\\\/www.anovapeneira.gal\\\/#\\\/schema\\\/person\\\/424dfe65e3070fd8a44d22d2c088762a\"},\"headline\":\"Javier Bas presidente do PP de Redondela\",\"datePublished\":\"2025-05-20T08:00:55+00:00\",\"mainEntityOfPage\":{\"@id\":\"https:\\\/\\\/www.anovapeneira.gal\\\/index.php\\\/2025\\\/05\\\/20\\\/javier-bas-presidente-do-pp-de-redondela-4\\\/\"},\"wordCount\":1306,\"commentCount\":0,\"publisher\":{\"@id\":\"https:\\\/\\\/www.anovapeneira.gal\\\/#organization\"},\"image\":{\"@id\":\"https:\\\/\\\/www.anovapeneira.gal\\\/index.php\\\/2025\\\/05\\\/20\\\/javier-bas-presidente-do-pp-de-redondela-4\\\/#primaryimage\"},\"thumbnailUrl\":\"https:\\\/\\\/www.anovapeneira.gal\\\/wp-content\\\/uploads\\\/2025\\\/05\\\/javier_bas.jpg\",\"articleSection\":[\"Redondela\"],\"inLanguage\":\"gl-ES\",\"potentialAction\":[{\"@type\":\"CommentAction\",\"name\":\"Comment\",\"target\":[\"https:\\\/\\\/www.anovapeneira.gal\\\/index.php\\\/2025\\\/05\\\/20\\\/javier-bas-presidente-do-pp-de-redondela-4\\\/#respond\"]}]},{\"@type\":\"WebPage\",\"@id\":\"https:\\\/\\\/www.anovapeneira.gal\\\/index.php\\\/2025\\\/05\\\/20\\\/javier-bas-presidente-do-pp-de-redondela-4\\\/\",\"url\":\"https:\\\/\\\/www.anovapeneira.gal\\\/index.php\\\/2025\\\/05\\\/20\\\/javier-bas-presidente-do-pp-de-redondela-4\\\/\",\"name\":\"Javier Bas presidente do PP de Redondela -\",\"isPartOf\":{\"@id\":\"https:\\\/\\\/www.anovapeneira.gal\\\/#website\"},\"primaryImageOfPage\":{\"@id\":\"https:\\\/\\\/www.anovapeneira.gal\\\/index.php\\\/2025\\\/05\\\/20\\\/javier-bas-presidente-do-pp-de-redondela-4\\\/#primaryimage\"},\"image\":{\"@id\":\"https:\\\/\\\/www.anovapeneira.gal\\\/index.php\\\/2025\\\/05\\\/20\\\/javier-bas-presidente-do-pp-de-redondela-4\\\/#primaryimage\"},\"thumbnailUrl\":\"https:\\\/\\\/www.anovapeneira.gal\\\/wp-content\\\/uploads\\\/2025\\\/05\\\/javier_bas.jpg\",\"datePublished\":\"2025-05-20T08:00:55+00:00\",\"breadcrumb\":{\"@id\":\"https:\\\/\\\/www.anovapeneira.gal\\\/index.php\\\/2025\\\/05\\\/20\\\/javier-bas-presidente-do-pp-de-redondela-4\\\/#breadcrumb\"},\"inLanguage\":\"gl-ES\",\"potentialAction\":[{\"@type\":\"ReadAction\",\"target\":[\"https:\\\/\\\/www.anovapeneira.gal\\\/index.php\\\/2025\\\/05\\\/20\\\/javier-bas-presidente-do-pp-de-redondela-4\\\/\"]}]},{\"@type\":\"ImageObject\",\"inLanguage\":\"gl-ES\",\"@id\":\"https:\\\/\\\/www.anovapeneira.gal\\\/index.php\\\/2025\\\/05\\\/20\\\/javier-bas-presidente-do-pp-de-redondela-4\\\/#primaryimage\",\"url\":\"https:\\\/\\\/www.anovapeneira.gal\\\/wp-content\\\/uploads\\\/2025\\\/05\\\/javier_bas.jpg\",\"contentUrl\":\"https:\\\/\\\/www.anovapeneira.gal\\\/wp-content\\\/uploads\\\/2025\\\/05\\\/javier_bas.jpg\",\"width\":720,\"height\":432,\"caption\":\"Javier Bas presidente do PP de Redondela\"},{\"@type\":\"BreadcrumbList\",\"@id\":\"https:\\\/\\\/www.anovapeneira.gal\\\/index.php\\\/2025\\\/05\\\/20\\\/javier-bas-presidente-do-pp-de-redondela-4\\\/#breadcrumb\",\"itemListElement\":[{\"@type\":\"ListItem\",\"position\":1,\"name\":\"Portada\",\"item\":\"https:\\\/\\\/www.anovapeneira.gal\\\/\"},{\"@type\":\"ListItem\",\"position\":2,\"name\":\"Javier Bas presidente do PP de Redondela\"}]},{\"@type\":\"WebSite\",\"@id\":\"https:\\\/\\\/www.anovapeneira.gal\\\/#website\",\"url\":\"https:\\\/\\\/www.anovapeneira.gal\\\/\",\"name\":\"\",\"description\":\"Xornal galego de informaci\u00f3n xeral Publicaci\u00f3n mensual de novas de Galicia e en especial dos Concellos da sur da provincia de Pontevedra.\",\"publisher\":{\"@id\":\"https:\\\/\\\/www.anovapeneira.gal\\\/#organization\"},\"potentialAction\":[{\"@type\":\"SearchAction\",\"target\":{\"@type\":\"EntryPoint\",\"urlTemplate\":\"https:\\\/\\\/www.anovapeneira.gal\\\/?s={search_term_string}\"},\"query-input\":{\"@type\":\"PropertyValueSpecification\",\"valueRequired\":true,\"valueName\":\"search_term_string\"}}],\"inLanguage\":\"gl-ES\"},{\"@type\":\"Organization\",\"@id\":\"https:\\\/\\\/www.anovapeneira.gal\\\/#organization\",\"name\":\"A Nova Peneira\",\"url\":\"https:\\\/\\\/www.anovapeneira.gal\\\/\",\"logo\":{\"@type\":\"ImageObject\",\"inLanguage\":\"gl-ES\",\"@id\":\"https:\\\/\\\/www.anovapeneira.gal\\\/#\\\/schema\\\/logo\\\/image\\\/\",\"url\":\"http:\\\/\\\/www.anovapeneira.gal\\\/wp-content\\\/uploads\\\/2019\\\/06\\\/logo_a_nova_peneira_portal_web.png\",\"contentUrl\":\"http:\\\/\\\/www.anovapeneira.gal\\\/wp-content\\\/uploads\\\/2019\\\/06\\\/logo_a_nova_peneira_portal_web.png\",\"width\":300,\"height\":100,\"caption\":\"A Nova Peneira\"},\"image\":{\"@id\":\"https:\\\/\\\/www.anovapeneira.gal\\\/#\\\/schema\\\/logo\\\/image\\\/\"},\"sameAs\":[\"https:\\\/\\\/www.facebook.com\\\/anovapeneira\",\"https:\\\/\\\/x.com\\\/APeneira\"]},{\"@type\":\"Person\",\"@id\":\"https:\\\/\\\/www.anovapeneira.gal\\\/#\\\/schema\\\/person\\\/424dfe65e3070fd8a44d22d2c088762a\",\"name\":\"Tino Lago\",\"image\":{\"@type\":\"ImageObject\",\"inLanguage\":\"gl-ES\",\"@id\":\"https:\\\/\\\/secure.gravatar.com\\\/avatar\\\/b3df6a06e44bab3111583b90f0f33a0379ee5e3d22cbadd232d39f21c30c62be?s=96&d=mm&r=g\",\"url\":\"https:\\\/\\\/secure.gravatar.com\\\/avatar\\\/b3df6a06e44bab3111583b90f0f33a0379ee5e3d22cbadd232d39f21c30c62be?s=96&d=mm&r=g\",\"contentUrl\":\"https:\\\/\\\/secure.gravatar.com\\\/avatar\\\/b3df6a06e44bab3111583b90f0f33a0379ee5e3d22cbadd232d39f21c30c62be?s=96&d=mm&r=g\",\"caption\":\"Tino Lago\"},\"sameAs\":[\"http:\\\/\\\/www.anovapeneira.gal\"],\"url\":\"https:\\\/\\\/www.anovapeneira.gal\\\/index.php\\\/author\\\/director\\\/\"}]}<\/script>\n<!-- \/ Yoast SEO plugin. -->","yoast_head_json":{"title":"Javier Bas presidente do PP de Redondela -","robots":{"index":"index","follow":"follow","max-snippet":"max-snippet:-1","max-image-preview":"max-image-preview:large","max-video-preview":"max-video-preview:-1"},"canonical":"https:\/\/www.anovapeneira.gal\/index.php\/2025\/05\/20\/javier-bas-presidente-do-pp-de-redondela-4\/","og_locale":"gl_ES","og_type":"article","og_title":"Javier Bas presidente do PP de Redondela -","og_description":"Volvemos falar cos responsables pol\u00edticos de Redondela ante a complicada situaci\u00f3n pol\u00edtica que vive a vila. Fac\u00e9molo desta volta co ex alcalde popular Javier Bas. [...]","og_url":"https:\/\/www.anovapeneira.gal\/index.php\/2025\/05\/20\/javier-bas-presidente-do-pp-de-redondela-4\/","article_publisher":"https:\/\/www.facebook.com\/anovapeneira","article_published_time":"2025-05-20T08:00:55+00:00","og_image":[{"width":720,"height":432,"url":"https:\/\/www.anovapeneira.gal\/wp-content\/uploads\/2025\/05\/javier_bas.jpg","type":"image\/jpeg"}],"author":"Tino Lago","twitter_card":"summary_large_image","twitter_creator":"@APeneira","twitter_site":"@APeneira","twitter_misc":{"Escrito por":"Tino Lago","Tempo de lectura":"2 minutos"},"schema":{"@context":"https:\/\/schema.org","@graph":[{"@type":"Article","@id":"https:\/\/www.anovapeneira.gal\/index.php\/2025\/05\/20\/javier-bas-presidente-do-pp-de-redondela-4\/#article","isPartOf":{"@id":"https:\/\/www.anovapeneira.gal\/index.php\/2025\/05\/20\/javier-bas-presidente-do-pp-de-redondela-4\/"},"author":{"name":"Tino Lago","@id":"https:\/\/www.anovapeneira.gal\/#\/schema\/person\/424dfe65e3070fd8a44d22d2c088762a"},"headline":"Javier Bas presidente do PP de Redondela","datePublished":"2025-05-20T08:00:55+00:00","mainEntityOfPage":{"@id":"https:\/\/www.anovapeneira.gal\/index.php\/2025\/05\/20\/javier-bas-presidente-do-pp-de-redondela-4\/"},"wordCount":1306,"commentCount":0,"publisher":{"@id":"https:\/\/www.anovapeneira.gal\/#organization"},"image":{"@id":"https:\/\/www.anovapeneira.gal\/index.php\/2025\/05\/20\/javier-bas-presidente-do-pp-de-redondela-4\/#primaryimage"},"thumbnailUrl":"https:\/\/www.anovapeneira.gal\/wp-content\/uploads\/2025\/05\/javier_bas.jpg","articleSection":["Redondela"],"inLanguage":"gl-ES","potentialAction":[{"@type":"CommentAction","name":"Comment","target":["https:\/\/www.anovapeneira.gal\/index.php\/2025\/05\/20\/javier-bas-presidente-do-pp-de-redondela-4\/#respond"]}]},{"@type":"WebPage","@id":"https:\/\/www.anovapeneira.gal\/index.php\/2025\/05\/20\/javier-bas-presidente-do-pp-de-redondela-4\/","url":"https:\/\/www.anovapeneira.gal\/index.php\/2025\/05\/20\/javier-bas-presidente-do-pp-de-redondela-4\/","name":"Javier Bas presidente do PP de Redondela -","isPartOf":{"@id":"https:\/\/www.anovapeneira.gal\/#website"},"primaryImageOfPage":{"@id":"https:\/\/www.anovapeneira.gal\/index.php\/2025\/05\/20\/javier-bas-presidente-do-pp-de-redondela-4\/#primaryimage"},"image":{"@id":"https:\/\/www.anovapeneira.gal\/index.php\/2025\/05\/20\/javier-bas-presidente-do-pp-de-redondela-4\/#primaryimage"},"thumbnailUrl":"https:\/\/www.anovapeneira.gal\/wp-content\/uploads\/2025\/05\/javier_bas.jpg","datePublished":"2025-05-20T08:00:55+00:00","breadcrumb":{"@id":"https:\/\/www.anovapeneira.gal\/index.php\/2025\/05\/20\/javier-bas-presidente-do-pp-de-redondela-4\/#breadcrumb"},"inLanguage":"gl-ES","potentialAction":[{"@type":"ReadAction","target":["https:\/\/www.anovapeneira.gal\/index.php\/2025\/05\/20\/javier-bas-presidente-do-pp-de-redondela-4\/"]}]},{"@type":"ImageObject","inLanguage":"gl-ES","@id":"https:\/\/www.anovapeneira.gal\/index.php\/2025\/05\/20\/javier-bas-presidente-do-pp-de-redondela-4\/#primaryimage","url":"https:\/\/www.anovapeneira.gal\/wp-content\/uploads\/2025\/05\/javier_bas.jpg","contentUrl":"https:\/\/www.anovapeneira.gal\/wp-content\/uploads\/2025\/05\/javier_bas.jpg","width":720,"height":432,"caption":"Javier Bas presidente do PP de Redondela"},{"@type":"BreadcrumbList","@id":"https:\/\/www.anovapeneira.gal\/index.php\/2025\/05\/20\/javier-bas-presidente-do-pp-de-redondela-4\/#breadcrumb","itemListElement":[{"@type":"ListItem","position":1,"name":"Portada","item":"https:\/\/www.anovapeneira.gal\/"},{"@type":"ListItem","position":2,"name":"Javier Bas presidente do PP de Redondela"}]},{"@type":"WebSite","@id":"https:\/\/www.anovapeneira.gal\/#website","url":"https:\/\/www.anovapeneira.gal\/","name":"","description":"Xornal galego de informaci\u00f3n xeral Publicaci\u00f3n mensual de novas de Galicia e en especial dos Concellos da sur da provincia de Pontevedra.","publisher":{"@id":"https:\/\/www.anovapeneira.gal\/#organization"},"potentialAction":[{"@type":"SearchAction","target":{"@type":"EntryPoint","urlTemplate":"https:\/\/www.anovapeneira.gal\/?s={search_term_string}"},"query-input":{"@type":"PropertyValueSpecification","valueRequired":true,"valueName":"search_term_string"}}],"inLanguage":"gl-ES"},{"@type":"Organization","@id":"https:\/\/www.anovapeneira.gal\/#organization","name":"A Nova Peneira","url":"https:\/\/www.anovapeneira.gal\/","logo":{"@type":"ImageObject","inLanguage":"gl-ES","@id":"https:\/\/www.anovapeneira.gal\/#\/schema\/logo\/image\/","url":"http:\/\/www.anovapeneira.gal\/wp-content\/uploads\/2019\/06\/logo_a_nova_peneira_portal_web.png","contentUrl":"http:\/\/www.anovapeneira.gal\/wp-content\/uploads\/2019\/06\/logo_a_nova_peneira_portal_web.png","width":300,"height":100,"caption":"A Nova Peneira"},"image":{"@id":"https:\/\/www.anovapeneira.gal\/#\/schema\/logo\/image\/"},"sameAs":["https:\/\/www.facebook.com\/anovapeneira","https:\/\/x.com\/APeneira"]},{"@type":"Person","@id":"https:\/\/www.anovapeneira.gal\/#\/schema\/person\/424dfe65e3070fd8a44d22d2c088762a","name":"Tino Lago","image":{"@type":"ImageObject","inLanguage":"gl-ES","@id":"https:\/\/secure.gravatar.com\/avatar\/b3df6a06e44bab3111583b90f0f33a0379ee5e3d22cbadd232d39f21c30c62be?s=96&d=mm&r=g","url":"https:\/\/secure.gravatar.com\/avatar\/b3df6a06e44bab3111583b90f0f33a0379ee5e3d22cbadd232d39f21c30c62be?s=96&d=mm&r=g","contentUrl":"https:\/\/secure.gravatar.com\/avatar\/b3df6a06e44bab3111583b90f0f33a0379ee5e3d22cbadd232d39f21c30c62be?s=96&d=mm&r=g","caption":"Tino Lago"},"sameAs":["http:\/\/www.anovapeneira.gal"],"url":"https:\/\/www.anovapeneira.gal\/index.php\/author\/director\/"}]}},"jetpack_featured_media_url":"https:\/\/www.anovapeneira.gal\/wp-content\/uploads\/2025\/05\/javier_bas.jpg","_links":{"self":[{"href":"https:\/\/www.anovapeneira.gal\/index.php\/wp-json\/wp\/v2\/posts\/13919","targetHints":{"allow":["GET"]}}],"collection":[{"href":"https:\/\/www.anovapeneira.gal\/index.php\/wp-json\/wp\/v2\/posts"}],"about":[{"href":"https:\/\/www.anovapeneira.gal\/index.php\/wp-json\/wp\/v2\/types\/post"}],"author":[{"embeddable":true,"href":"https:\/\/www.anovapeneira.gal\/index.php\/wp-json\/wp\/v2\/users\/2"}],"replies":[{"embeddable":true,"href":"https:\/\/www.anovapeneira.gal\/index.php\/wp-json\/wp\/v2\/comments?post=13919"}],"version-history":[{"count":1,"href":"https:\/\/www.anovapeneira.gal\/index.php\/wp-json\/wp\/v2\/posts\/13919\/revisions"}],"predecessor-version":[{"id":13921,"href":"https:\/\/www.anovapeneira.gal\/index.php\/wp-json\/wp\/v2\/posts\/13919\/revisions\/13921"}],"wp:featuredmedia":[{"embeddable":true,"href":"https:\/\/www.anovapeneira.gal\/index.php\/wp-json\/wp\/v2\/media\/13920"}],"wp:attachment":[{"href":"https:\/\/www.anovapeneira.gal\/index.php\/wp-json\/wp\/v2\/media?parent=13919"}],"wp:term":[{"taxonomy":"category","embeddable":true,"href":"https:\/\/www.anovapeneira.gal\/index.php\/wp-json\/wp\/v2\/categories?post=13919"},{"taxonomy":"post_tag","embeddable":true,"href":"https:\/\/www.anovapeneira.gal\/index.php\/wp-json\/wp\/v2\/tags?post=13919"}],"curies":[{"name":"wp","href":"https:\/\/api.w.org\/{rel}","templated":true}]}}