{"id":13922,"date":"2025-05-20T10:00:25","date_gmt":"2025-05-20T08:00:25","guid":{"rendered":"https:\/\/www.anovapeneira.gal\/?p=13922"},"modified":"2025-05-15T10:17:51","modified_gmt":"2025-05-15T08:17:51","slug":"incels-criptobros-caetanos-nenos-rata-e-fachapobres-a-nova-espana","status":"publish","type":"post","link":"https:\/\/www.anovapeneira.gal\/index.php\/2025\/05\/20\/incels-criptobros-caetanos-nenos-rata-e-fachapobres-a-nova-espana\/","title":{"rendered":"InCels, criptobr\u00f3s, caetanos, nenos-rata e fachapobres: a Nova Espa\u00f1a"},"content":{"rendered":"\n<pre class=\"wp-block-verse\">Moncho Lareu<\/pre>\n\n\n\n<p>Se hai algo que ateiga de degoro e lecer a nosa sede antifascista \u00e9 a abundancia de novas figuras carism\u00e1ticas na decadente pol\u00edtica espa\u00f1ola. O seu discurso exaltado e as s\u00faas propostas de \u201cdevolver \u2013iso chamado Espa\u00f1a\u2013 ao glorioso pasado da Inquisici\u00f3n e dos Tercios\u201d, sen esquecer o momento \u00e1ureo do &#8220;espa\u00f1olismo de cadeira gamer&#8221;, fan que a sociedade se sinta un pouco m\u00e1is entretida. Pero, por se isto non fose suficiente, a extrema dereita espa\u00f1ola (ou dereita espa\u00f1ola, a secas) tam\u00e9n soubo captar a atenci\u00f3n das perdidi\u00f1as novas xeraci\u00f3ns, mesturando conceptos da cultura \u201cpopular\u201d con ideolox\u00edas non tan populares, pero si moi ruidosas e mimadas polo Amo. A continuaci\u00f3n, facemos unha presentaci\u00f3n de toda a subcultura pol\u00edtico-psiqui\u00e1trica do pouco, pero histri\u00f3nico, que queda de \u201cEspa\u00f1ita\u201d.<\/p>\n\n\n\n<p><strong>Os InCel ou o sexismo et\u00e9reo<\/strong><\/p>\n\n\n\n<p>O termo InCel \u2013abreviatura de &#8220;involuntarily celibate&#8221; ou &#8220;cel\u00edbe involuntario&#8221;\u2013 ref\u00edrese a ese grupello de mozos da inexistente clase media que, malia estar m\u00e1is familiarizados coas pantallas que coas rapazas, culpan a todo o mundo (menos a si mesmos) da s\u00faa triste situaci\u00f3n amorosa-sexual. Odian, de forma sordidamente freudiana, \u00e1s mulleres m\u00e1is ou menos emancipadas das s\u00faas propias familias, \u00e1s que denominan \u201cCharos\u201d. O InCel, que ten certa presenza l\u00fadica no espectro da extrema dereita, considera que a s\u00faa incapacidade para \u201cligar\u201d procede dun \u201ccomplot feminista global\u201d que oprime eses homes \u201cchad\u201d e \u201cmachos alfa\u201d, que precismente eles non son. Os InCels ven a s\u00faa frustraci\u00f3n como unha guerra cultural, onde as rapazas escollen aos \u201cprogres\u201d, \u201cwokes\u201d, ou a outras rapazas, en lugar de optar polo aut\u00e9nticos \u201cmachos ib\u00e9ricos\u201d coma eles. Na pol\u00edtica espa\u00f1ola, as analox\u00edas son claras: os InCels adoitan simpatizar coas ideolox\u00edas m\u00e1is reaccionarias e tradicionais (ese Abascal con tres tallas de traxe menos&#8230;), xa que consideran que a &#8220;igualdade de x\u00e9nero&#8221; \u00e9 a fonte de todos os seus males. Como se fose un novo c\u00f3digo secreto, os InCels adoitan expresar os seus sentimentos nos foros de internet, onde desafogan en orx\u00edas verborreicas cheas de complexos e resentimento.<\/p>\n\n\n\n<p><strong>Os criptobr\u00f3s ou os neolibs\/neocon disfrazados de triunfadores<\/strong><\/p>\n\n\n\n<p>\u00c1s veces, quen m\u00e1is ten menos necesita, pero os criptobr\u00f3s son a excepci\u00f3n. Estes individuos non s\u00f3 pensan que te\u00f1en moitos cartos grazas \u00e1s criptomoedas, sen\u00f3n que tam\u00e9n se consideran unha especie de &#8220;heroes do capitalismo&#8221;, loitando contra o sistema financeiro global que, curiosamente, se fixo m\u00e1is forte grazas \u00e1 s\u00faa propia riqueza, especulaci\u00f3n e vendida de fume. Son os grandes defensores de &#8220;descentralizar o poder\u201d mentres queren centralizan mill\u00f3ns de euros en bitcoins. Mast\u00farbanse con imaxes de Bukele e \u00e1 hora de falar de pol\u00edtica, os son os novos liberais sen saber nin o que \u00e9 realmente o liberalismo. Alg\u00fans, moi poucos, \u201cemigran\u201d a para\u00edsos fiscais coma Andorra para non pagar impostos e despois propo\u00f1en \u201cfacer unha colecta\u201d para financiar un aeroporto nese lugar, \u00e9 dicir: queren inventar os impostos. Son parentes pr\u00f3ximos do gymbr\u00f3s, eses rapazotes que cren que odian os homosexuais pero que babexan vendo a imaxe dos seus propios m\u00fasculos diante dun espello. Os criptobr\u00f3s cren que algu\u00e9n que ga\u00f1a 50.000 euros ao d\u00eda con bitcoin est\u00e1 a loitar por cada un dos seus &#8220;semellantes&#8221; da clase traballadora. Non \u00e9 raro que este grupo incl\u00faa a moitos simpatizantes da extrema dereita resentida e flipada, para quen a &#8220;liberdade de mercado&#8221; \u00e9 sin\u00f3nimo de &#8220;liberdade para asoballar\u201d e parasitar. Canteira: estudantes de Dereito, ADE ou Econ\u00f3micas fascinados por filmes coma \u201cO lobo de Wall Street\u201d.<\/p>\n\n\n\n<p><strong>Os caetanos ou os &#8220;heroes&#8221; das \u201cboas familias\u201d<\/strong><\/p>\n\n\n\n<p>E agora, o caetano. Este ser fant\u00e1stico de orixe burguesa \u00e9 o verdadeiro embaixador das ideolox\u00edas m\u00e1is rancias en versi\u00f3n &#8220;pijo&#8221;. Reencarnaci\u00f3n pop de \u201cLa escopeta nacional\u201d ou fillos 2.0 dos politoxic\u00f3manos da Movida madrile\u00f1a. O seu estereotipo est\u00e1 marcado por un traxe de corte impec\u00e1bel, unhas mans ben coidadas e un amor incondicional ao patrioterismo que s\u00f3 se ve nos pulsos e noutros complementos \u201crojigualdescos\u201d de marca Spagnolo. Os caetanos, que se caracterizan por estar moito m\u00e1is preocupados por que a s\u00faa moto sexa m\u00e1is potente que a do veci\u00f1o, non se preocupa pola \u201cigualdade social\u201d (cousa de roxos e de pobres) e son o rostro de boa parte das elites da casposa dereita espa\u00f1ola. A s\u00faa principal bandeira \u00e9 &#8220;Espa\u00f1a antes que todo&#8221; e, se non poden defender a s\u00faa terra con sabias palabras, farano cunha boa colecci\u00f3n de \u201carmas\u201d antigas ou cun discurso vomitado desde a s\u00faa riqu\u00edsima mansi\u00f3n pagada con di\u00f1eiro negro e corrupto. O caetano non se det\u00e9n ante nada para garantir que todo segue tal como estaba na \u00e9poca do franquismo, e se as clases populares queren unirse \u00e1 s\u00faa causa, benvidas sexan!, sempre que non fagan preguntas inc\u00f3modas sobre as s\u00faas propiedades. O fachapobre, polo tanto, \u00e9 a s\u00faa mascota.<\/p>\n\n\n\n<p><strong>Os nenos-rata ou o futuro da revoluci\u00f3n (ou non)<\/strong><\/p>\n\n\n\n<p>E chegamos ao personaxe m\u00e1is interesante de todos: o neno-rata. Unha especie de hibrido entre &#8220;influencer&#8221; e marine virtual. O neno-rata \u00e9 esa figura que pasou de xogar aos videoxogos e insultar ao mundo na s\u00faa conta de X a optar a militar activamente na extrema dereita, sempre dende o anonimato, iso si. O seu \u201chumor\u201d [sic] \u00e9 irreverente pero previs\u00edbel, a s\u00faa ideolox\u00eda algo confusa, pero a s\u00faa enerx\u00eda e odio son contaxiosos para o resto, nomeadamente para os InCel. O neno-rata est\u00e1 no seu mellor momento: cunha boa conexi\u00f3n a internet e un m\u00f3bil de \u00faltima xeraci\u00f3n, est\u00e1 a promover teor\u00edas de conspiraci\u00f3n e difundindo discursos que van dende &#8220;as feministas queren destru\u00edr Espa\u00f1a&#8221; at\u00e9 &#8220;os inmigrantes r\u00f3ubannos os traballos&#8221;, discurso que colisiona co de \u201cos inmigrantes viven de pagui\u00f1as sen traballar\u201d. Tanto ten, Iker Jim\u00e9nez e Pablos Motos apoian. A s\u00faa capacidade para viralizar discursos racistas \u00e9 incompar\u00e1bel. O neno-rata est\u00e1 destinado a ser o futuro dunha Espa\u00f1a sen futuro, sempre que non quede atrapado entre os cables do seu computador Abalar pagado con cartos p\u00fablicos.<\/p>\n\n\n\n<p><strong>O fachapobre ou o pobre que non sabe que \u00e9 pobre<\/strong><\/p>\n\n\n\n<p>E por \u00faltimo, o fachapobre. Quizais o personaxe m\u00e1is tr\u00e1xico (ou m\u00e1is ben valleinclanescamente grotesto) de todos, porque \u00e9, \u00e1 s\u00faa maneira, unha especie de autonegaci\u00f3n ambulante. Supera de moito ao alienado da teor\u00eda marxista. S\u00f3 pode ser espa\u00f1ol, a\u00ednda que naza galego. O fachapobre \u00e9 ese individuo que, a pesar de non ter nin un euro para chegar a fin de mes, sente un amor profundo pola clase alta e apoia ferventemente pol\u00edticas que s\u00f3 favorecen aos ricos. \u00c9 o T\u00edo Tom, o sipaio, o escravo dom\u00e9stico dos que falaba Malcolm X, a Malinche, o Stephen de Tarantino. O fachapobre \u00e9 un &#8220;m\u00e1rtir da dereita&#8221;, que defende que todo o mundo debe ser &#8220;respons\u00e1bel&#8221; e traballar duro. Fan baballas de Amancio e Florentino. Fai horas para meter os seus fillos na escola privada \u2013onde son desprezados\u2013, intenta negar a s\u00faa clase e fala mal da sanidade p\u00fablica que lle salva a vida. A s\u00faa ideolox\u00eda \u00e9 a da suposta meritocracia, onde ignora que as s\u00faas propias opci\u00f3ns na vida foron m\u00e1is limitadas que as dos seus &#8220;\u00eddolos&#8221; caetanos e criptobr\u00f3s. A s\u00faa risa nerviosa ante a clase traballadora \u00e9 s\u00f3 superada pola s\u00faa admiraci\u00f3n por aqueles que, segundo el, fixeron fortuna &#8220;traballando duro&#8221;. O fachapobre non \u00e9 s\u00f3 pobre economicamente, sen\u00f3n tam\u00e9n moralmente e en termos de conciencia social.<\/p>\n\n\n\n<p><strong>En definitiva<\/strong><\/p>\n\n\n\n<p>A (extrema) dereita na anacr\u00f3nica Espa\u00f1ita, lonxe de ser unha simple corrente pol\u00edtica, converteuse nun lore complexo cheo de personaxes inesquec\u00edbeis. InCels, criptobr\u00f3s, caetanos, nenos-rata e fachapobres, todos comparten un amor incondicional pola patria \u201cde pulserita\u201d, pero tam\u00e9n un odio profundo a todo o que pareza avance ou progreso. E, a\u00ednda que a s\u00faa presenza nas rede \u00e9 m\u00e1is not\u00e1bel, s\u00f3 o tempo dir\u00e1 se conseguir\u00e1n facer realidade o seu peculiar so\u00f1o dunha \u201cEspa\u00f1a m\u00e1is tradicional\u201d e \u201cgreat again\u201d, ou se seguir\u00e1n afondando nas s\u00faas contradici\u00f3ns mentais, sociais e de clase. Ata ent\u00f3n, mentres as sociedades capitalistas se afundan na desmemoria pol\u00edtica, a \u00fanica verdade \u00e9 que, se nos fixamos ben, todos eles parecen estar m\u00e1is preocupados por como vender un coche de segunda man no Facebook que por salvar a s\u00faa cada vez m\u00e1is inexistente e irreal naci\u00f3n de pufo.<\/p>\n","protected":false},"excerpt":{"rendered":"<div class=\"mh-excerpt\"><p>Se hai algo que ateiga de degoro e lecer a nosa sede antifascista \u00e9 a abundancia de novas figuras carism\u00e1ticas na decadente pol\u00edtica espa\u00f1ola <a class=\"mh-excerpt-more\" href=\"https:\/\/www.anovapeneira.gal\/index.php\/2025\/05\/20\/incels-criptobros-caetanos-nenos-rata-e-fachapobres-a-nova-espana\/\" title=\"InCels, criptobr\u00f3s, caetanos, nenos-rata e fachapobres: a Nova Espa\u00f1a\">[&#8230;]<\/a><\/p>\n<\/div>","protected":false},"author":20,"featured_media":6779,"comment_status":"open","ping_status":"open","sticky":false,"template":"","format":"standard","meta":{"_exactmetrics_skip_tracking":false,"_exactmetrics_sitenote_active":false,"_exactmetrics_sitenote_note":"","_exactmetrics_sitenote_category":0,"footnotes":""},"categories":[7],"tags":[],"class_list":{"0":"post-13922","1":"post","2":"type-post","3":"status-publish","4":"format-standard","5":"has-post-thumbnail","7":"category-artigos-de-opinion"},"yoast_head":"<!-- This site is optimized with the Yoast SEO plugin v27.4 - https:\/\/yoast.com\/product\/yoast-seo-wordpress\/ -->\n<title>InCels, criptobr\u00f3s, caetanos, nenos-rata e fachapobres: a Nova Espa\u00f1a -<\/title>\n<meta name=\"robots\" content=\"index, follow, max-snippet:-1, max-image-preview:large, max-video-preview:-1\" \/>\n<link rel=\"canonical\" href=\"https:\/\/www.anovapeneira.gal\/index.php\/2025\/05\/20\/incels-criptobros-caetanos-nenos-rata-e-fachapobres-a-nova-espana\/\" \/>\n<meta property=\"og:locale\" content=\"gl_ES\" \/>\n<meta property=\"og:type\" content=\"article\" \/>\n<meta property=\"og:title\" content=\"InCels, criptobr\u00f3s, caetanos, nenos-rata e fachapobres: a Nova Espa\u00f1a -\" \/>\n<meta property=\"og:description\" content=\"Se hai algo que ateiga de degoro e lecer a nosa sede antifascista \u00e9 a abundancia de novas figuras carism\u00e1ticas na decadente pol\u00edtica espa\u00f1ola [...]\" \/>\n<meta property=\"og:url\" content=\"https:\/\/www.anovapeneira.gal\/index.php\/2025\/05\/20\/incels-criptobros-caetanos-nenos-rata-e-fachapobres-a-nova-espana\/\" \/>\n<meta property=\"article:publisher\" content=\"https:\/\/www.facebook.com\/anovapeneira\" \/>\n<meta property=\"article:published_time\" content=\"2025-05-20T08:00:25+00:00\" \/>\n<meta property=\"og:image\" content=\"https:\/\/www.anovapeneira.gal\/wp-content\/uploads\/2022\/01\/moncho_lareu.jpg\" \/>\n\t<meta property=\"og:image:width\" content=\"720\" \/>\n\t<meta property=\"og:image:height\" content=\"432\" \/>\n\t<meta property=\"og:image:type\" content=\"image\/jpeg\" \/>\n<meta name=\"author\" content=\"Moncho Lareu\" \/>\n<meta name=\"twitter:card\" content=\"summary_large_image\" \/>\n<meta name=\"twitter:creator\" content=\"@APeneira\" \/>\n<meta name=\"twitter:site\" content=\"@APeneira\" \/>\n<meta name=\"twitter:label1\" content=\"Escrito por\" \/>\n\t<meta name=\"twitter:data1\" content=\"Moncho Lareu\" \/>\n\t<meta name=\"twitter:label2\" content=\"Tempo de lectura\" \/>\n\t<meta name=\"twitter:data2\" content=\"8 minutos\" \/>\n<script type=\"application\/ld+json\" class=\"yoast-schema-graph\">{\"@context\":\"https:\\\/\\\/schema.org\",\"@graph\":[{\"@type\":\"Article\",\"@id\":\"https:\\\/\\\/www.anovapeneira.gal\\\/index.php\\\/2025\\\/05\\\/20\\\/incels-criptobros-caetanos-nenos-rata-e-fachapobres-a-nova-espana\\\/#article\",\"isPartOf\":{\"@id\":\"https:\\\/\\\/www.anovapeneira.gal\\\/index.php\\\/2025\\\/05\\\/20\\\/incels-criptobros-caetanos-nenos-rata-e-fachapobres-a-nova-espana\\\/\"},\"author\":{\"name\":\"Moncho Lareu\",\"@id\":\"https:\\\/\\\/www.anovapeneira.gal\\\/#\\\/schema\\\/person\\\/3df7d3e1f38ddcee2ddb9d0bee1a0628\"},\"headline\":\"InCels, criptobr\u00f3s, caetanos, nenos-rata e fachapobres: a Nova Espa\u00f1a\",\"datePublished\":\"2025-05-20T08:00:25+00:00\",\"mainEntityOfPage\":{\"@id\":\"https:\\\/\\\/www.anovapeneira.gal\\\/index.php\\\/2025\\\/05\\\/20\\\/incels-criptobros-caetanos-nenos-rata-e-fachapobres-a-nova-espana\\\/\"},\"wordCount\":1495,\"commentCount\":0,\"publisher\":{\"@id\":\"https:\\\/\\\/www.anovapeneira.gal\\\/#organization\"},\"image\":{\"@id\":\"https:\\\/\\\/www.anovapeneira.gal\\\/index.php\\\/2025\\\/05\\\/20\\\/incels-criptobros-caetanos-nenos-rata-e-fachapobres-a-nova-espana\\\/#primaryimage\"},\"thumbnailUrl\":\"https:\\\/\\\/www.anovapeneira.gal\\\/wp-content\\\/uploads\\\/2022\\\/01\\\/moncho_lareu.jpg\",\"articleSection\":[\"Artigos de opini\u00f3n\"],\"inLanguage\":\"gl-ES\",\"potentialAction\":[{\"@type\":\"CommentAction\",\"name\":\"Comment\",\"target\":[\"https:\\\/\\\/www.anovapeneira.gal\\\/index.php\\\/2025\\\/05\\\/20\\\/incels-criptobros-caetanos-nenos-rata-e-fachapobres-a-nova-espana\\\/#respond\"]}]},{\"@type\":\"WebPage\",\"@id\":\"https:\\\/\\\/www.anovapeneira.gal\\\/index.php\\\/2025\\\/05\\\/20\\\/incels-criptobros-caetanos-nenos-rata-e-fachapobres-a-nova-espana\\\/\",\"url\":\"https:\\\/\\\/www.anovapeneira.gal\\\/index.php\\\/2025\\\/05\\\/20\\\/incels-criptobros-caetanos-nenos-rata-e-fachapobres-a-nova-espana\\\/\",\"name\":\"InCels, criptobr\u00f3s, caetanos, nenos-rata e fachapobres: a Nova Espa\u00f1a -\",\"isPartOf\":{\"@id\":\"https:\\\/\\\/www.anovapeneira.gal\\\/#website\"},\"primaryImageOfPage\":{\"@id\":\"https:\\\/\\\/www.anovapeneira.gal\\\/index.php\\\/2025\\\/05\\\/20\\\/incels-criptobros-caetanos-nenos-rata-e-fachapobres-a-nova-espana\\\/#primaryimage\"},\"image\":{\"@id\":\"https:\\\/\\\/www.anovapeneira.gal\\\/index.php\\\/2025\\\/05\\\/20\\\/incels-criptobros-caetanos-nenos-rata-e-fachapobres-a-nova-espana\\\/#primaryimage\"},\"thumbnailUrl\":\"https:\\\/\\\/www.anovapeneira.gal\\\/wp-content\\\/uploads\\\/2022\\\/01\\\/moncho_lareu.jpg\",\"datePublished\":\"2025-05-20T08:00:25+00:00\",\"breadcrumb\":{\"@id\":\"https:\\\/\\\/www.anovapeneira.gal\\\/index.php\\\/2025\\\/05\\\/20\\\/incels-criptobros-caetanos-nenos-rata-e-fachapobres-a-nova-espana\\\/#breadcrumb\"},\"inLanguage\":\"gl-ES\",\"potentialAction\":[{\"@type\":\"ReadAction\",\"target\":[\"https:\\\/\\\/www.anovapeneira.gal\\\/index.php\\\/2025\\\/05\\\/20\\\/incels-criptobros-caetanos-nenos-rata-e-fachapobres-a-nova-espana\\\/\"]}]},{\"@type\":\"ImageObject\",\"inLanguage\":\"gl-ES\",\"@id\":\"https:\\\/\\\/www.anovapeneira.gal\\\/index.php\\\/2025\\\/05\\\/20\\\/incels-criptobros-caetanos-nenos-rata-e-fachapobres-a-nova-espana\\\/#primaryimage\",\"url\":\"https:\\\/\\\/www.anovapeneira.gal\\\/wp-content\\\/uploads\\\/2022\\\/01\\\/moncho_lareu.jpg\",\"contentUrl\":\"https:\\\/\\\/www.anovapeneira.gal\\\/wp-content\\\/uploads\\\/2022\\\/01\\\/moncho_lareu.jpg\",\"width\":720,\"height\":432,\"caption\":\"Moncho Lareu, Profesor\"},{\"@type\":\"BreadcrumbList\",\"@id\":\"https:\\\/\\\/www.anovapeneira.gal\\\/index.php\\\/2025\\\/05\\\/20\\\/incels-criptobros-caetanos-nenos-rata-e-fachapobres-a-nova-espana\\\/#breadcrumb\",\"itemListElement\":[{\"@type\":\"ListItem\",\"position\":1,\"name\":\"Portada\",\"item\":\"https:\\\/\\\/www.anovapeneira.gal\\\/\"},{\"@type\":\"ListItem\",\"position\":2,\"name\":\"InCels, criptobr\u00f3s, caetanos, nenos-rata e fachapobres: a Nova Espa\u00f1a\"}]},{\"@type\":\"WebSite\",\"@id\":\"https:\\\/\\\/www.anovapeneira.gal\\\/#website\",\"url\":\"https:\\\/\\\/www.anovapeneira.gal\\\/\",\"name\":\"\",\"description\":\"Xornal galego de informaci\u00f3n xeral Publicaci\u00f3n mensual de novas de Galicia e en especial dos Concellos da sur da provincia de Pontevedra.\",\"publisher\":{\"@id\":\"https:\\\/\\\/www.anovapeneira.gal\\\/#organization\"},\"potentialAction\":[{\"@type\":\"SearchAction\",\"target\":{\"@type\":\"EntryPoint\",\"urlTemplate\":\"https:\\\/\\\/www.anovapeneira.gal\\\/?s={search_term_string}\"},\"query-input\":{\"@type\":\"PropertyValueSpecification\",\"valueRequired\":true,\"valueName\":\"search_term_string\"}}],\"inLanguage\":\"gl-ES\"},{\"@type\":\"Organization\",\"@id\":\"https:\\\/\\\/www.anovapeneira.gal\\\/#organization\",\"name\":\"A Nova Peneira\",\"url\":\"https:\\\/\\\/www.anovapeneira.gal\\\/\",\"logo\":{\"@type\":\"ImageObject\",\"inLanguage\":\"gl-ES\",\"@id\":\"https:\\\/\\\/www.anovapeneira.gal\\\/#\\\/schema\\\/logo\\\/image\\\/\",\"url\":\"http:\\\/\\\/www.anovapeneira.gal\\\/wp-content\\\/uploads\\\/2019\\\/06\\\/logo_a_nova_peneira_portal_web.png\",\"contentUrl\":\"http:\\\/\\\/www.anovapeneira.gal\\\/wp-content\\\/uploads\\\/2019\\\/06\\\/logo_a_nova_peneira_portal_web.png\",\"width\":300,\"height\":100,\"caption\":\"A Nova Peneira\"},\"image\":{\"@id\":\"https:\\\/\\\/www.anovapeneira.gal\\\/#\\\/schema\\\/logo\\\/image\\\/\"},\"sameAs\":[\"https:\\\/\\\/www.facebook.com\\\/anovapeneira\",\"https:\\\/\\\/x.com\\\/APeneira\"]},{\"@type\":\"Person\",\"@id\":\"https:\\\/\\\/www.anovapeneira.gal\\\/#\\\/schema\\\/person\\\/3df7d3e1f38ddcee2ddb9d0bee1a0628\",\"name\":\"Moncho Lareu\",\"image\":{\"@type\":\"ImageObject\",\"inLanguage\":\"gl-ES\",\"@id\":\"https:\\\/\\\/secure.gravatar.com\\\/avatar\\\/47b1711433a3b83d9747992d63c05708f734f76ad2d588ae93638a06737a5471?s=96&d=mm&r=g\",\"url\":\"https:\\\/\\\/secure.gravatar.com\\\/avatar\\\/47b1711433a3b83d9747992d63c05708f734f76ad2d588ae93638a06737a5471?s=96&d=mm&r=g\",\"contentUrl\":\"https:\\\/\\\/secure.gravatar.com\\\/avatar\\\/47b1711433a3b83d9747992d63c05708f734f76ad2d588ae93638a06737a5471?s=96&d=mm&r=g\",\"caption\":\"Moncho Lareu\"},\"sameAs\":[\"http:\\\/\\\/www.anovapeneira.gal\\\/\"],\"url\":\"https:\\\/\\\/www.anovapeneira.gal\\\/index.php\\\/author\\\/moncho-lareu\\\/\"}]}<\/script>\n<!-- \/ Yoast SEO plugin. -->","yoast_head_json":{"title":"InCels, criptobr\u00f3s, caetanos, nenos-rata e fachapobres: a Nova Espa\u00f1a -","robots":{"index":"index","follow":"follow","max-snippet":"max-snippet:-1","max-image-preview":"max-image-preview:large","max-video-preview":"max-video-preview:-1"},"canonical":"https:\/\/www.anovapeneira.gal\/index.php\/2025\/05\/20\/incels-criptobros-caetanos-nenos-rata-e-fachapobres-a-nova-espana\/","og_locale":"gl_ES","og_type":"article","og_title":"InCels, criptobr\u00f3s, caetanos, nenos-rata e fachapobres: a Nova Espa\u00f1a -","og_description":"Se hai algo que ateiga de degoro e lecer a nosa sede antifascista \u00e9 a abundancia de novas figuras carism\u00e1ticas na decadente pol\u00edtica espa\u00f1ola [...]","og_url":"https:\/\/www.anovapeneira.gal\/index.php\/2025\/05\/20\/incels-criptobros-caetanos-nenos-rata-e-fachapobres-a-nova-espana\/","article_publisher":"https:\/\/www.facebook.com\/anovapeneira","article_published_time":"2025-05-20T08:00:25+00:00","og_image":[{"width":720,"height":432,"url":"https:\/\/www.anovapeneira.gal\/wp-content\/uploads\/2022\/01\/moncho_lareu.jpg","type":"image\/jpeg"}],"author":"Moncho Lareu","twitter_card":"summary_large_image","twitter_creator":"@APeneira","twitter_site":"@APeneira","twitter_misc":{"Escrito por":"Moncho Lareu","Tempo de lectura":"8 minutos"},"schema":{"@context":"https:\/\/schema.org","@graph":[{"@type":"Article","@id":"https:\/\/www.anovapeneira.gal\/index.php\/2025\/05\/20\/incels-criptobros-caetanos-nenos-rata-e-fachapobres-a-nova-espana\/#article","isPartOf":{"@id":"https:\/\/www.anovapeneira.gal\/index.php\/2025\/05\/20\/incels-criptobros-caetanos-nenos-rata-e-fachapobres-a-nova-espana\/"},"author":{"name":"Moncho Lareu","@id":"https:\/\/www.anovapeneira.gal\/#\/schema\/person\/3df7d3e1f38ddcee2ddb9d0bee1a0628"},"headline":"InCels, criptobr\u00f3s, caetanos, nenos-rata e fachapobres: a Nova Espa\u00f1a","datePublished":"2025-05-20T08:00:25+00:00","mainEntityOfPage":{"@id":"https:\/\/www.anovapeneira.gal\/index.php\/2025\/05\/20\/incels-criptobros-caetanos-nenos-rata-e-fachapobres-a-nova-espana\/"},"wordCount":1495,"commentCount":0,"publisher":{"@id":"https:\/\/www.anovapeneira.gal\/#organization"},"image":{"@id":"https:\/\/www.anovapeneira.gal\/index.php\/2025\/05\/20\/incels-criptobros-caetanos-nenos-rata-e-fachapobres-a-nova-espana\/#primaryimage"},"thumbnailUrl":"https:\/\/www.anovapeneira.gal\/wp-content\/uploads\/2022\/01\/moncho_lareu.jpg","articleSection":["Artigos de opini\u00f3n"],"inLanguage":"gl-ES","potentialAction":[{"@type":"CommentAction","name":"Comment","target":["https:\/\/www.anovapeneira.gal\/index.php\/2025\/05\/20\/incels-criptobros-caetanos-nenos-rata-e-fachapobres-a-nova-espana\/#respond"]}]},{"@type":"WebPage","@id":"https:\/\/www.anovapeneira.gal\/index.php\/2025\/05\/20\/incels-criptobros-caetanos-nenos-rata-e-fachapobres-a-nova-espana\/","url":"https:\/\/www.anovapeneira.gal\/index.php\/2025\/05\/20\/incels-criptobros-caetanos-nenos-rata-e-fachapobres-a-nova-espana\/","name":"InCels, criptobr\u00f3s, caetanos, nenos-rata e fachapobres: a Nova Espa\u00f1a -","isPartOf":{"@id":"https:\/\/www.anovapeneira.gal\/#website"},"primaryImageOfPage":{"@id":"https:\/\/www.anovapeneira.gal\/index.php\/2025\/05\/20\/incels-criptobros-caetanos-nenos-rata-e-fachapobres-a-nova-espana\/#primaryimage"},"image":{"@id":"https:\/\/www.anovapeneira.gal\/index.php\/2025\/05\/20\/incels-criptobros-caetanos-nenos-rata-e-fachapobres-a-nova-espana\/#primaryimage"},"thumbnailUrl":"https:\/\/www.anovapeneira.gal\/wp-content\/uploads\/2022\/01\/moncho_lareu.jpg","datePublished":"2025-05-20T08:00:25+00:00","breadcrumb":{"@id":"https:\/\/www.anovapeneira.gal\/index.php\/2025\/05\/20\/incels-criptobros-caetanos-nenos-rata-e-fachapobres-a-nova-espana\/#breadcrumb"},"inLanguage":"gl-ES","potentialAction":[{"@type":"ReadAction","target":["https:\/\/www.anovapeneira.gal\/index.php\/2025\/05\/20\/incels-criptobros-caetanos-nenos-rata-e-fachapobres-a-nova-espana\/"]}]},{"@type":"ImageObject","inLanguage":"gl-ES","@id":"https:\/\/www.anovapeneira.gal\/index.php\/2025\/05\/20\/incels-criptobros-caetanos-nenos-rata-e-fachapobres-a-nova-espana\/#primaryimage","url":"https:\/\/www.anovapeneira.gal\/wp-content\/uploads\/2022\/01\/moncho_lareu.jpg","contentUrl":"https:\/\/www.anovapeneira.gal\/wp-content\/uploads\/2022\/01\/moncho_lareu.jpg","width":720,"height":432,"caption":"Moncho Lareu, Profesor"},{"@type":"BreadcrumbList","@id":"https:\/\/www.anovapeneira.gal\/index.php\/2025\/05\/20\/incels-criptobros-caetanos-nenos-rata-e-fachapobres-a-nova-espana\/#breadcrumb","itemListElement":[{"@type":"ListItem","position":1,"name":"Portada","item":"https:\/\/www.anovapeneira.gal\/"},{"@type":"ListItem","position":2,"name":"InCels, criptobr\u00f3s, caetanos, nenos-rata e fachapobres: a Nova Espa\u00f1a"}]},{"@type":"WebSite","@id":"https:\/\/www.anovapeneira.gal\/#website","url":"https:\/\/www.anovapeneira.gal\/","name":"","description":"Xornal galego de informaci\u00f3n xeral Publicaci\u00f3n mensual de novas de Galicia e en especial dos Concellos da sur da provincia de Pontevedra.","publisher":{"@id":"https:\/\/www.anovapeneira.gal\/#organization"},"potentialAction":[{"@type":"SearchAction","target":{"@type":"EntryPoint","urlTemplate":"https:\/\/www.anovapeneira.gal\/?s={search_term_string}"},"query-input":{"@type":"PropertyValueSpecification","valueRequired":true,"valueName":"search_term_string"}}],"inLanguage":"gl-ES"},{"@type":"Organization","@id":"https:\/\/www.anovapeneira.gal\/#organization","name":"A Nova Peneira","url":"https:\/\/www.anovapeneira.gal\/","logo":{"@type":"ImageObject","inLanguage":"gl-ES","@id":"https:\/\/www.anovapeneira.gal\/#\/schema\/logo\/image\/","url":"http:\/\/www.anovapeneira.gal\/wp-content\/uploads\/2019\/06\/logo_a_nova_peneira_portal_web.png","contentUrl":"http:\/\/www.anovapeneira.gal\/wp-content\/uploads\/2019\/06\/logo_a_nova_peneira_portal_web.png","width":300,"height":100,"caption":"A Nova Peneira"},"image":{"@id":"https:\/\/www.anovapeneira.gal\/#\/schema\/logo\/image\/"},"sameAs":["https:\/\/www.facebook.com\/anovapeneira","https:\/\/x.com\/APeneira"]},{"@type":"Person","@id":"https:\/\/www.anovapeneira.gal\/#\/schema\/person\/3df7d3e1f38ddcee2ddb9d0bee1a0628","name":"Moncho Lareu","image":{"@type":"ImageObject","inLanguage":"gl-ES","@id":"https:\/\/secure.gravatar.com\/avatar\/47b1711433a3b83d9747992d63c05708f734f76ad2d588ae93638a06737a5471?s=96&d=mm&r=g","url":"https:\/\/secure.gravatar.com\/avatar\/47b1711433a3b83d9747992d63c05708f734f76ad2d588ae93638a06737a5471?s=96&d=mm&r=g","contentUrl":"https:\/\/secure.gravatar.com\/avatar\/47b1711433a3b83d9747992d63c05708f734f76ad2d588ae93638a06737a5471?s=96&d=mm&r=g","caption":"Moncho Lareu"},"sameAs":["http:\/\/www.anovapeneira.gal\/"],"url":"https:\/\/www.anovapeneira.gal\/index.php\/author\/moncho-lareu\/"}]}},"jetpack_featured_media_url":"https:\/\/www.anovapeneira.gal\/wp-content\/uploads\/2022\/01\/moncho_lareu.jpg","_links":{"self":[{"href":"https:\/\/www.anovapeneira.gal\/index.php\/wp-json\/wp\/v2\/posts\/13922","targetHints":{"allow":["GET"]}}],"collection":[{"href":"https:\/\/www.anovapeneira.gal\/index.php\/wp-json\/wp\/v2\/posts"}],"about":[{"href":"https:\/\/www.anovapeneira.gal\/index.php\/wp-json\/wp\/v2\/types\/post"}],"author":[{"embeddable":true,"href":"https:\/\/www.anovapeneira.gal\/index.php\/wp-json\/wp\/v2\/users\/20"}],"replies":[{"embeddable":true,"href":"https:\/\/www.anovapeneira.gal\/index.php\/wp-json\/wp\/v2\/comments?post=13922"}],"version-history":[{"count":2,"href":"https:\/\/www.anovapeneira.gal\/index.php\/wp-json\/wp\/v2\/posts\/13922\/revisions"}],"predecessor-version":[{"id":13924,"href":"https:\/\/www.anovapeneira.gal\/index.php\/wp-json\/wp\/v2\/posts\/13922\/revisions\/13924"}],"wp:featuredmedia":[{"embeddable":true,"href":"https:\/\/www.anovapeneira.gal\/index.php\/wp-json\/wp\/v2\/media\/6779"}],"wp:attachment":[{"href":"https:\/\/www.anovapeneira.gal\/index.php\/wp-json\/wp\/v2\/media?parent=13922"}],"wp:term":[{"taxonomy":"category","embeddable":true,"href":"https:\/\/www.anovapeneira.gal\/index.php\/wp-json\/wp\/v2\/categories?post=13922"},{"taxonomy":"post_tag","embeddable":true,"href":"https:\/\/www.anovapeneira.gal\/index.php\/wp-json\/wp\/v2\/tags?post=13922"}],"curies":[{"name":"wp","href":"https:\/\/api.w.org\/{rel}","templated":true}]}}