{"id":13925,"date":"2025-05-21T10:00:33","date_gmt":"2025-05-21T08:00:33","guid":{"rendered":"https:\/\/www.anovapeneira.gal\/?p=13925"},"modified":"2025-05-15T10:29:52","modified_gmt":"2025-05-15T08:29:52","slug":"o-bng-anuncia-unha-ofensiva-institucional-contra-a-situacion-de-absoluta-precariedade-do-servizo-do-ges-do-val-minor","status":"publish","type":"post","link":"https:\/\/www.anovapeneira.gal\/index.php\/2025\/05\/21\/o-bng-anuncia-unha-ofensiva-institucional-contra-a-situacion-de-absoluta-precariedade-do-servizo-do-ges-do-val-minor\/","title":{"rendered":"O BNG anuncia unha ofensiva institucional contra a situaci\u00f3n de absoluta precariedade do servizo do GES do Val Mi\u00f1or"},"content":{"rendered":"\n<h2 class=\"wp-block-heading\"><strong>A <\/strong><strong>organizaci\u00f3n nacionalista avanza <\/strong><strong>i<\/strong><strong>niciativa<\/strong><strong>s nos concellos de Baiona, Gondomar e Nigr\u00e1n, na Mancomunidade do Val Mi\u00f1or, na Deputaci\u00f3n de Pontevedra e no Parlamento galego<\/strong><strong>para demandar a dignificaci\u00f3n do servizo, tanto no laboral como no que respecta \u00e1<\/strong><strong>s<\/strong><strong> dependencias da sede do servizo <\/strong><strong>de emerxencias<\/strong><\/h2>\n\n\n\n<p>\u201c<em><strong>\u00c9 imperativo darlle unha soluci\u00f3n <\/strong><\/em><em><strong>xa, manter nese estado o servizo das emerxencias \u00e9 dunha irresponsabilidade temeraria, xog\u00e1monos vidas<\/strong><\/em><em><strong>\u201d<\/strong><\/em><\/p>\n\n\n\n<p><strong>Val Mi\u00f1or, 10 de maio de 2025<\/strong><\/p>\n\n\n\n<p>O BNG anuncia unha ofensiva institucional contra a situaci\u00f3n de absoluta precariedade en que se atopa o servizo prestado polo grupo de emerxencias supramunicipal (GES).<\/p>\n\n\n\n<p>A fronte nacionalista avanza a presentaci\u00f3n de moci\u00f3ns nos plenos dos tres concellos do Val Mi\u00f1or, da Mancomunidade e da Deputaci\u00f3n e iniciativas no Parlamento galego para demandar a dignificaci\u00f3n tanto a nivel laboral como no que respecta ao estado de deterioro das dependencias onde radica a sede do servizo.<\/p>\n\n\n\n<p>A presentaci\u00f3n das distintas iniciativas foi realizada esta ma\u00f1\u00e1, logo da visita as dependencias do GES. Al\u00ed, xunto con <strong>Rosa Pereira, representante dos traballadores<\/strong>, estiveron a <strong>deputada<\/strong> do BNG no <strong>Parlamento galego,<\/strong> <strong>Carmela Gonz\u00e1lez<\/strong> e os <strong>portavoces municipais<\/strong> nos tres concellos do Val Mi\u00f1or, <strong>Xavier Rodr\u00edguez (Nigr\u00e1n), Iago Pereira (Baiona)<\/strong> e <strong>Manuela Rodr\u00edguez (Gondomar)<\/strong>, os dous \u00faltimos representantes do BNG na Mancomunidade, e Rodr\u00edguez tam\u00e9n na s\u00faa calidade de <strong>deputada provincial<\/strong>.<\/p>\n\n\n\n<p><strong>S<\/strong><strong>ituaci\u00f3n laboral <\/strong><strong>precaria<\/strong><\/p>\n\n\n\n<p>O GES \u00e9 un servizo con s\u00f3 12 traballadores\/as que fan quendas de 2 efectivos, \u201cn\u00famero insuficiente\u201d para facer fronte \u00e1s pos\u00edbeis emerxencias da poboaci\u00f3n habitual do Val Mi\u00f1or, de arredor dos 45.000 habitantes, que se ve triplicada en \u00e9poca estival e que obriga a recorrer \u00e1s horas extra. \u201cMais en casos de baixas, permisos ou vacaci\u00f3ns, as quendas chegan a ser dunha soa persoa ou, no peor dos casos, o servizo pecha por falta de persoal, como xa ten pasado moitas veces\u201d, explican.<\/p>\n\n\n\n<p>A esta situaci\u00f3n hai que lle engadir as derivadas da non soluci\u00f3n do caso de acoso sufrido no seo do GES, agora xudicializado, sumada \u00e1 paralizaci\u00f3n do proceso de estabilizaci\u00f3n do postos de traballo. \u201cAmbos os dous asuntos dilatados no tempo \u2013varios anos\u2013 pola inacci\u00f3n reiterada da Xunta de Goberno da Mancomunidade, formada polos alcaldes dos tres concellos do Val\u201d, lamentan no BNG.<\/p>\n\n\n\n<p><strong>A sede do GES, o espazo da vergo\u00f1a<\/strong><\/p>\n\n\n\n<p>Pero a problem\u00e1tica laboral non \u00e9 a \u00fanica. As\u00ed o BNG denuncia que \u201ca absoluta precariedade en que vive o servizo de emerxencias\u201d afecta tam\u00e9n \u00e1s s\u00faas dependencias, tanto no que respecta \u00e1 localizaci\u00f3n como ao estado en que se atopan.<\/p>\n\n\n\n<p>Relatan que actual sede do GES at\u00f3pase en \u201csituaci\u00f3n de total abandono, leva anos sen lle facer nin o m\u00e1is m\u00ednimo mantemento\u201d. Nun edificio compartido con outros servizos do Concello de Nigr\u00e1n, \u201ccunhas instalaci\u00f3ns cheas de humidades, paredes desconchadas, barandas desprendidas, teitos con pingueiras, unha escaleira perigosa, sen espazo nin elementos para o adestramento f\u00edsico\u201d, en definitiva, \u201c\u00e9 o espazo da vergo\u00f1a, insalubre e incompatible cunhas condici\u00f3ns laborais minimamente dignas\u201d. Sinalan desde o Bloque que \u201cnin a Xunta do PP, nin os sucesivos presidentes da Mancomunidade\u201d, os socialistas de Nigr\u00e1n e Gondomar, e o popular de Baiona, \u201cfan nada por arranxar a situaci\u00f3n, n\u00f3tase que eles non te\u00f1en que traballar aqu\u00ed\u201d.<\/p>\n\n\n\n<p>Por outro lado, os nacionalistas volven denunciar tam\u00e9n a \u201cdesaxeitada localizaci\u00f3n da propia sede do GES\u201d. Situada nunha r\u00faa sen sa\u00edda e detr\u00e1s dun instituto de educaci\u00f3n secundaria que concentra en determinadas horas innumerables veh\u00edculos e persoas, o \u201cque pode dificultar enormemente as sa\u00eddas de emerxencias\u201d, lembran.<\/p>\n\n\n\n<p>Diante desta situaci\u00f3n, as e os representantes do BNG consideran que se fai \u201cimprescindible constru\u00edr unha nova sede ou trasladar o Grupo de Emerxencias a unhas novas dependencias\u201d. C\u00f3mpre dotalo dunha \u201cnova localizaci\u00f3n que evite ter os veh\u00edculos \u00e1 intemperie, que estea situada nun lugar axeitado, que facilite a comunicaci\u00f3n con todo o Val, dese\u00f1ada funcionalmente para o seu cometido e espec\u00edfica para o servizo\u201d.<\/p>\n\n\n\n<p>Para as nacionalistas \u00e9 \u201ccondici\u00f3n necesaria conseguir esas novas dependencias que garantan prestar un mellor servizo, con maior seguridade e efectividade\u201d. E insisten en que \u201cdebe ser xa, porque \u00e9 dunha irresponsabilidade temeraria manter nese estado o servizo das emerxencias, xog\u00e1monos vidas\u201d. Para o BNG a consecuci\u00f3n dun novo emprazamento \u201cs\u00f3 poder\u00e1 vir da man dun convenio entre a Mancomunidade e as outras administraci\u00f3ns competentes\u201d, Deputaci\u00f3n de Pontevedra e Xunta de Galiza, \u201cde a\u00ed esta ofensiva simult\u00e1nea nas distintas instituci\u00f3ns\u201d.<\/p>\n","protected":false},"excerpt":{"rendered":"<div class=\"mh-excerpt\"><p>A organizaci\u00f3n nacionalista avanza iniciativas nos concellos de Baiona, Gondomar e Nigr\u00e1n, na Mancomunidade do Val Mi\u00f1or, na Deputaci\u00f3n de Pontevedra e no Parlamento galegopara demandar a dignificaci\u00f3n do servizo, tanto no laboral como no que respecta \u00e1s dependencias da sede do servizo de emerxencias <a class=\"mh-excerpt-more\" href=\"https:\/\/www.anovapeneira.gal\/index.php\/2025\/05\/21\/o-bng-anuncia-unha-ofensiva-institucional-contra-a-situacion-de-absoluta-precariedade-do-servizo-do-ges-do-val-minor\/\" title=\"O BNG anuncia unha ofensiva institucional contra a situaci\u00f3n de absoluta precariedade do servizo do GES do Val Mi\u00f1or\">[&#8230;]<\/a><\/p>\n<\/div>","protected":false},"author":3,"featured_media":13926,"comment_status":"open","ping_status":"open","sticky":false,"template":"","format":"standard","meta":{"_exactmetrics_skip_tracking":false,"_exactmetrics_sitenote_active":false,"_exactmetrics_sitenote_note":"","_exactmetrics_sitenote_category":0,"footnotes":""},"categories":[20],"tags":[],"class_list":{"0":"post-13925","1":"post","2":"type-post","3":"status-publish","4":"format-standard","5":"has-post-thumbnail","7":"category-val-minor"},"yoast_head":"<!-- This site is optimized with the Yoast SEO plugin v27.4 - https:\/\/yoast.com\/product\/yoast-seo-wordpress\/ -->\n<title>O BNG anuncia unha ofensiva institucional contra a situaci\u00f3n de absoluta precariedade do servizo do GES do Val Mi\u00f1or -<\/title>\n<meta name=\"robots\" content=\"index, follow, max-snippet:-1, max-image-preview:large, max-video-preview:-1\" \/>\n<link rel=\"canonical\" href=\"https:\/\/www.anovapeneira.gal\/index.php\/2025\/05\/21\/o-bng-anuncia-unha-ofensiva-institucional-contra-a-situacion-de-absoluta-precariedade-do-servizo-do-ges-do-val-minor\/\" \/>\n<meta property=\"og:locale\" content=\"gl_ES\" \/>\n<meta property=\"og:type\" content=\"article\" \/>\n<meta property=\"og:title\" content=\"O BNG anuncia unha ofensiva institucional contra a situaci\u00f3n de absoluta precariedade do servizo do GES do Val Mi\u00f1or -\" \/>\n<meta property=\"og:description\" content=\"A organizaci\u00f3n nacionalista avanza iniciativas nos concellos de Baiona, Gondomar e Nigr\u00e1n, na Mancomunidade do Val Mi\u00f1or, na Deputaci\u00f3n de Pontevedra e no Parlamento galegopara demandar a dignificaci\u00f3n do servizo, tanto no laboral como no que respecta \u00e1s dependencias da sede do servizo de emerxencias [...]\" \/>\n<meta property=\"og:url\" content=\"https:\/\/www.anovapeneira.gal\/index.php\/2025\/05\/21\/o-bng-anuncia-unha-ofensiva-institucional-contra-a-situacion-de-absoluta-precariedade-do-servizo-do-ges-do-val-minor\/\" \/>\n<meta property=\"article:publisher\" content=\"https:\/\/www.facebook.com\/anovapeneira\" \/>\n<meta property=\"article:published_time\" content=\"2025-05-21T08:00:33+00:00\" \/>\n<meta property=\"og:image\" content=\"https:\/\/www.anovapeneira.gal\/wp-content\/uploads\/2025\/05\/OfensivaGESDignoXa2.jpg\" \/>\n\t<meta property=\"og:image:width\" content=\"720\" \/>\n\t<meta property=\"og:image:height\" content=\"432\" \/>\n\t<meta property=\"og:image:type\" content=\"image\/jpeg\" \/>\n<meta name=\"author\" content=\"Redacci\u00f3n A Nova Peneira\" \/>\n<meta name=\"twitter:card\" content=\"summary_large_image\" \/>\n<meta name=\"twitter:creator\" content=\"@APeneira\" \/>\n<meta name=\"twitter:site\" content=\"@APeneira\" \/>\n<meta name=\"twitter:label1\" content=\"Escrito por\" \/>\n\t<meta name=\"twitter:data1\" content=\"Redacci\u00f3n A Nova Peneira\" \/>\n\t<meta name=\"twitter:label2\" content=\"Tempo de lectura\" \/>\n\t<meta name=\"twitter:data2\" content=\"5 minutos\" \/>\n<script type=\"application\/ld+json\" class=\"yoast-schema-graph\">{\"@context\":\"https:\\\/\\\/schema.org\",\"@graph\":[{\"@type\":\"Article\",\"@id\":\"https:\\\/\\\/www.anovapeneira.gal\\\/index.php\\\/2025\\\/05\\\/21\\\/o-bng-anuncia-unha-ofensiva-institucional-contra-a-situacion-de-absoluta-precariedade-do-servizo-do-ges-do-val-minor\\\/#article\",\"isPartOf\":{\"@id\":\"https:\\\/\\\/www.anovapeneira.gal\\\/index.php\\\/2025\\\/05\\\/21\\\/o-bng-anuncia-unha-ofensiva-institucional-contra-a-situacion-de-absoluta-precariedade-do-servizo-do-ges-do-val-minor\\\/\"},\"author\":{\"name\":\"Redacci\u00f3n A Nova Peneira\",\"@id\":\"https:\\\/\\\/www.anovapeneira.gal\\\/#\\\/schema\\\/person\\\/b93e3f8932e3f8da96334607eb6ac6aa\"},\"headline\":\"O BNG anuncia unha ofensiva institucional contra a situaci\u00f3n de absoluta precariedade do servizo do GES do Val Mi\u00f1or\",\"datePublished\":\"2025-05-21T08:00:33+00:00\",\"mainEntityOfPage\":{\"@id\":\"https:\\\/\\\/www.anovapeneira.gal\\\/index.php\\\/2025\\\/05\\\/21\\\/o-bng-anuncia-unha-ofensiva-institucional-contra-a-situacion-de-absoluta-precariedade-do-servizo-do-ges-do-val-minor\\\/\"},\"wordCount\":805,\"commentCount\":0,\"publisher\":{\"@id\":\"https:\\\/\\\/www.anovapeneira.gal\\\/#organization\"},\"image\":{\"@id\":\"https:\\\/\\\/www.anovapeneira.gal\\\/index.php\\\/2025\\\/05\\\/21\\\/o-bng-anuncia-unha-ofensiva-institucional-contra-a-situacion-de-absoluta-precariedade-do-servizo-do-ges-do-val-minor\\\/#primaryimage\"},\"thumbnailUrl\":\"https:\\\/\\\/www.anovapeneira.gal\\\/wp-content\\\/uploads\\\/2025\\\/05\\\/OfensivaGESDignoXa2.jpg\",\"articleSection\":[\"Val Mi\u00f1or\"],\"inLanguage\":\"gl-ES\",\"potentialAction\":[{\"@type\":\"CommentAction\",\"name\":\"Comment\",\"target\":[\"https:\\\/\\\/www.anovapeneira.gal\\\/index.php\\\/2025\\\/05\\\/21\\\/o-bng-anuncia-unha-ofensiva-institucional-contra-a-situacion-de-absoluta-precariedade-do-servizo-do-ges-do-val-minor\\\/#respond\"]}]},{\"@type\":\"WebPage\",\"@id\":\"https:\\\/\\\/www.anovapeneira.gal\\\/index.php\\\/2025\\\/05\\\/21\\\/o-bng-anuncia-unha-ofensiva-institucional-contra-a-situacion-de-absoluta-precariedade-do-servizo-do-ges-do-val-minor\\\/\",\"url\":\"https:\\\/\\\/www.anovapeneira.gal\\\/index.php\\\/2025\\\/05\\\/21\\\/o-bng-anuncia-unha-ofensiva-institucional-contra-a-situacion-de-absoluta-precariedade-do-servizo-do-ges-do-val-minor\\\/\",\"name\":\"O BNG anuncia unha ofensiva institucional contra a situaci\u00f3n de absoluta precariedade do servizo do GES do Val Mi\u00f1or -\",\"isPartOf\":{\"@id\":\"https:\\\/\\\/www.anovapeneira.gal\\\/#website\"},\"primaryImageOfPage\":{\"@id\":\"https:\\\/\\\/www.anovapeneira.gal\\\/index.php\\\/2025\\\/05\\\/21\\\/o-bng-anuncia-unha-ofensiva-institucional-contra-a-situacion-de-absoluta-precariedade-do-servizo-do-ges-do-val-minor\\\/#primaryimage\"},\"image\":{\"@id\":\"https:\\\/\\\/www.anovapeneira.gal\\\/index.php\\\/2025\\\/05\\\/21\\\/o-bng-anuncia-unha-ofensiva-institucional-contra-a-situacion-de-absoluta-precariedade-do-servizo-do-ges-do-val-minor\\\/#primaryimage\"},\"thumbnailUrl\":\"https:\\\/\\\/www.anovapeneira.gal\\\/wp-content\\\/uploads\\\/2025\\\/05\\\/OfensivaGESDignoXa2.jpg\",\"datePublished\":\"2025-05-21T08:00:33+00:00\",\"breadcrumb\":{\"@id\":\"https:\\\/\\\/www.anovapeneira.gal\\\/index.php\\\/2025\\\/05\\\/21\\\/o-bng-anuncia-unha-ofensiva-institucional-contra-a-situacion-de-absoluta-precariedade-do-servizo-do-ges-do-val-minor\\\/#breadcrumb\"},\"inLanguage\":\"gl-ES\",\"potentialAction\":[{\"@type\":\"ReadAction\",\"target\":[\"https:\\\/\\\/www.anovapeneira.gal\\\/index.php\\\/2025\\\/05\\\/21\\\/o-bng-anuncia-unha-ofensiva-institucional-contra-a-situacion-de-absoluta-precariedade-do-servizo-do-ges-do-val-minor\\\/\"]}]},{\"@type\":\"ImageObject\",\"inLanguage\":\"gl-ES\",\"@id\":\"https:\\\/\\\/www.anovapeneira.gal\\\/index.php\\\/2025\\\/05\\\/21\\\/o-bng-anuncia-unha-ofensiva-institucional-contra-a-situacion-de-absoluta-precariedade-do-servizo-do-ges-do-val-minor\\\/#primaryimage\",\"url\":\"https:\\\/\\\/www.anovapeneira.gal\\\/wp-content\\\/uploads\\\/2025\\\/05\\\/OfensivaGESDignoXa2.jpg\",\"contentUrl\":\"https:\\\/\\\/www.anovapeneira.gal\\\/wp-content\\\/uploads\\\/2025\\\/05\\\/OfensivaGESDignoXa2.jpg\",\"width\":720,\"height\":432,\"caption\":\"GES do Val Mi\u00f1or\"},{\"@type\":\"BreadcrumbList\",\"@id\":\"https:\\\/\\\/www.anovapeneira.gal\\\/index.php\\\/2025\\\/05\\\/21\\\/o-bng-anuncia-unha-ofensiva-institucional-contra-a-situacion-de-absoluta-precariedade-do-servizo-do-ges-do-val-minor\\\/#breadcrumb\",\"itemListElement\":[{\"@type\":\"ListItem\",\"position\":1,\"name\":\"Portada\",\"item\":\"https:\\\/\\\/www.anovapeneira.gal\\\/\"},{\"@type\":\"ListItem\",\"position\":2,\"name\":\"O BNG anuncia unha ofensiva institucional contra a situaci\u00f3n de absoluta precariedade do servizo do GES do Val Mi\u00f1or\"}]},{\"@type\":\"WebSite\",\"@id\":\"https:\\\/\\\/www.anovapeneira.gal\\\/#website\",\"url\":\"https:\\\/\\\/www.anovapeneira.gal\\\/\",\"name\":\"\",\"description\":\"Xornal galego de informaci\u00f3n xeral Publicaci\u00f3n mensual de novas de Galicia e en especial dos Concellos da sur da provincia de Pontevedra.\",\"publisher\":{\"@id\":\"https:\\\/\\\/www.anovapeneira.gal\\\/#organization\"},\"potentialAction\":[{\"@type\":\"SearchAction\",\"target\":{\"@type\":\"EntryPoint\",\"urlTemplate\":\"https:\\\/\\\/www.anovapeneira.gal\\\/?s={search_term_string}\"},\"query-input\":{\"@type\":\"PropertyValueSpecification\",\"valueRequired\":true,\"valueName\":\"search_term_string\"}}],\"inLanguage\":\"gl-ES\"},{\"@type\":\"Organization\",\"@id\":\"https:\\\/\\\/www.anovapeneira.gal\\\/#organization\",\"name\":\"A Nova Peneira\",\"url\":\"https:\\\/\\\/www.anovapeneira.gal\\\/\",\"logo\":{\"@type\":\"ImageObject\",\"inLanguage\":\"gl-ES\",\"@id\":\"https:\\\/\\\/www.anovapeneira.gal\\\/#\\\/schema\\\/logo\\\/image\\\/\",\"url\":\"http:\\\/\\\/www.anovapeneira.gal\\\/wp-content\\\/uploads\\\/2019\\\/06\\\/logo_a_nova_peneira_portal_web.png\",\"contentUrl\":\"http:\\\/\\\/www.anovapeneira.gal\\\/wp-content\\\/uploads\\\/2019\\\/06\\\/logo_a_nova_peneira_portal_web.png\",\"width\":300,\"height\":100,\"caption\":\"A Nova Peneira\"},\"image\":{\"@id\":\"https:\\\/\\\/www.anovapeneira.gal\\\/#\\\/schema\\\/logo\\\/image\\\/\"},\"sameAs\":[\"https:\\\/\\\/www.facebook.com\\\/anovapeneira\",\"https:\\\/\\\/x.com\\\/APeneira\"]},{\"@type\":\"Person\",\"@id\":\"https:\\\/\\\/www.anovapeneira.gal\\\/#\\\/schema\\\/person\\\/b93e3f8932e3f8da96334607eb6ac6aa\",\"name\":\"Redacci\u00f3n A Nova Peneira\",\"image\":{\"@type\":\"ImageObject\",\"inLanguage\":\"gl-ES\",\"@id\":\"https:\\\/\\\/secure.gravatar.com\\\/avatar\\\/c052a2551a06e23fac63626232eaa90abd78dbcf1700fc46a2b2c89fd27b735f?s=96&d=mm&r=g\",\"url\":\"https:\\\/\\\/secure.gravatar.com\\\/avatar\\\/c052a2551a06e23fac63626232eaa90abd78dbcf1700fc46a2b2c89fd27b735f?s=96&d=mm&r=g\",\"contentUrl\":\"https:\\\/\\\/secure.gravatar.com\\\/avatar\\\/c052a2551a06e23fac63626232eaa90abd78dbcf1700fc46a2b2c89fd27b735f?s=96&d=mm&r=g\",\"caption\":\"Redacci\u00f3n A Nova Peneira\"},\"sameAs\":[\"http:\\\/\\\/www.anovapeneira.gal\\\/\"],\"url\":\"https:\\\/\\\/www.anovapeneira.gal\\\/index.php\\\/author\\\/redactor\\\/\"}]}<\/script>\n<!-- \/ Yoast SEO plugin. -->","yoast_head_json":{"title":"O BNG anuncia unha ofensiva institucional contra a situaci\u00f3n de absoluta precariedade do servizo do GES do Val Mi\u00f1or -","robots":{"index":"index","follow":"follow","max-snippet":"max-snippet:-1","max-image-preview":"max-image-preview:large","max-video-preview":"max-video-preview:-1"},"canonical":"https:\/\/www.anovapeneira.gal\/index.php\/2025\/05\/21\/o-bng-anuncia-unha-ofensiva-institucional-contra-a-situacion-de-absoluta-precariedade-do-servizo-do-ges-do-val-minor\/","og_locale":"gl_ES","og_type":"article","og_title":"O BNG anuncia unha ofensiva institucional contra a situaci\u00f3n de absoluta precariedade do servizo do GES do Val Mi\u00f1or -","og_description":"A organizaci\u00f3n nacionalista avanza iniciativas nos concellos de Baiona, Gondomar e Nigr\u00e1n, na Mancomunidade do Val Mi\u00f1or, na Deputaci\u00f3n de Pontevedra e no Parlamento galegopara demandar a dignificaci\u00f3n do servizo, tanto no laboral como no que respecta \u00e1s dependencias da sede do servizo de emerxencias [...]","og_url":"https:\/\/www.anovapeneira.gal\/index.php\/2025\/05\/21\/o-bng-anuncia-unha-ofensiva-institucional-contra-a-situacion-de-absoluta-precariedade-do-servizo-do-ges-do-val-minor\/","article_publisher":"https:\/\/www.facebook.com\/anovapeneira","article_published_time":"2025-05-21T08:00:33+00:00","og_image":[{"width":720,"height":432,"url":"https:\/\/www.anovapeneira.gal\/wp-content\/uploads\/2025\/05\/OfensivaGESDignoXa2.jpg","type":"image\/jpeg"}],"author":"Redacci\u00f3n A Nova Peneira","twitter_card":"summary_large_image","twitter_creator":"@APeneira","twitter_site":"@APeneira","twitter_misc":{"Escrito por":"Redacci\u00f3n A Nova Peneira","Tempo de lectura":"5 minutos"},"schema":{"@context":"https:\/\/schema.org","@graph":[{"@type":"Article","@id":"https:\/\/www.anovapeneira.gal\/index.php\/2025\/05\/21\/o-bng-anuncia-unha-ofensiva-institucional-contra-a-situacion-de-absoluta-precariedade-do-servizo-do-ges-do-val-minor\/#article","isPartOf":{"@id":"https:\/\/www.anovapeneira.gal\/index.php\/2025\/05\/21\/o-bng-anuncia-unha-ofensiva-institucional-contra-a-situacion-de-absoluta-precariedade-do-servizo-do-ges-do-val-minor\/"},"author":{"name":"Redacci\u00f3n A Nova Peneira","@id":"https:\/\/www.anovapeneira.gal\/#\/schema\/person\/b93e3f8932e3f8da96334607eb6ac6aa"},"headline":"O BNG anuncia unha ofensiva institucional contra a situaci\u00f3n de absoluta precariedade do servizo do GES do Val Mi\u00f1or","datePublished":"2025-05-21T08:00:33+00:00","mainEntityOfPage":{"@id":"https:\/\/www.anovapeneira.gal\/index.php\/2025\/05\/21\/o-bng-anuncia-unha-ofensiva-institucional-contra-a-situacion-de-absoluta-precariedade-do-servizo-do-ges-do-val-minor\/"},"wordCount":805,"commentCount":0,"publisher":{"@id":"https:\/\/www.anovapeneira.gal\/#organization"},"image":{"@id":"https:\/\/www.anovapeneira.gal\/index.php\/2025\/05\/21\/o-bng-anuncia-unha-ofensiva-institucional-contra-a-situacion-de-absoluta-precariedade-do-servizo-do-ges-do-val-minor\/#primaryimage"},"thumbnailUrl":"https:\/\/www.anovapeneira.gal\/wp-content\/uploads\/2025\/05\/OfensivaGESDignoXa2.jpg","articleSection":["Val Mi\u00f1or"],"inLanguage":"gl-ES","potentialAction":[{"@type":"CommentAction","name":"Comment","target":["https:\/\/www.anovapeneira.gal\/index.php\/2025\/05\/21\/o-bng-anuncia-unha-ofensiva-institucional-contra-a-situacion-de-absoluta-precariedade-do-servizo-do-ges-do-val-minor\/#respond"]}]},{"@type":"WebPage","@id":"https:\/\/www.anovapeneira.gal\/index.php\/2025\/05\/21\/o-bng-anuncia-unha-ofensiva-institucional-contra-a-situacion-de-absoluta-precariedade-do-servizo-do-ges-do-val-minor\/","url":"https:\/\/www.anovapeneira.gal\/index.php\/2025\/05\/21\/o-bng-anuncia-unha-ofensiva-institucional-contra-a-situacion-de-absoluta-precariedade-do-servizo-do-ges-do-val-minor\/","name":"O BNG anuncia unha ofensiva institucional contra a situaci\u00f3n de absoluta precariedade do servizo do GES do Val Mi\u00f1or -","isPartOf":{"@id":"https:\/\/www.anovapeneira.gal\/#website"},"primaryImageOfPage":{"@id":"https:\/\/www.anovapeneira.gal\/index.php\/2025\/05\/21\/o-bng-anuncia-unha-ofensiva-institucional-contra-a-situacion-de-absoluta-precariedade-do-servizo-do-ges-do-val-minor\/#primaryimage"},"image":{"@id":"https:\/\/www.anovapeneira.gal\/index.php\/2025\/05\/21\/o-bng-anuncia-unha-ofensiva-institucional-contra-a-situacion-de-absoluta-precariedade-do-servizo-do-ges-do-val-minor\/#primaryimage"},"thumbnailUrl":"https:\/\/www.anovapeneira.gal\/wp-content\/uploads\/2025\/05\/OfensivaGESDignoXa2.jpg","datePublished":"2025-05-21T08:00:33+00:00","breadcrumb":{"@id":"https:\/\/www.anovapeneira.gal\/index.php\/2025\/05\/21\/o-bng-anuncia-unha-ofensiva-institucional-contra-a-situacion-de-absoluta-precariedade-do-servizo-do-ges-do-val-minor\/#breadcrumb"},"inLanguage":"gl-ES","potentialAction":[{"@type":"ReadAction","target":["https:\/\/www.anovapeneira.gal\/index.php\/2025\/05\/21\/o-bng-anuncia-unha-ofensiva-institucional-contra-a-situacion-de-absoluta-precariedade-do-servizo-do-ges-do-val-minor\/"]}]},{"@type":"ImageObject","inLanguage":"gl-ES","@id":"https:\/\/www.anovapeneira.gal\/index.php\/2025\/05\/21\/o-bng-anuncia-unha-ofensiva-institucional-contra-a-situacion-de-absoluta-precariedade-do-servizo-do-ges-do-val-minor\/#primaryimage","url":"https:\/\/www.anovapeneira.gal\/wp-content\/uploads\/2025\/05\/OfensivaGESDignoXa2.jpg","contentUrl":"https:\/\/www.anovapeneira.gal\/wp-content\/uploads\/2025\/05\/OfensivaGESDignoXa2.jpg","width":720,"height":432,"caption":"GES do Val Mi\u00f1or"},{"@type":"BreadcrumbList","@id":"https:\/\/www.anovapeneira.gal\/index.php\/2025\/05\/21\/o-bng-anuncia-unha-ofensiva-institucional-contra-a-situacion-de-absoluta-precariedade-do-servizo-do-ges-do-val-minor\/#breadcrumb","itemListElement":[{"@type":"ListItem","position":1,"name":"Portada","item":"https:\/\/www.anovapeneira.gal\/"},{"@type":"ListItem","position":2,"name":"O BNG anuncia unha ofensiva institucional contra a situaci\u00f3n de absoluta precariedade do servizo do GES do Val Mi\u00f1or"}]},{"@type":"WebSite","@id":"https:\/\/www.anovapeneira.gal\/#website","url":"https:\/\/www.anovapeneira.gal\/","name":"","description":"Xornal galego de informaci\u00f3n xeral Publicaci\u00f3n mensual de novas de Galicia e en especial dos Concellos da sur da provincia de Pontevedra.","publisher":{"@id":"https:\/\/www.anovapeneira.gal\/#organization"},"potentialAction":[{"@type":"SearchAction","target":{"@type":"EntryPoint","urlTemplate":"https:\/\/www.anovapeneira.gal\/?s={search_term_string}"},"query-input":{"@type":"PropertyValueSpecification","valueRequired":true,"valueName":"search_term_string"}}],"inLanguage":"gl-ES"},{"@type":"Organization","@id":"https:\/\/www.anovapeneira.gal\/#organization","name":"A Nova Peneira","url":"https:\/\/www.anovapeneira.gal\/","logo":{"@type":"ImageObject","inLanguage":"gl-ES","@id":"https:\/\/www.anovapeneira.gal\/#\/schema\/logo\/image\/","url":"http:\/\/www.anovapeneira.gal\/wp-content\/uploads\/2019\/06\/logo_a_nova_peneira_portal_web.png","contentUrl":"http:\/\/www.anovapeneira.gal\/wp-content\/uploads\/2019\/06\/logo_a_nova_peneira_portal_web.png","width":300,"height":100,"caption":"A Nova Peneira"},"image":{"@id":"https:\/\/www.anovapeneira.gal\/#\/schema\/logo\/image\/"},"sameAs":["https:\/\/www.facebook.com\/anovapeneira","https:\/\/x.com\/APeneira"]},{"@type":"Person","@id":"https:\/\/www.anovapeneira.gal\/#\/schema\/person\/b93e3f8932e3f8da96334607eb6ac6aa","name":"Redacci\u00f3n A Nova Peneira","image":{"@type":"ImageObject","inLanguage":"gl-ES","@id":"https:\/\/secure.gravatar.com\/avatar\/c052a2551a06e23fac63626232eaa90abd78dbcf1700fc46a2b2c89fd27b735f?s=96&d=mm&r=g","url":"https:\/\/secure.gravatar.com\/avatar\/c052a2551a06e23fac63626232eaa90abd78dbcf1700fc46a2b2c89fd27b735f?s=96&d=mm&r=g","contentUrl":"https:\/\/secure.gravatar.com\/avatar\/c052a2551a06e23fac63626232eaa90abd78dbcf1700fc46a2b2c89fd27b735f?s=96&d=mm&r=g","caption":"Redacci\u00f3n A Nova Peneira"},"sameAs":["http:\/\/www.anovapeneira.gal\/"],"url":"https:\/\/www.anovapeneira.gal\/index.php\/author\/redactor\/"}]}},"jetpack_featured_media_url":"https:\/\/www.anovapeneira.gal\/wp-content\/uploads\/2025\/05\/OfensivaGESDignoXa2.jpg","_links":{"self":[{"href":"https:\/\/www.anovapeneira.gal\/index.php\/wp-json\/wp\/v2\/posts\/13925","targetHints":{"allow":["GET"]}}],"collection":[{"href":"https:\/\/www.anovapeneira.gal\/index.php\/wp-json\/wp\/v2\/posts"}],"about":[{"href":"https:\/\/www.anovapeneira.gal\/index.php\/wp-json\/wp\/v2\/types\/post"}],"author":[{"embeddable":true,"href":"https:\/\/www.anovapeneira.gal\/index.php\/wp-json\/wp\/v2\/users\/3"}],"replies":[{"embeddable":true,"href":"https:\/\/www.anovapeneira.gal\/index.php\/wp-json\/wp\/v2\/comments?post=13925"}],"version-history":[{"count":1,"href":"https:\/\/www.anovapeneira.gal\/index.php\/wp-json\/wp\/v2\/posts\/13925\/revisions"}],"predecessor-version":[{"id":13927,"href":"https:\/\/www.anovapeneira.gal\/index.php\/wp-json\/wp\/v2\/posts\/13925\/revisions\/13927"}],"wp:featuredmedia":[{"embeddable":true,"href":"https:\/\/www.anovapeneira.gal\/index.php\/wp-json\/wp\/v2\/media\/13926"}],"wp:attachment":[{"href":"https:\/\/www.anovapeneira.gal\/index.php\/wp-json\/wp\/v2\/media?parent=13925"}],"wp:term":[{"taxonomy":"category","embeddable":true,"href":"https:\/\/www.anovapeneira.gal\/index.php\/wp-json\/wp\/v2\/categories?post=13925"},{"taxonomy":"post_tag","embeddable":true,"href":"https:\/\/www.anovapeneira.gal\/index.php\/wp-json\/wp\/v2\/tags?post=13925"}],"curies":[{"name":"wp","href":"https:\/\/api.w.org\/{rel}","templated":true}]}}