{"id":13929,"date":"2025-05-21T12:00:28","date_gmt":"2025-05-21T10:00:28","guid":{"rendered":"https:\/\/www.anovapeneira.gal\/?p=13929"},"modified":"2025-05-15T10:36:52","modified_gmt":"2025-05-15T08:36:52","slug":"digna-rivas-alcaldesa-de-redondela-9","status":"publish","type":"post","link":"https:\/\/www.anovapeneira.gal\/index.php\/2025\/05\/21\/digna-rivas-alcaldesa-de-redondela-9\/","title":{"rendered":"Digna Rivas, alcaldesa de Redondela"},"content":{"rendered":"\n<p><strong>Ante a situaci\u00f3n pol\u00edtica tan complicada que vive Redondela, volvemos falar cos l\u00edderes das distintas forzas pol\u00edticas. Nesta ocasi\u00f3n co\u00f1ecemos a visi\u00f3n da alcaldesa, a socialista Digna Rivas.<\/strong><\/p>\n\n\n\n<p>\u201c<strong>Quen pense que pode someter a este goberno e a esta alcaldesa mediante presi\u00f3ns, que perda toda esperanza\u201d<\/strong><\/p>\n\n\n\n<p><strong>Como valoras a situaci\u00f3n pol\u00edtica de Redondela despois de ter perdido a cuesti\u00f3n de confianza \u00e1 que te sometiches?<\/strong><\/p>\n\n\n\n<blockquote class=\"wp-block-quote is-layout-flow wp-block-quote-is-layout-flow\">\n<p>Decid\u00edn formular a moci\u00f3n de confianza porque eu non estou atada ao posto. Non acepto ning\u00fan tipo de chantaxe. Non o fixen no pasado e tampouco o vou facer no futuro. Quen pense que pode someter a este goberno e a esta alcaldesa mediante presi\u00f3ns, que perda toda a esperanza. Eu s\u00f3 obedezo \u00e1 vontade colectiva do pobo de Redondela. Tam\u00e9n a fixen por responsabilidade pol\u00edtica, pois Redondela precisa aprobar os seus orzamentos.<\/p>\n<\/blockquote>\n\n\n\n<p><strong>En realidade \u00e9 tan indispensable aprobar agora os orzamentos ata o punto de situar a Redondela nunha situaci\u00f3n pol\u00edtica de moi dif\u00edcil sa\u00edda?<\/strong><\/p>\n\n\n\n<blockquote class=\"wp-block-quote is-layout-flow wp-block-quote-is-layout-flow\">\n<p>Si, \u00e9 indispensable. Estamos ante os mellores orzamentos da historia de Redondela. Teriamos 2,5 mill\u00f3ns de \u20ac m\u00e1is que nos orzamentos que estamos manexando. E esa cantidade a maiores \u00edmola perder.<\/p>\n<\/blockquote>\n\n\n\n<p><strong>E como valoras a actitude da oposici\u00f3n?<\/strong><\/p>\n\n\n\n<blockquote class=\"wp-block-quote is-layout-flow wp-block-quote-is-layout-flow\">\n<p>Lamento constatar que lle dan prioridade aos intereses partidistas que ao ben com\u00fan do pobo de Redondela.<\/p>\n<\/blockquote>\n\n\n\n<p><strong>Ben, eles ter\u00e1n que facer o seu papel de oposici\u00f3n. Ti, no seu momento tam\u00e9n fuches oposici\u00f3n<\/strong><\/p>\n\n\n\n<blockquote class=\"wp-block-quote is-layout-flow wp-block-quote-is-layout-flow\">\n<p>Si, \u00e9 certo. Eu estiven oito anos na oposici\u00f3n. Pero nunca, nunca xamais fixemos este tipo de oposici\u00f3n irresponsable, de desgaste continuo e de chantaxe permanente.<\/p>\n<\/blockquote>\n\n\n\n<p><strong>Cando o PSOE era oposici\u00f3n facilitastes nalgunha ocasi\u00f3n, coa vosa abstenci\u00f3n ou o vosos voto afirmativo, alg\u00fan proxecto estrat\u00e9xico para Redondela?<\/strong><\/p>\n\n\n\n<blockquote class=\"wp-block-quote is-layout-flow wp-block-quote-is-layout-flow\">\n<p>Si, rotundamente si.<\/p>\n<\/blockquote>\n\n\n\n<p><strong>E a oposici\u00f3n actual?<\/strong><\/p>\n\n\n\n<blockquote class=\"wp-block-quote is-layout-flow wp-block-quote-is-layout-flow\">\n<p>Non, rotundamente non. Votan en contra de todo por sistema con independencia do que se vote. Incluso votan en contra de proxectos europeos como os da senda urbana. A\u00ednda as\u00ed, grazas ao noso esforzo e traballo imos sacando bastantes cousas.<\/p>\n<\/blockquote>\n\n\n\n<p><strong>Sobre a pol\u00e9mica das peonalizaci\u00f3ns que nos tes que dicir?<\/strong><\/p>\n\n\n\n<blockquote class=\"wp-block-quote is-layout-flow wp-block-quote-is-layout-flow\">\n<p>Que entendo e respecto ambas posturas, tanto a posici\u00f3n favorable como a opini\u00f3n contraria. Asumo a necesidade de escoitar de acordar e de constru\u00edr espazos de avinza. Pero n\u00f3s defendemos a necesidade de peonalizar o casco hist\u00f3rico de Redondela.<\/p>\n<\/blockquote>\n\n\n\n<blockquote class=\"wp-block-quote is-layout-flow wp-block-quote-is-layout-flow\">\n<p>Temos clara tam\u00e9n a necesidade de recuperar os edificios da zona, algo que non \u00e9 nada f\u00e1cil, pero no que traballamos sen descanso. Lamento profundamente a posici\u00f3n actual de Javier Bas, posto que isto foi algo que medio se comezou no ano 2012 con el de alcalde.<\/p>\n<\/blockquote>\n\n\n\n<blockquote class=\"wp-block-quote is-layout-flow wp-block-quote-is-layout-flow\">\n<p>O tr\u00e1nsito rodado polas r\u00faas do casco urbano \u00e9 moi elevado, as zonas se est\u00e1n a deteriorar e hai que darlle unha soluci\u00f3n con urxencia.<\/p>\n<\/blockquote>\n\n\n\n<blockquote class=\"wp-block-quote is-layout-flow wp-block-quote-is-layout-flow\">\n<p>Por outra banda as directrices europeas en relaci\u00f3n coas subvenci\u00f3ns son cada vez m\u00e1is exixentes sobre a necesidade de peonalizar os espazos urbanos.<\/p>\n<\/blockquote>\n\n\n\n<p><strong>Cabe a posibilidade de que a presi\u00f3n poida contigo e acabes por renderte?<\/strong><\/p>\n\n\n\n<blockquote class=\"wp-block-quote is-layout-flow wp-block-quote-is-layout-flow\">\n<p>Non, rotundamente Non. Vou dar todo o que te\u00f1o para facer mellor a Redondela, e non te\u00f1o nada m\u00e1is que dicir ao respecto.<\/p>\n<\/blockquote>\n\n\n\n<p><strong>Estamos na \u00e9poca m\u00e1is bonita de Redondela?<\/strong><\/p>\n\n\n\n<blockquote class=\"wp-block-quote is-layout-flow wp-block-quote-is-layout-flow\">\n<p>Redondela \u00e9 bonita os 365 d\u00edas do ano,pero esta \u00e9poca \u00e9 un tanto especial si. Acabamos coa marabillosa festa do Choco e en nada teremos os monicreques e a Coca.<\/p>\n<\/blockquote>\n\n\n\n<blockquote class=\"wp-block-quote is-layout-flow wp-block-quote-is-layout-flow\">\n<p>Sempre que me preguntan por este asunto, sempre respondo o mesmo, pero \u00e9 que sempre \u00e9 verdade, polo tanto o xusto \u00e9 que o diga:Redondela ten unha d\u00e9beda impagable co seu tecido asociativo. O seu esforzo, imaxinaci\u00f3n, talento e creatividade fan que a expresi\u00f3n cultural de Redondela sexa das m\u00e1is importantes de Galicia.<\/p>\n<\/blockquote>\n\n\n\n<p><strong>Eso \u00e9 un t\u00f3pico alcaldesa?<\/strong><\/p>\n\n\n\n<blockquote class=\"wp-block-quote is-layout-flow wp-block-quote-is-layout-flow\">\n<p>Non, \u00e9 a realidade. P\u00f3doche asegurar de maneira obxectiva e con co\u00f1ecemento de causa, que moitas persoas de f\u00f3ra de Redondela t\u00e9\u00f1enme felicitado pola solidez, a densidade e a calidade das manifestaci\u00f3ns culturais de Redondela.A modo de exemplo podo dicir que o \u201cFestival internacional de T\u00edteres\u201d sit\u00faa a Redondela como un referente europeo de primeiro nivel no universo dos monicreques.<\/p>\n<\/blockquote>\n\n\n\n<p><strong>Que temos pensado facer para este 17 de Maio?<\/strong><\/p>\n\n\n\n<blockquote class=\"wp-block-quote is-layout-flow wp-block-quote-is-layout-flow\">\n<p>Para o d\u00eda das letras galegas desde o SNL do noso Concello temos programadas numerosas actividades, d\u00e1ndolle especial relevancia aos obradoiros nos colexios. Fixemos distintas actividades nos centros de ensino d\u00e1ndolle especial relevancia \u00e1 tem\u00e1tica que se homenaxea nas letras deste ano.<\/p>\n<\/blockquote>\n\n\n\n<p><strong>Que tal acollida tiveron?<\/strong><\/p>\n\n\n\n<blockquote class=\"wp-block-quote is-layout-flow wp-block-quote-is-layout-flow\">\n<p>Moi boa, o resultado foi marabilloso. O propio d\u00eda 17 vir\u00e1n nenas e nenos a participar no acto institucional que teremos no Concello. Tam\u00e9n tivemos charlas programadas ao respecto das nosas letras nos distintos institutos de Redondela. As actividades do SNL, a\u00ednda que co gallo das letras se intensifiquen, non s\u00f3 son nesta \u00e9poca. Son ao longo de todo o ano, pois este \u00e9 un goberno comprometido de verdade co idioma galego e coa cultura galega.<\/p>\n<\/blockquote>\n\n\n\n<p><strong>En relaci\u00f3n \u00e1 memoria hist\u00f3rica imos facer algo?<\/strong><\/p>\n\n\n\n<blockquote class=\"wp-block-quote is-layout-flow wp-block-quote-is-layout-flow\">\n<p>Si, este xoves teremos unha apaixonante charla da investigadora Montse Fajardo.<\/p>\n<\/blockquote>\n\n\n\n<p><strong>O bote Manuel vai ser unha realidade?<\/strong><\/p>\n\n\n\n<blockquote class=\"wp-block-quote is-layout-flow wp-block-quote-is-layout-flow\">\n<p>Si, a\u00ednda falta pero si, vai ser unha realidade.<\/p>\n<\/blockquote>\n\n\n\n<p><strong>Podemos adiantar algo da Coca?<\/strong><\/p>\n\n\n\n<blockquote class=\"wp-block-quote is-layout-flow wp-block-quote-is-layout-flow\">\n<p>Algo, s\u00f3 algo.<\/p>\n<\/blockquote>\n\n\n\n<p><strong>Pois ?<\/strong><\/p>\n\n\n\n<blockquote class=\"wp-block-quote is-layout-flow wp-block-quote-is-layout-flow\">\n<p>Al\u00e9n das cuesti\u00f3ns tradicionais da festividade, teremos o \u201c venres do rock\u201d, con case oito horas dese estilo musical nun festival que contar\u00e1 coa actuaci\u00f3n estelar de \u201cHerdeiros da Crus\u201d<\/p>\n<\/blockquote>\n","protected":false},"excerpt":{"rendered":"<div class=\"mh-excerpt\"><p>Ante a situaci\u00f3n pol\u00edtica tan complicada que vive Redondela, volvemos falar cos l\u00edderes das distintas forzas pol\u00edticas. Nesta ocasi\u00f3n co\u00f1ecemos a visi\u00f3n da alcaldesa, a socialista Digna Rivas. <a class=\"mh-excerpt-more\" href=\"https:\/\/www.anovapeneira.gal\/index.php\/2025\/05\/21\/digna-rivas-alcaldesa-de-redondela-9\/\" title=\"Digna Rivas, alcaldesa de Redondela\">[&#8230;]<\/a><\/p>\n<\/div>","protected":false},"author":6,"featured_media":13931,"comment_status":"open","ping_status":"open","sticky":false,"template":"","format":"standard","meta":{"_exactmetrics_skip_tracking":false,"_exactmetrics_sitenote_active":false,"_exactmetrics_sitenote_note":"","_exactmetrics_sitenote_category":0,"footnotes":""},"categories":[270],"tags":[171],"class_list":{"0":"post-13929","1":"post","2":"type-post","3":"status-publish","4":"format-standard","5":"has-post-thumbnail","7":"category-redondela-entrevistas","8":"tag-concello-de-redondela"},"yoast_head":"<!-- This site is optimized with the Yoast SEO plugin v27.4 - https:\/\/yoast.com\/product\/yoast-seo-wordpress\/ -->\n<title>Digna Rivas, alcaldesa de Redondela -<\/title>\n<meta name=\"robots\" content=\"index, follow, max-snippet:-1, max-image-preview:large, max-video-preview:-1\" \/>\n<link rel=\"canonical\" href=\"https:\/\/www.anovapeneira.gal\/index.php\/2025\/05\/21\/digna-rivas-alcaldesa-de-redondela-9\/\" \/>\n<meta property=\"og:locale\" content=\"gl_ES\" \/>\n<meta property=\"og:type\" content=\"article\" \/>\n<meta property=\"og:title\" content=\"Digna Rivas, alcaldesa de Redondela -\" \/>\n<meta property=\"og:description\" content=\"Ante a situaci\u00f3n pol\u00edtica tan complicada que vive Redondela, volvemos falar cos l\u00edderes das distintas forzas pol\u00edticas. Nesta ocasi\u00f3n co\u00f1ecemos a visi\u00f3n da alcaldesa, a socialista Digna Rivas. [...]\" \/>\n<meta property=\"og:url\" content=\"https:\/\/www.anovapeneira.gal\/index.php\/2025\/05\/21\/digna-rivas-alcaldesa-de-redondela-9\/\" \/>\n<meta property=\"article:publisher\" content=\"https:\/\/www.facebook.com\/anovapeneira\" \/>\n<meta property=\"article:published_time\" content=\"2025-05-21T10:00:28+00:00\" \/>\n<meta property=\"og:image\" content=\"https:\/\/www.anovapeneira.gal\/wp-content\/uploads\/2025\/05\/digna_rivas.jpg\" \/>\n\t<meta property=\"og:image:width\" content=\"720\" \/>\n\t<meta property=\"og:image:height\" content=\"432\" \/>\n\t<meta property=\"og:image:type\" content=\"image\/jpeg\" \/>\n<meta name=\"author\" content=\"Marcos Santos\" \/>\n<meta name=\"twitter:card\" content=\"summary_large_image\" \/>\n<meta name=\"twitter:creator\" content=\"@APeneira\" \/>\n<meta name=\"twitter:site\" content=\"@APeneira\" \/>\n<meta name=\"twitter:label1\" content=\"Escrito por\" \/>\n\t<meta name=\"twitter:data1\" content=\"Marcos Santos\" \/>\n\t<meta name=\"twitter:label2\" content=\"Tempo de lectura\" \/>\n\t<meta name=\"twitter:data2\" content=\"2 minutos\" \/>\n<script type=\"application\/ld+json\" class=\"yoast-schema-graph\">{\"@context\":\"https:\\\/\\\/schema.org\",\"@graph\":[{\"@type\":\"Article\",\"@id\":\"https:\\\/\\\/www.anovapeneira.gal\\\/index.php\\\/2025\\\/05\\\/21\\\/digna-rivas-alcaldesa-de-redondela-9\\\/#article\",\"isPartOf\":{\"@id\":\"https:\\\/\\\/www.anovapeneira.gal\\\/index.php\\\/2025\\\/05\\\/21\\\/digna-rivas-alcaldesa-de-redondela-9\\\/\"},\"author\":{\"name\":\"Marcos Santos\",\"@id\":\"https:\\\/\\\/www.anovapeneira.gal\\\/#\\\/schema\\\/person\\\/d9d84823564720e7593293bab054e52d\"},\"headline\":\"Digna Rivas, alcaldesa de Redondela\",\"datePublished\":\"2025-05-21T10:00:28+00:00\",\"mainEntityOfPage\":{\"@id\":\"https:\\\/\\\/www.anovapeneira.gal\\\/index.php\\\/2025\\\/05\\\/21\\\/digna-rivas-alcaldesa-de-redondela-9\\\/\"},\"wordCount\":938,\"commentCount\":0,\"publisher\":{\"@id\":\"https:\\\/\\\/www.anovapeneira.gal\\\/#organization\"},\"image\":{\"@id\":\"https:\\\/\\\/www.anovapeneira.gal\\\/index.php\\\/2025\\\/05\\\/21\\\/digna-rivas-alcaldesa-de-redondela-9\\\/#primaryimage\"},\"thumbnailUrl\":\"https:\\\/\\\/www.anovapeneira.gal\\\/wp-content\\\/uploads\\\/2025\\\/05\\\/digna_rivas.jpg\",\"keywords\":[\"Concello de Redondela\"],\"articleSection\":[\"Redondela\"],\"inLanguage\":\"gl-ES\",\"potentialAction\":[{\"@type\":\"CommentAction\",\"name\":\"Comment\",\"target\":[\"https:\\\/\\\/www.anovapeneira.gal\\\/index.php\\\/2025\\\/05\\\/21\\\/digna-rivas-alcaldesa-de-redondela-9\\\/#respond\"]}]},{\"@type\":\"WebPage\",\"@id\":\"https:\\\/\\\/www.anovapeneira.gal\\\/index.php\\\/2025\\\/05\\\/21\\\/digna-rivas-alcaldesa-de-redondela-9\\\/\",\"url\":\"https:\\\/\\\/www.anovapeneira.gal\\\/index.php\\\/2025\\\/05\\\/21\\\/digna-rivas-alcaldesa-de-redondela-9\\\/\",\"name\":\"Digna Rivas, alcaldesa de Redondela -\",\"isPartOf\":{\"@id\":\"https:\\\/\\\/www.anovapeneira.gal\\\/#website\"},\"primaryImageOfPage\":{\"@id\":\"https:\\\/\\\/www.anovapeneira.gal\\\/index.php\\\/2025\\\/05\\\/21\\\/digna-rivas-alcaldesa-de-redondela-9\\\/#primaryimage\"},\"image\":{\"@id\":\"https:\\\/\\\/www.anovapeneira.gal\\\/index.php\\\/2025\\\/05\\\/21\\\/digna-rivas-alcaldesa-de-redondela-9\\\/#primaryimage\"},\"thumbnailUrl\":\"https:\\\/\\\/www.anovapeneira.gal\\\/wp-content\\\/uploads\\\/2025\\\/05\\\/digna_rivas.jpg\",\"datePublished\":\"2025-05-21T10:00:28+00:00\",\"breadcrumb\":{\"@id\":\"https:\\\/\\\/www.anovapeneira.gal\\\/index.php\\\/2025\\\/05\\\/21\\\/digna-rivas-alcaldesa-de-redondela-9\\\/#breadcrumb\"},\"inLanguage\":\"gl-ES\",\"potentialAction\":[{\"@type\":\"ReadAction\",\"target\":[\"https:\\\/\\\/www.anovapeneira.gal\\\/index.php\\\/2025\\\/05\\\/21\\\/digna-rivas-alcaldesa-de-redondela-9\\\/\"]}]},{\"@type\":\"ImageObject\",\"inLanguage\":\"gl-ES\",\"@id\":\"https:\\\/\\\/www.anovapeneira.gal\\\/index.php\\\/2025\\\/05\\\/21\\\/digna-rivas-alcaldesa-de-redondela-9\\\/#primaryimage\",\"url\":\"https:\\\/\\\/www.anovapeneira.gal\\\/wp-content\\\/uploads\\\/2025\\\/05\\\/digna_rivas.jpg\",\"contentUrl\":\"https:\\\/\\\/www.anovapeneira.gal\\\/wp-content\\\/uploads\\\/2025\\\/05\\\/digna_rivas.jpg\",\"width\":720,\"height\":432,\"caption\":\"Digna Rivas, alcaldesa de Redondela\"},{\"@type\":\"BreadcrumbList\",\"@id\":\"https:\\\/\\\/www.anovapeneira.gal\\\/index.php\\\/2025\\\/05\\\/21\\\/digna-rivas-alcaldesa-de-redondela-9\\\/#breadcrumb\",\"itemListElement\":[{\"@type\":\"ListItem\",\"position\":1,\"name\":\"Portada\",\"item\":\"https:\\\/\\\/www.anovapeneira.gal\\\/\"},{\"@type\":\"ListItem\",\"position\":2,\"name\":\"Digna Rivas, alcaldesa de Redondela\"}]},{\"@type\":\"WebSite\",\"@id\":\"https:\\\/\\\/www.anovapeneira.gal\\\/#website\",\"url\":\"https:\\\/\\\/www.anovapeneira.gal\\\/\",\"name\":\"\",\"description\":\"Xornal galego de informaci\u00f3n xeral Publicaci\u00f3n mensual de novas de Galicia e en especial dos Concellos da sur da provincia de Pontevedra.\",\"publisher\":{\"@id\":\"https:\\\/\\\/www.anovapeneira.gal\\\/#organization\"},\"potentialAction\":[{\"@type\":\"SearchAction\",\"target\":{\"@type\":\"EntryPoint\",\"urlTemplate\":\"https:\\\/\\\/www.anovapeneira.gal\\\/?s={search_term_string}\"},\"query-input\":{\"@type\":\"PropertyValueSpecification\",\"valueRequired\":true,\"valueName\":\"search_term_string\"}}],\"inLanguage\":\"gl-ES\"},{\"@type\":\"Organization\",\"@id\":\"https:\\\/\\\/www.anovapeneira.gal\\\/#organization\",\"name\":\"A Nova Peneira\",\"url\":\"https:\\\/\\\/www.anovapeneira.gal\\\/\",\"logo\":{\"@type\":\"ImageObject\",\"inLanguage\":\"gl-ES\",\"@id\":\"https:\\\/\\\/www.anovapeneira.gal\\\/#\\\/schema\\\/logo\\\/image\\\/\",\"url\":\"http:\\\/\\\/www.anovapeneira.gal\\\/wp-content\\\/uploads\\\/2019\\\/06\\\/logo_a_nova_peneira_portal_web.png\",\"contentUrl\":\"http:\\\/\\\/www.anovapeneira.gal\\\/wp-content\\\/uploads\\\/2019\\\/06\\\/logo_a_nova_peneira_portal_web.png\",\"width\":300,\"height\":100,\"caption\":\"A Nova Peneira\"},\"image\":{\"@id\":\"https:\\\/\\\/www.anovapeneira.gal\\\/#\\\/schema\\\/logo\\\/image\\\/\"},\"sameAs\":[\"https:\\\/\\\/www.facebook.com\\\/anovapeneira\",\"https:\\\/\\\/x.com\\\/APeneira\"]},{\"@type\":\"Person\",\"@id\":\"https:\\\/\\\/www.anovapeneira.gal\\\/#\\\/schema\\\/person\\\/d9d84823564720e7593293bab054e52d\",\"name\":\"Marcos Santos\",\"image\":{\"@type\":\"ImageObject\",\"inLanguage\":\"gl-ES\",\"@id\":\"https:\\\/\\\/secure.gravatar.com\\\/avatar\\\/0e8017099a7a47c0a9d2275e865fe326484561eb3d70649069e4b8e61a8d2e8c?s=96&d=mm&r=g\",\"url\":\"https:\\\/\\\/secure.gravatar.com\\\/avatar\\\/0e8017099a7a47c0a9d2275e865fe326484561eb3d70649069e4b8e61a8d2e8c?s=96&d=mm&r=g\",\"contentUrl\":\"https:\\\/\\\/secure.gravatar.com\\\/avatar\\\/0e8017099a7a47c0a9d2275e865fe326484561eb3d70649069e4b8e61a8d2e8c?s=96&d=mm&r=g\",\"caption\":\"Marcos Santos\"},\"sameAs\":[\"http:\\\/\\\/anovapeneira.gal\"],\"url\":\"https:\\\/\\\/www.anovapeneira.gal\\\/index.php\\\/author\\\/marcos-santos\\\/\"}]}<\/script>\n<!-- \/ Yoast SEO plugin. -->","yoast_head_json":{"title":"Digna Rivas, alcaldesa de Redondela -","robots":{"index":"index","follow":"follow","max-snippet":"max-snippet:-1","max-image-preview":"max-image-preview:large","max-video-preview":"max-video-preview:-1"},"canonical":"https:\/\/www.anovapeneira.gal\/index.php\/2025\/05\/21\/digna-rivas-alcaldesa-de-redondela-9\/","og_locale":"gl_ES","og_type":"article","og_title":"Digna Rivas, alcaldesa de Redondela -","og_description":"Ante a situaci\u00f3n pol\u00edtica tan complicada que vive Redondela, volvemos falar cos l\u00edderes das distintas forzas pol\u00edticas. Nesta ocasi\u00f3n co\u00f1ecemos a visi\u00f3n da alcaldesa, a socialista Digna Rivas. [...]","og_url":"https:\/\/www.anovapeneira.gal\/index.php\/2025\/05\/21\/digna-rivas-alcaldesa-de-redondela-9\/","article_publisher":"https:\/\/www.facebook.com\/anovapeneira","article_published_time":"2025-05-21T10:00:28+00:00","og_image":[{"width":720,"height":432,"url":"https:\/\/www.anovapeneira.gal\/wp-content\/uploads\/2025\/05\/digna_rivas.jpg","type":"image\/jpeg"}],"author":"Marcos Santos","twitter_card":"summary_large_image","twitter_creator":"@APeneira","twitter_site":"@APeneira","twitter_misc":{"Escrito por":"Marcos Santos","Tempo de lectura":"2 minutos"},"schema":{"@context":"https:\/\/schema.org","@graph":[{"@type":"Article","@id":"https:\/\/www.anovapeneira.gal\/index.php\/2025\/05\/21\/digna-rivas-alcaldesa-de-redondela-9\/#article","isPartOf":{"@id":"https:\/\/www.anovapeneira.gal\/index.php\/2025\/05\/21\/digna-rivas-alcaldesa-de-redondela-9\/"},"author":{"name":"Marcos Santos","@id":"https:\/\/www.anovapeneira.gal\/#\/schema\/person\/d9d84823564720e7593293bab054e52d"},"headline":"Digna Rivas, alcaldesa de Redondela","datePublished":"2025-05-21T10:00:28+00:00","mainEntityOfPage":{"@id":"https:\/\/www.anovapeneira.gal\/index.php\/2025\/05\/21\/digna-rivas-alcaldesa-de-redondela-9\/"},"wordCount":938,"commentCount":0,"publisher":{"@id":"https:\/\/www.anovapeneira.gal\/#organization"},"image":{"@id":"https:\/\/www.anovapeneira.gal\/index.php\/2025\/05\/21\/digna-rivas-alcaldesa-de-redondela-9\/#primaryimage"},"thumbnailUrl":"https:\/\/www.anovapeneira.gal\/wp-content\/uploads\/2025\/05\/digna_rivas.jpg","keywords":["Concello de Redondela"],"articleSection":["Redondela"],"inLanguage":"gl-ES","potentialAction":[{"@type":"CommentAction","name":"Comment","target":["https:\/\/www.anovapeneira.gal\/index.php\/2025\/05\/21\/digna-rivas-alcaldesa-de-redondela-9\/#respond"]}]},{"@type":"WebPage","@id":"https:\/\/www.anovapeneira.gal\/index.php\/2025\/05\/21\/digna-rivas-alcaldesa-de-redondela-9\/","url":"https:\/\/www.anovapeneira.gal\/index.php\/2025\/05\/21\/digna-rivas-alcaldesa-de-redondela-9\/","name":"Digna Rivas, alcaldesa de Redondela -","isPartOf":{"@id":"https:\/\/www.anovapeneira.gal\/#website"},"primaryImageOfPage":{"@id":"https:\/\/www.anovapeneira.gal\/index.php\/2025\/05\/21\/digna-rivas-alcaldesa-de-redondela-9\/#primaryimage"},"image":{"@id":"https:\/\/www.anovapeneira.gal\/index.php\/2025\/05\/21\/digna-rivas-alcaldesa-de-redondela-9\/#primaryimage"},"thumbnailUrl":"https:\/\/www.anovapeneira.gal\/wp-content\/uploads\/2025\/05\/digna_rivas.jpg","datePublished":"2025-05-21T10:00:28+00:00","breadcrumb":{"@id":"https:\/\/www.anovapeneira.gal\/index.php\/2025\/05\/21\/digna-rivas-alcaldesa-de-redondela-9\/#breadcrumb"},"inLanguage":"gl-ES","potentialAction":[{"@type":"ReadAction","target":["https:\/\/www.anovapeneira.gal\/index.php\/2025\/05\/21\/digna-rivas-alcaldesa-de-redondela-9\/"]}]},{"@type":"ImageObject","inLanguage":"gl-ES","@id":"https:\/\/www.anovapeneira.gal\/index.php\/2025\/05\/21\/digna-rivas-alcaldesa-de-redondela-9\/#primaryimage","url":"https:\/\/www.anovapeneira.gal\/wp-content\/uploads\/2025\/05\/digna_rivas.jpg","contentUrl":"https:\/\/www.anovapeneira.gal\/wp-content\/uploads\/2025\/05\/digna_rivas.jpg","width":720,"height":432,"caption":"Digna Rivas, alcaldesa de Redondela"},{"@type":"BreadcrumbList","@id":"https:\/\/www.anovapeneira.gal\/index.php\/2025\/05\/21\/digna-rivas-alcaldesa-de-redondela-9\/#breadcrumb","itemListElement":[{"@type":"ListItem","position":1,"name":"Portada","item":"https:\/\/www.anovapeneira.gal\/"},{"@type":"ListItem","position":2,"name":"Digna Rivas, alcaldesa de Redondela"}]},{"@type":"WebSite","@id":"https:\/\/www.anovapeneira.gal\/#website","url":"https:\/\/www.anovapeneira.gal\/","name":"","description":"Xornal galego de informaci\u00f3n xeral Publicaci\u00f3n mensual de novas de Galicia e en especial dos Concellos da sur da provincia de Pontevedra.","publisher":{"@id":"https:\/\/www.anovapeneira.gal\/#organization"},"potentialAction":[{"@type":"SearchAction","target":{"@type":"EntryPoint","urlTemplate":"https:\/\/www.anovapeneira.gal\/?s={search_term_string}"},"query-input":{"@type":"PropertyValueSpecification","valueRequired":true,"valueName":"search_term_string"}}],"inLanguage":"gl-ES"},{"@type":"Organization","@id":"https:\/\/www.anovapeneira.gal\/#organization","name":"A Nova Peneira","url":"https:\/\/www.anovapeneira.gal\/","logo":{"@type":"ImageObject","inLanguage":"gl-ES","@id":"https:\/\/www.anovapeneira.gal\/#\/schema\/logo\/image\/","url":"http:\/\/www.anovapeneira.gal\/wp-content\/uploads\/2019\/06\/logo_a_nova_peneira_portal_web.png","contentUrl":"http:\/\/www.anovapeneira.gal\/wp-content\/uploads\/2019\/06\/logo_a_nova_peneira_portal_web.png","width":300,"height":100,"caption":"A Nova Peneira"},"image":{"@id":"https:\/\/www.anovapeneira.gal\/#\/schema\/logo\/image\/"},"sameAs":["https:\/\/www.facebook.com\/anovapeneira","https:\/\/x.com\/APeneira"]},{"@type":"Person","@id":"https:\/\/www.anovapeneira.gal\/#\/schema\/person\/d9d84823564720e7593293bab054e52d","name":"Marcos Santos","image":{"@type":"ImageObject","inLanguage":"gl-ES","@id":"https:\/\/secure.gravatar.com\/avatar\/0e8017099a7a47c0a9d2275e865fe326484561eb3d70649069e4b8e61a8d2e8c?s=96&d=mm&r=g","url":"https:\/\/secure.gravatar.com\/avatar\/0e8017099a7a47c0a9d2275e865fe326484561eb3d70649069e4b8e61a8d2e8c?s=96&d=mm&r=g","contentUrl":"https:\/\/secure.gravatar.com\/avatar\/0e8017099a7a47c0a9d2275e865fe326484561eb3d70649069e4b8e61a8d2e8c?s=96&d=mm&r=g","caption":"Marcos Santos"},"sameAs":["http:\/\/anovapeneira.gal"],"url":"https:\/\/www.anovapeneira.gal\/index.php\/author\/marcos-santos\/"}]}},"jetpack_featured_media_url":"https:\/\/www.anovapeneira.gal\/wp-content\/uploads\/2025\/05\/digna_rivas.jpg","_links":{"self":[{"href":"https:\/\/www.anovapeneira.gal\/index.php\/wp-json\/wp\/v2\/posts\/13929","targetHints":{"allow":["GET"]}}],"collection":[{"href":"https:\/\/www.anovapeneira.gal\/index.php\/wp-json\/wp\/v2\/posts"}],"about":[{"href":"https:\/\/www.anovapeneira.gal\/index.php\/wp-json\/wp\/v2\/types\/post"}],"author":[{"embeddable":true,"href":"https:\/\/www.anovapeneira.gal\/index.php\/wp-json\/wp\/v2\/users\/6"}],"replies":[{"embeddable":true,"href":"https:\/\/www.anovapeneira.gal\/index.php\/wp-json\/wp\/v2\/comments?post=13929"}],"version-history":[{"count":2,"href":"https:\/\/www.anovapeneira.gal\/index.php\/wp-json\/wp\/v2\/posts\/13929\/revisions"}],"predecessor-version":[{"id":13932,"href":"https:\/\/www.anovapeneira.gal\/index.php\/wp-json\/wp\/v2\/posts\/13929\/revisions\/13932"}],"wp:featuredmedia":[{"embeddable":true,"href":"https:\/\/www.anovapeneira.gal\/index.php\/wp-json\/wp\/v2\/media\/13931"}],"wp:attachment":[{"href":"https:\/\/www.anovapeneira.gal\/index.php\/wp-json\/wp\/v2\/media?parent=13929"}],"wp:term":[{"taxonomy":"category","embeddable":true,"href":"https:\/\/www.anovapeneira.gal\/index.php\/wp-json\/wp\/v2\/categories?post=13929"},{"taxonomy":"post_tag","embeddable":true,"href":"https:\/\/www.anovapeneira.gal\/index.php\/wp-json\/wp\/v2\/tags?post=13929"}],"curies":[{"name":"wp","href":"https:\/\/api.w.org\/{rel}","templated":true}]}}