{"id":1394,"date":"2019-10-01T14:00:36","date_gmt":"2019-10-01T12:00:36","guid":{"rendered":"http:\/\/www.anovapeneira.gal\/?p=1394"},"modified":"2019-09-29T18:28:04","modified_gmt":"2019-09-29T16:28:04","slug":"festa-do-tinto-rias-baixas-de-as-neves-2019","status":"publish","type":"post","link":"https:\/\/www.anovapeneira.gal\/index.php\/2019\/10\/01\/festa-do-tinto-rias-baixas-de-as-neves-2019\/","title":{"rendered":"Festa do Tinto R\u00edas Baixas de As Neves 2019"},"content":{"rendered":"\n<h2 class=\"wp-block-heading\"><em>O\nConcello de As Neves vai celebrar a s\u00faa Festa do Vi\u00f1o Tinto. Este\nano conta coa s\u00faa XIV edici\u00f3n na que  non faltar\u00e1n a tradicional\ncata de  vi\u00f1os, con polbo, empanada ou churrasco.<\/em><\/h2>\n\n\n\n<p>Nesta festa\nenx\u00e1lzase o afamado vi\u00f1o tinto, producido principalmente na\nparroquia de Rubios, considerado como un dos mellores dentro de toda\na \u201cDenominaci\u00f3n de Orixe R\u00edas Baixas\u201d.<\/p>\n\n\n\n<p>\u00c9\norganizada directamente desde o concello de As Neves e como novidade,\na partir desta edici\u00f3n, a Festa vai estar m\u00e1is ligada \u00e1 s\u00faa\ngastronom\u00eda outonal e o d\u00eda central pasar\u00e1 a ser o&nbsp;12 de\noutubro. Manteranse actividades ao longo do ano dando aos seus vi\u00f1os\no valor e o protagonismo que merecen e facendo deles e, da s\u00faa\ngastronom\u00eda, un eixo clave para a econom\u00eda de As Neves.<\/p>\n\n\n\n<figure class=\"wp-block-image\"><img loading=\"lazy\" decoding=\"async\" width=\"211\" height=\"300\" src=\"http:\/\/www.anovapeneira.gal\/wp-content\/uploads\/2019\/09\/Cartaz-Tinto-a_nova-peneira.jpg\" alt=\"\" class=\"wp-image-1395\"\/><\/figure>\n\n\n\n<p>A\npartir do ano 2016 a organizaci\u00f3n do evento variou un pouqui\u00f1o\nintroducindo vi\u00f1os tintos de todas as sub zonas da \u201cDenominaci\u00f3n\nde Orixe\u201d o que fixo que esta celebraci\u00f3n sexa \u00fanica xa que\nofrece a posibilidade de atopar moitos dos vi\u00f1os tintos existentes\nreunidos nun \u00fanico espazo, algo que s\u00f3 ocorre nesta localidade e\nespecialmente nesta festa.<\/p>\n\n\n\n<p>Cel\u00e9brase\ntam\u00e9n, a partir do 2016, a primeira edici\u00f3n da \u201cRuta Pincho R\u00edas\nBaixas\u201d, nos diferentes establecementos locais, nos que se pode\ngozar dun vi\u00f1o tinto con Denominaci\u00f3n de Orixe acompa\u00f1ado dun\npincho a un prezo pechado, os clientes participantes entran ademais\nnun sorteo dun premio. Esta ser\u00e1 do 5 ao 11 de outubro en\nRestaurante Hotel Nande, Mes\u00f3n Carballo, Bar Chiringuito, Bar Plaza\ne Restaurante O Frenazo, cun horario de ma\u00f1\u00e1 de 12:00 a 15:00\nhoras, e de tarde de 19:00 a 22:00 horas.   \n<\/p>\n\n\n\n<p>Tam\u00e9n o\nt\u00fanel do vi\u00f1o, que comezou a realizarse nese mesmo ano, supo\u00f1endo\noutro engadido para os amantes do vi\u00f1o. As\u00ed mesmo unha cata\nmaridaxe popular, para os menos profesionais pero apaixonados por\neste mundo. Igualmente a realizaci\u00f3n dunha cata profesional a cargo\ndos m\u00e1is afamados catadores son outro dos grandes atractivos da\nfesta.<\/p>\n\n\n\n<p>A oferta de\nvi\u00f1os que se poden atopar son de t\u00f3dolos tintos con Denominaci\u00f3n\nde Orixe R\u00edas Baixas e a maiores, as tres adegas de As Neves como\nVi\u00f1a Nora, Adegas Luz e Se\u00f1or\u00edo de Rubios poden ofertar os seus\ncaldos brancos tam\u00e9n.<\/p>\n\n\n\n<p>Conversamos\ncoa adega Se\u00f1or\u00edo de Rubios e nos confirma a s\u00faa asistencia ao\nevento vin\u00edcola. Com\u00e9ntannos que van presentar tanto os seus vi\u00f1os\nbrancos coma tintos, son eles os que m\u00e1is caldos elaboran dentro da\nDenominaci\u00f3n de Orixe R\u00edas Baixas e consideran que esta festa \u00e9\nunha forma de inclusi\u00f3n e promoci\u00f3n do vi\u00f1o tinto,  esta \u00e9 unha\ndas festa m\u00e1is importantes e creen que deben apoiar este tipo de\neventos  para a promoci\u00f3n, sobre todo do tinto R\u00edas baixas. A\nelaboraci\u00f3n do vi\u00f1o tinto consta dun proceso  moi lento para a s\u00faa\nventa e nos \u00faltimos anos cada vez son m\u00e1is as adegas que se prestan\na facer estes caldos tintos. A denominaci\u00f3n R\u00edas baixas cada vez\nten m\u00e1is importancia e valor dentro do mercado do vi\u00f1o e esta festa\n\u00e9 un bo momento para promocionalo. \n<\/p>\n\n\n\n<p>O ano pasado\nhoubo sobre corenta referencias de variedades tintas presentadas\npolas diferentes adegas e esperamos que este ano tam\u00e9n sexa posible\ngozar de tantas variedades de vi\u00f1os.<\/p>\n\n\n\n<p>Como\nnovidade tam\u00e9n para este ano, As Neves utilizar\u00e1 cubertos e pratos\ntotalmente ecol\u00f3xicos, concretamente de bamb\u00fa, eliminando o\npl\u00e1stico do evento. Tam\u00e9n celebrarase unha andaina popular chamada\n\u201cA Andaina do Vi\u00f1o\u201d o pr\u00f3ximo 6 de outubro  e sentimos non \npoder ofrecer a programaci\u00f3n  completa da festa deste ano, pero ben\nseguro pagar\u00e1 a pena pasarse por As Neves o 12 de outubro e gozar\ndos caldos m\u00e1is afamados do noso pa\u00eds, as\u00ed como tam\u00e9n das\ndelicias da nosa gastronom\u00eda \u00fanica e inigualable.<\/p>\n","protected":false},"excerpt":{"rendered":"<div class=\"mh-excerpt\"><p>O Concello de As Neves vai celebrar a s\u00faa Festa do Vi\u00f1o Tinto. Este ano conta coa s\u00faa XIV edici\u00f3n na que  non faltar\u00e1n a tradicional cata de  vi\u00f1os, con polbo, empanada ou churrasco <a class=\"mh-excerpt-more\" href=\"https:\/\/www.anovapeneira.gal\/index.php\/2019\/10\/01\/festa-do-tinto-rias-baixas-de-as-neves-2019\/\" title=\"Festa do Tinto R\u00edas Baixas de As Neves 2019\">[&#8230;]<\/a><\/p>\n<\/div>","protected":false},"author":3,"featured_media":1398,"comment_status":"open","ping_status":"open","sticky":false,"template":"","format":"standard","meta":{"_exactmetrics_skip_tracking":false,"_exactmetrics_sitenote_active":false,"_exactmetrics_sitenote_note":"","_exactmetrics_sitenote_category":0,"footnotes":""},"categories":[492],"tags":[546,630],"class_list":{"0":"post-1394","1":"post","2":"type-post","3":"status-publish","4":"format-standard","5":"has-post-thumbnail","7":"category-condado-reportaxes","8":"tag-concello-das-neves","9":"tag-festa-do-tinto-rias-baixas"},"yoast_head":"<!-- This site is optimized with the Yoast SEO plugin v27.4 - https:\/\/yoast.com\/product\/yoast-seo-wordpress\/ -->\n<title>Festa do Tinto R\u00edas Baixas de As Neves 2019 -<\/title>\n<meta name=\"robots\" content=\"index, follow, max-snippet:-1, max-image-preview:large, max-video-preview:-1\" \/>\n<link rel=\"canonical\" href=\"https:\/\/www.anovapeneira.gal\/index.php\/2019\/10\/01\/festa-do-tinto-rias-baixas-de-as-neves-2019\/\" \/>\n<meta property=\"og:locale\" content=\"gl_ES\" \/>\n<meta property=\"og:type\" content=\"article\" \/>\n<meta property=\"og:title\" content=\"Festa do Tinto R\u00edas Baixas de As Neves 2019 -\" \/>\n<meta property=\"og:description\" content=\"O Concello de As Neves vai celebrar a s\u00faa Festa do Vi\u00f1o Tinto. Este ano conta coa s\u00faa XIV edici\u00f3n na que non faltar\u00e1n a tradicional cata de vi\u00f1os, con polbo, empanada ou churrasco [...]\" \/>\n<meta property=\"og:url\" content=\"https:\/\/www.anovapeneira.gal\/index.php\/2019\/10\/01\/festa-do-tinto-rias-baixas-de-as-neves-2019\/\" \/>\n<meta property=\"article:publisher\" content=\"https:\/\/www.facebook.com\/anovapeneira\" \/>\n<meta property=\"article:published_time\" content=\"2019-10-01T12:00:36+00:00\" \/>\n<meta property=\"og:image\" content=\"https:\/\/www.anovapeneira.gal\/wp-content\/uploads\/2019\/09\/Tinto-a_nova-peneira.jpg\" \/>\n\t<meta property=\"og:image:width\" content=\"720\" \/>\n\t<meta property=\"og:image:height\" content=\"473\" \/>\n\t<meta property=\"og:image:type\" content=\"image\/jpeg\" \/>\n<meta name=\"author\" content=\"Redacci\u00f3n A Nova Peneira\" \/>\n<meta name=\"twitter:card\" content=\"summary_large_image\" \/>\n<meta name=\"twitter:creator\" content=\"@APeneira\" \/>\n<meta name=\"twitter:site\" content=\"@APeneira\" \/>\n<meta name=\"twitter:label1\" content=\"Escrito por\" \/>\n\t<meta name=\"twitter:data1\" content=\"Redacci\u00f3n A Nova Peneira\" \/>\n\t<meta name=\"twitter:label2\" content=\"Tempo de lectura\" \/>\n\t<meta name=\"twitter:data2\" content=\"3 minutos\" \/>\n<script type=\"application\/ld+json\" class=\"yoast-schema-graph\">{\"@context\":\"https:\\\/\\\/schema.org\",\"@graph\":[{\"@type\":\"Article\",\"@id\":\"https:\\\/\\\/www.anovapeneira.gal\\\/index.php\\\/2019\\\/10\\\/01\\\/festa-do-tinto-rias-baixas-de-as-neves-2019\\\/#article\",\"isPartOf\":{\"@id\":\"https:\\\/\\\/www.anovapeneira.gal\\\/index.php\\\/2019\\\/10\\\/01\\\/festa-do-tinto-rias-baixas-de-as-neves-2019\\\/\"},\"author\":{\"name\":\"Redacci\u00f3n A Nova Peneira\",\"@id\":\"https:\\\/\\\/www.anovapeneira.gal\\\/#\\\/schema\\\/person\\\/b93e3f8932e3f8da96334607eb6ac6aa\"},\"headline\":\"Festa do Tinto R\u00edas Baixas de As Neves 2019\",\"datePublished\":\"2019-10-01T12:00:36+00:00\",\"mainEntityOfPage\":{\"@id\":\"https:\\\/\\\/www.anovapeneira.gal\\\/index.php\\\/2019\\\/10\\\/01\\\/festa-do-tinto-rias-baixas-de-as-neves-2019\\\/\"},\"wordCount\":697,\"commentCount\":0,\"publisher\":{\"@id\":\"https:\\\/\\\/www.anovapeneira.gal\\\/#organization\"},\"image\":{\"@id\":\"https:\\\/\\\/www.anovapeneira.gal\\\/index.php\\\/2019\\\/10\\\/01\\\/festa-do-tinto-rias-baixas-de-as-neves-2019\\\/#primaryimage\"},\"thumbnailUrl\":\"https:\\\/\\\/www.anovapeneira.gal\\\/wp-content\\\/uploads\\\/2019\\\/09\\\/Tinto-a_nova-peneira.jpg\",\"keywords\":[\"Concello das Neves\",\"Festa do Tinto R\u00edas Baixas\"],\"articleSection\":[\"Condado\"],\"inLanguage\":\"gl-ES\",\"potentialAction\":[{\"@type\":\"CommentAction\",\"name\":\"Comment\",\"target\":[\"https:\\\/\\\/www.anovapeneira.gal\\\/index.php\\\/2019\\\/10\\\/01\\\/festa-do-tinto-rias-baixas-de-as-neves-2019\\\/#respond\"]}]},{\"@type\":\"WebPage\",\"@id\":\"https:\\\/\\\/www.anovapeneira.gal\\\/index.php\\\/2019\\\/10\\\/01\\\/festa-do-tinto-rias-baixas-de-as-neves-2019\\\/\",\"url\":\"https:\\\/\\\/www.anovapeneira.gal\\\/index.php\\\/2019\\\/10\\\/01\\\/festa-do-tinto-rias-baixas-de-as-neves-2019\\\/\",\"name\":\"Festa do Tinto R\u00edas Baixas de As Neves 2019 -\",\"isPartOf\":{\"@id\":\"https:\\\/\\\/www.anovapeneira.gal\\\/#website\"},\"primaryImageOfPage\":{\"@id\":\"https:\\\/\\\/www.anovapeneira.gal\\\/index.php\\\/2019\\\/10\\\/01\\\/festa-do-tinto-rias-baixas-de-as-neves-2019\\\/#primaryimage\"},\"image\":{\"@id\":\"https:\\\/\\\/www.anovapeneira.gal\\\/index.php\\\/2019\\\/10\\\/01\\\/festa-do-tinto-rias-baixas-de-as-neves-2019\\\/#primaryimage\"},\"thumbnailUrl\":\"https:\\\/\\\/www.anovapeneira.gal\\\/wp-content\\\/uploads\\\/2019\\\/09\\\/Tinto-a_nova-peneira.jpg\",\"datePublished\":\"2019-10-01T12:00:36+00:00\",\"breadcrumb\":{\"@id\":\"https:\\\/\\\/www.anovapeneira.gal\\\/index.php\\\/2019\\\/10\\\/01\\\/festa-do-tinto-rias-baixas-de-as-neves-2019\\\/#breadcrumb\"},\"inLanguage\":\"gl-ES\",\"potentialAction\":[{\"@type\":\"ReadAction\",\"target\":[\"https:\\\/\\\/www.anovapeneira.gal\\\/index.php\\\/2019\\\/10\\\/01\\\/festa-do-tinto-rias-baixas-de-as-neves-2019\\\/\"]}]},{\"@type\":\"ImageObject\",\"inLanguage\":\"gl-ES\",\"@id\":\"https:\\\/\\\/www.anovapeneira.gal\\\/index.php\\\/2019\\\/10\\\/01\\\/festa-do-tinto-rias-baixas-de-as-neves-2019\\\/#primaryimage\",\"url\":\"https:\\\/\\\/www.anovapeneira.gal\\\/wp-content\\\/uploads\\\/2019\\\/09\\\/Tinto-a_nova-peneira.jpg\",\"contentUrl\":\"https:\\\/\\\/www.anovapeneira.gal\\\/wp-content\\\/uploads\\\/2019\\\/09\\\/Tinto-a_nova-peneira.jpg\",\"width\":720,\"height\":473,\"caption\":\"Festa do vi\u00f1o As Neves A Nova Peneira\"},{\"@type\":\"BreadcrumbList\",\"@id\":\"https:\\\/\\\/www.anovapeneira.gal\\\/index.php\\\/2019\\\/10\\\/01\\\/festa-do-tinto-rias-baixas-de-as-neves-2019\\\/#breadcrumb\",\"itemListElement\":[{\"@type\":\"ListItem\",\"position\":1,\"name\":\"Portada\",\"item\":\"https:\\\/\\\/www.anovapeneira.gal\\\/\"},{\"@type\":\"ListItem\",\"position\":2,\"name\":\"Festa do Tinto R\u00edas Baixas de As Neves 2019\"}]},{\"@type\":\"WebSite\",\"@id\":\"https:\\\/\\\/www.anovapeneira.gal\\\/#website\",\"url\":\"https:\\\/\\\/www.anovapeneira.gal\\\/\",\"name\":\"\",\"description\":\"Xornal galego de informaci\u00f3n xeral Publicaci\u00f3n mensual de novas de Galicia e en especial dos Concellos da sur da provincia de Pontevedra.\",\"publisher\":{\"@id\":\"https:\\\/\\\/www.anovapeneira.gal\\\/#organization\"},\"potentialAction\":[{\"@type\":\"SearchAction\",\"target\":{\"@type\":\"EntryPoint\",\"urlTemplate\":\"https:\\\/\\\/www.anovapeneira.gal\\\/?s={search_term_string}\"},\"query-input\":{\"@type\":\"PropertyValueSpecification\",\"valueRequired\":true,\"valueName\":\"search_term_string\"}}],\"inLanguage\":\"gl-ES\"},{\"@type\":\"Organization\",\"@id\":\"https:\\\/\\\/www.anovapeneira.gal\\\/#organization\",\"name\":\"A Nova Peneira\",\"url\":\"https:\\\/\\\/www.anovapeneira.gal\\\/\",\"logo\":{\"@type\":\"ImageObject\",\"inLanguage\":\"gl-ES\",\"@id\":\"https:\\\/\\\/www.anovapeneira.gal\\\/#\\\/schema\\\/logo\\\/image\\\/\",\"url\":\"http:\\\/\\\/www.anovapeneira.gal\\\/wp-content\\\/uploads\\\/2019\\\/06\\\/logo_a_nova_peneira_portal_web.png\",\"contentUrl\":\"http:\\\/\\\/www.anovapeneira.gal\\\/wp-content\\\/uploads\\\/2019\\\/06\\\/logo_a_nova_peneira_portal_web.png\",\"width\":300,\"height\":100,\"caption\":\"A Nova Peneira\"},\"image\":{\"@id\":\"https:\\\/\\\/www.anovapeneira.gal\\\/#\\\/schema\\\/logo\\\/image\\\/\"},\"sameAs\":[\"https:\\\/\\\/www.facebook.com\\\/anovapeneira\",\"https:\\\/\\\/x.com\\\/APeneira\"]},{\"@type\":\"Person\",\"@id\":\"https:\\\/\\\/www.anovapeneira.gal\\\/#\\\/schema\\\/person\\\/b93e3f8932e3f8da96334607eb6ac6aa\",\"name\":\"Redacci\u00f3n A Nova Peneira\",\"image\":{\"@type\":\"ImageObject\",\"inLanguage\":\"gl-ES\",\"@id\":\"https:\\\/\\\/secure.gravatar.com\\\/avatar\\\/c052a2551a06e23fac63626232eaa90abd78dbcf1700fc46a2b2c89fd27b735f?s=96&d=mm&r=g\",\"url\":\"https:\\\/\\\/secure.gravatar.com\\\/avatar\\\/c052a2551a06e23fac63626232eaa90abd78dbcf1700fc46a2b2c89fd27b735f?s=96&d=mm&r=g\",\"contentUrl\":\"https:\\\/\\\/secure.gravatar.com\\\/avatar\\\/c052a2551a06e23fac63626232eaa90abd78dbcf1700fc46a2b2c89fd27b735f?s=96&d=mm&r=g\",\"caption\":\"Redacci\u00f3n A Nova Peneira\"},\"sameAs\":[\"http:\\\/\\\/www.anovapeneira.gal\\\/\"],\"url\":\"https:\\\/\\\/www.anovapeneira.gal\\\/index.php\\\/author\\\/redactor\\\/\"}]}<\/script>\n<!-- \/ Yoast SEO plugin. -->","yoast_head_json":{"title":"Festa do Tinto R\u00edas Baixas de As Neves 2019 -","robots":{"index":"index","follow":"follow","max-snippet":"max-snippet:-1","max-image-preview":"max-image-preview:large","max-video-preview":"max-video-preview:-1"},"canonical":"https:\/\/www.anovapeneira.gal\/index.php\/2019\/10\/01\/festa-do-tinto-rias-baixas-de-as-neves-2019\/","og_locale":"gl_ES","og_type":"article","og_title":"Festa do Tinto R\u00edas Baixas de As Neves 2019 -","og_description":"O Concello de As Neves vai celebrar a s\u00faa Festa do Vi\u00f1o Tinto. Este ano conta coa s\u00faa XIV edici\u00f3n na que non faltar\u00e1n a tradicional cata de vi\u00f1os, con polbo, empanada ou churrasco [...]","og_url":"https:\/\/www.anovapeneira.gal\/index.php\/2019\/10\/01\/festa-do-tinto-rias-baixas-de-as-neves-2019\/","article_publisher":"https:\/\/www.facebook.com\/anovapeneira","article_published_time":"2019-10-01T12:00:36+00:00","og_image":[{"width":720,"height":473,"url":"https:\/\/www.anovapeneira.gal\/wp-content\/uploads\/2019\/09\/Tinto-a_nova-peneira.jpg","type":"image\/jpeg"}],"author":"Redacci\u00f3n A Nova Peneira","twitter_card":"summary_large_image","twitter_creator":"@APeneira","twitter_site":"@APeneira","twitter_misc":{"Escrito por":"Redacci\u00f3n A Nova Peneira","Tempo de lectura":"3 minutos"},"schema":{"@context":"https:\/\/schema.org","@graph":[{"@type":"Article","@id":"https:\/\/www.anovapeneira.gal\/index.php\/2019\/10\/01\/festa-do-tinto-rias-baixas-de-as-neves-2019\/#article","isPartOf":{"@id":"https:\/\/www.anovapeneira.gal\/index.php\/2019\/10\/01\/festa-do-tinto-rias-baixas-de-as-neves-2019\/"},"author":{"name":"Redacci\u00f3n A Nova Peneira","@id":"https:\/\/www.anovapeneira.gal\/#\/schema\/person\/b93e3f8932e3f8da96334607eb6ac6aa"},"headline":"Festa do Tinto R\u00edas Baixas de As Neves 2019","datePublished":"2019-10-01T12:00:36+00:00","mainEntityOfPage":{"@id":"https:\/\/www.anovapeneira.gal\/index.php\/2019\/10\/01\/festa-do-tinto-rias-baixas-de-as-neves-2019\/"},"wordCount":697,"commentCount":0,"publisher":{"@id":"https:\/\/www.anovapeneira.gal\/#organization"},"image":{"@id":"https:\/\/www.anovapeneira.gal\/index.php\/2019\/10\/01\/festa-do-tinto-rias-baixas-de-as-neves-2019\/#primaryimage"},"thumbnailUrl":"https:\/\/www.anovapeneira.gal\/wp-content\/uploads\/2019\/09\/Tinto-a_nova-peneira.jpg","keywords":["Concello das Neves","Festa do Tinto R\u00edas Baixas"],"articleSection":["Condado"],"inLanguage":"gl-ES","potentialAction":[{"@type":"CommentAction","name":"Comment","target":["https:\/\/www.anovapeneira.gal\/index.php\/2019\/10\/01\/festa-do-tinto-rias-baixas-de-as-neves-2019\/#respond"]}]},{"@type":"WebPage","@id":"https:\/\/www.anovapeneira.gal\/index.php\/2019\/10\/01\/festa-do-tinto-rias-baixas-de-as-neves-2019\/","url":"https:\/\/www.anovapeneira.gal\/index.php\/2019\/10\/01\/festa-do-tinto-rias-baixas-de-as-neves-2019\/","name":"Festa do Tinto R\u00edas Baixas de As Neves 2019 -","isPartOf":{"@id":"https:\/\/www.anovapeneira.gal\/#website"},"primaryImageOfPage":{"@id":"https:\/\/www.anovapeneira.gal\/index.php\/2019\/10\/01\/festa-do-tinto-rias-baixas-de-as-neves-2019\/#primaryimage"},"image":{"@id":"https:\/\/www.anovapeneira.gal\/index.php\/2019\/10\/01\/festa-do-tinto-rias-baixas-de-as-neves-2019\/#primaryimage"},"thumbnailUrl":"https:\/\/www.anovapeneira.gal\/wp-content\/uploads\/2019\/09\/Tinto-a_nova-peneira.jpg","datePublished":"2019-10-01T12:00:36+00:00","breadcrumb":{"@id":"https:\/\/www.anovapeneira.gal\/index.php\/2019\/10\/01\/festa-do-tinto-rias-baixas-de-as-neves-2019\/#breadcrumb"},"inLanguage":"gl-ES","potentialAction":[{"@type":"ReadAction","target":["https:\/\/www.anovapeneira.gal\/index.php\/2019\/10\/01\/festa-do-tinto-rias-baixas-de-as-neves-2019\/"]}]},{"@type":"ImageObject","inLanguage":"gl-ES","@id":"https:\/\/www.anovapeneira.gal\/index.php\/2019\/10\/01\/festa-do-tinto-rias-baixas-de-as-neves-2019\/#primaryimage","url":"https:\/\/www.anovapeneira.gal\/wp-content\/uploads\/2019\/09\/Tinto-a_nova-peneira.jpg","contentUrl":"https:\/\/www.anovapeneira.gal\/wp-content\/uploads\/2019\/09\/Tinto-a_nova-peneira.jpg","width":720,"height":473,"caption":"Festa do vi\u00f1o As Neves A Nova Peneira"},{"@type":"BreadcrumbList","@id":"https:\/\/www.anovapeneira.gal\/index.php\/2019\/10\/01\/festa-do-tinto-rias-baixas-de-as-neves-2019\/#breadcrumb","itemListElement":[{"@type":"ListItem","position":1,"name":"Portada","item":"https:\/\/www.anovapeneira.gal\/"},{"@type":"ListItem","position":2,"name":"Festa do Tinto R\u00edas Baixas de As Neves 2019"}]},{"@type":"WebSite","@id":"https:\/\/www.anovapeneira.gal\/#website","url":"https:\/\/www.anovapeneira.gal\/","name":"","description":"Xornal galego de informaci\u00f3n xeral Publicaci\u00f3n mensual de novas de Galicia e en especial dos Concellos da sur da provincia de Pontevedra.","publisher":{"@id":"https:\/\/www.anovapeneira.gal\/#organization"},"potentialAction":[{"@type":"SearchAction","target":{"@type":"EntryPoint","urlTemplate":"https:\/\/www.anovapeneira.gal\/?s={search_term_string}"},"query-input":{"@type":"PropertyValueSpecification","valueRequired":true,"valueName":"search_term_string"}}],"inLanguage":"gl-ES"},{"@type":"Organization","@id":"https:\/\/www.anovapeneira.gal\/#organization","name":"A Nova Peneira","url":"https:\/\/www.anovapeneira.gal\/","logo":{"@type":"ImageObject","inLanguage":"gl-ES","@id":"https:\/\/www.anovapeneira.gal\/#\/schema\/logo\/image\/","url":"http:\/\/www.anovapeneira.gal\/wp-content\/uploads\/2019\/06\/logo_a_nova_peneira_portal_web.png","contentUrl":"http:\/\/www.anovapeneira.gal\/wp-content\/uploads\/2019\/06\/logo_a_nova_peneira_portal_web.png","width":300,"height":100,"caption":"A Nova Peneira"},"image":{"@id":"https:\/\/www.anovapeneira.gal\/#\/schema\/logo\/image\/"},"sameAs":["https:\/\/www.facebook.com\/anovapeneira","https:\/\/x.com\/APeneira"]},{"@type":"Person","@id":"https:\/\/www.anovapeneira.gal\/#\/schema\/person\/b93e3f8932e3f8da96334607eb6ac6aa","name":"Redacci\u00f3n A Nova Peneira","image":{"@type":"ImageObject","inLanguage":"gl-ES","@id":"https:\/\/secure.gravatar.com\/avatar\/c052a2551a06e23fac63626232eaa90abd78dbcf1700fc46a2b2c89fd27b735f?s=96&d=mm&r=g","url":"https:\/\/secure.gravatar.com\/avatar\/c052a2551a06e23fac63626232eaa90abd78dbcf1700fc46a2b2c89fd27b735f?s=96&d=mm&r=g","contentUrl":"https:\/\/secure.gravatar.com\/avatar\/c052a2551a06e23fac63626232eaa90abd78dbcf1700fc46a2b2c89fd27b735f?s=96&d=mm&r=g","caption":"Redacci\u00f3n A Nova Peneira"},"sameAs":["http:\/\/www.anovapeneira.gal\/"],"url":"https:\/\/www.anovapeneira.gal\/index.php\/author\/redactor\/"}]}},"jetpack_featured_media_url":"https:\/\/www.anovapeneira.gal\/wp-content\/uploads\/2019\/09\/Tinto-a_nova-peneira.jpg","_links":{"self":[{"href":"https:\/\/www.anovapeneira.gal\/index.php\/wp-json\/wp\/v2\/posts\/1394","targetHints":{"allow":["GET"]}}],"collection":[{"href":"https:\/\/www.anovapeneira.gal\/index.php\/wp-json\/wp\/v2\/posts"}],"about":[{"href":"https:\/\/www.anovapeneira.gal\/index.php\/wp-json\/wp\/v2\/types\/post"}],"author":[{"embeddable":true,"href":"https:\/\/www.anovapeneira.gal\/index.php\/wp-json\/wp\/v2\/users\/3"}],"replies":[{"embeddable":true,"href":"https:\/\/www.anovapeneira.gal\/index.php\/wp-json\/wp\/v2\/comments?post=1394"}],"version-history":[{"count":2,"href":"https:\/\/www.anovapeneira.gal\/index.php\/wp-json\/wp\/v2\/posts\/1394\/revisions"}],"predecessor-version":[{"id":1399,"href":"https:\/\/www.anovapeneira.gal\/index.php\/wp-json\/wp\/v2\/posts\/1394\/revisions\/1399"}],"wp:featuredmedia":[{"embeddable":true,"href":"https:\/\/www.anovapeneira.gal\/index.php\/wp-json\/wp\/v2\/media\/1398"}],"wp:attachment":[{"href":"https:\/\/www.anovapeneira.gal\/index.php\/wp-json\/wp\/v2\/media?parent=1394"}],"wp:term":[{"taxonomy":"category","embeddable":true,"href":"https:\/\/www.anovapeneira.gal\/index.php\/wp-json\/wp\/v2\/categories?post=1394"},{"taxonomy":"post_tag","embeddable":true,"href":"https:\/\/www.anovapeneira.gal\/index.php\/wp-json\/wp\/v2\/tags?post=1394"}],"curies":[{"name":"wp","href":"https:\/\/api.w.org\/{rel}","templated":true}]}}