{"id":13962,"date":"2025-05-27T12:00:46","date_gmt":"2025-05-27T10:00:46","guid":{"rendered":"https:\/\/www.anovapeneira.gal\/?p=13962"},"modified":"2025-05-23T13:59:08","modified_gmt":"2025-05-23T11:59:08","slug":"redondela-homenaxea-aos-represaliados-de-soutoxuste","status":"publish","type":"post","link":"https:\/\/www.anovapeneira.gal\/index.php\/2025\/05\/27\/redondela-homenaxea-aos-represaliados-de-soutoxuste\/","title":{"rendered":"Redondela homenaxea aos represaliados de Soutoxuste"},"content":{"rendered":"\n<p><em>A alcaldesa Digna Rivas, concelleiros e familiares das v\u00edtimas participaron no acto, ao que asistiu tam\u00e9n o Subdelegado do Goberno Abel Losada. O Concello instalou un panel cunha ilustraci\u00f3n de Castelao na memoria dos fusilados polo franquismo en Soutoxuste en outubro de 1936.<\/em><\/p>\n\n\n\n<p><em>&#8211; Rivas fixo un chamamento a toda a cidadan\u00eda para manter viva a memoria democr\u00e1tica, porque \u201cse esquecemos o horror que foron a Guerra Civil e o franquismo corremos o risco de que se repitan\u201d.<\/em><\/p>\n\n\n\n<p>Redondela, 20 de maio de 2025. O 12 de outubro de 1936, en Soutoxuste, na estrada que une Redondela con Pontevedra, foron fusilados polo franquismo sete homes: Jos\u00e9 Bermejo, Jos\u00e9 Bouz\u00f3n, Estanislao Fern\u00e1ndez, Germ\u00e1n Parga, Jos\u00e9 Rodr\u00edguez, Ricardo Rosales e Pedro Villoldo. O Concello rendeu esta tarde unha homenaxe a estas v\u00edtimas, e f\u00edxoo na memoria de todas as persoas represaliadas polo fascismo. A concelleira de Cultura, Rita P\u00e9rez T\u00e1boas, explicou que estes fusilados en Soutoxuste foran trasladados desde o c\u00e1rcere de Vigo e asasinados na beirav\u00eda da estrada. Un deles, Jos\u00e9 Bouz\u00f3n Sobral, de 26 anos, era veci\u00f1o de Redondela. O seu fillo, Basilio Bouz\u00f3n, que ti\u00f1a tan s\u00f3 8 meses cando seu pai foi fusilado, foi o encargado de tomar a palabra en nome das familias das v\u00edtimas. F\u00edxoo ante un panel instalado polo Concello co debuxo de Castelao \u201cO para\u00edso feixista\u201d, co que o insigne galeguista denunciou os crimes do fascismo. Bouz\u00f3n agradeceu este reco\u00f1ecemento en nome das familias de todas as v\u00edtimas.<\/p>\n\n\n\n<p>A alcaldesa, Digna Rivas, sinalou que esta homenaxe \u00e9 un acto \u201cde xustiza\u201d e que hoxe m\u00e1is ca nunca \u201c\u00e9 imprescindible ter memoria\u201d. A rexedora advertiu que ante a desinformaci\u00f3n e \u201ccando dirixentes p\u00fablicos negan ou cuestionan os asasinatos da ditadura, temos que levantar a voz e lembrar o que pasou para impedir que se branqueen o golpe de Estado e a ditadura franquista\u201d. Rivas insistiu unha vez m\u00e1is na necesidade de que a Xunta de Galicia recupere a Fundaci\u00f3n Illa de San Sim\u00f3n, \u201conde tivo o franquismo un dos c\u00e1rceres m\u00e1is cruentos do r\u00e9xime\u201d. A alcaldesa aplaudiu a decisi\u00f3n do Goberno de Espa\u00f1a de declarar a illa de San Sim\u00f3n como Lugar da Memoria Democr\u00e1tica e agradeceu o traballo da Iniciativa Galega pola Memoria para impulsar este reco\u00f1ecemento.<\/p>\n\n\n\n<p>A rexedora lembrou \u201co firme compromiso do Concello de Redondela coa memoria democr\u00e1tica\u201d e o traballo realizado nos \u00faltimos anos para que esa historia se co\u00f1eza, \u201csobre todo entre os m\u00e1is novos\u201d. A homenaxe \u00e1s \u201cMadri\u00f1as de San Sim\u00f3n\u201d ou o monumento aos represaliados no Alto da Concheira son mostra deste compromiso. Tam\u00e9n se colabora desde o Concello coas asociaci\u00f3ns da memoria, na publicaci\u00f3n de libros, cos centros de ensino e co conferencias. En colaboraci\u00f3n cos institutos organiz\u00e1ronse charlas a cargo de Montse Fajardo, escritora especialista na memoria, para trasladarlles aos mozos e mozas esta parte da historia.<\/p>\n\n\n\n<p>Digna Rivas pediu a colaboraci\u00f3n de toda a cidadan\u00eda para \u201cmanter esta memoria\u201d porque \u201cse esquecemos o horror que foron a Guerra Civil e o Franquismo corremos o risco de que se repita\u201d. Advertiu que desde o defender\u00e1n sempre \u201ca liberdade, a igualdade e todos os valores que representa a democracia\u201d xa que non hai que dalos por seguros e \u00e9 necesario protexelos \u201ccada d\u00eda\u201d.<\/p>\n","protected":false},"excerpt":{"rendered":"<div class=\"mh-excerpt\"><p>A alcaldesa Digna Rivas, concelleiros e familiares das v\u00edtimas participaron no acto, ao que asistiu tam\u00e9n o Subdelegado do Goberno Abel Losada. O Concello instalou un panel cunha ilustraci\u00f3n de Castelao na memoria dos fusilados polo franquismo en Soutoxuste en outubro de 1936 <a class=\"mh-excerpt-more\" href=\"https:\/\/www.anovapeneira.gal\/index.php\/2025\/05\/27\/redondela-homenaxea-aos-represaliados-de-soutoxuste\/\" title=\"Redondela homenaxea aos represaliados de Soutoxuste\">[&#8230;]<\/a><\/p>\n<\/div>","protected":false},"author":3,"featured_media":13963,"comment_status":"open","ping_status":"open","sticky":false,"template":"","format":"standard","meta":{"_exactmetrics_skip_tracking":false,"_exactmetrics_sitenote_active":false,"_exactmetrics_sitenote_note":"","_exactmetrics_sitenote_category":0,"footnotes":""},"categories":[24],"tags":[171],"class_list":{"0":"post-13962","1":"post","2":"type-post","3":"status-publish","4":"format-standard","5":"has-post-thumbnail","7":"category-redondela","8":"tag-concello-de-redondela"},"yoast_head":"<!-- This site is optimized with the Yoast SEO plugin v27.4 - https:\/\/yoast.com\/product\/yoast-seo-wordpress\/ -->\n<title>Redondela homenaxea aos represaliados de Soutoxuste -<\/title>\n<meta name=\"robots\" content=\"index, follow, max-snippet:-1, max-image-preview:large, max-video-preview:-1\" \/>\n<link rel=\"canonical\" href=\"https:\/\/www.anovapeneira.gal\/index.php\/2025\/05\/27\/redondela-homenaxea-aos-represaliados-de-soutoxuste\/\" \/>\n<meta property=\"og:locale\" content=\"gl_ES\" \/>\n<meta property=\"og:type\" content=\"article\" \/>\n<meta property=\"og:title\" content=\"Redondela homenaxea aos represaliados de Soutoxuste -\" \/>\n<meta property=\"og:description\" content=\"A alcaldesa Digna Rivas, concelleiros e familiares das v\u00edtimas participaron no acto, ao que asistiu tam\u00e9n o Subdelegado do Goberno Abel Losada. O Concello instalou un panel cunha ilustraci\u00f3n de Castelao na memoria dos fusilados polo franquismo en Soutoxuste en outubro de 1936 [...]\" \/>\n<meta property=\"og:url\" content=\"https:\/\/www.anovapeneira.gal\/index.php\/2025\/05\/27\/redondela-homenaxea-aos-represaliados-de-soutoxuste\/\" \/>\n<meta property=\"article:publisher\" content=\"https:\/\/www.facebook.com\/anovapeneira\" \/>\n<meta property=\"article:published_time\" content=\"2025-05-27T10:00:46+00:00\" \/>\n<meta property=\"og:image\" content=\"https:\/\/www.anovapeneira.gal\/wp-content\/uploads\/2025\/05\/represaliados_Soutoxuste.png\" \/>\n\t<meta property=\"og:image:width\" content=\"720\" \/>\n\t<meta property=\"og:image:height\" content=\"432\" \/>\n\t<meta property=\"og:image:type\" content=\"image\/png\" \/>\n<meta name=\"author\" content=\"Redacci\u00f3n A Nova Peneira\" \/>\n<meta name=\"twitter:card\" content=\"summary_large_image\" \/>\n<meta name=\"twitter:creator\" content=\"@APeneira\" \/>\n<meta name=\"twitter:site\" content=\"@APeneira\" \/>\n<meta name=\"twitter:label1\" content=\"Escrito por\" \/>\n\t<meta name=\"twitter:data1\" content=\"Redacci\u00f3n A Nova Peneira\" \/>\n\t<meta name=\"twitter:label2\" content=\"Tempo de lectura\" \/>\n\t<meta name=\"twitter:data2\" content=\"4 minutos\" \/>\n<script type=\"application\/ld+json\" class=\"yoast-schema-graph\">{\"@context\":\"https:\\\/\\\/schema.org\",\"@graph\":[{\"@type\":\"Article\",\"@id\":\"https:\\\/\\\/www.anovapeneira.gal\\\/index.php\\\/2025\\\/05\\\/27\\\/redondela-homenaxea-aos-represaliados-de-soutoxuste\\\/#article\",\"isPartOf\":{\"@id\":\"https:\\\/\\\/www.anovapeneira.gal\\\/index.php\\\/2025\\\/05\\\/27\\\/redondela-homenaxea-aos-represaliados-de-soutoxuste\\\/\"},\"author\":{\"name\":\"Redacci\u00f3n A Nova Peneira\",\"@id\":\"https:\\\/\\\/www.anovapeneira.gal\\\/#\\\/schema\\\/person\\\/b93e3f8932e3f8da96334607eb6ac6aa\"},\"headline\":\"Redondela homenaxea aos represaliados de Soutoxuste\",\"datePublished\":\"2025-05-27T10:00:46+00:00\",\"mainEntityOfPage\":{\"@id\":\"https:\\\/\\\/www.anovapeneira.gal\\\/index.php\\\/2025\\\/05\\\/27\\\/redondela-homenaxea-aos-represaliados-de-soutoxuste\\\/\"},\"wordCount\":585,\"commentCount\":0,\"publisher\":{\"@id\":\"https:\\\/\\\/www.anovapeneira.gal\\\/#organization\"},\"image\":{\"@id\":\"https:\\\/\\\/www.anovapeneira.gal\\\/index.php\\\/2025\\\/05\\\/27\\\/redondela-homenaxea-aos-represaliados-de-soutoxuste\\\/#primaryimage\"},\"thumbnailUrl\":\"https:\\\/\\\/www.anovapeneira.gal\\\/wp-content\\\/uploads\\\/2025\\\/05\\\/represaliados_Soutoxuste.png\",\"keywords\":[\"Concello de Redondela\"],\"articleSection\":[\"Redondela\"],\"inLanguage\":\"gl-ES\",\"potentialAction\":[{\"@type\":\"CommentAction\",\"name\":\"Comment\",\"target\":[\"https:\\\/\\\/www.anovapeneira.gal\\\/index.php\\\/2025\\\/05\\\/27\\\/redondela-homenaxea-aos-represaliados-de-soutoxuste\\\/#respond\"]}]},{\"@type\":\"WebPage\",\"@id\":\"https:\\\/\\\/www.anovapeneira.gal\\\/index.php\\\/2025\\\/05\\\/27\\\/redondela-homenaxea-aos-represaliados-de-soutoxuste\\\/\",\"url\":\"https:\\\/\\\/www.anovapeneira.gal\\\/index.php\\\/2025\\\/05\\\/27\\\/redondela-homenaxea-aos-represaliados-de-soutoxuste\\\/\",\"name\":\"Redondela homenaxea aos represaliados de Soutoxuste -\",\"isPartOf\":{\"@id\":\"https:\\\/\\\/www.anovapeneira.gal\\\/#website\"},\"primaryImageOfPage\":{\"@id\":\"https:\\\/\\\/www.anovapeneira.gal\\\/index.php\\\/2025\\\/05\\\/27\\\/redondela-homenaxea-aos-represaliados-de-soutoxuste\\\/#primaryimage\"},\"image\":{\"@id\":\"https:\\\/\\\/www.anovapeneira.gal\\\/index.php\\\/2025\\\/05\\\/27\\\/redondela-homenaxea-aos-represaliados-de-soutoxuste\\\/#primaryimage\"},\"thumbnailUrl\":\"https:\\\/\\\/www.anovapeneira.gal\\\/wp-content\\\/uploads\\\/2025\\\/05\\\/represaliados_Soutoxuste.png\",\"datePublished\":\"2025-05-27T10:00:46+00:00\",\"breadcrumb\":{\"@id\":\"https:\\\/\\\/www.anovapeneira.gal\\\/index.php\\\/2025\\\/05\\\/27\\\/redondela-homenaxea-aos-represaliados-de-soutoxuste\\\/#breadcrumb\"},\"inLanguage\":\"gl-ES\",\"potentialAction\":[{\"@type\":\"ReadAction\",\"target\":[\"https:\\\/\\\/www.anovapeneira.gal\\\/index.php\\\/2025\\\/05\\\/27\\\/redondela-homenaxea-aos-represaliados-de-soutoxuste\\\/\"]}]},{\"@type\":\"ImageObject\",\"inLanguage\":\"gl-ES\",\"@id\":\"https:\\\/\\\/www.anovapeneira.gal\\\/index.php\\\/2025\\\/05\\\/27\\\/redondela-homenaxea-aos-represaliados-de-soutoxuste\\\/#primaryimage\",\"url\":\"https:\\\/\\\/www.anovapeneira.gal\\\/wp-content\\\/uploads\\\/2025\\\/05\\\/represaliados_Soutoxuste.png\",\"contentUrl\":\"https:\\\/\\\/www.anovapeneira.gal\\\/wp-content\\\/uploads\\\/2025\\\/05\\\/represaliados_Soutoxuste.png\",\"width\":720,\"height\":432},{\"@type\":\"BreadcrumbList\",\"@id\":\"https:\\\/\\\/www.anovapeneira.gal\\\/index.php\\\/2025\\\/05\\\/27\\\/redondela-homenaxea-aos-represaliados-de-soutoxuste\\\/#breadcrumb\",\"itemListElement\":[{\"@type\":\"ListItem\",\"position\":1,\"name\":\"Portada\",\"item\":\"https:\\\/\\\/www.anovapeneira.gal\\\/\"},{\"@type\":\"ListItem\",\"position\":2,\"name\":\"Redondela homenaxea aos represaliados de Soutoxuste\"}]},{\"@type\":\"WebSite\",\"@id\":\"https:\\\/\\\/www.anovapeneira.gal\\\/#website\",\"url\":\"https:\\\/\\\/www.anovapeneira.gal\\\/\",\"name\":\"\",\"description\":\"Xornal galego de informaci\u00f3n xeral Publicaci\u00f3n mensual de novas de Galicia e en especial dos Concellos da sur da provincia de Pontevedra.\",\"publisher\":{\"@id\":\"https:\\\/\\\/www.anovapeneira.gal\\\/#organization\"},\"potentialAction\":[{\"@type\":\"SearchAction\",\"target\":{\"@type\":\"EntryPoint\",\"urlTemplate\":\"https:\\\/\\\/www.anovapeneira.gal\\\/?s={search_term_string}\"},\"query-input\":{\"@type\":\"PropertyValueSpecification\",\"valueRequired\":true,\"valueName\":\"search_term_string\"}}],\"inLanguage\":\"gl-ES\"},{\"@type\":\"Organization\",\"@id\":\"https:\\\/\\\/www.anovapeneira.gal\\\/#organization\",\"name\":\"A Nova Peneira\",\"url\":\"https:\\\/\\\/www.anovapeneira.gal\\\/\",\"logo\":{\"@type\":\"ImageObject\",\"inLanguage\":\"gl-ES\",\"@id\":\"https:\\\/\\\/www.anovapeneira.gal\\\/#\\\/schema\\\/logo\\\/image\\\/\",\"url\":\"http:\\\/\\\/www.anovapeneira.gal\\\/wp-content\\\/uploads\\\/2019\\\/06\\\/logo_a_nova_peneira_portal_web.png\",\"contentUrl\":\"http:\\\/\\\/www.anovapeneira.gal\\\/wp-content\\\/uploads\\\/2019\\\/06\\\/logo_a_nova_peneira_portal_web.png\",\"width\":300,\"height\":100,\"caption\":\"A Nova Peneira\"},\"image\":{\"@id\":\"https:\\\/\\\/www.anovapeneira.gal\\\/#\\\/schema\\\/logo\\\/image\\\/\"},\"sameAs\":[\"https:\\\/\\\/www.facebook.com\\\/anovapeneira\",\"https:\\\/\\\/x.com\\\/APeneira\"]},{\"@type\":\"Person\",\"@id\":\"https:\\\/\\\/www.anovapeneira.gal\\\/#\\\/schema\\\/person\\\/b93e3f8932e3f8da96334607eb6ac6aa\",\"name\":\"Redacci\u00f3n A Nova Peneira\",\"image\":{\"@type\":\"ImageObject\",\"inLanguage\":\"gl-ES\",\"@id\":\"https:\\\/\\\/secure.gravatar.com\\\/avatar\\\/c052a2551a06e23fac63626232eaa90abd78dbcf1700fc46a2b2c89fd27b735f?s=96&d=mm&r=g\",\"url\":\"https:\\\/\\\/secure.gravatar.com\\\/avatar\\\/c052a2551a06e23fac63626232eaa90abd78dbcf1700fc46a2b2c89fd27b735f?s=96&d=mm&r=g\",\"contentUrl\":\"https:\\\/\\\/secure.gravatar.com\\\/avatar\\\/c052a2551a06e23fac63626232eaa90abd78dbcf1700fc46a2b2c89fd27b735f?s=96&d=mm&r=g\",\"caption\":\"Redacci\u00f3n A Nova Peneira\"},\"sameAs\":[\"http:\\\/\\\/www.anovapeneira.gal\\\/\"],\"url\":\"https:\\\/\\\/www.anovapeneira.gal\\\/index.php\\\/author\\\/redactor\\\/\"}]}<\/script>\n<!-- \/ Yoast SEO plugin. -->","yoast_head_json":{"title":"Redondela homenaxea aos represaliados de Soutoxuste -","robots":{"index":"index","follow":"follow","max-snippet":"max-snippet:-1","max-image-preview":"max-image-preview:large","max-video-preview":"max-video-preview:-1"},"canonical":"https:\/\/www.anovapeneira.gal\/index.php\/2025\/05\/27\/redondela-homenaxea-aos-represaliados-de-soutoxuste\/","og_locale":"gl_ES","og_type":"article","og_title":"Redondela homenaxea aos represaliados de Soutoxuste -","og_description":"A alcaldesa Digna Rivas, concelleiros e familiares das v\u00edtimas participaron no acto, ao que asistiu tam\u00e9n o Subdelegado do Goberno Abel Losada. O Concello instalou un panel cunha ilustraci\u00f3n de Castelao na memoria dos fusilados polo franquismo en Soutoxuste en outubro de 1936 [...]","og_url":"https:\/\/www.anovapeneira.gal\/index.php\/2025\/05\/27\/redondela-homenaxea-aos-represaliados-de-soutoxuste\/","article_publisher":"https:\/\/www.facebook.com\/anovapeneira","article_published_time":"2025-05-27T10:00:46+00:00","og_image":[{"width":720,"height":432,"url":"https:\/\/www.anovapeneira.gal\/wp-content\/uploads\/2025\/05\/represaliados_Soutoxuste.png","type":"image\/png"}],"author":"Redacci\u00f3n A Nova Peneira","twitter_card":"summary_large_image","twitter_creator":"@APeneira","twitter_site":"@APeneira","twitter_misc":{"Escrito por":"Redacci\u00f3n A Nova Peneira","Tempo de lectura":"4 minutos"},"schema":{"@context":"https:\/\/schema.org","@graph":[{"@type":"Article","@id":"https:\/\/www.anovapeneira.gal\/index.php\/2025\/05\/27\/redondela-homenaxea-aos-represaliados-de-soutoxuste\/#article","isPartOf":{"@id":"https:\/\/www.anovapeneira.gal\/index.php\/2025\/05\/27\/redondela-homenaxea-aos-represaliados-de-soutoxuste\/"},"author":{"name":"Redacci\u00f3n A Nova Peneira","@id":"https:\/\/www.anovapeneira.gal\/#\/schema\/person\/b93e3f8932e3f8da96334607eb6ac6aa"},"headline":"Redondela homenaxea aos represaliados de Soutoxuste","datePublished":"2025-05-27T10:00:46+00:00","mainEntityOfPage":{"@id":"https:\/\/www.anovapeneira.gal\/index.php\/2025\/05\/27\/redondela-homenaxea-aos-represaliados-de-soutoxuste\/"},"wordCount":585,"commentCount":0,"publisher":{"@id":"https:\/\/www.anovapeneira.gal\/#organization"},"image":{"@id":"https:\/\/www.anovapeneira.gal\/index.php\/2025\/05\/27\/redondela-homenaxea-aos-represaliados-de-soutoxuste\/#primaryimage"},"thumbnailUrl":"https:\/\/www.anovapeneira.gal\/wp-content\/uploads\/2025\/05\/represaliados_Soutoxuste.png","keywords":["Concello de Redondela"],"articleSection":["Redondela"],"inLanguage":"gl-ES","potentialAction":[{"@type":"CommentAction","name":"Comment","target":["https:\/\/www.anovapeneira.gal\/index.php\/2025\/05\/27\/redondela-homenaxea-aos-represaliados-de-soutoxuste\/#respond"]}]},{"@type":"WebPage","@id":"https:\/\/www.anovapeneira.gal\/index.php\/2025\/05\/27\/redondela-homenaxea-aos-represaliados-de-soutoxuste\/","url":"https:\/\/www.anovapeneira.gal\/index.php\/2025\/05\/27\/redondela-homenaxea-aos-represaliados-de-soutoxuste\/","name":"Redondela homenaxea aos represaliados de Soutoxuste -","isPartOf":{"@id":"https:\/\/www.anovapeneira.gal\/#website"},"primaryImageOfPage":{"@id":"https:\/\/www.anovapeneira.gal\/index.php\/2025\/05\/27\/redondela-homenaxea-aos-represaliados-de-soutoxuste\/#primaryimage"},"image":{"@id":"https:\/\/www.anovapeneira.gal\/index.php\/2025\/05\/27\/redondela-homenaxea-aos-represaliados-de-soutoxuste\/#primaryimage"},"thumbnailUrl":"https:\/\/www.anovapeneira.gal\/wp-content\/uploads\/2025\/05\/represaliados_Soutoxuste.png","datePublished":"2025-05-27T10:00:46+00:00","breadcrumb":{"@id":"https:\/\/www.anovapeneira.gal\/index.php\/2025\/05\/27\/redondela-homenaxea-aos-represaliados-de-soutoxuste\/#breadcrumb"},"inLanguage":"gl-ES","potentialAction":[{"@type":"ReadAction","target":["https:\/\/www.anovapeneira.gal\/index.php\/2025\/05\/27\/redondela-homenaxea-aos-represaliados-de-soutoxuste\/"]}]},{"@type":"ImageObject","inLanguage":"gl-ES","@id":"https:\/\/www.anovapeneira.gal\/index.php\/2025\/05\/27\/redondela-homenaxea-aos-represaliados-de-soutoxuste\/#primaryimage","url":"https:\/\/www.anovapeneira.gal\/wp-content\/uploads\/2025\/05\/represaliados_Soutoxuste.png","contentUrl":"https:\/\/www.anovapeneira.gal\/wp-content\/uploads\/2025\/05\/represaliados_Soutoxuste.png","width":720,"height":432},{"@type":"BreadcrumbList","@id":"https:\/\/www.anovapeneira.gal\/index.php\/2025\/05\/27\/redondela-homenaxea-aos-represaliados-de-soutoxuste\/#breadcrumb","itemListElement":[{"@type":"ListItem","position":1,"name":"Portada","item":"https:\/\/www.anovapeneira.gal\/"},{"@type":"ListItem","position":2,"name":"Redondela homenaxea aos represaliados de Soutoxuste"}]},{"@type":"WebSite","@id":"https:\/\/www.anovapeneira.gal\/#website","url":"https:\/\/www.anovapeneira.gal\/","name":"","description":"Xornal galego de informaci\u00f3n xeral Publicaci\u00f3n mensual de novas de Galicia e en especial dos Concellos da sur da provincia de Pontevedra.","publisher":{"@id":"https:\/\/www.anovapeneira.gal\/#organization"},"potentialAction":[{"@type":"SearchAction","target":{"@type":"EntryPoint","urlTemplate":"https:\/\/www.anovapeneira.gal\/?s={search_term_string}"},"query-input":{"@type":"PropertyValueSpecification","valueRequired":true,"valueName":"search_term_string"}}],"inLanguage":"gl-ES"},{"@type":"Organization","@id":"https:\/\/www.anovapeneira.gal\/#organization","name":"A Nova Peneira","url":"https:\/\/www.anovapeneira.gal\/","logo":{"@type":"ImageObject","inLanguage":"gl-ES","@id":"https:\/\/www.anovapeneira.gal\/#\/schema\/logo\/image\/","url":"http:\/\/www.anovapeneira.gal\/wp-content\/uploads\/2019\/06\/logo_a_nova_peneira_portal_web.png","contentUrl":"http:\/\/www.anovapeneira.gal\/wp-content\/uploads\/2019\/06\/logo_a_nova_peneira_portal_web.png","width":300,"height":100,"caption":"A Nova Peneira"},"image":{"@id":"https:\/\/www.anovapeneira.gal\/#\/schema\/logo\/image\/"},"sameAs":["https:\/\/www.facebook.com\/anovapeneira","https:\/\/x.com\/APeneira"]},{"@type":"Person","@id":"https:\/\/www.anovapeneira.gal\/#\/schema\/person\/b93e3f8932e3f8da96334607eb6ac6aa","name":"Redacci\u00f3n A Nova Peneira","image":{"@type":"ImageObject","inLanguage":"gl-ES","@id":"https:\/\/secure.gravatar.com\/avatar\/c052a2551a06e23fac63626232eaa90abd78dbcf1700fc46a2b2c89fd27b735f?s=96&d=mm&r=g","url":"https:\/\/secure.gravatar.com\/avatar\/c052a2551a06e23fac63626232eaa90abd78dbcf1700fc46a2b2c89fd27b735f?s=96&d=mm&r=g","contentUrl":"https:\/\/secure.gravatar.com\/avatar\/c052a2551a06e23fac63626232eaa90abd78dbcf1700fc46a2b2c89fd27b735f?s=96&d=mm&r=g","caption":"Redacci\u00f3n A Nova Peneira"},"sameAs":["http:\/\/www.anovapeneira.gal\/"],"url":"https:\/\/www.anovapeneira.gal\/index.php\/author\/redactor\/"}]}},"jetpack_featured_media_url":"https:\/\/www.anovapeneira.gal\/wp-content\/uploads\/2025\/05\/represaliados_Soutoxuste.png","_links":{"self":[{"href":"https:\/\/www.anovapeneira.gal\/index.php\/wp-json\/wp\/v2\/posts\/13962","targetHints":{"allow":["GET"]}}],"collection":[{"href":"https:\/\/www.anovapeneira.gal\/index.php\/wp-json\/wp\/v2\/posts"}],"about":[{"href":"https:\/\/www.anovapeneira.gal\/index.php\/wp-json\/wp\/v2\/types\/post"}],"author":[{"embeddable":true,"href":"https:\/\/www.anovapeneira.gal\/index.php\/wp-json\/wp\/v2\/users\/3"}],"replies":[{"embeddable":true,"href":"https:\/\/www.anovapeneira.gal\/index.php\/wp-json\/wp\/v2\/comments?post=13962"}],"version-history":[{"count":1,"href":"https:\/\/www.anovapeneira.gal\/index.php\/wp-json\/wp\/v2\/posts\/13962\/revisions"}],"predecessor-version":[{"id":13964,"href":"https:\/\/www.anovapeneira.gal\/index.php\/wp-json\/wp\/v2\/posts\/13962\/revisions\/13964"}],"wp:featuredmedia":[{"embeddable":true,"href":"https:\/\/www.anovapeneira.gal\/index.php\/wp-json\/wp\/v2\/media\/13963"}],"wp:attachment":[{"href":"https:\/\/www.anovapeneira.gal\/index.php\/wp-json\/wp\/v2\/media?parent=13962"}],"wp:term":[{"taxonomy":"category","embeddable":true,"href":"https:\/\/www.anovapeneira.gal\/index.php\/wp-json\/wp\/v2\/categories?post=13962"},{"taxonomy":"post_tag","embeddable":true,"href":"https:\/\/www.anovapeneira.gal\/index.php\/wp-json\/wp\/v2\/tags?post=13962"}],"curies":[{"name":"wp","href":"https:\/\/api.w.org\/{rel}","templated":true}]}}