{"id":13970,"date":"2025-05-29T12:00:54","date_gmt":"2025-05-29T10:00:54","guid":{"rendered":"https:\/\/www.anovapeneira.gal\/?p=13970"},"modified":"2025-05-27T10:26:13","modified_gmt":"2025-05-27T08:26:13","slug":"o-bng-denuncia-a-politica-cruel-e-neoliberal-do-pp-que-drena-recursos-a-privada-e-desoe-as-recomendacions-de-contas","status":"publish","type":"post","link":"https:\/\/www.anovapeneira.gal\/index.php\/2025\/05\/29\/o-bng-denuncia-a-politica-cruel-e-neoliberal-do-pp-que-drena-recursos-a-privada-e-desoe-as-recomendacions-de-contas\/","title":{"rendered":"O BNG denuncia a pol\u00edtica cruel e neoliberal do PP que drena recursos \u00e1 privada e desoe as recomendaci\u00f3ns de Contas"},"content":{"rendered":"\n<h2 class=\"wp-block-heading\"><strong>Montse Prado: \u201cCada novo informe do Consello de Contas amosa o <\/strong><em><strong>despilfarro<\/strong><\/em><strong> e falta de transparencia dun PP que converte a sanidade en negocio para uns poucos\u201d<\/strong><\/h2>\n\n\n\n<p><strong>Santiago de Compostela, 22 de maio, 2025<\/strong>.<\/p>\n\n\n\n<p>A deputada BNG, Montse Prado, denunciou a deriva neoliberal do PP en Sanidade, que segue a drenar recursos cara \u00e1 privada mentres desmantela o sistema p\u00fablico de sa\u00fade galego.<\/p>\n\n\n\n<p>Criticou o incumprimento das recomendaci\u00f3ns do Consello de Contas no seu informe de fiscalizaci\u00f3n da Conta Xeral do Sergas de 2023 sobre as actuaci\u00f3ns da Conseller\u00eda de Sanidade, que, segundo afirmou, \u201camosa, de novo, a realidade dunha xesti\u00f3n sanitaria marcada polo \u201c<em>despilfarro,<\/em> a opacidade e a falta de transparencia, ao tempo que desvela a folla de ruta do PP, que converte os servizos p\u00fablicos esenciais, como a sanidade, en negocio para uns poucos\u201d.<\/p>\n\n\n\n<p>\u201cEsta \u00e9 a folla de ruta ideol\u00f3xica do Partido Popular, puro e cruel neoliberalismo que o \u00fanico incentivo \u00e9 actuar para facilitar o negocio \u00e1s empresas privadas mentres os galegos e as galegas te\u00f1en cada d\u00eda peor asistencia sanitaria\u201d, criticou Prado, acusando o PP de \u201ccrear un relato que non se corresponde coa realidade \u201c e que non po\u00f1en empe\u00f1o en solucionar os problemas\u201d. \u201cEse \u00e9 o aut\u00e9ntico drama. E baixo monta\u00f1as de titulares non son capaces de agachar a realidade, \u201cdur\u00edsima\u201d para a maior\u00eda\u201d atreveuse a dicir.<\/p>\n\n\n\n<p>\u201cDur\u00edsima cando se ve que hai os problemas e non hai resposta na sanidade p\u00fablica. E o grave \u00e9 que a sanidade p\u00fablica de calidade nos iguala a todos e o que vostedes est\u00e1n practicando todos os d\u00edas o que fai \u00e9 aumentar a fenda de desigualdade sobre todo para os galegos e as galegas que te\u00f1en m\u00e1is dificultades para acceder por problemas econ\u00f3micos, tecnol\u00f3xicos ou sociais\u201d, recriminou \u00e1 secretaria xeral t\u00e9cnica da Conseller\u00eda de Sanidade, Natalia Lobato.<\/p>\n\n\n\n<p>O Consello de Contas, \u00f3rgano fiscalizador independente do gasto p\u00fablico, publicou recentemente dous informes que volven desvelar a pol\u00edtica sanitaria do PP, ratificando as denuncias do BNG sobre o deterioro e a perda de calidade dos servizos sanitarios en Galicia. Estes informes subli\u00f1an que a situaci\u00f3n non \u00e9 unha casualidade, sen\u00f3n o resultado das constantes decisi\u00f3ns do PP na Xunta.<\/p>\n\n\n\n<p>O informe de fiscalizaci\u00f3n da Conta Xeral do Sergas de 2023 resalta que, a pesar de que o orzamento consolidado do Sergas representa o 39% do orzamento total, persisten graves problemas de xesti\u00f3n financeira, como a opacidade e o uso de contratos menores, fraccionados sen xustificaci\u00f3n, a falta de concorrencia competitiva na contrataci\u00f3n e a desviaci\u00f3n de recursos da Atenci\u00f3n Primaria cara \u00e1 atenci\u00f3n hospitalaria e \u00e1 sanidade privada.<\/p>\n\n\n\n<p><em><strong>A deriva da Atenci\u00f3n Primaria e a sanidade privada<\/strong><\/em><\/p>\n\n\n\n<p>Un dos aspectos m\u00e1is alarmantes do informe \u00e9 a continua derivaci\u00f3n e \u201cdrenaxe\u201d de recursos p\u00fablicos cara \u00e1 sanidade privada. A cifra de 242 mill\u00f3ns de euros destinados \u00e1 asistencia sanitaria privada durante o ano 2023 \u00e9 unha \u201cclara mostra da pol\u00edtica neoliberal do PP\u201d para favorecer as empresas privadas en lugar fortalecer a Atenci\u00f3n Primaria, \u201cxa deficitaria\u201d. \u201cCando van deixar de ningunear a Atenci\u00f3n Primaria, o aut\u00e9ntico piar da Sanidade p\u00fablica?\u201d, cuestionou, recordando que Galiza est\u00e1 \u00e1 cola do Estado en Atenci\u00f3n Primaria, s\u00f3 Madrid nos supera.<\/p>\n\n\n\n<p>Neste punto, Prado fixo referencia aos \u00faltimos contratos asinados coa privada, como o do Hospital privado Vithas de Vigo para atender doentes de Ourense, cun investimento de case dez mill\u00f3ns de euros ao ano, que poder\u00edan ter sido destinados \u00e1 mellora da sanidade p\u00fablica en Ourense e que far\u00edan innecesaria esa derivaci\u00f3n deses doentes.<\/p>\n\n\n\n<p><em><strong>O informe sobre o Plan de Sa\u00fade Mental<\/strong><\/em><\/p>\n\n\n\n<p>Outro informe relevante e que deixa unha \u201cfotograf\u00eda demoledora\u201d \u00e9 o que fiscaliza o Plan de Sa\u00fade Mental de Galicia pos-COVID-19 (2020-2024). O PP anunciou un orzamento de 83 mill\u00f3ns de euros para este plan durante a campa\u00f1a electoral, pero os informes do Consello de Contas desvelan que s\u00f3 se destinaron 33,5 mill\u00f3ns de euros, unha diferenza significativa que non foi desmentida polo PP. \u201cEse si que \u00e9 un titular, que o PP non foi capaz de desmentir\u201d, expresou Prado preguntando \u201conde est\u00e1n eses 83 mill\u00f3ns\u201d.<\/p>\n\n\n\n<p>A responsable de Sanidade do BNG subli\u00f1ou que os informes do Consello de Contas non s\u00f3 evidencian a falta de transparencia e a mala xesti\u00f3n dos recursos no Sergas, sen\u00f3n tam\u00e9n a \u201cnefasta pol\u00edtica sanitaria do PP\u201d, que pon en risco a calidade do sistema p\u00fablico de sa\u00fade en Galicia e favorece intereses privados \u00e1 custa dos servizos p\u00fablicos. A s\u00faa pol\u00edtica, baseada no neoliberalismo, segue a deteriorar os servizos p\u00fablicos, deixando a cidadan\u00eda sen os recursos necesarios para recibir unha atenci\u00f3n sanitaria digna.<\/p>\n\n\n\n<p>Fronte a isto, o BNG reitera a s\u00faa aposta por unha sanidade p\u00fablica de calidade, e seguir\u00e1 a traballar para que a sa\u00fade en Galicia sexa \u201cun dereito accesible para todas as persoas e non un negocio privado para uns poucos\u201d.<\/p>\n","protected":false},"excerpt":{"rendered":"<div class=\"mh-excerpt\"><p>Montse Prado: \u201cCada novo informe do Consello de Contas amosa o despilfarro e falta de transparencia dun PP que converte a sanidade en negocio para uns poucos\u201d Santiago de Compostela, 22 de maio, 2025. A <a class=\"mh-excerpt-more\" href=\"https:\/\/www.anovapeneira.gal\/index.php\/2025\/05\/29\/o-bng-denuncia-a-politica-cruel-e-neoliberal-do-pp-que-drena-recursos-a-privada-e-desoe-as-recomendacions-de-contas\/\" title=\"O BNG denuncia a pol\u00edtica cruel e neoliberal do PP que drena recursos \u00e1 privada e desoe as recomendaci\u00f3ns de Contas\">[&#8230;]<\/a><\/p>\n<\/div>","protected":false},"author":1,"featured_media":13971,"comment_status":"open","ping_status":"open","sticky":false,"template":"","format":"standard","meta":{"_exactmetrics_skip_tracking":false,"_exactmetrics_sitenote_active":false,"_exactmetrics_sitenote_note":"","_exactmetrics_sitenote_category":0,"footnotes":""},"categories":[263],"tags":[],"class_list":{"0":"post-13970","1":"post","2":"type-post","3":"status-publish","4":"format-standard","5":"has-post-thumbnail","7":"category-novas"},"yoast_head":"<!-- This site is optimized with the Yoast SEO plugin v27.4 - https:\/\/yoast.com\/product\/yoast-seo-wordpress\/ -->\n<title>O BNG denuncia a pol\u00edtica cruel e neoliberal do PP que drena recursos \u00e1 privada e desoe as recomendaci\u00f3ns de Contas -<\/title>\n<meta name=\"robots\" content=\"index, follow, max-snippet:-1, max-image-preview:large, max-video-preview:-1\" \/>\n<link rel=\"canonical\" href=\"https:\/\/www.anovapeneira.gal\/index.php\/2025\/05\/29\/o-bng-denuncia-a-politica-cruel-e-neoliberal-do-pp-que-drena-recursos-a-privada-e-desoe-as-recomendacions-de-contas\/\" \/>\n<meta property=\"og:locale\" content=\"gl_ES\" \/>\n<meta property=\"og:type\" content=\"article\" \/>\n<meta property=\"og:title\" content=\"O BNG denuncia a pol\u00edtica cruel e neoliberal do PP que drena recursos \u00e1 privada e desoe as recomendaci\u00f3ns de Contas -\" \/>\n<meta property=\"og:description\" content=\"Montse Prado: \u201cCada novo informe do Consello de Contas amosa o despilfarro e falta de transparencia dun PP que converte a sanidade en negocio para uns poucos\u201d Santiago de Compostela, 22 de maio, 2025. A [...]\" \/>\n<meta property=\"og:url\" content=\"https:\/\/www.anovapeneira.gal\/index.php\/2025\/05\/29\/o-bng-denuncia-a-politica-cruel-e-neoliberal-do-pp-que-drena-recursos-a-privada-e-desoe-as-recomendacions-de-contas\/\" \/>\n<meta property=\"article:publisher\" content=\"https:\/\/www.facebook.com\/anovapeneira\" \/>\n<meta property=\"article:author\" content=\"https:\/\/www.facebook.com\/anovapeneira\/\" \/>\n<meta property=\"article:published_time\" content=\"2025-05-29T10:00:54+00:00\" \/>\n<meta property=\"og:image\" content=\"https:\/\/www.anovapeneira.gal\/wp-content\/uploads\/2025\/05\/montse_prado.jpg\" \/>\n\t<meta property=\"og:image:width\" content=\"720\" \/>\n\t<meta property=\"og:image:height\" content=\"432\" \/>\n\t<meta property=\"og:image:type\" content=\"image\/jpeg\" \/>\n<meta name=\"author\" content=\"admin\" \/>\n<meta name=\"twitter:card\" content=\"summary_large_image\" \/>\n<meta name=\"twitter:creator\" content=\"@APeneira\" \/>\n<meta name=\"twitter:site\" content=\"@APeneira\" \/>\n<meta name=\"twitter:label1\" content=\"Escrito por\" \/>\n\t<meta name=\"twitter:data1\" content=\"admin\" \/>\n\t<meta name=\"twitter:label2\" content=\"Tempo de lectura\" \/>\n\t<meta name=\"twitter:data2\" content=\"5 minutos\" \/>\n<script type=\"application\/ld+json\" class=\"yoast-schema-graph\">{\"@context\":\"https:\\\/\\\/schema.org\",\"@graph\":[{\"@type\":\"Article\",\"@id\":\"https:\\\/\\\/www.anovapeneira.gal\\\/index.php\\\/2025\\\/05\\\/29\\\/o-bng-denuncia-a-politica-cruel-e-neoliberal-do-pp-que-drena-recursos-a-privada-e-desoe-as-recomendacions-de-contas\\\/#article\",\"isPartOf\":{\"@id\":\"https:\\\/\\\/www.anovapeneira.gal\\\/index.php\\\/2025\\\/05\\\/29\\\/o-bng-denuncia-a-politica-cruel-e-neoliberal-do-pp-que-drena-recursos-a-privada-e-desoe-as-recomendacions-de-contas\\\/\"},\"author\":{\"name\":\"admin\",\"@id\":\"https:\\\/\\\/www.anovapeneira.gal\\\/#\\\/schema\\\/person\\\/fb77575328c93684dae4b0075f90c2cb\"},\"headline\":\"O BNG denuncia a pol\u00edtica cruel e neoliberal do PP que drena recursos \u00e1 privada e desoe as recomendaci\u00f3ns de Contas\",\"datePublished\":\"2025-05-29T10:00:54+00:00\",\"mainEntityOfPage\":{\"@id\":\"https:\\\/\\\/www.anovapeneira.gal\\\/index.php\\\/2025\\\/05\\\/29\\\/o-bng-denuncia-a-politica-cruel-e-neoliberal-do-pp-que-drena-recursos-a-privada-e-desoe-as-recomendacions-de-contas\\\/\"},\"wordCount\":874,\"commentCount\":0,\"publisher\":{\"@id\":\"https:\\\/\\\/www.anovapeneira.gal\\\/#organization\"},\"image\":{\"@id\":\"https:\\\/\\\/www.anovapeneira.gal\\\/index.php\\\/2025\\\/05\\\/29\\\/o-bng-denuncia-a-politica-cruel-e-neoliberal-do-pp-que-drena-recursos-a-privada-e-desoe-as-recomendacions-de-contas\\\/#primaryimage\"},\"thumbnailUrl\":\"https:\\\/\\\/www.anovapeneira.gal\\\/wp-content\\\/uploads\\\/2025\\\/05\\\/montse_prado.jpg\",\"articleSection\":[\"Novas\"],\"inLanguage\":\"gl-ES\",\"potentialAction\":[{\"@type\":\"CommentAction\",\"name\":\"Comment\",\"target\":[\"https:\\\/\\\/www.anovapeneira.gal\\\/index.php\\\/2025\\\/05\\\/29\\\/o-bng-denuncia-a-politica-cruel-e-neoliberal-do-pp-que-drena-recursos-a-privada-e-desoe-as-recomendacions-de-contas\\\/#respond\"]}]},{\"@type\":\"WebPage\",\"@id\":\"https:\\\/\\\/www.anovapeneira.gal\\\/index.php\\\/2025\\\/05\\\/29\\\/o-bng-denuncia-a-politica-cruel-e-neoliberal-do-pp-que-drena-recursos-a-privada-e-desoe-as-recomendacions-de-contas\\\/\",\"url\":\"https:\\\/\\\/www.anovapeneira.gal\\\/index.php\\\/2025\\\/05\\\/29\\\/o-bng-denuncia-a-politica-cruel-e-neoliberal-do-pp-que-drena-recursos-a-privada-e-desoe-as-recomendacions-de-contas\\\/\",\"name\":\"O BNG denuncia a pol\u00edtica cruel e neoliberal do PP que drena recursos \u00e1 privada e desoe as recomendaci\u00f3ns de Contas -\",\"isPartOf\":{\"@id\":\"https:\\\/\\\/www.anovapeneira.gal\\\/#website\"},\"primaryImageOfPage\":{\"@id\":\"https:\\\/\\\/www.anovapeneira.gal\\\/index.php\\\/2025\\\/05\\\/29\\\/o-bng-denuncia-a-politica-cruel-e-neoliberal-do-pp-que-drena-recursos-a-privada-e-desoe-as-recomendacions-de-contas\\\/#primaryimage\"},\"image\":{\"@id\":\"https:\\\/\\\/www.anovapeneira.gal\\\/index.php\\\/2025\\\/05\\\/29\\\/o-bng-denuncia-a-politica-cruel-e-neoliberal-do-pp-que-drena-recursos-a-privada-e-desoe-as-recomendacions-de-contas\\\/#primaryimage\"},\"thumbnailUrl\":\"https:\\\/\\\/www.anovapeneira.gal\\\/wp-content\\\/uploads\\\/2025\\\/05\\\/montse_prado.jpg\",\"datePublished\":\"2025-05-29T10:00:54+00:00\",\"breadcrumb\":{\"@id\":\"https:\\\/\\\/www.anovapeneira.gal\\\/index.php\\\/2025\\\/05\\\/29\\\/o-bng-denuncia-a-politica-cruel-e-neoliberal-do-pp-que-drena-recursos-a-privada-e-desoe-as-recomendacions-de-contas\\\/#breadcrumb\"},\"inLanguage\":\"gl-ES\",\"potentialAction\":[{\"@type\":\"ReadAction\",\"target\":[\"https:\\\/\\\/www.anovapeneira.gal\\\/index.php\\\/2025\\\/05\\\/29\\\/o-bng-denuncia-a-politica-cruel-e-neoliberal-do-pp-que-drena-recursos-a-privada-e-desoe-as-recomendacions-de-contas\\\/\"]}]},{\"@type\":\"ImageObject\",\"inLanguage\":\"gl-ES\",\"@id\":\"https:\\\/\\\/www.anovapeneira.gal\\\/index.php\\\/2025\\\/05\\\/29\\\/o-bng-denuncia-a-politica-cruel-e-neoliberal-do-pp-que-drena-recursos-a-privada-e-desoe-as-recomendacions-de-contas\\\/#primaryimage\",\"url\":\"https:\\\/\\\/www.anovapeneira.gal\\\/wp-content\\\/uploads\\\/2025\\\/05\\\/montse_prado.jpg\",\"contentUrl\":\"https:\\\/\\\/www.anovapeneira.gal\\\/wp-content\\\/uploads\\\/2025\\\/05\\\/montse_prado.jpg\",\"width\":720,\"height\":432,\"caption\":\"Montse Prado\"},{\"@type\":\"BreadcrumbList\",\"@id\":\"https:\\\/\\\/www.anovapeneira.gal\\\/index.php\\\/2025\\\/05\\\/29\\\/o-bng-denuncia-a-politica-cruel-e-neoliberal-do-pp-que-drena-recursos-a-privada-e-desoe-as-recomendacions-de-contas\\\/#breadcrumb\",\"itemListElement\":[{\"@type\":\"ListItem\",\"position\":1,\"name\":\"Portada\",\"item\":\"https:\\\/\\\/www.anovapeneira.gal\\\/\"},{\"@type\":\"ListItem\",\"position\":2,\"name\":\"O BNG denuncia a pol\u00edtica cruel e neoliberal do PP que drena recursos \u00e1 privada e desoe as recomendaci\u00f3ns de Contas\"}]},{\"@type\":\"WebSite\",\"@id\":\"https:\\\/\\\/www.anovapeneira.gal\\\/#website\",\"url\":\"https:\\\/\\\/www.anovapeneira.gal\\\/\",\"name\":\"\",\"description\":\"Xornal galego de informaci\u00f3n xeral Publicaci\u00f3n mensual de novas de Galicia e en especial dos Concellos da sur da provincia de Pontevedra.\",\"publisher\":{\"@id\":\"https:\\\/\\\/www.anovapeneira.gal\\\/#organization\"},\"potentialAction\":[{\"@type\":\"SearchAction\",\"target\":{\"@type\":\"EntryPoint\",\"urlTemplate\":\"https:\\\/\\\/www.anovapeneira.gal\\\/?s={search_term_string}\"},\"query-input\":{\"@type\":\"PropertyValueSpecification\",\"valueRequired\":true,\"valueName\":\"search_term_string\"}}],\"inLanguage\":\"gl-ES\"},{\"@type\":\"Organization\",\"@id\":\"https:\\\/\\\/www.anovapeneira.gal\\\/#organization\",\"name\":\"A Nova Peneira\",\"url\":\"https:\\\/\\\/www.anovapeneira.gal\\\/\",\"logo\":{\"@type\":\"ImageObject\",\"inLanguage\":\"gl-ES\",\"@id\":\"https:\\\/\\\/www.anovapeneira.gal\\\/#\\\/schema\\\/logo\\\/image\\\/\",\"url\":\"http:\\\/\\\/www.anovapeneira.gal\\\/wp-content\\\/uploads\\\/2019\\\/06\\\/logo_a_nova_peneira_portal_web.png\",\"contentUrl\":\"http:\\\/\\\/www.anovapeneira.gal\\\/wp-content\\\/uploads\\\/2019\\\/06\\\/logo_a_nova_peneira_portal_web.png\",\"width\":300,\"height\":100,\"caption\":\"A Nova Peneira\"},\"image\":{\"@id\":\"https:\\\/\\\/www.anovapeneira.gal\\\/#\\\/schema\\\/logo\\\/image\\\/\"},\"sameAs\":[\"https:\\\/\\\/www.facebook.com\\\/anovapeneira\",\"https:\\\/\\\/x.com\\\/APeneira\"]},{\"@type\":\"Person\",\"@id\":\"https:\\\/\\\/www.anovapeneira.gal\\\/#\\\/schema\\\/person\\\/fb77575328c93684dae4b0075f90c2cb\",\"name\":\"admin\",\"image\":{\"@type\":\"ImageObject\",\"inLanguage\":\"gl-ES\",\"@id\":\"https:\\\/\\\/secure.gravatar.com\\\/avatar\\\/df15c36ce375448325e0bc870e91bbee95947a002eb98dcfd6c2b053e18843e9?s=96&d=mm&r=g\",\"url\":\"https:\\\/\\\/secure.gravatar.com\\\/avatar\\\/df15c36ce375448325e0bc870e91bbee95947a002eb98dcfd6c2b053e18843e9?s=96&d=mm&r=g\",\"contentUrl\":\"https:\\\/\\\/secure.gravatar.com\\\/avatar\\\/df15c36ce375448325e0bc870e91bbee95947a002eb98dcfd6c2b053e18843e9?s=96&d=mm&r=g\",\"caption\":\"admin\"},\"description\":\"Xornal galego de informaci\u00f3n xeral Publicaci\u00f3n mensual de novas de Galicia e en especial dos Concellos da sur da provincia de Pontevedra.\",\"sameAs\":[\"http:\\\/\\\/www.anovapeneira.gal\\\/\",\"https:\\\/\\\/www.facebook.com\\\/anovapeneira\\\/\"],\"url\":\"https:\\\/\\\/www.anovapeneira.gal\\\/index.php\\\/author\\\/admin\\\/\"}]}<\/script>\n<!-- \/ Yoast SEO plugin. -->","yoast_head_json":{"title":"O BNG denuncia a pol\u00edtica cruel e neoliberal do PP que drena recursos \u00e1 privada e desoe as recomendaci\u00f3ns de Contas -","robots":{"index":"index","follow":"follow","max-snippet":"max-snippet:-1","max-image-preview":"max-image-preview:large","max-video-preview":"max-video-preview:-1"},"canonical":"https:\/\/www.anovapeneira.gal\/index.php\/2025\/05\/29\/o-bng-denuncia-a-politica-cruel-e-neoliberal-do-pp-que-drena-recursos-a-privada-e-desoe-as-recomendacions-de-contas\/","og_locale":"gl_ES","og_type":"article","og_title":"O BNG denuncia a pol\u00edtica cruel e neoliberal do PP que drena recursos \u00e1 privada e desoe as recomendaci\u00f3ns de Contas -","og_description":"Montse Prado: \u201cCada novo informe do Consello de Contas amosa o despilfarro e falta de transparencia dun PP que converte a sanidade en negocio para uns poucos\u201d Santiago de Compostela, 22 de maio, 2025. A [...]","og_url":"https:\/\/www.anovapeneira.gal\/index.php\/2025\/05\/29\/o-bng-denuncia-a-politica-cruel-e-neoliberal-do-pp-que-drena-recursos-a-privada-e-desoe-as-recomendacions-de-contas\/","article_publisher":"https:\/\/www.facebook.com\/anovapeneira","article_author":"https:\/\/www.facebook.com\/anovapeneira\/","article_published_time":"2025-05-29T10:00:54+00:00","og_image":[{"width":720,"height":432,"url":"https:\/\/www.anovapeneira.gal\/wp-content\/uploads\/2025\/05\/montse_prado.jpg","type":"image\/jpeg"}],"author":"admin","twitter_card":"summary_large_image","twitter_creator":"@APeneira","twitter_site":"@APeneira","twitter_misc":{"Escrito por":"admin","Tempo de lectura":"5 minutos"},"schema":{"@context":"https:\/\/schema.org","@graph":[{"@type":"Article","@id":"https:\/\/www.anovapeneira.gal\/index.php\/2025\/05\/29\/o-bng-denuncia-a-politica-cruel-e-neoliberal-do-pp-que-drena-recursos-a-privada-e-desoe-as-recomendacions-de-contas\/#article","isPartOf":{"@id":"https:\/\/www.anovapeneira.gal\/index.php\/2025\/05\/29\/o-bng-denuncia-a-politica-cruel-e-neoliberal-do-pp-que-drena-recursos-a-privada-e-desoe-as-recomendacions-de-contas\/"},"author":{"name":"admin","@id":"https:\/\/www.anovapeneira.gal\/#\/schema\/person\/fb77575328c93684dae4b0075f90c2cb"},"headline":"O BNG denuncia a pol\u00edtica cruel e neoliberal do PP que drena recursos \u00e1 privada e desoe as recomendaci\u00f3ns de Contas","datePublished":"2025-05-29T10:00:54+00:00","mainEntityOfPage":{"@id":"https:\/\/www.anovapeneira.gal\/index.php\/2025\/05\/29\/o-bng-denuncia-a-politica-cruel-e-neoliberal-do-pp-que-drena-recursos-a-privada-e-desoe-as-recomendacions-de-contas\/"},"wordCount":874,"commentCount":0,"publisher":{"@id":"https:\/\/www.anovapeneira.gal\/#organization"},"image":{"@id":"https:\/\/www.anovapeneira.gal\/index.php\/2025\/05\/29\/o-bng-denuncia-a-politica-cruel-e-neoliberal-do-pp-que-drena-recursos-a-privada-e-desoe-as-recomendacions-de-contas\/#primaryimage"},"thumbnailUrl":"https:\/\/www.anovapeneira.gal\/wp-content\/uploads\/2025\/05\/montse_prado.jpg","articleSection":["Novas"],"inLanguage":"gl-ES","potentialAction":[{"@type":"CommentAction","name":"Comment","target":["https:\/\/www.anovapeneira.gal\/index.php\/2025\/05\/29\/o-bng-denuncia-a-politica-cruel-e-neoliberal-do-pp-que-drena-recursos-a-privada-e-desoe-as-recomendacions-de-contas\/#respond"]}]},{"@type":"WebPage","@id":"https:\/\/www.anovapeneira.gal\/index.php\/2025\/05\/29\/o-bng-denuncia-a-politica-cruel-e-neoliberal-do-pp-que-drena-recursos-a-privada-e-desoe-as-recomendacions-de-contas\/","url":"https:\/\/www.anovapeneira.gal\/index.php\/2025\/05\/29\/o-bng-denuncia-a-politica-cruel-e-neoliberal-do-pp-que-drena-recursos-a-privada-e-desoe-as-recomendacions-de-contas\/","name":"O BNG denuncia a pol\u00edtica cruel e neoliberal do PP que drena recursos \u00e1 privada e desoe as recomendaci\u00f3ns de Contas -","isPartOf":{"@id":"https:\/\/www.anovapeneira.gal\/#website"},"primaryImageOfPage":{"@id":"https:\/\/www.anovapeneira.gal\/index.php\/2025\/05\/29\/o-bng-denuncia-a-politica-cruel-e-neoliberal-do-pp-que-drena-recursos-a-privada-e-desoe-as-recomendacions-de-contas\/#primaryimage"},"image":{"@id":"https:\/\/www.anovapeneira.gal\/index.php\/2025\/05\/29\/o-bng-denuncia-a-politica-cruel-e-neoliberal-do-pp-que-drena-recursos-a-privada-e-desoe-as-recomendacions-de-contas\/#primaryimage"},"thumbnailUrl":"https:\/\/www.anovapeneira.gal\/wp-content\/uploads\/2025\/05\/montse_prado.jpg","datePublished":"2025-05-29T10:00:54+00:00","breadcrumb":{"@id":"https:\/\/www.anovapeneira.gal\/index.php\/2025\/05\/29\/o-bng-denuncia-a-politica-cruel-e-neoliberal-do-pp-que-drena-recursos-a-privada-e-desoe-as-recomendacions-de-contas\/#breadcrumb"},"inLanguage":"gl-ES","potentialAction":[{"@type":"ReadAction","target":["https:\/\/www.anovapeneira.gal\/index.php\/2025\/05\/29\/o-bng-denuncia-a-politica-cruel-e-neoliberal-do-pp-que-drena-recursos-a-privada-e-desoe-as-recomendacions-de-contas\/"]}]},{"@type":"ImageObject","inLanguage":"gl-ES","@id":"https:\/\/www.anovapeneira.gal\/index.php\/2025\/05\/29\/o-bng-denuncia-a-politica-cruel-e-neoliberal-do-pp-que-drena-recursos-a-privada-e-desoe-as-recomendacions-de-contas\/#primaryimage","url":"https:\/\/www.anovapeneira.gal\/wp-content\/uploads\/2025\/05\/montse_prado.jpg","contentUrl":"https:\/\/www.anovapeneira.gal\/wp-content\/uploads\/2025\/05\/montse_prado.jpg","width":720,"height":432,"caption":"Montse Prado"},{"@type":"BreadcrumbList","@id":"https:\/\/www.anovapeneira.gal\/index.php\/2025\/05\/29\/o-bng-denuncia-a-politica-cruel-e-neoliberal-do-pp-que-drena-recursos-a-privada-e-desoe-as-recomendacions-de-contas\/#breadcrumb","itemListElement":[{"@type":"ListItem","position":1,"name":"Portada","item":"https:\/\/www.anovapeneira.gal\/"},{"@type":"ListItem","position":2,"name":"O BNG denuncia a pol\u00edtica cruel e neoliberal do PP que drena recursos \u00e1 privada e desoe as recomendaci\u00f3ns de Contas"}]},{"@type":"WebSite","@id":"https:\/\/www.anovapeneira.gal\/#website","url":"https:\/\/www.anovapeneira.gal\/","name":"","description":"Xornal galego de informaci\u00f3n xeral Publicaci\u00f3n mensual de novas de Galicia e en especial dos Concellos da sur da provincia de Pontevedra.","publisher":{"@id":"https:\/\/www.anovapeneira.gal\/#organization"},"potentialAction":[{"@type":"SearchAction","target":{"@type":"EntryPoint","urlTemplate":"https:\/\/www.anovapeneira.gal\/?s={search_term_string}"},"query-input":{"@type":"PropertyValueSpecification","valueRequired":true,"valueName":"search_term_string"}}],"inLanguage":"gl-ES"},{"@type":"Organization","@id":"https:\/\/www.anovapeneira.gal\/#organization","name":"A Nova Peneira","url":"https:\/\/www.anovapeneira.gal\/","logo":{"@type":"ImageObject","inLanguage":"gl-ES","@id":"https:\/\/www.anovapeneira.gal\/#\/schema\/logo\/image\/","url":"http:\/\/www.anovapeneira.gal\/wp-content\/uploads\/2019\/06\/logo_a_nova_peneira_portal_web.png","contentUrl":"http:\/\/www.anovapeneira.gal\/wp-content\/uploads\/2019\/06\/logo_a_nova_peneira_portal_web.png","width":300,"height":100,"caption":"A Nova Peneira"},"image":{"@id":"https:\/\/www.anovapeneira.gal\/#\/schema\/logo\/image\/"},"sameAs":["https:\/\/www.facebook.com\/anovapeneira","https:\/\/x.com\/APeneira"]},{"@type":"Person","@id":"https:\/\/www.anovapeneira.gal\/#\/schema\/person\/fb77575328c93684dae4b0075f90c2cb","name":"admin","image":{"@type":"ImageObject","inLanguage":"gl-ES","@id":"https:\/\/secure.gravatar.com\/avatar\/df15c36ce375448325e0bc870e91bbee95947a002eb98dcfd6c2b053e18843e9?s=96&d=mm&r=g","url":"https:\/\/secure.gravatar.com\/avatar\/df15c36ce375448325e0bc870e91bbee95947a002eb98dcfd6c2b053e18843e9?s=96&d=mm&r=g","contentUrl":"https:\/\/secure.gravatar.com\/avatar\/df15c36ce375448325e0bc870e91bbee95947a002eb98dcfd6c2b053e18843e9?s=96&d=mm&r=g","caption":"admin"},"description":"Xornal galego de informaci\u00f3n xeral Publicaci\u00f3n mensual de novas de Galicia e en especial dos Concellos da sur da provincia de Pontevedra.","sameAs":["http:\/\/www.anovapeneira.gal\/","https:\/\/www.facebook.com\/anovapeneira\/"],"url":"https:\/\/www.anovapeneira.gal\/index.php\/author\/admin\/"}]}},"jetpack_featured_media_url":"https:\/\/www.anovapeneira.gal\/wp-content\/uploads\/2025\/05\/montse_prado.jpg","_links":{"self":[{"href":"https:\/\/www.anovapeneira.gal\/index.php\/wp-json\/wp\/v2\/posts\/13970","targetHints":{"allow":["GET"]}}],"collection":[{"href":"https:\/\/www.anovapeneira.gal\/index.php\/wp-json\/wp\/v2\/posts"}],"about":[{"href":"https:\/\/www.anovapeneira.gal\/index.php\/wp-json\/wp\/v2\/types\/post"}],"author":[{"embeddable":true,"href":"https:\/\/www.anovapeneira.gal\/index.php\/wp-json\/wp\/v2\/users\/1"}],"replies":[{"embeddable":true,"href":"https:\/\/www.anovapeneira.gal\/index.php\/wp-json\/wp\/v2\/comments?post=13970"}],"version-history":[{"count":1,"href":"https:\/\/www.anovapeneira.gal\/index.php\/wp-json\/wp\/v2\/posts\/13970\/revisions"}],"predecessor-version":[{"id":13972,"href":"https:\/\/www.anovapeneira.gal\/index.php\/wp-json\/wp\/v2\/posts\/13970\/revisions\/13972"}],"wp:featuredmedia":[{"embeddable":true,"href":"https:\/\/www.anovapeneira.gal\/index.php\/wp-json\/wp\/v2\/media\/13971"}],"wp:attachment":[{"href":"https:\/\/www.anovapeneira.gal\/index.php\/wp-json\/wp\/v2\/media?parent=13970"}],"wp:term":[{"taxonomy":"category","embeddable":true,"href":"https:\/\/www.anovapeneira.gal\/index.php\/wp-json\/wp\/v2\/categories?post=13970"},{"taxonomy":"post_tag","embeddable":true,"href":"https:\/\/www.anovapeneira.gal\/index.php\/wp-json\/wp\/v2\/tags?post=13970"}],"curies":[{"name":"wp","href":"https:\/\/api.w.org\/{rel}","templated":true}]}}