{"id":13982,"date":"2025-06-02T10:00:52","date_gmt":"2025-06-02T08:00:52","guid":{"rendered":"https:\/\/www.anovapeneira.gal\/?p=13982"},"modified":"2025-05-30T09:58:22","modified_gmt":"2025-05-30T07:58:22","slug":"carme-nunez-mendez-voceira-do-bng-de-tui","status":"publish","type":"post","link":"https:\/\/www.anovapeneira.gal\/index.php\/2025\/06\/02\/carme-nunez-mendez-voceira-do-bng-de-tui\/","title":{"rendered":"Carme N\u00fa\u00f1ez M\u00e9ndez, voceira do BNG de Tui"},"content":{"rendered":"\n<p>Como cada ano facemos unha radiograf\u00eda da situaci\u00f3n pol\u00edtica de Tui falando con alg\u00fans representantes das forzas pol\u00edticas tudenses. Desta volta comezamos conversando con Carme N\u00fa\u00f1ez, a voceira do BNG. Xa falei moitas veces con Carme e tam\u00e9n moitas veces de Carme,e nesta ocasi\u00f3n s\u00f3 me vou referir a unha cuesti\u00f3n: Dede que te\u00f1o a honra de dirixir ANP o noso medio de comunicaci\u00f3n fai de maneira bienal unha gala de entrega de premios na que procuramos reco\u00f1ecer o compromiso con este pa\u00eds, o talento, a xenerosidade, e calquera tipo de m\u00e9rito que incida positivamente no ben com\u00fan. O pasado mes de febreiro celebramos a V edici\u00f3n da nosa gala, e como sempre, antes de decidir as persoas e colectivos premiados , xunt\u00e1monos todo o equipo que facemos ANP para decidir a quen reco\u00f1ecemos. En todas as ocasi\u00f3ns anteriores, e nesta tam\u00e9n, xorde un intenso debate pois hai propostas moi diversas, todas elas moi meritorias, e tratamos de acadar un consenso. Por\u00e9n, desta volta houbo un premio que se decidiu nun minuto: O premio \u201c Boa e Xenerosa \u201c da V Gala de entrega de premios A Nova Peneira foi para Carme N\u00fa\u00f1ez M\u00e9ndez. Ela foi a primeira persoa proposta e o si foi un\u00e1nime. E foino porque Carme \u00e9, en verdade, boa e xenerosa, al\u00e9n de brillante. Estou convencido de que se ten a oportunidade de ser alcaldesa, ser\u00e1 capaz de facerse un oco na historia das milenarias pedras da antiga capital de Galicia.<\/p>\n\n\n\n<h2 class=\"wp-block-heading\">\u201c<strong>Este goberno parece que a\u00ednda non se deu de conta de que est\u00e1 en minor\u00eda. Carece de vontade de consenso\u201d<\/strong><\/h2>\n\n\n\n<p><strong>Esta \u00e9 a primeira vez que conversamos este ano e penso, Carme, <\/strong><strong>que \u00e9 obrigado iniciar a entrevista honrando a memoria do voso compa\u00f1eiro \u201cTato\u201d<\/strong><\/p>\n\n\n\n<blockquote class=\"wp-block-quote is-layout-flow wp-block-quote-is-layout-flow\">\n<p>Eu estou encantada de honrar a s\u00faa memoria unha e mil veces. Tato era unha desas persoas que \u00e1s veces nos cruzamos no cami\u00f1o da vida que fan mellor \u00e1 humanidade. Era un home bo e xeneroso, sempre estaba cando se lle necesitaba, e foi un compa\u00f1eiro excelente. Foi o m\u00e1is leal dos compa\u00f1eiros. A \u00e9poca na que ambos formamos parte do goberno foi emocionalmente moi dura, e puiden levala grazas \u00e1 s\u00faa amabilidade, bondade e xenerosidade. A s\u00faa morte foi terrible para o BNG, e a s\u00faa pegada sempre, absolutamente sempre, vai estar no meu coraz\u00f3n.<\/p>\n<\/blockquote>\n\n\n\n<p><strong>Quen o substitu\u00edu na corporaci\u00f3n<\/strong><strong>?<\/strong><\/p>\n\n\n\n<blockquote class=\"wp-block-quote is-layout-flow wp-block-quote-is-layout-flow\">\n<p>O noso compa\u00f1eiro Ernesto. Seguimos sendo 4 persoas: Ernesto, \u00c1nxela,Josu\u00e9 e eu mesma.<\/p>\n<\/blockquote>\n\n\n\n<p><strong>No concello de Tui hai unha clara maior\u00eda de esquerdas, 6 o PSOE e 4 v\u00f3s, fronte aos 7 asentos que ten a dereita, 6 o PP e 1 Converxencia. Por\u00e9n goberna o PSOE en minor\u00eda<\/strong><strong>. Non <\/strong><strong>houbo<\/strong><strong> negociaci\u00f3ns para intentar formar goberno?<\/strong><\/p>\n\n\n\n<blockquote class=\"wp-block-quote is-layout-flow wp-block-quote-is-layout-flow\">\n<p>Si, si que as houbo. E n\u00f3s puxemos todo da nosa parte para tratar de pechar un pacto. Pero non puidemos chegar a ning\u00fan acordo por dous puntos do noso programa moi importantes para n\u00f3s, e nos que o PSOE non se quixo mover nin un mil\u00edmetro.<\/p>\n<\/blockquote>\n\n\n\n<p><strong>Cales eran eses puntos<\/strong><\/p>\n\n\n\n<blockquote class=\"wp-block-quote is-layout-flow wp-block-quote-is-layout-flow\">\n<p>A apertura da R\u00faa Ourense e o aparcadoiro soterrado. Decidimos non entrar no goberno por eses dous motivos.<\/p>\n<\/blockquote>\n\n\n\n<p><strong>E<\/strong><strong>ses dous temas<\/strong><strong>eran<\/strong><strong> li\u00f1a<\/strong><strong>s<\/strong><strong> vermella<\/strong><strong>s<\/strong><strong> para v\u00f3s?<\/strong><\/p>\n\n\n\n<blockquote class=\"wp-block-quote is-layout-flow wp-block-quote-is-layout-flow\">\n<p>Exacto, si que o eran.<\/p>\n<\/blockquote>\n\n\n\n<p><strong>V\u00f3s considerades que non se deber\u00eda de abrir a R\u00faa Ourense?<\/strong><\/p>\n\n\n\n<blockquote class=\"wp-block-quote is-layout-flow wp-block-quote-is-layout-flow\">\n<p>Non, non \u00e9 necesario. E non s\u00f3 iso, sen\u00f3n que \u00e9, ao noso xu\u00edzo, prexudicial para Tui, tanto no urbanismo no seu conxunto, como no estado no que deixa o tr\u00e1fico. Cambia totalmente o urbanismo. Non te\u00f1en organizado o tr\u00e1fico, nin saben como se van a dirixir as r\u00faas. A apertura da r\u00faa custa unha barbaridade de cartos e posiblemente haxa que modificar. Planif\u00edcase unha rotonda na R\u00faa Ourense cunha entrada que \u00e9 estreita que se pasa un autob\u00fas vai ter que invadir o carril contrario. O proxecto tampouco leva arborado, est\u00e1n convertendo a Tui no para\u00edso do cemento. En definitiva: O urbanismo de Tui vai en direcci\u00f3n contraria \u00e1 do sentido com\u00fan e ao urbanismo das cidades m\u00e1is avanzadas de Europa<\/p>\n<\/blockquote>\n\n\n\n<p><strong>No<\/strong><strong> outro punto <\/strong><strong>no que discrepabades;<\/strong><strong> o do aparcadoiro soterrado, si que cedeu o PSOE?<\/strong><\/p>\n\n\n\n<blockquote class=\"wp-block-quote is-layout-flow wp-block-quote-is-layout-flow\">\n<p>Si, pero non cedeu por convencemento. F\u00edxoo polo incremento do custe, que non era asumible para o Concello. Xa ti\u00f1an un acordo cunha empresa, ti\u00f1an a obra licitada, e o concello volveuse atr\u00e1s polo substancial incremento do prezo, e agora te\u00f1en que darlle a esta empresa unha indemnizaci\u00f3n de 200.000\u20ac, que incluso pode que sexa maior. A\u00ednda con isto o equipo de goberno segue coa idea de facer o aparcadoiro soterrado.<\/p>\n<\/blockquote>\n\n\n\n<p><strong>Com<\/strong><strong>o est\u00e1 sendo a oposici\u00f3n que estades <\/strong><strong>desenvolvendo<\/strong><strong>?<\/strong><\/p>\n\n\n\n<blockquote class=\"wp-block-quote is-layout-flow wp-block-quote-is-layout-flow\">\n<p>N\u00f3s facemos unha oposici\u00f3n en positivo, con propostas para mellorar a vida da veci\u00f1anza. Se baixamos \u00e1 realidade dos feitos podemos ver como asinamos dous grandes acordos co goberno.<\/p>\n<\/blockquote>\n\n\n\n<p><strong>Expl\u00edcanos o primeiro?<\/strong><\/p>\n\n\n\n<blockquote class=\"wp-block-quote is-layout-flow wp-block-quote-is-layout-flow\">\n<p>En xullo do 2023 votamos a favor de 5 dedicaci\u00f3ns exclusivas para os membros do goberno a cambio de catro puntos:<\/p>\n<\/blockquote>\n\n\n\n<blockquote class=\"wp-block-quote is-layout-flow wp-block-quote-is-layout-flow\">\n<p>-Dedicar o edificio Camilo Jos\u00e9 Cela para a polic\u00eda local.<\/p>\n\n\n\n<p>-O edificio Cam-Fram ser\u00eda para as asociaci\u00f3ns culturais e para a mocidade.<\/p>\n\n\n\n<p>-Po\u00f1er en marcha un estudo nas parroquias para tratar de montar un transporte circular.<\/p>\n\n\n\n<p>-Unificar a alameda cuns terreos pr\u00f3ximos que est\u00e1n abandonados, e se poder\u00edan conseguir a un prezo razoable para o uso de toda a veci\u00f1anza<\/p>\n\n\n\n<p><strong>O resultado do acordo?<\/strong><\/p>\n<\/blockquote>\n\n\n\n<blockquote class=\"wp-block-quote is-layout-flow wp-block-quote-is-layout-flow\">\n<p>O goberno incumpriu todos os puntos.<\/p>\n<\/blockquote>\n\n\n\n<p><strong>Expl\u00edcanos o segundo acordo?<\/strong><\/p>\n\n\n\n<blockquote class=\"wp-block-quote is-layout-flow wp-block-quote-is-layout-flow\">\n<p>Un ano despois, sen ning\u00fan avance nestes puntos, volv\u00e9ronos a chamar para votar a favor dos orzamentos. Entendemos que era importante que se aprobaran porque hab\u00eda cuesti\u00f3ns relevantes para Tui. D\u00e9moslle o si aos orzamentos, a cambio de impulsar os catro puntos do acordo anterior.<\/p>\n<\/blockquote>\n\n\n\n<p><strong>A\u00ednda non se fixera nada?<\/strong><\/p>\n\n\n\n<blockquote class=\"wp-block-quote is-layout-flow wp-block-quote-is-layout-flow\">\n<p>Non, houbo un par de reuni\u00f3ns pero nada en concreto e nada efectivo. Neste pacto, a maiores do anterior acordamos ampliar os terreos do CEIP N\u00famero 1, que est\u00e1n en tramitaci\u00f3n, arranxar os parques infant\u00eds de Malvas, Pexegueiro e Monti\u00f1o. E un \u00faltimo punto que \u00e9 facer un plan de mellora do arborado urbano e de zonas verdes comezando no pol\u00edgono de Areas.<\/p>\n<\/blockquote>\n\n\n\n<p><strong>Este pacto est\u00e1 asinado desde agosto do 2024 .<\/strong><strong>Materializouse alg\u00fan dos puntos do acordo<\/strong><strong>?<\/strong><\/p>\n\n\n\n<blockquote class=\"wp-block-quote is-layout-flow wp-block-quote-is-layout-flow\">\n<p>O alcalde xa dixo en prensa que non vai rehabilitar o edificio Camilo Jos\u00e9 Cela porque \u00e9 moi custoso. Este edificio xa o estaban rehabilitando cando firmamos o pacto pero para uso de asociaci\u00f3ns porque lles concederon unha achega e non poden cambiar o seu uso. Xa o sab\u00edan cando asinaron o pacto con n\u00f3s.<\/p>\n<\/blockquote>\n\n\n\n<blockquote class=\"wp-block-quote is-layout-flow wp-block-quote-is-layout-flow\">\n<p>O do transporte p\u00fablico das parroquias tam\u00e9n comunicou que \u00e9 inviable, e no tema das fincas houbo algunha reuni\u00f3n pero non se avanzou nada.<\/p>\n<\/blockquote>\n\n\n\n<blockquote class=\"wp-block-quote is-layout-flow wp-block-quote-is-layout-flow\">\n<p>Sentimos que nos tomaron o pelo claramente. Gobernan, te\u00f1en dedicaci\u00f3ns exclusivas e non fixeron absolutamente nada do que pactaron con n\u00f3s. Pod\u00edan non firmalos, pois n\u00f3s estabamos dispostos a negociar outros puntos, pero asinaron e se comprometeron.<\/p>\n<\/blockquote>\n\n\n\n<p><strong>Incumpriron os pactos d\u00faas veces. Isto provocou alg\u00fan tipo de reacci\u00f3n pola vosa parte?<\/strong><\/p>\n\n\n\n<blockquote class=\"wp-block-quote is-layout-flow wp-block-quote-is-layout-flow\">\n<p>Xa decidimos que non imos a negociar absolutamente nada m\u00e1is ata que cumpran os puntos asinados.<\/p>\n<\/blockquote>\n\n\n\n<p><strong>Hai alg\u00fan indicio de que os van cumprir?<\/strong><\/p>\n\n\n\n<blockquote class=\"wp-block-quote is-layout-flow wp-block-quote-is-layout-flow\">\n<p>Non, que va. Por isto non vamos a negociar nada m\u00e1is e votaremos segundo consideremos.<\/p>\n<\/blockquote>\n\n\n\n<p><strong>Estades nesa fase?<\/strong><\/p>\n\n\n\n<blockquote class=\"wp-block-quote is-layout-flow wp-block-quote-is-layout-flow\">\n<p>Si.<\/p>\n<\/blockquote>\n\n\n\n<p><strong>Se non contan co voso apoio <\/strong><strong>a verdade <\/strong><strong>t\u00e9\u00f1eno moi complicado para gobernar.<\/strong><\/p>\n\n\n\n<blockquote class=\"wp-block-quote is-layout-flow wp-block-quote-is-layout-flow\">\n<p>Est\u00e1n en minor\u00eda pero parece que non se dan de conta. Este equipo de goberno non est\u00e1 para nada polo consenso e levan asuntos aos plenos sen negociar absolutamente nada. Penso que hai pouco compromiso para buscar soluci\u00f3ns acordadas entre todos, e gobernando en minor\u00eda non te\u00f1en intenci\u00f3n de chegar a acordos con ningu\u00e9n.<\/p>\n<\/blockquote>\n\n\n\n<p><strong>Enrique Cabaleiro non \u00e9 de fiar?<\/strong><\/p>\n\n\n\n<blockquote class=\"wp-block-quote is-layout-flow wp-block-quote-is-layout-flow\">\n<p>\u00c1s probas me remito, te\u00f1en un pacto asinado que non cumpren.<\/p>\n<\/blockquote>\n\n\n\n<p><strong>Outra cuesti\u00f3n da que fixestes forza foi pola campa\u00f1a de ascensor no instituto, como est\u00e1 este tema?<\/strong><\/p>\n\n\n\n<blockquote class=\"wp-block-quote is-layout-flow wp-block-quote-is-layout-flow\">\n<p>\u00c9 o instituto de San Paio, levan desde novembro sen ascensor porque se avariou e era moi custoso arranxalo. Sexa o custe que sexa hai que arranxalo, tanto pais e nais como profesores fixeron moitas protestas. Isto depende da conseller\u00eda e levouse unha moci\u00f3n ao Parlamento de Galicia. N\u00f3s desde aqu\u00ed apoiamos as concentraci\u00f3ns que fac\u00edan todos os xoves a comunidade educativa.<\/p>\n<\/blockquote>\n\n\n\n<p><strong>Hai alg\u00fan mozo ou moza con mobilidade reducida?<\/strong><\/p>\n\n\n\n<blockquote class=\"wp-block-quote is-layout-flow wp-block-quote-is-layout-flow\">\n<p>Hab\u00eda un par de rapazas con muletas, unha profesora en cadeira de rodas e o persoal de limpeza que ti\u00f1a que subir os cubos polas escaleiras.<\/p>\n<\/blockquote>\n\n\n\n<p><strong>Outra cuesti\u00f3n \u00e9 a xesti\u00f3n do tr\u00e1fico, sempre dis que \u00e9 moi deficiente a s\u00faa xesti\u00f3n, \u00e9 as\u00ed?<\/strong><\/p>\n\n\n\n<blockquote class=\"wp-block-quote is-layout-flow wp-block-quote-is-layout-flow\">\n<p>Si, por desgraza \u00e9 as\u00ed. O problema \u00e9 que non hai ningunha planificaci\u00f3n. Neste mandato estanse investindo moit\u00edsimos cartos, pero case todo no casco urbano e non fan planificaci\u00f3n para o futuro. Un exemplo: Non se pode abrir a r\u00faa Ourense sen saber onde se vai emprazar o aparcadoiro. Non hai ning\u00fan estudo de direcci\u00f3ns \u00fanicas, o que se fai \u00e9 suprimir prazas de aparcamento humanizando r\u00faas secundarias sen un plan de acci\u00f3n nin planificaci\u00f3n.<\/p>\n<\/blockquote>\n\n\n\n<p><strong>Carme, o BNG segue pensando que o mercado non est\u00e1 ben onde est\u00e1?<\/strong><\/p>\n\n\n\n<blockquote class=\"wp-block-quote is-layout-flow wp-block-quote-is-layout-flow\">\n<p>Estou convencida de que non est\u00e1 ben onde est\u00e1.<\/p>\n<\/blockquote>\n\n\n\n<p><strong>Por que?<\/strong><\/p>\n\n\n\n<blockquote class=\"wp-block-quote is-layout-flow wp-block-quote-is-layout-flow\">\n<p>Porque no casco vello dinamizaba o comercio local e a hostaler\u00eda da zona. Agora est\u00e1 practicamente agonizando. Hai moitas queixas do comercio local.<\/p>\n<\/blockquote>\n\n\n\n<p><strong>Desde o BNG formular\u00edas a hip\u00f3tese de volver a trasladalo ao casco vello?<\/strong><\/p>\n\n\n\n<blockquote class=\"wp-block-quote is-layout-flow wp-block-quote-is-layout-flow\">\n<p>Si, de feito foi a nosa proposta nas \u00faltimas elecci\u00f3ns.<\/p>\n<\/blockquote>\n\n\n\n<p><strong>Que expectativas tes para estes dous anos que quedan antes das vindeiras elecci\u00f3n do 27, tanto de acci\u00f3n de goberno como de acci\u00f3n de oposici\u00f3n?<\/strong><\/p>\n\n\n\n<blockquote class=\"wp-block-quote is-layout-flow wp-block-quote-is-layout-flow\">\n<p>Imos a seguir facendo a oposici\u00f3n como ata agora, en positivo e levando os problemas de Tui ao parlamento galego. Levamos o arranxo das estradas de Caldelas ou Ribadelouro. Levamos a petici\u00f3n para que o auditorio pase a mans da Xunta de Galicia. Este gasto \u00e9 moi importante para o Concello e dif\u00edcil de asumir. Seguiremos trasladando as necesidades que consideremos relevantes e traballando para intentar solucionalas onde sexa como o tema de transporte ferroviario, por exemplo.<\/p>\n<\/blockquote>\n\n\n\n<blockquote class=\"wp-block-quote is-layout-flow wp-block-quote-is-layout-flow\">\n<p>Sobre a acci\u00f3n do goberno penso que pouco m\u00e1is van dar. Van sobrevivir estes dous anos como poidan e rematar as obras que comezaron, pero entendo que non van solucionar problemas como o do aparcadoiro. Penso que nas vindeiras elecci\u00f3ns seguiremos falando disto. Desde que entrei en pol\u00edtica no ano 2015 nunca deixamos de falar deste tema.<\/p>\n<\/blockquote>\n\n\n\n<p><strong>Ao teu xu\u00edzo<\/strong><strong> Enrique Cabaleiro vaise volver presentar as vindeiras elecci\u00f3ns?<\/strong><\/p>\n\n\n\n<blockquote class=\"wp-block-quote is-layout-flow wp-block-quote-is-layout-flow\">\n<p>Non o sei.<\/p>\n<\/blockquote>\n\n\n\n<p><strong>M\u00edralo cansado?<\/strong><\/p>\n\n\n\n<blockquote class=\"wp-block-quote is-layout-flow wp-block-quote-is-layout-flow\">\n<p>Non , m\u00edroo ben.<\/p>\n<\/blockquote>\n\n\n\n<p><strong>Como est\u00e1s ti Carme?<\/strong><\/p>\n\n\n\n<blockquote class=\"wp-block-quote is-layout-flow wp-block-quote-is-layout-flow\">\n<p>Moi ben, moi ilusionada. Para min \u00e9 moi importante o ben que funciona e o apoio que te\u00f1o do consello local. Temos as tarefas divididas, reun\u00edmonos coas parroquias, cos veci\u00f1os. Facemos un traballo constante e moi activo.<\/p>\n<\/blockquote>\n\n\n\n<p><strong>Notades que a sociedade vos responde?<\/strong><\/p>\n\n\n\n<blockquote class=\"wp-block-quote is-layout-flow wp-block-quote-is-layout-flow\">\n<p>Non sei que pasar\u00e1 nas elecci\u00f3ns, pero si que noto que a onda de simpat\u00eda que recibe o BNG dos nosos veci\u00f1os e veci\u00f1as \u00e9 cada vez maior.<\/p>\n<\/blockquote>\n\n\n\n<p><strong>Ti, vas ser novamente a candidata do BNG nas elecci\u00f3ns do 27<\/strong><strong>?<\/strong><\/p>\n\n\n\n<blockquote class=\"wp-block-quote is-layout-flow wp-block-quote-is-layout-flow\">\n<p>Eu son militante do BNG, e as candidaturas do BNG dec\u00eddeas a militancia do BNG. Son unha militante do BNG leal e respectuosa coa vontade das maior\u00edas, e o meu lugar nesta organizaci\u00f3n ser\u00e1 sempre no que me sit\u00faen os meus compa\u00f1eiros e compa\u00f1eiras. O que si podo asegurar con certeza \u00e9 que estea no lugar que estea vou tratar de dignificar a pr\u00e1ctica pol\u00edtica para que o exemplo e a memoria de persoas como o noso compa\u00f1eiro Tato sexan semente de liberdade, igualdade , compromiso e xustiza social.<\/p>\n<\/blockquote>\n","protected":false},"excerpt":{"rendered":"<div class=\"mh-excerpt\"><p>Como cada ano facemos unha radiograf\u00eda da situaci\u00f3n pol\u00edtica de Tui falando con alg\u00fans representantes das forzas pol\u00edticas tudenses. Desta volta comezamos conversando con Carme N\u00fa\u00f1ez, a voceira do BNG. Xa falei moitas veces con Carme e tam\u00e9n moitas veces de Carme,e nesta ocasi\u00f3n s\u00f3 me vou referir a unha cuesti\u00f3n <a class=\"mh-excerpt-more\" href=\"https:\/\/www.anovapeneira.gal\/index.php\/2025\/06\/02\/carme-nunez-mendez-voceira-do-bng-de-tui\/\" title=\"Carme N\u00fa\u00f1ez M\u00e9ndez, voceira do BNG de Tui\">[&#8230;]<\/a><\/p>\n<\/div>","protected":false},"author":2,"featured_media":13983,"comment_status":"open","ping_status":"open","sticky":false,"template":"","format":"standard","meta":{"_exactmetrics_skip_tracking":false,"_exactmetrics_sitenote_active":false,"_exactmetrics_sitenote_note":"","_exactmetrics_sitenote_category":0,"footnotes":""},"categories":[21],"tags":[426],"class_list":{"0":"post-13982","1":"post","2":"type-post","3":"status-publish","4":"format-standard","5":"has-post-thumbnail","7":"category-baixo-mino","8":"tag-concello-de-tui"},"yoast_head":"<!-- This site is optimized with the Yoast SEO plugin v27.4 - https:\/\/yoast.com\/product\/yoast-seo-wordpress\/ -->\n<title>Carme N\u00fa\u00f1ez M\u00e9ndez, voceira do BNG de Tui -<\/title>\n<meta name=\"robots\" content=\"index, follow, max-snippet:-1, max-image-preview:large, max-video-preview:-1\" \/>\n<link rel=\"canonical\" href=\"https:\/\/www.anovapeneira.gal\/index.php\/2025\/06\/02\/carme-nunez-mendez-voceira-do-bng-de-tui\/\" \/>\n<meta property=\"og:locale\" content=\"gl_ES\" \/>\n<meta property=\"og:type\" content=\"article\" \/>\n<meta property=\"og:title\" content=\"Carme N\u00fa\u00f1ez M\u00e9ndez, voceira do BNG de Tui -\" \/>\n<meta property=\"og:description\" content=\"Como cada ano facemos unha radiograf\u00eda da situaci\u00f3n pol\u00edtica de Tui falando con alg\u00fans representantes das forzas pol\u00edticas tudenses. Desta volta comezamos conversando con Carme N\u00fa\u00f1ez, a voceira do BNG. Xa falei moitas veces con Carme e tam\u00e9n moitas veces de Carme,e nesta ocasi\u00f3n s\u00f3 me vou referir a unha cuesti\u00f3n [...]\" \/>\n<meta property=\"og:url\" content=\"https:\/\/www.anovapeneira.gal\/index.php\/2025\/06\/02\/carme-nunez-mendez-voceira-do-bng-de-tui\/\" \/>\n<meta property=\"article:publisher\" content=\"https:\/\/www.facebook.com\/anovapeneira\" \/>\n<meta property=\"article:published_time\" content=\"2025-06-02T08:00:52+00:00\" \/>\n<meta property=\"og:image\" content=\"https:\/\/www.anovapeneira.gal\/wp-content\/uploads\/2025\/05\/carme_nunez.webp\" \/>\n\t<meta property=\"og:image:width\" content=\"720\" \/>\n\t<meta property=\"og:image:height\" content=\"432\" \/>\n\t<meta property=\"og:image:type\" content=\"image\/webp\" \/>\n<meta name=\"author\" content=\"Tino Lago\" \/>\n<meta name=\"twitter:card\" content=\"summary_large_image\" \/>\n<meta name=\"twitter:creator\" content=\"@APeneira\" \/>\n<meta name=\"twitter:site\" content=\"@APeneira\" \/>\n<meta name=\"twitter:label1\" content=\"Escrito por\" \/>\n\t<meta name=\"twitter:data1\" content=\"Tino Lago\" \/>\n\t<meta name=\"twitter:label2\" content=\"Tempo de lectura\" \/>\n\t<meta name=\"twitter:data2\" content=\"4 minutos\" \/>\n<script type=\"application\/ld+json\" class=\"yoast-schema-graph\">{\"@context\":\"https:\\\/\\\/schema.org\",\"@graph\":[{\"@type\":\"Article\",\"@id\":\"https:\\\/\\\/www.anovapeneira.gal\\\/index.php\\\/2025\\\/06\\\/02\\\/carme-nunez-mendez-voceira-do-bng-de-tui\\\/#article\",\"isPartOf\":{\"@id\":\"https:\\\/\\\/www.anovapeneira.gal\\\/index.php\\\/2025\\\/06\\\/02\\\/carme-nunez-mendez-voceira-do-bng-de-tui\\\/\"},\"author\":{\"name\":\"Tino Lago\",\"@id\":\"https:\\\/\\\/www.anovapeneira.gal\\\/#\\\/schema\\\/person\\\/424dfe65e3070fd8a44d22d2c088762a\"},\"headline\":\"Carme N\u00fa\u00f1ez M\u00e9ndez, voceira do BNG de Tui\",\"datePublished\":\"2025-06-02T08:00:52+00:00\",\"mainEntityOfPage\":{\"@id\":\"https:\\\/\\\/www.anovapeneira.gal\\\/index.php\\\/2025\\\/06\\\/02\\\/carme-nunez-mendez-voceira-do-bng-de-tui\\\/\"},\"wordCount\":2064,\"commentCount\":0,\"publisher\":{\"@id\":\"https:\\\/\\\/www.anovapeneira.gal\\\/#organization\"},\"image\":{\"@id\":\"https:\\\/\\\/www.anovapeneira.gal\\\/index.php\\\/2025\\\/06\\\/02\\\/carme-nunez-mendez-voceira-do-bng-de-tui\\\/#primaryimage\"},\"thumbnailUrl\":\"https:\\\/\\\/www.anovapeneira.gal\\\/wp-content\\\/uploads\\\/2025\\\/05\\\/carme_nunez.webp\",\"keywords\":[\"Concello de Tui\"],\"articleSection\":[\"Baixo Mi\u00f1o\"],\"inLanguage\":\"gl-ES\",\"potentialAction\":[{\"@type\":\"CommentAction\",\"name\":\"Comment\",\"target\":[\"https:\\\/\\\/www.anovapeneira.gal\\\/index.php\\\/2025\\\/06\\\/02\\\/carme-nunez-mendez-voceira-do-bng-de-tui\\\/#respond\"]}]},{\"@type\":\"WebPage\",\"@id\":\"https:\\\/\\\/www.anovapeneira.gal\\\/index.php\\\/2025\\\/06\\\/02\\\/carme-nunez-mendez-voceira-do-bng-de-tui\\\/\",\"url\":\"https:\\\/\\\/www.anovapeneira.gal\\\/index.php\\\/2025\\\/06\\\/02\\\/carme-nunez-mendez-voceira-do-bng-de-tui\\\/\",\"name\":\"Carme N\u00fa\u00f1ez M\u00e9ndez, voceira do BNG de Tui -\",\"isPartOf\":{\"@id\":\"https:\\\/\\\/www.anovapeneira.gal\\\/#website\"},\"primaryImageOfPage\":{\"@id\":\"https:\\\/\\\/www.anovapeneira.gal\\\/index.php\\\/2025\\\/06\\\/02\\\/carme-nunez-mendez-voceira-do-bng-de-tui\\\/#primaryimage\"},\"image\":{\"@id\":\"https:\\\/\\\/www.anovapeneira.gal\\\/index.php\\\/2025\\\/06\\\/02\\\/carme-nunez-mendez-voceira-do-bng-de-tui\\\/#primaryimage\"},\"thumbnailUrl\":\"https:\\\/\\\/www.anovapeneira.gal\\\/wp-content\\\/uploads\\\/2025\\\/05\\\/carme_nunez.webp\",\"datePublished\":\"2025-06-02T08:00:52+00:00\",\"breadcrumb\":{\"@id\":\"https:\\\/\\\/www.anovapeneira.gal\\\/index.php\\\/2025\\\/06\\\/02\\\/carme-nunez-mendez-voceira-do-bng-de-tui\\\/#breadcrumb\"},\"inLanguage\":\"gl-ES\",\"potentialAction\":[{\"@type\":\"ReadAction\",\"target\":[\"https:\\\/\\\/www.anovapeneira.gal\\\/index.php\\\/2025\\\/06\\\/02\\\/carme-nunez-mendez-voceira-do-bng-de-tui\\\/\"]}]},{\"@type\":\"ImageObject\",\"inLanguage\":\"gl-ES\",\"@id\":\"https:\\\/\\\/www.anovapeneira.gal\\\/index.php\\\/2025\\\/06\\\/02\\\/carme-nunez-mendez-voceira-do-bng-de-tui\\\/#primaryimage\",\"url\":\"https:\\\/\\\/www.anovapeneira.gal\\\/wp-content\\\/uploads\\\/2025\\\/05\\\/carme_nunez.webp\",\"contentUrl\":\"https:\\\/\\\/www.anovapeneira.gal\\\/wp-content\\\/uploads\\\/2025\\\/05\\\/carme_nunez.webp\",\"width\":720,\"height\":432,\"caption\":\"Carme Nu\u00f1ez\"},{\"@type\":\"BreadcrumbList\",\"@id\":\"https:\\\/\\\/www.anovapeneira.gal\\\/index.php\\\/2025\\\/06\\\/02\\\/carme-nunez-mendez-voceira-do-bng-de-tui\\\/#breadcrumb\",\"itemListElement\":[{\"@type\":\"ListItem\",\"position\":1,\"name\":\"Portada\",\"item\":\"https:\\\/\\\/www.anovapeneira.gal\\\/\"},{\"@type\":\"ListItem\",\"position\":2,\"name\":\"Carme N\u00fa\u00f1ez M\u00e9ndez, voceira do BNG de Tui\"}]},{\"@type\":\"WebSite\",\"@id\":\"https:\\\/\\\/www.anovapeneira.gal\\\/#website\",\"url\":\"https:\\\/\\\/www.anovapeneira.gal\\\/\",\"name\":\"\",\"description\":\"Xornal galego de informaci\u00f3n xeral Publicaci\u00f3n mensual de novas de Galicia e en especial dos Concellos da sur da provincia de Pontevedra.\",\"publisher\":{\"@id\":\"https:\\\/\\\/www.anovapeneira.gal\\\/#organization\"},\"potentialAction\":[{\"@type\":\"SearchAction\",\"target\":{\"@type\":\"EntryPoint\",\"urlTemplate\":\"https:\\\/\\\/www.anovapeneira.gal\\\/?s={search_term_string}\"},\"query-input\":{\"@type\":\"PropertyValueSpecification\",\"valueRequired\":true,\"valueName\":\"search_term_string\"}}],\"inLanguage\":\"gl-ES\"},{\"@type\":\"Organization\",\"@id\":\"https:\\\/\\\/www.anovapeneira.gal\\\/#organization\",\"name\":\"A Nova Peneira\",\"url\":\"https:\\\/\\\/www.anovapeneira.gal\\\/\",\"logo\":{\"@type\":\"ImageObject\",\"inLanguage\":\"gl-ES\",\"@id\":\"https:\\\/\\\/www.anovapeneira.gal\\\/#\\\/schema\\\/logo\\\/image\\\/\",\"url\":\"http:\\\/\\\/www.anovapeneira.gal\\\/wp-content\\\/uploads\\\/2019\\\/06\\\/logo_a_nova_peneira_portal_web.png\",\"contentUrl\":\"http:\\\/\\\/www.anovapeneira.gal\\\/wp-content\\\/uploads\\\/2019\\\/06\\\/logo_a_nova_peneira_portal_web.png\",\"width\":300,\"height\":100,\"caption\":\"A Nova Peneira\"},\"image\":{\"@id\":\"https:\\\/\\\/www.anovapeneira.gal\\\/#\\\/schema\\\/logo\\\/image\\\/\"},\"sameAs\":[\"https:\\\/\\\/www.facebook.com\\\/anovapeneira\",\"https:\\\/\\\/x.com\\\/APeneira\"]},{\"@type\":\"Person\",\"@id\":\"https:\\\/\\\/www.anovapeneira.gal\\\/#\\\/schema\\\/person\\\/424dfe65e3070fd8a44d22d2c088762a\",\"name\":\"Tino Lago\",\"image\":{\"@type\":\"ImageObject\",\"inLanguage\":\"gl-ES\",\"@id\":\"https:\\\/\\\/secure.gravatar.com\\\/avatar\\\/b3df6a06e44bab3111583b90f0f33a0379ee5e3d22cbadd232d39f21c30c62be?s=96&d=mm&r=g\",\"url\":\"https:\\\/\\\/secure.gravatar.com\\\/avatar\\\/b3df6a06e44bab3111583b90f0f33a0379ee5e3d22cbadd232d39f21c30c62be?s=96&d=mm&r=g\",\"contentUrl\":\"https:\\\/\\\/secure.gravatar.com\\\/avatar\\\/b3df6a06e44bab3111583b90f0f33a0379ee5e3d22cbadd232d39f21c30c62be?s=96&d=mm&r=g\",\"caption\":\"Tino Lago\"},\"sameAs\":[\"http:\\\/\\\/www.anovapeneira.gal\"],\"url\":\"https:\\\/\\\/www.anovapeneira.gal\\\/index.php\\\/author\\\/director\\\/\"}]}<\/script>\n<!-- \/ Yoast SEO plugin. -->","yoast_head_json":{"title":"Carme N\u00fa\u00f1ez M\u00e9ndez, voceira do BNG de Tui -","robots":{"index":"index","follow":"follow","max-snippet":"max-snippet:-1","max-image-preview":"max-image-preview:large","max-video-preview":"max-video-preview:-1"},"canonical":"https:\/\/www.anovapeneira.gal\/index.php\/2025\/06\/02\/carme-nunez-mendez-voceira-do-bng-de-tui\/","og_locale":"gl_ES","og_type":"article","og_title":"Carme N\u00fa\u00f1ez M\u00e9ndez, voceira do BNG de Tui -","og_description":"Como cada ano facemos unha radiograf\u00eda da situaci\u00f3n pol\u00edtica de Tui falando con alg\u00fans representantes das forzas pol\u00edticas tudenses. Desta volta comezamos conversando con Carme N\u00fa\u00f1ez, a voceira do BNG. Xa falei moitas veces con Carme e tam\u00e9n moitas veces de Carme,e nesta ocasi\u00f3n s\u00f3 me vou referir a unha cuesti\u00f3n [...]","og_url":"https:\/\/www.anovapeneira.gal\/index.php\/2025\/06\/02\/carme-nunez-mendez-voceira-do-bng-de-tui\/","article_publisher":"https:\/\/www.facebook.com\/anovapeneira","article_published_time":"2025-06-02T08:00:52+00:00","og_image":[{"width":720,"height":432,"url":"https:\/\/www.anovapeneira.gal\/wp-content\/uploads\/2025\/05\/carme_nunez.webp","type":"image\/webp"}],"author":"Tino Lago","twitter_card":"summary_large_image","twitter_creator":"@APeneira","twitter_site":"@APeneira","twitter_misc":{"Escrito por":"Tino Lago","Tempo de lectura":"4 minutos"},"schema":{"@context":"https:\/\/schema.org","@graph":[{"@type":"Article","@id":"https:\/\/www.anovapeneira.gal\/index.php\/2025\/06\/02\/carme-nunez-mendez-voceira-do-bng-de-tui\/#article","isPartOf":{"@id":"https:\/\/www.anovapeneira.gal\/index.php\/2025\/06\/02\/carme-nunez-mendez-voceira-do-bng-de-tui\/"},"author":{"name":"Tino Lago","@id":"https:\/\/www.anovapeneira.gal\/#\/schema\/person\/424dfe65e3070fd8a44d22d2c088762a"},"headline":"Carme N\u00fa\u00f1ez M\u00e9ndez, voceira do BNG de Tui","datePublished":"2025-06-02T08:00:52+00:00","mainEntityOfPage":{"@id":"https:\/\/www.anovapeneira.gal\/index.php\/2025\/06\/02\/carme-nunez-mendez-voceira-do-bng-de-tui\/"},"wordCount":2064,"commentCount":0,"publisher":{"@id":"https:\/\/www.anovapeneira.gal\/#organization"},"image":{"@id":"https:\/\/www.anovapeneira.gal\/index.php\/2025\/06\/02\/carme-nunez-mendez-voceira-do-bng-de-tui\/#primaryimage"},"thumbnailUrl":"https:\/\/www.anovapeneira.gal\/wp-content\/uploads\/2025\/05\/carme_nunez.webp","keywords":["Concello de Tui"],"articleSection":["Baixo Mi\u00f1o"],"inLanguage":"gl-ES","potentialAction":[{"@type":"CommentAction","name":"Comment","target":["https:\/\/www.anovapeneira.gal\/index.php\/2025\/06\/02\/carme-nunez-mendez-voceira-do-bng-de-tui\/#respond"]}]},{"@type":"WebPage","@id":"https:\/\/www.anovapeneira.gal\/index.php\/2025\/06\/02\/carme-nunez-mendez-voceira-do-bng-de-tui\/","url":"https:\/\/www.anovapeneira.gal\/index.php\/2025\/06\/02\/carme-nunez-mendez-voceira-do-bng-de-tui\/","name":"Carme N\u00fa\u00f1ez M\u00e9ndez, voceira do BNG de Tui -","isPartOf":{"@id":"https:\/\/www.anovapeneira.gal\/#website"},"primaryImageOfPage":{"@id":"https:\/\/www.anovapeneira.gal\/index.php\/2025\/06\/02\/carme-nunez-mendez-voceira-do-bng-de-tui\/#primaryimage"},"image":{"@id":"https:\/\/www.anovapeneira.gal\/index.php\/2025\/06\/02\/carme-nunez-mendez-voceira-do-bng-de-tui\/#primaryimage"},"thumbnailUrl":"https:\/\/www.anovapeneira.gal\/wp-content\/uploads\/2025\/05\/carme_nunez.webp","datePublished":"2025-06-02T08:00:52+00:00","breadcrumb":{"@id":"https:\/\/www.anovapeneira.gal\/index.php\/2025\/06\/02\/carme-nunez-mendez-voceira-do-bng-de-tui\/#breadcrumb"},"inLanguage":"gl-ES","potentialAction":[{"@type":"ReadAction","target":["https:\/\/www.anovapeneira.gal\/index.php\/2025\/06\/02\/carme-nunez-mendez-voceira-do-bng-de-tui\/"]}]},{"@type":"ImageObject","inLanguage":"gl-ES","@id":"https:\/\/www.anovapeneira.gal\/index.php\/2025\/06\/02\/carme-nunez-mendez-voceira-do-bng-de-tui\/#primaryimage","url":"https:\/\/www.anovapeneira.gal\/wp-content\/uploads\/2025\/05\/carme_nunez.webp","contentUrl":"https:\/\/www.anovapeneira.gal\/wp-content\/uploads\/2025\/05\/carme_nunez.webp","width":720,"height":432,"caption":"Carme Nu\u00f1ez"},{"@type":"BreadcrumbList","@id":"https:\/\/www.anovapeneira.gal\/index.php\/2025\/06\/02\/carme-nunez-mendez-voceira-do-bng-de-tui\/#breadcrumb","itemListElement":[{"@type":"ListItem","position":1,"name":"Portada","item":"https:\/\/www.anovapeneira.gal\/"},{"@type":"ListItem","position":2,"name":"Carme N\u00fa\u00f1ez M\u00e9ndez, voceira do BNG de Tui"}]},{"@type":"WebSite","@id":"https:\/\/www.anovapeneira.gal\/#website","url":"https:\/\/www.anovapeneira.gal\/","name":"","description":"Xornal galego de informaci\u00f3n xeral Publicaci\u00f3n mensual de novas de Galicia e en especial dos Concellos da sur da provincia de Pontevedra.","publisher":{"@id":"https:\/\/www.anovapeneira.gal\/#organization"},"potentialAction":[{"@type":"SearchAction","target":{"@type":"EntryPoint","urlTemplate":"https:\/\/www.anovapeneira.gal\/?s={search_term_string}"},"query-input":{"@type":"PropertyValueSpecification","valueRequired":true,"valueName":"search_term_string"}}],"inLanguage":"gl-ES"},{"@type":"Organization","@id":"https:\/\/www.anovapeneira.gal\/#organization","name":"A Nova Peneira","url":"https:\/\/www.anovapeneira.gal\/","logo":{"@type":"ImageObject","inLanguage":"gl-ES","@id":"https:\/\/www.anovapeneira.gal\/#\/schema\/logo\/image\/","url":"http:\/\/www.anovapeneira.gal\/wp-content\/uploads\/2019\/06\/logo_a_nova_peneira_portal_web.png","contentUrl":"http:\/\/www.anovapeneira.gal\/wp-content\/uploads\/2019\/06\/logo_a_nova_peneira_portal_web.png","width":300,"height":100,"caption":"A Nova Peneira"},"image":{"@id":"https:\/\/www.anovapeneira.gal\/#\/schema\/logo\/image\/"},"sameAs":["https:\/\/www.facebook.com\/anovapeneira","https:\/\/x.com\/APeneira"]},{"@type":"Person","@id":"https:\/\/www.anovapeneira.gal\/#\/schema\/person\/424dfe65e3070fd8a44d22d2c088762a","name":"Tino Lago","image":{"@type":"ImageObject","inLanguage":"gl-ES","@id":"https:\/\/secure.gravatar.com\/avatar\/b3df6a06e44bab3111583b90f0f33a0379ee5e3d22cbadd232d39f21c30c62be?s=96&d=mm&r=g","url":"https:\/\/secure.gravatar.com\/avatar\/b3df6a06e44bab3111583b90f0f33a0379ee5e3d22cbadd232d39f21c30c62be?s=96&d=mm&r=g","contentUrl":"https:\/\/secure.gravatar.com\/avatar\/b3df6a06e44bab3111583b90f0f33a0379ee5e3d22cbadd232d39f21c30c62be?s=96&d=mm&r=g","caption":"Tino Lago"},"sameAs":["http:\/\/www.anovapeneira.gal"],"url":"https:\/\/www.anovapeneira.gal\/index.php\/author\/director\/"}]}},"jetpack_featured_media_url":"https:\/\/www.anovapeneira.gal\/wp-content\/uploads\/2025\/05\/carme_nunez.webp","_links":{"self":[{"href":"https:\/\/www.anovapeneira.gal\/index.php\/wp-json\/wp\/v2\/posts\/13982","targetHints":{"allow":["GET"]}}],"collection":[{"href":"https:\/\/www.anovapeneira.gal\/index.php\/wp-json\/wp\/v2\/posts"}],"about":[{"href":"https:\/\/www.anovapeneira.gal\/index.php\/wp-json\/wp\/v2\/types\/post"}],"author":[{"embeddable":true,"href":"https:\/\/www.anovapeneira.gal\/index.php\/wp-json\/wp\/v2\/users\/2"}],"replies":[{"embeddable":true,"href":"https:\/\/www.anovapeneira.gal\/index.php\/wp-json\/wp\/v2\/comments?post=13982"}],"version-history":[{"count":1,"href":"https:\/\/www.anovapeneira.gal\/index.php\/wp-json\/wp\/v2\/posts\/13982\/revisions"}],"predecessor-version":[{"id":13984,"href":"https:\/\/www.anovapeneira.gal\/index.php\/wp-json\/wp\/v2\/posts\/13982\/revisions\/13984"}],"wp:featuredmedia":[{"embeddable":true,"href":"https:\/\/www.anovapeneira.gal\/index.php\/wp-json\/wp\/v2\/media\/13983"}],"wp:attachment":[{"href":"https:\/\/www.anovapeneira.gal\/index.php\/wp-json\/wp\/v2\/media?parent=13982"}],"wp:term":[{"taxonomy":"category","embeddable":true,"href":"https:\/\/www.anovapeneira.gal\/index.php\/wp-json\/wp\/v2\/categories?post=13982"},{"taxonomy":"post_tag","embeddable":true,"href":"https:\/\/www.anovapeneira.gal\/index.php\/wp-json\/wp\/v2\/tags?post=13982"}],"curies":[{"name":"wp","href":"https:\/\/api.w.org\/{rel}","templated":true}]}}