{"id":13989,"date":"2025-06-03T10:00:28","date_gmt":"2025-06-03T08:00:28","guid":{"rendered":"https:\/\/www.anovapeneira.gal\/?p=13989"},"modified":"2025-06-02T07:08:20","modified_gmt":"2025-06-02T05:08:20","slug":"xabier-p-igrexas-canto-mais-tenen-que-subir-os-alugueiros-para-que-caballero-tramite-a-declaracion-de-vigo-zona-tensionada-da-vivenda","status":"publish","type":"post","link":"https:\/\/www.anovapeneira.gal\/index.php\/2025\/06\/03\/xabier-p-igrexas-canto-mais-tenen-que-subir-os-alugueiros-para-que-caballero-tramite-a-declaracion-de-vigo-zona-tensionada-da-vivenda\/","title":{"rendered":"Xabier P. Igrexas: \u00abCanto m\u00e1is te\u00f1en que subir os alugueiros para que Caballero tramite a declaraci\u00f3n de Vigo zona tensionada da vivenda?\u00bb"},"content":{"rendered":"\n<h2 class=\"wp-block-heading\">A fronte nacionalista lamenta que o Goberno municipal siga ignorando esta medida, que permitir\u00eda frear a escalada de prezos e reducir entre 50 e 100 euros o custo mensual<br><br>O estudo encargado polo Concello confirma que a cidade pode acollerse \u00e1 declaraci\u00f3n<\/h2>\n\n\n\n<p>O portavoz municipal, Xabier P. Igrexas, esixe soluci\u00f3ns no inmediato en lugar dos \u201canuncios grandilocuentes, promesas ocas e medidas impotentes\u201d do alcalde<br><br><strong>VIGO, 27 de maio 2025.<\/strong><\/p>\n\n\n\n<p>O Bloque Nacionalista Galego (BNG) insiste na urxencia de tramitar a declaraci\u00f3n de Vigo como zona tensionada do mercado da vivenda. O portavoz municipal, Xabier P. Igrexas, lamenta que o Goberno municipal siga ignorando esta medida, que permitir\u00eda frear a escalada de prezos dos alugueiros, tras confirmar un estudo do Concello que a cidade re\u00fane os requisitos para acollerse.<\/p>\n\n\n\n<p>\u201cA que espera Abel Caballero? Canto m\u00e1is te\u00f1en que subir os alugueiros? Cantas familias m\u00e1is te\u00f1en que marchar da cidade por non poder permitirse vivir aqu\u00ed? Canta mocidade ten que seguir condenada a non poder emanciparse polos prezos impos\u00edbeis da vivenda?\u201d, cuestionou Igrexas, despois de interpelar sobre esta cuesti\u00f3n na sesi\u00f3n da Xerencia de Urbanismo decorrida este martes.<\/p>\n\n\n\n<p>O portavoz nacionalista afeou que a \u00fanica resposta do Goberno local sexa \u201cseguir dando largas\u201d a esta medida, que xa est\u00e1n a tramitar cidades galegas como A Coru\u00f1a, tam\u00e9n cunha alcald\u00eda socialista, e Santiago de Compostela. Tachou nese sentido de \u201ctomadura de pelo\u201d que a concelleira de Urbanismo se limitase a anunciar que est\u00e1n valorando un convenio coa Universidade de Vigo para seguir avaliando a situaci\u00f3n da vivenda, malia existir datos oficiais do Instituto Galego de Vivenda e Solo que, a xu\u00edzo do Bloque, evidencian a gravidade do problema: o prezo medio do alugueiro aumentou un 7% no \u00faltimo ano e case un 30% no \u00faltimo lustro.<\/p>\n\n\n\n<p><strong>Reduci\u00f3n entre 50 e 100 euros ao mes<\/strong><\/p>\n\n\n\n<p>Para o BNG \u00e9 \u201cincomprens\u00edbel\u201d esta negativa do Goberno de Caballero cando un informe externo encargado polo Concello confirma que Vigo pode acollerse a esta medida inclu\u00edda na Lei de Vivenda, e que poder\u00eda supo\u00f1er reducir entre 50 e 100 euros o custo mensual dos alugueiros. Unha proposta que tam\u00e9n contou co visto bo do Pleno municipal, inclu\u00edda nunha moci\u00f3n do Bloque aprobada en marzo de 2024.<\/p>\n\n\n\n<p>\u201cO \u00fanico que atopamos son escusas do Goberno local 14 meses despois\u201d, reprochou Igrexas. O voceiro nacionalista reco\u00f1ece que a declaraci\u00f3n de zona tensionada non vai resolver completamente o problema, pero defendeu que se trata dunha medida \u201cimprescind\u00edbel\u201d para avanzar nas soluci\u00f3ns. \u201cO grav\u00edsimo problema do acceso social \u00e1 vivenda esixe de medidas e decisi\u00f3ns xa, non pode agardar un minuto m\u00e1is\u201d, afirmou.<\/p>\n\n\n\n<p><br>As\u00ed, dende a fronte nacionalista chaman o Goberno de Caballero a rectificar e deixar a pol\u00edtica de \u201cbrazos ca\u00eddos\u201d en materia de vivenda. \u201cQue baixe \u00e1 terra \u00e9 que se deixe de anuncios grandilocuentes, promesas ocas e medidas impotentes que comece a actuar dunha vez para garantir o primeiro dereito das viguesas e vigueses que \u00e9 o de poder vivir na s\u00faa cidade\u201d, reclamou Igrexas ao rexedor vigu\u00e9s.<\/p>\n","protected":false},"excerpt":{"rendered":"<div class=\"mh-excerpt\"><p>A fronte nacionalista lamenta que o Goberno municipal siga ignorando esta medida, que permitir\u00eda frear a escalada de prezos e reducir entre 50 e 100 euros o custo mensual <a class=\"mh-excerpt-more\" href=\"https:\/\/www.anovapeneira.gal\/index.php\/2025\/06\/03\/xabier-p-igrexas-canto-mais-tenen-que-subir-os-alugueiros-para-que-caballero-tramite-a-declaracion-de-vigo-zona-tensionada-da-vivenda\/\" title=\"Xabier P. Igrexas: \u00abCanto m\u00e1is te\u00f1en que subir os alugueiros para que Caballero tramite a declaraci\u00f3n de Vigo zona tensionada da vivenda?\u00bb\">[&#8230;]<\/a><\/p>\n<\/div>","protected":false},"author":3,"featured_media":13990,"comment_status":"open","ping_status":"open","sticky":false,"template":"","format":"standard","meta":{"_exactmetrics_skip_tracking":false,"_exactmetrics_sitenote_active":false,"_exactmetrics_sitenote_note":"","_exactmetrics_sitenote_category":0,"footnotes":""},"categories":[19],"tags":[227],"class_list":{"0":"post-13989","1":"post","2":"type-post","3":"status-publish","4":"format-standard","5":"has-post-thumbnail","7":"category-vigo","8":"tag-concello-de-vigo"},"yoast_head":"<!-- This site is optimized with the Yoast SEO plugin v27.4 - https:\/\/yoast.com\/product\/yoast-seo-wordpress\/ -->\n<title>Xabier P. Igrexas: \u00abCanto m\u00e1is te\u00f1en que subir os alugueiros para que Caballero tramite a declaraci\u00f3n de Vigo zona tensionada da vivenda?\u00bb -<\/title>\n<meta name=\"robots\" content=\"index, follow, max-snippet:-1, max-image-preview:large, max-video-preview:-1\" \/>\n<link rel=\"canonical\" href=\"https:\/\/www.anovapeneira.gal\/index.php\/2025\/06\/03\/xabier-p-igrexas-canto-mais-tenen-que-subir-os-alugueiros-para-que-caballero-tramite-a-declaracion-de-vigo-zona-tensionada-da-vivenda\/\" \/>\n<meta property=\"og:locale\" content=\"gl_ES\" \/>\n<meta property=\"og:type\" content=\"article\" \/>\n<meta property=\"og:title\" content=\"Xabier P. Igrexas: \u00abCanto m\u00e1is te\u00f1en que subir os alugueiros para que Caballero tramite a declaraci\u00f3n de Vigo zona tensionada da vivenda?\u00bb -\" \/>\n<meta property=\"og:description\" content=\"A fronte nacionalista lamenta que o Goberno municipal siga ignorando esta medida, que permitir\u00eda frear a escalada de prezos e reducir entre 50 e 100 euros o custo mensual [...]\" \/>\n<meta property=\"og:url\" content=\"https:\/\/www.anovapeneira.gal\/index.php\/2025\/06\/03\/xabier-p-igrexas-canto-mais-tenen-que-subir-os-alugueiros-para-que-caballero-tramite-a-declaracion-de-vigo-zona-tensionada-da-vivenda\/\" \/>\n<meta property=\"article:publisher\" content=\"https:\/\/www.facebook.com\/anovapeneira\" \/>\n<meta property=\"article:published_time\" content=\"2025-06-03T08:00:28+00:00\" \/>\n<meta property=\"og:image\" content=\"https:\/\/www.anovapeneira.gal\/wp-content\/uploads\/2025\/06\/Xabier_p_igresas.jpg\" \/>\n\t<meta property=\"og:image:width\" content=\"720\" \/>\n\t<meta property=\"og:image:height\" content=\"432\" \/>\n\t<meta property=\"og:image:type\" content=\"image\/jpeg\" \/>\n<meta name=\"author\" content=\"Redacci\u00f3n A Nova Peneira\" \/>\n<meta name=\"twitter:card\" content=\"summary_large_image\" \/>\n<meta name=\"twitter:creator\" content=\"@APeneira\" \/>\n<meta name=\"twitter:site\" content=\"@APeneira\" \/>\n<meta name=\"twitter:label1\" content=\"Escrito por\" \/>\n\t<meta name=\"twitter:data1\" content=\"Redacci\u00f3n A Nova Peneira\" \/>\n\t<meta name=\"twitter:label2\" content=\"Tempo de lectura\" \/>\n\t<meta name=\"twitter:data2\" content=\"3 minutos\" \/>\n<script type=\"application\/ld+json\" class=\"yoast-schema-graph\">{\"@context\":\"https:\\\/\\\/schema.org\",\"@graph\":[{\"@type\":\"Article\",\"@id\":\"https:\\\/\\\/www.anovapeneira.gal\\\/index.php\\\/2025\\\/06\\\/03\\\/xabier-p-igrexas-canto-mais-tenen-que-subir-os-alugueiros-para-que-caballero-tramite-a-declaracion-de-vigo-zona-tensionada-da-vivenda\\\/#article\",\"isPartOf\":{\"@id\":\"https:\\\/\\\/www.anovapeneira.gal\\\/index.php\\\/2025\\\/06\\\/03\\\/xabier-p-igrexas-canto-mais-tenen-que-subir-os-alugueiros-para-que-caballero-tramite-a-declaracion-de-vigo-zona-tensionada-da-vivenda\\\/\"},\"author\":{\"name\":\"Redacci\u00f3n A Nova Peneira\",\"@id\":\"https:\\\/\\\/www.anovapeneira.gal\\\/#\\\/schema\\\/person\\\/b93e3f8932e3f8da96334607eb6ac6aa\"},\"headline\":\"Xabier P. Igrexas: \u00abCanto m\u00e1is te\u00f1en que subir os alugueiros para que Caballero tramite a declaraci\u00f3n de Vigo zona tensionada da vivenda?\u00bb\",\"datePublished\":\"2025-06-03T08:00:28+00:00\",\"mainEntityOfPage\":{\"@id\":\"https:\\\/\\\/www.anovapeneira.gal\\\/index.php\\\/2025\\\/06\\\/03\\\/xabier-p-igrexas-canto-mais-tenen-que-subir-os-alugueiros-para-que-caballero-tramite-a-declaracion-de-vigo-zona-tensionada-da-vivenda\\\/\"},\"wordCount\":545,\"commentCount\":0,\"publisher\":{\"@id\":\"https:\\\/\\\/www.anovapeneira.gal\\\/#organization\"},\"image\":{\"@id\":\"https:\\\/\\\/www.anovapeneira.gal\\\/index.php\\\/2025\\\/06\\\/03\\\/xabier-p-igrexas-canto-mais-tenen-que-subir-os-alugueiros-para-que-caballero-tramite-a-declaracion-de-vigo-zona-tensionada-da-vivenda\\\/#primaryimage\"},\"thumbnailUrl\":\"https:\\\/\\\/www.anovapeneira.gal\\\/wp-content\\\/uploads\\\/2025\\\/06\\\/Xabier_p_igresas.jpg\",\"keywords\":[\"Concello de Vigo\"],\"articleSection\":[\"Vigo\"],\"inLanguage\":\"gl-ES\",\"potentialAction\":[{\"@type\":\"CommentAction\",\"name\":\"Comment\",\"target\":[\"https:\\\/\\\/www.anovapeneira.gal\\\/index.php\\\/2025\\\/06\\\/03\\\/xabier-p-igrexas-canto-mais-tenen-que-subir-os-alugueiros-para-que-caballero-tramite-a-declaracion-de-vigo-zona-tensionada-da-vivenda\\\/#respond\"]}]},{\"@type\":\"WebPage\",\"@id\":\"https:\\\/\\\/www.anovapeneira.gal\\\/index.php\\\/2025\\\/06\\\/03\\\/xabier-p-igrexas-canto-mais-tenen-que-subir-os-alugueiros-para-que-caballero-tramite-a-declaracion-de-vigo-zona-tensionada-da-vivenda\\\/\",\"url\":\"https:\\\/\\\/www.anovapeneira.gal\\\/index.php\\\/2025\\\/06\\\/03\\\/xabier-p-igrexas-canto-mais-tenen-que-subir-os-alugueiros-para-que-caballero-tramite-a-declaracion-de-vigo-zona-tensionada-da-vivenda\\\/\",\"name\":\"Xabier P. Igrexas: \u00abCanto m\u00e1is te\u00f1en que subir os alugueiros para que Caballero tramite a declaraci\u00f3n de Vigo zona tensionada da vivenda?\u00bb -\",\"isPartOf\":{\"@id\":\"https:\\\/\\\/www.anovapeneira.gal\\\/#website\"},\"primaryImageOfPage\":{\"@id\":\"https:\\\/\\\/www.anovapeneira.gal\\\/index.php\\\/2025\\\/06\\\/03\\\/xabier-p-igrexas-canto-mais-tenen-que-subir-os-alugueiros-para-que-caballero-tramite-a-declaracion-de-vigo-zona-tensionada-da-vivenda\\\/#primaryimage\"},\"image\":{\"@id\":\"https:\\\/\\\/www.anovapeneira.gal\\\/index.php\\\/2025\\\/06\\\/03\\\/xabier-p-igrexas-canto-mais-tenen-que-subir-os-alugueiros-para-que-caballero-tramite-a-declaracion-de-vigo-zona-tensionada-da-vivenda\\\/#primaryimage\"},\"thumbnailUrl\":\"https:\\\/\\\/www.anovapeneira.gal\\\/wp-content\\\/uploads\\\/2025\\\/06\\\/Xabier_p_igresas.jpg\",\"datePublished\":\"2025-06-03T08:00:28+00:00\",\"breadcrumb\":{\"@id\":\"https:\\\/\\\/www.anovapeneira.gal\\\/index.php\\\/2025\\\/06\\\/03\\\/xabier-p-igrexas-canto-mais-tenen-que-subir-os-alugueiros-para-que-caballero-tramite-a-declaracion-de-vigo-zona-tensionada-da-vivenda\\\/#breadcrumb\"},\"inLanguage\":\"gl-ES\",\"potentialAction\":[{\"@type\":\"ReadAction\",\"target\":[\"https:\\\/\\\/www.anovapeneira.gal\\\/index.php\\\/2025\\\/06\\\/03\\\/xabier-p-igrexas-canto-mais-tenen-que-subir-os-alugueiros-para-que-caballero-tramite-a-declaracion-de-vigo-zona-tensionada-da-vivenda\\\/\"]}]},{\"@type\":\"ImageObject\",\"inLanguage\":\"gl-ES\",\"@id\":\"https:\\\/\\\/www.anovapeneira.gal\\\/index.php\\\/2025\\\/06\\\/03\\\/xabier-p-igrexas-canto-mais-tenen-que-subir-os-alugueiros-para-que-caballero-tramite-a-declaracion-de-vigo-zona-tensionada-da-vivenda\\\/#primaryimage\",\"url\":\"https:\\\/\\\/www.anovapeneira.gal\\\/wp-content\\\/uploads\\\/2025\\\/06\\\/Xabier_p_igresas.jpg\",\"contentUrl\":\"https:\\\/\\\/www.anovapeneira.gal\\\/wp-content\\\/uploads\\\/2025\\\/06\\\/Xabier_p_igresas.jpg\",\"width\":720,\"height\":432,\"caption\":\"Xabier P Igresas BNG\"},{\"@type\":\"BreadcrumbList\",\"@id\":\"https:\\\/\\\/www.anovapeneira.gal\\\/index.php\\\/2025\\\/06\\\/03\\\/xabier-p-igrexas-canto-mais-tenen-que-subir-os-alugueiros-para-que-caballero-tramite-a-declaracion-de-vigo-zona-tensionada-da-vivenda\\\/#breadcrumb\",\"itemListElement\":[{\"@type\":\"ListItem\",\"position\":1,\"name\":\"Portada\",\"item\":\"https:\\\/\\\/www.anovapeneira.gal\\\/\"},{\"@type\":\"ListItem\",\"position\":2,\"name\":\"Xabier P. Igrexas: \u00abCanto m\u00e1is te\u00f1en que subir os alugueiros para que Caballero tramite a declaraci\u00f3n de Vigo zona tensionada da vivenda?\u00bb\"}]},{\"@type\":\"WebSite\",\"@id\":\"https:\\\/\\\/www.anovapeneira.gal\\\/#website\",\"url\":\"https:\\\/\\\/www.anovapeneira.gal\\\/\",\"name\":\"\",\"description\":\"Xornal galego de informaci\u00f3n xeral Publicaci\u00f3n mensual de novas de Galicia e en especial dos Concellos da sur da provincia de Pontevedra.\",\"publisher\":{\"@id\":\"https:\\\/\\\/www.anovapeneira.gal\\\/#organization\"},\"potentialAction\":[{\"@type\":\"SearchAction\",\"target\":{\"@type\":\"EntryPoint\",\"urlTemplate\":\"https:\\\/\\\/www.anovapeneira.gal\\\/?s={search_term_string}\"},\"query-input\":{\"@type\":\"PropertyValueSpecification\",\"valueRequired\":true,\"valueName\":\"search_term_string\"}}],\"inLanguage\":\"gl-ES\"},{\"@type\":\"Organization\",\"@id\":\"https:\\\/\\\/www.anovapeneira.gal\\\/#organization\",\"name\":\"A Nova Peneira\",\"url\":\"https:\\\/\\\/www.anovapeneira.gal\\\/\",\"logo\":{\"@type\":\"ImageObject\",\"inLanguage\":\"gl-ES\",\"@id\":\"https:\\\/\\\/www.anovapeneira.gal\\\/#\\\/schema\\\/logo\\\/image\\\/\",\"url\":\"http:\\\/\\\/www.anovapeneira.gal\\\/wp-content\\\/uploads\\\/2019\\\/06\\\/logo_a_nova_peneira_portal_web.png\",\"contentUrl\":\"http:\\\/\\\/www.anovapeneira.gal\\\/wp-content\\\/uploads\\\/2019\\\/06\\\/logo_a_nova_peneira_portal_web.png\",\"width\":300,\"height\":100,\"caption\":\"A Nova Peneira\"},\"image\":{\"@id\":\"https:\\\/\\\/www.anovapeneira.gal\\\/#\\\/schema\\\/logo\\\/image\\\/\"},\"sameAs\":[\"https:\\\/\\\/www.facebook.com\\\/anovapeneira\",\"https:\\\/\\\/x.com\\\/APeneira\"]},{\"@type\":\"Person\",\"@id\":\"https:\\\/\\\/www.anovapeneira.gal\\\/#\\\/schema\\\/person\\\/b93e3f8932e3f8da96334607eb6ac6aa\",\"name\":\"Redacci\u00f3n A Nova Peneira\",\"image\":{\"@type\":\"ImageObject\",\"inLanguage\":\"gl-ES\",\"@id\":\"https:\\\/\\\/secure.gravatar.com\\\/avatar\\\/c052a2551a06e23fac63626232eaa90abd78dbcf1700fc46a2b2c89fd27b735f?s=96&d=mm&r=g\",\"url\":\"https:\\\/\\\/secure.gravatar.com\\\/avatar\\\/c052a2551a06e23fac63626232eaa90abd78dbcf1700fc46a2b2c89fd27b735f?s=96&d=mm&r=g\",\"contentUrl\":\"https:\\\/\\\/secure.gravatar.com\\\/avatar\\\/c052a2551a06e23fac63626232eaa90abd78dbcf1700fc46a2b2c89fd27b735f?s=96&d=mm&r=g\",\"caption\":\"Redacci\u00f3n A Nova Peneira\"},\"sameAs\":[\"http:\\\/\\\/www.anovapeneira.gal\\\/\"],\"url\":\"https:\\\/\\\/www.anovapeneira.gal\\\/index.php\\\/author\\\/redactor\\\/\"}]}<\/script>\n<!-- \/ Yoast SEO plugin. -->","yoast_head_json":{"title":"Xabier P. Igrexas: \u00abCanto m\u00e1is te\u00f1en que subir os alugueiros para que Caballero tramite a declaraci\u00f3n de Vigo zona tensionada da vivenda?\u00bb -","robots":{"index":"index","follow":"follow","max-snippet":"max-snippet:-1","max-image-preview":"max-image-preview:large","max-video-preview":"max-video-preview:-1"},"canonical":"https:\/\/www.anovapeneira.gal\/index.php\/2025\/06\/03\/xabier-p-igrexas-canto-mais-tenen-que-subir-os-alugueiros-para-que-caballero-tramite-a-declaracion-de-vigo-zona-tensionada-da-vivenda\/","og_locale":"gl_ES","og_type":"article","og_title":"Xabier P. Igrexas: \u00abCanto m\u00e1is te\u00f1en que subir os alugueiros para que Caballero tramite a declaraci\u00f3n de Vigo zona tensionada da vivenda?\u00bb -","og_description":"A fronte nacionalista lamenta que o Goberno municipal siga ignorando esta medida, que permitir\u00eda frear a escalada de prezos e reducir entre 50 e 100 euros o custo mensual [...]","og_url":"https:\/\/www.anovapeneira.gal\/index.php\/2025\/06\/03\/xabier-p-igrexas-canto-mais-tenen-que-subir-os-alugueiros-para-que-caballero-tramite-a-declaracion-de-vigo-zona-tensionada-da-vivenda\/","article_publisher":"https:\/\/www.facebook.com\/anovapeneira","article_published_time":"2025-06-03T08:00:28+00:00","og_image":[{"width":720,"height":432,"url":"https:\/\/www.anovapeneira.gal\/wp-content\/uploads\/2025\/06\/Xabier_p_igresas.jpg","type":"image\/jpeg"}],"author":"Redacci\u00f3n A Nova Peneira","twitter_card":"summary_large_image","twitter_creator":"@APeneira","twitter_site":"@APeneira","twitter_misc":{"Escrito por":"Redacci\u00f3n A Nova Peneira","Tempo de lectura":"3 minutos"},"schema":{"@context":"https:\/\/schema.org","@graph":[{"@type":"Article","@id":"https:\/\/www.anovapeneira.gal\/index.php\/2025\/06\/03\/xabier-p-igrexas-canto-mais-tenen-que-subir-os-alugueiros-para-que-caballero-tramite-a-declaracion-de-vigo-zona-tensionada-da-vivenda\/#article","isPartOf":{"@id":"https:\/\/www.anovapeneira.gal\/index.php\/2025\/06\/03\/xabier-p-igrexas-canto-mais-tenen-que-subir-os-alugueiros-para-que-caballero-tramite-a-declaracion-de-vigo-zona-tensionada-da-vivenda\/"},"author":{"name":"Redacci\u00f3n A Nova Peneira","@id":"https:\/\/www.anovapeneira.gal\/#\/schema\/person\/b93e3f8932e3f8da96334607eb6ac6aa"},"headline":"Xabier P. Igrexas: \u00abCanto m\u00e1is te\u00f1en que subir os alugueiros para que Caballero tramite a declaraci\u00f3n de Vigo zona tensionada da vivenda?\u00bb","datePublished":"2025-06-03T08:00:28+00:00","mainEntityOfPage":{"@id":"https:\/\/www.anovapeneira.gal\/index.php\/2025\/06\/03\/xabier-p-igrexas-canto-mais-tenen-que-subir-os-alugueiros-para-que-caballero-tramite-a-declaracion-de-vigo-zona-tensionada-da-vivenda\/"},"wordCount":545,"commentCount":0,"publisher":{"@id":"https:\/\/www.anovapeneira.gal\/#organization"},"image":{"@id":"https:\/\/www.anovapeneira.gal\/index.php\/2025\/06\/03\/xabier-p-igrexas-canto-mais-tenen-que-subir-os-alugueiros-para-que-caballero-tramite-a-declaracion-de-vigo-zona-tensionada-da-vivenda\/#primaryimage"},"thumbnailUrl":"https:\/\/www.anovapeneira.gal\/wp-content\/uploads\/2025\/06\/Xabier_p_igresas.jpg","keywords":["Concello de Vigo"],"articleSection":["Vigo"],"inLanguage":"gl-ES","potentialAction":[{"@type":"CommentAction","name":"Comment","target":["https:\/\/www.anovapeneira.gal\/index.php\/2025\/06\/03\/xabier-p-igrexas-canto-mais-tenen-que-subir-os-alugueiros-para-que-caballero-tramite-a-declaracion-de-vigo-zona-tensionada-da-vivenda\/#respond"]}]},{"@type":"WebPage","@id":"https:\/\/www.anovapeneira.gal\/index.php\/2025\/06\/03\/xabier-p-igrexas-canto-mais-tenen-que-subir-os-alugueiros-para-que-caballero-tramite-a-declaracion-de-vigo-zona-tensionada-da-vivenda\/","url":"https:\/\/www.anovapeneira.gal\/index.php\/2025\/06\/03\/xabier-p-igrexas-canto-mais-tenen-que-subir-os-alugueiros-para-que-caballero-tramite-a-declaracion-de-vigo-zona-tensionada-da-vivenda\/","name":"Xabier P. Igrexas: \u00abCanto m\u00e1is te\u00f1en que subir os alugueiros para que Caballero tramite a declaraci\u00f3n de Vigo zona tensionada da vivenda?\u00bb -","isPartOf":{"@id":"https:\/\/www.anovapeneira.gal\/#website"},"primaryImageOfPage":{"@id":"https:\/\/www.anovapeneira.gal\/index.php\/2025\/06\/03\/xabier-p-igrexas-canto-mais-tenen-que-subir-os-alugueiros-para-que-caballero-tramite-a-declaracion-de-vigo-zona-tensionada-da-vivenda\/#primaryimage"},"image":{"@id":"https:\/\/www.anovapeneira.gal\/index.php\/2025\/06\/03\/xabier-p-igrexas-canto-mais-tenen-que-subir-os-alugueiros-para-que-caballero-tramite-a-declaracion-de-vigo-zona-tensionada-da-vivenda\/#primaryimage"},"thumbnailUrl":"https:\/\/www.anovapeneira.gal\/wp-content\/uploads\/2025\/06\/Xabier_p_igresas.jpg","datePublished":"2025-06-03T08:00:28+00:00","breadcrumb":{"@id":"https:\/\/www.anovapeneira.gal\/index.php\/2025\/06\/03\/xabier-p-igrexas-canto-mais-tenen-que-subir-os-alugueiros-para-que-caballero-tramite-a-declaracion-de-vigo-zona-tensionada-da-vivenda\/#breadcrumb"},"inLanguage":"gl-ES","potentialAction":[{"@type":"ReadAction","target":["https:\/\/www.anovapeneira.gal\/index.php\/2025\/06\/03\/xabier-p-igrexas-canto-mais-tenen-que-subir-os-alugueiros-para-que-caballero-tramite-a-declaracion-de-vigo-zona-tensionada-da-vivenda\/"]}]},{"@type":"ImageObject","inLanguage":"gl-ES","@id":"https:\/\/www.anovapeneira.gal\/index.php\/2025\/06\/03\/xabier-p-igrexas-canto-mais-tenen-que-subir-os-alugueiros-para-que-caballero-tramite-a-declaracion-de-vigo-zona-tensionada-da-vivenda\/#primaryimage","url":"https:\/\/www.anovapeneira.gal\/wp-content\/uploads\/2025\/06\/Xabier_p_igresas.jpg","contentUrl":"https:\/\/www.anovapeneira.gal\/wp-content\/uploads\/2025\/06\/Xabier_p_igresas.jpg","width":720,"height":432,"caption":"Xabier P Igresas BNG"},{"@type":"BreadcrumbList","@id":"https:\/\/www.anovapeneira.gal\/index.php\/2025\/06\/03\/xabier-p-igrexas-canto-mais-tenen-que-subir-os-alugueiros-para-que-caballero-tramite-a-declaracion-de-vigo-zona-tensionada-da-vivenda\/#breadcrumb","itemListElement":[{"@type":"ListItem","position":1,"name":"Portada","item":"https:\/\/www.anovapeneira.gal\/"},{"@type":"ListItem","position":2,"name":"Xabier P. Igrexas: \u00abCanto m\u00e1is te\u00f1en que subir os alugueiros para que Caballero tramite a declaraci\u00f3n de Vigo zona tensionada da vivenda?\u00bb"}]},{"@type":"WebSite","@id":"https:\/\/www.anovapeneira.gal\/#website","url":"https:\/\/www.anovapeneira.gal\/","name":"","description":"Xornal galego de informaci\u00f3n xeral Publicaci\u00f3n mensual de novas de Galicia e en especial dos Concellos da sur da provincia de Pontevedra.","publisher":{"@id":"https:\/\/www.anovapeneira.gal\/#organization"},"potentialAction":[{"@type":"SearchAction","target":{"@type":"EntryPoint","urlTemplate":"https:\/\/www.anovapeneira.gal\/?s={search_term_string}"},"query-input":{"@type":"PropertyValueSpecification","valueRequired":true,"valueName":"search_term_string"}}],"inLanguage":"gl-ES"},{"@type":"Organization","@id":"https:\/\/www.anovapeneira.gal\/#organization","name":"A Nova Peneira","url":"https:\/\/www.anovapeneira.gal\/","logo":{"@type":"ImageObject","inLanguage":"gl-ES","@id":"https:\/\/www.anovapeneira.gal\/#\/schema\/logo\/image\/","url":"http:\/\/www.anovapeneira.gal\/wp-content\/uploads\/2019\/06\/logo_a_nova_peneira_portal_web.png","contentUrl":"http:\/\/www.anovapeneira.gal\/wp-content\/uploads\/2019\/06\/logo_a_nova_peneira_portal_web.png","width":300,"height":100,"caption":"A Nova Peneira"},"image":{"@id":"https:\/\/www.anovapeneira.gal\/#\/schema\/logo\/image\/"},"sameAs":["https:\/\/www.facebook.com\/anovapeneira","https:\/\/x.com\/APeneira"]},{"@type":"Person","@id":"https:\/\/www.anovapeneira.gal\/#\/schema\/person\/b93e3f8932e3f8da96334607eb6ac6aa","name":"Redacci\u00f3n A Nova Peneira","image":{"@type":"ImageObject","inLanguage":"gl-ES","@id":"https:\/\/secure.gravatar.com\/avatar\/c052a2551a06e23fac63626232eaa90abd78dbcf1700fc46a2b2c89fd27b735f?s=96&d=mm&r=g","url":"https:\/\/secure.gravatar.com\/avatar\/c052a2551a06e23fac63626232eaa90abd78dbcf1700fc46a2b2c89fd27b735f?s=96&d=mm&r=g","contentUrl":"https:\/\/secure.gravatar.com\/avatar\/c052a2551a06e23fac63626232eaa90abd78dbcf1700fc46a2b2c89fd27b735f?s=96&d=mm&r=g","caption":"Redacci\u00f3n A Nova Peneira"},"sameAs":["http:\/\/www.anovapeneira.gal\/"],"url":"https:\/\/www.anovapeneira.gal\/index.php\/author\/redactor\/"}]}},"jetpack_featured_media_url":"https:\/\/www.anovapeneira.gal\/wp-content\/uploads\/2025\/06\/Xabier_p_igresas.jpg","_links":{"self":[{"href":"https:\/\/www.anovapeneira.gal\/index.php\/wp-json\/wp\/v2\/posts\/13989","targetHints":{"allow":["GET"]}}],"collection":[{"href":"https:\/\/www.anovapeneira.gal\/index.php\/wp-json\/wp\/v2\/posts"}],"about":[{"href":"https:\/\/www.anovapeneira.gal\/index.php\/wp-json\/wp\/v2\/types\/post"}],"author":[{"embeddable":true,"href":"https:\/\/www.anovapeneira.gal\/index.php\/wp-json\/wp\/v2\/users\/3"}],"replies":[{"embeddable":true,"href":"https:\/\/www.anovapeneira.gal\/index.php\/wp-json\/wp\/v2\/comments?post=13989"}],"version-history":[{"count":1,"href":"https:\/\/www.anovapeneira.gal\/index.php\/wp-json\/wp\/v2\/posts\/13989\/revisions"}],"predecessor-version":[{"id":13991,"href":"https:\/\/www.anovapeneira.gal\/index.php\/wp-json\/wp\/v2\/posts\/13989\/revisions\/13991"}],"wp:featuredmedia":[{"embeddable":true,"href":"https:\/\/www.anovapeneira.gal\/index.php\/wp-json\/wp\/v2\/media\/13990"}],"wp:attachment":[{"href":"https:\/\/www.anovapeneira.gal\/index.php\/wp-json\/wp\/v2\/media?parent=13989"}],"wp:term":[{"taxonomy":"category","embeddable":true,"href":"https:\/\/www.anovapeneira.gal\/index.php\/wp-json\/wp\/v2\/categories?post=13989"},{"taxonomy":"post_tag","embeddable":true,"href":"https:\/\/www.anovapeneira.gal\/index.php\/wp-json\/wp\/v2\/tags?post=13989"}],"curies":[{"name":"wp","href":"https:\/\/api.w.org\/{rel}","templated":true}]}}