{"id":13998,"date":"2025-06-04T12:00:22","date_gmt":"2025-06-04T10:00:22","guid":{"rendered":"https:\/\/www.anovapeneira.gal\/?p=13998"},"modified":"2025-06-03T07:36:54","modified_gmt":"2025-06-03T05:36:54","slug":"o-concello-de-bueu-coloca-os-stolpersteine-e-organiza-un-coloquio-sobre-a-memoria-dos-galegos-nos-campos-de-concentracion-nazis","status":"publish","type":"post","link":"https:\/\/www.anovapeneira.gal\/index.php\/2025\/06\/04\/o-concello-de-bueu-coloca-os-stolpersteine-e-organiza-un-coloquio-sobre-a-memoria-dos-galegos-nos-campos-de-concentracion-nazis\/","title":{"rendered":"O concello de Bueu coloca os \u2018stolpersteine\u2019 e organiza un coloquio sobre a memoria dos galegos nos campos de concentraci\u00f3n nazis"},"content":{"rendered":"\n<ul class=\"wp-block-list\">\n<li><strong>O acto ter\u00e1 lugar este venres, 30 de maio, xunto ao monumento de Johan Carballeira, na Banda do R\u00edo, e complementarase cunha conferencia da historiadora Mar\u00eda Torres<\/strong><\/li>\n\n\n\n<li><strong>Os veci\u00f1os bueueses asasinados nos campos de Mauthausen &#8211; Gusen foron Jos\u00e9 Ferrad\u00e1s Pastoriza e Manuel Rey Cruz<\/strong><\/li>\n<\/ul>\n\n\n\n<p>O Concello de Bueu e a Asociaci\u00f3n de Amigos de Johan Carballeira colocar\u00e1n este venres, 30 de maio, os \u2018Stolpersteine\u2019, ou adoqu\u00edns da memoria, a trav\u00e9s dos que se lembrar\u00e1 aos dous veci\u00f1os bueueses asasinados nos campos de concentraci\u00f3n nazis, Jos\u00e9 Ferrad\u00e1s Pastoriza e Manuel Rey Cruz. O acto comezar\u00e1 \u00e1s 20 horas xunto ao monumento de Johan Carballeira, na Banda do R\u00edo, coa participaci\u00f3n dos familiares dos asasinados, e despois seguiralle un coloquio na Sala Multiusos do Centro Social do Mar coa investigadora Mar\u00eda Torres sobre a memoria dos campos de concentraci\u00f3n nazis e, sobre todo, o paso dos galegos por eles.<\/p>\n\n\n\n<p>O Concello de Bueu contin\u00faa co fomento da memoria hist\u00f3rica, e por iso solicitou a Alema\u00f1a hai un ano contar con dous adoqu\u00edns \u2018Stolpersteine\u2019 tras un acordo plenario que se aprobou por unanimidade de todos os grupos municipais. Estes adoqu\u00edns, dese\u00f1ados polo artista alem\u00e1n Gunter Demnig, ser\u00e1n colocados na base do monumento a Johan Carballeira, na entrada da praia da Banda do R\u00edo, porque \u00e9 un espazo no que xa confl\u00fae a memoria do alcalde de Bueu durante a Rep\u00fablica e que foi asasinado polo franquismo. Os dous asasinados estiveron nos campos de Mauthausen- Gusen ao longo de varios meses de 1941 ata o seu falecemento.<\/p>\n\n\n\n<p><strong>Os veci\u00f1os asasinados<\/strong><\/p>\n\n\n\n<p>Os veci\u00f1os son Jos\u00e9 Ferrad\u00e1s Pastoriza, veci\u00f1o de Beluso e falecido o 20 de setembro de 1941, e Manuel Rey Cruz, veci\u00f1o de A Gra\u00f1a e falecido o 20 de maio de 1941.<\/p>\n\n\n\n<p>Jos\u00e9 Ferrad\u00e1s Pastoriza era un mari\u00f1eiro sindicalista de Beluso ao que lle interesaba moito a pol\u00edtica e que estivo implicado durante a Rep\u00fablica. Tras unha fuxida da s\u00faa vivenda, a familia soubo posteriormente que estivera en Francia e despois como soldado traballador ata que os alem\u00e1ns lles puxeron a todos os espa\u00f1ois o s\u00edmbolo de ap\u00e1tridas e os enviaron ao campo de Mauthausen \u2013 Gusen.<\/p>\n\n\n\n<p>En canto a Manuel Rey Cruz, o seu av\u00f3 traballaba na pesca en Alxeciras e dende o golpe de estado enrolouse nun barco dende o Mediterr\u00e1neo a Francia, onde foi acollido por unha familia ata que despois o levaron para o campo de concentraci\u00f3n.<\/p>\n\n\n\n<figure class=\"wp-block-image size-large\"><img loading=\"lazy\" decoding=\"async\" width=\"724\" height=\"1024\" src=\"https:\/\/www.anovapeneira.gal\/wp-content\/uploads\/2025\/06\/colocacion-stolpersteine-memoria-vecinos-asasinados-campos-concentracion-nazis-724x1024.jpeg\" alt=\"\" class=\"wp-image-14000\" srcset=\"https:\/\/www.anovapeneira.gal\/wp-content\/uploads\/2025\/06\/colocacion-stolpersteine-memoria-vecinos-asasinados-campos-concentracion-nazis-724x1024.jpeg 724w, https:\/\/www.anovapeneira.gal\/wp-content\/uploads\/2025\/06\/colocacion-stolpersteine-memoria-vecinos-asasinados-campos-concentracion-nazis-212x300.jpeg 212w, https:\/\/www.anovapeneira.gal\/wp-content\/uploads\/2025\/06\/colocacion-stolpersteine-memoria-vecinos-asasinados-campos-concentracion-nazis-768x1086.jpeg 768w, https:\/\/www.anovapeneira.gal\/wp-content\/uploads\/2025\/06\/colocacion-stolpersteine-memoria-vecinos-asasinados-campos-concentracion-nazis-1086x1536.jpeg 1086w, https:\/\/www.anovapeneira.gal\/wp-content\/uploads\/2025\/06\/colocacion-stolpersteine-memoria-vecinos-asasinados-campos-concentracion-nazis.jpeg 1131w\" sizes=\"auto, (max-width: 724px) 100vw, 724px\" \/><\/figure>\n","protected":false},"excerpt":{"rendered":"<div class=\"mh-excerpt\"><p>O acto ter\u00e1 lugar este venres, 30 de maio, xunto ao monumento de Johan Carballeira, na Banda do R\u00edo, e complementarase cunha conferencia da historiadora Mar\u00eda Torres <a class=\"mh-excerpt-more\" href=\"https:\/\/www.anovapeneira.gal\/index.php\/2025\/06\/04\/o-concello-de-bueu-coloca-os-stolpersteine-e-organiza-un-coloquio-sobre-a-memoria-dos-galegos-nos-campos-de-concentracion-nazis\/\" title=\"O concello de Bueu coloca os \u2018stolpersteine\u2019 e organiza un coloquio sobre a memoria dos galegos nos campos de concentraci\u00f3n nazis\">[&#8230;]<\/a><\/p>\n<\/div>","protected":false},"author":3,"featured_media":13999,"comment_status":"open","ping_status":"open","sticky":false,"template":"","format":"standard","meta":{"_exactmetrics_skip_tracking":false,"_exactmetrics_sitenote_active":false,"_exactmetrics_sitenote_note":"","_exactmetrics_sitenote_category":0,"footnotes":""},"categories":[22],"tags":[440],"class_list":{"0":"post-13998","1":"post","2":"type-post","3":"status-publish","4":"format-standard","5":"has-post-thumbnail","7":"category-morrazo","8":"tag-concello-de-bueu"},"yoast_head":"<!-- This site is optimized with the Yoast SEO plugin v27.4 - https:\/\/yoast.com\/product\/yoast-seo-wordpress\/ -->\n<title>O concello de Bueu coloca os \u2018stolpersteine\u2019 e organiza un coloquio sobre a memoria dos galegos nos campos de concentraci\u00f3n nazis -<\/title>\n<meta name=\"robots\" content=\"index, follow, max-snippet:-1, max-image-preview:large, max-video-preview:-1\" \/>\n<link rel=\"canonical\" href=\"https:\/\/www.anovapeneira.gal\/index.php\/2025\/06\/04\/o-concello-de-bueu-coloca-os-stolpersteine-e-organiza-un-coloquio-sobre-a-memoria-dos-galegos-nos-campos-de-concentracion-nazis\/\" \/>\n<meta property=\"og:locale\" content=\"gl_ES\" \/>\n<meta property=\"og:type\" content=\"article\" \/>\n<meta property=\"og:title\" content=\"O concello de Bueu coloca os \u2018stolpersteine\u2019 e organiza un coloquio sobre a memoria dos galegos nos campos de concentraci\u00f3n nazis -\" \/>\n<meta property=\"og:description\" content=\"O acto ter\u00e1 lugar este venres, 30 de maio, xunto ao monumento de Johan Carballeira, na Banda do R\u00edo, e complementarase cunha conferencia da historiadora Mar\u00eda Torres [...]\" \/>\n<meta property=\"og:url\" content=\"https:\/\/www.anovapeneira.gal\/index.php\/2025\/06\/04\/o-concello-de-bueu-coloca-os-stolpersteine-e-organiza-un-coloquio-sobre-a-memoria-dos-galegos-nos-campos-de-concentracion-nazis\/\" \/>\n<meta property=\"article:publisher\" content=\"https:\/\/www.facebook.com\/anovapeneira\" \/>\n<meta property=\"article:published_time\" content=\"2025-06-04T10:00:22+00:00\" \/>\n<meta property=\"og:image\" content=\"https:\/\/www.anovapeneira.gal\/wp-content\/uploads\/2025\/06\/STOLPERSTEINE.jpg\" \/>\n\t<meta property=\"og:image:width\" content=\"1920\" \/>\n\t<meta property=\"og:image:height\" content=\"1146\" \/>\n\t<meta property=\"og:image:type\" content=\"image\/jpeg\" \/>\n<meta name=\"author\" content=\"Redacci\u00f3n A Nova Peneira\" \/>\n<meta name=\"twitter:card\" content=\"summary_large_image\" \/>\n<meta name=\"twitter:creator\" content=\"@APeneira\" \/>\n<meta name=\"twitter:site\" content=\"@APeneira\" \/>\n<meta name=\"twitter:label1\" content=\"Escrito por\" \/>\n\t<meta name=\"twitter:data1\" content=\"Redacci\u00f3n A Nova Peneira\" \/>\n\t<meta name=\"twitter:label2\" content=\"Tempo de lectura\" \/>\n\t<meta name=\"twitter:data2\" content=\"3 minutos\" \/>\n<script type=\"application\/ld+json\" class=\"yoast-schema-graph\">{\"@context\":\"https:\\\/\\\/schema.org\",\"@graph\":[{\"@type\":\"Article\",\"@id\":\"https:\\\/\\\/www.anovapeneira.gal\\\/index.php\\\/2025\\\/06\\\/04\\\/o-concello-de-bueu-coloca-os-stolpersteine-e-organiza-un-coloquio-sobre-a-memoria-dos-galegos-nos-campos-de-concentracion-nazis\\\/#article\",\"isPartOf\":{\"@id\":\"https:\\\/\\\/www.anovapeneira.gal\\\/index.php\\\/2025\\\/06\\\/04\\\/o-concello-de-bueu-coloca-os-stolpersteine-e-organiza-un-coloquio-sobre-a-memoria-dos-galegos-nos-campos-de-concentracion-nazis\\\/\"},\"author\":{\"name\":\"Redacci\u00f3n A Nova Peneira\",\"@id\":\"https:\\\/\\\/www.anovapeneira.gal\\\/#\\\/schema\\\/person\\\/b93e3f8932e3f8da96334607eb6ac6aa\"},\"headline\":\"O concello de Bueu coloca os \u2018stolpersteine\u2019 e organiza un coloquio sobre a memoria dos galegos nos campos de concentraci\u00f3n nazis\",\"datePublished\":\"2025-06-04T10:00:22+00:00\",\"mainEntityOfPage\":{\"@id\":\"https:\\\/\\\/www.anovapeneira.gal\\\/index.php\\\/2025\\\/06\\\/04\\\/o-concello-de-bueu-coloca-os-stolpersteine-e-organiza-un-coloquio-sobre-a-memoria-dos-galegos-nos-campos-de-concentracion-nazis\\\/\"},\"wordCount\":454,\"commentCount\":0,\"publisher\":{\"@id\":\"https:\\\/\\\/www.anovapeneira.gal\\\/#organization\"},\"image\":{\"@id\":\"https:\\\/\\\/www.anovapeneira.gal\\\/index.php\\\/2025\\\/06\\\/04\\\/o-concello-de-bueu-coloca-os-stolpersteine-e-organiza-un-coloquio-sobre-a-memoria-dos-galegos-nos-campos-de-concentracion-nazis\\\/#primaryimage\"},\"thumbnailUrl\":\"https:\\\/\\\/www.anovapeneira.gal\\\/wp-content\\\/uploads\\\/2025\\\/06\\\/STOLPERSTEINE.jpg\",\"keywords\":[\"Concello de Bueu\"],\"articleSection\":[\"Morrazo\"],\"inLanguage\":\"gl-ES\",\"potentialAction\":[{\"@type\":\"CommentAction\",\"name\":\"Comment\",\"target\":[\"https:\\\/\\\/www.anovapeneira.gal\\\/index.php\\\/2025\\\/06\\\/04\\\/o-concello-de-bueu-coloca-os-stolpersteine-e-organiza-un-coloquio-sobre-a-memoria-dos-galegos-nos-campos-de-concentracion-nazis\\\/#respond\"]}]},{\"@type\":\"WebPage\",\"@id\":\"https:\\\/\\\/www.anovapeneira.gal\\\/index.php\\\/2025\\\/06\\\/04\\\/o-concello-de-bueu-coloca-os-stolpersteine-e-organiza-un-coloquio-sobre-a-memoria-dos-galegos-nos-campos-de-concentracion-nazis\\\/\",\"url\":\"https:\\\/\\\/www.anovapeneira.gal\\\/index.php\\\/2025\\\/06\\\/04\\\/o-concello-de-bueu-coloca-os-stolpersteine-e-organiza-un-coloquio-sobre-a-memoria-dos-galegos-nos-campos-de-concentracion-nazis\\\/\",\"name\":\"O concello de Bueu coloca os \u2018stolpersteine\u2019 e organiza un coloquio sobre a memoria dos galegos nos campos de concentraci\u00f3n nazis -\",\"isPartOf\":{\"@id\":\"https:\\\/\\\/www.anovapeneira.gal\\\/#website\"},\"primaryImageOfPage\":{\"@id\":\"https:\\\/\\\/www.anovapeneira.gal\\\/index.php\\\/2025\\\/06\\\/04\\\/o-concello-de-bueu-coloca-os-stolpersteine-e-organiza-un-coloquio-sobre-a-memoria-dos-galegos-nos-campos-de-concentracion-nazis\\\/#primaryimage\"},\"image\":{\"@id\":\"https:\\\/\\\/www.anovapeneira.gal\\\/index.php\\\/2025\\\/06\\\/04\\\/o-concello-de-bueu-coloca-os-stolpersteine-e-organiza-un-coloquio-sobre-a-memoria-dos-galegos-nos-campos-de-concentracion-nazis\\\/#primaryimage\"},\"thumbnailUrl\":\"https:\\\/\\\/www.anovapeneira.gal\\\/wp-content\\\/uploads\\\/2025\\\/06\\\/STOLPERSTEINE.jpg\",\"datePublished\":\"2025-06-04T10:00:22+00:00\",\"breadcrumb\":{\"@id\":\"https:\\\/\\\/www.anovapeneira.gal\\\/index.php\\\/2025\\\/06\\\/04\\\/o-concello-de-bueu-coloca-os-stolpersteine-e-organiza-un-coloquio-sobre-a-memoria-dos-galegos-nos-campos-de-concentracion-nazis\\\/#breadcrumb\"},\"inLanguage\":\"gl-ES\",\"potentialAction\":[{\"@type\":\"ReadAction\",\"target\":[\"https:\\\/\\\/www.anovapeneira.gal\\\/index.php\\\/2025\\\/06\\\/04\\\/o-concello-de-bueu-coloca-os-stolpersteine-e-organiza-un-coloquio-sobre-a-memoria-dos-galegos-nos-campos-de-concentracion-nazis\\\/\"]}]},{\"@type\":\"ImageObject\",\"inLanguage\":\"gl-ES\",\"@id\":\"https:\\\/\\\/www.anovapeneira.gal\\\/index.php\\\/2025\\\/06\\\/04\\\/o-concello-de-bueu-coloca-os-stolpersteine-e-organiza-un-coloquio-sobre-a-memoria-dos-galegos-nos-campos-de-concentracion-nazis\\\/#primaryimage\",\"url\":\"https:\\\/\\\/www.anovapeneira.gal\\\/wp-content\\\/uploads\\\/2025\\\/06\\\/STOLPERSTEINE.jpg\",\"contentUrl\":\"https:\\\/\\\/www.anovapeneira.gal\\\/wp-content\\\/uploads\\\/2025\\\/06\\\/STOLPERSTEINE.jpg\",\"width\":1920,\"height\":1146},{\"@type\":\"BreadcrumbList\",\"@id\":\"https:\\\/\\\/www.anovapeneira.gal\\\/index.php\\\/2025\\\/06\\\/04\\\/o-concello-de-bueu-coloca-os-stolpersteine-e-organiza-un-coloquio-sobre-a-memoria-dos-galegos-nos-campos-de-concentracion-nazis\\\/#breadcrumb\",\"itemListElement\":[{\"@type\":\"ListItem\",\"position\":1,\"name\":\"Portada\",\"item\":\"https:\\\/\\\/www.anovapeneira.gal\\\/\"},{\"@type\":\"ListItem\",\"position\":2,\"name\":\"O concello de Bueu coloca os \u2018stolpersteine\u2019 e organiza un coloquio sobre a memoria dos galegos nos campos de concentraci\u00f3n nazis\"}]},{\"@type\":\"WebSite\",\"@id\":\"https:\\\/\\\/www.anovapeneira.gal\\\/#website\",\"url\":\"https:\\\/\\\/www.anovapeneira.gal\\\/\",\"name\":\"\",\"description\":\"Xornal galego de informaci\u00f3n xeral Publicaci\u00f3n mensual de novas de Galicia e en especial dos Concellos da sur da provincia de Pontevedra.\",\"publisher\":{\"@id\":\"https:\\\/\\\/www.anovapeneira.gal\\\/#organization\"},\"potentialAction\":[{\"@type\":\"SearchAction\",\"target\":{\"@type\":\"EntryPoint\",\"urlTemplate\":\"https:\\\/\\\/www.anovapeneira.gal\\\/?s={search_term_string}\"},\"query-input\":{\"@type\":\"PropertyValueSpecification\",\"valueRequired\":true,\"valueName\":\"search_term_string\"}}],\"inLanguage\":\"gl-ES\"},{\"@type\":\"Organization\",\"@id\":\"https:\\\/\\\/www.anovapeneira.gal\\\/#organization\",\"name\":\"A Nova Peneira\",\"url\":\"https:\\\/\\\/www.anovapeneira.gal\\\/\",\"logo\":{\"@type\":\"ImageObject\",\"inLanguage\":\"gl-ES\",\"@id\":\"https:\\\/\\\/www.anovapeneira.gal\\\/#\\\/schema\\\/logo\\\/image\\\/\",\"url\":\"http:\\\/\\\/www.anovapeneira.gal\\\/wp-content\\\/uploads\\\/2019\\\/06\\\/logo_a_nova_peneira_portal_web.png\",\"contentUrl\":\"http:\\\/\\\/www.anovapeneira.gal\\\/wp-content\\\/uploads\\\/2019\\\/06\\\/logo_a_nova_peneira_portal_web.png\",\"width\":300,\"height\":100,\"caption\":\"A Nova Peneira\"},\"image\":{\"@id\":\"https:\\\/\\\/www.anovapeneira.gal\\\/#\\\/schema\\\/logo\\\/image\\\/\"},\"sameAs\":[\"https:\\\/\\\/www.facebook.com\\\/anovapeneira\",\"https:\\\/\\\/x.com\\\/APeneira\"]},{\"@type\":\"Person\",\"@id\":\"https:\\\/\\\/www.anovapeneira.gal\\\/#\\\/schema\\\/person\\\/b93e3f8932e3f8da96334607eb6ac6aa\",\"name\":\"Redacci\u00f3n A Nova Peneira\",\"image\":{\"@type\":\"ImageObject\",\"inLanguage\":\"gl-ES\",\"@id\":\"https:\\\/\\\/secure.gravatar.com\\\/avatar\\\/c052a2551a06e23fac63626232eaa90abd78dbcf1700fc46a2b2c89fd27b735f?s=96&d=mm&r=g\",\"url\":\"https:\\\/\\\/secure.gravatar.com\\\/avatar\\\/c052a2551a06e23fac63626232eaa90abd78dbcf1700fc46a2b2c89fd27b735f?s=96&d=mm&r=g\",\"contentUrl\":\"https:\\\/\\\/secure.gravatar.com\\\/avatar\\\/c052a2551a06e23fac63626232eaa90abd78dbcf1700fc46a2b2c89fd27b735f?s=96&d=mm&r=g\",\"caption\":\"Redacci\u00f3n A Nova Peneira\"},\"sameAs\":[\"http:\\\/\\\/www.anovapeneira.gal\\\/\"],\"url\":\"https:\\\/\\\/www.anovapeneira.gal\\\/index.php\\\/author\\\/redactor\\\/\"}]}<\/script>\n<!-- \/ Yoast SEO plugin. -->","yoast_head_json":{"title":"O concello de Bueu coloca os \u2018stolpersteine\u2019 e organiza un coloquio sobre a memoria dos galegos nos campos de concentraci\u00f3n nazis -","robots":{"index":"index","follow":"follow","max-snippet":"max-snippet:-1","max-image-preview":"max-image-preview:large","max-video-preview":"max-video-preview:-1"},"canonical":"https:\/\/www.anovapeneira.gal\/index.php\/2025\/06\/04\/o-concello-de-bueu-coloca-os-stolpersteine-e-organiza-un-coloquio-sobre-a-memoria-dos-galegos-nos-campos-de-concentracion-nazis\/","og_locale":"gl_ES","og_type":"article","og_title":"O concello de Bueu coloca os \u2018stolpersteine\u2019 e organiza un coloquio sobre a memoria dos galegos nos campos de concentraci\u00f3n nazis -","og_description":"O acto ter\u00e1 lugar este venres, 30 de maio, xunto ao monumento de Johan Carballeira, na Banda do R\u00edo, e complementarase cunha conferencia da historiadora Mar\u00eda Torres [...]","og_url":"https:\/\/www.anovapeneira.gal\/index.php\/2025\/06\/04\/o-concello-de-bueu-coloca-os-stolpersteine-e-organiza-un-coloquio-sobre-a-memoria-dos-galegos-nos-campos-de-concentracion-nazis\/","article_publisher":"https:\/\/www.facebook.com\/anovapeneira","article_published_time":"2025-06-04T10:00:22+00:00","og_image":[{"width":1920,"height":1146,"url":"https:\/\/www.anovapeneira.gal\/wp-content\/uploads\/2025\/06\/STOLPERSTEINE.jpg","type":"image\/jpeg"}],"author":"Redacci\u00f3n A Nova Peneira","twitter_card":"summary_large_image","twitter_creator":"@APeneira","twitter_site":"@APeneira","twitter_misc":{"Escrito por":"Redacci\u00f3n A Nova Peneira","Tempo de lectura":"3 minutos"},"schema":{"@context":"https:\/\/schema.org","@graph":[{"@type":"Article","@id":"https:\/\/www.anovapeneira.gal\/index.php\/2025\/06\/04\/o-concello-de-bueu-coloca-os-stolpersteine-e-organiza-un-coloquio-sobre-a-memoria-dos-galegos-nos-campos-de-concentracion-nazis\/#article","isPartOf":{"@id":"https:\/\/www.anovapeneira.gal\/index.php\/2025\/06\/04\/o-concello-de-bueu-coloca-os-stolpersteine-e-organiza-un-coloquio-sobre-a-memoria-dos-galegos-nos-campos-de-concentracion-nazis\/"},"author":{"name":"Redacci\u00f3n A Nova Peneira","@id":"https:\/\/www.anovapeneira.gal\/#\/schema\/person\/b93e3f8932e3f8da96334607eb6ac6aa"},"headline":"O concello de Bueu coloca os \u2018stolpersteine\u2019 e organiza un coloquio sobre a memoria dos galegos nos campos de concentraci\u00f3n nazis","datePublished":"2025-06-04T10:00:22+00:00","mainEntityOfPage":{"@id":"https:\/\/www.anovapeneira.gal\/index.php\/2025\/06\/04\/o-concello-de-bueu-coloca-os-stolpersteine-e-organiza-un-coloquio-sobre-a-memoria-dos-galegos-nos-campos-de-concentracion-nazis\/"},"wordCount":454,"commentCount":0,"publisher":{"@id":"https:\/\/www.anovapeneira.gal\/#organization"},"image":{"@id":"https:\/\/www.anovapeneira.gal\/index.php\/2025\/06\/04\/o-concello-de-bueu-coloca-os-stolpersteine-e-organiza-un-coloquio-sobre-a-memoria-dos-galegos-nos-campos-de-concentracion-nazis\/#primaryimage"},"thumbnailUrl":"https:\/\/www.anovapeneira.gal\/wp-content\/uploads\/2025\/06\/STOLPERSTEINE.jpg","keywords":["Concello de Bueu"],"articleSection":["Morrazo"],"inLanguage":"gl-ES","potentialAction":[{"@type":"CommentAction","name":"Comment","target":["https:\/\/www.anovapeneira.gal\/index.php\/2025\/06\/04\/o-concello-de-bueu-coloca-os-stolpersteine-e-organiza-un-coloquio-sobre-a-memoria-dos-galegos-nos-campos-de-concentracion-nazis\/#respond"]}]},{"@type":"WebPage","@id":"https:\/\/www.anovapeneira.gal\/index.php\/2025\/06\/04\/o-concello-de-bueu-coloca-os-stolpersteine-e-organiza-un-coloquio-sobre-a-memoria-dos-galegos-nos-campos-de-concentracion-nazis\/","url":"https:\/\/www.anovapeneira.gal\/index.php\/2025\/06\/04\/o-concello-de-bueu-coloca-os-stolpersteine-e-organiza-un-coloquio-sobre-a-memoria-dos-galegos-nos-campos-de-concentracion-nazis\/","name":"O concello de Bueu coloca os \u2018stolpersteine\u2019 e organiza un coloquio sobre a memoria dos galegos nos campos de concentraci\u00f3n nazis -","isPartOf":{"@id":"https:\/\/www.anovapeneira.gal\/#website"},"primaryImageOfPage":{"@id":"https:\/\/www.anovapeneira.gal\/index.php\/2025\/06\/04\/o-concello-de-bueu-coloca-os-stolpersteine-e-organiza-un-coloquio-sobre-a-memoria-dos-galegos-nos-campos-de-concentracion-nazis\/#primaryimage"},"image":{"@id":"https:\/\/www.anovapeneira.gal\/index.php\/2025\/06\/04\/o-concello-de-bueu-coloca-os-stolpersteine-e-organiza-un-coloquio-sobre-a-memoria-dos-galegos-nos-campos-de-concentracion-nazis\/#primaryimage"},"thumbnailUrl":"https:\/\/www.anovapeneira.gal\/wp-content\/uploads\/2025\/06\/STOLPERSTEINE.jpg","datePublished":"2025-06-04T10:00:22+00:00","breadcrumb":{"@id":"https:\/\/www.anovapeneira.gal\/index.php\/2025\/06\/04\/o-concello-de-bueu-coloca-os-stolpersteine-e-organiza-un-coloquio-sobre-a-memoria-dos-galegos-nos-campos-de-concentracion-nazis\/#breadcrumb"},"inLanguage":"gl-ES","potentialAction":[{"@type":"ReadAction","target":["https:\/\/www.anovapeneira.gal\/index.php\/2025\/06\/04\/o-concello-de-bueu-coloca-os-stolpersteine-e-organiza-un-coloquio-sobre-a-memoria-dos-galegos-nos-campos-de-concentracion-nazis\/"]}]},{"@type":"ImageObject","inLanguage":"gl-ES","@id":"https:\/\/www.anovapeneira.gal\/index.php\/2025\/06\/04\/o-concello-de-bueu-coloca-os-stolpersteine-e-organiza-un-coloquio-sobre-a-memoria-dos-galegos-nos-campos-de-concentracion-nazis\/#primaryimage","url":"https:\/\/www.anovapeneira.gal\/wp-content\/uploads\/2025\/06\/STOLPERSTEINE.jpg","contentUrl":"https:\/\/www.anovapeneira.gal\/wp-content\/uploads\/2025\/06\/STOLPERSTEINE.jpg","width":1920,"height":1146},{"@type":"BreadcrumbList","@id":"https:\/\/www.anovapeneira.gal\/index.php\/2025\/06\/04\/o-concello-de-bueu-coloca-os-stolpersteine-e-organiza-un-coloquio-sobre-a-memoria-dos-galegos-nos-campos-de-concentracion-nazis\/#breadcrumb","itemListElement":[{"@type":"ListItem","position":1,"name":"Portada","item":"https:\/\/www.anovapeneira.gal\/"},{"@type":"ListItem","position":2,"name":"O concello de Bueu coloca os \u2018stolpersteine\u2019 e organiza un coloquio sobre a memoria dos galegos nos campos de concentraci\u00f3n nazis"}]},{"@type":"WebSite","@id":"https:\/\/www.anovapeneira.gal\/#website","url":"https:\/\/www.anovapeneira.gal\/","name":"","description":"Xornal galego de informaci\u00f3n xeral Publicaci\u00f3n mensual de novas de Galicia e en especial dos Concellos da sur da provincia de Pontevedra.","publisher":{"@id":"https:\/\/www.anovapeneira.gal\/#organization"},"potentialAction":[{"@type":"SearchAction","target":{"@type":"EntryPoint","urlTemplate":"https:\/\/www.anovapeneira.gal\/?s={search_term_string}"},"query-input":{"@type":"PropertyValueSpecification","valueRequired":true,"valueName":"search_term_string"}}],"inLanguage":"gl-ES"},{"@type":"Organization","@id":"https:\/\/www.anovapeneira.gal\/#organization","name":"A Nova Peneira","url":"https:\/\/www.anovapeneira.gal\/","logo":{"@type":"ImageObject","inLanguage":"gl-ES","@id":"https:\/\/www.anovapeneira.gal\/#\/schema\/logo\/image\/","url":"http:\/\/www.anovapeneira.gal\/wp-content\/uploads\/2019\/06\/logo_a_nova_peneira_portal_web.png","contentUrl":"http:\/\/www.anovapeneira.gal\/wp-content\/uploads\/2019\/06\/logo_a_nova_peneira_portal_web.png","width":300,"height":100,"caption":"A Nova Peneira"},"image":{"@id":"https:\/\/www.anovapeneira.gal\/#\/schema\/logo\/image\/"},"sameAs":["https:\/\/www.facebook.com\/anovapeneira","https:\/\/x.com\/APeneira"]},{"@type":"Person","@id":"https:\/\/www.anovapeneira.gal\/#\/schema\/person\/b93e3f8932e3f8da96334607eb6ac6aa","name":"Redacci\u00f3n A Nova Peneira","image":{"@type":"ImageObject","inLanguage":"gl-ES","@id":"https:\/\/secure.gravatar.com\/avatar\/c052a2551a06e23fac63626232eaa90abd78dbcf1700fc46a2b2c89fd27b735f?s=96&d=mm&r=g","url":"https:\/\/secure.gravatar.com\/avatar\/c052a2551a06e23fac63626232eaa90abd78dbcf1700fc46a2b2c89fd27b735f?s=96&d=mm&r=g","contentUrl":"https:\/\/secure.gravatar.com\/avatar\/c052a2551a06e23fac63626232eaa90abd78dbcf1700fc46a2b2c89fd27b735f?s=96&d=mm&r=g","caption":"Redacci\u00f3n A Nova Peneira"},"sameAs":["http:\/\/www.anovapeneira.gal\/"],"url":"https:\/\/www.anovapeneira.gal\/index.php\/author\/redactor\/"}]}},"jetpack_featured_media_url":"https:\/\/www.anovapeneira.gal\/wp-content\/uploads\/2025\/06\/STOLPERSTEINE.jpg","_links":{"self":[{"href":"https:\/\/www.anovapeneira.gal\/index.php\/wp-json\/wp\/v2\/posts\/13998","targetHints":{"allow":["GET"]}}],"collection":[{"href":"https:\/\/www.anovapeneira.gal\/index.php\/wp-json\/wp\/v2\/posts"}],"about":[{"href":"https:\/\/www.anovapeneira.gal\/index.php\/wp-json\/wp\/v2\/types\/post"}],"author":[{"embeddable":true,"href":"https:\/\/www.anovapeneira.gal\/index.php\/wp-json\/wp\/v2\/users\/3"}],"replies":[{"embeddable":true,"href":"https:\/\/www.anovapeneira.gal\/index.php\/wp-json\/wp\/v2\/comments?post=13998"}],"version-history":[{"count":1,"href":"https:\/\/www.anovapeneira.gal\/index.php\/wp-json\/wp\/v2\/posts\/13998\/revisions"}],"predecessor-version":[{"id":14001,"href":"https:\/\/www.anovapeneira.gal\/index.php\/wp-json\/wp\/v2\/posts\/13998\/revisions\/14001"}],"wp:featuredmedia":[{"embeddable":true,"href":"https:\/\/www.anovapeneira.gal\/index.php\/wp-json\/wp\/v2\/media\/13999"}],"wp:attachment":[{"href":"https:\/\/www.anovapeneira.gal\/index.php\/wp-json\/wp\/v2\/media?parent=13998"}],"wp:term":[{"taxonomy":"category","embeddable":true,"href":"https:\/\/www.anovapeneira.gal\/index.php\/wp-json\/wp\/v2\/categories?post=13998"},{"taxonomy":"post_tag","embeddable":true,"href":"https:\/\/www.anovapeneira.gal\/index.php\/wp-json\/wp\/v2\/tags?post=13998"}],"curies":[{"name":"wp","href":"https:\/\/api.w.org\/{rel}","templated":true}]}}