{"id":14016,"date":"2025-06-05T07:04:00","date_gmt":"2025-06-05T05:04:00","guid":{"rendered":"https:\/\/www.anovapeneira.gal\/?p=14016"},"modified":"2025-06-05T07:04:01","modified_gmt":"2025-06-05T05:04:01","slug":"o-gran-poeta-do-baixo-mino-francisco-alvarez-koki-acompanado-polo-director-da-peneira-tino-lago-presenta-o-venres-6-as-2030-os-seus-libros-na-slc-de-reboreda","status":"publish","type":"post","link":"https:\/\/www.anovapeneira.gal\/index.php\/2025\/06\/05\/o-gran-poeta-do-baixo-mino-francisco-alvarez-koki-acompanado-polo-director-da-peneira-tino-lago-presenta-o-venres-6-as-2030-os-seus-libros-na-slc-de-reboreda\/","title":{"rendered":"O gran poeta do Baixo Mi\u00f1o, Francisco \u00c1lvarez \u201c Koki\u201d, acompa\u00f1ado polo director da Peneira, Tino Lago, presenta o venres 6 \u00e1s 20:30 os seus libros na SLC de Reboreda"},"content":{"rendered":"\n<p>Este venres 6 de xu\u00f1o, teremos a ledicia e a oportunidade de ter con nos o poeta da Guarda Francisco \u00c1lvarez Koki. Autor de unha obra importante en diferentes x\u00e9neros, poes\u00eda, narrativa (libros) ilustrados para nenos e tam\u00e9n cunha incursi\u00f3n no teatro coa obra co dramaturgo colombiano Miguel Falquez, colaboraci\u00f3n coa que ganaron o premio Novas Voces, coa obra de tema social Quemar las Naves. Convocada pola compa\u00f1\u00eda de teatro Repertorio espa\u00f1ol. Koki quen tam\u00e9n e produto da emigraci\u00f3n am\u00f3sanos nestas d\u00faas obras, Ratas en Manhattan, narrativa e Mais al\u00f3 de Fisterra poes\u00eda, que na vida e no ser, o tema social ten que ter unha vital importancia, pois f\u00e1lanos da dignidade e os dereitos de cada un. Hoxe mais que nunca a defensa e a solidariedade e moi necesaria ante os sucesos que son malas novas de cada d\u00eda. Por iso nestes e outros textos Francisco \u00c1lvarez Koki,<\/p>\n\n\n\n<h2 class=\"wp-block-heading\">f\u00e1lanos da autenticidade, desa auga tan escasa hoxe en d\u00eda.<\/h2>\n","protected":false},"excerpt":{"rendered":"<div class=\"mh-excerpt\"><p>Este venres 6 de xu\u00f1o, teremos a ledicia e a oportunidade de ter con nos o poeta da Guarda Francisco \u00c1lvarez Koki <a class=\"mh-excerpt-more\" href=\"https:\/\/www.anovapeneira.gal\/index.php\/2025\/06\/05\/o-gran-poeta-do-baixo-mino-francisco-alvarez-koki-acompanado-polo-director-da-peneira-tino-lago-presenta-o-venres-6-as-2030-os-seus-libros-na-slc-de-reboreda\/\" title=\"O gran poeta do Baixo Mi\u00f1o, Francisco \u00c1lvarez \u201c Koki\u201d, acompa\u00f1ado polo director da Peneira, Tino Lago, presenta o venres 6 \u00e1s 20:30 os seus libros na SLC de Reboreda\">[&#8230;]<\/a><\/p>\n<\/div>","protected":false},"author":3,"featured_media":14017,"comment_status":"open","ping_status":"open","sticky":false,"template":"","format":"standard","meta":{"_exactmetrics_skip_tracking":false,"_exactmetrics_sitenote_active":false,"_exactmetrics_sitenote_note":"","_exactmetrics_sitenote_category":0,"footnotes":""},"categories":[24],"tags":[171],"class_list":{"0":"post-14016","1":"post","2":"type-post","3":"status-publish","4":"format-standard","5":"has-post-thumbnail","7":"category-redondela","8":"tag-concello-de-redondela"},"yoast_head":"<!-- This site is optimized with the Yoast SEO plugin v27.4 - https:\/\/yoast.com\/product\/yoast-seo-wordpress\/ -->\n<title>O gran poeta do Baixo Mi\u00f1o, Francisco \u00c1lvarez \u201c Koki\u201d, acompa\u00f1ado polo director da Peneira, Tino Lago, presenta o venres 6 \u00e1s 20:30 os seus libros na SLC de Reboreda -<\/title>\n<meta name=\"robots\" content=\"index, follow, max-snippet:-1, max-image-preview:large, max-video-preview:-1\" \/>\n<link rel=\"canonical\" href=\"https:\/\/www.anovapeneira.gal\/index.php\/2025\/06\/05\/o-gran-poeta-do-baixo-mino-francisco-alvarez-koki-acompanado-polo-director-da-peneira-tino-lago-presenta-o-venres-6-as-2030-os-seus-libros-na-slc-de-reboreda\/\" \/>\n<meta property=\"og:locale\" content=\"gl_ES\" \/>\n<meta property=\"og:type\" content=\"article\" \/>\n<meta property=\"og:title\" content=\"O gran poeta do Baixo Mi\u00f1o, Francisco \u00c1lvarez \u201c Koki\u201d, acompa\u00f1ado polo director da Peneira, Tino Lago, presenta o venres 6 \u00e1s 20:30 os seus libros na SLC de Reboreda -\" \/>\n<meta property=\"og:description\" content=\"Este venres 6 de xu\u00f1o, teremos a ledicia e a oportunidade de ter con nos o poeta da Guarda Francisco \u00c1lvarez Koki [...]\" \/>\n<meta property=\"og:url\" content=\"https:\/\/www.anovapeneira.gal\/index.php\/2025\/06\/05\/o-gran-poeta-do-baixo-mino-francisco-alvarez-koki-acompanado-polo-director-da-peneira-tino-lago-presenta-o-venres-6-as-2030-os-seus-libros-na-slc-de-reboreda\/\" \/>\n<meta property=\"article:publisher\" content=\"https:\/\/www.facebook.com\/anovapeneira\" \/>\n<meta property=\"article:published_time\" content=\"2025-06-05T05:04:00+00:00\" \/>\n<meta property=\"article:modified_time\" content=\"2025-06-05T05:04:01+00:00\" \/>\n<meta property=\"og:image\" content=\"https:\/\/www.anovapeneira.gal\/wp-content\/uploads\/2025\/06\/Koki_mero.jpg\" \/>\n\t<meta property=\"og:image:width\" content=\"2126\" \/>\n\t<meta property=\"og:image:height\" content=\"1275\" \/>\n\t<meta property=\"og:image:type\" content=\"image\/jpeg\" \/>\n<meta name=\"author\" content=\"Redacci\u00f3n A Nova Peneira\" \/>\n<meta name=\"twitter:card\" content=\"summary_large_image\" \/>\n<meta name=\"twitter:creator\" content=\"@APeneira\" \/>\n<meta name=\"twitter:site\" content=\"@APeneira\" \/>\n<meta name=\"twitter:label1\" content=\"Escrito por\" \/>\n\t<meta name=\"twitter:data1\" content=\"Redacci\u00f3n A Nova Peneira\" \/>\n\t<meta name=\"twitter:label2\" content=\"Tempo de lectura\" \/>\n\t<meta name=\"twitter:data2\" content=\"2 minutos\" \/>\n<script type=\"application\/ld+json\" class=\"yoast-schema-graph\">{\"@context\":\"https:\\\/\\\/schema.org\",\"@graph\":[{\"@type\":\"Article\",\"@id\":\"https:\\\/\\\/www.anovapeneira.gal\\\/index.php\\\/2025\\\/06\\\/05\\\/o-gran-poeta-do-baixo-mino-francisco-alvarez-koki-acompanado-polo-director-da-peneira-tino-lago-presenta-o-venres-6-as-2030-os-seus-libros-na-slc-de-reboreda\\\/#article\",\"isPartOf\":{\"@id\":\"https:\\\/\\\/www.anovapeneira.gal\\\/index.php\\\/2025\\\/06\\\/05\\\/o-gran-poeta-do-baixo-mino-francisco-alvarez-koki-acompanado-polo-director-da-peneira-tino-lago-presenta-o-venres-6-as-2030-os-seus-libros-na-slc-de-reboreda\\\/\"},\"author\":{\"name\":\"Redacci\u00f3n A Nova Peneira\",\"@id\":\"https:\\\/\\\/www.anovapeneira.gal\\\/#\\\/schema\\\/person\\\/b93e3f8932e3f8da96334607eb6ac6aa\"},\"headline\":\"O gran poeta do Baixo Mi\u00f1o, Francisco \u00c1lvarez \u201c Koki\u201d, acompa\u00f1ado polo director da Peneira, Tino Lago, presenta o venres 6 \u00e1s 20:30 os seus libros na SLC de Reboreda\",\"datePublished\":\"2025-06-05T05:04:00+00:00\",\"dateModified\":\"2025-06-05T05:04:01+00:00\",\"mainEntityOfPage\":{\"@id\":\"https:\\\/\\\/www.anovapeneira.gal\\\/index.php\\\/2025\\\/06\\\/05\\\/o-gran-poeta-do-baixo-mino-francisco-alvarez-koki-acompanado-polo-director-da-peneira-tino-lago-presenta-o-venres-6-as-2030-os-seus-libros-na-slc-de-reboreda\\\/\"},\"wordCount\":204,\"commentCount\":0,\"publisher\":{\"@id\":\"https:\\\/\\\/www.anovapeneira.gal\\\/#organization\"},\"image\":{\"@id\":\"https:\\\/\\\/www.anovapeneira.gal\\\/index.php\\\/2025\\\/06\\\/05\\\/o-gran-poeta-do-baixo-mino-francisco-alvarez-koki-acompanado-polo-director-da-peneira-tino-lago-presenta-o-venres-6-as-2030-os-seus-libros-na-slc-de-reboreda\\\/#primaryimage\"},\"thumbnailUrl\":\"https:\\\/\\\/www.anovapeneira.gal\\\/wp-content\\\/uploads\\\/2025\\\/06\\\/Koki_mero.jpg\",\"keywords\":[\"Concello de Redondela\"],\"articleSection\":[\"Redondela\"],\"inLanguage\":\"gl-ES\",\"potentialAction\":[{\"@type\":\"CommentAction\",\"name\":\"Comment\",\"target\":[\"https:\\\/\\\/www.anovapeneira.gal\\\/index.php\\\/2025\\\/06\\\/05\\\/o-gran-poeta-do-baixo-mino-francisco-alvarez-koki-acompanado-polo-director-da-peneira-tino-lago-presenta-o-venres-6-as-2030-os-seus-libros-na-slc-de-reboreda\\\/#respond\"]}]},{\"@type\":\"WebPage\",\"@id\":\"https:\\\/\\\/www.anovapeneira.gal\\\/index.php\\\/2025\\\/06\\\/05\\\/o-gran-poeta-do-baixo-mino-francisco-alvarez-koki-acompanado-polo-director-da-peneira-tino-lago-presenta-o-venres-6-as-2030-os-seus-libros-na-slc-de-reboreda\\\/\",\"url\":\"https:\\\/\\\/www.anovapeneira.gal\\\/index.php\\\/2025\\\/06\\\/05\\\/o-gran-poeta-do-baixo-mino-francisco-alvarez-koki-acompanado-polo-director-da-peneira-tino-lago-presenta-o-venres-6-as-2030-os-seus-libros-na-slc-de-reboreda\\\/\",\"name\":\"O gran poeta do Baixo Mi\u00f1o, Francisco \u00c1lvarez \u201c Koki\u201d, acompa\u00f1ado polo director da Peneira, Tino Lago, presenta o venres 6 \u00e1s 20:30 os seus libros na SLC de Reboreda -\",\"isPartOf\":{\"@id\":\"https:\\\/\\\/www.anovapeneira.gal\\\/#website\"},\"primaryImageOfPage\":{\"@id\":\"https:\\\/\\\/www.anovapeneira.gal\\\/index.php\\\/2025\\\/06\\\/05\\\/o-gran-poeta-do-baixo-mino-francisco-alvarez-koki-acompanado-polo-director-da-peneira-tino-lago-presenta-o-venres-6-as-2030-os-seus-libros-na-slc-de-reboreda\\\/#primaryimage\"},\"image\":{\"@id\":\"https:\\\/\\\/www.anovapeneira.gal\\\/index.php\\\/2025\\\/06\\\/05\\\/o-gran-poeta-do-baixo-mino-francisco-alvarez-koki-acompanado-polo-director-da-peneira-tino-lago-presenta-o-venres-6-as-2030-os-seus-libros-na-slc-de-reboreda\\\/#primaryimage\"},\"thumbnailUrl\":\"https:\\\/\\\/www.anovapeneira.gal\\\/wp-content\\\/uploads\\\/2025\\\/06\\\/Koki_mero.jpg\",\"datePublished\":\"2025-06-05T05:04:00+00:00\",\"dateModified\":\"2025-06-05T05:04:01+00:00\",\"breadcrumb\":{\"@id\":\"https:\\\/\\\/www.anovapeneira.gal\\\/index.php\\\/2025\\\/06\\\/05\\\/o-gran-poeta-do-baixo-mino-francisco-alvarez-koki-acompanado-polo-director-da-peneira-tino-lago-presenta-o-venres-6-as-2030-os-seus-libros-na-slc-de-reboreda\\\/#breadcrumb\"},\"inLanguage\":\"gl-ES\",\"potentialAction\":[{\"@type\":\"ReadAction\",\"target\":[\"https:\\\/\\\/www.anovapeneira.gal\\\/index.php\\\/2025\\\/06\\\/05\\\/o-gran-poeta-do-baixo-mino-francisco-alvarez-koki-acompanado-polo-director-da-peneira-tino-lago-presenta-o-venres-6-as-2030-os-seus-libros-na-slc-de-reboreda\\\/\"]}]},{\"@type\":\"ImageObject\",\"inLanguage\":\"gl-ES\",\"@id\":\"https:\\\/\\\/www.anovapeneira.gal\\\/index.php\\\/2025\\\/06\\\/05\\\/o-gran-poeta-do-baixo-mino-francisco-alvarez-koki-acompanado-polo-director-da-peneira-tino-lago-presenta-o-venres-6-as-2030-os-seus-libros-na-slc-de-reboreda\\\/#primaryimage\",\"url\":\"https:\\\/\\\/www.anovapeneira.gal\\\/wp-content\\\/uploads\\\/2025\\\/06\\\/Koki_mero.jpg\",\"contentUrl\":\"https:\\\/\\\/www.anovapeneira.gal\\\/wp-content\\\/uploads\\\/2025\\\/06\\\/Koki_mero.jpg\",\"width\":2126,\"height\":1275},{\"@type\":\"BreadcrumbList\",\"@id\":\"https:\\\/\\\/www.anovapeneira.gal\\\/index.php\\\/2025\\\/06\\\/05\\\/o-gran-poeta-do-baixo-mino-francisco-alvarez-koki-acompanado-polo-director-da-peneira-tino-lago-presenta-o-venres-6-as-2030-os-seus-libros-na-slc-de-reboreda\\\/#breadcrumb\",\"itemListElement\":[{\"@type\":\"ListItem\",\"position\":1,\"name\":\"Portada\",\"item\":\"https:\\\/\\\/www.anovapeneira.gal\\\/\"},{\"@type\":\"ListItem\",\"position\":2,\"name\":\"O gran poeta do Baixo Mi\u00f1o, Francisco \u00c1lvarez \u201c Koki\u201d, acompa\u00f1ado polo director da Peneira, Tino Lago, presenta o venres 6 \u00e1s 20:30 os seus libros na SLC de Reboreda\"}]},{\"@type\":\"WebSite\",\"@id\":\"https:\\\/\\\/www.anovapeneira.gal\\\/#website\",\"url\":\"https:\\\/\\\/www.anovapeneira.gal\\\/\",\"name\":\"\",\"description\":\"Xornal galego de informaci\u00f3n xeral Publicaci\u00f3n mensual de novas de Galicia e en especial dos Concellos da sur da provincia de Pontevedra.\",\"publisher\":{\"@id\":\"https:\\\/\\\/www.anovapeneira.gal\\\/#organization\"},\"potentialAction\":[{\"@type\":\"SearchAction\",\"target\":{\"@type\":\"EntryPoint\",\"urlTemplate\":\"https:\\\/\\\/www.anovapeneira.gal\\\/?s={search_term_string}\"},\"query-input\":{\"@type\":\"PropertyValueSpecification\",\"valueRequired\":true,\"valueName\":\"search_term_string\"}}],\"inLanguage\":\"gl-ES\"},{\"@type\":\"Organization\",\"@id\":\"https:\\\/\\\/www.anovapeneira.gal\\\/#organization\",\"name\":\"A Nova Peneira\",\"url\":\"https:\\\/\\\/www.anovapeneira.gal\\\/\",\"logo\":{\"@type\":\"ImageObject\",\"inLanguage\":\"gl-ES\",\"@id\":\"https:\\\/\\\/www.anovapeneira.gal\\\/#\\\/schema\\\/logo\\\/image\\\/\",\"url\":\"http:\\\/\\\/www.anovapeneira.gal\\\/wp-content\\\/uploads\\\/2019\\\/06\\\/logo_a_nova_peneira_portal_web.png\",\"contentUrl\":\"http:\\\/\\\/www.anovapeneira.gal\\\/wp-content\\\/uploads\\\/2019\\\/06\\\/logo_a_nova_peneira_portal_web.png\",\"width\":300,\"height\":100,\"caption\":\"A Nova Peneira\"},\"image\":{\"@id\":\"https:\\\/\\\/www.anovapeneira.gal\\\/#\\\/schema\\\/logo\\\/image\\\/\"},\"sameAs\":[\"https:\\\/\\\/www.facebook.com\\\/anovapeneira\",\"https:\\\/\\\/x.com\\\/APeneira\"]},{\"@type\":\"Person\",\"@id\":\"https:\\\/\\\/www.anovapeneira.gal\\\/#\\\/schema\\\/person\\\/b93e3f8932e3f8da96334607eb6ac6aa\",\"name\":\"Redacci\u00f3n A Nova Peneira\",\"image\":{\"@type\":\"ImageObject\",\"inLanguage\":\"gl-ES\",\"@id\":\"https:\\\/\\\/secure.gravatar.com\\\/avatar\\\/c052a2551a06e23fac63626232eaa90abd78dbcf1700fc46a2b2c89fd27b735f?s=96&d=mm&r=g\",\"url\":\"https:\\\/\\\/secure.gravatar.com\\\/avatar\\\/c052a2551a06e23fac63626232eaa90abd78dbcf1700fc46a2b2c89fd27b735f?s=96&d=mm&r=g\",\"contentUrl\":\"https:\\\/\\\/secure.gravatar.com\\\/avatar\\\/c052a2551a06e23fac63626232eaa90abd78dbcf1700fc46a2b2c89fd27b735f?s=96&d=mm&r=g\",\"caption\":\"Redacci\u00f3n A Nova Peneira\"},\"sameAs\":[\"http:\\\/\\\/www.anovapeneira.gal\\\/\"],\"url\":\"https:\\\/\\\/www.anovapeneira.gal\\\/index.php\\\/author\\\/redactor\\\/\"}]}<\/script>\n<!-- \/ Yoast SEO plugin. -->","yoast_head_json":{"title":"O gran poeta do Baixo Mi\u00f1o, Francisco \u00c1lvarez \u201c Koki\u201d, acompa\u00f1ado polo director da Peneira, Tino Lago, presenta o venres 6 \u00e1s 20:30 os seus libros na SLC de Reboreda -","robots":{"index":"index","follow":"follow","max-snippet":"max-snippet:-1","max-image-preview":"max-image-preview:large","max-video-preview":"max-video-preview:-1"},"canonical":"https:\/\/www.anovapeneira.gal\/index.php\/2025\/06\/05\/o-gran-poeta-do-baixo-mino-francisco-alvarez-koki-acompanado-polo-director-da-peneira-tino-lago-presenta-o-venres-6-as-2030-os-seus-libros-na-slc-de-reboreda\/","og_locale":"gl_ES","og_type":"article","og_title":"O gran poeta do Baixo Mi\u00f1o, Francisco \u00c1lvarez \u201c Koki\u201d, acompa\u00f1ado polo director da Peneira, Tino Lago, presenta o venres 6 \u00e1s 20:30 os seus libros na SLC de Reboreda -","og_description":"Este venres 6 de xu\u00f1o, teremos a ledicia e a oportunidade de ter con nos o poeta da Guarda Francisco \u00c1lvarez Koki [...]","og_url":"https:\/\/www.anovapeneira.gal\/index.php\/2025\/06\/05\/o-gran-poeta-do-baixo-mino-francisco-alvarez-koki-acompanado-polo-director-da-peneira-tino-lago-presenta-o-venres-6-as-2030-os-seus-libros-na-slc-de-reboreda\/","article_publisher":"https:\/\/www.facebook.com\/anovapeneira","article_published_time":"2025-06-05T05:04:00+00:00","article_modified_time":"2025-06-05T05:04:01+00:00","og_image":[{"width":2126,"height":1275,"url":"https:\/\/www.anovapeneira.gal\/wp-content\/uploads\/2025\/06\/Koki_mero.jpg","type":"image\/jpeg"}],"author":"Redacci\u00f3n A Nova Peneira","twitter_card":"summary_large_image","twitter_creator":"@APeneira","twitter_site":"@APeneira","twitter_misc":{"Escrito por":"Redacci\u00f3n A Nova Peneira","Tempo de lectura":"2 minutos"},"schema":{"@context":"https:\/\/schema.org","@graph":[{"@type":"Article","@id":"https:\/\/www.anovapeneira.gal\/index.php\/2025\/06\/05\/o-gran-poeta-do-baixo-mino-francisco-alvarez-koki-acompanado-polo-director-da-peneira-tino-lago-presenta-o-venres-6-as-2030-os-seus-libros-na-slc-de-reboreda\/#article","isPartOf":{"@id":"https:\/\/www.anovapeneira.gal\/index.php\/2025\/06\/05\/o-gran-poeta-do-baixo-mino-francisco-alvarez-koki-acompanado-polo-director-da-peneira-tino-lago-presenta-o-venres-6-as-2030-os-seus-libros-na-slc-de-reboreda\/"},"author":{"name":"Redacci\u00f3n A Nova Peneira","@id":"https:\/\/www.anovapeneira.gal\/#\/schema\/person\/b93e3f8932e3f8da96334607eb6ac6aa"},"headline":"O gran poeta do Baixo Mi\u00f1o, Francisco \u00c1lvarez \u201c Koki\u201d, acompa\u00f1ado polo director da Peneira, Tino Lago, presenta o venres 6 \u00e1s 20:30 os seus libros na SLC de Reboreda","datePublished":"2025-06-05T05:04:00+00:00","dateModified":"2025-06-05T05:04:01+00:00","mainEntityOfPage":{"@id":"https:\/\/www.anovapeneira.gal\/index.php\/2025\/06\/05\/o-gran-poeta-do-baixo-mino-francisco-alvarez-koki-acompanado-polo-director-da-peneira-tino-lago-presenta-o-venres-6-as-2030-os-seus-libros-na-slc-de-reboreda\/"},"wordCount":204,"commentCount":0,"publisher":{"@id":"https:\/\/www.anovapeneira.gal\/#organization"},"image":{"@id":"https:\/\/www.anovapeneira.gal\/index.php\/2025\/06\/05\/o-gran-poeta-do-baixo-mino-francisco-alvarez-koki-acompanado-polo-director-da-peneira-tino-lago-presenta-o-venres-6-as-2030-os-seus-libros-na-slc-de-reboreda\/#primaryimage"},"thumbnailUrl":"https:\/\/www.anovapeneira.gal\/wp-content\/uploads\/2025\/06\/Koki_mero.jpg","keywords":["Concello de Redondela"],"articleSection":["Redondela"],"inLanguage":"gl-ES","potentialAction":[{"@type":"CommentAction","name":"Comment","target":["https:\/\/www.anovapeneira.gal\/index.php\/2025\/06\/05\/o-gran-poeta-do-baixo-mino-francisco-alvarez-koki-acompanado-polo-director-da-peneira-tino-lago-presenta-o-venres-6-as-2030-os-seus-libros-na-slc-de-reboreda\/#respond"]}]},{"@type":"WebPage","@id":"https:\/\/www.anovapeneira.gal\/index.php\/2025\/06\/05\/o-gran-poeta-do-baixo-mino-francisco-alvarez-koki-acompanado-polo-director-da-peneira-tino-lago-presenta-o-venres-6-as-2030-os-seus-libros-na-slc-de-reboreda\/","url":"https:\/\/www.anovapeneira.gal\/index.php\/2025\/06\/05\/o-gran-poeta-do-baixo-mino-francisco-alvarez-koki-acompanado-polo-director-da-peneira-tino-lago-presenta-o-venres-6-as-2030-os-seus-libros-na-slc-de-reboreda\/","name":"O gran poeta do Baixo Mi\u00f1o, Francisco \u00c1lvarez \u201c Koki\u201d, acompa\u00f1ado polo director da Peneira, Tino Lago, presenta o venres 6 \u00e1s 20:30 os seus libros na SLC de Reboreda -","isPartOf":{"@id":"https:\/\/www.anovapeneira.gal\/#website"},"primaryImageOfPage":{"@id":"https:\/\/www.anovapeneira.gal\/index.php\/2025\/06\/05\/o-gran-poeta-do-baixo-mino-francisco-alvarez-koki-acompanado-polo-director-da-peneira-tino-lago-presenta-o-venres-6-as-2030-os-seus-libros-na-slc-de-reboreda\/#primaryimage"},"image":{"@id":"https:\/\/www.anovapeneira.gal\/index.php\/2025\/06\/05\/o-gran-poeta-do-baixo-mino-francisco-alvarez-koki-acompanado-polo-director-da-peneira-tino-lago-presenta-o-venres-6-as-2030-os-seus-libros-na-slc-de-reboreda\/#primaryimage"},"thumbnailUrl":"https:\/\/www.anovapeneira.gal\/wp-content\/uploads\/2025\/06\/Koki_mero.jpg","datePublished":"2025-06-05T05:04:00+00:00","dateModified":"2025-06-05T05:04:01+00:00","breadcrumb":{"@id":"https:\/\/www.anovapeneira.gal\/index.php\/2025\/06\/05\/o-gran-poeta-do-baixo-mino-francisco-alvarez-koki-acompanado-polo-director-da-peneira-tino-lago-presenta-o-venres-6-as-2030-os-seus-libros-na-slc-de-reboreda\/#breadcrumb"},"inLanguage":"gl-ES","potentialAction":[{"@type":"ReadAction","target":["https:\/\/www.anovapeneira.gal\/index.php\/2025\/06\/05\/o-gran-poeta-do-baixo-mino-francisco-alvarez-koki-acompanado-polo-director-da-peneira-tino-lago-presenta-o-venres-6-as-2030-os-seus-libros-na-slc-de-reboreda\/"]}]},{"@type":"ImageObject","inLanguage":"gl-ES","@id":"https:\/\/www.anovapeneira.gal\/index.php\/2025\/06\/05\/o-gran-poeta-do-baixo-mino-francisco-alvarez-koki-acompanado-polo-director-da-peneira-tino-lago-presenta-o-venres-6-as-2030-os-seus-libros-na-slc-de-reboreda\/#primaryimage","url":"https:\/\/www.anovapeneira.gal\/wp-content\/uploads\/2025\/06\/Koki_mero.jpg","contentUrl":"https:\/\/www.anovapeneira.gal\/wp-content\/uploads\/2025\/06\/Koki_mero.jpg","width":2126,"height":1275},{"@type":"BreadcrumbList","@id":"https:\/\/www.anovapeneira.gal\/index.php\/2025\/06\/05\/o-gran-poeta-do-baixo-mino-francisco-alvarez-koki-acompanado-polo-director-da-peneira-tino-lago-presenta-o-venres-6-as-2030-os-seus-libros-na-slc-de-reboreda\/#breadcrumb","itemListElement":[{"@type":"ListItem","position":1,"name":"Portada","item":"https:\/\/www.anovapeneira.gal\/"},{"@type":"ListItem","position":2,"name":"O gran poeta do Baixo Mi\u00f1o, Francisco \u00c1lvarez \u201c Koki\u201d, acompa\u00f1ado polo director da Peneira, Tino Lago, presenta o venres 6 \u00e1s 20:30 os seus libros na SLC de Reboreda"}]},{"@type":"WebSite","@id":"https:\/\/www.anovapeneira.gal\/#website","url":"https:\/\/www.anovapeneira.gal\/","name":"","description":"Xornal galego de informaci\u00f3n xeral Publicaci\u00f3n mensual de novas de Galicia e en especial dos Concellos da sur da provincia de Pontevedra.","publisher":{"@id":"https:\/\/www.anovapeneira.gal\/#organization"},"potentialAction":[{"@type":"SearchAction","target":{"@type":"EntryPoint","urlTemplate":"https:\/\/www.anovapeneira.gal\/?s={search_term_string}"},"query-input":{"@type":"PropertyValueSpecification","valueRequired":true,"valueName":"search_term_string"}}],"inLanguage":"gl-ES"},{"@type":"Organization","@id":"https:\/\/www.anovapeneira.gal\/#organization","name":"A Nova Peneira","url":"https:\/\/www.anovapeneira.gal\/","logo":{"@type":"ImageObject","inLanguage":"gl-ES","@id":"https:\/\/www.anovapeneira.gal\/#\/schema\/logo\/image\/","url":"http:\/\/www.anovapeneira.gal\/wp-content\/uploads\/2019\/06\/logo_a_nova_peneira_portal_web.png","contentUrl":"http:\/\/www.anovapeneira.gal\/wp-content\/uploads\/2019\/06\/logo_a_nova_peneira_portal_web.png","width":300,"height":100,"caption":"A Nova Peneira"},"image":{"@id":"https:\/\/www.anovapeneira.gal\/#\/schema\/logo\/image\/"},"sameAs":["https:\/\/www.facebook.com\/anovapeneira","https:\/\/x.com\/APeneira"]},{"@type":"Person","@id":"https:\/\/www.anovapeneira.gal\/#\/schema\/person\/b93e3f8932e3f8da96334607eb6ac6aa","name":"Redacci\u00f3n A Nova Peneira","image":{"@type":"ImageObject","inLanguage":"gl-ES","@id":"https:\/\/secure.gravatar.com\/avatar\/c052a2551a06e23fac63626232eaa90abd78dbcf1700fc46a2b2c89fd27b735f?s=96&d=mm&r=g","url":"https:\/\/secure.gravatar.com\/avatar\/c052a2551a06e23fac63626232eaa90abd78dbcf1700fc46a2b2c89fd27b735f?s=96&d=mm&r=g","contentUrl":"https:\/\/secure.gravatar.com\/avatar\/c052a2551a06e23fac63626232eaa90abd78dbcf1700fc46a2b2c89fd27b735f?s=96&d=mm&r=g","caption":"Redacci\u00f3n A Nova Peneira"},"sameAs":["http:\/\/www.anovapeneira.gal\/"],"url":"https:\/\/www.anovapeneira.gal\/index.php\/author\/redactor\/"}]}},"jetpack_featured_media_url":"https:\/\/www.anovapeneira.gal\/wp-content\/uploads\/2025\/06\/Koki_mero.jpg","_links":{"self":[{"href":"https:\/\/www.anovapeneira.gal\/index.php\/wp-json\/wp\/v2\/posts\/14016","targetHints":{"allow":["GET"]}}],"collection":[{"href":"https:\/\/www.anovapeneira.gal\/index.php\/wp-json\/wp\/v2\/posts"}],"about":[{"href":"https:\/\/www.anovapeneira.gal\/index.php\/wp-json\/wp\/v2\/types\/post"}],"author":[{"embeddable":true,"href":"https:\/\/www.anovapeneira.gal\/index.php\/wp-json\/wp\/v2\/users\/3"}],"replies":[{"embeddable":true,"href":"https:\/\/www.anovapeneira.gal\/index.php\/wp-json\/wp\/v2\/comments?post=14016"}],"version-history":[{"count":1,"href":"https:\/\/www.anovapeneira.gal\/index.php\/wp-json\/wp\/v2\/posts\/14016\/revisions"}],"predecessor-version":[{"id":14018,"href":"https:\/\/www.anovapeneira.gal\/index.php\/wp-json\/wp\/v2\/posts\/14016\/revisions\/14018"}],"wp:featuredmedia":[{"embeddable":true,"href":"https:\/\/www.anovapeneira.gal\/index.php\/wp-json\/wp\/v2\/media\/14017"}],"wp:attachment":[{"href":"https:\/\/www.anovapeneira.gal\/index.php\/wp-json\/wp\/v2\/media?parent=14016"}],"wp:term":[{"taxonomy":"category","embeddable":true,"href":"https:\/\/www.anovapeneira.gal\/index.php\/wp-json\/wp\/v2\/categories?post=14016"},{"taxonomy":"post_tag","embeddable":true,"href":"https:\/\/www.anovapeneira.gal\/index.php\/wp-json\/wp\/v2\/tags?post=14016"}],"curies":[{"name":"wp","href":"https:\/\/api.w.org\/{rel}","templated":true}]}}