{"id":14019,"date":"2025-06-09T10:00:48","date_gmt":"2025-06-09T08:00:48","guid":{"rendered":"https:\/\/www.anovapeneira.gal\/?p=14019"},"modified":"2025-06-05T07:09:34","modified_gmt":"2025-06-05T05:09:34","slug":"a-agrupacion-socialista-da-guarda-renova-por-completo-a-sua-executiva-municipal","status":"publish","type":"post","link":"https:\/\/www.anovapeneira.gal\/index.php\/2025\/06\/09\/a-agrupacion-socialista-da-guarda-renova-por-completo-a-sua-executiva-municipal\/","title":{"rendered":"A Agrupaci\u00f3n Socialista da Guarda renova por completo a s\u00faa Executiva Municipal"},"content":{"rendered":"\n<p><strong>A Guarda, 30 de maio de 2025<\/strong><\/p>\n\n\n\n<p>A Agrupaci\u00f3n Socialista da Guarda celebrou unha asemblea extraordinaria, na que se procedeu \u00e1 renovaci\u00f3n completa da Executiva Municipal, marcando as\u00ed unha nova etapa para o proxecto socialista no municipio.<\/p>\n\n\n\n<p>Durante a sesi\u00f3n, as persoas afiliadas elixiron a nova direcci\u00f3n local que estar\u00e1 encabezada por B\u00e1rbara Dom\u00ednguez, que asume o cargo de Secretaria Xeral. Xunto a ela, conforman a nova Executiva:<\/p>\n\n\n\n<ul class=\"wp-block-list\">\n<li>Alejandro Gonz\u00e1lez, Secretario de Organizaci\u00f3n.<\/li>\n<\/ul>\n\n\n\n<ul class=\"wp-block-list\">\n<li>F\u00e1tima Rodr\u00edguez, Secretaria de Pol\u00edtica Municipal.<\/li>\n<\/ul>\n\n\n\n<ul class=\"wp-block-list\">\n<li>Alberto Lomba, Secretario de Militancia e Acci\u00f3n Electoral.<\/li>\n<\/ul>\n\n\n\n<ul class=\"wp-block-list\">\n<li>Miguel Sousa, Secretario de Administraci\u00f3n e Formaci\u00f3n.<\/li>\n<\/ul>\n\n\n\n<ul class=\"wp-block-list\">\n<li>Emilia Rodr\u00edguez, Secretaria de Igualdade.<\/li>\n<\/ul>\n\n\n\n<p>A nova direcci\u00f3n quere expresar o agradecemento sinceiro \u00e1 sa\u00ednte polo traballo e a adicaci\u00f3n destes \u00faltimos anos, durante os cales contribu\u00edron a manter viva a presenza do Partido Socialista na Guarda e a defender os intereses da veci\u00f1anza.<\/p>\n\n\n\n<p>Amosan un equipo renovado, cohesionado e con vontade firme de traballar a prol da cidadan\u00eda da Guarda, consolidando o compromiso dos socialistas guardeses coa participaci\u00f3n, a igualdade e o progreso da vila.<\/p>\n\n\n\n<p>Ademais, salientan a boa sinton\u00eda e coordinaci\u00f3n entre a portavoz municipal, F\u00e1tima Rodr\u00edguez, e os concelleiros Rafa \u00c1lvarez e Luc\u00eda Trigo, unha colaboraci\u00f3n flu\u00edda e constante que reforza a labor do partido.<\/p>\n\n\n\n<p>B\u00e1rbara Dom\u00ednguez agradeceu a confianza depositada pola militancia e destacou que a nova executiva \u201ctraballar\u00e1 arreo para acrecentar o contacto coa veci\u00f1anza, ampliar a base social do proxecto socialista e seguir sendo unha forza \u00fatil para mellorar a vida das persoas\u201d.<\/p>\n\n\n\n<p>A Agrupaci\u00f3n Socialista da Guarda inicia as\u00ed unha nova etapa con ilusi\u00f3n e cun compromiso firme coa Guarda e coa s\u00faa veci\u00f1anza, traballando dende a esquerda progresista para achegar soluci\u00f3ns reais aos retos locais.<\/p>\n","protected":false},"excerpt":{"rendered":"<div class=\"mh-excerpt\"><p>A Agrupaci\u00f3n Socialista da Guarda celebrou unha asemblea extraordinaria, na que se procedeu \u00e1 renovaci\u00f3n completa da Executiva Municipal, marcando as\u00ed unha nova etapa para o proxecto socialista no municipio <a class=\"mh-excerpt-more\" href=\"https:\/\/www.anovapeneira.gal\/index.php\/2025\/06\/09\/a-agrupacion-socialista-da-guarda-renova-por-completo-a-sua-executiva-municipal\/\" title=\"A Agrupaci\u00f3n Socialista da Guarda renova por completo a s\u00faa Executiva Municipal\">[&#8230;]<\/a><\/p>\n<\/div>","protected":false},"author":3,"featured_media":14020,"comment_status":"open","ping_status":"open","sticky":false,"template":"","format":"standard","meta":{"_exactmetrics_skip_tracking":false,"_exactmetrics_sitenote_active":false,"_exactmetrics_sitenote_note":"","_exactmetrics_sitenote_category":0,"footnotes":""},"categories":[21],"tags":[238],"class_list":{"0":"post-14019","1":"post","2":"type-post","3":"status-publish","4":"format-standard","5":"has-post-thumbnail","7":"category-baixo-mino","8":"tag-concello-da-guarda"},"yoast_head":"<!-- This site is optimized with the Yoast SEO plugin v27.4 - https:\/\/yoast.com\/product\/yoast-seo-wordpress\/ -->\n<title>A Agrupaci\u00f3n Socialista da Guarda renova por completo a s\u00faa Executiva Municipal -<\/title>\n<meta name=\"robots\" content=\"index, follow, max-snippet:-1, max-image-preview:large, max-video-preview:-1\" \/>\n<link rel=\"canonical\" href=\"https:\/\/www.anovapeneira.gal\/index.php\/2025\/06\/09\/a-agrupacion-socialista-da-guarda-renova-por-completo-a-sua-executiva-municipal\/\" \/>\n<meta property=\"og:locale\" content=\"gl_ES\" \/>\n<meta property=\"og:type\" content=\"article\" \/>\n<meta property=\"og:title\" content=\"A Agrupaci\u00f3n Socialista da Guarda renova por completo a s\u00faa Executiva Municipal -\" \/>\n<meta property=\"og:description\" content=\"A Agrupaci\u00f3n Socialista da Guarda celebrou unha asemblea extraordinaria, na que se procedeu \u00e1 renovaci\u00f3n completa da Executiva Municipal, marcando as\u00ed unha nova etapa para o proxecto socialista no municipio [...]\" \/>\n<meta property=\"og:url\" content=\"https:\/\/www.anovapeneira.gal\/index.php\/2025\/06\/09\/a-agrupacion-socialista-da-guarda-renova-por-completo-a-sua-executiva-municipal\/\" \/>\n<meta property=\"article:publisher\" content=\"https:\/\/www.facebook.com\/anovapeneira\" \/>\n<meta property=\"article:published_time\" content=\"2025-06-09T08:00:48+00:00\" \/>\n<meta property=\"og:image\" content=\"https:\/\/www.anovapeneira.gal\/wp-content\/uploads\/2025\/06\/psoe_guarda.jpg\" \/>\n\t<meta property=\"og:image:width\" content=\"1200\" \/>\n\t<meta property=\"og:image:height\" content=\"720\" \/>\n\t<meta property=\"og:image:type\" content=\"image\/jpeg\" \/>\n<meta name=\"author\" content=\"Redacci\u00f3n A Nova Peneira\" \/>\n<meta name=\"twitter:card\" content=\"summary_large_image\" \/>\n<meta name=\"twitter:creator\" content=\"@APeneira\" \/>\n<meta name=\"twitter:site\" content=\"@APeneira\" \/>\n<meta name=\"twitter:label1\" content=\"Escrito por\" \/>\n\t<meta name=\"twitter:data1\" content=\"Redacci\u00f3n A Nova Peneira\" \/>\n\t<meta name=\"twitter:label2\" content=\"Tempo de lectura\" \/>\n\t<meta name=\"twitter:data2\" content=\"2 minutos\" \/>\n<script type=\"application\/ld+json\" class=\"yoast-schema-graph\">{\"@context\":\"https:\\\/\\\/schema.org\",\"@graph\":[{\"@type\":\"Article\",\"@id\":\"https:\\\/\\\/www.anovapeneira.gal\\\/index.php\\\/2025\\\/06\\\/09\\\/a-agrupacion-socialista-da-guarda-renova-por-completo-a-sua-executiva-municipal\\\/#article\",\"isPartOf\":{\"@id\":\"https:\\\/\\\/www.anovapeneira.gal\\\/index.php\\\/2025\\\/06\\\/09\\\/a-agrupacion-socialista-da-guarda-renova-por-completo-a-sua-executiva-municipal\\\/\"},\"author\":{\"name\":\"Redacci\u00f3n A Nova Peneira\",\"@id\":\"https:\\\/\\\/www.anovapeneira.gal\\\/#\\\/schema\\\/person\\\/b93e3f8932e3f8da96334607eb6ac6aa\"},\"headline\":\"A Agrupaci\u00f3n Socialista da Guarda renova por completo a s\u00faa Executiva Municipal\",\"datePublished\":\"2025-06-09T08:00:48+00:00\",\"mainEntityOfPage\":{\"@id\":\"https:\\\/\\\/www.anovapeneira.gal\\\/index.php\\\/2025\\\/06\\\/09\\\/a-agrupacion-socialista-da-guarda-renova-por-completo-a-sua-executiva-municipal\\\/\"},\"wordCount\":324,\"commentCount\":0,\"publisher\":{\"@id\":\"https:\\\/\\\/www.anovapeneira.gal\\\/#organization\"},\"image\":{\"@id\":\"https:\\\/\\\/www.anovapeneira.gal\\\/index.php\\\/2025\\\/06\\\/09\\\/a-agrupacion-socialista-da-guarda-renova-por-completo-a-sua-executiva-municipal\\\/#primaryimage\"},\"thumbnailUrl\":\"https:\\\/\\\/www.anovapeneira.gal\\\/wp-content\\\/uploads\\\/2025\\\/06\\\/psoe_guarda.jpg\",\"keywords\":[\"Concello da Guarda\"],\"articleSection\":[\"Baixo Mi\u00f1o\"],\"inLanguage\":\"gl-ES\",\"potentialAction\":[{\"@type\":\"CommentAction\",\"name\":\"Comment\",\"target\":[\"https:\\\/\\\/www.anovapeneira.gal\\\/index.php\\\/2025\\\/06\\\/09\\\/a-agrupacion-socialista-da-guarda-renova-por-completo-a-sua-executiva-municipal\\\/#respond\"]}]},{\"@type\":\"WebPage\",\"@id\":\"https:\\\/\\\/www.anovapeneira.gal\\\/index.php\\\/2025\\\/06\\\/09\\\/a-agrupacion-socialista-da-guarda-renova-por-completo-a-sua-executiva-municipal\\\/\",\"url\":\"https:\\\/\\\/www.anovapeneira.gal\\\/index.php\\\/2025\\\/06\\\/09\\\/a-agrupacion-socialista-da-guarda-renova-por-completo-a-sua-executiva-municipal\\\/\",\"name\":\"A Agrupaci\u00f3n Socialista da Guarda renova por completo a s\u00faa Executiva Municipal -\",\"isPartOf\":{\"@id\":\"https:\\\/\\\/www.anovapeneira.gal\\\/#website\"},\"primaryImageOfPage\":{\"@id\":\"https:\\\/\\\/www.anovapeneira.gal\\\/index.php\\\/2025\\\/06\\\/09\\\/a-agrupacion-socialista-da-guarda-renova-por-completo-a-sua-executiva-municipal\\\/#primaryimage\"},\"image\":{\"@id\":\"https:\\\/\\\/www.anovapeneira.gal\\\/index.php\\\/2025\\\/06\\\/09\\\/a-agrupacion-socialista-da-guarda-renova-por-completo-a-sua-executiva-municipal\\\/#primaryimage\"},\"thumbnailUrl\":\"https:\\\/\\\/www.anovapeneira.gal\\\/wp-content\\\/uploads\\\/2025\\\/06\\\/psoe_guarda.jpg\",\"datePublished\":\"2025-06-09T08:00:48+00:00\",\"breadcrumb\":{\"@id\":\"https:\\\/\\\/www.anovapeneira.gal\\\/index.php\\\/2025\\\/06\\\/09\\\/a-agrupacion-socialista-da-guarda-renova-por-completo-a-sua-executiva-municipal\\\/#breadcrumb\"},\"inLanguage\":\"gl-ES\",\"potentialAction\":[{\"@type\":\"ReadAction\",\"target\":[\"https:\\\/\\\/www.anovapeneira.gal\\\/index.php\\\/2025\\\/06\\\/09\\\/a-agrupacion-socialista-da-guarda-renova-por-completo-a-sua-executiva-municipal\\\/\"]}]},{\"@type\":\"ImageObject\",\"inLanguage\":\"gl-ES\",\"@id\":\"https:\\\/\\\/www.anovapeneira.gal\\\/index.php\\\/2025\\\/06\\\/09\\\/a-agrupacion-socialista-da-guarda-renova-por-completo-a-sua-executiva-municipal\\\/#primaryimage\",\"url\":\"https:\\\/\\\/www.anovapeneira.gal\\\/wp-content\\\/uploads\\\/2025\\\/06\\\/psoe_guarda.jpg\",\"contentUrl\":\"https:\\\/\\\/www.anovapeneira.gal\\\/wp-content\\\/uploads\\\/2025\\\/06\\\/psoe_guarda.jpg\",\"width\":1200,\"height\":720,\"caption\":\"Psoe A Guarda\"},{\"@type\":\"BreadcrumbList\",\"@id\":\"https:\\\/\\\/www.anovapeneira.gal\\\/index.php\\\/2025\\\/06\\\/09\\\/a-agrupacion-socialista-da-guarda-renova-por-completo-a-sua-executiva-municipal\\\/#breadcrumb\",\"itemListElement\":[{\"@type\":\"ListItem\",\"position\":1,\"name\":\"Portada\",\"item\":\"https:\\\/\\\/www.anovapeneira.gal\\\/\"},{\"@type\":\"ListItem\",\"position\":2,\"name\":\"A Agrupaci\u00f3n Socialista da Guarda renova por completo a s\u00faa Executiva Municipal\"}]},{\"@type\":\"WebSite\",\"@id\":\"https:\\\/\\\/www.anovapeneira.gal\\\/#website\",\"url\":\"https:\\\/\\\/www.anovapeneira.gal\\\/\",\"name\":\"\",\"description\":\"Xornal galego de informaci\u00f3n xeral Publicaci\u00f3n mensual de novas de Galicia e en especial dos Concellos da sur da provincia de Pontevedra.\",\"publisher\":{\"@id\":\"https:\\\/\\\/www.anovapeneira.gal\\\/#organization\"},\"potentialAction\":[{\"@type\":\"SearchAction\",\"target\":{\"@type\":\"EntryPoint\",\"urlTemplate\":\"https:\\\/\\\/www.anovapeneira.gal\\\/?s={search_term_string}\"},\"query-input\":{\"@type\":\"PropertyValueSpecification\",\"valueRequired\":true,\"valueName\":\"search_term_string\"}}],\"inLanguage\":\"gl-ES\"},{\"@type\":\"Organization\",\"@id\":\"https:\\\/\\\/www.anovapeneira.gal\\\/#organization\",\"name\":\"A Nova Peneira\",\"url\":\"https:\\\/\\\/www.anovapeneira.gal\\\/\",\"logo\":{\"@type\":\"ImageObject\",\"inLanguage\":\"gl-ES\",\"@id\":\"https:\\\/\\\/www.anovapeneira.gal\\\/#\\\/schema\\\/logo\\\/image\\\/\",\"url\":\"http:\\\/\\\/www.anovapeneira.gal\\\/wp-content\\\/uploads\\\/2019\\\/06\\\/logo_a_nova_peneira_portal_web.png\",\"contentUrl\":\"http:\\\/\\\/www.anovapeneira.gal\\\/wp-content\\\/uploads\\\/2019\\\/06\\\/logo_a_nova_peneira_portal_web.png\",\"width\":300,\"height\":100,\"caption\":\"A Nova Peneira\"},\"image\":{\"@id\":\"https:\\\/\\\/www.anovapeneira.gal\\\/#\\\/schema\\\/logo\\\/image\\\/\"},\"sameAs\":[\"https:\\\/\\\/www.facebook.com\\\/anovapeneira\",\"https:\\\/\\\/x.com\\\/APeneira\"]},{\"@type\":\"Person\",\"@id\":\"https:\\\/\\\/www.anovapeneira.gal\\\/#\\\/schema\\\/person\\\/b93e3f8932e3f8da96334607eb6ac6aa\",\"name\":\"Redacci\u00f3n A Nova Peneira\",\"image\":{\"@type\":\"ImageObject\",\"inLanguage\":\"gl-ES\",\"@id\":\"https:\\\/\\\/secure.gravatar.com\\\/avatar\\\/c052a2551a06e23fac63626232eaa90abd78dbcf1700fc46a2b2c89fd27b735f?s=96&d=mm&r=g\",\"url\":\"https:\\\/\\\/secure.gravatar.com\\\/avatar\\\/c052a2551a06e23fac63626232eaa90abd78dbcf1700fc46a2b2c89fd27b735f?s=96&d=mm&r=g\",\"contentUrl\":\"https:\\\/\\\/secure.gravatar.com\\\/avatar\\\/c052a2551a06e23fac63626232eaa90abd78dbcf1700fc46a2b2c89fd27b735f?s=96&d=mm&r=g\",\"caption\":\"Redacci\u00f3n A Nova Peneira\"},\"sameAs\":[\"http:\\\/\\\/www.anovapeneira.gal\\\/\"],\"url\":\"https:\\\/\\\/www.anovapeneira.gal\\\/index.php\\\/author\\\/redactor\\\/\"}]}<\/script>\n<!-- \/ Yoast SEO plugin. -->","yoast_head_json":{"title":"A Agrupaci\u00f3n Socialista da Guarda renova por completo a s\u00faa Executiva Municipal -","robots":{"index":"index","follow":"follow","max-snippet":"max-snippet:-1","max-image-preview":"max-image-preview:large","max-video-preview":"max-video-preview:-1"},"canonical":"https:\/\/www.anovapeneira.gal\/index.php\/2025\/06\/09\/a-agrupacion-socialista-da-guarda-renova-por-completo-a-sua-executiva-municipal\/","og_locale":"gl_ES","og_type":"article","og_title":"A Agrupaci\u00f3n Socialista da Guarda renova por completo a s\u00faa Executiva Municipal -","og_description":"A Agrupaci\u00f3n Socialista da Guarda celebrou unha asemblea extraordinaria, na que se procedeu \u00e1 renovaci\u00f3n completa da Executiva Municipal, marcando as\u00ed unha nova etapa para o proxecto socialista no municipio [...]","og_url":"https:\/\/www.anovapeneira.gal\/index.php\/2025\/06\/09\/a-agrupacion-socialista-da-guarda-renova-por-completo-a-sua-executiva-municipal\/","article_publisher":"https:\/\/www.facebook.com\/anovapeneira","article_published_time":"2025-06-09T08:00:48+00:00","og_image":[{"width":1200,"height":720,"url":"https:\/\/www.anovapeneira.gal\/wp-content\/uploads\/2025\/06\/psoe_guarda.jpg","type":"image\/jpeg"}],"author":"Redacci\u00f3n A Nova Peneira","twitter_card":"summary_large_image","twitter_creator":"@APeneira","twitter_site":"@APeneira","twitter_misc":{"Escrito por":"Redacci\u00f3n A Nova Peneira","Tempo de lectura":"2 minutos"},"schema":{"@context":"https:\/\/schema.org","@graph":[{"@type":"Article","@id":"https:\/\/www.anovapeneira.gal\/index.php\/2025\/06\/09\/a-agrupacion-socialista-da-guarda-renova-por-completo-a-sua-executiva-municipal\/#article","isPartOf":{"@id":"https:\/\/www.anovapeneira.gal\/index.php\/2025\/06\/09\/a-agrupacion-socialista-da-guarda-renova-por-completo-a-sua-executiva-municipal\/"},"author":{"name":"Redacci\u00f3n A Nova Peneira","@id":"https:\/\/www.anovapeneira.gal\/#\/schema\/person\/b93e3f8932e3f8da96334607eb6ac6aa"},"headline":"A Agrupaci\u00f3n Socialista da Guarda renova por completo a s\u00faa Executiva Municipal","datePublished":"2025-06-09T08:00:48+00:00","mainEntityOfPage":{"@id":"https:\/\/www.anovapeneira.gal\/index.php\/2025\/06\/09\/a-agrupacion-socialista-da-guarda-renova-por-completo-a-sua-executiva-municipal\/"},"wordCount":324,"commentCount":0,"publisher":{"@id":"https:\/\/www.anovapeneira.gal\/#organization"},"image":{"@id":"https:\/\/www.anovapeneira.gal\/index.php\/2025\/06\/09\/a-agrupacion-socialista-da-guarda-renova-por-completo-a-sua-executiva-municipal\/#primaryimage"},"thumbnailUrl":"https:\/\/www.anovapeneira.gal\/wp-content\/uploads\/2025\/06\/psoe_guarda.jpg","keywords":["Concello da Guarda"],"articleSection":["Baixo Mi\u00f1o"],"inLanguage":"gl-ES","potentialAction":[{"@type":"CommentAction","name":"Comment","target":["https:\/\/www.anovapeneira.gal\/index.php\/2025\/06\/09\/a-agrupacion-socialista-da-guarda-renova-por-completo-a-sua-executiva-municipal\/#respond"]}]},{"@type":"WebPage","@id":"https:\/\/www.anovapeneira.gal\/index.php\/2025\/06\/09\/a-agrupacion-socialista-da-guarda-renova-por-completo-a-sua-executiva-municipal\/","url":"https:\/\/www.anovapeneira.gal\/index.php\/2025\/06\/09\/a-agrupacion-socialista-da-guarda-renova-por-completo-a-sua-executiva-municipal\/","name":"A Agrupaci\u00f3n Socialista da Guarda renova por completo a s\u00faa Executiva Municipal -","isPartOf":{"@id":"https:\/\/www.anovapeneira.gal\/#website"},"primaryImageOfPage":{"@id":"https:\/\/www.anovapeneira.gal\/index.php\/2025\/06\/09\/a-agrupacion-socialista-da-guarda-renova-por-completo-a-sua-executiva-municipal\/#primaryimage"},"image":{"@id":"https:\/\/www.anovapeneira.gal\/index.php\/2025\/06\/09\/a-agrupacion-socialista-da-guarda-renova-por-completo-a-sua-executiva-municipal\/#primaryimage"},"thumbnailUrl":"https:\/\/www.anovapeneira.gal\/wp-content\/uploads\/2025\/06\/psoe_guarda.jpg","datePublished":"2025-06-09T08:00:48+00:00","breadcrumb":{"@id":"https:\/\/www.anovapeneira.gal\/index.php\/2025\/06\/09\/a-agrupacion-socialista-da-guarda-renova-por-completo-a-sua-executiva-municipal\/#breadcrumb"},"inLanguage":"gl-ES","potentialAction":[{"@type":"ReadAction","target":["https:\/\/www.anovapeneira.gal\/index.php\/2025\/06\/09\/a-agrupacion-socialista-da-guarda-renova-por-completo-a-sua-executiva-municipal\/"]}]},{"@type":"ImageObject","inLanguage":"gl-ES","@id":"https:\/\/www.anovapeneira.gal\/index.php\/2025\/06\/09\/a-agrupacion-socialista-da-guarda-renova-por-completo-a-sua-executiva-municipal\/#primaryimage","url":"https:\/\/www.anovapeneira.gal\/wp-content\/uploads\/2025\/06\/psoe_guarda.jpg","contentUrl":"https:\/\/www.anovapeneira.gal\/wp-content\/uploads\/2025\/06\/psoe_guarda.jpg","width":1200,"height":720,"caption":"Psoe A Guarda"},{"@type":"BreadcrumbList","@id":"https:\/\/www.anovapeneira.gal\/index.php\/2025\/06\/09\/a-agrupacion-socialista-da-guarda-renova-por-completo-a-sua-executiva-municipal\/#breadcrumb","itemListElement":[{"@type":"ListItem","position":1,"name":"Portada","item":"https:\/\/www.anovapeneira.gal\/"},{"@type":"ListItem","position":2,"name":"A Agrupaci\u00f3n Socialista da Guarda renova por completo a s\u00faa Executiva Municipal"}]},{"@type":"WebSite","@id":"https:\/\/www.anovapeneira.gal\/#website","url":"https:\/\/www.anovapeneira.gal\/","name":"","description":"Xornal galego de informaci\u00f3n xeral Publicaci\u00f3n mensual de novas de Galicia e en especial dos Concellos da sur da provincia de Pontevedra.","publisher":{"@id":"https:\/\/www.anovapeneira.gal\/#organization"},"potentialAction":[{"@type":"SearchAction","target":{"@type":"EntryPoint","urlTemplate":"https:\/\/www.anovapeneira.gal\/?s={search_term_string}"},"query-input":{"@type":"PropertyValueSpecification","valueRequired":true,"valueName":"search_term_string"}}],"inLanguage":"gl-ES"},{"@type":"Organization","@id":"https:\/\/www.anovapeneira.gal\/#organization","name":"A Nova Peneira","url":"https:\/\/www.anovapeneira.gal\/","logo":{"@type":"ImageObject","inLanguage":"gl-ES","@id":"https:\/\/www.anovapeneira.gal\/#\/schema\/logo\/image\/","url":"http:\/\/www.anovapeneira.gal\/wp-content\/uploads\/2019\/06\/logo_a_nova_peneira_portal_web.png","contentUrl":"http:\/\/www.anovapeneira.gal\/wp-content\/uploads\/2019\/06\/logo_a_nova_peneira_portal_web.png","width":300,"height":100,"caption":"A Nova Peneira"},"image":{"@id":"https:\/\/www.anovapeneira.gal\/#\/schema\/logo\/image\/"},"sameAs":["https:\/\/www.facebook.com\/anovapeneira","https:\/\/x.com\/APeneira"]},{"@type":"Person","@id":"https:\/\/www.anovapeneira.gal\/#\/schema\/person\/b93e3f8932e3f8da96334607eb6ac6aa","name":"Redacci\u00f3n A Nova Peneira","image":{"@type":"ImageObject","inLanguage":"gl-ES","@id":"https:\/\/secure.gravatar.com\/avatar\/c052a2551a06e23fac63626232eaa90abd78dbcf1700fc46a2b2c89fd27b735f?s=96&d=mm&r=g","url":"https:\/\/secure.gravatar.com\/avatar\/c052a2551a06e23fac63626232eaa90abd78dbcf1700fc46a2b2c89fd27b735f?s=96&d=mm&r=g","contentUrl":"https:\/\/secure.gravatar.com\/avatar\/c052a2551a06e23fac63626232eaa90abd78dbcf1700fc46a2b2c89fd27b735f?s=96&d=mm&r=g","caption":"Redacci\u00f3n A Nova Peneira"},"sameAs":["http:\/\/www.anovapeneira.gal\/"],"url":"https:\/\/www.anovapeneira.gal\/index.php\/author\/redactor\/"}]}},"jetpack_featured_media_url":"https:\/\/www.anovapeneira.gal\/wp-content\/uploads\/2025\/06\/psoe_guarda.jpg","_links":{"self":[{"href":"https:\/\/www.anovapeneira.gal\/index.php\/wp-json\/wp\/v2\/posts\/14019","targetHints":{"allow":["GET"]}}],"collection":[{"href":"https:\/\/www.anovapeneira.gal\/index.php\/wp-json\/wp\/v2\/posts"}],"about":[{"href":"https:\/\/www.anovapeneira.gal\/index.php\/wp-json\/wp\/v2\/types\/post"}],"author":[{"embeddable":true,"href":"https:\/\/www.anovapeneira.gal\/index.php\/wp-json\/wp\/v2\/users\/3"}],"replies":[{"embeddable":true,"href":"https:\/\/www.anovapeneira.gal\/index.php\/wp-json\/wp\/v2\/comments?post=14019"}],"version-history":[{"count":1,"href":"https:\/\/www.anovapeneira.gal\/index.php\/wp-json\/wp\/v2\/posts\/14019\/revisions"}],"predecessor-version":[{"id":14021,"href":"https:\/\/www.anovapeneira.gal\/index.php\/wp-json\/wp\/v2\/posts\/14019\/revisions\/14021"}],"wp:featuredmedia":[{"embeddable":true,"href":"https:\/\/www.anovapeneira.gal\/index.php\/wp-json\/wp\/v2\/media\/14020"}],"wp:attachment":[{"href":"https:\/\/www.anovapeneira.gal\/index.php\/wp-json\/wp\/v2\/media?parent=14019"}],"wp:term":[{"taxonomy":"category","embeddable":true,"href":"https:\/\/www.anovapeneira.gal\/index.php\/wp-json\/wp\/v2\/categories?post=14019"},{"taxonomy":"post_tag","embeddable":true,"href":"https:\/\/www.anovapeneira.gal\/index.php\/wp-json\/wp\/v2\/tags?post=14019"}],"curies":[{"name":"wp","href":"https:\/\/api.w.org\/{rel}","templated":true}]}}