{"id":14035,"date":"2025-06-11T12:00:06","date_gmt":"2025-06-11T10:00:06","guid":{"rendered":"https:\/\/www.anovapeneira.gal\/?p=14035"},"modified":"2025-06-09T07:24:00","modified_gmt":"2025-06-09T05:24:00","slug":"o-deterioro-dos-servizos-publicos-deportivos-do-concello-de-vigo-e-a-politica-privatizadora-da-administracion-municipal","status":"publish","type":"post","link":"https:\/\/www.anovapeneira.gal\/index.php\/2025\/06\/11\/o-deterioro-dos-servizos-publicos-deportivos-do-concello-de-vigo-e-a-politica-privatizadora-da-administracion-municipal\/","title":{"rendered":"O deterioro dos servizos p\u00fablicos deportivos do Concello de Vigo, e a pol\u00edtica privatizadora da administraci\u00f3n municipal"},"content":{"rendered":"\n<pre class=\"wp-block-verse\"><strong>G.Figueiredo e Tino Lago<\/strong><\/pre>\n\n\n\n<p>Na redacci\u00f3n de ANP temos recibido queixas recorrentes sobre o constante deterioro dos servizos p\u00fablicos do Concello en xeral, e sobre o p\u00e9simo estado dos centros deportivos en particular. N\u00f3s pux\u00e9monos en contacto co comit\u00e9 de empresa do Concello para co\u00f1ecer de primeira man a s\u00faa versi\u00f3n sobre o estado dos servizos p\u00fablicos, que deberan funcionar de maneira \u00f3ptima sempre, e semella que non o fan case nunca. E a conclusi\u00f3n da conversa parece clara:O goberno de Vigo deteriora conscientemente as condici\u00f3ns do persoal laboral, para que o servizo que se ofreza sexa de mala calidade e proceder \u00e1 privatizaci\u00f3n de todo, de absolutamente todo. Falamos tam\u00e9n con Lourdes, unha veci\u00f1a das Travesas usuaria habitual do ximnasio do Carme, que nos contou que as instalaci\u00f3ns das que ela \u00e9 usuaria est\u00e1n nun estado propio do terceiro mundo.<\/p>\n\n\n\n<p>Comezamos a reportaxe no 5\u00ba andar do edificio do Concello, cunhas preciosas vistas \u00e1 r\u00eda e \u00e1s illas C\u00edes, conversando con 6 persoas do comit\u00e9 de empresa. Agradecemos profundamente a<\/p>\n\n\n\n<p><strong>Juan Carlos( CIG), Pancho( UXT), Mar\u00eda( UXT),Marcos( CCOO)Nuria(SITCO)D\u00e1maso (SITCO)<\/strong><\/p>\n\n\n\n<p>a s\u00faa amabilidade ao nos atender, e as s\u00faas explicaci\u00f3ns sobre a situaci\u00f3n do estado das instalaci\u00f3ns deportivas e sobre a problem\u00e1tica \u00e1 que se enfrontan os traballadores e traballadoras. No concello hai unha xunta de persoal que representa ao persoal funcionario, un comit\u00e9 de empresa que representa ao persoal laboral, e un \u00f3rgano conxunto que trata os asuntos que afectan a ambos colectivos. O persoal dos centros deportivos \u00e9 case todo laboral, xa que logo conversamos con representantes do seu comit\u00e9 de empresa. Tiveron a xentileza de acompa\u00f1arnos 5 persoas do comit\u00e9, representantes dos 3 sindicatos existentes no devandito comit\u00e9, m\u00e1is D\u00e1maso do SITCO. Este \u00faltimo \u00e9 presidente da Xunta de Persoal e do \u00f3rgano conxunto. El expresounos con claridade a s\u00faa opini\u00f3n sobre a importancia capital dos servizos p\u00fablicos para o adecuado funcionamento dunha sociedade,e a obriga que temos todos, os medios de comunicaci\u00f3n tam\u00e9n, de defendelos. N\u00f3s coincidimos absolutamente con este criterio e as\u00ed o facemos constar explicitamente.<\/p>\n\n\n\n<p><strong>Como comezou todo?<\/strong><\/p>\n\n\n\n<blockquote class=\"wp-block-quote is-layout-flow wp-block-quote-is-layout-flow\">\n<p>No ano 2016 a xesti\u00f3n dos centros deportivos p\u00fablicos da cidade pasa a ser municipal. Antes dese ano eran xestionados por un organismo aut\u00f3nomo denominado IMD que depend\u00eda do concello.<\/p>\n<\/blockquote>\n\n\n\n<blockquote class=\"wp-block-quote is-layout-flow wp-block-quote-is-layout-flow\">\n<p>A situaci\u00f3n dos traballadores e traballadoras do antigo IMD \u00e9 dram\u00e1tica, pois non se convocan prazas laborais para traballar nos centros deportivos p\u00fablicos da cidade desde o ano 2010.Na t\u00e1boa que lles amosamos a continuaci\u00f3n vemos como no ano 2013 eran 78 as persoas que atend\u00edan as instalaci\u00f3ns, hoxe, 12 anos despois, son s\u00f3 36, menos da metade das que hab\u00eda no ano 13<\/p>\n<\/blockquote>\n\n\n\n<figure class=\"wp-block-table\"><table class=\"has-fixed-layout\"><tbody><tr><td colspan=\"3\"><strong>Persoal do servizo de deportes<\/strong><\/td><\/tr><tr><td>Postos<\/td><td>N\u00ba Efectivos a 30\/12\/2013<\/td><td>N\u00ba Efectivos a 28\/05\/2025<\/td><\/tr><tr><td>Direcci\u00f3n e administraci\u00f3n<\/td><td>16<br><\/td><td>10<\/td><\/tr><tr><td>Conserxes responsables instalaci\u00f3ns<\/td><td>3<\/td><td>0<\/td><\/tr><tr><td>Oficiais Instalaci\u00f3ns<\/td><td>21<\/td><td>10<\/td><\/tr><tr><td>Axudantes Mantemento<\/td><td>26<\/td><td>12<\/td><\/tr><tr><td>Oficiais Mantemento<\/td><td>12<\/td><td>4<\/td><\/tr><tr><td>Total<\/td><td>78<\/td><td>36<\/td><\/tr><\/tbody><\/table><\/figure>\n\n\n\n<blockquote class=\"wp-block-quote is-layout-flow wp-block-quote-is-layout-flow\">\n<p>Hoxe, 36 persoas fan o traballo que no ano 2013 fac\u00edan 78. Semella que hai unha vontade pol\u00edtica de non darlle un servizo adecuado \u00e1 cidadan\u00eda viguesa. O alcalde de Vigo enche a boca de discursos populistas manifestando por exemplo que lle vai facer unha estatua a un futbolista de elite, Iago Aspas, mentres condena \u00e1 veci\u00f1anza da cidade a non poder practicar deporte nuns espazos dignos, a non ser atendida en condici\u00f3ns \u00f3ptimas , e obriga ao persoal a un sobre esforzo dificilmente asumible.<\/p>\n<\/blockquote>\n\n\n\n<blockquote class=\"wp-block-quote is-layout-flow wp-block-quote-is-layout-flow\">\n<p>As baixas de longa duraci\u00f3n e as xubilaci\u00f3ns non se cobren. Recursos humanos ten varias petici\u00f3ns para que as cubra pero non d\u00e1 resposta. De feito 11 prazas, 9 de axudantes de mantemento e 2 de oficiais de mantemento, xa est\u00e1n amortizadas.<\/p>\n<\/blockquote>\n\n\n\n<blockquote class=\"wp-block-quote is-layout-flow wp-block-quote-is-layout-flow\">\n<p>Os membros do comit\u00e9 de empresa afirman que ata o 2010 o servizo funcionaba ben, pero que a partir dese ano o deterioro \u00e9 constante \u00e9 progresivo.<\/p>\n<\/blockquote>\n\n\n\n<blockquote class=\"wp-block-quote is-layout-flow wp-block-quote-is-layout-flow\">\n<p>Abel Caballero leva 18 anos como alcalde Vigo, acadou a alcald\u00eda no ano 2007. Non \u00e9 posible que non co\u00f1eza nin a lamentable situaci\u00f3n dos centros deportivos nin a intolerable situaci\u00f3n \u00e1 que somete aos seus traballadores e traballadoras. Se a co\u00f1ece, que a ten que co\u00f1ecer, e non fai nada por arranxar o problema, que non o fai, tendo recursos econ\u00f3micos de sobra para podelo ama\u00f1ar, s\u00f3 queda por conclu\u00edr que o problema \u00e9 a falta de vontade do alcalde de Vigo por solucionar este asunto.<\/p>\n<\/blockquote>\n\n\n\n<p><strong>E por que un alcalde carecer\u00eda de vontade pol\u00edtica para ama\u00f1ar un problema que \u00e9 facilmente solucionable?<\/strong><\/p>\n\n\n\n<blockquote class=\"wp-block-quote is-layout-flow wp-block-quote-is-layout-flow\">\n<p>A resposta parece evidente: O goberno de Vigo( \u00e9 dicir o seu alcalde) ten vontade de deteriorar o servizo de deportes de tal maneira que pareza que non hai outra soluci\u00f3n que a s\u00faa privatizaci\u00f3n total.<\/p>\n<\/blockquote>\n\n\n\n<blockquote class=\"wp-block-quote is-layout-flow wp-block-quote-is-layout-flow\">\n<p>En Vigo hai 22 instalaci\u00f3ns coa apertura dependente do servizo de deportes do Concello, moitas delas xa est\u00e1n privatizadas. A situaci\u00f3n \u00e9 a seguinte:<\/p>\n<\/blockquote>\n\n\n\n<figure class=\"wp-block-table\"><table class=\"has-fixed-layout\"><tbody><tr><td><strong>Instalaci\u00f3n<\/strong><\/td><td><strong>Privatizada<\/strong><\/td><\/tr><tr><td>Pavill\u00f3n Coruxo<\/td><td>2020<\/td><\/tr><tr><td>Pavill\u00f3n Coia<\/td><td>2020<\/td><\/tr><tr><td>Pavill\u00f3n Bouzas<\/td><td>2020<\/td><\/tr><tr><td>Pavill\u00f3n Bembrive<\/td><td>2020<\/td><\/tr><tr><td>Pavill\u00f3n Castrelos<\/td><td>2020<\/td><\/tr><tr><td>Pavill\u00f3n Lavadores<\/td><td>2020<\/td><\/tr><tr><td>Pavill\u00f3n Teis<\/td><td>2020<\/td><\/tr><tr><td>Pavill\u00f3n Carballal<\/td><td>2020<\/td><\/tr><tr><td>C.F Carballal<\/td><td>2020<\/td><\/tr><tr><td>Pavill\u00f3n Cande\u00e1n<\/td><td>2020<\/td><\/tr><tr><td>Pavill\u00f3n Romil<\/td><td>2020<\/td><\/tr><tr><td>Pavill\u00f3n Valadares<\/td><td>2020<\/td><\/tr><tr><td>Pavill\u00f3n S\u00e1rdoma<\/td><td>2020<\/td><\/tr><tr><td>Pistas Atletismo<\/td><td>2020<\/td><\/tr><tr><td>Pavill\u00f3n Quir\u00f3s<\/td><td>2021<\/td><\/tr><tr><td>Complexo ETEA<\/td><td>2021<\/td><\/tr><tr><td>Complexo Navia<\/td><td>2022<\/td><\/tr><tr><td>Pavill\u00f3n Balaidos<\/td><td>2022<\/td><\/tr><\/tbody><\/table><\/figure>\n\n\n\n<p><strong>Risco de privatizaci\u00f3n en Setembro<\/strong><\/p>\n\n\n\n<figure class=\"wp-block-table\"><table class=\"has-fixed-layout\"><tbody><tr><td>Complexo de Samil<\/td><td>2025<\/td><\/tr><tr><td>Pavill\u00f3n do Berb\u00e9s<\/td><td>2025<\/td><\/tr><tr><td>Ximnasio do Carme<\/td><td>2025<\/td><\/tr><\/tbody><\/table><\/figure>\n\n\n\n<p><strong>Non se sabe<\/strong><\/p>\n\n\n\n<figure class=\"wp-block-table\"><table class=\"has-fixed-layout\"><tbody><tr><td>Complexo das Travesas<\/td><td>???<\/td><\/tr><\/tbody><\/table><\/figure>\n\n\n\n<p><strong>A pandemia como escusa.<\/strong><\/p>\n\n\n\n<blockquote class=\"wp-block-quote is-layout-flow wp-block-quote-is-layout-flow\">\n<p>Foi no ano 2020, o ano da pandemia, cando a voracidade privatizadora do alcalde de Vigo toma corpo e externaliza o servizo en 14 instalaci\u00f3ns deportivas. No ano 21 externalizan o servizo de d\u00faas m\u00e1is , e no 22 fan o mesmo co Complexo de Navia e co Pavill\u00f3n de Balaidos. A d\u00eda de hoxe s\u00f3 son 4 as instalaci\u00f3ns deportivas que est\u00e1n sen externalizar, malia que comezan a aparecer alg\u00fans indicios de que en setembro deste ano vanexternalizar o servizo noutras 3 instalaci\u00f3ns deportivas.<\/p>\n<\/blockquote>\n\n\n\n<p><strong>Que pasar\u00e1 cos traballadores se finalmente se acaba por externalizar todo?<\/strong><\/p>\n\n\n\n<blockquote class=\"wp-block-quote is-layout-flow wp-block-quote-is-layout-flow\">\n<p>Pois probablemente acaben por derivalos a outros servizos. En realidade \u201cexternalizar\u201d \u00e9 un eufemismo para non dicir o que est\u00e1 acontecendo de verdade: O goberno de Vigo est\u00e1 privatizando o servizo p\u00fablico de deportes na cidade de Vigo. E est\u00e1 fac\u00e9ndoo porque quere facelo. Non hai ningunha raz\u00f3n que lle obrigue. O estado lamentable das instalaci\u00f3ns soluci\u00f3nase investindo recursos no seu mantemento, e o concello de Vigo disp\u00f3n de recursos de sobra para podelo facer. E a insuficiencia de persoal arr\u00e1nxase convocando unha oferta p\u00fablica de emprego para poder contratar ao persoal necesario e suficiente, e o concello de Vigo disp\u00f3n de recursos de sobra para podelo facer.<\/p>\n<\/blockquote>\n\n\n\n<p><strong>O deterioro dos servizos c\u00ednguese s\u00f3 aos centros deportivos?<\/strong><\/p>\n\n\n\n<blockquote class=\"wp-block-quote is-layout-flow wp-block-quote-is-layout-flow\">\n<p>Non, segundo manifestan os membros do comit\u00e9 de empresa que falaron con n\u00f3s, o deterioro \u00e9 com\u00fan \u00e1 maior parte de servizos que d\u00e1 o Concello de Vigo, co que moito nos tememos que as intenci\u00f3ns de externalizar\/ privatizar sexan moito m\u00e1is amplas c\u00f3 tema que estamos a tratar neste artigo. As\u00ed por exemplo recentemente o concello amortizou unha praza no Vigo Zoo que xa estaba prevista cubrir con persoal interino. Por outra banda o servizo de cemiterios precisa un enterrador desde hai moito tempo. Est\u00e1n cansos de pedilo sen ning\u00fan tipo de resposta.<\/p>\n<\/blockquote>\n\n\n\n<blockquote class=\"wp-block-quote is-layout-flow wp-block-quote-is-layout-flow\">\n<p>E non se trata de que non haxa cartos, que si que os hai. Tanto \u00e9 as\u00ed que no exercicio anterior, no cap\u00edtulo 1 dos orzamentos, o que reflicte gastos de persoal, houbo 14 mill\u00f3ns de \u20ac que o goberno vigu\u00e9s deixou sen executar. Tampouco se trata de que non haxa persoal. Hai listaxes e bolsas de persoal das que se pode tirar en caso de necesidade, pero non se fai porque non se quere facer.<\/p>\n<\/blockquote>\n\n\n\n<blockquote class=\"wp-block-quote is-layout-flow wp-block-quote-is-layout-flow\">\n<p>O goberno de Vigo deixa sen executar unha inxente cantidade de mill\u00f3ns de \u20ac dos orzamentos, non s\u00f3 no cap\u00edtulo 1, e esa pol\u00edtica \u00e9 un indicativo notorio de que o goberno de Vigo xestiona mal. Hai cartos, hai servizos necesarios que non se prestan ou se prestan de forma deficiente, e o goberno non inviste todo o que pode investir. O alcalde de Vigo xa pode espetar todas as parvadas que queira nos medios de comunicaci\u00f3n que lle permitan facelo, xa pode anunciar obras fara\u00f3nicas, xa pode apelar ao localismo pueril, ao populismo pail\u00e1n como fai habitualmente, pero o goberno de Vigo, \u00e9 dicir o seu alcalde, \u00e9 un mal xestor.<\/p>\n<\/blockquote>\n\n\n\n<p><strong>Como afecta a situaci\u00f3n do persoal ao servizo \u00e1 veci\u00f1anza?<\/strong><\/p>\n\n\n\n<blockquote class=\"wp-block-quote is-layout-flow wp-block-quote-is-layout-flow\">\n<p>Afecta de tal maneira que \u00e1s veces os centros deportivos te\u00f1en que pechar. Non hai persoal suficiente e polo tanto non poden dispensar o servizo. A situaci\u00f3n \u00e9 tan disparatada que os usuarios e usuarias do ximnasio do Carme en ocasi\u00f3ns encontran o local pechado sen previo aviso, cun cartel na porta que informa do peche por motivos t\u00e9cnicos.<\/p>\n<\/blockquote>\n\n\n\n<p><strong>E como afecta aos traballadores e traballadoras?<\/strong><\/p>\n\n\n\n<blockquote class=\"wp-block-quote is-layout-flow wp-block-quote-is-layout-flow\">\n<p>Afecta substancialmente pois te\u00f1en que facer m\u00e1is traballo do que deben, co conseguinte abafo e estr\u00e9s, te\u00f1en que facer traballos que non lles competen. En definitiva; zafan como boamente poden grazas \u00e1 s\u00faa boa vontade e xenerosidade. O deterioro das condici\u00f3ns laborais \u00e9 tan elevado que se denegan todos os permisos de asuntos propios que se solicitan e incluso se po\u00f1en problemas para as vacaci\u00f3ns,algo que parece que \u00e9 bastante habitual no Concello de Vigo. O deterioro das condici\u00f3ns laborais ten como consecuencia inevitable o empeoramento do servizo co que os usuarios e usuarios, cansos de non poder gozar do deporte en condici\u00f3ns \u00f3ptimas, derivan a centros privados.<\/p>\n<\/blockquote>\n\n\n\n<p><strong>Que fai o goberno municipal?<\/strong><\/p>\n\n\n\n<blockquote class=\"wp-block-quote is-layout-flow wp-block-quote-is-layout-flow\">\n<p>Nada, non fan nada en absoluto. Non estamos na s\u00faa cabeza, pero a realidade dos feitos indica que en verdade non te\u00f1en intenci\u00f3n de resolver as carencias de persoal, e non van contratar a ningu\u00e9n. Na xuntanzas co comit\u00e9 de empresa marean a perdiz todo o que poden, pero resolver non resolven nada. Incluso alg\u00fan concelleiro tenlle metido presi\u00f3n ao comit\u00e9 con que se protestan ou van \u00e1 prensa, privatizan o que quede por privatizar e punto. Ese \u00e9 o modus operandi dun goberno presuntamente socialista.<\/p>\n<\/blockquote>\n\n\n\n<p><strong>Que fai a oposici\u00f3n?<\/strong><\/p>\n\n\n\n<blockquote class=\"wp-block-quote is-layout-flow wp-block-quote-is-layout-flow\">\n<p>Escoitar ao comit\u00e9 con atenci\u00f3n e , en principio, parece que darlles a raz\u00f3n. A maior\u00eda absoluta de Abel Caballero impide que nin PP nin BNG poidan facer nada efectivo, veremos se chegan a gobernar..<\/p>\n<\/blockquote>\n\n\n\n<p><strong>Que futuro lles espera aos distintos servizos p\u00fablicos do Concello?<\/strong><\/p>\n\n\n\n<blockquote class=\"wp-block-quote is-layout-flow wp-block-quote-is-layout-flow\">\n<p>En palabras dos membros do comit\u00e9 de empresa parece que o cami\u00f1o conduce irremediablemente \u00e1 privatizaci\u00f3n de todo, de todos os servizos do Concello. Por duro que pareza, ese parece ser o destino final. A privatizaci\u00f3n non \u00e9 m\u00e1is barata para o cidad\u00e1n, iso \u00e9 falso, e o servizo non \u00e9 mellor. Todo o contrario, tende a ser peor.<\/p>\n<\/blockquote>\n\n\n\n<blockquote class=\"wp-block-quote is-layout-flow wp-block-quote-is-layout-flow\">\n<p>E finalizada a conversa cos representantes do comit\u00e9 de empresa, rematamos o d\u00eda falando con Lourdes, usuaria habitual do ximnasio do Carme que nos conta a s\u00faa impresi\u00f3n sobre o estado das instalaci\u00f3ns<\/p>\n<\/blockquote>\n\n\n\n<p><strong>Lourdes Gonzalvez Teixeira<\/strong><\/p>\n\n\n\n<p><strong>Veci\u00f1a das Travesas e usuaria das instalaci\u00f3n deportivas do Carme.<\/strong><\/p>\n\n\n\n<h2 class=\"wp-block-heading\">\u201c<strong>As condici\u00f3ns do Carme son Horribles\u201d<\/strong><\/h2>\n\n\n\n<figure class=\"wp-block-image size-large\"><img loading=\"lazy\" decoding=\"async\" width=\"1024\" height=\"768\" src=\"https:\/\/www.anovapeneira.gal\/wp-content\/uploads\/2025\/06\/Lourdes-Ximnasio-Carme-1024x768.jpg\" alt=\"\" class=\"wp-image-14036\" srcset=\"https:\/\/www.anovapeneira.gal\/wp-content\/uploads\/2025\/06\/Lourdes-Ximnasio-Carme-1024x768.jpg 1024w, https:\/\/www.anovapeneira.gal\/wp-content\/uploads\/2025\/06\/Lourdes-Ximnasio-Carme-300x225.jpg 300w, https:\/\/www.anovapeneira.gal\/wp-content\/uploads\/2025\/06\/Lourdes-Ximnasio-Carme-768x576.jpg 768w, https:\/\/www.anovapeneira.gal\/wp-content\/uploads\/2025\/06\/Lourdes-Ximnasio-Carme-1536x1152.jpg 1536w, https:\/\/www.anovapeneira.gal\/wp-content\/uploads\/2025\/06\/Lourdes-Ximnasio-Carme-2048x1536.jpg 2048w, https:\/\/www.anovapeneira.gal\/wp-content\/uploads\/2025\/06\/Lourdes-Ximnasio-Carme-678x509.jpg 678w, https:\/\/www.anovapeneira.gal\/wp-content\/uploads\/2025\/06\/Lourdes-Ximnasio-Carme-326x245.jpg 326w, https:\/\/www.anovapeneira.gal\/wp-content\/uploads\/2025\/06\/Lourdes-Ximnasio-Carme-80x60.jpg 80w\" sizes=\"auto, (max-width: 1024px) 100vw, 1024px\" \/><\/figure>\n\n\n\n<p><strong>Cal \u00e9 a t\u00faa opini\u00f3n do servizo que ofrece o ximnasio do Carme?<\/strong><\/p>\n\n\n\n<blockquote class=\"wp-block-quote is-layout-flow wp-block-quote-is-layout-flow\">\n<p>O servizo est\u00e1 fatal. Os monitores da ma\u00f1\u00e1 que \u00e9 cando vou eu son xeniais, non te\u00f1o ningunha queixa, todo o contrario.<\/p>\n<\/blockquote>\n\n\n\n<p><strong>Ent\u00f3n por que opinas que o servizo que ofrece est\u00e1 \u201cfatal\u201d?<\/strong><\/p>\n\n\n\n<blockquote class=\"wp-block-quote is-layout-flow wp-block-quote-is-layout-flow\">\n<p>Pois porque o ximnasio est\u00e1 moi deteriorado, as m\u00e1quinas son un desastre, hai pingueiras por todos os currunchos,andamos con cubos e toallas. Incluso na piscina \u00e1s veces estamos nadando e c\u00e1enos auga por riba. E porque o persoal non \u00e9 suficiente. Hai veces que pecha sen avisar previamente. Chegas ao ximnasio e enc\u00f3ntralo pechado. Po\u00f1en un cartel no que din que pechan por motivos t\u00e9cnicos.<\/p>\n<\/blockquote>\n\n\n\n<p><strong>Os propios usuarios e usuarias tendes que \u201c andar con cubos e toallas\u201d?<\/strong><\/p>\n\n\n\n<blockquote class=\"wp-block-quote is-layout-flow wp-block-quote-is-layout-flow\">\n<p>Si, claro. N\u00f3s axudamos a cambialos cando se enchen e na sala de pilates estamos a secar coas tollas.<\/p>\n<\/blockquote>\n\n\n\n<p><strong>Como est\u00e1n os vestiarios?<\/strong><\/p>\n\n\n\n<blockquote class=\"wp-block-quote is-layout-flow wp-block-quote-is-layout-flow\">\n<p>Horribles, hai un feixe de cascudas e todo tipo de insectos. Os azulexos est\u00e1n ca\u00eddos e non os arranxan&#8230;As duchas tam\u00e9n est\u00e1n mal, a\u00ednda que a\u00ed si que actuaron, despois das nosas protestas, porque cando unha se duchaba case ca\u00eda m\u00e1is auga por f\u00f3ra da ducha ca por dentro.<\/p>\n<\/blockquote>\n\n\n\n<p><strong>E a limpeza?<\/strong><\/p>\n\n\n\n<blockquote class=\"wp-block-quote is-layout-flow wp-block-quote-is-layout-flow\">\n<p>\u00c9 tam\u00e9n insuficiente.<\/p>\n<\/blockquote>\n\n\n\n<p><strong>Cres que non se solucionan os problemas porque non hai vontade de facelo?<\/strong><\/p>\n\n\n\n<blockquote class=\"wp-block-quote is-layout-flow wp-block-quote-is-layout-flow\">\n<p>Estou completamente segura.<\/p>\n<\/blockquote>\n\n\n\n<p><strong>Ti, como usuaria, tes feito alg\u00fan tipo de protesta ou reclamaci\u00f3n ante o Concello para facer constar o teu malestar ante o deterioro das instalaci\u00f3ns que describes?<\/strong><\/p>\n\n\n\n<blockquote class=\"wp-block-quote is-layout-flow wp-block-quote-is-layout-flow\">\n<p>Si, fixen moitas. Incluso tiven xuntanzas con Manel Fern\u00e1ndez, o concelleiro de deportes.<\/p>\n<\/blockquote>\n\n\n\n<p><strong>E que sensaci\u00f3n tiveches desas conversas co Concelleiro?<\/strong><\/p>\n\n\n\n<blockquote class=\"wp-block-quote is-layout-flow wp-block-quote-is-layout-flow\">\n<p>Que non me fixo nin o m\u00e1is m\u00ednimo caso.<\/p>\n<\/blockquote>\n","protected":false},"excerpt":{"rendered":"<div class=\"mh-excerpt\"><p>Na redacci\u00f3n de ANP temos recibido queixas recorrentes sobre o constante deterioro dos servizos p\u00fablicos do Concello en xeral, e sobre o p\u00e9simo estado dos centros deportivos en particular. <a class=\"mh-excerpt-more\" href=\"https:\/\/www.anovapeneira.gal\/index.php\/2025\/06\/11\/o-deterioro-dos-servizos-publicos-deportivos-do-concello-de-vigo-e-a-politica-privatizadora-da-administracion-municipal\/\" title=\"O deterioro dos servizos p\u00fablicos deportivos do Concello de Vigo, e a pol\u00edtica privatizadora da administraci\u00f3n municipal\">[&#8230;]<\/a><\/p>\n<\/div>","protected":false},"author":17,"featured_media":14037,"comment_status":"open","ping_status":"open","sticky":false,"template":"","format":"standard","meta":{"_exactmetrics_skip_tracking":false,"_exactmetrics_sitenote_active":false,"_exactmetrics_sitenote_note":"","_exactmetrics_sitenote_category":0,"footnotes":""},"categories":[272],"tags":[227],"class_list":{"0":"post-14035","1":"post","2":"type-post","3":"status-publish","4":"format-standard","5":"has-post-thumbnail","7":"category-vigo-entrevistas","8":"tag-concello-de-vigo"},"yoast_head":"<!-- This site is optimized with the Yoast SEO plugin v27.4 - https:\/\/yoast.com\/product\/yoast-seo-wordpress\/ -->\n<title>O deterioro dos servizos p\u00fablicos deportivos do Concello de Vigo, e a pol\u00edtica privatizadora da administraci\u00f3n municipal -<\/title>\n<meta name=\"robots\" content=\"index, follow, max-snippet:-1, max-image-preview:large, max-video-preview:-1\" \/>\n<link rel=\"canonical\" href=\"https:\/\/www.anovapeneira.gal\/index.php\/2025\/06\/11\/o-deterioro-dos-servizos-publicos-deportivos-do-concello-de-vigo-e-a-politica-privatizadora-da-administracion-municipal\/\" \/>\n<meta property=\"og:locale\" content=\"gl_ES\" \/>\n<meta property=\"og:type\" content=\"article\" \/>\n<meta property=\"og:title\" content=\"O deterioro dos servizos p\u00fablicos deportivos do Concello de Vigo, e a pol\u00edtica privatizadora da administraci\u00f3n municipal -\" \/>\n<meta property=\"og:description\" content=\"Na redacci\u00f3n de ANP temos recibido queixas recorrentes sobre o constante deterioro dos servizos p\u00fablicos do Concello en xeral, e sobre o p\u00e9simo estado dos centros deportivos en particular. [...]\" \/>\n<meta property=\"og:url\" content=\"https:\/\/www.anovapeneira.gal\/index.php\/2025\/06\/11\/o-deterioro-dos-servizos-publicos-deportivos-do-concello-de-vigo-e-a-politica-privatizadora-da-administracion-municipal\/\" \/>\n<meta property=\"article:publisher\" content=\"https:\/\/www.facebook.com\/anovapeneira\" \/>\n<meta property=\"article:published_time\" content=\"2025-06-11T10:00:06+00:00\" \/>\n<meta property=\"og:image\" content=\"https:\/\/www.anovapeneira.gal\/wp-content\/uploads\/2025\/06\/Comite_empresa_Concello_Vigo.jpg\" \/>\n\t<meta property=\"og:image:width\" content=\"720\" \/>\n\t<meta property=\"og:image:height\" content=\"432\" \/>\n\t<meta property=\"og:image:type\" content=\"image\/jpeg\" \/>\n<meta name=\"author\" content=\"G. Figueiredo\" \/>\n<meta name=\"twitter:card\" content=\"summary_large_image\" \/>\n<meta name=\"twitter:creator\" content=\"@APeneira\" \/>\n<meta name=\"twitter:site\" content=\"@APeneira\" \/>\n<meta name=\"twitter:label1\" content=\"Escrito por\" \/>\n\t<meta name=\"twitter:data1\" content=\"G. Figueiredo\" \/>\n\t<meta name=\"twitter:label2\" content=\"Tempo de lectura\" \/>\n\t<meta name=\"twitter:data2\" content=\"4 minutos\" \/>\n<script type=\"application\/ld+json\" class=\"yoast-schema-graph\">{\"@context\":\"https:\\\/\\\/schema.org\",\"@graph\":[{\"@type\":\"Article\",\"@id\":\"https:\\\/\\\/www.anovapeneira.gal\\\/index.php\\\/2025\\\/06\\\/11\\\/o-deterioro-dos-servizos-publicos-deportivos-do-concello-de-vigo-e-a-politica-privatizadora-da-administracion-municipal\\\/#article\",\"isPartOf\":{\"@id\":\"https:\\\/\\\/www.anovapeneira.gal\\\/index.php\\\/2025\\\/06\\\/11\\\/o-deterioro-dos-servizos-publicos-deportivos-do-concello-de-vigo-e-a-politica-privatizadora-da-administracion-municipal\\\/\"},\"author\":{\"name\":\"G. Figueiredo\",\"@id\":\"https:\\\/\\\/www.anovapeneira.gal\\\/#\\\/schema\\\/person\\\/42f904d7cac80cf3f5a31494dd82a9b6\"},\"headline\":\"O deterioro dos servizos p\u00fablicos deportivos do Concello de Vigo, e a pol\u00edtica privatizadora da administraci\u00f3n municipal\",\"datePublished\":\"2025-06-11T10:00:06+00:00\",\"mainEntityOfPage\":{\"@id\":\"https:\\\/\\\/www.anovapeneira.gal\\\/index.php\\\/2025\\\/06\\\/11\\\/o-deterioro-dos-servizos-publicos-deportivos-do-concello-de-vigo-e-a-politica-privatizadora-da-administracion-municipal\\\/\"},\"wordCount\":2199,\"commentCount\":0,\"publisher\":{\"@id\":\"https:\\\/\\\/www.anovapeneira.gal\\\/#organization\"},\"image\":{\"@id\":\"https:\\\/\\\/www.anovapeneira.gal\\\/index.php\\\/2025\\\/06\\\/11\\\/o-deterioro-dos-servizos-publicos-deportivos-do-concello-de-vigo-e-a-politica-privatizadora-da-administracion-municipal\\\/#primaryimage\"},\"thumbnailUrl\":\"https:\\\/\\\/www.anovapeneira.gal\\\/wp-content\\\/uploads\\\/2025\\\/06\\\/Comite_empresa_Concello_Vigo.jpg\",\"keywords\":[\"Concello de Vigo\"],\"articleSection\":[\"Vigo\"],\"inLanguage\":\"gl-ES\",\"potentialAction\":[{\"@type\":\"CommentAction\",\"name\":\"Comment\",\"target\":[\"https:\\\/\\\/www.anovapeneira.gal\\\/index.php\\\/2025\\\/06\\\/11\\\/o-deterioro-dos-servizos-publicos-deportivos-do-concello-de-vigo-e-a-politica-privatizadora-da-administracion-municipal\\\/#respond\"]}]},{\"@type\":\"WebPage\",\"@id\":\"https:\\\/\\\/www.anovapeneira.gal\\\/index.php\\\/2025\\\/06\\\/11\\\/o-deterioro-dos-servizos-publicos-deportivos-do-concello-de-vigo-e-a-politica-privatizadora-da-administracion-municipal\\\/\",\"url\":\"https:\\\/\\\/www.anovapeneira.gal\\\/index.php\\\/2025\\\/06\\\/11\\\/o-deterioro-dos-servizos-publicos-deportivos-do-concello-de-vigo-e-a-politica-privatizadora-da-administracion-municipal\\\/\",\"name\":\"O deterioro dos servizos p\u00fablicos deportivos do Concello de Vigo, e a pol\u00edtica privatizadora da administraci\u00f3n municipal -\",\"isPartOf\":{\"@id\":\"https:\\\/\\\/www.anovapeneira.gal\\\/#website\"},\"primaryImageOfPage\":{\"@id\":\"https:\\\/\\\/www.anovapeneira.gal\\\/index.php\\\/2025\\\/06\\\/11\\\/o-deterioro-dos-servizos-publicos-deportivos-do-concello-de-vigo-e-a-politica-privatizadora-da-administracion-municipal\\\/#primaryimage\"},\"image\":{\"@id\":\"https:\\\/\\\/www.anovapeneira.gal\\\/index.php\\\/2025\\\/06\\\/11\\\/o-deterioro-dos-servizos-publicos-deportivos-do-concello-de-vigo-e-a-politica-privatizadora-da-administracion-municipal\\\/#primaryimage\"},\"thumbnailUrl\":\"https:\\\/\\\/www.anovapeneira.gal\\\/wp-content\\\/uploads\\\/2025\\\/06\\\/Comite_empresa_Concello_Vigo.jpg\",\"datePublished\":\"2025-06-11T10:00:06+00:00\",\"breadcrumb\":{\"@id\":\"https:\\\/\\\/www.anovapeneira.gal\\\/index.php\\\/2025\\\/06\\\/11\\\/o-deterioro-dos-servizos-publicos-deportivos-do-concello-de-vigo-e-a-politica-privatizadora-da-administracion-municipal\\\/#breadcrumb\"},\"inLanguage\":\"gl-ES\",\"potentialAction\":[{\"@type\":\"ReadAction\",\"target\":[\"https:\\\/\\\/www.anovapeneira.gal\\\/index.php\\\/2025\\\/06\\\/11\\\/o-deterioro-dos-servizos-publicos-deportivos-do-concello-de-vigo-e-a-politica-privatizadora-da-administracion-municipal\\\/\"]}]},{\"@type\":\"ImageObject\",\"inLanguage\":\"gl-ES\",\"@id\":\"https:\\\/\\\/www.anovapeneira.gal\\\/index.php\\\/2025\\\/06\\\/11\\\/o-deterioro-dos-servizos-publicos-deportivos-do-concello-de-vigo-e-a-politica-privatizadora-da-administracion-municipal\\\/#primaryimage\",\"url\":\"https:\\\/\\\/www.anovapeneira.gal\\\/wp-content\\\/uploads\\\/2025\\\/06\\\/Comite_empresa_Concello_Vigo.jpg\",\"contentUrl\":\"https:\\\/\\\/www.anovapeneira.gal\\\/wp-content\\\/uploads\\\/2025\\\/06\\\/Comite_empresa_Concello_Vigo.jpg\",\"width\":720,\"height\":432,\"caption\":\"Comit\u00e9 de empresa do Cocello de Vigo\"},{\"@type\":\"BreadcrumbList\",\"@id\":\"https:\\\/\\\/www.anovapeneira.gal\\\/index.php\\\/2025\\\/06\\\/11\\\/o-deterioro-dos-servizos-publicos-deportivos-do-concello-de-vigo-e-a-politica-privatizadora-da-administracion-municipal\\\/#breadcrumb\",\"itemListElement\":[{\"@type\":\"ListItem\",\"position\":1,\"name\":\"Portada\",\"item\":\"https:\\\/\\\/www.anovapeneira.gal\\\/\"},{\"@type\":\"ListItem\",\"position\":2,\"name\":\"O deterioro dos servizos p\u00fablicos deportivos do Concello de Vigo, e a pol\u00edtica privatizadora da administraci\u00f3n municipal\"}]},{\"@type\":\"WebSite\",\"@id\":\"https:\\\/\\\/www.anovapeneira.gal\\\/#website\",\"url\":\"https:\\\/\\\/www.anovapeneira.gal\\\/\",\"name\":\"\",\"description\":\"Xornal galego de informaci\u00f3n xeral Publicaci\u00f3n mensual de novas de Galicia e en especial dos Concellos da sur da provincia de Pontevedra.\",\"publisher\":{\"@id\":\"https:\\\/\\\/www.anovapeneira.gal\\\/#organization\"},\"potentialAction\":[{\"@type\":\"SearchAction\",\"target\":{\"@type\":\"EntryPoint\",\"urlTemplate\":\"https:\\\/\\\/www.anovapeneira.gal\\\/?s={search_term_string}\"},\"query-input\":{\"@type\":\"PropertyValueSpecification\",\"valueRequired\":true,\"valueName\":\"search_term_string\"}}],\"inLanguage\":\"gl-ES\"},{\"@type\":\"Organization\",\"@id\":\"https:\\\/\\\/www.anovapeneira.gal\\\/#organization\",\"name\":\"A Nova Peneira\",\"url\":\"https:\\\/\\\/www.anovapeneira.gal\\\/\",\"logo\":{\"@type\":\"ImageObject\",\"inLanguage\":\"gl-ES\",\"@id\":\"https:\\\/\\\/www.anovapeneira.gal\\\/#\\\/schema\\\/logo\\\/image\\\/\",\"url\":\"http:\\\/\\\/www.anovapeneira.gal\\\/wp-content\\\/uploads\\\/2019\\\/06\\\/logo_a_nova_peneira_portal_web.png\",\"contentUrl\":\"http:\\\/\\\/www.anovapeneira.gal\\\/wp-content\\\/uploads\\\/2019\\\/06\\\/logo_a_nova_peneira_portal_web.png\",\"width\":300,\"height\":100,\"caption\":\"A Nova Peneira\"},\"image\":{\"@id\":\"https:\\\/\\\/www.anovapeneira.gal\\\/#\\\/schema\\\/logo\\\/image\\\/\"},\"sameAs\":[\"https:\\\/\\\/www.facebook.com\\\/anovapeneira\",\"https:\\\/\\\/x.com\\\/APeneira\"]},{\"@type\":\"Person\",\"@id\":\"https:\\\/\\\/www.anovapeneira.gal\\\/#\\\/schema\\\/person\\\/42f904d7cac80cf3f5a31494dd82a9b6\",\"name\":\"G. Figueiredo\",\"image\":{\"@type\":\"ImageObject\",\"inLanguage\":\"gl-ES\",\"@id\":\"https:\\\/\\\/secure.gravatar.com\\\/avatar\\\/2d970086688458e0398ef8b84f5cbb8cc1ec3ab115aeb8435135a9f556af97b3?s=96&d=mm&r=g\",\"url\":\"https:\\\/\\\/secure.gravatar.com\\\/avatar\\\/2d970086688458e0398ef8b84f5cbb8cc1ec3ab115aeb8435135a9f556af97b3?s=96&d=mm&r=g\",\"contentUrl\":\"https:\\\/\\\/secure.gravatar.com\\\/avatar\\\/2d970086688458e0398ef8b84f5cbb8cc1ec3ab115aeb8435135a9f556af97b3?s=96&d=mm&r=g\",\"caption\":\"G. Figueiredo\"},\"sameAs\":[\"http:\\\/\\\/www.anovapeneira.gal\\\/\"],\"url\":\"https:\\\/\\\/www.anovapeneira.gal\\\/index.php\\\/author\\\/g-figueiredo\\\/\"}]}<\/script>\n<!-- \/ Yoast SEO plugin. -->","yoast_head_json":{"title":"O deterioro dos servizos p\u00fablicos deportivos do Concello de Vigo, e a pol\u00edtica privatizadora da administraci\u00f3n municipal -","robots":{"index":"index","follow":"follow","max-snippet":"max-snippet:-1","max-image-preview":"max-image-preview:large","max-video-preview":"max-video-preview:-1"},"canonical":"https:\/\/www.anovapeneira.gal\/index.php\/2025\/06\/11\/o-deterioro-dos-servizos-publicos-deportivos-do-concello-de-vigo-e-a-politica-privatizadora-da-administracion-municipal\/","og_locale":"gl_ES","og_type":"article","og_title":"O deterioro dos servizos p\u00fablicos deportivos do Concello de Vigo, e a pol\u00edtica privatizadora da administraci\u00f3n municipal -","og_description":"Na redacci\u00f3n de ANP temos recibido queixas recorrentes sobre o constante deterioro dos servizos p\u00fablicos do Concello en xeral, e sobre o p\u00e9simo estado dos centros deportivos en particular. [...]","og_url":"https:\/\/www.anovapeneira.gal\/index.php\/2025\/06\/11\/o-deterioro-dos-servizos-publicos-deportivos-do-concello-de-vigo-e-a-politica-privatizadora-da-administracion-municipal\/","article_publisher":"https:\/\/www.facebook.com\/anovapeneira","article_published_time":"2025-06-11T10:00:06+00:00","og_image":[{"width":720,"height":432,"url":"https:\/\/www.anovapeneira.gal\/wp-content\/uploads\/2025\/06\/Comite_empresa_Concello_Vigo.jpg","type":"image\/jpeg"}],"author":"G. Figueiredo","twitter_card":"summary_large_image","twitter_creator":"@APeneira","twitter_site":"@APeneira","twitter_misc":{"Escrito por":"G. Figueiredo","Tempo de lectura":"4 minutos"},"schema":{"@context":"https:\/\/schema.org","@graph":[{"@type":"Article","@id":"https:\/\/www.anovapeneira.gal\/index.php\/2025\/06\/11\/o-deterioro-dos-servizos-publicos-deportivos-do-concello-de-vigo-e-a-politica-privatizadora-da-administracion-municipal\/#article","isPartOf":{"@id":"https:\/\/www.anovapeneira.gal\/index.php\/2025\/06\/11\/o-deterioro-dos-servizos-publicos-deportivos-do-concello-de-vigo-e-a-politica-privatizadora-da-administracion-municipal\/"},"author":{"name":"G. Figueiredo","@id":"https:\/\/www.anovapeneira.gal\/#\/schema\/person\/42f904d7cac80cf3f5a31494dd82a9b6"},"headline":"O deterioro dos servizos p\u00fablicos deportivos do Concello de Vigo, e a pol\u00edtica privatizadora da administraci\u00f3n municipal","datePublished":"2025-06-11T10:00:06+00:00","mainEntityOfPage":{"@id":"https:\/\/www.anovapeneira.gal\/index.php\/2025\/06\/11\/o-deterioro-dos-servizos-publicos-deportivos-do-concello-de-vigo-e-a-politica-privatizadora-da-administracion-municipal\/"},"wordCount":2199,"commentCount":0,"publisher":{"@id":"https:\/\/www.anovapeneira.gal\/#organization"},"image":{"@id":"https:\/\/www.anovapeneira.gal\/index.php\/2025\/06\/11\/o-deterioro-dos-servizos-publicos-deportivos-do-concello-de-vigo-e-a-politica-privatizadora-da-administracion-municipal\/#primaryimage"},"thumbnailUrl":"https:\/\/www.anovapeneira.gal\/wp-content\/uploads\/2025\/06\/Comite_empresa_Concello_Vigo.jpg","keywords":["Concello de Vigo"],"articleSection":["Vigo"],"inLanguage":"gl-ES","potentialAction":[{"@type":"CommentAction","name":"Comment","target":["https:\/\/www.anovapeneira.gal\/index.php\/2025\/06\/11\/o-deterioro-dos-servizos-publicos-deportivos-do-concello-de-vigo-e-a-politica-privatizadora-da-administracion-municipal\/#respond"]}]},{"@type":"WebPage","@id":"https:\/\/www.anovapeneira.gal\/index.php\/2025\/06\/11\/o-deterioro-dos-servizos-publicos-deportivos-do-concello-de-vigo-e-a-politica-privatizadora-da-administracion-municipal\/","url":"https:\/\/www.anovapeneira.gal\/index.php\/2025\/06\/11\/o-deterioro-dos-servizos-publicos-deportivos-do-concello-de-vigo-e-a-politica-privatizadora-da-administracion-municipal\/","name":"O deterioro dos servizos p\u00fablicos deportivos do Concello de Vigo, e a pol\u00edtica privatizadora da administraci\u00f3n municipal -","isPartOf":{"@id":"https:\/\/www.anovapeneira.gal\/#website"},"primaryImageOfPage":{"@id":"https:\/\/www.anovapeneira.gal\/index.php\/2025\/06\/11\/o-deterioro-dos-servizos-publicos-deportivos-do-concello-de-vigo-e-a-politica-privatizadora-da-administracion-municipal\/#primaryimage"},"image":{"@id":"https:\/\/www.anovapeneira.gal\/index.php\/2025\/06\/11\/o-deterioro-dos-servizos-publicos-deportivos-do-concello-de-vigo-e-a-politica-privatizadora-da-administracion-municipal\/#primaryimage"},"thumbnailUrl":"https:\/\/www.anovapeneira.gal\/wp-content\/uploads\/2025\/06\/Comite_empresa_Concello_Vigo.jpg","datePublished":"2025-06-11T10:00:06+00:00","breadcrumb":{"@id":"https:\/\/www.anovapeneira.gal\/index.php\/2025\/06\/11\/o-deterioro-dos-servizos-publicos-deportivos-do-concello-de-vigo-e-a-politica-privatizadora-da-administracion-municipal\/#breadcrumb"},"inLanguage":"gl-ES","potentialAction":[{"@type":"ReadAction","target":["https:\/\/www.anovapeneira.gal\/index.php\/2025\/06\/11\/o-deterioro-dos-servizos-publicos-deportivos-do-concello-de-vigo-e-a-politica-privatizadora-da-administracion-municipal\/"]}]},{"@type":"ImageObject","inLanguage":"gl-ES","@id":"https:\/\/www.anovapeneira.gal\/index.php\/2025\/06\/11\/o-deterioro-dos-servizos-publicos-deportivos-do-concello-de-vigo-e-a-politica-privatizadora-da-administracion-municipal\/#primaryimage","url":"https:\/\/www.anovapeneira.gal\/wp-content\/uploads\/2025\/06\/Comite_empresa_Concello_Vigo.jpg","contentUrl":"https:\/\/www.anovapeneira.gal\/wp-content\/uploads\/2025\/06\/Comite_empresa_Concello_Vigo.jpg","width":720,"height":432,"caption":"Comit\u00e9 de empresa do Cocello de Vigo"},{"@type":"BreadcrumbList","@id":"https:\/\/www.anovapeneira.gal\/index.php\/2025\/06\/11\/o-deterioro-dos-servizos-publicos-deportivos-do-concello-de-vigo-e-a-politica-privatizadora-da-administracion-municipal\/#breadcrumb","itemListElement":[{"@type":"ListItem","position":1,"name":"Portada","item":"https:\/\/www.anovapeneira.gal\/"},{"@type":"ListItem","position":2,"name":"O deterioro dos servizos p\u00fablicos deportivos do Concello de Vigo, e a pol\u00edtica privatizadora da administraci\u00f3n municipal"}]},{"@type":"WebSite","@id":"https:\/\/www.anovapeneira.gal\/#website","url":"https:\/\/www.anovapeneira.gal\/","name":"","description":"Xornal galego de informaci\u00f3n xeral Publicaci\u00f3n mensual de novas de Galicia e en especial dos Concellos da sur da provincia de Pontevedra.","publisher":{"@id":"https:\/\/www.anovapeneira.gal\/#organization"},"potentialAction":[{"@type":"SearchAction","target":{"@type":"EntryPoint","urlTemplate":"https:\/\/www.anovapeneira.gal\/?s={search_term_string}"},"query-input":{"@type":"PropertyValueSpecification","valueRequired":true,"valueName":"search_term_string"}}],"inLanguage":"gl-ES"},{"@type":"Organization","@id":"https:\/\/www.anovapeneira.gal\/#organization","name":"A Nova Peneira","url":"https:\/\/www.anovapeneira.gal\/","logo":{"@type":"ImageObject","inLanguage":"gl-ES","@id":"https:\/\/www.anovapeneira.gal\/#\/schema\/logo\/image\/","url":"http:\/\/www.anovapeneira.gal\/wp-content\/uploads\/2019\/06\/logo_a_nova_peneira_portal_web.png","contentUrl":"http:\/\/www.anovapeneira.gal\/wp-content\/uploads\/2019\/06\/logo_a_nova_peneira_portal_web.png","width":300,"height":100,"caption":"A Nova Peneira"},"image":{"@id":"https:\/\/www.anovapeneira.gal\/#\/schema\/logo\/image\/"},"sameAs":["https:\/\/www.facebook.com\/anovapeneira","https:\/\/x.com\/APeneira"]},{"@type":"Person","@id":"https:\/\/www.anovapeneira.gal\/#\/schema\/person\/42f904d7cac80cf3f5a31494dd82a9b6","name":"G. Figueiredo","image":{"@type":"ImageObject","inLanguage":"gl-ES","@id":"https:\/\/secure.gravatar.com\/avatar\/2d970086688458e0398ef8b84f5cbb8cc1ec3ab115aeb8435135a9f556af97b3?s=96&d=mm&r=g","url":"https:\/\/secure.gravatar.com\/avatar\/2d970086688458e0398ef8b84f5cbb8cc1ec3ab115aeb8435135a9f556af97b3?s=96&d=mm&r=g","contentUrl":"https:\/\/secure.gravatar.com\/avatar\/2d970086688458e0398ef8b84f5cbb8cc1ec3ab115aeb8435135a9f556af97b3?s=96&d=mm&r=g","caption":"G. Figueiredo"},"sameAs":["http:\/\/www.anovapeneira.gal\/"],"url":"https:\/\/www.anovapeneira.gal\/index.php\/author\/g-figueiredo\/"}]}},"jetpack_featured_media_url":"https:\/\/www.anovapeneira.gal\/wp-content\/uploads\/2025\/06\/Comite_empresa_Concello_Vigo.jpg","_links":{"self":[{"href":"https:\/\/www.anovapeneira.gal\/index.php\/wp-json\/wp\/v2\/posts\/14035","targetHints":{"allow":["GET"]}}],"collection":[{"href":"https:\/\/www.anovapeneira.gal\/index.php\/wp-json\/wp\/v2\/posts"}],"about":[{"href":"https:\/\/www.anovapeneira.gal\/index.php\/wp-json\/wp\/v2\/types\/post"}],"author":[{"embeddable":true,"href":"https:\/\/www.anovapeneira.gal\/index.php\/wp-json\/wp\/v2\/users\/17"}],"replies":[{"embeddable":true,"href":"https:\/\/www.anovapeneira.gal\/index.php\/wp-json\/wp\/v2\/comments?post=14035"}],"version-history":[{"count":2,"href":"https:\/\/www.anovapeneira.gal\/index.php\/wp-json\/wp\/v2\/posts\/14035\/revisions"}],"predecessor-version":[{"id":14039,"href":"https:\/\/www.anovapeneira.gal\/index.php\/wp-json\/wp\/v2\/posts\/14035\/revisions\/14039"}],"wp:featuredmedia":[{"embeddable":true,"href":"https:\/\/www.anovapeneira.gal\/index.php\/wp-json\/wp\/v2\/media\/14037"}],"wp:attachment":[{"href":"https:\/\/www.anovapeneira.gal\/index.php\/wp-json\/wp\/v2\/media?parent=14035"}],"wp:term":[{"taxonomy":"category","embeddable":true,"href":"https:\/\/www.anovapeneira.gal\/index.php\/wp-json\/wp\/v2\/categories?post=14035"},{"taxonomy":"post_tag","embeddable":true,"href":"https:\/\/www.anovapeneira.gal\/index.php\/wp-json\/wp\/v2\/tags?post=14035"}],"curies":[{"name":"wp","href":"https:\/\/api.w.org\/{rel}","templated":true}]}}