{"id":14041,"date":"2025-06-12T10:00:33","date_gmt":"2025-06-12T08:00:33","guid":{"rendered":"https:\/\/www.anovapeneira.gal\/?p=14041"},"modified":"2025-06-11T07:04:09","modified_gmt":"2025-06-11T05:04:09","slug":"o-grupo-municipal-do-bng-de-forcarei-solicita-unha-partida-economica-para-o-estudo-detallado-da-afeccion-dos-novos-parques-eolicos","status":"publish","type":"post","link":"https:\/\/www.anovapeneira.gal\/index.php\/2025\/06\/12\/o-grupo-municipal-do-bng-de-forcarei-solicita-unha-partida-economica-para-o-estudo-detallado-da-afeccion-dos-novos-parques-eolicos\/","title":{"rendered":"O grupo municipal do BNG de Forcarei solicita unha partida econ\u00f3mica para o estudo detallado da afecci\u00f3n dos novos parques e\u00f3licos"},"content":{"rendered":"\n<pre class=\"wp-block-verse\">Roberto Jorge Correa, Concelleiro do grupo municipal do Bloque Nacionalista Galego<\/pre>\n\n\n\n<p>Dende o grupo municipal do BNG vimos de propor a Ver\u00f3nica Pichel a dotaci\u00f3n dunha partida econ\u00f3mica para o estudio detallado da afecci\u00f3n dos novos parques e\u00f3licos tramitados polo goberno do estado e que afectan \u00e1s parroquias de Aciveiro, Meav\u00eda, Quintill\u00e1n, Castrelo, Forcarei, Presqueiras, Pardesoa e \u00e1 localidade de Soutelo de Montes, as\u00ed como as d\u00faas li\u00f1as el\u00e9ctricas asociadas que atravesan de este a oeste e de norte a sur o noso concello.<\/p>\n\n\n\n<p>29 aeroxeradores en proxecto en zonas agrarias consider\u00e1molo un sinsentido.<\/p>\n\n\n\n<p>Nonnestamos en contra da enerx\u00eda e\u00f3lica, entendemos a necesidade, mais non as\u00ed. A enerx\u00eda ten que ser compatible coa calidade de vida no noso concello, Galicia non pode ser unha vez m\u00e1is a zona de sacrificio.<\/p>\n\n\n\n<p>Consideramos que \u00e9 grave que estes parques se superpo\u00f1an sobre outros parques tramitados polo propio Ministerio, acheg\u00e1ndose a\u00ednda m\u00e1is \u00e1s aldeas e elementos patrimoniais, polo que este estudio nos permitir\u00e1 evaluar con certeza os mesmos.<\/p>\n\n\n\n<p>\u00c9 incomprensible que por parte da promotora non se falara cos propietarios e a primeira nova sexa a publicaci\u00f3n no boe.<\/p>\n\n\n\n<p>\u00c9 igualmente incomprensible que se env\u00eden dende o ministerio proxectos e proxectos cuxos estudos supo\u00f1en un gasto para os concellos, gasto que non escatimaremos para garantir un estudio t\u00e9cnico e ambiental serio.<\/p>\n\n\n\n<p>Demandamos urxencia a Ver\u00f3nica Pichel para delegar este estudio e que poidamos dar resposta \u00e1 veci\u00f1anza das afecci\u00f3ns inmediatamente.<\/p>\n","protected":false},"excerpt":{"rendered":"<div class=\"mh-excerpt\"><p>Dende o grupo municipal do BNG vimos de propor a Ver\u00f3nica Pichel a dotaci\u00f3n dunha partida econ\u00f3mica para o estudio detallado da afecci\u00f3n dos novos parques e\u00f3licos tramitados polo goberno do estado <a class=\"mh-excerpt-more\" href=\"https:\/\/www.anovapeneira.gal\/index.php\/2025\/06\/12\/o-grupo-municipal-do-bng-de-forcarei-solicita-unha-partida-economica-para-o-estudo-detallado-da-afeccion-dos-novos-parques-eolicos\/\" title=\"O grupo municipal do BNG de Forcarei solicita unha partida econ\u00f3mica para o estudo detallado da afecci\u00f3n dos novos parques e\u00f3licos\">[&#8230;]<\/a><\/p>\n<\/div>","protected":false},"author":3,"featured_media":4347,"comment_status":"open","ping_status":"open","sticky":false,"template":"","format":"standard","meta":{"_exactmetrics_skip_tracking":false,"_exactmetrics_sitenote_active":false,"_exactmetrics_sitenote_note":"","_exactmetrics_sitenote_category":0,"footnotes":""},"categories":[26],"tags":[1188],"class_list":{"0":"post-14041","1":"post","2":"type-post","3":"status-publish","4":"format-standard","5":"has-post-thumbnail","7":"category-pontevedra","8":"tag-concello-de-forcarei"},"yoast_head":"<!-- This site is optimized with the Yoast SEO plugin v27.4 - https:\/\/yoast.com\/product\/yoast-seo-wordpress\/ -->\n<title>O grupo municipal do BNG de Forcarei solicita unha partida econ\u00f3mica para o estudo detallado da afecci\u00f3n dos novos parques e\u00f3licos -<\/title>\n<meta name=\"robots\" content=\"index, follow, max-snippet:-1, max-image-preview:large, max-video-preview:-1\" \/>\n<link rel=\"canonical\" href=\"https:\/\/www.anovapeneira.gal\/index.php\/2025\/06\/12\/o-grupo-municipal-do-bng-de-forcarei-solicita-unha-partida-economica-para-o-estudo-detallado-da-afeccion-dos-novos-parques-eolicos\/\" \/>\n<meta property=\"og:locale\" content=\"gl_ES\" \/>\n<meta property=\"og:type\" content=\"article\" \/>\n<meta property=\"og:title\" content=\"O grupo municipal do BNG de Forcarei solicita unha partida econ\u00f3mica para o estudo detallado da afecci\u00f3n dos novos parques e\u00f3licos -\" \/>\n<meta property=\"og:description\" content=\"Dende o grupo municipal do BNG vimos de propor a Ver\u00f3nica Pichel a dotaci\u00f3n dunha partida econ\u00f3mica para o estudio detallado da afecci\u00f3n dos novos parques e\u00f3licos tramitados polo goberno do estado [...]\" \/>\n<meta property=\"og:url\" content=\"https:\/\/www.anovapeneira.gal\/index.php\/2025\/06\/12\/o-grupo-municipal-do-bng-de-forcarei-solicita-unha-partida-economica-para-o-estudo-detallado-da-afeccion-dos-novos-parques-eolicos\/\" \/>\n<meta property=\"article:publisher\" content=\"https:\/\/www.facebook.com\/anovapeneira\" \/>\n<meta property=\"article:published_time\" content=\"2025-06-12T08:00:33+00:00\" \/>\n<meta property=\"og:image\" content=\"https:\/\/www.anovapeneira.gal\/wp-content\/uploads\/2020\/11\/parque_eolico_a_nova_peneira.jpg\" \/>\n\t<meta property=\"og:image:width\" content=\"720\" \/>\n\t<meta property=\"og:image:height\" content=\"432\" \/>\n\t<meta property=\"og:image:type\" content=\"image\/jpeg\" \/>\n<meta name=\"author\" content=\"Redacci\u00f3n A Nova Peneira\" \/>\n<meta name=\"twitter:card\" content=\"summary_large_image\" \/>\n<meta name=\"twitter:creator\" content=\"@APeneira\" \/>\n<meta name=\"twitter:site\" content=\"@APeneira\" \/>\n<meta name=\"twitter:label1\" content=\"Escrito por\" \/>\n\t<meta name=\"twitter:data1\" content=\"Redacci\u00f3n A Nova Peneira\" \/>\n\t<meta name=\"twitter:label2\" content=\"Tempo de lectura\" \/>\n\t<meta name=\"twitter:data2\" content=\"2 minutos\" \/>\n<script type=\"application\/ld+json\" class=\"yoast-schema-graph\">{\"@context\":\"https:\\\/\\\/schema.org\",\"@graph\":[{\"@type\":\"Article\",\"@id\":\"https:\\\/\\\/www.anovapeneira.gal\\\/index.php\\\/2025\\\/06\\\/12\\\/o-grupo-municipal-do-bng-de-forcarei-solicita-unha-partida-economica-para-o-estudo-detallado-da-afeccion-dos-novos-parques-eolicos\\\/#article\",\"isPartOf\":{\"@id\":\"https:\\\/\\\/www.anovapeneira.gal\\\/index.php\\\/2025\\\/06\\\/12\\\/o-grupo-municipal-do-bng-de-forcarei-solicita-unha-partida-economica-para-o-estudo-detallado-da-afeccion-dos-novos-parques-eolicos\\\/\"},\"author\":{\"name\":\"Redacci\u00f3n A Nova Peneira\",\"@id\":\"https:\\\/\\\/www.anovapeneira.gal\\\/#\\\/schema\\\/person\\\/b93e3f8932e3f8da96334607eb6ac6aa\"},\"headline\":\"O grupo municipal do BNG de Forcarei solicita unha partida econ\u00f3mica para o estudo detallado da afecci\u00f3n dos novos parques e\u00f3licos\",\"datePublished\":\"2025-06-12T08:00:33+00:00\",\"mainEntityOfPage\":{\"@id\":\"https:\\\/\\\/www.anovapeneira.gal\\\/index.php\\\/2025\\\/06\\\/12\\\/o-grupo-municipal-do-bng-de-forcarei-solicita-unha-partida-economica-para-o-estudo-detallado-da-afeccion-dos-novos-parques-eolicos\\\/\"},\"wordCount\":270,\"commentCount\":0,\"publisher\":{\"@id\":\"https:\\\/\\\/www.anovapeneira.gal\\\/#organization\"},\"image\":{\"@id\":\"https:\\\/\\\/www.anovapeneira.gal\\\/index.php\\\/2025\\\/06\\\/12\\\/o-grupo-municipal-do-bng-de-forcarei-solicita-unha-partida-economica-para-o-estudo-detallado-da-afeccion-dos-novos-parques-eolicos\\\/#primaryimage\"},\"thumbnailUrl\":\"https:\\\/\\\/www.anovapeneira.gal\\\/wp-content\\\/uploads\\\/2020\\\/11\\\/parque_eolico_a_nova_peneira.jpg\",\"keywords\":[\"Concello de Forcarei\"],\"articleSection\":[\"Pontevedra\"],\"inLanguage\":\"gl-ES\",\"potentialAction\":[{\"@type\":\"CommentAction\",\"name\":\"Comment\",\"target\":[\"https:\\\/\\\/www.anovapeneira.gal\\\/index.php\\\/2025\\\/06\\\/12\\\/o-grupo-municipal-do-bng-de-forcarei-solicita-unha-partida-economica-para-o-estudo-detallado-da-afeccion-dos-novos-parques-eolicos\\\/#respond\"]}]},{\"@type\":\"WebPage\",\"@id\":\"https:\\\/\\\/www.anovapeneira.gal\\\/index.php\\\/2025\\\/06\\\/12\\\/o-grupo-municipal-do-bng-de-forcarei-solicita-unha-partida-economica-para-o-estudo-detallado-da-afeccion-dos-novos-parques-eolicos\\\/\",\"url\":\"https:\\\/\\\/www.anovapeneira.gal\\\/index.php\\\/2025\\\/06\\\/12\\\/o-grupo-municipal-do-bng-de-forcarei-solicita-unha-partida-economica-para-o-estudo-detallado-da-afeccion-dos-novos-parques-eolicos\\\/\",\"name\":\"O grupo municipal do BNG de Forcarei solicita unha partida econ\u00f3mica para o estudo detallado da afecci\u00f3n dos novos parques e\u00f3licos -\",\"isPartOf\":{\"@id\":\"https:\\\/\\\/www.anovapeneira.gal\\\/#website\"},\"primaryImageOfPage\":{\"@id\":\"https:\\\/\\\/www.anovapeneira.gal\\\/index.php\\\/2025\\\/06\\\/12\\\/o-grupo-municipal-do-bng-de-forcarei-solicita-unha-partida-economica-para-o-estudo-detallado-da-afeccion-dos-novos-parques-eolicos\\\/#primaryimage\"},\"image\":{\"@id\":\"https:\\\/\\\/www.anovapeneira.gal\\\/index.php\\\/2025\\\/06\\\/12\\\/o-grupo-municipal-do-bng-de-forcarei-solicita-unha-partida-economica-para-o-estudo-detallado-da-afeccion-dos-novos-parques-eolicos\\\/#primaryimage\"},\"thumbnailUrl\":\"https:\\\/\\\/www.anovapeneira.gal\\\/wp-content\\\/uploads\\\/2020\\\/11\\\/parque_eolico_a_nova_peneira.jpg\",\"datePublished\":\"2025-06-12T08:00:33+00:00\",\"breadcrumb\":{\"@id\":\"https:\\\/\\\/www.anovapeneira.gal\\\/index.php\\\/2025\\\/06\\\/12\\\/o-grupo-municipal-do-bng-de-forcarei-solicita-unha-partida-economica-para-o-estudo-detallado-da-afeccion-dos-novos-parques-eolicos\\\/#breadcrumb\"},\"inLanguage\":\"gl-ES\",\"potentialAction\":[{\"@type\":\"ReadAction\",\"target\":[\"https:\\\/\\\/www.anovapeneira.gal\\\/index.php\\\/2025\\\/06\\\/12\\\/o-grupo-municipal-do-bng-de-forcarei-solicita-unha-partida-economica-para-o-estudo-detallado-da-afeccion-dos-novos-parques-eolicos\\\/\"]}]},{\"@type\":\"ImageObject\",\"inLanguage\":\"gl-ES\",\"@id\":\"https:\\\/\\\/www.anovapeneira.gal\\\/index.php\\\/2025\\\/06\\\/12\\\/o-grupo-municipal-do-bng-de-forcarei-solicita-unha-partida-economica-para-o-estudo-detallado-da-afeccion-dos-novos-parques-eolicos\\\/#primaryimage\",\"url\":\"https:\\\/\\\/www.anovapeneira.gal\\\/wp-content\\\/uploads\\\/2020\\\/11\\\/parque_eolico_a_nova_peneira.jpg\",\"contentUrl\":\"https:\\\/\\\/www.anovapeneira.gal\\\/wp-content\\\/uploads\\\/2020\\\/11\\\/parque_eolico_a_nova_peneira.jpg\",\"width\":720,\"height\":432,\"caption\":\"Aldeas con horizonte\"},{\"@type\":\"BreadcrumbList\",\"@id\":\"https:\\\/\\\/www.anovapeneira.gal\\\/index.php\\\/2025\\\/06\\\/12\\\/o-grupo-municipal-do-bng-de-forcarei-solicita-unha-partida-economica-para-o-estudo-detallado-da-afeccion-dos-novos-parques-eolicos\\\/#breadcrumb\",\"itemListElement\":[{\"@type\":\"ListItem\",\"position\":1,\"name\":\"Portada\",\"item\":\"https:\\\/\\\/www.anovapeneira.gal\\\/\"},{\"@type\":\"ListItem\",\"position\":2,\"name\":\"O grupo municipal do BNG de Forcarei solicita unha partida econ\u00f3mica para o estudo detallado da afecci\u00f3n dos novos parques e\u00f3licos\"}]},{\"@type\":\"WebSite\",\"@id\":\"https:\\\/\\\/www.anovapeneira.gal\\\/#website\",\"url\":\"https:\\\/\\\/www.anovapeneira.gal\\\/\",\"name\":\"\",\"description\":\"Xornal galego de informaci\u00f3n xeral Publicaci\u00f3n mensual de novas de Galicia e en especial dos Concellos da sur da provincia de Pontevedra.\",\"publisher\":{\"@id\":\"https:\\\/\\\/www.anovapeneira.gal\\\/#organization\"},\"potentialAction\":[{\"@type\":\"SearchAction\",\"target\":{\"@type\":\"EntryPoint\",\"urlTemplate\":\"https:\\\/\\\/www.anovapeneira.gal\\\/?s={search_term_string}\"},\"query-input\":{\"@type\":\"PropertyValueSpecification\",\"valueRequired\":true,\"valueName\":\"search_term_string\"}}],\"inLanguage\":\"gl-ES\"},{\"@type\":\"Organization\",\"@id\":\"https:\\\/\\\/www.anovapeneira.gal\\\/#organization\",\"name\":\"A Nova Peneira\",\"url\":\"https:\\\/\\\/www.anovapeneira.gal\\\/\",\"logo\":{\"@type\":\"ImageObject\",\"inLanguage\":\"gl-ES\",\"@id\":\"https:\\\/\\\/www.anovapeneira.gal\\\/#\\\/schema\\\/logo\\\/image\\\/\",\"url\":\"http:\\\/\\\/www.anovapeneira.gal\\\/wp-content\\\/uploads\\\/2019\\\/06\\\/logo_a_nova_peneira_portal_web.png\",\"contentUrl\":\"http:\\\/\\\/www.anovapeneira.gal\\\/wp-content\\\/uploads\\\/2019\\\/06\\\/logo_a_nova_peneira_portal_web.png\",\"width\":300,\"height\":100,\"caption\":\"A Nova Peneira\"},\"image\":{\"@id\":\"https:\\\/\\\/www.anovapeneira.gal\\\/#\\\/schema\\\/logo\\\/image\\\/\"},\"sameAs\":[\"https:\\\/\\\/www.facebook.com\\\/anovapeneira\",\"https:\\\/\\\/x.com\\\/APeneira\"]},{\"@type\":\"Person\",\"@id\":\"https:\\\/\\\/www.anovapeneira.gal\\\/#\\\/schema\\\/person\\\/b93e3f8932e3f8da96334607eb6ac6aa\",\"name\":\"Redacci\u00f3n A Nova Peneira\",\"image\":{\"@type\":\"ImageObject\",\"inLanguage\":\"gl-ES\",\"@id\":\"https:\\\/\\\/secure.gravatar.com\\\/avatar\\\/c052a2551a06e23fac63626232eaa90abd78dbcf1700fc46a2b2c89fd27b735f?s=96&d=mm&r=g\",\"url\":\"https:\\\/\\\/secure.gravatar.com\\\/avatar\\\/c052a2551a06e23fac63626232eaa90abd78dbcf1700fc46a2b2c89fd27b735f?s=96&d=mm&r=g\",\"contentUrl\":\"https:\\\/\\\/secure.gravatar.com\\\/avatar\\\/c052a2551a06e23fac63626232eaa90abd78dbcf1700fc46a2b2c89fd27b735f?s=96&d=mm&r=g\",\"caption\":\"Redacci\u00f3n A Nova Peneira\"},\"sameAs\":[\"http:\\\/\\\/www.anovapeneira.gal\\\/\"],\"url\":\"https:\\\/\\\/www.anovapeneira.gal\\\/index.php\\\/author\\\/redactor\\\/\"}]}<\/script>\n<!-- \/ Yoast SEO plugin. -->","yoast_head_json":{"title":"O grupo municipal do BNG de Forcarei solicita unha partida econ\u00f3mica para o estudo detallado da afecci\u00f3n dos novos parques e\u00f3licos -","robots":{"index":"index","follow":"follow","max-snippet":"max-snippet:-1","max-image-preview":"max-image-preview:large","max-video-preview":"max-video-preview:-1"},"canonical":"https:\/\/www.anovapeneira.gal\/index.php\/2025\/06\/12\/o-grupo-municipal-do-bng-de-forcarei-solicita-unha-partida-economica-para-o-estudo-detallado-da-afeccion-dos-novos-parques-eolicos\/","og_locale":"gl_ES","og_type":"article","og_title":"O grupo municipal do BNG de Forcarei solicita unha partida econ\u00f3mica para o estudo detallado da afecci\u00f3n dos novos parques e\u00f3licos -","og_description":"Dende o grupo municipal do BNG vimos de propor a Ver\u00f3nica Pichel a dotaci\u00f3n dunha partida econ\u00f3mica para o estudio detallado da afecci\u00f3n dos novos parques e\u00f3licos tramitados polo goberno do estado [...]","og_url":"https:\/\/www.anovapeneira.gal\/index.php\/2025\/06\/12\/o-grupo-municipal-do-bng-de-forcarei-solicita-unha-partida-economica-para-o-estudo-detallado-da-afeccion-dos-novos-parques-eolicos\/","article_publisher":"https:\/\/www.facebook.com\/anovapeneira","article_published_time":"2025-06-12T08:00:33+00:00","og_image":[{"width":720,"height":432,"url":"https:\/\/www.anovapeneira.gal\/wp-content\/uploads\/2020\/11\/parque_eolico_a_nova_peneira.jpg","type":"image\/jpeg"}],"author":"Redacci\u00f3n A Nova Peneira","twitter_card":"summary_large_image","twitter_creator":"@APeneira","twitter_site":"@APeneira","twitter_misc":{"Escrito por":"Redacci\u00f3n A Nova Peneira","Tempo de lectura":"2 minutos"},"schema":{"@context":"https:\/\/schema.org","@graph":[{"@type":"Article","@id":"https:\/\/www.anovapeneira.gal\/index.php\/2025\/06\/12\/o-grupo-municipal-do-bng-de-forcarei-solicita-unha-partida-economica-para-o-estudo-detallado-da-afeccion-dos-novos-parques-eolicos\/#article","isPartOf":{"@id":"https:\/\/www.anovapeneira.gal\/index.php\/2025\/06\/12\/o-grupo-municipal-do-bng-de-forcarei-solicita-unha-partida-economica-para-o-estudo-detallado-da-afeccion-dos-novos-parques-eolicos\/"},"author":{"name":"Redacci\u00f3n A Nova Peneira","@id":"https:\/\/www.anovapeneira.gal\/#\/schema\/person\/b93e3f8932e3f8da96334607eb6ac6aa"},"headline":"O grupo municipal do BNG de Forcarei solicita unha partida econ\u00f3mica para o estudo detallado da afecci\u00f3n dos novos parques e\u00f3licos","datePublished":"2025-06-12T08:00:33+00:00","mainEntityOfPage":{"@id":"https:\/\/www.anovapeneira.gal\/index.php\/2025\/06\/12\/o-grupo-municipal-do-bng-de-forcarei-solicita-unha-partida-economica-para-o-estudo-detallado-da-afeccion-dos-novos-parques-eolicos\/"},"wordCount":270,"commentCount":0,"publisher":{"@id":"https:\/\/www.anovapeneira.gal\/#organization"},"image":{"@id":"https:\/\/www.anovapeneira.gal\/index.php\/2025\/06\/12\/o-grupo-municipal-do-bng-de-forcarei-solicita-unha-partida-economica-para-o-estudo-detallado-da-afeccion-dos-novos-parques-eolicos\/#primaryimage"},"thumbnailUrl":"https:\/\/www.anovapeneira.gal\/wp-content\/uploads\/2020\/11\/parque_eolico_a_nova_peneira.jpg","keywords":["Concello de Forcarei"],"articleSection":["Pontevedra"],"inLanguage":"gl-ES","potentialAction":[{"@type":"CommentAction","name":"Comment","target":["https:\/\/www.anovapeneira.gal\/index.php\/2025\/06\/12\/o-grupo-municipal-do-bng-de-forcarei-solicita-unha-partida-economica-para-o-estudo-detallado-da-afeccion-dos-novos-parques-eolicos\/#respond"]}]},{"@type":"WebPage","@id":"https:\/\/www.anovapeneira.gal\/index.php\/2025\/06\/12\/o-grupo-municipal-do-bng-de-forcarei-solicita-unha-partida-economica-para-o-estudo-detallado-da-afeccion-dos-novos-parques-eolicos\/","url":"https:\/\/www.anovapeneira.gal\/index.php\/2025\/06\/12\/o-grupo-municipal-do-bng-de-forcarei-solicita-unha-partida-economica-para-o-estudo-detallado-da-afeccion-dos-novos-parques-eolicos\/","name":"O grupo municipal do BNG de Forcarei solicita unha partida econ\u00f3mica para o estudo detallado da afecci\u00f3n dos novos parques e\u00f3licos -","isPartOf":{"@id":"https:\/\/www.anovapeneira.gal\/#website"},"primaryImageOfPage":{"@id":"https:\/\/www.anovapeneira.gal\/index.php\/2025\/06\/12\/o-grupo-municipal-do-bng-de-forcarei-solicita-unha-partida-economica-para-o-estudo-detallado-da-afeccion-dos-novos-parques-eolicos\/#primaryimage"},"image":{"@id":"https:\/\/www.anovapeneira.gal\/index.php\/2025\/06\/12\/o-grupo-municipal-do-bng-de-forcarei-solicita-unha-partida-economica-para-o-estudo-detallado-da-afeccion-dos-novos-parques-eolicos\/#primaryimage"},"thumbnailUrl":"https:\/\/www.anovapeneira.gal\/wp-content\/uploads\/2020\/11\/parque_eolico_a_nova_peneira.jpg","datePublished":"2025-06-12T08:00:33+00:00","breadcrumb":{"@id":"https:\/\/www.anovapeneira.gal\/index.php\/2025\/06\/12\/o-grupo-municipal-do-bng-de-forcarei-solicita-unha-partida-economica-para-o-estudo-detallado-da-afeccion-dos-novos-parques-eolicos\/#breadcrumb"},"inLanguage":"gl-ES","potentialAction":[{"@type":"ReadAction","target":["https:\/\/www.anovapeneira.gal\/index.php\/2025\/06\/12\/o-grupo-municipal-do-bng-de-forcarei-solicita-unha-partida-economica-para-o-estudo-detallado-da-afeccion-dos-novos-parques-eolicos\/"]}]},{"@type":"ImageObject","inLanguage":"gl-ES","@id":"https:\/\/www.anovapeneira.gal\/index.php\/2025\/06\/12\/o-grupo-municipal-do-bng-de-forcarei-solicita-unha-partida-economica-para-o-estudo-detallado-da-afeccion-dos-novos-parques-eolicos\/#primaryimage","url":"https:\/\/www.anovapeneira.gal\/wp-content\/uploads\/2020\/11\/parque_eolico_a_nova_peneira.jpg","contentUrl":"https:\/\/www.anovapeneira.gal\/wp-content\/uploads\/2020\/11\/parque_eolico_a_nova_peneira.jpg","width":720,"height":432,"caption":"Aldeas con horizonte"},{"@type":"BreadcrumbList","@id":"https:\/\/www.anovapeneira.gal\/index.php\/2025\/06\/12\/o-grupo-municipal-do-bng-de-forcarei-solicita-unha-partida-economica-para-o-estudo-detallado-da-afeccion-dos-novos-parques-eolicos\/#breadcrumb","itemListElement":[{"@type":"ListItem","position":1,"name":"Portada","item":"https:\/\/www.anovapeneira.gal\/"},{"@type":"ListItem","position":2,"name":"O grupo municipal do BNG de Forcarei solicita unha partida econ\u00f3mica para o estudo detallado da afecci\u00f3n dos novos parques e\u00f3licos"}]},{"@type":"WebSite","@id":"https:\/\/www.anovapeneira.gal\/#website","url":"https:\/\/www.anovapeneira.gal\/","name":"","description":"Xornal galego de informaci\u00f3n xeral Publicaci\u00f3n mensual de novas de Galicia e en especial dos Concellos da sur da provincia de Pontevedra.","publisher":{"@id":"https:\/\/www.anovapeneira.gal\/#organization"},"potentialAction":[{"@type":"SearchAction","target":{"@type":"EntryPoint","urlTemplate":"https:\/\/www.anovapeneira.gal\/?s={search_term_string}"},"query-input":{"@type":"PropertyValueSpecification","valueRequired":true,"valueName":"search_term_string"}}],"inLanguage":"gl-ES"},{"@type":"Organization","@id":"https:\/\/www.anovapeneira.gal\/#organization","name":"A Nova Peneira","url":"https:\/\/www.anovapeneira.gal\/","logo":{"@type":"ImageObject","inLanguage":"gl-ES","@id":"https:\/\/www.anovapeneira.gal\/#\/schema\/logo\/image\/","url":"http:\/\/www.anovapeneira.gal\/wp-content\/uploads\/2019\/06\/logo_a_nova_peneira_portal_web.png","contentUrl":"http:\/\/www.anovapeneira.gal\/wp-content\/uploads\/2019\/06\/logo_a_nova_peneira_portal_web.png","width":300,"height":100,"caption":"A Nova Peneira"},"image":{"@id":"https:\/\/www.anovapeneira.gal\/#\/schema\/logo\/image\/"},"sameAs":["https:\/\/www.facebook.com\/anovapeneira","https:\/\/x.com\/APeneira"]},{"@type":"Person","@id":"https:\/\/www.anovapeneira.gal\/#\/schema\/person\/b93e3f8932e3f8da96334607eb6ac6aa","name":"Redacci\u00f3n A Nova Peneira","image":{"@type":"ImageObject","inLanguage":"gl-ES","@id":"https:\/\/secure.gravatar.com\/avatar\/c052a2551a06e23fac63626232eaa90abd78dbcf1700fc46a2b2c89fd27b735f?s=96&d=mm&r=g","url":"https:\/\/secure.gravatar.com\/avatar\/c052a2551a06e23fac63626232eaa90abd78dbcf1700fc46a2b2c89fd27b735f?s=96&d=mm&r=g","contentUrl":"https:\/\/secure.gravatar.com\/avatar\/c052a2551a06e23fac63626232eaa90abd78dbcf1700fc46a2b2c89fd27b735f?s=96&d=mm&r=g","caption":"Redacci\u00f3n A Nova Peneira"},"sameAs":["http:\/\/www.anovapeneira.gal\/"],"url":"https:\/\/www.anovapeneira.gal\/index.php\/author\/redactor\/"}]}},"jetpack_featured_media_url":"https:\/\/www.anovapeneira.gal\/wp-content\/uploads\/2020\/11\/parque_eolico_a_nova_peneira.jpg","_links":{"self":[{"href":"https:\/\/www.anovapeneira.gal\/index.php\/wp-json\/wp\/v2\/posts\/14041","targetHints":{"allow":["GET"]}}],"collection":[{"href":"https:\/\/www.anovapeneira.gal\/index.php\/wp-json\/wp\/v2\/posts"}],"about":[{"href":"https:\/\/www.anovapeneira.gal\/index.php\/wp-json\/wp\/v2\/types\/post"}],"author":[{"embeddable":true,"href":"https:\/\/www.anovapeneira.gal\/index.php\/wp-json\/wp\/v2\/users\/3"}],"replies":[{"embeddable":true,"href":"https:\/\/www.anovapeneira.gal\/index.php\/wp-json\/wp\/v2\/comments?post=14041"}],"version-history":[{"count":4,"href":"https:\/\/www.anovapeneira.gal\/index.php\/wp-json\/wp\/v2\/posts\/14041\/revisions"}],"predecessor-version":[{"id":14045,"href":"https:\/\/www.anovapeneira.gal\/index.php\/wp-json\/wp\/v2\/posts\/14041\/revisions\/14045"}],"wp:featuredmedia":[{"embeddable":true,"href":"https:\/\/www.anovapeneira.gal\/index.php\/wp-json\/wp\/v2\/media\/4347"}],"wp:attachment":[{"href":"https:\/\/www.anovapeneira.gal\/index.php\/wp-json\/wp\/v2\/media?parent=14041"}],"wp:term":[{"taxonomy":"category","embeddable":true,"href":"https:\/\/www.anovapeneira.gal\/index.php\/wp-json\/wp\/v2\/categories?post=14041"},{"taxonomy":"post_tag","embeddable":true,"href":"https:\/\/www.anovapeneira.gal\/index.php\/wp-json\/wp\/v2\/tags?post=14041"}],"curies":[{"name":"wp","href":"https:\/\/api.w.org\/{rel}","templated":true}]}}