{"id":14046,"date":"2025-06-12T12:00:48","date_gmt":"2025-06-12T10:00:48","guid":{"rendered":"https:\/\/www.anovapeneira.gal\/?p=14046"},"modified":"2025-06-11T07:09:06","modified_gmt":"2025-06-11T05:09:06","slug":"o-bng-de-redondela-postulase-como-alternativa-ao-bipartidismo","status":"publish","type":"post","link":"https:\/\/www.anovapeneira.gal\/index.php\/2025\/06\/12\/o-bng-de-redondela-postulase-como-alternativa-ao-bipartidismo\/","title":{"rendered":"O BNG de Redondela post\u00falase como alternativa ao bipartidismo"},"content":{"rendered":"\n<h2 class=\"wp-block-heading\"><em><strong>Xo\u00e1n Carlos Gonz\u00e1lez \u201c rexeitamos calquera negociacion co PP, e <\/strong><\/em><em><strong>consideramos<\/strong><\/em><em><strong> a cuesti\u00f3n de confianza de Digna Rivas como unha chantaxe\u201d.<\/strong><\/em><\/h2>\n\n\n\n<p>A escasos d\u00edas de que remate o prazo para un goberno alternativo motivado pola cuesti\u00f3n de confianza de Digna Rivas, dende a organizaci\u00f3n nacionalista rexeitan calquera tipo de achegamento ao Partido Popular. Declaran dende o BNG, \u201ciniciamos esta parte do mandato para presentarnos ante os e as redondel\u00e1s como alternativa fiable e sen ataduras ao bipartidismo\u201d.<\/p>\n\n\n\n<p>A Asemblea e o Consello Local analizaron nas \u00faltimas semanas a crise institucional que atravesa Redondela. Consideran prioritario no seu traballo pol\u00edtico aglutinar m\u00e1is veci\u00f1anza arredor do seu proxecto, dando resposta \u00e1s demandas e necesidades dos e das redondel\u00e1s.<\/p>\n\n\n\n<p>Pola s\u00faa banda o voceiro do BNG, Xo\u00e1n Carlos Gonz\u00e1lez valora a cuesti\u00f3n de confianza presentada por Digna Rivas \u201ccomo unha chantaxe para tentar amordazarnos e silenciarnos, mesmo nestas semanas chegou a expulsar do pleno \u00e1 compa\u00f1eira J\u00e9sica Garc\u00eda\u201d. Recorda que adem\u00e1is dos incumplimentos do acordo de investidura a alcaldesa, negou e ocultou propostas e iniciativas prantexadas dende a s\u00faa organizaci\u00f3n politica.<\/p>\n\n\n\n<p>Entre os incumplimentos da alcaldesa redondel\u00e1 o voceiro nacionalista salienta \u201ca negativa a elaborar uns orzamentos dende a base con n\u00f3s, negarse a estudiar propostas como o convenio de reconstrucci\u00f3n do campanario de Reboreda, o proxecto dunha senda peonil ao colexio Igrexa en Chapela ou dunha nova biblioteca para Redondela. Ocultounos a privatizaci\u00f3n de servizos como socorrismo, limpeza de praias ou de cami\u00f1os. Non nos informou ata que xa se solicitara a subvenci\u00f3n o proxecto da estrada de acceso ao colexio Porto Cabeiro\u201d.<\/p>\n\n\n\n<p>Xo\u00e1n Carlos Gonz\u00e1lez rexeita as declaraci\u00f3ns nos medios de comunicaci\u00f3n do l\u00edder local do PP, Javier Bas calific\u00e1ndoas de \u201cexcusas de mal perdedor\u201d. Considera que o PP pagoulle a sumisi\u00f3n e silencio por 60.000\u20ac e un c\u00f3modo posto na deputaci\u00f3n. Silencios como \u201c o da suba da factura de Sogama, o castigo da Xunta \u00e1 confrar\u00eda co Peirao de Cesantes, negando que os nosos centros de sa\u00fade estean nunha situaci\u00f3n precaria, ou neg\u00e1ndose a transferir \u00e1 Xunta o Conservatorio de M\u00fasica\u201d. Considera extramadamente grave que mentras o presidente da deputaci\u00f3n declara que o ente vai sufragar a senda verde noutros concellos, Javier Bas exixe a execuci\u00f3n das obras en Chapela, con cargo a fondos xestionados polo concello.<\/p>\n\n\n\n<p>Finalmente o voceiro nacionalista afirma que \u201c cada d\u00eda medra o n\u00famero de veci\u00f1os e veci\u00f1as que conf\u00edan no traballo e proxecto do BNG de Redondela. Present\u00e1monos como a \u00fanica alternativa fiable ao bipartidismo que non t\u00e9n proxecto, propostas ou soluci\u00f3ns para o noso concello\u201d.<\/p>\n","protected":false},"excerpt":{"rendered":"<div class=\"mh-excerpt\"><p>Xo\u00e1n Carlos Gonz\u00e1lez \u201c rexeitamos calquera negociacion co PP, e consideramos a cuesti\u00f3n de confianza de Digna Rivas como unha chantaxe\u201d <a class=\"mh-excerpt-more\" href=\"https:\/\/www.anovapeneira.gal\/index.php\/2025\/06\/12\/o-bng-de-redondela-postulase-como-alternativa-ao-bipartidismo\/\" title=\"O BNG de Redondela post\u00falase como alternativa ao bipartidismo\">[&#8230;]<\/a><\/p>\n<\/div>","protected":false},"author":3,"featured_media":14047,"comment_status":"open","ping_status":"open","sticky":false,"template":"","format":"standard","meta":{"_exactmetrics_skip_tracking":false,"_exactmetrics_sitenote_active":false,"_exactmetrics_sitenote_note":"","_exactmetrics_sitenote_category":0,"footnotes":""},"categories":[24],"tags":[171],"class_list":{"0":"post-14046","1":"post","2":"type-post","3":"status-publish","4":"format-standard","5":"has-post-thumbnail","7":"category-redondela","8":"tag-concello-de-redondela"},"yoast_head":"<!-- This site is optimized with the Yoast SEO plugin v27.4 - https:\/\/yoast.com\/product\/yoast-seo-wordpress\/ -->\n<title>O BNG de Redondela post\u00falase como alternativa ao bipartidismo -<\/title>\n<meta name=\"robots\" content=\"index, follow, max-snippet:-1, max-image-preview:large, max-video-preview:-1\" \/>\n<link rel=\"canonical\" href=\"https:\/\/www.anovapeneira.gal\/index.php\/2025\/06\/12\/o-bng-de-redondela-postulase-como-alternativa-ao-bipartidismo\/\" \/>\n<meta property=\"og:locale\" content=\"gl_ES\" \/>\n<meta property=\"og:type\" content=\"article\" \/>\n<meta property=\"og:title\" content=\"O BNG de Redondela post\u00falase como alternativa ao bipartidismo -\" \/>\n<meta property=\"og:description\" content=\"Xo\u00e1n Carlos Gonz\u00e1lez \u201c rexeitamos calquera negociacion co PP, e consideramos a cuesti\u00f3n de confianza de Digna Rivas como unha chantaxe\u201d [...]\" \/>\n<meta property=\"og:url\" content=\"https:\/\/www.anovapeneira.gal\/index.php\/2025\/06\/12\/o-bng-de-redondela-postulase-como-alternativa-ao-bipartidismo\/\" \/>\n<meta property=\"article:publisher\" content=\"https:\/\/www.facebook.com\/anovapeneira\" \/>\n<meta property=\"article:published_time\" content=\"2025-06-12T10:00:48+00:00\" \/>\n<meta property=\"og:image\" content=\"https:\/\/www.anovapeneira.gal\/wp-content\/uploads\/2025\/06\/bng_redondela.jpg\" \/>\n\t<meta property=\"og:image:width\" content=\"720\" \/>\n\t<meta property=\"og:image:height\" content=\"432\" \/>\n\t<meta property=\"og:image:type\" content=\"image\/jpeg\" \/>\n<meta name=\"author\" content=\"Redacci\u00f3n A Nova Peneira\" \/>\n<meta name=\"twitter:card\" content=\"summary_large_image\" \/>\n<meta name=\"twitter:creator\" content=\"@APeneira\" \/>\n<meta name=\"twitter:site\" content=\"@APeneira\" \/>\n<meta name=\"twitter:label1\" content=\"Escrito por\" \/>\n\t<meta name=\"twitter:data1\" content=\"Redacci\u00f3n A Nova Peneira\" \/>\n\t<meta name=\"twitter:label2\" content=\"Tempo de lectura\" \/>\n\t<meta name=\"twitter:data2\" content=\"3 minutos\" \/>\n<script type=\"application\/ld+json\" class=\"yoast-schema-graph\">{\"@context\":\"https:\\\/\\\/schema.org\",\"@graph\":[{\"@type\":\"Article\",\"@id\":\"https:\\\/\\\/www.anovapeneira.gal\\\/index.php\\\/2025\\\/06\\\/12\\\/o-bng-de-redondela-postulase-como-alternativa-ao-bipartidismo\\\/#article\",\"isPartOf\":{\"@id\":\"https:\\\/\\\/www.anovapeneira.gal\\\/index.php\\\/2025\\\/06\\\/12\\\/o-bng-de-redondela-postulase-como-alternativa-ao-bipartidismo\\\/\"},\"author\":{\"name\":\"Redacci\u00f3n A Nova Peneira\",\"@id\":\"https:\\\/\\\/www.anovapeneira.gal\\\/#\\\/schema\\\/person\\\/b93e3f8932e3f8da96334607eb6ac6aa\"},\"headline\":\"O BNG de Redondela post\u00falase como alternativa ao bipartidismo\",\"datePublished\":\"2025-06-12T10:00:48+00:00\",\"mainEntityOfPage\":{\"@id\":\"https:\\\/\\\/www.anovapeneira.gal\\\/index.php\\\/2025\\\/06\\\/12\\\/o-bng-de-redondela-postulase-como-alternativa-ao-bipartidismo\\\/\"},\"wordCount\":476,\"commentCount\":0,\"publisher\":{\"@id\":\"https:\\\/\\\/www.anovapeneira.gal\\\/#organization\"},\"image\":{\"@id\":\"https:\\\/\\\/www.anovapeneira.gal\\\/index.php\\\/2025\\\/06\\\/12\\\/o-bng-de-redondela-postulase-como-alternativa-ao-bipartidismo\\\/#primaryimage\"},\"thumbnailUrl\":\"https:\\\/\\\/www.anovapeneira.gal\\\/wp-content\\\/uploads\\\/2025\\\/06\\\/bng_redondela.jpg\",\"keywords\":[\"Concello de Redondela\"],\"articleSection\":[\"Redondela\"],\"inLanguage\":\"gl-ES\",\"potentialAction\":[{\"@type\":\"CommentAction\",\"name\":\"Comment\",\"target\":[\"https:\\\/\\\/www.anovapeneira.gal\\\/index.php\\\/2025\\\/06\\\/12\\\/o-bng-de-redondela-postulase-como-alternativa-ao-bipartidismo\\\/#respond\"]}]},{\"@type\":\"WebPage\",\"@id\":\"https:\\\/\\\/www.anovapeneira.gal\\\/index.php\\\/2025\\\/06\\\/12\\\/o-bng-de-redondela-postulase-como-alternativa-ao-bipartidismo\\\/\",\"url\":\"https:\\\/\\\/www.anovapeneira.gal\\\/index.php\\\/2025\\\/06\\\/12\\\/o-bng-de-redondela-postulase-como-alternativa-ao-bipartidismo\\\/\",\"name\":\"O BNG de Redondela post\u00falase como alternativa ao bipartidismo -\",\"isPartOf\":{\"@id\":\"https:\\\/\\\/www.anovapeneira.gal\\\/#website\"},\"primaryImageOfPage\":{\"@id\":\"https:\\\/\\\/www.anovapeneira.gal\\\/index.php\\\/2025\\\/06\\\/12\\\/o-bng-de-redondela-postulase-como-alternativa-ao-bipartidismo\\\/#primaryimage\"},\"image\":{\"@id\":\"https:\\\/\\\/www.anovapeneira.gal\\\/index.php\\\/2025\\\/06\\\/12\\\/o-bng-de-redondela-postulase-como-alternativa-ao-bipartidismo\\\/#primaryimage\"},\"thumbnailUrl\":\"https:\\\/\\\/www.anovapeneira.gal\\\/wp-content\\\/uploads\\\/2025\\\/06\\\/bng_redondela.jpg\",\"datePublished\":\"2025-06-12T10:00:48+00:00\",\"breadcrumb\":{\"@id\":\"https:\\\/\\\/www.anovapeneira.gal\\\/index.php\\\/2025\\\/06\\\/12\\\/o-bng-de-redondela-postulase-como-alternativa-ao-bipartidismo\\\/#breadcrumb\"},\"inLanguage\":\"gl-ES\",\"potentialAction\":[{\"@type\":\"ReadAction\",\"target\":[\"https:\\\/\\\/www.anovapeneira.gal\\\/index.php\\\/2025\\\/06\\\/12\\\/o-bng-de-redondela-postulase-como-alternativa-ao-bipartidismo\\\/\"]}]},{\"@type\":\"ImageObject\",\"inLanguage\":\"gl-ES\",\"@id\":\"https:\\\/\\\/www.anovapeneira.gal\\\/index.php\\\/2025\\\/06\\\/12\\\/o-bng-de-redondela-postulase-como-alternativa-ao-bipartidismo\\\/#primaryimage\",\"url\":\"https:\\\/\\\/www.anovapeneira.gal\\\/wp-content\\\/uploads\\\/2025\\\/06\\\/bng_redondela.jpg\",\"contentUrl\":\"https:\\\/\\\/www.anovapeneira.gal\\\/wp-content\\\/uploads\\\/2025\\\/06\\\/bng_redondela.jpg\",\"width\":720,\"height\":432,\"caption\":\"BNG Redondela\"},{\"@type\":\"BreadcrumbList\",\"@id\":\"https:\\\/\\\/www.anovapeneira.gal\\\/index.php\\\/2025\\\/06\\\/12\\\/o-bng-de-redondela-postulase-como-alternativa-ao-bipartidismo\\\/#breadcrumb\",\"itemListElement\":[{\"@type\":\"ListItem\",\"position\":1,\"name\":\"Portada\",\"item\":\"https:\\\/\\\/www.anovapeneira.gal\\\/\"},{\"@type\":\"ListItem\",\"position\":2,\"name\":\"O BNG de Redondela post\u00falase como alternativa ao bipartidismo\"}]},{\"@type\":\"WebSite\",\"@id\":\"https:\\\/\\\/www.anovapeneira.gal\\\/#website\",\"url\":\"https:\\\/\\\/www.anovapeneira.gal\\\/\",\"name\":\"\",\"description\":\"Xornal galego de informaci\u00f3n xeral Publicaci\u00f3n mensual de novas de Galicia e en especial dos Concellos da sur da provincia de Pontevedra.\",\"publisher\":{\"@id\":\"https:\\\/\\\/www.anovapeneira.gal\\\/#organization\"},\"potentialAction\":[{\"@type\":\"SearchAction\",\"target\":{\"@type\":\"EntryPoint\",\"urlTemplate\":\"https:\\\/\\\/www.anovapeneira.gal\\\/?s={search_term_string}\"},\"query-input\":{\"@type\":\"PropertyValueSpecification\",\"valueRequired\":true,\"valueName\":\"search_term_string\"}}],\"inLanguage\":\"gl-ES\"},{\"@type\":\"Organization\",\"@id\":\"https:\\\/\\\/www.anovapeneira.gal\\\/#organization\",\"name\":\"A Nova Peneira\",\"url\":\"https:\\\/\\\/www.anovapeneira.gal\\\/\",\"logo\":{\"@type\":\"ImageObject\",\"inLanguage\":\"gl-ES\",\"@id\":\"https:\\\/\\\/www.anovapeneira.gal\\\/#\\\/schema\\\/logo\\\/image\\\/\",\"url\":\"http:\\\/\\\/www.anovapeneira.gal\\\/wp-content\\\/uploads\\\/2019\\\/06\\\/logo_a_nova_peneira_portal_web.png\",\"contentUrl\":\"http:\\\/\\\/www.anovapeneira.gal\\\/wp-content\\\/uploads\\\/2019\\\/06\\\/logo_a_nova_peneira_portal_web.png\",\"width\":300,\"height\":100,\"caption\":\"A Nova Peneira\"},\"image\":{\"@id\":\"https:\\\/\\\/www.anovapeneira.gal\\\/#\\\/schema\\\/logo\\\/image\\\/\"},\"sameAs\":[\"https:\\\/\\\/www.facebook.com\\\/anovapeneira\",\"https:\\\/\\\/x.com\\\/APeneira\"]},{\"@type\":\"Person\",\"@id\":\"https:\\\/\\\/www.anovapeneira.gal\\\/#\\\/schema\\\/person\\\/b93e3f8932e3f8da96334607eb6ac6aa\",\"name\":\"Redacci\u00f3n A Nova Peneira\",\"image\":{\"@type\":\"ImageObject\",\"inLanguage\":\"gl-ES\",\"@id\":\"https:\\\/\\\/secure.gravatar.com\\\/avatar\\\/c052a2551a06e23fac63626232eaa90abd78dbcf1700fc46a2b2c89fd27b735f?s=96&d=mm&r=g\",\"url\":\"https:\\\/\\\/secure.gravatar.com\\\/avatar\\\/c052a2551a06e23fac63626232eaa90abd78dbcf1700fc46a2b2c89fd27b735f?s=96&d=mm&r=g\",\"contentUrl\":\"https:\\\/\\\/secure.gravatar.com\\\/avatar\\\/c052a2551a06e23fac63626232eaa90abd78dbcf1700fc46a2b2c89fd27b735f?s=96&d=mm&r=g\",\"caption\":\"Redacci\u00f3n A Nova Peneira\"},\"sameAs\":[\"http:\\\/\\\/www.anovapeneira.gal\\\/\"],\"url\":\"https:\\\/\\\/www.anovapeneira.gal\\\/index.php\\\/author\\\/redactor\\\/\"}]}<\/script>\n<!-- \/ Yoast SEO plugin. -->","yoast_head_json":{"title":"O BNG de Redondela post\u00falase como alternativa ao bipartidismo -","robots":{"index":"index","follow":"follow","max-snippet":"max-snippet:-1","max-image-preview":"max-image-preview:large","max-video-preview":"max-video-preview:-1"},"canonical":"https:\/\/www.anovapeneira.gal\/index.php\/2025\/06\/12\/o-bng-de-redondela-postulase-como-alternativa-ao-bipartidismo\/","og_locale":"gl_ES","og_type":"article","og_title":"O BNG de Redondela post\u00falase como alternativa ao bipartidismo -","og_description":"Xo\u00e1n Carlos Gonz\u00e1lez \u201c rexeitamos calquera negociacion co PP, e consideramos a cuesti\u00f3n de confianza de Digna Rivas como unha chantaxe\u201d [...]","og_url":"https:\/\/www.anovapeneira.gal\/index.php\/2025\/06\/12\/o-bng-de-redondela-postulase-como-alternativa-ao-bipartidismo\/","article_publisher":"https:\/\/www.facebook.com\/anovapeneira","article_published_time":"2025-06-12T10:00:48+00:00","og_image":[{"width":720,"height":432,"url":"https:\/\/www.anovapeneira.gal\/wp-content\/uploads\/2025\/06\/bng_redondela.jpg","type":"image\/jpeg"}],"author":"Redacci\u00f3n A Nova Peneira","twitter_card":"summary_large_image","twitter_creator":"@APeneira","twitter_site":"@APeneira","twitter_misc":{"Escrito por":"Redacci\u00f3n A Nova Peneira","Tempo de lectura":"3 minutos"},"schema":{"@context":"https:\/\/schema.org","@graph":[{"@type":"Article","@id":"https:\/\/www.anovapeneira.gal\/index.php\/2025\/06\/12\/o-bng-de-redondela-postulase-como-alternativa-ao-bipartidismo\/#article","isPartOf":{"@id":"https:\/\/www.anovapeneira.gal\/index.php\/2025\/06\/12\/o-bng-de-redondela-postulase-como-alternativa-ao-bipartidismo\/"},"author":{"name":"Redacci\u00f3n A Nova Peneira","@id":"https:\/\/www.anovapeneira.gal\/#\/schema\/person\/b93e3f8932e3f8da96334607eb6ac6aa"},"headline":"O BNG de Redondela post\u00falase como alternativa ao bipartidismo","datePublished":"2025-06-12T10:00:48+00:00","mainEntityOfPage":{"@id":"https:\/\/www.anovapeneira.gal\/index.php\/2025\/06\/12\/o-bng-de-redondela-postulase-como-alternativa-ao-bipartidismo\/"},"wordCount":476,"commentCount":0,"publisher":{"@id":"https:\/\/www.anovapeneira.gal\/#organization"},"image":{"@id":"https:\/\/www.anovapeneira.gal\/index.php\/2025\/06\/12\/o-bng-de-redondela-postulase-como-alternativa-ao-bipartidismo\/#primaryimage"},"thumbnailUrl":"https:\/\/www.anovapeneira.gal\/wp-content\/uploads\/2025\/06\/bng_redondela.jpg","keywords":["Concello de Redondela"],"articleSection":["Redondela"],"inLanguage":"gl-ES","potentialAction":[{"@type":"CommentAction","name":"Comment","target":["https:\/\/www.anovapeneira.gal\/index.php\/2025\/06\/12\/o-bng-de-redondela-postulase-como-alternativa-ao-bipartidismo\/#respond"]}]},{"@type":"WebPage","@id":"https:\/\/www.anovapeneira.gal\/index.php\/2025\/06\/12\/o-bng-de-redondela-postulase-como-alternativa-ao-bipartidismo\/","url":"https:\/\/www.anovapeneira.gal\/index.php\/2025\/06\/12\/o-bng-de-redondela-postulase-como-alternativa-ao-bipartidismo\/","name":"O BNG de Redondela post\u00falase como alternativa ao bipartidismo -","isPartOf":{"@id":"https:\/\/www.anovapeneira.gal\/#website"},"primaryImageOfPage":{"@id":"https:\/\/www.anovapeneira.gal\/index.php\/2025\/06\/12\/o-bng-de-redondela-postulase-como-alternativa-ao-bipartidismo\/#primaryimage"},"image":{"@id":"https:\/\/www.anovapeneira.gal\/index.php\/2025\/06\/12\/o-bng-de-redondela-postulase-como-alternativa-ao-bipartidismo\/#primaryimage"},"thumbnailUrl":"https:\/\/www.anovapeneira.gal\/wp-content\/uploads\/2025\/06\/bng_redondela.jpg","datePublished":"2025-06-12T10:00:48+00:00","breadcrumb":{"@id":"https:\/\/www.anovapeneira.gal\/index.php\/2025\/06\/12\/o-bng-de-redondela-postulase-como-alternativa-ao-bipartidismo\/#breadcrumb"},"inLanguage":"gl-ES","potentialAction":[{"@type":"ReadAction","target":["https:\/\/www.anovapeneira.gal\/index.php\/2025\/06\/12\/o-bng-de-redondela-postulase-como-alternativa-ao-bipartidismo\/"]}]},{"@type":"ImageObject","inLanguage":"gl-ES","@id":"https:\/\/www.anovapeneira.gal\/index.php\/2025\/06\/12\/o-bng-de-redondela-postulase-como-alternativa-ao-bipartidismo\/#primaryimage","url":"https:\/\/www.anovapeneira.gal\/wp-content\/uploads\/2025\/06\/bng_redondela.jpg","contentUrl":"https:\/\/www.anovapeneira.gal\/wp-content\/uploads\/2025\/06\/bng_redondela.jpg","width":720,"height":432,"caption":"BNG Redondela"},{"@type":"BreadcrumbList","@id":"https:\/\/www.anovapeneira.gal\/index.php\/2025\/06\/12\/o-bng-de-redondela-postulase-como-alternativa-ao-bipartidismo\/#breadcrumb","itemListElement":[{"@type":"ListItem","position":1,"name":"Portada","item":"https:\/\/www.anovapeneira.gal\/"},{"@type":"ListItem","position":2,"name":"O BNG de Redondela post\u00falase como alternativa ao bipartidismo"}]},{"@type":"WebSite","@id":"https:\/\/www.anovapeneira.gal\/#website","url":"https:\/\/www.anovapeneira.gal\/","name":"","description":"Xornal galego de informaci\u00f3n xeral Publicaci\u00f3n mensual de novas de Galicia e en especial dos Concellos da sur da provincia de Pontevedra.","publisher":{"@id":"https:\/\/www.anovapeneira.gal\/#organization"},"potentialAction":[{"@type":"SearchAction","target":{"@type":"EntryPoint","urlTemplate":"https:\/\/www.anovapeneira.gal\/?s={search_term_string}"},"query-input":{"@type":"PropertyValueSpecification","valueRequired":true,"valueName":"search_term_string"}}],"inLanguage":"gl-ES"},{"@type":"Organization","@id":"https:\/\/www.anovapeneira.gal\/#organization","name":"A Nova Peneira","url":"https:\/\/www.anovapeneira.gal\/","logo":{"@type":"ImageObject","inLanguage":"gl-ES","@id":"https:\/\/www.anovapeneira.gal\/#\/schema\/logo\/image\/","url":"http:\/\/www.anovapeneira.gal\/wp-content\/uploads\/2019\/06\/logo_a_nova_peneira_portal_web.png","contentUrl":"http:\/\/www.anovapeneira.gal\/wp-content\/uploads\/2019\/06\/logo_a_nova_peneira_portal_web.png","width":300,"height":100,"caption":"A Nova Peneira"},"image":{"@id":"https:\/\/www.anovapeneira.gal\/#\/schema\/logo\/image\/"},"sameAs":["https:\/\/www.facebook.com\/anovapeneira","https:\/\/x.com\/APeneira"]},{"@type":"Person","@id":"https:\/\/www.anovapeneira.gal\/#\/schema\/person\/b93e3f8932e3f8da96334607eb6ac6aa","name":"Redacci\u00f3n A Nova Peneira","image":{"@type":"ImageObject","inLanguage":"gl-ES","@id":"https:\/\/secure.gravatar.com\/avatar\/c052a2551a06e23fac63626232eaa90abd78dbcf1700fc46a2b2c89fd27b735f?s=96&d=mm&r=g","url":"https:\/\/secure.gravatar.com\/avatar\/c052a2551a06e23fac63626232eaa90abd78dbcf1700fc46a2b2c89fd27b735f?s=96&d=mm&r=g","contentUrl":"https:\/\/secure.gravatar.com\/avatar\/c052a2551a06e23fac63626232eaa90abd78dbcf1700fc46a2b2c89fd27b735f?s=96&d=mm&r=g","caption":"Redacci\u00f3n A Nova Peneira"},"sameAs":["http:\/\/www.anovapeneira.gal\/"],"url":"https:\/\/www.anovapeneira.gal\/index.php\/author\/redactor\/"}]}},"jetpack_featured_media_url":"https:\/\/www.anovapeneira.gal\/wp-content\/uploads\/2025\/06\/bng_redondela.jpg","_links":{"self":[{"href":"https:\/\/www.anovapeneira.gal\/index.php\/wp-json\/wp\/v2\/posts\/14046","targetHints":{"allow":["GET"]}}],"collection":[{"href":"https:\/\/www.anovapeneira.gal\/index.php\/wp-json\/wp\/v2\/posts"}],"about":[{"href":"https:\/\/www.anovapeneira.gal\/index.php\/wp-json\/wp\/v2\/types\/post"}],"author":[{"embeddable":true,"href":"https:\/\/www.anovapeneira.gal\/index.php\/wp-json\/wp\/v2\/users\/3"}],"replies":[{"embeddable":true,"href":"https:\/\/www.anovapeneira.gal\/index.php\/wp-json\/wp\/v2\/comments?post=14046"}],"version-history":[{"count":1,"href":"https:\/\/www.anovapeneira.gal\/index.php\/wp-json\/wp\/v2\/posts\/14046\/revisions"}],"predecessor-version":[{"id":14048,"href":"https:\/\/www.anovapeneira.gal\/index.php\/wp-json\/wp\/v2\/posts\/14046\/revisions\/14048"}],"wp:featuredmedia":[{"embeddable":true,"href":"https:\/\/www.anovapeneira.gal\/index.php\/wp-json\/wp\/v2\/media\/14047"}],"wp:attachment":[{"href":"https:\/\/www.anovapeneira.gal\/index.php\/wp-json\/wp\/v2\/media?parent=14046"}],"wp:term":[{"taxonomy":"category","embeddable":true,"href":"https:\/\/www.anovapeneira.gal\/index.php\/wp-json\/wp\/v2\/categories?post=14046"},{"taxonomy":"post_tag","embeddable":true,"href":"https:\/\/www.anovapeneira.gal\/index.php\/wp-json\/wp\/v2\/tags?post=14046"}],"curies":[{"name":"wp","href":"https:\/\/api.w.org\/{rel}","templated":true}]}}