{"id":14049,"date":"2025-06-13T10:00:05","date_gmt":"2025-06-13T08:00:05","guid":{"rendered":"https:\/\/www.anovapeneira.gal\/?p=14049"},"modified":"2025-06-11T07:14:41","modified_gmt":"2025-06-11T05:14:41","slug":"oscar-gonzalez-voceiro-bng-de-as-neves","status":"publish","type":"post","link":"https:\/\/www.anovapeneira.gal\/index.php\/2025\/06\/13\/oscar-gonzalez-voceiro-bng-de-as-neves\/","title":{"rendered":"\u00d3scar Gonz\u00e1lez, voceiro BNG de As Neves"},"content":{"rendered":"\n<p><strong>Setados \u00e9 unha parroquia das Neves que ten un grave problema de seguridade viaria que precisa ser arranxado con urxencia. A estrada en cuesti\u00f3n \u00e9 de titularidade auton\u00f3mica. Nos oito anos de goberno nacionalista o ex alcalde Xos\u00e9 Manuel Rodr\u00edguez dirixiuse en numerosas ocasi\u00f3ns \u00e1 administraci\u00f3n galega para pedirlle que asumiran a s\u00faa responsabilidade e arranxaran o problema. A resposta da conselleira Ethel V\u00e1zquez foi sempre a mesma: Non. Pouco despois de que o PP recuperase esta alcald\u00eda, esa mesma concelleira anunciou publicamente que a Xunta \u00eda arranxar esa eiva viaria que ten a parroquia de Setados.<\/strong><\/p>\n\n\n\n<p><strong>Unha administraci\u00f3n que trata aos administrados de maneira diferente segundo os perciban como amigos ou como adversarios, ou segundo a cor pol\u00edtica do seu goberno local , non merece gobernar nin un segundo m\u00e1is, pois carecen de lexitimidade moral para presidir nada, nin sequera unha comunidade de veci\u00f1os. Ese \u00e9 o modus operandi do PP en Galicia, e nas Neves tam\u00e9n. Se es amigo o que queiras, e se non o es non hai nin auga para ti. A recuperaci\u00f3n das alcald\u00edas das Neves e de Ponteareas polo PP foi un resultado lex\u00edtimo, porque as\u00ed o quixeron a maior\u00eda dos veci\u00f1os e veci\u00f1as destas d\u00faas localidades, e como tal hai que aceptalo con escrupuloso respecto. Por\u00e9n, desde o punto de vista pol\u00edtico foi un desastre para as maior\u00edas sociais das Neves e de Ponteareas. Hoxe, dous anos despois as condici\u00f3ns de ambas localidades son peores que no 2023 e est\u00e1n en clara progresi\u00f3n descendente.<\/strong><\/p>\n\n\n\n<p><strong>O ex alcalde das Neves deu un paso atr\u00e1s e foi substitu\u00eddo no grupo municipal por \u00d3scar Gonz\u00e1lez, un rapaz de Taboexa, novo en idade, pero xa veterano na pr\u00e1ctica pol\u00edtica e no compromiso social, na CM da s\u00faa parroquia. Conversamos con el para co\u00f1ecer a s\u00faa valoraci\u00f3n de como marchan as cousas na pol\u00edtica local.<\/strong><\/p>\n\n\n\n<h2 class=\"wp-block-heading\">\u201c<strong>As Neves ten un goberno ineficaz e incompetente que carece de modelo de pobo. O \u00fanico que fan \u00e9 zafar o d\u00eda como poden\u201d<\/strong><\/h2>\n\n\n\n<p><strong>Canto tempo levas como m\u00e1ximo responsable do grupo municipal de As Neves?<\/strong><\/p>\n\n\n\n<blockquote class=\"wp-block-quote is-layout-flow wp-block-quote-is-layout-flow\">\n<p>Desde o pleno extraordinario de abril, levo dous plenos como voceiro.<\/p>\n<\/blockquote>\n\n\n\n<p><strong>Por que foi o pleno extraordinario de abril?<\/strong><\/p>\n\n\n\n<blockquote class=\"wp-block-quote is-layout-flow wp-block-quote-is-layout-flow\">\n<p>Para lanzar o expediente de licitaci\u00f3n do contrato da axuda no fogar.<\/p>\n<\/blockquote>\n\n\n\n<p><strong>Que opinas ti da situaci\u00f3n e xesti\u00f3n dese asunto que,no seu momento levou a unha folga das traballadoras do SAF do concello de As Neves?<\/strong><\/p>\n\n\n\n<blockquote class=\"wp-block-quote is-layout-flow wp-block-quote-is-layout-flow\">\n<p>A xesti\u00f3n dun servizo esencial para o benestar das persoas m\u00e1is vulnerables s\u00f3 se pode cualificar como ineficaz . O contrato en vigor ti\u00f1a os prezos do ano 2019 e coa suba brutal da vida destes \u00faltimos anos, xa non estaba acorde coa realidade. O que hab\u00eda que facer era un contrato novo e non prorrogar o existente. Neste caso fixeron mal o seu traballo. N\u00f3s non estabamos de acordo coa licitaci\u00f3n que sacaron, dix\u00e9moslle que este contrato \u00eda ser demandado e botado abaixo, como as\u00ed foi. Agora estamos nunha segunda volta, e se non hai ning\u00fan atranco entrar\u00e1 en vigor para o mes de outubro ou novembro.<\/p>\n<\/blockquote>\n\n\n\n<p><strong>O que se tratou no pleno abril foi unha segunda licitaci\u00f3n ?<\/strong><\/p>\n\n\n\n<blockquote class=\"wp-block-quote is-layout-flow wp-block-quote-is-layout-flow\">\n<p>Si.<\/p>\n<\/blockquote>\n\n\n\n<p><strong>A raz\u00f3n da segunda licitaci\u00f3n foi o mal traballo do goberno municipal?<\/strong><\/p>\n\n\n\n<blockquote class=\"wp-block-quote is-layout-flow wp-block-quote-is-layout-flow\">\n<p>Si, claramente si.<\/p>\n<\/blockquote>\n\n\n\n<p><strong>Que votastes v\u00f3s no pleno de abril?<\/strong><\/p>\n\n\n\n<blockquote class=\"wp-block-quote is-layout-flow wp-block-quote-is-layout-flow\">\n<p>Votamos a favor, porque entendemos que \u00e9 necesario solucionar isto de inmediato e ademais, agora si que fixeron o que xa ti\u00f1an que ter feito antes.<\/p>\n<\/blockquote>\n\n\n\n<p><strong>Levas pouco tempo como voceiro, \u00d3scar. \u00c9 suficiente para emitir unha primeira valoraci\u00f3n de que supuxo para ti.?<\/strong><\/p>\n\n\n\n<blockquote class=\"wp-block-quote is-layout-flow wp-block-quote-is-layout-flow\">\n<p>De momento non noto moito cambio na mi\u00f1a vida, \u00e9 pouco tempo .Por outra parte eu xa son un concelleiro que leva varios mandatos no concello, e,a\u00ednda que non era o voceiro, no BNG sempre se procura que todos os cargos org\u00e1nicos asuman responsabilidades e interve\u00f1an con frecuencia, polo tanto moito cambio non noto de momento.<\/p>\n<\/blockquote>\n\n\n\n<p><strong>Fix\u00e9steslle un acto de despedida ao ex alcalde Xos\u00e9 Manuel Rodr\u00edguez e a ex concelleira Pilar Casas para agradecer o seu esforzo e dedicaci\u00f3n, e que serviu para darlle certa oficialidade ao cambio, tanto na direcci\u00f3n municipal como na organizaci\u00f3n pol\u00edtica do BNG de As Neves, que agora encabeza Raquel Barreiro. Como foi ese acto?<\/strong><\/p>\n\n\n\n<blockquote class=\"wp-block-quote is-layout-flow wp-block-quote-is-layout-flow\">\n<p>Foi enormemente emotivo. Co paso do tempo valoraremos na s\u00faa xusta medida a enorme importancia destes oito anos do primeiro goberno nacionalista na historia das Neves.<\/p>\n<\/blockquote>\n\n\n\n<p><strong>Haber\u00e1 m\u00e1is?<\/strong><\/p>\n\n\n\n<blockquote class=\"wp-block-quote is-layout-flow wp-block-quote-is-layout-flow\">\n<p>Estou seguro de que o haber\u00e1 moi pronto<\/p>\n<\/blockquote>\n\n\n\n<p><strong>Como valoras a entrada das novas concelleiras Roc\u00edo Barreiro e Alba Casas?<\/strong><\/p>\n\n\n\n<blockquote class=\"wp-block-quote is-layout-flow wp-block-quote-is-layout-flow\">\n<p>Son d\u00faas mulleres cunha capacidade espectacular. D\u00faas persoas brillantes que fan mellor ao BNG, que conciben \u00e1 pol\u00edtica da maneira correcta, un instrumento para o ben com\u00fan, e \u00e1s que \u00e9 para min unha honra acompa\u00f1ar nesta viaxe.<\/p>\n<\/blockquote>\n\n\n\n<p><strong>Estamos no ecuador do mandato \u00d3scar, como valoras o traballo do goberno estes dous anos?<\/strong><\/p>\n\n\n\n<blockquote class=\"wp-block-quote is-layout-flow wp-block-quote-is-layout-flow\">\n<p>Temos un goberno ineficaz e incompetente que se caracteriza polo desleixo e por carecer de modelo de vila. O \u00fanico que fan \u00e9 zafar o d\u00eda a d\u00eda como poden, e para iso mal. O que est\u00e1n executando son proxectos que xa estaban previstos e moi pequenas obras de asfaltado.<\/p>\n<\/blockquote>\n\n\n\n<p><strong>\u00c9 un goberno nepotista?<\/strong><\/p>\n\n\n\n<blockquote class=\"wp-block-quote is-layout-flow wp-block-quote-is-layout-flow\">\n<p>Iso \u00e9 o que fan, nepotismo e desprop\u00f3sitos<\/p>\n<\/blockquote>\n\n\n\n<p><strong>Desprop\u00f3sitos, como por exemplo?<\/strong><\/p>\n\n\n\n<blockquote class=\"wp-block-quote is-layout-flow wp-block-quote-is-layout-flow\">\n<p>As podas que acometeron no casco urbano que xa alcumamos no pleno \u201cpodas dr\u00e1sticas\u201d, agora vese o seu resultado. Moitas destas \u00e1rbores van morrer por estas podas e deixar sen sombra e sen facer a s\u00faa funci\u00f3n no casco da vila perdendo todo o seu valor.<\/p>\n<\/blockquote>\n\n\n\n<p><strong>Que pasou co campamento de ver\u00e1n?<\/strong><\/p>\n\n\n\n<blockquote class=\"wp-block-quote is-layout-flow wp-block-quote-is-layout-flow\">\n<p>A d\u00eda de hoxe( <strong>03\/06<\/strong>) non se sabe nada. Pais e nais destas crianzas te\u00f1en que ter unha previsi\u00f3n para poder afrontar as vacaci\u00f3ns de ver\u00e1n.<\/p>\n<\/blockquote>\n\n\n\n<p><strong>Como explicas os cortes de luz que houbo na vila?<\/strong><\/p>\n\n\n\n<blockquote class=\"wp-block-quote is-layout-flow wp-block-quote-is-layout-flow\">\n<p>Pasou que como \u00e9 costume neles xestionan mal. Alg\u00fans cortes son de m\u00e1is de d\u00faas horas en distintas partes do concello, non en todas. Desde o Concello tiraron un comunicado dicindo que est\u00e1n ao tanto do que pasa e facendo traballos t\u00e9cnicos para mellorar a rede pero, despois disto a\u00ednda houbo cortes de luz. Se est\u00e1n facendo traballos t\u00e9cnicos para mellorar a rede o normal ser\u00eda que comunicaran cando se van facer e canto prev\u00e9n que duren. Se a empresa encargada non d\u00e1 aviso, o concello ten que esixirllo para informar \u00e1 veci\u00f1anza.<\/p>\n<\/blockquote>\n\n\n\n<p><strong>En relaci\u00f3n ao roubo que sufriu o Concello de 8.000\u20ac por unha estafa cibern\u00e9tica, como est\u00e1 este tema ?, recuper\u00e1ronse os cartos?<\/strong><\/p>\n\n\n\n<blockquote class=\"wp-block-quote is-layout-flow wp-block-quote-is-layout-flow\">\n<p>Preguntamos por isto no \u00faltimo pleno e contestaron que se estaba traballando e a punto de resolverse.<\/p>\n<\/blockquote>\n\n\n\n<p><strong>A d\u00eda de hoxe, 3 de xu\u00f1o, os 8.000\u20ac non se recuperaron?<\/strong><\/p>\n\n\n\n<blockquote class=\"wp-block-quote is-layout-flow wp-block-quote-is-layout-flow\">\n<p>Que n\u00f3s saibamos non, pero non tivemos unha resposta clara.<\/p>\n<\/blockquote>\n\n\n\n<p><strong>Segues pensado que, al\u00e9n da responsabilidade de quen rouba , hai neglixencia da persoa que paga?<\/strong><\/p>\n\n\n\n<blockquote class=\"wp-block-quote is-layout-flow wp-block-quote-is-layout-flow\">\n<p>Para pagar calquera tipo de factura ten que haber unha conformidade, e nun concello pequeno, quen a fai \u00e9 o persoal pol\u00edtico. Despois \u00e9 o tesoureiro ou tesoureira que fai o pago, pero con conformidade pol\u00edtica. A conformidade a ese pago ti\u00f1a que terse denegado, e non se fixo.<\/p>\n<\/blockquote>\n\n\n\n<p><strong>Sabemos en concreto que deu a orde de pagar esa factura?<\/strong><\/p>\n\n\n\n<blockquote class=\"wp-block-quote is-layout-flow wp-block-quote-is-layout-flow\">\n<p>Non, non sabemos se foi o alcalde ou alg\u00fan concelleiro ou concelleira.<\/p>\n<\/blockquote>\n\n\n\n<p><strong>Como est\u00e1 a sa\u00fade do BNG e que percepci\u00f3n social ves na r\u00faa para as elecci\u00f3ns do 27?<\/strong><\/p>\n\n\n\n<blockquote class=\"wp-block-quote is-layout-flow wp-block-quote-is-layout-flow\">\n<p>A sa\u00fade interna do BNG \u00e9 boa. Acometemos cambios e renovaci\u00f3ns sen grandes dificultades e con acordos un\u00e1nimes.<\/p>\n<\/blockquote>\n\n\n\n<blockquote class=\"wp-block-quote is-layout-flow wp-block-quote-is-layout-flow\">\n<p>De cara f\u00f3ra, de traballo na r\u00faa necesitamos facer unha labor social importante, vimos de perder unhas elecci\u00f3ns e tivemos un pequeno baix\u00f3n do contacto coa xente. Agora temos xente nova e temos a clara intenci\u00f3n de recuperar a confianza da maior\u00eda social.<\/p>\n<\/blockquote>\n\n\n\n<p><strong>Que pulsi\u00f3n percibes na r\u00faa en relaci\u00f3n ao traballo do goberno?<\/strong><\/p>\n\n\n\n<blockquote class=\"wp-block-quote is-layout-flow wp-block-quote-is-layout-flow\">\n<p>Moita xente non esperaba que iso ocorrera e que o PP estivera gobernando. Da xente que os apoiou, unha gran parte trasl\u00e1danos que est\u00e1n decepcionados pola falta de capacidade e por promesas incumpridas.<\/p>\n<\/blockquote>\n\n\n\n<p><strong>Nos oito anos de goberno do BNG, vos reclamastes moit\u00edsimas veces o arranxo da estrada de Setados. A conselleira territorial da Xunta Ethel V\u00e1zquez respondeu sistematicamente que non. Pouco despois de que o PP recuperara alcald\u00eda de As Neves, esa mesma conselleira manifestou en p\u00fablico que \u00edan arranxar este problema . Dous anos despois como est\u00e1 este asunto, f\u00edxose algo?<\/strong><\/p>\n\n\n\n<blockquote class=\"wp-block-quote is-layout-flow wp-block-quote-is-layout-flow\">\n<p>Acometeron o proceso de expropiaci\u00f3n e houbo levantamento de actas hai uns seis meses. Agora hai anuncios de que a metade deste ano comezar\u00edan as obras, de momento a\u00ednda non se fixo nada m\u00e1is.<\/p>\n<\/blockquote>\n","protected":false},"excerpt":{"rendered":"<div class=\"mh-excerpt\"><p>Setados \u00e9 unha parroquia das Neves que ten un grave problema de seguridade viaria que precisa ser arranxado con urxencia. <a class=\"mh-excerpt-more\" href=\"https:\/\/www.anovapeneira.gal\/index.php\/2025\/06\/13\/oscar-gonzalez-voceiro-bng-de-as-neves\/\" title=\"\u00d3scar Gonz\u00e1lez, voceiro BNG de As Neves\">[&#8230;]<\/a><\/p>\n<\/div>","protected":false},"author":2,"featured_media":14050,"comment_status":"open","ping_status":"open","sticky":false,"template":"","format":"standard","meta":{"_exactmetrics_skip_tracking":false,"_exactmetrics_sitenote_active":false,"_exactmetrics_sitenote_note":"","_exactmetrics_sitenote_category":0,"footnotes":""},"categories":[25],"tags":[423],"class_list":{"0":"post-14049","1":"post","2":"type-post","3":"status-publish","4":"format-standard","5":"has-post-thumbnail","7":"category-condado","8":"tag-concello-de-as-neves"},"yoast_head":"<!-- This site is optimized with the Yoast SEO plugin v27.4 - https:\/\/yoast.com\/product\/yoast-seo-wordpress\/ -->\n<title>\u00d3scar Gonz\u00e1lez, voceiro BNG de As Neves -<\/title>\n<meta name=\"robots\" content=\"index, follow, max-snippet:-1, max-image-preview:large, max-video-preview:-1\" \/>\n<link rel=\"canonical\" href=\"https:\/\/www.anovapeneira.gal\/index.php\/2025\/06\/13\/oscar-gonzalez-voceiro-bng-de-as-neves\/\" \/>\n<meta property=\"og:locale\" content=\"gl_ES\" \/>\n<meta property=\"og:type\" content=\"article\" \/>\n<meta property=\"og:title\" content=\"\u00d3scar Gonz\u00e1lez, voceiro BNG de As Neves -\" \/>\n<meta property=\"og:description\" content=\"Setados \u00e9 unha parroquia das Neves que ten un grave problema de seguridade viaria que precisa ser arranxado con urxencia. [...]\" \/>\n<meta property=\"og:url\" content=\"https:\/\/www.anovapeneira.gal\/index.php\/2025\/06\/13\/oscar-gonzalez-voceiro-bng-de-as-neves\/\" \/>\n<meta property=\"article:publisher\" content=\"https:\/\/www.facebook.com\/anovapeneira\" \/>\n<meta property=\"article:published_time\" content=\"2025-06-13T08:00:05+00:00\" \/>\n<meta property=\"og:image\" content=\"https:\/\/www.anovapeneira.gal\/wp-content\/uploads\/2025\/06\/oscar_BNG_As_Neves.jpg\" \/>\n\t<meta property=\"og:image:width\" content=\"720\" \/>\n\t<meta property=\"og:image:height\" content=\"432\" \/>\n\t<meta property=\"og:image:type\" content=\"image\/jpeg\" \/>\n<meta name=\"author\" content=\"Tino Lago\" \/>\n<meta name=\"twitter:card\" content=\"summary_large_image\" \/>\n<meta name=\"twitter:creator\" content=\"@APeneira\" \/>\n<meta name=\"twitter:site\" content=\"@APeneira\" \/>\n<meta name=\"twitter:label1\" content=\"Escrito por\" \/>\n\t<meta name=\"twitter:data1\" content=\"Tino Lago\" \/>\n\t<meta name=\"twitter:label2\" content=\"Tempo de lectura\" \/>\n\t<meta name=\"twitter:data2\" content=\"4 minutos\" \/>\n<script type=\"application\/ld+json\" class=\"yoast-schema-graph\">{\"@context\":\"https:\\\/\\\/schema.org\",\"@graph\":[{\"@type\":\"Article\",\"@id\":\"https:\\\/\\\/www.anovapeneira.gal\\\/index.php\\\/2025\\\/06\\\/13\\\/oscar-gonzalez-voceiro-bng-de-as-neves\\\/#article\",\"isPartOf\":{\"@id\":\"https:\\\/\\\/www.anovapeneira.gal\\\/index.php\\\/2025\\\/06\\\/13\\\/oscar-gonzalez-voceiro-bng-de-as-neves\\\/\"},\"author\":{\"name\":\"Tino Lago\",\"@id\":\"https:\\\/\\\/www.anovapeneira.gal\\\/#\\\/schema\\\/person\\\/424dfe65e3070fd8a44d22d2c088762a\"},\"headline\":\"\u00d3scar Gonz\u00e1lez, voceiro BNG de As Neves\",\"datePublished\":\"2025-06-13T08:00:05+00:00\",\"mainEntityOfPage\":{\"@id\":\"https:\\\/\\\/www.anovapeneira.gal\\\/index.php\\\/2025\\\/06\\\/13\\\/oscar-gonzalez-voceiro-bng-de-as-neves\\\/\"},\"wordCount\":1526,\"commentCount\":0,\"publisher\":{\"@id\":\"https:\\\/\\\/www.anovapeneira.gal\\\/#organization\"},\"image\":{\"@id\":\"https:\\\/\\\/www.anovapeneira.gal\\\/index.php\\\/2025\\\/06\\\/13\\\/oscar-gonzalez-voceiro-bng-de-as-neves\\\/#primaryimage\"},\"thumbnailUrl\":\"https:\\\/\\\/www.anovapeneira.gal\\\/wp-content\\\/uploads\\\/2025\\\/06\\\/oscar_BNG_As_Neves.jpg\",\"keywords\":[\"Concello de As Neves\"],\"articleSection\":[\"Condado\"],\"inLanguage\":\"gl-ES\",\"potentialAction\":[{\"@type\":\"CommentAction\",\"name\":\"Comment\",\"target\":[\"https:\\\/\\\/www.anovapeneira.gal\\\/index.php\\\/2025\\\/06\\\/13\\\/oscar-gonzalez-voceiro-bng-de-as-neves\\\/#respond\"]}]},{\"@type\":\"WebPage\",\"@id\":\"https:\\\/\\\/www.anovapeneira.gal\\\/index.php\\\/2025\\\/06\\\/13\\\/oscar-gonzalez-voceiro-bng-de-as-neves\\\/\",\"url\":\"https:\\\/\\\/www.anovapeneira.gal\\\/index.php\\\/2025\\\/06\\\/13\\\/oscar-gonzalez-voceiro-bng-de-as-neves\\\/\",\"name\":\"\u00d3scar Gonz\u00e1lez, voceiro BNG de As Neves -\",\"isPartOf\":{\"@id\":\"https:\\\/\\\/www.anovapeneira.gal\\\/#website\"},\"primaryImageOfPage\":{\"@id\":\"https:\\\/\\\/www.anovapeneira.gal\\\/index.php\\\/2025\\\/06\\\/13\\\/oscar-gonzalez-voceiro-bng-de-as-neves\\\/#primaryimage\"},\"image\":{\"@id\":\"https:\\\/\\\/www.anovapeneira.gal\\\/index.php\\\/2025\\\/06\\\/13\\\/oscar-gonzalez-voceiro-bng-de-as-neves\\\/#primaryimage\"},\"thumbnailUrl\":\"https:\\\/\\\/www.anovapeneira.gal\\\/wp-content\\\/uploads\\\/2025\\\/06\\\/oscar_BNG_As_Neves.jpg\",\"datePublished\":\"2025-06-13T08:00:05+00:00\",\"breadcrumb\":{\"@id\":\"https:\\\/\\\/www.anovapeneira.gal\\\/index.php\\\/2025\\\/06\\\/13\\\/oscar-gonzalez-voceiro-bng-de-as-neves\\\/#breadcrumb\"},\"inLanguage\":\"gl-ES\",\"potentialAction\":[{\"@type\":\"ReadAction\",\"target\":[\"https:\\\/\\\/www.anovapeneira.gal\\\/index.php\\\/2025\\\/06\\\/13\\\/oscar-gonzalez-voceiro-bng-de-as-neves\\\/\"]}]},{\"@type\":\"ImageObject\",\"inLanguage\":\"gl-ES\",\"@id\":\"https:\\\/\\\/www.anovapeneira.gal\\\/index.php\\\/2025\\\/06\\\/13\\\/oscar-gonzalez-voceiro-bng-de-as-neves\\\/#primaryimage\",\"url\":\"https:\\\/\\\/www.anovapeneira.gal\\\/wp-content\\\/uploads\\\/2025\\\/06\\\/oscar_BNG_As_Neves.jpg\",\"contentUrl\":\"https:\\\/\\\/www.anovapeneira.gal\\\/wp-content\\\/uploads\\\/2025\\\/06\\\/oscar_BNG_As_Neves.jpg\",\"width\":720,\"height\":432},{\"@type\":\"BreadcrumbList\",\"@id\":\"https:\\\/\\\/www.anovapeneira.gal\\\/index.php\\\/2025\\\/06\\\/13\\\/oscar-gonzalez-voceiro-bng-de-as-neves\\\/#breadcrumb\",\"itemListElement\":[{\"@type\":\"ListItem\",\"position\":1,\"name\":\"Portada\",\"item\":\"https:\\\/\\\/www.anovapeneira.gal\\\/\"},{\"@type\":\"ListItem\",\"position\":2,\"name\":\"\u00d3scar Gonz\u00e1lez, voceiro BNG de As Neves\"}]},{\"@type\":\"WebSite\",\"@id\":\"https:\\\/\\\/www.anovapeneira.gal\\\/#website\",\"url\":\"https:\\\/\\\/www.anovapeneira.gal\\\/\",\"name\":\"\",\"description\":\"Xornal galego de informaci\u00f3n xeral Publicaci\u00f3n mensual de novas de Galicia e en especial dos Concellos da sur da provincia de Pontevedra.\",\"publisher\":{\"@id\":\"https:\\\/\\\/www.anovapeneira.gal\\\/#organization\"},\"potentialAction\":[{\"@type\":\"SearchAction\",\"target\":{\"@type\":\"EntryPoint\",\"urlTemplate\":\"https:\\\/\\\/www.anovapeneira.gal\\\/?s={search_term_string}\"},\"query-input\":{\"@type\":\"PropertyValueSpecification\",\"valueRequired\":true,\"valueName\":\"search_term_string\"}}],\"inLanguage\":\"gl-ES\"},{\"@type\":\"Organization\",\"@id\":\"https:\\\/\\\/www.anovapeneira.gal\\\/#organization\",\"name\":\"A Nova Peneira\",\"url\":\"https:\\\/\\\/www.anovapeneira.gal\\\/\",\"logo\":{\"@type\":\"ImageObject\",\"inLanguage\":\"gl-ES\",\"@id\":\"https:\\\/\\\/www.anovapeneira.gal\\\/#\\\/schema\\\/logo\\\/image\\\/\",\"url\":\"http:\\\/\\\/www.anovapeneira.gal\\\/wp-content\\\/uploads\\\/2019\\\/06\\\/logo_a_nova_peneira_portal_web.png\",\"contentUrl\":\"http:\\\/\\\/www.anovapeneira.gal\\\/wp-content\\\/uploads\\\/2019\\\/06\\\/logo_a_nova_peneira_portal_web.png\",\"width\":300,\"height\":100,\"caption\":\"A Nova Peneira\"},\"image\":{\"@id\":\"https:\\\/\\\/www.anovapeneira.gal\\\/#\\\/schema\\\/logo\\\/image\\\/\"},\"sameAs\":[\"https:\\\/\\\/www.facebook.com\\\/anovapeneira\",\"https:\\\/\\\/x.com\\\/APeneira\"]},{\"@type\":\"Person\",\"@id\":\"https:\\\/\\\/www.anovapeneira.gal\\\/#\\\/schema\\\/person\\\/424dfe65e3070fd8a44d22d2c088762a\",\"name\":\"Tino Lago\",\"image\":{\"@type\":\"ImageObject\",\"inLanguage\":\"gl-ES\",\"@id\":\"https:\\\/\\\/secure.gravatar.com\\\/avatar\\\/b3df6a06e44bab3111583b90f0f33a0379ee5e3d22cbadd232d39f21c30c62be?s=96&d=mm&r=g\",\"url\":\"https:\\\/\\\/secure.gravatar.com\\\/avatar\\\/b3df6a06e44bab3111583b90f0f33a0379ee5e3d22cbadd232d39f21c30c62be?s=96&d=mm&r=g\",\"contentUrl\":\"https:\\\/\\\/secure.gravatar.com\\\/avatar\\\/b3df6a06e44bab3111583b90f0f33a0379ee5e3d22cbadd232d39f21c30c62be?s=96&d=mm&r=g\",\"caption\":\"Tino Lago\"},\"sameAs\":[\"http:\\\/\\\/www.anovapeneira.gal\"],\"url\":\"https:\\\/\\\/www.anovapeneira.gal\\\/index.php\\\/author\\\/director\\\/\"}]}<\/script>\n<!-- \/ Yoast SEO plugin. -->","yoast_head_json":{"title":"\u00d3scar Gonz\u00e1lez, voceiro BNG de As Neves -","robots":{"index":"index","follow":"follow","max-snippet":"max-snippet:-1","max-image-preview":"max-image-preview:large","max-video-preview":"max-video-preview:-1"},"canonical":"https:\/\/www.anovapeneira.gal\/index.php\/2025\/06\/13\/oscar-gonzalez-voceiro-bng-de-as-neves\/","og_locale":"gl_ES","og_type":"article","og_title":"\u00d3scar Gonz\u00e1lez, voceiro BNG de As Neves -","og_description":"Setados \u00e9 unha parroquia das Neves que ten un grave problema de seguridade viaria que precisa ser arranxado con urxencia. [...]","og_url":"https:\/\/www.anovapeneira.gal\/index.php\/2025\/06\/13\/oscar-gonzalez-voceiro-bng-de-as-neves\/","article_publisher":"https:\/\/www.facebook.com\/anovapeneira","article_published_time":"2025-06-13T08:00:05+00:00","og_image":[{"width":720,"height":432,"url":"https:\/\/www.anovapeneira.gal\/wp-content\/uploads\/2025\/06\/oscar_BNG_As_Neves.jpg","type":"image\/jpeg"}],"author":"Tino Lago","twitter_card":"summary_large_image","twitter_creator":"@APeneira","twitter_site":"@APeneira","twitter_misc":{"Escrito por":"Tino Lago","Tempo de lectura":"4 minutos"},"schema":{"@context":"https:\/\/schema.org","@graph":[{"@type":"Article","@id":"https:\/\/www.anovapeneira.gal\/index.php\/2025\/06\/13\/oscar-gonzalez-voceiro-bng-de-as-neves\/#article","isPartOf":{"@id":"https:\/\/www.anovapeneira.gal\/index.php\/2025\/06\/13\/oscar-gonzalez-voceiro-bng-de-as-neves\/"},"author":{"name":"Tino Lago","@id":"https:\/\/www.anovapeneira.gal\/#\/schema\/person\/424dfe65e3070fd8a44d22d2c088762a"},"headline":"\u00d3scar Gonz\u00e1lez, voceiro BNG de As Neves","datePublished":"2025-06-13T08:00:05+00:00","mainEntityOfPage":{"@id":"https:\/\/www.anovapeneira.gal\/index.php\/2025\/06\/13\/oscar-gonzalez-voceiro-bng-de-as-neves\/"},"wordCount":1526,"commentCount":0,"publisher":{"@id":"https:\/\/www.anovapeneira.gal\/#organization"},"image":{"@id":"https:\/\/www.anovapeneira.gal\/index.php\/2025\/06\/13\/oscar-gonzalez-voceiro-bng-de-as-neves\/#primaryimage"},"thumbnailUrl":"https:\/\/www.anovapeneira.gal\/wp-content\/uploads\/2025\/06\/oscar_BNG_As_Neves.jpg","keywords":["Concello de As Neves"],"articleSection":["Condado"],"inLanguage":"gl-ES","potentialAction":[{"@type":"CommentAction","name":"Comment","target":["https:\/\/www.anovapeneira.gal\/index.php\/2025\/06\/13\/oscar-gonzalez-voceiro-bng-de-as-neves\/#respond"]}]},{"@type":"WebPage","@id":"https:\/\/www.anovapeneira.gal\/index.php\/2025\/06\/13\/oscar-gonzalez-voceiro-bng-de-as-neves\/","url":"https:\/\/www.anovapeneira.gal\/index.php\/2025\/06\/13\/oscar-gonzalez-voceiro-bng-de-as-neves\/","name":"\u00d3scar Gonz\u00e1lez, voceiro BNG de As Neves -","isPartOf":{"@id":"https:\/\/www.anovapeneira.gal\/#website"},"primaryImageOfPage":{"@id":"https:\/\/www.anovapeneira.gal\/index.php\/2025\/06\/13\/oscar-gonzalez-voceiro-bng-de-as-neves\/#primaryimage"},"image":{"@id":"https:\/\/www.anovapeneira.gal\/index.php\/2025\/06\/13\/oscar-gonzalez-voceiro-bng-de-as-neves\/#primaryimage"},"thumbnailUrl":"https:\/\/www.anovapeneira.gal\/wp-content\/uploads\/2025\/06\/oscar_BNG_As_Neves.jpg","datePublished":"2025-06-13T08:00:05+00:00","breadcrumb":{"@id":"https:\/\/www.anovapeneira.gal\/index.php\/2025\/06\/13\/oscar-gonzalez-voceiro-bng-de-as-neves\/#breadcrumb"},"inLanguage":"gl-ES","potentialAction":[{"@type":"ReadAction","target":["https:\/\/www.anovapeneira.gal\/index.php\/2025\/06\/13\/oscar-gonzalez-voceiro-bng-de-as-neves\/"]}]},{"@type":"ImageObject","inLanguage":"gl-ES","@id":"https:\/\/www.anovapeneira.gal\/index.php\/2025\/06\/13\/oscar-gonzalez-voceiro-bng-de-as-neves\/#primaryimage","url":"https:\/\/www.anovapeneira.gal\/wp-content\/uploads\/2025\/06\/oscar_BNG_As_Neves.jpg","contentUrl":"https:\/\/www.anovapeneira.gal\/wp-content\/uploads\/2025\/06\/oscar_BNG_As_Neves.jpg","width":720,"height":432},{"@type":"BreadcrumbList","@id":"https:\/\/www.anovapeneira.gal\/index.php\/2025\/06\/13\/oscar-gonzalez-voceiro-bng-de-as-neves\/#breadcrumb","itemListElement":[{"@type":"ListItem","position":1,"name":"Portada","item":"https:\/\/www.anovapeneira.gal\/"},{"@type":"ListItem","position":2,"name":"\u00d3scar Gonz\u00e1lez, voceiro BNG de As Neves"}]},{"@type":"WebSite","@id":"https:\/\/www.anovapeneira.gal\/#website","url":"https:\/\/www.anovapeneira.gal\/","name":"","description":"Xornal galego de informaci\u00f3n xeral Publicaci\u00f3n mensual de novas de Galicia e en especial dos Concellos da sur da provincia de Pontevedra.","publisher":{"@id":"https:\/\/www.anovapeneira.gal\/#organization"},"potentialAction":[{"@type":"SearchAction","target":{"@type":"EntryPoint","urlTemplate":"https:\/\/www.anovapeneira.gal\/?s={search_term_string}"},"query-input":{"@type":"PropertyValueSpecification","valueRequired":true,"valueName":"search_term_string"}}],"inLanguage":"gl-ES"},{"@type":"Organization","@id":"https:\/\/www.anovapeneira.gal\/#organization","name":"A Nova Peneira","url":"https:\/\/www.anovapeneira.gal\/","logo":{"@type":"ImageObject","inLanguage":"gl-ES","@id":"https:\/\/www.anovapeneira.gal\/#\/schema\/logo\/image\/","url":"http:\/\/www.anovapeneira.gal\/wp-content\/uploads\/2019\/06\/logo_a_nova_peneira_portal_web.png","contentUrl":"http:\/\/www.anovapeneira.gal\/wp-content\/uploads\/2019\/06\/logo_a_nova_peneira_portal_web.png","width":300,"height":100,"caption":"A Nova Peneira"},"image":{"@id":"https:\/\/www.anovapeneira.gal\/#\/schema\/logo\/image\/"},"sameAs":["https:\/\/www.facebook.com\/anovapeneira","https:\/\/x.com\/APeneira"]},{"@type":"Person","@id":"https:\/\/www.anovapeneira.gal\/#\/schema\/person\/424dfe65e3070fd8a44d22d2c088762a","name":"Tino Lago","image":{"@type":"ImageObject","inLanguage":"gl-ES","@id":"https:\/\/secure.gravatar.com\/avatar\/b3df6a06e44bab3111583b90f0f33a0379ee5e3d22cbadd232d39f21c30c62be?s=96&d=mm&r=g","url":"https:\/\/secure.gravatar.com\/avatar\/b3df6a06e44bab3111583b90f0f33a0379ee5e3d22cbadd232d39f21c30c62be?s=96&d=mm&r=g","contentUrl":"https:\/\/secure.gravatar.com\/avatar\/b3df6a06e44bab3111583b90f0f33a0379ee5e3d22cbadd232d39f21c30c62be?s=96&d=mm&r=g","caption":"Tino Lago"},"sameAs":["http:\/\/www.anovapeneira.gal"],"url":"https:\/\/www.anovapeneira.gal\/index.php\/author\/director\/"}]}},"jetpack_featured_media_url":"https:\/\/www.anovapeneira.gal\/wp-content\/uploads\/2025\/06\/oscar_BNG_As_Neves.jpg","_links":{"self":[{"href":"https:\/\/www.anovapeneira.gal\/index.php\/wp-json\/wp\/v2\/posts\/14049","targetHints":{"allow":["GET"]}}],"collection":[{"href":"https:\/\/www.anovapeneira.gal\/index.php\/wp-json\/wp\/v2\/posts"}],"about":[{"href":"https:\/\/www.anovapeneira.gal\/index.php\/wp-json\/wp\/v2\/types\/post"}],"author":[{"embeddable":true,"href":"https:\/\/www.anovapeneira.gal\/index.php\/wp-json\/wp\/v2\/users\/2"}],"replies":[{"embeddable":true,"href":"https:\/\/www.anovapeneira.gal\/index.php\/wp-json\/wp\/v2\/comments?post=14049"}],"version-history":[{"count":1,"href":"https:\/\/www.anovapeneira.gal\/index.php\/wp-json\/wp\/v2\/posts\/14049\/revisions"}],"predecessor-version":[{"id":14051,"href":"https:\/\/www.anovapeneira.gal\/index.php\/wp-json\/wp\/v2\/posts\/14049\/revisions\/14051"}],"wp:featuredmedia":[{"embeddable":true,"href":"https:\/\/www.anovapeneira.gal\/index.php\/wp-json\/wp\/v2\/media\/14050"}],"wp:attachment":[{"href":"https:\/\/www.anovapeneira.gal\/index.php\/wp-json\/wp\/v2\/media?parent=14049"}],"wp:term":[{"taxonomy":"category","embeddable":true,"href":"https:\/\/www.anovapeneira.gal\/index.php\/wp-json\/wp\/v2\/categories?post=14049"},{"taxonomy":"post_tag","embeddable":true,"href":"https:\/\/www.anovapeneira.gal\/index.php\/wp-json\/wp\/v2\/tags?post=14049"}],"curies":[{"name":"wp","href":"https:\/\/api.w.org\/{rel}","templated":true}]}}