{"id":14054,"date":"2025-06-16T10:00:01","date_gmt":"2025-06-16T08:00:01","guid":{"rendered":"https:\/\/www.anovapeneira.gal\/?p=14054"},"modified":"2025-06-13T04:58:23","modified_gmt":"2025-06-13T02:58:23","slug":"paco-ferreira-alcalde-de-gondomar-6","status":"publish","type":"post","link":"https:\/\/www.anovapeneira.gal\/index.php\/2025\/06\/16\/paco-ferreira-alcalde-de-gondomar-6\/","title":{"rendered":"Paco Ferreira, alcalde de Gondomar"},"content":{"rendered":"\n<p><strong>A primeira vez que entrevistei a Paco Ferreira non estou seguro se foi a finais do ano 2014 ou a principios do 2015.Pero si lembro con certeza que el acababa de asumir o liderado do PSOE local, que nese momento estaba reducido \u00e1 s\u00faa m\u00ednima expresi\u00f3n, lastrado por graves casos de corrupci\u00f3n. Falo de memoria e non quixera equivocarme, pero creo que nese momento os socialistas s\u00f3 dispu\u00f1an de dous asentos na corporaci\u00f3n desta localidade do Val Mi\u00f1or.<\/strong><\/p>\n\n\n\n<p><strong>Daquela entrevista, que fixemos tomando unha ca\u00f1a no local que hoxe \u00e9 o fermoso restaurante O Cuco, a car\u00f3n do Concello, recordo que me chamara a atenci\u00f3n o enorme entusiasmo que desprend\u00eda Paco, e o seu convencemento de que o seu proxecto pol\u00edtico \u00eda gobernar Gondomar. Contra todo progn\u00f3stico, desde logo eu non pensaba que fose as\u00ed, o PSOE conseguiu gobernar no ano 2015. E unha d\u00e9cada despois Paco Ferreira segue gozando da confianza da maior\u00eda da sociedade local. Seguro que nestes 10 anos fixo cousas mal, cousas ben tam\u00e9n, pero segue cham\u00e1ndome a atenci\u00f3n que 10 anos despois o entusiasmo que amosa o alcalde de Gondomar segue a ser o mesmo que ti\u00f1a cando era un rec\u00e9n chegado que parec\u00eda imposible que chegase a ser alcalde tan pronto.<\/strong><\/p>\n\n\n\n<p>\u201c <strong>A transformaci\u00f3n en positivo de Gondomar nesta d\u00e9cada \u00e9 obxectivamente incuestionable\u201d<\/strong><\/p>\n\n\n\n<p><strong>Na \u00faltima gala da Peneira d\u00e9moslle un premio ao Concello de Gondomar, que recolliches ti. Non o vexo polo teu despacho?<\/strong><\/p>\n\n\n\n<blockquote class=\"wp-block-quote is-layout-flow wp-block-quote-is-layout-flow\">\n<p>Non o ves porque est\u00e1 nas dependencias de cultura. Al\u00ed o puxemos con enorme gratitude e absoluto respecto. Se por algo se caracteriza o voso medio \u00e9 pola defensa da cultura galega, polo tanto entendemos que esas dependencias eran as m\u00e1is adecuadas para amosar un reco\u00f1ecemento que non \u00e9 para min, sen\u00f3n para o conxunto do pobo de Gondomar.<\/p>\n<\/blockquote>\n\n\n\n<p><strong>Estamos no ecuador do teu terceiro mandato. O primeiro foi moi complicado desde o punto de vista aritm\u00e9tico ,o segundo foi pl\u00e1cido, ti\u00f1as maior\u00eda absoluta. No mandato actual non conservaches por pouco a maior\u00eda absoluta, pero te\u00f1o a sensaci\u00f3n de que en realidade si que a tes, pois dous concelleiros da oposici\u00f3n: Roc\u00edo Cambra de Manifesto, e \u00c1ngel P\u00e9rez do PP, parecen dous concelleiros m\u00e1is do goberno. C\u00f3ntame que pasou?<\/strong><\/p>\n\n\n\n<blockquote class=\"wp-block-quote is-layout-flow wp-block-quote-is-layout-flow\">\n<p>Maior\u00eda absoluta non temos. A maior\u00eda absoluta son 9 actas e n\u00f3s temos 8.Pero si que \u00e9 certo que no pleno hai dous concelleiros non adscritos, que libre e voluntariamente decidiron apoiar o que a s\u00faa conciencia lles dite que \u00e9 bo para Gondomar. E iso facilita a acci\u00f3n de goberno, desde logo. C\u00f3nstame que o feito de pasarse a non adscritos veu dado para non ter que votar cousas que van contra a s\u00faa conciencia por ser contrarias ao interese xeral da veci\u00f1anza de Gondomar.<\/p>\n<\/blockquote>\n\n\n\n<p><strong>Por exemplo?<\/strong><\/p>\n\n\n\n<blockquote class=\"wp-block-quote is-layout-flow wp-block-quote-is-layout-flow\">\n<p>O asunto do servizo de auga e saneamento, que foi 5 veces a pleno e 5 veces foi desbotado. Votar en contra dese asunto non \u00e9 entendible para quen de verdade queira o ben com\u00fan da veci\u00f1anza.<\/p>\n<\/blockquote>\n\n\n\n<p><strong>O paso a non adscritos desas d\u00faas persoas busc\u00e1chelo ti?<\/strong><\/p>\n\n\n\n<blockquote class=\"wp-block-quote is-layout-flow wp-block-quote-is-layout-flow\">\n<p>Non, de ningunha maneira. Xurdiu. Eu non fixen nada para que se dera. Te\u00f1o un respecto absoluto pola liberdade individual de todas as persoas para que fagan o que estimen oportuno. De feito ning\u00fan dos dous ten ning\u00fan tipo de cargo, e ning\u00fan dos dous est\u00e1 no goberno.<\/p>\n<\/blockquote>\n\n\n\n<blockquote class=\"wp-block-quote is-layout-flow wp-block-quote-is-layout-flow\">\n<p>O \u00fanico que fixemos \u00e9 meter na Mancomunidade do Val Mi\u00f1or a Roc\u00edo Cambra en lugar de Antonio Arauxo, a petici\u00f3n dela pois entend\u00eda que ti\u00f1a dereito a estar os dous anos que faltan de mandato.<\/p>\n<\/blockquote>\n\n\n\n<p><strong>Ese cambio molestou moito ao BNG. Molestouse con raz\u00f3n?<\/strong><\/p>\n\n\n\n<blockquote class=\"wp-block-quote is-layout-flow wp-block-quote-is-layout-flow\">\n<p>Son consciente,si. Pero eu entendo que se molestaron sen raz\u00f3n. Non \u00e9 ning\u00fan premio que se lle dera a Roc\u00edo por pasarse a non adscrita. Se estar na Mancomunidade non sup\u00f3n ning\u00fan tipo de remuneraci\u00f3n\u00a1\u00a1<\/p>\n<\/blockquote>\n\n\n\n<p><strong>Ent\u00f3n cal foi o motivo?<\/strong><\/p>\n\n\n\n<blockquote class=\"wp-block-quote is-layout-flow wp-block-quote-is-layout-flow\">\n<p>En Manifesto Mi\u00f1or eran dous concelleiros, Arauxo e Roc\u00edo. Antonio Arauxo estivo na Mancomunidade os dous primeiros anos, e ela entend\u00eda que o xusto \u00e9 que ela estivese os dous \u00faltimos, e a min pareceume razoable.<\/p>\n<\/blockquote>\n\n\n\n<p><strong>Como funciona a Mancomunidade ao teu xu\u00edzo?<\/strong><\/p>\n\n\n\n<blockquote class=\"wp-block-quote is-layout-flow wp-block-quote-is-layout-flow\">\n<p>Eu penso que deber\u00eda de funcionar mellor. Precisa dunha modificaci\u00f3n importante nos seus estatutos, que xa te\u00f1en moitos anos. \u00c9 preciso apostar con firmeza pola Mancomunidade. Necesitamos unir servizos e darlle m\u00e1is corpo e solvencia. Se non facemos unha Mancomunidade moi forte, non ten raz\u00f3n de ser. A Mancomunidade hai que reformulala e fortalecela.<\/p>\n<\/blockquote>\n\n\n\n<p><strong>Cales foron as principais actuaci\u00f3ns do teu goberno na primeira metade do mandato?<\/strong><\/p>\n\n\n\n<blockquote class=\"wp-block-quote is-layout-flow wp-block-quote-is-layout-flow\">\n<p>Fundamentalmente darlle continuidade ao proxecto integral de transformaci\u00f3n de Gondomar que comezamos no ano 2015.<\/p>\n<\/blockquote>\n\n\n\n<p><strong>Cando dis\u201d proxecto integral\u201d a que te refires?<\/strong><\/p>\n\n\n\n<blockquote class=\"wp-block-quote is-layout-flow wp-block-quote-is-layout-flow\">\n<p>Ref\u00edrome \u00e1 integridade do noso Concello, aos 75 quil\u00f3metros cadrados que ten Gondomar,que \u00e9 m\u00e1is grande que Baiona e que Nigr\u00e1n xuntos. Levamos nestes 10 anos unha infinidade de actuaci\u00f3ns no centro e en todas as parroquias. E fix\u00e9molo as\u00ed porque, con toda a humildade, creo que xestionamos ben os recursos que temos, e podo asegurar con rotundidade que nos rompemos a cabeza en grao superlativo para buscar e poder captar todo tipo de axudas e subvenci\u00f3ns \u00e1s que poidamos optar.<\/p>\n<\/blockquote>\n\n\n\n<p><strong>Dime algunha actuaci\u00f3n que se fixera, ou que se estea a facer nestes dous anos?<\/strong><\/p>\n\n\n\n<blockquote class=\"wp-block-quote is-layout-flow wp-block-quote-is-layout-flow\">\n<p>Pois falando de memoria e sen consultar nada podo mencionar as actuaci\u00f3ns de: A Barga e a Estrada, ambas na parroquia de Donas, San Cibr\u00e1n tam\u00e9n en Donas, Texosa e Font\u00e1n en Ma\u00f1ufe, Brandufe en Vincios, G\u00e1ndara en Peitieiros, a igrexa de Cha\u00edn, a recuperaci\u00f3n da Pedra en Morgad\u00e1ns, unha obra de 600.000\u20ac, fixemos unha aposta inmensa por mellorar as instalaci\u00f3ns deportivas, investimos tam\u00e9n medio mill\u00f3n no campo de f\u00fatbol das Gaiandas&#8230;<\/p>\n<\/blockquote>\n\n\n\n<p><strong>\u00cdache preguntar agora se tes desatendidas \u00e1s parroquias<\/strong><\/p>\n\n\n\n<blockquote class=\"wp-block-quote is-layout-flow wp-block-quote-is-layout-flow\">\n<p>Ben, como xa che dixen nalgunha ocasi\u00f3n, eu entendo que a oposici\u00f3n ten que facer oposici\u00f3n, pero a realidade dos feitos desminte rotundamente esa acusaci\u00f3n.<\/p>\n<\/blockquote>\n\n\n\n<p><strong>No campo das Gaiandas caera un muro no mes de abril. Por que se produciu ese incidente? E en que situaci\u00f3n estamos agora?<\/strong><\/p>\n\n\n\n<blockquote class=\"wp-block-quote is-layout-flow wp-block-quote-is-layout-flow\">\n<p>Ao final dunha grada, constru\u00edda hai arredor de 40 anos, hab\u00eda un pequeno muro de 65 cent\u00edmetros de alto, aparentemente estaba ben. Nun partido un grupo grande de persoas celebraron un gol apoi\u00e1ndose no muro e cedeu, co que os rapaces caeron.<\/p>\n<\/blockquote>\n\n\n\n<blockquote class=\"wp-block-quote is-layout-flow wp-block-quote-is-layout-flow\">\n<p>Houbo 5 feridos dos que s\u00f3 un foi trasladado a un hospital,D\u00e9ronlle pronto de alta cun lategazo cervical. Afortunadamente todo quedou nun susto.<\/p>\n<\/blockquote>\n\n\n\n<blockquote class=\"wp-block-quote is-layout-flow wp-block-quote-is-layout-flow\">\n<p>Agora estamos a facer un valado met\u00e1lico para evitar que volva acontecer nada parecido. Temos as instalaci\u00f3ns pechadas ata que non te\u00f1amos a certeza completa da s\u00faa absoluta seguridade.<\/p>\n<\/blockquote>\n\n\n\n<p><strong>Cando prev\u00e9s que o campo poida estar listo para o seu uso?<\/strong><\/p>\n\n\n\n<blockquote class=\"wp-block-quote is-layout-flow wp-block-quote-is-layout-flow\">\n<p>Eu conto con que para os torneos de ver\u00e1n xa estea.<\/p>\n<\/blockquote>\n\n\n\n<p><strong>A recuperaci\u00f3n da zona da igrexa de Donas fin\u00e1nciaa a DEPO?<\/strong><\/p>\n\n\n\n<blockquote class=\"wp-block-quote is-layout-flow wp-block-quote-is-layout-flow\">\n<p>Si.<\/p>\n<\/blockquote>\n\n\n\n<p><strong>Custou moito conseguir ese financiamento?<\/strong><\/p>\n\n\n\n<blockquote class=\"wp-block-quote is-layout-flow wp-block-quote-is-layout-flow\">\n<p>Non, a verdade \u00e9 que non.<\/p>\n<\/blockquote>\n\n\n\n<p><strong>En que situaci\u00f3n est\u00e1 a casa Peralba?<\/strong><\/p>\n\n\n\n<blockquote class=\"wp-block-quote is-layout-flow wp-block-quote-is-layout-flow\">\n<p>Temos un proxecto moi importante para recuperala e pola ao servizo da cidadan\u00eda, que se vai case aos 2.000.000 de \u20ac.\u00c9 necesario conseguir unha li\u00f1a de subvenci\u00f3n que a financie. Present\u00e1monos a un proxecto do Ministerio de Cultura para facer unha biblioteca e de entrada non obtivemos a subvenci\u00f3n. Seguiremos intent\u00e1ndoo ata conseguilo.<\/p>\n<\/blockquote>\n\n\n\n<p><strong>Que pasa coa gali\u00f1a azul?<\/strong><\/p>\n\n\n\n<blockquote class=\"wp-block-quote is-layout-flow wp-block-quote-is-layout-flow\">\n<p>En principio que a s\u00faa localizaci\u00f3n non \u00e9 a m\u00e1is adecuada. Necesitamos ampliala, non podemos permitir que ning\u00fan neno quede f\u00f3ra por falta de praza. E no sitio no que est\u00e1 non se pode ampliar. A idea \u00e9 facer outra garder\u00eda en Vincios, na Pasaxe. E nesa lideira ando agora coa Xunta. En calquera caso n\u00f3s seguimos atendendo a nosa responsabilidade, como non pod\u00eda ser doutro modo, coa Gali\u00f1a:Compramos lavadora, secadora, puxemos os toldos, cambiamos o valado do parque&#8230;<\/p>\n<\/blockquote>\n\n\n\n<p><strong>O estado do pol\u00edgono da Pasaxe?<\/strong><\/p>\n\n\n\n<blockquote class=\"wp-block-quote is-layout-flow wp-block-quote-is-layout-flow\">\n<p>Eu te\u00f1o a firme convicci\u00f3n de que a fase 1 do pol\u00edgono da Pasaxe queda rematada neste mandato. As obras xa levan 5 meses e avanzan a moi bo ritmo. Agardo acabar o mandato coa fase 1 rematada, e coa fase 2 xa en marcha.<\/p>\n<\/blockquote>\n\n\n\n<p><strong>Ese tema custou moit\u00edsimo alcalde?<\/strong><\/p>\n\n\n\n<blockquote class=\"wp-block-quote is-layout-flow wp-block-quote-is-layout-flow\">\n<p>\u00c9 que non o podes imaxinar, Tino. Custoume horas de sono,atrancos constantes e preocupaci\u00f3ns permanentes. Pero agora parece que xa estamos no cami\u00f1o correcto. Este goberno pelexou unha enormidade para resolver un problema hist\u00f3rico no noso Concello. E te\u00f1o que reco\u00f1ecer que, cando me toque marchar, poder irme coa Pasaxe completamente arranxada e regularizada vai ser un orgullo e unha satisfacci\u00f3n de tal dimensi\u00f3n que non se pode cuantificar.<\/p>\n<\/blockquote>\n\n\n\n<p><strong>Xa se comezaron a pasar as cotas aos propietarios?<\/strong><\/p>\n\n\n\n<blockquote class=\"wp-block-quote is-layout-flow wp-block-quote-is-layout-flow\">\n<p>Por primeira vez en maio deste ano, si.<\/p>\n<\/blockquote>\n\n\n\n<p><strong>A Xunta destina fondos \u00e1 Pasaxe?<\/strong><\/p>\n\n\n\n<blockquote class=\"wp-block-quote is-layout-flow wp-block-quote-is-layout-flow\">\n<p>Eso \u00e9 o que pedimos tanto o Concello como os empresarios. O Concello de Gondomar vai p\u00f3r, sempre que os t\u00e9cnicos municipais o permitan, 1 mill\u00f3n de \u20ac.E pedimos que a Xunta saiba estar \u00e1 altura.<\/p>\n<\/blockquote>\n\n\n\n<p><strong>Pero sempre que estivemos en per\u00edodo electoral, primeiro Feijoo e logo Rueda promet\u00edan un feixe de cartos para o pol\u00edgono da Pasaxe?<\/strong><\/p>\n\n\n\n<blockquote class=\"wp-block-quote is-layout-flow wp-block-quote-is-layout-flow\">\n<p>Si, \u00e9 as\u00ed. Pero de momento s\u00f3 quedaron en promesas. A Xunta ten que cumprir o seu compromiso de afrontar o sobrecuste das obras. A ra\u00edz da guerra de Ucra\u00edna o custe desta obra incrementouse unha enormidade.<\/p>\n<\/blockquote>\n\n\n\n<p><strong>O PXOM non parece que estea en v\u00edas de soluci\u00f3n, como si parece estar a Pasaxe?<\/strong><\/p>\n\n\n\n<blockquote class=\"wp-block-quote is-layout-flow wp-block-quote-is-layout-flow\">\n<p>Pois eu creo que tam\u00e9n est\u00e1 en v\u00edas de soluci\u00f3n. Como sabes a n\u00f3s non nos quedou outra que empezar de novo, con informe de avaliaci\u00f3n ambiental inclu\u00eddo. Eso implicaba moito tempo e moitas cuesti\u00f3ns que resolver. O \u00faltimo que chegou foi o informe de Costas, a finais de setembro do ano pasado. N\u00f3s negociamos coa Conseller\u00eda irlles mandando o noso PXOM e eles nolo devolv\u00edan coas modificaci\u00f3ns que consideraban, unha cantidade moi elevada. E n\u00f3s \u00edamos adaptando o noso PXOM \u00e1s modificaci\u00f3ns que a Xunta nos demandaba.<\/p>\n<\/blockquote>\n\n\n\n<blockquote class=\"wp-block-quote is-layout-flow wp-block-quote-is-layout-flow\">\n<p>Fixemos todas as modificaci\u00f3ns que nos ped\u00edan. Agora mesmo te\u00f1o un equipo de traballo que est\u00e1 constantemente niso. Estamos dedicando arredor dun mes para cada parroquia. A idea \u00e9 que a finais deste ano, ou como moito a primeiros do 26, o poidamos aprobar inicialmente.<\/p>\n<\/blockquote>\n\n\n\n<blockquote class=\"wp-block-quote is-layout-flow wp-block-quote-is-layout-flow\">\n<p>Gondomar ten que ter PXOM e eu aseguro que o vai ter.<\/p>\n<\/blockquote>\n\n\n\n<p><strong>Quedan dous anos para o pr\u00f3ximo proceso electoral, non sei se procede a pregunta de que pensas facer ti, porque v\u00e9xote tan animado que case dou por feito que volver\u00e1s ser o candidato do partido socialista?<\/strong><\/p>\n\n\n\n<blockquote class=\"wp-block-quote is-layout-flow wp-block-quote-is-layout-flow\">\n<p>Ben, o candidato do PSOE ser\u00e1 quen queira o conxunto da militancia socialista de Gondomar. Eu s\u00f3 podo dicir que ser alcalde do meu pobo \u00e9 unha honra para min, nunca poderei pagar o inmenso caudal de confianza que recibo da veci\u00f1anza de Gondomar, e que a alcald\u00eda de Gondomar colma as mi\u00f1as aspiraci\u00f3ns pol\u00edticas. Temos feito moitas cousas, a transformaci\u00f3n en positivo de Gondomar nesta d\u00e9cada \u00e9 obxectivamente incuestionable, e a\u00ednda quedan moitas outras por facer. Eu te\u00f1o toneladas de ilusi\u00f3n en continuar servindo ao meu pobo.<\/p>\n<\/blockquote>\n","protected":false},"excerpt":{"rendered":"<div class=\"mh-excerpt\"><p>A primeira vez que entrevistei a Paco Ferreira non estou seguro se foi a finais do ano 2014 ou a principios do 2015.Pero si lembro con certeza que el acababa de asumir o liderado do PSOE local, que nese momento estaba reducido \u00e1 s\u00faa m\u00ednima expresi\u00f3n, lastrado por graves casos de corrupci\u00f3n <a class=\"mh-excerpt-more\" href=\"https:\/\/www.anovapeneira.gal\/index.php\/2025\/06\/16\/paco-ferreira-alcalde-de-gondomar-6\/\" title=\"Paco Ferreira, alcalde de Gondomar\">[&#8230;]<\/a><\/p>\n<\/div>","protected":false},"author":2,"featured_media":14055,"comment_status":"open","ping_status":"open","sticky":false,"template":"","format":"standard","meta":{"_exactmetrics_skip_tracking":false,"_exactmetrics_sitenote_active":false,"_exactmetrics_sitenote_note":"","_exactmetrics_sitenote_category":0,"footnotes":""},"categories":[271],"tags":[149],"class_list":{"0":"post-14054","1":"post","2":"type-post","3":"status-publish","4":"format-standard","5":"has-post-thumbnail","7":"category-val-minor-entrevistas","8":"tag-concello-de-gondomar"},"yoast_head":"<!-- This site is optimized with the Yoast SEO plugin v27.4 - https:\/\/yoast.com\/product\/yoast-seo-wordpress\/ -->\n<title>Paco Ferreira, alcalde de Gondomar -<\/title>\n<meta name=\"robots\" content=\"index, follow, max-snippet:-1, max-image-preview:large, max-video-preview:-1\" \/>\n<link rel=\"canonical\" href=\"https:\/\/www.anovapeneira.gal\/index.php\/2025\/06\/16\/paco-ferreira-alcalde-de-gondomar-6\/\" \/>\n<meta property=\"og:locale\" content=\"gl_ES\" \/>\n<meta property=\"og:type\" content=\"article\" \/>\n<meta property=\"og:title\" content=\"Paco Ferreira, alcalde de Gondomar -\" \/>\n<meta property=\"og:description\" content=\"A primeira vez que entrevistei a Paco Ferreira non estou seguro se foi a finais do ano 2014 ou a principios do 2015.Pero si lembro con certeza que el acababa de asumir o liderado do PSOE local, que nese momento estaba reducido \u00e1 s\u00faa m\u00ednima expresi\u00f3n, lastrado por graves casos de corrupci\u00f3n [...]\" \/>\n<meta property=\"og:url\" content=\"https:\/\/www.anovapeneira.gal\/index.php\/2025\/06\/16\/paco-ferreira-alcalde-de-gondomar-6\/\" \/>\n<meta property=\"article:publisher\" content=\"https:\/\/www.facebook.com\/anovapeneira\" \/>\n<meta property=\"article:published_time\" content=\"2025-06-16T08:00:01+00:00\" \/>\n<meta property=\"og:image\" content=\"https:\/\/www.anovapeneira.gal\/wp-content\/uploads\/2025\/06\/paco_ferreira.jpg\" \/>\n\t<meta property=\"og:image:width\" content=\"720\" \/>\n\t<meta property=\"og:image:height\" content=\"432\" \/>\n\t<meta property=\"og:image:type\" content=\"image\/jpeg\" \/>\n<meta name=\"author\" content=\"Tino Lago\" \/>\n<meta name=\"twitter:card\" content=\"summary_large_image\" \/>\n<meta name=\"twitter:creator\" content=\"@APeneira\" \/>\n<meta name=\"twitter:site\" content=\"@APeneira\" \/>\n<meta name=\"twitter:label1\" content=\"Escrito por\" \/>\n\t<meta name=\"twitter:data1\" content=\"Tino Lago\" \/>\n\t<meta name=\"twitter:label2\" content=\"Tempo de lectura\" \/>\n\t<meta name=\"twitter:data2\" content=\"4 minutos\" \/>\n<script type=\"application\/ld+json\" class=\"yoast-schema-graph\">{\"@context\":\"https:\\\/\\\/schema.org\",\"@graph\":[{\"@type\":\"Article\",\"@id\":\"https:\\\/\\\/www.anovapeneira.gal\\\/index.php\\\/2025\\\/06\\\/16\\\/paco-ferreira-alcalde-de-gondomar-6\\\/#article\",\"isPartOf\":{\"@id\":\"https:\\\/\\\/www.anovapeneira.gal\\\/index.php\\\/2025\\\/06\\\/16\\\/paco-ferreira-alcalde-de-gondomar-6\\\/\"},\"author\":{\"name\":\"Tino Lago\",\"@id\":\"https:\\\/\\\/www.anovapeneira.gal\\\/#\\\/schema\\\/person\\\/424dfe65e3070fd8a44d22d2c088762a\"},\"headline\":\"Paco Ferreira, alcalde de Gondomar\",\"datePublished\":\"2025-06-16T08:00:01+00:00\",\"mainEntityOfPage\":{\"@id\":\"https:\\\/\\\/www.anovapeneira.gal\\\/index.php\\\/2025\\\/06\\\/16\\\/paco-ferreira-alcalde-de-gondomar-6\\\/\"},\"wordCount\":1954,\"commentCount\":0,\"publisher\":{\"@id\":\"https:\\\/\\\/www.anovapeneira.gal\\\/#organization\"},\"image\":{\"@id\":\"https:\\\/\\\/www.anovapeneira.gal\\\/index.php\\\/2025\\\/06\\\/16\\\/paco-ferreira-alcalde-de-gondomar-6\\\/#primaryimage\"},\"thumbnailUrl\":\"https:\\\/\\\/www.anovapeneira.gal\\\/wp-content\\\/uploads\\\/2025\\\/06\\\/paco_ferreira.jpg\",\"keywords\":[\"Concello de Gondomar\"],\"articleSection\":[\"Val Mi\u00f1or\"],\"inLanguage\":\"gl-ES\",\"potentialAction\":[{\"@type\":\"CommentAction\",\"name\":\"Comment\",\"target\":[\"https:\\\/\\\/www.anovapeneira.gal\\\/index.php\\\/2025\\\/06\\\/16\\\/paco-ferreira-alcalde-de-gondomar-6\\\/#respond\"]}]},{\"@type\":\"WebPage\",\"@id\":\"https:\\\/\\\/www.anovapeneira.gal\\\/index.php\\\/2025\\\/06\\\/16\\\/paco-ferreira-alcalde-de-gondomar-6\\\/\",\"url\":\"https:\\\/\\\/www.anovapeneira.gal\\\/index.php\\\/2025\\\/06\\\/16\\\/paco-ferreira-alcalde-de-gondomar-6\\\/\",\"name\":\"Paco Ferreira, alcalde de Gondomar -\",\"isPartOf\":{\"@id\":\"https:\\\/\\\/www.anovapeneira.gal\\\/#website\"},\"primaryImageOfPage\":{\"@id\":\"https:\\\/\\\/www.anovapeneira.gal\\\/index.php\\\/2025\\\/06\\\/16\\\/paco-ferreira-alcalde-de-gondomar-6\\\/#primaryimage\"},\"image\":{\"@id\":\"https:\\\/\\\/www.anovapeneira.gal\\\/index.php\\\/2025\\\/06\\\/16\\\/paco-ferreira-alcalde-de-gondomar-6\\\/#primaryimage\"},\"thumbnailUrl\":\"https:\\\/\\\/www.anovapeneira.gal\\\/wp-content\\\/uploads\\\/2025\\\/06\\\/paco_ferreira.jpg\",\"datePublished\":\"2025-06-16T08:00:01+00:00\",\"breadcrumb\":{\"@id\":\"https:\\\/\\\/www.anovapeneira.gal\\\/index.php\\\/2025\\\/06\\\/16\\\/paco-ferreira-alcalde-de-gondomar-6\\\/#breadcrumb\"},\"inLanguage\":\"gl-ES\",\"potentialAction\":[{\"@type\":\"ReadAction\",\"target\":[\"https:\\\/\\\/www.anovapeneira.gal\\\/index.php\\\/2025\\\/06\\\/16\\\/paco-ferreira-alcalde-de-gondomar-6\\\/\"]}]},{\"@type\":\"ImageObject\",\"inLanguage\":\"gl-ES\",\"@id\":\"https:\\\/\\\/www.anovapeneira.gal\\\/index.php\\\/2025\\\/06\\\/16\\\/paco-ferreira-alcalde-de-gondomar-6\\\/#primaryimage\",\"url\":\"https:\\\/\\\/www.anovapeneira.gal\\\/wp-content\\\/uploads\\\/2025\\\/06\\\/paco_ferreira.jpg\",\"contentUrl\":\"https:\\\/\\\/www.anovapeneira.gal\\\/wp-content\\\/uploads\\\/2025\\\/06\\\/paco_ferreira.jpg\",\"width\":720,\"height\":432},{\"@type\":\"BreadcrumbList\",\"@id\":\"https:\\\/\\\/www.anovapeneira.gal\\\/index.php\\\/2025\\\/06\\\/16\\\/paco-ferreira-alcalde-de-gondomar-6\\\/#breadcrumb\",\"itemListElement\":[{\"@type\":\"ListItem\",\"position\":1,\"name\":\"Portada\",\"item\":\"https:\\\/\\\/www.anovapeneira.gal\\\/\"},{\"@type\":\"ListItem\",\"position\":2,\"name\":\"Paco Ferreira, alcalde de Gondomar\"}]},{\"@type\":\"WebSite\",\"@id\":\"https:\\\/\\\/www.anovapeneira.gal\\\/#website\",\"url\":\"https:\\\/\\\/www.anovapeneira.gal\\\/\",\"name\":\"\",\"description\":\"Xornal galego de informaci\u00f3n xeral Publicaci\u00f3n mensual de novas de Galicia e en especial dos Concellos da sur da provincia de Pontevedra.\",\"publisher\":{\"@id\":\"https:\\\/\\\/www.anovapeneira.gal\\\/#organization\"},\"potentialAction\":[{\"@type\":\"SearchAction\",\"target\":{\"@type\":\"EntryPoint\",\"urlTemplate\":\"https:\\\/\\\/www.anovapeneira.gal\\\/?s={search_term_string}\"},\"query-input\":{\"@type\":\"PropertyValueSpecification\",\"valueRequired\":true,\"valueName\":\"search_term_string\"}}],\"inLanguage\":\"gl-ES\"},{\"@type\":\"Organization\",\"@id\":\"https:\\\/\\\/www.anovapeneira.gal\\\/#organization\",\"name\":\"A Nova Peneira\",\"url\":\"https:\\\/\\\/www.anovapeneira.gal\\\/\",\"logo\":{\"@type\":\"ImageObject\",\"inLanguage\":\"gl-ES\",\"@id\":\"https:\\\/\\\/www.anovapeneira.gal\\\/#\\\/schema\\\/logo\\\/image\\\/\",\"url\":\"http:\\\/\\\/www.anovapeneira.gal\\\/wp-content\\\/uploads\\\/2019\\\/06\\\/logo_a_nova_peneira_portal_web.png\",\"contentUrl\":\"http:\\\/\\\/www.anovapeneira.gal\\\/wp-content\\\/uploads\\\/2019\\\/06\\\/logo_a_nova_peneira_portal_web.png\",\"width\":300,\"height\":100,\"caption\":\"A Nova Peneira\"},\"image\":{\"@id\":\"https:\\\/\\\/www.anovapeneira.gal\\\/#\\\/schema\\\/logo\\\/image\\\/\"},\"sameAs\":[\"https:\\\/\\\/www.facebook.com\\\/anovapeneira\",\"https:\\\/\\\/x.com\\\/APeneira\"]},{\"@type\":\"Person\",\"@id\":\"https:\\\/\\\/www.anovapeneira.gal\\\/#\\\/schema\\\/person\\\/424dfe65e3070fd8a44d22d2c088762a\",\"name\":\"Tino Lago\",\"image\":{\"@type\":\"ImageObject\",\"inLanguage\":\"gl-ES\",\"@id\":\"https:\\\/\\\/secure.gravatar.com\\\/avatar\\\/b3df6a06e44bab3111583b90f0f33a0379ee5e3d22cbadd232d39f21c30c62be?s=96&d=mm&r=g\",\"url\":\"https:\\\/\\\/secure.gravatar.com\\\/avatar\\\/b3df6a06e44bab3111583b90f0f33a0379ee5e3d22cbadd232d39f21c30c62be?s=96&d=mm&r=g\",\"contentUrl\":\"https:\\\/\\\/secure.gravatar.com\\\/avatar\\\/b3df6a06e44bab3111583b90f0f33a0379ee5e3d22cbadd232d39f21c30c62be?s=96&d=mm&r=g\",\"caption\":\"Tino Lago\"},\"sameAs\":[\"http:\\\/\\\/www.anovapeneira.gal\"],\"url\":\"https:\\\/\\\/www.anovapeneira.gal\\\/index.php\\\/author\\\/director\\\/\"}]}<\/script>\n<!-- \/ Yoast SEO plugin. -->","yoast_head_json":{"title":"Paco Ferreira, alcalde de Gondomar -","robots":{"index":"index","follow":"follow","max-snippet":"max-snippet:-1","max-image-preview":"max-image-preview:large","max-video-preview":"max-video-preview:-1"},"canonical":"https:\/\/www.anovapeneira.gal\/index.php\/2025\/06\/16\/paco-ferreira-alcalde-de-gondomar-6\/","og_locale":"gl_ES","og_type":"article","og_title":"Paco Ferreira, alcalde de Gondomar -","og_description":"A primeira vez que entrevistei a Paco Ferreira non estou seguro se foi a finais do ano 2014 ou a principios do 2015.Pero si lembro con certeza que el acababa de asumir o liderado do PSOE local, que nese momento estaba reducido \u00e1 s\u00faa m\u00ednima expresi\u00f3n, lastrado por graves casos de corrupci\u00f3n [...]","og_url":"https:\/\/www.anovapeneira.gal\/index.php\/2025\/06\/16\/paco-ferreira-alcalde-de-gondomar-6\/","article_publisher":"https:\/\/www.facebook.com\/anovapeneira","article_published_time":"2025-06-16T08:00:01+00:00","og_image":[{"width":720,"height":432,"url":"https:\/\/www.anovapeneira.gal\/wp-content\/uploads\/2025\/06\/paco_ferreira.jpg","type":"image\/jpeg"}],"author":"Tino Lago","twitter_card":"summary_large_image","twitter_creator":"@APeneira","twitter_site":"@APeneira","twitter_misc":{"Escrito por":"Tino Lago","Tempo de lectura":"4 minutos"},"schema":{"@context":"https:\/\/schema.org","@graph":[{"@type":"Article","@id":"https:\/\/www.anovapeneira.gal\/index.php\/2025\/06\/16\/paco-ferreira-alcalde-de-gondomar-6\/#article","isPartOf":{"@id":"https:\/\/www.anovapeneira.gal\/index.php\/2025\/06\/16\/paco-ferreira-alcalde-de-gondomar-6\/"},"author":{"name":"Tino Lago","@id":"https:\/\/www.anovapeneira.gal\/#\/schema\/person\/424dfe65e3070fd8a44d22d2c088762a"},"headline":"Paco Ferreira, alcalde de Gondomar","datePublished":"2025-06-16T08:00:01+00:00","mainEntityOfPage":{"@id":"https:\/\/www.anovapeneira.gal\/index.php\/2025\/06\/16\/paco-ferreira-alcalde-de-gondomar-6\/"},"wordCount":1954,"commentCount":0,"publisher":{"@id":"https:\/\/www.anovapeneira.gal\/#organization"},"image":{"@id":"https:\/\/www.anovapeneira.gal\/index.php\/2025\/06\/16\/paco-ferreira-alcalde-de-gondomar-6\/#primaryimage"},"thumbnailUrl":"https:\/\/www.anovapeneira.gal\/wp-content\/uploads\/2025\/06\/paco_ferreira.jpg","keywords":["Concello de Gondomar"],"articleSection":["Val Mi\u00f1or"],"inLanguage":"gl-ES","potentialAction":[{"@type":"CommentAction","name":"Comment","target":["https:\/\/www.anovapeneira.gal\/index.php\/2025\/06\/16\/paco-ferreira-alcalde-de-gondomar-6\/#respond"]}]},{"@type":"WebPage","@id":"https:\/\/www.anovapeneira.gal\/index.php\/2025\/06\/16\/paco-ferreira-alcalde-de-gondomar-6\/","url":"https:\/\/www.anovapeneira.gal\/index.php\/2025\/06\/16\/paco-ferreira-alcalde-de-gondomar-6\/","name":"Paco Ferreira, alcalde de Gondomar -","isPartOf":{"@id":"https:\/\/www.anovapeneira.gal\/#website"},"primaryImageOfPage":{"@id":"https:\/\/www.anovapeneira.gal\/index.php\/2025\/06\/16\/paco-ferreira-alcalde-de-gondomar-6\/#primaryimage"},"image":{"@id":"https:\/\/www.anovapeneira.gal\/index.php\/2025\/06\/16\/paco-ferreira-alcalde-de-gondomar-6\/#primaryimage"},"thumbnailUrl":"https:\/\/www.anovapeneira.gal\/wp-content\/uploads\/2025\/06\/paco_ferreira.jpg","datePublished":"2025-06-16T08:00:01+00:00","breadcrumb":{"@id":"https:\/\/www.anovapeneira.gal\/index.php\/2025\/06\/16\/paco-ferreira-alcalde-de-gondomar-6\/#breadcrumb"},"inLanguage":"gl-ES","potentialAction":[{"@type":"ReadAction","target":["https:\/\/www.anovapeneira.gal\/index.php\/2025\/06\/16\/paco-ferreira-alcalde-de-gondomar-6\/"]}]},{"@type":"ImageObject","inLanguage":"gl-ES","@id":"https:\/\/www.anovapeneira.gal\/index.php\/2025\/06\/16\/paco-ferreira-alcalde-de-gondomar-6\/#primaryimage","url":"https:\/\/www.anovapeneira.gal\/wp-content\/uploads\/2025\/06\/paco_ferreira.jpg","contentUrl":"https:\/\/www.anovapeneira.gal\/wp-content\/uploads\/2025\/06\/paco_ferreira.jpg","width":720,"height":432},{"@type":"BreadcrumbList","@id":"https:\/\/www.anovapeneira.gal\/index.php\/2025\/06\/16\/paco-ferreira-alcalde-de-gondomar-6\/#breadcrumb","itemListElement":[{"@type":"ListItem","position":1,"name":"Portada","item":"https:\/\/www.anovapeneira.gal\/"},{"@type":"ListItem","position":2,"name":"Paco Ferreira, alcalde de Gondomar"}]},{"@type":"WebSite","@id":"https:\/\/www.anovapeneira.gal\/#website","url":"https:\/\/www.anovapeneira.gal\/","name":"","description":"Xornal galego de informaci\u00f3n xeral Publicaci\u00f3n mensual de novas de Galicia e en especial dos Concellos da sur da provincia de Pontevedra.","publisher":{"@id":"https:\/\/www.anovapeneira.gal\/#organization"},"potentialAction":[{"@type":"SearchAction","target":{"@type":"EntryPoint","urlTemplate":"https:\/\/www.anovapeneira.gal\/?s={search_term_string}"},"query-input":{"@type":"PropertyValueSpecification","valueRequired":true,"valueName":"search_term_string"}}],"inLanguage":"gl-ES"},{"@type":"Organization","@id":"https:\/\/www.anovapeneira.gal\/#organization","name":"A Nova Peneira","url":"https:\/\/www.anovapeneira.gal\/","logo":{"@type":"ImageObject","inLanguage":"gl-ES","@id":"https:\/\/www.anovapeneira.gal\/#\/schema\/logo\/image\/","url":"http:\/\/www.anovapeneira.gal\/wp-content\/uploads\/2019\/06\/logo_a_nova_peneira_portal_web.png","contentUrl":"http:\/\/www.anovapeneira.gal\/wp-content\/uploads\/2019\/06\/logo_a_nova_peneira_portal_web.png","width":300,"height":100,"caption":"A Nova Peneira"},"image":{"@id":"https:\/\/www.anovapeneira.gal\/#\/schema\/logo\/image\/"},"sameAs":["https:\/\/www.facebook.com\/anovapeneira","https:\/\/x.com\/APeneira"]},{"@type":"Person","@id":"https:\/\/www.anovapeneira.gal\/#\/schema\/person\/424dfe65e3070fd8a44d22d2c088762a","name":"Tino Lago","image":{"@type":"ImageObject","inLanguage":"gl-ES","@id":"https:\/\/secure.gravatar.com\/avatar\/b3df6a06e44bab3111583b90f0f33a0379ee5e3d22cbadd232d39f21c30c62be?s=96&d=mm&r=g","url":"https:\/\/secure.gravatar.com\/avatar\/b3df6a06e44bab3111583b90f0f33a0379ee5e3d22cbadd232d39f21c30c62be?s=96&d=mm&r=g","contentUrl":"https:\/\/secure.gravatar.com\/avatar\/b3df6a06e44bab3111583b90f0f33a0379ee5e3d22cbadd232d39f21c30c62be?s=96&d=mm&r=g","caption":"Tino Lago"},"sameAs":["http:\/\/www.anovapeneira.gal"],"url":"https:\/\/www.anovapeneira.gal\/index.php\/author\/director\/"}]}},"jetpack_featured_media_url":"https:\/\/www.anovapeneira.gal\/wp-content\/uploads\/2025\/06\/paco_ferreira.jpg","_links":{"self":[{"href":"https:\/\/www.anovapeneira.gal\/index.php\/wp-json\/wp\/v2\/posts\/14054","targetHints":{"allow":["GET"]}}],"collection":[{"href":"https:\/\/www.anovapeneira.gal\/index.php\/wp-json\/wp\/v2\/posts"}],"about":[{"href":"https:\/\/www.anovapeneira.gal\/index.php\/wp-json\/wp\/v2\/types\/post"}],"author":[{"embeddable":true,"href":"https:\/\/www.anovapeneira.gal\/index.php\/wp-json\/wp\/v2\/users\/2"}],"replies":[{"embeddable":true,"href":"https:\/\/www.anovapeneira.gal\/index.php\/wp-json\/wp\/v2\/comments?post=14054"}],"version-history":[{"count":1,"href":"https:\/\/www.anovapeneira.gal\/index.php\/wp-json\/wp\/v2\/posts\/14054\/revisions"}],"predecessor-version":[{"id":14056,"href":"https:\/\/www.anovapeneira.gal\/index.php\/wp-json\/wp\/v2\/posts\/14054\/revisions\/14056"}],"wp:featuredmedia":[{"embeddable":true,"href":"https:\/\/www.anovapeneira.gal\/index.php\/wp-json\/wp\/v2\/media\/14055"}],"wp:attachment":[{"href":"https:\/\/www.anovapeneira.gal\/index.php\/wp-json\/wp\/v2\/media?parent=14054"}],"wp:term":[{"taxonomy":"category","embeddable":true,"href":"https:\/\/www.anovapeneira.gal\/index.php\/wp-json\/wp\/v2\/categories?post=14054"},{"taxonomy":"post_tag","embeddable":true,"href":"https:\/\/www.anovapeneira.gal\/index.php\/wp-json\/wp\/v2\/tags?post=14054"}],"curies":[{"name":"wp","href":"https:\/\/api.w.org\/{rel}","templated":true}]}}